{"id":968715,"date":"2018-02-13T09:28:27","date_gmt":"2018-02-13T09:28:27","guid":{"rendered":"http:\/\/www.eldigitaldeasturias.com\/noticias\/?p=968715"},"modified":"2018-02-13T09:28:27","modified_gmt":"2018-02-13T09:28:27","slug":"espana-asume-la-presidencia-del-comite-de-seguridad-de-la-osce","status":"publish","type":"post","link":"https:\/\/www.eldigitaldeasturias.com\/noticias\/espana-asume-la-presidencia-del-comite-de-seguridad-de-la-osce\/","title":{"rendered":"Espa\u00f1a asume la Presidencia del Comit\u00e9 de Seguridad de la OSCE"},"content":{"rendered":"<p><img loading=\"lazy\" decoding=\"async\" class=\"alignleft size-medium wp-image-954143\" src=\"https:\/\/www.eldigitaldeasturias.com\/noticias\/wp-content\/uploads\/2017\/09\/spain-379535_960_720-360x270.jpg\" alt=\"\" width=\"360\" height=\"270\" \/>Espa\u00f1a ha inaugurado su Presidencia del Comit\u00e9 de Seguridad de la Organizaci\u00f3n para la Seguridad y la Cooperaci\u00f3n en Europa (OSCE) que se extender\u00e1 a lo largo de 2018 bajo la Presidencia en Ejercicio italiana de la Organizaci\u00f3n.<\/p>\n<p>\u200bLa OSCE con sede en Viena es la mayor organizaci\u00f3n de seguridad regional del mundo, en la que est\u00e1n representados 57 Estados de Europa, Norte Am\u00e9rica y Asia. La OSCE aborda la seguridad de manera integral a trav\u00e9s de sus tres dimensiones: la Dimensi\u00f3n pol\u00edtico-militar y de seguridad; la Dimensi\u00f3n econ\u00f3mica y medioambiental; y la Dimensi\u00f3n humana. Los trabajos de cada una de las Dimensiones son guiados por un Comit\u00e9.<\/p>\n<p>Espa\u00f1a, que ya tuvo ocasi\u00f3n de presidir la OSCE en el a\u00f1o 2007, asumir\u00e1 ahora, por primera vez, la presidencia de uno de sus tres comit\u00e9s. Nuestro pa\u00eds dirigir\u00e1 los trabajos del Comit\u00e9 de Seguridad que se re\u00fane con una periodicidad mensual y en el que se preparan los documentos en materia de seguridad que se presentar\u00e1n como resoluciones a ser adoptadas por los ministros de exteriores de los 57 Estados participantes, en el Consejo Ministerial de final de a\u00f1o, previsto para el mes de diciembre en Mil\u00e1n.<\/p>\n<p>La prioridad principal de la Presidencia espa\u00f1ola del Comit\u00e9 de Seguridad de la OSCE ser\u00e1 la lucha contra los tr\u00e1ficos il\u00edcitos y su vinculaci\u00f3n con el crimen organizado y el terrorismo. En este marco, se abordar\u00e1n el tr\u00e1fico de seres humanos, armas, drogas y bienes culturales. Tambi\u00e9n se prestar\u00e1 atenci\u00f3n al terrorismo, a la seguridad de las fronteras mediante el intercambio de informaci\u00f3n y a c\u00f3mo afrontar el retorno de combatientes terroristas extranjeros. En tercer lugar, se pondr\u00e1 \u00e9nfasis en las ciberamenazas y los riesgos derivados de las nuevas tecnolog\u00edas de la informaci\u00f3n y la comunicaci\u00f3n y los medios para hacerles frente.<\/p>\n<p>En el marco de su presidencia, Espa\u00f1a buscar\u00e1 la cooperaci\u00f3n con otros organismos internacionales, la Uni\u00f3n Europea, las Naciones Unidas y otras organizaciones internacionales relevantes en materia de seguridad. En las sesiones tem\u00e1ticas participar\u00e1n expertos, as\u00ed como profesionales de las Misiones sobre el terreno de la OSCE y de los socios de cooperaci\u00f3n mediterr\u00e1neos y asi\u00e1ticos.<\/p>\n<p>La designaci\u00f3n de Espa\u00f1a para presidir el Comit\u00e9 de Seguridad de la OSCE, organizaci\u00f3n que se ocupa de los problemas de seguridad m\u00e1s relevantes en el espacio euroatl\u00e1ntico, demuestra, una vez m\u00e1s, la confianza depositada en nuestro pa\u00eds para generar consensos en la OSCE y en la Comunidad internacional en general.<\/p>\n<p>Adem\u00e1s de presidir el Comit\u00e9 de Seguridad de la Organizaci\u00f3n, Espa\u00f1a acoger\u00e1 este a\u00f1o la Conferencia Mediterr\u00e1nea anual de la OSCE, y preside adem\u00e1s el Grupo de Amigos de Juventud y Seguridad y co-preside junto con Bielorrusia el Grupo de Amigos de la Resoluci\u00f3n 1540 del Consejo de Seguridad de Naciones Unidas.<\/p>\n","protected":false},"excerpt":{"rendered":"<p>Espa\u00f1a ha inaugurado su Presidencia del Comit\u00e9 de Seguridad de la Organizaci\u00f3n para la Seguridad y la Cooperaci\u00f3n en Europa (OSCE) que se extender\u00e1 a lo largo de 2018 bajo la Presidencia en Ejercicio italiana de la Organizaci\u00f3n. \u200bLa OSCE con sede en Viena es la mayor organizaci\u00f3n de seguridad regional del mundo, en la [&hellip;]<\/p>\n","protected":false},"author":1,"featured_media":954143,"comment_status":"closed","ping_status":"closed","sticky":false,"template":"","format":"standard","meta":{"footnotes":""},"categories":[1],"tags":[],"class_list":["post-968715","post","type-post","status-publish","format-standard","has-post-thumbnail","hentry","category-actualidad"],"aioseo_notices":[],"aioseo_head":"\n\t\t<!-- All in One SEO Pro 5.0.1 - aioseo.com -->\n\t<meta name=\"description\" content=\"Espa\u00f1a ha inaugurado su Presidencia del Comit\u00e9 de Seguridad de la Organizaci\u00f3n para la Seguridad y la Cooperaci\u00f3n en Europa (OSCE) que se extender\u00e1 a lo largo de 2018 bajo la Presidencia en Ejercicio italiana de la Organizaci\u00f3n. \u200bLa OSCE con sede en Viena es la mayor organizaci\u00f3n de seguridad regional del mundo, en la\" \/>\n\t<meta name=\"robots\" content=\"max-image-preview:large\" \/>\n\t<meta name=\"author\" content=\"El Digital de Asturias\"\/>\n\t<meta name=\"google-site-verification\" content=\"UA-38556648-1\" \/>\n\t<meta name=\"msvalidate.01\" content=\"7dfe9f3f1b24437ab69f4f2559babe99\" \/>\n\t<meta name=\"keywords\" content=\"actualidad\" \/>\n\t<link rel=\"canonical\" href=\"https:\/\/www.eldigitaldeasturias.com\/noticias\/espana-asume-la-presidencia-del-comite-de-seguridad-de-la-osce\/\" \/>\n\t<meta name=\"generator\" content=\"All in One SEO Pro (AIOSEO) 5.0.1\" \/>\n\t\t<meta property=\"og:locale\" content=\"es_ES\" \/>\n\t\t<meta property=\"og:site_name\" content=\"El Digital de Asturias\" \/>\n\t\t<meta property=\"og:type\" content=\"article\" \/>\n\t\t<meta property=\"og:title\" content=\"Espa\u00f1a asume la Presidencia del Comit\u00e9 de Seguridad de la OSCE - El Digital de Asturias\" \/>\n\t\t<meta property=\"og:description\" content=\"Espa\u00f1a ha inaugurado su Presidencia del Comit\u00e9 de Seguridad de la Organizaci\u00f3n para la Seguridad y la Cooperaci\u00f3n en Europa (OSCE) que se extender\u00e1 a lo largo de 2018 bajo la Presidencia en Ejercicio italiana de la Organizaci\u00f3n. \u200bLa OSCE con sede en Viena es la mayor organizaci\u00f3n de seguridad regional del mundo, en la\" \/>\n\t\t<meta property=\"og:url\" content=\"https:\/\/www.eldigitaldeasturias.com\/noticias\/espana-asume-la-presidencia-del-comite-de-seguridad-de-la-osce\/\" \/>\n\t\t<meta property=\"article:tag\" content=\"actualidad\" \/>\n\t\t<meta property=\"article:published_time\" content=\"2018-02-13T09:28:27+00:00\" \/>\n\t\t<meta property=\"article:modified_time\" content=\"2018-02-13T09:28:27+00:00\" \/>\n\t\t<meta property=\"article:publisher\" content=\"https:\/\/facebook.com\/eldigitaldeasturias\" \/>\n\t\t<meta name=\"twitter:card\" content=\"summary_large_image\" \/>\n\t\t<meta name=\"twitter:title\" content=\"Espa\u00f1a asume la Presidencia del Comit\u00e9 de Seguridad de la OSCE - El Digital de Asturias\" \/>\n\t\t<meta name=\"twitter:description\" content=\"Espa\u00f1a ha inaugurado su Presidencia del Comit\u00e9 de Seguridad de la Organizaci\u00f3n para la Seguridad y la Cooperaci\u00f3n en Europa (OSCE) que se extender\u00e1 a lo largo de 2018 bajo la Presidencia en Ejercicio italiana de la Organizaci\u00f3n. \u200bLa OSCE con sede en Viena es la mayor organizaci\u00f3n de seguridad regional del mundo, en la\" \/>\n\t\t<meta name=\"twitter:image\" content=\"https:\/\/www.eldigitaldeasturias.com\/noticias\/wp-content\/uploads\/2020\/12\/EDA-1.jpg\" \/>\n\t\t<meta name=\"twitter:label1\" content=\"Escrito por\" \/>\n\t\t<meta name=\"twitter:data1\" content=\"El Digital de Asturias\" \/>\n\t\t<meta name=\"twitter:label2\" content=\"Tiempo de lectura estimado\" \/>\n\t\t<meta name=\"twitter:data2\" content=\"3 minutos\" \/>\n\t\t<script type=\"application\/ld+json\" class=\"aioseo-schema\">\n\t\t\t{\"@context\":\"https:\\\/\\\/schema.org\",\"@graph\":[{\"@type\":\"BlogPosting\",\"@id\":\"https:\\\/\\\/www.eldigitaldeasturias.com\\\/noticias\\\/espana-asume-la-presidencia-del-comite-de-seguridad-de-la-osce\\\/#blogposting\",\"name\":\"Espa\\u00f1a asume la Presidencia del Comit\\u00e9 de Seguridad de la OSCE - El Digital de Asturias\",\"headline\":\"Espa\\u00f1a asume la Presidencia del Comit\\u00e9 de Seguridad de la OSCE\",\"author\":{\"@id\":\"https:\\\/\\\/www.eldigitaldeasturias.com\\\/noticias\\\/author\\\/admin\\\/#author\"},\"publisher\":{\"@id\":\"https:\\\/\\\/www.eldigitaldeasturias.com\\\/noticias\\\/#organization\"},\"image\":{\"@type\":\"ImageObject\",\"url\":954143},\"datePublished\":\"2018-02-13T09:28:27+01:00\",\"dateModified\":\"2018-02-13T09:28:27+01:00\",\"inLanguage\":\"es-ES\",\"mainEntityOfPage\":{\"@id\":\"https:\\\/\\\/www.eldigitaldeasturias.com\\\/noticias\\\/espana-asume-la-presidencia-del-comite-de-seguridad-de-la-osce\\\/#webpage\"},\"isPartOf\":{\"@id\":\"https:\\\/\\\/www.eldigitaldeasturias.com\\\/noticias\\\/espana-asume-la-presidencia-del-comite-de-seguridad-de-la-osce\\\/#webpage\"},\"articleSection\":\"Actualidad\"},{\"@type\":\"BreadcrumbList\",\"@id\":\"https:\\\/\\\/www.eldigitaldeasturias.com\\\/noticias\\\/espana-asume-la-presidencia-del-comite-de-seguridad-de-la-osce\\\/#breadcrumblist\",\"itemListElement\":[{\"@type\":\"ListItem\",\"@id\":\"https:\\\/\\\/www.eldigitaldeasturias.com\\\/noticias#listItem\",\"position\":1,\"name\":\"Home\",\"item\":\"https:\\\/\\\/www.eldigitaldeasturias.com\\\/noticias\",\"nextItem\":{\"@type\":\"ListItem\",\"@id\":\"https:\\\/\\\/www.eldigitaldeasturias.com\\\/noticias\\\/category\\\/actualidad\\\/#listItem\",\"name\":\"Actualidad\"}},{\"@type\":\"ListItem\",\"@id\":\"https:\\\/\\\/www.eldigitaldeasturias.com\\\/noticias\\\/category\\\/actualidad\\\/#listItem\",\"position\":2,\"name\":\"Actualidad\",\"item\":\"https:\\\/\\\/www.eldigitaldeasturias.com\\\/noticias\\\/category\\\/actualidad\\\/\",\"nextItem\":{\"@type\":\"ListItem\",\"@id\":\"https:\\\/\\\/www.eldigitaldeasturias.com\\\/noticias\\\/espana-asume-la-presidencia-del-comite-de-seguridad-de-la-osce\\\/#listItem\",\"name\":\"Espa\\u00f1a asume la Presidencia del Comit\\u00e9 de Seguridad de la OSCE\"},\"previousItem\":{\"@type\":\"ListItem\",\"@id\":\"https:\\\/\\\/www.eldigitaldeasturias.com\\\/noticias#listItem\",\"name\":\"Home\"}},{\"@type\":\"ListItem\",\"@id\":\"https:\\\/\\\/www.eldigitaldeasturias.com\\\/noticias\\\/espana-asume-la-presidencia-del-comite-de-seguridad-de-la-osce\\\/#listItem\",\"position\":3,\"name\":\"Espa\\u00f1a asume la Presidencia del Comit\\u00e9 de Seguridad de la OSCE\",\"previousItem\":{\"@type\":\"ListItem\",\"@id\":\"https:\\\/\\\/www.eldigitaldeasturias.com\\\/noticias\\\/category\\\/actualidad\\\/#listItem\",\"name\":\"Actualidad\"}}]},{\"@type\":\"Organization\",\"@id\":\"https:\\\/\\\/www.eldigitaldeasturias.com\\\/noticias\\\/#organization\",\"name\":\"El Digital de Asturias\",\"description\":\"Hemeroteca\",\"url\":\"https:\\\/\\\/www.eldigitaldeasturias.com\\\/noticias\\\/\",\"email\":\"info@eldigitaldeasturias.com\",\"telephone\":\"+34652131393\",\"logo\":{\"@type\":\"ImageObject\",\"url\":\"https:\\\/\\\/www.eldigitaldeasturias.com\\\/noticias\\\/wp-content\\\/uploads\\\/2020\\\/12\\\/EDA.jpg\",\"@id\":\"https:\\\/\\\/www.eldigitaldeasturias.com\\\/noticias\\\/espana-asume-la-presidencia-del-comite-de-seguridad-de-la-osce\\\/#organizationLogo\"},\"image\":{\"@id\":\"https:\\\/\\\/www.eldigitaldeasturias.com\\\/noticias\\\/espana-asume-la-presidencia-del-comite-de-seguridad-de-la-osce\\\/#organizationLogo\"},\"sameAs\":[\"https:\\\/\\\/facebook.com\\\/eldigitaldeasturias\",\"https:\\\/\\\/www.youtube.com\\\/channel\\\/UCZP-2wLEB9Rv6erhFmqVnvg\"],\"address\":{\"@id\":\"https:\\\/\\\/www.eldigitaldeasturias.com\\\/noticias\\\/#postaladdress\",\"@type\":\"PostalAddress\",\"streetAddress\":\"san antonio 4\",\"postalCode\":\"33430\",\"addressLocality\":\"Cand\\u00e1s\",\"addressRegion\":\"Asturias\",\"addressCountry\":\"ES\"}},{\"@type\":\"Person\",\"@id\":\"https:\\\/\\\/www.eldigitaldeasturias.com\\\/noticias\\\/author\\\/admin\\\/#author\",\"url\":\"https:\\\/\\\/www.eldigitaldeasturias.com\\\/noticias\\\/author\\\/admin\\\/\",\"name\":\"El Digital de Asturias\",\"image\":{\"@type\":\"ImageObject\",\"@id\":\"https:\\\/\\\/www.eldigitaldeasturias.com\\\/noticias\\\/espana-asume-la-presidencia-del-comite-de-seguridad-de-la-osce\\\/#authorImage\",\"url\":\"https:\\\/\\\/secure.gravatar.com\\\/avatar\\\/df2aeffc32bcd13f8d26072ef8a91b623d677766deac7f97ca815868cd41bf5e?s=96&d=mm&r=g\",\"width\":96,\"height\":96,\"caption\":\"El Digital de Asturias\"}},{\"@type\":\"WebPage\",\"@id\":\"https:\\\/\\\/www.eldigitaldeasturias.com\\\/noticias\\\/espana-asume-la-presidencia-del-comite-de-seguridad-de-la-osce\\\/#webpage\",\"url\":\"https:\\\/\\\/www.eldigitaldeasturias.com\\\/noticias\\\/espana-asume-la-presidencia-del-comite-de-seguridad-de-la-osce\\\/\",\"name\":\"Espa\\u00f1a asume la Presidencia del Comit\\u00e9 de Seguridad de la OSCE - El Digital de Asturias\",\"description\":\"Espa\\u00f1a ha inaugurado su Presidencia del Comit\\u00e9 de Seguridad de la Organizaci\\u00f3n para la Seguridad y la Cooperaci\\u00f3n en Europa (OSCE) que se extender\\u00e1 a lo largo de 2018 bajo la Presidencia en Ejercicio italiana de la Organizaci\\u00f3n. \\u200bLa OSCE con sede en Viena es la mayor organizaci\\u00f3n de seguridad regional del mundo, en la\",\"inLanguage\":\"es-ES\",\"isPartOf\":{\"@id\":\"https:\\\/\\\/www.eldigitaldeasturias.com\\\/noticias\\\/#website\"},\"breadcrumb\":{\"@id\":\"https:\\\/\\\/www.eldigitaldeasturias.com\\\/noticias\\\/espana-asume-la-presidencia-del-comite-de-seguridad-de-la-osce\\\/#breadcrumblist\"},\"author\":{\"@id\":\"https:\\\/\\\/www.eldigitaldeasturias.com\\\/noticias\\\/author\\\/admin\\\/#author\"},\"creator\":{\"@id\":\"https:\\\/\\\/www.eldigitaldeasturias.com\\\/noticias\\\/author\\\/admin\\\/#author\"},\"image\":{\"@type\":\"ImageObject\",\"url\":954143,\"@id\":\"https:\\\/\\\/www.eldigitaldeasturias.com\\\/noticias\\\/espana-asume-la-presidencia-del-comite-de-seguridad-de-la-osce\\\/#mainImage\"},\"primaryImageOfPage\":{\"@id\":\"https:\\\/\\\/www.eldigitaldeasturias.com\\\/noticias\\\/espana-asume-la-presidencia-del-comite-de-seguridad-de-la-osce\\\/#mainImage\"},\"datePublished\":\"2018-02-13T09:28:27+01:00\",\"dateModified\":\"2018-02-13T09:28:27+01:00\"},{\"@type\":\"WebSite\",\"@id\":\"https:\\\/\\\/www.eldigitaldeasturias.com\\\/noticias\\\/#website\",\"url\":\"https:\\\/\\\/www.eldigitaldeasturias.com\\\/noticias\\\/\",\"name\":\"El Digital de Asturias - Diario de actualidad y noticias\",\"alternateName\":\"El Digital de Asturias - Diario de actualidad y noticias\",\"description\":\"Hemeroteca\",\"inLanguage\":\"es-ES\",\"publisher\":{\"@id\":\"https:\\\/\\\/www.eldigitaldeasturias.com\\\/noticias\\\/#organization\"}}]}\n\t\t<\/script>\n\t\t<!-- All in One SEO Pro -->\r\n\t\t<title>Espa\u00f1a asume la Presidencia del Comit\u00e9 de Seguridad de la OSCE - El Digital de Asturias<\/title>\n\n","aioseo_head_json":{"title":"Espa\u00f1a asume la Presidencia del Comit\u00e9 de Seguridad de la OSCE - El Digital de Asturias","description":"Espa\u00f1a ha inaugurado su Presidencia del Comit\u00e9 de Seguridad de la Organizaci\u00f3n para la Seguridad y la Cooperaci\u00f3n en Europa (OSCE) que se extender\u00e1 a lo largo de 2018 bajo la Presidencia en Ejercicio italiana de la Organizaci\u00f3n. \u200bLa OSCE con sede en Viena es la mayor organizaci\u00f3n de seguridad regional del mundo, en la","canonical_url":"https:\/\/www.eldigitaldeasturias.com\/noticias\/espana-asume-la-presidencia-del-comite-de-seguridad-de-la-osce\/","robots":"max-image-preview:large","keywords":"actualidad","webmasterTools":{"google-site-verification":"UA-38556648-1","msvalidate.01":"7dfe9f3f1b24437ab69f4f2559babe99","miscellaneous":""},"schema":{"@context":"https:\/\/schema.org","@graph":[{"@type":"BlogPosting","@id":"https:\/\/www.eldigitaldeasturias.com\/noticias\/espana-asume-la-presidencia-del-comite-de-seguridad-de-la-osce\/#blogposting","name":"Espa\u00f1a asume la Presidencia del Comit\u00e9 de Seguridad de la OSCE - El Digital de Asturias","headline":"Espa\u00f1a asume la Presidencia del Comit\u00e9 de Seguridad de la OSCE","author":{"@id":"https:\/\/www.eldigitaldeasturias.com\/noticias\/author\/admin\/#author"},"publisher":{"@id":"https:\/\/www.eldigitaldeasturias.com\/noticias\/#organization"},"image":{"@type":"ImageObject","url":954143},"datePublished":"2018-02-13T09:28:27+01:00","dateModified":"2018-02-13T09:28:27+01:00","inLanguage":"es-ES","mainEntityOfPage":{"@id":"https:\/\/www.eldigitaldeasturias.com\/noticias\/espana-asume-la-presidencia-del-comite-de-seguridad-de-la-osce\/#webpage"},"isPartOf":{"@id":"https:\/\/www.eldigitaldeasturias.com\/noticias\/espana-asume-la-presidencia-del-comite-de-seguridad-de-la-osce\/#webpage"},"articleSection":"Actualidad"},{"@type":"BreadcrumbList","@id":"https:\/\/www.eldigitaldeasturias.com\/noticias\/espana-asume-la-presidencia-del-comite-de-seguridad-de-la-osce\/#breadcrumblist","itemListElement":[{"@type":"ListItem","@id":"https:\/\/www.eldigitaldeasturias.com\/noticias#listItem","position":1,"name":"Home","item":"https:\/\/www.eldigitaldeasturias.com\/noticias","nextItem":{"@type":"ListItem","@id":"https:\/\/www.eldigitaldeasturias.com\/noticias\/category\/actualidad\/#listItem","name":"Actualidad"}},{"@type":"ListItem","@id":"https:\/\/www.eldigitaldeasturias.com\/noticias\/category\/actualidad\/#listItem","position":2,"name":"Actualidad","item":"https:\/\/www.eldigitaldeasturias.com\/noticias\/category\/actualidad\/","nextItem":{"@type":"ListItem","@id":"https:\/\/www.eldigitaldeasturias.com\/noticias\/espana-asume-la-presidencia-del-comite-de-seguridad-de-la-osce\/#listItem","name":"Espa\u00f1a asume la Presidencia del Comit\u00e9 de Seguridad de la OSCE"},"previousItem":{"@type":"ListItem","@id":"https:\/\/www.eldigitaldeasturias.com\/noticias#listItem","name":"Home"}},{"@type":"ListItem","@id":"https:\/\/www.eldigitaldeasturias.com\/noticias\/espana-asume-la-presidencia-del-comite-de-seguridad-de-la-osce\/#listItem","position":3,"name":"Espa\u00f1a asume la Presidencia del Comit\u00e9 de Seguridad de la OSCE","previousItem":{"@type":"ListItem","@id":"https:\/\/www.eldigitaldeasturias.com\/noticias\/category\/actualidad\/#listItem","name":"Actualidad"}}]},{"@type":"Organization","@id":"https:\/\/www.eldigitaldeasturias.com\/noticias\/#organization","name":"El Digital de Asturias","description":"Hemeroteca","url":"https:\/\/www.eldigitaldeasturias.com\/noticias\/","email":"info@eldigitaldeasturias.com","telephone":"+34652131393","logo":{"@type":"ImageObject","url":"https:\/\/www.eldigitaldeasturias.com\/noticias\/wp-content\/uploads\/2020\/12\/EDA.jpg","@id":"https:\/\/www.eldigitaldeasturias.com\/noticias\/espana-asume-la-presidencia-del-comite-de-seguridad-de-la-osce\/#organizationLogo"},"image":{"@id":"https:\/\/www.eldigitaldeasturias.com\/noticias\/espana-asume-la-presidencia-del-comite-de-seguridad-de-la-osce\/#organizationLogo"},"sameAs":["https:\/\/facebook.com\/eldigitaldeasturias","https:\/\/www.youtube.com\/channel\/UCZP-2wLEB9Rv6erhFmqVnvg"],"address":{"@id":"https:\/\/www.eldigitaldeasturias.com\/noticias\/#postaladdress","@type":"PostalAddress","streetAddress":"san antonio 4","postalCode":"33430","addressLocality":"Cand\u00e1s","addressRegion":"Asturias","addressCountry":"ES"}},{"@type":"Person","@id":"https:\/\/www.eldigitaldeasturias.com\/noticias\/author\/admin\/#author","url":"https:\/\/www.eldigitaldeasturias.com\/noticias\/author\/admin\/","name":"El Digital de Asturias","image":{"@type":"ImageObject","@id":"https:\/\/www.eldigitaldeasturias.com\/noticias\/espana-asume-la-presidencia-del-comite-de-seguridad-de-la-osce\/#authorImage","url":"https:\/\/secure.gravatar.com\/avatar\/df2aeffc32bcd13f8d26072ef8a91b623d677766deac7f97ca815868cd41bf5e?s=96&d=mm&r=g","width":96,"height":96,"caption":"El Digital de Asturias"}},{"@type":"WebPage","@id":"https:\/\/www.eldigitaldeasturias.com\/noticias\/espana-asume-la-presidencia-del-comite-de-seguridad-de-la-osce\/#webpage","url":"https:\/\/www.eldigitaldeasturias.com\/noticias\/espana-asume-la-presidencia-del-comite-de-seguridad-de-la-osce\/","name":"Espa\u00f1a asume la Presidencia del Comit\u00e9 de Seguridad de la OSCE - El Digital de Asturias","description":"Espa\u00f1a ha inaugurado su Presidencia del Comit\u00e9 de Seguridad de la Organizaci\u00f3n para la Seguridad y la Cooperaci\u00f3n en Europa (OSCE) que se extender\u00e1 a lo largo de 2018 bajo la Presidencia en Ejercicio italiana de la Organizaci\u00f3n. \u200bLa OSCE con sede en Viena es la mayor organizaci\u00f3n de seguridad regional del mundo, en la","inLanguage":"es-ES","isPartOf":{"@id":"https:\/\/www.eldigitaldeasturias.com\/noticias\/#website"},"breadcrumb":{"@id":"https:\/\/www.eldigitaldeasturias.com\/noticias\/espana-asume-la-presidencia-del-comite-de-seguridad-de-la-osce\/#breadcrumblist"},"author":{"@id":"https:\/\/www.eldigitaldeasturias.com\/noticias\/author\/admin\/#author"},"creator":{"@id":"https:\/\/www.eldigitaldeasturias.com\/noticias\/author\/admin\/#author"},"image":{"@type":"ImageObject","url":954143,"@id":"https:\/\/www.eldigitaldeasturias.com\/noticias\/espana-asume-la-presidencia-del-comite-de-seguridad-de-la-osce\/#mainImage"},"primaryImageOfPage":{"@id":"https:\/\/www.eldigitaldeasturias.com\/noticias\/espana-asume-la-presidencia-del-comite-de-seguridad-de-la-osce\/#mainImage"},"datePublished":"2018-02-13T09:28:27+01:00","dateModified":"2018-02-13T09:28:27+01:00"},{"@type":"WebSite","@id":"https:\/\/www.eldigitaldeasturias.com\/noticias\/#website","url":"https:\/\/www.eldigitaldeasturias.com\/noticias\/","name":"El Digital de Asturias - Diario de actualidad y noticias","alternateName":"El Digital de Asturias - Diario de actualidad y noticias","description":"Hemeroteca","inLanguage":"es-ES","publisher":{"@id":"https:\/\/www.eldigitaldeasturias.com\/noticias\/#organization"}}]},"og:locale":"es_ES","og:site_name":"El Digital de Asturias","og:type":"article","og:title":"Espa\u00f1a asume la Presidencia del Comit\u00e9 de Seguridad de la OSCE - El Digital de Asturias","og:description":"Espa\u00f1a ha inaugurado su Presidencia del Comit\u00e9 de Seguridad de la Organizaci\u00f3n para la Seguridad y la Cooperaci\u00f3n en Europa (OSCE) que se extender\u00e1 a lo largo de 2018 bajo la Presidencia en Ejercicio italiana de la Organizaci\u00f3n. \u200bLa OSCE con sede en Viena es la mayor organizaci\u00f3n de seguridad regional del mundo, en la","og:url":"https:\/\/www.eldigitaldeasturias.com\/noticias\/espana-asume-la-presidencia-del-comite-de-seguridad-de-la-osce\/","article:tag":["actualidad"],"article:published_time":"2018-02-13T09:28:27+00:00","article:modified_time":"2018-02-13T09:28:27+00:00","article:publisher":"https:\/\/facebook.com\/eldigitaldeasturias","twitter:card":"summary_large_image","twitter:title":"Espa\u00f1a asume la Presidencia del Comit\u00e9 de Seguridad de la OSCE - El Digital de Asturias","twitter:description":"Espa\u00f1a ha inaugurado su Presidencia del Comit\u00e9 de Seguridad de la Organizaci\u00f3n para la Seguridad y la Cooperaci\u00f3n en Europa (OSCE) que se extender\u00e1 a lo largo de 2018 bajo la Presidencia en Ejercicio italiana de la Organizaci\u00f3n. \u200bLa OSCE con sede en Viena es la mayor organizaci\u00f3n de seguridad regional del mundo, en la","twitter:image":"https:\/\/www.eldigitaldeasturias.com\/noticias\/wp-content\/uploads\/2020\/12\/EDA-1.jpg","twitter:label1":"Escrito por","twitter:data1":"El Digital de Asturias","twitter:label2":"Tiempo de lectura estimado","twitter:data2":"3 minutos"},"aioseo_meta_data":{"post_id":"968715","title":null,"description":null,"keywords":null,"keyphrases":null,"primary_term":null,"canonical_url":null,"og_title":null,"og_description":null,"og_object_type":"default","og_image_type":"default","og_image_url":null,"og_image_width":null,"og_image_height":null,"og_image_custom_url":null,"og_image_custom_fields":null,"og_video":null,"og_custom_url":null,"og_article_section":null,"og_article_tags":null,"twitter_use_og":false,"twitter_card":"default","twitter_image_type":"default","twitter_image_url":null,"twitter_image_custom_url":null,"twitter_image_custom_fields":null,"twitter_title":null,"twitter_description":null,"schema":{"blockGraphs":[],"customGraphs":[],"default":{"data":{"Article":[],"Course":[],"Dataset":[],"FAQPage":[],"Movie":[],"Person":[],"Product":[],"ProductReview":[],"Car":[],"Recipe":[],"Service":[],"SoftwareApplication":[],"WebPage":[]},"graphName":"","isEnabled":true},"graphs":[],"defaultGraph":"","defaultPostTypeGraph":""},"schema_type":null,"schema_type_options":null,"pillar_content":false,"robots_default":true,"robots_noindex":false,"robots_noarchive":false,"robots_nosnippet":false,"robots_nofollow":false,"robots_noimageindex":false,"robots_noodp":false,"robots_notranslate":false,"robots_max_snippet":null,"robots_max_videopreview":null,"robots_max_imagepreview":"large","priority":null,"frequency":null,"local_seo":null,"seo_analyzer_scan_date":"2025-10-06 23:28:03","breadcrumb_settings":null,"limit_modified_date":false,"open_ai":null,"ai":null,"created":"2020-12-21 12:29:38","updated":"2025-10-06 23:28:03","focus_keyword":null,"additional_keywords":null,"truseo_locale":null},"aioseo_breadcrumb":"<div class=\"aioseo-breadcrumbs\"><span class=\"aioseo-breadcrumb\">\n\t<a href=\"https:\/\/www.eldigitaldeasturias.com\/noticias\" title=\"Home\">Home<\/a>\n<\/span><span class=\"aioseo-breadcrumb-separator\">\u2013<\/span><span class=\"aioseo-breadcrumb\">\n\t<a href=\"https:\/\/www.eldigitaldeasturias.com\/noticias\/category\/actualidad\/\" title=\"Actualidad\">Actualidad<\/a>\n<\/span><span class=\"aioseo-breadcrumb-separator\">\u2013<\/span><span class=\"aioseo-breadcrumb\">\n\t<a href=\"https:\/\/www.eldigitaldeasturias.com\/noticias\/espana-asume-la-presidencia-del-comite-de-seguridad-de-la-osce\/\" title=\"Espa\u00f1a asume la Presidencia del Comit\u00e9 de Seguridad de la OSCE\">Espa\u00f1a asume la Presidencia del Comit\u00e9 de Seguridad de la OSCE<\/a>\n<\/span><\/div>","aioseo_breadcrumb_json":[{"label":"Home","link":"https:\/\/www.eldigitaldeasturias.com\/noticias"},{"label":"Actualidad","link":"https:\/\/www.eldigitaldeasturias.com\/noticias\/category\/actualidad\/"},{"label":"Espa\u00f1a asume la Presidencia del Comit\u00e9 de Seguridad de la OSCE","link":"https:\/\/www.eldigitaldeasturias.com\/noticias\/espana-asume-la-presidencia-del-comite-de-seguridad-de-la-osce\/"}],"_links":{"self":[{"href":"https:\/\/www.eldigitaldeasturias.com\/noticias\/wp-json\/wp\/v2\/posts\/968715","targetHints":{"allow":["GET"]}}],"collection":[{"href":"https:\/\/www.eldigitaldeasturias.com\/noticias\/wp-json\/wp\/v2\/posts"}],"about":[{"href":"https:\/\/www.eldigitaldeasturias.com\/noticias\/wp-json\/wp\/v2\/types\/post"}],"author":[{"embeddable":true,"href":"https:\/\/www.eldigitaldeasturias.com\/noticias\/wp-json\/wp\/v2\/users\/1"}],"replies":[{"embeddable":true,"href":"https:\/\/www.eldigitaldeasturias.com\/noticias\/wp-json\/wp\/v2\/comments?post=968715"}],"version-history":[{"count":0,"href":"https:\/\/www.eldigitaldeasturias.com\/noticias\/wp-json\/wp\/v2\/posts\/968715\/revisions"}],"wp:attachment":[{"href":"https:\/\/www.eldigitaldeasturias.com\/noticias\/wp-json\/wp\/v2\/media?parent=968715"}],"wp:term":[{"taxonomy":"category","embeddable":true,"href":"https:\/\/www.eldigitaldeasturias.com\/noticias\/wp-json\/wp\/v2\/categories?post=968715"},{"taxonomy":"post_tag","embeddable":true,"href":"https:\/\/www.eldigitaldeasturias.com\/noticias\/wp-json\/wp\/v2\/tags?post=968715"}],"curies":[{"name":"wp","href":"https:\/\/api.w.org\/{rel}","templated":true}]}}