{"id":968712,"date":"2018-02-13T09:26:31","date_gmt":"2018-02-13T09:26:31","guid":{"rendered":"http:\/\/www.eldigitaldeasturias.com\/noticias\/?p=968712"},"modified":"2018-02-13T09:26:31","modified_gmt":"2018-02-13T09:26:31","slug":"el-ministerio-del-interior-y-down-espana-refuerzan-su-colaboracion","status":"publish","type":"post","link":"https:\/\/www.eldigitaldeasturias.com\/noticias\/el-ministerio-del-interior-y-down-espana-refuerzan-su-colaboracion\/","title":{"rendered":"El Ministerio del Interior y Down Espa\u00f1a refuerzan su colaboraci\u00f3n"},"content":{"rendered":"<p><img loading=\"lazy\" decoding=\"async\" class=\"alignleft size-medium wp-image-968713\" src=\"https:\/\/www.eldigitaldeasturias.com\/noticias\/wp-content\/uploads\/2018\/02\/120218-DownEspana-360x239.jpg\" alt=\"\" width=\"360\" height=\"239\" \/>El secretario de Estado de Seguridad, Jos\u00e9 Antonio Nieto, acompa\u00f1ado por la comisaria jefa de la Unidad Central de Participaci\u00f3n Ciudadana, Isabel Cabello, y el presidente de Down Espa\u00f1a, Jos\u00e9 Fabi\u00e1n C\u00e1mara, han renovado el acuerdo de colaboraci\u00f3n que se firm\u00f3 en marzo de 2015 y que ten\u00eda una duraci\u00f3n de dos a\u00f1os prorrogables.<\/p>\n<p>Este convenio persigue la mejora de la protecci\u00f3n y la seguridad del colectivo de personas con S\u00edndrome de Down, as\u00ed como la promoci\u00f3n de su integraci\u00f3n en la sociedad.<\/p>\n<p>Jos\u00e9 Antonio Nieto ha destacado que este convenio de colaboraci\u00f3n se enmarca dentro del Plan Estrat\u00e9gico de la Direcci\u00f3n General de la Polic\u00eda, que establece entre sus l\u00edneas principales de actuaci\u00f3n la prevenci\u00f3n de la violencia contra las personas con discapacidad y el desarrollo de protocolos de primera asistencia y atenci\u00f3n con instituciones, organismos y entidades p\u00fablicas o privadas.<\/p>\n<p>De todas las medidas contempladas, cobran un papel importante aquellas que hacen posible la formaci\u00f3n en seguridad para ni\u00f1os, j\u00f3venes y adultos que tienen esta discapacidad, as\u00ed como sus familias, estableci\u00e9ndose diversas actividades de formaci\u00f3n anuales para fomentar la sensibilizaci\u00f3n respecto a la protecci\u00f3n frente al abuso y los posibles delitos que pudieran cometerse contra estas personas.<\/p>\n<p>El convenio incluye medidas formativas dirigidas a funcionarios de la Polic\u00eda Nacional, que les permitan conocer los problemas de ese colectivo y la manera m\u00e1s adecuada de comunicar y actuar, conociendo las caracter\u00edsticas de las personas con discapacidad intelectual y c\u00f3mo afrontar situaciones de especial vulnerabilidad.<\/p>\n<p><strong>Charlas preventivas y formaci\u00f3n en seguridad<\/strong><\/p>\n<p>Dirigidas tambi\u00e9n a las familias, las charlas preventivas y la formaci\u00f3n en seguridad se han centrado en la casu\u00edstica concreta que afecta a cada federaci\u00f3n, fruto de los contactos previos y el trabajo de los delegados de Participaci\u00f3n Ciudadana.<\/p>\n<p>Los temas tratados abarcan la prevenci\u00f3n de infracciones relacionadas con las nuevas tecnolog\u00edas u otras contra el patrimonio que tienen lugar en la v\u00eda p\u00fablica, pasando por problemas relacionados con el abuso, entre otros. Adem\u00e1s, en estos acercamientos formativos se trasladan consejos para que sepan c\u00f3mo actuar en el caso de ser v\u00edctimas de un delito.<\/p>\n<p><strong>Acercamiento a la instituci\u00f3n policial<\/strong><\/p>\n<p>Para posibilitar el acercamiento del colectivo de personas con S\u00edndrome de Down a la Polic\u00eda Nacional, se han programado en estos dos a\u00f1os distintas actividades dirigidas a visitar las comisar\u00edas y los distintos servicios que se incardinan en las mismas.<\/p>\n<p>Cobran especial importancia los cauces de comunicaci\u00f3n que se han establecido y que permiten el intercambio de informaci\u00f3n, as\u00ed como el traslado al colectivo de nuevas t\u00e9cnicas, metodolog\u00edas y cuantas cuestiones sean de inter\u00e9s para prevenir y proteger a dichas personas.<\/p>\n<p><strong>Acciones de sensibilizaci\u00f3n<\/strong><\/p>\n<p>Con el objetivo de promover la inclusi\u00f3n de las personas con discapacidad en la sociedad y darles visibilidad, se ha facilitado su participaci\u00f3n en distintas actividades de sensibilizaci\u00f3n y eventos de acercamiento a la instituci\u00f3n policial. En ese sentido, destacan algunas celebradas a nivel central como la participaci\u00f3n por parte de la Polic\u00eda Nacional en las distintas actividades programadas con motivo del D\u00eda Mundial del S\u00edndrome de Down, en marzo de 2015.<\/p>\n<p>Los Gu\u00edas Caninos, Caballer\u00eda y los veh\u00edculos uniformados de las distintas unidades de la Polic\u00eda Nacional realizaron exhibiciones en el marco de las actividades previstas por la Federaci\u00f3n Down Espa\u00f1a para reclamar a la sociedad un cambio de conciencia que favoreciese la plena inclusi\u00f3n del colectivo.<\/p>\n<p>Adem\u00e1s, por parte de la Unidad Central de Participaci\u00f3n Ciudadana se ha participado activamente en distintos Encuentros Nacionales de Familias y Encuentros de Hermanos de personas con s\u00edndrome de Down, a trav\u00e9s de su intervenci\u00f3n en mesas redondas, charlas de seguridad, etc.<\/p>\n<p><strong>Necesidad de continuar con la colaboraci\u00f3n<\/strong><\/p>\n<p>La Polic\u00eda Nacional y Down Espa\u00f1a consideran que esta colaboraci\u00f3n es beneficiosa no s\u00f3lo por la experiencia de los agentes en la lucha contra todo tipo de delincuencia, sino tambi\u00e9n por su especial sensibilidad en la protecci\u00f3n de las personas m\u00e1s desfavorecidas o en riesgo de exclusi\u00f3n.<\/p>\n<p>En estos dos a\u00f1os desde su firma se han recibido distintas y reiteradas manifestaciones por parte del colectivo sobre los beneficios de las medidas puestas en marcha y los resultados obtenidos, por lo que las partes han cre\u00eddo conveniente seguir trabajando para hacer posible su reedici\u00f3n.<\/p>\n<p>&nbsp;<\/p>\n","protected":false},"excerpt":{"rendered":"<p>El secretario de Estado de Seguridad, Jos\u00e9 Antonio Nieto, acompa\u00f1ado por la comisaria jefa de la Unidad Central de Participaci\u00f3n Ciudadana, Isabel Cabello, y el presidente de Down Espa\u00f1a, Jos\u00e9 Fabi\u00e1n C\u00e1mara, han renovado el acuerdo de colaboraci\u00f3n que se firm\u00f3 en marzo de 2015 y que ten\u00eda una duraci\u00f3n de dos a\u00f1os prorrogables. Este [&hellip;]<\/p>\n","protected":false},"author":1,"featured_media":968713,"comment_status":"closed","ping_status":"closed","sticky":false,"template":"","format":"standard","meta":{"footnotes":""},"categories":[1],"tags":[],"class_list":["post-968712","post","type-post","status-publish","format-standard","has-post-thumbnail","hentry","category-actualidad"],"aioseo_notices":[],"aioseo_head":"\n\t\t<!-- All in One SEO Pro 5.0.1 - aioseo.com -->\n\t<meta name=\"description\" content=\"El secretario de Estado de Seguridad, Jos\u00e9 Antonio Nieto, acompa\u00f1ado por la comisaria jefa de la Unidad Central de Participaci\u00f3n Ciudadana, Isabel Cabello, y el presidente de Down Espa\u00f1a, Jos\u00e9 Fabi\u00e1n C\u00e1mara, han renovado el acuerdo de colaboraci\u00f3n que se firm\u00f3 en marzo de 2015 y que ten\u00eda una duraci\u00f3n de dos a\u00f1os prorrogables. Este\" \/>\n\t<meta name=\"robots\" content=\"max-image-preview:large\" \/>\n\t<meta name=\"author\" content=\"El Digital de Asturias\"\/>\n\t<meta name=\"google-site-verification\" content=\"UA-38556648-1\" \/>\n\t<meta name=\"msvalidate.01\" content=\"7dfe9f3f1b24437ab69f4f2559babe99\" \/>\n\t<meta name=\"keywords\" content=\"actualidad\" \/>\n\t<link rel=\"canonical\" href=\"https:\/\/www.eldigitaldeasturias.com\/noticias\/el-ministerio-del-interior-y-down-espana-refuerzan-su-colaboracion\/\" \/>\n\t<meta name=\"generator\" content=\"All in One SEO Pro (AIOSEO) 5.0.1\" \/>\n\t\t<meta property=\"og:locale\" content=\"es_ES\" \/>\n\t\t<meta property=\"og:site_name\" content=\"El Digital de Asturias\" \/>\n\t\t<meta property=\"og:type\" content=\"article\" \/>\n\t\t<meta property=\"og:title\" content=\"El Ministerio del Interior y Down Espa\u00f1a refuerzan su colaboraci\u00f3n - El Digital de Asturias\" \/>\n\t\t<meta property=\"og:description\" content=\"El secretario de Estado de Seguridad, Jos\u00e9 Antonio Nieto, acompa\u00f1ado por la comisaria jefa de la Unidad Central de Participaci\u00f3n Ciudadana, Isabel Cabello, y el presidente de Down Espa\u00f1a, Jos\u00e9 Fabi\u00e1n C\u00e1mara, han renovado el acuerdo de colaboraci\u00f3n que se firm\u00f3 en marzo de 2015 y que ten\u00eda una duraci\u00f3n de dos a\u00f1os prorrogables. Este\" \/>\n\t\t<meta property=\"og:url\" content=\"https:\/\/www.eldigitaldeasturias.com\/noticias\/el-ministerio-del-interior-y-down-espana-refuerzan-su-colaboracion\/\" \/>\n\t\t<meta property=\"article:tag\" content=\"actualidad\" \/>\n\t\t<meta property=\"article:published_time\" content=\"2018-02-13T09:26:31+00:00\" \/>\n\t\t<meta property=\"article:modified_time\" content=\"2018-02-13T09:26:31+00:00\" \/>\n\t\t<meta property=\"article:publisher\" content=\"https:\/\/facebook.com\/eldigitaldeasturias\" \/>\n\t\t<meta name=\"twitter:card\" content=\"summary_large_image\" \/>\n\t\t<meta name=\"twitter:title\" content=\"El Ministerio del Interior y Down Espa\u00f1a refuerzan su colaboraci\u00f3n - El Digital de Asturias\" \/>\n\t\t<meta name=\"twitter:description\" content=\"El secretario de Estado de Seguridad, Jos\u00e9 Antonio Nieto, acompa\u00f1ado por la comisaria jefa de la Unidad Central de Participaci\u00f3n Ciudadana, Isabel Cabello, y el presidente de Down Espa\u00f1a, Jos\u00e9 Fabi\u00e1n C\u00e1mara, han renovado el acuerdo de colaboraci\u00f3n que se firm\u00f3 en marzo de 2015 y que ten\u00eda una duraci\u00f3n de dos a\u00f1os prorrogables. Este\" \/>\n\t\t<meta name=\"twitter:image\" content=\"https:\/\/www.eldigitaldeasturias.com\/noticias\/wp-content\/uploads\/2020\/12\/EDA-1.jpg\" \/>\n\t\t<meta name=\"twitter:label1\" content=\"Escrito por\" \/>\n\t\t<meta name=\"twitter:data1\" content=\"El Digital de Asturias\" \/>\n\t\t<meta name=\"twitter:label2\" content=\"Tiempo de lectura estimado\" \/>\n\t\t<meta name=\"twitter:data2\" content=\"4 minutos\" \/>\n\t\t<script type=\"application\/ld+json\" class=\"aioseo-schema\">\n\t\t\t{\"@context\":\"https:\\\/\\\/schema.org\",\"@graph\":[{\"@type\":\"BlogPosting\",\"@id\":\"https:\\\/\\\/www.eldigitaldeasturias.com\\\/noticias\\\/el-ministerio-del-interior-y-down-espana-refuerzan-su-colaboracion\\\/#blogposting\",\"name\":\"El Ministerio del Interior y Down Espa\\u00f1a refuerzan su colaboraci\\u00f3n - El Digital de Asturias\",\"headline\":\"El Ministerio del Interior y Down Espa\\u00f1a refuerzan su colaboraci\\u00f3n\",\"author\":{\"@id\":\"https:\\\/\\\/www.eldigitaldeasturias.com\\\/noticias\\\/author\\\/admin\\\/#author\"},\"publisher\":{\"@id\":\"https:\\\/\\\/www.eldigitaldeasturias.com\\\/noticias\\\/#organization\"},\"image\":{\"@type\":\"ImageObject\",\"url\":968713},\"datePublished\":\"2018-02-13T09:26:31+01:00\",\"dateModified\":\"2018-02-13T09:26:31+01:00\",\"inLanguage\":\"es-ES\",\"mainEntityOfPage\":{\"@id\":\"https:\\\/\\\/www.eldigitaldeasturias.com\\\/noticias\\\/el-ministerio-del-interior-y-down-espana-refuerzan-su-colaboracion\\\/#webpage\"},\"isPartOf\":{\"@id\":\"https:\\\/\\\/www.eldigitaldeasturias.com\\\/noticias\\\/el-ministerio-del-interior-y-down-espana-refuerzan-su-colaboracion\\\/#webpage\"},\"articleSection\":\"Actualidad\"},{\"@type\":\"BreadcrumbList\",\"@id\":\"https:\\\/\\\/www.eldigitaldeasturias.com\\\/noticias\\\/el-ministerio-del-interior-y-down-espana-refuerzan-su-colaboracion\\\/#breadcrumblist\",\"itemListElement\":[{\"@type\":\"ListItem\",\"@id\":\"https:\\\/\\\/www.eldigitaldeasturias.com\\\/noticias#listItem\",\"position\":1,\"name\":\"Home\",\"item\":\"https:\\\/\\\/www.eldigitaldeasturias.com\\\/noticias\",\"nextItem\":{\"@type\":\"ListItem\",\"@id\":\"https:\\\/\\\/www.eldigitaldeasturias.com\\\/noticias\\\/category\\\/actualidad\\\/#listItem\",\"name\":\"Actualidad\"}},{\"@type\":\"ListItem\",\"@id\":\"https:\\\/\\\/www.eldigitaldeasturias.com\\\/noticias\\\/category\\\/actualidad\\\/#listItem\",\"position\":2,\"name\":\"Actualidad\",\"item\":\"https:\\\/\\\/www.eldigitaldeasturias.com\\\/noticias\\\/category\\\/actualidad\\\/\",\"nextItem\":{\"@type\":\"ListItem\",\"@id\":\"https:\\\/\\\/www.eldigitaldeasturias.com\\\/noticias\\\/el-ministerio-del-interior-y-down-espana-refuerzan-su-colaboracion\\\/#listItem\",\"name\":\"El Ministerio del Interior y Down Espa\\u00f1a refuerzan su colaboraci\\u00f3n\"},\"previousItem\":{\"@type\":\"ListItem\",\"@id\":\"https:\\\/\\\/www.eldigitaldeasturias.com\\\/noticias#listItem\",\"name\":\"Home\"}},{\"@type\":\"ListItem\",\"@id\":\"https:\\\/\\\/www.eldigitaldeasturias.com\\\/noticias\\\/el-ministerio-del-interior-y-down-espana-refuerzan-su-colaboracion\\\/#listItem\",\"position\":3,\"name\":\"El Ministerio del Interior y Down Espa\\u00f1a refuerzan su colaboraci\\u00f3n\",\"previousItem\":{\"@type\":\"ListItem\",\"@id\":\"https:\\\/\\\/www.eldigitaldeasturias.com\\\/noticias\\\/category\\\/actualidad\\\/#listItem\",\"name\":\"Actualidad\"}}]},{\"@type\":\"Organization\",\"@id\":\"https:\\\/\\\/www.eldigitaldeasturias.com\\\/noticias\\\/#organization\",\"name\":\"El Digital de Asturias\",\"description\":\"Hemeroteca\",\"url\":\"https:\\\/\\\/www.eldigitaldeasturias.com\\\/noticias\\\/\",\"email\":\"info@eldigitaldeasturias.com\",\"telephone\":\"+34652131393\",\"logo\":{\"@type\":\"ImageObject\",\"url\":\"https:\\\/\\\/www.eldigitaldeasturias.com\\\/noticias\\\/wp-content\\\/uploads\\\/2020\\\/12\\\/EDA.jpg\",\"@id\":\"https:\\\/\\\/www.eldigitaldeasturias.com\\\/noticias\\\/el-ministerio-del-interior-y-down-espana-refuerzan-su-colaboracion\\\/#organizationLogo\"},\"image\":{\"@id\":\"https:\\\/\\\/www.eldigitaldeasturias.com\\\/noticias\\\/el-ministerio-del-interior-y-down-espana-refuerzan-su-colaboracion\\\/#organizationLogo\"},\"sameAs\":[\"https:\\\/\\\/facebook.com\\\/eldigitaldeasturias\",\"https:\\\/\\\/www.youtube.com\\\/channel\\\/UCZP-2wLEB9Rv6erhFmqVnvg\"],\"address\":{\"@id\":\"https:\\\/\\\/www.eldigitaldeasturias.com\\\/noticias\\\/#postaladdress\",\"@type\":\"PostalAddress\",\"streetAddress\":\"san antonio 4\",\"postalCode\":\"33430\",\"addressLocality\":\"Cand\\u00e1s\",\"addressRegion\":\"Asturias\",\"addressCountry\":\"ES\"}},{\"@type\":\"Person\",\"@id\":\"https:\\\/\\\/www.eldigitaldeasturias.com\\\/noticias\\\/author\\\/admin\\\/#author\",\"url\":\"https:\\\/\\\/www.eldigitaldeasturias.com\\\/noticias\\\/author\\\/admin\\\/\",\"name\":\"El Digital de Asturias\",\"image\":{\"@type\":\"ImageObject\",\"@id\":\"https:\\\/\\\/www.eldigitaldeasturias.com\\\/noticias\\\/el-ministerio-del-interior-y-down-espana-refuerzan-su-colaboracion\\\/#authorImage\",\"url\":\"https:\\\/\\\/secure.gravatar.com\\\/avatar\\\/df2aeffc32bcd13f8d26072ef8a91b623d677766deac7f97ca815868cd41bf5e?s=96&d=mm&r=g\",\"width\":96,\"height\":96,\"caption\":\"El Digital de Asturias\"}},{\"@type\":\"WebPage\",\"@id\":\"https:\\\/\\\/www.eldigitaldeasturias.com\\\/noticias\\\/el-ministerio-del-interior-y-down-espana-refuerzan-su-colaboracion\\\/#webpage\",\"url\":\"https:\\\/\\\/www.eldigitaldeasturias.com\\\/noticias\\\/el-ministerio-del-interior-y-down-espana-refuerzan-su-colaboracion\\\/\",\"name\":\"El Ministerio del Interior y Down Espa\\u00f1a refuerzan su colaboraci\\u00f3n - El Digital de Asturias\",\"description\":\"El secretario de Estado de Seguridad, Jos\\u00e9 Antonio Nieto, acompa\\u00f1ado por la comisaria jefa de la Unidad Central de Participaci\\u00f3n Ciudadana, Isabel Cabello, y el presidente de Down Espa\\u00f1a, Jos\\u00e9 Fabi\\u00e1n C\\u00e1mara, han renovado el acuerdo de colaboraci\\u00f3n que se firm\\u00f3 en marzo de 2015 y que ten\\u00eda una duraci\\u00f3n de dos a\\u00f1os prorrogables. Este\",\"inLanguage\":\"es-ES\",\"isPartOf\":{\"@id\":\"https:\\\/\\\/www.eldigitaldeasturias.com\\\/noticias\\\/#website\"},\"breadcrumb\":{\"@id\":\"https:\\\/\\\/www.eldigitaldeasturias.com\\\/noticias\\\/el-ministerio-del-interior-y-down-espana-refuerzan-su-colaboracion\\\/#breadcrumblist\"},\"author\":{\"@id\":\"https:\\\/\\\/www.eldigitaldeasturias.com\\\/noticias\\\/author\\\/admin\\\/#author\"},\"creator\":{\"@id\":\"https:\\\/\\\/www.eldigitaldeasturias.com\\\/noticias\\\/author\\\/admin\\\/#author\"},\"image\":{\"@type\":\"ImageObject\",\"url\":968713,\"@id\":\"https:\\\/\\\/www.eldigitaldeasturias.com\\\/noticias\\\/el-ministerio-del-interior-y-down-espana-refuerzan-su-colaboracion\\\/#mainImage\"},\"primaryImageOfPage\":{\"@id\":\"https:\\\/\\\/www.eldigitaldeasturias.com\\\/noticias\\\/el-ministerio-del-interior-y-down-espana-refuerzan-su-colaboracion\\\/#mainImage\"},\"datePublished\":\"2018-02-13T09:26:31+01:00\",\"dateModified\":\"2018-02-13T09:26:31+01:00\"},{\"@type\":\"WebSite\",\"@id\":\"https:\\\/\\\/www.eldigitaldeasturias.com\\\/noticias\\\/#website\",\"url\":\"https:\\\/\\\/www.eldigitaldeasturias.com\\\/noticias\\\/\",\"name\":\"El Digital de Asturias - Diario de actualidad y noticias\",\"alternateName\":\"El Digital de Asturias - Diario de actualidad y noticias\",\"description\":\"Hemeroteca\",\"inLanguage\":\"es-ES\",\"publisher\":{\"@id\":\"https:\\\/\\\/www.eldigitaldeasturias.com\\\/noticias\\\/#organization\"}}]}\n\t\t<\/script>\n\t\t<!-- All in One SEO Pro -->\r\n\t\t<title>El Ministerio del Interior y Down Espa\u00f1a refuerzan su colaboraci\u00f3n - El Digital de Asturias<\/title>\n\n","aioseo_head_json":{"title":"El Ministerio del Interior y Down Espa\u00f1a refuerzan su colaboraci\u00f3n - El Digital de Asturias","description":"El secretario de Estado de Seguridad, Jos\u00e9 Antonio Nieto, acompa\u00f1ado por la comisaria jefa de la Unidad Central de Participaci\u00f3n Ciudadana, Isabel Cabello, y el presidente de Down Espa\u00f1a, Jos\u00e9 Fabi\u00e1n C\u00e1mara, han renovado el acuerdo de colaboraci\u00f3n que se firm\u00f3 en marzo de 2015 y que ten\u00eda una duraci\u00f3n de dos a\u00f1os prorrogables. Este","canonical_url":"https:\/\/www.eldigitaldeasturias.com\/noticias\/el-ministerio-del-interior-y-down-espana-refuerzan-su-colaboracion\/","robots":"max-image-preview:large","keywords":"actualidad","webmasterTools":{"google-site-verification":"UA-38556648-1","msvalidate.01":"7dfe9f3f1b24437ab69f4f2559babe99","miscellaneous":""},"schema":{"@context":"https:\/\/schema.org","@graph":[{"@type":"BlogPosting","@id":"https:\/\/www.eldigitaldeasturias.com\/noticias\/el-ministerio-del-interior-y-down-espana-refuerzan-su-colaboracion\/#blogposting","name":"El Ministerio del Interior y Down Espa\u00f1a refuerzan su colaboraci\u00f3n - El Digital de Asturias","headline":"El Ministerio del Interior y Down Espa\u00f1a refuerzan su colaboraci\u00f3n","author":{"@id":"https:\/\/www.eldigitaldeasturias.com\/noticias\/author\/admin\/#author"},"publisher":{"@id":"https:\/\/www.eldigitaldeasturias.com\/noticias\/#organization"},"image":{"@type":"ImageObject","url":968713},"datePublished":"2018-02-13T09:26:31+01:00","dateModified":"2018-02-13T09:26:31+01:00","inLanguage":"es-ES","mainEntityOfPage":{"@id":"https:\/\/www.eldigitaldeasturias.com\/noticias\/el-ministerio-del-interior-y-down-espana-refuerzan-su-colaboracion\/#webpage"},"isPartOf":{"@id":"https:\/\/www.eldigitaldeasturias.com\/noticias\/el-ministerio-del-interior-y-down-espana-refuerzan-su-colaboracion\/#webpage"},"articleSection":"Actualidad"},{"@type":"BreadcrumbList","@id":"https:\/\/www.eldigitaldeasturias.com\/noticias\/el-ministerio-del-interior-y-down-espana-refuerzan-su-colaboracion\/#breadcrumblist","itemListElement":[{"@type":"ListItem","@id":"https:\/\/www.eldigitaldeasturias.com\/noticias#listItem","position":1,"name":"Home","item":"https:\/\/www.eldigitaldeasturias.com\/noticias","nextItem":{"@type":"ListItem","@id":"https:\/\/www.eldigitaldeasturias.com\/noticias\/category\/actualidad\/#listItem","name":"Actualidad"}},{"@type":"ListItem","@id":"https:\/\/www.eldigitaldeasturias.com\/noticias\/category\/actualidad\/#listItem","position":2,"name":"Actualidad","item":"https:\/\/www.eldigitaldeasturias.com\/noticias\/category\/actualidad\/","nextItem":{"@type":"ListItem","@id":"https:\/\/www.eldigitaldeasturias.com\/noticias\/el-ministerio-del-interior-y-down-espana-refuerzan-su-colaboracion\/#listItem","name":"El Ministerio del Interior y Down Espa\u00f1a refuerzan su colaboraci\u00f3n"},"previousItem":{"@type":"ListItem","@id":"https:\/\/www.eldigitaldeasturias.com\/noticias#listItem","name":"Home"}},{"@type":"ListItem","@id":"https:\/\/www.eldigitaldeasturias.com\/noticias\/el-ministerio-del-interior-y-down-espana-refuerzan-su-colaboracion\/#listItem","position":3,"name":"El Ministerio del Interior y Down Espa\u00f1a refuerzan su colaboraci\u00f3n","previousItem":{"@type":"ListItem","@id":"https:\/\/www.eldigitaldeasturias.com\/noticias\/category\/actualidad\/#listItem","name":"Actualidad"}}]},{"@type":"Organization","@id":"https:\/\/www.eldigitaldeasturias.com\/noticias\/#organization","name":"El Digital de Asturias","description":"Hemeroteca","url":"https:\/\/www.eldigitaldeasturias.com\/noticias\/","email":"info@eldigitaldeasturias.com","telephone":"+34652131393","logo":{"@type":"ImageObject","url":"https:\/\/www.eldigitaldeasturias.com\/noticias\/wp-content\/uploads\/2020\/12\/EDA.jpg","@id":"https:\/\/www.eldigitaldeasturias.com\/noticias\/el-ministerio-del-interior-y-down-espana-refuerzan-su-colaboracion\/#organizationLogo"},"image":{"@id":"https:\/\/www.eldigitaldeasturias.com\/noticias\/el-ministerio-del-interior-y-down-espana-refuerzan-su-colaboracion\/#organizationLogo"},"sameAs":["https:\/\/facebook.com\/eldigitaldeasturias","https:\/\/www.youtube.com\/channel\/UCZP-2wLEB9Rv6erhFmqVnvg"],"address":{"@id":"https:\/\/www.eldigitaldeasturias.com\/noticias\/#postaladdress","@type":"PostalAddress","streetAddress":"san antonio 4","postalCode":"33430","addressLocality":"Cand\u00e1s","addressRegion":"Asturias","addressCountry":"ES"}},{"@type":"Person","@id":"https:\/\/www.eldigitaldeasturias.com\/noticias\/author\/admin\/#author","url":"https:\/\/www.eldigitaldeasturias.com\/noticias\/author\/admin\/","name":"El Digital de Asturias","image":{"@type":"ImageObject","@id":"https:\/\/www.eldigitaldeasturias.com\/noticias\/el-ministerio-del-interior-y-down-espana-refuerzan-su-colaboracion\/#authorImage","url":"https:\/\/secure.gravatar.com\/avatar\/df2aeffc32bcd13f8d26072ef8a91b623d677766deac7f97ca815868cd41bf5e?s=96&d=mm&r=g","width":96,"height":96,"caption":"El Digital de Asturias"}},{"@type":"WebPage","@id":"https:\/\/www.eldigitaldeasturias.com\/noticias\/el-ministerio-del-interior-y-down-espana-refuerzan-su-colaboracion\/#webpage","url":"https:\/\/www.eldigitaldeasturias.com\/noticias\/el-ministerio-del-interior-y-down-espana-refuerzan-su-colaboracion\/","name":"El Ministerio del Interior y Down Espa\u00f1a refuerzan su colaboraci\u00f3n - El Digital de Asturias","description":"El secretario de Estado de Seguridad, Jos\u00e9 Antonio Nieto, acompa\u00f1ado por la comisaria jefa de la Unidad Central de Participaci\u00f3n Ciudadana, Isabel Cabello, y el presidente de Down Espa\u00f1a, Jos\u00e9 Fabi\u00e1n C\u00e1mara, han renovado el acuerdo de colaboraci\u00f3n que se firm\u00f3 en marzo de 2015 y que ten\u00eda una duraci\u00f3n de dos a\u00f1os prorrogables. Este","inLanguage":"es-ES","isPartOf":{"@id":"https:\/\/www.eldigitaldeasturias.com\/noticias\/#website"},"breadcrumb":{"@id":"https:\/\/www.eldigitaldeasturias.com\/noticias\/el-ministerio-del-interior-y-down-espana-refuerzan-su-colaboracion\/#breadcrumblist"},"author":{"@id":"https:\/\/www.eldigitaldeasturias.com\/noticias\/author\/admin\/#author"},"creator":{"@id":"https:\/\/www.eldigitaldeasturias.com\/noticias\/author\/admin\/#author"},"image":{"@type":"ImageObject","url":968713,"@id":"https:\/\/www.eldigitaldeasturias.com\/noticias\/el-ministerio-del-interior-y-down-espana-refuerzan-su-colaboracion\/#mainImage"},"primaryImageOfPage":{"@id":"https:\/\/www.eldigitaldeasturias.com\/noticias\/el-ministerio-del-interior-y-down-espana-refuerzan-su-colaboracion\/#mainImage"},"datePublished":"2018-02-13T09:26:31+01:00","dateModified":"2018-02-13T09:26:31+01:00"},{"@type":"WebSite","@id":"https:\/\/www.eldigitaldeasturias.com\/noticias\/#website","url":"https:\/\/www.eldigitaldeasturias.com\/noticias\/","name":"El Digital de Asturias - Diario de actualidad y noticias","alternateName":"El Digital de Asturias - Diario de actualidad y noticias","description":"Hemeroteca","inLanguage":"es-ES","publisher":{"@id":"https:\/\/www.eldigitaldeasturias.com\/noticias\/#organization"}}]},"og:locale":"es_ES","og:site_name":"El Digital de Asturias","og:type":"article","og:title":"El Ministerio del Interior y Down Espa\u00f1a refuerzan su colaboraci\u00f3n - El Digital de Asturias","og:description":"El secretario de Estado de Seguridad, Jos\u00e9 Antonio Nieto, acompa\u00f1ado por la comisaria jefa de la Unidad Central de Participaci\u00f3n Ciudadana, Isabel Cabello, y el presidente de Down Espa\u00f1a, Jos\u00e9 Fabi\u00e1n C\u00e1mara, han renovado el acuerdo de colaboraci\u00f3n que se firm\u00f3 en marzo de 2015 y que ten\u00eda una duraci\u00f3n de dos a\u00f1os prorrogables. Este","og:url":"https:\/\/www.eldigitaldeasturias.com\/noticias\/el-ministerio-del-interior-y-down-espana-refuerzan-su-colaboracion\/","article:tag":["actualidad"],"article:published_time":"2018-02-13T09:26:31+00:00","article:modified_time":"2018-02-13T09:26:31+00:00","article:publisher":"https:\/\/facebook.com\/eldigitaldeasturias","twitter:card":"summary_large_image","twitter:title":"El Ministerio del Interior y Down Espa\u00f1a refuerzan su colaboraci\u00f3n - El Digital de Asturias","twitter:description":"El secretario de Estado de Seguridad, Jos\u00e9 Antonio Nieto, acompa\u00f1ado por la comisaria jefa de la Unidad Central de Participaci\u00f3n Ciudadana, Isabel Cabello, y el presidente de Down Espa\u00f1a, Jos\u00e9 Fabi\u00e1n C\u00e1mara, han renovado el acuerdo de colaboraci\u00f3n que se firm\u00f3 en marzo de 2015 y que ten\u00eda una duraci\u00f3n de dos a\u00f1os prorrogables. Este","twitter:image":"https:\/\/www.eldigitaldeasturias.com\/noticias\/wp-content\/uploads\/2020\/12\/EDA-1.jpg","twitter:label1":"Escrito por","twitter:data1":"El Digital de Asturias","twitter:label2":"Tiempo de lectura estimado","twitter:data2":"4 minutos"},"aioseo_meta_data":{"post_id":"968712","title":null,"description":null,"keywords":null,"keyphrases":null,"primary_term":null,"canonical_url":null,"og_title":null,"og_description":null,"og_object_type":"default","og_image_type":"default","og_image_url":null,"og_image_width":null,"og_image_height":null,"og_image_custom_url":null,"og_image_custom_fields":null,"og_video":null,"og_custom_url":null,"og_article_section":null,"og_article_tags":null,"twitter_use_og":false,"twitter_card":"default","twitter_image_type":"default","twitter_image_url":null,"twitter_image_custom_url":null,"twitter_image_custom_fields":null,"twitter_title":null,"twitter_description":null,"schema":{"blockGraphs":[],"customGraphs":[],"default":{"data":{"Article":[],"Course":[],"Dataset":[],"FAQPage":[],"Movie":[],"Person":[],"Product":[],"ProductReview":[],"Car":[],"Recipe":[],"Service":[],"SoftwareApplication":[],"WebPage":[]},"graphName":"","isEnabled":true},"graphs":[],"defaultGraph":"","defaultPostTypeGraph":""},"schema_type":null,"schema_type_options":null,"pillar_content":false,"robots_default":true,"robots_noindex":false,"robots_noarchive":false,"robots_nosnippet":false,"robots_nofollow":false,"robots_noimageindex":false,"robots_noodp":false,"robots_notranslate":false,"robots_max_snippet":null,"robots_max_videopreview":null,"robots_max_imagepreview":"large","priority":null,"frequency":null,"local_seo":null,"seo_analyzer_scan_date":"2025-10-06 23:28:03","breadcrumb_settings":null,"limit_modified_date":false,"open_ai":null,"ai":null,"created":"2020-12-21 12:29:38","updated":"2025-10-06 23:28:03","focus_keyword":null,"additional_keywords":null,"truseo_locale":null},"aioseo_breadcrumb":"<div class=\"aioseo-breadcrumbs\"><span class=\"aioseo-breadcrumb\">\n\t<a href=\"https:\/\/www.eldigitaldeasturias.com\/noticias\" title=\"Home\">Home<\/a>\n<\/span><span class=\"aioseo-breadcrumb-separator\">\u2013<\/span><span class=\"aioseo-breadcrumb\">\n\t<a href=\"https:\/\/www.eldigitaldeasturias.com\/noticias\/category\/actualidad\/\" title=\"Actualidad\">Actualidad<\/a>\n<\/span><span class=\"aioseo-breadcrumb-separator\">\u2013<\/span><span class=\"aioseo-breadcrumb\">\n\t<a href=\"https:\/\/www.eldigitaldeasturias.com\/noticias\/el-ministerio-del-interior-y-down-espana-refuerzan-su-colaboracion\/\" title=\"El Ministerio del Interior y Down Espa\u00f1a refuerzan su colaboraci\u00f3n\">El Ministerio del Interior y Down Espa\u00f1a refuerzan su colaboraci\u00f3n<\/a>\n<\/span><\/div>","aioseo_breadcrumb_json":[{"label":"Home","link":"https:\/\/www.eldigitaldeasturias.com\/noticias"},{"label":"Actualidad","link":"https:\/\/www.eldigitaldeasturias.com\/noticias\/category\/actualidad\/"},{"label":"El Ministerio del Interior y Down Espa\u00f1a refuerzan su colaboraci\u00f3n","link":"https:\/\/www.eldigitaldeasturias.com\/noticias\/el-ministerio-del-interior-y-down-espana-refuerzan-su-colaboracion\/"}],"_links":{"self":[{"href":"https:\/\/www.eldigitaldeasturias.com\/noticias\/wp-json\/wp\/v2\/posts\/968712","targetHints":{"allow":["GET"]}}],"collection":[{"href":"https:\/\/www.eldigitaldeasturias.com\/noticias\/wp-json\/wp\/v2\/posts"}],"about":[{"href":"https:\/\/www.eldigitaldeasturias.com\/noticias\/wp-json\/wp\/v2\/types\/post"}],"author":[{"embeddable":true,"href":"https:\/\/www.eldigitaldeasturias.com\/noticias\/wp-json\/wp\/v2\/users\/1"}],"replies":[{"embeddable":true,"href":"https:\/\/www.eldigitaldeasturias.com\/noticias\/wp-json\/wp\/v2\/comments?post=968712"}],"version-history":[{"count":0,"href":"https:\/\/www.eldigitaldeasturias.com\/noticias\/wp-json\/wp\/v2\/posts\/968712\/revisions"}],"wp:attachment":[{"href":"https:\/\/www.eldigitaldeasturias.com\/noticias\/wp-json\/wp\/v2\/media?parent=968712"}],"wp:term":[{"taxonomy":"category","embeddable":true,"href":"https:\/\/www.eldigitaldeasturias.com\/noticias\/wp-json\/wp\/v2\/categories?post=968712"},{"taxonomy":"post_tag","embeddable":true,"href":"https:\/\/www.eldigitaldeasturias.com\/noticias\/wp-json\/wp\/v2\/tags?post=968712"}],"curies":[{"name":"wp","href":"https:\/\/api.w.org\/{rel}","templated":true}]}}