{"id":968704,"date":"2018-02-13T01:30:34","date_gmt":"2018-02-13T01:30:34","guid":{"rendered":"http:\/\/www.eldigitaldeasturias.com\/noticias\/?p=968704"},"modified":"2018-02-13T01:30:46","modified_gmt":"2018-02-13T01:30:46","slug":"susana-diaz-pide-mas-recursos-para-la-pac","status":"publish","type":"post","link":"https:\/\/www.eldigitaldeasturias.com\/noticias\/susana-diaz-pide-mas-recursos-para-la-pac\/","title":{"rendered":"Susana D\u00edaz pide m\u00e1s recursos para la PAC"},"content":{"rendered":"<p><img loading=\"lazy\" decoding=\"async\" class=\"alignleft size-medium wp-image-952192\" src=\"https:\/\/www.eldigitaldeasturias.com\/noticias\/wp-content\/uploads\/2017\/09\/Susana-360x221.jpg\" alt=\"\" width=\"360\" height=\"221\" \/>La presidenta de la Junta, Susana D\u00edaz, ha subrayado la necesidad de realizar \u00abun esfuerzo por parte de todos los pa\u00edses miembros\u00bb de la Uni\u00f3n Europea (UE) para que \u00abse aumenten los recursos que se destinan a la Pol\u00edtica Agraria Com\u00fan (PAC)\u00bb y que los productores \u00abno se vean de ninguna de las maneras afectados\u00bb en la negociaci\u00f3n del nuevo marco 2020-2027. Durante el acto conmemorativo del 40 aniversario de ASAJA-Sevilla, D\u00edaz ha trasladado al comisario europeo de Agricultura y Desarrollo Rural, Phil Hogan, la preocupaci\u00f3n del sector sobre cu\u00e1l va a ser el volumen de fondos con los que cuente la PAC en un futuro.<\/p>\n<p>La presidenta andaluza, que ha recordado que estas ayudas agrarias solo suponen un 0,38% del Producto Interior Bruto de toda la UE, ha incidido en que se prev\u00e9 una merma de recursos como consecuencia del Brexit y tambi\u00e9n \u00abporque vamos a entrar en un sistema diferente de reparto donde entrar\u00e1n otras regiones y, por tanto, somos m\u00e1s a repartir con menos recursos\u00bb. Para Susana D\u00edaz, Europa requiere de una \u00abPAC potente, vertebradora, justa, que d\u00e9 solidez a nuestro sector agroalimentario\u00bb porque, solo as\u00ed, ha dicho, se convertir\u00e1 en \u00abuna garant\u00eda para poner las bases del futuro del marco com\u00fan\u00bb.<\/p>\n<p>En el caso de Andaluc\u00eda, la presidenta ha reconocido que la PAC ha contribuido a la \u00abfijaci\u00f3n de la poblaci\u00f3n al territorio\u00bb y, por tanto, a la cohesi\u00f3n social. \u00abEl contar con menos de 800 municipios, con casi ocho millones de habitantes, es fruto del trabajo de nuestros productores, agricultores, ganaderos y tambi\u00e9n de esa PAC que es un camino de \u00e9xito\u00bb, que ha favorecido la mejora de las condiciones de vida de quienes trabajan en el campo, casi 250.000 familias andaluzas.<\/p>\n<p>Por ello, ha advertido, hay que \u00abseguir ayudando, aportando, cooperando para que el horizonte sea de m\u00e1s dignidad, m\u00e1s trabajo, mejor empleo y mejores beneficios\u00bb y acompa\u00f1ando el esfuerzo del sector agroalimentario para cambiar el modelo productivo \u00abinvirtiendo en innovaci\u00f3n, en desarrollo y en investigaci\u00f3n\u00bb. Para D\u00edaz, \u00abel compromiso colectivo\u00bb es lo que contribuye a que Andaluc\u00eda tenga, a cierre de 2017, una balanza comercial positiva de alrededor de 1.500 millones de euros. \u00abEl sector agroalimentario tiene mucho que ver y, aunque es cierto que uno de cada tres euros de las exportaciones tienen un alto o medio nivel tecnol\u00f3gico, ha hecho un esfuerzo enorme y necesita certidumbre y seguridad de cara al futuro\u00bb, ha remarcado.<\/p>\n<p>La presidenta andaluza tambi\u00e9n ha trasladado al comisario europeo de Agricultura y Desarrollo Rural la inquietud del Gobierno andaluz por \u00ablos aranceles abusivos, injustos y desproporcionados que est\u00e1 sufriendo nuestra aceituna negra de mesa por parte de la administraci\u00f3n ultraproteccionista de Trump\u00bb. Si bien ha reconocido el trabajo conjunto y el esfuerzo de la Junta y de las administraciones central y europea, ha dejado claro que \u00abno podemos permitirnos ni un minuto de relajaci\u00f3n porque hoy es la aceituna de mesa\u00bb, que afecta en torno a 8.000 familias fundamentalmente en la Sierra Sur sevillana y tiene un impacto econ\u00f3mico de 70 millones de euros, y ma\u00f1ana, puede ser objetivo de \u00abeste aviso a navegantes otros productos no solo en el \u00e1mbito agroalimentario sino del conjunto de los pa\u00edses de la propia Uni\u00f3n\u00bb.<\/p>\n<p>Susana D\u00edaz ha recordado que estos aranceles, de alrededor del 22%, lo \u00fanico que pretenden es \u00abexpulsar\u00bb del mercado estadounidense a empresas altamente competitivas \u00abque han innovado y que representan al 80% del negocio all\u00ed\u00bb.<\/p>\n<p><strong>Relevo generacional y precios justos<\/strong><\/p>\n<p>La presidenta andaluza ha tenido palabras hacia el relevo generacional que est\u00e1 viviendo el campo andaluz, lo que garantiza el futuro y supone \u00abuna puerta de esperanza\u00bb , y ha reivindicado \u00abprecios justos\u00bb para que la cadena productiva \u00absea m\u00e1s sostenible\u00bb. Para D\u00edaz, \u00abno es de recibo que lo que reciben nuestros productores en origen sea una quinta parte de lo que paga el consumidor en la terminal de venta\u00bb. Por eso, ha se\u00f1alado, es necesario \u00abrevisar ese tr\u00e1nsito por la cadena productiva que no permite que los precios sean acorde con el esfuerzo y el compromiso de nuestros productores en calidad\u00bb.<\/p>\n<p>En este mismo sentido, ha hecho un llamamiento al Gobierno de Espa\u00f1a para que los costes energ\u00e9ticos, tanto de electricidad como de agua en el sector, \u00absean justos\u00bb. D\u00edaz ha recordado que \u00aben el poniente y levante almeriense se consume una doceava parte (de agua) que en algunas huertas famosas del norte de Espa\u00f1a y eso es gracias a la inversi\u00f3n que se ha hecho en eficiencia y eficacia para ahorrar hasta el m\u00e1ximo en un recurso tan preciado\u00bb.<\/p>\n<p>Seg\u00fan la presidenta de la Junta, los agricultores y ganaderos andaluces deben \u00abtener la garant\u00eda de que somos competitivos pagando por el agua lo mismo que en otras zonas de Espa\u00f1a\u00bb y \u00abrevisando los costes energ\u00e9ticos que en estos momentos son desproporcionados en muchas de las producciones\u00bb.<\/p>\n<p><strong>40 a\u00f1os de ASAJA-Sevilla<\/strong><\/p>\n<p>La organizaci\u00f3n agraria ASAJA-Sevilla cumple 40 a\u00f1os como interlocutor del sector de una provincia que destaca por sus cultivos de olivar, c\u00edtricos, arroz y otros herb\u00e1ceos de regad\u00edo, adem\u00e1s de las producciones ganaderas ligadas a la dehesa, y que emplea a unos 35.000 ocupados de media (44.200 en el cuarto trimestre de 2017). Sevilla es la segunda provincia de la comunidad con mayor valor de producci\u00f3n agraria, con 2.123 millones de euros, y la tercera en renta agraria, con 1.346 millones. Entre enero y noviembre de 2017 export\u00f3 alimentos y bebidas por 2.555 millones de euros, un 10,43% m\u00e1s que en el mismo periodo del a\u00f1o anterior.<\/p>\n<p>La presidenta ha tenido palabras de agradecimiento y reconocimiento a \u00abaquellos 28 agricultores y ganaderos que echaron a andar bajo el lema &#8216;Defiende los intereses de lo agro, reivindica'\u00bb, as\u00ed como a todos los que han contribuido en este tiempo a lograr un cambio fundamental en el campo andaluz.<\/p>\n","protected":false},"excerpt":{"rendered":"<p>La presidenta de la Junta, Susana D\u00edaz, ha subrayado la necesidad de realizar \u00abun esfuerzo por parte de todos los pa\u00edses miembros\u00bb de la Uni\u00f3n Europea (UE) para que \u00abse aumenten los recursos que se destinan a la Pol\u00edtica Agraria Com\u00fan (PAC)\u00bb y que los productores \u00abno se vean de ninguna de las maneras afectados\u00bb [&hellip;]<\/p>\n","protected":false},"author":1,"featured_media":952192,"comment_status":"closed","ping_status":"closed","sticky":false,"template":"","format":"standard","meta":{"footnotes":""},"categories":[1],"tags":[],"class_list":["post-968704","post","type-post","status-publish","format-standard","has-post-thumbnail","hentry","category-actualidad"],"aioseo_notices":[],"aioseo_head":"\n\t\t<!-- All in One SEO Pro 5.0.1 - aioseo.com -->\n\t<meta name=\"description\" content=\"La presidenta de la Junta, Susana D\u00edaz, ha subrayado la necesidad de realizar &quot;un esfuerzo por parte de todos los pa\u00edses miembros&quot; de la Uni\u00f3n Europea (UE) para que &quot;se aumenten los recursos que se destinan a la Pol\u00edtica Agraria Com\u00fan (PAC)&quot; y que los productores &quot;no se vean de ninguna de las maneras afectados&quot;\" \/>\n\t<meta name=\"robots\" content=\"max-image-preview:large\" \/>\n\t<meta name=\"author\" content=\"El Digital de Asturias\"\/>\n\t<meta name=\"google-site-verification\" content=\"UA-38556648-1\" \/>\n\t<meta name=\"msvalidate.01\" content=\"7dfe9f3f1b24437ab69f4f2559babe99\" \/>\n\t<meta name=\"keywords\" content=\"actualidad\" \/>\n\t<link rel=\"canonical\" href=\"https:\/\/www.eldigitaldeasturias.com\/noticias\/susana-diaz-pide-mas-recursos-para-la-pac\/\" \/>\n\t<meta name=\"generator\" content=\"All in One SEO Pro (AIOSEO) 5.0.1\" \/>\n\t\t<meta property=\"og:locale\" content=\"es_ES\" \/>\n\t\t<meta property=\"og:site_name\" content=\"El Digital de Asturias\" \/>\n\t\t<meta property=\"og:type\" content=\"article\" \/>\n\t\t<meta property=\"og:title\" content=\"Susana D\u00edaz pide m\u00e1s recursos para la PAC - El Digital de Asturias\" \/>\n\t\t<meta property=\"og:description\" content=\"La presidenta de la Junta, Susana D\u00edaz, ha subrayado la necesidad de realizar &quot;un esfuerzo por parte de todos los pa\u00edses miembros&quot; de la Uni\u00f3n Europea (UE) para que &quot;se aumenten los recursos que se destinan a la Pol\u00edtica Agraria Com\u00fan (PAC)&quot; y que los productores &quot;no se vean de ninguna de las maneras afectados&quot;\" \/>\n\t\t<meta property=\"og:url\" content=\"https:\/\/www.eldigitaldeasturias.com\/noticias\/susana-diaz-pide-mas-recursos-para-la-pac\/\" \/>\n\t\t<meta property=\"article:tag\" content=\"actualidad\" \/>\n\t\t<meta property=\"article:published_time\" content=\"2018-02-13T01:30:34+00:00\" \/>\n\t\t<meta property=\"article:modified_time\" content=\"2018-02-13T01:30:46+00:00\" \/>\n\t\t<meta property=\"article:publisher\" content=\"https:\/\/facebook.com\/eldigitaldeasturias\" \/>\n\t\t<meta name=\"twitter:card\" content=\"summary_large_image\" \/>\n\t\t<meta name=\"twitter:title\" content=\"Susana D\u00edaz pide m\u00e1s recursos para la PAC - El Digital de Asturias\" \/>\n\t\t<meta name=\"twitter:description\" content=\"La presidenta de la Junta, Susana D\u00edaz, ha subrayado la necesidad de realizar &quot;un esfuerzo por parte de todos los pa\u00edses miembros&quot; de la Uni\u00f3n Europea (UE) para que &quot;se aumenten los recursos que se destinan a la Pol\u00edtica Agraria Com\u00fan (PAC)&quot; y que los productores &quot;no se vean de ninguna de las maneras afectados&quot;\" \/>\n\t\t<meta name=\"twitter:image\" content=\"https:\/\/www.eldigitaldeasturias.com\/noticias\/wp-content\/uploads\/2020\/12\/EDA-1.jpg\" \/>\n\t\t<meta name=\"twitter:label1\" content=\"Escrito por\" \/>\n\t\t<meta name=\"twitter:data1\" content=\"El Digital de Asturias\" \/>\n\t\t<meta name=\"twitter:label2\" content=\"Tiempo de lectura estimado\" \/>\n\t\t<meta name=\"twitter:data2\" content=\"5 minutos\" \/>\n\t\t<script type=\"application\/ld+json\" class=\"aioseo-schema\">\n\t\t\t{\"@context\":\"https:\\\/\\\/schema.org\",\"@graph\":[{\"@type\":\"BlogPosting\",\"@id\":\"https:\\\/\\\/www.eldigitaldeasturias.com\\\/noticias\\\/susana-diaz-pide-mas-recursos-para-la-pac\\\/#blogposting\",\"name\":\"Susana D\\u00edaz pide m\\u00e1s recursos para la PAC - El Digital de Asturias\",\"headline\":\"Susana D\\u00edaz pide m\\u00e1s recursos para la PAC\",\"author\":{\"@id\":\"https:\\\/\\\/www.eldigitaldeasturias.com\\\/noticias\\\/author\\\/admin\\\/#author\"},\"publisher\":{\"@id\":\"https:\\\/\\\/www.eldigitaldeasturias.com\\\/noticias\\\/#organization\"},\"image\":{\"@type\":\"ImageObject\",\"url\":952192},\"datePublished\":\"2018-02-13T01:30:34+01:00\",\"dateModified\":\"2018-02-13T01:30:46+01:00\",\"inLanguage\":\"es-ES\",\"mainEntityOfPage\":{\"@id\":\"https:\\\/\\\/www.eldigitaldeasturias.com\\\/noticias\\\/susana-diaz-pide-mas-recursos-para-la-pac\\\/#webpage\"},\"isPartOf\":{\"@id\":\"https:\\\/\\\/www.eldigitaldeasturias.com\\\/noticias\\\/susana-diaz-pide-mas-recursos-para-la-pac\\\/#webpage\"},\"articleSection\":\"Actualidad\"},{\"@type\":\"BreadcrumbList\",\"@id\":\"https:\\\/\\\/www.eldigitaldeasturias.com\\\/noticias\\\/susana-diaz-pide-mas-recursos-para-la-pac\\\/#breadcrumblist\",\"itemListElement\":[{\"@type\":\"ListItem\",\"@id\":\"https:\\\/\\\/www.eldigitaldeasturias.com\\\/noticias#listItem\",\"position\":1,\"name\":\"Home\",\"item\":\"https:\\\/\\\/www.eldigitaldeasturias.com\\\/noticias\",\"nextItem\":{\"@type\":\"ListItem\",\"@id\":\"https:\\\/\\\/www.eldigitaldeasturias.com\\\/noticias\\\/category\\\/actualidad\\\/#listItem\",\"name\":\"Actualidad\"}},{\"@type\":\"ListItem\",\"@id\":\"https:\\\/\\\/www.eldigitaldeasturias.com\\\/noticias\\\/category\\\/actualidad\\\/#listItem\",\"position\":2,\"name\":\"Actualidad\",\"item\":\"https:\\\/\\\/www.eldigitaldeasturias.com\\\/noticias\\\/category\\\/actualidad\\\/\",\"nextItem\":{\"@type\":\"ListItem\",\"@id\":\"https:\\\/\\\/www.eldigitaldeasturias.com\\\/noticias\\\/susana-diaz-pide-mas-recursos-para-la-pac\\\/#listItem\",\"name\":\"Susana D\\u00edaz pide m\\u00e1s recursos para la PAC\"},\"previousItem\":{\"@type\":\"ListItem\",\"@id\":\"https:\\\/\\\/www.eldigitaldeasturias.com\\\/noticias#listItem\",\"name\":\"Home\"}},{\"@type\":\"ListItem\",\"@id\":\"https:\\\/\\\/www.eldigitaldeasturias.com\\\/noticias\\\/susana-diaz-pide-mas-recursos-para-la-pac\\\/#listItem\",\"position\":3,\"name\":\"Susana D\\u00edaz pide m\\u00e1s recursos para la PAC\",\"previousItem\":{\"@type\":\"ListItem\",\"@id\":\"https:\\\/\\\/www.eldigitaldeasturias.com\\\/noticias\\\/category\\\/actualidad\\\/#listItem\",\"name\":\"Actualidad\"}}]},{\"@type\":\"Organization\",\"@id\":\"https:\\\/\\\/www.eldigitaldeasturias.com\\\/noticias\\\/#organization\",\"name\":\"El Digital de Asturias\",\"description\":\"Hemeroteca\",\"url\":\"https:\\\/\\\/www.eldigitaldeasturias.com\\\/noticias\\\/\",\"email\":\"info@eldigitaldeasturias.com\",\"telephone\":\"+34652131393\",\"logo\":{\"@type\":\"ImageObject\",\"url\":\"https:\\\/\\\/www.eldigitaldeasturias.com\\\/noticias\\\/wp-content\\\/uploads\\\/2020\\\/12\\\/EDA.jpg\",\"@id\":\"https:\\\/\\\/www.eldigitaldeasturias.com\\\/noticias\\\/susana-diaz-pide-mas-recursos-para-la-pac\\\/#organizationLogo\"},\"image\":{\"@id\":\"https:\\\/\\\/www.eldigitaldeasturias.com\\\/noticias\\\/susana-diaz-pide-mas-recursos-para-la-pac\\\/#organizationLogo\"},\"sameAs\":[\"https:\\\/\\\/facebook.com\\\/eldigitaldeasturias\",\"https:\\\/\\\/www.youtube.com\\\/channel\\\/UCZP-2wLEB9Rv6erhFmqVnvg\"],\"address\":{\"@id\":\"https:\\\/\\\/www.eldigitaldeasturias.com\\\/noticias\\\/#postaladdress\",\"@type\":\"PostalAddress\",\"streetAddress\":\"san antonio 4\",\"postalCode\":\"33430\",\"addressLocality\":\"Cand\\u00e1s\",\"addressRegion\":\"Asturias\",\"addressCountry\":\"ES\"}},{\"@type\":\"Person\",\"@id\":\"https:\\\/\\\/www.eldigitaldeasturias.com\\\/noticias\\\/author\\\/admin\\\/#author\",\"url\":\"https:\\\/\\\/www.eldigitaldeasturias.com\\\/noticias\\\/author\\\/admin\\\/\",\"name\":\"El Digital de Asturias\",\"image\":{\"@type\":\"ImageObject\",\"@id\":\"https:\\\/\\\/www.eldigitaldeasturias.com\\\/noticias\\\/susana-diaz-pide-mas-recursos-para-la-pac\\\/#authorImage\",\"url\":\"https:\\\/\\\/secure.gravatar.com\\\/avatar\\\/df2aeffc32bcd13f8d26072ef8a91b623d677766deac7f97ca815868cd41bf5e?s=96&d=mm&r=g\",\"width\":96,\"height\":96,\"caption\":\"El Digital de Asturias\"}},{\"@type\":\"WebPage\",\"@id\":\"https:\\\/\\\/www.eldigitaldeasturias.com\\\/noticias\\\/susana-diaz-pide-mas-recursos-para-la-pac\\\/#webpage\",\"url\":\"https:\\\/\\\/www.eldigitaldeasturias.com\\\/noticias\\\/susana-diaz-pide-mas-recursos-para-la-pac\\\/\",\"name\":\"Susana D\\u00edaz pide m\\u00e1s recursos para la PAC - El Digital de Asturias\",\"description\":\"La presidenta de la Junta, Susana D\\u00edaz, ha subrayado la necesidad de realizar \\\"un esfuerzo por parte de todos los pa\\u00edses miembros\\\" de la Uni\\u00f3n Europea (UE) para que \\\"se aumenten los recursos que se destinan a la Pol\\u00edtica Agraria Com\\u00fan (PAC)\\\" y que los productores \\\"no se vean de ninguna de las maneras afectados\\\"\",\"inLanguage\":\"es-ES\",\"isPartOf\":{\"@id\":\"https:\\\/\\\/www.eldigitaldeasturias.com\\\/noticias\\\/#website\"},\"breadcrumb\":{\"@id\":\"https:\\\/\\\/www.eldigitaldeasturias.com\\\/noticias\\\/susana-diaz-pide-mas-recursos-para-la-pac\\\/#breadcrumblist\"},\"author\":{\"@id\":\"https:\\\/\\\/www.eldigitaldeasturias.com\\\/noticias\\\/author\\\/admin\\\/#author\"},\"creator\":{\"@id\":\"https:\\\/\\\/www.eldigitaldeasturias.com\\\/noticias\\\/author\\\/admin\\\/#author\"},\"image\":{\"@type\":\"ImageObject\",\"url\":952192,\"@id\":\"https:\\\/\\\/www.eldigitaldeasturias.com\\\/noticias\\\/susana-diaz-pide-mas-recursos-para-la-pac\\\/#mainImage\"},\"primaryImageOfPage\":{\"@id\":\"https:\\\/\\\/www.eldigitaldeasturias.com\\\/noticias\\\/susana-diaz-pide-mas-recursos-para-la-pac\\\/#mainImage\"},\"datePublished\":\"2018-02-13T01:30:34+01:00\",\"dateModified\":\"2018-02-13T01:30:46+01:00\"},{\"@type\":\"WebSite\",\"@id\":\"https:\\\/\\\/www.eldigitaldeasturias.com\\\/noticias\\\/#website\",\"url\":\"https:\\\/\\\/www.eldigitaldeasturias.com\\\/noticias\\\/\",\"name\":\"El Digital de Asturias - Diario de actualidad y noticias\",\"alternateName\":\"El Digital de Asturias - Diario de actualidad y noticias\",\"description\":\"Hemeroteca\",\"inLanguage\":\"es-ES\",\"publisher\":{\"@id\":\"https:\\\/\\\/www.eldigitaldeasturias.com\\\/noticias\\\/#organization\"}}]}\n\t\t<\/script>\n\t\t<!-- All in One SEO Pro -->\r\n\t\t<title>Susana D\u00edaz pide m\u00e1s recursos para la PAC - El Digital de Asturias<\/title>\n\n","aioseo_head_json":{"title":"Susana D\u00edaz pide m\u00e1s recursos para la PAC - El Digital de Asturias","description":"La presidenta de la Junta, Susana D\u00edaz, ha subrayado la necesidad de realizar \"un esfuerzo por parte de todos los pa\u00edses miembros\" de la Uni\u00f3n Europea (UE) para que \"se aumenten los recursos que se destinan a la Pol\u00edtica Agraria Com\u00fan (PAC)\" y que los productores \"no se vean de ninguna de las maneras afectados\"","canonical_url":"https:\/\/www.eldigitaldeasturias.com\/noticias\/susana-diaz-pide-mas-recursos-para-la-pac\/","robots":"max-image-preview:large","keywords":"actualidad","webmasterTools":{"google-site-verification":"UA-38556648-1","msvalidate.01":"7dfe9f3f1b24437ab69f4f2559babe99","miscellaneous":""},"schema":{"@context":"https:\/\/schema.org","@graph":[{"@type":"BlogPosting","@id":"https:\/\/www.eldigitaldeasturias.com\/noticias\/susana-diaz-pide-mas-recursos-para-la-pac\/#blogposting","name":"Susana D\u00edaz pide m\u00e1s recursos para la PAC - El Digital de Asturias","headline":"Susana D\u00edaz pide m\u00e1s recursos para la PAC","author":{"@id":"https:\/\/www.eldigitaldeasturias.com\/noticias\/author\/admin\/#author"},"publisher":{"@id":"https:\/\/www.eldigitaldeasturias.com\/noticias\/#organization"},"image":{"@type":"ImageObject","url":952192},"datePublished":"2018-02-13T01:30:34+01:00","dateModified":"2018-02-13T01:30:46+01:00","inLanguage":"es-ES","mainEntityOfPage":{"@id":"https:\/\/www.eldigitaldeasturias.com\/noticias\/susana-diaz-pide-mas-recursos-para-la-pac\/#webpage"},"isPartOf":{"@id":"https:\/\/www.eldigitaldeasturias.com\/noticias\/susana-diaz-pide-mas-recursos-para-la-pac\/#webpage"},"articleSection":"Actualidad"},{"@type":"BreadcrumbList","@id":"https:\/\/www.eldigitaldeasturias.com\/noticias\/susana-diaz-pide-mas-recursos-para-la-pac\/#breadcrumblist","itemListElement":[{"@type":"ListItem","@id":"https:\/\/www.eldigitaldeasturias.com\/noticias#listItem","position":1,"name":"Home","item":"https:\/\/www.eldigitaldeasturias.com\/noticias","nextItem":{"@type":"ListItem","@id":"https:\/\/www.eldigitaldeasturias.com\/noticias\/category\/actualidad\/#listItem","name":"Actualidad"}},{"@type":"ListItem","@id":"https:\/\/www.eldigitaldeasturias.com\/noticias\/category\/actualidad\/#listItem","position":2,"name":"Actualidad","item":"https:\/\/www.eldigitaldeasturias.com\/noticias\/category\/actualidad\/","nextItem":{"@type":"ListItem","@id":"https:\/\/www.eldigitaldeasturias.com\/noticias\/susana-diaz-pide-mas-recursos-para-la-pac\/#listItem","name":"Susana D\u00edaz pide m\u00e1s recursos para la PAC"},"previousItem":{"@type":"ListItem","@id":"https:\/\/www.eldigitaldeasturias.com\/noticias#listItem","name":"Home"}},{"@type":"ListItem","@id":"https:\/\/www.eldigitaldeasturias.com\/noticias\/susana-diaz-pide-mas-recursos-para-la-pac\/#listItem","position":3,"name":"Susana D\u00edaz pide m\u00e1s recursos para la PAC","previousItem":{"@type":"ListItem","@id":"https:\/\/www.eldigitaldeasturias.com\/noticias\/category\/actualidad\/#listItem","name":"Actualidad"}}]},{"@type":"Organization","@id":"https:\/\/www.eldigitaldeasturias.com\/noticias\/#organization","name":"El Digital de Asturias","description":"Hemeroteca","url":"https:\/\/www.eldigitaldeasturias.com\/noticias\/","email":"info@eldigitaldeasturias.com","telephone":"+34652131393","logo":{"@type":"ImageObject","url":"https:\/\/www.eldigitaldeasturias.com\/noticias\/wp-content\/uploads\/2020\/12\/EDA.jpg","@id":"https:\/\/www.eldigitaldeasturias.com\/noticias\/susana-diaz-pide-mas-recursos-para-la-pac\/#organizationLogo"},"image":{"@id":"https:\/\/www.eldigitaldeasturias.com\/noticias\/susana-diaz-pide-mas-recursos-para-la-pac\/#organizationLogo"},"sameAs":["https:\/\/facebook.com\/eldigitaldeasturias","https:\/\/www.youtube.com\/channel\/UCZP-2wLEB9Rv6erhFmqVnvg"],"address":{"@id":"https:\/\/www.eldigitaldeasturias.com\/noticias\/#postaladdress","@type":"PostalAddress","streetAddress":"san antonio 4","postalCode":"33430","addressLocality":"Cand\u00e1s","addressRegion":"Asturias","addressCountry":"ES"}},{"@type":"Person","@id":"https:\/\/www.eldigitaldeasturias.com\/noticias\/author\/admin\/#author","url":"https:\/\/www.eldigitaldeasturias.com\/noticias\/author\/admin\/","name":"El Digital de Asturias","image":{"@type":"ImageObject","@id":"https:\/\/www.eldigitaldeasturias.com\/noticias\/susana-diaz-pide-mas-recursos-para-la-pac\/#authorImage","url":"https:\/\/secure.gravatar.com\/avatar\/df2aeffc32bcd13f8d26072ef8a91b623d677766deac7f97ca815868cd41bf5e?s=96&d=mm&r=g","width":96,"height":96,"caption":"El Digital de Asturias"}},{"@type":"WebPage","@id":"https:\/\/www.eldigitaldeasturias.com\/noticias\/susana-diaz-pide-mas-recursos-para-la-pac\/#webpage","url":"https:\/\/www.eldigitaldeasturias.com\/noticias\/susana-diaz-pide-mas-recursos-para-la-pac\/","name":"Susana D\u00edaz pide m\u00e1s recursos para la PAC - El Digital de Asturias","description":"La presidenta de la Junta, Susana D\u00edaz, ha subrayado la necesidad de realizar \"un esfuerzo por parte de todos los pa\u00edses miembros\" de la Uni\u00f3n Europea (UE) para que \"se aumenten los recursos que se destinan a la Pol\u00edtica Agraria Com\u00fan (PAC)\" y que los productores \"no se vean de ninguna de las maneras afectados\"","inLanguage":"es-ES","isPartOf":{"@id":"https:\/\/www.eldigitaldeasturias.com\/noticias\/#website"},"breadcrumb":{"@id":"https:\/\/www.eldigitaldeasturias.com\/noticias\/susana-diaz-pide-mas-recursos-para-la-pac\/#breadcrumblist"},"author":{"@id":"https:\/\/www.eldigitaldeasturias.com\/noticias\/author\/admin\/#author"},"creator":{"@id":"https:\/\/www.eldigitaldeasturias.com\/noticias\/author\/admin\/#author"},"image":{"@type":"ImageObject","url":952192,"@id":"https:\/\/www.eldigitaldeasturias.com\/noticias\/susana-diaz-pide-mas-recursos-para-la-pac\/#mainImage"},"primaryImageOfPage":{"@id":"https:\/\/www.eldigitaldeasturias.com\/noticias\/susana-diaz-pide-mas-recursos-para-la-pac\/#mainImage"},"datePublished":"2018-02-13T01:30:34+01:00","dateModified":"2018-02-13T01:30:46+01:00"},{"@type":"WebSite","@id":"https:\/\/www.eldigitaldeasturias.com\/noticias\/#website","url":"https:\/\/www.eldigitaldeasturias.com\/noticias\/","name":"El Digital de Asturias - Diario de actualidad y noticias","alternateName":"El Digital de Asturias - Diario de actualidad y noticias","description":"Hemeroteca","inLanguage":"es-ES","publisher":{"@id":"https:\/\/www.eldigitaldeasturias.com\/noticias\/#organization"}}]},"og:locale":"es_ES","og:site_name":"El Digital de Asturias","og:type":"article","og:title":"Susana D\u00edaz pide m\u00e1s recursos para la PAC - El Digital de Asturias","og:description":"La presidenta de la Junta, Susana D\u00edaz, ha subrayado la necesidad de realizar &quot;un esfuerzo por parte de todos los pa\u00edses miembros&quot; de la Uni\u00f3n Europea (UE) para que &quot;se aumenten los recursos que se destinan a la Pol\u00edtica Agraria Com\u00fan (PAC)&quot; y que los productores &quot;no se vean de ninguna de las maneras afectados&quot;","og:url":"https:\/\/www.eldigitaldeasturias.com\/noticias\/susana-diaz-pide-mas-recursos-para-la-pac\/","article:tag":["actualidad"],"article:published_time":"2018-02-13T01:30:34+00:00","article:modified_time":"2018-02-13T01:30:46+00:00","article:publisher":"https:\/\/facebook.com\/eldigitaldeasturias","twitter:card":"summary_large_image","twitter:title":"Susana D\u00edaz pide m\u00e1s recursos para la PAC - El Digital de Asturias","twitter:description":"La presidenta de la Junta, Susana D\u00edaz, ha subrayado la necesidad de realizar &quot;un esfuerzo por parte de todos los pa\u00edses miembros&quot; de la Uni\u00f3n Europea (UE) para que &quot;se aumenten los recursos que se destinan a la Pol\u00edtica Agraria Com\u00fan (PAC)&quot; y que los productores &quot;no se vean de ninguna de las maneras afectados&quot;","twitter:image":"https:\/\/www.eldigitaldeasturias.com\/noticias\/wp-content\/uploads\/2020\/12\/EDA-1.jpg","twitter:label1":"Escrito por","twitter:data1":"El Digital de Asturias","twitter:label2":"Tiempo de lectura estimado","twitter:data2":"5 minutos"},"aioseo_meta_data":{"post_id":"968704","title":null,"description":null,"keywords":null,"keyphrases":null,"primary_term":null,"canonical_url":null,"og_title":null,"og_description":null,"og_object_type":"default","og_image_type":"default","og_image_url":null,"og_image_width":null,"og_image_height":null,"og_image_custom_url":null,"og_image_custom_fields":null,"og_video":null,"og_custom_url":null,"og_article_section":null,"og_article_tags":null,"twitter_use_og":false,"twitter_card":"default","twitter_image_type":"default","twitter_image_url":null,"twitter_image_custom_url":null,"twitter_image_custom_fields":null,"twitter_title":null,"twitter_description":null,"schema":{"blockGraphs":[],"customGraphs":[],"default":{"data":{"Article":[],"Course":[],"Dataset":[],"FAQPage":[],"Movie":[],"Person":[],"Product":[],"ProductReview":[],"Car":[],"Recipe":[],"Service":[],"SoftwareApplication":[],"WebPage":[]},"graphName":"","isEnabled":true},"graphs":[],"defaultGraph":"","defaultPostTypeGraph":""},"schema_type":null,"schema_type_options":null,"pillar_content":false,"robots_default":true,"robots_noindex":false,"robots_noarchive":false,"robots_nosnippet":false,"robots_nofollow":false,"robots_noimageindex":false,"robots_noodp":false,"robots_notranslate":false,"robots_max_snippet":null,"robots_max_videopreview":null,"robots_max_imagepreview":"large","priority":null,"frequency":null,"local_seo":null,"seo_analyzer_scan_date":"2025-10-06 23:26:03","breadcrumb_settings":null,"limit_modified_date":false,"open_ai":null,"ai":null,"created":"2020-12-21 12:29:38","updated":"2025-10-06 23:26:03","focus_keyword":null,"additional_keywords":null,"truseo_locale":null},"aioseo_breadcrumb":"<div class=\"aioseo-breadcrumbs\"><span class=\"aioseo-breadcrumb\">\n\t<a href=\"https:\/\/www.eldigitaldeasturias.com\/noticias\" title=\"Home\">Home<\/a>\n<\/span><span class=\"aioseo-breadcrumb-separator\">\u2013<\/span><span class=\"aioseo-breadcrumb\">\n\t<a href=\"https:\/\/www.eldigitaldeasturias.com\/noticias\/category\/actualidad\/\" title=\"Actualidad\">Actualidad<\/a>\n<\/span><span class=\"aioseo-breadcrumb-separator\">\u2013<\/span><span class=\"aioseo-breadcrumb\">\n\t<a href=\"https:\/\/www.eldigitaldeasturias.com\/noticias\/susana-diaz-pide-mas-recursos-para-la-pac\/\" title=\"Susana D\u00edaz pide m\u00e1s recursos para la PAC\">Susana D\u00edaz pide m\u00e1s recursos para la PAC<\/a>\n<\/span><\/div>","aioseo_breadcrumb_json":[{"label":"Home","link":"https:\/\/www.eldigitaldeasturias.com\/noticias"},{"label":"Actualidad","link":"https:\/\/www.eldigitaldeasturias.com\/noticias\/category\/actualidad\/"},{"label":"Susana D\u00edaz pide m\u00e1s recursos para la PAC","link":"https:\/\/www.eldigitaldeasturias.com\/noticias\/susana-diaz-pide-mas-recursos-para-la-pac\/"}],"_links":{"self":[{"href":"https:\/\/www.eldigitaldeasturias.com\/noticias\/wp-json\/wp\/v2\/posts\/968704","targetHints":{"allow":["GET"]}}],"collection":[{"href":"https:\/\/www.eldigitaldeasturias.com\/noticias\/wp-json\/wp\/v2\/posts"}],"about":[{"href":"https:\/\/www.eldigitaldeasturias.com\/noticias\/wp-json\/wp\/v2\/types\/post"}],"author":[{"embeddable":true,"href":"https:\/\/www.eldigitaldeasturias.com\/noticias\/wp-json\/wp\/v2\/users\/1"}],"replies":[{"embeddable":true,"href":"https:\/\/www.eldigitaldeasturias.com\/noticias\/wp-json\/wp\/v2\/comments?post=968704"}],"version-history":[{"count":0,"href":"https:\/\/www.eldigitaldeasturias.com\/noticias\/wp-json\/wp\/v2\/posts\/968704\/revisions"}],"wp:attachment":[{"href":"https:\/\/www.eldigitaldeasturias.com\/noticias\/wp-json\/wp\/v2\/media?parent=968704"}],"wp:term":[{"taxonomy":"category","embeddable":true,"href":"https:\/\/www.eldigitaldeasturias.com\/noticias\/wp-json\/wp\/v2\/categories?post=968704"},{"taxonomy":"post_tag","embeddable":true,"href":"https:\/\/www.eldigitaldeasturias.com\/noticias\/wp-json\/wp\/v2\/tags?post=968704"}],"curies":[{"name":"wp","href":"https:\/\/api.w.org\/{rel}","templated":true}]}}