{"id":968660,"date":"2018-02-12T15:24:21","date_gmt":"2018-02-12T15:24:21","guid":{"rendered":"http:\/\/www.eldigitaldeasturias.com\/noticias\/?p=968660"},"modified":"2018-02-12T15:24:21","modified_gmt":"2018-02-12T15:24:21","slug":"los-reyes-entregan-los-premios-nacionales-de-innovacion-y-de-diseno-2017","status":"publish","type":"post","link":"https:\/\/www.eldigitaldeasturias.com\/noticias\/los-reyes-entregan-los-premios-nacionales-de-innovacion-y-de-diseno-2017\/","title":{"rendered":"Los Reyes entregan los Premios Nacionales de Innovaci\u00f3n y de Dise\u00f1o 2017"},"content":{"rendered":"<p><img loading=\"lazy\" decoding=\"async\" class=\"alignleft size-medium wp-image-968661\" src=\"https:\/\/www.eldigitaldeasturias.com\/noticias\/wp-content\/uploads\/2018\/02\/120218PremiosInnovacion2017-360x239.jpg\" alt=\"\" width=\"360\" height=\"239\" srcset=\"https:\/\/www.eldigitaldeasturias.com\/noticias\/wp-content\/uploads\/2018\/02\/120218PremiosInnovacion2017-360x239.jpg 360w, https:\/\/www.eldigitaldeasturias.com\/noticias\/wp-content\/uploads\/2018\/02\/120218PremiosInnovacion2017.jpg 496w\" sizes=\"auto, (max-width: 360px) 100vw, 360px\" \/>SS.MM. los Reyes, acompa\u00f1ados por la secretaria de Estado de I+D+i, Carmen Vela, han entregado los Premios Nacionales de Innovaci\u00f3n y de Dise\u00f1o 2017, que otorga el Ministerio de Econom\u00eda, Industria y Competitividad. Los galardonados han sido Antonio Mu\u00f1oz Beraza, la Sociedad Espa\u00f1ola de Electromedicina y Calidad (SEDECAL), Manuel Estrada P\u00e9rez y la empresa Actiu Berbegal y Formas.<\/p>\n<p>\u200bEstos premios reconocen la innovaci\u00f3n y el dise\u00f1o como factores esenciales para aumentar la competitividad, el rendimiento econ\u00f3mico y la calidad de vida a los ciudadanos. Con ellos se trata de fomentar la cultura del dise\u00f1o y de la innovaci\u00f3n en Espa\u00f1a, tanto en el \u00e1mbito empresarial como en el conjunto de la sociedad.<\/p>\n<p>La evaluaci\u00f3n de las candidaturas presentadas se realiza por dos jurados distintos, uno para los Premios Nacionales de Innovaci\u00f3n y otro para los Premios Nacionales de Dise\u00f1o. Estos jurados, formados por profesionales de reconocido prestigio en los \u00e1mbitos de la innovaci\u00f3n y el dise\u00f1o, han decidido que los premiados en 2017 sean los siguientes.<\/p>\n<p><strong>Premios Nacionales de Dise\u00f1o 2017<\/strong><\/p>\n<p>Premio Nacional a la &#8216;Trayectoria Innovadora&#8217;: Antonio Mu\u00f1oz Beraza<br \/>\nEl jurado ha destacado la apuesta por la innovaci\u00f3n del fundador de la empresa AMC Juices, as\u00ed como la pr\u00e1ctica de una estrategia empresarial basada en la inversi\u00f3n en I+D+i como motor del crecimiento empresarial y la creaci\u00f3n de ventajas competitivas en la diferenciaci\u00f3n de sus productos. El jurado ha se\u00f1alado igualmente su contribuci\u00f3n a la difusi\u00f3n de la innovaci\u00f3n agroalimentaria espa\u00f1ola y a la creaci\u00f3n de empleo de alto valor a\u00f1adido, proyectando una imagen innovadora y altamente competitiva en el resto del mundo.<\/p>\n<p>AMC Juices Holding es parte de AMC Group, segundo grupo espa\u00f1ol de alimentaci\u00f3n en ventas internacionales y l\u00edder europeo en I+D con m\u00e1s de 150 investigadores y tecn\u00f3logos. La filial AMC Innova est\u00e1 realizando19 proyectos en programas europeos y nacionales a trav\u00e9s de los cuales desarrolla nuevas patentes y productos.<\/p>\n<p><strong>Premio Nacional a la &#8216;Internacionalizaci\u00f3n&#8217;: Sociedad Espa\u00f1ola de Electromedicina y Calidad (SEDECAL)<\/strong><\/p>\n<p>SEDECAL fue fundada en 1994 con capital 100% espa\u00f1ol. Sus actividades se centran en el dise\u00f1o, fabricaci\u00f3n, comercializaci\u00f3n, instalaci\u00f3n y mantenimiento de equipos m\u00e9dicos en el \u00e1mbito de la salud y sanidad animal. El jurado destac\u00f3 su liderazgo internacional, la fuerte inversi\u00f3n en I+D+i, el impacto directo en el empleo (m\u00e1s de 700 puestos de trabajo), y una actividad exportadora a m\u00e1s de 160 pa\u00edses que representa un cerca del 95% de la facturaci\u00f3n de la empresa, cifra que consiguen comercializando su propia marca as\u00ed como actuando como proveedores de los m\u00e1s grandes fabricantes del sector a nivel global.<\/p>\n<p>El jurado tambi\u00e9n destac\u00f3 el compromiso continuo y sostenido de la empresa en materia de innovaci\u00f3n tecnol\u00f3gica como motor de crecimiento y proyecci\u00f3n internacional.<\/p>\n<p><strong>Premios Nacionales de Dise\u00f1o 2017<\/strong><\/p>\n<p>Premio Nacional de Dise\u00f1o para la categor\u00eda de Profesionales: Manuel Estrada P\u00e9rez<br \/>\nEl jurado destac\u00f3 su intensa actividad profesional comprometida con la comunicaci\u00f3n a trav\u00e9s de las im\u00e1genes, as\u00ed como su extraordinaria capacidad para el desarrollo de diferentes l\u00edneas proyectuales como son la identidad corporativa, el dise\u00f1o editorial, y la definici\u00f3n de espacios expositivos y comunicativos. Tambi\u00e9n incidi\u00f3 en su creatividad rigurosa y resolutiva que ha manifestado de manera coherente con su estilo y personalidad a lo largo de toda trayectoria profesional.<\/p>\n<p>Adem\u00e1s, el fallo tuvo en cuenta su capacidad para conectar eficazmente la cultura con el tejido empresarial, contribuyendo de manera significativa aprofesionalizar el mundo del dise\u00f1o. Tambi\u00e9n valor\u00f3 especialmente sus aportaciones en el sector editorial, que han provocado un cambio radical en la l\u00ednea gr\u00e1fica y comunicativa, lo que le ha convertido en un referente del dise\u00f1o gr\u00e1fico espa\u00f1ol, d\u00e1ndole reconocimiento internacional. Otro de los aspectos destacados de Estrada es su compromiso con la promoci\u00f3n del dise\u00f1o y la formaci\u00f3n de las nuevas generaciones y con el papel y la imagen de Espa\u00f1a en el mundo.<\/p>\n<p>Premio Nacional de Dise\u00f1o para la categor\u00eda de Empresas: Actiu Berbegal y Formas<br \/>\nEl fallo del jurado destaca la empresa como ejemplo de superaci\u00f3n, ya que inici\u00f3 su actividad como un peque\u00f1o taller de muebles por encargo, cuyo progreso se ha basado en el valor estrat\u00e9gico del dise\u00f1o, lo que le ha permitido posicionarse en el mercado global como referente en el sector del mobiliario para espacios de trabajo y colectividades. Adem\u00e1s, el jurado valor\u00f3 el crecimiento continuo y sostenido y destac\u00f3 su capacidad para valorizar el dise\u00f1o, identificar y explotar nuevas oportunidades de expandir el negocio y lograr un crecimiento rentable a lo largo de su medio siglo de trayectoria profesional.<\/p>\n<p>Tambi\u00e9n se consider\u00f3 favorable que la empresa alicantina tuviera un departamento propio de dise\u00f1o, as\u00ed como su permanente colaboraci\u00f3n con otros profesionales del \u00e1mbito de la arquitectura, el dise\u00f1o de producto gr\u00e1fico e interiorismo. Adem\u00e1s, su apuesta por la inversi\u00f3n en I+D y su compromiso con el medioambiente han sido dos aspectos rese\u00f1ables, junto con su proyecci\u00f3n internacional, con &#8216;showrooms&#8217; en m\u00e1s de 90 pa\u00edses.<\/p>\n","protected":false},"excerpt":{"rendered":"<p>SS.MM. los Reyes, acompa\u00f1ados por la secretaria de Estado de I+D+i, Carmen Vela, han entregado los Premios Nacionales de Innovaci\u00f3n y de Dise\u00f1o 2017, que otorga el Ministerio de Econom\u00eda, Industria y Competitividad. Los galardonados han sido Antonio Mu\u00f1oz Beraza, la Sociedad Espa\u00f1ola de Electromedicina y Calidad (SEDECAL), Manuel Estrada P\u00e9rez y la empresa Actiu [&hellip;]<\/p>\n","protected":false},"author":1,"featured_media":968661,"comment_status":"closed","ping_status":"closed","sticky":false,"template":"","format":"standard","meta":{"footnotes":""},"categories":[1],"tags":[],"class_list":["post-968660","post","type-post","status-publish","format-standard","has-post-thumbnail","hentry","category-actualidad"],"aioseo_notices":[],"aioseo_head":"\n\t\t<!-- All in One SEO Pro 4.9.6.2 - aioseo.com -->\n\t<meta name=\"description\" content=\"SS.MM. los Reyes, acompa\u00f1ados por la secretaria de Estado de I+D+i, Carmen Vela, han entregado los Premios Nacionales de Innovaci\u00f3n y de Dise\u00f1o 2017, que otorga el Ministerio de Econom\u00eda, Industria y Competitividad. Los galardonados han sido Antonio Mu\u00f1oz Beraza, la Sociedad Espa\u00f1ola de Electromedicina y Calidad (SEDECAL), Manuel Estrada P\u00e9rez y la empresa Actiu\" \/>\n\t<meta name=\"robots\" content=\"max-image-preview:large\" \/>\n\t<meta name=\"author\" content=\"El Digital de Asturias\"\/>\n\t<meta name=\"google-site-verification\" content=\"UA-38556648-1\" \/>\n\t<meta name=\"msvalidate.01\" content=\"7dfe9f3f1b24437ab69f4f2559babe99\" \/>\n\t<meta name=\"keywords\" content=\"actualidad\" \/>\n\t<link rel=\"canonical\" href=\"https:\/\/www.eldigitaldeasturias.com\/noticias\/los-reyes-entregan-los-premios-nacionales-de-innovacion-y-de-diseno-2017\/\" \/>\n\t<meta name=\"generator\" content=\"All in One SEO Pro (AIOSEO) 4.9.6.2\" \/>\n\t\t<meta property=\"og:locale\" content=\"es_ES\" \/>\n\t\t<meta property=\"og:site_name\" content=\"El Digital de Asturias\" \/>\n\t\t<meta property=\"og:type\" content=\"article\" \/>\n\t\t<meta property=\"og:title\" content=\"Los Reyes entregan los Premios Nacionales de Innovaci\u00f3n y de Dise\u00f1o 2017 - El Digital de Asturias\" \/>\n\t\t<meta property=\"og:description\" content=\"SS.MM. los Reyes, acompa\u00f1ados por la secretaria de Estado de I+D+i, Carmen Vela, han entregado los Premios Nacionales de Innovaci\u00f3n y de Dise\u00f1o 2017, que otorga el Ministerio de Econom\u00eda, Industria y Competitividad. Los galardonados han sido Antonio Mu\u00f1oz Beraza, la Sociedad Espa\u00f1ola de Electromedicina y Calidad (SEDECAL), Manuel Estrada P\u00e9rez y la empresa Actiu\" \/>\n\t\t<meta property=\"og:url\" content=\"https:\/\/www.eldigitaldeasturias.com\/noticias\/los-reyes-entregan-los-premios-nacionales-de-innovacion-y-de-diseno-2017\/\" \/>\n\t\t<meta property=\"og:image\" content=\"https:\/\/www.eldigitaldeasturias.com\/noticias\/wp-content\/uploads\/2018\/02\/120218PremiosInnovacion2017.jpg\" \/>\n\t\t<meta property=\"og:image:secure_url\" content=\"https:\/\/www.eldigitaldeasturias.com\/noticias\/wp-content\/uploads\/2018\/02\/120218PremiosInnovacion2017.jpg\" \/>\n\t\t<meta property=\"og:image:width\" content=\"496\" \/>\n\t\t<meta property=\"og:image:height\" content=\"329\" \/>\n\t\t<meta property=\"article:tag\" content=\"actualidad\" \/>\n\t\t<meta property=\"article:published_time\" content=\"2018-02-12T15:24:21+00:00\" \/>\n\t\t<meta property=\"article:modified_time\" content=\"2018-02-12T15:24:21+00:00\" \/>\n\t\t<meta property=\"article:publisher\" content=\"https:\/\/facebook.com\/eldigitaldeasturias\" \/>\n\t\t<meta name=\"twitter:card\" content=\"summary_large_image\" \/>\n\t\t<meta name=\"twitter:title\" content=\"Los Reyes entregan los Premios Nacionales de Innovaci\u00f3n y de Dise\u00f1o 2017 - El Digital de Asturias\" \/>\n\t\t<meta name=\"twitter:description\" content=\"SS.MM. los Reyes, acompa\u00f1ados por la secretaria de Estado de I+D+i, Carmen Vela, han entregado los Premios Nacionales de Innovaci\u00f3n y de Dise\u00f1o 2017, que otorga el Ministerio de Econom\u00eda, Industria y Competitividad. Los galardonados han sido Antonio Mu\u00f1oz Beraza, la Sociedad Espa\u00f1ola de Electromedicina y Calidad (SEDECAL), Manuel Estrada P\u00e9rez y la empresa Actiu\" \/>\n\t\t<meta name=\"twitter:image\" content=\"https:\/\/www.eldigitaldeasturias.com\/noticias\/wp-content\/uploads\/2018\/02\/120218PremiosInnovacion2017.jpg\" \/>\n\t\t<meta name=\"twitter:label1\" content=\"Escrito por\" \/>\n\t\t<meta name=\"twitter:data1\" content=\"El Digital de Asturias\" \/>\n\t\t<meta name=\"twitter:label2\" content=\"Tiempo de lectura estimado\" \/>\n\t\t<meta name=\"twitter:data2\" content=\"5 minutos\" \/>\n\t\t<script type=\"application\/ld+json\" class=\"aioseo-schema\">\n\t\t\t{\"@context\":\"https:\\\/\\\/schema.org\",\"@graph\":[{\"@type\":\"BlogPosting\",\"@id\":\"https:\\\/\\\/www.eldigitaldeasturias.com\\\/noticias\\\/los-reyes-entregan-los-premios-nacionales-de-innovacion-y-de-diseno-2017\\\/#blogposting\",\"name\":\"Los Reyes entregan los Premios Nacionales de Innovaci\\u00f3n y de Dise\\u00f1o 2017 - El Digital de Asturias\",\"headline\":\"Los Reyes entregan los Premios Nacionales de Innovaci\\u00f3n y de Dise\\u00f1o 2017\",\"author\":{\"@id\":\"https:\\\/\\\/www.eldigitaldeasturias.com\\\/noticias\\\/author\\\/admin\\\/#author\"},\"publisher\":{\"@id\":\"https:\\\/\\\/www.eldigitaldeasturias.com\\\/noticias\\\/#organization\"},\"image\":{\"@type\":\"ImageObject\",\"url\":\"https:\\\/\\\/www.eldigitaldeasturias.com\\\/noticias\\\/wp-content\\\/uploads\\\/2018\\\/02\\\/120218PremiosInnovacion2017.jpg\",\"width\":496,\"height\":329},\"datePublished\":\"2018-02-12T15:24:21+01:00\",\"dateModified\":\"2018-02-12T15:24:21+01:00\",\"inLanguage\":\"es-ES\",\"mainEntityOfPage\":{\"@id\":\"https:\\\/\\\/www.eldigitaldeasturias.com\\\/noticias\\\/los-reyes-entregan-los-premios-nacionales-de-innovacion-y-de-diseno-2017\\\/#webpage\"},\"isPartOf\":{\"@id\":\"https:\\\/\\\/www.eldigitaldeasturias.com\\\/noticias\\\/los-reyes-entregan-los-premios-nacionales-de-innovacion-y-de-diseno-2017\\\/#webpage\"},\"articleSection\":\"Actualidad\"},{\"@type\":\"BreadcrumbList\",\"@id\":\"https:\\\/\\\/www.eldigitaldeasturias.com\\\/noticias\\\/los-reyes-entregan-los-premios-nacionales-de-innovacion-y-de-diseno-2017\\\/#breadcrumblist\",\"itemListElement\":[{\"@type\":\"ListItem\",\"@id\":\"https:\\\/\\\/www.eldigitaldeasturias.com\\\/noticias#listItem\",\"position\":1,\"name\":\"Home\",\"item\":\"https:\\\/\\\/www.eldigitaldeasturias.com\\\/noticias\",\"nextItem\":{\"@type\":\"ListItem\",\"@id\":\"https:\\\/\\\/www.eldigitaldeasturias.com\\\/noticias\\\/category\\\/actualidad\\\/#listItem\",\"name\":\"Actualidad\"}},{\"@type\":\"ListItem\",\"@id\":\"https:\\\/\\\/www.eldigitaldeasturias.com\\\/noticias\\\/category\\\/actualidad\\\/#listItem\",\"position\":2,\"name\":\"Actualidad\",\"item\":\"https:\\\/\\\/www.eldigitaldeasturias.com\\\/noticias\\\/category\\\/actualidad\\\/\",\"nextItem\":{\"@type\":\"ListItem\",\"@id\":\"https:\\\/\\\/www.eldigitaldeasturias.com\\\/noticias\\\/los-reyes-entregan-los-premios-nacionales-de-innovacion-y-de-diseno-2017\\\/#listItem\",\"name\":\"Los Reyes entregan los Premios Nacionales de Innovaci\\u00f3n y de Dise\\u00f1o 2017\"},\"previousItem\":{\"@type\":\"ListItem\",\"@id\":\"https:\\\/\\\/www.eldigitaldeasturias.com\\\/noticias#listItem\",\"name\":\"Home\"}},{\"@type\":\"ListItem\",\"@id\":\"https:\\\/\\\/www.eldigitaldeasturias.com\\\/noticias\\\/los-reyes-entregan-los-premios-nacionales-de-innovacion-y-de-diseno-2017\\\/#listItem\",\"position\":3,\"name\":\"Los Reyes entregan los Premios Nacionales de Innovaci\\u00f3n y de Dise\\u00f1o 2017\",\"previousItem\":{\"@type\":\"ListItem\",\"@id\":\"https:\\\/\\\/www.eldigitaldeasturias.com\\\/noticias\\\/category\\\/actualidad\\\/#listItem\",\"name\":\"Actualidad\"}}]},{\"@type\":\"Organization\",\"@id\":\"https:\\\/\\\/www.eldigitaldeasturias.com\\\/noticias\\\/#organization\",\"name\":\"El Digital de Asturias\",\"description\":\"Hemeroteca\",\"url\":\"https:\\\/\\\/www.eldigitaldeasturias.com\\\/noticias\\\/\",\"email\":\"info@eldigitaldeasturias.com\",\"telephone\":\"+34652131393\",\"logo\":{\"@type\":\"ImageObject\",\"url\":\"https:\\\/\\\/www.eldigitaldeasturias.com\\\/noticias\\\/wp-content\\\/uploads\\\/2020\\\/12\\\/EDA.jpg\",\"@id\":\"https:\\\/\\\/www.eldigitaldeasturias.com\\\/noticias\\\/los-reyes-entregan-los-premios-nacionales-de-innovacion-y-de-diseno-2017\\\/#organizationLogo\",\"width\":649,\"height\":297},\"image\":{\"@id\":\"https:\\\/\\\/www.eldigitaldeasturias.com\\\/noticias\\\/los-reyes-entregan-los-premios-nacionales-de-innovacion-y-de-diseno-2017\\\/#organizationLogo\"},\"sameAs\":[\"https:\\\/\\\/facebook.com\\\/eldigitaldeasturias\",\"https:\\\/\\\/www.youtube.com\\\/channel\\\/UCZP-2wLEB9Rv6erhFmqVnvg\"],\"address\":{\"@id\":\"https:\\\/\\\/www.eldigitaldeasturias.com\\\/noticias\\\/#postaladdress\",\"@type\":\"PostalAddress\",\"streetAddress\":\"san antonio 4,\",\"postalCode\":\"33430\",\"addressLocality\":\"Cand\\u00e1s\",\"addressRegion\":\"Asturias\",\"addressCountry\":\"ES\"}},{\"@type\":\"Person\",\"@id\":\"https:\\\/\\\/www.eldigitaldeasturias.com\\\/noticias\\\/author\\\/admin\\\/#author\",\"url\":\"https:\\\/\\\/www.eldigitaldeasturias.com\\\/noticias\\\/author\\\/admin\\\/\",\"name\":\"El Digital de Asturias\",\"image\":{\"@type\":\"ImageObject\",\"@id\":\"https:\\\/\\\/www.eldigitaldeasturias.com\\\/noticias\\\/los-reyes-entregan-los-premios-nacionales-de-innovacion-y-de-diseno-2017\\\/#authorImage\",\"url\":\"https:\\\/\\\/www.eldigitaldeasturias.com\\\/noticias\\\/wp-content\\\/litespeed\\\/avatar\\\/18677e78aa0546b92d9dbf31ec7d7668.jpg?ver=1777290358\",\"width\":96,\"height\":96,\"caption\":\"El Digital de Asturias\"}},{\"@type\":\"WebPage\",\"@id\":\"https:\\\/\\\/www.eldigitaldeasturias.com\\\/noticias\\\/los-reyes-entregan-los-premios-nacionales-de-innovacion-y-de-diseno-2017\\\/#webpage\",\"url\":\"https:\\\/\\\/www.eldigitaldeasturias.com\\\/noticias\\\/los-reyes-entregan-los-premios-nacionales-de-innovacion-y-de-diseno-2017\\\/\",\"name\":\"Los Reyes entregan los Premios Nacionales de Innovaci\\u00f3n y de Dise\\u00f1o 2017 - El Digital de Asturias\",\"description\":\"SS.MM. los Reyes, acompa\\u00f1ados por la secretaria de Estado de I+D+i, Carmen Vela, han entregado los Premios Nacionales de Innovaci\\u00f3n y de Dise\\u00f1o 2017, que otorga el Ministerio de Econom\\u00eda, Industria y Competitividad. Los galardonados han sido Antonio Mu\\u00f1oz Beraza, la Sociedad Espa\\u00f1ola de Electromedicina y Calidad (SEDECAL), Manuel Estrada P\\u00e9rez y la empresa Actiu\",\"inLanguage\":\"es-ES\",\"isPartOf\":{\"@id\":\"https:\\\/\\\/www.eldigitaldeasturias.com\\\/noticias\\\/#website\"},\"breadcrumb\":{\"@id\":\"https:\\\/\\\/www.eldigitaldeasturias.com\\\/noticias\\\/los-reyes-entregan-los-premios-nacionales-de-innovacion-y-de-diseno-2017\\\/#breadcrumblist\"},\"author\":{\"@id\":\"https:\\\/\\\/www.eldigitaldeasturias.com\\\/noticias\\\/author\\\/admin\\\/#author\"},\"creator\":{\"@id\":\"https:\\\/\\\/www.eldigitaldeasturias.com\\\/noticias\\\/author\\\/admin\\\/#author\"},\"image\":{\"@type\":\"ImageObject\",\"url\":\"https:\\\/\\\/www.eldigitaldeasturias.com\\\/noticias\\\/wp-content\\\/uploads\\\/2018\\\/02\\\/120218PremiosInnovacion2017.jpg\",\"@id\":\"https:\\\/\\\/www.eldigitaldeasturias.com\\\/noticias\\\/los-reyes-entregan-los-premios-nacionales-de-innovacion-y-de-diseno-2017\\\/#mainImage\",\"width\":496,\"height\":329},\"primaryImageOfPage\":{\"@id\":\"https:\\\/\\\/www.eldigitaldeasturias.com\\\/noticias\\\/los-reyes-entregan-los-premios-nacionales-de-innovacion-y-de-diseno-2017\\\/#mainImage\"},\"datePublished\":\"2018-02-12T15:24:21+01:00\",\"dateModified\":\"2018-02-12T15:24:21+01:00\"},{\"@type\":\"WebSite\",\"@id\":\"https:\\\/\\\/www.eldigitaldeasturias.com\\\/noticias\\\/#website\",\"url\":\"https:\\\/\\\/www.eldigitaldeasturias.com\\\/noticias\\\/\",\"name\":\"El Digital de Asturias - Diario de actualidad y noticias\",\"alternateName\":\"El Digital de Asturias - Diario de actualidad y noticias\",\"description\":\"Hemeroteca\",\"inLanguage\":\"es-ES\",\"publisher\":{\"@id\":\"https:\\\/\\\/www.eldigitaldeasturias.com\\\/noticias\\\/#organization\"}}]}\n\t\t<\/script>\n\t\t<!-- All in One SEO Pro -->\r\n\t\t<title>Los Reyes entregan los Premios Nacionales de Innovaci\u00f3n y de Dise\u00f1o 2017 - El Digital de Asturias<\/title>\n\n","aioseo_head_json":{"title":"Los Reyes entregan los Premios Nacionales de Innovaci\u00f3n y de Dise\u00f1o 2017 - El Digital de Asturias","description":"SS.MM. los Reyes, acompa\u00f1ados por la secretaria de Estado de I+D+i, Carmen Vela, han entregado los Premios Nacionales de Innovaci\u00f3n y de Dise\u00f1o 2017, que otorga el Ministerio de Econom\u00eda, Industria y Competitividad. Los galardonados han sido Antonio Mu\u00f1oz Beraza, la Sociedad Espa\u00f1ola de Electromedicina y Calidad (SEDECAL), Manuel Estrada P\u00e9rez y la empresa Actiu","canonical_url":"https:\/\/www.eldigitaldeasturias.com\/noticias\/los-reyes-entregan-los-premios-nacionales-de-innovacion-y-de-diseno-2017\/","robots":"max-image-preview:large","keywords":"actualidad","webmasterTools":{"google-site-verification":"UA-38556648-1","msvalidate.01":"7dfe9f3f1b24437ab69f4f2559babe99","miscellaneous":""},"schema":{"@context":"https:\/\/schema.org","@graph":[{"@type":"BlogPosting","@id":"https:\/\/www.eldigitaldeasturias.com\/noticias\/los-reyes-entregan-los-premios-nacionales-de-innovacion-y-de-diseno-2017\/#blogposting","name":"Los Reyes entregan los Premios Nacionales de Innovaci\u00f3n y de Dise\u00f1o 2017 - El Digital de Asturias","headline":"Los Reyes entregan los Premios Nacionales de Innovaci\u00f3n y de Dise\u00f1o 2017","author":{"@id":"https:\/\/www.eldigitaldeasturias.com\/noticias\/author\/admin\/#author"},"publisher":{"@id":"https:\/\/www.eldigitaldeasturias.com\/noticias\/#organization"},"image":{"@type":"ImageObject","url":"https:\/\/www.eldigitaldeasturias.com\/noticias\/wp-content\/uploads\/2018\/02\/120218PremiosInnovacion2017.jpg","width":496,"height":329},"datePublished":"2018-02-12T15:24:21+01:00","dateModified":"2018-02-12T15:24:21+01:00","inLanguage":"es-ES","mainEntityOfPage":{"@id":"https:\/\/www.eldigitaldeasturias.com\/noticias\/los-reyes-entregan-los-premios-nacionales-de-innovacion-y-de-diseno-2017\/#webpage"},"isPartOf":{"@id":"https:\/\/www.eldigitaldeasturias.com\/noticias\/los-reyes-entregan-los-premios-nacionales-de-innovacion-y-de-diseno-2017\/#webpage"},"articleSection":"Actualidad"},{"@type":"BreadcrumbList","@id":"https:\/\/www.eldigitaldeasturias.com\/noticias\/los-reyes-entregan-los-premios-nacionales-de-innovacion-y-de-diseno-2017\/#breadcrumblist","itemListElement":[{"@type":"ListItem","@id":"https:\/\/www.eldigitaldeasturias.com\/noticias#listItem","position":1,"name":"Home","item":"https:\/\/www.eldigitaldeasturias.com\/noticias","nextItem":{"@type":"ListItem","@id":"https:\/\/www.eldigitaldeasturias.com\/noticias\/category\/actualidad\/#listItem","name":"Actualidad"}},{"@type":"ListItem","@id":"https:\/\/www.eldigitaldeasturias.com\/noticias\/category\/actualidad\/#listItem","position":2,"name":"Actualidad","item":"https:\/\/www.eldigitaldeasturias.com\/noticias\/category\/actualidad\/","nextItem":{"@type":"ListItem","@id":"https:\/\/www.eldigitaldeasturias.com\/noticias\/los-reyes-entregan-los-premios-nacionales-de-innovacion-y-de-diseno-2017\/#listItem","name":"Los Reyes entregan los Premios Nacionales de Innovaci\u00f3n y de Dise\u00f1o 2017"},"previousItem":{"@type":"ListItem","@id":"https:\/\/www.eldigitaldeasturias.com\/noticias#listItem","name":"Home"}},{"@type":"ListItem","@id":"https:\/\/www.eldigitaldeasturias.com\/noticias\/los-reyes-entregan-los-premios-nacionales-de-innovacion-y-de-diseno-2017\/#listItem","position":3,"name":"Los Reyes entregan los Premios Nacionales de Innovaci\u00f3n y de Dise\u00f1o 2017","previousItem":{"@type":"ListItem","@id":"https:\/\/www.eldigitaldeasturias.com\/noticias\/category\/actualidad\/#listItem","name":"Actualidad"}}]},{"@type":"Organization","@id":"https:\/\/www.eldigitaldeasturias.com\/noticias\/#organization","name":"El Digital de Asturias","description":"Hemeroteca","url":"https:\/\/www.eldigitaldeasturias.com\/noticias\/","email":"info@eldigitaldeasturias.com","telephone":"+34652131393","logo":{"@type":"ImageObject","url":"https:\/\/www.eldigitaldeasturias.com\/noticias\/wp-content\/uploads\/2020\/12\/EDA.jpg","@id":"https:\/\/www.eldigitaldeasturias.com\/noticias\/los-reyes-entregan-los-premios-nacionales-de-innovacion-y-de-diseno-2017\/#organizationLogo","width":649,"height":297},"image":{"@id":"https:\/\/www.eldigitaldeasturias.com\/noticias\/los-reyes-entregan-los-premios-nacionales-de-innovacion-y-de-diseno-2017\/#organizationLogo"},"sameAs":["https:\/\/facebook.com\/eldigitaldeasturias","https:\/\/www.youtube.com\/channel\/UCZP-2wLEB9Rv6erhFmqVnvg"],"address":{"@id":"https:\/\/www.eldigitaldeasturias.com\/noticias\/#postaladdress","@type":"PostalAddress","streetAddress":"san antonio 4,","postalCode":"33430","addressLocality":"Cand\u00e1s","addressRegion":"Asturias","addressCountry":"ES"}},{"@type":"Person","@id":"https:\/\/www.eldigitaldeasturias.com\/noticias\/author\/admin\/#author","url":"https:\/\/www.eldigitaldeasturias.com\/noticias\/author\/admin\/","name":"El Digital de Asturias","image":{"@type":"ImageObject","@id":"https:\/\/www.eldigitaldeasturias.com\/noticias\/los-reyes-entregan-los-premios-nacionales-de-innovacion-y-de-diseno-2017\/#authorImage","url":"https:\/\/www.eldigitaldeasturias.com\/noticias\/wp-content\/litespeed\/avatar\/18677e78aa0546b92d9dbf31ec7d7668.jpg?ver=1777290358","width":96,"height":96,"caption":"El Digital de Asturias"}},{"@type":"WebPage","@id":"https:\/\/www.eldigitaldeasturias.com\/noticias\/los-reyes-entregan-los-premios-nacionales-de-innovacion-y-de-diseno-2017\/#webpage","url":"https:\/\/www.eldigitaldeasturias.com\/noticias\/los-reyes-entregan-los-premios-nacionales-de-innovacion-y-de-diseno-2017\/","name":"Los Reyes entregan los Premios Nacionales de Innovaci\u00f3n y de Dise\u00f1o 2017 - El Digital de Asturias","description":"SS.MM. los Reyes, acompa\u00f1ados por la secretaria de Estado de I+D+i, Carmen Vela, han entregado los Premios Nacionales de Innovaci\u00f3n y de Dise\u00f1o 2017, que otorga el Ministerio de Econom\u00eda, Industria y Competitividad. Los galardonados han sido Antonio Mu\u00f1oz Beraza, la Sociedad Espa\u00f1ola de Electromedicina y Calidad (SEDECAL), Manuel Estrada P\u00e9rez y la empresa Actiu","inLanguage":"es-ES","isPartOf":{"@id":"https:\/\/www.eldigitaldeasturias.com\/noticias\/#website"},"breadcrumb":{"@id":"https:\/\/www.eldigitaldeasturias.com\/noticias\/los-reyes-entregan-los-premios-nacionales-de-innovacion-y-de-diseno-2017\/#breadcrumblist"},"author":{"@id":"https:\/\/www.eldigitaldeasturias.com\/noticias\/author\/admin\/#author"},"creator":{"@id":"https:\/\/www.eldigitaldeasturias.com\/noticias\/author\/admin\/#author"},"image":{"@type":"ImageObject","url":"https:\/\/www.eldigitaldeasturias.com\/noticias\/wp-content\/uploads\/2018\/02\/120218PremiosInnovacion2017.jpg","@id":"https:\/\/www.eldigitaldeasturias.com\/noticias\/los-reyes-entregan-los-premios-nacionales-de-innovacion-y-de-diseno-2017\/#mainImage","width":496,"height":329},"primaryImageOfPage":{"@id":"https:\/\/www.eldigitaldeasturias.com\/noticias\/los-reyes-entregan-los-premios-nacionales-de-innovacion-y-de-diseno-2017\/#mainImage"},"datePublished":"2018-02-12T15:24:21+01:00","dateModified":"2018-02-12T15:24:21+01:00"},{"@type":"WebSite","@id":"https:\/\/www.eldigitaldeasturias.com\/noticias\/#website","url":"https:\/\/www.eldigitaldeasturias.com\/noticias\/","name":"El Digital de Asturias - Diario de actualidad y noticias","alternateName":"El Digital de Asturias - Diario de actualidad y noticias","description":"Hemeroteca","inLanguage":"es-ES","publisher":{"@id":"https:\/\/www.eldigitaldeasturias.com\/noticias\/#organization"}}]},"og:locale":"es_ES","og:site_name":"El Digital de Asturias","og:type":"article","og:title":"Los Reyes entregan los Premios Nacionales de Innovaci\u00f3n y de Dise\u00f1o 2017 - El Digital de Asturias","og:description":"SS.MM. los Reyes, acompa\u00f1ados por la secretaria de Estado de I+D+i, Carmen Vela, han entregado los Premios Nacionales de Innovaci\u00f3n y de Dise\u00f1o 2017, que otorga el Ministerio de Econom\u00eda, Industria y Competitividad. Los galardonados han sido Antonio Mu\u00f1oz Beraza, la Sociedad Espa\u00f1ola de Electromedicina y Calidad (SEDECAL), Manuel Estrada P\u00e9rez y la empresa Actiu","og:url":"https:\/\/www.eldigitaldeasturias.com\/noticias\/los-reyes-entregan-los-premios-nacionales-de-innovacion-y-de-diseno-2017\/","og:image":"https:\/\/www.eldigitaldeasturias.com\/noticias\/wp-content\/uploads\/2018\/02\/120218PremiosInnovacion2017.jpg","og:image:secure_url":"https:\/\/www.eldigitaldeasturias.com\/noticias\/wp-content\/uploads\/2018\/02\/120218PremiosInnovacion2017.jpg","og:image:width":496,"og:image:height":329,"article:tag":["actualidad"],"article:published_time":"2018-02-12T15:24:21+00:00","article:modified_time":"2018-02-12T15:24:21+00:00","article:publisher":"https:\/\/facebook.com\/eldigitaldeasturias","twitter:card":"summary_large_image","twitter:title":"Los Reyes entregan los Premios Nacionales de Innovaci\u00f3n y de Dise\u00f1o 2017 - El Digital de Asturias","twitter:description":"SS.MM. los Reyes, acompa\u00f1ados por la secretaria de Estado de I+D+i, Carmen Vela, han entregado los Premios Nacionales de Innovaci\u00f3n y de Dise\u00f1o 2017, que otorga el Ministerio de Econom\u00eda, Industria y Competitividad. Los galardonados han sido Antonio Mu\u00f1oz Beraza, la Sociedad Espa\u00f1ola de Electromedicina y Calidad (SEDECAL), Manuel Estrada P\u00e9rez y la empresa Actiu","twitter:image":"https:\/\/www.eldigitaldeasturias.com\/noticias\/wp-content\/uploads\/2018\/02\/120218PremiosInnovacion2017.jpg","twitter:label1":"Escrito por","twitter:data1":"El Digital de Asturias","twitter:label2":"Tiempo de lectura estimado","twitter:data2":"5 minutos"},"aioseo_meta_data":{"post_id":"968660","title":null,"description":null,"keywords":null,"keyphrases":null,"primary_term":null,"canonical_url":null,"og_title":null,"og_description":null,"og_object_type":"default","og_image_type":"default","og_image_url":null,"og_image_width":null,"og_image_height":null,"og_image_custom_url":null,"og_image_custom_fields":null,"og_video":null,"og_custom_url":null,"og_article_section":null,"og_article_tags":null,"twitter_use_og":false,"twitter_card":"default","twitter_image_type":"default","twitter_image_url":null,"twitter_image_custom_url":null,"twitter_image_custom_fields":null,"twitter_title":null,"twitter_description":null,"schema":{"blockGraphs":[],"customGraphs":[],"default":{"data":{"Article":[],"Course":[],"Dataset":[],"FAQPage":[],"Movie":[],"Person":[],"Product":[],"ProductReview":[],"Car":[],"Recipe":[],"Service":[],"SoftwareApplication":[],"WebPage":[]},"graphName":"","isEnabled":true},"graphs":[],"defaultGraph":"","defaultPostTypeGraph":""},"schema_type":null,"schema_type_options":null,"pillar_content":false,"robots_default":true,"robots_noindex":false,"robots_noarchive":false,"robots_nosnippet":false,"robots_nofollow":false,"robots_noimageindex":false,"robots_noodp":false,"robots_notranslate":false,"robots_max_snippet":null,"robots_max_videopreview":null,"robots_max_imagepreview":"large","priority":null,"frequency":null,"local_seo":null,"seo_analyzer_scan_date":"2025-10-06 23:16:10","breadcrumb_settings":null,"limit_modified_date":false,"open_ai":null,"ai":null,"created":"2020-12-21 12:29:38","updated":"2025-10-06 23:16:10"},"aioseo_breadcrumb":"<div class=\"aioseo-breadcrumbs\"><span class=\"aioseo-breadcrumb\">\n\t<a href=\"https:\/\/www.eldigitaldeasturias.com\/noticias\" title=\"Home\">Home<\/a>\n<\/span><span class=\"aioseo-breadcrumb-separator\">\u2013<\/span><span class=\"aioseo-breadcrumb\">\n\t<a href=\"https:\/\/www.eldigitaldeasturias.com\/noticias\/category\/actualidad\/\" title=\"Actualidad\">Actualidad<\/a>\n<\/span><span class=\"aioseo-breadcrumb-separator\">\u2013<\/span><span class=\"aioseo-breadcrumb\">\n\t<a href=\"https:\/\/www.eldigitaldeasturias.com\/noticias\/los-reyes-entregan-los-premios-nacionales-de-innovacion-y-de-diseno-2017\/\" title=\"Los Reyes entregan los Premios Nacionales de Innovaci\u00f3n y de Dise\u00f1o 2017\">Los Reyes entregan los Premios Nacionales de Innovaci\u00f3n y de Dise\u00f1o 2017<\/a>\n<\/span><\/div>","aioseo_breadcrumb_json":[{"label":"Home","link":"https:\/\/www.eldigitaldeasturias.com\/noticias"},{"label":"Actualidad","link":"https:\/\/www.eldigitaldeasturias.com\/noticias\/category\/actualidad\/"},{"label":"Los Reyes entregan los Premios Nacionales de Innovaci\u00f3n y de Dise\u00f1o 2017","link":"https:\/\/www.eldigitaldeasturias.com\/noticias\/los-reyes-entregan-los-premios-nacionales-de-innovacion-y-de-diseno-2017\/"}],"_links":{"self":[{"href":"https:\/\/www.eldigitaldeasturias.com\/noticias\/wp-json\/wp\/v2\/posts\/968660","targetHints":{"allow":["GET"]}}],"collection":[{"href":"https:\/\/www.eldigitaldeasturias.com\/noticias\/wp-json\/wp\/v2\/posts"}],"about":[{"href":"https:\/\/www.eldigitaldeasturias.com\/noticias\/wp-json\/wp\/v2\/types\/post"}],"author":[{"embeddable":true,"href":"https:\/\/www.eldigitaldeasturias.com\/noticias\/wp-json\/wp\/v2\/users\/1"}],"replies":[{"embeddable":true,"href":"https:\/\/www.eldigitaldeasturias.com\/noticias\/wp-json\/wp\/v2\/comments?post=968660"}],"version-history":[{"count":0,"href":"https:\/\/www.eldigitaldeasturias.com\/noticias\/wp-json\/wp\/v2\/posts\/968660\/revisions"}],"wp:featuredmedia":[{"embeddable":true,"href":"https:\/\/www.eldigitaldeasturias.com\/noticias\/wp-json\/wp\/v2\/media\/968661"}],"wp:attachment":[{"href":"https:\/\/www.eldigitaldeasturias.com\/noticias\/wp-json\/wp\/v2\/media?parent=968660"}],"wp:term":[{"taxonomy":"category","embeddable":true,"href":"https:\/\/www.eldigitaldeasturias.com\/noticias\/wp-json\/wp\/v2\/categories?post=968660"},{"taxonomy":"post_tag","embeddable":true,"href":"https:\/\/www.eldigitaldeasturias.com\/noticias\/wp-json\/wp\/v2\/tags?post=968660"}],"curies":[{"name":"wp","href":"https:\/\/api.w.org\/{rel}","templated":true}]}}