{"id":968643,"date":"2018-02-12T14:22:55","date_gmt":"2018-02-12T14:22:55","guid":{"rendered":"http:\/\/www.eldigitaldeasturias.com\/noticias\/?p=968643"},"modified":"2018-02-12T14:22:56","modified_gmt":"2018-02-12T14:22:56","slug":"garcia-tejerina-toca-avanzar-juntos-para-cuidar-el-agua","status":"publish","type":"post","link":"https:\/\/www.eldigitaldeasturias.com\/noticias\/garcia-tejerina-toca-avanzar-juntos-para-cuidar-el-agua\/","title":{"rendered":"Garc\u00eda Tejerina: \u00abToca avanzar juntos para cuidar el agua\u00bb"},"content":{"rendered":"<p><img loading=\"lazy\" decoding=\"async\" class=\"alignleft size-medium wp-image-968644\" src=\"https:\/\/www.eldigitaldeasturias.com\/noticias\/wp-content\/uploads\/2018\/02\/120218TejerinaABC-360x239.jpg\" alt=\"\" width=\"360\" height=\"239\" \/>La ministra de Agricultura y Pesca, Alimentaci\u00f3n y Medio Ambiente, Isabel Garc\u00eda Tejerina, ha participado en Sevilla en un desayuno informativo organizado por ABC. Durante el mismo, Garc\u00eda Tejerina ha desgranado los pilares que sustentar\u00e1n el futuro Pacto Nacional por el Agua, en el que el Ministerio lleva meses trabajando con m\u00e1s de 125 reuniones con todos los agentes implicados.<\/p>\n<p>\u200bSe trata, en palabras de la ministra, de buscar \u00abuna pol\u00edtica de agua que nos permita afrontar esta escasez de la manera m\u00e1s eficiente posible y con el m\u00e1ximo consenso. Y en este empe\u00f1o, las claves han sido y seguir\u00e1n siendo la planificaci\u00f3n y el di\u00e1logo, indispensables para hacer frente a un desaf\u00edo que avanza de manera inexorable\u00bb. A este momento, se ha llegado tras un intenso trabajo de planificaci\u00f3n hidrol\u00f3gica llevado a cabo en la pasada legislatura. \u00abSin planificaci\u00f3n hidrol\u00f3gica, sencillamente no es posible hacer pol\u00edtica de agua. Especialmente en un pa\u00eds como Espa\u00f1a, en el que el agua es un recurso natural que requiere la m\u00e1xima atenci\u00f3n\u00bb, ha se\u00f1alado Garc\u00eda Tejerina.<\/p>\n<p><strong>Un pacto nacional por el agua con vocaci\u00f3n de permanencia<\/strong><\/p>\n<p>En palabras de la ministra, se busca \u00abun pacto que haga de la gesti\u00f3n del agua una aut\u00e9ntica pol\u00edtica de Estado, integradora, consensuada y solidaria. Un pacto con vocaci\u00f3n de permanencia. Un pacto de todos y para todos\u00bb. Por ello, se busca el consenso, ha apuntado Garc\u00eda Tejerina: \u00abporque toca avanzar juntos, para cuidar el agua, para atender las demandas de forma sostenible y para proteger a las personas\u00bb. Pero el Pacto Nacional por el Agua, ha apuntado, pretende ir todav\u00eda m\u00e1s all\u00e1: \u00abEl Pacto Nacional por el Agua suma, en realidad, un pacto por el crecimiento, un pacto por la sostenibilidad y un pacto por la cohesi\u00f3n de Espa\u00f1a\u00bb.<\/p>\n<p>En palabras de la ministra, \u00abcon este Pacto todas las comunidades aut\u00f3nomas saldr\u00e1n beneficiadas por diferentes actuaciones: inversiones, ahorro, mejoras medioambientales, adaptaci\u00f3n al cambio clim\u00e1tico, disminuci\u00f3n del riesgo de inundaciones\u2026 Y con una mejor gobernanza del agua, con la que el conjunto de Espa\u00f1a ganar\u00e1\u00bb.<\/p>\n<p>Garc\u00eda Tejerina ha desgranado durante el encuentro los diferentes ejes del Pacto: la atenci\u00f3n a los d\u00e9ficits h\u00eddricos; las variables medioambientales; la gesti\u00f3n de los riesgos de inundaciones; y lo relativo a la gobernanza del agua.<\/p>\n<p><strong>Atenci\u00f3n a los d\u00e9ficits h\u00eddricos<\/strong><\/p>\n<p>La ministra ha apuntado, sobre la cobertura de los d\u00e9ficits h\u00eddricos, diferentes l\u00edneas de acci\u00f3n: desde la ejecuci\u00f3n, en cada una de las demarcaciones hidrogr\u00e1ficas, de las infraestructuras que sean necesarias; hasta el fomento de recursos no convencionales, como la reutilizaci\u00f3n y la desalaci\u00f3n; pasando por el impulso al ahorro y la eficiencia que supondr\u00e1 la culminaci\u00f3n de la modernizaci\u00f3n de los regad\u00edos, que se inici\u00f3 \u00abtambi\u00e9n bajo un Gobierno del PP con el Plan Hidrol\u00f3gico Nacional hasta 2008, adaptando la agricultura a los nuevos desaf\u00edos del cambio clim\u00e1tico\u00bb, tal como ha apuntado la Ministra.<\/p>\n<p>En \u00faltimo lugar, la ministra ha se\u00f1alado que el Pacto abordar\u00e1 las transferencias de agua entre distintas demarcaciones hidrogr\u00e1ficas, \u00absiempre que sea viable social, econ\u00f3mica y ambientalmente\u00bb. \u00abY, aqu\u00ed destaco especialmente, es fundamental siempre que exista un consenso\u00bb, ha remarcado.<\/p>\n<p><strong>Sostenibilidad y objetivos medioambientales<\/strong><\/p>\n<p>La sostenibilidad, otro de los ejes del Pacto, es fundamental \u00abpara que el agua siga impulsando el crecimiento tambi\u00e9n en las generaciones futuras\u00bb, ha apuntado Isabel Garc\u00eda Tejerina, que ha remarcado el compromiso de Espa\u00f1a con los Objetivos de Desarrollo Sostenible de la Agenda 2030 de Naciones Unidas, as\u00ed como con los compromisos adquiridos en el Acuerdo de Par\u00eds.<\/p>\n<p>Para cumplir con ello, el Pacto Nacional por el Agua debe considerar la mejora del saneamiento y la depuraci\u00f3n, donde se colaborar\u00e1 desde el Ministerio con las autoridades municipales competentes; la protecci\u00f3n de espacios de especial inter\u00e9s medioambiental, para el que se desarrolla un Plan de Protecci\u00f3n Integral que establezca una estrategia com\u00fan en todas las comunidades aut\u00f3nomas; la adaptaci\u00f3n de nuestras masas de agua a los efectos del cambio clim\u00e1tico; y el avance en la concertaci\u00f3n de caudales ecol\u00f3gicos. En este sentido, la ministra ha destacado: \u00abHemos definido ya m\u00e1s de 3.250 caudales ecol\u00f3gicos en tantos tramos de nuestros r\u00edos, y queremos continuar haci\u00e9ndolo para garantizar la salud de nuestros ecosistemas fluviales\u00bb.<\/p>\n<p><strong>Gesti\u00f3n de los riesgos de inundaciones y gobernanza del agua<\/strong><\/p>\n<p>Otro de los ejes fundamentales del futuro Pacto Nacional por el Agua, ha se\u00f1alado Isabel Garc\u00eda Tejerina, es la puesta en marcha de proyectos estructurales destinados a prevenir el riesgo de inundaciones. Se trata, ha se\u00f1alado, \u00abde desarrollar las medidas de los Planes de Gesti\u00f3n del Riesgo de Inundaci\u00f3n, de forma ordenada y sostenible, aplicando criterios comunes que permitan priorizar su ejecuci\u00f3n conforme al an\u00e1lisis coste-beneficio y a la viabilidad ambiental\u00bb. Para abordar estas soluciones, ha insistido, \u00abes imprescindible reforzar la coordinaci\u00f3n y cooperaci\u00f3n de todas las Administraciones implicadas, para impulsar las mejores medidas de protecci\u00f3n de las ciudades, los bienes y el medio ambiente\u00bb.<\/p>\n<p>En lo relativo a la gobernanza del agua, la ministra ha incidido en que \u00abdebemos garantizar el cumplimiento de nuestros compromisos con la Uni\u00f3n Europea en materia de estabilidad econ\u00f3mico financiera de nuestro sistema del agua\u00bb, para lo cual se deber\u00e1, \u00abpor un lado, revisar la tarificaci\u00f3n para incentivar el ahorro y permitir una mayor recuperaci\u00f3n de los costes asociados al servicio del agua. Entre estos costes asociados al agua debemos contemplar el coste ambiental, introduciendo mecanismos que permitan reducir la presi\u00f3n sobre las masas de agua y recuperar estos costes\u00bb.<\/p>\n<p>Tambi\u00e9n ha se\u00f1alado que, \u00aben materia de gesti\u00f3n del dominio p\u00fablico hidr\u00e1ulico, por ejemplo, debemos trabajar en la mejora del seguimiento de las aguas superficiales y subterr\u00e1neas, tanto de su uso, a trav\u00e9s de sistemas de contadores, como de su estado y calidad; en la mejora de la gesti\u00f3n de los acu\u00edferos compartidos; en la mejora del Registro de Aguas para la lograr mayor eficiencia; o en la revisi\u00f3n de las normas de seguridad de las infraestructuras\u00bb.<\/p>\n<p><strong>Intensa labor de planificaci\u00f3n entre 2011 y 2016<\/strong><\/p>\n<p>Todos esos ejes se plantean como base para el di\u00e1logo entorno al Pacto Nacional por el Agua. Al momento actual de negociaci\u00f3n del Pacto se ha podido llegar tras el intenso trabajo de planificaci\u00f3n desarrollado a cabo en la pasada legislatura. Entre 2011 y 2016, se desarrollaron los planes hidrol\u00f3gicos de cuenca de todos los r\u00edos dependientes de la Administraci\u00f3n General del Estado. Adem\u00e1s, se aprob\u00f3 el Plan CRECE, con una inversi\u00f3n de cerca de 1.200 millones de euros hasta 2020 para ayudar a las administraciones regionales y locales a cumplir sus obligaciones de depuraci\u00f3n y saneamiento; y se aprobaron tambi\u00e9n los primeros Planes de Gesti\u00f3n del Riesgo de Inundaciones, con una inversi\u00f3n de 800 millones de euros.<\/p>\n<p>Asimismo, desde el Ministerio se declararon 135 reservas naturales fluviales, protegiendo especialmente cerca de 2.700 kil\u00f3metros de r\u00edos, que \u00abdecidimos preservar en mejor estado de conservaci\u00f3n, con escasa o nula intervenci\u00f3n humana, y dando garant\u00edas para su mantenimiento\u00bb, ha se\u00f1alado la ministra.<\/p>\n<p>En toda esa planificaci\u00f3n, el Gobierno ha tenido muy en cuenta el cambio clim\u00e1tico, llevando a cabo, por primera vez en Espa\u00f1a, una pol\u00edtica de adaptaci\u00f3n al cambio clim\u00e1tico, expresada en la gesti\u00f3n del agua por el Plan PIMA Adapta, y a trav\u00e9s del establecimiento, tambi\u00e9n por vez primera, de caudales ecol\u00f3gicos en nuestros r\u00edos.<\/p>\n","protected":false},"excerpt":{"rendered":"<p>La ministra de Agricultura y Pesca, Alimentaci\u00f3n y Medio Ambiente, Isabel Garc\u00eda Tejerina, ha participado en Sevilla en un desayuno informativo organizado por ABC. Durante el mismo, Garc\u00eda Tejerina ha desgranado los pilares que sustentar\u00e1n el futuro Pacto Nacional por el Agua, en el que el Ministerio lleva meses trabajando con m\u00e1s de 125 reuniones [&hellip;]<\/p>\n","protected":false},"author":1,"featured_media":968644,"comment_status":"closed","ping_status":"closed","sticky":false,"template":"","format":"standard","meta":{"footnotes":""},"categories":[1],"tags":[],"class_list":["post-968643","post","type-post","status-publish","format-standard","has-post-thumbnail","hentry","category-actualidad"],"aioseo_notices":[],"aioseo_head":"\n\t\t<!-- All in One SEO Pro 5.0.1 - aioseo.com -->\n\t<meta name=\"description\" content=\"La ministra de Agricultura y Pesca, Alimentaci\u00f3n y Medio Ambiente, Isabel Garc\u00eda Tejerina, ha participado en Sevilla en un desayuno informativo organizado por ABC. Durante el mismo, Garc\u00eda Tejerina ha desgranado los pilares que sustentar\u00e1n el futuro Pacto Nacional por el Agua, en el que el Ministerio lleva meses trabajando con m\u00e1s de 125 reuniones\" \/>\n\t<meta name=\"robots\" content=\"max-image-preview:large\" \/>\n\t<meta name=\"author\" content=\"El Digital de Asturias\"\/>\n\t<meta name=\"google-site-verification\" content=\"UA-38556648-1\" \/>\n\t<meta name=\"msvalidate.01\" content=\"7dfe9f3f1b24437ab69f4f2559babe99\" \/>\n\t<meta name=\"keywords\" content=\"actualidad\" \/>\n\t<link rel=\"canonical\" href=\"https:\/\/www.eldigitaldeasturias.com\/noticias\/garcia-tejerina-toca-avanzar-juntos-para-cuidar-el-agua\/\" \/>\n\t<meta name=\"generator\" content=\"All in One SEO Pro (AIOSEO) 5.0.1\" \/>\n\t\t<meta property=\"og:locale\" content=\"es_ES\" \/>\n\t\t<meta property=\"og:site_name\" content=\"El Digital de Asturias\" \/>\n\t\t<meta property=\"og:type\" content=\"article\" \/>\n\t\t<meta property=\"og:title\" content=\"Garc\u00eda Tejerina: \u00abToca avanzar juntos para cuidar el agua\u00bb - El Digital de Asturias\" \/>\n\t\t<meta property=\"og:description\" content=\"La ministra de Agricultura y Pesca, Alimentaci\u00f3n y Medio Ambiente, Isabel Garc\u00eda Tejerina, ha participado en Sevilla en un desayuno informativo organizado por ABC. Durante el mismo, Garc\u00eda Tejerina ha desgranado los pilares que sustentar\u00e1n el futuro Pacto Nacional por el Agua, en el que el Ministerio lleva meses trabajando con m\u00e1s de 125 reuniones\" \/>\n\t\t<meta property=\"og:url\" content=\"https:\/\/www.eldigitaldeasturias.com\/noticias\/garcia-tejerina-toca-avanzar-juntos-para-cuidar-el-agua\/\" \/>\n\t\t<meta property=\"article:tag\" content=\"actualidad\" \/>\n\t\t<meta property=\"article:published_time\" content=\"2018-02-12T14:22:55+00:00\" \/>\n\t\t<meta property=\"article:modified_time\" content=\"2018-02-12T14:22:56+00:00\" \/>\n\t\t<meta property=\"article:publisher\" content=\"https:\/\/facebook.com\/eldigitaldeasturias\" \/>\n\t\t<meta name=\"twitter:card\" content=\"summary_large_image\" \/>\n\t\t<meta name=\"twitter:title\" content=\"Garc\u00eda Tejerina: \u00abToca avanzar juntos para cuidar el agua\u00bb - El Digital de Asturias\" \/>\n\t\t<meta name=\"twitter:description\" content=\"La ministra de Agricultura y Pesca, Alimentaci\u00f3n y Medio Ambiente, Isabel Garc\u00eda Tejerina, ha participado en Sevilla en un desayuno informativo organizado por ABC. Durante el mismo, Garc\u00eda Tejerina ha desgranado los pilares que sustentar\u00e1n el futuro Pacto Nacional por el Agua, en el que el Ministerio lleva meses trabajando con m\u00e1s de 125 reuniones\" \/>\n\t\t<meta name=\"twitter:image\" content=\"https:\/\/www.eldigitaldeasturias.com\/noticias\/wp-content\/uploads\/2020\/12\/EDA-1.jpg\" \/>\n\t\t<meta name=\"twitter:label1\" content=\"Escrito por\" \/>\n\t\t<meta name=\"twitter:data1\" content=\"El Digital de Asturias\" \/>\n\t\t<meta name=\"twitter:label2\" content=\"Tiempo de lectura estimado\" \/>\n\t\t<meta name=\"twitter:data2\" content=\"7 minutos\" \/>\n\t\t<script type=\"application\/ld+json\" class=\"aioseo-schema\">\n\t\t\t{\"@context\":\"https:\\\/\\\/schema.org\",\"@graph\":[{\"@type\":\"BlogPosting\",\"@id\":\"https:\\\/\\\/www.eldigitaldeasturias.com\\\/noticias\\\/garcia-tejerina-toca-avanzar-juntos-para-cuidar-el-agua\\\/#blogposting\",\"name\":\"Garc\\u00eda Tejerina: \\u00abToca avanzar juntos para cuidar el agua\\u00bb - El Digital de Asturias\",\"headline\":\"Garc\\u00eda Tejerina: \\u00abToca avanzar juntos para cuidar el agua\\u00bb\",\"author\":{\"@id\":\"https:\\\/\\\/www.eldigitaldeasturias.com\\\/noticias\\\/author\\\/admin\\\/#author\"},\"publisher\":{\"@id\":\"https:\\\/\\\/www.eldigitaldeasturias.com\\\/noticias\\\/#organization\"},\"image\":{\"@type\":\"ImageObject\",\"url\":968644},\"datePublished\":\"2018-02-12T14:22:55+01:00\",\"dateModified\":\"2018-02-12T14:22:56+01:00\",\"inLanguage\":\"es-ES\",\"mainEntityOfPage\":{\"@id\":\"https:\\\/\\\/www.eldigitaldeasturias.com\\\/noticias\\\/garcia-tejerina-toca-avanzar-juntos-para-cuidar-el-agua\\\/#webpage\"},\"isPartOf\":{\"@id\":\"https:\\\/\\\/www.eldigitaldeasturias.com\\\/noticias\\\/garcia-tejerina-toca-avanzar-juntos-para-cuidar-el-agua\\\/#webpage\"},\"articleSection\":\"Actualidad\"},{\"@type\":\"BreadcrumbList\",\"@id\":\"https:\\\/\\\/www.eldigitaldeasturias.com\\\/noticias\\\/garcia-tejerina-toca-avanzar-juntos-para-cuidar-el-agua\\\/#breadcrumblist\",\"itemListElement\":[{\"@type\":\"ListItem\",\"@id\":\"https:\\\/\\\/www.eldigitaldeasturias.com\\\/noticias#listItem\",\"position\":1,\"name\":\"Home\",\"item\":\"https:\\\/\\\/www.eldigitaldeasturias.com\\\/noticias\",\"nextItem\":{\"@type\":\"ListItem\",\"@id\":\"https:\\\/\\\/www.eldigitaldeasturias.com\\\/noticias\\\/category\\\/actualidad\\\/#listItem\",\"name\":\"Actualidad\"}},{\"@type\":\"ListItem\",\"@id\":\"https:\\\/\\\/www.eldigitaldeasturias.com\\\/noticias\\\/category\\\/actualidad\\\/#listItem\",\"position\":2,\"name\":\"Actualidad\",\"item\":\"https:\\\/\\\/www.eldigitaldeasturias.com\\\/noticias\\\/category\\\/actualidad\\\/\",\"nextItem\":{\"@type\":\"ListItem\",\"@id\":\"https:\\\/\\\/www.eldigitaldeasturias.com\\\/noticias\\\/garcia-tejerina-toca-avanzar-juntos-para-cuidar-el-agua\\\/#listItem\",\"name\":\"Garc\\u00eda Tejerina: \\u00abToca avanzar juntos para cuidar el agua\\u00bb\"},\"previousItem\":{\"@type\":\"ListItem\",\"@id\":\"https:\\\/\\\/www.eldigitaldeasturias.com\\\/noticias#listItem\",\"name\":\"Home\"}},{\"@type\":\"ListItem\",\"@id\":\"https:\\\/\\\/www.eldigitaldeasturias.com\\\/noticias\\\/garcia-tejerina-toca-avanzar-juntos-para-cuidar-el-agua\\\/#listItem\",\"position\":3,\"name\":\"Garc\\u00eda Tejerina: \\u00abToca avanzar juntos para cuidar el agua\\u00bb\",\"previousItem\":{\"@type\":\"ListItem\",\"@id\":\"https:\\\/\\\/www.eldigitaldeasturias.com\\\/noticias\\\/category\\\/actualidad\\\/#listItem\",\"name\":\"Actualidad\"}}]},{\"@type\":\"Organization\",\"@id\":\"https:\\\/\\\/www.eldigitaldeasturias.com\\\/noticias\\\/#organization\",\"name\":\"El Digital de Asturias\",\"description\":\"Hemeroteca\",\"url\":\"https:\\\/\\\/www.eldigitaldeasturias.com\\\/noticias\\\/\",\"email\":\"info@eldigitaldeasturias.com\",\"telephone\":\"+34652131393\",\"logo\":{\"@type\":\"ImageObject\",\"url\":\"https:\\\/\\\/www.eldigitaldeasturias.com\\\/noticias\\\/wp-content\\\/uploads\\\/2020\\\/12\\\/EDA.jpg\",\"@id\":\"https:\\\/\\\/www.eldigitaldeasturias.com\\\/noticias\\\/garcia-tejerina-toca-avanzar-juntos-para-cuidar-el-agua\\\/#organizationLogo\"},\"image\":{\"@id\":\"https:\\\/\\\/www.eldigitaldeasturias.com\\\/noticias\\\/garcia-tejerina-toca-avanzar-juntos-para-cuidar-el-agua\\\/#organizationLogo\"},\"sameAs\":[\"https:\\\/\\\/facebook.com\\\/eldigitaldeasturias\",\"https:\\\/\\\/www.youtube.com\\\/channel\\\/UCZP-2wLEB9Rv6erhFmqVnvg\"],\"address\":{\"@id\":\"https:\\\/\\\/www.eldigitaldeasturias.com\\\/noticias\\\/#postaladdress\",\"@type\":\"PostalAddress\",\"streetAddress\":\"san antonio 4\",\"postalCode\":\"33430\",\"addressLocality\":\"Cand\\u00e1s\",\"addressRegion\":\"Asturias\",\"addressCountry\":\"ES\"}},{\"@type\":\"Person\",\"@id\":\"https:\\\/\\\/www.eldigitaldeasturias.com\\\/noticias\\\/author\\\/admin\\\/#author\",\"url\":\"https:\\\/\\\/www.eldigitaldeasturias.com\\\/noticias\\\/author\\\/admin\\\/\",\"name\":\"El Digital de Asturias\",\"image\":{\"@type\":\"ImageObject\",\"@id\":\"https:\\\/\\\/www.eldigitaldeasturias.com\\\/noticias\\\/garcia-tejerina-toca-avanzar-juntos-para-cuidar-el-agua\\\/#authorImage\",\"url\":\"https:\\\/\\\/secure.gravatar.com\\\/avatar\\\/df2aeffc32bcd13f8d26072ef8a91b623d677766deac7f97ca815868cd41bf5e?s=96&d=mm&r=g\",\"width\":96,\"height\":96,\"caption\":\"El Digital de Asturias\"}},{\"@type\":\"WebPage\",\"@id\":\"https:\\\/\\\/www.eldigitaldeasturias.com\\\/noticias\\\/garcia-tejerina-toca-avanzar-juntos-para-cuidar-el-agua\\\/#webpage\",\"url\":\"https:\\\/\\\/www.eldigitaldeasturias.com\\\/noticias\\\/garcia-tejerina-toca-avanzar-juntos-para-cuidar-el-agua\\\/\",\"name\":\"Garc\\u00eda Tejerina: \\u00abToca avanzar juntos para cuidar el agua\\u00bb - El Digital de Asturias\",\"description\":\"La ministra de Agricultura y Pesca, Alimentaci\\u00f3n y Medio Ambiente, Isabel Garc\\u00eda Tejerina, ha participado en Sevilla en un desayuno informativo organizado por ABC. Durante el mismo, Garc\\u00eda Tejerina ha desgranado los pilares que sustentar\\u00e1n el futuro Pacto Nacional por el Agua, en el que el Ministerio lleva meses trabajando con m\\u00e1s de 125 reuniones\",\"inLanguage\":\"es-ES\",\"isPartOf\":{\"@id\":\"https:\\\/\\\/www.eldigitaldeasturias.com\\\/noticias\\\/#website\"},\"breadcrumb\":{\"@id\":\"https:\\\/\\\/www.eldigitaldeasturias.com\\\/noticias\\\/garcia-tejerina-toca-avanzar-juntos-para-cuidar-el-agua\\\/#breadcrumblist\"},\"author\":{\"@id\":\"https:\\\/\\\/www.eldigitaldeasturias.com\\\/noticias\\\/author\\\/admin\\\/#author\"},\"creator\":{\"@id\":\"https:\\\/\\\/www.eldigitaldeasturias.com\\\/noticias\\\/author\\\/admin\\\/#author\"},\"image\":{\"@type\":\"ImageObject\",\"url\":968644,\"@id\":\"https:\\\/\\\/www.eldigitaldeasturias.com\\\/noticias\\\/garcia-tejerina-toca-avanzar-juntos-para-cuidar-el-agua\\\/#mainImage\"},\"primaryImageOfPage\":{\"@id\":\"https:\\\/\\\/www.eldigitaldeasturias.com\\\/noticias\\\/garcia-tejerina-toca-avanzar-juntos-para-cuidar-el-agua\\\/#mainImage\"},\"datePublished\":\"2018-02-12T14:22:55+01:00\",\"dateModified\":\"2018-02-12T14:22:56+01:00\"},{\"@type\":\"WebSite\",\"@id\":\"https:\\\/\\\/www.eldigitaldeasturias.com\\\/noticias\\\/#website\",\"url\":\"https:\\\/\\\/www.eldigitaldeasturias.com\\\/noticias\\\/\",\"name\":\"El Digital de Asturias - Diario de actualidad y noticias\",\"alternateName\":\"El Digital de Asturias - Diario de actualidad y noticias\",\"description\":\"Hemeroteca\",\"inLanguage\":\"es-ES\",\"publisher\":{\"@id\":\"https:\\\/\\\/www.eldigitaldeasturias.com\\\/noticias\\\/#organization\"}}]}\n\t\t<\/script>\n\t\t<!-- All in One SEO Pro -->\r\n\t\t<title>Garc\u00eda Tejerina: \u00abToca avanzar juntos para cuidar el agua\u00bb - El Digital de Asturias<\/title>\n\n","aioseo_head_json":{"title":"Garc\u00eda Tejerina: \u00abToca avanzar juntos para cuidar el agua\u00bb - El Digital de Asturias","description":"La ministra de Agricultura y Pesca, Alimentaci\u00f3n y Medio Ambiente, Isabel Garc\u00eda Tejerina, ha participado en Sevilla en un desayuno informativo organizado por ABC. Durante el mismo, Garc\u00eda Tejerina ha desgranado los pilares que sustentar\u00e1n el futuro Pacto Nacional por el Agua, en el que el Ministerio lleva meses trabajando con m\u00e1s de 125 reuniones","canonical_url":"https:\/\/www.eldigitaldeasturias.com\/noticias\/garcia-tejerina-toca-avanzar-juntos-para-cuidar-el-agua\/","robots":"max-image-preview:large","keywords":"actualidad","webmasterTools":{"google-site-verification":"UA-38556648-1","msvalidate.01":"7dfe9f3f1b24437ab69f4f2559babe99","miscellaneous":""},"schema":{"@context":"https:\/\/schema.org","@graph":[{"@type":"BlogPosting","@id":"https:\/\/www.eldigitaldeasturias.com\/noticias\/garcia-tejerina-toca-avanzar-juntos-para-cuidar-el-agua\/#blogposting","name":"Garc\u00eda Tejerina: \u00abToca avanzar juntos para cuidar el agua\u00bb - El Digital de Asturias","headline":"Garc\u00eda Tejerina: \u00abToca avanzar juntos para cuidar el agua\u00bb","author":{"@id":"https:\/\/www.eldigitaldeasturias.com\/noticias\/author\/admin\/#author"},"publisher":{"@id":"https:\/\/www.eldigitaldeasturias.com\/noticias\/#organization"},"image":{"@type":"ImageObject","url":968644},"datePublished":"2018-02-12T14:22:55+01:00","dateModified":"2018-02-12T14:22:56+01:00","inLanguage":"es-ES","mainEntityOfPage":{"@id":"https:\/\/www.eldigitaldeasturias.com\/noticias\/garcia-tejerina-toca-avanzar-juntos-para-cuidar-el-agua\/#webpage"},"isPartOf":{"@id":"https:\/\/www.eldigitaldeasturias.com\/noticias\/garcia-tejerina-toca-avanzar-juntos-para-cuidar-el-agua\/#webpage"},"articleSection":"Actualidad"},{"@type":"BreadcrumbList","@id":"https:\/\/www.eldigitaldeasturias.com\/noticias\/garcia-tejerina-toca-avanzar-juntos-para-cuidar-el-agua\/#breadcrumblist","itemListElement":[{"@type":"ListItem","@id":"https:\/\/www.eldigitaldeasturias.com\/noticias#listItem","position":1,"name":"Home","item":"https:\/\/www.eldigitaldeasturias.com\/noticias","nextItem":{"@type":"ListItem","@id":"https:\/\/www.eldigitaldeasturias.com\/noticias\/category\/actualidad\/#listItem","name":"Actualidad"}},{"@type":"ListItem","@id":"https:\/\/www.eldigitaldeasturias.com\/noticias\/category\/actualidad\/#listItem","position":2,"name":"Actualidad","item":"https:\/\/www.eldigitaldeasturias.com\/noticias\/category\/actualidad\/","nextItem":{"@type":"ListItem","@id":"https:\/\/www.eldigitaldeasturias.com\/noticias\/garcia-tejerina-toca-avanzar-juntos-para-cuidar-el-agua\/#listItem","name":"Garc\u00eda Tejerina: \u00abToca avanzar juntos para cuidar el agua\u00bb"},"previousItem":{"@type":"ListItem","@id":"https:\/\/www.eldigitaldeasturias.com\/noticias#listItem","name":"Home"}},{"@type":"ListItem","@id":"https:\/\/www.eldigitaldeasturias.com\/noticias\/garcia-tejerina-toca-avanzar-juntos-para-cuidar-el-agua\/#listItem","position":3,"name":"Garc\u00eda Tejerina: \u00abToca avanzar juntos para cuidar el agua\u00bb","previousItem":{"@type":"ListItem","@id":"https:\/\/www.eldigitaldeasturias.com\/noticias\/category\/actualidad\/#listItem","name":"Actualidad"}}]},{"@type":"Organization","@id":"https:\/\/www.eldigitaldeasturias.com\/noticias\/#organization","name":"El Digital de Asturias","description":"Hemeroteca","url":"https:\/\/www.eldigitaldeasturias.com\/noticias\/","email":"info@eldigitaldeasturias.com","telephone":"+34652131393","logo":{"@type":"ImageObject","url":"https:\/\/www.eldigitaldeasturias.com\/noticias\/wp-content\/uploads\/2020\/12\/EDA.jpg","@id":"https:\/\/www.eldigitaldeasturias.com\/noticias\/garcia-tejerina-toca-avanzar-juntos-para-cuidar-el-agua\/#organizationLogo"},"image":{"@id":"https:\/\/www.eldigitaldeasturias.com\/noticias\/garcia-tejerina-toca-avanzar-juntos-para-cuidar-el-agua\/#organizationLogo"},"sameAs":["https:\/\/facebook.com\/eldigitaldeasturias","https:\/\/www.youtube.com\/channel\/UCZP-2wLEB9Rv6erhFmqVnvg"],"address":{"@id":"https:\/\/www.eldigitaldeasturias.com\/noticias\/#postaladdress","@type":"PostalAddress","streetAddress":"san antonio 4","postalCode":"33430","addressLocality":"Cand\u00e1s","addressRegion":"Asturias","addressCountry":"ES"}},{"@type":"Person","@id":"https:\/\/www.eldigitaldeasturias.com\/noticias\/author\/admin\/#author","url":"https:\/\/www.eldigitaldeasturias.com\/noticias\/author\/admin\/","name":"El Digital de Asturias","image":{"@type":"ImageObject","@id":"https:\/\/www.eldigitaldeasturias.com\/noticias\/garcia-tejerina-toca-avanzar-juntos-para-cuidar-el-agua\/#authorImage","url":"https:\/\/secure.gravatar.com\/avatar\/df2aeffc32bcd13f8d26072ef8a91b623d677766deac7f97ca815868cd41bf5e?s=96&d=mm&r=g","width":96,"height":96,"caption":"El Digital de Asturias"}},{"@type":"WebPage","@id":"https:\/\/www.eldigitaldeasturias.com\/noticias\/garcia-tejerina-toca-avanzar-juntos-para-cuidar-el-agua\/#webpage","url":"https:\/\/www.eldigitaldeasturias.com\/noticias\/garcia-tejerina-toca-avanzar-juntos-para-cuidar-el-agua\/","name":"Garc\u00eda Tejerina: \u00abToca avanzar juntos para cuidar el agua\u00bb - El Digital de Asturias","description":"La ministra de Agricultura y Pesca, Alimentaci\u00f3n y Medio Ambiente, Isabel Garc\u00eda Tejerina, ha participado en Sevilla en un desayuno informativo organizado por ABC. Durante el mismo, Garc\u00eda Tejerina ha desgranado los pilares que sustentar\u00e1n el futuro Pacto Nacional por el Agua, en el que el Ministerio lleva meses trabajando con m\u00e1s de 125 reuniones","inLanguage":"es-ES","isPartOf":{"@id":"https:\/\/www.eldigitaldeasturias.com\/noticias\/#website"},"breadcrumb":{"@id":"https:\/\/www.eldigitaldeasturias.com\/noticias\/garcia-tejerina-toca-avanzar-juntos-para-cuidar-el-agua\/#breadcrumblist"},"author":{"@id":"https:\/\/www.eldigitaldeasturias.com\/noticias\/author\/admin\/#author"},"creator":{"@id":"https:\/\/www.eldigitaldeasturias.com\/noticias\/author\/admin\/#author"},"image":{"@type":"ImageObject","url":968644,"@id":"https:\/\/www.eldigitaldeasturias.com\/noticias\/garcia-tejerina-toca-avanzar-juntos-para-cuidar-el-agua\/#mainImage"},"primaryImageOfPage":{"@id":"https:\/\/www.eldigitaldeasturias.com\/noticias\/garcia-tejerina-toca-avanzar-juntos-para-cuidar-el-agua\/#mainImage"},"datePublished":"2018-02-12T14:22:55+01:00","dateModified":"2018-02-12T14:22:56+01:00"},{"@type":"WebSite","@id":"https:\/\/www.eldigitaldeasturias.com\/noticias\/#website","url":"https:\/\/www.eldigitaldeasturias.com\/noticias\/","name":"El Digital de Asturias - Diario de actualidad y noticias","alternateName":"El Digital de Asturias - Diario de actualidad y noticias","description":"Hemeroteca","inLanguage":"es-ES","publisher":{"@id":"https:\/\/www.eldigitaldeasturias.com\/noticias\/#organization"}}]},"og:locale":"es_ES","og:site_name":"El Digital de Asturias","og:type":"article","og:title":"Garc\u00eda Tejerina: \u00abToca avanzar juntos para cuidar el agua\u00bb - El Digital de Asturias","og:description":"La ministra de Agricultura y Pesca, Alimentaci\u00f3n y Medio Ambiente, Isabel Garc\u00eda Tejerina, ha participado en Sevilla en un desayuno informativo organizado por ABC. Durante el mismo, Garc\u00eda Tejerina ha desgranado los pilares que sustentar\u00e1n el futuro Pacto Nacional por el Agua, en el que el Ministerio lleva meses trabajando con m\u00e1s de 125 reuniones","og:url":"https:\/\/www.eldigitaldeasturias.com\/noticias\/garcia-tejerina-toca-avanzar-juntos-para-cuidar-el-agua\/","article:tag":["actualidad"],"article:published_time":"2018-02-12T14:22:55+00:00","article:modified_time":"2018-02-12T14:22:56+00:00","article:publisher":"https:\/\/facebook.com\/eldigitaldeasturias","twitter:card":"summary_large_image","twitter:title":"Garc\u00eda Tejerina: \u00abToca avanzar juntos para cuidar el agua\u00bb - El Digital de Asturias","twitter:description":"La ministra de Agricultura y Pesca, Alimentaci\u00f3n y Medio Ambiente, Isabel Garc\u00eda Tejerina, ha participado en Sevilla en un desayuno informativo organizado por ABC. Durante el mismo, Garc\u00eda Tejerina ha desgranado los pilares que sustentar\u00e1n el futuro Pacto Nacional por el Agua, en el que el Ministerio lleva meses trabajando con m\u00e1s de 125 reuniones","twitter:image":"https:\/\/www.eldigitaldeasturias.com\/noticias\/wp-content\/uploads\/2020\/12\/EDA-1.jpg","twitter:label1":"Escrito por","twitter:data1":"El Digital de Asturias","twitter:label2":"Tiempo de lectura estimado","twitter:data2":"7 minutos"},"aioseo_meta_data":{"post_id":"968643","title":null,"description":null,"keywords":null,"keyphrases":null,"primary_term":null,"canonical_url":null,"og_title":null,"og_description":null,"og_object_type":"default","og_image_type":"default","og_image_url":null,"og_image_width":null,"og_image_height":null,"og_image_custom_url":null,"og_image_custom_fields":null,"og_video":null,"og_custom_url":null,"og_article_section":null,"og_article_tags":null,"twitter_use_og":false,"twitter_card":"default","twitter_image_type":"default","twitter_image_url":null,"twitter_image_custom_url":null,"twitter_image_custom_fields":null,"twitter_title":null,"twitter_description":null,"schema":{"blockGraphs":[],"customGraphs":[],"default":{"data":{"Article":[],"Course":[],"Dataset":[],"FAQPage":[],"Movie":[],"Person":[],"Product":[],"ProductReview":[],"Car":[],"Recipe":[],"Service":[],"SoftwareApplication":[],"WebPage":[]},"graphName":"","isEnabled":true},"graphs":[],"defaultGraph":"","defaultPostTypeGraph":""},"schema_type":null,"schema_type_options":null,"pillar_content":false,"robots_default":true,"robots_noindex":false,"robots_noarchive":false,"robots_nosnippet":false,"robots_nofollow":false,"robots_noimageindex":false,"robots_noodp":false,"robots_notranslate":false,"robots_max_snippet":null,"robots_max_videopreview":null,"robots_max_imagepreview":"large","priority":null,"frequency":null,"local_seo":null,"seo_analyzer_scan_date":"2025-10-06 23:14:13","breadcrumb_settings":null,"limit_modified_date":false,"open_ai":null,"ai":null,"created":"2020-12-21 12:29:38","updated":"2025-10-06 23:14:13","focus_keyword":null,"additional_keywords":null,"truseo_locale":null},"aioseo_breadcrumb":"<div class=\"aioseo-breadcrumbs\"><span class=\"aioseo-breadcrumb\">\n\t<a href=\"https:\/\/www.eldigitaldeasturias.com\/noticias\" title=\"Home\">Home<\/a>\n<\/span><span class=\"aioseo-breadcrumb-separator\">\u2013<\/span><span class=\"aioseo-breadcrumb\">\n\t<a href=\"https:\/\/www.eldigitaldeasturias.com\/noticias\/category\/actualidad\/\" title=\"Actualidad\">Actualidad<\/a>\n<\/span><span class=\"aioseo-breadcrumb-separator\">\u2013<\/span><span class=\"aioseo-breadcrumb\">\n\t<a href=\"https:\/\/www.eldigitaldeasturias.com\/noticias\/garcia-tejerina-toca-avanzar-juntos-para-cuidar-el-agua\/\" title=\"Garc\u00eda Tejerina: \u00abToca avanzar juntos para cuidar el agua\u00bb\">Garc\u00eda Tejerina: \u00abToca avanzar juntos para cuidar el agua\u00bb<\/a>\n<\/span><\/div>","aioseo_breadcrumb_json":[{"label":"Home","link":"https:\/\/www.eldigitaldeasturias.com\/noticias"},{"label":"Actualidad","link":"https:\/\/www.eldigitaldeasturias.com\/noticias\/category\/actualidad\/"},{"label":"Garc\u00eda Tejerina: \u00abToca avanzar juntos para cuidar el agua\u00bb","link":"https:\/\/www.eldigitaldeasturias.com\/noticias\/garcia-tejerina-toca-avanzar-juntos-para-cuidar-el-agua\/"}],"_links":{"self":[{"href":"https:\/\/www.eldigitaldeasturias.com\/noticias\/wp-json\/wp\/v2\/posts\/968643","targetHints":{"allow":["GET"]}}],"collection":[{"href":"https:\/\/www.eldigitaldeasturias.com\/noticias\/wp-json\/wp\/v2\/posts"}],"about":[{"href":"https:\/\/www.eldigitaldeasturias.com\/noticias\/wp-json\/wp\/v2\/types\/post"}],"author":[{"embeddable":true,"href":"https:\/\/www.eldigitaldeasturias.com\/noticias\/wp-json\/wp\/v2\/users\/1"}],"replies":[{"embeddable":true,"href":"https:\/\/www.eldigitaldeasturias.com\/noticias\/wp-json\/wp\/v2\/comments?post=968643"}],"version-history":[{"count":0,"href":"https:\/\/www.eldigitaldeasturias.com\/noticias\/wp-json\/wp\/v2\/posts\/968643\/revisions"}],"wp:attachment":[{"href":"https:\/\/www.eldigitaldeasturias.com\/noticias\/wp-json\/wp\/v2\/media?parent=968643"}],"wp:term":[{"taxonomy":"category","embeddable":true,"href":"https:\/\/www.eldigitaldeasturias.com\/noticias\/wp-json\/wp\/v2\/categories?post=968643"},{"taxonomy":"post_tag","embeddable":true,"href":"https:\/\/www.eldigitaldeasturias.com\/noticias\/wp-json\/wp\/v2\/tags?post=968643"}],"curies":[{"name":"wp","href":"https:\/\/api.w.org\/{rel}","templated":true}]}}