{"id":968539,"date":"2018-02-11T16:31:17","date_gmt":"2018-02-11T16:31:17","guid":{"rendered":"http:\/\/www.eldigitaldeasturias.com\/noticias\/?p=968539"},"modified":"2018-02-11T16:31:17","modified_gmt":"2018-02-11T16:31:17","slug":"cospedal-los-alcaldes-son-la-base-de-la-politica","status":"publish","type":"post","link":"https:\/\/www.eldigitaldeasturias.com\/noticias\/cospedal-los-alcaldes-son-la-base-de-la-politica\/","title":{"rendered":"Cospedal: \u00abLos alcaldes son la base de la pol\u00edtica\u00bb"},"content":{"rendered":"<p><img loading=\"lazy\" decoding=\"async\" class=\"alignleft size-medium wp-image-968541\" src=\"https:\/\/www.eldigitaldeasturias.com\/noticias\/wp-content\/uploads\/2018\/02\/cospedal_y_tirado_reunion_alcaldes_toledo_2-360x163.jpg\" alt=\"\" width=\"360\" height=\"163\" \/>La secretaria general del PP, Mar\u00eda Dolores Cospedal, ha subrayado hoy que su partido tiene \u201cun proyecto de pa\u00eds\u201d y \u201ccree en una Espa\u00f1a moderna, democr\u00e1tica, sin demagogia, sin populismo, donde lo m\u00e1s importante sea que los espa\u00f1oles, en paz, en concordia y en convivencia, tengan un puesto de trabajo, tengan garantizada su pensi\u00f3n y tengan garantizada la salud y la educaci\u00f3n\u201d.<\/p>\n<p>Tras reunirse con alcaldes y concejales de la provincia de Toledo, Cospedal ha subrayado que su partido cree \u201cen la igualdad de todos los espa\u00f1oles, con independencia del lugar de Espa\u00f1a donde vivan y que los territorios no tienen derechos, los tienen las personas\u201d. \u201cTenemos un proyecto de pa\u00eds y creemos que Espa\u00f1a tiene que ser uno de los pa\u00edses l\u00edderes en el \u00e1mbito de la Uni\u00f3n Europea y del mundo occidental; tenemos que ser solidarios con los espa\u00f1oles que peor lo est\u00e1n pasando y con aquellos pueblos que quieren salir de la desesperanza y a los que Espa\u00f1a puede ayudar. Eso es el PP, un partido de centro-derecha reformista orgulloso de su legado y del futuro que le puede ofrecer a Espa\u00f1a\u201d, ha destacado.<\/p>\n<p>De cara a pr\u00f3ximas citas electorales, la tambi\u00e9n presidenta del PP de Castilla-La Mancha ha recordado que los espa\u00f1oles \u201cvan a confiar en nosotros por lo que saben que somos capaces de hacer\u201d. \u201cSomos capaces de ayudar a nuestro pa\u00eds a salir adelante; de ayudar a los ciudadanos para que puedan tener un puesto de trabajo, de crear empleo; de garantizar que podamos tener la mejor sanidad p\u00fablica; de tener la mejor educaci\u00f3n; y somos capaces, entre todos, y con un gobierno que tenga las ideas bien claras, de frenar a aquellos que quieren dividir Espa\u00f1a y fraccionar a la mitad de Catalu\u00f1a. Somos capaces de dar un futuro a Espa\u00f1a, porque tenemos un proyecto de pa\u00eds\u201d, ha recalcado.<\/p>\n<p><strong>CONSTRUIR LA CASA DESDE LOS CIMIENTOS<\/strong><\/p>\n<p>La dirigente popular ha contrapuesto las virtudes de su partido a las carencias de otros muchos \u201cque est\u00e1n en pol\u00edtica y que han construido la casa desde el tejado y, como est\u00e1n en las nubes todo el d\u00eda, no saben lo que es pisar la realidad, ni saben cu\u00e1les son los aut\u00e9nticos problemas de los ciudadanos\u201d. \u201cSe pasan el d\u00eda haciendo debates est\u00e9riles y no se dan cuenta de que a los espa\u00f1oles y a las espa\u00f1olas lo que de verdad nos importa es tener gobiernos con sentido de la responsabilidad que trabajen para ellos\u201d, ha recalcado.<\/p>\n<p>En este sentido, se ha mostrado sorprendida de que Podemos y C\u2019s se hayan puesto de acuerdo \u201cen que hay que reformar la ley electoral a ver si ellos pueden conseguir m\u00e1s esca\u00f1os\u201d, en vez de ver \u201cc\u00f3mo se crea m\u00e1s empleo o c\u00f3mo se mejora la sanidad\u201d. \u201cSolo les importan los grandes titulares, solo la casa por el tejado, en las nubes, nunca pisar el suelo. Utilizan cualquier excusa para intentar desgastar a un Gobierno que lo que ha hecho es evitar la intervenci\u00f3n de nuestro pa\u00eds, sacarnos de la crisis econ\u00f3mica m\u00e1s dura que hayan vivido los espa\u00f1oles y poner freno al desaf\u00edo independentista de los que gobernaban la Generalitat de Catalu\u00f1a\u201d, ha a\u00f1adido.<\/p>\n<p><strong>SENTIDO DE LA RESPONSABILIDAD<\/strong><\/p>\n<p>Cospedal ha subrayado tambi\u00e9n que \u201cel sentido de la responsabilidad es lo que define hoy a un buen gobernante\u201d, y se ha preguntado por qu\u00e9 al partido que gan\u00f3 las elecciones en Catalu\u00f1a \u201cno le o\u00edmos decir absolutamente nada, ni dar un paso para presentar una candidatura y para evitar este disparate que est\u00e1 sucediendo en el Parlamento de Catalu\u00f1a\u201d, dejando claro que contar\u00edan con el apoyo de los partidos constitucionalistas si se decidieran a actuar.<\/p>\n<p>\u201cAdem\u00e1s de las grandes proclamas y de los grandes mensajes, hay que hacer pol\u00edtica real, que es la de ofrecer soluciones cuando hay problemas, no la de crear problemas cuando no sabemos c\u00f3mo se solucionan las cosas\u201d, ha afirmado.<\/p>\n<p>La dirigente popular ha proseguido recordando que gracias a un Gobierno del PP hay dos millones y medio de personas m\u00e1s trabajando hoy que en los peores momentos de la crisis; se lleg\u00f3 a un acuerdo con los sindicatos y las organizaciones empresariales para subir Salario M\u00ednimo Interprofesional; y se est\u00e1 trabajando \u201cpara garantizar pensiones de nuestros mayores y que no vuelvan a perder poder adquisitivo, como ocurri\u00f3 en la \u00e9poca del Gobierno socialista\u201d.<\/p>\n<p>Tambi\u00e9n ha asegurado que, gracias a un Gobierno del PP, frente a los que quieren quitar la Prisi\u00f3n Permanente Revisable, \u201cnosotros no solo queremos mantenerla, sino apuntalarla\u201d y, por eso, \u201chemos presentado un proyecto para incrementarla, en casos como cuando esconden los cad\u00e1veres de aquellas personas que han sido asesinadas para incrementar el dolor de sus familias, o en aquellos casos contra menores que son aberrantes y que causan esc\u00e1ndalo y sufrimiento en la sociedad espa\u00f1ola\u201d.<\/p>\n<p><strong>LA BASE ES LA CERCAN\u00cdA<\/strong><\/p>\n<p>Mar\u00eda Dolores Cospedal ha puesto tambi\u00e9n en valor la labor que llevan a cabo los alcaldes del Partido Popular. \u201cEn las distancias cortas hay una gran diferencia entre los alcaldes que pertenecen a nuestra formaci\u00f3n pol\u00edtica y otros que nunca quieren participar en gobiernos, porque prefieren estar en las televisiones, o en las tertulias, pero no quieren bajar a la tierra a gobernar, ni quieren tener que tomar decisiones que, a veces, te obligan a ser m\u00e1s simp\u00e1tico para uno y m\u00e1s antip\u00e1tico para otros\u201d, ha advertido.<\/p>\n<p>De este modo, ha explicado que \u201cla gente quiere a alcaldes cercanos, que les conozcan y sepan c\u00f3mo se llama cada uno\u201d. Por eso, ha instado a los asistentes a la reuni\u00f3n a trabajar de cara a las pr\u00f3ximas elecciones municipales y auton\u00f3micas: \u201cAlcaldes, alcaldesas y concejales, construid nuestro proyecto desde los cimientos hasta el final, olvidaos de hacer proyectos y de lanzar ideas construyendo la casa por el tejado, porque el que vive en las nubes nunca quiere estar en el suelo, nunca quiere trabajar, nunca quiere hacer apuestas reales. Los alcaldes son la base de la pol\u00edtica y los alcaldes y las alcaldesas sois el fundamento primero de este partido, que es el nuestro, el PP. No lo olvid\u00e9is\u201d.<\/p>\n","protected":false},"excerpt":{"rendered":"<p>La secretaria general del PP, Mar\u00eda Dolores Cospedal, ha subrayado hoy que su partido tiene \u201cun proyecto de pa\u00eds\u201d y \u201ccree en una Espa\u00f1a moderna, democr\u00e1tica, sin demagogia, sin populismo, donde lo m\u00e1s importante sea que los espa\u00f1oles, en paz, en concordia y en convivencia, tengan un puesto de trabajo, tengan garantizada su pensi\u00f3n y [&hellip;]<\/p>\n","protected":false},"author":1,"featured_media":968541,"comment_status":"closed","ping_status":"closed","sticky":false,"template":"","format":"standard","meta":{"footnotes":""},"categories":[1],"tags":[],"class_list":["post-968539","post","type-post","status-publish","format-standard","has-post-thumbnail","hentry","category-actualidad"],"aioseo_notices":[],"aioseo_head":"\n\t\t<!-- All in One SEO Pro 5.0.1 - aioseo.com -->\n\t<meta name=\"description\" content=\"La secretaria general del PP, Mar\u00eda Dolores Cospedal, ha subrayado hoy que su partido tiene \u201cun proyecto de pa\u00eds\u201d y \u201ccree en una Espa\u00f1a moderna, democr\u00e1tica, sin demagogia, sin populismo, donde lo m\u00e1s importante sea que los espa\u00f1oles, en paz, en concordia y en convivencia, tengan un puesto de trabajo, tengan garantizada su pensi\u00f3n y\" \/>\n\t<meta name=\"robots\" content=\"max-image-preview:large\" \/>\n\t<meta name=\"author\" content=\"El Digital de Asturias\"\/>\n\t<meta name=\"google-site-verification\" content=\"UA-38556648-1\" \/>\n\t<meta name=\"msvalidate.01\" content=\"7dfe9f3f1b24437ab69f4f2559babe99\" \/>\n\t<meta name=\"keywords\" content=\"actualidad\" \/>\n\t<link rel=\"canonical\" href=\"https:\/\/www.eldigitaldeasturias.com\/noticias\/cospedal-los-alcaldes-son-la-base-de-la-politica\/\" \/>\n\t<meta name=\"generator\" content=\"All in One SEO Pro (AIOSEO) 5.0.1\" \/>\n\t\t<meta property=\"og:locale\" content=\"es_ES\" \/>\n\t\t<meta property=\"og:site_name\" content=\"El Digital de Asturias\" \/>\n\t\t<meta property=\"og:type\" content=\"article\" \/>\n\t\t<meta property=\"og:title\" content=\"Cospedal: \u00abLos alcaldes son la base de la pol\u00edtica\u00bb - El Digital de Asturias\" \/>\n\t\t<meta property=\"og:description\" content=\"La secretaria general del PP, Mar\u00eda Dolores Cospedal, ha subrayado hoy que su partido tiene \u201cun proyecto de pa\u00eds\u201d y \u201ccree en una Espa\u00f1a moderna, democr\u00e1tica, sin demagogia, sin populismo, donde lo m\u00e1s importante sea que los espa\u00f1oles, en paz, en concordia y en convivencia, tengan un puesto de trabajo, tengan garantizada su pensi\u00f3n y\" \/>\n\t\t<meta property=\"og:url\" content=\"https:\/\/www.eldigitaldeasturias.com\/noticias\/cospedal-los-alcaldes-son-la-base-de-la-politica\/\" \/>\n\t\t<meta property=\"article:tag\" content=\"actualidad\" \/>\n\t\t<meta property=\"article:published_time\" content=\"2018-02-11T16:31:17+00:00\" \/>\n\t\t<meta property=\"article:modified_time\" content=\"2018-02-11T16:31:17+00:00\" \/>\n\t\t<meta property=\"article:publisher\" content=\"https:\/\/facebook.com\/eldigitaldeasturias\" \/>\n\t\t<meta name=\"twitter:card\" content=\"summary_large_image\" \/>\n\t\t<meta name=\"twitter:title\" content=\"Cospedal: \u00abLos alcaldes son la base de la pol\u00edtica\u00bb - El Digital de Asturias\" \/>\n\t\t<meta name=\"twitter:description\" content=\"La secretaria general del PP, Mar\u00eda Dolores Cospedal, ha subrayado hoy que su partido tiene \u201cun proyecto de pa\u00eds\u201d y \u201ccree en una Espa\u00f1a moderna, democr\u00e1tica, sin demagogia, sin populismo, donde lo m\u00e1s importante sea que los espa\u00f1oles, en paz, en concordia y en convivencia, tengan un puesto de trabajo, tengan garantizada su pensi\u00f3n y\" \/>\n\t\t<meta name=\"twitter:image\" content=\"https:\/\/www.eldigitaldeasturias.com\/noticias\/wp-content\/uploads\/2020\/12\/EDA-1.jpg\" \/>\n\t\t<meta name=\"twitter:label1\" content=\"Escrito por\" \/>\n\t\t<meta name=\"twitter:data1\" content=\"El Digital de Asturias\" \/>\n\t\t<meta name=\"twitter:label2\" content=\"Tiempo de lectura estimado\" \/>\n\t\t<meta name=\"twitter:data2\" content=\"5 minutos\" \/>\n\t\t<script type=\"application\/ld+json\" class=\"aioseo-schema\">\n\t\t\t{\"@context\":\"https:\\\/\\\/schema.org\",\"@graph\":[{\"@type\":\"BlogPosting\",\"@id\":\"https:\\\/\\\/www.eldigitaldeasturias.com\\\/noticias\\\/cospedal-los-alcaldes-son-la-base-de-la-politica\\\/#blogposting\",\"name\":\"Cospedal: \\u00abLos alcaldes son la base de la pol\\u00edtica\\u00bb - El Digital de Asturias\",\"headline\":\"Cospedal: \\u00abLos alcaldes son la base de la pol\\u00edtica\\u00bb\",\"author\":{\"@id\":\"https:\\\/\\\/www.eldigitaldeasturias.com\\\/noticias\\\/author\\\/admin\\\/#author\"},\"publisher\":{\"@id\":\"https:\\\/\\\/www.eldigitaldeasturias.com\\\/noticias\\\/#organization\"},\"image\":{\"@type\":\"ImageObject\",\"url\":968541},\"datePublished\":\"2018-02-11T16:31:17+01:00\",\"dateModified\":\"2018-02-11T16:31:17+01:00\",\"inLanguage\":\"es-ES\",\"mainEntityOfPage\":{\"@id\":\"https:\\\/\\\/www.eldigitaldeasturias.com\\\/noticias\\\/cospedal-los-alcaldes-son-la-base-de-la-politica\\\/#webpage\"},\"isPartOf\":{\"@id\":\"https:\\\/\\\/www.eldigitaldeasturias.com\\\/noticias\\\/cospedal-los-alcaldes-son-la-base-de-la-politica\\\/#webpage\"},\"articleSection\":\"Actualidad\"},{\"@type\":\"BreadcrumbList\",\"@id\":\"https:\\\/\\\/www.eldigitaldeasturias.com\\\/noticias\\\/cospedal-los-alcaldes-son-la-base-de-la-politica\\\/#breadcrumblist\",\"itemListElement\":[{\"@type\":\"ListItem\",\"@id\":\"https:\\\/\\\/www.eldigitaldeasturias.com\\\/noticias#listItem\",\"position\":1,\"name\":\"Home\",\"item\":\"https:\\\/\\\/www.eldigitaldeasturias.com\\\/noticias\",\"nextItem\":{\"@type\":\"ListItem\",\"@id\":\"https:\\\/\\\/www.eldigitaldeasturias.com\\\/noticias\\\/category\\\/actualidad\\\/#listItem\",\"name\":\"Actualidad\"}},{\"@type\":\"ListItem\",\"@id\":\"https:\\\/\\\/www.eldigitaldeasturias.com\\\/noticias\\\/category\\\/actualidad\\\/#listItem\",\"position\":2,\"name\":\"Actualidad\",\"item\":\"https:\\\/\\\/www.eldigitaldeasturias.com\\\/noticias\\\/category\\\/actualidad\\\/\",\"nextItem\":{\"@type\":\"ListItem\",\"@id\":\"https:\\\/\\\/www.eldigitaldeasturias.com\\\/noticias\\\/cospedal-los-alcaldes-son-la-base-de-la-politica\\\/#listItem\",\"name\":\"Cospedal: \\u00abLos alcaldes son la base de la pol\\u00edtica\\u00bb\"},\"previousItem\":{\"@type\":\"ListItem\",\"@id\":\"https:\\\/\\\/www.eldigitaldeasturias.com\\\/noticias#listItem\",\"name\":\"Home\"}},{\"@type\":\"ListItem\",\"@id\":\"https:\\\/\\\/www.eldigitaldeasturias.com\\\/noticias\\\/cospedal-los-alcaldes-son-la-base-de-la-politica\\\/#listItem\",\"position\":3,\"name\":\"Cospedal: \\u00abLos alcaldes son la base de la pol\\u00edtica\\u00bb\",\"previousItem\":{\"@type\":\"ListItem\",\"@id\":\"https:\\\/\\\/www.eldigitaldeasturias.com\\\/noticias\\\/category\\\/actualidad\\\/#listItem\",\"name\":\"Actualidad\"}}]},{\"@type\":\"Organization\",\"@id\":\"https:\\\/\\\/www.eldigitaldeasturias.com\\\/noticias\\\/#organization\",\"name\":\"El Digital de Asturias\",\"description\":\"Hemeroteca\",\"url\":\"https:\\\/\\\/www.eldigitaldeasturias.com\\\/noticias\\\/\",\"email\":\"info@eldigitaldeasturias.com\",\"telephone\":\"+34652131393\",\"logo\":{\"@type\":\"ImageObject\",\"url\":\"https:\\\/\\\/www.eldigitaldeasturias.com\\\/noticias\\\/wp-content\\\/uploads\\\/2020\\\/12\\\/EDA.jpg\",\"@id\":\"https:\\\/\\\/www.eldigitaldeasturias.com\\\/noticias\\\/cospedal-los-alcaldes-son-la-base-de-la-politica\\\/#organizationLogo\"},\"image\":{\"@id\":\"https:\\\/\\\/www.eldigitaldeasturias.com\\\/noticias\\\/cospedal-los-alcaldes-son-la-base-de-la-politica\\\/#organizationLogo\"},\"sameAs\":[\"https:\\\/\\\/facebook.com\\\/eldigitaldeasturias\",\"https:\\\/\\\/www.youtube.com\\\/channel\\\/UCZP-2wLEB9Rv6erhFmqVnvg\"],\"address\":{\"@id\":\"https:\\\/\\\/www.eldigitaldeasturias.com\\\/noticias\\\/#postaladdress\",\"@type\":\"PostalAddress\",\"streetAddress\":\"san antonio 4\",\"postalCode\":\"33430\",\"addressLocality\":\"Cand\\u00e1s\",\"addressRegion\":\"Asturias\",\"addressCountry\":\"ES\"}},{\"@type\":\"Person\",\"@id\":\"https:\\\/\\\/www.eldigitaldeasturias.com\\\/noticias\\\/author\\\/admin\\\/#author\",\"url\":\"https:\\\/\\\/www.eldigitaldeasturias.com\\\/noticias\\\/author\\\/admin\\\/\",\"name\":\"El Digital de Asturias\",\"image\":{\"@type\":\"ImageObject\",\"@id\":\"https:\\\/\\\/www.eldigitaldeasturias.com\\\/noticias\\\/cospedal-los-alcaldes-son-la-base-de-la-politica\\\/#authorImage\",\"url\":\"https:\\\/\\\/secure.gravatar.com\\\/avatar\\\/df2aeffc32bcd13f8d26072ef8a91b623d677766deac7f97ca815868cd41bf5e?s=96&d=mm&r=g\",\"width\":96,\"height\":96,\"caption\":\"El Digital de Asturias\"}},{\"@type\":\"WebPage\",\"@id\":\"https:\\\/\\\/www.eldigitaldeasturias.com\\\/noticias\\\/cospedal-los-alcaldes-son-la-base-de-la-politica\\\/#webpage\",\"url\":\"https:\\\/\\\/www.eldigitaldeasturias.com\\\/noticias\\\/cospedal-los-alcaldes-son-la-base-de-la-politica\\\/\",\"name\":\"Cospedal: \\u00abLos alcaldes son la base de la pol\\u00edtica\\u00bb - El Digital de Asturias\",\"description\":\"La secretaria general del PP, Mar\\u00eda Dolores Cospedal, ha subrayado hoy que su partido tiene \\u201cun proyecto de pa\\u00eds\\u201d y \\u201ccree en una Espa\\u00f1a moderna, democr\\u00e1tica, sin demagogia, sin populismo, donde lo m\\u00e1s importante sea que los espa\\u00f1oles, en paz, en concordia y en convivencia, tengan un puesto de trabajo, tengan garantizada su pensi\\u00f3n y\",\"inLanguage\":\"es-ES\",\"isPartOf\":{\"@id\":\"https:\\\/\\\/www.eldigitaldeasturias.com\\\/noticias\\\/#website\"},\"breadcrumb\":{\"@id\":\"https:\\\/\\\/www.eldigitaldeasturias.com\\\/noticias\\\/cospedal-los-alcaldes-son-la-base-de-la-politica\\\/#breadcrumblist\"},\"author\":{\"@id\":\"https:\\\/\\\/www.eldigitaldeasturias.com\\\/noticias\\\/author\\\/admin\\\/#author\"},\"creator\":{\"@id\":\"https:\\\/\\\/www.eldigitaldeasturias.com\\\/noticias\\\/author\\\/admin\\\/#author\"},\"image\":{\"@type\":\"ImageObject\",\"url\":968541,\"@id\":\"https:\\\/\\\/www.eldigitaldeasturias.com\\\/noticias\\\/cospedal-los-alcaldes-son-la-base-de-la-politica\\\/#mainImage\"},\"primaryImageOfPage\":{\"@id\":\"https:\\\/\\\/www.eldigitaldeasturias.com\\\/noticias\\\/cospedal-los-alcaldes-son-la-base-de-la-politica\\\/#mainImage\"},\"datePublished\":\"2018-02-11T16:31:17+01:00\",\"dateModified\":\"2018-02-11T16:31:17+01:00\"},{\"@type\":\"WebSite\",\"@id\":\"https:\\\/\\\/www.eldigitaldeasturias.com\\\/noticias\\\/#website\",\"url\":\"https:\\\/\\\/www.eldigitaldeasturias.com\\\/noticias\\\/\",\"name\":\"El Digital de Asturias - Diario de actualidad y noticias\",\"alternateName\":\"El Digital de Asturias - Diario de actualidad y noticias\",\"description\":\"Hemeroteca\",\"inLanguage\":\"es-ES\",\"publisher\":{\"@id\":\"https:\\\/\\\/www.eldigitaldeasturias.com\\\/noticias\\\/#organization\"}}]}\n\t\t<\/script>\n\t\t<!-- All in One SEO Pro -->\r\n\t\t<title>Cospedal: \u00abLos alcaldes son la base de la pol\u00edtica\u00bb - El Digital de Asturias<\/title>\n\n","aioseo_head_json":{"title":"Cospedal: \u00abLos alcaldes son la base de la pol\u00edtica\u00bb - El Digital de Asturias","description":"La secretaria general del PP, Mar\u00eda Dolores Cospedal, ha subrayado hoy que su partido tiene \u201cun proyecto de pa\u00eds\u201d y \u201ccree en una Espa\u00f1a moderna, democr\u00e1tica, sin demagogia, sin populismo, donde lo m\u00e1s importante sea que los espa\u00f1oles, en paz, en concordia y en convivencia, tengan un puesto de trabajo, tengan garantizada su pensi\u00f3n y","canonical_url":"https:\/\/www.eldigitaldeasturias.com\/noticias\/cospedal-los-alcaldes-son-la-base-de-la-politica\/","robots":"max-image-preview:large","keywords":"actualidad","webmasterTools":{"google-site-verification":"UA-38556648-1","msvalidate.01":"7dfe9f3f1b24437ab69f4f2559babe99","miscellaneous":""},"schema":{"@context":"https:\/\/schema.org","@graph":[{"@type":"BlogPosting","@id":"https:\/\/www.eldigitaldeasturias.com\/noticias\/cospedal-los-alcaldes-son-la-base-de-la-politica\/#blogposting","name":"Cospedal: \u00abLos alcaldes son la base de la pol\u00edtica\u00bb - El Digital de Asturias","headline":"Cospedal: \u00abLos alcaldes son la base de la pol\u00edtica\u00bb","author":{"@id":"https:\/\/www.eldigitaldeasturias.com\/noticias\/author\/admin\/#author"},"publisher":{"@id":"https:\/\/www.eldigitaldeasturias.com\/noticias\/#organization"},"image":{"@type":"ImageObject","url":968541},"datePublished":"2018-02-11T16:31:17+01:00","dateModified":"2018-02-11T16:31:17+01:00","inLanguage":"es-ES","mainEntityOfPage":{"@id":"https:\/\/www.eldigitaldeasturias.com\/noticias\/cospedal-los-alcaldes-son-la-base-de-la-politica\/#webpage"},"isPartOf":{"@id":"https:\/\/www.eldigitaldeasturias.com\/noticias\/cospedal-los-alcaldes-son-la-base-de-la-politica\/#webpage"},"articleSection":"Actualidad"},{"@type":"BreadcrumbList","@id":"https:\/\/www.eldigitaldeasturias.com\/noticias\/cospedal-los-alcaldes-son-la-base-de-la-politica\/#breadcrumblist","itemListElement":[{"@type":"ListItem","@id":"https:\/\/www.eldigitaldeasturias.com\/noticias#listItem","position":1,"name":"Home","item":"https:\/\/www.eldigitaldeasturias.com\/noticias","nextItem":{"@type":"ListItem","@id":"https:\/\/www.eldigitaldeasturias.com\/noticias\/category\/actualidad\/#listItem","name":"Actualidad"}},{"@type":"ListItem","@id":"https:\/\/www.eldigitaldeasturias.com\/noticias\/category\/actualidad\/#listItem","position":2,"name":"Actualidad","item":"https:\/\/www.eldigitaldeasturias.com\/noticias\/category\/actualidad\/","nextItem":{"@type":"ListItem","@id":"https:\/\/www.eldigitaldeasturias.com\/noticias\/cospedal-los-alcaldes-son-la-base-de-la-politica\/#listItem","name":"Cospedal: \u00abLos alcaldes son la base de la pol\u00edtica\u00bb"},"previousItem":{"@type":"ListItem","@id":"https:\/\/www.eldigitaldeasturias.com\/noticias#listItem","name":"Home"}},{"@type":"ListItem","@id":"https:\/\/www.eldigitaldeasturias.com\/noticias\/cospedal-los-alcaldes-son-la-base-de-la-politica\/#listItem","position":3,"name":"Cospedal: \u00abLos alcaldes son la base de la pol\u00edtica\u00bb","previousItem":{"@type":"ListItem","@id":"https:\/\/www.eldigitaldeasturias.com\/noticias\/category\/actualidad\/#listItem","name":"Actualidad"}}]},{"@type":"Organization","@id":"https:\/\/www.eldigitaldeasturias.com\/noticias\/#organization","name":"El Digital de Asturias","description":"Hemeroteca","url":"https:\/\/www.eldigitaldeasturias.com\/noticias\/","email":"info@eldigitaldeasturias.com","telephone":"+34652131393","logo":{"@type":"ImageObject","url":"https:\/\/www.eldigitaldeasturias.com\/noticias\/wp-content\/uploads\/2020\/12\/EDA.jpg","@id":"https:\/\/www.eldigitaldeasturias.com\/noticias\/cospedal-los-alcaldes-son-la-base-de-la-politica\/#organizationLogo"},"image":{"@id":"https:\/\/www.eldigitaldeasturias.com\/noticias\/cospedal-los-alcaldes-son-la-base-de-la-politica\/#organizationLogo"},"sameAs":["https:\/\/facebook.com\/eldigitaldeasturias","https:\/\/www.youtube.com\/channel\/UCZP-2wLEB9Rv6erhFmqVnvg"],"address":{"@id":"https:\/\/www.eldigitaldeasturias.com\/noticias\/#postaladdress","@type":"PostalAddress","streetAddress":"san antonio 4","postalCode":"33430","addressLocality":"Cand\u00e1s","addressRegion":"Asturias","addressCountry":"ES"}},{"@type":"Person","@id":"https:\/\/www.eldigitaldeasturias.com\/noticias\/author\/admin\/#author","url":"https:\/\/www.eldigitaldeasturias.com\/noticias\/author\/admin\/","name":"El Digital de Asturias","image":{"@type":"ImageObject","@id":"https:\/\/www.eldigitaldeasturias.com\/noticias\/cospedal-los-alcaldes-son-la-base-de-la-politica\/#authorImage","url":"https:\/\/secure.gravatar.com\/avatar\/df2aeffc32bcd13f8d26072ef8a91b623d677766deac7f97ca815868cd41bf5e?s=96&d=mm&r=g","width":96,"height":96,"caption":"El Digital de Asturias"}},{"@type":"WebPage","@id":"https:\/\/www.eldigitaldeasturias.com\/noticias\/cospedal-los-alcaldes-son-la-base-de-la-politica\/#webpage","url":"https:\/\/www.eldigitaldeasturias.com\/noticias\/cospedal-los-alcaldes-son-la-base-de-la-politica\/","name":"Cospedal: \u00abLos alcaldes son la base de la pol\u00edtica\u00bb - El Digital de Asturias","description":"La secretaria general del PP, Mar\u00eda Dolores Cospedal, ha subrayado hoy que su partido tiene \u201cun proyecto de pa\u00eds\u201d y \u201ccree en una Espa\u00f1a moderna, democr\u00e1tica, sin demagogia, sin populismo, donde lo m\u00e1s importante sea que los espa\u00f1oles, en paz, en concordia y en convivencia, tengan un puesto de trabajo, tengan garantizada su pensi\u00f3n y","inLanguage":"es-ES","isPartOf":{"@id":"https:\/\/www.eldigitaldeasturias.com\/noticias\/#website"},"breadcrumb":{"@id":"https:\/\/www.eldigitaldeasturias.com\/noticias\/cospedal-los-alcaldes-son-la-base-de-la-politica\/#breadcrumblist"},"author":{"@id":"https:\/\/www.eldigitaldeasturias.com\/noticias\/author\/admin\/#author"},"creator":{"@id":"https:\/\/www.eldigitaldeasturias.com\/noticias\/author\/admin\/#author"},"image":{"@type":"ImageObject","url":968541,"@id":"https:\/\/www.eldigitaldeasturias.com\/noticias\/cospedal-los-alcaldes-son-la-base-de-la-politica\/#mainImage"},"primaryImageOfPage":{"@id":"https:\/\/www.eldigitaldeasturias.com\/noticias\/cospedal-los-alcaldes-son-la-base-de-la-politica\/#mainImage"},"datePublished":"2018-02-11T16:31:17+01:00","dateModified":"2018-02-11T16:31:17+01:00"},{"@type":"WebSite","@id":"https:\/\/www.eldigitaldeasturias.com\/noticias\/#website","url":"https:\/\/www.eldigitaldeasturias.com\/noticias\/","name":"El Digital de Asturias - Diario de actualidad y noticias","alternateName":"El Digital de Asturias - Diario de actualidad y noticias","description":"Hemeroteca","inLanguage":"es-ES","publisher":{"@id":"https:\/\/www.eldigitaldeasturias.com\/noticias\/#organization"}}]},"og:locale":"es_ES","og:site_name":"El Digital de Asturias","og:type":"article","og:title":"Cospedal: \u00abLos alcaldes son la base de la pol\u00edtica\u00bb - El Digital de Asturias","og:description":"La secretaria general del PP, Mar\u00eda Dolores Cospedal, ha subrayado hoy que su partido tiene \u201cun proyecto de pa\u00eds\u201d y \u201ccree en una Espa\u00f1a moderna, democr\u00e1tica, sin demagogia, sin populismo, donde lo m\u00e1s importante sea que los espa\u00f1oles, en paz, en concordia y en convivencia, tengan un puesto de trabajo, tengan garantizada su pensi\u00f3n y","og:url":"https:\/\/www.eldigitaldeasturias.com\/noticias\/cospedal-los-alcaldes-son-la-base-de-la-politica\/","article:tag":["actualidad"],"article:published_time":"2018-02-11T16:31:17+00:00","article:modified_time":"2018-02-11T16:31:17+00:00","article:publisher":"https:\/\/facebook.com\/eldigitaldeasturias","twitter:card":"summary_large_image","twitter:title":"Cospedal: \u00abLos alcaldes son la base de la pol\u00edtica\u00bb - El Digital de Asturias","twitter:description":"La secretaria general del PP, Mar\u00eda Dolores Cospedal, ha subrayado hoy que su partido tiene \u201cun proyecto de pa\u00eds\u201d y \u201ccree en una Espa\u00f1a moderna, democr\u00e1tica, sin demagogia, sin populismo, donde lo m\u00e1s importante sea que los espa\u00f1oles, en paz, en concordia y en convivencia, tengan un puesto de trabajo, tengan garantizada su pensi\u00f3n y","twitter:image":"https:\/\/www.eldigitaldeasturias.com\/noticias\/wp-content\/uploads\/2020\/12\/EDA-1.jpg","twitter:label1":"Escrito por","twitter:data1":"El Digital de Asturias","twitter:label2":"Tiempo de lectura estimado","twitter:data2":"5 minutos"},"aioseo_meta_data":{"post_id":"968539","title":null,"description":null,"keywords":null,"keyphrases":null,"primary_term":null,"canonical_url":null,"og_title":null,"og_description":null,"og_object_type":"default","og_image_type":"default","og_image_url":null,"og_image_width":null,"og_image_height":null,"og_image_custom_url":null,"og_image_custom_fields":null,"og_video":null,"og_custom_url":null,"og_article_section":null,"og_article_tags":null,"twitter_use_og":false,"twitter_card":"default","twitter_image_type":"default","twitter_image_url":null,"twitter_image_custom_url":null,"twitter_image_custom_fields":null,"twitter_title":null,"twitter_description":null,"schema":{"blockGraphs":[],"customGraphs":[],"default":{"data":{"Article":[],"Course":[],"Dataset":[],"FAQPage":[],"Movie":[],"Person":[],"Product":[],"ProductReview":[],"Car":[],"Recipe":[],"Service":[],"SoftwareApplication":[],"WebPage":[]},"graphName":"","isEnabled":true},"graphs":[],"defaultGraph":"","defaultPostTypeGraph":""},"schema_type":null,"schema_type_options":null,"pillar_content":false,"robots_default":true,"robots_noindex":false,"robots_noarchive":false,"robots_nosnippet":false,"robots_nofollow":false,"robots_noimageindex":false,"robots_noodp":false,"robots_notranslate":false,"robots_max_snippet":null,"robots_max_videopreview":null,"robots_max_imagepreview":"large","priority":null,"frequency":null,"local_seo":null,"seo_analyzer_scan_date":"2025-10-06 22:52:07","breadcrumb_settings":null,"limit_modified_date":false,"open_ai":null,"ai":null,"created":"2020-12-21 12:29:39","updated":"2025-10-06 22:52:07","focus_keyword":null,"additional_keywords":null,"truseo_locale":null},"aioseo_breadcrumb":"<div class=\"aioseo-breadcrumbs\"><span class=\"aioseo-breadcrumb\">\n\t<a href=\"https:\/\/www.eldigitaldeasturias.com\/noticias\" title=\"Home\">Home<\/a>\n<\/span><span class=\"aioseo-breadcrumb-separator\">\u2013<\/span><span class=\"aioseo-breadcrumb\">\n\t<a href=\"https:\/\/www.eldigitaldeasturias.com\/noticias\/category\/actualidad\/\" title=\"Actualidad\">Actualidad<\/a>\n<\/span><span class=\"aioseo-breadcrumb-separator\">\u2013<\/span><span class=\"aioseo-breadcrumb\">\n\t<a href=\"https:\/\/www.eldigitaldeasturias.com\/noticias\/cospedal-los-alcaldes-son-la-base-de-la-politica\/\" title=\"Cospedal: \u00abLos alcaldes son la base de la pol\u00edtica\u00bb\">Cospedal: \u00abLos alcaldes son la base de la pol\u00edtica\u00bb<\/a>\n<\/span><\/div>","aioseo_breadcrumb_json":[{"label":"Home","link":"https:\/\/www.eldigitaldeasturias.com\/noticias"},{"label":"Actualidad","link":"https:\/\/www.eldigitaldeasturias.com\/noticias\/category\/actualidad\/"},{"label":"Cospedal: \u00abLos alcaldes son la base de la pol\u00edtica\u00bb","link":"https:\/\/www.eldigitaldeasturias.com\/noticias\/cospedal-los-alcaldes-son-la-base-de-la-politica\/"}],"_links":{"self":[{"href":"https:\/\/www.eldigitaldeasturias.com\/noticias\/wp-json\/wp\/v2\/posts\/968539","targetHints":{"allow":["GET"]}}],"collection":[{"href":"https:\/\/www.eldigitaldeasturias.com\/noticias\/wp-json\/wp\/v2\/posts"}],"about":[{"href":"https:\/\/www.eldigitaldeasturias.com\/noticias\/wp-json\/wp\/v2\/types\/post"}],"author":[{"embeddable":true,"href":"https:\/\/www.eldigitaldeasturias.com\/noticias\/wp-json\/wp\/v2\/users\/1"}],"replies":[{"embeddable":true,"href":"https:\/\/www.eldigitaldeasturias.com\/noticias\/wp-json\/wp\/v2\/comments?post=968539"}],"version-history":[{"count":0,"href":"https:\/\/www.eldigitaldeasturias.com\/noticias\/wp-json\/wp\/v2\/posts\/968539\/revisions"}],"wp:attachment":[{"href":"https:\/\/www.eldigitaldeasturias.com\/noticias\/wp-json\/wp\/v2\/media?parent=968539"}],"wp:term":[{"taxonomy":"category","embeddable":true,"href":"https:\/\/www.eldigitaldeasturias.com\/noticias\/wp-json\/wp\/v2\/categories?post=968539"},{"taxonomy":"post_tag","embeddable":true,"href":"https:\/\/www.eldigitaldeasturias.com\/noticias\/wp-json\/wp\/v2\/tags?post=968539"}],"curies":[{"name":"wp","href":"https:\/\/api.w.org\/{rel}","templated":true}]}}