{"id":968536,"date":"2018-02-11T16:27:15","date_gmt":"2018-02-11T16:27:15","guid":{"rendered":"http:\/\/www.eldigitaldeasturias.com\/noticias\/?p=968536"},"modified":"2018-02-11T16:27:15","modified_gmt":"2018-02-11T16:27:15","slug":"defensa-lanza-una-pagina-web-para-conmemorar-el-v-centenario-de-la-primera-vuelta-al-mundo","status":"publish","type":"post","link":"https:\/\/www.eldigitaldeasturias.com\/noticias\/defensa-lanza-una-pagina-web-para-conmemorar-el-v-centenario-de-la-primera-vuelta-al-mundo\/","title":{"rendered":"Defensa lanza una p\u00e1gina web para conmemorar el V Centenario de la primera vuelta al mundo"},"content":{"rendered":"<p><img loading=\"lazy\" decoding=\"async\" class=\"alignleft size-medium wp-image-968537\" src=\"https:\/\/www.eldigitaldeasturias.com\/noticias\/wp-content\/uploads\/2018\/02\/09032017_Defensa-360x240.jpg\" alt=\"\" width=\"360\" height=\"240\" \/>El Ministerio de Defensa -en colaboraci\u00f3n con el Ministerio de Educaci\u00f3n, Cultura y Deporte y la Junta de Castilla y Le\u00f3n- inaugura una p\u00e1gina web para el Congreso internacional Primus Circumdedisti Me. Claves de la primera globalizaci\u00f3n, que se celebrar\u00e1, del 20 al 22 de marzo de 2018, en el Centro Cultural &#8216;Miguel Delibes&#8217; de Valladolid, dentro de los actos conmemorativos del V Centenario de la expedici\u00f3n que dio la primera vuelta al mundo.<\/p>\n<p>La direcci\u00f3n de la p\u00e1gina es www.vcentenario.es, donde quienes quieran asistir al congreso podr\u00e1n registrarse hasta el pr\u00f3ximo 28 de febrero.<\/p>\n<p>El congreso -dirigido por el profesor Carlos Mart\u00ednez Shaw- tiene como objetivos establecer una reflexi\u00f3n hist\u00f3rica sobre la primera vuelta al mundo y, tomando como punto de partida las Capitulaciones de Valladolid celebradas hace 500 a\u00f1os, las circunstancias en las que se llev\u00f3 a cabo la expedici\u00f3n que abri\u00f3 definitivamente el camino a la primera globalizaci\u00f3n, as\u00ed como divulgar los conocimientos sobre Juan Sebasti\u00e1n de Elcano.<\/p>\n<p>De este modo, el Ministerio de Defensa pone de manifiesto la trascendencia que la expedici\u00f3n tuvo para la navegaci\u00f3n y el comercio de la \u00e9poca, convirti\u00e9ndose en el hito precursor de lo que hoy entendemos por globalizaci\u00f3n. Para ello, el congreso contar\u00e1 con la presencia de expertos e historiadores nacionales e internacionales de reconocido prestigio sobre la navegaci\u00f3n en el siglo XVI, el descubrimiento del paso al Oc\u00e9ano Pac\u00edfico y los avances en la exploraci\u00f3n y el comercio.<\/p>\n<p>Este congreso internacional de historia es el primero de los eventos programados para 2018 dentro de los actos conmemorativos del V Centenario de la expedici\u00f3n que dio la primera vuelta al mundo, tras su aprobaci\u00f3n por el Pleno de la Comisi\u00f3n a tales efectos el pasado 30 de noviembre de 2017.<\/p>\n<p><strong>Capitulaciones de Valladolid<\/strong><\/p>\n<p>El 22 de marzo de 1518 el rey Carlos I firm\u00f3 con el navegante portugu\u00e9s Fernando de Magallanes las capitulaciones de Valladolid, por las que el monarca pon\u00eda a su disposici\u00f3n una flota de cinco naves para ir a descubrir la Especier\u00eda, al tiempo que se le otorgaba el t\u00edtulo de capit\u00e1n de esta armada, as\u00ed como los de gobernador y adelantado de las tierras que descubriera.<\/p>\n<p>El argumento expuesto por Magallanes fue que, seg\u00fan la divisi\u00f3n del Tratado de Tordesillas, las Islas Molucas se encontraban en los dominios correspondientes a Espa\u00f1a y no a los de Portugal, y, en consecuencia, el monopolio de las especias deb\u00eda corresponder al Reino de Espa\u00f1a.<\/p>\n<p>Fue el hito hist\u00f3rico que, a posteriori, originar\u00eda la primera circunnavegaci\u00f3n, que inici\u00f3 Fernando de Magallanes el 20 de septiembre de 1519 y que, tras su muerte en las Islas Filipinas, finalizar\u00eda el marino espa\u00f1ol Juan Sebasti\u00e1n de Elcano el 6 de septiembre de 1522.<\/p>\n<p>&nbsp;<\/p>\n","protected":false},"excerpt":{"rendered":"<p>El Ministerio de Defensa -en colaboraci\u00f3n con el Ministerio de Educaci\u00f3n, Cultura y Deporte y la Junta de Castilla y Le\u00f3n- inaugura una p\u00e1gina web para el Congreso internacional Primus Circumdedisti Me. Claves de la primera globalizaci\u00f3n, que se celebrar\u00e1, del 20 al 22 de marzo de 2018, en el Centro Cultural &#8216;Miguel Delibes&#8217; de [&hellip;]<\/p>\n","protected":false},"author":1,"featured_media":968537,"comment_status":"closed","ping_status":"closed","sticky":false,"template":"","format":"standard","meta":{"footnotes":""},"categories":[1],"tags":[],"class_list":["post-968536","post","type-post","status-publish","format-standard","has-post-thumbnail","hentry","category-actualidad"],"aioseo_notices":[],"aioseo_head":"\n\t\t<!-- All in One SEO Pro 5.0.1 - aioseo.com -->\n\t<meta name=\"description\" content=\"El Ministerio de Defensa -en colaboraci\u00f3n con el Ministerio de Educaci\u00f3n, Cultura y Deporte y la Junta de Castilla y Le\u00f3n- inaugura una p\u00e1gina web para el Congreso internacional Primus Circumdedisti Me. Claves de la primera globalizaci\u00f3n, que se celebrar\u00e1, del 20 al 22 de marzo de 2018, en el Centro Cultural &#039;Miguel Delibes&#039; de\" \/>\n\t<meta name=\"robots\" content=\"max-image-preview:large\" \/>\n\t<meta name=\"author\" content=\"El Digital de Asturias\"\/>\n\t<meta name=\"google-site-verification\" content=\"UA-38556648-1\" \/>\n\t<meta name=\"msvalidate.01\" content=\"7dfe9f3f1b24437ab69f4f2559babe99\" \/>\n\t<meta name=\"keywords\" content=\"actualidad\" \/>\n\t<link rel=\"canonical\" href=\"https:\/\/www.eldigitaldeasturias.com\/noticias\/defensa-lanza-una-pagina-web-para-conmemorar-el-v-centenario-de-la-primera-vuelta-al-mundo\/\" \/>\n\t<meta name=\"generator\" content=\"All in One SEO Pro (AIOSEO) 5.0.1\" \/>\n\t\t<meta property=\"og:locale\" content=\"es_ES\" \/>\n\t\t<meta property=\"og:site_name\" content=\"El Digital de Asturias\" \/>\n\t\t<meta property=\"og:type\" content=\"article\" \/>\n\t\t<meta property=\"og:title\" content=\"Defensa lanza una p\u00e1gina web para conmemorar el V Centenario de la primera vuelta al mundo - El Digital de Asturias\" \/>\n\t\t<meta property=\"og:description\" content=\"El Ministerio de Defensa -en colaboraci\u00f3n con el Ministerio de Educaci\u00f3n, Cultura y Deporte y la Junta de Castilla y Le\u00f3n- inaugura una p\u00e1gina web para el Congreso internacional Primus Circumdedisti Me. Claves de la primera globalizaci\u00f3n, que se celebrar\u00e1, del 20 al 22 de marzo de 2018, en el Centro Cultural &#039;Miguel Delibes&#039; de\" \/>\n\t\t<meta property=\"og:url\" content=\"https:\/\/www.eldigitaldeasturias.com\/noticias\/defensa-lanza-una-pagina-web-para-conmemorar-el-v-centenario-de-la-primera-vuelta-al-mundo\/\" \/>\n\t\t<meta property=\"article:tag\" content=\"actualidad\" \/>\n\t\t<meta property=\"article:published_time\" content=\"2018-02-11T16:27:15+00:00\" \/>\n\t\t<meta property=\"article:modified_time\" content=\"2018-02-11T16:27:15+00:00\" \/>\n\t\t<meta property=\"article:publisher\" content=\"https:\/\/facebook.com\/eldigitaldeasturias\" \/>\n\t\t<meta name=\"twitter:card\" content=\"summary_large_image\" \/>\n\t\t<meta name=\"twitter:title\" content=\"Defensa lanza una p\u00e1gina web para conmemorar el V Centenario de la primera vuelta al mundo - El Digital de Asturias\" \/>\n\t\t<meta name=\"twitter:description\" content=\"El Ministerio de Defensa -en colaboraci\u00f3n con el Ministerio de Educaci\u00f3n, Cultura y Deporte y la Junta de Castilla y Le\u00f3n- inaugura una p\u00e1gina web para el Congreso internacional Primus Circumdedisti Me. Claves de la primera globalizaci\u00f3n, que se celebrar\u00e1, del 20 al 22 de marzo de 2018, en el Centro Cultural &#039;Miguel Delibes&#039; de\" \/>\n\t\t<meta name=\"twitter:image\" content=\"https:\/\/www.eldigitaldeasturias.com\/noticias\/wp-content\/uploads\/2020\/12\/EDA-1.jpg\" \/>\n\t\t<meta name=\"twitter:label1\" content=\"Escrito por\" \/>\n\t\t<meta name=\"twitter:data1\" content=\"El Digital de Asturias\" \/>\n\t\t<meta name=\"twitter:label2\" content=\"Tiempo de lectura estimado\" \/>\n\t\t<meta name=\"twitter:data2\" content=\"2 minutos\" \/>\n\t\t<script type=\"application\/ld+json\" class=\"aioseo-schema\">\n\t\t\t{\"@context\":\"https:\\\/\\\/schema.org\",\"@graph\":[{\"@type\":\"BlogPosting\",\"@id\":\"https:\\\/\\\/www.eldigitaldeasturias.com\\\/noticias\\\/defensa-lanza-una-pagina-web-para-conmemorar-el-v-centenario-de-la-primera-vuelta-al-mundo\\\/#blogposting\",\"name\":\"Defensa lanza una p\\u00e1gina web para conmemorar el V Centenario de la primera vuelta al mundo - El Digital de Asturias\",\"headline\":\"Defensa lanza una p\\u00e1gina web para conmemorar el V Centenario de la primera vuelta al mundo\",\"author\":{\"@id\":\"https:\\\/\\\/www.eldigitaldeasturias.com\\\/noticias\\\/author\\\/admin\\\/#author\"},\"publisher\":{\"@id\":\"https:\\\/\\\/www.eldigitaldeasturias.com\\\/noticias\\\/#organization\"},\"image\":{\"@type\":\"ImageObject\",\"url\":968537},\"datePublished\":\"2018-02-11T16:27:15+01:00\",\"dateModified\":\"2018-02-11T16:27:15+01:00\",\"inLanguage\":\"es-ES\",\"mainEntityOfPage\":{\"@id\":\"https:\\\/\\\/www.eldigitaldeasturias.com\\\/noticias\\\/defensa-lanza-una-pagina-web-para-conmemorar-el-v-centenario-de-la-primera-vuelta-al-mundo\\\/#webpage\"},\"isPartOf\":{\"@id\":\"https:\\\/\\\/www.eldigitaldeasturias.com\\\/noticias\\\/defensa-lanza-una-pagina-web-para-conmemorar-el-v-centenario-de-la-primera-vuelta-al-mundo\\\/#webpage\"},\"articleSection\":\"Actualidad\"},{\"@type\":\"BreadcrumbList\",\"@id\":\"https:\\\/\\\/www.eldigitaldeasturias.com\\\/noticias\\\/defensa-lanza-una-pagina-web-para-conmemorar-el-v-centenario-de-la-primera-vuelta-al-mundo\\\/#breadcrumblist\",\"itemListElement\":[{\"@type\":\"ListItem\",\"@id\":\"https:\\\/\\\/www.eldigitaldeasturias.com\\\/noticias#listItem\",\"position\":1,\"name\":\"Home\",\"item\":\"https:\\\/\\\/www.eldigitaldeasturias.com\\\/noticias\",\"nextItem\":{\"@type\":\"ListItem\",\"@id\":\"https:\\\/\\\/www.eldigitaldeasturias.com\\\/noticias\\\/category\\\/actualidad\\\/#listItem\",\"name\":\"Actualidad\"}},{\"@type\":\"ListItem\",\"@id\":\"https:\\\/\\\/www.eldigitaldeasturias.com\\\/noticias\\\/category\\\/actualidad\\\/#listItem\",\"position\":2,\"name\":\"Actualidad\",\"item\":\"https:\\\/\\\/www.eldigitaldeasturias.com\\\/noticias\\\/category\\\/actualidad\\\/\",\"nextItem\":{\"@type\":\"ListItem\",\"@id\":\"https:\\\/\\\/www.eldigitaldeasturias.com\\\/noticias\\\/defensa-lanza-una-pagina-web-para-conmemorar-el-v-centenario-de-la-primera-vuelta-al-mundo\\\/#listItem\",\"name\":\"Defensa lanza una p\\u00e1gina web para conmemorar el V Centenario de la primera vuelta al mundo\"},\"previousItem\":{\"@type\":\"ListItem\",\"@id\":\"https:\\\/\\\/www.eldigitaldeasturias.com\\\/noticias#listItem\",\"name\":\"Home\"}},{\"@type\":\"ListItem\",\"@id\":\"https:\\\/\\\/www.eldigitaldeasturias.com\\\/noticias\\\/defensa-lanza-una-pagina-web-para-conmemorar-el-v-centenario-de-la-primera-vuelta-al-mundo\\\/#listItem\",\"position\":3,\"name\":\"Defensa lanza una p\\u00e1gina web para conmemorar el V Centenario de la primera vuelta al mundo\",\"previousItem\":{\"@type\":\"ListItem\",\"@id\":\"https:\\\/\\\/www.eldigitaldeasturias.com\\\/noticias\\\/category\\\/actualidad\\\/#listItem\",\"name\":\"Actualidad\"}}]},{\"@type\":\"Organization\",\"@id\":\"https:\\\/\\\/www.eldigitaldeasturias.com\\\/noticias\\\/#organization\",\"name\":\"El Digital de Asturias\",\"description\":\"Hemeroteca\",\"url\":\"https:\\\/\\\/www.eldigitaldeasturias.com\\\/noticias\\\/\",\"email\":\"info@eldigitaldeasturias.com\",\"telephone\":\"+34652131393\",\"logo\":{\"@type\":\"ImageObject\",\"url\":\"https:\\\/\\\/www.eldigitaldeasturias.com\\\/noticias\\\/wp-content\\\/uploads\\\/2020\\\/12\\\/EDA.jpg\",\"@id\":\"https:\\\/\\\/www.eldigitaldeasturias.com\\\/noticias\\\/defensa-lanza-una-pagina-web-para-conmemorar-el-v-centenario-de-la-primera-vuelta-al-mundo\\\/#organizationLogo\"},\"image\":{\"@id\":\"https:\\\/\\\/www.eldigitaldeasturias.com\\\/noticias\\\/defensa-lanza-una-pagina-web-para-conmemorar-el-v-centenario-de-la-primera-vuelta-al-mundo\\\/#organizationLogo\"},\"sameAs\":[\"https:\\\/\\\/facebook.com\\\/eldigitaldeasturias\",\"https:\\\/\\\/www.youtube.com\\\/channel\\\/UCZP-2wLEB9Rv6erhFmqVnvg\"],\"address\":{\"@id\":\"https:\\\/\\\/www.eldigitaldeasturias.com\\\/noticias\\\/#postaladdress\",\"@type\":\"PostalAddress\",\"streetAddress\":\"san antonio 4\",\"postalCode\":\"33430\",\"addressLocality\":\"Cand\\u00e1s\",\"addressRegion\":\"Asturias\",\"addressCountry\":\"ES\"}},{\"@type\":\"Person\",\"@id\":\"https:\\\/\\\/www.eldigitaldeasturias.com\\\/noticias\\\/author\\\/admin\\\/#author\",\"url\":\"https:\\\/\\\/www.eldigitaldeasturias.com\\\/noticias\\\/author\\\/admin\\\/\",\"name\":\"El Digital de Asturias\",\"image\":{\"@type\":\"ImageObject\",\"@id\":\"https:\\\/\\\/www.eldigitaldeasturias.com\\\/noticias\\\/defensa-lanza-una-pagina-web-para-conmemorar-el-v-centenario-de-la-primera-vuelta-al-mundo\\\/#authorImage\",\"url\":\"https:\\\/\\\/secure.gravatar.com\\\/avatar\\\/df2aeffc32bcd13f8d26072ef8a91b623d677766deac7f97ca815868cd41bf5e?s=96&d=mm&r=g\",\"width\":96,\"height\":96,\"caption\":\"El Digital de Asturias\"}},{\"@type\":\"WebPage\",\"@id\":\"https:\\\/\\\/www.eldigitaldeasturias.com\\\/noticias\\\/defensa-lanza-una-pagina-web-para-conmemorar-el-v-centenario-de-la-primera-vuelta-al-mundo\\\/#webpage\",\"url\":\"https:\\\/\\\/www.eldigitaldeasturias.com\\\/noticias\\\/defensa-lanza-una-pagina-web-para-conmemorar-el-v-centenario-de-la-primera-vuelta-al-mundo\\\/\",\"name\":\"Defensa lanza una p\\u00e1gina web para conmemorar el V Centenario de la primera vuelta al mundo - El Digital de Asturias\",\"description\":\"El Ministerio de Defensa -en colaboraci\\u00f3n con el Ministerio de Educaci\\u00f3n, Cultura y Deporte y la Junta de Castilla y Le\\u00f3n- inaugura una p\\u00e1gina web para el Congreso internacional Primus Circumdedisti Me. Claves de la primera globalizaci\\u00f3n, que se celebrar\\u00e1, del 20 al 22 de marzo de 2018, en el Centro Cultural 'Miguel Delibes' de\",\"inLanguage\":\"es-ES\",\"isPartOf\":{\"@id\":\"https:\\\/\\\/www.eldigitaldeasturias.com\\\/noticias\\\/#website\"},\"breadcrumb\":{\"@id\":\"https:\\\/\\\/www.eldigitaldeasturias.com\\\/noticias\\\/defensa-lanza-una-pagina-web-para-conmemorar-el-v-centenario-de-la-primera-vuelta-al-mundo\\\/#breadcrumblist\"},\"author\":{\"@id\":\"https:\\\/\\\/www.eldigitaldeasturias.com\\\/noticias\\\/author\\\/admin\\\/#author\"},\"creator\":{\"@id\":\"https:\\\/\\\/www.eldigitaldeasturias.com\\\/noticias\\\/author\\\/admin\\\/#author\"},\"image\":{\"@type\":\"ImageObject\",\"url\":968537,\"@id\":\"https:\\\/\\\/www.eldigitaldeasturias.com\\\/noticias\\\/defensa-lanza-una-pagina-web-para-conmemorar-el-v-centenario-de-la-primera-vuelta-al-mundo\\\/#mainImage\"},\"primaryImageOfPage\":{\"@id\":\"https:\\\/\\\/www.eldigitaldeasturias.com\\\/noticias\\\/defensa-lanza-una-pagina-web-para-conmemorar-el-v-centenario-de-la-primera-vuelta-al-mundo\\\/#mainImage\"},\"datePublished\":\"2018-02-11T16:27:15+01:00\",\"dateModified\":\"2018-02-11T16:27:15+01:00\"},{\"@type\":\"WebSite\",\"@id\":\"https:\\\/\\\/www.eldigitaldeasturias.com\\\/noticias\\\/#website\",\"url\":\"https:\\\/\\\/www.eldigitaldeasturias.com\\\/noticias\\\/\",\"name\":\"El Digital de Asturias - Diario de actualidad y noticias\",\"alternateName\":\"El Digital de Asturias - Diario de actualidad y noticias\",\"description\":\"Hemeroteca\",\"inLanguage\":\"es-ES\",\"publisher\":{\"@id\":\"https:\\\/\\\/www.eldigitaldeasturias.com\\\/noticias\\\/#organization\"}}]}\n\t\t<\/script>\n\t\t<!-- All in One SEO Pro -->\r\n\t\t<title>Defensa lanza una p\u00e1gina web para conmemorar el V Centenario de la primera vuelta al mundo - El Digital de Asturias<\/title>\n\n","aioseo_head_json":{"title":"Defensa lanza una p\u00e1gina web para conmemorar el V Centenario de la primera vuelta al mundo - El Digital de Asturias","description":"El Ministerio de Defensa -en colaboraci\u00f3n con el Ministerio de Educaci\u00f3n, Cultura y Deporte y la Junta de Castilla y Le\u00f3n- inaugura una p\u00e1gina web para el Congreso internacional Primus Circumdedisti Me. Claves de la primera globalizaci\u00f3n, que se celebrar\u00e1, del 20 al 22 de marzo de 2018, en el Centro Cultural 'Miguel Delibes' de","canonical_url":"https:\/\/www.eldigitaldeasturias.com\/noticias\/defensa-lanza-una-pagina-web-para-conmemorar-el-v-centenario-de-la-primera-vuelta-al-mundo\/","robots":"max-image-preview:large","keywords":"actualidad","webmasterTools":{"google-site-verification":"UA-38556648-1","msvalidate.01":"7dfe9f3f1b24437ab69f4f2559babe99","miscellaneous":""},"schema":{"@context":"https:\/\/schema.org","@graph":[{"@type":"BlogPosting","@id":"https:\/\/www.eldigitaldeasturias.com\/noticias\/defensa-lanza-una-pagina-web-para-conmemorar-el-v-centenario-de-la-primera-vuelta-al-mundo\/#blogposting","name":"Defensa lanza una p\u00e1gina web para conmemorar el V Centenario de la primera vuelta al mundo - El Digital de Asturias","headline":"Defensa lanza una p\u00e1gina web para conmemorar el V Centenario de la primera vuelta al mundo","author":{"@id":"https:\/\/www.eldigitaldeasturias.com\/noticias\/author\/admin\/#author"},"publisher":{"@id":"https:\/\/www.eldigitaldeasturias.com\/noticias\/#organization"},"image":{"@type":"ImageObject","url":968537},"datePublished":"2018-02-11T16:27:15+01:00","dateModified":"2018-02-11T16:27:15+01:00","inLanguage":"es-ES","mainEntityOfPage":{"@id":"https:\/\/www.eldigitaldeasturias.com\/noticias\/defensa-lanza-una-pagina-web-para-conmemorar-el-v-centenario-de-la-primera-vuelta-al-mundo\/#webpage"},"isPartOf":{"@id":"https:\/\/www.eldigitaldeasturias.com\/noticias\/defensa-lanza-una-pagina-web-para-conmemorar-el-v-centenario-de-la-primera-vuelta-al-mundo\/#webpage"},"articleSection":"Actualidad"},{"@type":"BreadcrumbList","@id":"https:\/\/www.eldigitaldeasturias.com\/noticias\/defensa-lanza-una-pagina-web-para-conmemorar-el-v-centenario-de-la-primera-vuelta-al-mundo\/#breadcrumblist","itemListElement":[{"@type":"ListItem","@id":"https:\/\/www.eldigitaldeasturias.com\/noticias#listItem","position":1,"name":"Home","item":"https:\/\/www.eldigitaldeasturias.com\/noticias","nextItem":{"@type":"ListItem","@id":"https:\/\/www.eldigitaldeasturias.com\/noticias\/category\/actualidad\/#listItem","name":"Actualidad"}},{"@type":"ListItem","@id":"https:\/\/www.eldigitaldeasturias.com\/noticias\/category\/actualidad\/#listItem","position":2,"name":"Actualidad","item":"https:\/\/www.eldigitaldeasturias.com\/noticias\/category\/actualidad\/","nextItem":{"@type":"ListItem","@id":"https:\/\/www.eldigitaldeasturias.com\/noticias\/defensa-lanza-una-pagina-web-para-conmemorar-el-v-centenario-de-la-primera-vuelta-al-mundo\/#listItem","name":"Defensa lanza una p\u00e1gina web para conmemorar el V Centenario de la primera vuelta al mundo"},"previousItem":{"@type":"ListItem","@id":"https:\/\/www.eldigitaldeasturias.com\/noticias#listItem","name":"Home"}},{"@type":"ListItem","@id":"https:\/\/www.eldigitaldeasturias.com\/noticias\/defensa-lanza-una-pagina-web-para-conmemorar-el-v-centenario-de-la-primera-vuelta-al-mundo\/#listItem","position":3,"name":"Defensa lanza una p\u00e1gina web para conmemorar el V Centenario de la primera vuelta al mundo","previousItem":{"@type":"ListItem","@id":"https:\/\/www.eldigitaldeasturias.com\/noticias\/category\/actualidad\/#listItem","name":"Actualidad"}}]},{"@type":"Organization","@id":"https:\/\/www.eldigitaldeasturias.com\/noticias\/#organization","name":"El Digital de Asturias","description":"Hemeroteca","url":"https:\/\/www.eldigitaldeasturias.com\/noticias\/","email":"info@eldigitaldeasturias.com","telephone":"+34652131393","logo":{"@type":"ImageObject","url":"https:\/\/www.eldigitaldeasturias.com\/noticias\/wp-content\/uploads\/2020\/12\/EDA.jpg","@id":"https:\/\/www.eldigitaldeasturias.com\/noticias\/defensa-lanza-una-pagina-web-para-conmemorar-el-v-centenario-de-la-primera-vuelta-al-mundo\/#organizationLogo"},"image":{"@id":"https:\/\/www.eldigitaldeasturias.com\/noticias\/defensa-lanza-una-pagina-web-para-conmemorar-el-v-centenario-de-la-primera-vuelta-al-mundo\/#organizationLogo"},"sameAs":["https:\/\/facebook.com\/eldigitaldeasturias","https:\/\/www.youtube.com\/channel\/UCZP-2wLEB9Rv6erhFmqVnvg"],"address":{"@id":"https:\/\/www.eldigitaldeasturias.com\/noticias\/#postaladdress","@type":"PostalAddress","streetAddress":"san antonio 4","postalCode":"33430","addressLocality":"Cand\u00e1s","addressRegion":"Asturias","addressCountry":"ES"}},{"@type":"Person","@id":"https:\/\/www.eldigitaldeasturias.com\/noticias\/author\/admin\/#author","url":"https:\/\/www.eldigitaldeasturias.com\/noticias\/author\/admin\/","name":"El Digital de Asturias","image":{"@type":"ImageObject","@id":"https:\/\/www.eldigitaldeasturias.com\/noticias\/defensa-lanza-una-pagina-web-para-conmemorar-el-v-centenario-de-la-primera-vuelta-al-mundo\/#authorImage","url":"https:\/\/secure.gravatar.com\/avatar\/df2aeffc32bcd13f8d26072ef8a91b623d677766deac7f97ca815868cd41bf5e?s=96&d=mm&r=g","width":96,"height":96,"caption":"El Digital de Asturias"}},{"@type":"WebPage","@id":"https:\/\/www.eldigitaldeasturias.com\/noticias\/defensa-lanza-una-pagina-web-para-conmemorar-el-v-centenario-de-la-primera-vuelta-al-mundo\/#webpage","url":"https:\/\/www.eldigitaldeasturias.com\/noticias\/defensa-lanza-una-pagina-web-para-conmemorar-el-v-centenario-de-la-primera-vuelta-al-mundo\/","name":"Defensa lanza una p\u00e1gina web para conmemorar el V Centenario de la primera vuelta al mundo - El Digital de Asturias","description":"El Ministerio de Defensa -en colaboraci\u00f3n con el Ministerio de Educaci\u00f3n, Cultura y Deporte y la Junta de Castilla y Le\u00f3n- inaugura una p\u00e1gina web para el Congreso internacional Primus Circumdedisti Me. Claves de la primera globalizaci\u00f3n, que se celebrar\u00e1, del 20 al 22 de marzo de 2018, en el Centro Cultural 'Miguel Delibes' de","inLanguage":"es-ES","isPartOf":{"@id":"https:\/\/www.eldigitaldeasturias.com\/noticias\/#website"},"breadcrumb":{"@id":"https:\/\/www.eldigitaldeasturias.com\/noticias\/defensa-lanza-una-pagina-web-para-conmemorar-el-v-centenario-de-la-primera-vuelta-al-mundo\/#breadcrumblist"},"author":{"@id":"https:\/\/www.eldigitaldeasturias.com\/noticias\/author\/admin\/#author"},"creator":{"@id":"https:\/\/www.eldigitaldeasturias.com\/noticias\/author\/admin\/#author"},"image":{"@type":"ImageObject","url":968537,"@id":"https:\/\/www.eldigitaldeasturias.com\/noticias\/defensa-lanza-una-pagina-web-para-conmemorar-el-v-centenario-de-la-primera-vuelta-al-mundo\/#mainImage"},"primaryImageOfPage":{"@id":"https:\/\/www.eldigitaldeasturias.com\/noticias\/defensa-lanza-una-pagina-web-para-conmemorar-el-v-centenario-de-la-primera-vuelta-al-mundo\/#mainImage"},"datePublished":"2018-02-11T16:27:15+01:00","dateModified":"2018-02-11T16:27:15+01:00"},{"@type":"WebSite","@id":"https:\/\/www.eldigitaldeasturias.com\/noticias\/#website","url":"https:\/\/www.eldigitaldeasturias.com\/noticias\/","name":"El Digital de Asturias - Diario de actualidad y noticias","alternateName":"El Digital de Asturias - Diario de actualidad y noticias","description":"Hemeroteca","inLanguage":"es-ES","publisher":{"@id":"https:\/\/www.eldigitaldeasturias.com\/noticias\/#organization"}}]},"og:locale":"es_ES","og:site_name":"El Digital de Asturias","og:type":"article","og:title":"Defensa lanza una p\u00e1gina web para conmemorar el V Centenario de la primera vuelta al mundo - El Digital de Asturias","og:description":"El Ministerio de Defensa -en colaboraci\u00f3n con el Ministerio de Educaci\u00f3n, Cultura y Deporte y la Junta de Castilla y Le\u00f3n- inaugura una p\u00e1gina web para el Congreso internacional Primus Circumdedisti Me. Claves de la primera globalizaci\u00f3n, que se celebrar\u00e1, del 20 al 22 de marzo de 2018, en el Centro Cultural 'Miguel Delibes' de","og:url":"https:\/\/www.eldigitaldeasturias.com\/noticias\/defensa-lanza-una-pagina-web-para-conmemorar-el-v-centenario-de-la-primera-vuelta-al-mundo\/","article:tag":["actualidad"],"article:published_time":"2018-02-11T16:27:15+00:00","article:modified_time":"2018-02-11T16:27:15+00:00","article:publisher":"https:\/\/facebook.com\/eldigitaldeasturias","twitter:card":"summary_large_image","twitter:title":"Defensa lanza una p\u00e1gina web para conmemorar el V Centenario de la primera vuelta al mundo - El Digital de Asturias","twitter:description":"El Ministerio de Defensa -en colaboraci\u00f3n con el Ministerio de Educaci\u00f3n, Cultura y Deporte y la Junta de Castilla y Le\u00f3n- inaugura una p\u00e1gina web para el Congreso internacional Primus Circumdedisti Me. Claves de la primera globalizaci\u00f3n, que se celebrar\u00e1, del 20 al 22 de marzo de 2018, en el Centro Cultural 'Miguel Delibes' de","twitter:image":"https:\/\/www.eldigitaldeasturias.com\/noticias\/wp-content\/uploads\/2020\/12\/EDA-1.jpg","twitter:label1":"Escrito por","twitter:data1":"El Digital de Asturias","twitter:label2":"Tiempo de lectura estimado","twitter:data2":"2 minutos"},"aioseo_meta_data":{"post_id":"968536","title":null,"description":null,"keywords":null,"keyphrases":null,"primary_term":null,"canonical_url":null,"og_title":null,"og_description":null,"og_object_type":"default","og_image_type":"default","og_image_url":null,"og_image_width":null,"og_image_height":null,"og_image_custom_url":null,"og_image_custom_fields":null,"og_video":null,"og_custom_url":null,"og_article_section":null,"og_article_tags":null,"twitter_use_og":false,"twitter_card":"default","twitter_image_type":"default","twitter_image_url":null,"twitter_image_custom_url":null,"twitter_image_custom_fields":null,"twitter_title":null,"twitter_description":null,"schema":{"blockGraphs":[],"customGraphs":[],"default":{"data":{"Article":[],"Course":[],"Dataset":[],"FAQPage":[],"Movie":[],"Person":[],"Product":[],"ProductReview":[],"Car":[],"Recipe":[],"Service":[],"SoftwareApplication":[],"WebPage":[]},"graphName":"","isEnabled":true},"graphs":[],"defaultGraph":"","defaultPostTypeGraph":""},"schema_type":null,"schema_type_options":null,"pillar_content":false,"robots_default":true,"robots_noindex":false,"robots_noarchive":false,"robots_nosnippet":false,"robots_nofollow":false,"robots_noimageindex":false,"robots_noodp":false,"robots_notranslate":false,"robots_max_snippet":null,"robots_max_videopreview":null,"robots_max_imagepreview":"large","priority":null,"frequency":null,"local_seo":null,"seo_analyzer_scan_date":"2025-10-06 22:52:05","breadcrumb_settings":null,"limit_modified_date":false,"open_ai":null,"ai":null,"created":"2020-12-21 12:29:39","updated":"2025-10-06 22:52:05","focus_keyword":null,"additional_keywords":null,"truseo_locale":null},"aioseo_breadcrumb":"<div class=\"aioseo-breadcrumbs\"><span class=\"aioseo-breadcrumb\">\n\t<a href=\"https:\/\/www.eldigitaldeasturias.com\/noticias\" title=\"Home\">Home<\/a>\n<\/span><span class=\"aioseo-breadcrumb-separator\">\u2013<\/span><span class=\"aioseo-breadcrumb\">\n\t<a href=\"https:\/\/www.eldigitaldeasturias.com\/noticias\/category\/actualidad\/\" title=\"Actualidad\">Actualidad<\/a>\n<\/span><span class=\"aioseo-breadcrumb-separator\">\u2013<\/span><span class=\"aioseo-breadcrumb\">\n\t<a href=\"https:\/\/www.eldigitaldeasturias.com\/noticias\/defensa-lanza-una-pagina-web-para-conmemorar-el-v-centenario-de-la-primera-vuelta-al-mundo\/\" title=\"Defensa lanza una p\u00e1gina web para conmemorar el V Centenario de la primera vuelta al mundo\">Defensa lanza una p\u00e1gina web para conmemorar el V Centenario de la primera vuelta al mundo<\/a>\n<\/span><\/div>","aioseo_breadcrumb_json":[{"label":"Home","link":"https:\/\/www.eldigitaldeasturias.com\/noticias"},{"label":"Actualidad","link":"https:\/\/www.eldigitaldeasturias.com\/noticias\/category\/actualidad\/"},{"label":"Defensa lanza una p\u00e1gina web para conmemorar el V Centenario de la primera vuelta al mundo","link":"https:\/\/www.eldigitaldeasturias.com\/noticias\/defensa-lanza-una-pagina-web-para-conmemorar-el-v-centenario-de-la-primera-vuelta-al-mundo\/"}],"_links":{"self":[{"href":"https:\/\/www.eldigitaldeasturias.com\/noticias\/wp-json\/wp\/v2\/posts\/968536","targetHints":{"allow":["GET"]}}],"collection":[{"href":"https:\/\/www.eldigitaldeasturias.com\/noticias\/wp-json\/wp\/v2\/posts"}],"about":[{"href":"https:\/\/www.eldigitaldeasturias.com\/noticias\/wp-json\/wp\/v2\/types\/post"}],"author":[{"embeddable":true,"href":"https:\/\/www.eldigitaldeasturias.com\/noticias\/wp-json\/wp\/v2\/users\/1"}],"replies":[{"embeddable":true,"href":"https:\/\/www.eldigitaldeasturias.com\/noticias\/wp-json\/wp\/v2\/comments?post=968536"}],"version-history":[{"count":0,"href":"https:\/\/www.eldigitaldeasturias.com\/noticias\/wp-json\/wp\/v2\/posts\/968536\/revisions"}],"wp:attachment":[{"href":"https:\/\/www.eldigitaldeasturias.com\/noticias\/wp-json\/wp\/v2\/media?parent=968536"}],"wp:term":[{"taxonomy":"category","embeddable":true,"href":"https:\/\/www.eldigitaldeasturias.com\/noticias\/wp-json\/wp\/v2\/categories?post=968536"},{"taxonomy":"post_tag","embeddable":true,"href":"https:\/\/www.eldigitaldeasturias.com\/noticias\/wp-json\/wp\/v2\/tags?post=968536"}],"curies":[{"name":"wp","href":"https:\/\/api.w.org\/{rel}","templated":true}]}}