{"id":968234,"date":"2018-02-08T15:36:24","date_gmt":"2018-02-08T15:36:24","guid":{"rendered":"http:\/\/www.eldigitaldeasturias.com\/noticias\/?p=968234"},"modified":"2018-02-08T15:36:24","modified_gmt":"2018-02-08T15:36:24","slug":"cospedal-las-fuerzas-armadas-siempre-estan-preparadas-para-cualquier-eventualidad","status":"publish","type":"post","link":"https:\/\/www.eldigitaldeasturias.com\/noticias\/cospedal-las-fuerzas-armadas-siempre-estan-preparadas-para-cualquier-eventualidad\/","title":{"rendered":"Cospedal: \u00abLas Fuerzas Armadas siempre est\u00e1n preparadas para cualquier eventualidad\u00bb"},"content":{"rendered":"<p><img loading=\"lazy\" decoding=\"async\" class=\"alignleft size-medium wp-image-968235\" src=\"https:\/\/www.eldigitaldeasturias.com\/noticias\/wp-content\/uploads\/2018\/02\/080218Cospedal_TVE-360x239.jpg\" alt=\"\" width=\"360\" height=\"239\" \/>\u00abLas Fuerzas Armadas siempre est\u00e1n preparadas para cualquier eventualidad. Est\u00e1n cumpliendo su papel, que es defender nuestra integridad territorial, la soberan\u00eda y el orden constitucional\u00bb, tanto en su trabajo diario en nuestro pa\u00eds como en las distintas misiones internacionales en las que se encuentran desplegadas en estos momentos. As\u00ed lo ha se\u00f1alado la ministra de Defensa, Mar\u00eda Dolores de Cospedal, en una entrevista en &#8216;Los Desayunos de TVE&#8217;.<\/p>\n<p>Cospedal ha subrayado que \u00abtenemos unas Fuerzas Armadas muy profesionales\u00bb y ha remarcado que est\u00e1n \u00abal servicio de su pa\u00eds y de lo que determine el Gobierno, que est\u00e1 dirigido por civiles, para defender la Constituci\u00f3n, la soberan\u00eda y la integridad del pa\u00eds\u00bb.<\/p>\n<p><strong>Reservistas voluntarios<\/strong><\/p>\n<p>En cuanto a la posibilidad de adoptar el servicio militar obligatorio o una f\u00f3rmula similar a la anunciada en Francia, la titular de Defensa ha apuntado que no cree que la sociedad espa\u00f1ola aceptase una propuesta as\u00ed en estos momentos. En cambio, ha recordado que Espa\u00f1a cuenta \u00abcon una modalidad distinta, que es la del reservista voluntario\u00bb para todo aquel ciudadano que quiera participar de una manera m\u00e1s activa en la defensa de su naci\u00f3n.<\/p>\n<p>La titular de Defensa ha explicado que \u00abhay muchos reservistas voluntarios que realizan su trabajo normal y cuando son llamados por las Fuerzas Armadas, ya sea en su pa\u00eds o en misiones en el exterior, lo hacen\u00bb. \u00abEl servicio militar, hoy por hoy, no lo veo\u00bb, ha puntualizado.<\/p>\n<p>Cospedal ha resaltado, en cambio, el trabajo que se est\u00e1 haciendo desde el Ministerio para que haya un mejor conocimiento de las Fuerzas Armadas y ha incidido en el convenio que esta misma semana se ha firmado con los centros de ense\u00f1anza privada \u00abpara que todos los escolares, dentro de sus asignaturas, puedan saber qu\u00e9 son las Fuerzas Armadas y as\u00ed puedan valorar a los militares\u00bb.<\/p>\n<p><strong>Misi\u00f3n en Mal\u00ed<\/strong><\/p>\n<p>La ministra de Defensa tambi\u00e9n se ha referido a la misi\u00f3n espa\u00f1ola en Mal\u00ed, que visit\u00f3 recientemente y en la que Ejercito espa\u00f1ol ha asumido el mando de una operaci\u00f3n impulsada por la Uni\u00f3n Europea. \u00abMal\u00ed est\u00e1 acosado por el terrorismo yihadista y las organizaciones criminales, y Espa\u00f1a colabora para que sea un pa\u00eds que se pueda gobernar a s\u00ed mismo y que no caiga en redes del terrorismo. En Europa, tenemos que ser conscientes de que tenemos que trabajar en \u00c1frica por el bienestar de todos\u00bb, ha finalizado.<\/p>\n","protected":false},"excerpt":{"rendered":"<p>\u00abLas Fuerzas Armadas siempre est\u00e1n preparadas para cualquier eventualidad. Est\u00e1n cumpliendo su papel, que es defender nuestra integridad territorial, la soberan\u00eda y el orden constitucional\u00bb, tanto en su trabajo diario en nuestro pa\u00eds como en las distintas misiones internacionales en las que se encuentran desplegadas en estos momentos. As\u00ed lo ha se\u00f1alado la ministra de [&hellip;]<\/p>\n","protected":false},"author":1,"featured_media":968235,"comment_status":"closed","ping_status":"closed","sticky":false,"template":"","format":"standard","meta":{"footnotes":""},"categories":[1],"tags":[],"class_list":["post-968234","post","type-post","status-publish","format-standard","has-post-thumbnail","hentry","category-actualidad"],"aioseo_notices":[],"aioseo_head":"\n\t\t<!-- All in One SEO Pro 5.0.1 - aioseo.com -->\n\t<meta name=\"description\" content=\"&quot;Las Fuerzas Armadas siempre est\u00e1n preparadas para cualquier eventualidad. Est\u00e1n cumpliendo su papel, que es defender nuestra integridad territorial, la soberan\u00eda y el orden constitucional&quot;, tanto en su trabajo diario en nuestro pa\u00eds como en las distintas misiones internacionales en las que se encuentran desplegadas en estos momentos. As\u00ed lo ha se\u00f1alado la ministra de\" \/>\n\t<meta name=\"robots\" content=\"max-image-preview:large\" \/>\n\t<meta name=\"author\" content=\"El Digital de Asturias\"\/>\n\t<meta name=\"google-site-verification\" content=\"UA-38556648-1\" \/>\n\t<meta name=\"msvalidate.01\" content=\"7dfe9f3f1b24437ab69f4f2559babe99\" \/>\n\t<meta name=\"keywords\" content=\"actualidad\" \/>\n\t<link rel=\"canonical\" href=\"https:\/\/www.eldigitaldeasturias.com\/noticias\/cospedal-las-fuerzas-armadas-siempre-estan-preparadas-para-cualquier-eventualidad\/\" \/>\n\t<meta name=\"generator\" content=\"All in One SEO Pro (AIOSEO) 5.0.1\" \/>\n\t\t<meta property=\"og:locale\" content=\"es_ES\" \/>\n\t\t<meta property=\"og:site_name\" content=\"El Digital de Asturias\" \/>\n\t\t<meta property=\"og:type\" content=\"article\" \/>\n\t\t<meta property=\"og:title\" content=\"Cospedal: \u00abLas Fuerzas Armadas siempre est\u00e1n preparadas para cualquier eventualidad\u00bb - El Digital de Asturias\" \/>\n\t\t<meta property=\"og:description\" content=\"&quot;Las Fuerzas Armadas siempre est\u00e1n preparadas para cualquier eventualidad. Est\u00e1n cumpliendo su papel, que es defender nuestra integridad territorial, la soberan\u00eda y el orden constitucional&quot;, tanto en su trabajo diario en nuestro pa\u00eds como en las distintas misiones internacionales en las que se encuentran desplegadas en estos momentos. As\u00ed lo ha se\u00f1alado la ministra de\" \/>\n\t\t<meta property=\"og:url\" content=\"https:\/\/www.eldigitaldeasturias.com\/noticias\/cospedal-las-fuerzas-armadas-siempre-estan-preparadas-para-cualquier-eventualidad\/\" \/>\n\t\t<meta property=\"article:tag\" content=\"actualidad\" \/>\n\t\t<meta property=\"article:published_time\" content=\"2018-02-08T15:36:24+00:00\" \/>\n\t\t<meta property=\"article:modified_time\" content=\"2018-02-08T15:36:24+00:00\" \/>\n\t\t<meta property=\"article:publisher\" content=\"https:\/\/facebook.com\/eldigitaldeasturias\" \/>\n\t\t<meta name=\"twitter:card\" content=\"summary_large_image\" \/>\n\t\t<meta name=\"twitter:title\" content=\"Cospedal: \u00abLas Fuerzas Armadas siempre est\u00e1n preparadas para cualquier eventualidad\u00bb - El Digital de Asturias\" \/>\n\t\t<meta name=\"twitter:description\" content=\"&quot;Las Fuerzas Armadas siempre est\u00e1n preparadas para cualquier eventualidad. Est\u00e1n cumpliendo su papel, que es defender nuestra integridad territorial, la soberan\u00eda y el orden constitucional&quot;, tanto en su trabajo diario en nuestro pa\u00eds como en las distintas misiones internacionales en las que se encuentran desplegadas en estos momentos. As\u00ed lo ha se\u00f1alado la ministra de\" \/>\n\t\t<meta name=\"twitter:image\" content=\"https:\/\/www.eldigitaldeasturias.com\/noticias\/wp-content\/uploads\/2020\/12\/EDA-1.jpg\" \/>\n\t\t<meta name=\"twitter:label1\" content=\"Escrito por\" \/>\n\t\t<meta name=\"twitter:data1\" content=\"El Digital de Asturias\" \/>\n\t\t<meta name=\"twitter:label2\" content=\"Tiempo de lectura estimado\" \/>\n\t\t<meta name=\"twitter:data2\" content=\"2 minutos\" \/>\n\t\t<script type=\"application\/ld+json\" class=\"aioseo-schema\">\n\t\t\t{\"@context\":\"https:\\\/\\\/schema.org\",\"@graph\":[{\"@type\":\"BlogPosting\",\"@id\":\"https:\\\/\\\/www.eldigitaldeasturias.com\\\/noticias\\\/cospedal-las-fuerzas-armadas-siempre-estan-preparadas-para-cualquier-eventualidad\\\/#blogposting\",\"name\":\"Cospedal: \\u00abLas Fuerzas Armadas siempre est\\u00e1n preparadas para cualquier eventualidad\\u00bb - El Digital de Asturias\",\"headline\":\"Cospedal: \\u00abLas Fuerzas Armadas siempre est\\u00e1n preparadas para cualquier eventualidad\\u00bb\",\"author\":{\"@id\":\"https:\\\/\\\/www.eldigitaldeasturias.com\\\/noticias\\\/author\\\/admin\\\/#author\"},\"publisher\":{\"@id\":\"https:\\\/\\\/www.eldigitaldeasturias.com\\\/noticias\\\/#organization\"},\"image\":{\"@type\":\"ImageObject\",\"url\":968235},\"datePublished\":\"2018-02-08T15:36:24+01:00\",\"dateModified\":\"2018-02-08T15:36:24+01:00\",\"inLanguage\":\"es-ES\",\"mainEntityOfPage\":{\"@id\":\"https:\\\/\\\/www.eldigitaldeasturias.com\\\/noticias\\\/cospedal-las-fuerzas-armadas-siempre-estan-preparadas-para-cualquier-eventualidad\\\/#webpage\"},\"isPartOf\":{\"@id\":\"https:\\\/\\\/www.eldigitaldeasturias.com\\\/noticias\\\/cospedal-las-fuerzas-armadas-siempre-estan-preparadas-para-cualquier-eventualidad\\\/#webpage\"},\"articleSection\":\"Actualidad\"},{\"@type\":\"BreadcrumbList\",\"@id\":\"https:\\\/\\\/www.eldigitaldeasturias.com\\\/noticias\\\/cospedal-las-fuerzas-armadas-siempre-estan-preparadas-para-cualquier-eventualidad\\\/#breadcrumblist\",\"itemListElement\":[{\"@type\":\"ListItem\",\"@id\":\"https:\\\/\\\/www.eldigitaldeasturias.com\\\/noticias#listItem\",\"position\":1,\"name\":\"Home\",\"item\":\"https:\\\/\\\/www.eldigitaldeasturias.com\\\/noticias\",\"nextItem\":{\"@type\":\"ListItem\",\"@id\":\"https:\\\/\\\/www.eldigitaldeasturias.com\\\/noticias\\\/category\\\/actualidad\\\/#listItem\",\"name\":\"Actualidad\"}},{\"@type\":\"ListItem\",\"@id\":\"https:\\\/\\\/www.eldigitaldeasturias.com\\\/noticias\\\/category\\\/actualidad\\\/#listItem\",\"position\":2,\"name\":\"Actualidad\",\"item\":\"https:\\\/\\\/www.eldigitaldeasturias.com\\\/noticias\\\/category\\\/actualidad\\\/\",\"nextItem\":{\"@type\":\"ListItem\",\"@id\":\"https:\\\/\\\/www.eldigitaldeasturias.com\\\/noticias\\\/cospedal-las-fuerzas-armadas-siempre-estan-preparadas-para-cualquier-eventualidad\\\/#listItem\",\"name\":\"Cospedal: \\u00abLas Fuerzas Armadas siempre est\\u00e1n preparadas para cualquier eventualidad\\u00bb\"},\"previousItem\":{\"@type\":\"ListItem\",\"@id\":\"https:\\\/\\\/www.eldigitaldeasturias.com\\\/noticias#listItem\",\"name\":\"Home\"}},{\"@type\":\"ListItem\",\"@id\":\"https:\\\/\\\/www.eldigitaldeasturias.com\\\/noticias\\\/cospedal-las-fuerzas-armadas-siempre-estan-preparadas-para-cualquier-eventualidad\\\/#listItem\",\"position\":3,\"name\":\"Cospedal: \\u00abLas Fuerzas Armadas siempre est\\u00e1n preparadas para cualquier eventualidad\\u00bb\",\"previousItem\":{\"@type\":\"ListItem\",\"@id\":\"https:\\\/\\\/www.eldigitaldeasturias.com\\\/noticias\\\/category\\\/actualidad\\\/#listItem\",\"name\":\"Actualidad\"}}]},{\"@type\":\"Organization\",\"@id\":\"https:\\\/\\\/www.eldigitaldeasturias.com\\\/noticias\\\/#organization\",\"name\":\"El Digital de Asturias\",\"description\":\"Hemeroteca\",\"url\":\"https:\\\/\\\/www.eldigitaldeasturias.com\\\/noticias\\\/\",\"email\":\"info@eldigitaldeasturias.com\",\"telephone\":\"+34652131393\",\"logo\":{\"@type\":\"ImageObject\",\"url\":\"https:\\\/\\\/www.eldigitaldeasturias.com\\\/noticias\\\/wp-content\\\/uploads\\\/2020\\\/12\\\/EDA.jpg\",\"@id\":\"https:\\\/\\\/www.eldigitaldeasturias.com\\\/noticias\\\/cospedal-las-fuerzas-armadas-siempre-estan-preparadas-para-cualquier-eventualidad\\\/#organizationLogo\"},\"image\":{\"@id\":\"https:\\\/\\\/www.eldigitaldeasturias.com\\\/noticias\\\/cospedal-las-fuerzas-armadas-siempre-estan-preparadas-para-cualquier-eventualidad\\\/#organizationLogo\"},\"sameAs\":[\"https:\\\/\\\/facebook.com\\\/eldigitaldeasturias\",\"https:\\\/\\\/www.youtube.com\\\/channel\\\/UCZP-2wLEB9Rv6erhFmqVnvg\"],\"address\":{\"@id\":\"https:\\\/\\\/www.eldigitaldeasturias.com\\\/noticias\\\/#postaladdress\",\"@type\":\"PostalAddress\",\"streetAddress\":\"san antonio 4\",\"postalCode\":\"33430\",\"addressLocality\":\"Cand\\u00e1s\",\"addressRegion\":\"Asturias\",\"addressCountry\":\"ES\"}},{\"@type\":\"Person\",\"@id\":\"https:\\\/\\\/www.eldigitaldeasturias.com\\\/noticias\\\/author\\\/admin\\\/#author\",\"url\":\"https:\\\/\\\/www.eldigitaldeasturias.com\\\/noticias\\\/author\\\/admin\\\/\",\"name\":\"El Digital de Asturias\",\"image\":{\"@type\":\"ImageObject\",\"@id\":\"https:\\\/\\\/www.eldigitaldeasturias.com\\\/noticias\\\/cospedal-las-fuerzas-armadas-siempre-estan-preparadas-para-cualquier-eventualidad\\\/#authorImage\",\"url\":\"https:\\\/\\\/secure.gravatar.com\\\/avatar\\\/df2aeffc32bcd13f8d26072ef8a91b623d677766deac7f97ca815868cd41bf5e?s=96&d=mm&r=g\",\"width\":96,\"height\":96,\"caption\":\"El Digital de Asturias\"}},{\"@type\":\"WebPage\",\"@id\":\"https:\\\/\\\/www.eldigitaldeasturias.com\\\/noticias\\\/cospedal-las-fuerzas-armadas-siempre-estan-preparadas-para-cualquier-eventualidad\\\/#webpage\",\"url\":\"https:\\\/\\\/www.eldigitaldeasturias.com\\\/noticias\\\/cospedal-las-fuerzas-armadas-siempre-estan-preparadas-para-cualquier-eventualidad\\\/\",\"name\":\"Cospedal: \\u00abLas Fuerzas Armadas siempre est\\u00e1n preparadas para cualquier eventualidad\\u00bb - El Digital de Asturias\",\"description\":\"\\\"Las Fuerzas Armadas siempre est\\u00e1n preparadas para cualquier eventualidad. Est\\u00e1n cumpliendo su papel, que es defender nuestra integridad territorial, la soberan\\u00eda y el orden constitucional\\\", tanto en su trabajo diario en nuestro pa\\u00eds como en las distintas misiones internacionales en las que se encuentran desplegadas en estos momentos. As\\u00ed lo ha se\\u00f1alado la ministra de\",\"inLanguage\":\"es-ES\",\"isPartOf\":{\"@id\":\"https:\\\/\\\/www.eldigitaldeasturias.com\\\/noticias\\\/#website\"},\"breadcrumb\":{\"@id\":\"https:\\\/\\\/www.eldigitaldeasturias.com\\\/noticias\\\/cospedal-las-fuerzas-armadas-siempre-estan-preparadas-para-cualquier-eventualidad\\\/#breadcrumblist\"},\"author\":{\"@id\":\"https:\\\/\\\/www.eldigitaldeasturias.com\\\/noticias\\\/author\\\/admin\\\/#author\"},\"creator\":{\"@id\":\"https:\\\/\\\/www.eldigitaldeasturias.com\\\/noticias\\\/author\\\/admin\\\/#author\"},\"image\":{\"@type\":\"ImageObject\",\"url\":968235,\"@id\":\"https:\\\/\\\/www.eldigitaldeasturias.com\\\/noticias\\\/cospedal-las-fuerzas-armadas-siempre-estan-preparadas-para-cualquier-eventualidad\\\/#mainImage\"},\"primaryImageOfPage\":{\"@id\":\"https:\\\/\\\/www.eldigitaldeasturias.com\\\/noticias\\\/cospedal-las-fuerzas-armadas-siempre-estan-preparadas-para-cualquier-eventualidad\\\/#mainImage\"},\"datePublished\":\"2018-02-08T15:36:24+01:00\",\"dateModified\":\"2018-02-08T15:36:24+01:00\"},{\"@type\":\"WebSite\",\"@id\":\"https:\\\/\\\/www.eldigitaldeasturias.com\\\/noticias\\\/#website\",\"url\":\"https:\\\/\\\/www.eldigitaldeasturias.com\\\/noticias\\\/\",\"name\":\"El Digital de Asturias - Diario de actualidad y noticias\",\"alternateName\":\"El Digital de Asturias - Diario de actualidad y noticias\",\"description\":\"Hemeroteca\",\"inLanguage\":\"es-ES\",\"publisher\":{\"@id\":\"https:\\\/\\\/www.eldigitaldeasturias.com\\\/noticias\\\/#organization\"}}]}\n\t\t<\/script>\n\t\t<!-- All in One SEO Pro -->\r\n\t\t<title>Cospedal: \u00abLas Fuerzas Armadas siempre est\u00e1n preparadas para cualquier eventualidad\u00bb - El Digital de Asturias<\/title>\n\n","aioseo_head_json":{"title":"Cospedal: \u00abLas Fuerzas Armadas siempre est\u00e1n preparadas para cualquier eventualidad\u00bb - El Digital de Asturias","description":"\"Las Fuerzas Armadas siempre est\u00e1n preparadas para cualquier eventualidad. Est\u00e1n cumpliendo su papel, que es defender nuestra integridad territorial, la soberan\u00eda y el orden constitucional\", tanto en su trabajo diario en nuestro pa\u00eds como en las distintas misiones internacionales en las que se encuentran desplegadas en estos momentos. As\u00ed lo ha se\u00f1alado la ministra de","canonical_url":"https:\/\/www.eldigitaldeasturias.com\/noticias\/cospedal-las-fuerzas-armadas-siempre-estan-preparadas-para-cualquier-eventualidad\/","robots":"max-image-preview:large","keywords":"actualidad","webmasterTools":{"google-site-verification":"UA-38556648-1","msvalidate.01":"7dfe9f3f1b24437ab69f4f2559babe99","miscellaneous":""},"schema":{"@context":"https:\/\/schema.org","@graph":[{"@type":"BlogPosting","@id":"https:\/\/www.eldigitaldeasturias.com\/noticias\/cospedal-las-fuerzas-armadas-siempre-estan-preparadas-para-cualquier-eventualidad\/#blogposting","name":"Cospedal: \u00abLas Fuerzas Armadas siempre est\u00e1n preparadas para cualquier eventualidad\u00bb - El Digital de Asturias","headline":"Cospedal: \u00abLas Fuerzas Armadas siempre est\u00e1n preparadas para cualquier eventualidad\u00bb","author":{"@id":"https:\/\/www.eldigitaldeasturias.com\/noticias\/author\/admin\/#author"},"publisher":{"@id":"https:\/\/www.eldigitaldeasturias.com\/noticias\/#organization"},"image":{"@type":"ImageObject","url":968235},"datePublished":"2018-02-08T15:36:24+01:00","dateModified":"2018-02-08T15:36:24+01:00","inLanguage":"es-ES","mainEntityOfPage":{"@id":"https:\/\/www.eldigitaldeasturias.com\/noticias\/cospedal-las-fuerzas-armadas-siempre-estan-preparadas-para-cualquier-eventualidad\/#webpage"},"isPartOf":{"@id":"https:\/\/www.eldigitaldeasturias.com\/noticias\/cospedal-las-fuerzas-armadas-siempre-estan-preparadas-para-cualquier-eventualidad\/#webpage"},"articleSection":"Actualidad"},{"@type":"BreadcrumbList","@id":"https:\/\/www.eldigitaldeasturias.com\/noticias\/cospedal-las-fuerzas-armadas-siempre-estan-preparadas-para-cualquier-eventualidad\/#breadcrumblist","itemListElement":[{"@type":"ListItem","@id":"https:\/\/www.eldigitaldeasturias.com\/noticias#listItem","position":1,"name":"Home","item":"https:\/\/www.eldigitaldeasturias.com\/noticias","nextItem":{"@type":"ListItem","@id":"https:\/\/www.eldigitaldeasturias.com\/noticias\/category\/actualidad\/#listItem","name":"Actualidad"}},{"@type":"ListItem","@id":"https:\/\/www.eldigitaldeasturias.com\/noticias\/category\/actualidad\/#listItem","position":2,"name":"Actualidad","item":"https:\/\/www.eldigitaldeasturias.com\/noticias\/category\/actualidad\/","nextItem":{"@type":"ListItem","@id":"https:\/\/www.eldigitaldeasturias.com\/noticias\/cospedal-las-fuerzas-armadas-siempre-estan-preparadas-para-cualquier-eventualidad\/#listItem","name":"Cospedal: \u00abLas Fuerzas Armadas siempre est\u00e1n preparadas para cualquier eventualidad\u00bb"},"previousItem":{"@type":"ListItem","@id":"https:\/\/www.eldigitaldeasturias.com\/noticias#listItem","name":"Home"}},{"@type":"ListItem","@id":"https:\/\/www.eldigitaldeasturias.com\/noticias\/cospedal-las-fuerzas-armadas-siempre-estan-preparadas-para-cualquier-eventualidad\/#listItem","position":3,"name":"Cospedal: \u00abLas Fuerzas Armadas siempre est\u00e1n preparadas para cualquier eventualidad\u00bb","previousItem":{"@type":"ListItem","@id":"https:\/\/www.eldigitaldeasturias.com\/noticias\/category\/actualidad\/#listItem","name":"Actualidad"}}]},{"@type":"Organization","@id":"https:\/\/www.eldigitaldeasturias.com\/noticias\/#organization","name":"El Digital de Asturias","description":"Hemeroteca","url":"https:\/\/www.eldigitaldeasturias.com\/noticias\/","email":"info@eldigitaldeasturias.com","telephone":"+34652131393","logo":{"@type":"ImageObject","url":"https:\/\/www.eldigitaldeasturias.com\/noticias\/wp-content\/uploads\/2020\/12\/EDA.jpg","@id":"https:\/\/www.eldigitaldeasturias.com\/noticias\/cospedal-las-fuerzas-armadas-siempre-estan-preparadas-para-cualquier-eventualidad\/#organizationLogo"},"image":{"@id":"https:\/\/www.eldigitaldeasturias.com\/noticias\/cospedal-las-fuerzas-armadas-siempre-estan-preparadas-para-cualquier-eventualidad\/#organizationLogo"},"sameAs":["https:\/\/facebook.com\/eldigitaldeasturias","https:\/\/www.youtube.com\/channel\/UCZP-2wLEB9Rv6erhFmqVnvg"],"address":{"@id":"https:\/\/www.eldigitaldeasturias.com\/noticias\/#postaladdress","@type":"PostalAddress","streetAddress":"san antonio 4","postalCode":"33430","addressLocality":"Cand\u00e1s","addressRegion":"Asturias","addressCountry":"ES"}},{"@type":"Person","@id":"https:\/\/www.eldigitaldeasturias.com\/noticias\/author\/admin\/#author","url":"https:\/\/www.eldigitaldeasturias.com\/noticias\/author\/admin\/","name":"El Digital de Asturias","image":{"@type":"ImageObject","@id":"https:\/\/www.eldigitaldeasturias.com\/noticias\/cospedal-las-fuerzas-armadas-siempre-estan-preparadas-para-cualquier-eventualidad\/#authorImage","url":"https:\/\/secure.gravatar.com\/avatar\/df2aeffc32bcd13f8d26072ef8a91b623d677766deac7f97ca815868cd41bf5e?s=96&d=mm&r=g","width":96,"height":96,"caption":"El Digital de Asturias"}},{"@type":"WebPage","@id":"https:\/\/www.eldigitaldeasturias.com\/noticias\/cospedal-las-fuerzas-armadas-siempre-estan-preparadas-para-cualquier-eventualidad\/#webpage","url":"https:\/\/www.eldigitaldeasturias.com\/noticias\/cospedal-las-fuerzas-armadas-siempre-estan-preparadas-para-cualquier-eventualidad\/","name":"Cospedal: \u00abLas Fuerzas Armadas siempre est\u00e1n preparadas para cualquier eventualidad\u00bb - El Digital de Asturias","description":"\"Las Fuerzas Armadas siempre est\u00e1n preparadas para cualquier eventualidad. Est\u00e1n cumpliendo su papel, que es defender nuestra integridad territorial, la soberan\u00eda y el orden constitucional\", tanto en su trabajo diario en nuestro pa\u00eds como en las distintas misiones internacionales en las que se encuentran desplegadas en estos momentos. As\u00ed lo ha se\u00f1alado la ministra de","inLanguage":"es-ES","isPartOf":{"@id":"https:\/\/www.eldigitaldeasturias.com\/noticias\/#website"},"breadcrumb":{"@id":"https:\/\/www.eldigitaldeasturias.com\/noticias\/cospedal-las-fuerzas-armadas-siempre-estan-preparadas-para-cualquier-eventualidad\/#breadcrumblist"},"author":{"@id":"https:\/\/www.eldigitaldeasturias.com\/noticias\/author\/admin\/#author"},"creator":{"@id":"https:\/\/www.eldigitaldeasturias.com\/noticias\/author\/admin\/#author"},"image":{"@type":"ImageObject","url":968235,"@id":"https:\/\/www.eldigitaldeasturias.com\/noticias\/cospedal-las-fuerzas-armadas-siempre-estan-preparadas-para-cualquier-eventualidad\/#mainImage"},"primaryImageOfPage":{"@id":"https:\/\/www.eldigitaldeasturias.com\/noticias\/cospedal-las-fuerzas-armadas-siempre-estan-preparadas-para-cualquier-eventualidad\/#mainImage"},"datePublished":"2018-02-08T15:36:24+01:00","dateModified":"2018-02-08T15:36:24+01:00"},{"@type":"WebSite","@id":"https:\/\/www.eldigitaldeasturias.com\/noticias\/#website","url":"https:\/\/www.eldigitaldeasturias.com\/noticias\/","name":"El Digital de Asturias - Diario de actualidad y noticias","alternateName":"El Digital de Asturias - Diario de actualidad y noticias","description":"Hemeroteca","inLanguage":"es-ES","publisher":{"@id":"https:\/\/www.eldigitaldeasturias.com\/noticias\/#organization"}}]},"og:locale":"es_ES","og:site_name":"El Digital de Asturias","og:type":"article","og:title":"Cospedal: \u00abLas Fuerzas Armadas siempre est\u00e1n preparadas para cualquier eventualidad\u00bb - El Digital de Asturias","og:description":"&quot;Las Fuerzas Armadas siempre est\u00e1n preparadas para cualquier eventualidad. Est\u00e1n cumpliendo su papel, que es defender nuestra integridad territorial, la soberan\u00eda y el orden constitucional&quot;, tanto en su trabajo diario en nuestro pa\u00eds como en las distintas misiones internacionales en las que se encuentran desplegadas en estos momentos. As\u00ed lo ha se\u00f1alado la ministra de","og:url":"https:\/\/www.eldigitaldeasturias.com\/noticias\/cospedal-las-fuerzas-armadas-siempre-estan-preparadas-para-cualquier-eventualidad\/","article:tag":["actualidad"],"article:published_time":"2018-02-08T15:36:24+00:00","article:modified_time":"2018-02-08T15:36:24+00:00","article:publisher":"https:\/\/facebook.com\/eldigitaldeasturias","twitter:card":"summary_large_image","twitter:title":"Cospedal: \u00abLas Fuerzas Armadas siempre est\u00e1n preparadas para cualquier eventualidad\u00bb - El Digital de Asturias","twitter:description":"&quot;Las Fuerzas Armadas siempre est\u00e1n preparadas para cualquier eventualidad. Est\u00e1n cumpliendo su papel, que es defender nuestra integridad territorial, la soberan\u00eda y el orden constitucional&quot;, tanto en su trabajo diario en nuestro pa\u00eds como en las distintas misiones internacionales en las que se encuentran desplegadas en estos momentos. As\u00ed lo ha se\u00f1alado la ministra de","twitter:image":"https:\/\/www.eldigitaldeasturias.com\/noticias\/wp-content\/uploads\/2020\/12\/EDA-1.jpg","twitter:label1":"Escrito por","twitter:data1":"El Digital de Asturias","twitter:label2":"Tiempo de lectura estimado","twitter:data2":"2 minutos"},"aioseo_meta_data":{"post_id":"968234","title":null,"description":null,"keywords":null,"keyphrases":null,"primary_term":null,"canonical_url":null,"og_title":null,"og_description":null,"og_object_type":"default","og_image_type":"default","og_image_url":null,"og_image_width":null,"og_image_height":null,"og_image_custom_url":null,"og_image_custom_fields":null,"og_video":null,"og_custom_url":null,"og_article_section":null,"og_article_tags":null,"twitter_use_og":false,"twitter_card":"default","twitter_image_type":"default","twitter_image_url":null,"twitter_image_custom_url":null,"twitter_image_custom_fields":null,"twitter_title":null,"twitter_description":null,"schema":{"blockGraphs":[],"customGraphs":[],"default":{"data":{"Article":[],"Course":[],"Dataset":[],"FAQPage":[],"Movie":[],"Person":[],"Product":[],"ProductReview":[],"Car":[],"Recipe":[],"Service":[],"SoftwareApplication":[],"WebPage":[]},"graphName":"","isEnabled":true},"graphs":[],"defaultGraph":"","defaultPostTypeGraph":""},"schema_type":null,"schema_type_options":null,"pillar_content":false,"robots_default":true,"robots_noindex":false,"robots_noarchive":false,"robots_nosnippet":false,"robots_nofollow":false,"robots_noimageindex":false,"robots_noodp":false,"robots_notranslate":false,"robots_max_snippet":null,"robots_max_videopreview":null,"robots_max_imagepreview":"large","priority":null,"frequency":null,"local_seo":null,"seo_analyzer_scan_date":"2025-10-06 21:48:14","breadcrumb_settings":null,"limit_modified_date":false,"open_ai":null,"ai":null,"created":"2020-12-21 12:30:39","updated":"2025-10-06 21:48:14","focus_keyword":null,"additional_keywords":null,"truseo_locale":null},"aioseo_breadcrumb":"<div class=\"aioseo-breadcrumbs\"><span class=\"aioseo-breadcrumb\">\n\t<a href=\"https:\/\/www.eldigitaldeasturias.com\/noticias\" title=\"Home\">Home<\/a>\n<\/span><span class=\"aioseo-breadcrumb-separator\">\u2013<\/span><span class=\"aioseo-breadcrumb\">\n\t<a href=\"https:\/\/www.eldigitaldeasturias.com\/noticias\/category\/actualidad\/\" title=\"Actualidad\">Actualidad<\/a>\n<\/span><span class=\"aioseo-breadcrumb-separator\">\u2013<\/span><span class=\"aioseo-breadcrumb\">\n\t<a href=\"https:\/\/www.eldigitaldeasturias.com\/noticias\/cospedal-las-fuerzas-armadas-siempre-estan-preparadas-para-cualquier-eventualidad\/\" title=\"Cospedal: \u00abLas Fuerzas Armadas siempre est\u00e1n preparadas para cualquier eventualidad\u00bb\">Cospedal: \u00abLas Fuerzas Armadas siempre est\u00e1n preparadas para cualquier eventualidad\u00bb<\/a>\n<\/span><\/div>","aioseo_breadcrumb_json":[{"label":"Home","link":"https:\/\/www.eldigitaldeasturias.com\/noticias"},{"label":"Actualidad","link":"https:\/\/www.eldigitaldeasturias.com\/noticias\/category\/actualidad\/"},{"label":"Cospedal: \u00abLas Fuerzas Armadas siempre est\u00e1n preparadas para cualquier eventualidad\u00bb","link":"https:\/\/www.eldigitaldeasturias.com\/noticias\/cospedal-las-fuerzas-armadas-siempre-estan-preparadas-para-cualquier-eventualidad\/"}],"_links":{"self":[{"href":"https:\/\/www.eldigitaldeasturias.com\/noticias\/wp-json\/wp\/v2\/posts\/968234","targetHints":{"allow":["GET"]}}],"collection":[{"href":"https:\/\/www.eldigitaldeasturias.com\/noticias\/wp-json\/wp\/v2\/posts"}],"about":[{"href":"https:\/\/www.eldigitaldeasturias.com\/noticias\/wp-json\/wp\/v2\/types\/post"}],"author":[{"embeddable":true,"href":"https:\/\/www.eldigitaldeasturias.com\/noticias\/wp-json\/wp\/v2\/users\/1"}],"replies":[{"embeddable":true,"href":"https:\/\/www.eldigitaldeasturias.com\/noticias\/wp-json\/wp\/v2\/comments?post=968234"}],"version-history":[{"count":0,"href":"https:\/\/www.eldigitaldeasturias.com\/noticias\/wp-json\/wp\/v2\/posts\/968234\/revisions"}],"wp:attachment":[{"href":"https:\/\/www.eldigitaldeasturias.com\/noticias\/wp-json\/wp\/v2\/media?parent=968234"}],"wp:term":[{"taxonomy":"category","embeddable":true,"href":"https:\/\/www.eldigitaldeasturias.com\/noticias\/wp-json\/wp\/v2\/categories?post=968234"},{"taxonomy":"post_tag","embeddable":true,"href":"https:\/\/www.eldigitaldeasturias.com\/noticias\/wp-json\/wp\/v2\/tags?post=968234"}],"curies":[{"name":"wp","href":"https:\/\/api.w.org\/{rel}","templated":true}]}}