{"id":968184,"date":"2018-02-07T17:26:52","date_gmt":"2018-02-07T17:26:52","guid":{"rendered":"http:\/\/www.eldigitaldeasturias.com\/noticias\/?p=968184"},"modified":"2018-02-07T17:26:52","modified_gmt":"2018-02-07T17:26:52","slug":"se-constituye-la-comision-ejecutiva-de-la-conmemoracion-de-500-anos-de-la-primera-vuelta-al-mundo","status":"publish","type":"post","link":"https:\/\/www.eldigitaldeasturias.com\/noticias\/se-constituye-la-comision-ejecutiva-de-la-conmemoracion-de-500-anos-de-la-primera-vuelta-al-mundo\/","title":{"rendered":"Se constituye la Comisi\u00f3n Ejecutiva de la conmemoraci\u00f3n de &#8216;500 A\u00f1os de la Primera Vuelta al Mundo&#8217;"},"content":{"rendered":"<p><img loading=\"lazy\" decoding=\"async\" class=\"alignleft size-medium wp-image-968185\" src=\"https:\/\/www.eldigitaldeasturias.com\/noticias\/wp-content\/uploads\/2018\/02\/070218Magallanes-Noticia-01-360x239.jpg\" alt=\"\" width=\"360\" height=\"239\" \/>Se ha celebrado en la Secretar\u00eda de Estado de Cultura la reuni\u00f3n constitutiva de la Comisi\u00f3n Ejecutiva para la conmemoraci\u00f3n del &#8216;V Centenario de la expedici\u00f3n de la primera vuelta al mundo de Fernando de Magallanes y Juan Sebasti\u00e1n Elcano&#8217;.<\/p>\n<p>\u200bEn esta primera reuni\u00f3n la Comisi\u00f3n ha aprobado la articulaci\u00f3n del programa de actividades de la Conmemoraci\u00f3n y el procedimiento de valoraci\u00f3n de los proyectos que se presenten para su inclusi\u00f3n en el programa oficial.<\/p>\n<p>Esta conmemoraci\u00f3n tiene car\u00e1cter de &#8216;acontecimiento de excepcional inter\u00e9s p\u00fablico&#8217;, por lo que el Estado ofrece unos amplios incentivos y beneficios fiscales, que pueden alcanzar el 90% de la inversi\u00f3n.<\/p>\n<p>Mediante la declaraci\u00f3n de acontecimiento de excepcional inter\u00e9s p\u00fablico el Estado impulsa la participaci\u00f3n del sector privado en el proyecto, ya que los beneficios fiscales contribuyen a potenciar tanto la aportaci\u00f3n de fondos para la realizaci\u00f3n de actividades como la divulgaci\u00f3n de la celebraci\u00f3n mediante las campa\u00f1as de publicidad en las que se incorpora el logotipo del acontecimiento.<\/p>\n<p>En la reuni\u00f3n tambi\u00e9n se ha informado de la aprobaci\u00f3n del logotipo oficial del acontecimiento y de la creaci\u00f3n de la web.<\/p>\n<p>Una de las primeras actividades programadas es el Congreso Internacional de Historiadores que se celebrar\u00e1 del 19 al 22 marzo en Valladolid.<\/p>\n<p>Inmediatamente despu\u00e9s, en abril, Acci\u00f3n Cultural Espa\u00f1ola (AC\/E) inaugurar\u00e1 la exposici\u00f3n &#8216;El sue\u00f1o&#8217; en la Universidad de Valladolid, que relata los preparativos del viaje de Magallanes. Esta exposici\u00f3n itinerar\u00e1 posteriormente por Espa\u00f1a.<\/p>\n<p>Esta muestra es la antesala de otra, titulada &#8216;El viaje m\u00e1s largo&#8217;, que podr\u00e1 contemplarse en el Archivo General de Indias y en la que se mostrar\u00e1 la que es, quiz\u00e1s, la mayor aventura mar\u00edtima de todos los tiempos. Esta exposici\u00f3n tambi\u00e9n itinerar\u00e1 por Espa\u00f1a y el extranjero.<\/p>\n<p><strong>Bases para la elaboraci\u00f3n del programa oficial<\/strong><\/p>\n<p>En cuanto a los criterios para la inclusi\u00f3n de los proyectos en el programa oficial, son: la relevancia del evento en relaci\u00f3n al hecho hist\u00f3rico; la originalidad, rigor e inter\u00e9s cultural de su aportaci\u00f3n a los fines de la conmemoraci\u00f3n; el impacto previsto a nivel nacional e internacional; el grado de desarrollo y concreci\u00f3n en su planificaci\u00f3n que debe permitir una evaluaci\u00f3n precisa de sus posibilidades de realizaci\u00f3n; y un plan de financiaci\u00f3n realista.<\/p>\n<p><strong>Miembros de la Comisi\u00f3n Ejecutiva<\/strong><\/p>\n<p>La Comisi\u00f3n Ejecutiva reunida ha sido presidida por el secretario general de Pol\u00edtica de la Defensa, el almirante Juan Francisco Mart\u00ednez. Son miembros de la Comisi\u00f3n Ejecutiva: \u00d3scar S\u00e1enz de Santa Mar\u00eda, director general de Industrias Culturales y del Libro (Ministerio de Educaci\u00f3n, Cultura y Deporte); Antonio Sanz, delegado del Gobierno en Andaluc\u00eda (Ministerio de la Presidencia y para las Administraciones Territoriales); Elvira Marco, directora general de Acci\u00f3n Cultural Espa\u00f1ola; Fidel Sendagorta, director general de Am\u00e9rica del Norte, Asia y Pac\u00edfico; Elena G\u00f3mez, directora general de Pol\u00edtica de la Defensa (Ministerio de Defensa); Jaime Iglesias, director general de Presupuestos (Ministerio de Hacienda y Funci\u00f3n P\u00fablica); Alicia Segovia, secretaria general T\u00e9cnica (Ministerio de Fomento); Mar\u00eda del Carmen Iglesias, directora de la Real Academia de Historia; Rafael Rodr\u00edguez-Ponga, secretario general del Instituto Cervantes; Manuel Ravina, director del Archivo General de Indias; Jes\u00fas Julio Carnero, presidente de la Diputaci\u00f3n de Valladolid; Markel Olano, diputado general de Guip\u00fazcoa; Juan Espadas, alcalde de Sevilla; V\u00edctor Mora, alcalde de Sanl\u00facar de Barrameda (C\u00e1diz); Fernando Zumalac\u00e1rregui, director del Museo Naval y Camilo Vazquez Bello, subdirector general de Cooperaci\u00f3n y Promoci\u00f3n Internacional de la Cultura.<\/p>\n<p><strong>500 a\u00f1os de la expedici\u00f3n Magallanes y Elcano<\/strong><\/p>\n<p>La expedici\u00f3n, que dio comienzo el 10 de agosto de 1519, fue promovida por la Corona de Espa\u00f1a con el objetivo de encontrar una nueva ruta hacia las islas de las especias. Tras tres a\u00f1os de peripecias y penalidades, el 6 de septiembre de 1522 entraba en Sanl\u00facar de Barrameda (C\u00e1diz) la nave Victoria, despu\u00e9s de haber dado por primera vez la vuelta a la Tierra.<\/p>\n","protected":false},"excerpt":{"rendered":"<p>Se ha celebrado en la Secretar\u00eda de Estado de Cultura la reuni\u00f3n constitutiva de la Comisi\u00f3n Ejecutiva para la conmemoraci\u00f3n del &#8216;V Centenario de la expedici\u00f3n de la primera vuelta al mundo de Fernando de Magallanes y Juan Sebasti\u00e1n Elcano&#8217;. \u200bEn esta primera reuni\u00f3n la Comisi\u00f3n ha aprobado la articulaci\u00f3n del programa de actividades de [&hellip;]<\/p>\n","protected":false},"author":1,"featured_media":968185,"comment_status":"closed","ping_status":"closed","sticky":false,"template":"","format":"standard","meta":{"footnotes":""},"categories":[1],"tags":[],"class_list":["post-968184","post","type-post","status-publish","format-standard","has-post-thumbnail","hentry","category-actualidad"],"aioseo_notices":[],"aioseo_head":"\n\t\t<!-- All in One SEO Pro 5.0.1 - aioseo.com -->\n\t<meta name=\"description\" content=\"Se ha celebrado en la Secretar\u00eda de Estado de Cultura la reuni\u00f3n constitutiva de la Comisi\u00f3n Ejecutiva para la conmemoraci\u00f3n del &#039;V Centenario de la expedici\u00f3n de la primera vuelta al mundo de Fernando de Magallanes y Juan Sebasti\u00e1n Elcano&#039;. \u200bEn esta primera reuni\u00f3n la Comisi\u00f3n ha aprobado la articulaci\u00f3n del programa de actividades de\" \/>\n\t<meta name=\"robots\" content=\"max-image-preview:large\" \/>\n\t<meta name=\"author\" content=\"El Digital de Asturias\"\/>\n\t<meta name=\"google-site-verification\" content=\"UA-38556648-1\" \/>\n\t<meta name=\"msvalidate.01\" content=\"7dfe9f3f1b24437ab69f4f2559babe99\" \/>\n\t<meta name=\"keywords\" content=\"actualidad\" \/>\n\t<link rel=\"canonical\" href=\"https:\/\/www.eldigitaldeasturias.com\/noticias\/se-constituye-la-comision-ejecutiva-de-la-conmemoracion-de-500-anos-de-la-primera-vuelta-al-mundo\/\" \/>\n\t<meta name=\"generator\" content=\"All in One SEO Pro (AIOSEO) 5.0.1\" \/>\n\t\t<meta property=\"og:locale\" content=\"es_ES\" \/>\n\t\t<meta property=\"og:site_name\" content=\"El Digital de Asturias\" \/>\n\t\t<meta property=\"og:type\" content=\"article\" \/>\n\t\t<meta property=\"og:title\" content=\"Se constituye la Comisi\u00f3n Ejecutiva de la conmemoraci\u00f3n de \u2018500 A\u00f1os de la Primera Vuelta al Mundo\u2019 - El Digital de Asturias\" \/>\n\t\t<meta property=\"og:description\" content=\"Se ha celebrado en la Secretar\u00eda de Estado de Cultura la reuni\u00f3n constitutiva de la Comisi\u00f3n Ejecutiva para la conmemoraci\u00f3n del &#039;V Centenario de la expedici\u00f3n de la primera vuelta al mundo de Fernando de Magallanes y Juan Sebasti\u00e1n Elcano&#039;. \u200bEn esta primera reuni\u00f3n la Comisi\u00f3n ha aprobado la articulaci\u00f3n del programa de actividades de\" \/>\n\t\t<meta property=\"og:url\" content=\"https:\/\/www.eldigitaldeasturias.com\/noticias\/se-constituye-la-comision-ejecutiva-de-la-conmemoracion-de-500-anos-de-la-primera-vuelta-al-mundo\/\" \/>\n\t\t<meta property=\"article:tag\" content=\"actualidad\" \/>\n\t\t<meta property=\"article:published_time\" content=\"2018-02-07T17:26:52+00:00\" \/>\n\t\t<meta property=\"article:modified_time\" content=\"2018-02-07T17:26:52+00:00\" \/>\n\t\t<meta property=\"article:publisher\" content=\"https:\/\/facebook.com\/eldigitaldeasturias\" \/>\n\t\t<meta name=\"twitter:card\" content=\"summary_large_image\" \/>\n\t\t<meta name=\"twitter:title\" content=\"Se constituye la Comisi\u00f3n Ejecutiva de la conmemoraci\u00f3n de \u2018500 A\u00f1os de la Primera Vuelta al Mundo\u2019 - El Digital de Asturias\" \/>\n\t\t<meta name=\"twitter:description\" content=\"Se ha celebrado en la Secretar\u00eda de Estado de Cultura la reuni\u00f3n constitutiva de la Comisi\u00f3n Ejecutiva para la conmemoraci\u00f3n del &#039;V Centenario de la expedici\u00f3n de la primera vuelta al mundo de Fernando de Magallanes y Juan Sebasti\u00e1n Elcano&#039;. \u200bEn esta primera reuni\u00f3n la Comisi\u00f3n ha aprobado la articulaci\u00f3n del programa de actividades de\" \/>\n\t\t<meta name=\"twitter:image\" content=\"https:\/\/www.eldigitaldeasturias.com\/noticias\/wp-content\/uploads\/2020\/12\/EDA-1.jpg\" \/>\n\t\t<meta name=\"twitter:label1\" content=\"Escrito por\" \/>\n\t\t<meta name=\"twitter:data1\" content=\"El Digital de Asturias\" \/>\n\t\t<meta name=\"twitter:label2\" content=\"Tiempo de lectura estimado\" \/>\n\t\t<meta name=\"twitter:data2\" content=\"4 minutos\" \/>\n\t\t<script type=\"application\/ld+json\" class=\"aioseo-schema\">\n\t\t\t{\"@context\":\"https:\\\/\\\/schema.org\",\"@graph\":[{\"@type\":\"BlogPosting\",\"@id\":\"https:\\\/\\\/www.eldigitaldeasturias.com\\\/noticias\\\/se-constituye-la-comision-ejecutiva-de-la-conmemoracion-de-500-anos-de-la-primera-vuelta-al-mundo\\\/#blogposting\",\"name\":\"Se constituye la Comisi\\u00f3n Ejecutiva de la conmemoraci\\u00f3n de \\u2018500 A\\u00f1os de la Primera Vuelta al Mundo\\u2019 - El Digital de Asturias\",\"headline\":\"Se constituye la Comisi\\u00f3n Ejecutiva de la conmemoraci\\u00f3n de &#8216;500 A\\u00f1os de la Primera Vuelta al Mundo&#8217;\",\"author\":{\"@id\":\"https:\\\/\\\/www.eldigitaldeasturias.com\\\/noticias\\\/author\\\/admin\\\/#author\"},\"publisher\":{\"@id\":\"https:\\\/\\\/www.eldigitaldeasturias.com\\\/noticias\\\/#organization\"},\"image\":{\"@type\":\"ImageObject\",\"url\":968185},\"datePublished\":\"2018-02-07T17:26:52+01:00\",\"dateModified\":\"2018-02-07T17:26:52+01:00\",\"inLanguage\":\"es-ES\",\"mainEntityOfPage\":{\"@id\":\"https:\\\/\\\/www.eldigitaldeasturias.com\\\/noticias\\\/se-constituye-la-comision-ejecutiva-de-la-conmemoracion-de-500-anos-de-la-primera-vuelta-al-mundo\\\/#webpage\"},\"isPartOf\":{\"@id\":\"https:\\\/\\\/www.eldigitaldeasturias.com\\\/noticias\\\/se-constituye-la-comision-ejecutiva-de-la-conmemoracion-de-500-anos-de-la-primera-vuelta-al-mundo\\\/#webpage\"},\"articleSection\":\"Actualidad\"},{\"@type\":\"BreadcrumbList\",\"@id\":\"https:\\\/\\\/www.eldigitaldeasturias.com\\\/noticias\\\/se-constituye-la-comision-ejecutiva-de-la-conmemoracion-de-500-anos-de-la-primera-vuelta-al-mundo\\\/#breadcrumblist\",\"itemListElement\":[{\"@type\":\"ListItem\",\"@id\":\"https:\\\/\\\/www.eldigitaldeasturias.com\\\/noticias#listItem\",\"position\":1,\"name\":\"Home\",\"item\":\"https:\\\/\\\/www.eldigitaldeasturias.com\\\/noticias\",\"nextItem\":{\"@type\":\"ListItem\",\"@id\":\"https:\\\/\\\/www.eldigitaldeasturias.com\\\/noticias\\\/category\\\/actualidad\\\/#listItem\",\"name\":\"Actualidad\"}},{\"@type\":\"ListItem\",\"@id\":\"https:\\\/\\\/www.eldigitaldeasturias.com\\\/noticias\\\/category\\\/actualidad\\\/#listItem\",\"position\":2,\"name\":\"Actualidad\",\"item\":\"https:\\\/\\\/www.eldigitaldeasturias.com\\\/noticias\\\/category\\\/actualidad\\\/\",\"nextItem\":{\"@type\":\"ListItem\",\"@id\":\"https:\\\/\\\/www.eldigitaldeasturias.com\\\/noticias\\\/se-constituye-la-comision-ejecutiva-de-la-conmemoracion-de-500-anos-de-la-primera-vuelta-al-mundo\\\/#listItem\",\"name\":\"Se constituye la Comisi\\u00f3n Ejecutiva de la conmemoraci\\u00f3n de &#8216;500 A\\u00f1os de la Primera Vuelta al Mundo&#8217;\"},\"previousItem\":{\"@type\":\"ListItem\",\"@id\":\"https:\\\/\\\/www.eldigitaldeasturias.com\\\/noticias#listItem\",\"name\":\"Home\"}},{\"@type\":\"ListItem\",\"@id\":\"https:\\\/\\\/www.eldigitaldeasturias.com\\\/noticias\\\/se-constituye-la-comision-ejecutiva-de-la-conmemoracion-de-500-anos-de-la-primera-vuelta-al-mundo\\\/#listItem\",\"position\":3,\"name\":\"Se constituye la Comisi\\u00f3n Ejecutiva de la conmemoraci\\u00f3n de &#8216;500 A\\u00f1os de la Primera Vuelta al Mundo&#8217;\",\"previousItem\":{\"@type\":\"ListItem\",\"@id\":\"https:\\\/\\\/www.eldigitaldeasturias.com\\\/noticias\\\/category\\\/actualidad\\\/#listItem\",\"name\":\"Actualidad\"}}]},{\"@type\":\"Organization\",\"@id\":\"https:\\\/\\\/www.eldigitaldeasturias.com\\\/noticias\\\/#organization\",\"name\":\"El Digital de Asturias\",\"description\":\"Hemeroteca\",\"url\":\"https:\\\/\\\/www.eldigitaldeasturias.com\\\/noticias\\\/\",\"email\":\"info@eldigitaldeasturias.com\",\"telephone\":\"+34652131393\",\"logo\":{\"@type\":\"ImageObject\",\"url\":\"https:\\\/\\\/www.eldigitaldeasturias.com\\\/noticias\\\/wp-content\\\/uploads\\\/2020\\\/12\\\/EDA.jpg\",\"@id\":\"https:\\\/\\\/www.eldigitaldeasturias.com\\\/noticias\\\/se-constituye-la-comision-ejecutiva-de-la-conmemoracion-de-500-anos-de-la-primera-vuelta-al-mundo\\\/#organizationLogo\"},\"image\":{\"@id\":\"https:\\\/\\\/www.eldigitaldeasturias.com\\\/noticias\\\/se-constituye-la-comision-ejecutiva-de-la-conmemoracion-de-500-anos-de-la-primera-vuelta-al-mundo\\\/#organizationLogo\"},\"sameAs\":[\"https:\\\/\\\/facebook.com\\\/eldigitaldeasturias\",\"https:\\\/\\\/www.youtube.com\\\/channel\\\/UCZP-2wLEB9Rv6erhFmqVnvg\"],\"address\":{\"@id\":\"https:\\\/\\\/www.eldigitaldeasturias.com\\\/noticias\\\/#postaladdress\",\"@type\":\"PostalAddress\",\"streetAddress\":\"san antonio 4\",\"postalCode\":\"33430\",\"addressLocality\":\"Cand\\u00e1s\",\"addressRegion\":\"Asturias\",\"addressCountry\":\"ES\"}},{\"@type\":\"Person\",\"@id\":\"https:\\\/\\\/www.eldigitaldeasturias.com\\\/noticias\\\/author\\\/admin\\\/#author\",\"url\":\"https:\\\/\\\/www.eldigitaldeasturias.com\\\/noticias\\\/author\\\/admin\\\/\",\"name\":\"El Digital de Asturias\",\"image\":{\"@type\":\"ImageObject\",\"@id\":\"https:\\\/\\\/www.eldigitaldeasturias.com\\\/noticias\\\/se-constituye-la-comision-ejecutiva-de-la-conmemoracion-de-500-anos-de-la-primera-vuelta-al-mundo\\\/#authorImage\",\"url\":\"https:\\\/\\\/secure.gravatar.com\\\/avatar\\\/df2aeffc32bcd13f8d26072ef8a91b623d677766deac7f97ca815868cd41bf5e?s=96&d=mm&r=g\",\"width\":96,\"height\":96,\"caption\":\"El Digital de Asturias\"}},{\"@type\":\"WebPage\",\"@id\":\"https:\\\/\\\/www.eldigitaldeasturias.com\\\/noticias\\\/se-constituye-la-comision-ejecutiva-de-la-conmemoracion-de-500-anos-de-la-primera-vuelta-al-mundo\\\/#webpage\",\"url\":\"https:\\\/\\\/www.eldigitaldeasturias.com\\\/noticias\\\/se-constituye-la-comision-ejecutiva-de-la-conmemoracion-de-500-anos-de-la-primera-vuelta-al-mundo\\\/\",\"name\":\"Se constituye la Comisi\\u00f3n Ejecutiva de la conmemoraci\\u00f3n de \\u2018500 A\\u00f1os de la Primera Vuelta al Mundo\\u2019 - El Digital de Asturias\",\"description\":\"Se ha celebrado en la Secretar\\u00eda de Estado de Cultura la reuni\\u00f3n constitutiva de la Comisi\\u00f3n Ejecutiva para la conmemoraci\\u00f3n del 'V Centenario de la expedici\\u00f3n de la primera vuelta al mundo de Fernando de Magallanes y Juan Sebasti\\u00e1n Elcano'. \\u200bEn esta primera reuni\\u00f3n la Comisi\\u00f3n ha aprobado la articulaci\\u00f3n del programa de actividades de\",\"inLanguage\":\"es-ES\",\"isPartOf\":{\"@id\":\"https:\\\/\\\/www.eldigitaldeasturias.com\\\/noticias\\\/#website\"},\"breadcrumb\":{\"@id\":\"https:\\\/\\\/www.eldigitaldeasturias.com\\\/noticias\\\/se-constituye-la-comision-ejecutiva-de-la-conmemoracion-de-500-anos-de-la-primera-vuelta-al-mundo\\\/#breadcrumblist\"},\"author\":{\"@id\":\"https:\\\/\\\/www.eldigitaldeasturias.com\\\/noticias\\\/author\\\/admin\\\/#author\"},\"creator\":{\"@id\":\"https:\\\/\\\/www.eldigitaldeasturias.com\\\/noticias\\\/author\\\/admin\\\/#author\"},\"image\":{\"@type\":\"ImageObject\",\"url\":968185,\"@id\":\"https:\\\/\\\/www.eldigitaldeasturias.com\\\/noticias\\\/se-constituye-la-comision-ejecutiva-de-la-conmemoracion-de-500-anos-de-la-primera-vuelta-al-mundo\\\/#mainImage\"},\"primaryImageOfPage\":{\"@id\":\"https:\\\/\\\/www.eldigitaldeasturias.com\\\/noticias\\\/se-constituye-la-comision-ejecutiva-de-la-conmemoracion-de-500-anos-de-la-primera-vuelta-al-mundo\\\/#mainImage\"},\"datePublished\":\"2018-02-07T17:26:52+01:00\",\"dateModified\":\"2018-02-07T17:26:52+01:00\"},{\"@type\":\"WebSite\",\"@id\":\"https:\\\/\\\/www.eldigitaldeasturias.com\\\/noticias\\\/#website\",\"url\":\"https:\\\/\\\/www.eldigitaldeasturias.com\\\/noticias\\\/\",\"name\":\"El Digital de Asturias - Diario de actualidad y noticias\",\"alternateName\":\"El Digital de Asturias - Diario de actualidad y noticias\",\"description\":\"Hemeroteca\",\"inLanguage\":\"es-ES\",\"publisher\":{\"@id\":\"https:\\\/\\\/www.eldigitaldeasturias.com\\\/noticias\\\/#organization\"}}]}\n\t\t<\/script>\n\t\t<!-- All in One SEO Pro -->\r\n\t\t<title>Se constituye la Comisi\u00f3n Ejecutiva de la conmemoraci\u00f3n de \u2018500 A\u00f1os de la Primera Vuelta al Mundo\u2019 - El Digital de Asturias<\/title>\n\n","aioseo_head_json":{"title":"Se constituye la Comisi\u00f3n Ejecutiva de la conmemoraci\u00f3n de \u2018500 A\u00f1os de la Primera Vuelta al Mundo\u2019 - El Digital de Asturias","description":"Se ha celebrado en la Secretar\u00eda de Estado de Cultura la reuni\u00f3n constitutiva de la Comisi\u00f3n Ejecutiva para la conmemoraci\u00f3n del 'V Centenario de la expedici\u00f3n de la primera vuelta al mundo de Fernando de Magallanes y Juan Sebasti\u00e1n Elcano'. \u200bEn esta primera reuni\u00f3n la Comisi\u00f3n ha aprobado la articulaci\u00f3n del programa de actividades de","canonical_url":"https:\/\/www.eldigitaldeasturias.com\/noticias\/se-constituye-la-comision-ejecutiva-de-la-conmemoracion-de-500-anos-de-la-primera-vuelta-al-mundo\/","robots":"max-image-preview:large","keywords":"actualidad","webmasterTools":{"google-site-verification":"UA-38556648-1","msvalidate.01":"7dfe9f3f1b24437ab69f4f2559babe99","miscellaneous":""},"schema":{"@context":"https:\/\/schema.org","@graph":[{"@type":"BlogPosting","@id":"https:\/\/www.eldigitaldeasturias.com\/noticias\/se-constituye-la-comision-ejecutiva-de-la-conmemoracion-de-500-anos-de-la-primera-vuelta-al-mundo\/#blogposting","name":"Se constituye la Comisi\u00f3n Ejecutiva de la conmemoraci\u00f3n de \u2018500 A\u00f1os de la Primera Vuelta al Mundo\u2019 - El Digital de Asturias","headline":"Se constituye la Comisi\u00f3n Ejecutiva de la conmemoraci\u00f3n de &#8216;500 A\u00f1os de la Primera Vuelta al Mundo&#8217;","author":{"@id":"https:\/\/www.eldigitaldeasturias.com\/noticias\/author\/admin\/#author"},"publisher":{"@id":"https:\/\/www.eldigitaldeasturias.com\/noticias\/#organization"},"image":{"@type":"ImageObject","url":968185},"datePublished":"2018-02-07T17:26:52+01:00","dateModified":"2018-02-07T17:26:52+01:00","inLanguage":"es-ES","mainEntityOfPage":{"@id":"https:\/\/www.eldigitaldeasturias.com\/noticias\/se-constituye-la-comision-ejecutiva-de-la-conmemoracion-de-500-anos-de-la-primera-vuelta-al-mundo\/#webpage"},"isPartOf":{"@id":"https:\/\/www.eldigitaldeasturias.com\/noticias\/se-constituye-la-comision-ejecutiva-de-la-conmemoracion-de-500-anos-de-la-primera-vuelta-al-mundo\/#webpage"},"articleSection":"Actualidad"},{"@type":"BreadcrumbList","@id":"https:\/\/www.eldigitaldeasturias.com\/noticias\/se-constituye-la-comision-ejecutiva-de-la-conmemoracion-de-500-anos-de-la-primera-vuelta-al-mundo\/#breadcrumblist","itemListElement":[{"@type":"ListItem","@id":"https:\/\/www.eldigitaldeasturias.com\/noticias#listItem","position":1,"name":"Home","item":"https:\/\/www.eldigitaldeasturias.com\/noticias","nextItem":{"@type":"ListItem","@id":"https:\/\/www.eldigitaldeasturias.com\/noticias\/category\/actualidad\/#listItem","name":"Actualidad"}},{"@type":"ListItem","@id":"https:\/\/www.eldigitaldeasturias.com\/noticias\/category\/actualidad\/#listItem","position":2,"name":"Actualidad","item":"https:\/\/www.eldigitaldeasturias.com\/noticias\/category\/actualidad\/","nextItem":{"@type":"ListItem","@id":"https:\/\/www.eldigitaldeasturias.com\/noticias\/se-constituye-la-comision-ejecutiva-de-la-conmemoracion-de-500-anos-de-la-primera-vuelta-al-mundo\/#listItem","name":"Se constituye la Comisi\u00f3n Ejecutiva de la conmemoraci\u00f3n de &#8216;500 A\u00f1os de la Primera Vuelta al Mundo&#8217;"},"previousItem":{"@type":"ListItem","@id":"https:\/\/www.eldigitaldeasturias.com\/noticias#listItem","name":"Home"}},{"@type":"ListItem","@id":"https:\/\/www.eldigitaldeasturias.com\/noticias\/se-constituye-la-comision-ejecutiva-de-la-conmemoracion-de-500-anos-de-la-primera-vuelta-al-mundo\/#listItem","position":3,"name":"Se constituye la Comisi\u00f3n Ejecutiva de la conmemoraci\u00f3n de &#8216;500 A\u00f1os de la Primera Vuelta al Mundo&#8217;","previousItem":{"@type":"ListItem","@id":"https:\/\/www.eldigitaldeasturias.com\/noticias\/category\/actualidad\/#listItem","name":"Actualidad"}}]},{"@type":"Organization","@id":"https:\/\/www.eldigitaldeasturias.com\/noticias\/#organization","name":"El Digital de Asturias","description":"Hemeroteca","url":"https:\/\/www.eldigitaldeasturias.com\/noticias\/","email":"info@eldigitaldeasturias.com","telephone":"+34652131393","logo":{"@type":"ImageObject","url":"https:\/\/www.eldigitaldeasturias.com\/noticias\/wp-content\/uploads\/2020\/12\/EDA.jpg","@id":"https:\/\/www.eldigitaldeasturias.com\/noticias\/se-constituye-la-comision-ejecutiva-de-la-conmemoracion-de-500-anos-de-la-primera-vuelta-al-mundo\/#organizationLogo"},"image":{"@id":"https:\/\/www.eldigitaldeasturias.com\/noticias\/se-constituye-la-comision-ejecutiva-de-la-conmemoracion-de-500-anos-de-la-primera-vuelta-al-mundo\/#organizationLogo"},"sameAs":["https:\/\/facebook.com\/eldigitaldeasturias","https:\/\/www.youtube.com\/channel\/UCZP-2wLEB9Rv6erhFmqVnvg"],"address":{"@id":"https:\/\/www.eldigitaldeasturias.com\/noticias\/#postaladdress","@type":"PostalAddress","streetAddress":"san antonio 4","postalCode":"33430","addressLocality":"Cand\u00e1s","addressRegion":"Asturias","addressCountry":"ES"}},{"@type":"Person","@id":"https:\/\/www.eldigitaldeasturias.com\/noticias\/author\/admin\/#author","url":"https:\/\/www.eldigitaldeasturias.com\/noticias\/author\/admin\/","name":"El Digital de Asturias","image":{"@type":"ImageObject","@id":"https:\/\/www.eldigitaldeasturias.com\/noticias\/se-constituye-la-comision-ejecutiva-de-la-conmemoracion-de-500-anos-de-la-primera-vuelta-al-mundo\/#authorImage","url":"https:\/\/secure.gravatar.com\/avatar\/df2aeffc32bcd13f8d26072ef8a91b623d677766deac7f97ca815868cd41bf5e?s=96&d=mm&r=g","width":96,"height":96,"caption":"El Digital de Asturias"}},{"@type":"WebPage","@id":"https:\/\/www.eldigitaldeasturias.com\/noticias\/se-constituye-la-comision-ejecutiva-de-la-conmemoracion-de-500-anos-de-la-primera-vuelta-al-mundo\/#webpage","url":"https:\/\/www.eldigitaldeasturias.com\/noticias\/se-constituye-la-comision-ejecutiva-de-la-conmemoracion-de-500-anos-de-la-primera-vuelta-al-mundo\/","name":"Se constituye la Comisi\u00f3n Ejecutiva de la conmemoraci\u00f3n de \u2018500 A\u00f1os de la Primera Vuelta al Mundo\u2019 - El Digital de Asturias","description":"Se ha celebrado en la Secretar\u00eda de Estado de Cultura la reuni\u00f3n constitutiva de la Comisi\u00f3n Ejecutiva para la conmemoraci\u00f3n del 'V Centenario de la expedici\u00f3n de la primera vuelta al mundo de Fernando de Magallanes y Juan Sebasti\u00e1n Elcano'. \u200bEn esta primera reuni\u00f3n la Comisi\u00f3n ha aprobado la articulaci\u00f3n del programa de actividades de","inLanguage":"es-ES","isPartOf":{"@id":"https:\/\/www.eldigitaldeasturias.com\/noticias\/#website"},"breadcrumb":{"@id":"https:\/\/www.eldigitaldeasturias.com\/noticias\/se-constituye-la-comision-ejecutiva-de-la-conmemoracion-de-500-anos-de-la-primera-vuelta-al-mundo\/#breadcrumblist"},"author":{"@id":"https:\/\/www.eldigitaldeasturias.com\/noticias\/author\/admin\/#author"},"creator":{"@id":"https:\/\/www.eldigitaldeasturias.com\/noticias\/author\/admin\/#author"},"image":{"@type":"ImageObject","url":968185,"@id":"https:\/\/www.eldigitaldeasturias.com\/noticias\/se-constituye-la-comision-ejecutiva-de-la-conmemoracion-de-500-anos-de-la-primera-vuelta-al-mundo\/#mainImage"},"primaryImageOfPage":{"@id":"https:\/\/www.eldigitaldeasturias.com\/noticias\/se-constituye-la-comision-ejecutiva-de-la-conmemoracion-de-500-anos-de-la-primera-vuelta-al-mundo\/#mainImage"},"datePublished":"2018-02-07T17:26:52+01:00","dateModified":"2018-02-07T17:26:52+01:00"},{"@type":"WebSite","@id":"https:\/\/www.eldigitaldeasturias.com\/noticias\/#website","url":"https:\/\/www.eldigitaldeasturias.com\/noticias\/","name":"El Digital de Asturias - Diario de actualidad y noticias","alternateName":"El Digital de Asturias - Diario de actualidad y noticias","description":"Hemeroteca","inLanguage":"es-ES","publisher":{"@id":"https:\/\/www.eldigitaldeasturias.com\/noticias\/#organization"}}]},"og:locale":"es_ES","og:site_name":"El Digital de Asturias","og:type":"article","og:title":"Se constituye la Comisi\u00f3n Ejecutiva de la conmemoraci\u00f3n de \u2018500 A\u00f1os de la Primera Vuelta al Mundo\u2019 - El Digital de Asturias","og:description":"Se ha celebrado en la Secretar\u00eda de Estado de Cultura la reuni\u00f3n constitutiva de la Comisi\u00f3n Ejecutiva para la conmemoraci\u00f3n del 'V Centenario de la expedici\u00f3n de la primera vuelta al mundo de Fernando de Magallanes y Juan Sebasti\u00e1n Elcano'. \u200bEn esta primera reuni\u00f3n la Comisi\u00f3n ha aprobado la articulaci\u00f3n del programa de actividades de","og:url":"https:\/\/www.eldigitaldeasturias.com\/noticias\/se-constituye-la-comision-ejecutiva-de-la-conmemoracion-de-500-anos-de-la-primera-vuelta-al-mundo\/","article:tag":["actualidad"],"article:published_time":"2018-02-07T17:26:52+00:00","article:modified_time":"2018-02-07T17:26:52+00:00","article:publisher":"https:\/\/facebook.com\/eldigitaldeasturias","twitter:card":"summary_large_image","twitter:title":"Se constituye la Comisi\u00f3n Ejecutiva de la conmemoraci\u00f3n de \u2018500 A\u00f1os de la Primera Vuelta al Mundo\u2019 - El Digital de Asturias","twitter:description":"Se ha celebrado en la Secretar\u00eda de Estado de Cultura la reuni\u00f3n constitutiva de la Comisi\u00f3n Ejecutiva para la conmemoraci\u00f3n del 'V Centenario de la expedici\u00f3n de la primera vuelta al mundo de Fernando de Magallanes y Juan Sebasti\u00e1n Elcano'. \u200bEn esta primera reuni\u00f3n la Comisi\u00f3n ha aprobado la articulaci\u00f3n del programa de actividades de","twitter:image":"https:\/\/www.eldigitaldeasturias.com\/noticias\/wp-content\/uploads\/2020\/12\/EDA-1.jpg","twitter:label1":"Escrito por","twitter:data1":"El Digital de Asturias","twitter:label2":"Tiempo de lectura estimado","twitter:data2":"4 minutos"},"aioseo_meta_data":{"post_id":"968184","title":null,"description":null,"keywords":null,"keyphrases":null,"primary_term":null,"canonical_url":null,"og_title":null,"og_description":null,"og_object_type":"default","og_image_type":"default","og_image_url":null,"og_image_width":null,"og_image_height":null,"og_image_custom_url":null,"og_image_custom_fields":null,"og_video":null,"og_custom_url":null,"og_article_section":null,"og_article_tags":null,"twitter_use_og":false,"twitter_card":"default","twitter_image_type":"default","twitter_image_url":null,"twitter_image_custom_url":null,"twitter_image_custom_fields":null,"twitter_title":null,"twitter_description":null,"schema":{"blockGraphs":[],"customGraphs":[],"default":{"data":{"Article":[],"Course":[],"Dataset":[],"FAQPage":[],"Movie":[],"Person":[],"Product":[],"ProductReview":[],"Car":[],"Recipe":[],"Service":[],"SoftwareApplication":[],"WebPage":[]},"graphName":"","isEnabled":true},"graphs":[],"defaultGraph":"","defaultPostTypeGraph":""},"schema_type":null,"schema_type_options":null,"pillar_content":false,"robots_default":true,"robots_noindex":false,"robots_noarchive":false,"robots_nosnippet":false,"robots_nofollow":false,"robots_noimageindex":false,"robots_noodp":false,"robots_notranslate":false,"robots_max_snippet":null,"robots_max_videopreview":null,"robots_max_imagepreview":"large","priority":null,"frequency":null,"local_seo":null,"seo_analyzer_scan_date":"2025-10-06 21:39:15","breadcrumb_settings":null,"limit_modified_date":false,"open_ai":null,"ai":null,"created":"2020-12-21 12:30:39","updated":"2025-10-06 21:39:15","focus_keyword":null,"additional_keywords":null,"truseo_locale":null},"aioseo_breadcrumb":"<div class=\"aioseo-breadcrumbs\"><span class=\"aioseo-breadcrumb\">\n\t<a href=\"https:\/\/www.eldigitaldeasturias.com\/noticias\" title=\"Home\">Home<\/a>\n<\/span><span class=\"aioseo-breadcrumb-separator\">\u2013<\/span><span class=\"aioseo-breadcrumb\">\n\t<a href=\"https:\/\/www.eldigitaldeasturias.com\/noticias\/category\/actualidad\/\" title=\"Actualidad\">Actualidad<\/a>\n<\/span><span class=\"aioseo-breadcrumb-separator\">\u2013<\/span><span class=\"aioseo-breadcrumb\">\n\t<a href=\"https:\/\/www.eldigitaldeasturias.com\/noticias\/se-constituye-la-comision-ejecutiva-de-la-conmemoracion-de-500-anos-de-la-primera-vuelta-al-mundo\/\" title=\"Se constituye la Comisi\u00f3n Ejecutiva de la conmemoraci\u00f3n de \u2018500 A\u00f1os de la Primera Vuelta al Mundo\u2019\">Se constituye la Comisi\u00f3n Ejecutiva de la conmemoraci\u00f3n de \u2018500 A\u00f1os de la Primera Vuelta al Mundo\u2019<\/a>\n<\/span><\/div>","aioseo_breadcrumb_json":[{"label":"Home","link":"https:\/\/www.eldigitaldeasturias.com\/noticias"},{"label":"Actualidad","link":"https:\/\/www.eldigitaldeasturias.com\/noticias\/category\/actualidad\/"},{"label":"Se constituye la Comisi\u00f3n Ejecutiva de la conmemoraci\u00f3n de &#8216;500 A\u00f1os de la Primera Vuelta al Mundo&#8217;","link":"https:\/\/www.eldigitaldeasturias.com\/noticias\/se-constituye-la-comision-ejecutiva-de-la-conmemoracion-de-500-anos-de-la-primera-vuelta-al-mundo\/"}],"_links":{"self":[{"href":"https:\/\/www.eldigitaldeasturias.com\/noticias\/wp-json\/wp\/v2\/posts\/968184","targetHints":{"allow":["GET"]}}],"collection":[{"href":"https:\/\/www.eldigitaldeasturias.com\/noticias\/wp-json\/wp\/v2\/posts"}],"about":[{"href":"https:\/\/www.eldigitaldeasturias.com\/noticias\/wp-json\/wp\/v2\/types\/post"}],"author":[{"embeddable":true,"href":"https:\/\/www.eldigitaldeasturias.com\/noticias\/wp-json\/wp\/v2\/users\/1"}],"replies":[{"embeddable":true,"href":"https:\/\/www.eldigitaldeasturias.com\/noticias\/wp-json\/wp\/v2\/comments?post=968184"}],"version-history":[{"count":0,"href":"https:\/\/www.eldigitaldeasturias.com\/noticias\/wp-json\/wp\/v2\/posts\/968184\/revisions"}],"wp:attachment":[{"href":"https:\/\/www.eldigitaldeasturias.com\/noticias\/wp-json\/wp\/v2\/media?parent=968184"}],"wp:term":[{"taxonomy":"category","embeddable":true,"href":"https:\/\/www.eldigitaldeasturias.com\/noticias\/wp-json\/wp\/v2\/categories?post=968184"},{"taxonomy":"post_tag","embeddable":true,"href":"https:\/\/www.eldigitaldeasturias.com\/noticias\/wp-json\/wp\/v2\/tags?post=968184"}],"curies":[{"name":"wp","href":"https:\/\/api.w.org\/{rel}","templated":true}]}}