{"id":968181,"date":"2018-02-07T17:25:02","date_gmt":"2018-02-07T17:25:02","guid":{"rendered":"http:\/\/www.eldigitaldeasturias.com\/noticias\/?p=968181"},"modified":"2018-02-07T17:25:02","modified_gmt":"2018-02-07T17:25:02","slug":"mendez-de-vigo-defiende-una-carrera-profesional-basada-en-principios-de-merito-capacidad-y-sujeta-a-evaluacion","status":"publish","type":"post","link":"https:\/\/www.eldigitaldeasturias.com\/noticias\/mendez-de-vigo-defiende-una-carrera-profesional-basada-en-principios-de-merito-capacidad-y-sujeta-a-evaluacion\/","title":{"rendered":"M\u00e9ndez de Vigo defiende una carrera profesional \u00abbasada en principios de m\u00e9rito, capacidad y sujeta a evaluaci\u00f3n\u00bb"},"content":{"rendered":"<p><img loading=\"lazy\" decoding=\"async\" class=\"alignleft size-medium wp-image-968182\" src=\"https:\/\/www.eldigitaldeasturias.com\/noticias\/wp-content\/uploads\/2018\/02\/04112016_M\u00e9ndezDeVigo-360x239.jpg\" alt=\"\" width=\"360\" height=\"239\" \/>El ministro de Educaci\u00f3n, Cultura y Deporte ha defendido la necesidad de poner en marcha en Espa\u00f1a el MIR educativo, ya que \u00abpara atraer a los mejores profesionales hacia esta profesi\u00f3n, el sistema de acceso debe ser estable, permanente y previsible, con una carrera profesional basada en los principios de m\u00e9rito y capacidad y sujeta a evaluaci\u00f3n\u00bb.<\/p>\n<p>As\u00ed lo ha dicho en el Congreso de los Diputados, donde ha defendido que el aspecto m\u00e1s importante, que no el \u00fanico, para mejorar el rendimiento educativo \u00abes la calidad y formaci\u00f3n del profesorado\u00bb.<\/p>\n<p>\u00cd\u00f1igo M\u00e9ndez de Vigo ha recordado que las Conclusiones del Consejo de la Uni\u00f3n Europea del 20 de mayo de 2014 piden a los Estados miembros que &#8216;garantice que los programas de formaci\u00f3n inicial de docentes establezcan oportunidades para que los futuros docentes adquieran todas las competencias pertinentes necesarias para iniciar con \u00e9xito sus vidas profesionales&#8217;. De la misma manera, ha aludido a las recomendaciones de la OCDE que dicen que &#8216;el \u00e9xito en los sistemas educativos de calidad combina el aprendizaje de los profesores en las universidades con las pr\u00e1cticas y la experiencia real en las escuelas&#8217;.<\/p>\n<p>Por todo ello, M\u00e9ndez de Vigo ha defendido la necesidad de \u00abapostar por una mejor formaci\u00f3n y captaci\u00f3n de talento\u00bb.<\/p>\n<p>El ministro de Educaci\u00f3n, Cultura y Deporte ha subrayado que la propuesta es la puesta en marcha de un programa de formaci\u00f3n pr\u00e1ctica tutorizada con una duraci\u00f3n de dos a\u00f1os (MIR educativo), donde se evaluar\u00e1n tanto los conocimientos como las aptitudes docentes una vez superada la fase de formaci\u00f3n pr\u00e1ctica.<\/p>\n<p>Una vez superada la formaci\u00f3n inicial de Grado y Master de profesorado, se establecer\u00eda una primera prueba selectiva que objetivamente eval\u00fae los conocimientos as\u00ed como otros aspectos ligados con la actividad educativa.<\/p>\n<p>M\u00e9ndez de Vigo ha asegurado que para mejorar la formaci\u00f3n inicial de los profesores no universitarios \u00abnos hemos inspirado en un modelo de \u00e9xito: el MIR sanitario; la formaci\u00f3n de los m\u00e9dicos espa\u00f1oles, una de las mejores del mundo\u00bb.<\/p>\n","protected":false},"excerpt":{"rendered":"<p>El ministro de Educaci\u00f3n, Cultura y Deporte ha defendido la necesidad de poner en marcha en Espa\u00f1a el MIR educativo, ya que \u00abpara atraer a los mejores profesionales hacia esta profesi\u00f3n, el sistema de acceso debe ser estable, permanente y previsible, con una carrera profesional basada en los principios de m\u00e9rito y capacidad y sujeta [&hellip;]<\/p>\n","protected":false},"author":1,"featured_media":968182,"comment_status":"closed","ping_status":"closed","sticky":false,"template":"","format":"standard","meta":{"footnotes":""},"categories":[1],"tags":[],"class_list":["post-968181","post","type-post","status-publish","format-standard","has-post-thumbnail","hentry","category-actualidad"],"aioseo_notices":[],"aioseo_head":"\n\t\t<!-- All in One SEO Pro 5.0.1 - aioseo.com -->\n\t<meta name=\"description\" content=\"El ministro de Educaci\u00f3n, Cultura y Deporte ha defendido la necesidad de poner en marcha en Espa\u00f1a el MIR educativo, ya que &quot;para atraer a los mejores profesionales hacia esta profesi\u00f3n, el sistema de acceso debe ser estable, permanente y previsible, con una carrera profesional basada en los principios de m\u00e9rito y capacidad y sujeta\" \/>\n\t<meta name=\"robots\" content=\"max-image-preview:large\" \/>\n\t<meta name=\"author\" content=\"El Digital de Asturias\"\/>\n\t<meta name=\"google-site-verification\" content=\"UA-38556648-1\" \/>\n\t<meta name=\"msvalidate.01\" content=\"7dfe9f3f1b24437ab69f4f2559babe99\" \/>\n\t<meta name=\"keywords\" content=\"actualidad\" \/>\n\t<link rel=\"canonical\" href=\"https:\/\/www.eldigitaldeasturias.com\/noticias\/mendez-de-vigo-defiende-una-carrera-profesional-basada-en-principios-de-merito-capacidad-y-sujeta-a-evaluacion\/\" \/>\n\t<meta name=\"generator\" content=\"All in One SEO Pro (AIOSEO) 5.0.1\" \/>\n\t\t<meta property=\"og:locale\" content=\"es_ES\" \/>\n\t\t<meta property=\"og:site_name\" content=\"El Digital de Asturias\" \/>\n\t\t<meta property=\"og:type\" content=\"article\" \/>\n\t\t<meta property=\"og:title\" content=\"M\u00e9ndez de Vigo defiende una carrera profesional \u00abbasada en principios de m\u00e9rito, capacidad y sujeta a evaluaci\u00f3n\u00bb - El Digital de Asturias\" \/>\n\t\t<meta property=\"og:description\" content=\"El ministro de Educaci\u00f3n, Cultura y Deporte ha defendido la necesidad de poner en marcha en Espa\u00f1a el MIR educativo, ya que &quot;para atraer a los mejores profesionales hacia esta profesi\u00f3n, el sistema de acceso debe ser estable, permanente y previsible, con una carrera profesional basada en los principios de m\u00e9rito y capacidad y sujeta\" \/>\n\t\t<meta property=\"og:url\" content=\"https:\/\/www.eldigitaldeasturias.com\/noticias\/mendez-de-vigo-defiende-una-carrera-profesional-basada-en-principios-de-merito-capacidad-y-sujeta-a-evaluacion\/\" \/>\n\t\t<meta property=\"article:tag\" content=\"actualidad\" \/>\n\t\t<meta property=\"article:published_time\" content=\"2018-02-07T17:25:02+00:00\" \/>\n\t\t<meta property=\"article:modified_time\" content=\"2018-02-07T17:25:02+00:00\" \/>\n\t\t<meta property=\"article:publisher\" content=\"https:\/\/facebook.com\/eldigitaldeasturias\" \/>\n\t\t<meta name=\"twitter:card\" content=\"summary_large_image\" \/>\n\t\t<meta name=\"twitter:title\" content=\"M\u00e9ndez de Vigo defiende una carrera profesional \u00abbasada en principios de m\u00e9rito, capacidad y sujeta a evaluaci\u00f3n\u00bb - El Digital de Asturias\" \/>\n\t\t<meta name=\"twitter:description\" content=\"El ministro de Educaci\u00f3n, Cultura y Deporte ha defendido la necesidad de poner en marcha en Espa\u00f1a el MIR educativo, ya que &quot;para atraer a los mejores profesionales hacia esta profesi\u00f3n, el sistema de acceso debe ser estable, permanente y previsible, con una carrera profesional basada en los principios de m\u00e9rito y capacidad y sujeta\" \/>\n\t\t<meta name=\"twitter:image\" content=\"https:\/\/www.eldigitaldeasturias.com\/noticias\/wp-content\/uploads\/2020\/12\/EDA-1.jpg\" \/>\n\t\t<meta name=\"twitter:label1\" content=\"Escrito por\" \/>\n\t\t<meta name=\"twitter:data1\" content=\"El Digital de Asturias\" \/>\n\t\t<meta name=\"twitter:label2\" content=\"Tiempo de lectura estimado\" \/>\n\t\t<meta name=\"twitter:data2\" content=\"2 minutos\" \/>\n\t\t<script type=\"application\/ld+json\" class=\"aioseo-schema\">\n\t\t\t{\"@context\":\"https:\\\/\\\/schema.org\",\"@graph\":[{\"@type\":\"BlogPosting\",\"@id\":\"https:\\\/\\\/www.eldigitaldeasturias.com\\\/noticias\\\/mendez-de-vigo-defiende-una-carrera-profesional-basada-en-principios-de-merito-capacidad-y-sujeta-a-evaluacion\\\/#blogposting\",\"name\":\"M\\u00e9ndez de Vigo defiende una carrera profesional \\u00abbasada en principios de m\\u00e9rito, capacidad y sujeta a evaluaci\\u00f3n\\u00bb - El Digital de Asturias\",\"headline\":\"M\\u00e9ndez de Vigo defiende una carrera profesional \\u00abbasada en principios de m\\u00e9rito, capacidad y sujeta a evaluaci\\u00f3n\\u00bb\",\"author\":{\"@id\":\"https:\\\/\\\/www.eldigitaldeasturias.com\\\/noticias\\\/author\\\/admin\\\/#author\"},\"publisher\":{\"@id\":\"https:\\\/\\\/www.eldigitaldeasturias.com\\\/noticias\\\/#organization\"},\"image\":{\"@type\":\"ImageObject\",\"url\":968182},\"datePublished\":\"2018-02-07T17:25:02+01:00\",\"dateModified\":\"2018-02-07T17:25:02+01:00\",\"inLanguage\":\"es-ES\",\"mainEntityOfPage\":{\"@id\":\"https:\\\/\\\/www.eldigitaldeasturias.com\\\/noticias\\\/mendez-de-vigo-defiende-una-carrera-profesional-basada-en-principios-de-merito-capacidad-y-sujeta-a-evaluacion\\\/#webpage\"},\"isPartOf\":{\"@id\":\"https:\\\/\\\/www.eldigitaldeasturias.com\\\/noticias\\\/mendez-de-vigo-defiende-una-carrera-profesional-basada-en-principios-de-merito-capacidad-y-sujeta-a-evaluacion\\\/#webpage\"},\"articleSection\":\"Actualidad\"},{\"@type\":\"BreadcrumbList\",\"@id\":\"https:\\\/\\\/www.eldigitaldeasturias.com\\\/noticias\\\/mendez-de-vigo-defiende-una-carrera-profesional-basada-en-principios-de-merito-capacidad-y-sujeta-a-evaluacion\\\/#breadcrumblist\",\"itemListElement\":[{\"@type\":\"ListItem\",\"@id\":\"https:\\\/\\\/www.eldigitaldeasturias.com\\\/noticias#listItem\",\"position\":1,\"name\":\"Home\",\"item\":\"https:\\\/\\\/www.eldigitaldeasturias.com\\\/noticias\",\"nextItem\":{\"@type\":\"ListItem\",\"@id\":\"https:\\\/\\\/www.eldigitaldeasturias.com\\\/noticias\\\/category\\\/actualidad\\\/#listItem\",\"name\":\"Actualidad\"}},{\"@type\":\"ListItem\",\"@id\":\"https:\\\/\\\/www.eldigitaldeasturias.com\\\/noticias\\\/category\\\/actualidad\\\/#listItem\",\"position\":2,\"name\":\"Actualidad\",\"item\":\"https:\\\/\\\/www.eldigitaldeasturias.com\\\/noticias\\\/category\\\/actualidad\\\/\",\"nextItem\":{\"@type\":\"ListItem\",\"@id\":\"https:\\\/\\\/www.eldigitaldeasturias.com\\\/noticias\\\/mendez-de-vigo-defiende-una-carrera-profesional-basada-en-principios-de-merito-capacidad-y-sujeta-a-evaluacion\\\/#listItem\",\"name\":\"M\\u00e9ndez de Vigo defiende una carrera profesional \\u00abbasada en principios de m\\u00e9rito, capacidad y sujeta a evaluaci\\u00f3n\\u00bb\"},\"previousItem\":{\"@type\":\"ListItem\",\"@id\":\"https:\\\/\\\/www.eldigitaldeasturias.com\\\/noticias#listItem\",\"name\":\"Home\"}},{\"@type\":\"ListItem\",\"@id\":\"https:\\\/\\\/www.eldigitaldeasturias.com\\\/noticias\\\/mendez-de-vigo-defiende-una-carrera-profesional-basada-en-principios-de-merito-capacidad-y-sujeta-a-evaluacion\\\/#listItem\",\"position\":3,\"name\":\"M\\u00e9ndez de Vigo defiende una carrera profesional \\u00abbasada en principios de m\\u00e9rito, capacidad y sujeta a evaluaci\\u00f3n\\u00bb\",\"previousItem\":{\"@type\":\"ListItem\",\"@id\":\"https:\\\/\\\/www.eldigitaldeasturias.com\\\/noticias\\\/category\\\/actualidad\\\/#listItem\",\"name\":\"Actualidad\"}}]},{\"@type\":\"Organization\",\"@id\":\"https:\\\/\\\/www.eldigitaldeasturias.com\\\/noticias\\\/#organization\",\"name\":\"El Digital de Asturias\",\"description\":\"Hemeroteca\",\"url\":\"https:\\\/\\\/www.eldigitaldeasturias.com\\\/noticias\\\/\",\"email\":\"info@eldigitaldeasturias.com\",\"telephone\":\"+34652131393\",\"logo\":{\"@type\":\"ImageObject\",\"url\":\"https:\\\/\\\/www.eldigitaldeasturias.com\\\/noticias\\\/wp-content\\\/uploads\\\/2020\\\/12\\\/EDA.jpg\",\"@id\":\"https:\\\/\\\/www.eldigitaldeasturias.com\\\/noticias\\\/mendez-de-vigo-defiende-una-carrera-profesional-basada-en-principios-de-merito-capacidad-y-sujeta-a-evaluacion\\\/#organizationLogo\"},\"image\":{\"@id\":\"https:\\\/\\\/www.eldigitaldeasturias.com\\\/noticias\\\/mendez-de-vigo-defiende-una-carrera-profesional-basada-en-principios-de-merito-capacidad-y-sujeta-a-evaluacion\\\/#organizationLogo\"},\"sameAs\":[\"https:\\\/\\\/facebook.com\\\/eldigitaldeasturias\",\"https:\\\/\\\/www.youtube.com\\\/channel\\\/UCZP-2wLEB9Rv6erhFmqVnvg\"],\"address\":{\"@id\":\"https:\\\/\\\/www.eldigitaldeasturias.com\\\/noticias\\\/#postaladdress\",\"@type\":\"PostalAddress\",\"streetAddress\":\"san antonio 4\",\"postalCode\":\"33430\",\"addressLocality\":\"Cand\\u00e1s\",\"addressRegion\":\"Asturias\",\"addressCountry\":\"ES\"}},{\"@type\":\"Person\",\"@id\":\"https:\\\/\\\/www.eldigitaldeasturias.com\\\/noticias\\\/author\\\/admin\\\/#author\",\"url\":\"https:\\\/\\\/www.eldigitaldeasturias.com\\\/noticias\\\/author\\\/admin\\\/\",\"name\":\"El Digital de Asturias\",\"image\":{\"@type\":\"ImageObject\",\"@id\":\"https:\\\/\\\/www.eldigitaldeasturias.com\\\/noticias\\\/mendez-de-vigo-defiende-una-carrera-profesional-basada-en-principios-de-merito-capacidad-y-sujeta-a-evaluacion\\\/#authorImage\",\"url\":\"https:\\\/\\\/secure.gravatar.com\\\/avatar\\\/df2aeffc32bcd13f8d26072ef8a91b623d677766deac7f97ca815868cd41bf5e?s=96&d=mm&r=g\",\"width\":96,\"height\":96,\"caption\":\"El Digital de Asturias\"}},{\"@type\":\"WebPage\",\"@id\":\"https:\\\/\\\/www.eldigitaldeasturias.com\\\/noticias\\\/mendez-de-vigo-defiende-una-carrera-profesional-basada-en-principios-de-merito-capacidad-y-sujeta-a-evaluacion\\\/#webpage\",\"url\":\"https:\\\/\\\/www.eldigitaldeasturias.com\\\/noticias\\\/mendez-de-vigo-defiende-una-carrera-profesional-basada-en-principios-de-merito-capacidad-y-sujeta-a-evaluacion\\\/\",\"name\":\"M\\u00e9ndez de Vigo defiende una carrera profesional \\u00abbasada en principios de m\\u00e9rito, capacidad y sujeta a evaluaci\\u00f3n\\u00bb - El Digital de Asturias\",\"description\":\"El ministro de Educaci\\u00f3n, Cultura y Deporte ha defendido la necesidad de poner en marcha en Espa\\u00f1a el MIR educativo, ya que \\\"para atraer a los mejores profesionales hacia esta profesi\\u00f3n, el sistema de acceso debe ser estable, permanente y previsible, con una carrera profesional basada en los principios de m\\u00e9rito y capacidad y sujeta\",\"inLanguage\":\"es-ES\",\"isPartOf\":{\"@id\":\"https:\\\/\\\/www.eldigitaldeasturias.com\\\/noticias\\\/#website\"},\"breadcrumb\":{\"@id\":\"https:\\\/\\\/www.eldigitaldeasturias.com\\\/noticias\\\/mendez-de-vigo-defiende-una-carrera-profesional-basada-en-principios-de-merito-capacidad-y-sujeta-a-evaluacion\\\/#breadcrumblist\"},\"author\":{\"@id\":\"https:\\\/\\\/www.eldigitaldeasturias.com\\\/noticias\\\/author\\\/admin\\\/#author\"},\"creator\":{\"@id\":\"https:\\\/\\\/www.eldigitaldeasturias.com\\\/noticias\\\/author\\\/admin\\\/#author\"},\"image\":{\"@type\":\"ImageObject\",\"url\":968182,\"@id\":\"https:\\\/\\\/www.eldigitaldeasturias.com\\\/noticias\\\/mendez-de-vigo-defiende-una-carrera-profesional-basada-en-principios-de-merito-capacidad-y-sujeta-a-evaluacion\\\/#mainImage\"},\"primaryImageOfPage\":{\"@id\":\"https:\\\/\\\/www.eldigitaldeasturias.com\\\/noticias\\\/mendez-de-vigo-defiende-una-carrera-profesional-basada-en-principios-de-merito-capacidad-y-sujeta-a-evaluacion\\\/#mainImage\"},\"datePublished\":\"2018-02-07T17:25:02+01:00\",\"dateModified\":\"2018-02-07T17:25:02+01:00\"},{\"@type\":\"WebSite\",\"@id\":\"https:\\\/\\\/www.eldigitaldeasturias.com\\\/noticias\\\/#website\",\"url\":\"https:\\\/\\\/www.eldigitaldeasturias.com\\\/noticias\\\/\",\"name\":\"El Digital de Asturias - Diario de actualidad y noticias\",\"alternateName\":\"El Digital de Asturias - Diario de actualidad y noticias\",\"description\":\"Hemeroteca\",\"inLanguage\":\"es-ES\",\"publisher\":{\"@id\":\"https:\\\/\\\/www.eldigitaldeasturias.com\\\/noticias\\\/#organization\"}}]}\n\t\t<\/script>\n\t\t<!-- All in One SEO Pro -->\r\n\t\t<title>M\u00e9ndez de Vigo defiende una carrera profesional \u00abbasada en principios de m\u00e9rito, capacidad y sujeta a evaluaci\u00f3n\u00bb - El Digital de Asturias<\/title>\n\n","aioseo_head_json":{"title":"M\u00e9ndez de Vigo defiende una carrera profesional \u00abbasada en principios de m\u00e9rito, capacidad y sujeta a evaluaci\u00f3n\u00bb - El Digital de Asturias","description":"El ministro de Educaci\u00f3n, Cultura y Deporte ha defendido la necesidad de poner en marcha en Espa\u00f1a el MIR educativo, ya que \"para atraer a los mejores profesionales hacia esta profesi\u00f3n, el sistema de acceso debe ser estable, permanente y previsible, con una carrera profesional basada en los principios de m\u00e9rito y capacidad y sujeta","canonical_url":"https:\/\/www.eldigitaldeasturias.com\/noticias\/mendez-de-vigo-defiende-una-carrera-profesional-basada-en-principios-de-merito-capacidad-y-sujeta-a-evaluacion\/","robots":"max-image-preview:large","keywords":"actualidad","webmasterTools":{"google-site-verification":"UA-38556648-1","msvalidate.01":"7dfe9f3f1b24437ab69f4f2559babe99","miscellaneous":""},"schema":{"@context":"https:\/\/schema.org","@graph":[{"@type":"BlogPosting","@id":"https:\/\/www.eldigitaldeasturias.com\/noticias\/mendez-de-vigo-defiende-una-carrera-profesional-basada-en-principios-de-merito-capacidad-y-sujeta-a-evaluacion\/#blogposting","name":"M\u00e9ndez de Vigo defiende una carrera profesional \u00abbasada en principios de m\u00e9rito, capacidad y sujeta a evaluaci\u00f3n\u00bb - El Digital de Asturias","headline":"M\u00e9ndez de Vigo defiende una carrera profesional \u00abbasada en principios de m\u00e9rito, capacidad y sujeta a evaluaci\u00f3n\u00bb","author":{"@id":"https:\/\/www.eldigitaldeasturias.com\/noticias\/author\/admin\/#author"},"publisher":{"@id":"https:\/\/www.eldigitaldeasturias.com\/noticias\/#organization"},"image":{"@type":"ImageObject","url":968182},"datePublished":"2018-02-07T17:25:02+01:00","dateModified":"2018-02-07T17:25:02+01:00","inLanguage":"es-ES","mainEntityOfPage":{"@id":"https:\/\/www.eldigitaldeasturias.com\/noticias\/mendez-de-vigo-defiende-una-carrera-profesional-basada-en-principios-de-merito-capacidad-y-sujeta-a-evaluacion\/#webpage"},"isPartOf":{"@id":"https:\/\/www.eldigitaldeasturias.com\/noticias\/mendez-de-vigo-defiende-una-carrera-profesional-basada-en-principios-de-merito-capacidad-y-sujeta-a-evaluacion\/#webpage"},"articleSection":"Actualidad"},{"@type":"BreadcrumbList","@id":"https:\/\/www.eldigitaldeasturias.com\/noticias\/mendez-de-vigo-defiende-una-carrera-profesional-basada-en-principios-de-merito-capacidad-y-sujeta-a-evaluacion\/#breadcrumblist","itemListElement":[{"@type":"ListItem","@id":"https:\/\/www.eldigitaldeasturias.com\/noticias#listItem","position":1,"name":"Home","item":"https:\/\/www.eldigitaldeasturias.com\/noticias","nextItem":{"@type":"ListItem","@id":"https:\/\/www.eldigitaldeasturias.com\/noticias\/category\/actualidad\/#listItem","name":"Actualidad"}},{"@type":"ListItem","@id":"https:\/\/www.eldigitaldeasturias.com\/noticias\/category\/actualidad\/#listItem","position":2,"name":"Actualidad","item":"https:\/\/www.eldigitaldeasturias.com\/noticias\/category\/actualidad\/","nextItem":{"@type":"ListItem","@id":"https:\/\/www.eldigitaldeasturias.com\/noticias\/mendez-de-vigo-defiende-una-carrera-profesional-basada-en-principios-de-merito-capacidad-y-sujeta-a-evaluacion\/#listItem","name":"M\u00e9ndez de Vigo defiende una carrera profesional \u00abbasada en principios de m\u00e9rito, capacidad y sujeta a evaluaci\u00f3n\u00bb"},"previousItem":{"@type":"ListItem","@id":"https:\/\/www.eldigitaldeasturias.com\/noticias#listItem","name":"Home"}},{"@type":"ListItem","@id":"https:\/\/www.eldigitaldeasturias.com\/noticias\/mendez-de-vigo-defiende-una-carrera-profesional-basada-en-principios-de-merito-capacidad-y-sujeta-a-evaluacion\/#listItem","position":3,"name":"M\u00e9ndez de Vigo defiende una carrera profesional \u00abbasada en principios de m\u00e9rito, capacidad y sujeta a evaluaci\u00f3n\u00bb","previousItem":{"@type":"ListItem","@id":"https:\/\/www.eldigitaldeasturias.com\/noticias\/category\/actualidad\/#listItem","name":"Actualidad"}}]},{"@type":"Organization","@id":"https:\/\/www.eldigitaldeasturias.com\/noticias\/#organization","name":"El Digital de Asturias","description":"Hemeroteca","url":"https:\/\/www.eldigitaldeasturias.com\/noticias\/","email":"info@eldigitaldeasturias.com","telephone":"+34652131393","logo":{"@type":"ImageObject","url":"https:\/\/www.eldigitaldeasturias.com\/noticias\/wp-content\/uploads\/2020\/12\/EDA.jpg","@id":"https:\/\/www.eldigitaldeasturias.com\/noticias\/mendez-de-vigo-defiende-una-carrera-profesional-basada-en-principios-de-merito-capacidad-y-sujeta-a-evaluacion\/#organizationLogo"},"image":{"@id":"https:\/\/www.eldigitaldeasturias.com\/noticias\/mendez-de-vigo-defiende-una-carrera-profesional-basada-en-principios-de-merito-capacidad-y-sujeta-a-evaluacion\/#organizationLogo"},"sameAs":["https:\/\/facebook.com\/eldigitaldeasturias","https:\/\/www.youtube.com\/channel\/UCZP-2wLEB9Rv6erhFmqVnvg"],"address":{"@id":"https:\/\/www.eldigitaldeasturias.com\/noticias\/#postaladdress","@type":"PostalAddress","streetAddress":"san antonio 4","postalCode":"33430","addressLocality":"Cand\u00e1s","addressRegion":"Asturias","addressCountry":"ES"}},{"@type":"Person","@id":"https:\/\/www.eldigitaldeasturias.com\/noticias\/author\/admin\/#author","url":"https:\/\/www.eldigitaldeasturias.com\/noticias\/author\/admin\/","name":"El Digital de Asturias","image":{"@type":"ImageObject","@id":"https:\/\/www.eldigitaldeasturias.com\/noticias\/mendez-de-vigo-defiende-una-carrera-profesional-basada-en-principios-de-merito-capacidad-y-sujeta-a-evaluacion\/#authorImage","url":"https:\/\/secure.gravatar.com\/avatar\/df2aeffc32bcd13f8d26072ef8a91b623d677766deac7f97ca815868cd41bf5e?s=96&d=mm&r=g","width":96,"height":96,"caption":"El Digital de Asturias"}},{"@type":"WebPage","@id":"https:\/\/www.eldigitaldeasturias.com\/noticias\/mendez-de-vigo-defiende-una-carrera-profesional-basada-en-principios-de-merito-capacidad-y-sujeta-a-evaluacion\/#webpage","url":"https:\/\/www.eldigitaldeasturias.com\/noticias\/mendez-de-vigo-defiende-una-carrera-profesional-basada-en-principios-de-merito-capacidad-y-sujeta-a-evaluacion\/","name":"M\u00e9ndez de Vigo defiende una carrera profesional \u00abbasada en principios de m\u00e9rito, capacidad y sujeta a evaluaci\u00f3n\u00bb - El Digital de Asturias","description":"El ministro de Educaci\u00f3n, Cultura y Deporte ha defendido la necesidad de poner en marcha en Espa\u00f1a el MIR educativo, ya que \"para atraer a los mejores profesionales hacia esta profesi\u00f3n, el sistema de acceso debe ser estable, permanente y previsible, con una carrera profesional basada en los principios de m\u00e9rito y capacidad y sujeta","inLanguage":"es-ES","isPartOf":{"@id":"https:\/\/www.eldigitaldeasturias.com\/noticias\/#website"},"breadcrumb":{"@id":"https:\/\/www.eldigitaldeasturias.com\/noticias\/mendez-de-vigo-defiende-una-carrera-profesional-basada-en-principios-de-merito-capacidad-y-sujeta-a-evaluacion\/#breadcrumblist"},"author":{"@id":"https:\/\/www.eldigitaldeasturias.com\/noticias\/author\/admin\/#author"},"creator":{"@id":"https:\/\/www.eldigitaldeasturias.com\/noticias\/author\/admin\/#author"},"image":{"@type":"ImageObject","url":968182,"@id":"https:\/\/www.eldigitaldeasturias.com\/noticias\/mendez-de-vigo-defiende-una-carrera-profesional-basada-en-principios-de-merito-capacidad-y-sujeta-a-evaluacion\/#mainImage"},"primaryImageOfPage":{"@id":"https:\/\/www.eldigitaldeasturias.com\/noticias\/mendez-de-vigo-defiende-una-carrera-profesional-basada-en-principios-de-merito-capacidad-y-sujeta-a-evaluacion\/#mainImage"},"datePublished":"2018-02-07T17:25:02+01:00","dateModified":"2018-02-07T17:25:02+01:00"},{"@type":"WebSite","@id":"https:\/\/www.eldigitaldeasturias.com\/noticias\/#website","url":"https:\/\/www.eldigitaldeasturias.com\/noticias\/","name":"El Digital de Asturias - Diario de actualidad y noticias","alternateName":"El Digital de Asturias - Diario de actualidad y noticias","description":"Hemeroteca","inLanguage":"es-ES","publisher":{"@id":"https:\/\/www.eldigitaldeasturias.com\/noticias\/#organization"}}]},"og:locale":"es_ES","og:site_name":"El Digital de Asturias","og:type":"article","og:title":"M\u00e9ndez de Vigo defiende una carrera profesional \u00abbasada en principios de m\u00e9rito, capacidad y sujeta a evaluaci\u00f3n\u00bb - El Digital de Asturias","og:description":"El ministro de Educaci\u00f3n, Cultura y Deporte ha defendido la necesidad de poner en marcha en Espa\u00f1a el MIR educativo, ya que &quot;para atraer a los mejores profesionales hacia esta profesi\u00f3n, el sistema de acceso debe ser estable, permanente y previsible, con una carrera profesional basada en los principios de m\u00e9rito y capacidad y sujeta","og:url":"https:\/\/www.eldigitaldeasturias.com\/noticias\/mendez-de-vigo-defiende-una-carrera-profesional-basada-en-principios-de-merito-capacidad-y-sujeta-a-evaluacion\/","article:tag":["actualidad"],"article:published_time":"2018-02-07T17:25:02+00:00","article:modified_time":"2018-02-07T17:25:02+00:00","article:publisher":"https:\/\/facebook.com\/eldigitaldeasturias","twitter:card":"summary_large_image","twitter:title":"M\u00e9ndez de Vigo defiende una carrera profesional \u00abbasada en principios de m\u00e9rito, capacidad y sujeta a evaluaci\u00f3n\u00bb - El Digital de Asturias","twitter:description":"El ministro de Educaci\u00f3n, Cultura y Deporte ha defendido la necesidad de poner en marcha en Espa\u00f1a el MIR educativo, ya que &quot;para atraer a los mejores profesionales hacia esta profesi\u00f3n, el sistema de acceso debe ser estable, permanente y previsible, con una carrera profesional basada en los principios de m\u00e9rito y capacidad y sujeta","twitter:image":"https:\/\/www.eldigitaldeasturias.com\/noticias\/wp-content\/uploads\/2020\/12\/EDA-1.jpg","twitter:label1":"Escrito por","twitter:data1":"El Digital de Asturias","twitter:label2":"Tiempo de lectura estimado","twitter:data2":"2 minutos"},"aioseo_meta_data":{"post_id":"968181","title":null,"description":null,"keywords":null,"keyphrases":null,"primary_term":null,"canonical_url":null,"og_title":null,"og_description":null,"og_object_type":"default","og_image_type":"default","og_image_url":null,"og_image_width":null,"og_image_height":null,"og_image_custom_url":null,"og_image_custom_fields":null,"og_video":null,"og_custom_url":null,"og_article_section":null,"og_article_tags":null,"twitter_use_og":false,"twitter_card":"default","twitter_image_type":"default","twitter_image_url":null,"twitter_image_custom_url":null,"twitter_image_custom_fields":null,"twitter_title":null,"twitter_description":null,"schema":{"blockGraphs":[],"customGraphs":[],"default":{"data":{"Article":[],"Course":[],"Dataset":[],"FAQPage":[],"Movie":[],"Person":[],"Product":[],"ProductReview":[],"Car":[],"Recipe":[],"Service":[],"SoftwareApplication":[],"WebPage":[]},"graphName":"","isEnabled":true},"graphs":[],"defaultGraph":"","defaultPostTypeGraph":""},"schema_type":null,"schema_type_options":null,"pillar_content":false,"robots_default":true,"robots_noindex":false,"robots_noarchive":false,"robots_nosnippet":false,"robots_nofollow":false,"robots_noimageindex":false,"robots_noodp":false,"robots_notranslate":false,"robots_max_snippet":null,"robots_max_videopreview":null,"robots_max_imagepreview":"large","priority":null,"frequency":null,"local_seo":null,"seo_analyzer_scan_date":"2025-10-06 21:39:12","breadcrumb_settings":null,"limit_modified_date":false,"open_ai":null,"ai":null,"created":"2020-12-21 12:30:39","updated":"2025-10-06 21:39:12","focus_keyword":null,"additional_keywords":null,"truseo_locale":null},"aioseo_breadcrumb":"<div class=\"aioseo-breadcrumbs\"><span class=\"aioseo-breadcrumb\">\n\t<a href=\"https:\/\/www.eldigitaldeasturias.com\/noticias\" title=\"Home\">Home<\/a>\n<\/span><span class=\"aioseo-breadcrumb-separator\">\u2013<\/span><span class=\"aioseo-breadcrumb\">\n\t<a href=\"https:\/\/www.eldigitaldeasturias.com\/noticias\/category\/actualidad\/\" title=\"Actualidad\">Actualidad<\/a>\n<\/span><span class=\"aioseo-breadcrumb-separator\">\u2013<\/span><span class=\"aioseo-breadcrumb\">\n\t<a href=\"https:\/\/www.eldigitaldeasturias.com\/noticias\/mendez-de-vigo-defiende-una-carrera-profesional-basada-en-principios-de-merito-capacidad-y-sujeta-a-evaluacion\/\" title=\"M\u00e9ndez de Vigo defiende una carrera profesional \u00abbasada en principios de m\u00e9rito, capacidad y sujeta a evaluaci\u00f3n\u00bb\">M\u00e9ndez de Vigo defiende una carrera profesional \u00abbasada en principios de m\u00e9rito, capacidad y sujeta a evaluaci\u00f3n\u00bb<\/a>\n<\/span><\/div>","aioseo_breadcrumb_json":[{"label":"Home","link":"https:\/\/www.eldigitaldeasturias.com\/noticias"},{"label":"Actualidad","link":"https:\/\/www.eldigitaldeasturias.com\/noticias\/category\/actualidad\/"},{"label":"M\u00e9ndez de Vigo defiende una carrera profesional \u00abbasada en principios de m\u00e9rito, capacidad y sujeta a evaluaci\u00f3n\u00bb","link":"https:\/\/www.eldigitaldeasturias.com\/noticias\/mendez-de-vigo-defiende-una-carrera-profesional-basada-en-principios-de-merito-capacidad-y-sujeta-a-evaluacion\/"}],"_links":{"self":[{"href":"https:\/\/www.eldigitaldeasturias.com\/noticias\/wp-json\/wp\/v2\/posts\/968181","targetHints":{"allow":["GET"]}}],"collection":[{"href":"https:\/\/www.eldigitaldeasturias.com\/noticias\/wp-json\/wp\/v2\/posts"}],"about":[{"href":"https:\/\/www.eldigitaldeasturias.com\/noticias\/wp-json\/wp\/v2\/types\/post"}],"author":[{"embeddable":true,"href":"https:\/\/www.eldigitaldeasturias.com\/noticias\/wp-json\/wp\/v2\/users\/1"}],"replies":[{"embeddable":true,"href":"https:\/\/www.eldigitaldeasturias.com\/noticias\/wp-json\/wp\/v2\/comments?post=968181"}],"version-history":[{"count":0,"href":"https:\/\/www.eldigitaldeasturias.com\/noticias\/wp-json\/wp\/v2\/posts\/968181\/revisions"}],"wp:attachment":[{"href":"https:\/\/www.eldigitaldeasturias.com\/noticias\/wp-json\/wp\/v2\/media?parent=968181"}],"wp:term":[{"taxonomy":"category","embeddable":true,"href":"https:\/\/www.eldigitaldeasturias.com\/noticias\/wp-json\/wp\/v2\/categories?post=968181"},{"taxonomy":"post_tag","embeddable":true,"href":"https:\/\/www.eldigitaldeasturias.com\/noticias\/wp-json\/wp\/v2\/tags?post=968181"}],"curies":[{"name":"wp","href":"https:\/\/api.w.org\/{rel}","templated":true}]}}