{"id":968178,"date":"2018-02-07T17:23:11","date_gmt":"2018-02-07T17:23:11","guid":{"rendered":"http:\/\/www.eldigitaldeasturias.com\/noticias\/?p=968178"},"modified":"2018-02-07T17:23:11","modified_gmt":"2018-02-07T17:23:11","slug":"garcia-tejerina-preside-la-reunion-de-coordinacion-con-las-confederaciones-hidrograficas","status":"publish","type":"post","link":"https:\/\/www.eldigitaldeasturias.com\/noticias\/garcia-tejerina-preside-la-reunion-de-coordinacion-con-las-confederaciones-hidrograficas\/","title":{"rendered":"Garc\u00eda Tejerina preside la reuni\u00f3n de coordinaci\u00f3n con las Confederaciones Hidrogr\u00e1ficas"},"content":{"rendered":"<p><img loading=\"lazy\" decoding=\"async\" class=\"alignleft size-medium wp-image-968179\" src=\"https:\/\/www.eldigitaldeasturias.com\/noticias\/wp-content\/uploads\/2018\/02\/060218Tejerina-_ConfHidrogr\u00e1ficas-360x239.jpg\" alt=\"\" width=\"360\" height=\"239\" \/>La ministra de Agricultura y Pesca, Alimentaci\u00f3n y Medio Ambiente, Isabel Garc\u00eda Tejerina, presidi\u00f3 ayer una reuni\u00f3n de coordinaci\u00f3n con los responsables de las Confederaciones Hidrogr\u00e1ficas de cuenca, dependientes del Ministerio, con el objetivo de evaluar la situaci\u00f3n de cada demarcaci\u00f3n, especialmente por la sequ\u00eda, las medidas y actuaciones que se van desarrollando y las previsiones para este nuevo a\u00f1o.<\/p>\n<p>Al encuentro asistieron los presidentes de todas las Confederaciones (Tajo, Ebro, Duero, Guadalquivir, Guadiana, Mi\u00f1o-Sil, J\u00facar, Segura y Cant\u00e1brico), as\u00ed como el de la Mancomunidad de los Canales del Taibilla. La ministra estuvo acompa\u00f1ada por la secretaria de Estado de Medio Ambiente, Mar\u00eda Garc\u00eda Rodr\u00edguez, y por la directora general del Agua, Liana Ardiles, entre otros altos cargos ministeriales.<\/p>\n<p><strong>Gesti\u00f3n eficiente del agua<\/strong><\/p>\n<p>En la reuni\u00f3n se profundiz\u00f3 en la importancia de garantizar una gesti\u00f3n eficiente del agua, plante\u00e1ndose las actuaciones para avanzar en ese incremento de la m\u00e1xima eficiencia y ahorro de agua, haciendo part\u00edcipes de esta concienciaci\u00f3n a todos los usuarios del agua. En este sentido, se resalt\u00f3 la importancia de intensificar la vigilancia de los consumos y tomar las medidas necesarias en cada cuenca hidrogr\u00e1fica para ordenar mejor los recursos.<\/p>\n<p>Garc\u00eda Tejerina puso en valor la interlocuci\u00f3n de los organismos de cuenca con los usuarios, a trav\u00e9s de las v\u00edas habilitadas por las Confederaciones (juntas de explotaci\u00f3n y comisiones de desembalse), para que conozcan la situaci\u00f3n existente en cada demarcaci\u00f3n en todo momento y puedan colaborar.<\/p>\n<p><strong>Actuar con la m\u00e1xima responsabilidad y celeridad<\/strong><\/p>\n<p>La ministra anim\u00f3 a los presidentes de las Confederaciones Hidrogr\u00e1ficas a seguir actuando con la \u00abm\u00e1xima responsabilidad, anticipaci\u00f3n y celeridad, desde el seguimiento continuo de la situaci\u00f3n para hacer una gesti\u00f3n eficiente del agua\u00bb, y estableciendo como prioridad la resoluci\u00f3n de los problemas derivados de la sequ\u00eda en el marco de la planificaci\u00f3n hidrol\u00f3gica y de los planes de sequ\u00eda (que se encuentran en periodo de informaci\u00f3n p\u00fablica para su actualizaci\u00f3n) de cada demarcaci\u00f3n y con el Pacto Nacional por el Agua en el que ya se est\u00e1 trabajando como objetivo.<\/p>\n<p>Durante el encuentro, se apost\u00f3 por continuar con el seguimiento permanente de la cuenca, la previsi\u00f3n respecto a la pr\u00f3xima campa\u00f1a de riegos y las medidas necesarias para garantizar el suministro del recurso, insistiendo en los principios de anticipaci\u00f3n y prevenci\u00f3n para afrontar esta dif\u00edcil situaci\u00f3n.<\/p>\n<p><strong>Precipitaciones y reserva hidr\u00e1ulica<\/strong><\/p>\n<p>La reuni\u00f3n se produjo tras un mes de enero en que el valor medio nacional de las precipitaciones acumuladas (desde el 1 de octubre de 2017 hasta el 30 de enero de 2018) ha sido de 198,1 mm, lo que representa un 33,7% menos que el valor normal correspondiente a dicho periodo (298,6 mm).<\/p>\n<p>Las cantidades acumuladas se encuentran por debajo de su valor normal, salvo en zonas de Granada, M\u00e1laga, Mallorca y la franja desde Asturias hasta el noroeste de Navarra. En la mayor parte del territorio nacional las precipitaciones est\u00e1n por debajo del 75% de su valor normal, sin llegar incluso a alcanzar el 25% de \u00e9ste en puntos de Tarragona, Castell\u00f3n, Valencia y Canarias. Las regiones que registran un d\u00e9ficit de precipitaci\u00f3n igual o superior que la media nacional son Galicia, Castilla y Le\u00f3n, Arag\u00f3n, Catalu\u00f1a, Madrid, Castilla-La Mancha, Extremadura, Valencia, Baleares, Andaluc\u00eda, Murcia y Canarias.<\/p>\n<p>Los recursos h\u00eddricos aportados por las precipitaciones no han sido suficientes para solucionar los problemas de escasez que afectan a amplias zonas del pa\u00eds. Desde la \u00faltima reuni\u00f3n se ha incrementado ligeramente la reserva hidr\u00e1ulica espa\u00f1ola, de un 37% al 42,1% de esta misma semana, con 23.618 hm3 almacenados, lejos de 29.147 hm3 que almacenaban hace un a\u00f1o y de los 35.476 hm3 que acumulaban de media en los diez \u00faltimos a\u00f1os.<\/p>\n<p>La predicci\u00f3n de la Agencia Estatal de Meteorolog\u00eda en el trimestre febrero-marzo-abril se\u00f1ala que las precipitaciones ser\u00e1n inferiores a lo normal en la mitad-sur peninsular. Y en cuanto a la temperatura, se espera que sea superior a la normal en toda Espa\u00f1a.<\/p>\n","protected":false},"excerpt":{"rendered":"<p>La ministra de Agricultura y Pesca, Alimentaci\u00f3n y Medio Ambiente, Isabel Garc\u00eda Tejerina, presidi\u00f3 ayer una reuni\u00f3n de coordinaci\u00f3n con los responsables de las Confederaciones Hidrogr\u00e1ficas de cuenca, dependientes del Ministerio, con el objetivo de evaluar la situaci\u00f3n de cada demarcaci\u00f3n, especialmente por la sequ\u00eda, las medidas y actuaciones que se van desarrollando y las [&hellip;]<\/p>\n","protected":false},"author":1,"featured_media":968179,"comment_status":"closed","ping_status":"closed","sticky":false,"template":"","format":"standard","meta":{"footnotes":""},"categories":[1],"tags":[],"class_list":["post-968178","post","type-post","status-publish","format-standard","has-post-thumbnail","hentry","category-actualidad"],"aioseo_notices":[],"aioseo_head":"\n\t\t<!-- All in One SEO Pro 5.0.1 - aioseo.com -->\n\t<meta name=\"description\" content=\"La ministra de Agricultura y Pesca, Alimentaci\u00f3n y Medio Ambiente, Isabel Garc\u00eda Tejerina, presidi\u00f3 ayer una reuni\u00f3n de coordinaci\u00f3n con los responsables de las Confederaciones Hidrogr\u00e1ficas de cuenca, dependientes del Ministerio, con el objetivo de evaluar la situaci\u00f3n de cada demarcaci\u00f3n, especialmente por la sequ\u00eda, las medidas y actuaciones que se van desarrollando y las\" \/>\n\t<meta name=\"robots\" content=\"max-image-preview:large\" \/>\n\t<meta name=\"author\" content=\"El Digital de Asturias\"\/>\n\t<meta name=\"google-site-verification\" content=\"UA-38556648-1\" \/>\n\t<meta name=\"msvalidate.01\" content=\"7dfe9f3f1b24437ab69f4f2559babe99\" \/>\n\t<meta name=\"keywords\" content=\"actualidad\" \/>\n\t<link rel=\"canonical\" href=\"https:\/\/www.eldigitaldeasturias.com\/noticias\/garcia-tejerina-preside-la-reunion-de-coordinacion-con-las-confederaciones-hidrograficas\/\" \/>\n\t<meta name=\"generator\" content=\"All in One SEO Pro (AIOSEO) 5.0.1\" \/>\n\t\t<meta property=\"og:locale\" content=\"es_ES\" \/>\n\t\t<meta property=\"og:site_name\" content=\"El Digital de Asturias\" \/>\n\t\t<meta property=\"og:type\" content=\"article\" \/>\n\t\t<meta property=\"og:title\" content=\"Garc\u00eda Tejerina preside la reuni\u00f3n de coordinaci\u00f3n con las Confederaciones Hidrogr\u00e1ficas - El Digital de Asturias\" \/>\n\t\t<meta property=\"og:description\" content=\"La ministra de Agricultura y Pesca, Alimentaci\u00f3n y Medio Ambiente, Isabel Garc\u00eda Tejerina, presidi\u00f3 ayer una reuni\u00f3n de coordinaci\u00f3n con los responsables de las Confederaciones Hidrogr\u00e1ficas de cuenca, dependientes del Ministerio, con el objetivo de evaluar la situaci\u00f3n de cada demarcaci\u00f3n, especialmente por la sequ\u00eda, las medidas y actuaciones que se van desarrollando y las\" \/>\n\t\t<meta property=\"og:url\" content=\"https:\/\/www.eldigitaldeasturias.com\/noticias\/garcia-tejerina-preside-la-reunion-de-coordinacion-con-las-confederaciones-hidrograficas\/\" \/>\n\t\t<meta property=\"article:tag\" content=\"actualidad\" \/>\n\t\t<meta property=\"article:published_time\" content=\"2018-02-07T17:23:11+00:00\" \/>\n\t\t<meta property=\"article:modified_time\" content=\"2018-02-07T17:23:11+00:00\" \/>\n\t\t<meta property=\"article:publisher\" content=\"https:\/\/facebook.com\/eldigitaldeasturias\" \/>\n\t\t<meta name=\"twitter:card\" content=\"summary_large_image\" \/>\n\t\t<meta name=\"twitter:title\" content=\"Garc\u00eda Tejerina preside la reuni\u00f3n de coordinaci\u00f3n con las Confederaciones Hidrogr\u00e1ficas - El Digital de Asturias\" \/>\n\t\t<meta name=\"twitter:description\" content=\"La ministra de Agricultura y Pesca, Alimentaci\u00f3n y Medio Ambiente, Isabel Garc\u00eda Tejerina, presidi\u00f3 ayer una reuni\u00f3n de coordinaci\u00f3n con los responsables de las Confederaciones Hidrogr\u00e1ficas de cuenca, dependientes del Ministerio, con el objetivo de evaluar la situaci\u00f3n de cada demarcaci\u00f3n, especialmente por la sequ\u00eda, las medidas y actuaciones que se van desarrollando y las\" \/>\n\t\t<meta name=\"twitter:image\" content=\"https:\/\/www.eldigitaldeasturias.com\/noticias\/wp-content\/uploads\/2020\/12\/EDA-1.jpg\" \/>\n\t\t<meta name=\"twitter:label1\" content=\"Escrito por\" \/>\n\t\t<meta name=\"twitter:data1\" content=\"El Digital de Asturias\" \/>\n\t\t<meta name=\"twitter:label2\" content=\"Tiempo de lectura estimado\" \/>\n\t\t<meta name=\"twitter:data2\" content=\"4 minutos\" \/>\n\t\t<script type=\"application\/ld+json\" class=\"aioseo-schema\">\n\t\t\t{\"@context\":\"https:\\\/\\\/schema.org\",\"@graph\":[{\"@type\":\"BlogPosting\",\"@id\":\"https:\\\/\\\/www.eldigitaldeasturias.com\\\/noticias\\\/garcia-tejerina-preside-la-reunion-de-coordinacion-con-las-confederaciones-hidrograficas\\\/#blogposting\",\"name\":\"Garc\\u00eda Tejerina preside la reuni\\u00f3n de coordinaci\\u00f3n con las Confederaciones Hidrogr\\u00e1ficas - El Digital de Asturias\",\"headline\":\"Garc\\u00eda Tejerina preside la reuni\\u00f3n de coordinaci\\u00f3n con las Confederaciones Hidrogr\\u00e1ficas\",\"author\":{\"@id\":\"https:\\\/\\\/www.eldigitaldeasturias.com\\\/noticias\\\/author\\\/admin\\\/#author\"},\"publisher\":{\"@id\":\"https:\\\/\\\/www.eldigitaldeasturias.com\\\/noticias\\\/#organization\"},\"image\":{\"@type\":\"ImageObject\",\"url\":968179},\"datePublished\":\"2018-02-07T17:23:11+01:00\",\"dateModified\":\"2018-02-07T17:23:11+01:00\",\"inLanguage\":\"es-ES\",\"mainEntityOfPage\":{\"@id\":\"https:\\\/\\\/www.eldigitaldeasturias.com\\\/noticias\\\/garcia-tejerina-preside-la-reunion-de-coordinacion-con-las-confederaciones-hidrograficas\\\/#webpage\"},\"isPartOf\":{\"@id\":\"https:\\\/\\\/www.eldigitaldeasturias.com\\\/noticias\\\/garcia-tejerina-preside-la-reunion-de-coordinacion-con-las-confederaciones-hidrograficas\\\/#webpage\"},\"articleSection\":\"Actualidad\"},{\"@type\":\"BreadcrumbList\",\"@id\":\"https:\\\/\\\/www.eldigitaldeasturias.com\\\/noticias\\\/garcia-tejerina-preside-la-reunion-de-coordinacion-con-las-confederaciones-hidrograficas\\\/#breadcrumblist\",\"itemListElement\":[{\"@type\":\"ListItem\",\"@id\":\"https:\\\/\\\/www.eldigitaldeasturias.com\\\/noticias#listItem\",\"position\":1,\"name\":\"Home\",\"item\":\"https:\\\/\\\/www.eldigitaldeasturias.com\\\/noticias\",\"nextItem\":{\"@type\":\"ListItem\",\"@id\":\"https:\\\/\\\/www.eldigitaldeasturias.com\\\/noticias\\\/category\\\/actualidad\\\/#listItem\",\"name\":\"Actualidad\"}},{\"@type\":\"ListItem\",\"@id\":\"https:\\\/\\\/www.eldigitaldeasturias.com\\\/noticias\\\/category\\\/actualidad\\\/#listItem\",\"position\":2,\"name\":\"Actualidad\",\"item\":\"https:\\\/\\\/www.eldigitaldeasturias.com\\\/noticias\\\/category\\\/actualidad\\\/\",\"nextItem\":{\"@type\":\"ListItem\",\"@id\":\"https:\\\/\\\/www.eldigitaldeasturias.com\\\/noticias\\\/garcia-tejerina-preside-la-reunion-de-coordinacion-con-las-confederaciones-hidrograficas\\\/#listItem\",\"name\":\"Garc\\u00eda Tejerina preside la reuni\\u00f3n de coordinaci\\u00f3n con las Confederaciones Hidrogr\\u00e1ficas\"},\"previousItem\":{\"@type\":\"ListItem\",\"@id\":\"https:\\\/\\\/www.eldigitaldeasturias.com\\\/noticias#listItem\",\"name\":\"Home\"}},{\"@type\":\"ListItem\",\"@id\":\"https:\\\/\\\/www.eldigitaldeasturias.com\\\/noticias\\\/garcia-tejerina-preside-la-reunion-de-coordinacion-con-las-confederaciones-hidrograficas\\\/#listItem\",\"position\":3,\"name\":\"Garc\\u00eda Tejerina preside la reuni\\u00f3n de coordinaci\\u00f3n con las Confederaciones Hidrogr\\u00e1ficas\",\"previousItem\":{\"@type\":\"ListItem\",\"@id\":\"https:\\\/\\\/www.eldigitaldeasturias.com\\\/noticias\\\/category\\\/actualidad\\\/#listItem\",\"name\":\"Actualidad\"}}]},{\"@type\":\"Organization\",\"@id\":\"https:\\\/\\\/www.eldigitaldeasturias.com\\\/noticias\\\/#organization\",\"name\":\"El Digital de Asturias\",\"description\":\"Hemeroteca\",\"url\":\"https:\\\/\\\/www.eldigitaldeasturias.com\\\/noticias\\\/\",\"email\":\"info@eldigitaldeasturias.com\",\"telephone\":\"+34652131393\",\"logo\":{\"@type\":\"ImageObject\",\"url\":\"https:\\\/\\\/www.eldigitaldeasturias.com\\\/noticias\\\/wp-content\\\/uploads\\\/2020\\\/12\\\/EDA.jpg\",\"@id\":\"https:\\\/\\\/www.eldigitaldeasturias.com\\\/noticias\\\/garcia-tejerina-preside-la-reunion-de-coordinacion-con-las-confederaciones-hidrograficas\\\/#organizationLogo\"},\"image\":{\"@id\":\"https:\\\/\\\/www.eldigitaldeasturias.com\\\/noticias\\\/garcia-tejerina-preside-la-reunion-de-coordinacion-con-las-confederaciones-hidrograficas\\\/#organizationLogo\"},\"sameAs\":[\"https:\\\/\\\/facebook.com\\\/eldigitaldeasturias\",\"https:\\\/\\\/www.youtube.com\\\/channel\\\/UCZP-2wLEB9Rv6erhFmqVnvg\"],\"address\":{\"@id\":\"https:\\\/\\\/www.eldigitaldeasturias.com\\\/noticias\\\/#postaladdress\",\"@type\":\"PostalAddress\",\"streetAddress\":\"san antonio 4\",\"postalCode\":\"33430\",\"addressLocality\":\"Cand\\u00e1s\",\"addressRegion\":\"Asturias\",\"addressCountry\":\"ES\"}},{\"@type\":\"Person\",\"@id\":\"https:\\\/\\\/www.eldigitaldeasturias.com\\\/noticias\\\/author\\\/admin\\\/#author\",\"url\":\"https:\\\/\\\/www.eldigitaldeasturias.com\\\/noticias\\\/author\\\/admin\\\/\",\"name\":\"El Digital de Asturias\",\"image\":{\"@type\":\"ImageObject\",\"@id\":\"https:\\\/\\\/www.eldigitaldeasturias.com\\\/noticias\\\/garcia-tejerina-preside-la-reunion-de-coordinacion-con-las-confederaciones-hidrograficas\\\/#authorImage\",\"url\":\"https:\\\/\\\/secure.gravatar.com\\\/avatar\\\/df2aeffc32bcd13f8d26072ef8a91b623d677766deac7f97ca815868cd41bf5e?s=96&d=mm&r=g\",\"width\":96,\"height\":96,\"caption\":\"El Digital de Asturias\"}},{\"@type\":\"WebPage\",\"@id\":\"https:\\\/\\\/www.eldigitaldeasturias.com\\\/noticias\\\/garcia-tejerina-preside-la-reunion-de-coordinacion-con-las-confederaciones-hidrograficas\\\/#webpage\",\"url\":\"https:\\\/\\\/www.eldigitaldeasturias.com\\\/noticias\\\/garcia-tejerina-preside-la-reunion-de-coordinacion-con-las-confederaciones-hidrograficas\\\/\",\"name\":\"Garc\\u00eda Tejerina preside la reuni\\u00f3n de coordinaci\\u00f3n con las Confederaciones Hidrogr\\u00e1ficas - El Digital de Asturias\",\"description\":\"La ministra de Agricultura y Pesca, Alimentaci\\u00f3n y Medio Ambiente, Isabel Garc\\u00eda Tejerina, presidi\\u00f3 ayer una reuni\\u00f3n de coordinaci\\u00f3n con los responsables de las Confederaciones Hidrogr\\u00e1ficas de cuenca, dependientes del Ministerio, con el objetivo de evaluar la situaci\\u00f3n de cada demarcaci\\u00f3n, especialmente por la sequ\\u00eda, las medidas y actuaciones que se van desarrollando y las\",\"inLanguage\":\"es-ES\",\"isPartOf\":{\"@id\":\"https:\\\/\\\/www.eldigitaldeasturias.com\\\/noticias\\\/#website\"},\"breadcrumb\":{\"@id\":\"https:\\\/\\\/www.eldigitaldeasturias.com\\\/noticias\\\/garcia-tejerina-preside-la-reunion-de-coordinacion-con-las-confederaciones-hidrograficas\\\/#breadcrumblist\"},\"author\":{\"@id\":\"https:\\\/\\\/www.eldigitaldeasturias.com\\\/noticias\\\/author\\\/admin\\\/#author\"},\"creator\":{\"@id\":\"https:\\\/\\\/www.eldigitaldeasturias.com\\\/noticias\\\/author\\\/admin\\\/#author\"},\"image\":{\"@type\":\"ImageObject\",\"url\":968179,\"@id\":\"https:\\\/\\\/www.eldigitaldeasturias.com\\\/noticias\\\/garcia-tejerina-preside-la-reunion-de-coordinacion-con-las-confederaciones-hidrograficas\\\/#mainImage\"},\"primaryImageOfPage\":{\"@id\":\"https:\\\/\\\/www.eldigitaldeasturias.com\\\/noticias\\\/garcia-tejerina-preside-la-reunion-de-coordinacion-con-las-confederaciones-hidrograficas\\\/#mainImage\"},\"datePublished\":\"2018-02-07T17:23:11+01:00\",\"dateModified\":\"2018-02-07T17:23:11+01:00\"},{\"@type\":\"WebSite\",\"@id\":\"https:\\\/\\\/www.eldigitaldeasturias.com\\\/noticias\\\/#website\",\"url\":\"https:\\\/\\\/www.eldigitaldeasturias.com\\\/noticias\\\/\",\"name\":\"El Digital de Asturias - Diario de actualidad y noticias\",\"alternateName\":\"El Digital de Asturias - Diario de actualidad y noticias\",\"description\":\"Hemeroteca\",\"inLanguage\":\"es-ES\",\"publisher\":{\"@id\":\"https:\\\/\\\/www.eldigitaldeasturias.com\\\/noticias\\\/#organization\"}}]}\n\t\t<\/script>\n\t\t<!-- All in One SEO Pro -->\r\n\t\t<title>Garc\u00eda Tejerina preside la reuni\u00f3n de coordinaci\u00f3n con las Confederaciones Hidrogr\u00e1ficas - El Digital de Asturias<\/title>\n\n","aioseo_head_json":{"title":"Garc\u00eda Tejerina preside la reuni\u00f3n de coordinaci\u00f3n con las Confederaciones Hidrogr\u00e1ficas - El Digital de Asturias","description":"La ministra de Agricultura y Pesca, Alimentaci\u00f3n y Medio Ambiente, Isabel Garc\u00eda Tejerina, presidi\u00f3 ayer una reuni\u00f3n de coordinaci\u00f3n con los responsables de las Confederaciones Hidrogr\u00e1ficas de cuenca, dependientes del Ministerio, con el objetivo de evaluar la situaci\u00f3n de cada demarcaci\u00f3n, especialmente por la sequ\u00eda, las medidas y actuaciones que se van desarrollando y las","canonical_url":"https:\/\/www.eldigitaldeasturias.com\/noticias\/garcia-tejerina-preside-la-reunion-de-coordinacion-con-las-confederaciones-hidrograficas\/","robots":"max-image-preview:large","keywords":"actualidad","webmasterTools":{"google-site-verification":"UA-38556648-1","msvalidate.01":"7dfe9f3f1b24437ab69f4f2559babe99","miscellaneous":""},"schema":{"@context":"https:\/\/schema.org","@graph":[{"@type":"BlogPosting","@id":"https:\/\/www.eldigitaldeasturias.com\/noticias\/garcia-tejerina-preside-la-reunion-de-coordinacion-con-las-confederaciones-hidrograficas\/#blogposting","name":"Garc\u00eda Tejerina preside la reuni\u00f3n de coordinaci\u00f3n con las Confederaciones Hidrogr\u00e1ficas - El Digital de Asturias","headline":"Garc\u00eda Tejerina preside la reuni\u00f3n de coordinaci\u00f3n con las Confederaciones Hidrogr\u00e1ficas","author":{"@id":"https:\/\/www.eldigitaldeasturias.com\/noticias\/author\/admin\/#author"},"publisher":{"@id":"https:\/\/www.eldigitaldeasturias.com\/noticias\/#organization"},"image":{"@type":"ImageObject","url":968179},"datePublished":"2018-02-07T17:23:11+01:00","dateModified":"2018-02-07T17:23:11+01:00","inLanguage":"es-ES","mainEntityOfPage":{"@id":"https:\/\/www.eldigitaldeasturias.com\/noticias\/garcia-tejerina-preside-la-reunion-de-coordinacion-con-las-confederaciones-hidrograficas\/#webpage"},"isPartOf":{"@id":"https:\/\/www.eldigitaldeasturias.com\/noticias\/garcia-tejerina-preside-la-reunion-de-coordinacion-con-las-confederaciones-hidrograficas\/#webpage"},"articleSection":"Actualidad"},{"@type":"BreadcrumbList","@id":"https:\/\/www.eldigitaldeasturias.com\/noticias\/garcia-tejerina-preside-la-reunion-de-coordinacion-con-las-confederaciones-hidrograficas\/#breadcrumblist","itemListElement":[{"@type":"ListItem","@id":"https:\/\/www.eldigitaldeasturias.com\/noticias#listItem","position":1,"name":"Home","item":"https:\/\/www.eldigitaldeasturias.com\/noticias","nextItem":{"@type":"ListItem","@id":"https:\/\/www.eldigitaldeasturias.com\/noticias\/category\/actualidad\/#listItem","name":"Actualidad"}},{"@type":"ListItem","@id":"https:\/\/www.eldigitaldeasturias.com\/noticias\/category\/actualidad\/#listItem","position":2,"name":"Actualidad","item":"https:\/\/www.eldigitaldeasturias.com\/noticias\/category\/actualidad\/","nextItem":{"@type":"ListItem","@id":"https:\/\/www.eldigitaldeasturias.com\/noticias\/garcia-tejerina-preside-la-reunion-de-coordinacion-con-las-confederaciones-hidrograficas\/#listItem","name":"Garc\u00eda Tejerina preside la reuni\u00f3n de coordinaci\u00f3n con las Confederaciones Hidrogr\u00e1ficas"},"previousItem":{"@type":"ListItem","@id":"https:\/\/www.eldigitaldeasturias.com\/noticias#listItem","name":"Home"}},{"@type":"ListItem","@id":"https:\/\/www.eldigitaldeasturias.com\/noticias\/garcia-tejerina-preside-la-reunion-de-coordinacion-con-las-confederaciones-hidrograficas\/#listItem","position":3,"name":"Garc\u00eda Tejerina preside la reuni\u00f3n de coordinaci\u00f3n con las Confederaciones Hidrogr\u00e1ficas","previousItem":{"@type":"ListItem","@id":"https:\/\/www.eldigitaldeasturias.com\/noticias\/category\/actualidad\/#listItem","name":"Actualidad"}}]},{"@type":"Organization","@id":"https:\/\/www.eldigitaldeasturias.com\/noticias\/#organization","name":"El Digital de Asturias","description":"Hemeroteca","url":"https:\/\/www.eldigitaldeasturias.com\/noticias\/","email":"info@eldigitaldeasturias.com","telephone":"+34652131393","logo":{"@type":"ImageObject","url":"https:\/\/www.eldigitaldeasturias.com\/noticias\/wp-content\/uploads\/2020\/12\/EDA.jpg","@id":"https:\/\/www.eldigitaldeasturias.com\/noticias\/garcia-tejerina-preside-la-reunion-de-coordinacion-con-las-confederaciones-hidrograficas\/#organizationLogo"},"image":{"@id":"https:\/\/www.eldigitaldeasturias.com\/noticias\/garcia-tejerina-preside-la-reunion-de-coordinacion-con-las-confederaciones-hidrograficas\/#organizationLogo"},"sameAs":["https:\/\/facebook.com\/eldigitaldeasturias","https:\/\/www.youtube.com\/channel\/UCZP-2wLEB9Rv6erhFmqVnvg"],"address":{"@id":"https:\/\/www.eldigitaldeasturias.com\/noticias\/#postaladdress","@type":"PostalAddress","streetAddress":"san antonio 4","postalCode":"33430","addressLocality":"Cand\u00e1s","addressRegion":"Asturias","addressCountry":"ES"}},{"@type":"Person","@id":"https:\/\/www.eldigitaldeasturias.com\/noticias\/author\/admin\/#author","url":"https:\/\/www.eldigitaldeasturias.com\/noticias\/author\/admin\/","name":"El Digital de Asturias","image":{"@type":"ImageObject","@id":"https:\/\/www.eldigitaldeasturias.com\/noticias\/garcia-tejerina-preside-la-reunion-de-coordinacion-con-las-confederaciones-hidrograficas\/#authorImage","url":"https:\/\/secure.gravatar.com\/avatar\/df2aeffc32bcd13f8d26072ef8a91b623d677766deac7f97ca815868cd41bf5e?s=96&d=mm&r=g","width":96,"height":96,"caption":"El Digital de Asturias"}},{"@type":"WebPage","@id":"https:\/\/www.eldigitaldeasturias.com\/noticias\/garcia-tejerina-preside-la-reunion-de-coordinacion-con-las-confederaciones-hidrograficas\/#webpage","url":"https:\/\/www.eldigitaldeasturias.com\/noticias\/garcia-tejerina-preside-la-reunion-de-coordinacion-con-las-confederaciones-hidrograficas\/","name":"Garc\u00eda Tejerina preside la reuni\u00f3n de coordinaci\u00f3n con las Confederaciones Hidrogr\u00e1ficas - El Digital de Asturias","description":"La ministra de Agricultura y Pesca, Alimentaci\u00f3n y Medio Ambiente, Isabel Garc\u00eda Tejerina, presidi\u00f3 ayer una reuni\u00f3n de coordinaci\u00f3n con los responsables de las Confederaciones Hidrogr\u00e1ficas de cuenca, dependientes del Ministerio, con el objetivo de evaluar la situaci\u00f3n de cada demarcaci\u00f3n, especialmente por la sequ\u00eda, las medidas y actuaciones que se van desarrollando y las","inLanguage":"es-ES","isPartOf":{"@id":"https:\/\/www.eldigitaldeasturias.com\/noticias\/#website"},"breadcrumb":{"@id":"https:\/\/www.eldigitaldeasturias.com\/noticias\/garcia-tejerina-preside-la-reunion-de-coordinacion-con-las-confederaciones-hidrograficas\/#breadcrumblist"},"author":{"@id":"https:\/\/www.eldigitaldeasturias.com\/noticias\/author\/admin\/#author"},"creator":{"@id":"https:\/\/www.eldigitaldeasturias.com\/noticias\/author\/admin\/#author"},"image":{"@type":"ImageObject","url":968179,"@id":"https:\/\/www.eldigitaldeasturias.com\/noticias\/garcia-tejerina-preside-la-reunion-de-coordinacion-con-las-confederaciones-hidrograficas\/#mainImage"},"primaryImageOfPage":{"@id":"https:\/\/www.eldigitaldeasturias.com\/noticias\/garcia-tejerina-preside-la-reunion-de-coordinacion-con-las-confederaciones-hidrograficas\/#mainImage"},"datePublished":"2018-02-07T17:23:11+01:00","dateModified":"2018-02-07T17:23:11+01:00"},{"@type":"WebSite","@id":"https:\/\/www.eldigitaldeasturias.com\/noticias\/#website","url":"https:\/\/www.eldigitaldeasturias.com\/noticias\/","name":"El Digital de Asturias - Diario de actualidad y noticias","alternateName":"El Digital de Asturias - Diario de actualidad y noticias","description":"Hemeroteca","inLanguage":"es-ES","publisher":{"@id":"https:\/\/www.eldigitaldeasturias.com\/noticias\/#organization"}}]},"og:locale":"es_ES","og:site_name":"El Digital de Asturias","og:type":"article","og:title":"Garc\u00eda Tejerina preside la reuni\u00f3n de coordinaci\u00f3n con las Confederaciones Hidrogr\u00e1ficas - El Digital de Asturias","og:description":"La ministra de Agricultura y Pesca, Alimentaci\u00f3n y Medio Ambiente, Isabel Garc\u00eda Tejerina, presidi\u00f3 ayer una reuni\u00f3n de coordinaci\u00f3n con los responsables de las Confederaciones Hidrogr\u00e1ficas de cuenca, dependientes del Ministerio, con el objetivo de evaluar la situaci\u00f3n de cada demarcaci\u00f3n, especialmente por la sequ\u00eda, las medidas y actuaciones que se van desarrollando y las","og:url":"https:\/\/www.eldigitaldeasturias.com\/noticias\/garcia-tejerina-preside-la-reunion-de-coordinacion-con-las-confederaciones-hidrograficas\/","article:tag":["actualidad"],"article:published_time":"2018-02-07T17:23:11+00:00","article:modified_time":"2018-02-07T17:23:11+00:00","article:publisher":"https:\/\/facebook.com\/eldigitaldeasturias","twitter:card":"summary_large_image","twitter:title":"Garc\u00eda Tejerina preside la reuni\u00f3n de coordinaci\u00f3n con las Confederaciones Hidrogr\u00e1ficas - El Digital de Asturias","twitter:description":"La ministra de Agricultura y Pesca, Alimentaci\u00f3n y Medio Ambiente, Isabel Garc\u00eda Tejerina, presidi\u00f3 ayer una reuni\u00f3n de coordinaci\u00f3n con los responsables de las Confederaciones Hidrogr\u00e1ficas de cuenca, dependientes del Ministerio, con el objetivo de evaluar la situaci\u00f3n de cada demarcaci\u00f3n, especialmente por la sequ\u00eda, las medidas y actuaciones que se van desarrollando y las","twitter:image":"https:\/\/www.eldigitaldeasturias.com\/noticias\/wp-content\/uploads\/2020\/12\/EDA-1.jpg","twitter:label1":"Escrito por","twitter:data1":"El Digital de Asturias","twitter:label2":"Tiempo de lectura estimado","twitter:data2":"4 minutos"},"aioseo_meta_data":{"post_id":"968178","title":null,"description":null,"keywords":null,"keyphrases":null,"primary_term":null,"canonical_url":null,"og_title":null,"og_description":null,"og_object_type":"default","og_image_type":"default","og_image_url":null,"og_image_width":null,"og_image_height":null,"og_image_custom_url":null,"og_image_custom_fields":null,"og_video":null,"og_custom_url":null,"og_article_section":null,"og_article_tags":null,"twitter_use_og":false,"twitter_card":"default","twitter_image_type":"default","twitter_image_url":null,"twitter_image_custom_url":null,"twitter_image_custom_fields":null,"twitter_title":null,"twitter_description":null,"schema":{"blockGraphs":[],"customGraphs":[],"default":{"data":{"Article":[],"Course":[],"Dataset":[],"FAQPage":[],"Movie":[],"Person":[],"Product":[],"ProductReview":[],"Car":[],"Recipe":[],"Service":[],"SoftwareApplication":[],"WebPage":[]},"graphName":"","isEnabled":true},"graphs":[],"defaultGraph":"","defaultPostTypeGraph":""},"schema_type":null,"schema_type_options":null,"pillar_content":false,"robots_default":true,"robots_noindex":false,"robots_noarchive":false,"robots_nosnippet":false,"robots_nofollow":false,"robots_noimageindex":false,"robots_noodp":false,"robots_notranslate":false,"robots_max_snippet":null,"robots_max_videopreview":null,"robots_max_imagepreview":"large","priority":null,"frequency":null,"local_seo":null,"seo_analyzer_scan_date":"2025-10-06 21:37:39","breadcrumb_settings":null,"limit_modified_date":false,"open_ai":null,"ai":null,"created":"2020-12-21 12:30:39","updated":"2025-10-06 21:37:39","focus_keyword":null,"additional_keywords":null,"truseo_locale":null},"aioseo_breadcrumb":"<div class=\"aioseo-breadcrumbs\"><span class=\"aioseo-breadcrumb\">\n\t<a href=\"https:\/\/www.eldigitaldeasturias.com\/noticias\" title=\"Home\">Home<\/a>\n<\/span><span class=\"aioseo-breadcrumb-separator\">\u2013<\/span><span class=\"aioseo-breadcrumb\">\n\t<a href=\"https:\/\/www.eldigitaldeasturias.com\/noticias\/category\/actualidad\/\" title=\"Actualidad\">Actualidad<\/a>\n<\/span><span class=\"aioseo-breadcrumb-separator\">\u2013<\/span><span class=\"aioseo-breadcrumb\">\n\t<a href=\"https:\/\/www.eldigitaldeasturias.com\/noticias\/garcia-tejerina-preside-la-reunion-de-coordinacion-con-las-confederaciones-hidrograficas\/\" title=\"Garc\u00eda Tejerina preside la reuni\u00f3n de coordinaci\u00f3n con las Confederaciones Hidrogr\u00e1ficas\">Garc\u00eda Tejerina preside la reuni\u00f3n de coordinaci\u00f3n con las Confederaciones Hidrogr\u00e1ficas<\/a>\n<\/span><\/div>","aioseo_breadcrumb_json":[{"label":"Home","link":"https:\/\/www.eldigitaldeasturias.com\/noticias"},{"label":"Actualidad","link":"https:\/\/www.eldigitaldeasturias.com\/noticias\/category\/actualidad\/"},{"label":"Garc\u00eda Tejerina preside la reuni\u00f3n de coordinaci\u00f3n con las Confederaciones Hidrogr\u00e1ficas","link":"https:\/\/www.eldigitaldeasturias.com\/noticias\/garcia-tejerina-preside-la-reunion-de-coordinacion-con-las-confederaciones-hidrograficas\/"}],"_links":{"self":[{"href":"https:\/\/www.eldigitaldeasturias.com\/noticias\/wp-json\/wp\/v2\/posts\/968178","targetHints":{"allow":["GET"]}}],"collection":[{"href":"https:\/\/www.eldigitaldeasturias.com\/noticias\/wp-json\/wp\/v2\/posts"}],"about":[{"href":"https:\/\/www.eldigitaldeasturias.com\/noticias\/wp-json\/wp\/v2\/types\/post"}],"author":[{"embeddable":true,"href":"https:\/\/www.eldigitaldeasturias.com\/noticias\/wp-json\/wp\/v2\/users\/1"}],"replies":[{"embeddable":true,"href":"https:\/\/www.eldigitaldeasturias.com\/noticias\/wp-json\/wp\/v2\/comments?post=968178"}],"version-history":[{"count":0,"href":"https:\/\/www.eldigitaldeasturias.com\/noticias\/wp-json\/wp\/v2\/posts\/968178\/revisions"}],"wp:attachment":[{"href":"https:\/\/www.eldigitaldeasturias.com\/noticias\/wp-json\/wp\/v2\/media?parent=968178"}],"wp:term":[{"taxonomy":"category","embeddable":true,"href":"https:\/\/www.eldigitaldeasturias.com\/noticias\/wp-json\/wp\/v2\/categories?post=968178"},{"taxonomy":"post_tag","embeddable":true,"href":"https:\/\/www.eldigitaldeasturias.com\/noticias\/wp-json\/wp\/v2\/tags?post=968178"}],"curies":[{"name":"wp","href":"https:\/\/api.w.org\/{rel}","templated":true}]}}