{"id":968091,"date":"2018-02-06T20:00:37","date_gmt":"2018-02-06T20:00:37","guid":{"rendered":"http:\/\/www.eldigitaldeasturias.com\/noticias\/?p=968091"},"modified":"2018-02-06T20:00:37","modified_gmt":"2018-02-06T20:00:37","slug":"los-reyes-de-espana-entregan-las-medallas-de-oro-al-merito-a-las-bellas-artes-2016","status":"publish","type":"post","link":"https:\/\/www.eldigitaldeasturias.com\/noticias\/los-reyes-de-espana-entregan-las-medallas-de-oro-al-merito-a-las-bellas-artes-2016\/","title":{"rendered":"Los Reyes de Espa\u00f1a entregan las Medallas de Oro al M\u00e9rito a las Bellas Artes 2016"},"content":{"rendered":"<p><img loading=\"lazy\" decoding=\"async\" class=\"alignleft size-medium wp-image-968092\" src=\"https:\/\/www.eldigitaldeasturias.com\/noticias\/wp-content\/uploads\/2018\/02\/060218-medallas-360x239.jpg\" alt=\"\" width=\"360\" height=\"239\" \/>Sus Majestades los Reyes de Espa\u00f1a, acompa\u00f1ados por el ministro de Educaci\u00f3n, Cultura y Deporte, \u00cd\u00f1igo M\u00e9ndez de Vigo, han entregado en el Centro Pompidou de M\u00e1laga las Medallas de Oro al M\u00e9rito en las Bellas Artes 2016.<\/p>\n<p>Este galard\u00f3n, concedido por el Consejo de Ministros, a propuesta del ministro de Educaci\u00f3n, Cultura y Deporte, distingue a las personas y entidades que hayan destacado en el campo de la creaci\u00f3n art\u00edstica y cultural o hayan prestado notorios servicios en el fomento, desarrollo o difusi\u00f3n del arte y la cultura o en la conservaci\u00f3n del patrimonio art\u00edstico.<\/p>\n<p>En representaci\u00f3n de todos los galardonados ha hablado el actor Jos\u00e9 Coronado.<\/p>\n<p>Han sido distinguidos con la Medalla de Oro al M\u00e9rito en las Bellas Artes en esta edici\u00f3n:<\/p>\n<p><strong>Lorenzo Caprile Trucchi. Modisto (Madrid, 1967)<\/strong><\/p>\n<p>Estudi\u00f3 en el Fashion Institute of Technology de Nueva York y en el Polit\u00e9cnico Internacional de la Moda de Florencia. Adem\u00e1s, es licenciado en Lengua y Literatura por la Universidad de Florencia. A partir de 1986 empez\u00f3 a trabajar para distintas firmas italianas y espa\u00f1olas de reconocido prestigio como Ratti, Lancetti, Gruppo Finanziario Tessile, Cadena y Lienzo de los Gazules. En 1993 abri\u00f3 su propio taller en el madrile\u00f1o barrio de Salamanca, especializ\u00e1ndose en trajes de novia y ceremonia.<\/p>\n<p><strong>Jos\u00e9 Coronado Garc\u00eda. Actor (Madrid,1957)<\/strong><\/p>\n<p>Recibi\u00f3 clases de interpretaci\u00f3n con Cristina Rota e inici\u00f3 su carrera con la participaci\u00f3n en la obra El p\u00fablico (1987) y en la pel\u00edcula de Kim Densalat, Waka-Waka (1987). En televisi\u00f3n ha participado en numerosas series y pel\u00edculas, destacando su papel en la exitosa serie Periodistas (1998-2001), que le supuso el Fotogramas de Plata al mejor actor de televisi\u00f3n en 1998, as\u00ed como los trabajos en las series Acusados (2009) y El Pr\u00edncipe (2014). Ha actuado en m\u00e1s de 30 pel\u00edculas, recibiendo dos nominaciones a los premios Goya en la categor\u00eda de \u00abMejor actor de reparto\u00bb por sus trabajos en Goya en Burdeos (1999), de Carlos Saura y La caja 507 (2002), de Enrique Urbizu. Destaca tambi\u00e9n su participaci\u00f3n en pel\u00edculas como Berl\u00edn Blues (1988), de Ricardo Franco, El Lobo (2003), de Miguel Courtois o GAL (2006) del mismo director. Con la pel\u00edcula No habr\u00e1 paz para los malvados (2011) ha obtenido el premio Goya como Mejor actor protagonista.<\/p>\n<p><strong>Ricardo Alberto Dar\u00edn. Actor y director (Buenos Aires, 1957)<\/strong><\/p>\n<p>[Ha recogido la distinci\u00f3n en su nombre su representante, Mario Reyes]<\/p>\n<p>Actor y director, cuya trayectoria comenz\u00f3 en la industria televisiva a fines de los a\u00f1os 60. Ha aparecido en m\u00e1s de cuarenta pel\u00edculas, entre los que se incluyen \u00e9xitos de cr\u00edtica tales como El hijo de la novia, Luna de Avellaneda, El aura, Relatos salvajes, o Nueve Reinas. Protagoniz\u00f3 tres pel\u00edculas nominadas a los premios \u00d3scar. Entre sus reconocimientos se incluyen doce nominaciones a los premios C\u00f3ndor de Plata y cuatro a los premios Goya. En 2015 gan\u00f3 la Concha de Plata por su actuaci\u00f3n en la comedia dram\u00e1tica Truman.<\/p>\n<p><strong>Gloria Mar\u00eda Milagrosa Fajardo Garc\u00eda (Gloria Estefan).<\/strong><\/p>\n<p>Cantante, compositora y actriz. (La Habana, 1957) [Ha recogido la distinci\u00f3n en su nombre su prima, Susana Garc\u00eda]<\/p>\n<p>Considerada como la &#8216;Madre del Pop Latino&#8217;, Gloria Estefan ha ganado m\u00faltiples premios y reconocimientos; entre ellos, siete premios Grammy. Posee una estrella en el Paseo de la fama de Hollywood y en el a\u00f1o 2015 el Presidente de los Estados Unidos le entreg\u00f3, junto a su marido, Emilio Estefan, la Medalla de la Libertad de los EE.UU. Es una de las artistas musicales con mayores ventas, ya que ha vendido m\u00e1s de 100 millones de discos en todo el mundo.<\/p>\n<p><strong>Jos\u00e9 Fern\u00e1ndez Torres (Tomatito). Guitarrista flamenco (Almer\u00eda, 1958)<\/strong><\/p>\n<p>Sus inicios profesionales se desarrollaron en M\u00e1laga. Fue en un conocido tablao de aquella zona donde le conoci\u00f3 Camar\u00f3n. A finales de la d\u00e9cada de los setenta, debut\u00f3 cara al gran p\u00fablico en el disco hist\u00f3rico La leyenda del tiempo. Desde entonces, y hasta la prematura desaparici\u00f3n de Camar\u00f3n, Tomatito estar\u00eda a su lado. Ha tocado junto a artistas como Enrique Morente, Jos\u00e9 Merc\u00e9, Vicente Soto, La Susi, El Portugu\u00e9s, Duquende, Aurora, Miguel el Rubio, Pansequito, Carmen Linares. Con su colaboraci\u00f3n art\u00edstica con Michel Camilo, un CD bajo el t\u00edtulo Spain, obtuvo el Grammy Latino por el mejor disco de Jazz Latino. Posteriormente, Tomatito recogi\u00f3 otro Grammy por el mejor disco de flamenco por su acompa\u00f1amiento a Camar\u00f3n en Par\u00eds 1987.<\/p>\n<p><strong>Fundaci\u00f3n Duques de Soria de Ciencia y Cultura Hisp\u00e1nica. Mecenas<\/strong><\/p>\n<p>Instituci\u00f3n cultural sin \u00e1nimo de lucro, con sede en Soria, creada en 1989 por iniciativa y bajo la Presidencia de Honor de S.A.R. la Infanta Do\u00f1a Margarita de Borb\u00f3n y del Excmo. Sr. Don Carlos Zurita, Duques de Soria. Su principal objetivo es colaborar con el Hispanismo internacional y con la Universidad en el estudio y la difusi\u00f3n de la cultura espa\u00f1ola en sentido amplio, con especial referencia a la lengua, mediante la organizaci\u00f3n de actividades acad\u00e9micas complementarias de las programadas por las universidades. La Fundaci\u00f3n apoya a instituciones como la Real Academia Espa\u00f1ola (es miembro fundador de la Fundaci\u00f3n Pro Real Academia Espa\u00f1ola), el Instituto Cervantes, o la Asociaci\u00f3n Internacional de Hispanistas.<\/p>\n<p><strong>Jes\u00fas Rafael Garc\u00eda Hern\u00e1ndez (Rafael Amargo). Bailar\u00edn y core\u00f3grafo (Valderrubio-Granada, 1975)<\/strong><\/p>\n<p>Inspirado en el flamenco puro de sus maestros, ha asimilado tambi\u00e9n otro tipo de tendencias coreogr\u00e1ficas. Sus coreograf\u00edas rebosan una concepci\u00f3n tradicional y a la vez actual. A veces muy cercanas al baile contempor\u00e1neo, nunca pierden el punto de referencia de la esencia del flamenco. Sus espect\u00e1culos se han representado en los mejores festivales y teatros, nacionales, como el GranTeatre del Liceu de Barcelona y Teatro Real, e internacionales, como: la \u00d3pera Nacional de Beijing (China), el Teatro Bolshoi de Mosc\u00fa, el NewYork City Center, el Carneggie Hall y elTown Hall de Nueva York, o el Th\u00e9\u00e2tre des Champs Elys\u00e9es y el Casino de Par\u00eds. Entre los Premios que ha recibido Rafael Amargo y sus espect\u00e1culos destacan cuatro Premios Max de las Artes Esc\u00e9nicas.<\/p>\n<p><strong>Pedro Subijana Reza. Gastronom\u00eda. Cocinero (San Sebasti\u00e1n, 1948)<\/strong><\/p>\n<p>Se form\u00f3 como alumno en la escuela de hosteler\u00eda de Luis Irizar en Zarautz, de la que llegar\u00eda a ser profesor, y tambi\u00e9n en la Escuela de Hosteler\u00eda de Madrid. En 1975, se puso a la cabeza del restaurante &#8216;Akelarre&#8217;, premiado con las m\u00e1s altas distinciones en prestigiosas gu\u00edas gastron\u00f3micas. Actualmente su restaurante cuenta con tres estrellas Michelin. Como profesor, ha impartido cursos gastron\u00f3micos en diversas instituciones americanas y europeas, as\u00ed como en empresas y escuelas de formaci\u00f3n espa\u00f1olas. Tambi\u00e9n ha publicado numerosos libros de cocina y ha presentado en Euskal Telebista el programa de TV &#8216;La cocina de Pedro Subijana&#8217;, con m\u00e1s de 1.400 programas. Ha recibido numerosos premios, como el Premio Nacional de Gastronom\u00eda al Mejor Cocinero, el Premio Club Gourmets al Mejor Cocinero de Espa\u00f1a, el Premio Alimentos de Espa\u00f1a, el tambor de oro de San Sebasti\u00e1n y en el 2016 recibe el Premio Nacional de Gastronom\u00eda Lola Torres en O Grove.<\/p>\n<p><strong>Jos\u00e9 Iranzo Bielsa (Pastor de Andorra).<\/strong><\/p>\n<p>Cantante de jota (a t\u00edtulo p\u00f3stumo) (Andorra, 1915) [Ha recogido la distinci\u00f3n en su nombre su hijo, Jos\u00e9 Luis Iranzo]<\/p>\n<p>De familia humilde, a los ocho a\u00f1os ya se dedicaba al pastoreo. Jos\u00e9 Iranzo Bielsa, &#8216;El Pastor de Andorra&#8217;, dedic\u00f3 su vida al pastoreo en Teruel y a interpretar jotas en los m\u00e1s variados escenarios de todo el mundo. Est\u00e1 considerado como un hombre de gran intuici\u00f3n musical y representa la libertad interpretativa que, aunque sin atenderse a c\u00e1nones, es de gran pureza. &#8216;El Pastor de Andorra&#8217; recibi\u00f3 numerosos premios y condecoraciones, el Primer Premio en el Certamen Oficial de Jota de 1943 y el extraordinario de 1974, la Cruz de San Jorge, el Premio Arag\u00f3n, la Medalla al m\u00e9rito Cultural del Gobierno de Arag\u00f3n y la Medalla de las Cortes de Arag\u00f3n.<\/p>\n<p><strong>Juli\u00e1n L\u00f3pez Escobar (El Juli). Matador de toros (Madrid, 1982)<\/strong><\/p>\n<p>Tiene antecedentes taurinos, pues su padre, de mismo nombre y apodo, fue novillero y posteriormente banderillero. La familia de su madre, Manuela Escobar, tambi\u00e9n ha estado cerca del toreo, como empresarios, sobre todo de plazas de la provincia de Toledo. Tras varios a\u00f1os como becerrista, en los que impacta por una innata precocidad, decide debutar con picadores. Por motivos de su corta edad no lo puede hacer en Espa\u00f1a, por lo que decide viajar a M\u00e9xico, donde se convierte en un \u00eddolo. Destacadas faenas en las plazas espa\u00f1olas y americanas m\u00e1s importantes lo han encumbrado como una de las principales figuras de la tauromaquia.<\/p>\n<p><strong>Mag\u00fci Mira Franco. Actriz y directora teatral (Valencia, 1944)<\/strong><\/p>\n<p>Como actriz, ha participado m\u00e1s de 30 producciones de cine y televisi\u00f3n y ha sido dirigida por Lluis Pascual, Pilar Mir\u00f3, Sanch\u00eds Sinisterra, Alonso de Santos y William Layton, entre otros. Como directora teatral ha llevado a cabo m\u00e1s de 10 montajes. Ha recibido dos premios Ercilla, el premio \u00c1gora, el premio Mar\u00eda Guerrero, y un premio Ceres. Fue galardonada, junto a Jos\u00e9 Luis Pellicena, con el premio Celestina por la obra Escenas de matrimonio adaptaci\u00f3n teatral de la pel\u00edcula Secretos de un matrimonio de Ingmar Bergman. Es socia fundadora del grupo Teatro Fronterizo y, desde 2014, es miembro de la Academia de las Artes Esc\u00e9nicas.<\/p>\n<p><strong>Guy Philippe Henri Lannes de Montebello<\/strong><\/p>\n<p>Director de museo (Par\u00eds, 1936) [Ha recogido la distinci\u00f3n en su nombre el director de la New York University Madrid, Robert Lubar]<\/p>\n<p>Con la excepci\u00f3n de cuatro a\u00f1os como director del Museum of Fine Arts de Houston, ha desarrollado toda su carrera profesional, iniciada en 1963, en el Metropolitan, primero como conservador en el Departamento de Pintura Europea, m\u00e1s tarde como conservador jefe y, por \u00faltimo, en 1977, como director, cargo que ocup\u00f3 hasta 2008. En 2003, el presidente G. W. Bush otorg\u00f3 a Montebello la National Medal of the Arts, y en 2009, el presidente Barack Obama lo reconoci\u00f3 con la National Medal of the Humanities. En 2009 fue titular de la primera C\u00e1tedra del Museo del Prado e inici\u00f3 una nueva carrera acad\u00e9mica como catedr\u00e1tico de Historia y Cultura de Museos en el Institute of Fine Arts de la Universidad de Nueva York. En 2012 fue nombrado Patrono de Honor del Museo del Prado. Ese mismo a\u00f1o tambi\u00e9n fue designado miembro de la Academia Francesa de Bellas Artes. Montebello es oficial de la L\u00e9gion d&#8217;Honneur y, entre otros t\u00edtulos, Doctor Honoris Causa por la Universidad de Harvard.<\/p>\n<p><strong>Orfe\u00f3n Pamplon\u00e9s. Instituci\u00f3n musical coral<\/strong><\/p>\n<p>El Orfe\u00f3n Pamplon\u00e9s es una de las instituciones musicales m\u00e1s antiguas y vivas de Europa en su categor\u00eda. Lo constituyen sus diferentes socios. Ellos son los responsables de mantener el legado y configurar el futuro de la instituci\u00f3n. La misi\u00f3n del Orfe\u00f3n Pamplon\u00e9s es el cultivo, desarrollo y difusi\u00f3n de la m\u00fasica en todas sus manifestaciones (en particular la m\u00fasica coral), representando culturalmente a Pamplona y Navarra, con vocaci\u00f3n de servicio a la sociedad: mediante el desarrollo de coros de m\u00e1xima calidad, t\u00e9cnica y humana; la gesti\u00f3n, conservaci\u00f3n y desarrollo de su saber hacer y su patrimonio desde 1865, el apoyo a la innovaci\u00f3n musical; la formaci\u00f3n y acercamiento de la m\u00fasica a la sociedad; su liderazgo como Instituci\u00f3n y la difusi\u00f3n de sus actividades.<\/p>\n<p><strong>Helena Pimenta Hern\u00e1ndez Directora de la Compa\u00f1\u00eda Nacional de Teatro Cl\u00e1sico (Salamanca, 1955)<\/strong><\/p>\n<p>Licenciada en Filolog\u00eda Inglesa y Francesa por la Universidad de Salamanca. Desde 1986 es directora de escena, habiendo recibido numerosos premios, entre los que destaca el Nacional de Teatro en 1993. En 1978 fund\u00f3 la compa\u00f1\u00eda Atelier y en 1987, cre\u00f3 la Compa\u00f1\u00eda UR Teatro-Antzerkia de la que fue directora art\u00edstica. En 1992 inicia una trilog\u00eda sobre las obras de William Shakespeare: Sue\u00f1o de una noche de verano (1992), Romeo y Julieta (1995) y Trabajos de amor perdidos (1998); que la ha convertido en una de las especialistas sobre este autor, recibiendo hasta la fecha m\u00e1s de 20 premios nacionales e internacionales y el reconocimiento un\u00e1nime de p\u00fablico y cr\u00edtica. Desde septiembre de 2011 es directora de la Compa\u00f1\u00eda Nacional de Teatro Cl\u00e1sico (CNTC).<\/p>\n<p><strong>Mar\u00eda Martha Argerich. Pianista (Buenos Aires, 1941)<\/strong><\/p>\n<p>Como pianista cl\u00e1sica, est\u00e1 considerada como una de las m\u00e1ximas exponentes de su generaci\u00f3n. Destacan sus interpretaciones de Fr\u00e9d\u00e9ric Chopin, Franz Liszt, Johann Sebastian Bach, Robert Schumann, Maurice Ravel, Sergu\u00e9i Prok\u00f3fiev y Sergu\u00e9i Rajm\u00e1ninov. A lo largo de su carrera ha obtenido numerosos premios y reconocimientos, como el Premio Konex de Platino, el Premio Konex de Brillante, tres Premios Grammy (2000, 2005 y 2006) y recientemente, en el 2016, el Presidente de los Estados Unidos le ha otorgado el Premio Kennedy.<\/p>\n<p><strong>Manuel Borr\u00e1s Arana. Editor (Valencia,1952)<\/strong><\/p>\n<p>Licenciado en Filolog\u00eda Moderna, con especialidad en alem\u00e1n e ingl\u00e9s, realiz\u00f3 trabajos acad\u00e9micos de german\u00edstica, y sobre el Expresionismo alem\u00e1n y austr\u00edaco. En 1976 fund\u00f3 en Valencia, junto a Manuel Ram\u00edrez y Silvia Pratdesaba, la editorial independiente Pre-Textos, una de las m\u00e1s importantes de Espa\u00f1a, ocupando el puesto de editor literario. En 1997 recibi\u00f3 el Premio Nacional a la Mejor Labor Editorial y en 2015 el Premio Liber de la Federaci\u00f3n de Gremios de Editores de Espa\u00f1a.<\/p>\n<p><strong>Mar\u00eda Rosa Calvo-Manzano Ruiz-Horn. Arpista (Madrid, 1946)<\/strong><\/p>\n<p>Catedr\u00e1tica de Arpa y solista de este instrumento en la Orquesta Sinf\u00f3nica de Radio Televisi\u00f3n Espa\u00f1ola. Creadora de una teor\u00eda que ha sido materia como asignatura optativa en el curr\u00edculo superior en el Real Conservatorio Superior de M\u00fasica de Madrid, T\u00e9cnicas ARLU. Entre las distinciones que ha recibido destacan: el Lazo de Isabel la Cat\u00f3lica y la Encomienda de la Orden Civil de Alfonso X el Sabio (1997).<\/p>\n<p><strong>Miguel Mart\u00edn. Director del Festival de Jazz de San Sebasti\u00e1n. (Donostia-San Sebasti\u00e1n)<\/strong><\/p>\n<p>Miguel Mart\u00edn lleva casi toda su vida profesional al frente del Festival de Jazz de San Sebasti\u00e1n, que ahora cumple medio siglo. Durante 35 a\u00f1os ha programado a los artistas m\u00e1s importantes de este g\u00e9nero y llevado al Festival a convertirse en una referencia internacional.<\/p>\n<p><strong>Miquel Mil\u00e0 i Sagnier. Dise\u00f1ador industrial (Barcelona, 1931)<\/strong><\/p>\n<p>Miembro de la generaci\u00f3n de los pioneros del dise\u00f1o de los a\u00f1os 50, ha visto c\u00f3mo algunos de sus muebles y l\u00e1mparas se han convertido en aut\u00e9nticos cl\u00e1sicos. Ante la escasez de objetos, medios y materias primas de la \u00e9poca, pronto empez\u00f3 a dise\u00f1ar sus propios muebles y l\u00e1mparas, comenz\u00f3 a producir a trav\u00e9s de su empresa, &#8216;Tramo&#8217; montada con dos amigos, los arquitectos F. Ribas Barang\u00e9 y E. P\u00e9rez Ullibarri. Ha participado junto a los dise\u00f1adores y arquitectos de la \u00e9poca en las primeras reuniones en Barcelona para promover el dise\u00f1o e implantar su pr\u00e1ctica profesional, derivadas del debate sobre la modernidad arquitect\u00f3nica y que acabar\u00e1n en la creaci\u00f3n del ADI FAD. Hoy es una referencia del dise\u00f1o espa\u00f1ol.<\/p>\n<p><strong>Julia Uceda Valiente. Poeta (Sevilla, 1925)<\/strong><\/p>\n<p>Licenciada en Filosof\u00eda y Letras en la Universidad Hispalense, donde ejerci\u00f3 la ense\u00f1anza durante algunos a\u00f1os, obtuvo el Doctorado, por la misma Universidad, con una tesis sobre el poeta Jos\u00e9 Luis Hidalgo. Fue Catedr\u00e1tica en Michigan State University desde 1965 hasta 1973. Ha ejercido de catedr\u00e1tica de Literatura Espa\u00f1ola de Institutos Nacionales de Ense\u00f1anza Media y de Escuelas Universitarias. Funda y codirige el Premio Esqu\u00edo y la Colecci\u00f3n de Poes\u00eda del mismo nombre con Fernando Bores y, La barca de loto, con Sara Pujol. Obtuvo el Premio Adon\u00e1is, en 1961, por Extra\u00f1a Juventud; el Premio Nacional de Poes\u00eda, en 2003, por En el viento, hacia el mar; el Premio de la Cr\u00edtica, en 2006, por Zona desconocida y, tambi\u00e9n en 2006, se le concedi\u00f3 el Premio Andaluc\u00eda de las Letras \u00abLuis de G\u00f3ngora y Argote\u00bb. Poemas suyos han sido traducidos al portugu\u00e9s, italiano, ingl\u00e9s, chino y hebreo, integrados en antolog\u00edas y editados en diversas publicaciones espa\u00f1olas, italianas, norteamericanas y chinas.<\/p>\n<p><strong>Leopoldo Zugaza Fern\u00e1ndez. Editor y promotor cultural (Durango, 1932)<\/strong><\/p>\n<p>Fundador de la Asociaci\u00f3n &#8216;Guerediaga&#8217; y de &#8216;Euskarazaleak&#8217;. En 1985 funda el Museo de Arte e Historia de Durango; confundador del &#8216;Photomuseum&#8217; de Zarautz. Fue asesor del Departamento de Cultura de la Caja de Ahorros de Vizca\u00edna. Miembro de la Junta del Patronato del Museo Bellas Artes de Bilbao, as\u00ed como del Instituto Labayru, la RSBAP, Eusko Ikaskuntza y del consejo de redacci\u00f3n del bolet\u00edn de la Funcaci\u00f3n &#8216;Sancho el Sabio&#8217;. Tambi\u00e9n ha desarrollado la faceta de editor. En los primeros 90 funda tambi\u00e9n en Zarautz Olerti Etxea, un proyecto de promoci\u00f3n literaria; adem\u00e1s, impuls\u00f3 la creaci\u00f3n del Instituto Bibliogr\u00e1phico Manuel de Larramendi, la revista De re bibliograophica, y la realizaci\u00f3n del Primer Congreso de Bibliograf\u00eda celebrado en Zarautz en 2011.<\/p>\n","protected":false},"excerpt":{"rendered":"<p>Sus Majestades los Reyes de Espa\u00f1a, acompa\u00f1ados por el ministro de Educaci\u00f3n, Cultura y Deporte, \u00cd\u00f1igo M\u00e9ndez de Vigo, han entregado en el Centro Pompidou de M\u00e1laga las Medallas de Oro al M\u00e9rito en las Bellas Artes 2016. Este galard\u00f3n, concedido por el Consejo de Ministros, a propuesta del ministro de Educaci\u00f3n, Cultura y Deporte, [&hellip;]<\/p>\n","protected":false},"author":1,"featured_media":968092,"comment_status":"closed","ping_status":"closed","sticky":false,"template":"","format":"standard","meta":{"footnotes":""},"categories":[1],"tags":[],"class_list":["post-968091","post","type-post","status-publish","format-standard","has-post-thumbnail","hentry","category-actualidad"],"aioseo_notices":[],"aioseo_head":"\n\t\t<!-- All in One SEO Pro 5.0.1 - aioseo.com -->\n\t<meta name=\"description\" content=\"Sus Majestades los Reyes de Espa\u00f1a, acompa\u00f1ados por el ministro de Educaci\u00f3n, Cultura y Deporte, \u00cd\u00f1igo M\u00e9ndez de Vigo, han entregado en el Centro Pompidou de M\u00e1laga las Medallas de Oro al M\u00e9rito en las Bellas Artes 2016. Este galard\u00f3n, concedido por el Consejo de Ministros, a propuesta del ministro de Educaci\u00f3n, Cultura y Deporte,\" \/>\n\t<meta name=\"robots\" content=\"max-image-preview:large\" \/>\n\t<meta name=\"author\" content=\"El Digital de Asturias\"\/>\n\t<meta name=\"google-site-verification\" content=\"UA-38556648-1\" \/>\n\t<meta name=\"msvalidate.01\" content=\"7dfe9f3f1b24437ab69f4f2559babe99\" \/>\n\t<meta name=\"keywords\" content=\"actualidad\" \/>\n\t<link rel=\"canonical\" href=\"https:\/\/www.eldigitaldeasturias.com\/noticias\/los-reyes-de-espana-entregan-las-medallas-de-oro-al-merito-a-las-bellas-artes-2016\/\" \/>\n\t<meta name=\"generator\" content=\"All in One SEO Pro (AIOSEO) 5.0.1\" \/>\n\t\t<meta property=\"og:locale\" content=\"es_ES\" \/>\n\t\t<meta property=\"og:site_name\" content=\"El Digital de Asturias\" \/>\n\t\t<meta property=\"og:type\" content=\"article\" \/>\n\t\t<meta property=\"og:title\" content=\"Los Reyes de Espa\u00f1a entregan las Medallas de Oro al M\u00e9rito a las Bellas Artes 2016 - El Digital de Asturias\" \/>\n\t\t<meta property=\"og:description\" content=\"Sus Majestades los Reyes de Espa\u00f1a, acompa\u00f1ados por el ministro de Educaci\u00f3n, Cultura y Deporte, \u00cd\u00f1igo M\u00e9ndez de Vigo, han entregado en el Centro Pompidou de M\u00e1laga las Medallas de Oro al M\u00e9rito en las Bellas Artes 2016. Este galard\u00f3n, concedido por el Consejo de Ministros, a propuesta del ministro de Educaci\u00f3n, Cultura y Deporte,\" \/>\n\t\t<meta property=\"og:url\" content=\"https:\/\/www.eldigitaldeasturias.com\/noticias\/los-reyes-de-espana-entregan-las-medallas-de-oro-al-merito-a-las-bellas-artes-2016\/\" \/>\n\t\t<meta property=\"article:tag\" content=\"actualidad\" \/>\n\t\t<meta property=\"article:published_time\" content=\"2018-02-06T20:00:37+00:00\" \/>\n\t\t<meta property=\"article:modified_time\" content=\"2018-02-06T20:00:37+00:00\" \/>\n\t\t<meta property=\"article:publisher\" content=\"https:\/\/facebook.com\/eldigitaldeasturias\" \/>\n\t\t<meta name=\"twitter:card\" content=\"summary_large_image\" \/>\n\t\t<meta name=\"twitter:title\" content=\"Los Reyes de Espa\u00f1a entregan las Medallas de Oro al M\u00e9rito a las Bellas Artes 2016 - El Digital de Asturias\" \/>\n\t\t<meta name=\"twitter:description\" content=\"Sus Majestades los Reyes de Espa\u00f1a, acompa\u00f1ados por el ministro de Educaci\u00f3n, Cultura y Deporte, \u00cd\u00f1igo M\u00e9ndez de Vigo, han entregado en el Centro Pompidou de M\u00e1laga las Medallas de Oro al M\u00e9rito en las Bellas Artes 2016. Este galard\u00f3n, concedido por el Consejo de Ministros, a propuesta del ministro de Educaci\u00f3n, Cultura y Deporte,\" \/>\n\t\t<meta name=\"twitter:image\" content=\"https:\/\/www.eldigitaldeasturias.com\/noticias\/wp-content\/uploads\/2020\/12\/EDA-1.jpg\" \/>\n\t\t<meta name=\"twitter:label1\" content=\"Escrito por\" \/>\n\t\t<meta name=\"twitter:data1\" content=\"El Digital de Asturias\" \/>\n\t\t<meta name=\"twitter:label2\" content=\"Tiempo de lectura estimado\" \/>\n\t\t<meta name=\"twitter:data2\" content=\"15 minutos\" \/>\n\t\t<script type=\"application\/ld+json\" class=\"aioseo-schema\">\n\t\t\t{\"@context\":\"https:\\\/\\\/schema.org\",\"@graph\":[{\"@type\":\"BlogPosting\",\"@id\":\"https:\\\/\\\/www.eldigitaldeasturias.com\\\/noticias\\\/los-reyes-de-espana-entregan-las-medallas-de-oro-al-merito-a-las-bellas-artes-2016\\\/#blogposting\",\"name\":\"Los Reyes de Espa\\u00f1a entregan las Medallas de Oro al M\\u00e9rito a las Bellas Artes 2016 - El Digital de Asturias\",\"headline\":\"Los Reyes de Espa\\u00f1a entregan las Medallas de Oro al M\\u00e9rito a las Bellas Artes 2016\",\"author\":{\"@id\":\"https:\\\/\\\/www.eldigitaldeasturias.com\\\/noticias\\\/author\\\/admin\\\/#author\"},\"publisher\":{\"@id\":\"https:\\\/\\\/www.eldigitaldeasturias.com\\\/noticias\\\/#organization\"},\"image\":{\"@type\":\"ImageObject\",\"url\":968092},\"datePublished\":\"2018-02-06T20:00:37+01:00\",\"dateModified\":\"2018-02-06T20:00:37+01:00\",\"inLanguage\":\"es-ES\",\"mainEntityOfPage\":{\"@id\":\"https:\\\/\\\/www.eldigitaldeasturias.com\\\/noticias\\\/los-reyes-de-espana-entregan-las-medallas-de-oro-al-merito-a-las-bellas-artes-2016\\\/#webpage\"},\"isPartOf\":{\"@id\":\"https:\\\/\\\/www.eldigitaldeasturias.com\\\/noticias\\\/los-reyes-de-espana-entregan-las-medallas-de-oro-al-merito-a-las-bellas-artes-2016\\\/#webpage\"},\"articleSection\":\"Actualidad\"},{\"@type\":\"BreadcrumbList\",\"@id\":\"https:\\\/\\\/www.eldigitaldeasturias.com\\\/noticias\\\/los-reyes-de-espana-entregan-las-medallas-de-oro-al-merito-a-las-bellas-artes-2016\\\/#breadcrumblist\",\"itemListElement\":[{\"@type\":\"ListItem\",\"@id\":\"https:\\\/\\\/www.eldigitaldeasturias.com\\\/noticias#listItem\",\"position\":1,\"name\":\"Home\",\"item\":\"https:\\\/\\\/www.eldigitaldeasturias.com\\\/noticias\",\"nextItem\":{\"@type\":\"ListItem\",\"@id\":\"https:\\\/\\\/www.eldigitaldeasturias.com\\\/noticias\\\/category\\\/actualidad\\\/#listItem\",\"name\":\"Actualidad\"}},{\"@type\":\"ListItem\",\"@id\":\"https:\\\/\\\/www.eldigitaldeasturias.com\\\/noticias\\\/category\\\/actualidad\\\/#listItem\",\"position\":2,\"name\":\"Actualidad\",\"item\":\"https:\\\/\\\/www.eldigitaldeasturias.com\\\/noticias\\\/category\\\/actualidad\\\/\",\"nextItem\":{\"@type\":\"ListItem\",\"@id\":\"https:\\\/\\\/www.eldigitaldeasturias.com\\\/noticias\\\/los-reyes-de-espana-entregan-las-medallas-de-oro-al-merito-a-las-bellas-artes-2016\\\/#listItem\",\"name\":\"Los Reyes de Espa\\u00f1a entregan las Medallas de Oro al M\\u00e9rito a las Bellas Artes 2016\"},\"previousItem\":{\"@type\":\"ListItem\",\"@id\":\"https:\\\/\\\/www.eldigitaldeasturias.com\\\/noticias#listItem\",\"name\":\"Home\"}},{\"@type\":\"ListItem\",\"@id\":\"https:\\\/\\\/www.eldigitaldeasturias.com\\\/noticias\\\/los-reyes-de-espana-entregan-las-medallas-de-oro-al-merito-a-las-bellas-artes-2016\\\/#listItem\",\"position\":3,\"name\":\"Los Reyes de Espa\\u00f1a entregan las Medallas de Oro al M\\u00e9rito a las Bellas Artes 2016\",\"previousItem\":{\"@type\":\"ListItem\",\"@id\":\"https:\\\/\\\/www.eldigitaldeasturias.com\\\/noticias\\\/category\\\/actualidad\\\/#listItem\",\"name\":\"Actualidad\"}}]},{\"@type\":\"Organization\",\"@id\":\"https:\\\/\\\/www.eldigitaldeasturias.com\\\/noticias\\\/#organization\",\"name\":\"El Digital de Asturias\",\"description\":\"Hemeroteca\",\"url\":\"https:\\\/\\\/www.eldigitaldeasturias.com\\\/noticias\\\/\",\"email\":\"info@eldigitaldeasturias.com\",\"telephone\":\"+34652131393\",\"logo\":{\"@type\":\"ImageObject\",\"url\":\"https:\\\/\\\/www.eldigitaldeasturias.com\\\/noticias\\\/wp-content\\\/uploads\\\/2020\\\/12\\\/EDA.jpg\",\"@id\":\"https:\\\/\\\/www.eldigitaldeasturias.com\\\/noticias\\\/los-reyes-de-espana-entregan-las-medallas-de-oro-al-merito-a-las-bellas-artes-2016\\\/#organizationLogo\"},\"image\":{\"@id\":\"https:\\\/\\\/www.eldigitaldeasturias.com\\\/noticias\\\/los-reyes-de-espana-entregan-las-medallas-de-oro-al-merito-a-las-bellas-artes-2016\\\/#organizationLogo\"},\"sameAs\":[\"https:\\\/\\\/facebook.com\\\/eldigitaldeasturias\",\"https:\\\/\\\/www.youtube.com\\\/channel\\\/UCZP-2wLEB9Rv6erhFmqVnvg\"],\"address\":{\"@id\":\"https:\\\/\\\/www.eldigitaldeasturias.com\\\/noticias\\\/#postaladdress\",\"@type\":\"PostalAddress\",\"streetAddress\":\"san antonio 4\",\"postalCode\":\"33430\",\"addressLocality\":\"Cand\\u00e1s\",\"addressRegion\":\"Asturias\",\"addressCountry\":\"ES\"}},{\"@type\":\"Person\",\"@id\":\"https:\\\/\\\/www.eldigitaldeasturias.com\\\/noticias\\\/author\\\/admin\\\/#author\",\"url\":\"https:\\\/\\\/www.eldigitaldeasturias.com\\\/noticias\\\/author\\\/admin\\\/\",\"name\":\"El Digital de Asturias\",\"image\":{\"@type\":\"ImageObject\",\"@id\":\"https:\\\/\\\/www.eldigitaldeasturias.com\\\/noticias\\\/los-reyes-de-espana-entregan-las-medallas-de-oro-al-merito-a-las-bellas-artes-2016\\\/#authorImage\",\"url\":\"https:\\\/\\\/secure.gravatar.com\\\/avatar\\\/df2aeffc32bcd13f8d26072ef8a91b623d677766deac7f97ca815868cd41bf5e?s=96&d=mm&r=g\",\"width\":96,\"height\":96,\"caption\":\"El Digital de Asturias\"}},{\"@type\":\"WebPage\",\"@id\":\"https:\\\/\\\/www.eldigitaldeasturias.com\\\/noticias\\\/los-reyes-de-espana-entregan-las-medallas-de-oro-al-merito-a-las-bellas-artes-2016\\\/#webpage\",\"url\":\"https:\\\/\\\/www.eldigitaldeasturias.com\\\/noticias\\\/los-reyes-de-espana-entregan-las-medallas-de-oro-al-merito-a-las-bellas-artes-2016\\\/\",\"name\":\"Los Reyes de Espa\\u00f1a entregan las Medallas de Oro al M\\u00e9rito a las Bellas Artes 2016 - El Digital de Asturias\",\"description\":\"Sus Majestades los Reyes de Espa\\u00f1a, acompa\\u00f1ados por el ministro de Educaci\\u00f3n, Cultura y Deporte, \\u00cd\\u00f1igo M\\u00e9ndez de Vigo, han entregado en el Centro Pompidou de M\\u00e1laga las Medallas de Oro al M\\u00e9rito en las Bellas Artes 2016. Este galard\\u00f3n, concedido por el Consejo de Ministros, a propuesta del ministro de Educaci\\u00f3n, Cultura y Deporte,\",\"inLanguage\":\"es-ES\",\"isPartOf\":{\"@id\":\"https:\\\/\\\/www.eldigitaldeasturias.com\\\/noticias\\\/#website\"},\"breadcrumb\":{\"@id\":\"https:\\\/\\\/www.eldigitaldeasturias.com\\\/noticias\\\/los-reyes-de-espana-entregan-las-medallas-de-oro-al-merito-a-las-bellas-artes-2016\\\/#breadcrumblist\"},\"author\":{\"@id\":\"https:\\\/\\\/www.eldigitaldeasturias.com\\\/noticias\\\/author\\\/admin\\\/#author\"},\"creator\":{\"@id\":\"https:\\\/\\\/www.eldigitaldeasturias.com\\\/noticias\\\/author\\\/admin\\\/#author\"},\"image\":{\"@type\":\"ImageObject\",\"url\":968092,\"@id\":\"https:\\\/\\\/www.eldigitaldeasturias.com\\\/noticias\\\/los-reyes-de-espana-entregan-las-medallas-de-oro-al-merito-a-las-bellas-artes-2016\\\/#mainImage\"},\"primaryImageOfPage\":{\"@id\":\"https:\\\/\\\/www.eldigitaldeasturias.com\\\/noticias\\\/los-reyes-de-espana-entregan-las-medallas-de-oro-al-merito-a-las-bellas-artes-2016\\\/#mainImage\"},\"datePublished\":\"2018-02-06T20:00:37+01:00\",\"dateModified\":\"2018-02-06T20:00:37+01:00\"},{\"@type\":\"WebSite\",\"@id\":\"https:\\\/\\\/www.eldigitaldeasturias.com\\\/noticias\\\/#website\",\"url\":\"https:\\\/\\\/www.eldigitaldeasturias.com\\\/noticias\\\/\",\"name\":\"El Digital de Asturias - Diario de actualidad y noticias\",\"alternateName\":\"El Digital de Asturias - Diario de actualidad y noticias\",\"description\":\"Hemeroteca\",\"inLanguage\":\"es-ES\",\"publisher\":{\"@id\":\"https:\\\/\\\/www.eldigitaldeasturias.com\\\/noticias\\\/#organization\"}}]}\n\t\t<\/script>\n\t\t<!-- All in One SEO Pro -->\r\n\t\t<title>Los Reyes de Espa\u00f1a entregan las Medallas de Oro al M\u00e9rito a las Bellas Artes 2016 - El Digital de Asturias<\/title>\n\n","aioseo_head_json":{"title":"Los Reyes de Espa\u00f1a entregan las Medallas de Oro al M\u00e9rito a las Bellas Artes 2016 - El Digital de Asturias","description":"Sus Majestades los Reyes de Espa\u00f1a, acompa\u00f1ados por el ministro de Educaci\u00f3n, Cultura y Deporte, \u00cd\u00f1igo M\u00e9ndez de Vigo, han entregado en el Centro Pompidou de M\u00e1laga las Medallas de Oro al M\u00e9rito en las Bellas Artes 2016. Este galard\u00f3n, concedido por el Consejo de Ministros, a propuesta del ministro de Educaci\u00f3n, Cultura y Deporte,","canonical_url":"https:\/\/www.eldigitaldeasturias.com\/noticias\/los-reyes-de-espana-entregan-las-medallas-de-oro-al-merito-a-las-bellas-artes-2016\/","robots":"max-image-preview:large","keywords":"actualidad","webmasterTools":{"google-site-verification":"UA-38556648-1","msvalidate.01":"7dfe9f3f1b24437ab69f4f2559babe99","miscellaneous":""},"schema":{"@context":"https:\/\/schema.org","@graph":[{"@type":"BlogPosting","@id":"https:\/\/www.eldigitaldeasturias.com\/noticias\/los-reyes-de-espana-entregan-las-medallas-de-oro-al-merito-a-las-bellas-artes-2016\/#blogposting","name":"Los Reyes de Espa\u00f1a entregan las Medallas de Oro al M\u00e9rito a las Bellas Artes 2016 - El Digital de Asturias","headline":"Los Reyes de Espa\u00f1a entregan las Medallas de Oro al M\u00e9rito a las Bellas Artes 2016","author":{"@id":"https:\/\/www.eldigitaldeasturias.com\/noticias\/author\/admin\/#author"},"publisher":{"@id":"https:\/\/www.eldigitaldeasturias.com\/noticias\/#organization"},"image":{"@type":"ImageObject","url":968092},"datePublished":"2018-02-06T20:00:37+01:00","dateModified":"2018-02-06T20:00:37+01:00","inLanguage":"es-ES","mainEntityOfPage":{"@id":"https:\/\/www.eldigitaldeasturias.com\/noticias\/los-reyes-de-espana-entregan-las-medallas-de-oro-al-merito-a-las-bellas-artes-2016\/#webpage"},"isPartOf":{"@id":"https:\/\/www.eldigitaldeasturias.com\/noticias\/los-reyes-de-espana-entregan-las-medallas-de-oro-al-merito-a-las-bellas-artes-2016\/#webpage"},"articleSection":"Actualidad"},{"@type":"BreadcrumbList","@id":"https:\/\/www.eldigitaldeasturias.com\/noticias\/los-reyes-de-espana-entregan-las-medallas-de-oro-al-merito-a-las-bellas-artes-2016\/#breadcrumblist","itemListElement":[{"@type":"ListItem","@id":"https:\/\/www.eldigitaldeasturias.com\/noticias#listItem","position":1,"name":"Home","item":"https:\/\/www.eldigitaldeasturias.com\/noticias","nextItem":{"@type":"ListItem","@id":"https:\/\/www.eldigitaldeasturias.com\/noticias\/category\/actualidad\/#listItem","name":"Actualidad"}},{"@type":"ListItem","@id":"https:\/\/www.eldigitaldeasturias.com\/noticias\/category\/actualidad\/#listItem","position":2,"name":"Actualidad","item":"https:\/\/www.eldigitaldeasturias.com\/noticias\/category\/actualidad\/","nextItem":{"@type":"ListItem","@id":"https:\/\/www.eldigitaldeasturias.com\/noticias\/los-reyes-de-espana-entregan-las-medallas-de-oro-al-merito-a-las-bellas-artes-2016\/#listItem","name":"Los Reyes de Espa\u00f1a entregan las Medallas de Oro al M\u00e9rito a las Bellas Artes 2016"},"previousItem":{"@type":"ListItem","@id":"https:\/\/www.eldigitaldeasturias.com\/noticias#listItem","name":"Home"}},{"@type":"ListItem","@id":"https:\/\/www.eldigitaldeasturias.com\/noticias\/los-reyes-de-espana-entregan-las-medallas-de-oro-al-merito-a-las-bellas-artes-2016\/#listItem","position":3,"name":"Los Reyes de Espa\u00f1a entregan las Medallas de Oro al M\u00e9rito a las Bellas Artes 2016","previousItem":{"@type":"ListItem","@id":"https:\/\/www.eldigitaldeasturias.com\/noticias\/category\/actualidad\/#listItem","name":"Actualidad"}}]},{"@type":"Organization","@id":"https:\/\/www.eldigitaldeasturias.com\/noticias\/#organization","name":"El Digital de Asturias","description":"Hemeroteca","url":"https:\/\/www.eldigitaldeasturias.com\/noticias\/","email":"info@eldigitaldeasturias.com","telephone":"+34652131393","logo":{"@type":"ImageObject","url":"https:\/\/www.eldigitaldeasturias.com\/noticias\/wp-content\/uploads\/2020\/12\/EDA.jpg","@id":"https:\/\/www.eldigitaldeasturias.com\/noticias\/los-reyes-de-espana-entregan-las-medallas-de-oro-al-merito-a-las-bellas-artes-2016\/#organizationLogo"},"image":{"@id":"https:\/\/www.eldigitaldeasturias.com\/noticias\/los-reyes-de-espana-entregan-las-medallas-de-oro-al-merito-a-las-bellas-artes-2016\/#organizationLogo"},"sameAs":["https:\/\/facebook.com\/eldigitaldeasturias","https:\/\/www.youtube.com\/channel\/UCZP-2wLEB9Rv6erhFmqVnvg"],"address":{"@id":"https:\/\/www.eldigitaldeasturias.com\/noticias\/#postaladdress","@type":"PostalAddress","streetAddress":"san antonio 4","postalCode":"33430","addressLocality":"Cand\u00e1s","addressRegion":"Asturias","addressCountry":"ES"}},{"@type":"Person","@id":"https:\/\/www.eldigitaldeasturias.com\/noticias\/author\/admin\/#author","url":"https:\/\/www.eldigitaldeasturias.com\/noticias\/author\/admin\/","name":"El Digital de Asturias","image":{"@type":"ImageObject","@id":"https:\/\/www.eldigitaldeasturias.com\/noticias\/los-reyes-de-espana-entregan-las-medallas-de-oro-al-merito-a-las-bellas-artes-2016\/#authorImage","url":"https:\/\/secure.gravatar.com\/avatar\/df2aeffc32bcd13f8d26072ef8a91b623d677766deac7f97ca815868cd41bf5e?s=96&d=mm&r=g","width":96,"height":96,"caption":"El Digital de Asturias"}},{"@type":"WebPage","@id":"https:\/\/www.eldigitaldeasturias.com\/noticias\/los-reyes-de-espana-entregan-las-medallas-de-oro-al-merito-a-las-bellas-artes-2016\/#webpage","url":"https:\/\/www.eldigitaldeasturias.com\/noticias\/los-reyes-de-espana-entregan-las-medallas-de-oro-al-merito-a-las-bellas-artes-2016\/","name":"Los Reyes de Espa\u00f1a entregan las Medallas de Oro al M\u00e9rito a las Bellas Artes 2016 - El Digital de Asturias","description":"Sus Majestades los Reyes de Espa\u00f1a, acompa\u00f1ados por el ministro de Educaci\u00f3n, Cultura y Deporte, \u00cd\u00f1igo M\u00e9ndez de Vigo, han entregado en el Centro Pompidou de M\u00e1laga las Medallas de Oro al M\u00e9rito en las Bellas Artes 2016. Este galard\u00f3n, concedido por el Consejo de Ministros, a propuesta del ministro de Educaci\u00f3n, Cultura y Deporte,","inLanguage":"es-ES","isPartOf":{"@id":"https:\/\/www.eldigitaldeasturias.com\/noticias\/#website"},"breadcrumb":{"@id":"https:\/\/www.eldigitaldeasturias.com\/noticias\/los-reyes-de-espana-entregan-las-medallas-de-oro-al-merito-a-las-bellas-artes-2016\/#breadcrumblist"},"author":{"@id":"https:\/\/www.eldigitaldeasturias.com\/noticias\/author\/admin\/#author"},"creator":{"@id":"https:\/\/www.eldigitaldeasturias.com\/noticias\/author\/admin\/#author"},"image":{"@type":"ImageObject","url":968092,"@id":"https:\/\/www.eldigitaldeasturias.com\/noticias\/los-reyes-de-espana-entregan-las-medallas-de-oro-al-merito-a-las-bellas-artes-2016\/#mainImage"},"primaryImageOfPage":{"@id":"https:\/\/www.eldigitaldeasturias.com\/noticias\/los-reyes-de-espana-entregan-las-medallas-de-oro-al-merito-a-las-bellas-artes-2016\/#mainImage"},"datePublished":"2018-02-06T20:00:37+01:00","dateModified":"2018-02-06T20:00:37+01:00"},{"@type":"WebSite","@id":"https:\/\/www.eldigitaldeasturias.com\/noticias\/#website","url":"https:\/\/www.eldigitaldeasturias.com\/noticias\/","name":"El Digital de Asturias - Diario de actualidad y noticias","alternateName":"El Digital de Asturias - Diario de actualidad y noticias","description":"Hemeroteca","inLanguage":"es-ES","publisher":{"@id":"https:\/\/www.eldigitaldeasturias.com\/noticias\/#organization"}}]},"og:locale":"es_ES","og:site_name":"El Digital de Asturias","og:type":"article","og:title":"Los Reyes de Espa\u00f1a entregan las Medallas de Oro al M\u00e9rito a las Bellas Artes 2016 - El Digital de Asturias","og:description":"Sus Majestades los Reyes de Espa\u00f1a, acompa\u00f1ados por el ministro de Educaci\u00f3n, Cultura y Deporte, \u00cd\u00f1igo M\u00e9ndez de Vigo, han entregado en el Centro Pompidou de M\u00e1laga las Medallas de Oro al M\u00e9rito en las Bellas Artes 2016. Este galard\u00f3n, concedido por el Consejo de Ministros, a propuesta del ministro de Educaci\u00f3n, Cultura y Deporte,","og:url":"https:\/\/www.eldigitaldeasturias.com\/noticias\/los-reyes-de-espana-entregan-las-medallas-de-oro-al-merito-a-las-bellas-artes-2016\/","article:tag":["actualidad"],"article:published_time":"2018-02-06T20:00:37+00:00","article:modified_time":"2018-02-06T20:00:37+00:00","article:publisher":"https:\/\/facebook.com\/eldigitaldeasturias","twitter:card":"summary_large_image","twitter:title":"Los Reyes de Espa\u00f1a entregan las Medallas de Oro al M\u00e9rito a las Bellas Artes 2016 - El Digital de Asturias","twitter:description":"Sus Majestades los Reyes de Espa\u00f1a, acompa\u00f1ados por el ministro de Educaci\u00f3n, Cultura y Deporte, \u00cd\u00f1igo M\u00e9ndez de Vigo, han entregado en el Centro Pompidou de M\u00e1laga las Medallas de Oro al M\u00e9rito en las Bellas Artes 2016. Este galard\u00f3n, concedido por el Consejo de Ministros, a propuesta del ministro de Educaci\u00f3n, Cultura y Deporte,","twitter:image":"https:\/\/www.eldigitaldeasturias.com\/noticias\/wp-content\/uploads\/2020\/12\/EDA-1.jpg","twitter:label1":"Escrito por","twitter:data1":"El Digital de Asturias","twitter:label2":"Tiempo de lectura estimado","twitter:data2":"15 minutos"},"aioseo_meta_data":{"post_id":"968091","title":null,"description":null,"keywords":null,"keyphrases":null,"primary_term":null,"canonical_url":null,"og_title":null,"og_description":null,"og_object_type":"default","og_image_type":"default","og_image_url":null,"og_image_width":null,"og_image_height":null,"og_image_custom_url":null,"og_image_custom_fields":null,"og_video":null,"og_custom_url":null,"og_article_section":null,"og_article_tags":null,"twitter_use_og":false,"twitter_card":"default","twitter_image_type":"default","twitter_image_url":null,"twitter_image_custom_url":null,"twitter_image_custom_fields":null,"twitter_title":null,"twitter_description":null,"schema":{"blockGraphs":[],"customGraphs":[],"default":{"data":{"Article":[],"Course":[],"Dataset":[],"FAQPage":[],"Movie":[],"Person":[],"Product":[],"ProductReview":[],"Car":[],"Recipe":[],"Service":[],"SoftwareApplication":[],"WebPage":[]},"graphName":"","isEnabled":true},"graphs":[],"defaultGraph":"","defaultPostTypeGraph":""},"schema_type":null,"schema_type_options":null,"pillar_content":false,"robots_default":true,"robots_noindex":false,"robots_noarchive":false,"robots_nosnippet":false,"robots_nofollow":false,"robots_noimageindex":false,"robots_noodp":false,"robots_notranslate":false,"robots_max_snippet":null,"robots_max_videopreview":null,"robots_max_imagepreview":"large","priority":null,"frequency":null,"local_seo":null,"seo_analyzer_scan_date":"2025-10-06 21:17:27","breadcrumb_settings":null,"limit_modified_date":false,"open_ai":null,"ai":null,"created":"2020-12-21 12:30:40","updated":"2025-10-06 21:17:27","focus_keyword":null,"additional_keywords":null,"truseo_locale":null},"aioseo_breadcrumb":"<div class=\"aioseo-breadcrumbs\"><span class=\"aioseo-breadcrumb\">\n\t<a href=\"https:\/\/www.eldigitaldeasturias.com\/noticias\" title=\"Home\">Home<\/a>\n<\/span><span class=\"aioseo-breadcrumb-separator\">\u2013<\/span><span class=\"aioseo-breadcrumb\">\n\t<a href=\"https:\/\/www.eldigitaldeasturias.com\/noticias\/category\/actualidad\/\" title=\"Actualidad\">Actualidad<\/a>\n<\/span><span class=\"aioseo-breadcrumb-separator\">\u2013<\/span><span class=\"aioseo-breadcrumb\">\n\t<a href=\"https:\/\/www.eldigitaldeasturias.com\/noticias\/los-reyes-de-espana-entregan-las-medallas-de-oro-al-merito-a-las-bellas-artes-2016\/\" title=\"Los Reyes de Espa\u00f1a entregan las Medallas de Oro al M\u00e9rito a las Bellas Artes 2016\">Los Reyes de Espa\u00f1a entregan las Medallas de Oro al M\u00e9rito a las Bellas Artes 2016<\/a>\n<\/span><\/div>","aioseo_breadcrumb_json":[{"label":"Home","link":"https:\/\/www.eldigitaldeasturias.com\/noticias"},{"label":"Actualidad","link":"https:\/\/www.eldigitaldeasturias.com\/noticias\/category\/actualidad\/"},{"label":"Los Reyes de Espa\u00f1a entregan las Medallas de Oro al M\u00e9rito a las Bellas Artes 2016","link":"https:\/\/www.eldigitaldeasturias.com\/noticias\/los-reyes-de-espana-entregan-las-medallas-de-oro-al-merito-a-las-bellas-artes-2016\/"}],"_links":{"self":[{"href":"https:\/\/www.eldigitaldeasturias.com\/noticias\/wp-json\/wp\/v2\/posts\/968091","targetHints":{"allow":["GET"]}}],"collection":[{"href":"https:\/\/www.eldigitaldeasturias.com\/noticias\/wp-json\/wp\/v2\/posts"}],"about":[{"href":"https:\/\/www.eldigitaldeasturias.com\/noticias\/wp-json\/wp\/v2\/types\/post"}],"author":[{"embeddable":true,"href":"https:\/\/www.eldigitaldeasturias.com\/noticias\/wp-json\/wp\/v2\/users\/1"}],"replies":[{"embeddable":true,"href":"https:\/\/www.eldigitaldeasturias.com\/noticias\/wp-json\/wp\/v2\/comments?post=968091"}],"version-history":[{"count":0,"href":"https:\/\/www.eldigitaldeasturias.com\/noticias\/wp-json\/wp\/v2\/posts\/968091\/revisions"}],"wp:attachment":[{"href":"https:\/\/www.eldigitaldeasturias.com\/noticias\/wp-json\/wp\/v2\/media?parent=968091"}],"wp:term":[{"taxonomy":"category","embeddable":true,"href":"https:\/\/www.eldigitaldeasturias.com\/noticias\/wp-json\/wp\/v2\/categories?post=968091"},{"taxonomy":"post_tag","embeddable":true,"href":"https:\/\/www.eldigitaldeasturias.com\/noticias\/wp-json\/wp\/v2\/tags?post=968091"}],"curies":[{"name":"wp","href":"https:\/\/api.w.org\/{rel}","templated":true}]}}