{"id":968088,"date":"2018-02-06T19:56:49","date_gmt":"2018-02-06T19:56:49","guid":{"rendered":"http:\/\/www.eldigitaldeasturias.com\/noticias\/?p=968088"},"modified":"2018-02-06T19:56:49","modified_gmt":"2018-02-06T19:56:49","slug":"marcial-marin-destaca-la-competencia-digital-como-uno-de-los-principales-ejes-del-pacto-de-estado-social-y-politico-por-la-educacion","status":"publish","type":"post","link":"https:\/\/www.eldigitaldeasturias.com\/noticias\/marcial-marin-destaca-la-competencia-digital-como-uno-de-los-principales-ejes-del-pacto-de-estado-social-y-politico-por-la-educacion\/","title":{"rendered":"Marcial Mar\u00edn destaca la competencia digital como uno de los principales ejes del Pacto de Estado Social y Pol\u00edtico por la Educaci\u00f3n"},"content":{"rendered":"<p><img loading=\"lazy\" decoding=\"async\" class=\"alignleft size-medium wp-image-968089\" src=\"https:\/\/www.eldigitaldeasturias.com\/noticias\/wp-content\/uploads\/2018\/02\/060218-Marin-360x239.jpg\" alt=\"\" width=\"360\" height=\"239\" \/>El secretario de Estado de Educaci\u00f3n, Formaci\u00f3n Profesional y Universidades, Marcial Mar\u00edn, ha se\u00f1alado la competencia digital de alumnos, docentes y centros educativos como uno de los principales ejes en los que se trabaja para la consecuci\u00f3n del Pacto de Estado Social y Pol\u00edtico por la Educaci\u00f3n.<\/p>\n<p>Mar\u00edn, que ha participado en la apertura de esta jornada junto a los secretarios de Estado para la Sociedad de la Informaci\u00f3n y Agenda Digital, de Seguridad, de Justicia y de Servicios Sociales e Igualdad, ha se\u00f1alado que, en un \u00e1mbito como la seguridad en la red, \u00abdebemos ser los primeros\u00bb, por lo que ha resaltado que \u00abcoincidir en un acto as\u00ed cinco secretar\u00edas de Estado del Gobierno de Espa\u00f1a es la respuesta a un fen\u00f3meno global: concienciar en torno a la seguridad en Internet\u00bb.<\/p>\n<p>Por ello, desde el Ministerio de Educaci\u00f3n, Cultura y Deporte, ha reiterado \u00abnuestra responsabilidad\u00bb, a la hora de potenciar la seguridad en la red \u00abcomo una de las competencias digitales claves de estudiantes y docentes\u00bb.<\/p>\n<p>En este sentido, el secretario de Estado ha enumerado distintas iniciativas en las que trabaja actualmente el Ministerio, como el trabajo de colaboraci\u00f3n con las comunidades aut\u00f3nomas, que dio origen al Marco Com\u00fan de Competencia Digital Docente, y que actualmente contin\u00faa su trabajo, al amparo de una Ponencia de Competencia Digital Educativa, que trabaja en cuatro \u00e1mbitos: centros educativos, docentes, alumnos, y credenciales digitales para el reconomiento de competencias, entre las que la seguridad en la red est\u00e1 presente.<\/p>\n<p>Asimismo, el Ministerio de Educaci\u00f3n, Cultura y Deporte forma parte, junto con el propio Ministerio de Energ\u00eda, Turismo y Agenda Digital, del Grupo T\u00e9cnico de Habilidades Digitales, en el que se avanza hacia una ciudadan\u00eda digital inclusiva y competente.<\/p>\n<p>Un contexto en el que Marcial Mar\u00edn ha puesto especial acento en la implicaci\u00f3n a la hora de transmitir valores de tolerancia, respeto y personalidad en el entorno online, aspectos valorados a la hora de premiar a los cibercooperantes.<\/p>\n<p>La Estrategia \u00abReplantear la Educaci\u00f3n\u00bb de la Comisi\u00f3n Europea, la Red European Schoolnet, con m\u00e1s de treinta unidades de tecnolog\u00eda y educaci\u00f3n de los Ministerios de Educaci\u00f3n de toda Europa, y los grupos de trabajo de la Comisi\u00f3n Digital Skills and Competences son foros en los que participa activamente el Ministerio de Educaci\u00f3n, Cultura y Deporte, ha se\u00f1alado Mar\u00edn, quien tambi\u00e9n ha destacado el trabajo de la Ponencia de Programaci\u00f3n, Rob\u00f3tica y Pensamiento computacional, con participaci\u00f3n de comunidades aut\u00f3nomas, universidades y empresas tecnol\u00f3gicas que desarrollan acciones pioneras en este campo, \u00abestando entre los objetivos el de dotar a nuestros estudiantes de las habilidades necesarias para que puedan desenvolverse en este futuro conectado en red con las m\u00e1ximas garant\u00edas y seguridad\u00bb.<\/p>\n<p>Iniciativas todas ellas, seg\u00fan el secretario de Estado, integradas en el futuro Plan de Transformaci\u00f3n Digital Educativa en el que ya trabaja el Ministerio de Educaci\u00f3n, y que incluye la implementaci\u00f3n de modelos educativos digitales de impacto en los centros, como las Aulas del Futuro, \u00abespacios flexibles en los centros educativos que promueven el uso de pedagog\u00edas activas siempre de la mano de la ciberseguridad\u00bb.<\/p>\n<p>En todo este contexto el Ministerio de Educaci\u00f3n tambi\u00e9n contempla el reciente Convenio Marco con la Agencia de Protecci\u00f3n de Datos, y la inclusi\u00f3n del uso de las Tecnolog\u00edas de la Informaci\u00f3n y de la Comunicaci\u00f3n, dentro del Plan de Convivencia Escolar.<\/p>\n","protected":false},"excerpt":{"rendered":"<p>El secretario de Estado de Educaci\u00f3n, Formaci\u00f3n Profesional y Universidades, Marcial Mar\u00edn, ha se\u00f1alado la competencia digital de alumnos, docentes y centros educativos como uno de los principales ejes en los que se trabaja para la consecuci\u00f3n del Pacto de Estado Social y Pol\u00edtico por la Educaci\u00f3n. Mar\u00edn, que ha participado en la apertura de [&hellip;]<\/p>\n","protected":false},"author":1,"featured_media":968089,"comment_status":"closed","ping_status":"closed","sticky":false,"template":"","format":"standard","meta":{"footnotes":""},"categories":[1],"tags":[],"class_list":["post-968088","post","type-post","status-publish","format-standard","has-post-thumbnail","hentry","category-actualidad"],"aioseo_notices":[],"aioseo_head":"\n\t\t<!-- All in One SEO Pro 5.0.1 - aioseo.com -->\n\t<meta name=\"description\" content=\"El secretario de Estado de Educaci\u00f3n, Formaci\u00f3n Profesional y Universidades, Marcial Mar\u00edn, ha se\u00f1alado la competencia digital de alumnos, docentes y centros educativos como uno de los principales ejes en los que se trabaja para la consecuci\u00f3n del Pacto de Estado Social y Pol\u00edtico por la Educaci\u00f3n. Mar\u00edn, que ha participado en la apertura de\" \/>\n\t<meta name=\"robots\" content=\"max-image-preview:large\" \/>\n\t<meta name=\"author\" content=\"El Digital de Asturias\"\/>\n\t<meta name=\"google-site-verification\" content=\"UA-38556648-1\" \/>\n\t<meta name=\"msvalidate.01\" content=\"7dfe9f3f1b24437ab69f4f2559babe99\" \/>\n\t<meta name=\"keywords\" content=\"actualidad\" \/>\n\t<link rel=\"canonical\" href=\"https:\/\/www.eldigitaldeasturias.com\/noticias\/marcial-marin-destaca-la-competencia-digital-como-uno-de-los-principales-ejes-del-pacto-de-estado-social-y-politico-por-la-educacion\/\" \/>\n\t<meta name=\"generator\" content=\"All in One SEO Pro (AIOSEO) 5.0.1\" \/>\n\t\t<meta property=\"og:locale\" content=\"es_ES\" \/>\n\t\t<meta property=\"og:site_name\" content=\"El Digital de Asturias\" \/>\n\t\t<meta property=\"og:type\" content=\"article\" \/>\n\t\t<meta property=\"og:title\" content=\"Marcial Mar\u00edn destaca la competencia digital como uno de los principales ejes del Pacto de Estado Social y Pol\u00edtico por la Educaci\u00f3n - El Digital de Asturias\" \/>\n\t\t<meta property=\"og:description\" content=\"El secretario de Estado de Educaci\u00f3n, Formaci\u00f3n Profesional y Universidades, Marcial Mar\u00edn, ha se\u00f1alado la competencia digital de alumnos, docentes y centros educativos como uno de los principales ejes en los que se trabaja para la consecuci\u00f3n del Pacto de Estado Social y Pol\u00edtico por la Educaci\u00f3n. Mar\u00edn, que ha participado en la apertura de\" \/>\n\t\t<meta property=\"og:url\" content=\"https:\/\/www.eldigitaldeasturias.com\/noticias\/marcial-marin-destaca-la-competencia-digital-como-uno-de-los-principales-ejes-del-pacto-de-estado-social-y-politico-por-la-educacion\/\" \/>\n\t\t<meta property=\"article:tag\" content=\"actualidad\" \/>\n\t\t<meta property=\"article:published_time\" content=\"2018-02-06T19:56:49+00:00\" \/>\n\t\t<meta property=\"article:modified_time\" content=\"2018-02-06T19:56:49+00:00\" \/>\n\t\t<meta property=\"article:publisher\" content=\"https:\/\/facebook.com\/eldigitaldeasturias\" \/>\n\t\t<meta name=\"twitter:card\" content=\"summary_large_image\" \/>\n\t\t<meta name=\"twitter:title\" content=\"Marcial Mar\u00edn destaca la competencia digital como uno de los principales ejes del Pacto de Estado Social y Pol\u00edtico por la Educaci\u00f3n - El Digital de Asturias\" \/>\n\t\t<meta name=\"twitter:description\" content=\"El secretario de Estado de Educaci\u00f3n, Formaci\u00f3n Profesional y Universidades, Marcial Mar\u00edn, ha se\u00f1alado la competencia digital de alumnos, docentes y centros educativos como uno de los principales ejes en los que se trabaja para la consecuci\u00f3n del Pacto de Estado Social y Pol\u00edtico por la Educaci\u00f3n. Mar\u00edn, que ha participado en la apertura de\" \/>\n\t\t<meta name=\"twitter:image\" content=\"https:\/\/www.eldigitaldeasturias.com\/noticias\/wp-content\/uploads\/2020\/12\/EDA-1.jpg\" \/>\n\t\t<meta name=\"twitter:label1\" content=\"Escrito por\" \/>\n\t\t<meta name=\"twitter:data1\" content=\"El Digital de Asturias\" \/>\n\t\t<meta name=\"twitter:label2\" content=\"Tiempo de lectura estimado\" \/>\n\t\t<meta name=\"twitter:data2\" content=\"3 minutos\" \/>\n\t\t<script type=\"application\/ld+json\" class=\"aioseo-schema\">\n\t\t\t{\"@context\":\"https:\\\/\\\/schema.org\",\"@graph\":[{\"@type\":\"BlogPosting\",\"@id\":\"https:\\\/\\\/www.eldigitaldeasturias.com\\\/noticias\\\/marcial-marin-destaca-la-competencia-digital-como-uno-de-los-principales-ejes-del-pacto-de-estado-social-y-politico-por-la-educacion\\\/#blogposting\",\"name\":\"Marcial Mar\\u00edn destaca la competencia digital como uno de los principales ejes del Pacto de Estado Social y Pol\\u00edtico por la Educaci\\u00f3n - El Digital de Asturias\",\"headline\":\"Marcial Mar\\u00edn destaca la competencia digital como uno de los principales ejes del Pacto de Estado Social y Pol\\u00edtico por la Educaci\\u00f3n\",\"author\":{\"@id\":\"https:\\\/\\\/www.eldigitaldeasturias.com\\\/noticias\\\/author\\\/admin\\\/#author\"},\"publisher\":{\"@id\":\"https:\\\/\\\/www.eldigitaldeasturias.com\\\/noticias\\\/#organization\"},\"image\":{\"@type\":\"ImageObject\",\"url\":968089},\"datePublished\":\"2018-02-06T19:56:49+01:00\",\"dateModified\":\"2018-02-06T19:56:49+01:00\",\"inLanguage\":\"es-ES\",\"mainEntityOfPage\":{\"@id\":\"https:\\\/\\\/www.eldigitaldeasturias.com\\\/noticias\\\/marcial-marin-destaca-la-competencia-digital-como-uno-de-los-principales-ejes-del-pacto-de-estado-social-y-politico-por-la-educacion\\\/#webpage\"},\"isPartOf\":{\"@id\":\"https:\\\/\\\/www.eldigitaldeasturias.com\\\/noticias\\\/marcial-marin-destaca-la-competencia-digital-como-uno-de-los-principales-ejes-del-pacto-de-estado-social-y-politico-por-la-educacion\\\/#webpage\"},\"articleSection\":\"Actualidad\"},{\"@type\":\"BreadcrumbList\",\"@id\":\"https:\\\/\\\/www.eldigitaldeasturias.com\\\/noticias\\\/marcial-marin-destaca-la-competencia-digital-como-uno-de-los-principales-ejes-del-pacto-de-estado-social-y-politico-por-la-educacion\\\/#breadcrumblist\",\"itemListElement\":[{\"@type\":\"ListItem\",\"@id\":\"https:\\\/\\\/www.eldigitaldeasturias.com\\\/noticias#listItem\",\"position\":1,\"name\":\"Home\",\"item\":\"https:\\\/\\\/www.eldigitaldeasturias.com\\\/noticias\",\"nextItem\":{\"@type\":\"ListItem\",\"@id\":\"https:\\\/\\\/www.eldigitaldeasturias.com\\\/noticias\\\/category\\\/actualidad\\\/#listItem\",\"name\":\"Actualidad\"}},{\"@type\":\"ListItem\",\"@id\":\"https:\\\/\\\/www.eldigitaldeasturias.com\\\/noticias\\\/category\\\/actualidad\\\/#listItem\",\"position\":2,\"name\":\"Actualidad\",\"item\":\"https:\\\/\\\/www.eldigitaldeasturias.com\\\/noticias\\\/category\\\/actualidad\\\/\",\"nextItem\":{\"@type\":\"ListItem\",\"@id\":\"https:\\\/\\\/www.eldigitaldeasturias.com\\\/noticias\\\/marcial-marin-destaca-la-competencia-digital-como-uno-de-los-principales-ejes-del-pacto-de-estado-social-y-politico-por-la-educacion\\\/#listItem\",\"name\":\"Marcial Mar\\u00edn destaca la competencia digital como uno de los principales ejes del Pacto de Estado Social y Pol\\u00edtico por la Educaci\\u00f3n\"},\"previousItem\":{\"@type\":\"ListItem\",\"@id\":\"https:\\\/\\\/www.eldigitaldeasturias.com\\\/noticias#listItem\",\"name\":\"Home\"}},{\"@type\":\"ListItem\",\"@id\":\"https:\\\/\\\/www.eldigitaldeasturias.com\\\/noticias\\\/marcial-marin-destaca-la-competencia-digital-como-uno-de-los-principales-ejes-del-pacto-de-estado-social-y-politico-por-la-educacion\\\/#listItem\",\"position\":3,\"name\":\"Marcial Mar\\u00edn destaca la competencia digital como uno de los principales ejes del Pacto de Estado Social y Pol\\u00edtico por la Educaci\\u00f3n\",\"previousItem\":{\"@type\":\"ListItem\",\"@id\":\"https:\\\/\\\/www.eldigitaldeasturias.com\\\/noticias\\\/category\\\/actualidad\\\/#listItem\",\"name\":\"Actualidad\"}}]},{\"@type\":\"Organization\",\"@id\":\"https:\\\/\\\/www.eldigitaldeasturias.com\\\/noticias\\\/#organization\",\"name\":\"El Digital de Asturias\",\"description\":\"Hemeroteca\",\"url\":\"https:\\\/\\\/www.eldigitaldeasturias.com\\\/noticias\\\/\",\"email\":\"info@eldigitaldeasturias.com\",\"telephone\":\"+34652131393\",\"logo\":{\"@type\":\"ImageObject\",\"url\":\"https:\\\/\\\/www.eldigitaldeasturias.com\\\/noticias\\\/wp-content\\\/uploads\\\/2020\\\/12\\\/EDA.jpg\",\"@id\":\"https:\\\/\\\/www.eldigitaldeasturias.com\\\/noticias\\\/marcial-marin-destaca-la-competencia-digital-como-uno-de-los-principales-ejes-del-pacto-de-estado-social-y-politico-por-la-educacion\\\/#organizationLogo\"},\"image\":{\"@id\":\"https:\\\/\\\/www.eldigitaldeasturias.com\\\/noticias\\\/marcial-marin-destaca-la-competencia-digital-como-uno-de-los-principales-ejes-del-pacto-de-estado-social-y-politico-por-la-educacion\\\/#organizationLogo\"},\"sameAs\":[\"https:\\\/\\\/facebook.com\\\/eldigitaldeasturias\",\"https:\\\/\\\/www.youtube.com\\\/channel\\\/UCZP-2wLEB9Rv6erhFmqVnvg\"],\"address\":{\"@id\":\"https:\\\/\\\/www.eldigitaldeasturias.com\\\/noticias\\\/#postaladdress\",\"@type\":\"PostalAddress\",\"streetAddress\":\"san antonio 4\",\"postalCode\":\"33430\",\"addressLocality\":\"Cand\\u00e1s\",\"addressRegion\":\"Asturias\",\"addressCountry\":\"ES\"}},{\"@type\":\"Person\",\"@id\":\"https:\\\/\\\/www.eldigitaldeasturias.com\\\/noticias\\\/author\\\/admin\\\/#author\",\"url\":\"https:\\\/\\\/www.eldigitaldeasturias.com\\\/noticias\\\/author\\\/admin\\\/\",\"name\":\"El Digital de Asturias\",\"image\":{\"@type\":\"ImageObject\",\"@id\":\"https:\\\/\\\/www.eldigitaldeasturias.com\\\/noticias\\\/marcial-marin-destaca-la-competencia-digital-como-uno-de-los-principales-ejes-del-pacto-de-estado-social-y-politico-por-la-educacion\\\/#authorImage\",\"url\":\"https:\\\/\\\/secure.gravatar.com\\\/avatar\\\/df2aeffc32bcd13f8d26072ef8a91b623d677766deac7f97ca815868cd41bf5e?s=96&d=mm&r=g\",\"width\":96,\"height\":96,\"caption\":\"El Digital de Asturias\"}},{\"@type\":\"WebPage\",\"@id\":\"https:\\\/\\\/www.eldigitaldeasturias.com\\\/noticias\\\/marcial-marin-destaca-la-competencia-digital-como-uno-de-los-principales-ejes-del-pacto-de-estado-social-y-politico-por-la-educacion\\\/#webpage\",\"url\":\"https:\\\/\\\/www.eldigitaldeasturias.com\\\/noticias\\\/marcial-marin-destaca-la-competencia-digital-como-uno-de-los-principales-ejes-del-pacto-de-estado-social-y-politico-por-la-educacion\\\/\",\"name\":\"Marcial Mar\\u00edn destaca la competencia digital como uno de los principales ejes del Pacto de Estado Social y Pol\\u00edtico por la Educaci\\u00f3n - El Digital de Asturias\",\"description\":\"El secretario de Estado de Educaci\\u00f3n, Formaci\\u00f3n Profesional y Universidades, Marcial Mar\\u00edn, ha se\\u00f1alado la competencia digital de alumnos, docentes y centros educativos como uno de los principales ejes en los que se trabaja para la consecuci\\u00f3n del Pacto de Estado Social y Pol\\u00edtico por la Educaci\\u00f3n. Mar\\u00edn, que ha participado en la apertura de\",\"inLanguage\":\"es-ES\",\"isPartOf\":{\"@id\":\"https:\\\/\\\/www.eldigitaldeasturias.com\\\/noticias\\\/#website\"},\"breadcrumb\":{\"@id\":\"https:\\\/\\\/www.eldigitaldeasturias.com\\\/noticias\\\/marcial-marin-destaca-la-competencia-digital-como-uno-de-los-principales-ejes-del-pacto-de-estado-social-y-politico-por-la-educacion\\\/#breadcrumblist\"},\"author\":{\"@id\":\"https:\\\/\\\/www.eldigitaldeasturias.com\\\/noticias\\\/author\\\/admin\\\/#author\"},\"creator\":{\"@id\":\"https:\\\/\\\/www.eldigitaldeasturias.com\\\/noticias\\\/author\\\/admin\\\/#author\"},\"image\":{\"@type\":\"ImageObject\",\"url\":968089,\"@id\":\"https:\\\/\\\/www.eldigitaldeasturias.com\\\/noticias\\\/marcial-marin-destaca-la-competencia-digital-como-uno-de-los-principales-ejes-del-pacto-de-estado-social-y-politico-por-la-educacion\\\/#mainImage\"},\"primaryImageOfPage\":{\"@id\":\"https:\\\/\\\/www.eldigitaldeasturias.com\\\/noticias\\\/marcial-marin-destaca-la-competencia-digital-como-uno-de-los-principales-ejes-del-pacto-de-estado-social-y-politico-por-la-educacion\\\/#mainImage\"},\"datePublished\":\"2018-02-06T19:56:49+01:00\",\"dateModified\":\"2018-02-06T19:56:49+01:00\"},{\"@type\":\"WebSite\",\"@id\":\"https:\\\/\\\/www.eldigitaldeasturias.com\\\/noticias\\\/#website\",\"url\":\"https:\\\/\\\/www.eldigitaldeasturias.com\\\/noticias\\\/\",\"name\":\"El Digital de Asturias - Diario de actualidad y noticias\",\"alternateName\":\"El Digital de Asturias - Diario de actualidad y noticias\",\"description\":\"Hemeroteca\",\"inLanguage\":\"es-ES\",\"publisher\":{\"@id\":\"https:\\\/\\\/www.eldigitaldeasturias.com\\\/noticias\\\/#organization\"}}]}\n\t\t<\/script>\n\t\t<!-- All in One SEO Pro -->\r\n\t\t<title>Marcial Mar\u00edn destaca la competencia digital como uno de los principales ejes del Pacto de Estado Social y Pol\u00edtico por la Educaci\u00f3n - El Digital de Asturias<\/title>\n\n","aioseo_head_json":{"title":"Marcial Mar\u00edn destaca la competencia digital como uno de los principales ejes del Pacto de Estado Social y Pol\u00edtico por la Educaci\u00f3n - El Digital de Asturias","description":"El secretario de Estado de Educaci\u00f3n, Formaci\u00f3n Profesional y Universidades, Marcial Mar\u00edn, ha se\u00f1alado la competencia digital de alumnos, docentes y centros educativos como uno de los principales ejes en los que se trabaja para la consecuci\u00f3n del Pacto de Estado Social y Pol\u00edtico por la Educaci\u00f3n. Mar\u00edn, que ha participado en la apertura de","canonical_url":"https:\/\/www.eldigitaldeasturias.com\/noticias\/marcial-marin-destaca-la-competencia-digital-como-uno-de-los-principales-ejes-del-pacto-de-estado-social-y-politico-por-la-educacion\/","robots":"max-image-preview:large","keywords":"actualidad","webmasterTools":{"google-site-verification":"UA-38556648-1","msvalidate.01":"7dfe9f3f1b24437ab69f4f2559babe99","miscellaneous":""},"schema":{"@context":"https:\/\/schema.org","@graph":[{"@type":"BlogPosting","@id":"https:\/\/www.eldigitaldeasturias.com\/noticias\/marcial-marin-destaca-la-competencia-digital-como-uno-de-los-principales-ejes-del-pacto-de-estado-social-y-politico-por-la-educacion\/#blogposting","name":"Marcial Mar\u00edn destaca la competencia digital como uno de los principales ejes del Pacto de Estado Social y Pol\u00edtico por la Educaci\u00f3n - El Digital de Asturias","headline":"Marcial Mar\u00edn destaca la competencia digital como uno de los principales ejes del Pacto de Estado Social y Pol\u00edtico por la Educaci\u00f3n","author":{"@id":"https:\/\/www.eldigitaldeasturias.com\/noticias\/author\/admin\/#author"},"publisher":{"@id":"https:\/\/www.eldigitaldeasturias.com\/noticias\/#organization"},"image":{"@type":"ImageObject","url":968089},"datePublished":"2018-02-06T19:56:49+01:00","dateModified":"2018-02-06T19:56:49+01:00","inLanguage":"es-ES","mainEntityOfPage":{"@id":"https:\/\/www.eldigitaldeasturias.com\/noticias\/marcial-marin-destaca-la-competencia-digital-como-uno-de-los-principales-ejes-del-pacto-de-estado-social-y-politico-por-la-educacion\/#webpage"},"isPartOf":{"@id":"https:\/\/www.eldigitaldeasturias.com\/noticias\/marcial-marin-destaca-la-competencia-digital-como-uno-de-los-principales-ejes-del-pacto-de-estado-social-y-politico-por-la-educacion\/#webpage"},"articleSection":"Actualidad"},{"@type":"BreadcrumbList","@id":"https:\/\/www.eldigitaldeasturias.com\/noticias\/marcial-marin-destaca-la-competencia-digital-como-uno-de-los-principales-ejes-del-pacto-de-estado-social-y-politico-por-la-educacion\/#breadcrumblist","itemListElement":[{"@type":"ListItem","@id":"https:\/\/www.eldigitaldeasturias.com\/noticias#listItem","position":1,"name":"Home","item":"https:\/\/www.eldigitaldeasturias.com\/noticias","nextItem":{"@type":"ListItem","@id":"https:\/\/www.eldigitaldeasturias.com\/noticias\/category\/actualidad\/#listItem","name":"Actualidad"}},{"@type":"ListItem","@id":"https:\/\/www.eldigitaldeasturias.com\/noticias\/category\/actualidad\/#listItem","position":2,"name":"Actualidad","item":"https:\/\/www.eldigitaldeasturias.com\/noticias\/category\/actualidad\/","nextItem":{"@type":"ListItem","@id":"https:\/\/www.eldigitaldeasturias.com\/noticias\/marcial-marin-destaca-la-competencia-digital-como-uno-de-los-principales-ejes-del-pacto-de-estado-social-y-politico-por-la-educacion\/#listItem","name":"Marcial Mar\u00edn destaca la competencia digital como uno de los principales ejes del Pacto de Estado Social y Pol\u00edtico por la Educaci\u00f3n"},"previousItem":{"@type":"ListItem","@id":"https:\/\/www.eldigitaldeasturias.com\/noticias#listItem","name":"Home"}},{"@type":"ListItem","@id":"https:\/\/www.eldigitaldeasturias.com\/noticias\/marcial-marin-destaca-la-competencia-digital-como-uno-de-los-principales-ejes-del-pacto-de-estado-social-y-politico-por-la-educacion\/#listItem","position":3,"name":"Marcial Mar\u00edn destaca la competencia digital como uno de los principales ejes del Pacto de Estado Social y Pol\u00edtico por la Educaci\u00f3n","previousItem":{"@type":"ListItem","@id":"https:\/\/www.eldigitaldeasturias.com\/noticias\/category\/actualidad\/#listItem","name":"Actualidad"}}]},{"@type":"Organization","@id":"https:\/\/www.eldigitaldeasturias.com\/noticias\/#organization","name":"El Digital de Asturias","description":"Hemeroteca","url":"https:\/\/www.eldigitaldeasturias.com\/noticias\/","email":"info@eldigitaldeasturias.com","telephone":"+34652131393","logo":{"@type":"ImageObject","url":"https:\/\/www.eldigitaldeasturias.com\/noticias\/wp-content\/uploads\/2020\/12\/EDA.jpg","@id":"https:\/\/www.eldigitaldeasturias.com\/noticias\/marcial-marin-destaca-la-competencia-digital-como-uno-de-los-principales-ejes-del-pacto-de-estado-social-y-politico-por-la-educacion\/#organizationLogo"},"image":{"@id":"https:\/\/www.eldigitaldeasturias.com\/noticias\/marcial-marin-destaca-la-competencia-digital-como-uno-de-los-principales-ejes-del-pacto-de-estado-social-y-politico-por-la-educacion\/#organizationLogo"},"sameAs":["https:\/\/facebook.com\/eldigitaldeasturias","https:\/\/www.youtube.com\/channel\/UCZP-2wLEB9Rv6erhFmqVnvg"],"address":{"@id":"https:\/\/www.eldigitaldeasturias.com\/noticias\/#postaladdress","@type":"PostalAddress","streetAddress":"san antonio 4","postalCode":"33430","addressLocality":"Cand\u00e1s","addressRegion":"Asturias","addressCountry":"ES"}},{"@type":"Person","@id":"https:\/\/www.eldigitaldeasturias.com\/noticias\/author\/admin\/#author","url":"https:\/\/www.eldigitaldeasturias.com\/noticias\/author\/admin\/","name":"El Digital de Asturias","image":{"@type":"ImageObject","@id":"https:\/\/www.eldigitaldeasturias.com\/noticias\/marcial-marin-destaca-la-competencia-digital-como-uno-de-los-principales-ejes-del-pacto-de-estado-social-y-politico-por-la-educacion\/#authorImage","url":"https:\/\/secure.gravatar.com\/avatar\/df2aeffc32bcd13f8d26072ef8a91b623d677766deac7f97ca815868cd41bf5e?s=96&d=mm&r=g","width":96,"height":96,"caption":"El Digital de Asturias"}},{"@type":"WebPage","@id":"https:\/\/www.eldigitaldeasturias.com\/noticias\/marcial-marin-destaca-la-competencia-digital-como-uno-de-los-principales-ejes-del-pacto-de-estado-social-y-politico-por-la-educacion\/#webpage","url":"https:\/\/www.eldigitaldeasturias.com\/noticias\/marcial-marin-destaca-la-competencia-digital-como-uno-de-los-principales-ejes-del-pacto-de-estado-social-y-politico-por-la-educacion\/","name":"Marcial Mar\u00edn destaca la competencia digital como uno de los principales ejes del Pacto de Estado Social y Pol\u00edtico por la Educaci\u00f3n - El Digital de Asturias","description":"El secretario de Estado de Educaci\u00f3n, Formaci\u00f3n Profesional y Universidades, Marcial Mar\u00edn, ha se\u00f1alado la competencia digital de alumnos, docentes y centros educativos como uno de los principales ejes en los que se trabaja para la consecuci\u00f3n del Pacto de Estado Social y Pol\u00edtico por la Educaci\u00f3n. Mar\u00edn, que ha participado en la apertura de","inLanguage":"es-ES","isPartOf":{"@id":"https:\/\/www.eldigitaldeasturias.com\/noticias\/#website"},"breadcrumb":{"@id":"https:\/\/www.eldigitaldeasturias.com\/noticias\/marcial-marin-destaca-la-competencia-digital-como-uno-de-los-principales-ejes-del-pacto-de-estado-social-y-politico-por-la-educacion\/#breadcrumblist"},"author":{"@id":"https:\/\/www.eldigitaldeasturias.com\/noticias\/author\/admin\/#author"},"creator":{"@id":"https:\/\/www.eldigitaldeasturias.com\/noticias\/author\/admin\/#author"},"image":{"@type":"ImageObject","url":968089,"@id":"https:\/\/www.eldigitaldeasturias.com\/noticias\/marcial-marin-destaca-la-competencia-digital-como-uno-de-los-principales-ejes-del-pacto-de-estado-social-y-politico-por-la-educacion\/#mainImage"},"primaryImageOfPage":{"@id":"https:\/\/www.eldigitaldeasturias.com\/noticias\/marcial-marin-destaca-la-competencia-digital-como-uno-de-los-principales-ejes-del-pacto-de-estado-social-y-politico-por-la-educacion\/#mainImage"},"datePublished":"2018-02-06T19:56:49+01:00","dateModified":"2018-02-06T19:56:49+01:00"},{"@type":"WebSite","@id":"https:\/\/www.eldigitaldeasturias.com\/noticias\/#website","url":"https:\/\/www.eldigitaldeasturias.com\/noticias\/","name":"El Digital de Asturias - Diario de actualidad y noticias","alternateName":"El Digital de Asturias - Diario de actualidad y noticias","description":"Hemeroteca","inLanguage":"es-ES","publisher":{"@id":"https:\/\/www.eldigitaldeasturias.com\/noticias\/#organization"}}]},"og:locale":"es_ES","og:site_name":"El Digital de Asturias","og:type":"article","og:title":"Marcial Mar\u00edn destaca la competencia digital como uno de los principales ejes del Pacto de Estado Social y Pol\u00edtico por la Educaci\u00f3n - El Digital de Asturias","og:description":"El secretario de Estado de Educaci\u00f3n, Formaci\u00f3n Profesional y Universidades, Marcial Mar\u00edn, ha se\u00f1alado la competencia digital de alumnos, docentes y centros educativos como uno de los principales ejes en los que se trabaja para la consecuci\u00f3n del Pacto de Estado Social y Pol\u00edtico por la Educaci\u00f3n. Mar\u00edn, que ha participado en la apertura de","og:url":"https:\/\/www.eldigitaldeasturias.com\/noticias\/marcial-marin-destaca-la-competencia-digital-como-uno-de-los-principales-ejes-del-pacto-de-estado-social-y-politico-por-la-educacion\/","article:tag":["actualidad"],"article:published_time":"2018-02-06T19:56:49+00:00","article:modified_time":"2018-02-06T19:56:49+00:00","article:publisher":"https:\/\/facebook.com\/eldigitaldeasturias","twitter:card":"summary_large_image","twitter:title":"Marcial Mar\u00edn destaca la competencia digital como uno de los principales ejes del Pacto de Estado Social y Pol\u00edtico por la Educaci\u00f3n - El Digital de Asturias","twitter:description":"El secretario de Estado de Educaci\u00f3n, Formaci\u00f3n Profesional y Universidades, Marcial Mar\u00edn, ha se\u00f1alado la competencia digital de alumnos, docentes y centros educativos como uno de los principales ejes en los que se trabaja para la consecuci\u00f3n del Pacto de Estado Social y Pol\u00edtico por la Educaci\u00f3n. Mar\u00edn, que ha participado en la apertura de","twitter:image":"https:\/\/www.eldigitaldeasturias.com\/noticias\/wp-content\/uploads\/2020\/12\/EDA-1.jpg","twitter:label1":"Escrito por","twitter:data1":"El Digital de Asturias","twitter:label2":"Tiempo de lectura estimado","twitter:data2":"3 minutos"},"aioseo_meta_data":{"post_id":"968088","title":null,"description":null,"keywords":null,"keyphrases":null,"primary_term":null,"canonical_url":null,"og_title":null,"og_description":null,"og_object_type":"default","og_image_type":"default","og_image_url":null,"og_image_width":null,"og_image_height":null,"og_image_custom_url":null,"og_image_custom_fields":null,"og_video":null,"og_custom_url":null,"og_article_section":null,"og_article_tags":null,"twitter_use_og":false,"twitter_card":"default","twitter_image_type":"default","twitter_image_url":null,"twitter_image_custom_url":null,"twitter_image_custom_fields":null,"twitter_title":null,"twitter_description":null,"schema":{"blockGraphs":[],"customGraphs":[],"default":{"data":{"Article":[],"Course":[],"Dataset":[],"FAQPage":[],"Movie":[],"Person":[],"Product":[],"ProductReview":[],"Car":[],"Recipe":[],"Service":[],"SoftwareApplication":[],"WebPage":[]},"graphName":"","isEnabled":true},"graphs":[],"defaultGraph":"","defaultPostTypeGraph":""},"schema_type":null,"schema_type_options":null,"pillar_content":false,"robots_default":true,"robots_noindex":false,"robots_noarchive":false,"robots_nosnippet":false,"robots_nofollow":false,"robots_noimageindex":false,"robots_noodp":false,"robots_notranslate":false,"robots_max_snippet":null,"robots_max_videopreview":null,"robots_max_imagepreview":"large","priority":null,"frequency":null,"local_seo":null,"seo_analyzer_scan_date":"2025-10-06 21:17:27","breadcrumb_settings":null,"limit_modified_date":false,"open_ai":null,"ai":null,"created":"2020-12-21 12:30:40","updated":"2025-10-06 21:17:27","focus_keyword":null,"additional_keywords":null,"truseo_locale":null},"aioseo_breadcrumb":"<div class=\"aioseo-breadcrumbs\"><span class=\"aioseo-breadcrumb\">\n\t<a href=\"https:\/\/www.eldigitaldeasturias.com\/noticias\" title=\"Home\">Home<\/a>\n<\/span><span class=\"aioseo-breadcrumb-separator\">\u2013<\/span><span class=\"aioseo-breadcrumb\">\n\t<a href=\"https:\/\/www.eldigitaldeasturias.com\/noticias\/category\/actualidad\/\" title=\"Actualidad\">Actualidad<\/a>\n<\/span><span class=\"aioseo-breadcrumb-separator\">\u2013<\/span><span class=\"aioseo-breadcrumb\">\n\t<a href=\"https:\/\/www.eldigitaldeasturias.com\/noticias\/marcial-marin-destaca-la-competencia-digital-como-uno-de-los-principales-ejes-del-pacto-de-estado-social-y-politico-por-la-educacion\/\" title=\"Marcial Mar\u00edn destaca la competencia digital como uno de los principales ejes del Pacto de Estado Social y Pol\u00edtico por la Educaci\u00f3n\">Marcial Mar\u00edn destaca la competencia digital como uno de los principales ejes del Pacto de Estado Social y Pol\u00edtico por la Educaci\u00f3n<\/a>\n<\/span><\/div>","aioseo_breadcrumb_json":[{"label":"Home","link":"https:\/\/www.eldigitaldeasturias.com\/noticias"},{"label":"Actualidad","link":"https:\/\/www.eldigitaldeasturias.com\/noticias\/category\/actualidad\/"},{"label":"Marcial Mar\u00edn destaca la competencia digital como uno de los principales ejes del Pacto de Estado Social y Pol\u00edtico por la Educaci\u00f3n","link":"https:\/\/www.eldigitaldeasturias.com\/noticias\/marcial-marin-destaca-la-competencia-digital-como-uno-de-los-principales-ejes-del-pacto-de-estado-social-y-politico-por-la-educacion\/"}],"_links":{"self":[{"href":"https:\/\/www.eldigitaldeasturias.com\/noticias\/wp-json\/wp\/v2\/posts\/968088","targetHints":{"allow":["GET"]}}],"collection":[{"href":"https:\/\/www.eldigitaldeasturias.com\/noticias\/wp-json\/wp\/v2\/posts"}],"about":[{"href":"https:\/\/www.eldigitaldeasturias.com\/noticias\/wp-json\/wp\/v2\/types\/post"}],"author":[{"embeddable":true,"href":"https:\/\/www.eldigitaldeasturias.com\/noticias\/wp-json\/wp\/v2\/users\/1"}],"replies":[{"embeddable":true,"href":"https:\/\/www.eldigitaldeasturias.com\/noticias\/wp-json\/wp\/v2\/comments?post=968088"}],"version-history":[{"count":0,"href":"https:\/\/www.eldigitaldeasturias.com\/noticias\/wp-json\/wp\/v2\/posts\/968088\/revisions"}],"wp:attachment":[{"href":"https:\/\/www.eldigitaldeasturias.com\/noticias\/wp-json\/wp\/v2\/media?parent=968088"}],"wp:term":[{"taxonomy":"category","embeddable":true,"href":"https:\/\/www.eldigitaldeasturias.com\/noticias\/wp-json\/wp\/v2\/categories?post=968088"},{"taxonomy":"post_tag","embeddable":true,"href":"https:\/\/www.eldigitaldeasturias.com\/noticias\/wp-json\/wp\/v2\/tags?post=968088"}],"curies":[{"name":"wp","href":"https:\/\/api.w.org\/{rel}","templated":true}]}}