{"id":967955,"date":"2018-02-05T16:51:40","date_gmt":"2018-02-05T16:51:40","guid":{"rendered":"http:\/\/www.eldigitaldeasturias.com\/noticias\/?p=967955"},"modified":"2018-02-05T16:51:40","modified_gmt":"2018-02-05T16:51:40","slug":"de-la-serna-inaugura-la-estacion-de-cercanias-de-paco-de-lucia","status":"publish","type":"post","link":"https:\/\/www.eldigitaldeasturias.com\/noticias\/de-la-serna-inaugura-la-estacion-de-cercanias-de-paco-de-lucia\/","title":{"rendered":"De la Serna inaugura la estaci\u00f3n de Cercan\u00edas de Paco de Luc\u00eda"},"content":{"rendered":"<p><img loading=\"lazy\" decoding=\"async\" class=\"alignleft size-medium wp-image-967956\" src=\"https:\/\/www.eldigitaldeasturias.com\/noticias\/wp-content\/uploads\/2018\/02\/050218_estacioncercanias-360x239.jpg\" alt=\"\" width=\"360\" height=\"239\" \/>El ministro de Fomento, I\u00f1igo de la Serna, ha inaugurado la nueva estaci\u00f3n de Cercan\u00edas de Mirasierra-Paco de Luc\u00eda, ubicada en el barrio madrile\u00f1o de Mirasierra, que ha supuesto una inversi\u00f3n de 6.186.000 euros (IVA incluido) y que dar\u00e1 servicio previsiblemente a 500.000 viajeros anuales.<\/p>\n<p>La entrada en servicio de esta nueva infraestructura, que eleva a 93 el n\u00famero de estaciones que configuran la red de Cercan\u00edas de Madrid, pone de manifiesto el compromiso del Ministerio de Fomento con esta Comunidad Aut\u00f3noma, encaminado a favorecer la comunicaci\u00f3n de los nuevos desarrollos urban\u00edsticos de la capital y su entorno, as\u00ed como la movilidad de los ciudadanos.<\/p>\n<p>En este sentido, cabe recordar que el Ministerio de Fomento, Adif y Renfe Operadora est\u00e1n trabajando en la elaboraci\u00f3n de un nuevo Plan de Cercan\u00edas de Madrid que permita incrementar tanto la calidad de la infraestructura, como la de los servicios prestados y percibidos.<\/p>\n<p>El emplazamiento elegido para el nuevo apeadero, perteneciente a la zona tarifaria A, aprovecha el trazado de la l\u00ednea ferroviaria y se sit\u00faa en la zona de conexi\u00f3n de los barrios de Mirasierra y Montecarmelo, ambos en el distrito de Fuencarral-El Pardo, a trav\u00e9s de la calle Costa Brava, lo que favorece la movilidad de estos vecindarios.<\/p>\n<p>En concreto, la infraestructura se ubica entre los puntos kilom\u00e9tricos 4\/600 y 4\/900 de las l\u00edneas C-3, C-7 y C-8 del n\u00facleo de Cercan\u00edas de Madrid, entre las estaciones de Pitis y Ram\u00f3n y Cajal, y se complementa con los trabajos de prolongaci\u00f3n de la L\u00ednea 9 del Metro de Madrid, con la que conecta.<\/p>\n<p>Los trenes que circulan por estas l\u00edneas prestar\u00e1n servicio en el nuevo apeadero a partir de ma\u00f1ana. As\u00ed, el primer tren de la ma\u00f1ana de las l\u00edneas C-3 y C-8 que parar\u00e1 en esta estaci\u00f3n en direcci\u00f3n a El Escorial, lo har\u00e1 a las 6.14 horas, mientras que el \u00faltimo pasar\u00e1 a las 23.56 horas. En sentido Chamart\u00edn-Atocha-Aranjuez, el primer tren tendr\u00e1 su paso a las 6.33 horas, y el \u00faltimo a las 23.59 horas. La nueva estaci\u00f3n estar\u00e1 conectada con Chamart\u00edn en 8 minutos; con Sol en 18, y con Atocha en 22 minutos.<\/p>\n<p>La C-7, por su parte, prestar\u00e1 servicio desde las 6.31 horas, direcci\u00f3n Pr\u00edncipe P\u00edo (el \u00faltimo de la noche pasar\u00e1 a las 23.30 horas), y en direcci\u00f3n opuesta, a las 6.39 horas (23.50 el \u00faltimo del d\u00eda).<\/p>\n<p><strong>Caracter\u00edsticas de la estaci\u00f3n<\/strong><\/p>\n<p>La estaci\u00f3n de Mirasierra-Paco de Luc\u00eda, que cumple con todas las normativas en relaci\u00f3n a accesibilidad y adaptaci\u00f3n a personas con movilidad reducida, dispone de dos andenes de cinco metros de anchura, uno para cada sentido de la circulaci\u00f3n, de 210 metros de longitud. Cada and\u00e9n estar\u00e1 protegido por una marquesina de 84 metros de longitud. Adem\u00e1s, se construir\u00e1 un cerramiento para los andenes.<\/p>\n<p>El edificio de viajeros, compuesto por dos alturas, cuenta con dos accesos, uno en el lado del barrio de Mirasierra y el otro del lado del barrio de Montecarmelo. En el lado Mirasierra, la planta primera albergar\u00e1 un acceso al and\u00e9n con refugio cerrado de espera, mientras que en la planta baja se ubicar\u00e1 un vest\u00edbulo de entrada, espacio para los controles de acceso a andenes y desde el vest\u00edbulo y para la gesti\u00f3n de la estaci\u00f3n (oficina de atenci\u00f3n al viajero, oficina del supervisor y archivo), zona para m\u00e1quinas de autoventa y el acceso desde el vest\u00edbulo a nivel de andenes mediante escalera fija, mec\u00e1nica y ascensor, as\u00ed como comunicaci\u00f3n a nivel de los edificios de viajeros mediante paso inferior.<\/p>\n<p>El edificio de la estaci\u00f3n del lado Montecarmelo tambi\u00e9n est\u00e1 compuesto por dos alturas. La planta alta alberga el acceso al vest\u00edbulo de entrada, zona para m\u00e1quinas autoventa, espacio para los controles de acceso a andenes y desde el vest\u00edbulo a nivel del paso inferior mediante escalera fija, mec\u00e1nica y ascensor.<\/p>\n<p>La planta baja del lado Montecarmelo alberga vestuarios, almac\u00e9n de limpieza, cuarto el\u00e9ctrico de control de las escaleras mec\u00e1nicas y conexi\u00f3n con el paso inferior.<\/p>\n<p>Los trabajos incluyen tambi\u00e9n la adecuaci\u00f3n del paso inferior de comunicaci\u00f3n entre los edificios del lado Mirasierra y Montecarmelo, as\u00ed como la modificaci\u00f3n de la electrificaci\u00f3n y la adecuaci\u00f3n de las instalaciones de seguridad y comunicaciones.<\/p>\n<p>Gracias a esta actuaci\u00f3n, se crear\u00e1n zonas pavimentadas en el entorno de la estaci\u00f3n, conexiones peatonales mediante rampa y escaleras entre el viario lim\u00edtrofe de Montecarmelo y la estaci\u00f3n, as\u00ed como la ejecuci\u00f3n de un vial de acceso restringido para veh\u00edculos de emergencia desde la calle Monasterio de El Paular.<\/p>\n","protected":false},"excerpt":{"rendered":"<p>El ministro de Fomento, I\u00f1igo de la Serna, ha inaugurado la nueva estaci\u00f3n de Cercan\u00edas de Mirasierra-Paco de Luc\u00eda, ubicada en el barrio madrile\u00f1o de Mirasierra, que ha supuesto una inversi\u00f3n de 6.186.000 euros (IVA incluido) y que dar\u00e1 servicio previsiblemente a 500.000 viajeros anuales. La entrada en servicio de esta nueva infraestructura, que eleva [&hellip;]<\/p>\n","protected":false},"author":1,"featured_media":967956,"comment_status":"closed","ping_status":"closed","sticky":false,"template":"","format":"standard","meta":{"footnotes":""},"categories":[1],"tags":[],"class_list":["post-967955","post","type-post","status-publish","format-standard","has-post-thumbnail","hentry","category-actualidad"],"aioseo_notices":[],"aioseo_head":"\n\t\t<!-- All in One SEO Pro 5.0.1 - aioseo.com -->\n\t<meta name=\"description\" content=\"El ministro de Fomento, I\u00f1igo de la Serna, ha inaugurado la nueva estaci\u00f3n de Cercan\u00edas de Mirasierra-Paco de Luc\u00eda, ubicada en el barrio madrile\u00f1o de Mirasierra, que ha supuesto una inversi\u00f3n de 6.186.000 euros (IVA incluido) y que dar\u00e1 servicio previsiblemente a 500.000 viajeros anuales. La entrada en servicio de esta nueva infraestructura, que eleva\" \/>\n\t<meta name=\"robots\" content=\"max-image-preview:large\" \/>\n\t<meta name=\"author\" content=\"El Digital de Asturias\"\/>\n\t<meta name=\"google-site-verification\" content=\"UA-38556648-1\" \/>\n\t<meta name=\"msvalidate.01\" content=\"7dfe9f3f1b24437ab69f4f2559babe99\" \/>\n\t<meta name=\"keywords\" content=\"actualidad\" \/>\n\t<link rel=\"canonical\" href=\"https:\/\/www.eldigitaldeasturias.com\/noticias\/de-la-serna-inaugura-la-estacion-de-cercanias-de-paco-de-lucia\/\" \/>\n\t<meta name=\"generator\" content=\"All in One SEO Pro (AIOSEO) 5.0.1\" \/>\n\t\t<meta property=\"og:locale\" content=\"es_ES\" \/>\n\t\t<meta property=\"og:site_name\" content=\"El Digital de Asturias\" \/>\n\t\t<meta property=\"og:type\" content=\"article\" \/>\n\t\t<meta property=\"og:title\" content=\"De la Serna inaugura la estaci\u00f3n de Cercan\u00edas de Paco de Luc\u00eda - El Digital de Asturias\" \/>\n\t\t<meta property=\"og:description\" content=\"El ministro de Fomento, I\u00f1igo de la Serna, ha inaugurado la nueva estaci\u00f3n de Cercan\u00edas de Mirasierra-Paco de Luc\u00eda, ubicada en el barrio madrile\u00f1o de Mirasierra, que ha supuesto una inversi\u00f3n de 6.186.000 euros (IVA incluido) y que dar\u00e1 servicio previsiblemente a 500.000 viajeros anuales. La entrada en servicio de esta nueva infraestructura, que eleva\" \/>\n\t\t<meta property=\"og:url\" content=\"https:\/\/www.eldigitaldeasturias.com\/noticias\/de-la-serna-inaugura-la-estacion-de-cercanias-de-paco-de-lucia\/\" \/>\n\t\t<meta property=\"article:tag\" content=\"actualidad\" \/>\n\t\t<meta property=\"article:published_time\" content=\"2018-02-05T16:51:40+00:00\" \/>\n\t\t<meta property=\"article:modified_time\" content=\"2018-02-05T16:51:40+00:00\" \/>\n\t\t<meta property=\"article:publisher\" content=\"https:\/\/facebook.com\/eldigitaldeasturias\" \/>\n\t\t<meta name=\"twitter:card\" content=\"summary_large_image\" \/>\n\t\t<meta name=\"twitter:title\" content=\"De la Serna inaugura la estaci\u00f3n de Cercan\u00edas de Paco de Luc\u00eda - El Digital de Asturias\" \/>\n\t\t<meta name=\"twitter:description\" content=\"El ministro de Fomento, I\u00f1igo de la Serna, ha inaugurado la nueva estaci\u00f3n de Cercan\u00edas de Mirasierra-Paco de Luc\u00eda, ubicada en el barrio madrile\u00f1o de Mirasierra, que ha supuesto una inversi\u00f3n de 6.186.000 euros (IVA incluido) y que dar\u00e1 servicio previsiblemente a 500.000 viajeros anuales. La entrada en servicio de esta nueva infraestructura, que eleva\" \/>\n\t\t<meta name=\"twitter:image\" content=\"https:\/\/www.eldigitaldeasturias.com\/noticias\/wp-content\/uploads\/2020\/12\/EDA-1.jpg\" \/>\n\t\t<meta name=\"twitter:label1\" content=\"Escrito por\" \/>\n\t\t<meta name=\"twitter:data1\" content=\"El Digital de Asturias\" \/>\n\t\t<meta name=\"twitter:label2\" content=\"Tiempo de lectura estimado\" \/>\n\t\t<meta name=\"twitter:data2\" content=\"4 minutos\" \/>\n\t\t<script type=\"application\/ld+json\" class=\"aioseo-schema\">\n\t\t\t{\"@context\":\"https:\\\/\\\/schema.org\",\"@graph\":[{\"@type\":\"BlogPosting\",\"@id\":\"https:\\\/\\\/www.eldigitaldeasturias.com\\\/noticias\\\/de-la-serna-inaugura-la-estacion-de-cercanias-de-paco-de-lucia\\\/#blogposting\",\"name\":\"De la Serna inaugura la estaci\\u00f3n de Cercan\\u00edas de Paco de Luc\\u00eda - El Digital de Asturias\",\"headline\":\"De la Serna inaugura la estaci\\u00f3n de Cercan\\u00edas de Paco de Luc\\u00eda\",\"author\":{\"@id\":\"https:\\\/\\\/www.eldigitaldeasturias.com\\\/noticias\\\/author\\\/admin\\\/#author\"},\"publisher\":{\"@id\":\"https:\\\/\\\/www.eldigitaldeasturias.com\\\/noticias\\\/#organization\"},\"image\":{\"@type\":\"ImageObject\",\"url\":967956},\"datePublished\":\"2018-02-05T16:51:40+01:00\",\"dateModified\":\"2018-02-05T16:51:40+01:00\",\"inLanguage\":\"es-ES\",\"mainEntityOfPage\":{\"@id\":\"https:\\\/\\\/www.eldigitaldeasturias.com\\\/noticias\\\/de-la-serna-inaugura-la-estacion-de-cercanias-de-paco-de-lucia\\\/#webpage\"},\"isPartOf\":{\"@id\":\"https:\\\/\\\/www.eldigitaldeasturias.com\\\/noticias\\\/de-la-serna-inaugura-la-estacion-de-cercanias-de-paco-de-lucia\\\/#webpage\"},\"articleSection\":\"Actualidad\"},{\"@type\":\"BreadcrumbList\",\"@id\":\"https:\\\/\\\/www.eldigitaldeasturias.com\\\/noticias\\\/de-la-serna-inaugura-la-estacion-de-cercanias-de-paco-de-lucia\\\/#breadcrumblist\",\"itemListElement\":[{\"@type\":\"ListItem\",\"@id\":\"https:\\\/\\\/www.eldigitaldeasturias.com\\\/noticias#listItem\",\"position\":1,\"name\":\"Home\",\"item\":\"https:\\\/\\\/www.eldigitaldeasturias.com\\\/noticias\",\"nextItem\":{\"@type\":\"ListItem\",\"@id\":\"https:\\\/\\\/www.eldigitaldeasturias.com\\\/noticias\\\/category\\\/actualidad\\\/#listItem\",\"name\":\"Actualidad\"}},{\"@type\":\"ListItem\",\"@id\":\"https:\\\/\\\/www.eldigitaldeasturias.com\\\/noticias\\\/category\\\/actualidad\\\/#listItem\",\"position\":2,\"name\":\"Actualidad\",\"item\":\"https:\\\/\\\/www.eldigitaldeasturias.com\\\/noticias\\\/category\\\/actualidad\\\/\",\"nextItem\":{\"@type\":\"ListItem\",\"@id\":\"https:\\\/\\\/www.eldigitaldeasturias.com\\\/noticias\\\/de-la-serna-inaugura-la-estacion-de-cercanias-de-paco-de-lucia\\\/#listItem\",\"name\":\"De la Serna inaugura la estaci\\u00f3n de Cercan\\u00edas de Paco de Luc\\u00eda\"},\"previousItem\":{\"@type\":\"ListItem\",\"@id\":\"https:\\\/\\\/www.eldigitaldeasturias.com\\\/noticias#listItem\",\"name\":\"Home\"}},{\"@type\":\"ListItem\",\"@id\":\"https:\\\/\\\/www.eldigitaldeasturias.com\\\/noticias\\\/de-la-serna-inaugura-la-estacion-de-cercanias-de-paco-de-lucia\\\/#listItem\",\"position\":3,\"name\":\"De la Serna inaugura la estaci\\u00f3n de Cercan\\u00edas de Paco de Luc\\u00eda\",\"previousItem\":{\"@type\":\"ListItem\",\"@id\":\"https:\\\/\\\/www.eldigitaldeasturias.com\\\/noticias\\\/category\\\/actualidad\\\/#listItem\",\"name\":\"Actualidad\"}}]},{\"@type\":\"Organization\",\"@id\":\"https:\\\/\\\/www.eldigitaldeasturias.com\\\/noticias\\\/#organization\",\"name\":\"El Digital de Asturias\",\"description\":\"Hemeroteca\",\"url\":\"https:\\\/\\\/www.eldigitaldeasturias.com\\\/noticias\\\/\",\"email\":\"info@eldigitaldeasturias.com\",\"telephone\":\"+34652131393\",\"logo\":{\"@type\":\"ImageObject\",\"url\":\"https:\\\/\\\/www.eldigitaldeasturias.com\\\/noticias\\\/wp-content\\\/uploads\\\/2020\\\/12\\\/EDA.jpg\",\"@id\":\"https:\\\/\\\/www.eldigitaldeasturias.com\\\/noticias\\\/de-la-serna-inaugura-la-estacion-de-cercanias-de-paco-de-lucia\\\/#organizationLogo\"},\"image\":{\"@id\":\"https:\\\/\\\/www.eldigitaldeasturias.com\\\/noticias\\\/de-la-serna-inaugura-la-estacion-de-cercanias-de-paco-de-lucia\\\/#organizationLogo\"},\"sameAs\":[\"https:\\\/\\\/facebook.com\\\/eldigitaldeasturias\",\"https:\\\/\\\/www.youtube.com\\\/channel\\\/UCZP-2wLEB9Rv6erhFmqVnvg\"],\"address\":{\"@id\":\"https:\\\/\\\/www.eldigitaldeasturias.com\\\/noticias\\\/#postaladdress\",\"@type\":\"PostalAddress\",\"streetAddress\":\"san antonio 4\",\"postalCode\":\"33430\",\"addressLocality\":\"Cand\\u00e1s\",\"addressRegion\":\"Asturias\",\"addressCountry\":\"ES\"}},{\"@type\":\"Person\",\"@id\":\"https:\\\/\\\/www.eldigitaldeasturias.com\\\/noticias\\\/author\\\/admin\\\/#author\",\"url\":\"https:\\\/\\\/www.eldigitaldeasturias.com\\\/noticias\\\/author\\\/admin\\\/\",\"name\":\"El Digital de Asturias\",\"image\":{\"@type\":\"ImageObject\",\"@id\":\"https:\\\/\\\/www.eldigitaldeasturias.com\\\/noticias\\\/de-la-serna-inaugura-la-estacion-de-cercanias-de-paco-de-lucia\\\/#authorImage\",\"url\":\"https:\\\/\\\/secure.gravatar.com\\\/avatar\\\/df2aeffc32bcd13f8d26072ef8a91b623d677766deac7f97ca815868cd41bf5e?s=96&d=mm&r=g\",\"width\":96,\"height\":96,\"caption\":\"El Digital de Asturias\"}},{\"@type\":\"WebPage\",\"@id\":\"https:\\\/\\\/www.eldigitaldeasturias.com\\\/noticias\\\/de-la-serna-inaugura-la-estacion-de-cercanias-de-paco-de-lucia\\\/#webpage\",\"url\":\"https:\\\/\\\/www.eldigitaldeasturias.com\\\/noticias\\\/de-la-serna-inaugura-la-estacion-de-cercanias-de-paco-de-lucia\\\/\",\"name\":\"De la Serna inaugura la estaci\\u00f3n de Cercan\\u00edas de Paco de Luc\\u00eda - El Digital de Asturias\",\"description\":\"El ministro de Fomento, I\\u00f1igo de la Serna, ha inaugurado la nueva estaci\\u00f3n de Cercan\\u00edas de Mirasierra-Paco de Luc\\u00eda, ubicada en el barrio madrile\\u00f1o de Mirasierra, que ha supuesto una inversi\\u00f3n de 6.186.000 euros (IVA incluido) y que dar\\u00e1 servicio previsiblemente a 500.000 viajeros anuales. La entrada en servicio de esta nueva infraestructura, que eleva\",\"inLanguage\":\"es-ES\",\"isPartOf\":{\"@id\":\"https:\\\/\\\/www.eldigitaldeasturias.com\\\/noticias\\\/#website\"},\"breadcrumb\":{\"@id\":\"https:\\\/\\\/www.eldigitaldeasturias.com\\\/noticias\\\/de-la-serna-inaugura-la-estacion-de-cercanias-de-paco-de-lucia\\\/#breadcrumblist\"},\"author\":{\"@id\":\"https:\\\/\\\/www.eldigitaldeasturias.com\\\/noticias\\\/author\\\/admin\\\/#author\"},\"creator\":{\"@id\":\"https:\\\/\\\/www.eldigitaldeasturias.com\\\/noticias\\\/author\\\/admin\\\/#author\"},\"image\":{\"@type\":\"ImageObject\",\"url\":967956,\"@id\":\"https:\\\/\\\/www.eldigitaldeasturias.com\\\/noticias\\\/de-la-serna-inaugura-la-estacion-de-cercanias-de-paco-de-lucia\\\/#mainImage\"},\"primaryImageOfPage\":{\"@id\":\"https:\\\/\\\/www.eldigitaldeasturias.com\\\/noticias\\\/de-la-serna-inaugura-la-estacion-de-cercanias-de-paco-de-lucia\\\/#mainImage\"},\"datePublished\":\"2018-02-05T16:51:40+01:00\",\"dateModified\":\"2018-02-05T16:51:40+01:00\"},{\"@type\":\"WebSite\",\"@id\":\"https:\\\/\\\/www.eldigitaldeasturias.com\\\/noticias\\\/#website\",\"url\":\"https:\\\/\\\/www.eldigitaldeasturias.com\\\/noticias\\\/\",\"name\":\"El Digital de Asturias - Diario de actualidad y noticias\",\"alternateName\":\"El Digital de Asturias - Diario de actualidad y noticias\",\"description\":\"Hemeroteca\",\"inLanguage\":\"es-ES\",\"publisher\":{\"@id\":\"https:\\\/\\\/www.eldigitaldeasturias.com\\\/noticias\\\/#organization\"}}]}\n\t\t<\/script>\n\t\t<!-- All in One SEO Pro -->\r\n\t\t<title>De la Serna inaugura la estaci\u00f3n de Cercan\u00edas de Paco de Luc\u00eda - El Digital de Asturias<\/title>\n\n","aioseo_head_json":{"title":"De la Serna inaugura la estaci\u00f3n de Cercan\u00edas de Paco de Luc\u00eda - El Digital de Asturias","description":"El ministro de Fomento, I\u00f1igo de la Serna, ha inaugurado la nueva estaci\u00f3n de Cercan\u00edas de Mirasierra-Paco de Luc\u00eda, ubicada en el barrio madrile\u00f1o de Mirasierra, que ha supuesto una inversi\u00f3n de 6.186.000 euros (IVA incluido) y que dar\u00e1 servicio previsiblemente a 500.000 viajeros anuales. La entrada en servicio de esta nueva infraestructura, que eleva","canonical_url":"https:\/\/www.eldigitaldeasturias.com\/noticias\/de-la-serna-inaugura-la-estacion-de-cercanias-de-paco-de-lucia\/","robots":"max-image-preview:large","keywords":"actualidad","webmasterTools":{"google-site-verification":"UA-38556648-1","msvalidate.01":"7dfe9f3f1b24437ab69f4f2559babe99","miscellaneous":""},"schema":{"@context":"https:\/\/schema.org","@graph":[{"@type":"BlogPosting","@id":"https:\/\/www.eldigitaldeasturias.com\/noticias\/de-la-serna-inaugura-la-estacion-de-cercanias-de-paco-de-lucia\/#blogposting","name":"De la Serna inaugura la estaci\u00f3n de Cercan\u00edas de Paco de Luc\u00eda - El Digital de Asturias","headline":"De la Serna inaugura la estaci\u00f3n de Cercan\u00edas de Paco de Luc\u00eda","author":{"@id":"https:\/\/www.eldigitaldeasturias.com\/noticias\/author\/admin\/#author"},"publisher":{"@id":"https:\/\/www.eldigitaldeasturias.com\/noticias\/#organization"},"image":{"@type":"ImageObject","url":967956},"datePublished":"2018-02-05T16:51:40+01:00","dateModified":"2018-02-05T16:51:40+01:00","inLanguage":"es-ES","mainEntityOfPage":{"@id":"https:\/\/www.eldigitaldeasturias.com\/noticias\/de-la-serna-inaugura-la-estacion-de-cercanias-de-paco-de-lucia\/#webpage"},"isPartOf":{"@id":"https:\/\/www.eldigitaldeasturias.com\/noticias\/de-la-serna-inaugura-la-estacion-de-cercanias-de-paco-de-lucia\/#webpage"},"articleSection":"Actualidad"},{"@type":"BreadcrumbList","@id":"https:\/\/www.eldigitaldeasturias.com\/noticias\/de-la-serna-inaugura-la-estacion-de-cercanias-de-paco-de-lucia\/#breadcrumblist","itemListElement":[{"@type":"ListItem","@id":"https:\/\/www.eldigitaldeasturias.com\/noticias#listItem","position":1,"name":"Home","item":"https:\/\/www.eldigitaldeasturias.com\/noticias","nextItem":{"@type":"ListItem","@id":"https:\/\/www.eldigitaldeasturias.com\/noticias\/category\/actualidad\/#listItem","name":"Actualidad"}},{"@type":"ListItem","@id":"https:\/\/www.eldigitaldeasturias.com\/noticias\/category\/actualidad\/#listItem","position":2,"name":"Actualidad","item":"https:\/\/www.eldigitaldeasturias.com\/noticias\/category\/actualidad\/","nextItem":{"@type":"ListItem","@id":"https:\/\/www.eldigitaldeasturias.com\/noticias\/de-la-serna-inaugura-la-estacion-de-cercanias-de-paco-de-lucia\/#listItem","name":"De la Serna inaugura la estaci\u00f3n de Cercan\u00edas de Paco de Luc\u00eda"},"previousItem":{"@type":"ListItem","@id":"https:\/\/www.eldigitaldeasturias.com\/noticias#listItem","name":"Home"}},{"@type":"ListItem","@id":"https:\/\/www.eldigitaldeasturias.com\/noticias\/de-la-serna-inaugura-la-estacion-de-cercanias-de-paco-de-lucia\/#listItem","position":3,"name":"De la Serna inaugura la estaci\u00f3n de Cercan\u00edas de Paco de Luc\u00eda","previousItem":{"@type":"ListItem","@id":"https:\/\/www.eldigitaldeasturias.com\/noticias\/category\/actualidad\/#listItem","name":"Actualidad"}}]},{"@type":"Organization","@id":"https:\/\/www.eldigitaldeasturias.com\/noticias\/#organization","name":"El Digital de Asturias","description":"Hemeroteca","url":"https:\/\/www.eldigitaldeasturias.com\/noticias\/","email":"info@eldigitaldeasturias.com","telephone":"+34652131393","logo":{"@type":"ImageObject","url":"https:\/\/www.eldigitaldeasturias.com\/noticias\/wp-content\/uploads\/2020\/12\/EDA.jpg","@id":"https:\/\/www.eldigitaldeasturias.com\/noticias\/de-la-serna-inaugura-la-estacion-de-cercanias-de-paco-de-lucia\/#organizationLogo"},"image":{"@id":"https:\/\/www.eldigitaldeasturias.com\/noticias\/de-la-serna-inaugura-la-estacion-de-cercanias-de-paco-de-lucia\/#organizationLogo"},"sameAs":["https:\/\/facebook.com\/eldigitaldeasturias","https:\/\/www.youtube.com\/channel\/UCZP-2wLEB9Rv6erhFmqVnvg"],"address":{"@id":"https:\/\/www.eldigitaldeasturias.com\/noticias\/#postaladdress","@type":"PostalAddress","streetAddress":"san antonio 4","postalCode":"33430","addressLocality":"Cand\u00e1s","addressRegion":"Asturias","addressCountry":"ES"}},{"@type":"Person","@id":"https:\/\/www.eldigitaldeasturias.com\/noticias\/author\/admin\/#author","url":"https:\/\/www.eldigitaldeasturias.com\/noticias\/author\/admin\/","name":"El Digital de Asturias","image":{"@type":"ImageObject","@id":"https:\/\/www.eldigitaldeasturias.com\/noticias\/de-la-serna-inaugura-la-estacion-de-cercanias-de-paco-de-lucia\/#authorImage","url":"https:\/\/secure.gravatar.com\/avatar\/df2aeffc32bcd13f8d26072ef8a91b623d677766deac7f97ca815868cd41bf5e?s=96&d=mm&r=g","width":96,"height":96,"caption":"El Digital de Asturias"}},{"@type":"WebPage","@id":"https:\/\/www.eldigitaldeasturias.com\/noticias\/de-la-serna-inaugura-la-estacion-de-cercanias-de-paco-de-lucia\/#webpage","url":"https:\/\/www.eldigitaldeasturias.com\/noticias\/de-la-serna-inaugura-la-estacion-de-cercanias-de-paco-de-lucia\/","name":"De la Serna inaugura la estaci\u00f3n de Cercan\u00edas de Paco de Luc\u00eda - El Digital de Asturias","description":"El ministro de Fomento, I\u00f1igo de la Serna, ha inaugurado la nueva estaci\u00f3n de Cercan\u00edas de Mirasierra-Paco de Luc\u00eda, ubicada en el barrio madrile\u00f1o de Mirasierra, que ha supuesto una inversi\u00f3n de 6.186.000 euros (IVA incluido) y que dar\u00e1 servicio previsiblemente a 500.000 viajeros anuales. La entrada en servicio de esta nueva infraestructura, que eleva","inLanguage":"es-ES","isPartOf":{"@id":"https:\/\/www.eldigitaldeasturias.com\/noticias\/#website"},"breadcrumb":{"@id":"https:\/\/www.eldigitaldeasturias.com\/noticias\/de-la-serna-inaugura-la-estacion-de-cercanias-de-paco-de-lucia\/#breadcrumblist"},"author":{"@id":"https:\/\/www.eldigitaldeasturias.com\/noticias\/author\/admin\/#author"},"creator":{"@id":"https:\/\/www.eldigitaldeasturias.com\/noticias\/author\/admin\/#author"},"image":{"@type":"ImageObject","url":967956,"@id":"https:\/\/www.eldigitaldeasturias.com\/noticias\/de-la-serna-inaugura-la-estacion-de-cercanias-de-paco-de-lucia\/#mainImage"},"primaryImageOfPage":{"@id":"https:\/\/www.eldigitaldeasturias.com\/noticias\/de-la-serna-inaugura-la-estacion-de-cercanias-de-paco-de-lucia\/#mainImage"},"datePublished":"2018-02-05T16:51:40+01:00","dateModified":"2018-02-05T16:51:40+01:00"},{"@type":"WebSite","@id":"https:\/\/www.eldigitaldeasturias.com\/noticias\/#website","url":"https:\/\/www.eldigitaldeasturias.com\/noticias\/","name":"El Digital de Asturias - Diario de actualidad y noticias","alternateName":"El Digital de Asturias - Diario de actualidad y noticias","description":"Hemeroteca","inLanguage":"es-ES","publisher":{"@id":"https:\/\/www.eldigitaldeasturias.com\/noticias\/#organization"}}]},"og:locale":"es_ES","og:site_name":"El Digital de Asturias","og:type":"article","og:title":"De la Serna inaugura la estaci\u00f3n de Cercan\u00edas de Paco de Luc\u00eda - El Digital de Asturias","og:description":"El ministro de Fomento, I\u00f1igo de la Serna, ha inaugurado la nueva estaci\u00f3n de Cercan\u00edas de Mirasierra-Paco de Luc\u00eda, ubicada en el barrio madrile\u00f1o de Mirasierra, que ha supuesto una inversi\u00f3n de 6.186.000 euros (IVA incluido) y que dar\u00e1 servicio previsiblemente a 500.000 viajeros anuales. La entrada en servicio de esta nueva infraestructura, que eleva","og:url":"https:\/\/www.eldigitaldeasturias.com\/noticias\/de-la-serna-inaugura-la-estacion-de-cercanias-de-paco-de-lucia\/","article:tag":["actualidad"],"article:published_time":"2018-02-05T16:51:40+00:00","article:modified_time":"2018-02-05T16:51:40+00:00","article:publisher":"https:\/\/facebook.com\/eldigitaldeasturias","twitter:card":"summary_large_image","twitter:title":"De la Serna inaugura la estaci\u00f3n de Cercan\u00edas de Paco de Luc\u00eda - El Digital de Asturias","twitter:description":"El ministro de Fomento, I\u00f1igo de la Serna, ha inaugurado la nueva estaci\u00f3n de Cercan\u00edas de Mirasierra-Paco de Luc\u00eda, ubicada en el barrio madrile\u00f1o de Mirasierra, que ha supuesto una inversi\u00f3n de 6.186.000 euros (IVA incluido) y que dar\u00e1 servicio previsiblemente a 500.000 viajeros anuales. La entrada en servicio de esta nueva infraestructura, que eleva","twitter:image":"https:\/\/www.eldigitaldeasturias.com\/noticias\/wp-content\/uploads\/2020\/12\/EDA-1.jpg","twitter:label1":"Escrito por","twitter:data1":"El Digital de Asturias","twitter:label2":"Tiempo de lectura estimado","twitter:data2":"4 minutos"},"aioseo_meta_data":{"post_id":"967955","title":null,"description":null,"keywords":null,"keyphrases":null,"primary_term":null,"canonical_url":null,"og_title":null,"og_description":null,"og_object_type":"default","og_image_type":"default","og_image_url":null,"og_image_width":null,"og_image_height":null,"og_image_custom_url":null,"og_image_custom_fields":null,"og_video":null,"og_custom_url":null,"og_article_section":null,"og_article_tags":null,"twitter_use_og":false,"twitter_card":"default","twitter_image_type":"default","twitter_image_url":null,"twitter_image_custom_url":null,"twitter_image_custom_fields":null,"twitter_title":null,"twitter_description":null,"schema":{"blockGraphs":[],"customGraphs":[],"default":{"data":{"Article":[],"Course":[],"Dataset":[],"FAQPage":[],"Movie":[],"Person":[],"Product":[],"ProductReview":[],"Car":[],"Recipe":[],"Service":[],"SoftwareApplication":[],"WebPage":[]},"graphName":"","isEnabled":true},"graphs":[],"defaultGraph":"","defaultPostTypeGraph":""},"schema_type":null,"schema_type_options":null,"pillar_content":false,"robots_default":true,"robots_noindex":false,"robots_noarchive":false,"robots_nosnippet":false,"robots_nofollow":false,"robots_noimageindex":false,"robots_noodp":false,"robots_notranslate":false,"robots_max_snippet":null,"robots_max_videopreview":null,"robots_max_imagepreview":"large","priority":null,"frequency":null,"local_seo":null,"seo_analyzer_scan_date":"2025-10-06 20:49:10","breadcrumb_settings":null,"limit_modified_date":false,"open_ai":null,"ai":null,"created":"2020-12-21 12:31:36","updated":"2025-10-06 20:49:10","focus_keyword":null,"additional_keywords":null,"truseo_locale":null},"aioseo_breadcrumb":"<div class=\"aioseo-breadcrumbs\"><span class=\"aioseo-breadcrumb\">\n\t<a href=\"https:\/\/www.eldigitaldeasturias.com\/noticias\" title=\"Home\">Home<\/a>\n<\/span><span class=\"aioseo-breadcrumb-separator\">\u2013<\/span><span class=\"aioseo-breadcrumb\">\n\t<a href=\"https:\/\/www.eldigitaldeasturias.com\/noticias\/category\/actualidad\/\" title=\"Actualidad\">Actualidad<\/a>\n<\/span><span class=\"aioseo-breadcrumb-separator\">\u2013<\/span><span class=\"aioseo-breadcrumb\">\n\t<a href=\"https:\/\/www.eldigitaldeasturias.com\/noticias\/de-la-serna-inaugura-la-estacion-de-cercanias-de-paco-de-lucia\/\" title=\"De la Serna inaugura la estaci\u00f3n de Cercan\u00edas de Paco de Luc\u00eda\">De la Serna inaugura la estaci\u00f3n de Cercan\u00edas de Paco de Luc\u00eda<\/a>\n<\/span><\/div>","aioseo_breadcrumb_json":[{"label":"Home","link":"https:\/\/www.eldigitaldeasturias.com\/noticias"},{"label":"Actualidad","link":"https:\/\/www.eldigitaldeasturias.com\/noticias\/category\/actualidad\/"},{"label":"De la Serna inaugura la estaci\u00f3n de Cercan\u00edas de Paco de Luc\u00eda","link":"https:\/\/www.eldigitaldeasturias.com\/noticias\/de-la-serna-inaugura-la-estacion-de-cercanias-de-paco-de-lucia\/"}],"_links":{"self":[{"href":"https:\/\/www.eldigitaldeasturias.com\/noticias\/wp-json\/wp\/v2\/posts\/967955","targetHints":{"allow":["GET"]}}],"collection":[{"href":"https:\/\/www.eldigitaldeasturias.com\/noticias\/wp-json\/wp\/v2\/posts"}],"about":[{"href":"https:\/\/www.eldigitaldeasturias.com\/noticias\/wp-json\/wp\/v2\/types\/post"}],"author":[{"embeddable":true,"href":"https:\/\/www.eldigitaldeasturias.com\/noticias\/wp-json\/wp\/v2\/users\/1"}],"replies":[{"embeddable":true,"href":"https:\/\/www.eldigitaldeasturias.com\/noticias\/wp-json\/wp\/v2\/comments?post=967955"}],"version-history":[{"count":0,"href":"https:\/\/www.eldigitaldeasturias.com\/noticias\/wp-json\/wp\/v2\/posts\/967955\/revisions"}],"wp:attachment":[{"href":"https:\/\/www.eldigitaldeasturias.com\/noticias\/wp-json\/wp\/v2\/media?parent=967955"}],"wp:term":[{"taxonomy":"category","embeddable":true,"href":"https:\/\/www.eldigitaldeasturias.com\/noticias\/wp-json\/wp\/v2\/categories?post=967955"},{"taxonomy":"post_tag","embeddable":true,"href":"https:\/\/www.eldigitaldeasturias.com\/noticias\/wp-json\/wp\/v2\/tags?post=967955"}],"curies":[{"name":"wp","href":"https:\/\/api.w.org\/{rel}","templated":true}]}}