{"id":967949,"date":"2018-02-05T16:45:57","date_gmt":"2018-02-05T16:45:57","guid":{"rendered":"http:\/\/www.eldigitaldeasturias.com\/noticias\/?p=967949"},"modified":"2018-02-05T16:45:57","modified_gmt":"2018-02-05T16:45:57","slug":"la-brigada-central-de-estupefacientes-cumple-50-anos","status":"publish","type":"post","link":"https:\/\/www.eldigitaldeasturias.com\/noticias\/la-brigada-central-de-estupefacientes-cumple-50-anos\/","title":{"rendered":"La Brigada Central de Estupefacientes cumple 50 a\u00f1os"},"content":{"rendered":"<p><img loading=\"lazy\" decoding=\"async\" class=\"alignleft size-medium wp-image-967950\" src=\"https:\/\/www.eldigitaldeasturias.com\/noticias\/wp-content\/uploads\/2018\/02\/050218ZoidoRey-360x239.jpg\" alt=\"\" width=\"360\" height=\"239\" \/>El Rey don Felipe VI, acompa\u00f1ado por el ministro del Interior, Juan Ignacio Zoido, ha presidido en Madrid el acto por el <strong>50 aniversario de la creaci\u00f3n de la Brigada Central de Estupefacientes de la Polic\u00eda Naciona<\/strong>l, que se ha desarrollado en el complejo policial de Canillas.<\/p>\n<p>En el acto, que ha contado tambi\u00e9n con la presencia del secretario de Estado de Seguridad, Jos\u00e9 Antonio Nieto; la delegada del Gobierno en Madrid, Concepci\u00f3n Dancausa y el director general de la Polic\u00eda, Germ\u00e1n L\u00f3pez Iglesias, entre otras autoridades, el ministro ha elogiado el papel desempe\u00f1ado durante estos a\u00f1os por la Brigada Central de Estupefacientes \u00abcomo un referente en la lucha contra la actividad criminal m\u00e1s lucrativa del mundo\u00bb.<\/p>\n<p>El ministro del Interior ha querido tambi\u00e9n felicitar al Rey por su reciente cumplea\u00f1os: \u00abCumplir 50 a\u00f1os siempre es motivo de celebraci\u00f3n, y por eso quiero aprovechar esta oportunidad, Se\u00f1or, para reiterarle la felicitaci\u00f3n por su reciente aniversario y agradecerle su servicio a Espa\u00f1a\u00bb.<\/p>\n<p>El Rey Don Felipe VI ha firmado en el Libro de Honor y visitado una exposici\u00f3n que resume las principales actuaciones contra el narcotr\u00e1fico de la Brigada Central de Estupefacientes de la Polic\u00eda Nacional en la que adem\u00e1s se muestran los recursos materiales empleados por esta Brigada.<\/p>\n<p><strong>Pionera en pautas de investigaci\u00f3n contra la droga<\/strong><\/p>\n<p>La Brigada Central de Estupefacientes de la Polic\u00eda Nacional, creada hace ahora medio siglo, fue pionera en Espa\u00f1a en la investigaci\u00f3n y persecuci\u00f3n del tr\u00e1fico il\u00edcito de estupefacientes, tanto por su funci\u00f3n legislativa como por establecer nuevas pautas de investigaci\u00f3n.<\/p>\n<p>Durante estos 50 a\u00f1os, sus agentes han logrado incautarse de 310.000 kilos de coca\u00edna, de 750.000 kilos de hach\u00eds, m\u00e1s de 5.000 de hero\u00edna, y m\u00e1s de 3 millones de pastillas de MDMA. En este sentido, Juan Ignacio Zoido ha recordado al fundador de la BCE, el comisario Jos\u00e9 Mar\u00eda Mato \u00abun excelente polic\u00eda que supo anticiparse a su tiempo\u00bb, con estructuras policiales ahora normales, pero que en su momento supusieron una revoluci\u00f3n en la forma de trabajar de la Polic\u00eda.<\/p>\n<p>El ministro del Interior ha recalcado su agradecimiento a los 120 hombres y mujeres que integran actualmente la Brigada Central de Estupefacientes y a quienes han pasado por ella a lo largo de sus 50 a\u00f1os de historia: \u00abGracias porque vuestra ilusi\u00f3n, entrega, compromiso y profesionalidad han convertido la Brigada Central de Estupefacientes en una garant\u00eda de seguridad para todos\u00bb.<\/p>\n","protected":false},"excerpt":{"rendered":"<p>El Rey don Felipe VI, acompa\u00f1ado por el ministro del Interior, Juan Ignacio Zoido, ha presidido en Madrid el acto por el 50 aniversario de la creaci\u00f3n de la Brigada Central de Estupefacientes de la Polic\u00eda Nacional, que se ha desarrollado en el complejo policial de Canillas. En el acto, que ha contado tambi\u00e9n con [&hellip;]<\/p>\n","protected":false},"author":1,"featured_media":967950,"comment_status":"closed","ping_status":"closed","sticky":false,"template":"","format":"standard","meta":{"footnotes":""},"categories":[1],"tags":[],"class_list":["post-967949","post","type-post","status-publish","format-standard","has-post-thumbnail","hentry","category-actualidad"],"aioseo_notices":[],"aioseo_head":"\n\t\t<!-- All in One SEO Pro 5.0.1 - aioseo.com -->\n\t<meta name=\"description\" content=\"El Rey don Felipe VI, acompa\u00f1ado por el ministro del Interior, Juan Ignacio Zoido, ha presidido en Madrid el acto por el 50 aniversario de la creaci\u00f3n de la Brigada Central de Estupefacientes de la Polic\u00eda Nacional, que se ha desarrollado en el complejo policial de Canillas. En el acto, que ha contado tambi\u00e9n con\" \/>\n\t<meta name=\"robots\" content=\"max-image-preview:large\" \/>\n\t<meta name=\"author\" content=\"El Digital de Asturias\"\/>\n\t<meta name=\"google-site-verification\" content=\"UA-38556648-1\" \/>\n\t<meta name=\"msvalidate.01\" content=\"7dfe9f3f1b24437ab69f4f2559babe99\" \/>\n\t<meta name=\"keywords\" content=\"actualidad\" \/>\n\t<link rel=\"canonical\" href=\"https:\/\/www.eldigitaldeasturias.com\/noticias\/la-brigada-central-de-estupefacientes-cumple-50-anos\/\" \/>\n\t<meta name=\"generator\" content=\"All in One SEO Pro (AIOSEO) 5.0.1\" \/>\n\t\t<meta property=\"og:locale\" content=\"es_ES\" \/>\n\t\t<meta property=\"og:site_name\" content=\"El Digital de Asturias\" \/>\n\t\t<meta property=\"og:type\" content=\"article\" \/>\n\t\t<meta property=\"og:title\" content=\"La Brigada Central de Estupefacientes cumple 50 a\u00f1os - El Digital de Asturias\" \/>\n\t\t<meta property=\"og:description\" content=\"El Rey don Felipe VI, acompa\u00f1ado por el ministro del Interior, Juan Ignacio Zoido, ha presidido en Madrid el acto por el 50 aniversario de la creaci\u00f3n de la Brigada Central de Estupefacientes de la Polic\u00eda Nacional, que se ha desarrollado en el complejo policial de Canillas. En el acto, que ha contado tambi\u00e9n con\" \/>\n\t\t<meta property=\"og:url\" content=\"https:\/\/www.eldigitaldeasturias.com\/noticias\/la-brigada-central-de-estupefacientes-cumple-50-anos\/\" \/>\n\t\t<meta property=\"article:tag\" content=\"actualidad\" \/>\n\t\t<meta property=\"article:published_time\" content=\"2018-02-05T16:45:57+00:00\" \/>\n\t\t<meta property=\"article:modified_time\" content=\"2018-02-05T16:45:57+00:00\" \/>\n\t\t<meta property=\"article:publisher\" content=\"https:\/\/facebook.com\/eldigitaldeasturias\" \/>\n\t\t<meta name=\"twitter:card\" content=\"summary_large_image\" \/>\n\t\t<meta name=\"twitter:title\" content=\"La Brigada Central de Estupefacientes cumple 50 a\u00f1os - El Digital de Asturias\" \/>\n\t\t<meta name=\"twitter:description\" content=\"El Rey don Felipe VI, acompa\u00f1ado por el ministro del Interior, Juan Ignacio Zoido, ha presidido en Madrid el acto por el 50 aniversario de la creaci\u00f3n de la Brigada Central de Estupefacientes de la Polic\u00eda Nacional, que se ha desarrollado en el complejo policial de Canillas. En el acto, que ha contado tambi\u00e9n con\" \/>\n\t\t<meta name=\"twitter:image\" content=\"https:\/\/www.eldigitaldeasturias.com\/noticias\/wp-content\/uploads\/2020\/12\/EDA-1.jpg\" \/>\n\t\t<meta name=\"twitter:label1\" content=\"Escrito por\" \/>\n\t\t<meta name=\"twitter:data1\" content=\"El Digital de Asturias\" \/>\n\t\t<meta name=\"twitter:label2\" content=\"Tiempo de lectura estimado\" \/>\n\t\t<meta name=\"twitter:data2\" content=\"2 minutos\" \/>\n\t\t<script type=\"application\/ld+json\" class=\"aioseo-schema\">\n\t\t\t{\"@context\":\"https:\\\/\\\/schema.org\",\"@graph\":[{\"@type\":\"BlogPosting\",\"@id\":\"https:\\\/\\\/www.eldigitaldeasturias.com\\\/noticias\\\/la-brigada-central-de-estupefacientes-cumple-50-anos\\\/#blogposting\",\"name\":\"La Brigada Central de Estupefacientes cumple 50 a\\u00f1os - El Digital de Asturias\",\"headline\":\"La Brigada Central de Estupefacientes cumple 50 a\\u00f1os\",\"author\":{\"@id\":\"https:\\\/\\\/www.eldigitaldeasturias.com\\\/noticias\\\/author\\\/admin\\\/#author\"},\"publisher\":{\"@id\":\"https:\\\/\\\/www.eldigitaldeasturias.com\\\/noticias\\\/#organization\"},\"image\":{\"@type\":\"ImageObject\",\"url\":967950},\"datePublished\":\"2018-02-05T16:45:57+01:00\",\"dateModified\":\"2018-02-05T16:45:57+01:00\",\"inLanguage\":\"es-ES\",\"mainEntityOfPage\":{\"@id\":\"https:\\\/\\\/www.eldigitaldeasturias.com\\\/noticias\\\/la-brigada-central-de-estupefacientes-cumple-50-anos\\\/#webpage\"},\"isPartOf\":{\"@id\":\"https:\\\/\\\/www.eldigitaldeasturias.com\\\/noticias\\\/la-brigada-central-de-estupefacientes-cumple-50-anos\\\/#webpage\"},\"articleSection\":\"Actualidad\"},{\"@type\":\"BreadcrumbList\",\"@id\":\"https:\\\/\\\/www.eldigitaldeasturias.com\\\/noticias\\\/la-brigada-central-de-estupefacientes-cumple-50-anos\\\/#breadcrumblist\",\"itemListElement\":[{\"@type\":\"ListItem\",\"@id\":\"https:\\\/\\\/www.eldigitaldeasturias.com\\\/noticias#listItem\",\"position\":1,\"name\":\"Home\",\"item\":\"https:\\\/\\\/www.eldigitaldeasturias.com\\\/noticias\",\"nextItem\":{\"@type\":\"ListItem\",\"@id\":\"https:\\\/\\\/www.eldigitaldeasturias.com\\\/noticias\\\/category\\\/actualidad\\\/#listItem\",\"name\":\"Actualidad\"}},{\"@type\":\"ListItem\",\"@id\":\"https:\\\/\\\/www.eldigitaldeasturias.com\\\/noticias\\\/category\\\/actualidad\\\/#listItem\",\"position\":2,\"name\":\"Actualidad\",\"item\":\"https:\\\/\\\/www.eldigitaldeasturias.com\\\/noticias\\\/category\\\/actualidad\\\/\",\"nextItem\":{\"@type\":\"ListItem\",\"@id\":\"https:\\\/\\\/www.eldigitaldeasturias.com\\\/noticias\\\/la-brigada-central-de-estupefacientes-cumple-50-anos\\\/#listItem\",\"name\":\"La Brigada Central de Estupefacientes cumple 50 a\\u00f1os\"},\"previousItem\":{\"@type\":\"ListItem\",\"@id\":\"https:\\\/\\\/www.eldigitaldeasturias.com\\\/noticias#listItem\",\"name\":\"Home\"}},{\"@type\":\"ListItem\",\"@id\":\"https:\\\/\\\/www.eldigitaldeasturias.com\\\/noticias\\\/la-brigada-central-de-estupefacientes-cumple-50-anos\\\/#listItem\",\"position\":3,\"name\":\"La Brigada Central de Estupefacientes cumple 50 a\\u00f1os\",\"previousItem\":{\"@type\":\"ListItem\",\"@id\":\"https:\\\/\\\/www.eldigitaldeasturias.com\\\/noticias\\\/category\\\/actualidad\\\/#listItem\",\"name\":\"Actualidad\"}}]},{\"@type\":\"Organization\",\"@id\":\"https:\\\/\\\/www.eldigitaldeasturias.com\\\/noticias\\\/#organization\",\"name\":\"El Digital de Asturias\",\"description\":\"Hemeroteca\",\"url\":\"https:\\\/\\\/www.eldigitaldeasturias.com\\\/noticias\\\/\",\"email\":\"info@eldigitaldeasturias.com\",\"telephone\":\"+34652131393\",\"logo\":{\"@type\":\"ImageObject\",\"url\":\"https:\\\/\\\/www.eldigitaldeasturias.com\\\/noticias\\\/wp-content\\\/uploads\\\/2020\\\/12\\\/EDA.jpg\",\"@id\":\"https:\\\/\\\/www.eldigitaldeasturias.com\\\/noticias\\\/la-brigada-central-de-estupefacientes-cumple-50-anos\\\/#organizationLogo\"},\"image\":{\"@id\":\"https:\\\/\\\/www.eldigitaldeasturias.com\\\/noticias\\\/la-brigada-central-de-estupefacientes-cumple-50-anos\\\/#organizationLogo\"},\"sameAs\":[\"https:\\\/\\\/facebook.com\\\/eldigitaldeasturias\",\"https:\\\/\\\/www.youtube.com\\\/channel\\\/UCZP-2wLEB9Rv6erhFmqVnvg\"],\"address\":{\"@id\":\"https:\\\/\\\/www.eldigitaldeasturias.com\\\/noticias\\\/#postaladdress\",\"@type\":\"PostalAddress\",\"streetAddress\":\"san antonio 4\",\"postalCode\":\"33430\",\"addressLocality\":\"Cand\\u00e1s\",\"addressRegion\":\"Asturias\",\"addressCountry\":\"ES\"}},{\"@type\":\"Person\",\"@id\":\"https:\\\/\\\/www.eldigitaldeasturias.com\\\/noticias\\\/author\\\/admin\\\/#author\",\"url\":\"https:\\\/\\\/www.eldigitaldeasturias.com\\\/noticias\\\/author\\\/admin\\\/\",\"name\":\"El Digital de Asturias\",\"image\":{\"@type\":\"ImageObject\",\"@id\":\"https:\\\/\\\/www.eldigitaldeasturias.com\\\/noticias\\\/la-brigada-central-de-estupefacientes-cumple-50-anos\\\/#authorImage\",\"url\":\"https:\\\/\\\/secure.gravatar.com\\\/avatar\\\/df2aeffc32bcd13f8d26072ef8a91b623d677766deac7f97ca815868cd41bf5e?s=96&d=mm&r=g\",\"width\":96,\"height\":96,\"caption\":\"El Digital de Asturias\"}},{\"@type\":\"WebPage\",\"@id\":\"https:\\\/\\\/www.eldigitaldeasturias.com\\\/noticias\\\/la-brigada-central-de-estupefacientes-cumple-50-anos\\\/#webpage\",\"url\":\"https:\\\/\\\/www.eldigitaldeasturias.com\\\/noticias\\\/la-brigada-central-de-estupefacientes-cumple-50-anos\\\/\",\"name\":\"La Brigada Central de Estupefacientes cumple 50 a\\u00f1os - El Digital de Asturias\",\"description\":\"El Rey don Felipe VI, acompa\\u00f1ado por el ministro del Interior, Juan Ignacio Zoido, ha presidido en Madrid el acto por el 50 aniversario de la creaci\\u00f3n de la Brigada Central de Estupefacientes de la Polic\\u00eda Nacional, que se ha desarrollado en el complejo policial de Canillas. En el acto, que ha contado tambi\\u00e9n con\",\"inLanguage\":\"es-ES\",\"isPartOf\":{\"@id\":\"https:\\\/\\\/www.eldigitaldeasturias.com\\\/noticias\\\/#website\"},\"breadcrumb\":{\"@id\":\"https:\\\/\\\/www.eldigitaldeasturias.com\\\/noticias\\\/la-brigada-central-de-estupefacientes-cumple-50-anos\\\/#breadcrumblist\"},\"author\":{\"@id\":\"https:\\\/\\\/www.eldigitaldeasturias.com\\\/noticias\\\/author\\\/admin\\\/#author\"},\"creator\":{\"@id\":\"https:\\\/\\\/www.eldigitaldeasturias.com\\\/noticias\\\/author\\\/admin\\\/#author\"},\"image\":{\"@type\":\"ImageObject\",\"url\":967950,\"@id\":\"https:\\\/\\\/www.eldigitaldeasturias.com\\\/noticias\\\/la-brigada-central-de-estupefacientes-cumple-50-anos\\\/#mainImage\"},\"primaryImageOfPage\":{\"@id\":\"https:\\\/\\\/www.eldigitaldeasturias.com\\\/noticias\\\/la-brigada-central-de-estupefacientes-cumple-50-anos\\\/#mainImage\"},\"datePublished\":\"2018-02-05T16:45:57+01:00\",\"dateModified\":\"2018-02-05T16:45:57+01:00\"},{\"@type\":\"WebSite\",\"@id\":\"https:\\\/\\\/www.eldigitaldeasturias.com\\\/noticias\\\/#website\",\"url\":\"https:\\\/\\\/www.eldigitaldeasturias.com\\\/noticias\\\/\",\"name\":\"El Digital de Asturias - Diario de actualidad y noticias\",\"alternateName\":\"El Digital de Asturias - Diario de actualidad y noticias\",\"description\":\"Hemeroteca\",\"inLanguage\":\"es-ES\",\"publisher\":{\"@id\":\"https:\\\/\\\/www.eldigitaldeasturias.com\\\/noticias\\\/#organization\"}}]}\n\t\t<\/script>\n\t\t<!-- All in One SEO Pro -->\r\n\t\t<title>La Brigada Central de Estupefacientes cumple 50 a\u00f1os - El Digital de Asturias<\/title>\n\n","aioseo_head_json":{"title":"La Brigada Central de Estupefacientes cumple 50 a\u00f1os - El Digital de Asturias","description":"El Rey don Felipe VI, acompa\u00f1ado por el ministro del Interior, Juan Ignacio Zoido, ha presidido en Madrid el acto por el 50 aniversario de la creaci\u00f3n de la Brigada Central de Estupefacientes de la Polic\u00eda Nacional, que se ha desarrollado en el complejo policial de Canillas. En el acto, que ha contado tambi\u00e9n con","canonical_url":"https:\/\/www.eldigitaldeasturias.com\/noticias\/la-brigada-central-de-estupefacientes-cumple-50-anos\/","robots":"max-image-preview:large","keywords":"actualidad","webmasterTools":{"google-site-verification":"UA-38556648-1","msvalidate.01":"7dfe9f3f1b24437ab69f4f2559babe99","miscellaneous":""},"schema":{"@context":"https:\/\/schema.org","@graph":[{"@type":"BlogPosting","@id":"https:\/\/www.eldigitaldeasturias.com\/noticias\/la-brigada-central-de-estupefacientes-cumple-50-anos\/#blogposting","name":"La Brigada Central de Estupefacientes cumple 50 a\u00f1os - El Digital de Asturias","headline":"La Brigada Central de Estupefacientes cumple 50 a\u00f1os","author":{"@id":"https:\/\/www.eldigitaldeasturias.com\/noticias\/author\/admin\/#author"},"publisher":{"@id":"https:\/\/www.eldigitaldeasturias.com\/noticias\/#organization"},"image":{"@type":"ImageObject","url":967950},"datePublished":"2018-02-05T16:45:57+01:00","dateModified":"2018-02-05T16:45:57+01:00","inLanguage":"es-ES","mainEntityOfPage":{"@id":"https:\/\/www.eldigitaldeasturias.com\/noticias\/la-brigada-central-de-estupefacientes-cumple-50-anos\/#webpage"},"isPartOf":{"@id":"https:\/\/www.eldigitaldeasturias.com\/noticias\/la-brigada-central-de-estupefacientes-cumple-50-anos\/#webpage"},"articleSection":"Actualidad"},{"@type":"BreadcrumbList","@id":"https:\/\/www.eldigitaldeasturias.com\/noticias\/la-brigada-central-de-estupefacientes-cumple-50-anos\/#breadcrumblist","itemListElement":[{"@type":"ListItem","@id":"https:\/\/www.eldigitaldeasturias.com\/noticias#listItem","position":1,"name":"Home","item":"https:\/\/www.eldigitaldeasturias.com\/noticias","nextItem":{"@type":"ListItem","@id":"https:\/\/www.eldigitaldeasturias.com\/noticias\/category\/actualidad\/#listItem","name":"Actualidad"}},{"@type":"ListItem","@id":"https:\/\/www.eldigitaldeasturias.com\/noticias\/category\/actualidad\/#listItem","position":2,"name":"Actualidad","item":"https:\/\/www.eldigitaldeasturias.com\/noticias\/category\/actualidad\/","nextItem":{"@type":"ListItem","@id":"https:\/\/www.eldigitaldeasturias.com\/noticias\/la-brigada-central-de-estupefacientes-cumple-50-anos\/#listItem","name":"La Brigada Central de Estupefacientes cumple 50 a\u00f1os"},"previousItem":{"@type":"ListItem","@id":"https:\/\/www.eldigitaldeasturias.com\/noticias#listItem","name":"Home"}},{"@type":"ListItem","@id":"https:\/\/www.eldigitaldeasturias.com\/noticias\/la-brigada-central-de-estupefacientes-cumple-50-anos\/#listItem","position":3,"name":"La Brigada Central de Estupefacientes cumple 50 a\u00f1os","previousItem":{"@type":"ListItem","@id":"https:\/\/www.eldigitaldeasturias.com\/noticias\/category\/actualidad\/#listItem","name":"Actualidad"}}]},{"@type":"Organization","@id":"https:\/\/www.eldigitaldeasturias.com\/noticias\/#organization","name":"El Digital de Asturias","description":"Hemeroteca","url":"https:\/\/www.eldigitaldeasturias.com\/noticias\/","email":"info@eldigitaldeasturias.com","telephone":"+34652131393","logo":{"@type":"ImageObject","url":"https:\/\/www.eldigitaldeasturias.com\/noticias\/wp-content\/uploads\/2020\/12\/EDA.jpg","@id":"https:\/\/www.eldigitaldeasturias.com\/noticias\/la-brigada-central-de-estupefacientes-cumple-50-anos\/#organizationLogo"},"image":{"@id":"https:\/\/www.eldigitaldeasturias.com\/noticias\/la-brigada-central-de-estupefacientes-cumple-50-anos\/#organizationLogo"},"sameAs":["https:\/\/facebook.com\/eldigitaldeasturias","https:\/\/www.youtube.com\/channel\/UCZP-2wLEB9Rv6erhFmqVnvg"],"address":{"@id":"https:\/\/www.eldigitaldeasturias.com\/noticias\/#postaladdress","@type":"PostalAddress","streetAddress":"san antonio 4","postalCode":"33430","addressLocality":"Cand\u00e1s","addressRegion":"Asturias","addressCountry":"ES"}},{"@type":"Person","@id":"https:\/\/www.eldigitaldeasturias.com\/noticias\/author\/admin\/#author","url":"https:\/\/www.eldigitaldeasturias.com\/noticias\/author\/admin\/","name":"El Digital de Asturias","image":{"@type":"ImageObject","@id":"https:\/\/www.eldigitaldeasturias.com\/noticias\/la-brigada-central-de-estupefacientes-cumple-50-anos\/#authorImage","url":"https:\/\/secure.gravatar.com\/avatar\/df2aeffc32bcd13f8d26072ef8a91b623d677766deac7f97ca815868cd41bf5e?s=96&d=mm&r=g","width":96,"height":96,"caption":"El Digital de Asturias"}},{"@type":"WebPage","@id":"https:\/\/www.eldigitaldeasturias.com\/noticias\/la-brigada-central-de-estupefacientes-cumple-50-anos\/#webpage","url":"https:\/\/www.eldigitaldeasturias.com\/noticias\/la-brigada-central-de-estupefacientes-cumple-50-anos\/","name":"La Brigada Central de Estupefacientes cumple 50 a\u00f1os - El Digital de Asturias","description":"El Rey don Felipe VI, acompa\u00f1ado por el ministro del Interior, Juan Ignacio Zoido, ha presidido en Madrid el acto por el 50 aniversario de la creaci\u00f3n de la Brigada Central de Estupefacientes de la Polic\u00eda Nacional, que se ha desarrollado en el complejo policial de Canillas. En el acto, que ha contado tambi\u00e9n con","inLanguage":"es-ES","isPartOf":{"@id":"https:\/\/www.eldigitaldeasturias.com\/noticias\/#website"},"breadcrumb":{"@id":"https:\/\/www.eldigitaldeasturias.com\/noticias\/la-brigada-central-de-estupefacientes-cumple-50-anos\/#breadcrumblist"},"author":{"@id":"https:\/\/www.eldigitaldeasturias.com\/noticias\/author\/admin\/#author"},"creator":{"@id":"https:\/\/www.eldigitaldeasturias.com\/noticias\/author\/admin\/#author"},"image":{"@type":"ImageObject","url":967950,"@id":"https:\/\/www.eldigitaldeasturias.com\/noticias\/la-brigada-central-de-estupefacientes-cumple-50-anos\/#mainImage"},"primaryImageOfPage":{"@id":"https:\/\/www.eldigitaldeasturias.com\/noticias\/la-brigada-central-de-estupefacientes-cumple-50-anos\/#mainImage"},"datePublished":"2018-02-05T16:45:57+01:00","dateModified":"2018-02-05T16:45:57+01:00"},{"@type":"WebSite","@id":"https:\/\/www.eldigitaldeasturias.com\/noticias\/#website","url":"https:\/\/www.eldigitaldeasturias.com\/noticias\/","name":"El Digital de Asturias - Diario de actualidad y noticias","alternateName":"El Digital de Asturias - Diario de actualidad y noticias","description":"Hemeroteca","inLanguage":"es-ES","publisher":{"@id":"https:\/\/www.eldigitaldeasturias.com\/noticias\/#organization"}}]},"og:locale":"es_ES","og:site_name":"El Digital de Asturias","og:type":"article","og:title":"La Brigada Central de Estupefacientes cumple 50 a\u00f1os - El Digital de Asturias","og:description":"El Rey don Felipe VI, acompa\u00f1ado por el ministro del Interior, Juan Ignacio Zoido, ha presidido en Madrid el acto por el 50 aniversario de la creaci\u00f3n de la Brigada Central de Estupefacientes de la Polic\u00eda Nacional, que se ha desarrollado en el complejo policial de Canillas. En el acto, que ha contado tambi\u00e9n con","og:url":"https:\/\/www.eldigitaldeasturias.com\/noticias\/la-brigada-central-de-estupefacientes-cumple-50-anos\/","article:tag":["actualidad"],"article:published_time":"2018-02-05T16:45:57+00:00","article:modified_time":"2018-02-05T16:45:57+00:00","article:publisher":"https:\/\/facebook.com\/eldigitaldeasturias","twitter:card":"summary_large_image","twitter:title":"La Brigada Central de Estupefacientes cumple 50 a\u00f1os - El Digital de Asturias","twitter:description":"El Rey don Felipe VI, acompa\u00f1ado por el ministro del Interior, Juan Ignacio Zoido, ha presidido en Madrid el acto por el 50 aniversario de la creaci\u00f3n de la Brigada Central de Estupefacientes de la Polic\u00eda Nacional, que se ha desarrollado en el complejo policial de Canillas. En el acto, que ha contado tambi\u00e9n con","twitter:image":"https:\/\/www.eldigitaldeasturias.com\/noticias\/wp-content\/uploads\/2020\/12\/EDA-1.jpg","twitter:label1":"Escrito por","twitter:data1":"El Digital de Asturias","twitter:label2":"Tiempo de lectura estimado","twitter:data2":"2 minutos"},"aioseo_meta_data":{"post_id":"967949","title":null,"description":null,"keywords":null,"keyphrases":null,"primary_term":null,"canonical_url":null,"og_title":null,"og_description":null,"og_object_type":"default","og_image_type":"default","og_image_url":null,"og_image_width":null,"og_image_height":null,"og_image_custom_url":null,"og_image_custom_fields":null,"og_video":null,"og_custom_url":null,"og_article_section":null,"og_article_tags":null,"twitter_use_og":false,"twitter_card":"default","twitter_image_type":"default","twitter_image_url":null,"twitter_image_custom_url":null,"twitter_image_custom_fields":null,"twitter_title":null,"twitter_description":null,"schema":{"blockGraphs":[],"customGraphs":[],"default":{"data":{"Article":[],"Course":[],"Dataset":[],"FAQPage":[],"Movie":[],"Person":[],"Product":[],"ProductReview":[],"Car":[],"Recipe":[],"Service":[],"SoftwareApplication":[],"WebPage":[]},"graphName":"","isEnabled":true},"graphs":[],"defaultGraph":"","defaultPostTypeGraph":""},"schema_type":null,"schema_type_options":null,"pillar_content":false,"robots_default":true,"robots_noindex":false,"robots_noarchive":false,"robots_nosnippet":false,"robots_nofollow":false,"robots_noimageindex":false,"robots_noodp":false,"robots_notranslate":false,"robots_max_snippet":null,"robots_max_videopreview":null,"robots_max_imagepreview":"large","priority":null,"frequency":null,"local_seo":null,"seo_analyzer_scan_date":"2025-10-06 20:49:07","breadcrumb_settings":null,"limit_modified_date":false,"open_ai":null,"ai":null,"created":"2020-12-21 12:31:36","updated":"2025-10-06 20:49:07","focus_keyword":null,"additional_keywords":null,"truseo_locale":null},"aioseo_breadcrumb":"<div class=\"aioseo-breadcrumbs\"><span class=\"aioseo-breadcrumb\">\n\t<a href=\"https:\/\/www.eldigitaldeasturias.com\/noticias\" title=\"Home\">Home<\/a>\n<\/span><span class=\"aioseo-breadcrumb-separator\">\u2013<\/span><span class=\"aioseo-breadcrumb\">\n\t<a href=\"https:\/\/www.eldigitaldeasturias.com\/noticias\/category\/actualidad\/\" title=\"Actualidad\">Actualidad<\/a>\n<\/span><span class=\"aioseo-breadcrumb-separator\">\u2013<\/span><span class=\"aioseo-breadcrumb\">\n\t<a href=\"https:\/\/www.eldigitaldeasturias.com\/noticias\/la-brigada-central-de-estupefacientes-cumple-50-anos\/\" title=\"La Brigada Central de Estupefacientes cumple 50 a\u00f1os\">La Brigada Central de Estupefacientes cumple 50 a\u00f1os<\/a>\n<\/span><\/div>","aioseo_breadcrumb_json":[{"label":"Home","link":"https:\/\/www.eldigitaldeasturias.com\/noticias"},{"label":"Actualidad","link":"https:\/\/www.eldigitaldeasturias.com\/noticias\/category\/actualidad\/"},{"label":"La Brigada Central de Estupefacientes cumple 50 a\u00f1os","link":"https:\/\/www.eldigitaldeasturias.com\/noticias\/la-brigada-central-de-estupefacientes-cumple-50-anos\/"}],"_links":{"self":[{"href":"https:\/\/www.eldigitaldeasturias.com\/noticias\/wp-json\/wp\/v2\/posts\/967949","targetHints":{"allow":["GET"]}}],"collection":[{"href":"https:\/\/www.eldigitaldeasturias.com\/noticias\/wp-json\/wp\/v2\/posts"}],"about":[{"href":"https:\/\/www.eldigitaldeasturias.com\/noticias\/wp-json\/wp\/v2\/types\/post"}],"author":[{"embeddable":true,"href":"https:\/\/www.eldigitaldeasturias.com\/noticias\/wp-json\/wp\/v2\/users\/1"}],"replies":[{"embeddable":true,"href":"https:\/\/www.eldigitaldeasturias.com\/noticias\/wp-json\/wp\/v2\/comments?post=967949"}],"version-history":[{"count":0,"href":"https:\/\/www.eldigitaldeasturias.com\/noticias\/wp-json\/wp\/v2\/posts\/967949\/revisions"}],"wp:attachment":[{"href":"https:\/\/www.eldigitaldeasturias.com\/noticias\/wp-json\/wp\/v2\/media?parent=967949"}],"wp:term":[{"taxonomy":"category","embeddable":true,"href":"https:\/\/www.eldigitaldeasturias.com\/noticias\/wp-json\/wp\/v2\/categories?post=967949"},{"taxonomy":"post_tag","embeddable":true,"href":"https:\/\/www.eldigitaldeasturias.com\/noticias\/wp-json\/wp\/v2\/tags?post=967949"}],"curies":[{"name":"wp","href":"https:\/\/api.w.org\/{rel}","templated":true}]}}