{"id":967609,"date":"2018-02-02T14:21:00","date_gmt":"2018-02-02T14:21:00","guid":{"rendered":"http:\/\/www.eldigitaldeasturias.com\/noticias\/?p=967609"},"modified":"2018-02-02T14:21:00","modified_gmt":"2018-02-02T14:21:00","slug":"aprobados-los-planes-del-transporte-urbano-y-metropolitano-y-de-la-alimentacion","status":"publish","type":"post","link":"https:\/\/www.eldigitaldeasturias.com\/noticias\/aprobados-los-planes-del-transporte-urbano-y-metropolitano-y-de-la-alimentacion\/","title":{"rendered":"Aprobados los Planes del Transporte Urbano y Metropolitano y de la Alimentaci\u00f3n"},"content":{"rendered":"<p><img loading=\"lazy\" decoding=\"async\" class=\"alignleft size-medium wp-image-967610\" src=\"https:\/\/www.eldigitaldeasturias.com\/noticias\/wp-content\/uploads\/2018\/02\/010218-Comision-360x239.jpg\" alt=\"\" width=\"360\" height=\"239\" \/>La Comisi\u00f3n Nacional para la Protecci\u00f3n de las Infraestructuras Cr\u00edticas, presidida por el secretario de Estado de Seguridad, Jos\u00e9 Antonio Nieto, se ha reunido en la sede del Ministerio del Interior para aprobar los planes estrat\u00e9gicos sectoriales del Transporte Urbano y Metropolitano y de la Alimentaci\u00f3n y designar 33 nuevos operadores cr\u00edticos pertenecientes a estos dos sectores.<\/p>\n<p>Con la aprobaci\u00f3n de estos nuevos planes estrat\u00e9gicos sectoriales se cubren ya 9 de los principales sectores nacionales de producci\u00f3n y se alcanza el n\u00famero de 150 operadores cr\u00edticos. Uno de los principales objetivos que se pretende lograr es el fortalecimiento de la seguridad, no s\u00f3lo de las infraestructuras cr\u00edticas espa\u00f1olas, sino tambi\u00e9n del sistema de infraestructuras europeo, ya que las redes, sistemas y activos f\u00edsicos de la UE se encuentran en la mayor\u00eda de los casos interconectados entre s\u00ed.<\/p>\n<p>Los nuevos operadores cr\u00edticos designados, adem\u00e1s de cumplir con una serie de obligaciones derivadas de la Ley 8\/2011, pasan a formar parte del Sistema de Protecci\u00f3n de Infraestructuras Cr\u00edticas, lo que conlleva una especial relaci\u00f3n con las autoridades competentes, a trav\u00e9s del Centro Nacional de Protecci\u00f3n de Infraestructuras y Ciberseguridad (CNPIC), organismo dependiente de la Secretar\u00eda de Estado de Seguridad.<\/p>\n<p>Todo ello se traduce, como aspecto novedoso, en la participaci\u00f3n de los operadores en la mesa de coordinaci\u00f3n establecida en el Plan Nacional de Protecci\u00f3n de Infraestructuras Cr\u00edticas, en la existencia de canales singularizados para el intercambio de informaci\u00f3n relevante para la seguridad de sus instalaciones, redes y sistemas, en el acceso a los sistemas de comunicaci\u00f3n previstos por la Ley y en la especial consideraci\u00f3n que para la seguridad p\u00fablica tienen sus infraestructuras, a la hora de implantar medidas de protecci\u00f3n alineadas con el Plan de Protecci\u00f3n y Prevenci\u00f3n Antiterrorista, actualmente en nivel 4.<\/p>\n<p>Los operadores cr\u00edticos designados deben poner en marcha una serie de planes de protecci\u00f3n espec\u00edficos sobre el conjunto de sus infraestructuras, que ser\u00e1n complementados por la aplicaci\u00f3n de los correspondientes planes operativos previstos por las Fuerzas y Cuerpos de Seguridad y, en su caso, por las Fuerzas Armadas.<\/p>\n<p>La Comisi\u00f3n Nacional para la Protecci\u00f3n de las Infraestructuras Cr\u00edticas es un \u00f3rgano colegiado adscrito a la Secretar\u00eda de Estado de Seguridad, competente, entre otras facultades, para aprobar los planes estrat\u00e9gicos sectoriales y designar a los operadores cr\u00edticos (aquellos operadores p\u00fablicos o privados que gestionan o son titulares de una o varias infraestructuras cr\u00edticas).<\/p>\n<p>Los Planes Estrat\u00e9gicos Sectoriales permiten identificar los servicios esenciales prestados a la sociedad por los sectores objeto de estudio, el funcionamiento general de estos, las principales amenazas que se ciernen sobre los mismos y sus vulnerabilidades principales, las infraestructuras cr\u00edticas que proporcionan servicio y los operadores propietarios y\/o gestores de las mismas. Estos planes culminan con una evaluaci\u00f3n de las consecuencias potenciales de su inactividad, as\u00ed como con una propuesta de medidas estrat\u00e9gicas para su mantenimiento.<\/p>\n","protected":false},"excerpt":{"rendered":"<p>La Comisi\u00f3n Nacional para la Protecci\u00f3n de las Infraestructuras Cr\u00edticas, presidida por el secretario de Estado de Seguridad, Jos\u00e9 Antonio Nieto, se ha reunido en la sede del Ministerio del Interior para aprobar los planes estrat\u00e9gicos sectoriales del Transporte Urbano y Metropolitano y de la Alimentaci\u00f3n y designar 33 nuevos operadores cr\u00edticos pertenecientes a estos [&hellip;]<\/p>\n","protected":false},"author":1,"featured_media":967610,"comment_status":"closed","ping_status":"closed","sticky":false,"template":"","format":"standard","meta":{"footnotes":""},"categories":[1],"tags":[],"class_list":["post-967609","post","type-post","status-publish","format-standard","has-post-thumbnail","hentry","category-actualidad"],"aioseo_notices":[],"aioseo_head":"\n\t\t<!-- All in One SEO Pro 5.0.1 - aioseo.com -->\n\t<meta name=\"description\" content=\"La Comisi\u00f3n Nacional para la Protecci\u00f3n de las Infraestructuras Cr\u00edticas, presidida por el secretario de Estado de Seguridad, Jos\u00e9 Antonio Nieto, se ha reunido en la sede del Ministerio del Interior para aprobar los planes estrat\u00e9gicos sectoriales del Transporte Urbano y Metropolitano y de la Alimentaci\u00f3n y designar 33 nuevos operadores cr\u00edticos pertenecientes a estos\" \/>\n\t<meta name=\"robots\" content=\"max-image-preview:large\" \/>\n\t<meta name=\"author\" content=\"El Digital de Asturias\"\/>\n\t<meta name=\"google-site-verification\" content=\"UA-38556648-1\" \/>\n\t<meta name=\"msvalidate.01\" content=\"7dfe9f3f1b24437ab69f4f2559babe99\" \/>\n\t<meta name=\"keywords\" content=\"actualidad\" \/>\n\t<link rel=\"canonical\" href=\"https:\/\/www.eldigitaldeasturias.com\/noticias\/aprobados-los-planes-del-transporte-urbano-y-metropolitano-y-de-la-alimentacion\/\" \/>\n\t<meta name=\"generator\" content=\"All in One SEO Pro (AIOSEO) 5.0.1\" \/>\n\t\t<meta property=\"og:locale\" content=\"es_ES\" \/>\n\t\t<meta property=\"og:site_name\" content=\"El Digital de Asturias\" \/>\n\t\t<meta property=\"og:type\" content=\"article\" \/>\n\t\t<meta property=\"og:title\" content=\"Aprobados los Planes del Transporte Urbano y Metropolitano y de la Alimentaci\u00f3n - El Digital de Asturias\" \/>\n\t\t<meta property=\"og:description\" content=\"La Comisi\u00f3n Nacional para la Protecci\u00f3n de las Infraestructuras Cr\u00edticas, presidida por el secretario de Estado de Seguridad, Jos\u00e9 Antonio Nieto, se ha reunido en la sede del Ministerio del Interior para aprobar los planes estrat\u00e9gicos sectoriales del Transporte Urbano y Metropolitano y de la Alimentaci\u00f3n y designar 33 nuevos operadores cr\u00edticos pertenecientes a estos\" \/>\n\t\t<meta property=\"og:url\" content=\"https:\/\/www.eldigitaldeasturias.com\/noticias\/aprobados-los-planes-del-transporte-urbano-y-metropolitano-y-de-la-alimentacion\/\" \/>\n\t\t<meta property=\"article:tag\" content=\"actualidad\" \/>\n\t\t<meta property=\"article:published_time\" content=\"2018-02-02T14:21:00+00:00\" \/>\n\t\t<meta property=\"article:modified_time\" content=\"2018-02-02T14:21:00+00:00\" \/>\n\t\t<meta property=\"article:publisher\" content=\"https:\/\/facebook.com\/eldigitaldeasturias\" \/>\n\t\t<meta name=\"twitter:card\" content=\"summary_large_image\" \/>\n\t\t<meta name=\"twitter:title\" content=\"Aprobados los Planes del Transporte Urbano y Metropolitano y de la Alimentaci\u00f3n - El Digital de Asturias\" \/>\n\t\t<meta name=\"twitter:description\" content=\"La Comisi\u00f3n Nacional para la Protecci\u00f3n de las Infraestructuras Cr\u00edticas, presidida por el secretario de Estado de Seguridad, Jos\u00e9 Antonio Nieto, se ha reunido en la sede del Ministerio del Interior para aprobar los planes estrat\u00e9gicos sectoriales del Transporte Urbano y Metropolitano y de la Alimentaci\u00f3n y designar 33 nuevos operadores cr\u00edticos pertenecientes a estos\" \/>\n\t\t<meta name=\"twitter:image\" content=\"https:\/\/www.eldigitaldeasturias.com\/noticias\/wp-content\/uploads\/2020\/12\/EDA-1.jpg\" \/>\n\t\t<meta name=\"twitter:label1\" content=\"Escrito por\" \/>\n\t\t<meta name=\"twitter:data1\" content=\"El Digital de Asturias\" \/>\n\t\t<meta name=\"twitter:label2\" content=\"Tiempo de lectura estimado\" \/>\n\t\t<meta name=\"twitter:data2\" content=\"3 minutos\" \/>\n\t\t<script type=\"application\/ld+json\" class=\"aioseo-schema\">\n\t\t\t{\"@context\":\"https:\\\/\\\/schema.org\",\"@graph\":[{\"@type\":\"BlogPosting\",\"@id\":\"https:\\\/\\\/www.eldigitaldeasturias.com\\\/noticias\\\/aprobados-los-planes-del-transporte-urbano-y-metropolitano-y-de-la-alimentacion\\\/#blogposting\",\"name\":\"Aprobados los Planes del Transporte Urbano y Metropolitano y de la Alimentaci\\u00f3n - El Digital de Asturias\",\"headline\":\"Aprobados los Planes del Transporte Urbano y Metropolitano y de la Alimentaci\\u00f3n\",\"author\":{\"@id\":\"https:\\\/\\\/www.eldigitaldeasturias.com\\\/noticias\\\/author\\\/admin\\\/#author\"},\"publisher\":{\"@id\":\"https:\\\/\\\/www.eldigitaldeasturias.com\\\/noticias\\\/#organization\"},\"image\":{\"@type\":\"ImageObject\",\"url\":967610},\"datePublished\":\"2018-02-02T14:21:00+01:00\",\"dateModified\":\"2018-02-02T14:21:00+01:00\",\"inLanguage\":\"es-ES\",\"mainEntityOfPage\":{\"@id\":\"https:\\\/\\\/www.eldigitaldeasturias.com\\\/noticias\\\/aprobados-los-planes-del-transporte-urbano-y-metropolitano-y-de-la-alimentacion\\\/#webpage\"},\"isPartOf\":{\"@id\":\"https:\\\/\\\/www.eldigitaldeasturias.com\\\/noticias\\\/aprobados-los-planes-del-transporte-urbano-y-metropolitano-y-de-la-alimentacion\\\/#webpage\"},\"articleSection\":\"Actualidad\"},{\"@type\":\"BreadcrumbList\",\"@id\":\"https:\\\/\\\/www.eldigitaldeasturias.com\\\/noticias\\\/aprobados-los-planes-del-transporte-urbano-y-metropolitano-y-de-la-alimentacion\\\/#breadcrumblist\",\"itemListElement\":[{\"@type\":\"ListItem\",\"@id\":\"https:\\\/\\\/www.eldigitaldeasturias.com\\\/noticias#listItem\",\"position\":1,\"name\":\"Home\",\"item\":\"https:\\\/\\\/www.eldigitaldeasturias.com\\\/noticias\",\"nextItem\":{\"@type\":\"ListItem\",\"@id\":\"https:\\\/\\\/www.eldigitaldeasturias.com\\\/noticias\\\/category\\\/actualidad\\\/#listItem\",\"name\":\"Actualidad\"}},{\"@type\":\"ListItem\",\"@id\":\"https:\\\/\\\/www.eldigitaldeasturias.com\\\/noticias\\\/category\\\/actualidad\\\/#listItem\",\"position\":2,\"name\":\"Actualidad\",\"item\":\"https:\\\/\\\/www.eldigitaldeasturias.com\\\/noticias\\\/category\\\/actualidad\\\/\",\"nextItem\":{\"@type\":\"ListItem\",\"@id\":\"https:\\\/\\\/www.eldigitaldeasturias.com\\\/noticias\\\/aprobados-los-planes-del-transporte-urbano-y-metropolitano-y-de-la-alimentacion\\\/#listItem\",\"name\":\"Aprobados los Planes del Transporte Urbano y Metropolitano y de la Alimentaci\\u00f3n\"},\"previousItem\":{\"@type\":\"ListItem\",\"@id\":\"https:\\\/\\\/www.eldigitaldeasturias.com\\\/noticias#listItem\",\"name\":\"Home\"}},{\"@type\":\"ListItem\",\"@id\":\"https:\\\/\\\/www.eldigitaldeasturias.com\\\/noticias\\\/aprobados-los-planes-del-transporte-urbano-y-metropolitano-y-de-la-alimentacion\\\/#listItem\",\"position\":3,\"name\":\"Aprobados los Planes del Transporte Urbano y Metropolitano y de la Alimentaci\\u00f3n\",\"previousItem\":{\"@type\":\"ListItem\",\"@id\":\"https:\\\/\\\/www.eldigitaldeasturias.com\\\/noticias\\\/category\\\/actualidad\\\/#listItem\",\"name\":\"Actualidad\"}}]},{\"@type\":\"Organization\",\"@id\":\"https:\\\/\\\/www.eldigitaldeasturias.com\\\/noticias\\\/#organization\",\"name\":\"El Digital de Asturias\",\"description\":\"Hemeroteca\",\"url\":\"https:\\\/\\\/www.eldigitaldeasturias.com\\\/noticias\\\/\",\"email\":\"info@eldigitaldeasturias.com\",\"telephone\":\"+34652131393\",\"logo\":{\"@type\":\"ImageObject\",\"url\":\"https:\\\/\\\/www.eldigitaldeasturias.com\\\/noticias\\\/wp-content\\\/uploads\\\/2020\\\/12\\\/EDA.jpg\",\"@id\":\"https:\\\/\\\/www.eldigitaldeasturias.com\\\/noticias\\\/aprobados-los-planes-del-transporte-urbano-y-metropolitano-y-de-la-alimentacion\\\/#organizationLogo\"},\"image\":{\"@id\":\"https:\\\/\\\/www.eldigitaldeasturias.com\\\/noticias\\\/aprobados-los-planes-del-transporte-urbano-y-metropolitano-y-de-la-alimentacion\\\/#organizationLogo\"},\"sameAs\":[\"https:\\\/\\\/facebook.com\\\/eldigitaldeasturias\",\"https:\\\/\\\/www.youtube.com\\\/channel\\\/UCZP-2wLEB9Rv6erhFmqVnvg\"],\"address\":{\"@id\":\"https:\\\/\\\/www.eldigitaldeasturias.com\\\/noticias\\\/#postaladdress\",\"@type\":\"PostalAddress\",\"streetAddress\":\"san antonio 4\",\"postalCode\":\"33430\",\"addressLocality\":\"Cand\\u00e1s\",\"addressRegion\":\"Asturias\",\"addressCountry\":\"ES\"}},{\"@type\":\"Person\",\"@id\":\"https:\\\/\\\/www.eldigitaldeasturias.com\\\/noticias\\\/author\\\/admin\\\/#author\",\"url\":\"https:\\\/\\\/www.eldigitaldeasturias.com\\\/noticias\\\/author\\\/admin\\\/\",\"name\":\"El Digital de Asturias\",\"image\":{\"@type\":\"ImageObject\",\"@id\":\"https:\\\/\\\/www.eldigitaldeasturias.com\\\/noticias\\\/aprobados-los-planes-del-transporte-urbano-y-metropolitano-y-de-la-alimentacion\\\/#authorImage\",\"url\":\"https:\\\/\\\/secure.gravatar.com\\\/avatar\\\/df2aeffc32bcd13f8d26072ef8a91b623d677766deac7f97ca815868cd41bf5e?s=96&d=mm&r=g\",\"width\":96,\"height\":96,\"caption\":\"El Digital de Asturias\"}},{\"@type\":\"WebPage\",\"@id\":\"https:\\\/\\\/www.eldigitaldeasturias.com\\\/noticias\\\/aprobados-los-planes-del-transporte-urbano-y-metropolitano-y-de-la-alimentacion\\\/#webpage\",\"url\":\"https:\\\/\\\/www.eldigitaldeasturias.com\\\/noticias\\\/aprobados-los-planes-del-transporte-urbano-y-metropolitano-y-de-la-alimentacion\\\/\",\"name\":\"Aprobados los Planes del Transporte Urbano y Metropolitano y de la Alimentaci\\u00f3n - El Digital de Asturias\",\"description\":\"La Comisi\\u00f3n Nacional para la Protecci\\u00f3n de las Infraestructuras Cr\\u00edticas, presidida por el secretario de Estado de Seguridad, Jos\\u00e9 Antonio Nieto, se ha reunido en la sede del Ministerio del Interior para aprobar los planes estrat\\u00e9gicos sectoriales del Transporte Urbano y Metropolitano y de la Alimentaci\\u00f3n y designar 33 nuevos operadores cr\\u00edticos pertenecientes a estos\",\"inLanguage\":\"es-ES\",\"isPartOf\":{\"@id\":\"https:\\\/\\\/www.eldigitaldeasturias.com\\\/noticias\\\/#website\"},\"breadcrumb\":{\"@id\":\"https:\\\/\\\/www.eldigitaldeasturias.com\\\/noticias\\\/aprobados-los-planes-del-transporte-urbano-y-metropolitano-y-de-la-alimentacion\\\/#breadcrumblist\"},\"author\":{\"@id\":\"https:\\\/\\\/www.eldigitaldeasturias.com\\\/noticias\\\/author\\\/admin\\\/#author\"},\"creator\":{\"@id\":\"https:\\\/\\\/www.eldigitaldeasturias.com\\\/noticias\\\/author\\\/admin\\\/#author\"},\"image\":{\"@type\":\"ImageObject\",\"url\":967610,\"@id\":\"https:\\\/\\\/www.eldigitaldeasturias.com\\\/noticias\\\/aprobados-los-planes-del-transporte-urbano-y-metropolitano-y-de-la-alimentacion\\\/#mainImage\"},\"primaryImageOfPage\":{\"@id\":\"https:\\\/\\\/www.eldigitaldeasturias.com\\\/noticias\\\/aprobados-los-planes-del-transporte-urbano-y-metropolitano-y-de-la-alimentacion\\\/#mainImage\"},\"datePublished\":\"2018-02-02T14:21:00+01:00\",\"dateModified\":\"2018-02-02T14:21:00+01:00\"},{\"@type\":\"WebSite\",\"@id\":\"https:\\\/\\\/www.eldigitaldeasturias.com\\\/noticias\\\/#website\",\"url\":\"https:\\\/\\\/www.eldigitaldeasturias.com\\\/noticias\\\/\",\"name\":\"El Digital de Asturias - Diario de actualidad y noticias\",\"alternateName\":\"El Digital de Asturias - Diario de actualidad y noticias\",\"description\":\"Hemeroteca\",\"inLanguage\":\"es-ES\",\"publisher\":{\"@id\":\"https:\\\/\\\/www.eldigitaldeasturias.com\\\/noticias\\\/#organization\"}}]}\n\t\t<\/script>\n\t\t<!-- All in One SEO Pro -->\r\n\t\t<title>Aprobados los Planes del Transporte Urbano y Metropolitano y de la Alimentaci\u00f3n - El Digital de Asturias<\/title>\n\n","aioseo_head_json":{"title":"Aprobados los Planes del Transporte Urbano y Metropolitano y de la Alimentaci\u00f3n - El Digital de Asturias","description":"La Comisi\u00f3n Nacional para la Protecci\u00f3n de las Infraestructuras Cr\u00edticas, presidida por el secretario de Estado de Seguridad, Jos\u00e9 Antonio Nieto, se ha reunido en la sede del Ministerio del Interior para aprobar los planes estrat\u00e9gicos sectoriales del Transporte Urbano y Metropolitano y de la Alimentaci\u00f3n y designar 33 nuevos operadores cr\u00edticos pertenecientes a estos","canonical_url":"https:\/\/www.eldigitaldeasturias.com\/noticias\/aprobados-los-planes-del-transporte-urbano-y-metropolitano-y-de-la-alimentacion\/","robots":"max-image-preview:large","keywords":"actualidad","webmasterTools":{"google-site-verification":"UA-38556648-1","msvalidate.01":"7dfe9f3f1b24437ab69f4f2559babe99","miscellaneous":""},"schema":{"@context":"https:\/\/schema.org","@graph":[{"@type":"BlogPosting","@id":"https:\/\/www.eldigitaldeasturias.com\/noticias\/aprobados-los-planes-del-transporte-urbano-y-metropolitano-y-de-la-alimentacion\/#blogposting","name":"Aprobados los Planes del Transporte Urbano y Metropolitano y de la Alimentaci\u00f3n - El Digital de Asturias","headline":"Aprobados los Planes del Transporte Urbano y Metropolitano y de la Alimentaci\u00f3n","author":{"@id":"https:\/\/www.eldigitaldeasturias.com\/noticias\/author\/admin\/#author"},"publisher":{"@id":"https:\/\/www.eldigitaldeasturias.com\/noticias\/#organization"},"image":{"@type":"ImageObject","url":967610},"datePublished":"2018-02-02T14:21:00+01:00","dateModified":"2018-02-02T14:21:00+01:00","inLanguage":"es-ES","mainEntityOfPage":{"@id":"https:\/\/www.eldigitaldeasturias.com\/noticias\/aprobados-los-planes-del-transporte-urbano-y-metropolitano-y-de-la-alimentacion\/#webpage"},"isPartOf":{"@id":"https:\/\/www.eldigitaldeasturias.com\/noticias\/aprobados-los-planes-del-transporte-urbano-y-metropolitano-y-de-la-alimentacion\/#webpage"},"articleSection":"Actualidad"},{"@type":"BreadcrumbList","@id":"https:\/\/www.eldigitaldeasturias.com\/noticias\/aprobados-los-planes-del-transporte-urbano-y-metropolitano-y-de-la-alimentacion\/#breadcrumblist","itemListElement":[{"@type":"ListItem","@id":"https:\/\/www.eldigitaldeasturias.com\/noticias#listItem","position":1,"name":"Home","item":"https:\/\/www.eldigitaldeasturias.com\/noticias","nextItem":{"@type":"ListItem","@id":"https:\/\/www.eldigitaldeasturias.com\/noticias\/category\/actualidad\/#listItem","name":"Actualidad"}},{"@type":"ListItem","@id":"https:\/\/www.eldigitaldeasturias.com\/noticias\/category\/actualidad\/#listItem","position":2,"name":"Actualidad","item":"https:\/\/www.eldigitaldeasturias.com\/noticias\/category\/actualidad\/","nextItem":{"@type":"ListItem","@id":"https:\/\/www.eldigitaldeasturias.com\/noticias\/aprobados-los-planes-del-transporte-urbano-y-metropolitano-y-de-la-alimentacion\/#listItem","name":"Aprobados los Planes del Transporte Urbano y Metropolitano y de la Alimentaci\u00f3n"},"previousItem":{"@type":"ListItem","@id":"https:\/\/www.eldigitaldeasturias.com\/noticias#listItem","name":"Home"}},{"@type":"ListItem","@id":"https:\/\/www.eldigitaldeasturias.com\/noticias\/aprobados-los-planes-del-transporte-urbano-y-metropolitano-y-de-la-alimentacion\/#listItem","position":3,"name":"Aprobados los Planes del Transporte Urbano y Metropolitano y de la Alimentaci\u00f3n","previousItem":{"@type":"ListItem","@id":"https:\/\/www.eldigitaldeasturias.com\/noticias\/category\/actualidad\/#listItem","name":"Actualidad"}}]},{"@type":"Organization","@id":"https:\/\/www.eldigitaldeasturias.com\/noticias\/#organization","name":"El Digital de Asturias","description":"Hemeroteca","url":"https:\/\/www.eldigitaldeasturias.com\/noticias\/","email":"info@eldigitaldeasturias.com","telephone":"+34652131393","logo":{"@type":"ImageObject","url":"https:\/\/www.eldigitaldeasturias.com\/noticias\/wp-content\/uploads\/2020\/12\/EDA.jpg","@id":"https:\/\/www.eldigitaldeasturias.com\/noticias\/aprobados-los-planes-del-transporte-urbano-y-metropolitano-y-de-la-alimentacion\/#organizationLogo"},"image":{"@id":"https:\/\/www.eldigitaldeasturias.com\/noticias\/aprobados-los-planes-del-transporte-urbano-y-metropolitano-y-de-la-alimentacion\/#organizationLogo"},"sameAs":["https:\/\/facebook.com\/eldigitaldeasturias","https:\/\/www.youtube.com\/channel\/UCZP-2wLEB9Rv6erhFmqVnvg"],"address":{"@id":"https:\/\/www.eldigitaldeasturias.com\/noticias\/#postaladdress","@type":"PostalAddress","streetAddress":"san antonio 4","postalCode":"33430","addressLocality":"Cand\u00e1s","addressRegion":"Asturias","addressCountry":"ES"}},{"@type":"Person","@id":"https:\/\/www.eldigitaldeasturias.com\/noticias\/author\/admin\/#author","url":"https:\/\/www.eldigitaldeasturias.com\/noticias\/author\/admin\/","name":"El Digital de Asturias","image":{"@type":"ImageObject","@id":"https:\/\/www.eldigitaldeasturias.com\/noticias\/aprobados-los-planes-del-transporte-urbano-y-metropolitano-y-de-la-alimentacion\/#authorImage","url":"https:\/\/secure.gravatar.com\/avatar\/df2aeffc32bcd13f8d26072ef8a91b623d677766deac7f97ca815868cd41bf5e?s=96&d=mm&r=g","width":96,"height":96,"caption":"El Digital de Asturias"}},{"@type":"WebPage","@id":"https:\/\/www.eldigitaldeasturias.com\/noticias\/aprobados-los-planes-del-transporte-urbano-y-metropolitano-y-de-la-alimentacion\/#webpage","url":"https:\/\/www.eldigitaldeasturias.com\/noticias\/aprobados-los-planes-del-transporte-urbano-y-metropolitano-y-de-la-alimentacion\/","name":"Aprobados los Planes del Transporte Urbano y Metropolitano y de la Alimentaci\u00f3n - El Digital de Asturias","description":"La Comisi\u00f3n Nacional para la Protecci\u00f3n de las Infraestructuras Cr\u00edticas, presidida por el secretario de Estado de Seguridad, Jos\u00e9 Antonio Nieto, se ha reunido en la sede del Ministerio del Interior para aprobar los planes estrat\u00e9gicos sectoriales del Transporte Urbano y Metropolitano y de la Alimentaci\u00f3n y designar 33 nuevos operadores cr\u00edticos pertenecientes a estos","inLanguage":"es-ES","isPartOf":{"@id":"https:\/\/www.eldigitaldeasturias.com\/noticias\/#website"},"breadcrumb":{"@id":"https:\/\/www.eldigitaldeasturias.com\/noticias\/aprobados-los-planes-del-transporte-urbano-y-metropolitano-y-de-la-alimentacion\/#breadcrumblist"},"author":{"@id":"https:\/\/www.eldigitaldeasturias.com\/noticias\/author\/admin\/#author"},"creator":{"@id":"https:\/\/www.eldigitaldeasturias.com\/noticias\/author\/admin\/#author"},"image":{"@type":"ImageObject","url":967610,"@id":"https:\/\/www.eldigitaldeasturias.com\/noticias\/aprobados-los-planes-del-transporte-urbano-y-metropolitano-y-de-la-alimentacion\/#mainImage"},"primaryImageOfPage":{"@id":"https:\/\/www.eldigitaldeasturias.com\/noticias\/aprobados-los-planes-del-transporte-urbano-y-metropolitano-y-de-la-alimentacion\/#mainImage"},"datePublished":"2018-02-02T14:21:00+01:00","dateModified":"2018-02-02T14:21:00+01:00"},{"@type":"WebSite","@id":"https:\/\/www.eldigitaldeasturias.com\/noticias\/#website","url":"https:\/\/www.eldigitaldeasturias.com\/noticias\/","name":"El Digital de Asturias - Diario de actualidad y noticias","alternateName":"El Digital de Asturias - Diario de actualidad y noticias","description":"Hemeroteca","inLanguage":"es-ES","publisher":{"@id":"https:\/\/www.eldigitaldeasturias.com\/noticias\/#organization"}}]},"og:locale":"es_ES","og:site_name":"El Digital de Asturias","og:type":"article","og:title":"Aprobados los Planes del Transporte Urbano y Metropolitano y de la Alimentaci\u00f3n - El Digital de Asturias","og:description":"La Comisi\u00f3n Nacional para la Protecci\u00f3n de las Infraestructuras Cr\u00edticas, presidida por el secretario de Estado de Seguridad, Jos\u00e9 Antonio Nieto, se ha reunido en la sede del Ministerio del Interior para aprobar los planes estrat\u00e9gicos sectoriales del Transporte Urbano y Metropolitano y de la Alimentaci\u00f3n y designar 33 nuevos operadores cr\u00edticos pertenecientes a estos","og:url":"https:\/\/www.eldigitaldeasturias.com\/noticias\/aprobados-los-planes-del-transporte-urbano-y-metropolitano-y-de-la-alimentacion\/","article:tag":["actualidad"],"article:published_time":"2018-02-02T14:21:00+00:00","article:modified_time":"2018-02-02T14:21:00+00:00","article:publisher":"https:\/\/facebook.com\/eldigitaldeasturias","twitter:card":"summary_large_image","twitter:title":"Aprobados los Planes del Transporte Urbano y Metropolitano y de la Alimentaci\u00f3n - El Digital de Asturias","twitter:description":"La Comisi\u00f3n Nacional para la Protecci\u00f3n de las Infraestructuras Cr\u00edticas, presidida por el secretario de Estado de Seguridad, Jos\u00e9 Antonio Nieto, se ha reunido en la sede del Ministerio del Interior para aprobar los planes estrat\u00e9gicos sectoriales del Transporte Urbano y Metropolitano y de la Alimentaci\u00f3n y designar 33 nuevos operadores cr\u00edticos pertenecientes a estos","twitter:image":"https:\/\/www.eldigitaldeasturias.com\/noticias\/wp-content\/uploads\/2020\/12\/EDA-1.jpg","twitter:label1":"Escrito por","twitter:data1":"El Digital de Asturias","twitter:label2":"Tiempo de lectura estimado","twitter:data2":"3 minutos"},"aioseo_meta_data":{"post_id":"967609","title":null,"description":null,"keywords":null,"keyphrases":null,"primary_term":null,"canonical_url":null,"og_title":null,"og_description":null,"og_object_type":"default","og_image_type":"default","og_image_url":null,"og_image_width":null,"og_image_height":null,"og_image_custom_url":null,"og_image_custom_fields":null,"og_video":null,"og_custom_url":null,"og_article_section":null,"og_article_tags":null,"twitter_use_og":false,"twitter_card":"default","twitter_image_type":"default","twitter_image_url":null,"twitter_image_custom_url":null,"twitter_image_custom_fields":null,"twitter_title":null,"twitter_description":null,"schema":{"blockGraphs":[],"customGraphs":[],"default":{"data":{"Article":[],"Course":[],"Dataset":[],"FAQPage":[],"Movie":[],"Person":[],"Product":[],"ProductReview":[],"Car":[],"Recipe":[],"Service":[],"SoftwareApplication":[],"WebPage":[]},"graphName":"","isEnabled":true},"graphs":[],"defaultGraph":"","defaultPostTypeGraph":""},"schema_type":null,"schema_type_options":null,"pillar_content":false,"robots_default":true,"robots_noindex":false,"robots_noarchive":false,"robots_nosnippet":false,"robots_nofollow":false,"robots_noimageindex":false,"robots_noodp":false,"robots_notranslate":false,"robots_max_snippet":null,"robots_max_videopreview":null,"robots_max_imagepreview":"large","priority":null,"frequency":null,"local_seo":null,"seo_analyzer_scan_date":"2025-10-06 19:37:41","breadcrumb_settings":null,"limit_modified_date":false,"open_ai":null,"ai":null,"created":"2020-12-21 12:32:38","updated":"2025-10-06 19:37:41","focus_keyword":null,"additional_keywords":null,"truseo_locale":null},"aioseo_breadcrumb":"<div class=\"aioseo-breadcrumbs\"><span class=\"aioseo-breadcrumb\">\n\t<a href=\"https:\/\/www.eldigitaldeasturias.com\/noticias\" title=\"Home\">Home<\/a>\n<\/span><span class=\"aioseo-breadcrumb-separator\">\u2013<\/span><span class=\"aioseo-breadcrumb\">\n\t<a href=\"https:\/\/www.eldigitaldeasturias.com\/noticias\/category\/actualidad\/\" title=\"Actualidad\">Actualidad<\/a>\n<\/span><span class=\"aioseo-breadcrumb-separator\">\u2013<\/span><span class=\"aioseo-breadcrumb\">\n\t<a href=\"https:\/\/www.eldigitaldeasturias.com\/noticias\/aprobados-los-planes-del-transporte-urbano-y-metropolitano-y-de-la-alimentacion\/\" title=\"Aprobados los Planes del Transporte Urbano y Metropolitano y de la Alimentaci\u00f3n\">Aprobados los Planes del Transporte Urbano y Metropolitano y de la Alimentaci\u00f3n<\/a>\n<\/span><\/div>","aioseo_breadcrumb_json":[{"label":"Home","link":"https:\/\/www.eldigitaldeasturias.com\/noticias"},{"label":"Actualidad","link":"https:\/\/www.eldigitaldeasturias.com\/noticias\/category\/actualidad\/"},{"label":"Aprobados los Planes del Transporte Urbano y Metropolitano y de la Alimentaci\u00f3n","link":"https:\/\/www.eldigitaldeasturias.com\/noticias\/aprobados-los-planes-del-transporte-urbano-y-metropolitano-y-de-la-alimentacion\/"}],"_links":{"self":[{"href":"https:\/\/www.eldigitaldeasturias.com\/noticias\/wp-json\/wp\/v2\/posts\/967609","targetHints":{"allow":["GET"]}}],"collection":[{"href":"https:\/\/www.eldigitaldeasturias.com\/noticias\/wp-json\/wp\/v2\/posts"}],"about":[{"href":"https:\/\/www.eldigitaldeasturias.com\/noticias\/wp-json\/wp\/v2\/types\/post"}],"author":[{"embeddable":true,"href":"https:\/\/www.eldigitaldeasturias.com\/noticias\/wp-json\/wp\/v2\/users\/1"}],"replies":[{"embeddable":true,"href":"https:\/\/www.eldigitaldeasturias.com\/noticias\/wp-json\/wp\/v2\/comments?post=967609"}],"version-history":[{"count":0,"href":"https:\/\/www.eldigitaldeasturias.com\/noticias\/wp-json\/wp\/v2\/posts\/967609\/revisions"}],"wp:attachment":[{"href":"https:\/\/www.eldigitaldeasturias.com\/noticias\/wp-json\/wp\/v2\/media?parent=967609"}],"wp:term":[{"taxonomy":"category","embeddable":true,"href":"https:\/\/www.eldigitaldeasturias.com\/noticias\/wp-json\/wp\/v2\/categories?post=967609"},{"taxonomy":"post_tag","embeddable":true,"href":"https:\/\/www.eldigitaldeasturias.com\/noticias\/wp-json\/wp\/v2\/tags?post=967609"}],"curies":[{"name":"wp","href":"https:\/\/api.w.org\/{rel}","templated":true}]}}