{"id":967517,"date":"2018-02-01T11:24:58","date_gmt":"2018-02-01T11:24:58","guid":{"rendered":"http:\/\/www.eldigitaldeasturias.com\/noticias\/?p=967517"},"modified":"2018-02-01T11:24:58","modified_gmt":"2018-02-01T11:24:58","slug":"cospedal-ayudar-a-mali-en-su-lucha-contra-el-terrorismo-protege-a-las-familias-espanolas","status":"publish","type":"post","link":"https:\/\/www.eldigitaldeasturias.com\/noticias\/cospedal-ayudar-a-mali-en-su-lucha-contra-el-terrorismo-protege-a-las-familias-espanolas\/","title":{"rendered":"Cospedal: \u00abAyudar a Mal\u00ed en su lucha contra el terrorismo protege a las familias espa\u00f1olas\u00bb"},"content":{"rendered":"<p><img loading=\"lazy\" decoding=\"async\" class=\"alignleft size-medium wp-image-967518\" src=\"https:\/\/www.eldigitaldeasturias.com\/noticias\/wp-content\/uploads\/2018\/02\/310118_cospedalMali-360x239.jpg\" alt=\"\" width=\"360\" height=\"239\" \/>La ministra de Defensa, Mar\u00eda Dolores de Cospedal, ha asegurado que \u00ablas amenazas se producen en todos los lugares del mundo, y para defender la seguridad de nuestras familias, de las familias espa\u00f1olas, para defender nuestro marco de convivencia, hay que ir y estar donde se origina el conflicto\u00bb.<\/p>\n<p>\u200bDurante una visita al contingente espa\u00f1ol en la misi\u00f3n de la Uni\u00f3n Europea &#8216;EUTM-Mal\u00ed&#8217;, a la que ha calificado como \u00abfruct\u00edfera\u00bb, en el d\u00eda en que Espa\u00f1a asume el liderazgo durante el tercer mandato de la operaci\u00f3n, la ministra de Defensa ha destacado que, con su presencia en Mal\u00ed, contribuyen a garantizar \u00abun imponderable y un intangible que solo se percibe cuando no se tiene, el derecho a la protecci\u00f3n y a la seguridad que tenemos todos los espa\u00f1oles\u00bb. \u00abSin seguridad, no hay justicia; sin seguridad, no hay un disfrute de los derechos y libertades\u00bb, ha a\u00f1adido.<\/p>\n<p>Asimismo, Cospedal ha agradecido la labor que realizan las tropas espa\u00f1olas por su generosidad, como \u00abmejores embajadores de nuestra tierra\u00bb y como ejemplo de quienes mejor \u00abrepresentan los valores de solidaridad, entrega, compromiso y valent\u00eda del pueblo espa\u00f1ol\u00bb.<\/p>\n<p>La ministra de Defensa ha se\u00f1alado que \u00abpara Espa\u00f1a es un honor asumir el mando de la misi\u00f3n para ayudar a las Fuerzas Armadas de Mal\u00ed a que puedan luchar contra aquellos que quieren hacer de su pa\u00eds el pasto del terrorismo y una tierra sin esperanza\u00bb.<\/p>\n<p><strong>Compromiso con la comunidad internacional<\/strong><\/p>\n<p>Mar\u00eda Dolores de Cospedal ha destacado que Espa\u00f1a participa en todas las misiones de la Uni\u00f3n Europea, en la mayor\u00eda de las de la OTAN y en algunas de Naciones Unidas, lo que representa una contribuci\u00f3n muy importante de nuestro pa\u00eds a la seguridad de la comunidad internacional.<\/p>\n<p>La ministra de Defensa ha se\u00f1alado que \u00abestamos aqu\u00ed para ayudar a Mal\u00ed, bajo el paraguas de la Uni\u00f3n Europea, al amparo de una resoluci\u00f3n de Naciones Unidas y a petici\u00f3n del gobierno de Mal\u00ed que, en el a\u00f1o 2012, solicit\u00f3 a la comunidad internacional que le ayud\u00e1ramos para recuperar su integridad, para luchar contra el terrorismo que amenaza con apoderarse de este pa\u00eds y para poder vivir en paz\u00bb.<\/p>\n<p>As\u00ed lo ha recordado al afirmar que \u00abEspa\u00f1a est\u00e1 especialmente vinculada e interesada para proteger a nuestros ciudadanos y nuestros intereses nacionales\u00bb y, de manera especial, en el Sahel, m\u00e1s concretamente en Mal\u00ed, para que \u00abpueda alcanzar la esperanza de tener un pa\u00eds donde haya estabilidad, donde haya una paz duradera y donde sus ciudadanos, sus hombres y mujeres, tengan un lugar donde vivir, no tengan la necesidad de verse atrapados bien sea por fan\u00e1ticos terroristas o movimientos criminales, o bien sea presa de la inmigraci\u00f3n y de los traficantes de seres humanos\u00bb.<\/p>\n<p><strong>Participaci\u00f3n espa\u00f1ola<\/strong><\/p>\n<p>Espa\u00f1a participa en la misi\u00f3n de la Uni\u00f3n Europea &#8216;EUTM-Mal\u00ed&#8217; desde abril de 2013, cuyo primer contingente estuvo formado por 50 efectivos. Posteriormente, tras el acuerdo del Consejo de Ministros de 7 de junio del mismo a\u00f1o, se increment\u00f3 el n\u00famero de efectivos hasta 110, debido a la mayor implicaci\u00f3n espa\u00f1ola en la formaci\u00f3n y adiestramiento.<\/p>\n<p>Con la autorizaci\u00f3n del Congreso de los Diputados del pasado 24 de enero, Espa\u00f1a continuar\u00e1 siendo el pa\u00eds que contribuya con m\u00e1s efectivos a la misi\u00f3n &#8216;EUTM-Mal\u00ed&#8217;, que alcanzar\u00e1 un m\u00e1ximo de 292, para garantizar las capacidades asociadas a los cometidos del mando de la operaci\u00f3n, la fuerza de protecci\u00f3n y el adiestramiento descentralizado.<\/p>\n<p>El contingente espa\u00f1ol destacado en Mal\u00ed est\u00e1 distribuido entre las localidades de Bamako -que alberga el cuartel general de la misi\u00f3n- y Koulikoro, donde se encuentra destacado el grueso del personal dedicado al adiestramiento de los militares malienses y a la protecci\u00f3n de la fuerza, si bien las actividades de asesoramiento y adiestramiento se han ampliado a otras zonas de Mal\u00ed.<\/p>\n<p>Durante 2017 participaron en la misi\u00f3n 451 militares espa\u00f1oles, principalmente del Ej\u00e9rcito de Tierra, que adiestraron a 2.100 militares malienses de los m\u00e1s de 11.500 instruidos por el personal de la misi\u00f3n.<\/p>\n<p><strong>Transferencia de autoridad<\/strong><\/p>\n<p>La ministra de Defensa, Mar\u00eda Dolores de Cospedal, pondr\u00e1 fin a su viaje por el continente africano, en el que ha visitado a las tropas espa\u00f1olas desplegadas en Gab\u00f3n y Mal\u00ed, tras asistir al acto de transferencia de autoridad de la misi\u00f3n de la Uni\u00f3n Europea &#8216;EUTM-Mal\u00ed&#8217; -que se celebrar\u00e1 esta tarde en la sede del Cuartel General Multinacional en la capital de Bamako- por el que Espa\u00f1a asume el liderazgo durante el tercer mandato de la misi\u00f3n.<\/p>\n<p>Durante la ceremonia de relevo, la ministra de Defensa, Mar\u00eda Dolores de Cospedal, estar\u00e1 acompa\u00f1ada de sus hom\u00f3logos de B\u00e9lgica y Mal\u00ed, junto a otras autoridades civiles y militares.<\/p>\n<p>Asimismo, la ministra de Defensa impondr\u00e1 la Gran Cruz del M\u00e9rito Militar al general Laurant por la labor realizada al mando de la misi\u00f3n de la Uni\u00f3n Europea.<\/p>\n<p>Finalmente, el general del Ej\u00e9rcito de Tierra Enrique Mill\u00e1n Mart\u00ednez recibir\u00e1 de manos del general belga Bart Laurent el mando de la misi\u00f3n, en presencia del jefe del Estado Mayor de Planeamiento Militar de la misi\u00f3n, general de divisi\u00f3n franc\u00e9s Daniel Grammatico.<\/p>\n<p>Espa\u00f1a ya ostent\u00f3 el mando de la misi\u00f3n &#8216;EUTM-Mal\u00ed&#8217; cuando, entre octubre de 2014 y julio de 2015, estuvo al frente de la fuerza el general Alfonso Garc\u00eda-Vaquero Pradal.<\/p>\n<p><strong>Visita a las tropas espa\u00f1olas<\/strong><\/p>\n<p>Con anterioridad a la ceremonia de relevo de la misi\u00f3n &#8216;EUTM-Mal\u00ed&#8217;, la ministra de Defensa, Mar\u00eda Dolores de Cospedal, se ha trasladado en helic\u00f3ptero hasta el campo de adiestramiento de Koulikoro, a unos 60 kil\u00f3metros al noreste de la capital de Bamako, donde ha sido recibida por el jefe del contingente espa\u00f1ol, coronel Ignacio de Olaz\u00e1bal Elorz.<\/p>\n<p>Seguidamente, como parte de los proyectos c\u00edvico-militar (CIMC) que realizan las Fuerzas Armadas espa\u00f1olas, la delegaci\u00f3n espa\u00f1ola ha conocido de primera mano las actividades que, en este marco, se est\u00e1n llevando a cabo en el colegio p\u00fablico &#8216;Fraternidad-Reino de Espa\u00f1a&#8217; en la localidad de Bakaribugu.<\/p>\n<p>La ministra de Defensa tambi\u00e9n ha podido de conocer de primera mano el trabajo que realiza un equipo de instructores de morteros en apoyo a las Fuerzas Armadas malienses.<\/p>\n<p><strong>Misi\u00f3n de la Uni\u00f3n European &#8216;EUTM-Mal\u00ed&#8217;<\/strong><\/p>\n<p>El cometido de la misi\u00f3n &#8216;EUTM-Mal\u00ed&#8217; -aprobada por la Uni\u00f3n Europea en enero de 2013- es de car\u00e1cter no ejecutivo; es decir, los militares la componen no participan en actividades de combate ni acompa\u00f1an a las unidades malienses en sus operaciones, sino que proporcionan formaci\u00f3n, asesoramiento y entrenamiento a las Fuerzas Armadas de Mal\u00ed para contribuir a la restauraci\u00f3n, bajo autoridad civil, de la integridad territorial del pa\u00eds.<\/p>\n<p>El mandato vigente finaliza el pr\u00f3ximo 18 de mayo de 2018 y est\u00e1 en proceso de planeamiento la ampliaci\u00f3n de uno nuevo que se prorrogue hasta 2020. Adem\u00e1s, de los cometidos actuales, est\u00e1 previsto que el nuevo mandato contemple el apoyo al &#8216;G5-Sahel&#8217;, con la fuerza conjunta de Burkina Faso, Chad, Mauritania, Mal\u00ed y N\u00edger.<\/p>\n<p>En la actualidad, &#8216;EUTM-Mal\u00ed&#8217; est\u00e1 compuesta de 581 militares de 28 pa\u00edses, de los cuales 22 pertenecen a la Uni\u00f3n Europea, cinco no son miembros y uno es africano.<\/p>\n","protected":false},"excerpt":{"rendered":"<p>La ministra de Defensa, Mar\u00eda Dolores de Cospedal, ha asegurado que \u00ablas amenazas se producen en todos los lugares del mundo, y para defender la seguridad de nuestras familias, de las familias espa\u00f1olas, para defender nuestro marco de convivencia, hay que ir y estar donde se origina el conflicto\u00bb. \u200bDurante una visita al contingente espa\u00f1ol [&hellip;]<\/p>\n","protected":false},"author":1,"featured_media":967518,"comment_status":"closed","ping_status":"closed","sticky":false,"template":"","format":"standard","meta":{"footnotes":""},"categories":[1],"tags":[],"class_list":["post-967517","post","type-post","status-publish","format-standard","has-post-thumbnail","hentry","category-actualidad"],"aioseo_notices":[],"aioseo_head":"\n\t\t<!-- All in One SEO Pro 5.0.1 - aioseo.com -->\n\t<meta name=\"description\" content=\"La ministra de Defensa, Mar\u00eda Dolores de Cospedal, ha asegurado que &quot;las amenazas se producen en todos los lugares del mundo, y para defender la seguridad de nuestras familias, de las familias espa\u00f1olas, para defender nuestro marco de convivencia, hay que ir y estar donde se origina el conflicto&quot;. \u200bDurante una visita al contingente espa\u00f1ol\" \/>\n\t<meta name=\"robots\" content=\"max-image-preview:large\" \/>\n\t<meta name=\"author\" content=\"El Digital de Asturias\"\/>\n\t<meta name=\"google-site-verification\" content=\"UA-38556648-1\" \/>\n\t<meta name=\"msvalidate.01\" content=\"7dfe9f3f1b24437ab69f4f2559babe99\" \/>\n\t<meta name=\"keywords\" content=\"actualidad\" \/>\n\t<link rel=\"canonical\" href=\"https:\/\/www.eldigitaldeasturias.com\/noticias\/cospedal-ayudar-a-mali-en-su-lucha-contra-el-terrorismo-protege-a-las-familias-espanolas\/\" \/>\n\t<meta name=\"generator\" content=\"All in One SEO Pro (AIOSEO) 5.0.1\" \/>\n\t\t<meta property=\"og:locale\" content=\"es_ES\" \/>\n\t\t<meta property=\"og:site_name\" content=\"El Digital de Asturias\" \/>\n\t\t<meta property=\"og:type\" content=\"article\" \/>\n\t\t<meta property=\"og:title\" content=\"Cospedal: \u00abAyudar a Mal\u00ed en su lucha contra el terrorismo protege a las familias espa\u00f1olas\u00bb - El Digital de Asturias\" \/>\n\t\t<meta property=\"og:description\" content=\"La ministra de Defensa, Mar\u00eda Dolores de Cospedal, ha asegurado que &quot;las amenazas se producen en todos los lugares del mundo, y para defender la seguridad de nuestras familias, de las familias espa\u00f1olas, para defender nuestro marco de convivencia, hay que ir y estar donde se origina el conflicto&quot;. \u200bDurante una visita al contingente espa\u00f1ol\" \/>\n\t\t<meta property=\"og:url\" content=\"https:\/\/www.eldigitaldeasturias.com\/noticias\/cospedal-ayudar-a-mali-en-su-lucha-contra-el-terrorismo-protege-a-las-familias-espanolas\/\" \/>\n\t\t<meta property=\"article:tag\" content=\"actualidad\" \/>\n\t\t<meta property=\"article:published_time\" content=\"2018-02-01T11:24:58+00:00\" \/>\n\t\t<meta property=\"article:modified_time\" content=\"2018-02-01T11:24:58+00:00\" \/>\n\t\t<meta property=\"article:publisher\" content=\"https:\/\/facebook.com\/eldigitaldeasturias\" \/>\n\t\t<meta name=\"twitter:card\" content=\"summary_large_image\" \/>\n\t\t<meta name=\"twitter:title\" content=\"Cospedal: \u00abAyudar a Mal\u00ed en su lucha contra el terrorismo protege a las familias espa\u00f1olas\u00bb - El Digital de Asturias\" \/>\n\t\t<meta name=\"twitter:description\" content=\"La ministra de Defensa, Mar\u00eda Dolores de Cospedal, ha asegurado que &quot;las amenazas se producen en todos los lugares del mundo, y para defender la seguridad de nuestras familias, de las familias espa\u00f1olas, para defender nuestro marco de convivencia, hay que ir y estar donde se origina el conflicto&quot;. \u200bDurante una visita al contingente espa\u00f1ol\" \/>\n\t\t<meta name=\"twitter:image\" content=\"https:\/\/www.eldigitaldeasturias.com\/noticias\/wp-content\/uploads\/2020\/12\/EDA-1.jpg\" \/>\n\t\t<meta name=\"twitter:label1\" content=\"Escrito por\" \/>\n\t\t<meta name=\"twitter:data1\" content=\"El Digital de Asturias\" \/>\n\t\t<meta name=\"twitter:label2\" content=\"Tiempo de lectura estimado\" \/>\n\t\t<meta name=\"twitter:data2\" content=\"6 minutos\" \/>\n\t\t<script type=\"application\/ld+json\" class=\"aioseo-schema\">\n\t\t\t{\"@context\":\"https:\\\/\\\/schema.org\",\"@graph\":[{\"@type\":\"BlogPosting\",\"@id\":\"https:\\\/\\\/www.eldigitaldeasturias.com\\\/noticias\\\/cospedal-ayudar-a-mali-en-su-lucha-contra-el-terrorismo-protege-a-las-familias-espanolas\\\/#blogposting\",\"name\":\"Cospedal: \\u00abAyudar a Mal\\u00ed en su lucha contra el terrorismo protege a las familias espa\\u00f1olas\\u00bb - El Digital de Asturias\",\"headline\":\"Cospedal: \\u00abAyudar a Mal\\u00ed en su lucha contra el terrorismo protege a las familias espa\\u00f1olas\\u00bb\",\"author\":{\"@id\":\"https:\\\/\\\/www.eldigitaldeasturias.com\\\/noticias\\\/author\\\/admin\\\/#author\"},\"publisher\":{\"@id\":\"https:\\\/\\\/www.eldigitaldeasturias.com\\\/noticias\\\/#organization\"},\"image\":{\"@type\":\"ImageObject\",\"url\":967518},\"datePublished\":\"2018-02-01T11:24:58+01:00\",\"dateModified\":\"2018-02-01T11:24:58+01:00\",\"inLanguage\":\"es-ES\",\"mainEntityOfPage\":{\"@id\":\"https:\\\/\\\/www.eldigitaldeasturias.com\\\/noticias\\\/cospedal-ayudar-a-mali-en-su-lucha-contra-el-terrorismo-protege-a-las-familias-espanolas\\\/#webpage\"},\"isPartOf\":{\"@id\":\"https:\\\/\\\/www.eldigitaldeasturias.com\\\/noticias\\\/cospedal-ayudar-a-mali-en-su-lucha-contra-el-terrorismo-protege-a-las-familias-espanolas\\\/#webpage\"},\"articleSection\":\"Actualidad\"},{\"@type\":\"BreadcrumbList\",\"@id\":\"https:\\\/\\\/www.eldigitaldeasturias.com\\\/noticias\\\/cospedal-ayudar-a-mali-en-su-lucha-contra-el-terrorismo-protege-a-las-familias-espanolas\\\/#breadcrumblist\",\"itemListElement\":[{\"@type\":\"ListItem\",\"@id\":\"https:\\\/\\\/www.eldigitaldeasturias.com\\\/noticias#listItem\",\"position\":1,\"name\":\"Home\",\"item\":\"https:\\\/\\\/www.eldigitaldeasturias.com\\\/noticias\",\"nextItem\":{\"@type\":\"ListItem\",\"@id\":\"https:\\\/\\\/www.eldigitaldeasturias.com\\\/noticias\\\/category\\\/actualidad\\\/#listItem\",\"name\":\"Actualidad\"}},{\"@type\":\"ListItem\",\"@id\":\"https:\\\/\\\/www.eldigitaldeasturias.com\\\/noticias\\\/category\\\/actualidad\\\/#listItem\",\"position\":2,\"name\":\"Actualidad\",\"item\":\"https:\\\/\\\/www.eldigitaldeasturias.com\\\/noticias\\\/category\\\/actualidad\\\/\",\"nextItem\":{\"@type\":\"ListItem\",\"@id\":\"https:\\\/\\\/www.eldigitaldeasturias.com\\\/noticias\\\/cospedal-ayudar-a-mali-en-su-lucha-contra-el-terrorismo-protege-a-las-familias-espanolas\\\/#listItem\",\"name\":\"Cospedal: \\u00abAyudar a Mal\\u00ed en su lucha contra el terrorismo protege a las familias espa\\u00f1olas\\u00bb\"},\"previousItem\":{\"@type\":\"ListItem\",\"@id\":\"https:\\\/\\\/www.eldigitaldeasturias.com\\\/noticias#listItem\",\"name\":\"Home\"}},{\"@type\":\"ListItem\",\"@id\":\"https:\\\/\\\/www.eldigitaldeasturias.com\\\/noticias\\\/cospedal-ayudar-a-mali-en-su-lucha-contra-el-terrorismo-protege-a-las-familias-espanolas\\\/#listItem\",\"position\":3,\"name\":\"Cospedal: \\u00abAyudar a Mal\\u00ed en su lucha contra el terrorismo protege a las familias espa\\u00f1olas\\u00bb\",\"previousItem\":{\"@type\":\"ListItem\",\"@id\":\"https:\\\/\\\/www.eldigitaldeasturias.com\\\/noticias\\\/category\\\/actualidad\\\/#listItem\",\"name\":\"Actualidad\"}}]},{\"@type\":\"Organization\",\"@id\":\"https:\\\/\\\/www.eldigitaldeasturias.com\\\/noticias\\\/#organization\",\"name\":\"El Digital de Asturias\",\"description\":\"Hemeroteca\",\"url\":\"https:\\\/\\\/www.eldigitaldeasturias.com\\\/noticias\\\/\",\"email\":\"info@eldigitaldeasturias.com\",\"telephone\":\"+34652131393\",\"logo\":{\"@type\":\"ImageObject\",\"url\":\"https:\\\/\\\/www.eldigitaldeasturias.com\\\/noticias\\\/wp-content\\\/uploads\\\/2020\\\/12\\\/EDA.jpg\",\"@id\":\"https:\\\/\\\/www.eldigitaldeasturias.com\\\/noticias\\\/cospedal-ayudar-a-mali-en-su-lucha-contra-el-terrorismo-protege-a-las-familias-espanolas\\\/#organizationLogo\"},\"image\":{\"@id\":\"https:\\\/\\\/www.eldigitaldeasturias.com\\\/noticias\\\/cospedal-ayudar-a-mali-en-su-lucha-contra-el-terrorismo-protege-a-las-familias-espanolas\\\/#organizationLogo\"},\"sameAs\":[\"https:\\\/\\\/facebook.com\\\/eldigitaldeasturias\",\"https:\\\/\\\/www.youtube.com\\\/channel\\\/UCZP-2wLEB9Rv6erhFmqVnvg\"],\"address\":{\"@id\":\"https:\\\/\\\/www.eldigitaldeasturias.com\\\/noticias\\\/#postaladdress\",\"@type\":\"PostalAddress\",\"streetAddress\":\"san antonio 4\",\"postalCode\":\"33430\",\"addressLocality\":\"Cand\\u00e1s\",\"addressRegion\":\"Asturias\",\"addressCountry\":\"ES\"}},{\"@type\":\"Person\",\"@id\":\"https:\\\/\\\/www.eldigitaldeasturias.com\\\/noticias\\\/author\\\/admin\\\/#author\",\"url\":\"https:\\\/\\\/www.eldigitaldeasturias.com\\\/noticias\\\/author\\\/admin\\\/\",\"name\":\"El Digital de Asturias\",\"image\":{\"@type\":\"ImageObject\",\"@id\":\"https:\\\/\\\/www.eldigitaldeasturias.com\\\/noticias\\\/cospedal-ayudar-a-mali-en-su-lucha-contra-el-terrorismo-protege-a-las-familias-espanolas\\\/#authorImage\",\"url\":\"https:\\\/\\\/secure.gravatar.com\\\/avatar\\\/df2aeffc32bcd13f8d26072ef8a91b623d677766deac7f97ca815868cd41bf5e?s=96&d=mm&r=g\",\"width\":96,\"height\":96,\"caption\":\"El Digital de Asturias\"}},{\"@type\":\"WebPage\",\"@id\":\"https:\\\/\\\/www.eldigitaldeasturias.com\\\/noticias\\\/cospedal-ayudar-a-mali-en-su-lucha-contra-el-terrorismo-protege-a-las-familias-espanolas\\\/#webpage\",\"url\":\"https:\\\/\\\/www.eldigitaldeasturias.com\\\/noticias\\\/cospedal-ayudar-a-mali-en-su-lucha-contra-el-terrorismo-protege-a-las-familias-espanolas\\\/\",\"name\":\"Cospedal: \\u00abAyudar a Mal\\u00ed en su lucha contra el terrorismo protege a las familias espa\\u00f1olas\\u00bb - El Digital de Asturias\",\"description\":\"La ministra de Defensa, Mar\\u00eda Dolores de Cospedal, ha asegurado que \\\"las amenazas se producen en todos los lugares del mundo, y para defender la seguridad de nuestras familias, de las familias espa\\u00f1olas, para defender nuestro marco de convivencia, hay que ir y estar donde se origina el conflicto\\\". \\u200bDurante una visita al contingente espa\\u00f1ol\",\"inLanguage\":\"es-ES\",\"isPartOf\":{\"@id\":\"https:\\\/\\\/www.eldigitaldeasturias.com\\\/noticias\\\/#website\"},\"breadcrumb\":{\"@id\":\"https:\\\/\\\/www.eldigitaldeasturias.com\\\/noticias\\\/cospedal-ayudar-a-mali-en-su-lucha-contra-el-terrorismo-protege-a-las-familias-espanolas\\\/#breadcrumblist\"},\"author\":{\"@id\":\"https:\\\/\\\/www.eldigitaldeasturias.com\\\/noticias\\\/author\\\/admin\\\/#author\"},\"creator\":{\"@id\":\"https:\\\/\\\/www.eldigitaldeasturias.com\\\/noticias\\\/author\\\/admin\\\/#author\"},\"image\":{\"@type\":\"ImageObject\",\"url\":967518,\"@id\":\"https:\\\/\\\/www.eldigitaldeasturias.com\\\/noticias\\\/cospedal-ayudar-a-mali-en-su-lucha-contra-el-terrorismo-protege-a-las-familias-espanolas\\\/#mainImage\"},\"primaryImageOfPage\":{\"@id\":\"https:\\\/\\\/www.eldigitaldeasturias.com\\\/noticias\\\/cospedal-ayudar-a-mali-en-su-lucha-contra-el-terrorismo-protege-a-las-familias-espanolas\\\/#mainImage\"},\"datePublished\":\"2018-02-01T11:24:58+01:00\",\"dateModified\":\"2018-02-01T11:24:58+01:00\"},{\"@type\":\"WebSite\",\"@id\":\"https:\\\/\\\/www.eldigitaldeasturias.com\\\/noticias\\\/#website\",\"url\":\"https:\\\/\\\/www.eldigitaldeasturias.com\\\/noticias\\\/\",\"name\":\"El Digital de Asturias - Diario de actualidad y noticias\",\"alternateName\":\"El Digital de Asturias - Diario de actualidad y noticias\",\"description\":\"Hemeroteca\",\"inLanguage\":\"es-ES\",\"publisher\":{\"@id\":\"https:\\\/\\\/www.eldigitaldeasturias.com\\\/noticias\\\/#organization\"}}]}\n\t\t<\/script>\n\t\t<!-- All in One SEO Pro -->\r\n\t\t<title>Cospedal: \u00abAyudar a Mal\u00ed en su lucha contra el terrorismo protege a las familias espa\u00f1olas\u00bb - El Digital de Asturias<\/title>\n\n","aioseo_head_json":{"title":"Cospedal: \u00abAyudar a Mal\u00ed en su lucha contra el terrorismo protege a las familias espa\u00f1olas\u00bb - El Digital de Asturias","description":"La ministra de Defensa, Mar\u00eda Dolores de Cospedal, ha asegurado que \"las amenazas se producen en todos los lugares del mundo, y para defender la seguridad de nuestras familias, de las familias espa\u00f1olas, para defender nuestro marco de convivencia, hay que ir y estar donde se origina el conflicto\". \u200bDurante una visita al contingente espa\u00f1ol","canonical_url":"https:\/\/www.eldigitaldeasturias.com\/noticias\/cospedal-ayudar-a-mali-en-su-lucha-contra-el-terrorismo-protege-a-las-familias-espanolas\/","robots":"max-image-preview:large","keywords":"actualidad","webmasterTools":{"google-site-verification":"UA-38556648-1","msvalidate.01":"7dfe9f3f1b24437ab69f4f2559babe99","miscellaneous":""},"schema":{"@context":"https:\/\/schema.org","@graph":[{"@type":"BlogPosting","@id":"https:\/\/www.eldigitaldeasturias.com\/noticias\/cospedal-ayudar-a-mali-en-su-lucha-contra-el-terrorismo-protege-a-las-familias-espanolas\/#blogposting","name":"Cospedal: \u00abAyudar a Mal\u00ed en su lucha contra el terrorismo protege a las familias espa\u00f1olas\u00bb - El Digital de Asturias","headline":"Cospedal: \u00abAyudar a Mal\u00ed en su lucha contra el terrorismo protege a las familias espa\u00f1olas\u00bb","author":{"@id":"https:\/\/www.eldigitaldeasturias.com\/noticias\/author\/admin\/#author"},"publisher":{"@id":"https:\/\/www.eldigitaldeasturias.com\/noticias\/#organization"},"image":{"@type":"ImageObject","url":967518},"datePublished":"2018-02-01T11:24:58+01:00","dateModified":"2018-02-01T11:24:58+01:00","inLanguage":"es-ES","mainEntityOfPage":{"@id":"https:\/\/www.eldigitaldeasturias.com\/noticias\/cospedal-ayudar-a-mali-en-su-lucha-contra-el-terrorismo-protege-a-las-familias-espanolas\/#webpage"},"isPartOf":{"@id":"https:\/\/www.eldigitaldeasturias.com\/noticias\/cospedal-ayudar-a-mali-en-su-lucha-contra-el-terrorismo-protege-a-las-familias-espanolas\/#webpage"},"articleSection":"Actualidad"},{"@type":"BreadcrumbList","@id":"https:\/\/www.eldigitaldeasturias.com\/noticias\/cospedal-ayudar-a-mali-en-su-lucha-contra-el-terrorismo-protege-a-las-familias-espanolas\/#breadcrumblist","itemListElement":[{"@type":"ListItem","@id":"https:\/\/www.eldigitaldeasturias.com\/noticias#listItem","position":1,"name":"Home","item":"https:\/\/www.eldigitaldeasturias.com\/noticias","nextItem":{"@type":"ListItem","@id":"https:\/\/www.eldigitaldeasturias.com\/noticias\/category\/actualidad\/#listItem","name":"Actualidad"}},{"@type":"ListItem","@id":"https:\/\/www.eldigitaldeasturias.com\/noticias\/category\/actualidad\/#listItem","position":2,"name":"Actualidad","item":"https:\/\/www.eldigitaldeasturias.com\/noticias\/category\/actualidad\/","nextItem":{"@type":"ListItem","@id":"https:\/\/www.eldigitaldeasturias.com\/noticias\/cospedal-ayudar-a-mali-en-su-lucha-contra-el-terrorismo-protege-a-las-familias-espanolas\/#listItem","name":"Cospedal: \u00abAyudar a Mal\u00ed en su lucha contra el terrorismo protege a las familias espa\u00f1olas\u00bb"},"previousItem":{"@type":"ListItem","@id":"https:\/\/www.eldigitaldeasturias.com\/noticias#listItem","name":"Home"}},{"@type":"ListItem","@id":"https:\/\/www.eldigitaldeasturias.com\/noticias\/cospedal-ayudar-a-mali-en-su-lucha-contra-el-terrorismo-protege-a-las-familias-espanolas\/#listItem","position":3,"name":"Cospedal: \u00abAyudar a Mal\u00ed en su lucha contra el terrorismo protege a las familias espa\u00f1olas\u00bb","previousItem":{"@type":"ListItem","@id":"https:\/\/www.eldigitaldeasturias.com\/noticias\/category\/actualidad\/#listItem","name":"Actualidad"}}]},{"@type":"Organization","@id":"https:\/\/www.eldigitaldeasturias.com\/noticias\/#organization","name":"El Digital de Asturias","description":"Hemeroteca","url":"https:\/\/www.eldigitaldeasturias.com\/noticias\/","email":"info@eldigitaldeasturias.com","telephone":"+34652131393","logo":{"@type":"ImageObject","url":"https:\/\/www.eldigitaldeasturias.com\/noticias\/wp-content\/uploads\/2020\/12\/EDA.jpg","@id":"https:\/\/www.eldigitaldeasturias.com\/noticias\/cospedal-ayudar-a-mali-en-su-lucha-contra-el-terrorismo-protege-a-las-familias-espanolas\/#organizationLogo"},"image":{"@id":"https:\/\/www.eldigitaldeasturias.com\/noticias\/cospedal-ayudar-a-mali-en-su-lucha-contra-el-terrorismo-protege-a-las-familias-espanolas\/#organizationLogo"},"sameAs":["https:\/\/facebook.com\/eldigitaldeasturias","https:\/\/www.youtube.com\/channel\/UCZP-2wLEB9Rv6erhFmqVnvg"],"address":{"@id":"https:\/\/www.eldigitaldeasturias.com\/noticias\/#postaladdress","@type":"PostalAddress","streetAddress":"san antonio 4","postalCode":"33430","addressLocality":"Cand\u00e1s","addressRegion":"Asturias","addressCountry":"ES"}},{"@type":"Person","@id":"https:\/\/www.eldigitaldeasturias.com\/noticias\/author\/admin\/#author","url":"https:\/\/www.eldigitaldeasturias.com\/noticias\/author\/admin\/","name":"El Digital de Asturias","image":{"@type":"ImageObject","@id":"https:\/\/www.eldigitaldeasturias.com\/noticias\/cospedal-ayudar-a-mali-en-su-lucha-contra-el-terrorismo-protege-a-las-familias-espanolas\/#authorImage","url":"https:\/\/secure.gravatar.com\/avatar\/df2aeffc32bcd13f8d26072ef8a91b623d677766deac7f97ca815868cd41bf5e?s=96&d=mm&r=g","width":96,"height":96,"caption":"El Digital de Asturias"}},{"@type":"WebPage","@id":"https:\/\/www.eldigitaldeasturias.com\/noticias\/cospedal-ayudar-a-mali-en-su-lucha-contra-el-terrorismo-protege-a-las-familias-espanolas\/#webpage","url":"https:\/\/www.eldigitaldeasturias.com\/noticias\/cospedal-ayudar-a-mali-en-su-lucha-contra-el-terrorismo-protege-a-las-familias-espanolas\/","name":"Cospedal: \u00abAyudar a Mal\u00ed en su lucha contra el terrorismo protege a las familias espa\u00f1olas\u00bb - El Digital de Asturias","description":"La ministra de Defensa, Mar\u00eda Dolores de Cospedal, ha asegurado que \"las amenazas se producen en todos los lugares del mundo, y para defender la seguridad de nuestras familias, de las familias espa\u00f1olas, para defender nuestro marco de convivencia, hay que ir y estar donde se origina el conflicto\". \u200bDurante una visita al contingente espa\u00f1ol","inLanguage":"es-ES","isPartOf":{"@id":"https:\/\/www.eldigitaldeasturias.com\/noticias\/#website"},"breadcrumb":{"@id":"https:\/\/www.eldigitaldeasturias.com\/noticias\/cospedal-ayudar-a-mali-en-su-lucha-contra-el-terrorismo-protege-a-las-familias-espanolas\/#breadcrumblist"},"author":{"@id":"https:\/\/www.eldigitaldeasturias.com\/noticias\/author\/admin\/#author"},"creator":{"@id":"https:\/\/www.eldigitaldeasturias.com\/noticias\/author\/admin\/#author"},"image":{"@type":"ImageObject","url":967518,"@id":"https:\/\/www.eldigitaldeasturias.com\/noticias\/cospedal-ayudar-a-mali-en-su-lucha-contra-el-terrorismo-protege-a-las-familias-espanolas\/#mainImage"},"primaryImageOfPage":{"@id":"https:\/\/www.eldigitaldeasturias.com\/noticias\/cospedal-ayudar-a-mali-en-su-lucha-contra-el-terrorismo-protege-a-las-familias-espanolas\/#mainImage"},"datePublished":"2018-02-01T11:24:58+01:00","dateModified":"2018-02-01T11:24:58+01:00"},{"@type":"WebSite","@id":"https:\/\/www.eldigitaldeasturias.com\/noticias\/#website","url":"https:\/\/www.eldigitaldeasturias.com\/noticias\/","name":"El Digital de Asturias - Diario de actualidad y noticias","alternateName":"El Digital de Asturias - Diario de actualidad y noticias","description":"Hemeroteca","inLanguage":"es-ES","publisher":{"@id":"https:\/\/www.eldigitaldeasturias.com\/noticias\/#organization"}}]},"og:locale":"es_ES","og:site_name":"El Digital de Asturias","og:type":"article","og:title":"Cospedal: \u00abAyudar a Mal\u00ed en su lucha contra el terrorismo protege a las familias espa\u00f1olas\u00bb - El Digital de Asturias","og:description":"La ministra de Defensa, Mar\u00eda Dolores de Cospedal, ha asegurado que &quot;las amenazas se producen en todos los lugares del mundo, y para defender la seguridad de nuestras familias, de las familias espa\u00f1olas, para defender nuestro marco de convivencia, hay que ir y estar donde se origina el conflicto&quot;. \u200bDurante una visita al contingente espa\u00f1ol","og:url":"https:\/\/www.eldigitaldeasturias.com\/noticias\/cospedal-ayudar-a-mali-en-su-lucha-contra-el-terrorismo-protege-a-las-familias-espanolas\/","article:tag":["actualidad"],"article:published_time":"2018-02-01T11:24:58+00:00","article:modified_time":"2018-02-01T11:24:58+00:00","article:publisher":"https:\/\/facebook.com\/eldigitaldeasturias","twitter:card":"summary_large_image","twitter:title":"Cospedal: \u00abAyudar a Mal\u00ed en su lucha contra el terrorismo protege a las familias espa\u00f1olas\u00bb - El Digital de Asturias","twitter:description":"La ministra de Defensa, Mar\u00eda Dolores de Cospedal, ha asegurado que &quot;las amenazas se producen en todos los lugares del mundo, y para defender la seguridad de nuestras familias, de las familias espa\u00f1olas, para defender nuestro marco de convivencia, hay que ir y estar donde se origina el conflicto&quot;. \u200bDurante una visita al contingente espa\u00f1ol","twitter:image":"https:\/\/www.eldigitaldeasturias.com\/noticias\/wp-content\/uploads\/2020\/12\/EDA-1.jpg","twitter:label1":"Escrito por","twitter:data1":"El Digital de Asturias","twitter:label2":"Tiempo de lectura estimado","twitter:data2":"6 minutos"},"aioseo_meta_data":{"post_id":"967517","title":null,"description":null,"keywords":null,"keyphrases":null,"primary_term":null,"canonical_url":null,"og_title":null,"og_description":null,"og_object_type":"default","og_image_type":"default","og_image_url":null,"og_image_width":null,"og_image_height":null,"og_image_custom_url":null,"og_image_custom_fields":null,"og_video":null,"og_custom_url":null,"og_article_section":null,"og_article_tags":null,"twitter_use_og":false,"twitter_card":"default","twitter_image_type":"default","twitter_image_url":null,"twitter_image_custom_url":null,"twitter_image_custom_fields":null,"twitter_title":null,"twitter_description":null,"schema":{"blockGraphs":[],"customGraphs":[],"default":{"data":{"Article":[],"Course":[],"Dataset":[],"FAQPage":[],"Movie":[],"Person":[],"Product":[],"ProductReview":[],"Car":[],"Recipe":[],"Service":[],"SoftwareApplication":[],"WebPage":[]},"graphName":"","isEnabled":true},"graphs":[],"defaultGraph":"","defaultPostTypeGraph":""},"schema_type":null,"schema_type_options":null,"pillar_content":false,"robots_default":true,"robots_noindex":false,"robots_noarchive":false,"robots_nosnippet":false,"robots_nofollow":false,"robots_noimageindex":false,"robots_noodp":false,"robots_notranslate":false,"robots_max_snippet":null,"robots_max_videopreview":null,"robots_max_imagepreview":"large","priority":null,"frequency":null,"local_seo":null,"seo_analyzer_scan_date":"2025-10-06 19:18:16","breadcrumb_settings":null,"limit_modified_date":false,"open_ai":null,"ai":null,"created":"2020-12-21 12:32:38","updated":"2025-10-06 19:18:16","focus_keyword":null,"additional_keywords":null,"truseo_locale":null},"aioseo_breadcrumb":"<div class=\"aioseo-breadcrumbs\"><span class=\"aioseo-breadcrumb\">\n\t<a href=\"https:\/\/www.eldigitaldeasturias.com\/noticias\" title=\"Home\">Home<\/a>\n<\/span><span class=\"aioseo-breadcrumb-separator\">\u2013<\/span><span class=\"aioseo-breadcrumb\">\n\t<a href=\"https:\/\/www.eldigitaldeasturias.com\/noticias\/category\/actualidad\/\" title=\"Actualidad\">Actualidad<\/a>\n<\/span><span class=\"aioseo-breadcrumb-separator\">\u2013<\/span><span class=\"aioseo-breadcrumb\">\n\t<a href=\"https:\/\/www.eldigitaldeasturias.com\/noticias\/cospedal-ayudar-a-mali-en-su-lucha-contra-el-terrorismo-protege-a-las-familias-espanolas\/\" title=\"Cospedal: \u00abAyudar a Mal\u00ed en su lucha contra el terrorismo protege a las familias espa\u00f1olas\u00bb\">Cospedal: \u00abAyudar a Mal\u00ed en su lucha contra el terrorismo protege a las familias espa\u00f1olas\u00bb<\/a>\n<\/span><\/div>","aioseo_breadcrumb_json":[{"label":"Home","link":"https:\/\/www.eldigitaldeasturias.com\/noticias"},{"label":"Actualidad","link":"https:\/\/www.eldigitaldeasturias.com\/noticias\/category\/actualidad\/"},{"label":"Cospedal: \u00abAyudar a Mal\u00ed en su lucha contra el terrorismo protege a las familias espa\u00f1olas\u00bb","link":"https:\/\/www.eldigitaldeasturias.com\/noticias\/cospedal-ayudar-a-mali-en-su-lucha-contra-el-terrorismo-protege-a-las-familias-espanolas\/"}],"_links":{"self":[{"href":"https:\/\/www.eldigitaldeasturias.com\/noticias\/wp-json\/wp\/v2\/posts\/967517","targetHints":{"allow":["GET"]}}],"collection":[{"href":"https:\/\/www.eldigitaldeasturias.com\/noticias\/wp-json\/wp\/v2\/posts"}],"about":[{"href":"https:\/\/www.eldigitaldeasturias.com\/noticias\/wp-json\/wp\/v2\/types\/post"}],"author":[{"embeddable":true,"href":"https:\/\/www.eldigitaldeasturias.com\/noticias\/wp-json\/wp\/v2\/users\/1"}],"replies":[{"embeddable":true,"href":"https:\/\/www.eldigitaldeasturias.com\/noticias\/wp-json\/wp\/v2\/comments?post=967517"}],"version-history":[{"count":0,"href":"https:\/\/www.eldigitaldeasturias.com\/noticias\/wp-json\/wp\/v2\/posts\/967517\/revisions"}],"wp:attachment":[{"href":"https:\/\/www.eldigitaldeasturias.com\/noticias\/wp-json\/wp\/v2\/media?parent=967517"}],"wp:term":[{"taxonomy":"category","embeddable":true,"href":"https:\/\/www.eldigitaldeasturias.com\/noticias\/wp-json\/wp\/v2\/categories?post=967517"},{"taxonomy":"post_tag","embeddable":true,"href":"https:\/\/www.eldigitaldeasturias.com\/noticias\/wp-json\/wp\/v2\/tags?post=967517"}],"curies":[{"name":"wp","href":"https:\/\/api.w.org\/{rel}","templated":true}]}}