{"id":967500,"date":"2018-02-01T11:15:14","date_gmt":"2018-02-01T11:15:14","guid":{"rendered":"http:\/\/www.eldigitaldeasturias.com\/noticias\/?p=967500"},"modified":"2018-02-01T11:15:14","modified_gmt":"2018-02-01T11:15:14","slug":"reguladas-las-pruebas-de-la-evaluacion-final-de-la-eso-para-el-curso-2017-2018","status":"publish","type":"post","link":"https:\/\/www.eldigitaldeasturias.com\/noticias\/reguladas-las-pruebas-de-la-evaluacion-final-de-la-eso-para-el-curso-2017-2018\/","title":{"rendered":"Reguladas las pruebas de la evaluaci\u00f3n final de la ESO para el curso 2017\/2018"},"content":{"rendered":"<p><img loading=\"lazy\" decoding=\"async\" class=\"alignleft size-medium wp-image-967501\" src=\"https:\/\/www.eldigitaldeasturias.com\/noticias\/wp-content\/uploads\/2018\/02\/060716Educacion2-360x239.jpg\" alt=\"\" width=\"360\" height=\"239\" \/>El Bolet\u00edn Oficial del Estado ha publicado la orden anual del Ministerio de Educaci\u00f3n, Cultura y Deporte por la que se regulan las pruebas de la evaluaci\u00f3n final de la Educaci\u00f3n Secundaria Obligatoria (ESO) para el curso 2017-2018.<\/p>\n<p>El Real Decreto-Ley 5\/2016 ampli\u00f3 el plazo para la implantaci\u00f3n de los efectos de las nuevas evaluaciones finales de etapa mientras se llevan a cabo las negociaciones del Pacto de Estado social y pol\u00edtico por la educaci\u00f3n en la Subcomisi\u00f3n del Congreso, con objeto de colaborar decididamente al proceso de di\u00e1logo. De esta forma, durante el per\u00edodo transitorio no ser\u00e1 necesaria la superaci\u00f3n de la evaluaci\u00f3n final para obtener el t\u00edtulo de Graduado en ESO.<\/p>\n<p>La evaluaci\u00f3n final de ESO tiene una finalidad diagn\u00f3stica: las Administraciones educativas seleccionar\u00e1n una muestra representativa del alumnado de 4\u00ba curso de ESO y comprobar\u00e1n el grado de adquisici\u00f3n de las competencias b\u00e1sicas matem\u00e1tica, ling\u00fc\u00edstica y social y c\u00edvica. No obstante, si lo consideran conveniente, las Administraciones podr\u00e1n elevar esta muestra o hacer la evaluaci\u00f3n final con car\u00e1cter censal. Por todo ello, se considera que el impacto de esta orden sobre la infancia y la adolescencia y sobre la familia es positivo.<\/p>\n<p>Con la finalidad de garantizar la homogeneidad y estandarizaci\u00f3n de las pruebas, sus caracter\u00edsticas y dise\u00f1o comprenden las matrices de especificaciones (que determinan los est\u00e1ndares a tener en cuenta en la evaluaci\u00f3n y los pesos o porcentajes orientativos que corresponden a los bloques de contenidos de las materias), el tiempo de aplicaci\u00f3n y la tipolog\u00eda de las preguntas.<\/p>\n<p>Las pruebas se contextualizar\u00e1n en entornos pr\u00f3ximos a la vida del alumnado, es decir, en situaciones personales, familiares, escolares y sociales, y tambi\u00e9n en entornos cient\u00edficos y human\u00edsticos.<\/p>\n<p>Las pruebas se realizar\u00e1n durante cuatro d\u00edas en el \u00faltimo trimestre lectivo del curso 2017\/2018 (abril, mayo y junio de 2018); no obstante, las Comunidades Aut\u00f3nomas con lengua cooficial podr\u00e1n disponer de un d\u00eda m\u00e1s. Cada una de las pruebas tendr\u00e1 una duraci\u00f3n de 60 minutos, con descansos entre pruebas consecutivas de un m\u00ednimo de 15 minutos.<\/p>\n<p>De forma simult\u00e1nea a la celebraci\u00f3n de la evaluaci\u00f3n de Educaci\u00f3n Secundaria Obligatoria, se aplicar\u00e1 el cuestionario de contexto para el alumnado, an\u00f3nimo y confidencial. Los informes de resultados permitir\u00e1n a las Administraciones educativas conocer los resultados acad\u00e9micos de sus alumnos y centros y contextualizarlos con factores como la tasa de repetici\u00f3n, el absentismo escolar, el grado de satisfacci\u00f3n del alumnado, factores socioecon\u00f3micos y socioculturales del contexto, tiempo dedicado a deberes en casa o utilizaci\u00f3n de medios tecnol\u00f3gicos, entre otros datos a tener en cuenta para la evaluaci\u00f3n del sistema educativo.<\/p>\n<p>La orden anual que regula las pruebas de evaluaci\u00f3n final de ESO en el curso 2017\/2018 es sustancialmente igual a la del curso pasado, salvo en que si antes las pruebas se pod\u00edan realizar s\u00f3lo en los meses de mayo y junio, ahora se podr\u00e1n realizar tambi\u00e9n en el mes de abril, en funci\u00f3n de las necesidades organizativas de cada Administraci\u00f3n educativa.<\/p>\n","protected":false},"excerpt":{"rendered":"<p>El Bolet\u00edn Oficial del Estado ha publicado la orden anual del Ministerio de Educaci\u00f3n, Cultura y Deporte por la que se regulan las pruebas de la evaluaci\u00f3n final de la Educaci\u00f3n Secundaria Obligatoria (ESO) para el curso 2017-2018. El Real Decreto-Ley 5\/2016 ampli\u00f3 el plazo para la implantaci\u00f3n de los efectos de las nuevas evaluaciones [&hellip;]<\/p>\n","protected":false},"author":1,"featured_media":967501,"comment_status":"closed","ping_status":"closed","sticky":false,"template":"","format":"standard","meta":{"footnotes":""},"categories":[1],"tags":[],"class_list":["post-967500","post","type-post","status-publish","format-standard","has-post-thumbnail","hentry","category-actualidad"],"aioseo_notices":[],"aioseo_head":"\n\t\t<!-- All in One SEO Pro 5.0.1 - aioseo.com -->\n\t<meta name=\"description\" content=\"El Bolet\u00edn Oficial del Estado ha publicado la orden anual del Ministerio de Educaci\u00f3n, Cultura y Deporte por la que se regulan las pruebas de la evaluaci\u00f3n final de la Educaci\u00f3n Secundaria Obligatoria (ESO) para el curso 2017-2018. El Real Decreto-Ley 5\/2016 ampli\u00f3 el plazo para la implantaci\u00f3n de los efectos de las nuevas evaluaciones\" \/>\n\t<meta name=\"robots\" content=\"max-image-preview:large\" \/>\n\t<meta name=\"author\" content=\"El Digital de Asturias\"\/>\n\t<meta name=\"google-site-verification\" content=\"UA-38556648-1\" \/>\n\t<meta name=\"msvalidate.01\" content=\"7dfe9f3f1b24437ab69f4f2559babe99\" \/>\n\t<meta name=\"keywords\" content=\"actualidad\" \/>\n\t<link rel=\"canonical\" href=\"https:\/\/www.eldigitaldeasturias.com\/noticias\/reguladas-las-pruebas-de-la-evaluacion-final-de-la-eso-para-el-curso-2017-2018\/\" \/>\n\t<meta name=\"generator\" content=\"All in One SEO Pro (AIOSEO) 5.0.1\" \/>\n\t\t<meta property=\"og:locale\" content=\"es_ES\" \/>\n\t\t<meta property=\"og:site_name\" content=\"El Digital de Asturias\" \/>\n\t\t<meta property=\"og:type\" content=\"article\" \/>\n\t\t<meta property=\"og:title\" content=\"Reguladas las pruebas de la evaluaci\u00f3n final de la ESO para el curso 2017\/2018 - El Digital de Asturias\" \/>\n\t\t<meta property=\"og:description\" content=\"El Bolet\u00edn Oficial del Estado ha publicado la orden anual del Ministerio de Educaci\u00f3n, Cultura y Deporte por la que se regulan las pruebas de la evaluaci\u00f3n final de la Educaci\u00f3n Secundaria Obligatoria (ESO) para el curso 2017-2018. El Real Decreto-Ley 5\/2016 ampli\u00f3 el plazo para la implantaci\u00f3n de los efectos de las nuevas evaluaciones\" \/>\n\t\t<meta property=\"og:url\" content=\"https:\/\/www.eldigitaldeasturias.com\/noticias\/reguladas-las-pruebas-de-la-evaluacion-final-de-la-eso-para-el-curso-2017-2018\/\" \/>\n\t\t<meta property=\"article:tag\" content=\"actualidad\" \/>\n\t\t<meta property=\"article:published_time\" content=\"2018-02-01T11:15:14+00:00\" \/>\n\t\t<meta property=\"article:modified_time\" content=\"2018-02-01T11:15:14+00:00\" \/>\n\t\t<meta property=\"article:publisher\" content=\"https:\/\/facebook.com\/eldigitaldeasturias\" \/>\n\t\t<meta name=\"twitter:card\" content=\"summary_large_image\" \/>\n\t\t<meta name=\"twitter:title\" content=\"Reguladas las pruebas de la evaluaci\u00f3n final de la ESO para el curso 2017\/2018 - El Digital de Asturias\" \/>\n\t\t<meta name=\"twitter:description\" content=\"El Bolet\u00edn Oficial del Estado ha publicado la orden anual del Ministerio de Educaci\u00f3n, Cultura y Deporte por la que se regulan las pruebas de la evaluaci\u00f3n final de la Educaci\u00f3n Secundaria Obligatoria (ESO) para el curso 2017-2018. El Real Decreto-Ley 5\/2016 ampli\u00f3 el plazo para la implantaci\u00f3n de los efectos de las nuevas evaluaciones\" \/>\n\t\t<meta name=\"twitter:image\" content=\"https:\/\/www.eldigitaldeasturias.com\/noticias\/wp-content\/uploads\/2020\/12\/EDA-1.jpg\" \/>\n\t\t<meta name=\"twitter:label1\" content=\"Escrito por\" \/>\n\t\t<meta name=\"twitter:data1\" content=\"El Digital de Asturias\" \/>\n\t\t<meta name=\"twitter:label2\" content=\"Tiempo de lectura estimado\" \/>\n\t\t<meta name=\"twitter:data2\" content=\"3 minutos\" \/>\n\t\t<script type=\"application\/ld+json\" class=\"aioseo-schema\">\n\t\t\t{\"@context\":\"https:\\\/\\\/schema.org\",\"@graph\":[{\"@type\":\"BlogPosting\",\"@id\":\"https:\\\/\\\/www.eldigitaldeasturias.com\\\/noticias\\\/reguladas-las-pruebas-de-la-evaluacion-final-de-la-eso-para-el-curso-2017-2018\\\/#blogposting\",\"name\":\"Reguladas las pruebas de la evaluaci\\u00f3n final de la ESO para el curso 2017\\\/2018 - El Digital de Asturias\",\"headline\":\"Reguladas las pruebas de la evaluaci\\u00f3n final de la ESO para el curso 2017\\\/2018\",\"author\":{\"@id\":\"https:\\\/\\\/www.eldigitaldeasturias.com\\\/noticias\\\/author\\\/admin\\\/#author\"},\"publisher\":{\"@id\":\"https:\\\/\\\/www.eldigitaldeasturias.com\\\/noticias\\\/#organization\"},\"image\":{\"@type\":\"ImageObject\",\"url\":967501},\"datePublished\":\"2018-02-01T11:15:14+01:00\",\"dateModified\":\"2018-02-01T11:15:14+01:00\",\"inLanguage\":\"es-ES\",\"mainEntityOfPage\":{\"@id\":\"https:\\\/\\\/www.eldigitaldeasturias.com\\\/noticias\\\/reguladas-las-pruebas-de-la-evaluacion-final-de-la-eso-para-el-curso-2017-2018\\\/#webpage\"},\"isPartOf\":{\"@id\":\"https:\\\/\\\/www.eldigitaldeasturias.com\\\/noticias\\\/reguladas-las-pruebas-de-la-evaluacion-final-de-la-eso-para-el-curso-2017-2018\\\/#webpage\"},\"articleSection\":\"Actualidad\"},{\"@type\":\"BreadcrumbList\",\"@id\":\"https:\\\/\\\/www.eldigitaldeasturias.com\\\/noticias\\\/reguladas-las-pruebas-de-la-evaluacion-final-de-la-eso-para-el-curso-2017-2018\\\/#breadcrumblist\",\"itemListElement\":[{\"@type\":\"ListItem\",\"@id\":\"https:\\\/\\\/www.eldigitaldeasturias.com\\\/noticias#listItem\",\"position\":1,\"name\":\"Home\",\"item\":\"https:\\\/\\\/www.eldigitaldeasturias.com\\\/noticias\",\"nextItem\":{\"@type\":\"ListItem\",\"@id\":\"https:\\\/\\\/www.eldigitaldeasturias.com\\\/noticias\\\/category\\\/actualidad\\\/#listItem\",\"name\":\"Actualidad\"}},{\"@type\":\"ListItem\",\"@id\":\"https:\\\/\\\/www.eldigitaldeasturias.com\\\/noticias\\\/category\\\/actualidad\\\/#listItem\",\"position\":2,\"name\":\"Actualidad\",\"item\":\"https:\\\/\\\/www.eldigitaldeasturias.com\\\/noticias\\\/category\\\/actualidad\\\/\",\"nextItem\":{\"@type\":\"ListItem\",\"@id\":\"https:\\\/\\\/www.eldigitaldeasturias.com\\\/noticias\\\/reguladas-las-pruebas-de-la-evaluacion-final-de-la-eso-para-el-curso-2017-2018\\\/#listItem\",\"name\":\"Reguladas las pruebas de la evaluaci\\u00f3n final de la ESO para el curso 2017\\\/2018\"},\"previousItem\":{\"@type\":\"ListItem\",\"@id\":\"https:\\\/\\\/www.eldigitaldeasturias.com\\\/noticias#listItem\",\"name\":\"Home\"}},{\"@type\":\"ListItem\",\"@id\":\"https:\\\/\\\/www.eldigitaldeasturias.com\\\/noticias\\\/reguladas-las-pruebas-de-la-evaluacion-final-de-la-eso-para-el-curso-2017-2018\\\/#listItem\",\"position\":3,\"name\":\"Reguladas las pruebas de la evaluaci\\u00f3n final de la ESO para el curso 2017\\\/2018\",\"previousItem\":{\"@type\":\"ListItem\",\"@id\":\"https:\\\/\\\/www.eldigitaldeasturias.com\\\/noticias\\\/category\\\/actualidad\\\/#listItem\",\"name\":\"Actualidad\"}}]},{\"@type\":\"Organization\",\"@id\":\"https:\\\/\\\/www.eldigitaldeasturias.com\\\/noticias\\\/#organization\",\"name\":\"El Digital de Asturias\",\"description\":\"Hemeroteca\",\"url\":\"https:\\\/\\\/www.eldigitaldeasturias.com\\\/noticias\\\/\",\"email\":\"info@eldigitaldeasturias.com\",\"telephone\":\"+34652131393\",\"logo\":{\"@type\":\"ImageObject\",\"url\":\"https:\\\/\\\/www.eldigitaldeasturias.com\\\/noticias\\\/wp-content\\\/uploads\\\/2020\\\/12\\\/EDA.jpg\",\"@id\":\"https:\\\/\\\/www.eldigitaldeasturias.com\\\/noticias\\\/reguladas-las-pruebas-de-la-evaluacion-final-de-la-eso-para-el-curso-2017-2018\\\/#organizationLogo\"},\"image\":{\"@id\":\"https:\\\/\\\/www.eldigitaldeasturias.com\\\/noticias\\\/reguladas-las-pruebas-de-la-evaluacion-final-de-la-eso-para-el-curso-2017-2018\\\/#organizationLogo\"},\"sameAs\":[\"https:\\\/\\\/facebook.com\\\/eldigitaldeasturias\",\"https:\\\/\\\/www.youtube.com\\\/channel\\\/UCZP-2wLEB9Rv6erhFmqVnvg\"],\"address\":{\"@id\":\"https:\\\/\\\/www.eldigitaldeasturias.com\\\/noticias\\\/#postaladdress\",\"@type\":\"PostalAddress\",\"streetAddress\":\"san antonio 4\",\"postalCode\":\"33430\",\"addressLocality\":\"Cand\\u00e1s\",\"addressRegion\":\"Asturias\",\"addressCountry\":\"ES\"}},{\"@type\":\"Person\",\"@id\":\"https:\\\/\\\/www.eldigitaldeasturias.com\\\/noticias\\\/author\\\/admin\\\/#author\",\"url\":\"https:\\\/\\\/www.eldigitaldeasturias.com\\\/noticias\\\/author\\\/admin\\\/\",\"name\":\"El Digital de Asturias\",\"image\":{\"@type\":\"ImageObject\",\"@id\":\"https:\\\/\\\/www.eldigitaldeasturias.com\\\/noticias\\\/reguladas-las-pruebas-de-la-evaluacion-final-de-la-eso-para-el-curso-2017-2018\\\/#authorImage\",\"url\":\"https:\\\/\\\/secure.gravatar.com\\\/avatar\\\/df2aeffc32bcd13f8d26072ef8a91b623d677766deac7f97ca815868cd41bf5e?s=96&d=mm&r=g\",\"width\":96,\"height\":96,\"caption\":\"El Digital de Asturias\"}},{\"@type\":\"WebPage\",\"@id\":\"https:\\\/\\\/www.eldigitaldeasturias.com\\\/noticias\\\/reguladas-las-pruebas-de-la-evaluacion-final-de-la-eso-para-el-curso-2017-2018\\\/#webpage\",\"url\":\"https:\\\/\\\/www.eldigitaldeasturias.com\\\/noticias\\\/reguladas-las-pruebas-de-la-evaluacion-final-de-la-eso-para-el-curso-2017-2018\\\/\",\"name\":\"Reguladas las pruebas de la evaluaci\\u00f3n final de la ESO para el curso 2017\\\/2018 - El Digital de Asturias\",\"description\":\"El Bolet\\u00edn Oficial del Estado ha publicado la orden anual del Ministerio de Educaci\\u00f3n, Cultura y Deporte por la que se regulan las pruebas de la evaluaci\\u00f3n final de la Educaci\\u00f3n Secundaria Obligatoria (ESO) para el curso 2017-2018. El Real Decreto-Ley 5\\\/2016 ampli\\u00f3 el plazo para la implantaci\\u00f3n de los efectos de las nuevas evaluaciones\",\"inLanguage\":\"es-ES\",\"isPartOf\":{\"@id\":\"https:\\\/\\\/www.eldigitaldeasturias.com\\\/noticias\\\/#website\"},\"breadcrumb\":{\"@id\":\"https:\\\/\\\/www.eldigitaldeasturias.com\\\/noticias\\\/reguladas-las-pruebas-de-la-evaluacion-final-de-la-eso-para-el-curso-2017-2018\\\/#breadcrumblist\"},\"author\":{\"@id\":\"https:\\\/\\\/www.eldigitaldeasturias.com\\\/noticias\\\/author\\\/admin\\\/#author\"},\"creator\":{\"@id\":\"https:\\\/\\\/www.eldigitaldeasturias.com\\\/noticias\\\/author\\\/admin\\\/#author\"},\"image\":{\"@type\":\"ImageObject\",\"url\":967501,\"@id\":\"https:\\\/\\\/www.eldigitaldeasturias.com\\\/noticias\\\/reguladas-las-pruebas-de-la-evaluacion-final-de-la-eso-para-el-curso-2017-2018\\\/#mainImage\"},\"primaryImageOfPage\":{\"@id\":\"https:\\\/\\\/www.eldigitaldeasturias.com\\\/noticias\\\/reguladas-las-pruebas-de-la-evaluacion-final-de-la-eso-para-el-curso-2017-2018\\\/#mainImage\"},\"datePublished\":\"2018-02-01T11:15:14+01:00\",\"dateModified\":\"2018-02-01T11:15:14+01:00\"},{\"@type\":\"WebSite\",\"@id\":\"https:\\\/\\\/www.eldigitaldeasturias.com\\\/noticias\\\/#website\",\"url\":\"https:\\\/\\\/www.eldigitaldeasturias.com\\\/noticias\\\/\",\"name\":\"El Digital de Asturias - Diario de actualidad y noticias\",\"alternateName\":\"El Digital de Asturias - Diario de actualidad y noticias\",\"description\":\"Hemeroteca\",\"inLanguage\":\"es-ES\",\"publisher\":{\"@id\":\"https:\\\/\\\/www.eldigitaldeasturias.com\\\/noticias\\\/#organization\"}}]}\n\t\t<\/script>\n\t\t<!-- All in One SEO Pro -->\r\n\t\t<title>Reguladas las pruebas de la evaluaci\u00f3n final de la ESO para el curso 2017\/2018 - El Digital de Asturias<\/title>\n\n","aioseo_head_json":{"title":"Reguladas las pruebas de la evaluaci\u00f3n final de la ESO para el curso 2017\/2018 - El Digital de Asturias","description":"El Bolet\u00edn Oficial del Estado ha publicado la orden anual del Ministerio de Educaci\u00f3n, Cultura y Deporte por la que se regulan las pruebas de la evaluaci\u00f3n final de la Educaci\u00f3n Secundaria Obligatoria (ESO) para el curso 2017-2018. El Real Decreto-Ley 5\/2016 ampli\u00f3 el plazo para la implantaci\u00f3n de los efectos de las nuevas evaluaciones","canonical_url":"https:\/\/www.eldigitaldeasturias.com\/noticias\/reguladas-las-pruebas-de-la-evaluacion-final-de-la-eso-para-el-curso-2017-2018\/","robots":"max-image-preview:large","keywords":"actualidad","webmasterTools":{"google-site-verification":"UA-38556648-1","msvalidate.01":"7dfe9f3f1b24437ab69f4f2559babe99","miscellaneous":""},"schema":{"@context":"https:\/\/schema.org","@graph":[{"@type":"BlogPosting","@id":"https:\/\/www.eldigitaldeasturias.com\/noticias\/reguladas-las-pruebas-de-la-evaluacion-final-de-la-eso-para-el-curso-2017-2018\/#blogposting","name":"Reguladas las pruebas de la evaluaci\u00f3n final de la ESO para el curso 2017\/2018 - El Digital de Asturias","headline":"Reguladas las pruebas de la evaluaci\u00f3n final de la ESO para el curso 2017\/2018","author":{"@id":"https:\/\/www.eldigitaldeasturias.com\/noticias\/author\/admin\/#author"},"publisher":{"@id":"https:\/\/www.eldigitaldeasturias.com\/noticias\/#organization"},"image":{"@type":"ImageObject","url":967501},"datePublished":"2018-02-01T11:15:14+01:00","dateModified":"2018-02-01T11:15:14+01:00","inLanguage":"es-ES","mainEntityOfPage":{"@id":"https:\/\/www.eldigitaldeasturias.com\/noticias\/reguladas-las-pruebas-de-la-evaluacion-final-de-la-eso-para-el-curso-2017-2018\/#webpage"},"isPartOf":{"@id":"https:\/\/www.eldigitaldeasturias.com\/noticias\/reguladas-las-pruebas-de-la-evaluacion-final-de-la-eso-para-el-curso-2017-2018\/#webpage"},"articleSection":"Actualidad"},{"@type":"BreadcrumbList","@id":"https:\/\/www.eldigitaldeasturias.com\/noticias\/reguladas-las-pruebas-de-la-evaluacion-final-de-la-eso-para-el-curso-2017-2018\/#breadcrumblist","itemListElement":[{"@type":"ListItem","@id":"https:\/\/www.eldigitaldeasturias.com\/noticias#listItem","position":1,"name":"Home","item":"https:\/\/www.eldigitaldeasturias.com\/noticias","nextItem":{"@type":"ListItem","@id":"https:\/\/www.eldigitaldeasturias.com\/noticias\/category\/actualidad\/#listItem","name":"Actualidad"}},{"@type":"ListItem","@id":"https:\/\/www.eldigitaldeasturias.com\/noticias\/category\/actualidad\/#listItem","position":2,"name":"Actualidad","item":"https:\/\/www.eldigitaldeasturias.com\/noticias\/category\/actualidad\/","nextItem":{"@type":"ListItem","@id":"https:\/\/www.eldigitaldeasturias.com\/noticias\/reguladas-las-pruebas-de-la-evaluacion-final-de-la-eso-para-el-curso-2017-2018\/#listItem","name":"Reguladas las pruebas de la evaluaci\u00f3n final de la ESO para el curso 2017\/2018"},"previousItem":{"@type":"ListItem","@id":"https:\/\/www.eldigitaldeasturias.com\/noticias#listItem","name":"Home"}},{"@type":"ListItem","@id":"https:\/\/www.eldigitaldeasturias.com\/noticias\/reguladas-las-pruebas-de-la-evaluacion-final-de-la-eso-para-el-curso-2017-2018\/#listItem","position":3,"name":"Reguladas las pruebas de la evaluaci\u00f3n final de la ESO para el curso 2017\/2018","previousItem":{"@type":"ListItem","@id":"https:\/\/www.eldigitaldeasturias.com\/noticias\/category\/actualidad\/#listItem","name":"Actualidad"}}]},{"@type":"Organization","@id":"https:\/\/www.eldigitaldeasturias.com\/noticias\/#organization","name":"El Digital de Asturias","description":"Hemeroteca","url":"https:\/\/www.eldigitaldeasturias.com\/noticias\/","email":"info@eldigitaldeasturias.com","telephone":"+34652131393","logo":{"@type":"ImageObject","url":"https:\/\/www.eldigitaldeasturias.com\/noticias\/wp-content\/uploads\/2020\/12\/EDA.jpg","@id":"https:\/\/www.eldigitaldeasturias.com\/noticias\/reguladas-las-pruebas-de-la-evaluacion-final-de-la-eso-para-el-curso-2017-2018\/#organizationLogo"},"image":{"@id":"https:\/\/www.eldigitaldeasturias.com\/noticias\/reguladas-las-pruebas-de-la-evaluacion-final-de-la-eso-para-el-curso-2017-2018\/#organizationLogo"},"sameAs":["https:\/\/facebook.com\/eldigitaldeasturias","https:\/\/www.youtube.com\/channel\/UCZP-2wLEB9Rv6erhFmqVnvg"],"address":{"@id":"https:\/\/www.eldigitaldeasturias.com\/noticias\/#postaladdress","@type":"PostalAddress","streetAddress":"san antonio 4","postalCode":"33430","addressLocality":"Cand\u00e1s","addressRegion":"Asturias","addressCountry":"ES"}},{"@type":"Person","@id":"https:\/\/www.eldigitaldeasturias.com\/noticias\/author\/admin\/#author","url":"https:\/\/www.eldigitaldeasturias.com\/noticias\/author\/admin\/","name":"El Digital de Asturias","image":{"@type":"ImageObject","@id":"https:\/\/www.eldigitaldeasturias.com\/noticias\/reguladas-las-pruebas-de-la-evaluacion-final-de-la-eso-para-el-curso-2017-2018\/#authorImage","url":"https:\/\/secure.gravatar.com\/avatar\/df2aeffc32bcd13f8d26072ef8a91b623d677766deac7f97ca815868cd41bf5e?s=96&d=mm&r=g","width":96,"height":96,"caption":"El Digital de Asturias"}},{"@type":"WebPage","@id":"https:\/\/www.eldigitaldeasturias.com\/noticias\/reguladas-las-pruebas-de-la-evaluacion-final-de-la-eso-para-el-curso-2017-2018\/#webpage","url":"https:\/\/www.eldigitaldeasturias.com\/noticias\/reguladas-las-pruebas-de-la-evaluacion-final-de-la-eso-para-el-curso-2017-2018\/","name":"Reguladas las pruebas de la evaluaci\u00f3n final de la ESO para el curso 2017\/2018 - El Digital de Asturias","description":"El Bolet\u00edn Oficial del Estado ha publicado la orden anual del Ministerio de Educaci\u00f3n, Cultura y Deporte por la que se regulan las pruebas de la evaluaci\u00f3n final de la Educaci\u00f3n Secundaria Obligatoria (ESO) para el curso 2017-2018. El Real Decreto-Ley 5\/2016 ampli\u00f3 el plazo para la implantaci\u00f3n de los efectos de las nuevas evaluaciones","inLanguage":"es-ES","isPartOf":{"@id":"https:\/\/www.eldigitaldeasturias.com\/noticias\/#website"},"breadcrumb":{"@id":"https:\/\/www.eldigitaldeasturias.com\/noticias\/reguladas-las-pruebas-de-la-evaluacion-final-de-la-eso-para-el-curso-2017-2018\/#breadcrumblist"},"author":{"@id":"https:\/\/www.eldigitaldeasturias.com\/noticias\/author\/admin\/#author"},"creator":{"@id":"https:\/\/www.eldigitaldeasturias.com\/noticias\/author\/admin\/#author"},"image":{"@type":"ImageObject","url":967501,"@id":"https:\/\/www.eldigitaldeasturias.com\/noticias\/reguladas-las-pruebas-de-la-evaluacion-final-de-la-eso-para-el-curso-2017-2018\/#mainImage"},"primaryImageOfPage":{"@id":"https:\/\/www.eldigitaldeasturias.com\/noticias\/reguladas-las-pruebas-de-la-evaluacion-final-de-la-eso-para-el-curso-2017-2018\/#mainImage"},"datePublished":"2018-02-01T11:15:14+01:00","dateModified":"2018-02-01T11:15:14+01:00"},{"@type":"WebSite","@id":"https:\/\/www.eldigitaldeasturias.com\/noticias\/#website","url":"https:\/\/www.eldigitaldeasturias.com\/noticias\/","name":"El Digital de Asturias - Diario de actualidad y noticias","alternateName":"El Digital de Asturias - Diario de actualidad y noticias","description":"Hemeroteca","inLanguage":"es-ES","publisher":{"@id":"https:\/\/www.eldigitaldeasturias.com\/noticias\/#organization"}}]},"og:locale":"es_ES","og:site_name":"El Digital de Asturias","og:type":"article","og:title":"Reguladas las pruebas de la evaluaci\u00f3n final de la ESO para el curso 2017\/2018 - El Digital de Asturias","og:description":"El Bolet\u00edn Oficial del Estado ha publicado la orden anual del Ministerio de Educaci\u00f3n, Cultura y Deporte por la que se regulan las pruebas de la evaluaci\u00f3n final de la Educaci\u00f3n Secundaria Obligatoria (ESO) para el curso 2017-2018. El Real Decreto-Ley 5\/2016 ampli\u00f3 el plazo para la implantaci\u00f3n de los efectos de las nuevas evaluaciones","og:url":"https:\/\/www.eldigitaldeasturias.com\/noticias\/reguladas-las-pruebas-de-la-evaluacion-final-de-la-eso-para-el-curso-2017-2018\/","article:tag":["actualidad"],"article:published_time":"2018-02-01T11:15:14+00:00","article:modified_time":"2018-02-01T11:15:14+00:00","article:publisher":"https:\/\/facebook.com\/eldigitaldeasturias","twitter:card":"summary_large_image","twitter:title":"Reguladas las pruebas de la evaluaci\u00f3n final de la ESO para el curso 2017\/2018 - El Digital de Asturias","twitter:description":"El Bolet\u00edn Oficial del Estado ha publicado la orden anual del Ministerio de Educaci\u00f3n, Cultura y Deporte por la que se regulan las pruebas de la evaluaci\u00f3n final de la Educaci\u00f3n Secundaria Obligatoria (ESO) para el curso 2017-2018. El Real Decreto-Ley 5\/2016 ampli\u00f3 el plazo para la implantaci\u00f3n de los efectos de las nuevas evaluaciones","twitter:image":"https:\/\/www.eldigitaldeasturias.com\/noticias\/wp-content\/uploads\/2020\/12\/EDA-1.jpg","twitter:label1":"Escrito por","twitter:data1":"El Digital de Asturias","twitter:label2":"Tiempo de lectura estimado","twitter:data2":"3 minutos"},"aioseo_meta_data":{"post_id":"967500","title":null,"description":null,"keywords":null,"keyphrases":null,"primary_term":null,"canonical_url":null,"og_title":null,"og_description":null,"og_object_type":"default","og_image_type":"default","og_image_url":null,"og_image_width":null,"og_image_height":null,"og_image_custom_url":null,"og_image_custom_fields":null,"og_video":null,"og_custom_url":null,"og_article_section":null,"og_article_tags":null,"twitter_use_og":false,"twitter_card":"default","twitter_image_type":"default","twitter_image_url":null,"twitter_image_custom_url":null,"twitter_image_custom_fields":null,"twitter_title":null,"twitter_description":null,"schema":{"blockGraphs":[],"customGraphs":[],"default":{"data":{"Article":[],"Course":[],"Dataset":[],"FAQPage":[],"Movie":[],"Person":[],"Product":[],"ProductReview":[],"Car":[],"Recipe":[],"Service":[],"SoftwareApplication":[],"WebPage":[]},"graphName":"","isEnabled":true},"graphs":[],"defaultGraph":"","defaultPostTypeGraph":""},"schema_type":null,"schema_type_options":null,"pillar_content":false,"robots_default":true,"robots_noindex":false,"robots_noarchive":false,"robots_nosnippet":false,"robots_nofollow":false,"robots_noimageindex":false,"robots_noodp":false,"robots_notranslate":false,"robots_max_snippet":null,"robots_max_videopreview":null,"robots_max_imagepreview":"large","priority":null,"frequency":null,"local_seo":null,"seo_analyzer_scan_date":"2025-10-06 19:16:33","breadcrumb_settings":null,"limit_modified_date":false,"open_ai":null,"ai":null,"created":"2020-12-21 12:32:38","updated":"2025-10-06 19:16:33","focus_keyword":null,"additional_keywords":null,"truseo_locale":null},"aioseo_breadcrumb":"<div class=\"aioseo-breadcrumbs\"><span class=\"aioseo-breadcrumb\">\n\t<a href=\"https:\/\/www.eldigitaldeasturias.com\/noticias\" title=\"Home\">Home<\/a>\n<\/span><span class=\"aioseo-breadcrumb-separator\">\u2013<\/span><span class=\"aioseo-breadcrumb\">\n\t<a href=\"https:\/\/www.eldigitaldeasturias.com\/noticias\/category\/actualidad\/\" title=\"Actualidad\">Actualidad<\/a>\n<\/span><span class=\"aioseo-breadcrumb-separator\">\u2013<\/span><span class=\"aioseo-breadcrumb\">\n\t<a href=\"https:\/\/www.eldigitaldeasturias.com\/noticias\/reguladas-las-pruebas-de-la-evaluacion-final-de-la-eso-para-el-curso-2017-2018\/\" title=\"Reguladas las pruebas de la evaluaci\u00f3n final de la ESO para el curso 2017\/2018\">Reguladas las pruebas de la evaluaci\u00f3n final de la ESO para el curso 2017\/2018<\/a>\n<\/span><\/div>","aioseo_breadcrumb_json":[{"label":"Home","link":"https:\/\/www.eldigitaldeasturias.com\/noticias"},{"label":"Actualidad","link":"https:\/\/www.eldigitaldeasturias.com\/noticias\/category\/actualidad\/"},{"label":"Reguladas las pruebas de la evaluaci\u00f3n final de la ESO para el curso 2017\/2018","link":"https:\/\/www.eldigitaldeasturias.com\/noticias\/reguladas-las-pruebas-de-la-evaluacion-final-de-la-eso-para-el-curso-2017-2018\/"}],"_links":{"self":[{"href":"https:\/\/www.eldigitaldeasturias.com\/noticias\/wp-json\/wp\/v2\/posts\/967500","targetHints":{"allow":["GET"]}}],"collection":[{"href":"https:\/\/www.eldigitaldeasturias.com\/noticias\/wp-json\/wp\/v2\/posts"}],"about":[{"href":"https:\/\/www.eldigitaldeasturias.com\/noticias\/wp-json\/wp\/v2\/types\/post"}],"author":[{"embeddable":true,"href":"https:\/\/www.eldigitaldeasturias.com\/noticias\/wp-json\/wp\/v2\/users\/1"}],"replies":[{"embeddable":true,"href":"https:\/\/www.eldigitaldeasturias.com\/noticias\/wp-json\/wp\/v2\/comments?post=967500"}],"version-history":[{"count":0,"href":"https:\/\/www.eldigitaldeasturias.com\/noticias\/wp-json\/wp\/v2\/posts\/967500\/revisions"}],"wp:attachment":[{"href":"https:\/\/www.eldigitaldeasturias.com\/noticias\/wp-json\/wp\/v2\/media?parent=967500"}],"wp:term":[{"taxonomy":"category","embeddable":true,"href":"https:\/\/www.eldigitaldeasturias.com\/noticias\/wp-json\/wp\/v2\/categories?post=967500"},{"taxonomy":"post_tag","embeddable":true,"href":"https:\/\/www.eldigitaldeasturias.com\/noticias\/wp-json\/wp\/v2\/tags?post=967500"}],"curies":[{"name":"wp","href":"https:\/\/api.w.org\/{rel}","templated":true}]}}