{"id":967497,"date":"2018-02-01T11:13:21","date_gmt":"2018-02-01T11:13:21","guid":{"rendered":"http:\/\/www.eldigitaldeasturias.com\/noticias\/?p=967497"},"modified":"2018-02-01T11:13:21","modified_gmt":"2018-02-01T11:13:21","slug":"dolors-montserrat-destaca-la-importancia-de-la-declaracion-de-la-valeta","status":"publish","type":"post","link":"https:\/\/www.eldigitaldeasturias.com\/noticias\/dolors-montserrat-destaca-la-importancia-de-la-declaracion-de-la-valeta\/","title":{"rendered":"Dolors Montserrat destaca la importancia de la Declaraci\u00f3n de La Valeta"},"content":{"rendered":"<p><img loading=\"lazy\" decoding=\"async\" class=\"alignleft size-medium wp-image-967498\" src=\"https:\/\/www.eldigitaldeasturias.com\/noticias\/wp-content\/uploads\/2018\/02\/300118_lavaleta-360x239.jpg\" alt=\"\" width=\"360\" height=\"239\" \/>La ministra de Sanidad, Servicios Sociales e Igualdad, Dolors Montserrat, ha presidido la tercera reuni\u00f3n de la Declaraci\u00f3n de La Valeta, que se ha celebrado por primera vez en Espa\u00f1a y en la que se han abordado las pol\u00edticas de sostenibilidad sanitaria en el continente europeo. La ministra ha subrayado que \u00abEspa\u00f1a lidera en el sur de Europa un modelo para disminuir las desigualdades en el acceso a medicamentos\u00bb.<\/p>\n<p>Dolors Montserrat, en declaraciones a los medios de comunicaci\u00f3n, ha destacado la importancia de la Declaraci\u00f3n de La Valeta, a la que hoy se han sumado Eslovenia y Croacia. El objetivo de la reuni\u00f3n es establecer las bases comunes para \u00abevitar las desigualdades en el acceso, compartir experiencias de \u00e9xito y que el Sistema Nacional de Salud siga siendo un referente y un modelo a imitar por su eficiencia y calidad\u00bb.<\/p>\n<p>Asimismo, Dolors Montserrat ha puesto en valor que hoy est\u00e1n representados en el Ministerio 230 millones de europeos y que su salud es una prioridad para el Gobierno de Espa\u00f1a. \u00abEspa\u00f1a est\u00e1 comprometida con la sostenibilidad de los sistemas sanitarios y por eso esta tercera reuni\u00f3n se celebra en Espa\u00f1a\u00bb.<\/p>\n<p>Durante la reuni\u00f3n, la ministra ha puesto en valor el sistema de precios de referencia de los medicamentos de Espa\u00f1a, que prev\u00e9 un ahorro para este a\u00f1o de 88,7 millones de euros, de los que 10,32 repercutir\u00e1n directamente al ciudadano; o la compra centralizada de medicamentos que ha permitido entre 2012 y 2016 un ahorro de 48 millones de euros en medicamentos y productos sanitarios, y 103 millones de euros con la compra de vacunas.<\/p>\n<p><strong>Declaraci\u00f3n de La Valeta<\/strong><\/p>\n<p>El 8 de mayo de 2017 los ministros de Sanidad de Chipre, Grecia, Italia, Malta, Portugal y Espa\u00f1a, reunidos en La Valeta (Malta) firmaron la Declaraci\u00f3n de La Valeta, a la que se sumaron al d\u00eda siguiente los ministros de Irlanda y Ruman\u00eda. Acordaron la creaci\u00f3n de un Comit\u00e9 T\u00e9cnico para explorar posibles formas de colaboraci\u00f3n en relaci\u00f3n al intercambio de informaci\u00f3n e identificaci\u00f3n de Buenas pr\u00e1cticas, as\u00ed como explorar nuevos modelos de negociaci\u00f3n de precio, financiaci\u00f3n y compra conjunta de medicamentos. Este Comit\u00e9 t\u00e9cnico se ha reunido tres veces: en junio de 2017 se reuni\u00f3 en Chipre, en octubre de 2017 en Roma y hoy en Madrid.<\/p>\n<p>Los pa\u00edses que han firmado esta declaraci\u00f3n son Espa\u00f1a, Chipre, Portugal, Italia, Grecia, Malta, Ruman\u00eda, Irlanda y Eslovenia (se ha adherido hoy), adem\u00e1s de Croacia, que aunque no se ha adherido formalmente ha firmado una declaraci\u00f3n de intenciones y ha participado en la reuni\u00f3n. Francia tambi\u00e9n ha asistido como observador.<\/p>\n<p>En la reuni\u00f3n de hoy, adem\u00e1s del Comit\u00e9 T\u00e9cnico de la Valeta, han participado cuatro ministros de Sanidad y dos secretarios de Estado: Adalberto Campos Fernandes, ministro de Portugal; Andreas Xanthos, ministro de Grecia; Chris Fearne, ministro de Malta; Milojka Kolar Celarc, ministra de Eslovenia; Dan Octavian Alexandrescu, secretario de Estado de Ruman\u00eda; y Zeljko Plazonic, secretario de Estado de Croacia.<\/p>\n","protected":false},"excerpt":{"rendered":"<p>La ministra de Sanidad, Servicios Sociales e Igualdad, Dolors Montserrat, ha presidido la tercera reuni\u00f3n de la Declaraci\u00f3n de La Valeta, que se ha celebrado por primera vez en Espa\u00f1a y en la que se han abordado las pol\u00edticas de sostenibilidad sanitaria en el continente europeo. La ministra ha subrayado que \u00abEspa\u00f1a lidera en el [&hellip;]<\/p>\n","protected":false},"author":1,"featured_media":967498,"comment_status":"closed","ping_status":"closed","sticky":false,"template":"","format":"standard","meta":{"footnotes":""},"categories":[1],"tags":[],"class_list":["post-967497","post","type-post","status-publish","format-standard","has-post-thumbnail","hentry","category-actualidad"],"aioseo_notices":[],"aioseo_head":"\n\t\t<!-- All in One SEO Pro 5.0.1 - aioseo.com -->\n\t<meta name=\"description\" content=\"La ministra de Sanidad, Servicios Sociales e Igualdad, Dolors Montserrat, ha presidido la tercera reuni\u00f3n de la Declaraci\u00f3n de La Valeta, que se ha celebrado por primera vez en Espa\u00f1a y en la que se han abordado las pol\u00edticas de sostenibilidad sanitaria en el continente europeo. La ministra ha subrayado que &quot;Espa\u00f1a lidera en el\" \/>\n\t<meta name=\"robots\" content=\"max-image-preview:large\" \/>\n\t<meta name=\"author\" content=\"El Digital de Asturias\"\/>\n\t<meta name=\"google-site-verification\" content=\"UA-38556648-1\" \/>\n\t<meta name=\"msvalidate.01\" content=\"7dfe9f3f1b24437ab69f4f2559babe99\" \/>\n\t<meta name=\"keywords\" content=\"actualidad\" \/>\n\t<link rel=\"canonical\" href=\"https:\/\/www.eldigitaldeasturias.com\/noticias\/dolors-montserrat-destaca-la-importancia-de-la-declaracion-de-la-valeta\/\" \/>\n\t<meta name=\"generator\" content=\"All in One SEO Pro (AIOSEO) 5.0.1\" \/>\n\t\t<meta property=\"og:locale\" content=\"es_ES\" \/>\n\t\t<meta property=\"og:site_name\" content=\"El Digital de Asturias\" \/>\n\t\t<meta property=\"og:type\" content=\"article\" \/>\n\t\t<meta property=\"og:title\" content=\"Dolors Montserrat destaca la importancia de la Declaraci\u00f3n de La Valeta - El Digital de Asturias\" \/>\n\t\t<meta property=\"og:description\" content=\"La ministra de Sanidad, Servicios Sociales e Igualdad, Dolors Montserrat, ha presidido la tercera reuni\u00f3n de la Declaraci\u00f3n de La Valeta, que se ha celebrado por primera vez en Espa\u00f1a y en la que se han abordado las pol\u00edticas de sostenibilidad sanitaria en el continente europeo. La ministra ha subrayado que &quot;Espa\u00f1a lidera en el\" \/>\n\t\t<meta property=\"og:url\" content=\"https:\/\/www.eldigitaldeasturias.com\/noticias\/dolors-montserrat-destaca-la-importancia-de-la-declaracion-de-la-valeta\/\" \/>\n\t\t<meta property=\"article:tag\" content=\"actualidad\" \/>\n\t\t<meta property=\"article:published_time\" content=\"2018-02-01T11:13:21+00:00\" \/>\n\t\t<meta property=\"article:modified_time\" content=\"2018-02-01T11:13:21+00:00\" \/>\n\t\t<meta property=\"article:publisher\" content=\"https:\/\/facebook.com\/eldigitaldeasturias\" \/>\n\t\t<meta name=\"twitter:card\" content=\"summary_large_image\" \/>\n\t\t<meta name=\"twitter:title\" content=\"Dolors Montserrat destaca la importancia de la Declaraci\u00f3n de La Valeta - El Digital de Asturias\" \/>\n\t\t<meta name=\"twitter:description\" content=\"La ministra de Sanidad, Servicios Sociales e Igualdad, Dolors Montserrat, ha presidido la tercera reuni\u00f3n de la Declaraci\u00f3n de La Valeta, que se ha celebrado por primera vez en Espa\u00f1a y en la que se han abordado las pol\u00edticas de sostenibilidad sanitaria en el continente europeo. La ministra ha subrayado que &quot;Espa\u00f1a lidera en el\" \/>\n\t\t<meta name=\"twitter:image\" content=\"https:\/\/www.eldigitaldeasturias.com\/noticias\/wp-content\/uploads\/2020\/12\/EDA-1.jpg\" \/>\n\t\t<meta name=\"twitter:label1\" content=\"Escrito por\" \/>\n\t\t<meta name=\"twitter:data1\" content=\"El Digital de Asturias\" \/>\n\t\t<meta name=\"twitter:label2\" content=\"Tiempo de lectura estimado\" \/>\n\t\t<meta name=\"twitter:data2\" content=\"3 minutos\" \/>\n\t\t<script type=\"application\/ld+json\" class=\"aioseo-schema\">\n\t\t\t{\"@context\":\"https:\\\/\\\/schema.org\",\"@graph\":[{\"@type\":\"BlogPosting\",\"@id\":\"https:\\\/\\\/www.eldigitaldeasturias.com\\\/noticias\\\/dolors-montserrat-destaca-la-importancia-de-la-declaracion-de-la-valeta\\\/#blogposting\",\"name\":\"Dolors Montserrat destaca la importancia de la Declaraci\\u00f3n de La Valeta - El Digital de Asturias\",\"headline\":\"Dolors Montserrat destaca la importancia de la Declaraci\\u00f3n de La Valeta\",\"author\":{\"@id\":\"https:\\\/\\\/www.eldigitaldeasturias.com\\\/noticias\\\/author\\\/admin\\\/#author\"},\"publisher\":{\"@id\":\"https:\\\/\\\/www.eldigitaldeasturias.com\\\/noticias\\\/#organization\"},\"image\":{\"@type\":\"ImageObject\",\"url\":967498},\"datePublished\":\"2018-02-01T11:13:21+01:00\",\"dateModified\":\"2018-02-01T11:13:21+01:00\",\"inLanguage\":\"es-ES\",\"mainEntityOfPage\":{\"@id\":\"https:\\\/\\\/www.eldigitaldeasturias.com\\\/noticias\\\/dolors-montserrat-destaca-la-importancia-de-la-declaracion-de-la-valeta\\\/#webpage\"},\"isPartOf\":{\"@id\":\"https:\\\/\\\/www.eldigitaldeasturias.com\\\/noticias\\\/dolors-montserrat-destaca-la-importancia-de-la-declaracion-de-la-valeta\\\/#webpage\"},\"articleSection\":\"Actualidad\"},{\"@type\":\"BreadcrumbList\",\"@id\":\"https:\\\/\\\/www.eldigitaldeasturias.com\\\/noticias\\\/dolors-montserrat-destaca-la-importancia-de-la-declaracion-de-la-valeta\\\/#breadcrumblist\",\"itemListElement\":[{\"@type\":\"ListItem\",\"@id\":\"https:\\\/\\\/www.eldigitaldeasturias.com\\\/noticias#listItem\",\"position\":1,\"name\":\"Home\",\"item\":\"https:\\\/\\\/www.eldigitaldeasturias.com\\\/noticias\",\"nextItem\":{\"@type\":\"ListItem\",\"@id\":\"https:\\\/\\\/www.eldigitaldeasturias.com\\\/noticias\\\/category\\\/actualidad\\\/#listItem\",\"name\":\"Actualidad\"}},{\"@type\":\"ListItem\",\"@id\":\"https:\\\/\\\/www.eldigitaldeasturias.com\\\/noticias\\\/category\\\/actualidad\\\/#listItem\",\"position\":2,\"name\":\"Actualidad\",\"item\":\"https:\\\/\\\/www.eldigitaldeasturias.com\\\/noticias\\\/category\\\/actualidad\\\/\",\"nextItem\":{\"@type\":\"ListItem\",\"@id\":\"https:\\\/\\\/www.eldigitaldeasturias.com\\\/noticias\\\/dolors-montserrat-destaca-la-importancia-de-la-declaracion-de-la-valeta\\\/#listItem\",\"name\":\"Dolors Montserrat destaca la importancia de la Declaraci\\u00f3n de La Valeta\"},\"previousItem\":{\"@type\":\"ListItem\",\"@id\":\"https:\\\/\\\/www.eldigitaldeasturias.com\\\/noticias#listItem\",\"name\":\"Home\"}},{\"@type\":\"ListItem\",\"@id\":\"https:\\\/\\\/www.eldigitaldeasturias.com\\\/noticias\\\/dolors-montserrat-destaca-la-importancia-de-la-declaracion-de-la-valeta\\\/#listItem\",\"position\":3,\"name\":\"Dolors Montserrat destaca la importancia de la Declaraci\\u00f3n de La Valeta\",\"previousItem\":{\"@type\":\"ListItem\",\"@id\":\"https:\\\/\\\/www.eldigitaldeasturias.com\\\/noticias\\\/category\\\/actualidad\\\/#listItem\",\"name\":\"Actualidad\"}}]},{\"@type\":\"Organization\",\"@id\":\"https:\\\/\\\/www.eldigitaldeasturias.com\\\/noticias\\\/#organization\",\"name\":\"El Digital de Asturias\",\"description\":\"Hemeroteca\",\"url\":\"https:\\\/\\\/www.eldigitaldeasturias.com\\\/noticias\\\/\",\"email\":\"info@eldigitaldeasturias.com\",\"telephone\":\"+34652131393\",\"logo\":{\"@type\":\"ImageObject\",\"url\":\"https:\\\/\\\/www.eldigitaldeasturias.com\\\/noticias\\\/wp-content\\\/uploads\\\/2020\\\/12\\\/EDA.jpg\",\"@id\":\"https:\\\/\\\/www.eldigitaldeasturias.com\\\/noticias\\\/dolors-montserrat-destaca-la-importancia-de-la-declaracion-de-la-valeta\\\/#organizationLogo\"},\"image\":{\"@id\":\"https:\\\/\\\/www.eldigitaldeasturias.com\\\/noticias\\\/dolors-montserrat-destaca-la-importancia-de-la-declaracion-de-la-valeta\\\/#organizationLogo\"},\"sameAs\":[\"https:\\\/\\\/facebook.com\\\/eldigitaldeasturias\",\"https:\\\/\\\/www.youtube.com\\\/channel\\\/UCZP-2wLEB9Rv6erhFmqVnvg\"],\"address\":{\"@id\":\"https:\\\/\\\/www.eldigitaldeasturias.com\\\/noticias\\\/#postaladdress\",\"@type\":\"PostalAddress\",\"streetAddress\":\"san antonio 4\",\"postalCode\":\"33430\",\"addressLocality\":\"Cand\\u00e1s\",\"addressRegion\":\"Asturias\",\"addressCountry\":\"ES\"}},{\"@type\":\"Person\",\"@id\":\"https:\\\/\\\/www.eldigitaldeasturias.com\\\/noticias\\\/author\\\/admin\\\/#author\",\"url\":\"https:\\\/\\\/www.eldigitaldeasturias.com\\\/noticias\\\/author\\\/admin\\\/\",\"name\":\"El Digital de Asturias\",\"image\":{\"@type\":\"ImageObject\",\"@id\":\"https:\\\/\\\/www.eldigitaldeasturias.com\\\/noticias\\\/dolors-montserrat-destaca-la-importancia-de-la-declaracion-de-la-valeta\\\/#authorImage\",\"url\":\"https:\\\/\\\/secure.gravatar.com\\\/avatar\\\/df2aeffc32bcd13f8d26072ef8a91b623d677766deac7f97ca815868cd41bf5e?s=96&d=mm&r=g\",\"width\":96,\"height\":96,\"caption\":\"El Digital de Asturias\"}},{\"@type\":\"WebPage\",\"@id\":\"https:\\\/\\\/www.eldigitaldeasturias.com\\\/noticias\\\/dolors-montserrat-destaca-la-importancia-de-la-declaracion-de-la-valeta\\\/#webpage\",\"url\":\"https:\\\/\\\/www.eldigitaldeasturias.com\\\/noticias\\\/dolors-montserrat-destaca-la-importancia-de-la-declaracion-de-la-valeta\\\/\",\"name\":\"Dolors Montserrat destaca la importancia de la Declaraci\\u00f3n de La Valeta - El Digital de Asturias\",\"description\":\"La ministra de Sanidad, Servicios Sociales e Igualdad, Dolors Montserrat, ha presidido la tercera reuni\\u00f3n de la Declaraci\\u00f3n de La Valeta, que se ha celebrado por primera vez en Espa\\u00f1a y en la que se han abordado las pol\\u00edticas de sostenibilidad sanitaria en el continente europeo. La ministra ha subrayado que \\\"Espa\\u00f1a lidera en el\",\"inLanguage\":\"es-ES\",\"isPartOf\":{\"@id\":\"https:\\\/\\\/www.eldigitaldeasturias.com\\\/noticias\\\/#website\"},\"breadcrumb\":{\"@id\":\"https:\\\/\\\/www.eldigitaldeasturias.com\\\/noticias\\\/dolors-montserrat-destaca-la-importancia-de-la-declaracion-de-la-valeta\\\/#breadcrumblist\"},\"author\":{\"@id\":\"https:\\\/\\\/www.eldigitaldeasturias.com\\\/noticias\\\/author\\\/admin\\\/#author\"},\"creator\":{\"@id\":\"https:\\\/\\\/www.eldigitaldeasturias.com\\\/noticias\\\/author\\\/admin\\\/#author\"},\"image\":{\"@type\":\"ImageObject\",\"url\":967498,\"@id\":\"https:\\\/\\\/www.eldigitaldeasturias.com\\\/noticias\\\/dolors-montserrat-destaca-la-importancia-de-la-declaracion-de-la-valeta\\\/#mainImage\"},\"primaryImageOfPage\":{\"@id\":\"https:\\\/\\\/www.eldigitaldeasturias.com\\\/noticias\\\/dolors-montserrat-destaca-la-importancia-de-la-declaracion-de-la-valeta\\\/#mainImage\"},\"datePublished\":\"2018-02-01T11:13:21+01:00\",\"dateModified\":\"2018-02-01T11:13:21+01:00\"},{\"@type\":\"WebSite\",\"@id\":\"https:\\\/\\\/www.eldigitaldeasturias.com\\\/noticias\\\/#website\",\"url\":\"https:\\\/\\\/www.eldigitaldeasturias.com\\\/noticias\\\/\",\"name\":\"El Digital de Asturias - Diario de actualidad y noticias\",\"alternateName\":\"El Digital de Asturias - Diario de actualidad y noticias\",\"description\":\"Hemeroteca\",\"inLanguage\":\"es-ES\",\"publisher\":{\"@id\":\"https:\\\/\\\/www.eldigitaldeasturias.com\\\/noticias\\\/#organization\"}}]}\n\t\t<\/script>\n\t\t<!-- All in One SEO Pro -->\r\n\t\t<title>Dolors Montserrat destaca la importancia de la Declaraci\u00f3n de La Valeta - El Digital de Asturias<\/title>\n\n","aioseo_head_json":{"title":"Dolors Montserrat destaca la importancia de la Declaraci\u00f3n de La Valeta - El Digital de Asturias","description":"La ministra de Sanidad, Servicios Sociales e Igualdad, Dolors Montserrat, ha presidido la tercera reuni\u00f3n de la Declaraci\u00f3n de La Valeta, que se ha celebrado por primera vez en Espa\u00f1a y en la que se han abordado las pol\u00edticas de sostenibilidad sanitaria en el continente europeo. La ministra ha subrayado que \"Espa\u00f1a lidera en el","canonical_url":"https:\/\/www.eldigitaldeasturias.com\/noticias\/dolors-montserrat-destaca-la-importancia-de-la-declaracion-de-la-valeta\/","robots":"max-image-preview:large","keywords":"actualidad","webmasterTools":{"google-site-verification":"UA-38556648-1","msvalidate.01":"7dfe9f3f1b24437ab69f4f2559babe99","miscellaneous":""},"schema":{"@context":"https:\/\/schema.org","@graph":[{"@type":"BlogPosting","@id":"https:\/\/www.eldigitaldeasturias.com\/noticias\/dolors-montserrat-destaca-la-importancia-de-la-declaracion-de-la-valeta\/#blogposting","name":"Dolors Montserrat destaca la importancia de la Declaraci\u00f3n de La Valeta - El Digital de Asturias","headline":"Dolors Montserrat destaca la importancia de la Declaraci\u00f3n de La Valeta","author":{"@id":"https:\/\/www.eldigitaldeasturias.com\/noticias\/author\/admin\/#author"},"publisher":{"@id":"https:\/\/www.eldigitaldeasturias.com\/noticias\/#organization"},"image":{"@type":"ImageObject","url":967498},"datePublished":"2018-02-01T11:13:21+01:00","dateModified":"2018-02-01T11:13:21+01:00","inLanguage":"es-ES","mainEntityOfPage":{"@id":"https:\/\/www.eldigitaldeasturias.com\/noticias\/dolors-montserrat-destaca-la-importancia-de-la-declaracion-de-la-valeta\/#webpage"},"isPartOf":{"@id":"https:\/\/www.eldigitaldeasturias.com\/noticias\/dolors-montserrat-destaca-la-importancia-de-la-declaracion-de-la-valeta\/#webpage"},"articleSection":"Actualidad"},{"@type":"BreadcrumbList","@id":"https:\/\/www.eldigitaldeasturias.com\/noticias\/dolors-montserrat-destaca-la-importancia-de-la-declaracion-de-la-valeta\/#breadcrumblist","itemListElement":[{"@type":"ListItem","@id":"https:\/\/www.eldigitaldeasturias.com\/noticias#listItem","position":1,"name":"Home","item":"https:\/\/www.eldigitaldeasturias.com\/noticias","nextItem":{"@type":"ListItem","@id":"https:\/\/www.eldigitaldeasturias.com\/noticias\/category\/actualidad\/#listItem","name":"Actualidad"}},{"@type":"ListItem","@id":"https:\/\/www.eldigitaldeasturias.com\/noticias\/category\/actualidad\/#listItem","position":2,"name":"Actualidad","item":"https:\/\/www.eldigitaldeasturias.com\/noticias\/category\/actualidad\/","nextItem":{"@type":"ListItem","@id":"https:\/\/www.eldigitaldeasturias.com\/noticias\/dolors-montserrat-destaca-la-importancia-de-la-declaracion-de-la-valeta\/#listItem","name":"Dolors Montserrat destaca la importancia de la Declaraci\u00f3n de La Valeta"},"previousItem":{"@type":"ListItem","@id":"https:\/\/www.eldigitaldeasturias.com\/noticias#listItem","name":"Home"}},{"@type":"ListItem","@id":"https:\/\/www.eldigitaldeasturias.com\/noticias\/dolors-montserrat-destaca-la-importancia-de-la-declaracion-de-la-valeta\/#listItem","position":3,"name":"Dolors Montserrat destaca la importancia de la Declaraci\u00f3n de La Valeta","previousItem":{"@type":"ListItem","@id":"https:\/\/www.eldigitaldeasturias.com\/noticias\/category\/actualidad\/#listItem","name":"Actualidad"}}]},{"@type":"Organization","@id":"https:\/\/www.eldigitaldeasturias.com\/noticias\/#organization","name":"El Digital de Asturias","description":"Hemeroteca","url":"https:\/\/www.eldigitaldeasturias.com\/noticias\/","email":"info@eldigitaldeasturias.com","telephone":"+34652131393","logo":{"@type":"ImageObject","url":"https:\/\/www.eldigitaldeasturias.com\/noticias\/wp-content\/uploads\/2020\/12\/EDA.jpg","@id":"https:\/\/www.eldigitaldeasturias.com\/noticias\/dolors-montserrat-destaca-la-importancia-de-la-declaracion-de-la-valeta\/#organizationLogo"},"image":{"@id":"https:\/\/www.eldigitaldeasturias.com\/noticias\/dolors-montserrat-destaca-la-importancia-de-la-declaracion-de-la-valeta\/#organizationLogo"},"sameAs":["https:\/\/facebook.com\/eldigitaldeasturias","https:\/\/www.youtube.com\/channel\/UCZP-2wLEB9Rv6erhFmqVnvg"],"address":{"@id":"https:\/\/www.eldigitaldeasturias.com\/noticias\/#postaladdress","@type":"PostalAddress","streetAddress":"san antonio 4","postalCode":"33430","addressLocality":"Cand\u00e1s","addressRegion":"Asturias","addressCountry":"ES"}},{"@type":"Person","@id":"https:\/\/www.eldigitaldeasturias.com\/noticias\/author\/admin\/#author","url":"https:\/\/www.eldigitaldeasturias.com\/noticias\/author\/admin\/","name":"El Digital de Asturias","image":{"@type":"ImageObject","@id":"https:\/\/www.eldigitaldeasturias.com\/noticias\/dolors-montserrat-destaca-la-importancia-de-la-declaracion-de-la-valeta\/#authorImage","url":"https:\/\/secure.gravatar.com\/avatar\/df2aeffc32bcd13f8d26072ef8a91b623d677766deac7f97ca815868cd41bf5e?s=96&d=mm&r=g","width":96,"height":96,"caption":"El Digital de Asturias"}},{"@type":"WebPage","@id":"https:\/\/www.eldigitaldeasturias.com\/noticias\/dolors-montserrat-destaca-la-importancia-de-la-declaracion-de-la-valeta\/#webpage","url":"https:\/\/www.eldigitaldeasturias.com\/noticias\/dolors-montserrat-destaca-la-importancia-de-la-declaracion-de-la-valeta\/","name":"Dolors Montserrat destaca la importancia de la Declaraci\u00f3n de La Valeta - El Digital de Asturias","description":"La ministra de Sanidad, Servicios Sociales e Igualdad, Dolors Montserrat, ha presidido la tercera reuni\u00f3n de la Declaraci\u00f3n de La Valeta, que se ha celebrado por primera vez en Espa\u00f1a y en la que se han abordado las pol\u00edticas de sostenibilidad sanitaria en el continente europeo. La ministra ha subrayado que \"Espa\u00f1a lidera en el","inLanguage":"es-ES","isPartOf":{"@id":"https:\/\/www.eldigitaldeasturias.com\/noticias\/#website"},"breadcrumb":{"@id":"https:\/\/www.eldigitaldeasturias.com\/noticias\/dolors-montserrat-destaca-la-importancia-de-la-declaracion-de-la-valeta\/#breadcrumblist"},"author":{"@id":"https:\/\/www.eldigitaldeasturias.com\/noticias\/author\/admin\/#author"},"creator":{"@id":"https:\/\/www.eldigitaldeasturias.com\/noticias\/author\/admin\/#author"},"image":{"@type":"ImageObject","url":967498,"@id":"https:\/\/www.eldigitaldeasturias.com\/noticias\/dolors-montserrat-destaca-la-importancia-de-la-declaracion-de-la-valeta\/#mainImage"},"primaryImageOfPage":{"@id":"https:\/\/www.eldigitaldeasturias.com\/noticias\/dolors-montserrat-destaca-la-importancia-de-la-declaracion-de-la-valeta\/#mainImage"},"datePublished":"2018-02-01T11:13:21+01:00","dateModified":"2018-02-01T11:13:21+01:00"},{"@type":"WebSite","@id":"https:\/\/www.eldigitaldeasturias.com\/noticias\/#website","url":"https:\/\/www.eldigitaldeasturias.com\/noticias\/","name":"El Digital de Asturias - Diario de actualidad y noticias","alternateName":"El Digital de Asturias - Diario de actualidad y noticias","description":"Hemeroteca","inLanguage":"es-ES","publisher":{"@id":"https:\/\/www.eldigitaldeasturias.com\/noticias\/#organization"}}]},"og:locale":"es_ES","og:site_name":"El Digital de Asturias","og:type":"article","og:title":"Dolors Montserrat destaca la importancia de la Declaraci\u00f3n de La Valeta - El Digital de Asturias","og:description":"La ministra de Sanidad, Servicios Sociales e Igualdad, Dolors Montserrat, ha presidido la tercera reuni\u00f3n de la Declaraci\u00f3n de La Valeta, que se ha celebrado por primera vez en Espa\u00f1a y en la que se han abordado las pol\u00edticas de sostenibilidad sanitaria en el continente europeo. La ministra ha subrayado que &quot;Espa\u00f1a lidera en el","og:url":"https:\/\/www.eldigitaldeasturias.com\/noticias\/dolors-montserrat-destaca-la-importancia-de-la-declaracion-de-la-valeta\/","article:tag":["actualidad"],"article:published_time":"2018-02-01T11:13:21+00:00","article:modified_time":"2018-02-01T11:13:21+00:00","article:publisher":"https:\/\/facebook.com\/eldigitaldeasturias","twitter:card":"summary_large_image","twitter:title":"Dolors Montserrat destaca la importancia de la Declaraci\u00f3n de La Valeta - El Digital de Asturias","twitter:description":"La ministra de Sanidad, Servicios Sociales e Igualdad, Dolors Montserrat, ha presidido la tercera reuni\u00f3n de la Declaraci\u00f3n de La Valeta, que se ha celebrado por primera vez en Espa\u00f1a y en la que se han abordado las pol\u00edticas de sostenibilidad sanitaria en el continente europeo. La ministra ha subrayado que &quot;Espa\u00f1a lidera en el","twitter:image":"https:\/\/www.eldigitaldeasturias.com\/noticias\/wp-content\/uploads\/2020\/12\/EDA-1.jpg","twitter:label1":"Escrito por","twitter:data1":"El Digital de Asturias","twitter:label2":"Tiempo de lectura estimado","twitter:data2":"3 minutos"},"aioseo_meta_data":{"post_id":"967497","title":null,"description":null,"keywords":null,"keyphrases":null,"primary_term":null,"canonical_url":null,"og_title":null,"og_description":null,"og_object_type":"default","og_image_type":"default","og_image_url":null,"og_image_width":null,"og_image_height":null,"og_image_custom_url":null,"og_image_custom_fields":null,"og_video":null,"og_custom_url":null,"og_article_section":null,"og_article_tags":null,"twitter_use_og":false,"twitter_card":"default","twitter_image_type":"default","twitter_image_url":null,"twitter_image_custom_url":null,"twitter_image_custom_fields":null,"twitter_title":null,"twitter_description":null,"schema":{"blockGraphs":[],"customGraphs":[],"default":{"data":{"Article":[],"Course":[],"Dataset":[],"FAQPage":[],"Movie":[],"Person":[],"Product":[],"ProductReview":[],"Car":[],"Recipe":[],"Service":[],"SoftwareApplication":[],"WebPage":[]},"graphName":"","isEnabled":true},"graphs":[],"defaultGraph":"","defaultPostTypeGraph":""},"schema_type":null,"schema_type_options":null,"pillar_content":false,"robots_default":true,"robots_noindex":false,"robots_noarchive":false,"robots_nosnippet":false,"robots_nofollow":false,"robots_noimageindex":false,"robots_noodp":false,"robots_notranslate":false,"robots_max_snippet":null,"robots_max_videopreview":null,"robots_max_imagepreview":"large","priority":null,"frequency":null,"local_seo":null,"seo_analyzer_scan_date":"2025-10-06 19:16:33","breadcrumb_settings":null,"limit_modified_date":false,"open_ai":null,"ai":null,"created":"2020-12-21 12:32:38","updated":"2025-10-06 19:16:33","focus_keyword":null,"additional_keywords":null,"truseo_locale":null},"aioseo_breadcrumb":"<div class=\"aioseo-breadcrumbs\"><span class=\"aioseo-breadcrumb\">\n\t<a href=\"https:\/\/www.eldigitaldeasturias.com\/noticias\" title=\"Home\">Home<\/a>\n<\/span><span class=\"aioseo-breadcrumb-separator\">\u2013<\/span><span class=\"aioseo-breadcrumb\">\n\t<a href=\"https:\/\/www.eldigitaldeasturias.com\/noticias\/category\/actualidad\/\" title=\"Actualidad\">Actualidad<\/a>\n<\/span><span class=\"aioseo-breadcrumb-separator\">\u2013<\/span><span class=\"aioseo-breadcrumb\">\n\t<a href=\"https:\/\/www.eldigitaldeasturias.com\/noticias\/dolors-montserrat-destaca-la-importancia-de-la-declaracion-de-la-valeta\/\" title=\"Dolors Montserrat destaca la importancia de la Declaraci\u00f3n de La Valeta\">Dolors Montserrat destaca la importancia de la Declaraci\u00f3n de La Valeta<\/a>\n<\/span><\/div>","aioseo_breadcrumb_json":[{"label":"Home","link":"https:\/\/www.eldigitaldeasturias.com\/noticias"},{"label":"Actualidad","link":"https:\/\/www.eldigitaldeasturias.com\/noticias\/category\/actualidad\/"},{"label":"Dolors Montserrat destaca la importancia de la Declaraci\u00f3n de La Valeta","link":"https:\/\/www.eldigitaldeasturias.com\/noticias\/dolors-montserrat-destaca-la-importancia-de-la-declaracion-de-la-valeta\/"}],"_links":{"self":[{"href":"https:\/\/www.eldigitaldeasturias.com\/noticias\/wp-json\/wp\/v2\/posts\/967497","targetHints":{"allow":["GET"]}}],"collection":[{"href":"https:\/\/www.eldigitaldeasturias.com\/noticias\/wp-json\/wp\/v2\/posts"}],"about":[{"href":"https:\/\/www.eldigitaldeasturias.com\/noticias\/wp-json\/wp\/v2\/types\/post"}],"author":[{"embeddable":true,"href":"https:\/\/www.eldigitaldeasturias.com\/noticias\/wp-json\/wp\/v2\/users\/1"}],"replies":[{"embeddable":true,"href":"https:\/\/www.eldigitaldeasturias.com\/noticias\/wp-json\/wp\/v2\/comments?post=967497"}],"version-history":[{"count":0,"href":"https:\/\/www.eldigitaldeasturias.com\/noticias\/wp-json\/wp\/v2\/posts\/967497\/revisions"}],"wp:attachment":[{"href":"https:\/\/www.eldigitaldeasturias.com\/noticias\/wp-json\/wp\/v2\/media?parent=967497"}],"wp:term":[{"taxonomy":"category","embeddable":true,"href":"https:\/\/www.eldigitaldeasturias.com\/noticias\/wp-json\/wp\/v2\/categories?post=967497"},{"taxonomy":"post_tag","embeddable":true,"href":"https:\/\/www.eldigitaldeasturias.com\/noticias\/wp-json\/wp\/v2\/tags?post=967497"}],"curies":[{"name":"wp","href":"https:\/\/api.w.org\/{rel}","templated":true}]}}