{"id":967494,"date":"2018-02-01T11:07:54","date_gmt":"2018-02-01T11:07:54","guid":{"rendered":"http:\/\/www.eldigitaldeasturias.com\/noticias\/?p=967494"},"modified":"2018-02-01T11:07:54","modified_gmt":"2018-02-01T11:07:54","slug":"fatima-banez-apela-al-dialogo-social-para-reducir-la-brecha-salarial","status":"publish","type":"post","link":"https:\/\/www.eldigitaldeasturias.com\/noticias\/fatima-banez-apela-al-dialogo-social-para-reducir-la-brecha-salarial\/","title":{"rendered":"F\u00e1tima B\u00e1\u00f1ez apela al di\u00e1logo social para reducir la brecha salarial"},"content":{"rendered":"<p><img loading=\"lazy\" decoding=\"async\" class=\"alignleft size-medium wp-image-967495\" src=\"https:\/\/www.eldigitaldeasturias.com\/noticias\/wp-content\/uploads\/2018\/02\/301117-banez-360x239.jpg\" alt=\"\" width=\"360\" height=\"239\" \/>La ministra de Empleo y Seguridad Social, F\u00e1tima B\u00e1\u00f1ez, ha apelado a la necesidad de seguir trabajando en las mesas de di\u00e1logo social y ha anunciado que, tal y como estaba previsto, el pr\u00f3ximo viernes se analizar\u00e1 en el marco del di\u00e1logo social -en la mesa por la calidad en el empleo- el establecimiento de medidas de refuerzo de la transparencia retributiva para seguir reduciendo la brecha salarial de g\u00e9nero.<\/p>\n<p>\u200bLa ministra, que hoy ha participado en la Jornada de presentaci\u00f3n del Di\u00e1logo Social en Castilla y Le\u00f3n, que ha tenido lugar en la sede del Consejo Econ\u00f3mico y Social, ha recordado que el Gobierno propuso el pasado 14 de noviembre a los interlocutores sociales modificaciones del Estatuto de los Trabajadores y de la Ley de Igualdad para aumentar la transparencia y reducir la brecha salarial.<\/p>\n<p>Entre otras medidas, el Gobierno propuso incorporar la obligaci\u00f3n de ofrecer a los trabajadores y sus representantes informaci\u00f3n desagregada en funci\u00f3n del g\u00e9nero, establecer la obligaci\u00f3n de realizar auditor\u00edas salariales en las empresas de m\u00e1s de 250 trabajadores y ampliar la obligaci\u00f3n de inscripci\u00f3n y dep\u00f3sito de los planes de igualdad.<\/p>\n<p>Para la responsable de Empleo, el di\u00e1logo social es un instrumento imprescindible para avanzar en la pol\u00edtica social y para mejorar la productividad y competitividad de la econom\u00eda. \u00abAdem\u00e1s -ha a\u00f1adido-, al di\u00e1logo social le debemos en gran parte estos cuarenta a\u00f1os de historia democr\u00e1tica. Ha sido una herramienta clave con la que escribir pacto a pacto una legislaci\u00f3n que se ha ido adaptando a nuestra realidad econ\u00f3mica y social\u00bb.<\/p>\n<p>Fruto de la concertaci\u00f3n y el di\u00e1logo social, ha recordado la ministra, han sido los Pactos de la Moncloa, el Pacto de Toledo y los Acuerdos Nacionales para la Negociaci\u00f3n Colectiva.<\/p>\n<p>B\u00e1\u00f1ez ha insistido en la relevancia del di\u00e1logo social y en sus objetivos: la protecci\u00f3n y activaci\u00f3n de desempleados; la participaci\u00f3n de la negociaci\u00f3n colectiva en la definici\u00f3n de las necesidades formativas de los trabajadores; y el establecimiento de medidas para reducir la temporalidad injustificada.<\/p>\n<p>Se trata, seg\u00fan ha precisado, de que Espa\u00f1a siga avanzando en la direcci\u00f3n adecuada, \u00aby ya se han creado m\u00e1s de dos millones de empleos desde 2014 y hemos recuperado todo el empleo indefinido que hab\u00eda antes de la crisis\u00bb.<\/p>\n<p>La titular de Empleo ha reconocido la contribuci\u00f3n al Di\u00e1logo Social de las medidas acordadas en la Junta de Castilla y Le\u00f3n.<\/p>\n<p>B\u00e1\u00f1ez ha insistido en la importancia de trabajar juntos, no s\u00f3lo para consolidar la recuperaci\u00f3n, sino tambi\u00e9n para acompa\u00f1ar a los trabajadores en las trasformaciones del presente y futuro del trabajo.<\/p>\n<p>\u00abPara ello, ha afirmado, impulsamos en marzo de 2017, de la mano de la OIT, la Conferencia Nacional Tripartita sobre el futuro del trabajo que queremos, que ser\u00e1 replicada por primera vez a nivel auton\u00f3mico el pr\u00f3ximo 13 de marzo precisamente en Castilla y Le\u00f3n, a iniciativa de la Junta\u00bb.<\/p>\n","protected":false},"excerpt":{"rendered":"<p>La ministra de Empleo y Seguridad Social, F\u00e1tima B\u00e1\u00f1ez, ha apelado a la necesidad de seguir trabajando en las mesas de di\u00e1logo social y ha anunciado que, tal y como estaba previsto, el pr\u00f3ximo viernes se analizar\u00e1 en el marco del di\u00e1logo social -en la mesa por la calidad en el empleo- el establecimiento de [&hellip;]<\/p>\n","protected":false},"author":1,"featured_media":967495,"comment_status":"closed","ping_status":"closed","sticky":false,"template":"","format":"standard","meta":{"footnotes":""},"categories":[1],"tags":[],"class_list":["post-967494","post","type-post","status-publish","format-standard","has-post-thumbnail","hentry","category-actualidad"],"aioseo_notices":[],"aioseo_head":"\n\t\t<!-- All in One SEO Pro 5.0.1 - aioseo.com -->\n\t<meta name=\"description\" content=\"La ministra de Empleo y Seguridad Social, F\u00e1tima B\u00e1\u00f1ez, ha apelado a la necesidad de seguir trabajando en las mesas de di\u00e1logo social y ha anunciado que, tal y como estaba previsto, el pr\u00f3ximo viernes se analizar\u00e1 en el marco del di\u00e1logo social -en la mesa por la calidad en el empleo- el establecimiento de\" \/>\n\t<meta name=\"robots\" content=\"max-image-preview:large\" \/>\n\t<meta name=\"author\" content=\"El Digital de Asturias\"\/>\n\t<meta name=\"google-site-verification\" content=\"UA-38556648-1\" \/>\n\t<meta name=\"msvalidate.01\" content=\"7dfe9f3f1b24437ab69f4f2559babe99\" \/>\n\t<meta name=\"keywords\" content=\"actualidad\" \/>\n\t<link rel=\"canonical\" href=\"https:\/\/www.eldigitaldeasturias.com\/noticias\/fatima-banez-apela-al-dialogo-social-para-reducir-la-brecha-salarial\/\" \/>\n\t<meta name=\"generator\" content=\"All in One SEO Pro (AIOSEO) 5.0.1\" \/>\n\t\t<meta property=\"og:locale\" content=\"es_ES\" \/>\n\t\t<meta property=\"og:site_name\" content=\"El Digital de Asturias\" \/>\n\t\t<meta property=\"og:type\" content=\"article\" \/>\n\t\t<meta property=\"og:title\" content=\"F\u00e1tima B\u00e1\u00f1ez apela al di\u00e1logo social para reducir la brecha salarial - El Digital de Asturias\" \/>\n\t\t<meta property=\"og:description\" content=\"La ministra de Empleo y Seguridad Social, F\u00e1tima B\u00e1\u00f1ez, ha apelado a la necesidad de seguir trabajando en las mesas de di\u00e1logo social y ha anunciado que, tal y como estaba previsto, el pr\u00f3ximo viernes se analizar\u00e1 en el marco del di\u00e1logo social -en la mesa por la calidad en el empleo- el establecimiento de\" \/>\n\t\t<meta property=\"og:url\" content=\"https:\/\/www.eldigitaldeasturias.com\/noticias\/fatima-banez-apela-al-dialogo-social-para-reducir-la-brecha-salarial\/\" \/>\n\t\t<meta property=\"article:tag\" content=\"actualidad\" \/>\n\t\t<meta property=\"article:published_time\" content=\"2018-02-01T11:07:54+00:00\" \/>\n\t\t<meta property=\"article:modified_time\" content=\"2018-02-01T11:07:54+00:00\" \/>\n\t\t<meta property=\"article:publisher\" content=\"https:\/\/facebook.com\/eldigitaldeasturias\" \/>\n\t\t<meta name=\"twitter:card\" content=\"summary_large_image\" \/>\n\t\t<meta name=\"twitter:title\" content=\"F\u00e1tima B\u00e1\u00f1ez apela al di\u00e1logo social para reducir la brecha salarial - El Digital de Asturias\" \/>\n\t\t<meta name=\"twitter:description\" content=\"La ministra de Empleo y Seguridad Social, F\u00e1tima B\u00e1\u00f1ez, ha apelado a la necesidad de seguir trabajando en las mesas de di\u00e1logo social y ha anunciado que, tal y como estaba previsto, el pr\u00f3ximo viernes se analizar\u00e1 en el marco del di\u00e1logo social -en la mesa por la calidad en el empleo- el establecimiento de\" \/>\n\t\t<meta name=\"twitter:image\" content=\"https:\/\/www.eldigitaldeasturias.com\/noticias\/wp-content\/uploads\/2020\/12\/EDA-1.jpg\" \/>\n\t\t<meta name=\"twitter:label1\" content=\"Escrito por\" \/>\n\t\t<meta name=\"twitter:data1\" content=\"El Digital de Asturias\" \/>\n\t\t<meta name=\"twitter:label2\" content=\"Tiempo de lectura estimado\" \/>\n\t\t<meta name=\"twitter:data2\" content=\"3 minutos\" \/>\n\t\t<script type=\"application\/ld+json\" class=\"aioseo-schema\">\n\t\t\t{\"@context\":\"https:\\\/\\\/schema.org\",\"@graph\":[{\"@type\":\"BlogPosting\",\"@id\":\"https:\\\/\\\/www.eldigitaldeasturias.com\\\/noticias\\\/fatima-banez-apela-al-dialogo-social-para-reducir-la-brecha-salarial\\\/#blogposting\",\"name\":\"F\\u00e1tima B\\u00e1\\u00f1ez apela al di\\u00e1logo social para reducir la brecha salarial - El Digital de Asturias\",\"headline\":\"F\\u00e1tima B\\u00e1\\u00f1ez apela al di\\u00e1logo social para reducir la brecha salarial\",\"author\":{\"@id\":\"https:\\\/\\\/www.eldigitaldeasturias.com\\\/noticias\\\/author\\\/admin\\\/#author\"},\"publisher\":{\"@id\":\"https:\\\/\\\/www.eldigitaldeasturias.com\\\/noticias\\\/#organization\"},\"image\":{\"@type\":\"ImageObject\",\"url\":967495},\"datePublished\":\"2018-02-01T11:07:54+01:00\",\"dateModified\":\"2018-02-01T11:07:54+01:00\",\"inLanguage\":\"es-ES\",\"mainEntityOfPage\":{\"@id\":\"https:\\\/\\\/www.eldigitaldeasturias.com\\\/noticias\\\/fatima-banez-apela-al-dialogo-social-para-reducir-la-brecha-salarial\\\/#webpage\"},\"isPartOf\":{\"@id\":\"https:\\\/\\\/www.eldigitaldeasturias.com\\\/noticias\\\/fatima-banez-apela-al-dialogo-social-para-reducir-la-brecha-salarial\\\/#webpage\"},\"articleSection\":\"Actualidad\"},{\"@type\":\"BreadcrumbList\",\"@id\":\"https:\\\/\\\/www.eldigitaldeasturias.com\\\/noticias\\\/fatima-banez-apela-al-dialogo-social-para-reducir-la-brecha-salarial\\\/#breadcrumblist\",\"itemListElement\":[{\"@type\":\"ListItem\",\"@id\":\"https:\\\/\\\/www.eldigitaldeasturias.com\\\/noticias#listItem\",\"position\":1,\"name\":\"Home\",\"item\":\"https:\\\/\\\/www.eldigitaldeasturias.com\\\/noticias\",\"nextItem\":{\"@type\":\"ListItem\",\"@id\":\"https:\\\/\\\/www.eldigitaldeasturias.com\\\/noticias\\\/category\\\/actualidad\\\/#listItem\",\"name\":\"Actualidad\"}},{\"@type\":\"ListItem\",\"@id\":\"https:\\\/\\\/www.eldigitaldeasturias.com\\\/noticias\\\/category\\\/actualidad\\\/#listItem\",\"position\":2,\"name\":\"Actualidad\",\"item\":\"https:\\\/\\\/www.eldigitaldeasturias.com\\\/noticias\\\/category\\\/actualidad\\\/\",\"nextItem\":{\"@type\":\"ListItem\",\"@id\":\"https:\\\/\\\/www.eldigitaldeasturias.com\\\/noticias\\\/fatima-banez-apela-al-dialogo-social-para-reducir-la-brecha-salarial\\\/#listItem\",\"name\":\"F\\u00e1tima B\\u00e1\\u00f1ez apela al di\\u00e1logo social para reducir la brecha salarial\"},\"previousItem\":{\"@type\":\"ListItem\",\"@id\":\"https:\\\/\\\/www.eldigitaldeasturias.com\\\/noticias#listItem\",\"name\":\"Home\"}},{\"@type\":\"ListItem\",\"@id\":\"https:\\\/\\\/www.eldigitaldeasturias.com\\\/noticias\\\/fatima-banez-apela-al-dialogo-social-para-reducir-la-brecha-salarial\\\/#listItem\",\"position\":3,\"name\":\"F\\u00e1tima B\\u00e1\\u00f1ez apela al di\\u00e1logo social para reducir la brecha salarial\",\"previousItem\":{\"@type\":\"ListItem\",\"@id\":\"https:\\\/\\\/www.eldigitaldeasturias.com\\\/noticias\\\/category\\\/actualidad\\\/#listItem\",\"name\":\"Actualidad\"}}]},{\"@type\":\"Organization\",\"@id\":\"https:\\\/\\\/www.eldigitaldeasturias.com\\\/noticias\\\/#organization\",\"name\":\"El Digital de Asturias\",\"description\":\"Hemeroteca\",\"url\":\"https:\\\/\\\/www.eldigitaldeasturias.com\\\/noticias\\\/\",\"email\":\"info@eldigitaldeasturias.com\",\"telephone\":\"+34652131393\",\"logo\":{\"@type\":\"ImageObject\",\"url\":\"https:\\\/\\\/www.eldigitaldeasturias.com\\\/noticias\\\/wp-content\\\/uploads\\\/2020\\\/12\\\/EDA.jpg\",\"@id\":\"https:\\\/\\\/www.eldigitaldeasturias.com\\\/noticias\\\/fatima-banez-apela-al-dialogo-social-para-reducir-la-brecha-salarial\\\/#organizationLogo\"},\"image\":{\"@id\":\"https:\\\/\\\/www.eldigitaldeasturias.com\\\/noticias\\\/fatima-banez-apela-al-dialogo-social-para-reducir-la-brecha-salarial\\\/#organizationLogo\"},\"sameAs\":[\"https:\\\/\\\/facebook.com\\\/eldigitaldeasturias\",\"https:\\\/\\\/www.youtube.com\\\/channel\\\/UCZP-2wLEB9Rv6erhFmqVnvg\"],\"address\":{\"@id\":\"https:\\\/\\\/www.eldigitaldeasturias.com\\\/noticias\\\/#postaladdress\",\"@type\":\"PostalAddress\",\"streetAddress\":\"san antonio 4\",\"postalCode\":\"33430\",\"addressLocality\":\"Cand\\u00e1s\",\"addressRegion\":\"Asturias\",\"addressCountry\":\"ES\"}},{\"@type\":\"Person\",\"@id\":\"https:\\\/\\\/www.eldigitaldeasturias.com\\\/noticias\\\/author\\\/admin\\\/#author\",\"url\":\"https:\\\/\\\/www.eldigitaldeasturias.com\\\/noticias\\\/author\\\/admin\\\/\",\"name\":\"El Digital de Asturias\",\"image\":{\"@type\":\"ImageObject\",\"@id\":\"https:\\\/\\\/www.eldigitaldeasturias.com\\\/noticias\\\/fatima-banez-apela-al-dialogo-social-para-reducir-la-brecha-salarial\\\/#authorImage\",\"url\":\"https:\\\/\\\/secure.gravatar.com\\\/avatar\\\/df2aeffc32bcd13f8d26072ef8a91b623d677766deac7f97ca815868cd41bf5e?s=96&d=mm&r=g\",\"width\":96,\"height\":96,\"caption\":\"El Digital de Asturias\"}},{\"@type\":\"WebPage\",\"@id\":\"https:\\\/\\\/www.eldigitaldeasturias.com\\\/noticias\\\/fatima-banez-apela-al-dialogo-social-para-reducir-la-brecha-salarial\\\/#webpage\",\"url\":\"https:\\\/\\\/www.eldigitaldeasturias.com\\\/noticias\\\/fatima-banez-apela-al-dialogo-social-para-reducir-la-brecha-salarial\\\/\",\"name\":\"F\\u00e1tima B\\u00e1\\u00f1ez apela al di\\u00e1logo social para reducir la brecha salarial - El Digital de Asturias\",\"description\":\"La ministra de Empleo y Seguridad Social, F\\u00e1tima B\\u00e1\\u00f1ez, ha apelado a la necesidad de seguir trabajando en las mesas de di\\u00e1logo social y ha anunciado que, tal y como estaba previsto, el pr\\u00f3ximo viernes se analizar\\u00e1 en el marco del di\\u00e1logo social -en la mesa por la calidad en el empleo- el establecimiento de\",\"inLanguage\":\"es-ES\",\"isPartOf\":{\"@id\":\"https:\\\/\\\/www.eldigitaldeasturias.com\\\/noticias\\\/#website\"},\"breadcrumb\":{\"@id\":\"https:\\\/\\\/www.eldigitaldeasturias.com\\\/noticias\\\/fatima-banez-apela-al-dialogo-social-para-reducir-la-brecha-salarial\\\/#breadcrumblist\"},\"author\":{\"@id\":\"https:\\\/\\\/www.eldigitaldeasturias.com\\\/noticias\\\/author\\\/admin\\\/#author\"},\"creator\":{\"@id\":\"https:\\\/\\\/www.eldigitaldeasturias.com\\\/noticias\\\/author\\\/admin\\\/#author\"},\"image\":{\"@type\":\"ImageObject\",\"url\":967495,\"@id\":\"https:\\\/\\\/www.eldigitaldeasturias.com\\\/noticias\\\/fatima-banez-apela-al-dialogo-social-para-reducir-la-brecha-salarial\\\/#mainImage\"},\"primaryImageOfPage\":{\"@id\":\"https:\\\/\\\/www.eldigitaldeasturias.com\\\/noticias\\\/fatima-banez-apela-al-dialogo-social-para-reducir-la-brecha-salarial\\\/#mainImage\"},\"datePublished\":\"2018-02-01T11:07:54+01:00\",\"dateModified\":\"2018-02-01T11:07:54+01:00\"},{\"@type\":\"WebSite\",\"@id\":\"https:\\\/\\\/www.eldigitaldeasturias.com\\\/noticias\\\/#website\",\"url\":\"https:\\\/\\\/www.eldigitaldeasturias.com\\\/noticias\\\/\",\"name\":\"El Digital de Asturias - Diario de actualidad y noticias\",\"alternateName\":\"El Digital de Asturias - Diario de actualidad y noticias\",\"description\":\"Hemeroteca\",\"inLanguage\":\"es-ES\",\"publisher\":{\"@id\":\"https:\\\/\\\/www.eldigitaldeasturias.com\\\/noticias\\\/#organization\"}}]}\n\t\t<\/script>\n\t\t<!-- All in One SEO Pro -->\r\n\t\t<title>F\u00e1tima B\u00e1\u00f1ez apela al di\u00e1logo social para reducir la brecha salarial - El Digital de Asturias<\/title>\n\n","aioseo_head_json":{"title":"F\u00e1tima B\u00e1\u00f1ez apela al di\u00e1logo social para reducir la brecha salarial - El Digital de Asturias","description":"La ministra de Empleo y Seguridad Social, F\u00e1tima B\u00e1\u00f1ez, ha apelado a la necesidad de seguir trabajando en las mesas de di\u00e1logo social y ha anunciado que, tal y como estaba previsto, el pr\u00f3ximo viernes se analizar\u00e1 en el marco del di\u00e1logo social -en la mesa por la calidad en el empleo- el establecimiento de","canonical_url":"https:\/\/www.eldigitaldeasturias.com\/noticias\/fatima-banez-apela-al-dialogo-social-para-reducir-la-brecha-salarial\/","robots":"max-image-preview:large","keywords":"actualidad","webmasterTools":{"google-site-verification":"UA-38556648-1","msvalidate.01":"7dfe9f3f1b24437ab69f4f2559babe99","miscellaneous":""},"schema":{"@context":"https:\/\/schema.org","@graph":[{"@type":"BlogPosting","@id":"https:\/\/www.eldigitaldeasturias.com\/noticias\/fatima-banez-apela-al-dialogo-social-para-reducir-la-brecha-salarial\/#blogposting","name":"F\u00e1tima B\u00e1\u00f1ez apela al di\u00e1logo social para reducir la brecha salarial - El Digital de Asturias","headline":"F\u00e1tima B\u00e1\u00f1ez apela al di\u00e1logo social para reducir la brecha salarial","author":{"@id":"https:\/\/www.eldigitaldeasturias.com\/noticias\/author\/admin\/#author"},"publisher":{"@id":"https:\/\/www.eldigitaldeasturias.com\/noticias\/#organization"},"image":{"@type":"ImageObject","url":967495},"datePublished":"2018-02-01T11:07:54+01:00","dateModified":"2018-02-01T11:07:54+01:00","inLanguage":"es-ES","mainEntityOfPage":{"@id":"https:\/\/www.eldigitaldeasturias.com\/noticias\/fatima-banez-apela-al-dialogo-social-para-reducir-la-brecha-salarial\/#webpage"},"isPartOf":{"@id":"https:\/\/www.eldigitaldeasturias.com\/noticias\/fatima-banez-apela-al-dialogo-social-para-reducir-la-brecha-salarial\/#webpage"},"articleSection":"Actualidad"},{"@type":"BreadcrumbList","@id":"https:\/\/www.eldigitaldeasturias.com\/noticias\/fatima-banez-apela-al-dialogo-social-para-reducir-la-brecha-salarial\/#breadcrumblist","itemListElement":[{"@type":"ListItem","@id":"https:\/\/www.eldigitaldeasturias.com\/noticias#listItem","position":1,"name":"Home","item":"https:\/\/www.eldigitaldeasturias.com\/noticias","nextItem":{"@type":"ListItem","@id":"https:\/\/www.eldigitaldeasturias.com\/noticias\/category\/actualidad\/#listItem","name":"Actualidad"}},{"@type":"ListItem","@id":"https:\/\/www.eldigitaldeasturias.com\/noticias\/category\/actualidad\/#listItem","position":2,"name":"Actualidad","item":"https:\/\/www.eldigitaldeasturias.com\/noticias\/category\/actualidad\/","nextItem":{"@type":"ListItem","@id":"https:\/\/www.eldigitaldeasturias.com\/noticias\/fatima-banez-apela-al-dialogo-social-para-reducir-la-brecha-salarial\/#listItem","name":"F\u00e1tima B\u00e1\u00f1ez apela al di\u00e1logo social para reducir la brecha salarial"},"previousItem":{"@type":"ListItem","@id":"https:\/\/www.eldigitaldeasturias.com\/noticias#listItem","name":"Home"}},{"@type":"ListItem","@id":"https:\/\/www.eldigitaldeasturias.com\/noticias\/fatima-banez-apela-al-dialogo-social-para-reducir-la-brecha-salarial\/#listItem","position":3,"name":"F\u00e1tima B\u00e1\u00f1ez apela al di\u00e1logo social para reducir la brecha salarial","previousItem":{"@type":"ListItem","@id":"https:\/\/www.eldigitaldeasturias.com\/noticias\/category\/actualidad\/#listItem","name":"Actualidad"}}]},{"@type":"Organization","@id":"https:\/\/www.eldigitaldeasturias.com\/noticias\/#organization","name":"El Digital de Asturias","description":"Hemeroteca","url":"https:\/\/www.eldigitaldeasturias.com\/noticias\/","email":"info@eldigitaldeasturias.com","telephone":"+34652131393","logo":{"@type":"ImageObject","url":"https:\/\/www.eldigitaldeasturias.com\/noticias\/wp-content\/uploads\/2020\/12\/EDA.jpg","@id":"https:\/\/www.eldigitaldeasturias.com\/noticias\/fatima-banez-apela-al-dialogo-social-para-reducir-la-brecha-salarial\/#organizationLogo"},"image":{"@id":"https:\/\/www.eldigitaldeasturias.com\/noticias\/fatima-banez-apela-al-dialogo-social-para-reducir-la-brecha-salarial\/#organizationLogo"},"sameAs":["https:\/\/facebook.com\/eldigitaldeasturias","https:\/\/www.youtube.com\/channel\/UCZP-2wLEB9Rv6erhFmqVnvg"],"address":{"@id":"https:\/\/www.eldigitaldeasturias.com\/noticias\/#postaladdress","@type":"PostalAddress","streetAddress":"san antonio 4","postalCode":"33430","addressLocality":"Cand\u00e1s","addressRegion":"Asturias","addressCountry":"ES"}},{"@type":"Person","@id":"https:\/\/www.eldigitaldeasturias.com\/noticias\/author\/admin\/#author","url":"https:\/\/www.eldigitaldeasturias.com\/noticias\/author\/admin\/","name":"El Digital de Asturias","image":{"@type":"ImageObject","@id":"https:\/\/www.eldigitaldeasturias.com\/noticias\/fatima-banez-apela-al-dialogo-social-para-reducir-la-brecha-salarial\/#authorImage","url":"https:\/\/secure.gravatar.com\/avatar\/df2aeffc32bcd13f8d26072ef8a91b623d677766deac7f97ca815868cd41bf5e?s=96&d=mm&r=g","width":96,"height":96,"caption":"El Digital de Asturias"}},{"@type":"WebPage","@id":"https:\/\/www.eldigitaldeasturias.com\/noticias\/fatima-banez-apela-al-dialogo-social-para-reducir-la-brecha-salarial\/#webpage","url":"https:\/\/www.eldigitaldeasturias.com\/noticias\/fatima-banez-apela-al-dialogo-social-para-reducir-la-brecha-salarial\/","name":"F\u00e1tima B\u00e1\u00f1ez apela al di\u00e1logo social para reducir la brecha salarial - El Digital de Asturias","description":"La ministra de Empleo y Seguridad Social, F\u00e1tima B\u00e1\u00f1ez, ha apelado a la necesidad de seguir trabajando en las mesas de di\u00e1logo social y ha anunciado que, tal y como estaba previsto, el pr\u00f3ximo viernes se analizar\u00e1 en el marco del di\u00e1logo social -en la mesa por la calidad en el empleo- el establecimiento de","inLanguage":"es-ES","isPartOf":{"@id":"https:\/\/www.eldigitaldeasturias.com\/noticias\/#website"},"breadcrumb":{"@id":"https:\/\/www.eldigitaldeasturias.com\/noticias\/fatima-banez-apela-al-dialogo-social-para-reducir-la-brecha-salarial\/#breadcrumblist"},"author":{"@id":"https:\/\/www.eldigitaldeasturias.com\/noticias\/author\/admin\/#author"},"creator":{"@id":"https:\/\/www.eldigitaldeasturias.com\/noticias\/author\/admin\/#author"},"image":{"@type":"ImageObject","url":967495,"@id":"https:\/\/www.eldigitaldeasturias.com\/noticias\/fatima-banez-apela-al-dialogo-social-para-reducir-la-brecha-salarial\/#mainImage"},"primaryImageOfPage":{"@id":"https:\/\/www.eldigitaldeasturias.com\/noticias\/fatima-banez-apela-al-dialogo-social-para-reducir-la-brecha-salarial\/#mainImage"},"datePublished":"2018-02-01T11:07:54+01:00","dateModified":"2018-02-01T11:07:54+01:00"},{"@type":"WebSite","@id":"https:\/\/www.eldigitaldeasturias.com\/noticias\/#website","url":"https:\/\/www.eldigitaldeasturias.com\/noticias\/","name":"El Digital de Asturias - Diario de actualidad y noticias","alternateName":"El Digital de Asturias - Diario de actualidad y noticias","description":"Hemeroteca","inLanguage":"es-ES","publisher":{"@id":"https:\/\/www.eldigitaldeasturias.com\/noticias\/#organization"}}]},"og:locale":"es_ES","og:site_name":"El Digital de Asturias","og:type":"article","og:title":"F\u00e1tima B\u00e1\u00f1ez apela al di\u00e1logo social para reducir la brecha salarial - El Digital de Asturias","og:description":"La ministra de Empleo y Seguridad Social, F\u00e1tima B\u00e1\u00f1ez, ha apelado a la necesidad de seguir trabajando en las mesas de di\u00e1logo social y ha anunciado que, tal y como estaba previsto, el pr\u00f3ximo viernes se analizar\u00e1 en el marco del di\u00e1logo social -en la mesa por la calidad en el empleo- el establecimiento de","og:url":"https:\/\/www.eldigitaldeasturias.com\/noticias\/fatima-banez-apela-al-dialogo-social-para-reducir-la-brecha-salarial\/","article:tag":["actualidad"],"article:published_time":"2018-02-01T11:07:54+00:00","article:modified_time":"2018-02-01T11:07:54+00:00","article:publisher":"https:\/\/facebook.com\/eldigitaldeasturias","twitter:card":"summary_large_image","twitter:title":"F\u00e1tima B\u00e1\u00f1ez apela al di\u00e1logo social para reducir la brecha salarial - El Digital de Asturias","twitter:description":"La ministra de Empleo y Seguridad Social, F\u00e1tima B\u00e1\u00f1ez, ha apelado a la necesidad de seguir trabajando en las mesas de di\u00e1logo social y ha anunciado que, tal y como estaba previsto, el pr\u00f3ximo viernes se analizar\u00e1 en el marco del di\u00e1logo social -en la mesa por la calidad en el empleo- el establecimiento de","twitter:image":"https:\/\/www.eldigitaldeasturias.com\/noticias\/wp-content\/uploads\/2020\/12\/EDA-1.jpg","twitter:label1":"Escrito por","twitter:data1":"El Digital de Asturias","twitter:label2":"Tiempo de lectura estimado","twitter:data2":"3 minutos"},"aioseo_meta_data":{"post_id":"967494","title":null,"description":null,"keywords":null,"keyphrases":null,"primary_term":null,"canonical_url":null,"og_title":null,"og_description":null,"og_object_type":"default","og_image_type":"default","og_image_url":null,"og_image_width":null,"og_image_height":null,"og_image_custom_url":null,"og_image_custom_fields":null,"og_video":null,"og_custom_url":null,"og_article_section":null,"og_article_tags":null,"twitter_use_og":false,"twitter_card":"default","twitter_image_type":"default","twitter_image_url":null,"twitter_image_custom_url":null,"twitter_image_custom_fields":null,"twitter_title":null,"twitter_description":null,"schema":{"blockGraphs":[],"customGraphs":[],"default":{"data":{"Article":[],"Course":[],"Dataset":[],"FAQPage":[],"Movie":[],"Person":[],"Product":[],"ProductReview":[],"Car":[],"Recipe":[],"Service":[],"SoftwareApplication":[],"WebPage":[]},"graphName":"","isEnabled":true},"graphs":[],"defaultGraph":"","defaultPostTypeGraph":""},"schema_type":null,"schema_type_options":null,"pillar_content":false,"robots_default":true,"robots_noindex":false,"robots_noarchive":false,"robots_nosnippet":false,"robots_nofollow":false,"robots_noimageindex":false,"robots_noodp":false,"robots_notranslate":false,"robots_max_snippet":null,"robots_max_videopreview":null,"robots_max_imagepreview":"large","priority":null,"frequency":null,"local_seo":null,"seo_analyzer_scan_date":"2025-10-06 19:14:06","breadcrumb_settings":null,"limit_modified_date":false,"open_ai":null,"ai":null,"created":"2020-12-21 12:32:38","updated":"2025-10-06 19:14:06","focus_keyword":null,"additional_keywords":null,"truseo_locale":null},"aioseo_breadcrumb":"<div class=\"aioseo-breadcrumbs\"><span class=\"aioseo-breadcrumb\">\n\t<a href=\"https:\/\/www.eldigitaldeasturias.com\/noticias\" title=\"Home\">Home<\/a>\n<\/span><span class=\"aioseo-breadcrumb-separator\">\u2013<\/span><span class=\"aioseo-breadcrumb\">\n\t<a href=\"https:\/\/www.eldigitaldeasturias.com\/noticias\/category\/actualidad\/\" title=\"Actualidad\">Actualidad<\/a>\n<\/span><span class=\"aioseo-breadcrumb-separator\">\u2013<\/span><span class=\"aioseo-breadcrumb\">\n\t<a href=\"https:\/\/www.eldigitaldeasturias.com\/noticias\/fatima-banez-apela-al-dialogo-social-para-reducir-la-brecha-salarial\/\" title=\"F\u00e1tima B\u00e1\u00f1ez apela al di\u00e1logo social para reducir la brecha salarial\">F\u00e1tima B\u00e1\u00f1ez apela al di\u00e1logo social para reducir la brecha salarial<\/a>\n<\/span><\/div>","aioseo_breadcrumb_json":[{"label":"Home","link":"https:\/\/www.eldigitaldeasturias.com\/noticias"},{"label":"Actualidad","link":"https:\/\/www.eldigitaldeasturias.com\/noticias\/category\/actualidad\/"},{"label":"F\u00e1tima B\u00e1\u00f1ez apela al di\u00e1logo social para reducir la brecha salarial","link":"https:\/\/www.eldigitaldeasturias.com\/noticias\/fatima-banez-apela-al-dialogo-social-para-reducir-la-brecha-salarial\/"}],"_links":{"self":[{"href":"https:\/\/www.eldigitaldeasturias.com\/noticias\/wp-json\/wp\/v2\/posts\/967494","targetHints":{"allow":["GET"]}}],"collection":[{"href":"https:\/\/www.eldigitaldeasturias.com\/noticias\/wp-json\/wp\/v2\/posts"}],"about":[{"href":"https:\/\/www.eldigitaldeasturias.com\/noticias\/wp-json\/wp\/v2\/types\/post"}],"author":[{"embeddable":true,"href":"https:\/\/www.eldigitaldeasturias.com\/noticias\/wp-json\/wp\/v2\/users\/1"}],"replies":[{"embeddable":true,"href":"https:\/\/www.eldigitaldeasturias.com\/noticias\/wp-json\/wp\/v2\/comments?post=967494"}],"version-history":[{"count":0,"href":"https:\/\/www.eldigitaldeasturias.com\/noticias\/wp-json\/wp\/v2\/posts\/967494\/revisions"}],"wp:attachment":[{"href":"https:\/\/www.eldigitaldeasturias.com\/noticias\/wp-json\/wp\/v2\/media?parent=967494"}],"wp:term":[{"taxonomy":"category","embeddable":true,"href":"https:\/\/www.eldigitaldeasturias.com\/noticias\/wp-json\/wp\/v2\/categories?post=967494"},{"taxonomy":"post_tag","embeddable":true,"href":"https:\/\/www.eldigitaldeasturias.com\/noticias\/wp-json\/wp\/v2\/tags?post=967494"}],"curies":[{"name":"wp","href":"https:\/\/api.w.org\/{rel}","templated":true}]}}