{"id":967198,"date":"2018-01-27T14:44:29","date_gmt":"2018-01-27T14:44:29","guid":{"rendered":"http:\/\/www.eldigitaldeasturias.com\/noticias\/?p=967198"},"modified":"2018-01-27T14:44:29","modified_gmt":"2018-01-27T14:44:29","slug":"cospedal-una-europa-fuerte-en-defensa-y-seguridad-ayuda-a-una-otan-fuerte-en-el-ambito-europeo","status":"publish","type":"post","link":"https:\/\/www.eldigitaldeasturias.com\/noticias\/cospedal-una-europa-fuerte-en-defensa-y-seguridad-ayuda-a-una-otan-fuerte-en-el-ambito-europeo\/","title":{"rendered":"Cospedal: \u00abUna Europa fuerte en defensa y seguridad ayuda a una OTAN fuerte en el \u00e1mbito europeo\u00bb"},"content":{"rendered":"<p><img loading=\"lazy\" decoding=\"async\" class=\"alignleft size-medium wp-image-967199\" src=\"https:\/\/www.eldigitaldeasturias.com\/noticias\/wp-content\/uploads\/2018\/01\/250118-Cospedal-360x239.jpg\" alt=\"\" width=\"360\" height=\"239\" \/>\u00abUna Europa fuerte en defensa y seguridad ayuda a una OTAN fuerte en el \u00e1mbito europeo\u00bb: con estas palabras la ministra de Defensa, Mar\u00eda Dolores de Cospedal, ha destacado la importancia de la colaboraci\u00f3n y la cooperaci\u00f3n entre los pa\u00edses aliados, durante la rueda de prensa conjunta con el secretario general de la OTAN, Jens Stoltenberg, con motivo de su visita oficial a Espa\u00f1a.<\/p>\n<p>La ministra de Defensa ha enumerado los cuatro grandes aspectos que se han tratado con el responsable de la Alianza y que se sustentan \u00aben el fuerte compromiso de Espa\u00f1a con la OTAN y con los Aliados\u00bb en la protecci\u00f3n de lo que \u00abm\u00e1s nos importa, como es la soberan\u00eda y los valores que compartimos\u00bb. Asimismo, se han abordado los retos actuales de nuestro entorno y \u00abc\u00f3mo una OTAN que mire los riesgos en 360 grados, tanto al este como al oeste, tanto al norte como al sur, es muy importante para pa\u00edses como Espa\u00f1a\u00bb.<\/p>\n<p><strong>Adaptaci\u00f3n a los nuevos retos<\/strong><\/p>\n<p>En tercer lugar, Mar\u00eda Dolores de Cospedal ha resaltado la necesidad de \u00abuna adaptaci\u00f3n de la Alianza haciendo el m\u00e1ximo uso de las importantes estructuras y medios de los que disponemos\u00bb y, en cuarto lugar, ha resaltado la relevancia de la cooperaci\u00f3n entre la OTAN y la UE: \u00abUna pol\u00edtica com\u00fan de seguridad y defensa es imprescindible en un mundo como el que vivimos\u00bb.<\/p>\n<p>La ministra ha recordado que Espa\u00f1a se integr\u00f3 en la OTAN hace m\u00e1s de 30 a\u00f1os \u00aby son muchos los resultados satisfactorios alcanzados por ambas partes a lo largo de esta fruct\u00edfera relaci\u00f3n\u00bb. Hoy d\u00eda, el 40% del presupuesto que Espa\u00f1a destina a misiones internacionales se concentra en operaciones de la OTAN y hasta 750 efectivos de los desplegados en la actualidad lo hacen en cometidos de esta organizaci\u00f3n (en el B\u00e1ltico, Turqu\u00eda, el Mediterr\u00e1neo o Afganist\u00e1n).<\/p>\n<p>\u00abEstamos presentes en todos los flancos, porque estamos convencidos de que la defensa y seguridad de las fronteras de cualquier aliado son tambi\u00e9n la defensa y seguridad de las fronteras espa\u00f1olas\u00bb, ha incidido Mar\u00eda Dolores de Cospedal, quien ha subrayado que \u00abEspa\u00f1a es un pa\u00eds solidario y firmemente comprometido con la Alianza\u00bb.<\/p>\n<p><strong>Una OTAN m\u00e1s eficaz<\/strong><\/p>\n<p>Para el futuro, la ministra de Defensa ha considerado que \u00abel pr\u00f3ximo gran desaf\u00edo\u00bb en la Alianza Atl\u00e1ntica es \u00abla renovaci\u00f3n de la estructura de mandos y de la estructura de fuerzas a las que aporta elementos relevantes\u00bb y ha querido elogiar \u00abel esfuerzo del secretario general y de todo su equipo por hacer una OTAN m\u00e1s eficaz y m\u00e1s eficiente\u00bb.<\/p>\n<p>Finalmente, Mar\u00eda Dolores de Cospedal ha expresado al secretario general la voluntad del Gobierno de \u00abser capaces de trasladar a la opini\u00f3n p\u00fablica espa\u00f1ola la importancia\u00bb de pertenecer a la organizaci\u00f3n multilateral y ha finalizado con una apuesta por la colaboraci\u00f3n constante entre pa\u00edses que comparten valores: \u00abNos sentimos seguros porque tenemos aliados que al igual que hacemos nosotros solidariamente con ellos son conscientes de la necesidad de proteger las fronteras y la soberan\u00eda de todos\u00bb.<\/p>\n<p><strong>Stoltenger: El papel de Espa\u00f1a<\/strong><\/p>\n<p>Por su parte, el secretario general de la OTAN ha agradecido a Espa\u00f1a su aportaci\u00f3n a las distintas misiones de la Alianza y ha se\u00f1alado que es una de las principales naciones en cuanto a contribuci\u00f3n de efectivos en las operaciones. \u00abLa OTAN se adapta para mantener a los ciudadanos seguros\u00bb, ha declarado para explicar que esa evoluci\u00f3n necesita ir acompa\u00f1ada de una apuesta inversora por parte de los estados miembros.<\/p>\n<p>A este respecto, ha dado la bienvenida al anuncio realizado por el Gobierno espa\u00f1ol de \u00absignificativos aumentos\u00bb en la inversi\u00f3n en defensa para los pr\u00f3ximos a\u00f1os y ha animado a nuestro pa\u00eds \u00aba continuar por este camino\u00bb.<\/p>\n<p><strong>Visita oficial<\/strong><\/p>\n<p>En su paso por nuestro pa\u00eds, el secretario general de la OTAN ha mantenido una audiencia con Su Majestad El Rey Felipe VI en el Palacio de la Zarzuela y se ha reunido con el presidente del Gobierno, Mariano Rajoy, en el Palacio de La Moncloa.<\/p>\n<p>Por la ma\u00f1ana, Stoltenberg celebr\u00f3 en primer lugar un encuentro bilateral con la ministra de Defensa en las instalaciones que el 45 Grupo del Ej\u00e9rcito del Aire tiene en la base a\u00e9rea de Torrej\u00f3n (Madrid) y, a continuaci\u00f3n, visit\u00f3 las instalaciones del Centro de Operaciones A\u00e9reas Combinadas (CAOC TJ, en ingl\u00e9s), donde ha conocido las actividades que lleva a cabo para velar por la seguridad del espacio a\u00e9rea de las naciones aliadas, tras la presentaci\u00f3n realizada por su jefe, el teniente general Rub\u00e9n Carlos Garc\u00eda Servert.<\/p>\n<p>Stoltenberg finalizar\u00e1 su agenda oficial a \u00faltima hora de la tarde con la impartici\u00f3n de la conferencia NATO: Continually Adapting to a Changing World en el Centro Superior de Estudios de la Defensa Nacional (CESEDEN).<\/p>\n","protected":false},"excerpt":{"rendered":"<p>\u00abUna Europa fuerte en defensa y seguridad ayuda a una OTAN fuerte en el \u00e1mbito europeo\u00bb: con estas palabras la ministra de Defensa, Mar\u00eda Dolores de Cospedal, ha destacado la importancia de la colaboraci\u00f3n y la cooperaci\u00f3n entre los pa\u00edses aliados, durante la rueda de prensa conjunta con el secretario general de la OTAN, Jens [&hellip;]<\/p>\n","protected":false},"author":1,"featured_media":967199,"comment_status":"closed","ping_status":"closed","sticky":false,"template":"","format":"standard","meta":{"footnotes":""},"categories":[1],"tags":[],"class_list":["post-967198","post","type-post","status-publish","format-standard","has-post-thumbnail","hentry","category-actualidad"],"aioseo_notices":[],"aioseo_head":"\n\t\t<!-- All in One SEO Pro 5.0.1 - aioseo.com -->\n\t<meta name=\"description\" content=\"&quot;Una Europa fuerte en defensa y seguridad ayuda a una OTAN fuerte en el \u00e1mbito europeo&quot;: con estas palabras la ministra de Defensa, Mar\u00eda Dolores de Cospedal, ha destacado la importancia de la colaboraci\u00f3n y la cooperaci\u00f3n entre los pa\u00edses aliados, durante la rueda de prensa conjunta con el secretario general de la OTAN, Jens\" \/>\n\t<meta name=\"robots\" content=\"max-image-preview:large\" \/>\n\t<meta name=\"author\" content=\"El Digital de Asturias\"\/>\n\t<meta name=\"google-site-verification\" content=\"UA-38556648-1\" \/>\n\t<meta name=\"msvalidate.01\" content=\"7dfe9f3f1b24437ab69f4f2559babe99\" \/>\n\t<meta name=\"keywords\" content=\"actualidad\" \/>\n\t<link rel=\"canonical\" href=\"https:\/\/www.eldigitaldeasturias.com\/noticias\/cospedal-una-europa-fuerte-en-defensa-y-seguridad-ayuda-a-una-otan-fuerte-en-el-ambito-europeo\/\" \/>\n\t<meta name=\"generator\" content=\"All in One SEO Pro (AIOSEO) 5.0.1\" \/>\n\t\t<meta property=\"og:locale\" content=\"es_ES\" \/>\n\t\t<meta property=\"og:site_name\" content=\"El Digital de Asturias\" \/>\n\t\t<meta property=\"og:type\" content=\"article\" \/>\n\t\t<meta property=\"og:title\" content=\"Cospedal: \u00abUna Europa fuerte en defensa y seguridad ayuda a una OTAN fuerte en el \u00e1mbito europeo\u00bb - El Digital de Asturias\" \/>\n\t\t<meta property=\"og:description\" content=\"&quot;Una Europa fuerte en defensa y seguridad ayuda a una OTAN fuerte en el \u00e1mbito europeo&quot;: con estas palabras la ministra de Defensa, Mar\u00eda Dolores de Cospedal, ha destacado la importancia de la colaboraci\u00f3n y la cooperaci\u00f3n entre los pa\u00edses aliados, durante la rueda de prensa conjunta con el secretario general de la OTAN, Jens\" \/>\n\t\t<meta property=\"og:url\" content=\"https:\/\/www.eldigitaldeasturias.com\/noticias\/cospedal-una-europa-fuerte-en-defensa-y-seguridad-ayuda-a-una-otan-fuerte-en-el-ambito-europeo\/\" \/>\n\t\t<meta property=\"article:tag\" content=\"actualidad\" \/>\n\t\t<meta property=\"article:published_time\" content=\"2018-01-27T14:44:29+00:00\" \/>\n\t\t<meta property=\"article:modified_time\" content=\"2018-01-27T14:44:29+00:00\" \/>\n\t\t<meta property=\"article:publisher\" content=\"https:\/\/facebook.com\/eldigitaldeasturias\" \/>\n\t\t<meta name=\"twitter:card\" content=\"summary_large_image\" \/>\n\t\t<meta name=\"twitter:title\" content=\"Cospedal: \u00abUna Europa fuerte en defensa y seguridad ayuda a una OTAN fuerte en el \u00e1mbito europeo\u00bb - El Digital de Asturias\" \/>\n\t\t<meta name=\"twitter:description\" content=\"&quot;Una Europa fuerte en defensa y seguridad ayuda a una OTAN fuerte en el \u00e1mbito europeo&quot;: con estas palabras la ministra de Defensa, Mar\u00eda Dolores de Cospedal, ha destacado la importancia de la colaboraci\u00f3n y la cooperaci\u00f3n entre los pa\u00edses aliados, durante la rueda de prensa conjunta con el secretario general de la OTAN, Jens\" \/>\n\t\t<meta name=\"twitter:image\" content=\"https:\/\/www.eldigitaldeasturias.com\/noticias\/wp-content\/uploads\/2020\/12\/EDA-1.jpg\" \/>\n\t\t<meta name=\"twitter:label1\" content=\"Escrito por\" \/>\n\t\t<meta name=\"twitter:data1\" content=\"El Digital de Asturias\" \/>\n\t\t<meta name=\"twitter:label2\" content=\"Tiempo de lectura estimado\" \/>\n\t\t<meta name=\"twitter:data2\" content=\"4 minutos\" \/>\n\t\t<script type=\"application\/ld+json\" class=\"aioseo-schema\">\n\t\t\t{\"@context\":\"https:\\\/\\\/schema.org\",\"@graph\":[{\"@type\":\"BlogPosting\",\"@id\":\"https:\\\/\\\/www.eldigitaldeasturias.com\\\/noticias\\\/cospedal-una-europa-fuerte-en-defensa-y-seguridad-ayuda-a-una-otan-fuerte-en-el-ambito-europeo\\\/#blogposting\",\"name\":\"Cospedal: \\u00abUna Europa fuerte en defensa y seguridad ayuda a una OTAN fuerte en el \\u00e1mbito europeo\\u00bb - El Digital de Asturias\",\"headline\":\"Cospedal: \\u00abUna Europa fuerte en defensa y seguridad ayuda a una OTAN fuerte en el \\u00e1mbito europeo\\u00bb\",\"author\":{\"@id\":\"https:\\\/\\\/www.eldigitaldeasturias.com\\\/noticias\\\/author\\\/admin\\\/#author\"},\"publisher\":{\"@id\":\"https:\\\/\\\/www.eldigitaldeasturias.com\\\/noticias\\\/#organization\"},\"image\":{\"@type\":\"ImageObject\",\"url\":967199},\"datePublished\":\"2018-01-27T14:44:29+01:00\",\"dateModified\":\"2018-01-27T14:44:29+01:00\",\"inLanguage\":\"es-ES\",\"mainEntityOfPage\":{\"@id\":\"https:\\\/\\\/www.eldigitaldeasturias.com\\\/noticias\\\/cospedal-una-europa-fuerte-en-defensa-y-seguridad-ayuda-a-una-otan-fuerte-en-el-ambito-europeo\\\/#webpage\"},\"isPartOf\":{\"@id\":\"https:\\\/\\\/www.eldigitaldeasturias.com\\\/noticias\\\/cospedal-una-europa-fuerte-en-defensa-y-seguridad-ayuda-a-una-otan-fuerte-en-el-ambito-europeo\\\/#webpage\"},\"articleSection\":\"Actualidad\"},{\"@type\":\"BreadcrumbList\",\"@id\":\"https:\\\/\\\/www.eldigitaldeasturias.com\\\/noticias\\\/cospedal-una-europa-fuerte-en-defensa-y-seguridad-ayuda-a-una-otan-fuerte-en-el-ambito-europeo\\\/#breadcrumblist\",\"itemListElement\":[{\"@type\":\"ListItem\",\"@id\":\"https:\\\/\\\/www.eldigitaldeasturias.com\\\/noticias#listItem\",\"position\":1,\"name\":\"Home\",\"item\":\"https:\\\/\\\/www.eldigitaldeasturias.com\\\/noticias\",\"nextItem\":{\"@type\":\"ListItem\",\"@id\":\"https:\\\/\\\/www.eldigitaldeasturias.com\\\/noticias\\\/category\\\/actualidad\\\/#listItem\",\"name\":\"Actualidad\"}},{\"@type\":\"ListItem\",\"@id\":\"https:\\\/\\\/www.eldigitaldeasturias.com\\\/noticias\\\/category\\\/actualidad\\\/#listItem\",\"position\":2,\"name\":\"Actualidad\",\"item\":\"https:\\\/\\\/www.eldigitaldeasturias.com\\\/noticias\\\/category\\\/actualidad\\\/\",\"nextItem\":{\"@type\":\"ListItem\",\"@id\":\"https:\\\/\\\/www.eldigitaldeasturias.com\\\/noticias\\\/cospedal-una-europa-fuerte-en-defensa-y-seguridad-ayuda-a-una-otan-fuerte-en-el-ambito-europeo\\\/#listItem\",\"name\":\"Cospedal: \\u00abUna Europa fuerte en defensa y seguridad ayuda a una OTAN fuerte en el \\u00e1mbito europeo\\u00bb\"},\"previousItem\":{\"@type\":\"ListItem\",\"@id\":\"https:\\\/\\\/www.eldigitaldeasturias.com\\\/noticias#listItem\",\"name\":\"Home\"}},{\"@type\":\"ListItem\",\"@id\":\"https:\\\/\\\/www.eldigitaldeasturias.com\\\/noticias\\\/cospedal-una-europa-fuerte-en-defensa-y-seguridad-ayuda-a-una-otan-fuerte-en-el-ambito-europeo\\\/#listItem\",\"position\":3,\"name\":\"Cospedal: \\u00abUna Europa fuerte en defensa y seguridad ayuda a una OTAN fuerte en el \\u00e1mbito europeo\\u00bb\",\"previousItem\":{\"@type\":\"ListItem\",\"@id\":\"https:\\\/\\\/www.eldigitaldeasturias.com\\\/noticias\\\/category\\\/actualidad\\\/#listItem\",\"name\":\"Actualidad\"}}]},{\"@type\":\"Organization\",\"@id\":\"https:\\\/\\\/www.eldigitaldeasturias.com\\\/noticias\\\/#organization\",\"name\":\"El Digital de Asturias\",\"description\":\"Hemeroteca\",\"url\":\"https:\\\/\\\/www.eldigitaldeasturias.com\\\/noticias\\\/\",\"email\":\"info@eldigitaldeasturias.com\",\"telephone\":\"+34652131393\",\"logo\":{\"@type\":\"ImageObject\",\"url\":\"https:\\\/\\\/www.eldigitaldeasturias.com\\\/noticias\\\/wp-content\\\/uploads\\\/2020\\\/12\\\/EDA.jpg\",\"@id\":\"https:\\\/\\\/www.eldigitaldeasturias.com\\\/noticias\\\/cospedal-una-europa-fuerte-en-defensa-y-seguridad-ayuda-a-una-otan-fuerte-en-el-ambito-europeo\\\/#organizationLogo\"},\"image\":{\"@id\":\"https:\\\/\\\/www.eldigitaldeasturias.com\\\/noticias\\\/cospedal-una-europa-fuerte-en-defensa-y-seguridad-ayuda-a-una-otan-fuerte-en-el-ambito-europeo\\\/#organizationLogo\"},\"sameAs\":[\"https:\\\/\\\/facebook.com\\\/eldigitaldeasturias\",\"https:\\\/\\\/www.youtube.com\\\/channel\\\/UCZP-2wLEB9Rv6erhFmqVnvg\"],\"address\":{\"@id\":\"https:\\\/\\\/www.eldigitaldeasturias.com\\\/noticias\\\/#postaladdress\",\"@type\":\"PostalAddress\",\"streetAddress\":\"san antonio 4\",\"postalCode\":\"33430\",\"addressLocality\":\"Cand\\u00e1s\",\"addressRegion\":\"Asturias\",\"addressCountry\":\"ES\"}},{\"@type\":\"Person\",\"@id\":\"https:\\\/\\\/www.eldigitaldeasturias.com\\\/noticias\\\/author\\\/admin\\\/#author\",\"url\":\"https:\\\/\\\/www.eldigitaldeasturias.com\\\/noticias\\\/author\\\/admin\\\/\",\"name\":\"El Digital de Asturias\",\"image\":{\"@type\":\"ImageObject\",\"@id\":\"https:\\\/\\\/www.eldigitaldeasturias.com\\\/noticias\\\/cospedal-una-europa-fuerte-en-defensa-y-seguridad-ayuda-a-una-otan-fuerte-en-el-ambito-europeo\\\/#authorImage\",\"url\":\"https:\\\/\\\/secure.gravatar.com\\\/avatar\\\/df2aeffc32bcd13f8d26072ef8a91b623d677766deac7f97ca815868cd41bf5e?s=96&d=mm&r=g\",\"width\":96,\"height\":96,\"caption\":\"El Digital de Asturias\"}},{\"@type\":\"WebPage\",\"@id\":\"https:\\\/\\\/www.eldigitaldeasturias.com\\\/noticias\\\/cospedal-una-europa-fuerte-en-defensa-y-seguridad-ayuda-a-una-otan-fuerte-en-el-ambito-europeo\\\/#webpage\",\"url\":\"https:\\\/\\\/www.eldigitaldeasturias.com\\\/noticias\\\/cospedal-una-europa-fuerte-en-defensa-y-seguridad-ayuda-a-una-otan-fuerte-en-el-ambito-europeo\\\/\",\"name\":\"Cospedal: \\u00abUna Europa fuerte en defensa y seguridad ayuda a una OTAN fuerte en el \\u00e1mbito europeo\\u00bb - El Digital de Asturias\",\"description\":\"\\\"Una Europa fuerte en defensa y seguridad ayuda a una OTAN fuerte en el \\u00e1mbito europeo\\\": con estas palabras la ministra de Defensa, Mar\\u00eda Dolores de Cospedal, ha destacado la importancia de la colaboraci\\u00f3n y la cooperaci\\u00f3n entre los pa\\u00edses aliados, durante la rueda de prensa conjunta con el secretario general de la OTAN, Jens\",\"inLanguage\":\"es-ES\",\"isPartOf\":{\"@id\":\"https:\\\/\\\/www.eldigitaldeasturias.com\\\/noticias\\\/#website\"},\"breadcrumb\":{\"@id\":\"https:\\\/\\\/www.eldigitaldeasturias.com\\\/noticias\\\/cospedal-una-europa-fuerte-en-defensa-y-seguridad-ayuda-a-una-otan-fuerte-en-el-ambito-europeo\\\/#breadcrumblist\"},\"author\":{\"@id\":\"https:\\\/\\\/www.eldigitaldeasturias.com\\\/noticias\\\/author\\\/admin\\\/#author\"},\"creator\":{\"@id\":\"https:\\\/\\\/www.eldigitaldeasturias.com\\\/noticias\\\/author\\\/admin\\\/#author\"},\"image\":{\"@type\":\"ImageObject\",\"url\":967199,\"@id\":\"https:\\\/\\\/www.eldigitaldeasturias.com\\\/noticias\\\/cospedal-una-europa-fuerte-en-defensa-y-seguridad-ayuda-a-una-otan-fuerte-en-el-ambito-europeo\\\/#mainImage\"},\"primaryImageOfPage\":{\"@id\":\"https:\\\/\\\/www.eldigitaldeasturias.com\\\/noticias\\\/cospedal-una-europa-fuerte-en-defensa-y-seguridad-ayuda-a-una-otan-fuerte-en-el-ambito-europeo\\\/#mainImage\"},\"datePublished\":\"2018-01-27T14:44:29+01:00\",\"dateModified\":\"2018-01-27T14:44:29+01:00\"},{\"@type\":\"WebSite\",\"@id\":\"https:\\\/\\\/www.eldigitaldeasturias.com\\\/noticias\\\/#website\",\"url\":\"https:\\\/\\\/www.eldigitaldeasturias.com\\\/noticias\\\/\",\"name\":\"El Digital de Asturias - Diario de actualidad y noticias\",\"alternateName\":\"El Digital de Asturias - Diario de actualidad y noticias\",\"description\":\"Hemeroteca\",\"inLanguage\":\"es-ES\",\"publisher\":{\"@id\":\"https:\\\/\\\/www.eldigitaldeasturias.com\\\/noticias\\\/#organization\"}}]}\n\t\t<\/script>\n\t\t<!-- All in One SEO Pro -->\r\n\t\t<title>Cospedal: \u00abUna Europa fuerte en defensa y seguridad ayuda a una OTAN fuerte en el \u00e1mbito europeo\u00bb - El Digital de Asturias<\/title>\n\n","aioseo_head_json":{"title":"Cospedal: \u00abUna Europa fuerte en defensa y seguridad ayuda a una OTAN fuerte en el \u00e1mbito europeo\u00bb - El Digital de Asturias","description":"\"Una Europa fuerte en defensa y seguridad ayuda a una OTAN fuerte en el \u00e1mbito europeo\": con estas palabras la ministra de Defensa, Mar\u00eda Dolores de Cospedal, ha destacado la importancia de la colaboraci\u00f3n y la cooperaci\u00f3n entre los pa\u00edses aliados, durante la rueda de prensa conjunta con el secretario general de la OTAN, Jens","canonical_url":"https:\/\/www.eldigitaldeasturias.com\/noticias\/cospedal-una-europa-fuerte-en-defensa-y-seguridad-ayuda-a-una-otan-fuerte-en-el-ambito-europeo\/","robots":"max-image-preview:large","keywords":"actualidad","webmasterTools":{"google-site-verification":"UA-38556648-1","msvalidate.01":"7dfe9f3f1b24437ab69f4f2559babe99","miscellaneous":""},"schema":{"@context":"https:\/\/schema.org","@graph":[{"@type":"BlogPosting","@id":"https:\/\/www.eldigitaldeasturias.com\/noticias\/cospedal-una-europa-fuerte-en-defensa-y-seguridad-ayuda-a-una-otan-fuerte-en-el-ambito-europeo\/#blogposting","name":"Cospedal: \u00abUna Europa fuerte en defensa y seguridad ayuda a una OTAN fuerte en el \u00e1mbito europeo\u00bb - El Digital de Asturias","headline":"Cospedal: \u00abUna Europa fuerte en defensa y seguridad ayuda a una OTAN fuerte en el \u00e1mbito europeo\u00bb","author":{"@id":"https:\/\/www.eldigitaldeasturias.com\/noticias\/author\/admin\/#author"},"publisher":{"@id":"https:\/\/www.eldigitaldeasturias.com\/noticias\/#organization"},"image":{"@type":"ImageObject","url":967199},"datePublished":"2018-01-27T14:44:29+01:00","dateModified":"2018-01-27T14:44:29+01:00","inLanguage":"es-ES","mainEntityOfPage":{"@id":"https:\/\/www.eldigitaldeasturias.com\/noticias\/cospedal-una-europa-fuerte-en-defensa-y-seguridad-ayuda-a-una-otan-fuerte-en-el-ambito-europeo\/#webpage"},"isPartOf":{"@id":"https:\/\/www.eldigitaldeasturias.com\/noticias\/cospedal-una-europa-fuerte-en-defensa-y-seguridad-ayuda-a-una-otan-fuerte-en-el-ambito-europeo\/#webpage"},"articleSection":"Actualidad"},{"@type":"BreadcrumbList","@id":"https:\/\/www.eldigitaldeasturias.com\/noticias\/cospedal-una-europa-fuerte-en-defensa-y-seguridad-ayuda-a-una-otan-fuerte-en-el-ambito-europeo\/#breadcrumblist","itemListElement":[{"@type":"ListItem","@id":"https:\/\/www.eldigitaldeasturias.com\/noticias#listItem","position":1,"name":"Home","item":"https:\/\/www.eldigitaldeasturias.com\/noticias","nextItem":{"@type":"ListItem","@id":"https:\/\/www.eldigitaldeasturias.com\/noticias\/category\/actualidad\/#listItem","name":"Actualidad"}},{"@type":"ListItem","@id":"https:\/\/www.eldigitaldeasturias.com\/noticias\/category\/actualidad\/#listItem","position":2,"name":"Actualidad","item":"https:\/\/www.eldigitaldeasturias.com\/noticias\/category\/actualidad\/","nextItem":{"@type":"ListItem","@id":"https:\/\/www.eldigitaldeasturias.com\/noticias\/cospedal-una-europa-fuerte-en-defensa-y-seguridad-ayuda-a-una-otan-fuerte-en-el-ambito-europeo\/#listItem","name":"Cospedal: \u00abUna Europa fuerte en defensa y seguridad ayuda a una OTAN fuerte en el \u00e1mbito europeo\u00bb"},"previousItem":{"@type":"ListItem","@id":"https:\/\/www.eldigitaldeasturias.com\/noticias#listItem","name":"Home"}},{"@type":"ListItem","@id":"https:\/\/www.eldigitaldeasturias.com\/noticias\/cospedal-una-europa-fuerte-en-defensa-y-seguridad-ayuda-a-una-otan-fuerte-en-el-ambito-europeo\/#listItem","position":3,"name":"Cospedal: \u00abUna Europa fuerte en defensa y seguridad ayuda a una OTAN fuerte en el \u00e1mbito europeo\u00bb","previousItem":{"@type":"ListItem","@id":"https:\/\/www.eldigitaldeasturias.com\/noticias\/category\/actualidad\/#listItem","name":"Actualidad"}}]},{"@type":"Organization","@id":"https:\/\/www.eldigitaldeasturias.com\/noticias\/#organization","name":"El Digital de Asturias","description":"Hemeroteca","url":"https:\/\/www.eldigitaldeasturias.com\/noticias\/","email":"info@eldigitaldeasturias.com","telephone":"+34652131393","logo":{"@type":"ImageObject","url":"https:\/\/www.eldigitaldeasturias.com\/noticias\/wp-content\/uploads\/2020\/12\/EDA.jpg","@id":"https:\/\/www.eldigitaldeasturias.com\/noticias\/cospedal-una-europa-fuerte-en-defensa-y-seguridad-ayuda-a-una-otan-fuerte-en-el-ambito-europeo\/#organizationLogo"},"image":{"@id":"https:\/\/www.eldigitaldeasturias.com\/noticias\/cospedal-una-europa-fuerte-en-defensa-y-seguridad-ayuda-a-una-otan-fuerte-en-el-ambito-europeo\/#organizationLogo"},"sameAs":["https:\/\/facebook.com\/eldigitaldeasturias","https:\/\/www.youtube.com\/channel\/UCZP-2wLEB9Rv6erhFmqVnvg"],"address":{"@id":"https:\/\/www.eldigitaldeasturias.com\/noticias\/#postaladdress","@type":"PostalAddress","streetAddress":"san antonio 4","postalCode":"33430","addressLocality":"Cand\u00e1s","addressRegion":"Asturias","addressCountry":"ES"}},{"@type":"Person","@id":"https:\/\/www.eldigitaldeasturias.com\/noticias\/author\/admin\/#author","url":"https:\/\/www.eldigitaldeasturias.com\/noticias\/author\/admin\/","name":"El Digital de Asturias","image":{"@type":"ImageObject","@id":"https:\/\/www.eldigitaldeasturias.com\/noticias\/cospedal-una-europa-fuerte-en-defensa-y-seguridad-ayuda-a-una-otan-fuerte-en-el-ambito-europeo\/#authorImage","url":"https:\/\/secure.gravatar.com\/avatar\/df2aeffc32bcd13f8d26072ef8a91b623d677766deac7f97ca815868cd41bf5e?s=96&d=mm&r=g","width":96,"height":96,"caption":"El Digital de Asturias"}},{"@type":"WebPage","@id":"https:\/\/www.eldigitaldeasturias.com\/noticias\/cospedal-una-europa-fuerte-en-defensa-y-seguridad-ayuda-a-una-otan-fuerte-en-el-ambito-europeo\/#webpage","url":"https:\/\/www.eldigitaldeasturias.com\/noticias\/cospedal-una-europa-fuerte-en-defensa-y-seguridad-ayuda-a-una-otan-fuerte-en-el-ambito-europeo\/","name":"Cospedal: \u00abUna Europa fuerte en defensa y seguridad ayuda a una OTAN fuerte en el \u00e1mbito europeo\u00bb - El Digital de Asturias","description":"\"Una Europa fuerte en defensa y seguridad ayuda a una OTAN fuerte en el \u00e1mbito europeo\": con estas palabras la ministra de Defensa, Mar\u00eda Dolores de Cospedal, ha destacado la importancia de la colaboraci\u00f3n y la cooperaci\u00f3n entre los pa\u00edses aliados, durante la rueda de prensa conjunta con el secretario general de la OTAN, Jens","inLanguage":"es-ES","isPartOf":{"@id":"https:\/\/www.eldigitaldeasturias.com\/noticias\/#website"},"breadcrumb":{"@id":"https:\/\/www.eldigitaldeasturias.com\/noticias\/cospedal-una-europa-fuerte-en-defensa-y-seguridad-ayuda-a-una-otan-fuerte-en-el-ambito-europeo\/#breadcrumblist"},"author":{"@id":"https:\/\/www.eldigitaldeasturias.com\/noticias\/author\/admin\/#author"},"creator":{"@id":"https:\/\/www.eldigitaldeasturias.com\/noticias\/author\/admin\/#author"},"image":{"@type":"ImageObject","url":967199,"@id":"https:\/\/www.eldigitaldeasturias.com\/noticias\/cospedal-una-europa-fuerte-en-defensa-y-seguridad-ayuda-a-una-otan-fuerte-en-el-ambito-europeo\/#mainImage"},"primaryImageOfPage":{"@id":"https:\/\/www.eldigitaldeasturias.com\/noticias\/cospedal-una-europa-fuerte-en-defensa-y-seguridad-ayuda-a-una-otan-fuerte-en-el-ambito-europeo\/#mainImage"},"datePublished":"2018-01-27T14:44:29+01:00","dateModified":"2018-01-27T14:44:29+01:00"},{"@type":"WebSite","@id":"https:\/\/www.eldigitaldeasturias.com\/noticias\/#website","url":"https:\/\/www.eldigitaldeasturias.com\/noticias\/","name":"El Digital de Asturias - Diario de actualidad y noticias","alternateName":"El Digital de Asturias - Diario de actualidad y noticias","description":"Hemeroteca","inLanguage":"es-ES","publisher":{"@id":"https:\/\/www.eldigitaldeasturias.com\/noticias\/#organization"}}]},"og:locale":"es_ES","og:site_name":"El Digital de Asturias","og:type":"article","og:title":"Cospedal: \u00abUna Europa fuerte en defensa y seguridad ayuda a una OTAN fuerte en el \u00e1mbito europeo\u00bb - El Digital de Asturias","og:description":"&quot;Una Europa fuerte en defensa y seguridad ayuda a una OTAN fuerte en el \u00e1mbito europeo&quot;: con estas palabras la ministra de Defensa, Mar\u00eda Dolores de Cospedal, ha destacado la importancia de la colaboraci\u00f3n y la cooperaci\u00f3n entre los pa\u00edses aliados, durante la rueda de prensa conjunta con el secretario general de la OTAN, Jens","og:url":"https:\/\/www.eldigitaldeasturias.com\/noticias\/cospedal-una-europa-fuerte-en-defensa-y-seguridad-ayuda-a-una-otan-fuerte-en-el-ambito-europeo\/","article:tag":["actualidad"],"article:published_time":"2018-01-27T14:44:29+00:00","article:modified_time":"2018-01-27T14:44:29+00:00","article:publisher":"https:\/\/facebook.com\/eldigitaldeasturias","twitter:card":"summary_large_image","twitter:title":"Cospedal: \u00abUna Europa fuerte en defensa y seguridad ayuda a una OTAN fuerte en el \u00e1mbito europeo\u00bb - El Digital de Asturias","twitter:description":"&quot;Una Europa fuerte en defensa y seguridad ayuda a una OTAN fuerte en el \u00e1mbito europeo&quot;: con estas palabras la ministra de Defensa, Mar\u00eda Dolores de Cospedal, ha destacado la importancia de la colaboraci\u00f3n y la cooperaci\u00f3n entre los pa\u00edses aliados, durante la rueda de prensa conjunta con el secretario general de la OTAN, Jens","twitter:image":"https:\/\/www.eldigitaldeasturias.com\/noticias\/wp-content\/uploads\/2020\/12\/EDA-1.jpg","twitter:label1":"Escrito por","twitter:data1":"El Digital de Asturias","twitter:label2":"Tiempo de lectura estimado","twitter:data2":"4 minutos"},"aioseo_meta_data":{"post_id":"967198","title":null,"description":null,"keywords":null,"keyphrases":null,"primary_term":null,"canonical_url":null,"og_title":null,"og_description":null,"og_object_type":"default","og_image_type":"default","og_image_url":null,"og_image_width":null,"og_image_height":null,"og_image_custom_url":null,"og_image_custom_fields":null,"og_video":null,"og_custom_url":null,"og_article_section":null,"og_article_tags":null,"twitter_use_og":false,"twitter_card":"default","twitter_image_type":"default","twitter_image_url":null,"twitter_image_custom_url":null,"twitter_image_custom_fields":null,"twitter_title":null,"twitter_description":null,"schema":{"blockGraphs":[],"customGraphs":[],"default":{"data":{"Article":[],"Course":[],"Dataset":[],"FAQPage":[],"Movie":[],"Person":[],"Product":[],"ProductReview":[],"Car":[],"Recipe":[],"Service":[],"SoftwareApplication":[],"WebPage":[]},"graphName":"","isEnabled":true},"graphs":[],"defaultGraph":"","defaultPostTypeGraph":""},"schema_type":null,"schema_type_options":null,"pillar_content":false,"robots_default":true,"robots_noindex":false,"robots_noarchive":false,"robots_nosnippet":false,"robots_nofollow":false,"robots_noimageindex":false,"robots_noodp":false,"robots_notranslate":false,"robots_max_snippet":null,"robots_max_videopreview":null,"robots_max_imagepreview":"large","priority":null,"frequency":null,"local_seo":null,"seo_analyzer_scan_date":"2025-10-06 18:14:21","breadcrumb_settings":null,"limit_modified_date":false,"open_ai":null,"ai":null,"created":"2020-12-21 12:33:36","updated":"2025-10-06 18:14:21","focus_keyword":null,"additional_keywords":null,"truseo_locale":null},"aioseo_breadcrumb":"<div class=\"aioseo-breadcrumbs\"><span class=\"aioseo-breadcrumb\">\n\t<a href=\"https:\/\/www.eldigitaldeasturias.com\/noticias\" title=\"Home\">Home<\/a>\n<\/span><span class=\"aioseo-breadcrumb-separator\">\u2013<\/span><span class=\"aioseo-breadcrumb\">\n\t<a href=\"https:\/\/www.eldigitaldeasturias.com\/noticias\/category\/actualidad\/\" title=\"Actualidad\">Actualidad<\/a>\n<\/span><span class=\"aioseo-breadcrumb-separator\">\u2013<\/span><span class=\"aioseo-breadcrumb\">\n\t<a href=\"https:\/\/www.eldigitaldeasturias.com\/noticias\/cospedal-una-europa-fuerte-en-defensa-y-seguridad-ayuda-a-una-otan-fuerte-en-el-ambito-europeo\/\" title=\"Cospedal: \u00abUna Europa fuerte en defensa y seguridad ayuda a una OTAN fuerte en el \u00e1mbito europeo\u00bb\">Cospedal: \u00abUna Europa fuerte en defensa y seguridad ayuda a una OTAN fuerte en el \u00e1mbito europeo\u00bb<\/a>\n<\/span><\/div>","aioseo_breadcrumb_json":[{"label":"Home","link":"https:\/\/www.eldigitaldeasturias.com\/noticias"},{"label":"Actualidad","link":"https:\/\/www.eldigitaldeasturias.com\/noticias\/category\/actualidad\/"},{"label":"Cospedal: \u00abUna Europa fuerte en defensa y seguridad ayuda a una OTAN fuerte en el \u00e1mbito europeo\u00bb","link":"https:\/\/www.eldigitaldeasturias.com\/noticias\/cospedal-una-europa-fuerte-en-defensa-y-seguridad-ayuda-a-una-otan-fuerte-en-el-ambito-europeo\/"}],"_links":{"self":[{"href":"https:\/\/www.eldigitaldeasturias.com\/noticias\/wp-json\/wp\/v2\/posts\/967198","targetHints":{"allow":["GET"]}}],"collection":[{"href":"https:\/\/www.eldigitaldeasturias.com\/noticias\/wp-json\/wp\/v2\/posts"}],"about":[{"href":"https:\/\/www.eldigitaldeasturias.com\/noticias\/wp-json\/wp\/v2\/types\/post"}],"author":[{"embeddable":true,"href":"https:\/\/www.eldigitaldeasturias.com\/noticias\/wp-json\/wp\/v2\/users\/1"}],"replies":[{"embeddable":true,"href":"https:\/\/www.eldigitaldeasturias.com\/noticias\/wp-json\/wp\/v2\/comments?post=967198"}],"version-history":[{"count":0,"href":"https:\/\/www.eldigitaldeasturias.com\/noticias\/wp-json\/wp\/v2\/posts\/967198\/revisions"}],"wp:attachment":[{"href":"https:\/\/www.eldigitaldeasturias.com\/noticias\/wp-json\/wp\/v2\/media?parent=967198"}],"wp:term":[{"taxonomy":"category","embeddable":true,"href":"https:\/\/www.eldigitaldeasturias.com\/noticias\/wp-json\/wp\/v2\/categories?post=967198"},{"taxonomy":"post_tag","embeddable":true,"href":"https:\/\/www.eldigitaldeasturias.com\/noticias\/wp-json\/wp\/v2\/tags?post=967198"}],"curies":[{"name":"wp","href":"https:\/\/api.w.org\/{rel}","templated":true}]}}