{"id":967193,"date":"2018-01-27T14:41:06","date_gmt":"2018-01-27T14:41:06","guid":{"rendered":"http:\/\/www.eldigitaldeasturias.com\/noticias\/?p=967193"},"modified":"2018-01-27T14:41:06","modified_gmt":"2018-01-27T14:41:06","slug":"mendez-de-vigo-asegura-que-el-abandono-escolar-temprano-en-espana-estara-por-debajo-del-15-en-el-ano-2020","status":"publish","type":"post","link":"https:\/\/www.eldigitaldeasturias.com\/noticias\/mendez-de-vigo-asegura-que-el-abandono-escolar-temprano-en-espana-estara-por-debajo-del-15-en-el-ano-2020\/","title":{"rendered":"M\u00e9ndez de Vigo asegura que el abandono escolar temprano en Espa\u00f1a estar\u00e1 por debajo del 15% en el a\u00f1o 2020"},"content":{"rendered":"<p><img loading=\"lazy\" decoding=\"async\" class=\"alignleft size-medium wp-image-967194\" src=\"https:\/\/www.eldigitaldeasturias.com\/noticias\/wp-content\/uploads\/2018\/01\/250118-Mendez-360x239.jpg\" alt=\"\" width=\"360\" height=\"239\" \/>El ministro de Educaci\u00f3n, Cultura y Deportes, \u00cd\u00f1igo M\u00e9ndez de Vigo, ha asegurado que la tasa de abandono escolar en Espa\u00f1a estar\u00e1 en el 15% en el a\u00f1o 2020, de tal manera que \u00abnuestro pa\u00eds cumplir\u00e1 con los compromisos adquiridos\u00bb. Adem\u00e1s, ha defendido la necesidad de que en las escuelas haya una asignatura sobre la Uni\u00f3n Europea.<\/p>\n<p>As\u00ed se lo ha dicho a sus hom\u00f3logos europeos durante el almuerzo que ha mantenido en la Cumbre Europea de Educaci\u00f3n que se celebra en Bruselas, donde ha destacado que desde el a\u00f1o 2008 se ha conseguido reducir esta tasa en 13,4 puntos, pasando del 31,7% al 18,28% con el que ha cerrado el a\u00f1o 2017.<\/p>\n<p>Este porcentaje supone que en el \u00faltimo a\u00f1o la tasa de abandono escolar en Espa\u00f1a ha descendido siete d\u00e9cimas, pasando del 19% en 2016 al 18,28% actual. Durante el Gobierno de Mariano Rajoy la tasa de abandono escolar ha descendido ocho puntos (26,3% en el a\u00f1o 2011).<\/p>\n<p><strong>Una asignatura sobre la Uni\u00f3n Europea<\/strong><\/p>\n<p>El ministro de Educaci\u00f3n, Cultura y Deportes, \u00cd\u00f1igo M\u00e9ndez de Vigo, se ha mostrado partidario de que los sistemas educativos de los pa\u00edses de la Uni\u00f3n Europea desarrollen una asignatura donde se explique la historia de la Uni\u00f3n, ya que -ha dicho- \u00ablo que nos ha unido y lo que nos mantiene unidos me parece que contribuye a acrecentar el sentimiento de pertenencia\u00bb.<\/p>\n<p>As\u00ed lo ha asegurado durante su intervenci\u00f3n en esta Cumbre de Educaci\u00f3n, donde ha insistido en que es necesario que \u00abdesde peque\u00f1os\u00bb los alumnos sepan \u00abque est\u00e1n voluntariamente en una Uni\u00f3n Europea, en la que nos unen unos principios y unos valores comunes\u00bb.<\/p>\n<p>M\u00e9ndez de Vigo se ha referido a la Comunicaci\u00f3n adoptada por la Comisi\u00f3n Europea para la Cumbre Social de Gotemburgo \u00bb fortaleciendo la identidad europea a trav\u00e9s de la Educaci\u00f3n y la Cultura\u00bb y en la que se subraya que la libertad, la democracia, la igualdad, el respeto a la ley, los derechos humanos y la dignidad son los valores fundamentales de la UE.<\/p>\n<p>En este sentido, ha recordado que se trata de una propuesta espa\u00f1ola defendida por \u00e9l mismo en un Consejo Europeo de Educaci\u00f3n, y ha defendido que \u00absobre estos pilares debe sostenerse el nuevo Espacio Europeo de Educaci\u00f3n en el 2025\u00bb.<\/p>\n<p>\u00abCoincido en los cuatro objetivos que recoge la Recomendaci\u00f3n de la Comisi\u00f3n Europea sobre la promoci\u00f3n de valores comunes, la educaci\u00f3n inclusiva y la dimensi\u00f3n europea de la ense\u00f1anza\u00bb -ha dicho- a la vez que ha animado a todos los pa\u00edses de la UE a que \u00abutilicen todos los instrumentos que tengan a su alcance para desarrollarlo\u00bb.<\/p>\n<p>En este punto, M\u00e9ndez de Vigo ha destacado especialmente el aspecto que se refiere al apoyo prioritario a la formaci\u00f3n de los docentes utilizando m\u00e1s y mejor los instrumentos comunitarios de intercambio y movilidad.<\/p>\n<p><strong>D\u00eda de Europa en las escuelas<\/strong><\/p>\n<p>El ministro de Educaci\u00f3n, Cultura y Deporte ha defendido que se celebre el &#8216;D\u00eda de Europa&#8217; en las escuelas.<\/p>\n<p>\u00abQue un d\u00eda al a\u00f1o en las escuelas se hable de Europa. El mismo d\u00eda. Que los profesores y otras personalidades invitadas cuenten el papel fundamental de Europa a los alumnos\u00bb, ha dicho.<\/p>\n<p>M\u00e9ndez de Vigo ha subrayado que \u00abla escuela es el lugar de aprendizaje permanente y es donde hay que contar estas cosas a los alumnos\u00bb. Por ello, ha incidido en que Espa\u00f1a va a apoyar la idea de celebrar el d\u00eda de Europa en los colegios.<\/p>\n<p>En este sentido, ha hecho un llamamiento a los profesores, \u00abnuestros mayores aliados\u00bb, ya que -ha asegurado- \u00abson los que tienen explicar por qu\u00e9 Europa significa paz, democracia, cohesi\u00f3n, y solidaridad\u00bb.<\/p>\n<p><strong>Grandes avances de Espa\u00f1a en educaci\u00f3n en competencias<\/strong><\/p>\n<p>El ministro de Educaci\u00f3n, Cultura y Deporte ha remarcado los avances de Espa\u00f1a en los \u00faltimos a\u00f1os en la educaci\u00f3n en competencias.<\/p>\n<p>As\u00ed lo ha destacado durante su intervenci\u00f3n, en la que ha recordado que los avances espa\u00f1oles se han conseguido gracias \u00abal refuerzo porcentual de las materias troncales en todos los niveles educativos para mejor adquirir estas competencias b\u00e1sicas\u00bb. Una medida -ha insistido- a la que se ha unido \u00abel enfoque transversal\u00bb, es decir, \u00abque todas las competencias clave se atienden desde todas las materias\u00bb.<\/p>\n<p>\u00abDe esta manera conseguimos un sistema educativo m\u00e1s equitativo. Y as\u00ed puede verse en el decreciente porcentaje de alumnos en Espa\u00f1a que no alcanzan un nivel b\u00e1sico de competencias como nos indican las evaluaciones del informe PISA y la disminuci\u00f3n de las cifras de abandono escolar temprano\u00bb, ha dicho.<\/p>\n<p>M\u00e9ndez de Vigo ha defendido las iniciativas tomadas por la Uni\u00f3n Europea en este sentido, y ha asegurado que \u00abvan por el buen camino\u00bb, subrayando la revisi\u00f3n com\u00fan de las competencias b\u00e1sicas, la iniciativa de promover valores compartidos, la dimensi\u00f3n europea de la ense\u00f1anza y el plan de acci\u00f3n de educaci\u00f3n digital.<\/p>\n<p>El Pacto educativo, clave para el desarrollo personal y profesional del alumno<br \/>\n\u00cd\u00f1igo M\u00e9ndez de Vigo ha aprovechado esta Cumbre Europea de Educaci\u00f3n para transmitir a los ministros de Educaci\u00f3n de los pa\u00edses de la Uni\u00f3n Europea la necesidad de lograr en Espa\u00f1a un Pacto Social y Pol\u00edtico por la Educaci\u00f3n \u00abadaptando el actual sistema educativo a las nuevas necesidades, dot\u00e1ndolo de estabilidad y continuidad m\u00e1s all\u00e1 de los vaivenes pol\u00edticos y aplicando decididamente las mencionadas recomendaciones de la Comisi\u00f3n una vez adoptadas por el Consejo Europeo\u00bb.<\/p>\n<p>El ministro de Educaci\u00f3n, Cultura y Deporte ha destacado \u00abel trabajo\u00bb del Parlamento espa\u00f1ol \u00abdonde se est\u00e1 buscando el consenso entre fuerzas pol\u00edticas que parten de diferentes concepciones de la Educaci\u00f3n\u00bb, pero ha subrayado \u00abel convencimiento de todos de que \u00abla Educaci\u00f3n es garant\u00eda de progreso y nivel de vida de los ciudadanos y de la sociedad espa\u00f1ola en general\u00bb.<\/p>\n<p>Por ello, ha dejado claro que uno de los objetivos de dicho Pacto es \u00abpromover y desarrollar la ense\u00f1anza obligatoria para proveer a nuestros estudiantes los conocimientos, competencias b\u00e1sicas y valores comunes necesarios para un mejor desarrollo personal y profesional y permitir su progresi\u00f3n acad\u00e9mica\u00bb.<\/p>\n","protected":false},"excerpt":{"rendered":"<p>El ministro de Educaci\u00f3n, Cultura y Deportes, \u00cd\u00f1igo M\u00e9ndez de Vigo, ha asegurado que la tasa de abandono escolar en Espa\u00f1a estar\u00e1 en el 15% en el a\u00f1o 2020, de tal manera que \u00abnuestro pa\u00eds cumplir\u00e1 con los compromisos adquiridos\u00bb. Adem\u00e1s, ha defendido la necesidad de que en las escuelas haya una asignatura sobre la [&hellip;]<\/p>\n","protected":false},"author":1,"featured_media":967194,"comment_status":"closed","ping_status":"closed","sticky":false,"template":"","format":"standard","meta":{"footnotes":""},"categories":[1],"tags":[],"class_list":["post-967193","post","type-post","status-publish","format-standard","has-post-thumbnail","hentry","category-actualidad"],"aioseo_notices":[],"aioseo_head":"\n\t\t<!-- All in One SEO Pro 5.0.1 - aioseo.com -->\n\t<meta name=\"description\" content=\"El ministro de Educaci\u00f3n, Cultura y Deportes, \u00cd\u00f1igo M\u00e9ndez de Vigo, ha asegurado que la tasa de abandono escolar en Espa\u00f1a estar\u00e1 en el 15% en el a\u00f1o 2020, de tal manera que &quot;nuestro pa\u00eds cumplir\u00e1 con los compromisos adquiridos&quot;. Adem\u00e1s, ha defendido la necesidad de que en las escuelas haya una asignatura sobre la\" \/>\n\t<meta name=\"robots\" content=\"max-image-preview:large\" \/>\n\t<meta name=\"author\" content=\"El Digital de Asturias\"\/>\n\t<meta name=\"google-site-verification\" content=\"UA-38556648-1\" \/>\n\t<meta name=\"msvalidate.01\" content=\"7dfe9f3f1b24437ab69f4f2559babe99\" \/>\n\t<meta name=\"keywords\" content=\"actualidad\" \/>\n\t<link rel=\"canonical\" href=\"https:\/\/www.eldigitaldeasturias.com\/noticias\/mendez-de-vigo-asegura-que-el-abandono-escolar-temprano-en-espana-estara-por-debajo-del-15-en-el-ano-2020\/\" \/>\n\t<meta name=\"generator\" content=\"All in One SEO Pro (AIOSEO) 5.0.1\" \/>\n\t\t<meta property=\"og:locale\" content=\"es_ES\" \/>\n\t\t<meta property=\"og:site_name\" content=\"El Digital de Asturias\" \/>\n\t\t<meta property=\"og:type\" content=\"article\" \/>\n\t\t<meta property=\"og:title\" content=\"M\u00e9ndez de Vigo asegura que el abandono escolar temprano en Espa\u00f1a estar\u00e1 por debajo del 15% en el a\u00f1o 2020 - El Digital de Asturias\" \/>\n\t\t<meta property=\"og:description\" content=\"El ministro de Educaci\u00f3n, Cultura y Deportes, \u00cd\u00f1igo M\u00e9ndez de Vigo, ha asegurado que la tasa de abandono escolar en Espa\u00f1a estar\u00e1 en el 15% en el a\u00f1o 2020, de tal manera que &quot;nuestro pa\u00eds cumplir\u00e1 con los compromisos adquiridos&quot;. Adem\u00e1s, ha defendido la necesidad de que en las escuelas haya una asignatura sobre la\" \/>\n\t\t<meta property=\"og:url\" content=\"https:\/\/www.eldigitaldeasturias.com\/noticias\/mendez-de-vigo-asegura-que-el-abandono-escolar-temprano-en-espana-estara-por-debajo-del-15-en-el-ano-2020\/\" \/>\n\t\t<meta property=\"article:tag\" content=\"actualidad\" \/>\n\t\t<meta property=\"article:published_time\" content=\"2018-01-27T14:41:06+00:00\" \/>\n\t\t<meta property=\"article:modified_time\" content=\"2018-01-27T14:41:06+00:00\" \/>\n\t\t<meta property=\"article:publisher\" content=\"https:\/\/facebook.com\/eldigitaldeasturias\" \/>\n\t\t<meta name=\"twitter:card\" content=\"summary_large_image\" \/>\n\t\t<meta name=\"twitter:title\" content=\"M\u00e9ndez de Vigo asegura que el abandono escolar temprano en Espa\u00f1a estar\u00e1 por debajo del 15% en el a\u00f1o 2020 - El Digital de Asturias\" \/>\n\t\t<meta name=\"twitter:description\" content=\"El ministro de Educaci\u00f3n, Cultura y Deportes, \u00cd\u00f1igo M\u00e9ndez de Vigo, ha asegurado que la tasa de abandono escolar en Espa\u00f1a estar\u00e1 en el 15% en el a\u00f1o 2020, de tal manera que &quot;nuestro pa\u00eds cumplir\u00e1 con los compromisos adquiridos&quot;. Adem\u00e1s, ha defendido la necesidad de que en las escuelas haya una asignatura sobre la\" \/>\n\t\t<meta name=\"twitter:image\" content=\"https:\/\/www.eldigitaldeasturias.com\/noticias\/wp-content\/uploads\/2020\/12\/EDA-1.jpg\" \/>\n\t\t<meta name=\"twitter:label1\" content=\"Escrito por\" \/>\n\t\t<meta name=\"twitter:data1\" content=\"El Digital de Asturias\" \/>\n\t\t<meta name=\"twitter:label2\" content=\"Tiempo de lectura estimado\" \/>\n\t\t<meta name=\"twitter:data2\" content=\"5 minutos\" \/>\n\t\t<script type=\"application\/ld+json\" class=\"aioseo-schema\">\n\t\t\t{\"@context\":\"https:\\\/\\\/schema.org\",\"@graph\":[{\"@type\":\"BlogPosting\",\"@id\":\"https:\\\/\\\/www.eldigitaldeasturias.com\\\/noticias\\\/mendez-de-vigo-asegura-que-el-abandono-escolar-temprano-en-espana-estara-por-debajo-del-15-en-el-ano-2020\\\/#blogposting\",\"name\":\"M\\u00e9ndez de Vigo asegura que el abandono escolar temprano en Espa\\u00f1a estar\\u00e1 por debajo del 15% en el a\\u00f1o 2020 - El Digital de Asturias\",\"headline\":\"M\\u00e9ndez de Vigo asegura que el abandono escolar temprano en Espa\\u00f1a estar\\u00e1 por debajo del 15% en el a\\u00f1o 2020\",\"author\":{\"@id\":\"https:\\\/\\\/www.eldigitaldeasturias.com\\\/noticias\\\/author\\\/admin\\\/#author\"},\"publisher\":{\"@id\":\"https:\\\/\\\/www.eldigitaldeasturias.com\\\/noticias\\\/#organization\"},\"image\":{\"@type\":\"ImageObject\",\"url\":967194},\"datePublished\":\"2018-01-27T14:41:06+01:00\",\"dateModified\":\"2018-01-27T14:41:06+01:00\",\"inLanguage\":\"es-ES\",\"mainEntityOfPage\":{\"@id\":\"https:\\\/\\\/www.eldigitaldeasturias.com\\\/noticias\\\/mendez-de-vigo-asegura-que-el-abandono-escolar-temprano-en-espana-estara-por-debajo-del-15-en-el-ano-2020\\\/#webpage\"},\"isPartOf\":{\"@id\":\"https:\\\/\\\/www.eldigitaldeasturias.com\\\/noticias\\\/mendez-de-vigo-asegura-que-el-abandono-escolar-temprano-en-espana-estara-por-debajo-del-15-en-el-ano-2020\\\/#webpage\"},\"articleSection\":\"Actualidad\"},{\"@type\":\"BreadcrumbList\",\"@id\":\"https:\\\/\\\/www.eldigitaldeasturias.com\\\/noticias\\\/mendez-de-vigo-asegura-que-el-abandono-escolar-temprano-en-espana-estara-por-debajo-del-15-en-el-ano-2020\\\/#breadcrumblist\",\"itemListElement\":[{\"@type\":\"ListItem\",\"@id\":\"https:\\\/\\\/www.eldigitaldeasturias.com\\\/noticias#listItem\",\"position\":1,\"name\":\"Home\",\"item\":\"https:\\\/\\\/www.eldigitaldeasturias.com\\\/noticias\",\"nextItem\":{\"@type\":\"ListItem\",\"@id\":\"https:\\\/\\\/www.eldigitaldeasturias.com\\\/noticias\\\/category\\\/actualidad\\\/#listItem\",\"name\":\"Actualidad\"}},{\"@type\":\"ListItem\",\"@id\":\"https:\\\/\\\/www.eldigitaldeasturias.com\\\/noticias\\\/category\\\/actualidad\\\/#listItem\",\"position\":2,\"name\":\"Actualidad\",\"item\":\"https:\\\/\\\/www.eldigitaldeasturias.com\\\/noticias\\\/category\\\/actualidad\\\/\",\"nextItem\":{\"@type\":\"ListItem\",\"@id\":\"https:\\\/\\\/www.eldigitaldeasturias.com\\\/noticias\\\/mendez-de-vigo-asegura-que-el-abandono-escolar-temprano-en-espana-estara-por-debajo-del-15-en-el-ano-2020\\\/#listItem\",\"name\":\"M\\u00e9ndez de Vigo asegura que el abandono escolar temprano en Espa\\u00f1a estar\\u00e1 por debajo del 15% en el a\\u00f1o 2020\"},\"previousItem\":{\"@type\":\"ListItem\",\"@id\":\"https:\\\/\\\/www.eldigitaldeasturias.com\\\/noticias#listItem\",\"name\":\"Home\"}},{\"@type\":\"ListItem\",\"@id\":\"https:\\\/\\\/www.eldigitaldeasturias.com\\\/noticias\\\/mendez-de-vigo-asegura-que-el-abandono-escolar-temprano-en-espana-estara-por-debajo-del-15-en-el-ano-2020\\\/#listItem\",\"position\":3,\"name\":\"M\\u00e9ndez de Vigo asegura que el abandono escolar temprano en Espa\\u00f1a estar\\u00e1 por debajo del 15% en el a\\u00f1o 2020\",\"previousItem\":{\"@type\":\"ListItem\",\"@id\":\"https:\\\/\\\/www.eldigitaldeasturias.com\\\/noticias\\\/category\\\/actualidad\\\/#listItem\",\"name\":\"Actualidad\"}}]},{\"@type\":\"Organization\",\"@id\":\"https:\\\/\\\/www.eldigitaldeasturias.com\\\/noticias\\\/#organization\",\"name\":\"El Digital de Asturias\",\"description\":\"Hemeroteca\",\"url\":\"https:\\\/\\\/www.eldigitaldeasturias.com\\\/noticias\\\/\",\"email\":\"info@eldigitaldeasturias.com\",\"telephone\":\"+34652131393\",\"logo\":{\"@type\":\"ImageObject\",\"url\":\"https:\\\/\\\/www.eldigitaldeasturias.com\\\/noticias\\\/wp-content\\\/uploads\\\/2020\\\/12\\\/EDA.jpg\",\"@id\":\"https:\\\/\\\/www.eldigitaldeasturias.com\\\/noticias\\\/mendez-de-vigo-asegura-que-el-abandono-escolar-temprano-en-espana-estara-por-debajo-del-15-en-el-ano-2020\\\/#organizationLogo\"},\"image\":{\"@id\":\"https:\\\/\\\/www.eldigitaldeasturias.com\\\/noticias\\\/mendez-de-vigo-asegura-que-el-abandono-escolar-temprano-en-espana-estara-por-debajo-del-15-en-el-ano-2020\\\/#organizationLogo\"},\"sameAs\":[\"https:\\\/\\\/facebook.com\\\/eldigitaldeasturias\",\"https:\\\/\\\/www.youtube.com\\\/channel\\\/UCZP-2wLEB9Rv6erhFmqVnvg\"],\"address\":{\"@id\":\"https:\\\/\\\/www.eldigitaldeasturias.com\\\/noticias\\\/#postaladdress\",\"@type\":\"PostalAddress\",\"streetAddress\":\"san antonio 4\",\"postalCode\":\"33430\",\"addressLocality\":\"Cand\\u00e1s\",\"addressRegion\":\"Asturias\",\"addressCountry\":\"ES\"}},{\"@type\":\"Person\",\"@id\":\"https:\\\/\\\/www.eldigitaldeasturias.com\\\/noticias\\\/author\\\/admin\\\/#author\",\"url\":\"https:\\\/\\\/www.eldigitaldeasturias.com\\\/noticias\\\/author\\\/admin\\\/\",\"name\":\"El Digital de Asturias\",\"image\":{\"@type\":\"ImageObject\",\"@id\":\"https:\\\/\\\/www.eldigitaldeasturias.com\\\/noticias\\\/mendez-de-vigo-asegura-que-el-abandono-escolar-temprano-en-espana-estara-por-debajo-del-15-en-el-ano-2020\\\/#authorImage\",\"url\":\"https:\\\/\\\/secure.gravatar.com\\\/avatar\\\/df2aeffc32bcd13f8d26072ef8a91b623d677766deac7f97ca815868cd41bf5e?s=96&d=mm&r=g\",\"width\":96,\"height\":96,\"caption\":\"El Digital de Asturias\"}},{\"@type\":\"WebPage\",\"@id\":\"https:\\\/\\\/www.eldigitaldeasturias.com\\\/noticias\\\/mendez-de-vigo-asegura-que-el-abandono-escolar-temprano-en-espana-estara-por-debajo-del-15-en-el-ano-2020\\\/#webpage\",\"url\":\"https:\\\/\\\/www.eldigitaldeasturias.com\\\/noticias\\\/mendez-de-vigo-asegura-que-el-abandono-escolar-temprano-en-espana-estara-por-debajo-del-15-en-el-ano-2020\\\/\",\"name\":\"M\\u00e9ndez de Vigo asegura que el abandono escolar temprano en Espa\\u00f1a estar\\u00e1 por debajo del 15% en el a\\u00f1o 2020 - El Digital de Asturias\",\"description\":\"El ministro de Educaci\\u00f3n, Cultura y Deportes, \\u00cd\\u00f1igo M\\u00e9ndez de Vigo, ha asegurado que la tasa de abandono escolar en Espa\\u00f1a estar\\u00e1 en el 15% en el a\\u00f1o 2020, de tal manera que \\\"nuestro pa\\u00eds cumplir\\u00e1 con los compromisos adquiridos\\\". Adem\\u00e1s, ha defendido la necesidad de que en las escuelas haya una asignatura sobre la\",\"inLanguage\":\"es-ES\",\"isPartOf\":{\"@id\":\"https:\\\/\\\/www.eldigitaldeasturias.com\\\/noticias\\\/#website\"},\"breadcrumb\":{\"@id\":\"https:\\\/\\\/www.eldigitaldeasturias.com\\\/noticias\\\/mendez-de-vigo-asegura-que-el-abandono-escolar-temprano-en-espana-estara-por-debajo-del-15-en-el-ano-2020\\\/#breadcrumblist\"},\"author\":{\"@id\":\"https:\\\/\\\/www.eldigitaldeasturias.com\\\/noticias\\\/author\\\/admin\\\/#author\"},\"creator\":{\"@id\":\"https:\\\/\\\/www.eldigitaldeasturias.com\\\/noticias\\\/author\\\/admin\\\/#author\"},\"image\":{\"@type\":\"ImageObject\",\"url\":967194,\"@id\":\"https:\\\/\\\/www.eldigitaldeasturias.com\\\/noticias\\\/mendez-de-vigo-asegura-que-el-abandono-escolar-temprano-en-espana-estara-por-debajo-del-15-en-el-ano-2020\\\/#mainImage\"},\"primaryImageOfPage\":{\"@id\":\"https:\\\/\\\/www.eldigitaldeasturias.com\\\/noticias\\\/mendez-de-vigo-asegura-que-el-abandono-escolar-temprano-en-espana-estara-por-debajo-del-15-en-el-ano-2020\\\/#mainImage\"},\"datePublished\":\"2018-01-27T14:41:06+01:00\",\"dateModified\":\"2018-01-27T14:41:06+01:00\"},{\"@type\":\"WebSite\",\"@id\":\"https:\\\/\\\/www.eldigitaldeasturias.com\\\/noticias\\\/#website\",\"url\":\"https:\\\/\\\/www.eldigitaldeasturias.com\\\/noticias\\\/\",\"name\":\"El Digital de Asturias - Diario de actualidad y noticias\",\"alternateName\":\"El Digital de Asturias - Diario de actualidad y noticias\",\"description\":\"Hemeroteca\",\"inLanguage\":\"es-ES\",\"publisher\":{\"@id\":\"https:\\\/\\\/www.eldigitaldeasturias.com\\\/noticias\\\/#organization\"}}]}\n\t\t<\/script>\n\t\t<!-- All in One SEO Pro -->\r\n\t\t<title>M\u00e9ndez de Vigo asegura que el abandono escolar temprano en Espa\u00f1a estar\u00e1 por debajo del 15% en el a\u00f1o 2020 - El Digital de Asturias<\/title>\n\n","aioseo_head_json":{"title":"M\u00e9ndez de Vigo asegura que el abandono escolar temprano en Espa\u00f1a estar\u00e1 por debajo del 15% en el a\u00f1o 2020 - El Digital de Asturias","description":"El ministro de Educaci\u00f3n, Cultura y Deportes, \u00cd\u00f1igo M\u00e9ndez de Vigo, ha asegurado que la tasa de abandono escolar en Espa\u00f1a estar\u00e1 en el 15% en el a\u00f1o 2020, de tal manera que \"nuestro pa\u00eds cumplir\u00e1 con los compromisos adquiridos\". Adem\u00e1s, ha defendido la necesidad de que en las escuelas haya una asignatura sobre la","canonical_url":"https:\/\/www.eldigitaldeasturias.com\/noticias\/mendez-de-vigo-asegura-que-el-abandono-escolar-temprano-en-espana-estara-por-debajo-del-15-en-el-ano-2020\/","robots":"max-image-preview:large","keywords":"actualidad","webmasterTools":{"google-site-verification":"UA-38556648-1","msvalidate.01":"7dfe9f3f1b24437ab69f4f2559babe99","miscellaneous":""},"schema":{"@context":"https:\/\/schema.org","@graph":[{"@type":"BlogPosting","@id":"https:\/\/www.eldigitaldeasturias.com\/noticias\/mendez-de-vigo-asegura-que-el-abandono-escolar-temprano-en-espana-estara-por-debajo-del-15-en-el-ano-2020\/#blogposting","name":"M\u00e9ndez de Vigo asegura que el abandono escolar temprano en Espa\u00f1a estar\u00e1 por debajo del 15% en el a\u00f1o 2020 - El Digital de Asturias","headline":"M\u00e9ndez de Vigo asegura que el abandono escolar temprano en Espa\u00f1a estar\u00e1 por debajo del 15% en el a\u00f1o 2020","author":{"@id":"https:\/\/www.eldigitaldeasturias.com\/noticias\/author\/admin\/#author"},"publisher":{"@id":"https:\/\/www.eldigitaldeasturias.com\/noticias\/#organization"},"image":{"@type":"ImageObject","url":967194},"datePublished":"2018-01-27T14:41:06+01:00","dateModified":"2018-01-27T14:41:06+01:00","inLanguage":"es-ES","mainEntityOfPage":{"@id":"https:\/\/www.eldigitaldeasturias.com\/noticias\/mendez-de-vigo-asegura-que-el-abandono-escolar-temprano-en-espana-estara-por-debajo-del-15-en-el-ano-2020\/#webpage"},"isPartOf":{"@id":"https:\/\/www.eldigitaldeasturias.com\/noticias\/mendez-de-vigo-asegura-que-el-abandono-escolar-temprano-en-espana-estara-por-debajo-del-15-en-el-ano-2020\/#webpage"},"articleSection":"Actualidad"},{"@type":"BreadcrumbList","@id":"https:\/\/www.eldigitaldeasturias.com\/noticias\/mendez-de-vigo-asegura-que-el-abandono-escolar-temprano-en-espana-estara-por-debajo-del-15-en-el-ano-2020\/#breadcrumblist","itemListElement":[{"@type":"ListItem","@id":"https:\/\/www.eldigitaldeasturias.com\/noticias#listItem","position":1,"name":"Home","item":"https:\/\/www.eldigitaldeasturias.com\/noticias","nextItem":{"@type":"ListItem","@id":"https:\/\/www.eldigitaldeasturias.com\/noticias\/category\/actualidad\/#listItem","name":"Actualidad"}},{"@type":"ListItem","@id":"https:\/\/www.eldigitaldeasturias.com\/noticias\/category\/actualidad\/#listItem","position":2,"name":"Actualidad","item":"https:\/\/www.eldigitaldeasturias.com\/noticias\/category\/actualidad\/","nextItem":{"@type":"ListItem","@id":"https:\/\/www.eldigitaldeasturias.com\/noticias\/mendez-de-vigo-asegura-que-el-abandono-escolar-temprano-en-espana-estara-por-debajo-del-15-en-el-ano-2020\/#listItem","name":"M\u00e9ndez de Vigo asegura que el abandono escolar temprano en Espa\u00f1a estar\u00e1 por debajo del 15% en el a\u00f1o 2020"},"previousItem":{"@type":"ListItem","@id":"https:\/\/www.eldigitaldeasturias.com\/noticias#listItem","name":"Home"}},{"@type":"ListItem","@id":"https:\/\/www.eldigitaldeasturias.com\/noticias\/mendez-de-vigo-asegura-que-el-abandono-escolar-temprano-en-espana-estara-por-debajo-del-15-en-el-ano-2020\/#listItem","position":3,"name":"M\u00e9ndez de Vigo asegura que el abandono escolar temprano en Espa\u00f1a estar\u00e1 por debajo del 15% en el a\u00f1o 2020","previousItem":{"@type":"ListItem","@id":"https:\/\/www.eldigitaldeasturias.com\/noticias\/category\/actualidad\/#listItem","name":"Actualidad"}}]},{"@type":"Organization","@id":"https:\/\/www.eldigitaldeasturias.com\/noticias\/#organization","name":"El Digital de Asturias","description":"Hemeroteca","url":"https:\/\/www.eldigitaldeasturias.com\/noticias\/","email":"info@eldigitaldeasturias.com","telephone":"+34652131393","logo":{"@type":"ImageObject","url":"https:\/\/www.eldigitaldeasturias.com\/noticias\/wp-content\/uploads\/2020\/12\/EDA.jpg","@id":"https:\/\/www.eldigitaldeasturias.com\/noticias\/mendez-de-vigo-asegura-que-el-abandono-escolar-temprano-en-espana-estara-por-debajo-del-15-en-el-ano-2020\/#organizationLogo"},"image":{"@id":"https:\/\/www.eldigitaldeasturias.com\/noticias\/mendez-de-vigo-asegura-que-el-abandono-escolar-temprano-en-espana-estara-por-debajo-del-15-en-el-ano-2020\/#organizationLogo"},"sameAs":["https:\/\/facebook.com\/eldigitaldeasturias","https:\/\/www.youtube.com\/channel\/UCZP-2wLEB9Rv6erhFmqVnvg"],"address":{"@id":"https:\/\/www.eldigitaldeasturias.com\/noticias\/#postaladdress","@type":"PostalAddress","streetAddress":"san antonio 4","postalCode":"33430","addressLocality":"Cand\u00e1s","addressRegion":"Asturias","addressCountry":"ES"}},{"@type":"Person","@id":"https:\/\/www.eldigitaldeasturias.com\/noticias\/author\/admin\/#author","url":"https:\/\/www.eldigitaldeasturias.com\/noticias\/author\/admin\/","name":"El Digital de Asturias","image":{"@type":"ImageObject","@id":"https:\/\/www.eldigitaldeasturias.com\/noticias\/mendez-de-vigo-asegura-que-el-abandono-escolar-temprano-en-espana-estara-por-debajo-del-15-en-el-ano-2020\/#authorImage","url":"https:\/\/secure.gravatar.com\/avatar\/df2aeffc32bcd13f8d26072ef8a91b623d677766deac7f97ca815868cd41bf5e?s=96&d=mm&r=g","width":96,"height":96,"caption":"El Digital de Asturias"}},{"@type":"WebPage","@id":"https:\/\/www.eldigitaldeasturias.com\/noticias\/mendez-de-vigo-asegura-que-el-abandono-escolar-temprano-en-espana-estara-por-debajo-del-15-en-el-ano-2020\/#webpage","url":"https:\/\/www.eldigitaldeasturias.com\/noticias\/mendez-de-vigo-asegura-que-el-abandono-escolar-temprano-en-espana-estara-por-debajo-del-15-en-el-ano-2020\/","name":"M\u00e9ndez de Vigo asegura que el abandono escolar temprano en Espa\u00f1a estar\u00e1 por debajo del 15% en el a\u00f1o 2020 - El Digital de Asturias","description":"El ministro de Educaci\u00f3n, Cultura y Deportes, \u00cd\u00f1igo M\u00e9ndez de Vigo, ha asegurado que la tasa de abandono escolar en Espa\u00f1a estar\u00e1 en el 15% en el a\u00f1o 2020, de tal manera que \"nuestro pa\u00eds cumplir\u00e1 con los compromisos adquiridos\". Adem\u00e1s, ha defendido la necesidad de que en las escuelas haya una asignatura sobre la","inLanguage":"es-ES","isPartOf":{"@id":"https:\/\/www.eldigitaldeasturias.com\/noticias\/#website"},"breadcrumb":{"@id":"https:\/\/www.eldigitaldeasturias.com\/noticias\/mendez-de-vigo-asegura-que-el-abandono-escolar-temprano-en-espana-estara-por-debajo-del-15-en-el-ano-2020\/#breadcrumblist"},"author":{"@id":"https:\/\/www.eldigitaldeasturias.com\/noticias\/author\/admin\/#author"},"creator":{"@id":"https:\/\/www.eldigitaldeasturias.com\/noticias\/author\/admin\/#author"},"image":{"@type":"ImageObject","url":967194,"@id":"https:\/\/www.eldigitaldeasturias.com\/noticias\/mendez-de-vigo-asegura-que-el-abandono-escolar-temprano-en-espana-estara-por-debajo-del-15-en-el-ano-2020\/#mainImage"},"primaryImageOfPage":{"@id":"https:\/\/www.eldigitaldeasturias.com\/noticias\/mendez-de-vigo-asegura-que-el-abandono-escolar-temprano-en-espana-estara-por-debajo-del-15-en-el-ano-2020\/#mainImage"},"datePublished":"2018-01-27T14:41:06+01:00","dateModified":"2018-01-27T14:41:06+01:00"},{"@type":"WebSite","@id":"https:\/\/www.eldigitaldeasturias.com\/noticias\/#website","url":"https:\/\/www.eldigitaldeasturias.com\/noticias\/","name":"El Digital de Asturias - Diario de actualidad y noticias","alternateName":"El Digital de Asturias - Diario de actualidad y noticias","description":"Hemeroteca","inLanguage":"es-ES","publisher":{"@id":"https:\/\/www.eldigitaldeasturias.com\/noticias\/#organization"}}]},"og:locale":"es_ES","og:site_name":"El Digital de Asturias","og:type":"article","og:title":"M\u00e9ndez de Vigo asegura que el abandono escolar temprano en Espa\u00f1a estar\u00e1 por debajo del 15% en el a\u00f1o 2020 - El Digital de Asturias","og:description":"El ministro de Educaci\u00f3n, Cultura y Deportes, \u00cd\u00f1igo M\u00e9ndez de Vigo, ha asegurado que la tasa de abandono escolar en Espa\u00f1a estar\u00e1 en el 15% en el a\u00f1o 2020, de tal manera que &quot;nuestro pa\u00eds cumplir\u00e1 con los compromisos adquiridos&quot;. Adem\u00e1s, ha defendido la necesidad de que en las escuelas haya una asignatura sobre la","og:url":"https:\/\/www.eldigitaldeasturias.com\/noticias\/mendez-de-vigo-asegura-que-el-abandono-escolar-temprano-en-espana-estara-por-debajo-del-15-en-el-ano-2020\/","article:tag":["actualidad"],"article:published_time":"2018-01-27T14:41:06+00:00","article:modified_time":"2018-01-27T14:41:06+00:00","article:publisher":"https:\/\/facebook.com\/eldigitaldeasturias","twitter:card":"summary_large_image","twitter:title":"M\u00e9ndez de Vigo asegura que el abandono escolar temprano en Espa\u00f1a estar\u00e1 por debajo del 15% en el a\u00f1o 2020 - El Digital de Asturias","twitter:description":"El ministro de Educaci\u00f3n, Cultura y Deportes, \u00cd\u00f1igo M\u00e9ndez de Vigo, ha asegurado que la tasa de abandono escolar en Espa\u00f1a estar\u00e1 en el 15% en el a\u00f1o 2020, de tal manera que &quot;nuestro pa\u00eds cumplir\u00e1 con los compromisos adquiridos&quot;. Adem\u00e1s, ha defendido la necesidad de que en las escuelas haya una asignatura sobre la","twitter:image":"https:\/\/www.eldigitaldeasturias.com\/noticias\/wp-content\/uploads\/2020\/12\/EDA-1.jpg","twitter:label1":"Escrito por","twitter:data1":"El Digital de Asturias","twitter:label2":"Tiempo de lectura estimado","twitter:data2":"5 minutos"},"aioseo_meta_data":{"post_id":"967193","title":null,"description":null,"keywords":null,"keyphrases":null,"primary_term":null,"canonical_url":null,"og_title":null,"og_description":null,"og_object_type":"default","og_image_type":"default","og_image_url":null,"og_image_width":null,"og_image_height":null,"og_image_custom_url":null,"og_image_custom_fields":null,"og_video":null,"og_custom_url":null,"og_article_section":null,"og_article_tags":null,"twitter_use_og":false,"twitter_card":"default","twitter_image_type":"default","twitter_image_url":null,"twitter_image_custom_url":null,"twitter_image_custom_fields":null,"twitter_title":null,"twitter_description":null,"schema":{"blockGraphs":[],"customGraphs":[],"default":{"data":{"Article":[],"Course":[],"Dataset":[],"FAQPage":[],"Movie":[],"Person":[],"Product":[],"ProductReview":[],"Car":[],"Recipe":[],"Service":[],"SoftwareApplication":[],"WebPage":[]},"graphName":"","isEnabled":true},"graphs":[],"defaultGraph":"","defaultPostTypeGraph":""},"schema_type":null,"schema_type_options":null,"pillar_content":false,"robots_default":true,"robots_noindex":false,"robots_noarchive":false,"robots_nosnippet":false,"robots_nofollow":false,"robots_noimageindex":false,"robots_noodp":false,"robots_notranslate":false,"robots_max_snippet":null,"robots_max_videopreview":null,"robots_max_imagepreview":"large","priority":null,"frequency":null,"local_seo":null,"seo_analyzer_scan_date":"2025-10-06 18:12:04","breadcrumb_settings":null,"limit_modified_date":false,"open_ai":null,"ai":null,"created":"2020-12-21 12:33:36","updated":"2025-10-06 18:12:04","focus_keyword":null,"additional_keywords":null,"truseo_locale":null},"aioseo_breadcrumb":"<div class=\"aioseo-breadcrumbs\"><span class=\"aioseo-breadcrumb\">\n\t<a href=\"https:\/\/www.eldigitaldeasturias.com\/noticias\" title=\"Home\">Home<\/a>\n<\/span><span class=\"aioseo-breadcrumb-separator\">\u2013<\/span><span class=\"aioseo-breadcrumb\">\n\t<a href=\"https:\/\/www.eldigitaldeasturias.com\/noticias\/category\/actualidad\/\" title=\"Actualidad\">Actualidad<\/a>\n<\/span><span class=\"aioseo-breadcrumb-separator\">\u2013<\/span><span class=\"aioseo-breadcrumb\">\n\t<a href=\"https:\/\/www.eldigitaldeasturias.com\/noticias\/mendez-de-vigo-asegura-que-el-abandono-escolar-temprano-en-espana-estara-por-debajo-del-15-en-el-ano-2020\/\" title=\"M\u00e9ndez de Vigo asegura que el abandono escolar temprano en Espa\u00f1a estar\u00e1 por debajo del 15% en el a\u00f1o 2020\">M\u00e9ndez de Vigo asegura que el abandono escolar temprano en Espa\u00f1a estar\u00e1 por debajo del 15% en el a\u00f1o 2020<\/a>\n<\/span><\/div>","aioseo_breadcrumb_json":[{"label":"Home","link":"https:\/\/www.eldigitaldeasturias.com\/noticias"},{"label":"Actualidad","link":"https:\/\/www.eldigitaldeasturias.com\/noticias\/category\/actualidad\/"},{"label":"M\u00e9ndez de Vigo asegura que el abandono escolar temprano en Espa\u00f1a estar\u00e1 por debajo del 15% en el a\u00f1o 2020","link":"https:\/\/www.eldigitaldeasturias.com\/noticias\/mendez-de-vigo-asegura-que-el-abandono-escolar-temprano-en-espana-estara-por-debajo-del-15-en-el-ano-2020\/"}],"_links":{"self":[{"href":"https:\/\/www.eldigitaldeasturias.com\/noticias\/wp-json\/wp\/v2\/posts\/967193","targetHints":{"allow":["GET"]}}],"collection":[{"href":"https:\/\/www.eldigitaldeasturias.com\/noticias\/wp-json\/wp\/v2\/posts"}],"about":[{"href":"https:\/\/www.eldigitaldeasturias.com\/noticias\/wp-json\/wp\/v2\/types\/post"}],"author":[{"embeddable":true,"href":"https:\/\/www.eldigitaldeasturias.com\/noticias\/wp-json\/wp\/v2\/users\/1"}],"replies":[{"embeddable":true,"href":"https:\/\/www.eldigitaldeasturias.com\/noticias\/wp-json\/wp\/v2\/comments?post=967193"}],"version-history":[{"count":0,"href":"https:\/\/www.eldigitaldeasturias.com\/noticias\/wp-json\/wp\/v2\/posts\/967193\/revisions"}],"wp:attachment":[{"href":"https:\/\/www.eldigitaldeasturias.com\/noticias\/wp-json\/wp\/v2\/media?parent=967193"}],"wp:term":[{"taxonomy":"category","embeddable":true,"href":"https:\/\/www.eldigitaldeasturias.com\/noticias\/wp-json\/wp\/v2\/categories?post=967193"},{"taxonomy":"post_tag","embeddable":true,"href":"https:\/\/www.eldigitaldeasturias.com\/noticias\/wp-json\/wp\/v2\/tags?post=967193"}],"curies":[{"name":"wp","href":"https:\/\/api.w.org\/{rel}","templated":true}]}}