{"id":966996,"date":"2018-01-25T08:06:27","date_gmt":"2018-01-25T08:06:27","guid":{"rendered":"http:\/\/www.eldigitaldeasturias.com\/noticias\/?p=966996"},"modified":"2018-01-25T08:06:27","modified_gmt":"2018-01-25T08:06:27","slug":"dolors-montserrat-propone-un-pacto-de-estado-por-la-infancia","status":"publish","type":"post","link":"https:\/\/www.eldigitaldeasturias.com\/noticias\/dolors-montserrat-propone-un-pacto-de-estado-por-la-infancia\/","title":{"rendered":"Dolors Montserrat propone un Pacto de Estado por la Infancia"},"content":{"rendered":"<p><img loading=\"lazy\" decoding=\"async\" class=\"alignleft size-medium wp-image-966997\" src=\"https:\/\/www.eldigitaldeasturias.com\/noticias\/wp-content\/uploads\/2018\/01\/240118-Montserrat-360x239.jpg\" alt=\"\" width=\"360\" height=\"239\" \/>La ministra de Sanidad, Servicios Sociales e Igualdad, Dolors Montserrat, ha comparecido en la nueva Comisi\u00f3n sobre los Derechos de la Infancia y Adolescencia creada esta legislatura en el Congreso de los Diputados, donde ha anunciado su voluntad de poner en marcha \u00abun Pacto de Estado por la Infancia\u00bb que aborde, desde el consenso pol\u00edtico y territorial, la necesaria protecci\u00f3n de la infancia.<\/p>\n<p>Para la ministra, este pacto debe establecerse en base a tres l\u00edneas de actuaci\u00f3n, que podr\u00edan encuadrarse en las tres categor\u00edas de derechos del ni\u00f1o consagrados en la Convenci\u00f3n y conocidas como las \u00abtres pes\u00bb: promoci\u00f3n, protecci\u00f3n y participaci\u00f3n.<\/p>\n<p>Asimismo, para trabajar en este Pacto la ministra propone \u00abconstituir una subcomisi\u00f3n de estudio que aborde el pacto de estado por la infancia en las \u00abtres pes\u00bb y analice las necesidades de los diferentes modelos y situaciones familiares a los que tenemos que dar respuesta como la guarda y custodia compartida, la delimitaci\u00f3n del concepto de familia monoparental y las ayudas a las familias numerosas.<\/p>\n<p><strong>Promoci\u00f3n y apoyo a la familia<\/strong><\/p>\n<p>La ministra Dolors Montserrat ha iniciado su intervenci\u00f3n defendiendo el papel de la familia en la protecci\u00f3n y promoci\u00f3n de la infancia. \u00abEste Gobierno tiene claro que proteger y apoyar a las familias es la principal forma de proteger a los ni\u00f1os y proporcionarles un mayor bienestar presente y futuro\u00bb. Por ello, ha subrayado la necesidad de apoyar a las familias, la que cada uno forma, para que puedan asumir plenamente sus responsabilidades.<\/p>\n<p>\u00abEste Gobierno defiende y se preocupa de las familias\u00bb, ha manifestado la ministra quien ha destacado que las familias son cada vez son m\u00e1s cambiantes, y han evolucionado dando lugar a modelos familiares muy diversos, por lo que los poderes p\u00fablicos deben ser capaces de dar respuestas cada vez m\u00e1s espec\u00edficas a los diferentes tipos de familias. En este sentido, ha a\u00f1adido que el Gobierno va a seguir apoyando de forma decida a las familias y ha reiterado el compromiso de extender la categor\u00eda de familia numerosa especial desde el cuarto hijo y mantener la condici\u00f3n hasta que el menor de los hijos cumpla los requisitos establecidos para mantener los beneficios sociales.<\/p>\n<p><strong>Protecci\u00f3n de los menores<\/strong><\/p>\n<p>\u00abAcabar con la violencia contra la infancia es una prioridad y un compromiso de este Gobierno\u00bb, ha dicho Dolors Montserrat, quien ha anunciado su voluntad de aprobar en esta legislatura &#8216;el Proyecto de Ley contra la violencia infantil&#8217;.<\/p>\n<p>La ministra ha explicado que los trabajos del anteproyecto est\u00e1n en marcha y que se est\u00e1n analizando y debatiendo las propuestas con las Comunidades Aut\u00f3nomas, con expertos y con entidades del tercer sector. Con esta medida el Ministerio pretende buscar el instrumento que permita mejorar la coordinaci\u00f3n de todos los organismos, mejorar los sistemas de prevenci\u00f3n coordinando mejor los sistemas educativo, sanitario y los servicios sociales y aumentar la concienciaci\u00f3n social frente a la violencia contra la infancia.<\/p>\n<p>En cuanto a la protecci\u00f3n de los menores que se encuentran en situaciones de vulnerabilidad, como los menores en desamparo, la ministra ha manifestado que el ni\u00f1o tiene derecho a crecer en un entorno familiar, porque la familia es el mejor recurso de protecci\u00f3n y el mejor ecosistema natural en el que crecer.<\/p>\n<p>En este sentido, ha dicho que \u00abel Gobierno est\u00e1 trabajando para proporcionar a los menores una oportunidad de vivir en familia. Nuestra aspiraci\u00f3n debe ser que ning\u00fan ni\u00f1o tenga que estar en un centro de acogida\u00bb. Para ello, ha anunciado mejoras en los procesos de acogimiento familiar dise\u00f1ando el mecanismo interterritorial de asignaciones entre Comunidades Aut\u00f3nomas, cuando los ni\u00f1os carezcan de otros familiares cercanos en el territorio, que va a permitir que un ni\u00f1o tenga m\u00e1s y mejores posibilidades de encontrar una familia, sin importar el territorio en el que se encuentre el menor o la familia de acogida o adopci\u00f3n. As\u00ed como un incremento en las campa\u00f1as del ministerio destinadas a fomentar el acogimiento familiar (un mill\u00f3n de euros m\u00e1s). Es importante, ha apuntado, conseguir que las familias dispuestas a acoger o a adoptar, puedan ser localizadas y propuestas tan pronto como el ni\u00f1o entre en el sistema de protecci\u00f3n, viva donde viva.<\/p>\n<p>Asimismo, la ministra ha anunciado que este a\u00f1o se aprobar\u00e1 el reglamento en materia de adopci\u00f3n internacional, trabajado con las Comunidades Aut\u00f3nomas y con las entidades colaboradoras, que unificar\u00e1 los criterios y coordinar\u00e1 el sistema (hasta ahora diferente en cada CCAA), lo que permitir\u00e1 a las familias adoptar en cualquier organismo del territorio nacional, que todas las entidades tengan que cumplir los mismos requisitos y que el coste sea el mismo en toda Espa\u00f1a.<\/p>\n<p>Respecto a la violencia de g\u00e9nero, Dolors Montserrat ha recordado a los ocho ni\u00f1os asesinados v\u00edctimas de la violencia de g\u00e9nero y a los 24 que han quedado hu\u00e9rfanos por esta lacra. Adem\u00e1s, ha recordado el trabajo que se est\u00e1 realizando en el marco del Pacto de Estado contra la Violencia de G\u00e9nero, con importantes medidas destinadas a mejorar la protecci\u00f3n de los menores como la revisi\u00f3n de las medidas relativas a la custodia, el fomento de las actuaciones en el \u00e1mbito educativo o la especializaci\u00f3n de los Puntos de Encuentro Familiar para los casos relacionados con la violencia de g\u00e9nero.<\/p>\n<p><strong>Participaci\u00f3n en nuestra sociedad<\/strong><\/p>\n<p>En cuanto a la participaci\u00f3n de los menores en la sociedad, Dolors Montserrat ha expresado el compromiso del Gobierno para que \u00abesta participaci\u00f3n, que no es una opci\u00f3n, sino que es un derecho, se haga en igualdad de oportunidades y garantizando el bienestar del menor\u00bb.<\/p>\n<p>La ministra ha incidido en que es responsabilidad de este Ministerio la protecci\u00f3n de la salud y la prevenci\u00f3n de h\u00e1bitos perjudiciales como el consumo de alcohol y ha expresado \u00abtolerancia cero\u00bb al consumo de alcohol en menores. Por ello, ha reiterado el compromiso anunciado al inicio de la legislatura de sacar adelante \u00abuna ley de menores sin alcohol\u00bb basada en los objetivos de sensibilizaci\u00f3n, prevenci\u00f3n y control del consumo de alcohol en menores. Estos tres objetivos deben desarrollarse en medidas dirigidas a las familias, que son las protagonistas activas en la sensibilizaci\u00f3n, la prevenci\u00f3n y el control.<\/p>\n<p>La titular de Sanidad ha explicado que \u00abhemos de ser capaces de empoderar a las madres y padres para poner l\u00edmites y valores a sus hijos, que les permitan desarrollar una parentalidad positiva a trav\u00e9s de programas de \u00e9xito como el rol-play, un simulador para padres y educadores donde pueden interactuar y aprender a tomar las decisiones m\u00e1s adecuadas sobre la salud de sus hijos a la hora de prevenir el consumo de alcohol\u00bb.<\/p>\n<p>Asimismo, ha a\u00f1adido que tambi\u00e9n se deber\u00edan reforzar todos los mecanismos que sean necesarios para impedir que llegue el alcohol a los menores, como por ejemplo que en las p\u00e1ginas web con contenidos para menores no se abran ventanas autom\u00e1ticas de publicidad de productos alcoh\u00f3licos.<\/p>\n<p>En el \u00e1mbito sanitario, la ministra propone mejorar los sistemas de informaci\u00f3n y detecci\u00f3n del consumo de alcohol en menores para lo que ser\u00eda necesario aplicar protocolos en las urgenciaa para que se avise a los padres de aquellos menores atendidos por alcoholemia, e incluso ha apostado por poner en marcha protocolos de detecci\u00f3n en los centros de atenci\u00f3n primaria.<\/p>\n<p>Para la ministra Dolors Montserrat, estas y otras medidas deben contemplarse para cumplir los objetivos de sensibilizaci\u00f3n, prevenci\u00f3n y control que debe plantearse la ley y ha a\u00f1adido que est\u00e1 la espera del informe de la comisi\u00f3n parlamentaria y que se logre sacar esta ley con el apoyo de todos.<\/p>\n<p>Junto al alcohol, otro de los problemas que preocupan son los efectos de la obesidad y el sobrepeso de la poblaci\u00f3n infantil. \u00abProteger a los menores es tambi\u00e9n proteger su salud promoviendo estilos de vida saludables\u00bb, por eso desde el Ministerio se est\u00e1 ultimando el primer Plan de Colaboraci\u00f3n para la mejora de la composici\u00f3n de los alimentos y bebidas en Espa\u00f1a 2017-2020 con el fin de reducir de forma paulatina el az\u00facar, la sal y las grasas, y se est\u00e1 elaborando un plan de reducci\u00f3n de adicciones a las nuevas tecnolog\u00edas.<\/p>\n","protected":false},"excerpt":{"rendered":"<p>La ministra de Sanidad, Servicios Sociales e Igualdad, Dolors Montserrat, ha comparecido en la nueva Comisi\u00f3n sobre los Derechos de la Infancia y Adolescencia creada esta legislatura en el Congreso de los Diputados, donde ha anunciado su voluntad de poner en marcha \u00abun Pacto de Estado por la Infancia\u00bb que aborde, desde el consenso pol\u00edtico [&hellip;]<\/p>\n","protected":false},"author":1,"featured_media":966997,"comment_status":"closed","ping_status":"closed","sticky":false,"template":"","format":"standard","meta":{"footnotes":""},"categories":[1],"tags":[],"class_list":["post-966996","post","type-post","status-publish","format-standard","has-post-thumbnail","hentry","category-actualidad"],"aioseo_notices":[],"aioseo_head":"\n\t\t<!-- All in One SEO Pro 5.0.1 - aioseo.com -->\n\t<meta name=\"description\" content=\"La ministra de Sanidad, Servicios Sociales e Igualdad, Dolors Montserrat, ha comparecido en la nueva Comisi\u00f3n sobre los Derechos de la Infancia y Adolescencia creada esta legislatura en el Congreso de los Diputados, donde ha anunciado su voluntad de poner en marcha &quot;un Pacto de Estado por la Infancia&quot; que aborde, desde el consenso pol\u00edtico\" \/>\n\t<meta name=\"robots\" content=\"max-image-preview:large\" \/>\n\t<meta name=\"author\" content=\"El Digital de Asturias\"\/>\n\t<meta name=\"google-site-verification\" content=\"UA-38556648-1\" \/>\n\t<meta name=\"msvalidate.01\" content=\"7dfe9f3f1b24437ab69f4f2559babe99\" \/>\n\t<meta name=\"keywords\" content=\"actualidad\" \/>\n\t<link rel=\"canonical\" href=\"https:\/\/www.eldigitaldeasturias.com\/noticias\/dolors-montserrat-propone-un-pacto-de-estado-por-la-infancia\/\" \/>\n\t<meta name=\"generator\" content=\"All in One SEO Pro (AIOSEO) 5.0.1\" \/>\n\t\t<meta property=\"og:locale\" content=\"es_ES\" \/>\n\t\t<meta property=\"og:site_name\" content=\"El Digital de Asturias\" \/>\n\t\t<meta property=\"og:type\" content=\"article\" \/>\n\t\t<meta property=\"og:title\" content=\"Dolors Montserrat propone un Pacto de Estado por la Infancia - El Digital de Asturias\" \/>\n\t\t<meta property=\"og:description\" content=\"La ministra de Sanidad, Servicios Sociales e Igualdad, Dolors Montserrat, ha comparecido en la nueva Comisi\u00f3n sobre los Derechos de la Infancia y Adolescencia creada esta legislatura en el Congreso de los Diputados, donde ha anunciado su voluntad de poner en marcha &quot;un Pacto de Estado por la Infancia&quot; que aborde, desde el consenso pol\u00edtico\" \/>\n\t\t<meta property=\"og:url\" content=\"https:\/\/www.eldigitaldeasturias.com\/noticias\/dolors-montserrat-propone-un-pacto-de-estado-por-la-infancia\/\" \/>\n\t\t<meta property=\"article:tag\" content=\"actualidad\" \/>\n\t\t<meta property=\"article:published_time\" content=\"2018-01-25T08:06:27+00:00\" \/>\n\t\t<meta property=\"article:modified_time\" content=\"2018-01-25T08:06:27+00:00\" \/>\n\t\t<meta property=\"article:publisher\" content=\"https:\/\/facebook.com\/eldigitaldeasturias\" \/>\n\t\t<meta name=\"twitter:card\" content=\"summary_large_image\" \/>\n\t\t<meta name=\"twitter:title\" content=\"Dolors Montserrat propone un Pacto de Estado por la Infancia - El Digital de Asturias\" \/>\n\t\t<meta name=\"twitter:description\" content=\"La ministra de Sanidad, Servicios Sociales e Igualdad, Dolors Montserrat, ha comparecido en la nueva Comisi\u00f3n sobre los Derechos de la Infancia y Adolescencia creada esta legislatura en el Congreso de los Diputados, donde ha anunciado su voluntad de poner en marcha &quot;un Pacto de Estado por la Infancia&quot; que aborde, desde el consenso pol\u00edtico\" \/>\n\t\t<meta name=\"twitter:image\" content=\"https:\/\/www.eldigitaldeasturias.com\/noticias\/wp-content\/uploads\/2020\/12\/EDA-1.jpg\" \/>\n\t\t<meta name=\"twitter:label1\" content=\"Escrito por\" \/>\n\t\t<meta name=\"twitter:data1\" content=\"El Digital de Asturias\" \/>\n\t\t<meta name=\"twitter:label2\" content=\"Tiempo de lectura estimado\" \/>\n\t\t<meta name=\"twitter:data2\" content=\"7 minutos\" \/>\n\t\t<script type=\"application\/ld+json\" class=\"aioseo-schema\">\n\t\t\t{\"@context\":\"https:\\\/\\\/schema.org\",\"@graph\":[{\"@type\":\"BlogPosting\",\"@id\":\"https:\\\/\\\/www.eldigitaldeasturias.com\\\/noticias\\\/dolors-montserrat-propone-un-pacto-de-estado-por-la-infancia\\\/#blogposting\",\"name\":\"Dolors Montserrat propone un Pacto de Estado por la Infancia - El Digital de Asturias\",\"headline\":\"Dolors Montserrat propone un Pacto de Estado por la Infancia\",\"author\":{\"@id\":\"https:\\\/\\\/www.eldigitaldeasturias.com\\\/noticias\\\/author\\\/admin\\\/#author\"},\"publisher\":{\"@id\":\"https:\\\/\\\/www.eldigitaldeasturias.com\\\/noticias\\\/#organization\"},\"image\":{\"@type\":\"ImageObject\",\"url\":966997},\"datePublished\":\"2018-01-25T08:06:27+01:00\",\"dateModified\":\"2018-01-25T08:06:27+01:00\",\"inLanguage\":\"es-ES\",\"mainEntityOfPage\":{\"@id\":\"https:\\\/\\\/www.eldigitaldeasturias.com\\\/noticias\\\/dolors-montserrat-propone-un-pacto-de-estado-por-la-infancia\\\/#webpage\"},\"isPartOf\":{\"@id\":\"https:\\\/\\\/www.eldigitaldeasturias.com\\\/noticias\\\/dolors-montserrat-propone-un-pacto-de-estado-por-la-infancia\\\/#webpage\"},\"articleSection\":\"Actualidad\"},{\"@type\":\"BreadcrumbList\",\"@id\":\"https:\\\/\\\/www.eldigitaldeasturias.com\\\/noticias\\\/dolors-montserrat-propone-un-pacto-de-estado-por-la-infancia\\\/#breadcrumblist\",\"itemListElement\":[{\"@type\":\"ListItem\",\"@id\":\"https:\\\/\\\/www.eldigitaldeasturias.com\\\/noticias#listItem\",\"position\":1,\"name\":\"Home\",\"item\":\"https:\\\/\\\/www.eldigitaldeasturias.com\\\/noticias\",\"nextItem\":{\"@type\":\"ListItem\",\"@id\":\"https:\\\/\\\/www.eldigitaldeasturias.com\\\/noticias\\\/category\\\/actualidad\\\/#listItem\",\"name\":\"Actualidad\"}},{\"@type\":\"ListItem\",\"@id\":\"https:\\\/\\\/www.eldigitaldeasturias.com\\\/noticias\\\/category\\\/actualidad\\\/#listItem\",\"position\":2,\"name\":\"Actualidad\",\"item\":\"https:\\\/\\\/www.eldigitaldeasturias.com\\\/noticias\\\/category\\\/actualidad\\\/\",\"nextItem\":{\"@type\":\"ListItem\",\"@id\":\"https:\\\/\\\/www.eldigitaldeasturias.com\\\/noticias\\\/dolors-montserrat-propone-un-pacto-de-estado-por-la-infancia\\\/#listItem\",\"name\":\"Dolors Montserrat propone un Pacto de Estado por la Infancia\"},\"previousItem\":{\"@type\":\"ListItem\",\"@id\":\"https:\\\/\\\/www.eldigitaldeasturias.com\\\/noticias#listItem\",\"name\":\"Home\"}},{\"@type\":\"ListItem\",\"@id\":\"https:\\\/\\\/www.eldigitaldeasturias.com\\\/noticias\\\/dolors-montserrat-propone-un-pacto-de-estado-por-la-infancia\\\/#listItem\",\"position\":3,\"name\":\"Dolors Montserrat propone un Pacto de Estado por la Infancia\",\"previousItem\":{\"@type\":\"ListItem\",\"@id\":\"https:\\\/\\\/www.eldigitaldeasturias.com\\\/noticias\\\/category\\\/actualidad\\\/#listItem\",\"name\":\"Actualidad\"}}]},{\"@type\":\"Organization\",\"@id\":\"https:\\\/\\\/www.eldigitaldeasturias.com\\\/noticias\\\/#organization\",\"name\":\"El Digital de Asturias\",\"description\":\"Hemeroteca\",\"url\":\"https:\\\/\\\/www.eldigitaldeasturias.com\\\/noticias\\\/\",\"email\":\"info@eldigitaldeasturias.com\",\"telephone\":\"+34652131393\",\"logo\":{\"@type\":\"ImageObject\",\"url\":\"https:\\\/\\\/www.eldigitaldeasturias.com\\\/noticias\\\/wp-content\\\/uploads\\\/2020\\\/12\\\/EDA.jpg\",\"@id\":\"https:\\\/\\\/www.eldigitaldeasturias.com\\\/noticias\\\/dolors-montserrat-propone-un-pacto-de-estado-por-la-infancia\\\/#organizationLogo\"},\"image\":{\"@id\":\"https:\\\/\\\/www.eldigitaldeasturias.com\\\/noticias\\\/dolors-montserrat-propone-un-pacto-de-estado-por-la-infancia\\\/#organizationLogo\"},\"sameAs\":[\"https:\\\/\\\/facebook.com\\\/eldigitaldeasturias\",\"https:\\\/\\\/www.youtube.com\\\/channel\\\/UCZP-2wLEB9Rv6erhFmqVnvg\"],\"address\":{\"@id\":\"https:\\\/\\\/www.eldigitaldeasturias.com\\\/noticias\\\/#postaladdress\",\"@type\":\"PostalAddress\",\"streetAddress\":\"san antonio 4\",\"postalCode\":\"33430\",\"addressLocality\":\"Cand\\u00e1s\",\"addressRegion\":\"Asturias\",\"addressCountry\":\"ES\"}},{\"@type\":\"Person\",\"@id\":\"https:\\\/\\\/www.eldigitaldeasturias.com\\\/noticias\\\/author\\\/admin\\\/#author\",\"url\":\"https:\\\/\\\/www.eldigitaldeasturias.com\\\/noticias\\\/author\\\/admin\\\/\",\"name\":\"El Digital de Asturias\",\"image\":{\"@type\":\"ImageObject\",\"@id\":\"https:\\\/\\\/www.eldigitaldeasturias.com\\\/noticias\\\/dolors-montserrat-propone-un-pacto-de-estado-por-la-infancia\\\/#authorImage\",\"url\":\"https:\\\/\\\/secure.gravatar.com\\\/avatar\\\/df2aeffc32bcd13f8d26072ef8a91b623d677766deac7f97ca815868cd41bf5e?s=96&d=mm&r=g\",\"width\":96,\"height\":96,\"caption\":\"El Digital de Asturias\"}},{\"@type\":\"WebPage\",\"@id\":\"https:\\\/\\\/www.eldigitaldeasturias.com\\\/noticias\\\/dolors-montserrat-propone-un-pacto-de-estado-por-la-infancia\\\/#webpage\",\"url\":\"https:\\\/\\\/www.eldigitaldeasturias.com\\\/noticias\\\/dolors-montserrat-propone-un-pacto-de-estado-por-la-infancia\\\/\",\"name\":\"Dolors Montserrat propone un Pacto de Estado por la Infancia - El Digital de Asturias\",\"description\":\"La ministra de Sanidad, Servicios Sociales e Igualdad, Dolors Montserrat, ha comparecido en la nueva Comisi\\u00f3n sobre los Derechos de la Infancia y Adolescencia creada esta legislatura en el Congreso de los Diputados, donde ha anunciado su voluntad de poner en marcha \\\"un Pacto de Estado por la Infancia\\\" que aborde, desde el consenso pol\\u00edtico\",\"inLanguage\":\"es-ES\",\"isPartOf\":{\"@id\":\"https:\\\/\\\/www.eldigitaldeasturias.com\\\/noticias\\\/#website\"},\"breadcrumb\":{\"@id\":\"https:\\\/\\\/www.eldigitaldeasturias.com\\\/noticias\\\/dolors-montserrat-propone-un-pacto-de-estado-por-la-infancia\\\/#breadcrumblist\"},\"author\":{\"@id\":\"https:\\\/\\\/www.eldigitaldeasturias.com\\\/noticias\\\/author\\\/admin\\\/#author\"},\"creator\":{\"@id\":\"https:\\\/\\\/www.eldigitaldeasturias.com\\\/noticias\\\/author\\\/admin\\\/#author\"},\"image\":{\"@type\":\"ImageObject\",\"url\":966997,\"@id\":\"https:\\\/\\\/www.eldigitaldeasturias.com\\\/noticias\\\/dolors-montserrat-propone-un-pacto-de-estado-por-la-infancia\\\/#mainImage\"},\"primaryImageOfPage\":{\"@id\":\"https:\\\/\\\/www.eldigitaldeasturias.com\\\/noticias\\\/dolors-montserrat-propone-un-pacto-de-estado-por-la-infancia\\\/#mainImage\"},\"datePublished\":\"2018-01-25T08:06:27+01:00\",\"dateModified\":\"2018-01-25T08:06:27+01:00\"},{\"@type\":\"WebSite\",\"@id\":\"https:\\\/\\\/www.eldigitaldeasturias.com\\\/noticias\\\/#website\",\"url\":\"https:\\\/\\\/www.eldigitaldeasturias.com\\\/noticias\\\/\",\"name\":\"El Digital de Asturias - Diario de actualidad y noticias\",\"alternateName\":\"El Digital de Asturias - Diario de actualidad y noticias\",\"description\":\"Hemeroteca\",\"inLanguage\":\"es-ES\",\"publisher\":{\"@id\":\"https:\\\/\\\/www.eldigitaldeasturias.com\\\/noticias\\\/#organization\"}}]}\n\t\t<\/script>\n\t\t<!-- All in One SEO Pro -->\r\n\t\t<title>Dolors Montserrat propone un Pacto de Estado por la Infancia - El Digital de Asturias<\/title>\n\n","aioseo_head_json":{"title":"Dolors Montserrat propone un Pacto de Estado por la Infancia - El Digital de Asturias","description":"La ministra de Sanidad, Servicios Sociales e Igualdad, Dolors Montserrat, ha comparecido en la nueva Comisi\u00f3n sobre los Derechos de la Infancia y Adolescencia creada esta legislatura en el Congreso de los Diputados, donde ha anunciado su voluntad de poner en marcha \"un Pacto de Estado por la Infancia\" que aborde, desde el consenso pol\u00edtico","canonical_url":"https:\/\/www.eldigitaldeasturias.com\/noticias\/dolors-montserrat-propone-un-pacto-de-estado-por-la-infancia\/","robots":"max-image-preview:large","keywords":"actualidad","webmasterTools":{"google-site-verification":"UA-38556648-1","msvalidate.01":"7dfe9f3f1b24437ab69f4f2559babe99","miscellaneous":""},"schema":{"@context":"https:\/\/schema.org","@graph":[{"@type":"BlogPosting","@id":"https:\/\/www.eldigitaldeasturias.com\/noticias\/dolors-montserrat-propone-un-pacto-de-estado-por-la-infancia\/#blogposting","name":"Dolors Montserrat propone un Pacto de Estado por la Infancia - El Digital de Asturias","headline":"Dolors Montserrat propone un Pacto de Estado por la Infancia","author":{"@id":"https:\/\/www.eldigitaldeasturias.com\/noticias\/author\/admin\/#author"},"publisher":{"@id":"https:\/\/www.eldigitaldeasturias.com\/noticias\/#organization"},"image":{"@type":"ImageObject","url":966997},"datePublished":"2018-01-25T08:06:27+01:00","dateModified":"2018-01-25T08:06:27+01:00","inLanguage":"es-ES","mainEntityOfPage":{"@id":"https:\/\/www.eldigitaldeasturias.com\/noticias\/dolors-montserrat-propone-un-pacto-de-estado-por-la-infancia\/#webpage"},"isPartOf":{"@id":"https:\/\/www.eldigitaldeasturias.com\/noticias\/dolors-montserrat-propone-un-pacto-de-estado-por-la-infancia\/#webpage"},"articleSection":"Actualidad"},{"@type":"BreadcrumbList","@id":"https:\/\/www.eldigitaldeasturias.com\/noticias\/dolors-montserrat-propone-un-pacto-de-estado-por-la-infancia\/#breadcrumblist","itemListElement":[{"@type":"ListItem","@id":"https:\/\/www.eldigitaldeasturias.com\/noticias#listItem","position":1,"name":"Home","item":"https:\/\/www.eldigitaldeasturias.com\/noticias","nextItem":{"@type":"ListItem","@id":"https:\/\/www.eldigitaldeasturias.com\/noticias\/category\/actualidad\/#listItem","name":"Actualidad"}},{"@type":"ListItem","@id":"https:\/\/www.eldigitaldeasturias.com\/noticias\/category\/actualidad\/#listItem","position":2,"name":"Actualidad","item":"https:\/\/www.eldigitaldeasturias.com\/noticias\/category\/actualidad\/","nextItem":{"@type":"ListItem","@id":"https:\/\/www.eldigitaldeasturias.com\/noticias\/dolors-montserrat-propone-un-pacto-de-estado-por-la-infancia\/#listItem","name":"Dolors Montserrat propone un Pacto de Estado por la Infancia"},"previousItem":{"@type":"ListItem","@id":"https:\/\/www.eldigitaldeasturias.com\/noticias#listItem","name":"Home"}},{"@type":"ListItem","@id":"https:\/\/www.eldigitaldeasturias.com\/noticias\/dolors-montserrat-propone-un-pacto-de-estado-por-la-infancia\/#listItem","position":3,"name":"Dolors Montserrat propone un Pacto de Estado por la Infancia","previousItem":{"@type":"ListItem","@id":"https:\/\/www.eldigitaldeasturias.com\/noticias\/category\/actualidad\/#listItem","name":"Actualidad"}}]},{"@type":"Organization","@id":"https:\/\/www.eldigitaldeasturias.com\/noticias\/#organization","name":"El Digital de Asturias","description":"Hemeroteca","url":"https:\/\/www.eldigitaldeasturias.com\/noticias\/","email":"info@eldigitaldeasturias.com","telephone":"+34652131393","logo":{"@type":"ImageObject","url":"https:\/\/www.eldigitaldeasturias.com\/noticias\/wp-content\/uploads\/2020\/12\/EDA.jpg","@id":"https:\/\/www.eldigitaldeasturias.com\/noticias\/dolors-montserrat-propone-un-pacto-de-estado-por-la-infancia\/#organizationLogo"},"image":{"@id":"https:\/\/www.eldigitaldeasturias.com\/noticias\/dolors-montserrat-propone-un-pacto-de-estado-por-la-infancia\/#organizationLogo"},"sameAs":["https:\/\/facebook.com\/eldigitaldeasturias","https:\/\/www.youtube.com\/channel\/UCZP-2wLEB9Rv6erhFmqVnvg"],"address":{"@id":"https:\/\/www.eldigitaldeasturias.com\/noticias\/#postaladdress","@type":"PostalAddress","streetAddress":"san antonio 4","postalCode":"33430","addressLocality":"Cand\u00e1s","addressRegion":"Asturias","addressCountry":"ES"}},{"@type":"Person","@id":"https:\/\/www.eldigitaldeasturias.com\/noticias\/author\/admin\/#author","url":"https:\/\/www.eldigitaldeasturias.com\/noticias\/author\/admin\/","name":"El Digital de Asturias","image":{"@type":"ImageObject","@id":"https:\/\/www.eldigitaldeasturias.com\/noticias\/dolors-montserrat-propone-un-pacto-de-estado-por-la-infancia\/#authorImage","url":"https:\/\/secure.gravatar.com\/avatar\/df2aeffc32bcd13f8d26072ef8a91b623d677766deac7f97ca815868cd41bf5e?s=96&d=mm&r=g","width":96,"height":96,"caption":"El Digital de Asturias"}},{"@type":"WebPage","@id":"https:\/\/www.eldigitaldeasturias.com\/noticias\/dolors-montserrat-propone-un-pacto-de-estado-por-la-infancia\/#webpage","url":"https:\/\/www.eldigitaldeasturias.com\/noticias\/dolors-montserrat-propone-un-pacto-de-estado-por-la-infancia\/","name":"Dolors Montserrat propone un Pacto de Estado por la Infancia - El Digital de Asturias","description":"La ministra de Sanidad, Servicios Sociales e Igualdad, Dolors Montserrat, ha comparecido en la nueva Comisi\u00f3n sobre los Derechos de la Infancia y Adolescencia creada esta legislatura en el Congreso de los Diputados, donde ha anunciado su voluntad de poner en marcha \"un Pacto de Estado por la Infancia\" que aborde, desde el consenso pol\u00edtico","inLanguage":"es-ES","isPartOf":{"@id":"https:\/\/www.eldigitaldeasturias.com\/noticias\/#website"},"breadcrumb":{"@id":"https:\/\/www.eldigitaldeasturias.com\/noticias\/dolors-montserrat-propone-un-pacto-de-estado-por-la-infancia\/#breadcrumblist"},"author":{"@id":"https:\/\/www.eldigitaldeasturias.com\/noticias\/author\/admin\/#author"},"creator":{"@id":"https:\/\/www.eldigitaldeasturias.com\/noticias\/author\/admin\/#author"},"image":{"@type":"ImageObject","url":966997,"@id":"https:\/\/www.eldigitaldeasturias.com\/noticias\/dolors-montserrat-propone-un-pacto-de-estado-por-la-infancia\/#mainImage"},"primaryImageOfPage":{"@id":"https:\/\/www.eldigitaldeasturias.com\/noticias\/dolors-montserrat-propone-un-pacto-de-estado-por-la-infancia\/#mainImage"},"datePublished":"2018-01-25T08:06:27+01:00","dateModified":"2018-01-25T08:06:27+01:00"},{"@type":"WebSite","@id":"https:\/\/www.eldigitaldeasturias.com\/noticias\/#website","url":"https:\/\/www.eldigitaldeasturias.com\/noticias\/","name":"El Digital de Asturias - Diario de actualidad y noticias","alternateName":"El Digital de Asturias - Diario de actualidad y noticias","description":"Hemeroteca","inLanguage":"es-ES","publisher":{"@id":"https:\/\/www.eldigitaldeasturias.com\/noticias\/#organization"}}]},"og:locale":"es_ES","og:site_name":"El Digital de Asturias","og:type":"article","og:title":"Dolors Montserrat propone un Pacto de Estado por la Infancia - El Digital de Asturias","og:description":"La ministra de Sanidad, Servicios Sociales e Igualdad, Dolors Montserrat, ha comparecido en la nueva Comisi\u00f3n sobre los Derechos de la Infancia y Adolescencia creada esta legislatura en el Congreso de los Diputados, donde ha anunciado su voluntad de poner en marcha &quot;un Pacto de Estado por la Infancia&quot; que aborde, desde el consenso pol\u00edtico","og:url":"https:\/\/www.eldigitaldeasturias.com\/noticias\/dolors-montserrat-propone-un-pacto-de-estado-por-la-infancia\/","article:tag":["actualidad"],"article:published_time":"2018-01-25T08:06:27+00:00","article:modified_time":"2018-01-25T08:06:27+00:00","article:publisher":"https:\/\/facebook.com\/eldigitaldeasturias","twitter:card":"summary_large_image","twitter:title":"Dolors Montserrat propone un Pacto de Estado por la Infancia - El Digital de Asturias","twitter:description":"La ministra de Sanidad, Servicios Sociales e Igualdad, Dolors Montserrat, ha comparecido en la nueva Comisi\u00f3n sobre los Derechos de la Infancia y Adolescencia creada esta legislatura en el Congreso de los Diputados, donde ha anunciado su voluntad de poner en marcha &quot;un Pacto de Estado por la Infancia&quot; que aborde, desde el consenso pol\u00edtico","twitter:image":"https:\/\/www.eldigitaldeasturias.com\/noticias\/wp-content\/uploads\/2020\/12\/EDA-1.jpg","twitter:label1":"Escrito por","twitter:data1":"El Digital de Asturias","twitter:label2":"Tiempo de lectura estimado","twitter:data2":"7 minutos"},"aioseo_meta_data":{"post_id":"966996","title":null,"description":null,"keywords":null,"keyphrases":null,"primary_term":null,"canonical_url":null,"og_title":null,"og_description":null,"og_object_type":"default","og_image_type":"default","og_image_url":null,"og_image_width":null,"og_image_height":null,"og_image_custom_url":null,"og_image_custom_fields":null,"og_video":null,"og_custom_url":null,"og_article_section":null,"og_article_tags":null,"twitter_use_og":false,"twitter_card":"default","twitter_image_type":"default","twitter_image_url":null,"twitter_image_custom_url":null,"twitter_image_custom_fields":null,"twitter_title":null,"twitter_description":null,"schema":{"blockGraphs":[],"customGraphs":[],"default":{"data":{"Article":[],"Course":[],"Dataset":[],"FAQPage":[],"Movie":[],"Person":[],"Product":[],"ProductReview":[],"Car":[],"Recipe":[],"Service":[],"SoftwareApplication":[],"WebPage":[]},"graphName":"","isEnabled":true},"graphs":[],"defaultGraph":"","defaultPostTypeGraph":""},"schema_type":null,"schema_type_options":null,"pillar_content":false,"robots_default":true,"robots_noindex":false,"robots_noarchive":false,"robots_nosnippet":false,"robots_nofollow":false,"robots_noimageindex":false,"robots_noodp":false,"robots_notranslate":false,"robots_max_snippet":null,"robots_max_videopreview":null,"robots_max_imagepreview":"large","priority":null,"frequency":null,"local_seo":null,"seo_analyzer_scan_date":"2025-10-06 17:31:04","breadcrumb_settings":null,"limit_modified_date":false,"open_ai":null,"ai":null,"created":"2020-12-21 12:33:38","updated":"2025-10-06 17:31:04","focus_keyword":null,"additional_keywords":null,"truseo_locale":null},"aioseo_breadcrumb":"<div class=\"aioseo-breadcrumbs\"><span class=\"aioseo-breadcrumb\">\n\t<a href=\"https:\/\/www.eldigitaldeasturias.com\/noticias\" title=\"Home\">Home<\/a>\n<\/span><span class=\"aioseo-breadcrumb-separator\">\u2013<\/span><span class=\"aioseo-breadcrumb\">\n\t<a href=\"https:\/\/www.eldigitaldeasturias.com\/noticias\/category\/actualidad\/\" title=\"Actualidad\">Actualidad<\/a>\n<\/span><span class=\"aioseo-breadcrumb-separator\">\u2013<\/span><span class=\"aioseo-breadcrumb\">\n\t<a href=\"https:\/\/www.eldigitaldeasturias.com\/noticias\/dolors-montserrat-propone-un-pacto-de-estado-por-la-infancia\/\" title=\"Dolors Montserrat propone un Pacto de Estado por la Infancia\">Dolors Montserrat propone un Pacto de Estado por la Infancia<\/a>\n<\/span><\/div>","aioseo_breadcrumb_json":[{"label":"Home","link":"https:\/\/www.eldigitaldeasturias.com\/noticias"},{"label":"Actualidad","link":"https:\/\/www.eldigitaldeasturias.com\/noticias\/category\/actualidad\/"},{"label":"Dolors Montserrat propone un Pacto de Estado por la Infancia","link":"https:\/\/www.eldigitaldeasturias.com\/noticias\/dolors-montserrat-propone-un-pacto-de-estado-por-la-infancia\/"}],"_links":{"self":[{"href":"https:\/\/www.eldigitaldeasturias.com\/noticias\/wp-json\/wp\/v2\/posts\/966996","targetHints":{"allow":["GET"]}}],"collection":[{"href":"https:\/\/www.eldigitaldeasturias.com\/noticias\/wp-json\/wp\/v2\/posts"}],"about":[{"href":"https:\/\/www.eldigitaldeasturias.com\/noticias\/wp-json\/wp\/v2\/types\/post"}],"author":[{"embeddable":true,"href":"https:\/\/www.eldigitaldeasturias.com\/noticias\/wp-json\/wp\/v2\/users\/1"}],"replies":[{"embeddable":true,"href":"https:\/\/www.eldigitaldeasturias.com\/noticias\/wp-json\/wp\/v2\/comments?post=966996"}],"version-history":[{"count":0,"href":"https:\/\/www.eldigitaldeasturias.com\/noticias\/wp-json\/wp\/v2\/posts\/966996\/revisions"}],"wp:attachment":[{"href":"https:\/\/www.eldigitaldeasturias.com\/noticias\/wp-json\/wp\/v2\/media?parent=966996"}],"wp:term":[{"taxonomy":"category","embeddable":true,"href":"https:\/\/www.eldigitaldeasturias.com\/noticias\/wp-json\/wp\/v2\/categories?post=966996"},{"taxonomy":"post_tag","embeddable":true,"href":"https:\/\/www.eldigitaldeasturias.com\/noticias\/wp-json\/wp\/v2\/tags?post=966996"}],"curies":[{"name":"wp","href":"https:\/\/api.w.org\/{rel}","templated":true}]}}