{"id":966990,"date":"2018-01-25T08:03:26","date_gmt":"2018-01-25T08:03:26","guid":{"rendered":"http:\/\/www.eldigitaldeasturias.com\/noticias\/?p=966990"},"modified":"2018-01-25T08:03:26","modified_gmt":"2018-01-25T08:03:26","slug":"presentado-el-proyecto-el-espanol-lengua-global","status":"publish","type":"post","link":"https:\/\/www.eldigitaldeasturias.com\/noticias\/presentado-el-proyecto-el-espanol-lengua-global\/","title":{"rendered":"Presentado el proyecto &#8216;El espa\u00f1ol, lengua global\u201d"},"content":{"rendered":"<p><img loading=\"lazy\" decoding=\"async\" class=\"alignleft size-medium wp-image-966991\" src=\"https:\/\/www.eldigitaldeasturias.com\/noticias\/wp-content\/uploads\/2018\/01\/240118reinasofia-360x239.jpg\" alt=\"\" width=\"360\" height=\"239\" \/>El presidente del Gobierno, Mariano Rajoy, ha presentado en el Museo Reina Sof\u00eda el proyecto &#8216;El espa\u00f1ol, lengua global&#8217;, un eje fundamental de la acci\u00f3n del Estado destinado a impulsar el valor y el empleo del espa\u00f1ol, con el objetivo de convertirlo en una herramienta estrat\u00e9gica de creaci\u00f3n de oportunidades para la comunidad hispanohablante.<\/p>\n<p>Con m\u00e1s de 570 millones de hispanohablantes, el espa\u00f1ol es ya un agente global productor de riqueza, identidad, cultura y marca. Si bien, tiene por delante una gran oportunidad de expansi\u00f3n y desarrollo en la era digital. Se prev\u00e9 que dentro de 30 a\u00f1os se superen los 700 millones de hispanohablantes.<\/p>\n<p>Actualmente coexisten en torno a la lengua y a la cultura en espa\u00f1ol medidas e iniciativas dispersas. Para coordinarlas e impulsar otras nuevas con una visi\u00f3n estrat\u00e9gica, el Gobierno modificar\u00e1 la norma reguladora del Alto Comisionado para la Marca Espa\u00f1a, que pasar\u00e1 a denominarse Alto Comisionado para la Marca Espa\u00f1a y la Promoci\u00f3n del Espa\u00f1ol. El Alto Comisionado mantendr\u00e1 su dependencia funcional del Presidente del Gobierno y org\u00e1nica del Ministerio de Asuntos Exteriores, si bien, de acuerdo con las directrices que establezca la Comisi\u00f3n Delegada del Gobierno para Asuntos Culturales y del Ministerio de Educaci\u00f3n, Cultura y Deporte, dise\u00f1ar\u00e1 una estrategia para la promoci\u00f3n de la lengua espa\u00f1ola como lengua global.<\/p>\n<p>Contar\u00e1 para ello con el apoyo de un Consejo Asesor, que llevar\u00e1 a cabo la planificaci\u00f3n, impulso y gesti\u00f3n coordinada de las actuaciones de la Administraci\u00f3n General del Estado y sus organismos p\u00fablicos, as\u00ed como de todas las entidades p\u00fablicas y privadas implicadas en la promoci\u00f3n del espa\u00f1ol.<\/p>\n<p>Este Consejo Asesor estar\u00e1 presidido por el Alto Comisionado del Gobierno, e integrado por: el secretario de Estado de Cooperaci\u00f3n Internacional y para Iberoam\u00e9rica y el Caribe, cuatro expertos designados por el ministro de Educaci\u00f3n, Cultura y Deporte entre personalidades de reconocido prestigio; el director del Instituto Cervantes; el director de la Real Academia Espa\u00f1ola; un representante de la Asociaci\u00f3n de Academias de la Lengua Espa\u00f1ola; un representante de ICEX Espa\u00f1a Exportaci\u00f3n e Inversiones; un representante del Consejo Superior de Investigaciones Cient\u00edficas (CSIC); y un representante, con rango de director general, de los Ministerios de Presidencia y para las Administraciones Territoriales, Educaci\u00f3n, Cultura y Deporte, Asuntos Exteriores y Cooperaci\u00f3n y Energ\u00eda, Turismo y Agenda Digital.<\/p>\n<p><strong>Proyecto que comienza con un importante paquete de iniciativas<\/strong><\/p>\n<p>Dentro del paquete de medidas con las que arranca este proyecto de Estado, figura la creaci\u00f3n un Erasmus Iberoamericano. Esta medida aglutina los valores de inclusi\u00f3n, modernizaci\u00f3n, innovaci\u00f3n e internacionalizaci\u00f3n que han sido aplicados con \u00e9xito en el Erasmus europeo. Asimismo generar\u00e1 un sistema de formaci\u00f3n en pr\u00e1cticas para estudiantes iberoamericanos.<\/p>\n<p>Se crear\u00e1 a su vez la figura de los \u00abEmbajadores del espa\u00f1ol, lengua global\u00bb, personalidades que prestar\u00e1n su imagen y voz al impulso renovado que quiere darse al potencial de nuestra lengua.<\/p>\n<p>Se dise\u00f1ar\u00e1 una plataforma de contenidos digitales en espa\u00f1ol y portugu\u00e9s, que pondr\u00e1 a disposici\u00f3n de manera gratuita obras y documentos de varias disciplinas, como: literatura, cine, m\u00fasica, artes, ciencia y tecnolog\u00eda.<\/p>\n<p>Al mismo tiempo se impulsar\u00e1 la generaci\u00f3n de contenidos de la Sociedad de la Informaci\u00f3n y el desarrollo y programaci\u00f3n en espa\u00f1ol de nuevas aplicaciones, servicios digitales y tecnolog\u00edas.<\/p>\n<p>Tambi\u00e9n se fomentar\u00e1 la implicaci\u00f3n de la sociedad civil y del sector privado. Para ello, entre otras iniciativas, se podr\u00e1n beneficiar de incentivos fiscales que alcanzar\u00e1n un 90% de desgravaci\u00f3n al promocionar este proyecto, al ser declarado &#8216;Acontecimiento de Excepcional Inter\u00e9s P\u00fablico&#8217;.<\/p>\n<p>Y, entre otras iniciativas que se desarrollar\u00e1n pr\u00f3ximamente con el dise\u00f1o de la estrategia marco que pondr\u00e1 en marcha el proyecto, se organizar\u00e1 un \u00abPlan Empresarios por el espa\u00f1ol\u00bb, similar al Plan ADO Ol\u00edmpico, en el que se integrar\u00e1n como patrocinadores empresas y multinacionales espa\u00f1olas e iberoamericanas.<\/p>\n","protected":false},"excerpt":{"rendered":"<p>El presidente del Gobierno, Mariano Rajoy, ha presentado en el Museo Reina Sof\u00eda el proyecto &#8216;El espa\u00f1ol, lengua global&#8217;, un eje fundamental de la acci\u00f3n del Estado destinado a impulsar el valor y el empleo del espa\u00f1ol, con el objetivo de convertirlo en una herramienta estrat\u00e9gica de creaci\u00f3n de oportunidades para la comunidad hispanohablante. Con [&hellip;]<\/p>\n","protected":false},"author":1,"featured_media":966991,"comment_status":"closed","ping_status":"closed","sticky":false,"template":"","format":"standard","meta":{"footnotes":""},"categories":[1],"tags":[],"class_list":["post-966990","post","type-post","status-publish","format-standard","has-post-thumbnail","hentry","category-actualidad"],"aioseo_notices":[],"aioseo_head":"\n\t\t<!-- All in One SEO Pro 5.0.1 - aioseo.com -->\n\t<meta name=\"description\" content=\"El presidente del Gobierno, Mariano Rajoy, ha presentado en el Museo Reina Sof\u00eda el proyecto &#039;El espa\u00f1ol, lengua global&#039;, un eje fundamental de la acci\u00f3n del Estado destinado a impulsar el valor y el empleo del espa\u00f1ol, con el objetivo de convertirlo en una herramienta estrat\u00e9gica de creaci\u00f3n de oportunidades para la comunidad hispanohablante. Con\" \/>\n\t<meta name=\"robots\" content=\"max-image-preview:large\" \/>\n\t<meta name=\"author\" content=\"El Digital de Asturias\"\/>\n\t<meta name=\"google-site-verification\" content=\"UA-38556648-1\" \/>\n\t<meta name=\"msvalidate.01\" content=\"7dfe9f3f1b24437ab69f4f2559babe99\" \/>\n\t<meta name=\"keywords\" content=\"actualidad\" \/>\n\t<link rel=\"canonical\" href=\"https:\/\/www.eldigitaldeasturias.com\/noticias\/presentado-el-proyecto-el-espanol-lengua-global\/\" \/>\n\t<meta name=\"generator\" content=\"All in One SEO Pro (AIOSEO) 5.0.1\" \/>\n\t\t<meta property=\"og:locale\" content=\"es_ES\" \/>\n\t\t<meta property=\"og:site_name\" content=\"El Digital de Asturias\" \/>\n\t\t<meta property=\"og:type\" content=\"article\" \/>\n\t\t<meta property=\"og:title\" content=\"Presentado el proyecto \u2018El espa\u00f1ol, lengua global\u201d - El Digital de Asturias\" \/>\n\t\t<meta property=\"og:description\" content=\"El presidente del Gobierno, Mariano Rajoy, ha presentado en el Museo Reina Sof\u00eda el proyecto &#039;El espa\u00f1ol, lengua global&#039;, un eje fundamental de la acci\u00f3n del Estado destinado a impulsar el valor y el empleo del espa\u00f1ol, con el objetivo de convertirlo en una herramienta estrat\u00e9gica de creaci\u00f3n de oportunidades para la comunidad hispanohablante. Con\" \/>\n\t\t<meta property=\"og:url\" content=\"https:\/\/www.eldigitaldeasturias.com\/noticias\/presentado-el-proyecto-el-espanol-lengua-global\/\" \/>\n\t\t<meta property=\"article:tag\" content=\"actualidad\" \/>\n\t\t<meta property=\"article:published_time\" content=\"2018-01-25T08:03:26+00:00\" \/>\n\t\t<meta property=\"article:modified_time\" content=\"2018-01-25T08:03:26+00:00\" \/>\n\t\t<meta property=\"article:publisher\" content=\"https:\/\/facebook.com\/eldigitaldeasturias\" \/>\n\t\t<meta name=\"twitter:card\" content=\"summary_large_image\" \/>\n\t\t<meta name=\"twitter:title\" content=\"Presentado el proyecto \u2018El espa\u00f1ol, lengua global\u201d - El Digital de Asturias\" \/>\n\t\t<meta name=\"twitter:description\" content=\"El presidente del Gobierno, Mariano Rajoy, ha presentado en el Museo Reina Sof\u00eda el proyecto &#039;El espa\u00f1ol, lengua global&#039;, un eje fundamental de la acci\u00f3n del Estado destinado a impulsar el valor y el empleo del espa\u00f1ol, con el objetivo de convertirlo en una herramienta estrat\u00e9gica de creaci\u00f3n de oportunidades para la comunidad hispanohablante. Con\" \/>\n\t\t<meta name=\"twitter:image\" content=\"https:\/\/www.eldigitaldeasturias.com\/noticias\/wp-content\/uploads\/2020\/12\/EDA-1.jpg\" \/>\n\t\t<meta name=\"twitter:label1\" content=\"Escrito por\" \/>\n\t\t<meta name=\"twitter:data1\" content=\"El Digital de Asturias\" \/>\n\t\t<meta name=\"twitter:label2\" content=\"Tiempo de lectura estimado\" \/>\n\t\t<meta name=\"twitter:data2\" content=\"3 minutos\" \/>\n\t\t<script type=\"application\/ld+json\" class=\"aioseo-schema\">\n\t\t\t{\"@context\":\"https:\\\/\\\/schema.org\",\"@graph\":[{\"@type\":\"BlogPosting\",\"@id\":\"https:\\\/\\\/www.eldigitaldeasturias.com\\\/noticias\\\/presentado-el-proyecto-el-espanol-lengua-global\\\/#blogposting\",\"name\":\"Presentado el proyecto \\u2018El espa\\u00f1ol, lengua global\\u201d - El Digital de Asturias\",\"headline\":\"Presentado el proyecto &#8216;El espa\\u00f1ol, lengua global\\u201d\",\"author\":{\"@id\":\"https:\\\/\\\/www.eldigitaldeasturias.com\\\/noticias\\\/author\\\/admin\\\/#author\"},\"publisher\":{\"@id\":\"https:\\\/\\\/www.eldigitaldeasturias.com\\\/noticias\\\/#organization\"},\"image\":{\"@type\":\"ImageObject\",\"url\":966991},\"datePublished\":\"2018-01-25T08:03:26+01:00\",\"dateModified\":\"2018-01-25T08:03:26+01:00\",\"inLanguage\":\"es-ES\",\"mainEntityOfPage\":{\"@id\":\"https:\\\/\\\/www.eldigitaldeasturias.com\\\/noticias\\\/presentado-el-proyecto-el-espanol-lengua-global\\\/#webpage\"},\"isPartOf\":{\"@id\":\"https:\\\/\\\/www.eldigitaldeasturias.com\\\/noticias\\\/presentado-el-proyecto-el-espanol-lengua-global\\\/#webpage\"},\"articleSection\":\"Actualidad\"},{\"@type\":\"BreadcrumbList\",\"@id\":\"https:\\\/\\\/www.eldigitaldeasturias.com\\\/noticias\\\/presentado-el-proyecto-el-espanol-lengua-global\\\/#breadcrumblist\",\"itemListElement\":[{\"@type\":\"ListItem\",\"@id\":\"https:\\\/\\\/www.eldigitaldeasturias.com\\\/noticias#listItem\",\"position\":1,\"name\":\"Home\",\"item\":\"https:\\\/\\\/www.eldigitaldeasturias.com\\\/noticias\",\"nextItem\":{\"@type\":\"ListItem\",\"@id\":\"https:\\\/\\\/www.eldigitaldeasturias.com\\\/noticias\\\/category\\\/actualidad\\\/#listItem\",\"name\":\"Actualidad\"}},{\"@type\":\"ListItem\",\"@id\":\"https:\\\/\\\/www.eldigitaldeasturias.com\\\/noticias\\\/category\\\/actualidad\\\/#listItem\",\"position\":2,\"name\":\"Actualidad\",\"item\":\"https:\\\/\\\/www.eldigitaldeasturias.com\\\/noticias\\\/category\\\/actualidad\\\/\",\"nextItem\":{\"@type\":\"ListItem\",\"@id\":\"https:\\\/\\\/www.eldigitaldeasturias.com\\\/noticias\\\/presentado-el-proyecto-el-espanol-lengua-global\\\/#listItem\",\"name\":\"Presentado el proyecto &#8216;El espa\\u00f1ol, lengua global\\u201d\"},\"previousItem\":{\"@type\":\"ListItem\",\"@id\":\"https:\\\/\\\/www.eldigitaldeasturias.com\\\/noticias#listItem\",\"name\":\"Home\"}},{\"@type\":\"ListItem\",\"@id\":\"https:\\\/\\\/www.eldigitaldeasturias.com\\\/noticias\\\/presentado-el-proyecto-el-espanol-lengua-global\\\/#listItem\",\"position\":3,\"name\":\"Presentado el proyecto &#8216;El espa\\u00f1ol, lengua global\\u201d\",\"previousItem\":{\"@type\":\"ListItem\",\"@id\":\"https:\\\/\\\/www.eldigitaldeasturias.com\\\/noticias\\\/category\\\/actualidad\\\/#listItem\",\"name\":\"Actualidad\"}}]},{\"@type\":\"Organization\",\"@id\":\"https:\\\/\\\/www.eldigitaldeasturias.com\\\/noticias\\\/#organization\",\"name\":\"El Digital de Asturias\",\"description\":\"Hemeroteca\",\"url\":\"https:\\\/\\\/www.eldigitaldeasturias.com\\\/noticias\\\/\",\"email\":\"info@eldigitaldeasturias.com\",\"telephone\":\"+34652131393\",\"logo\":{\"@type\":\"ImageObject\",\"url\":\"https:\\\/\\\/www.eldigitaldeasturias.com\\\/noticias\\\/wp-content\\\/uploads\\\/2020\\\/12\\\/EDA.jpg\",\"@id\":\"https:\\\/\\\/www.eldigitaldeasturias.com\\\/noticias\\\/presentado-el-proyecto-el-espanol-lengua-global\\\/#organizationLogo\"},\"image\":{\"@id\":\"https:\\\/\\\/www.eldigitaldeasturias.com\\\/noticias\\\/presentado-el-proyecto-el-espanol-lengua-global\\\/#organizationLogo\"},\"sameAs\":[\"https:\\\/\\\/facebook.com\\\/eldigitaldeasturias\",\"https:\\\/\\\/www.youtube.com\\\/channel\\\/UCZP-2wLEB9Rv6erhFmqVnvg\"],\"address\":{\"@id\":\"https:\\\/\\\/www.eldigitaldeasturias.com\\\/noticias\\\/#postaladdress\",\"@type\":\"PostalAddress\",\"streetAddress\":\"san antonio 4\",\"postalCode\":\"33430\",\"addressLocality\":\"Cand\\u00e1s\",\"addressRegion\":\"Asturias\",\"addressCountry\":\"ES\"}},{\"@type\":\"Person\",\"@id\":\"https:\\\/\\\/www.eldigitaldeasturias.com\\\/noticias\\\/author\\\/admin\\\/#author\",\"url\":\"https:\\\/\\\/www.eldigitaldeasturias.com\\\/noticias\\\/author\\\/admin\\\/\",\"name\":\"El Digital de Asturias\",\"image\":{\"@type\":\"ImageObject\",\"@id\":\"https:\\\/\\\/www.eldigitaldeasturias.com\\\/noticias\\\/presentado-el-proyecto-el-espanol-lengua-global\\\/#authorImage\",\"url\":\"https:\\\/\\\/secure.gravatar.com\\\/avatar\\\/df2aeffc32bcd13f8d26072ef8a91b623d677766deac7f97ca815868cd41bf5e?s=96&d=mm&r=g\",\"width\":96,\"height\":96,\"caption\":\"El Digital de Asturias\"}},{\"@type\":\"WebPage\",\"@id\":\"https:\\\/\\\/www.eldigitaldeasturias.com\\\/noticias\\\/presentado-el-proyecto-el-espanol-lengua-global\\\/#webpage\",\"url\":\"https:\\\/\\\/www.eldigitaldeasturias.com\\\/noticias\\\/presentado-el-proyecto-el-espanol-lengua-global\\\/\",\"name\":\"Presentado el proyecto \\u2018El espa\\u00f1ol, lengua global\\u201d - El Digital de Asturias\",\"description\":\"El presidente del Gobierno, Mariano Rajoy, ha presentado en el Museo Reina Sof\\u00eda el proyecto 'El espa\\u00f1ol, lengua global', un eje fundamental de la acci\\u00f3n del Estado destinado a impulsar el valor y el empleo del espa\\u00f1ol, con el objetivo de convertirlo en una herramienta estrat\\u00e9gica de creaci\\u00f3n de oportunidades para la comunidad hispanohablante. Con\",\"inLanguage\":\"es-ES\",\"isPartOf\":{\"@id\":\"https:\\\/\\\/www.eldigitaldeasturias.com\\\/noticias\\\/#website\"},\"breadcrumb\":{\"@id\":\"https:\\\/\\\/www.eldigitaldeasturias.com\\\/noticias\\\/presentado-el-proyecto-el-espanol-lengua-global\\\/#breadcrumblist\"},\"author\":{\"@id\":\"https:\\\/\\\/www.eldigitaldeasturias.com\\\/noticias\\\/author\\\/admin\\\/#author\"},\"creator\":{\"@id\":\"https:\\\/\\\/www.eldigitaldeasturias.com\\\/noticias\\\/author\\\/admin\\\/#author\"},\"image\":{\"@type\":\"ImageObject\",\"url\":966991,\"@id\":\"https:\\\/\\\/www.eldigitaldeasturias.com\\\/noticias\\\/presentado-el-proyecto-el-espanol-lengua-global\\\/#mainImage\"},\"primaryImageOfPage\":{\"@id\":\"https:\\\/\\\/www.eldigitaldeasturias.com\\\/noticias\\\/presentado-el-proyecto-el-espanol-lengua-global\\\/#mainImage\"},\"datePublished\":\"2018-01-25T08:03:26+01:00\",\"dateModified\":\"2018-01-25T08:03:26+01:00\"},{\"@type\":\"WebSite\",\"@id\":\"https:\\\/\\\/www.eldigitaldeasturias.com\\\/noticias\\\/#website\",\"url\":\"https:\\\/\\\/www.eldigitaldeasturias.com\\\/noticias\\\/\",\"name\":\"El Digital de Asturias - Diario de actualidad y noticias\",\"alternateName\":\"El Digital de Asturias - Diario de actualidad y noticias\",\"description\":\"Hemeroteca\",\"inLanguage\":\"es-ES\",\"publisher\":{\"@id\":\"https:\\\/\\\/www.eldigitaldeasturias.com\\\/noticias\\\/#organization\"}}]}\n\t\t<\/script>\n\t\t<!-- All in One SEO Pro -->\r\n\t\t<title>Presentado el proyecto \u2018El espa\u00f1ol, lengua global\u201d - El Digital de Asturias<\/title>\n\n","aioseo_head_json":{"title":"Presentado el proyecto \u2018El espa\u00f1ol, lengua global\u201d - El Digital de Asturias","description":"El presidente del Gobierno, Mariano Rajoy, ha presentado en el Museo Reina Sof\u00eda el proyecto 'El espa\u00f1ol, lengua global', un eje fundamental de la acci\u00f3n del Estado destinado a impulsar el valor y el empleo del espa\u00f1ol, con el objetivo de convertirlo en una herramienta estrat\u00e9gica de creaci\u00f3n de oportunidades para la comunidad hispanohablante. Con","canonical_url":"https:\/\/www.eldigitaldeasturias.com\/noticias\/presentado-el-proyecto-el-espanol-lengua-global\/","robots":"max-image-preview:large","keywords":"actualidad","webmasterTools":{"google-site-verification":"UA-38556648-1","msvalidate.01":"7dfe9f3f1b24437ab69f4f2559babe99","miscellaneous":""},"schema":{"@context":"https:\/\/schema.org","@graph":[{"@type":"BlogPosting","@id":"https:\/\/www.eldigitaldeasturias.com\/noticias\/presentado-el-proyecto-el-espanol-lengua-global\/#blogposting","name":"Presentado el proyecto \u2018El espa\u00f1ol, lengua global\u201d - El Digital de Asturias","headline":"Presentado el proyecto &#8216;El espa\u00f1ol, lengua global\u201d","author":{"@id":"https:\/\/www.eldigitaldeasturias.com\/noticias\/author\/admin\/#author"},"publisher":{"@id":"https:\/\/www.eldigitaldeasturias.com\/noticias\/#organization"},"image":{"@type":"ImageObject","url":966991},"datePublished":"2018-01-25T08:03:26+01:00","dateModified":"2018-01-25T08:03:26+01:00","inLanguage":"es-ES","mainEntityOfPage":{"@id":"https:\/\/www.eldigitaldeasturias.com\/noticias\/presentado-el-proyecto-el-espanol-lengua-global\/#webpage"},"isPartOf":{"@id":"https:\/\/www.eldigitaldeasturias.com\/noticias\/presentado-el-proyecto-el-espanol-lengua-global\/#webpage"},"articleSection":"Actualidad"},{"@type":"BreadcrumbList","@id":"https:\/\/www.eldigitaldeasturias.com\/noticias\/presentado-el-proyecto-el-espanol-lengua-global\/#breadcrumblist","itemListElement":[{"@type":"ListItem","@id":"https:\/\/www.eldigitaldeasturias.com\/noticias#listItem","position":1,"name":"Home","item":"https:\/\/www.eldigitaldeasturias.com\/noticias","nextItem":{"@type":"ListItem","@id":"https:\/\/www.eldigitaldeasturias.com\/noticias\/category\/actualidad\/#listItem","name":"Actualidad"}},{"@type":"ListItem","@id":"https:\/\/www.eldigitaldeasturias.com\/noticias\/category\/actualidad\/#listItem","position":2,"name":"Actualidad","item":"https:\/\/www.eldigitaldeasturias.com\/noticias\/category\/actualidad\/","nextItem":{"@type":"ListItem","@id":"https:\/\/www.eldigitaldeasturias.com\/noticias\/presentado-el-proyecto-el-espanol-lengua-global\/#listItem","name":"Presentado el proyecto &#8216;El espa\u00f1ol, lengua global\u201d"},"previousItem":{"@type":"ListItem","@id":"https:\/\/www.eldigitaldeasturias.com\/noticias#listItem","name":"Home"}},{"@type":"ListItem","@id":"https:\/\/www.eldigitaldeasturias.com\/noticias\/presentado-el-proyecto-el-espanol-lengua-global\/#listItem","position":3,"name":"Presentado el proyecto &#8216;El espa\u00f1ol, lengua global\u201d","previousItem":{"@type":"ListItem","@id":"https:\/\/www.eldigitaldeasturias.com\/noticias\/category\/actualidad\/#listItem","name":"Actualidad"}}]},{"@type":"Organization","@id":"https:\/\/www.eldigitaldeasturias.com\/noticias\/#organization","name":"El Digital de Asturias","description":"Hemeroteca","url":"https:\/\/www.eldigitaldeasturias.com\/noticias\/","email":"info@eldigitaldeasturias.com","telephone":"+34652131393","logo":{"@type":"ImageObject","url":"https:\/\/www.eldigitaldeasturias.com\/noticias\/wp-content\/uploads\/2020\/12\/EDA.jpg","@id":"https:\/\/www.eldigitaldeasturias.com\/noticias\/presentado-el-proyecto-el-espanol-lengua-global\/#organizationLogo"},"image":{"@id":"https:\/\/www.eldigitaldeasturias.com\/noticias\/presentado-el-proyecto-el-espanol-lengua-global\/#organizationLogo"},"sameAs":["https:\/\/facebook.com\/eldigitaldeasturias","https:\/\/www.youtube.com\/channel\/UCZP-2wLEB9Rv6erhFmqVnvg"],"address":{"@id":"https:\/\/www.eldigitaldeasturias.com\/noticias\/#postaladdress","@type":"PostalAddress","streetAddress":"san antonio 4","postalCode":"33430","addressLocality":"Cand\u00e1s","addressRegion":"Asturias","addressCountry":"ES"}},{"@type":"Person","@id":"https:\/\/www.eldigitaldeasturias.com\/noticias\/author\/admin\/#author","url":"https:\/\/www.eldigitaldeasturias.com\/noticias\/author\/admin\/","name":"El Digital de Asturias","image":{"@type":"ImageObject","@id":"https:\/\/www.eldigitaldeasturias.com\/noticias\/presentado-el-proyecto-el-espanol-lengua-global\/#authorImage","url":"https:\/\/secure.gravatar.com\/avatar\/df2aeffc32bcd13f8d26072ef8a91b623d677766deac7f97ca815868cd41bf5e?s=96&d=mm&r=g","width":96,"height":96,"caption":"El Digital de Asturias"}},{"@type":"WebPage","@id":"https:\/\/www.eldigitaldeasturias.com\/noticias\/presentado-el-proyecto-el-espanol-lengua-global\/#webpage","url":"https:\/\/www.eldigitaldeasturias.com\/noticias\/presentado-el-proyecto-el-espanol-lengua-global\/","name":"Presentado el proyecto \u2018El espa\u00f1ol, lengua global\u201d - El Digital de Asturias","description":"El presidente del Gobierno, Mariano Rajoy, ha presentado en el Museo Reina Sof\u00eda el proyecto 'El espa\u00f1ol, lengua global', un eje fundamental de la acci\u00f3n del Estado destinado a impulsar el valor y el empleo del espa\u00f1ol, con el objetivo de convertirlo en una herramienta estrat\u00e9gica de creaci\u00f3n de oportunidades para la comunidad hispanohablante. Con","inLanguage":"es-ES","isPartOf":{"@id":"https:\/\/www.eldigitaldeasturias.com\/noticias\/#website"},"breadcrumb":{"@id":"https:\/\/www.eldigitaldeasturias.com\/noticias\/presentado-el-proyecto-el-espanol-lengua-global\/#breadcrumblist"},"author":{"@id":"https:\/\/www.eldigitaldeasturias.com\/noticias\/author\/admin\/#author"},"creator":{"@id":"https:\/\/www.eldigitaldeasturias.com\/noticias\/author\/admin\/#author"},"image":{"@type":"ImageObject","url":966991,"@id":"https:\/\/www.eldigitaldeasturias.com\/noticias\/presentado-el-proyecto-el-espanol-lengua-global\/#mainImage"},"primaryImageOfPage":{"@id":"https:\/\/www.eldigitaldeasturias.com\/noticias\/presentado-el-proyecto-el-espanol-lengua-global\/#mainImage"},"datePublished":"2018-01-25T08:03:26+01:00","dateModified":"2018-01-25T08:03:26+01:00"},{"@type":"WebSite","@id":"https:\/\/www.eldigitaldeasturias.com\/noticias\/#website","url":"https:\/\/www.eldigitaldeasturias.com\/noticias\/","name":"El Digital de Asturias - Diario de actualidad y noticias","alternateName":"El Digital de Asturias - Diario de actualidad y noticias","description":"Hemeroteca","inLanguage":"es-ES","publisher":{"@id":"https:\/\/www.eldigitaldeasturias.com\/noticias\/#organization"}}]},"og:locale":"es_ES","og:site_name":"El Digital de Asturias","og:type":"article","og:title":"Presentado el proyecto \u2018El espa\u00f1ol, lengua global\u201d - El Digital de Asturias","og:description":"El presidente del Gobierno, Mariano Rajoy, ha presentado en el Museo Reina Sof\u00eda el proyecto 'El espa\u00f1ol, lengua global', un eje fundamental de la acci\u00f3n del Estado destinado a impulsar el valor y el empleo del espa\u00f1ol, con el objetivo de convertirlo en una herramienta estrat\u00e9gica de creaci\u00f3n de oportunidades para la comunidad hispanohablante. Con","og:url":"https:\/\/www.eldigitaldeasturias.com\/noticias\/presentado-el-proyecto-el-espanol-lengua-global\/","article:tag":["actualidad"],"article:published_time":"2018-01-25T08:03:26+00:00","article:modified_time":"2018-01-25T08:03:26+00:00","article:publisher":"https:\/\/facebook.com\/eldigitaldeasturias","twitter:card":"summary_large_image","twitter:title":"Presentado el proyecto \u2018El espa\u00f1ol, lengua global\u201d - El Digital de Asturias","twitter:description":"El presidente del Gobierno, Mariano Rajoy, ha presentado en el Museo Reina Sof\u00eda el proyecto 'El espa\u00f1ol, lengua global', un eje fundamental de la acci\u00f3n del Estado destinado a impulsar el valor y el empleo del espa\u00f1ol, con el objetivo de convertirlo en una herramienta estrat\u00e9gica de creaci\u00f3n de oportunidades para la comunidad hispanohablante. Con","twitter:image":"https:\/\/www.eldigitaldeasturias.com\/noticias\/wp-content\/uploads\/2020\/12\/EDA-1.jpg","twitter:label1":"Escrito por","twitter:data1":"El Digital de Asturias","twitter:label2":"Tiempo de lectura estimado","twitter:data2":"3 minutos"},"aioseo_meta_data":{"post_id":"966990","title":null,"description":null,"keywords":null,"keyphrases":null,"primary_term":null,"canonical_url":null,"og_title":null,"og_description":null,"og_object_type":"default","og_image_type":"default","og_image_url":null,"og_image_width":null,"og_image_height":null,"og_image_custom_url":null,"og_image_custom_fields":null,"og_video":null,"og_custom_url":null,"og_article_section":null,"og_article_tags":null,"twitter_use_og":false,"twitter_card":"default","twitter_image_type":"default","twitter_image_url":null,"twitter_image_custom_url":null,"twitter_image_custom_fields":null,"twitter_title":null,"twitter_description":null,"schema":{"blockGraphs":[],"customGraphs":[],"default":{"data":{"Article":[],"Course":[],"Dataset":[],"FAQPage":[],"Movie":[],"Person":[],"Product":[],"ProductReview":[],"Car":[],"Recipe":[],"Service":[],"SoftwareApplication":[],"WebPage":[]},"graphName":"","isEnabled":true},"graphs":[],"defaultGraph":"","defaultPostTypeGraph":""},"schema_type":null,"schema_type_options":null,"pillar_content":false,"robots_default":true,"robots_noindex":false,"robots_noarchive":false,"robots_nosnippet":false,"robots_nofollow":false,"robots_noimageindex":false,"robots_noodp":false,"robots_notranslate":false,"robots_max_snippet":null,"robots_max_videopreview":null,"robots_max_imagepreview":"large","priority":null,"frequency":null,"local_seo":null,"seo_analyzer_scan_date":"2025-10-06 17:31:03","breadcrumb_settings":null,"limit_modified_date":false,"open_ai":null,"ai":null,"created":"2020-12-21 12:33:38","updated":"2025-10-06 17:31:03","focus_keyword":null,"additional_keywords":null,"truseo_locale":null},"aioseo_breadcrumb":"<div class=\"aioseo-breadcrumbs\"><span class=\"aioseo-breadcrumb\">\n\t<a href=\"https:\/\/www.eldigitaldeasturias.com\/noticias\" title=\"Home\">Home<\/a>\n<\/span><span class=\"aioseo-breadcrumb-separator\">\u2013<\/span><span class=\"aioseo-breadcrumb\">\n\t<a href=\"https:\/\/www.eldigitaldeasturias.com\/noticias\/category\/actualidad\/\" title=\"Actualidad\">Actualidad<\/a>\n<\/span><span class=\"aioseo-breadcrumb-separator\">\u2013<\/span><span class=\"aioseo-breadcrumb\">\n\t<a href=\"https:\/\/www.eldigitaldeasturias.com\/noticias\/presentado-el-proyecto-el-espanol-lengua-global\/\" title=\"Presentado el proyecto \u2018El espa\u00f1ol, lengua global\u201d\">Presentado el proyecto \u2018El espa\u00f1ol, lengua global\u201d<\/a>\n<\/span><\/div>","aioseo_breadcrumb_json":[{"label":"Home","link":"https:\/\/www.eldigitaldeasturias.com\/noticias"},{"label":"Actualidad","link":"https:\/\/www.eldigitaldeasturias.com\/noticias\/category\/actualidad\/"},{"label":"Presentado el proyecto &#8216;El espa\u00f1ol, lengua global\u201d","link":"https:\/\/www.eldigitaldeasturias.com\/noticias\/presentado-el-proyecto-el-espanol-lengua-global\/"}],"_links":{"self":[{"href":"https:\/\/www.eldigitaldeasturias.com\/noticias\/wp-json\/wp\/v2\/posts\/966990","targetHints":{"allow":["GET"]}}],"collection":[{"href":"https:\/\/www.eldigitaldeasturias.com\/noticias\/wp-json\/wp\/v2\/posts"}],"about":[{"href":"https:\/\/www.eldigitaldeasturias.com\/noticias\/wp-json\/wp\/v2\/types\/post"}],"author":[{"embeddable":true,"href":"https:\/\/www.eldigitaldeasturias.com\/noticias\/wp-json\/wp\/v2\/users\/1"}],"replies":[{"embeddable":true,"href":"https:\/\/www.eldigitaldeasturias.com\/noticias\/wp-json\/wp\/v2\/comments?post=966990"}],"version-history":[{"count":0,"href":"https:\/\/www.eldigitaldeasturias.com\/noticias\/wp-json\/wp\/v2\/posts\/966990\/revisions"}],"wp:attachment":[{"href":"https:\/\/www.eldigitaldeasturias.com\/noticias\/wp-json\/wp\/v2\/media?parent=966990"}],"wp:term":[{"taxonomy":"category","embeddable":true,"href":"https:\/\/www.eldigitaldeasturias.com\/noticias\/wp-json\/wp\/v2\/categories?post=966990"},{"taxonomy":"post_tag","embeddable":true,"href":"https:\/\/www.eldigitaldeasturias.com\/noticias\/wp-json\/wp\/v2\/tags?post=966990"}],"curies":[{"name":"wp","href":"https:\/\/api.w.org\/{rel}","templated":true}]}}