{"id":966864,"date":"2018-01-23T15:32:33","date_gmt":"2018-01-23T15:32:33","guid":{"rendered":"http:\/\/www.eldigitaldeasturias.com\/noticias\/?p=966864"},"modified":"2018-01-23T15:32:33","modified_gmt":"2018-01-23T15:32:33","slug":"catala-estrecha-la-relacion-bilateral-hispano-cubana-en-el-ambito-juridico","status":"publish","type":"post","link":"https:\/\/www.eldigitaldeasturias.com\/noticias\/catala-estrecha-la-relacion-bilateral-hispano-cubana-en-el-ambito-juridico\/","title":{"rendered":"Catal\u00e1 estrecha la relaci\u00f3n bilateral hispano-cubana en el \u00e1mbito jur\u00eddico"},"content":{"rendered":"<p><img loading=\"lazy\" decoding=\"async\" class=\"alignleft size-medium wp-image-966865\" src=\"https:\/\/www.eldigitaldeasturias.com\/noticias\/wp-content\/uploads\/2018\/01\/220118-Catala-360x239.jpg\" alt=\"\" width=\"360\" height=\"239\" \/>El ministro de Justicia, Rafael Catal\u00e1, ha realizado un viaje de trabajo a La Habana, donde ha mantenido diversos encuentros con autoridades del pa\u00eds con objeto de estrechar los lazos bilaterales y reforzar la cooperaci\u00f3n jur\u00eddica mediante la firma de un memorando de entendimiento con la ministra de Justicia de Cuba, M\u00aa Esther Reus.<\/p>\n<p>Este documento sienta las bases para promover la colaboraci\u00f3n entre ambos ministerios mediante el intercambio de experiencias y buenas pr\u00e1cticas que contribuyan al desarrollo y armonizaci\u00f3n de pol\u00edticas p\u00fablicas, normas y procedimientos en materia de Justicia.<\/p>\n<p>El ministro ha trasladado a su colega cubana el inter\u00e9s de Espa\u00f1a por explorar nuevas v\u00edas de cooperaci\u00f3n jur\u00eddica a las ya existentes en el \u00e1mbito notarial, formativo y en el marco de los tratados y convenios internacionales suscritos por ambos pa\u00edses para la colaboraci\u00f3n en materia de extradici\u00f3n, auxilio judicial penal y traslado de personas condenadas.<\/p>\n<p>En la reuni\u00f3n con la ministra de Justicia de Cuba, Catal\u00e1 ha expresado el apoyo del Gobierno a las reformas para el fortalecimiento institucional y ha ofrecido la experiencia de trabajo de Espa\u00f1a en proyectos bilaterales y multilaterales de cooperaci\u00f3n.<\/p>\n<p>Durante su estancia en La Habana, Catal\u00e1 ha mantenido tambi\u00e9n un encuentro con el jefe de la Delegaci\u00f3n de la Uni\u00f3n Europea en Cuba, Alberto Navarro, quien se ha referido a la agenda de la misi\u00f3n diplom\u00e1tica en la isla, que se traduce en labores de representaci\u00f3n e informaci\u00f3n, as\u00ed como de identificaci\u00f3n, planificaci\u00f3n y ejecuci\u00f3n de programas de cooperaci\u00f3n al desarrollo en Cuba.<\/p>\n<p>El ministro se ha entrevistado asimismo con el presidente del Tribunal Supremo Popular, Rub\u00e9n Remigio Ferro, con quien ha revisado diversas cuestiones en materia judicial de inter\u00e9s para ambos pa\u00edses. En el marco de estos encuentros, el ministro ha se\u00f1alado las l\u00edneas principales de la actuaci\u00f3n del Gobierno para la reforma de la Administraci\u00f3n de Justicia, que contempla el impulso de una Justicia cada vez m\u00e1s digital, una mayor inversi\u00f3n en recursos y una actividad legislativa que busca la mejora del servicio p\u00fablico y de la protecci\u00f3n de los derechos de consumidores y otros colectivos.<\/p>\n<p>El ministro de Justicia ha tenido tambi\u00e9n ocasi\u00f3n de reunirse con representantes de la colonia espa\u00f1ola, a quienes ha agradecido su valiosa aportaci\u00f3n a la promoci\u00f3n del legado humano, hist\u00f3rico y cultural de quienes les precedieron y por mantener viva la presencia de Espa\u00f1a en Cuba.<\/p>\n<p>Catal\u00e1 se ha reunido adem\u00e1s con algunos de los empresarios espa\u00f1oles con mayor presencia en la isla que desarrollan su actividad en sectores tan estrat\u00e9gicos como el turismo o las infraestructuras. Espa\u00f1a es el tercer socio comercial de Cuba y l\u00edder en cuanto a n\u00famero de empresas extranjeras radicadas all\u00ed. En el transcurso del encuentro se ha puesto de manifiesto la necesidad de diversificar la participaci\u00f3n empresarial de Espa\u00f1a en Cuba en sectores de alto valor a\u00f1adido como las energ\u00edas renovables, la construcci\u00f3n y la biotecnolog\u00eda.<\/p>\n<p>Antes de su regreso a Espa\u00f1a, est\u00e1 previsto un encuentro del ministro de Justicia con el secretario del Consejo de Estado, Homero Acosta.<\/p>\n","protected":false},"excerpt":{"rendered":"<p>El ministro de Justicia, Rafael Catal\u00e1, ha realizado un viaje de trabajo a La Habana, donde ha mantenido diversos encuentros con autoridades del pa\u00eds con objeto de estrechar los lazos bilaterales y reforzar la cooperaci\u00f3n jur\u00eddica mediante la firma de un memorando de entendimiento con la ministra de Justicia de Cuba, M\u00aa Esther Reus. Este [&hellip;]<\/p>\n","protected":false},"author":1,"featured_media":966865,"comment_status":"closed","ping_status":"closed","sticky":false,"template":"","format":"standard","meta":{"footnotes":""},"categories":[1],"tags":[],"class_list":["post-966864","post","type-post","status-publish","format-standard","has-post-thumbnail","hentry","category-actualidad"],"aioseo_notices":[],"aioseo_head":"\n\t\t<!-- All in One SEO Pro 5.0.1 - aioseo.com -->\n\t<meta name=\"description\" content=\"El ministro de Justicia, Rafael Catal\u00e1, ha realizado un viaje de trabajo a La Habana, donde ha mantenido diversos encuentros con autoridades del pa\u00eds con objeto de estrechar los lazos bilaterales y reforzar la cooperaci\u00f3n jur\u00eddica mediante la firma de un memorando de entendimiento con la ministra de Justicia de Cuba, M\u00aa Esther Reus. Este\" \/>\n\t<meta name=\"robots\" content=\"max-image-preview:large\" \/>\n\t<meta name=\"author\" content=\"El Digital de Asturias\"\/>\n\t<meta name=\"google-site-verification\" content=\"UA-38556648-1\" \/>\n\t<meta name=\"msvalidate.01\" content=\"7dfe9f3f1b24437ab69f4f2559babe99\" \/>\n\t<meta name=\"keywords\" content=\"actualidad\" \/>\n\t<link rel=\"canonical\" href=\"https:\/\/www.eldigitaldeasturias.com\/noticias\/catala-estrecha-la-relacion-bilateral-hispano-cubana-en-el-ambito-juridico\/\" \/>\n\t<meta name=\"generator\" content=\"All in One SEO Pro (AIOSEO) 5.0.1\" \/>\n\t\t<meta property=\"og:locale\" content=\"es_ES\" \/>\n\t\t<meta property=\"og:site_name\" content=\"El Digital de Asturias\" \/>\n\t\t<meta property=\"og:type\" content=\"article\" \/>\n\t\t<meta property=\"og:title\" content=\"Catal\u00e1 estrecha la relaci\u00f3n bilateral hispano-cubana en el \u00e1mbito jur\u00eddico - El Digital de Asturias\" \/>\n\t\t<meta property=\"og:description\" content=\"El ministro de Justicia, Rafael Catal\u00e1, ha realizado un viaje de trabajo a La Habana, donde ha mantenido diversos encuentros con autoridades del pa\u00eds con objeto de estrechar los lazos bilaterales y reforzar la cooperaci\u00f3n jur\u00eddica mediante la firma de un memorando de entendimiento con la ministra de Justicia de Cuba, M\u00aa Esther Reus. Este\" \/>\n\t\t<meta property=\"og:url\" content=\"https:\/\/www.eldigitaldeasturias.com\/noticias\/catala-estrecha-la-relacion-bilateral-hispano-cubana-en-el-ambito-juridico\/\" \/>\n\t\t<meta property=\"article:tag\" content=\"actualidad\" \/>\n\t\t<meta property=\"article:published_time\" content=\"2018-01-23T15:32:33+00:00\" \/>\n\t\t<meta property=\"article:modified_time\" content=\"2018-01-23T15:32:33+00:00\" \/>\n\t\t<meta property=\"article:publisher\" content=\"https:\/\/facebook.com\/eldigitaldeasturias\" \/>\n\t\t<meta name=\"twitter:card\" content=\"summary_large_image\" \/>\n\t\t<meta name=\"twitter:title\" content=\"Catal\u00e1 estrecha la relaci\u00f3n bilateral hispano-cubana en el \u00e1mbito jur\u00eddico - El Digital de Asturias\" \/>\n\t\t<meta name=\"twitter:description\" content=\"El ministro de Justicia, Rafael Catal\u00e1, ha realizado un viaje de trabajo a La Habana, donde ha mantenido diversos encuentros con autoridades del pa\u00eds con objeto de estrechar los lazos bilaterales y reforzar la cooperaci\u00f3n jur\u00eddica mediante la firma de un memorando de entendimiento con la ministra de Justicia de Cuba, M\u00aa Esther Reus. Este\" \/>\n\t\t<meta name=\"twitter:image\" content=\"https:\/\/www.eldigitaldeasturias.com\/noticias\/wp-content\/uploads\/2020\/12\/EDA-1.jpg\" \/>\n\t\t<meta name=\"twitter:label1\" content=\"Escrito por\" \/>\n\t\t<meta name=\"twitter:data1\" content=\"El Digital de Asturias\" \/>\n\t\t<meta name=\"twitter:label2\" content=\"Tiempo de lectura estimado\" \/>\n\t\t<meta name=\"twitter:data2\" content=\"3 minutos\" \/>\n\t\t<script type=\"application\/ld+json\" class=\"aioseo-schema\">\n\t\t\t{\"@context\":\"https:\\\/\\\/schema.org\",\"@graph\":[{\"@type\":\"BlogPosting\",\"@id\":\"https:\\\/\\\/www.eldigitaldeasturias.com\\\/noticias\\\/catala-estrecha-la-relacion-bilateral-hispano-cubana-en-el-ambito-juridico\\\/#blogposting\",\"name\":\"Catal\\u00e1 estrecha la relaci\\u00f3n bilateral hispano-cubana en el \\u00e1mbito jur\\u00eddico - El Digital de Asturias\",\"headline\":\"Catal\\u00e1 estrecha la relaci\\u00f3n bilateral hispano-cubana en el \\u00e1mbito jur\\u00eddico\",\"author\":{\"@id\":\"https:\\\/\\\/www.eldigitaldeasturias.com\\\/noticias\\\/author\\\/admin\\\/#author\"},\"publisher\":{\"@id\":\"https:\\\/\\\/www.eldigitaldeasturias.com\\\/noticias\\\/#organization\"},\"image\":{\"@type\":\"ImageObject\",\"url\":966865},\"datePublished\":\"2018-01-23T15:32:33+01:00\",\"dateModified\":\"2018-01-23T15:32:33+01:00\",\"inLanguage\":\"es-ES\",\"mainEntityOfPage\":{\"@id\":\"https:\\\/\\\/www.eldigitaldeasturias.com\\\/noticias\\\/catala-estrecha-la-relacion-bilateral-hispano-cubana-en-el-ambito-juridico\\\/#webpage\"},\"isPartOf\":{\"@id\":\"https:\\\/\\\/www.eldigitaldeasturias.com\\\/noticias\\\/catala-estrecha-la-relacion-bilateral-hispano-cubana-en-el-ambito-juridico\\\/#webpage\"},\"articleSection\":\"Actualidad\"},{\"@type\":\"BreadcrumbList\",\"@id\":\"https:\\\/\\\/www.eldigitaldeasturias.com\\\/noticias\\\/catala-estrecha-la-relacion-bilateral-hispano-cubana-en-el-ambito-juridico\\\/#breadcrumblist\",\"itemListElement\":[{\"@type\":\"ListItem\",\"@id\":\"https:\\\/\\\/www.eldigitaldeasturias.com\\\/noticias#listItem\",\"position\":1,\"name\":\"Home\",\"item\":\"https:\\\/\\\/www.eldigitaldeasturias.com\\\/noticias\",\"nextItem\":{\"@type\":\"ListItem\",\"@id\":\"https:\\\/\\\/www.eldigitaldeasturias.com\\\/noticias\\\/category\\\/actualidad\\\/#listItem\",\"name\":\"Actualidad\"}},{\"@type\":\"ListItem\",\"@id\":\"https:\\\/\\\/www.eldigitaldeasturias.com\\\/noticias\\\/category\\\/actualidad\\\/#listItem\",\"position\":2,\"name\":\"Actualidad\",\"item\":\"https:\\\/\\\/www.eldigitaldeasturias.com\\\/noticias\\\/category\\\/actualidad\\\/\",\"nextItem\":{\"@type\":\"ListItem\",\"@id\":\"https:\\\/\\\/www.eldigitaldeasturias.com\\\/noticias\\\/catala-estrecha-la-relacion-bilateral-hispano-cubana-en-el-ambito-juridico\\\/#listItem\",\"name\":\"Catal\\u00e1 estrecha la relaci\\u00f3n bilateral hispano-cubana en el \\u00e1mbito jur\\u00eddico\"},\"previousItem\":{\"@type\":\"ListItem\",\"@id\":\"https:\\\/\\\/www.eldigitaldeasturias.com\\\/noticias#listItem\",\"name\":\"Home\"}},{\"@type\":\"ListItem\",\"@id\":\"https:\\\/\\\/www.eldigitaldeasturias.com\\\/noticias\\\/catala-estrecha-la-relacion-bilateral-hispano-cubana-en-el-ambito-juridico\\\/#listItem\",\"position\":3,\"name\":\"Catal\\u00e1 estrecha la relaci\\u00f3n bilateral hispano-cubana en el \\u00e1mbito jur\\u00eddico\",\"previousItem\":{\"@type\":\"ListItem\",\"@id\":\"https:\\\/\\\/www.eldigitaldeasturias.com\\\/noticias\\\/category\\\/actualidad\\\/#listItem\",\"name\":\"Actualidad\"}}]},{\"@type\":\"Organization\",\"@id\":\"https:\\\/\\\/www.eldigitaldeasturias.com\\\/noticias\\\/#organization\",\"name\":\"El Digital de Asturias\",\"description\":\"Hemeroteca\",\"url\":\"https:\\\/\\\/www.eldigitaldeasturias.com\\\/noticias\\\/\",\"email\":\"info@eldigitaldeasturias.com\",\"telephone\":\"+34652131393\",\"logo\":{\"@type\":\"ImageObject\",\"url\":\"https:\\\/\\\/www.eldigitaldeasturias.com\\\/noticias\\\/wp-content\\\/uploads\\\/2020\\\/12\\\/EDA.jpg\",\"@id\":\"https:\\\/\\\/www.eldigitaldeasturias.com\\\/noticias\\\/catala-estrecha-la-relacion-bilateral-hispano-cubana-en-el-ambito-juridico\\\/#organizationLogo\"},\"image\":{\"@id\":\"https:\\\/\\\/www.eldigitaldeasturias.com\\\/noticias\\\/catala-estrecha-la-relacion-bilateral-hispano-cubana-en-el-ambito-juridico\\\/#organizationLogo\"},\"sameAs\":[\"https:\\\/\\\/facebook.com\\\/eldigitaldeasturias\",\"https:\\\/\\\/www.youtube.com\\\/channel\\\/UCZP-2wLEB9Rv6erhFmqVnvg\"],\"address\":{\"@id\":\"https:\\\/\\\/www.eldigitaldeasturias.com\\\/noticias\\\/#postaladdress\",\"@type\":\"PostalAddress\",\"streetAddress\":\"san antonio 4\",\"postalCode\":\"33430\",\"addressLocality\":\"Cand\\u00e1s\",\"addressRegion\":\"Asturias\",\"addressCountry\":\"ES\"}},{\"@type\":\"Person\",\"@id\":\"https:\\\/\\\/www.eldigitaldeasturias.com\\\/noticias\\\/author\\\/admin\\\/#author\",\"url\":\"https:\\\/\\\/www.eldigitaldeasturias.com\\\/noticias\\\/author\\\/admin\\\/\",\"name\":\"El Digital de Asturias\",\"image\":{\"@type\":\"ImageObject\",\"@id\":\"https:\\\/\\\/www.eldigitaldeasturias.com\\\/noticias\\\/catala-estrecha-la-relacion-bilateral-hispano-cubana-en-el-ambito-juridico\\\/#authorImage\",\"url\":\"https:\\\/\\\/secure.gravatar.com\\\/avatar\\\/df2aeffc32bcd13f8d26072ef8a91b623d677766deac7f97ca815868cd41bf5e?s=96&d=mm&r=g\",\"width\":96,\"height\":96,\"caption\":\"El Digital de Asturias\"}},{\"@type\":\"WebPage\",\"@id\":\"https:\\\/\\\/www.eldigitaldeasturias.com\\\/noticias\\\/catala-estrecha-la-relacion-bilateral-hispano-cubana-en-el-ambito-juridico\\\/#webpage\",\"url\":\"https:\\\/\\\/www.eldigitaldeasturias.com\\\/noticias\\\/catala-estrecha-la-relacion-bilateral-hispano-cubana-en-el-ambito-juridico\\\/\",\"name\":\"Catal\\u00e1 estrecha la relaci\\u00f3n bilateral hispano-cubana en el \\u00e1mbito jur\\u00eddico - El Digital de Asturias\",\"description\":\"El ministro de Justicia, Rafael Catal\\u00e1, ha realizado un viaje de trabajo a La Habana, donde ha mantenido diversos encuentros con autoridades del pa\\u00eds con objeto de estrechar los lazos bilaterales y reforzar la cooperaci\\u00f3n jur\\u00eddica mediante la firma de un memorando de entendimiento con la ministra de Justicia de Cuba, M\\u00aa Esther Reus. Este\",\"inLanguage\":\"es-ES\",\"isPartOf\":{\"@id\":\"https:\\\/\\\/www.eldigitaldeasturias.com\\\/noticias\\\/#website\"},\"breadcrumb\":{\"@id\":\"https:\\\/\\\/www.eldigitaldeasturias.com\\\/noticias\\\/catala-estrecha-la-relacion-bilateral-hispano-cubana-en-el-ambito-juridico\\\/#breadcrumblist\"},\"author\":{\"@id\":\"https:\\\/\\\/www.eldigitaldeasturias.com\\\/noticias\\\/author\\\/admin\\\/#author\"},\"creator\":{\"@id\":\"https:\\\/\\\/www.eldigitaldeasturias.com\\\/noticias\\\/author\\\/admin\\\/#author\"},\"image\":{\"@type\":\"ImageObject\",\"url\":966865,\"@id\":\"https:\\\/\\\/www.eldigitaldeasturias.com\\\/noticias\\\/catala-estrecha-la-relacion-bilateral-hispano-cubana-en-el-ambito-juridico\\\/#mainImage\"},\"primaryImageOfPage\":{\"@id\":\"https:\\\/\\\/www.eldigitaldeasturias.com\\\/noticias\\\/catala-estrecha-la-relacion-bilateral-hispano-cubana-en-el-ambito-juridico\\\/#mainImage\"},\"datePublished\":\"2018-01-23T15:32:33+01:00\",\"dateModified\":\"2018-01-23T15:32:33+01:00\"},{\"@type\":\"WebSite\",\"@id\":\"https:\\\/\\\/www.eldigitaldeasturias.com\\\/noticias\\\/#website\",\"url\":\"https:\\\/\\\/www.eldigitaldeasturias.com\\\/noticias\\\/\",\"name\":\"El Digital de Asturias - Diario de actualidad y noticias\",\"alternateName\":\"El Digital de Asturias - Diario de actualidad y noticias\",\"description\":\"Hemeroteca\",\"inLanguage\":\"es-ES\",\"publisher\":{\"@id\":\"https:\\\/\\\/www.eldigitaldeasturias.com\\\/noticias\\\/#organization\"}}]}\n\t\t<\/script>\n\t\t<!-- All in One SEO Pro -->\r\n\t\t<title>Catal\u00e1 estrecha la relaci\u00f3n bilateral hispano-cubana en el \u00e1mbito jur\u00eddico - El Digital de Asturias<\/title>\n\n","aioseo_head_json":{"title":"Catal\u00e1 estrecha la relaci\u00f3n bilateral hispano-cubana en el \u00e1mbito jur\u00eddico - El Digital de Asturias","description":"El ministro de Justicia, Rafael Catal\u00e1, ha realizado un viaje de trabajo a La Habana, donde ha mantenido diversos encuentros con autoridades del pa\u00eds con objeto de estrechar los lazos bilaterales y reforzar la cooperaci\u00f3n jur\u00eddica mediante la firma de un memorando de entendimiento con la ministra de Justicia de Cuba, M\u00aa Esther Reus. Este","canonical_url":"https:\/\/www.eldigitaldeasturias.com\/noticias\/catala-estrecha-la-relacion-bilateral-hispano-cubana-en-el-ambito-juridico\/","robots":"max-image-preview:large","keywords":"actualidad","webmasterTools":{"google-site-verification":"UA-38556648-1","msvalidate.01":"7dfe9f3f1b24437ab69f4f2559babe99","miscellaneous":""},"schema":{"@context":"https:\/\/schema.org","@graph":[{"@type":"BlogPosting","@id":"https:\/\/www.eldigitaldeasturias.com\/noticias\/catala-estrecha-la-relacion-bilateral-hispano-cubana-en-el-ambito-juridico\/#blogposting","name":"Catal\u00e1 estrecha la relaci\u00f3n bilateral hispano-cubana en el \u00e1mbito jur\u00eddico - El Digital de Asturias","headline":"Catal\u00e1 estrecha la relaci\u00f3n bilateral hispano-cubana en el \u00e1mbito jur\u00eddico","author":{"@id":"https:\/\/www.eldigitaldeasturias.com\/noticias\/author\/admin\/#author"},"publisher":{"@id":"https:\/\/www.eldigitaldeasturias.com\/noticias\/#organization"},"image":{"@type":"ImageObject","url":966865},"datePublished":"2018-01-23T15:32:33+01:00","dateModified":"2018-01-23T15:32:33+01:00","inLanguage":"es-ES","mainEntityOfPage":{"@id":"https:\/\/www.eldigitaldeasturias.com\/noticias\/catala-estrecha-la-relacion-bilateral-hispano-cubana-en-el-ambito-juridico\/#webpage"},"isPartOf":{"@id":"https:\/\/www.eldigitaldeasturias.com\/noticias\/catala-estrecha-la-relacion-bilateral-hispano-cubana-en-el-ambito-juridico\/#webpage"},"articleSection":"Actualidad"},{"@type":"BreadcrumbList","@id":"https:\/\/www.eldigitaldeasturias.com\/noticias\/catala-estrecha-la-relacion-bilateral-hispano-cubana-en-el-ambito-juridico\/#breadcrumblist","itemListElement":[{"@type":"ListItem","@id":"https:\/\/www.eldigitaldeasturias.com\/noticias#listItem","position":1,"name":"Home","item":"https:\/\/www.eldigitaldeasturias.com\/noticias","nextItem":{"@type":"ListItem","@id":"https:\/\/www.eldigitaldeasturias.com\/noticias\/category\/actualidad\/#listItem","name":"Actualidad"}},{"@type":"ListItem","@id":"https:\/\/www.eldigitaldeasturias.com\/noticias\/category\/actualidad\/#listItem","position":2,"name":"Actualidad","item":"https:\/\/www.eldigitaldeasturias.com\/noticias\/category\/actualidad\/","nextItem":{"@type":"ListItem","@id":"https:\/\/www.eldigitaldeasturias.com\/noticias\/catala-estrecha-la-relacion-bilateral-hispano-cubana-en-el-ambito-juridico\/#listItem","name":"Catal\u00e1 estrecha la relaci\u00f3n bilateral hispano-cubana en el \u00e1mbito jur\u00eddico"},"previousItem":{"@type":"ListItem","@id":"https:\/\/www.eldigitaldeasturias.com\/noticias#listItem","name":"Home"}},{"@type":"ListItem","@id":"https:\/\/www.eldigitaldeasturias.com\/noticias\/catala-estrecha-la-relacion-bilateral-hispano-cubana-en-el-ambito-juridico\/#listItem","position":3,"name":"Catal\u00e1 estrecha la relaci\u00f3n bilateral hispano-cubana en el \u00e1mbito jur\u00eddico","previousItem":{"@type":"ListItem","@id":"https:\/\/www.eldigitaldeasturias.com\/noticias\/category\/actualidad\/#listItem","name":"Actualidad"}}]},{"@type":"Organization","@id":"https:\/\/www.eldigitaldeasturias.com\/noticias\/#organization","name":"El Digital de Asturias","description":"Hemeroteca","url":"https:\/\/www.eldigitaldeasturias.com\/noticias\/","email":"info@eldigitaldeasturias.com","telephone":"+34652131393","logo":{"@type":"ImageObject","url":"https:\/\/www.eldigitaldeasturias.com\/noticias\/wp-content\/uploads\/2020\/12\/EDA.jpg","@id":"https:\/\/www.eldigitaldeasturias.com\/noticias\/catala-estrecha-la-relacion-bilateral-hispano-cubana-en-el-ambito-juridico\/#organizationLogo"},"image":{"@id":"https:\/\/www.eldigitaldeasturias.com\/noticias\/catala-estrecha-la-relacion-bilateral-hispano-cubana-en-el-ambito-juridico\/#organizationLogo"},"sameAs":["https:\/\/facebook.com\/eldigitaldeasturias","https:\/\/www.youtube.com\/channel\/UCZP-2wLEB9Rv6erhFmqVnvg"],"address":{"@id":"https:\/\/www.eldigitaldeasturias.com\/noticias\/#postaladdress","@type":"PostalAddress","streetAddress":"san antonio 4","postalCode":"33430","addressLocality":"Cand\u00e1s","addressRegion":"Asturias","addressCountry":"ES"}},{"@type":"Person","@id":"https:\/\/www.eldigitaldeasturias.com\/noticias\/author\/admin\/#author","url":"https:\/\/www.eldigitaldeasturias.com\/noticias\/author\/admin\/","name":"El Digital de Asturias","image":{"@type":"ImageObject","@id":"https:\/\/www.eldigitaldeasturias.com\/noticias\/catala-estrecha-la-relacion-bilateral-hispano-cubana-en-el-ambito-juridico\/#authorImage","url":"https:\/\/secure.gravatar.com\/avatar\/df2aeffc32bcd13f8d26072ef8a91b623d677766deac7f97ca815868cd41bf5e?s=96&d=mm&r=g","width":96,"height":96,"caption":"El Digital de Asturias"}},{"@type":"WebPage","@id":"https:\/\/www.eldigitaldeasturias.com\/noticias\/catala-estrecha-la-relacion-bilateral-hispano-cubana-en-el-ambito-juridico\/#webpage","url":"https:\/\/www.eldigitaldeasturias.com\/noticias\/catala-estrecha-la-relacion-bilateral-hispano-cubana-en-el-ambito-juridico\/","name":"Catal\u00e1 estrecha la relaci\u00f3n bilateral hispano-cubana en el \u00e1mbito jur\u00eddico - El Digital de Asturias","description":"El ministro de Justicia, Rafael Catal\u00e1, ha realizado un viaje de trabajo a La Habana, donde ha mantenido diversos encuentros con autoridades del pa\u00eds con objeto de estrechar los lazos bilaterales y reforzar la cooperaci\u00f3n jur\u00eddica mediante la firma de un memorando de entendimiento con la ministra de Justicia de Cuba, M\u00aa Esther Reus. Este","inLanguage":"es-ES","isPartOf":{"@id":"https:\/\/www.eldigitaldeasturias.com\/noticias\/#website"},"breadcrumb":{"@id":"https:\/\/www.eldigitaldeasturias.com\/noticias\/catala-estrecha-la-relacion-bilateral-hispano-cubana-en-el-ambito-juridico\/#breadcrumblist"},"author":{"@id":"https:\/\/www.eldigitaldeasturias.com\/noticias\/author\/admin\/#author"},"creator":{"@id":"https:\/\/www.eldigitaldeasturias.com\/noticias\/author\/admin\/#author"},"image":{"@type":"ImageObject","url":966865,"@id":"https:\/\/www.eldigitaldeasturias.com\/noticias\/catala-estrecha-la-relacion-bilateral-hispano-cubana-en-el-ambito-juridico\/#mainImage"},"primaryImageOfPage":{"@id":"https:\/\/www.eldigitaldeasturias.com\/noticias\/catala-estrecha-la-relacion-bilateral-hispano-cubana-en-el-ambito-juridico\/#mainImage"},"datePublished":"2018-01-23T15:32:33+01:00","dateModified":"2018-01-23T15:32:33+01:00"},{"@type":"WebSite","@id":"https:\/\/www.eldigitaldeasturias.com\/noticias\/#website","url":"https:\/\/www.eldigitaldeasturias.com\/noticias\/","name":"El Digital de Asturias - Diario de actualidad y noticias","alternateName":"El Digital de Asturias - Diario de actualidad y noticias","description":"Hemeroteca","inLanguage":"es-ES","publisher":{"@id":"https:\/\/www.eldigitaldeasturias.com\/noticias\/#organization"}}]},"og:locale":"es_ES","og:site_name":"El Digital de Asturias","og:type":"article","og:title":"Catal\u00e1 estrecha la relaci\u00f3n bilateral hispano-cubana en el \u00e1mbito jur\u00eddico - El Digital de Asturias","og:description":"El ministro de Justicia, Rafael Catal\u00e1, ha realizado un viaje de trabajo a La Habana, donde ha mantenido diversos encuentros con autoridades del pa\u00eds con objeto de estrechar los lazos bilaterales y reforzar la cooperaci\u00f3n jur\u00eddica mediante la firma de un memorando de entendimiento con la ministra de Justicia de Cuba, M\u00aa Esther Reus. Este","og:url":"https:\/\/www.eldigitaldeasturias.com\/noticias\/catala-estrecha-la-relacion-bilateral-hispano-cubana-en-el-ambito-juridico\/","article:tag":["actualidad"],"article:published_time":"2018-01-23T15:32:33+00:00","article:modified_time":"2018-01-23T15:32:33+00:00","article:publisher":"https:\/\/facebook.com\/eldigitaldeasturias","twitter:card":"summary_large_image","twitter:title":"Catal\u00e1 estrecha la relaci\u00f3n bilateral hispano-cubana en el \u00e1mbito jur\u00eddico - El Digital de Asturias","twitter:description":"El ministro de Justicia, Rafael Catal\u00e1, ha realizado un viaje de trabajo a La Habana, donde ha mantenido diversos encuentros con autoridades del pa\u00eds con objeto de estrechar los lazos bilaterales y reforzar la cooperaci\u00f3n jur\u00eddica mediante la firma de un memorando de entendimiento con la ministra de Justicia de Cuba, M\u00aa Esther Reus. Este","twitter:image":"https:\/\/www.eldigitaldeasturias.com\/noticias\/wp-content\/uploads\/2020\/12\/EDA-1.jpg","twitter:label1":"Escrito por","twitter:data1":"El Digital de Asturias","twitter:label2":"Tiempo de lectura estimado","twitter:data2":"3 minutos"},"aioseo_meta_data":{"post_id":"966864","title":null,"description":null,"keywords":null,"keyphrases":null,"primary_term":null,"canonical_url":null,"og_title":null,"og_description":null,"og_object_type":"default","og_image_type":"default","og_image_url":null,"og_image_width":null,"og_image_height":null,"og_image_custom_url":null,"og_image_custom_fields":null,"og_video":null,"og_custom_url":null,"og_article_section":null,"og_article_tags":null,"twitter_use_og":false,"twitter_card":"default","twitter_image_type":"default","twitter_image_url":null,"twitter_image_custom_url":null,"twitter_image_custom_fields":null,"twitter_title":null,"twitter_description":null,"schema":{"blockGraphs":[],"customGraphs":[],"default":{"data":{"Article":[],"Course":[],"Dataset":[],"FAQPage":[],"Movie":[],"Person":[],"Product":[],"ProductReview":[],"Car":[],"Recipe":[],"Service":[],"SoftwareApplication":[],"WebPage":[]},"graphName":"","isEnabled":true},"graphs":[],"defaultGraph":"","defaultPostTypeGraph":""},"schema_type":null,"schema_type_options":null,"pillar_content":false,"robots_default":true,"robots_noindex":false,"robots_noarchive":false,"robots_nosnippet":false,"robots_nofollow":false,"robots_noimageindex":false,"robots_noodp":false,"robots_notranslate":false,"robots_max_snippet":null,"robots_max_videopreview":null,"robots_max_imagepreview":"large","priority":null,"frequency":null,"local_seo":null,"seo_analyzer_scan_date":"2025-10-06 17:05:11","breadcrumb_settings":null,"limit_modified_date":false,"open_ai":null,"ai":null,"created":"2020-12-21 12:34:37","updated":"2025-10-06 17:05:11","focus_keyword":null,"additional_keywords":null,"truseo_locale":null},"aioseo_breadcrumb":"<div class=\"aioseo-breadcrumbs\"><span class=\"aioseo-breadcrumb\">\n\t<a href=\"https:\/\/www.eldigitaldeasturias.com\/noticias\" title=\"Home\">Home<\/a>\n<\/span><span class=\"aioseo-breadcrumb-separator\">\u2013<\/span><span class=\"aioseo-breadcrumb\">\n\t<a href=\"https:\/\/www.eldigitaldeasturias.com\/noticias\/category\/actualidad\/\" title=\"Actualidad\">Actualidad<\/a>\n<\/span><span class=\"aioseo-breadcrumb-separator\">\u2013<\/span><span class=\"aioseo-breadcrumb\">\n\t<a href=\"https:\/\/www.eldigitaldeasturias.com\/noticias\/catala-estrecha-la-relacion-bilateral-hispano-cubana-en-el-ambito-juridico\/\" title=\"Catal\u00e1 estrecha la relaci\u00f3n bilateral hispano-cubana en el \u00e1mbito jur\u00eddico\">Catal\u00e1 estrecha la relaci\u00f3n bilateral hispano-cubana en el \u00e1mbito jur\u00eddico<\/a>\n<\/span><\/div>","aioseo_breadcrumb_json":[{"label":"Home","link":"https:\/\/www.eldigitaldeasturias.com\/noticias"},{"label":"Actualidad","link":"https:\/\/www.eldigitaldeasturias.com\/noticias\/category\/actualidad\/"},{"label":"Catal\u00e1 estrecha la relaci\u00f3n bilateral hispano-cubana en el \u00e1mbito jur\u00eddico","link":"https:\/\/www.eldigitaldeasturias.com\/noticias\/catala-estrecha-la-relacion-bilateral-hispano-cubana-en-el-ambito-juridico\/"}],"_links":{"self":[{"href":"https:\/\/www.eldigitaldeasturias.com\/noticias\/wp-json\/wp\/v2\/posts\/966864","targetHints":{"allow":["GET"]}}],"collection":[{"href":"https:\/\/www.eldigitaldeasturias.com\/noticias\/wp-json\/wp\/v2\/posts"}],"about":[{"href":"https:\/\/www.eldigitaldeasturias.com\/noticias\/wp-json\/wp\/v2\/types\/post"}],"author":[{"embeddable":true,"href":"https:\/\/www.eldigitaldeasturias.com\/noticias\/wp-json\/wp\/v2\/users\/1"}],"replies":[{"embeddable":true,"href":"https:\/\/www.eldigitaldeasturias.com\/noticias\/wp-json\/wp\/v2\/comments?post=966864"}],"version-history":[{"count":0,"href":"https:\/\/www.eldigitaldeasturias.com\/noticias\/wp-json\/wp\/v2\/posts\/966864\/revisions"}],"wp:attachment":[{"href":"https:\/\/www.eldigitaldeasturias.com\/noticias\/wp-json\/wp\/v2\/media?parent=966864"}],"wp:term":[{"taxonomy":"category","embeddable":true,"href":"https:\/\/www.eldigitaldeasturias.com\/noticias\/wp-json\/wp\/v2\/categories?post=966864"},{"taxonomy":"post_tag","embeddable":true,"href":"https:\/\/www.eldigitaldeasturias.com\/noticias\/wp-json\/wp\/v2\/tags?post=966864"}],"curies":[{"name":"wp","href":"https:\/\/api.w.org\/{rel}","templated":true}]}}