{"id":966855,"date":"2018-01-23T15:04:52","date_gmt":"2018-01-23T15:04:52","guid":{"rendered":"http:\/\/www.eldigitaldeasturias.com\/noticias\/?p=966855"},"modified":"2018-01-23T15:04:52","modified_gmt":"2018-01-23T15:04:52","slug":"lamban-muestra-su-apoyo-al-sector-de-artes-escenicas","status":"publish","type":"post","link":"https:\/\/www.eldigitaldeasturias.com\/noticias\/lamban-muestra-su-apoyo-al-sector-de-artes-escenicas\/","title":{"rendered":"Lamb\u00e1n muestra su apoyo al sector de artes esc\u00e9nicas"},"content":{"rendered":"<p><img loading=\"lazy\" decoding=\"async\" class=\"alignleft size-medium wp-image-966856\" src=\"https:\/\/www.eldigitaldeasturias.com\/noticias\/wp-content\/uploads\/2018\/01\/IMG_5959_Foto_Luis_Correas_GA_2f4cc5a5-360x159.jpg\" alt=\"\" width=\"360\" height=\"159\" \/>El Presidente de Arag\u00f3n, Javier Lamb\u00e1n, ha visitado hoy \u2013junto con la consejera de Educaci\u00f3n, Cultura y Deporte, Mayte P\u00e9rez-, la exposici\u00f3n que conmemora el 30 aniversario de Tranv\u00eda Teatro en el IAACC Pablo Serrano, para la que se ha instalado un teatro de 200 localidades en el propio museo done se desarrollan diversas actividades y representaciones para escolares y el p\u00fablico en general.<\/p>\n<p>Lamb\u00e1n ha recordado el apoyo del Gobierno de Arag\u00f3n al sector del cine y de las artes esc\u00e9nicas, cuyas ayudas se multiplicaron por cuatro hasta los 560.000 y los 960.000 euros, respectivamente de 2016 a 2017, pero por 10 desde el inicio de la legislatura. Adem\u00e1s de estas, hay ayudas a las galer\u00edas de arte, asociaciones culturales, a la m\u00fasica, el sector del libro, etc.<\/p>\n<p>El presidente del ejecutivo aragon\u00e9s tambi\u00e9n ha recordado otras iniciativas que se han puesto en marcha como el programa Ense\u00f1Arte en los centros educativos y la consolidaci\u00f3n de ayudas a los distintos sectores culturales, que en 2017 fueron las m\u00e1s cuantiosas de la historia, multiplic\u00e1ndose por cuatro las concedidas, por ejemplo, a las artes esc\u00e9nicas y al cine.<\/p>\n<p>En el presupuesto de 2018, Cultura y Patrimonio dispondr\u00e1 de un mill\u00f3n extra (13 millones), lo que aumenta en 3,6% el disponible en 2017 y un 60% respecto al presupuesto de 2015. Con este dinero, se ahondar\u00e1 en las intervenciones de recuperaci\u00f3n y restauraci\u00f3n del patrimonio, se seguir\u00e1 apostando por potenciar los parques culturales de la Comunidad (cuyo presupuesto ya se multiplic\u00f3 por siete este a\u00f1o), Adem\u00e1s, se continuar\u00e1 con las actuaciones enfocadas a celebrar los grandes iconos culturales de la Comunidad.<\/p>\n<p>Para Javier Lamb\u00e1n, el teatro es una de las disciplinas art\u00edsticas b\u00e1sicas de la civilizaci\u00f3n, \u201cde manera que quien dice que no le gusta el teatro, es que no ha ido nunca al teatro\u201d, asegura rotundo. Por ello, ha dedicado numerosos elogios a la trayectoria de una de las compa\u00f1\u00edas aragonesas m\u00e1s longevas, Tranv\u00eda Teatro, dirigida actualmente por Cristina Y\u00e1\u00f1ez, y a su iniciativa para celebrar su trig\u00e9simo aniversario, la que puede conocerse ahora gracias a la muestra organizada por el Departamento de Educaci\u00f3n, Cultura y Deporte del Gobierno de Arag\u00f3n y el IAACC Pablo Serrano. Con ella, el espectador puede realizar un recorrido en el tiempo por las iniciativas, actividades y espect\u00e1culos de la compa\u00f1\u00eda zaragozana, titular del Teatro de la Estaci\u00f3n. La exposici\u00f3n permanecer\u00e1 abierta hasta el 1 de abril de 2018 en la Sala 00 y en el propio vest\u00edbulo del IAACC Pablo Serrano.<\/p>\n<p><strong>Teatro de Cerca<\/strong><\/p>\n<p>Tranv\u00eda Teatro naci\u00f3 en el oto\u00f1o de 1987 y con la muestra quiere recordar la historia de una compa\u00f1\u00eda, de unas personas que creyeron en un proyecto cultural desde Arag\u00f3n y que es, seg\u00fan la propia compa\u00f1\u00eda, \u201cun sue\u00f1o hecho realidad\u201d.<br \/>\nLa exposici\u00f3n da a conocer muchos de los espect\u00e1culos estrenados, los primeros pasos, los motivos que los impulsaron. A trav\u00e9s de fotos, recuerdos, vestuario, escenograf\u00edas, atrezzo, programas, entradas, carteles y muchos otros materiales (vinilos, lonas, paneles&#8230;) la muestra va desgranando los detalles de estos 30 a\u00f1os de vida, en los que el motor y el alma han sido las personas. Por eso precisamente, se dedica tambi\u00e9n un lugar especial a todos los que han formado parte de este camino en un momento o en otro. Tambi\u00e9n estar\u00e1 presente el Teatro de la Estaci\u00f3n, sala que Tranv\u00eda Teatro gener\u00f3 en 1996 para convertirla en su casa y donde se han realizado m\u00faltiples proyectos de trabajo colaborativo, educativo, social y cultural, que la han convertido en un referente nacional e internacional.<\/p>\n<p>La muestra tiene un detalle especial, el teatro es un arte vivo y la compa\u00f1\u00eda Tranv\u00eda Teatro ha construido un espectacular teatro de 200 localidades dentro del museo en el que se realizar\u00e1n m\u00faltiples actividades: representaciones teatrales para p\u00fablico general, proyecciones, etc. All\u00ed se traslada para la ocasi\u00f3n la XXI edici\u00f3n del Programa de Iniciaci\u00f3n al Teatro, Teatro de Cerca, organizada por Tranv\u00eda Teatro y en la que participar\u00e1n m\u00e1s de 5.000 j\u00f3venes de numerosos centros educativos de todo Arag\u00f3n.<\/p>\n<p>M\u00e1s de 200.000 personas han participado en las 21 ediciones de este programa que, uniendo educaci\u00f3n y cultura como pilar de la generaci\u00f3n de p\u00fablicos futuros, pretende dar a conocer y explicar el hecho y la creaci\u00f3n esc\u00e9nica a estos espectadores, generalmente olvidados en las programaciones.<\/p>\n<p>Teatro de Cerca es una iniciativa abierta a todos los colectivos ciudadanos y al p\u00fablico general, aunque est\u00e1 especialmente creado para estudiantes de entre 12 y 18 a\u00f1os. Tranv\u00eda Teatro pone en escena piezas creadas a partir de obras de la literatura universal que se acompa\u00f1an de un cuaderno pedag\u00f3gico para trabajar en clase y encuentros y coloquios (previos y posteriores a las funciones) en los que los alumnos participan activamente, comentando, subiendo al escenario o preguntando las dudas y curiosidades que pudieran surgir.<\/p>\n<p>El espacio habitual de estas representaciones es el Teatro de la Estaci\u00f3n, pero este programa sale de sus paredes para darse a conocer en otras ciudades como son Sevilla, Valencia, Badajoz\u2026 En Zaragoza tambi\u00e9n se ha realizado en algunas ocasiones en el Teatro Principal y ahora desembarca en el IAACC Pablo Serrano. A esta ubicaci\u00f3n llega esta semana Tranv\u00eda Teatro para poner en escena cuatro de los espect\u00e1culos del programa: So\u00f1ar dentro del Espejo, Di\u00e1logo de Sombras, De Donde Nace la Farsa y Ser o No Ser, un tal Shakespeare.<\/p>\n","protected":false},"excerpt":{"rendered":"<p>El Presidente de Arag\u00f3n, Javier Lamb\u00e1n, ha visitado hoy \u2013junto con la consejera de Educaci\u00f3n, Cultura y Deporte, Mayte P\u00e9rez-, la exposici\u00f3n que conmemora el 30 aniversario de Tranv\u00eda Teatro en el IAACC Pablo Serrano, para la que se ha instalado un teatro de 200 localidades en el propio museo done se desarrollan diversas actividades [&hellip;]<\/p>\n","protected":false},"author":1,"featured_media":966856,"comment_status":"closed","ping_status":"closed","sticky":false,"template":"","format":"standard","meta":{"footnotes":""},"categories":[1],"tags":[],"class_list":["post-966855","post","type-post","status-publish","format-standard","has-post-thumbnail","hentry","category-actualidad"],"aioseo_notices":[],"aioseo_head":"\n\t\t<!-- All in One SEO Pro 5.0.1 - aioseo.com -->\n\t<meta name=\"description\" content=\"El Presidente de Arag\u00f3n, Javier Lamb\u00e1n, ha visitado hoy \u2013junto con la consejera de Educaci\u00f3n, Cultura y Deporte, Mayte P\u00e9rez-, la exposici\u00f3n que conmemora el 30 aniversario de Tranv\u00eda Teatro en el IAACC Pablo Serrano, para la que se ha instalado un teatro de 200 localidades en el propio museo done se desarrollan diversas actividades\" \/>\n\t<meta name=\"robots\" content=\"max-image-preview:large\" \/>\n\t<meta name=\"author\" content=\"El Digital de Asturias\"\/>\n\t<meta name=\"google-site-verification\" content=\"UA-38556648-1\" \/>\n\t<meta name=\"msvalidate.01\" content=\"7dfe9f3f1b24437ab69f4f2559babe99\" \/>\n\t<meta name=\"keywords\" content=\"actualidad\" \/>\n\t<link rel=\"canonical\" href=\"https:\/\/www.eldigitaldeasturias.com\/noticias\/lamban-muestra-su-apoyo-al-sector-de-artes-escenicas\/\" \/>\n\t<meta name=\"generator\" content=\"All in One SEO Pro (AIOSEO) 5.0.1\" \/>\n\t\t<meta property=\"og:locale\" content=\"es_ES\" \/>\n\t\t<meta property=\"og:site_name\" content=\"El Digital de Asturias\" \/>\n\t\t<meta property=\"og:type\" content=\"article\" \/>\n\t\t<meta property=\"og:title\" content=\"Lamb\u00e1n muestra su apoyo al sector de artes esc\u00e9nicas - El Digital de Asturias\" \/>\n\t\t<meta property=\"og:description\" content=\"El Presidente de Arag\u00f3n, Javier Lamb\u00e1n, ha visitado hoy \u2013junto con la consejera de Educaci\u00f3n, Cultura y Deporte, Mayte P\u00e9rez-, la exposici\u00f3n que conmemora el 30 aniversario de Tranv\u00eda Teatro en el IAACC Pablo Serrano, para la que se ha instalado un teatro de 200 localidades en el propio museo done se desarrollan diversas actividades\" \/>\n\t\t<meta property=\"og:url\" content=\"https:\/\/www.eldigitaldeasturias.com\/noticias\/lamban-muestra-su-apoyo-al-sector-de-artes-escenicas\/\" \/>\n\t\t<meta property=\"article:tag\" content=\"actualidad\" \/>\n\t\t<meta property=\"article:published_time\" content=\"2018-01-23T15:04:52+00:00\" \/>\n\t\t<meta property=\"article:modified_time\" content=\"2018-01-23T15:04:52+00:00\" \/>\n\t\t<meta property=\"article:publisher\" content=\"https:\/\/facebook.com\/eldigitaldeasturias\" \/>\n\t\t<meta name=\"twitter:card\" content=\"summary_large_image\" \/>\n\t\t<meta name=\"twitter:title\" content=\"Lamb\u00e1n muestra su apoyo al sector de artes esc\u00e9nicas - El Digital de Asturias\" \/>\n\t\t<meta name=\"twitter:description\" content=\"El Presidente de Arag\u00f3n, Javier Lamb\u00e1n, ha visitado hoy \u2013junto con la consejera de Educaci\u00f3n, Cultura y Deporte, Mayte P\u00e9rez-, la exposici\u00f3n que conmemora el 30 aniversario de Tranv\u00eda Teatro en el IAACC Pablo Serrano, para la que se ha instalado un teatro de 200 localidades en el propio museo done se desarrollan diversas actividades\" \/>\n\t\t<meta name=\"twitter:image\" content=\"https:\/\/www.eldigitaldeasturias.com\/noticias\/wp-content\/uploads\/2020\/12\/EDA-1.jpg\" \/>\n\t\t<meta name=\"twitter:label1\" content=\"Escrito por\" \/>\n\t\t<meta name=\"twitter:data1\" content=\"El Digital de Asturias\" \/>\n\t\t<meta name=\"twitter:label2\" content=\"Tiempo de lectura estimado\" \/>\n\t\t<meta name=\"twitter:data2\" content=\"5 minutos\" \/>\n\t\t<script type=\"application\/ld+json\" class=\"aioseo-schema\">\n\t\t\t{\"@context\":\"https:\\\/\\\/schema.org\",\"@graph\":[{\"@type\":\"BlogPosting\",\"@id\":\"https:\\\/\\\/www.eldigitaldeasturias.com\\\/noticias\\\/lamban-muestra-su-apoyo-al-sector-de-artes-escenicas\\\/#blogposting\",\"name\":\"Lamb\\u00e1n muestra su apoyo al sector de artes esc\\u00e9nicas - El Digital de Asturias\",\"headline\":\"Lamb\\u00e1n muestra su apoyo al sector de artes esc\\u00e9nicas\",\"author\":{\"@id\":\"https:\\\/\\\/www.eldigitaldeasturias.com\\\/noticias\\\/author\\\/admin\\\/#author\"},\"publisher\":{\"@id\":\"https:\\\/\\\/www.eldigitaldeasturias.com\\\/noticias\\\/#organization\"},\"image\":{\"@type\":\"ImageObject\",\"url\":966856},\"datePublished\":\"2018-01-23T15:04:52+01:00\",\"dateModified\":\"2018-01-23T15:04:52+01:00\",\"inLanguage\":\"es-ES\",\"mainEntityOfPage\":{\"@id\":\"https:\\\/\\\/www.eldigitaldeasturias.com\\\/noticias\\\/lamban-muestra-su-apoyo-al-sector-de-artes-escenicas\\\/#webpage\"},\"isPartOf\":{\"@id\":\"https:\\\/\\\/www.eldigitaldeasturias.com\\\/noticias\\\/lamban-muestra-su-apoyo-al-sector-de-artes-escenicas\\\/#webpage\"},\"articleSection\":\"Actualidad\"},{\"@type\":\"BreadcrumbList\",\"@id\":\"https:\\\/\\\/www.eldigitaldeasturias.com\\\/noticias\\\/lamban-muestra-su-apoyo-al-sector-de-artes-escenicas\\\/#breadcrumblist\",\"itemListElement\":[{\"@type\":\"ListItem\",\"@id\":\"https:\\\/\\\/www.eldigitaldeasturias.com\\\/noticias#listItem\",\"position\":1,\"name\":\"Home\",\"item\":\"https:\\\/\\\/www.eldigitaldeasturias.com\\\/noticias\",\"nextItem\":{\"@type\":\"ListItem\",\"@id\":\"https:\\\/\\\/www.eldigitaldeasturias.com\\\/noticias\\\/category\\\/actualidad\\\/#listItem\",\"name\":\"Actualidad\"}},{\"@type\":\"ListItem\",\"@id\":\"https:\\\/\\\/www.eldigitaldeasturias.com\\\/noticias\\\/category\\\/actualidad\\\/#listItem\",\"position\":2,\"name\":\"Actualidad\",\"item\":\"https:\\\/\\\/www.eldigitaldeasturias.com\\\/noticias\\\/category\\\/actualidad\\\/\",\"nextItem\":{\"@type\":\"ListItem\",\"@id\":\"https:\\\/\\\/www.eldigitaldeasturias.com\\\/noticias\\\/lamban-muestra-su-apoyo-al-sector-de-artes-escenicas\\\/#listItem\",\"name\":\"Lamb\\u00e1n muestra su apoyo al sector de artes esc\\u00e9nicas\"},\"previousItem\":{\"@type\":\"ListItem\",\"@id\":\"https:\\\/\\\/www.eldigitaldeasturias.com\\\/noticias#listItem\",\"name\":\"Home\"}},{\"@type\":\"ListItem\",\"@id\":\"https:\\\/\\\/www.eldigitaldeasturias.com\\\/noticias\\\/lamban-muestra-su-apoyo-al-sector-de-artes-escenicas\\\/#listItem\",\"position\":3,\"name\":\"Lamb\\u00e1n muestra su apoyo al sector de artes esc\\u00e9nicas\",\"previousItem\":{\"@type\":\"ListItem\",\"@id\":\"https:\\\/\\\/www.eldigitaldeasturias.com\\\/noticias\\\/category\\\/actualidad\\\/#listItem\",\"name\":\"Actualidad\"}}]},{\"@type\":\"Organization\",\"@id\":\"https:\\\/\\\/www.eldigitaldeasturias.com\\\/noticias\\\/#organization\",\"name\":\"El Digital de Asturias\",\"description\":\"Hemeroteca\",\"url\":\"https:\\\/\\\/www.eldigitaldeasturias.com\\\/noticias\\\/\",\"email\":\"info@eldigitaldeasturias.com\",\"telephone\":\"+34652131393\",\"logo\":{\"@type\":\"ImageObject\",\"url\":\"https:\\\/\\\/www.eldigitaldeasturias.com\\\/noticias\\\/wp-content\\\/uploads\\\/2020\\\/12\\\/EDA.jpg\",\"@id\":\"https:\\\/\\\/www.eldigitaldeasturias.com\\\/noticias\\\/lamban-muestra-su-apoyo-al-sector-de-artes-escenicas\\\/#organizationLogo\"},\"image\":{\"@id\":\"https:\\\/\\\/www.eldigitaldeasturias.com\\\/noticias\\\/lamban-muestra-su-apoyo-al-sector-de-artes-escenicas\\\/#organizationLogo\"},\"sameAs\":[\"https:\\\/\\\/facebook.com\\\/eldigitaldeasturias\",\"https:\\\/\\\/www.youtube.com\\\/channel\\\/UCZP-2wLEB9Rv6erhFmqVnvg\"],\"address\":{\"@id\":\"https:\\\/\\\/www.eldigitaldeasturias.com\\\/noticias\\\/#postaladdress\",\"@type\":\"PostalAddress\",\"streetAddress\":\"san antonio 4\",\"postalCode\":\"33430\",\"addressLocality\":\"Cand\\u00e1s\",\"addressRegion\":\"Asturias\",\"addressCountry\":\"ES\"}},{\"@type\":\"Person\",\"@id\":\"https:\\\/\\\/www.eldigitaldeasturias.com\\\/noticias\\\/author\\\/admin\\\/#author\",\"url\":\"https:\\\/\\\/www.eldigitaldeasturias.com\\\/noticias\\\/author\\\/admin\\\/\",\"name\":\"El Digital de Asturias\",\"image\":{\"@type\":\"ImageObject\",\"@id\":\"https:\\\/\\\/www.eldigitaldeasturias.com\\\/noticias\\\/lamban-muestra-su-apoyo-al-sector-de-artes-escenicas\\\/#authorImage\",\"url\":\"https:\\\/\\\/secure.gravatar.com\\\/avatar\\\/df2aeffc32bcd13f8d26072ef8a91b623d677766deac7f97ca815868cd41bf5e?s=96&d=mm&r=g\",\"width\":96,\"height\":96,\"caption\":\"El Digital de Asturias\"}},{\"@type\":\"WebPage\",\"@id\":\"https:\\\/\\\/www.eldigitaldeasturias.com\\\/noticias\\\/lamban-muestra-su-apoyo-al-sector-de-artes-escenicas\\\/#webpage\",\"url\":\"https:\\\/\\\/www.eldigitaldeasturias.com\\\/noticias\\\/lamban-muestra-su-apoyo-al-sector-de-artes-escenicas\\\/\",\"name\":\"Lamb\\u00e1n muestra su apoyo al sector de artes esc\\u00e9nicas - El Digital de Asturias\",\"description\":\"El Presidente de Arag\\u00f3n, Javier Lamb\\u00e1n, ha visitado hoy \\u2013junto con la consejera de Educaci\\u00f3n, Cultura y Deporte, Mayte P\\u00e9rez-, la exposici\\u00f3n que conmemora el 30 aniversario de Tranv\\u00eda Teatro en el IAACC Pablo Serrano, para la que se ha instalado un teatro de 200 localidades en el propio museo done se desarrollan diversas actividades\",\"inLanguage\":\"es-ES\",\"isPartOf\":{\"@id\":\"https:\\\/\\\/www.eldigitaldeasturias.com\\\/noticias\\\/#website\"},\"breadcrumb\":{\"@id\":\"https:\\\/\\\/www.eldigitaldeasturias.com\\\/noticias\\\/lamban-muestra-su-apoyo-al-sector-de-artes-escenicas\\\/#breadcrumblist\"},\"author\":{\"@id\":\"https:\\\/\\\/www.eldigitaldeasturias.com\\\/noticias\\\/author\\\/admin\\\/#author\"},\"creator\":{\"@id\":\"https:\\\/\\\/www.eldigitaldeasturias.com\\\/noticias\\\/author\\\/admin\\\/#author\"},\"image\":{\"@type\":\"ImageObject\",\"url\":966856,\"@id\":\"https:\\\/\\\/www.eldigitaldeasturias.com\\\/noticias\\\/lamban-muestra-su-apoyo-al-sector-de-artes-escenicas\\\/#mainImage\"},\"primaryImageOfPage\":{\"@id\":\"https:\\\/\\\/www.eldigitaldeasturias.com\\\/noticias\\\/lamban-muestra-su-apoyo-al-sector-de-artes-escenicas\\\/#mainImage\"},\"datePublished\":\"2018-01-23T15:04:52+01:00\",\"dateModified\":\"2018-01-23T15:04:52+01:00\"},{\"@type\":\"WebSite\",\"@id\":\"https:\\\/\\\/www.eldigitaldeasturias.com\\\/noticias\\\/#website\",\"url\":\"https:\\\/\\\/www.eldigitaldeasturias.com\\\/noticias\\\/\",\"name\":\"El Digital de Asturias - Diario de actualidad y noticias\",\"alternateName\":\"El Digital de Asturias - Diario de actualidad y noticias\",\"description\":\"Hemeroteca\",\"inLanguage\":\"es-ES\",\"publisher\":{\"@id\":\"https:\\\/\\\/www.eldigitaldeasturias.com\\\/noticias\\\/#organization\"}}]}\n\t\t<\/script>\n\t\t<!-- All in One SEO Pro -->\r\n\t\t<title>Lamb\u00e1n muestra su apoyo al sector de artes esc\u00e9nicas - El Digital de Asturias<\/title>\n\n","aioseo_head_json":{"title":"Lamb\u00e1n muestra su apoyo al sector de artes esc\u00e9nicas - El Digital de Asturias","description":"El Presidente de Arag\u00f3n, Javier Lamb\u00e1n, ha visitado hoy \u2013junto con la consejera de Educaci\u00f3n, Cultura y Deporte, Mayte P\u00e9rez-, la exposici\u00f3n que conmemora el 30 aniversario de Tranv\u00eda Teatro en el IAACC Pablo Serrano, para la que se ha instalado un teatro de 200 localidades en el propio museo done se desarrollan diversas actividades","canonical_url":"https:\/\/www.eldigitaldeasturias.com\/noticias\/lamban-muestra-su-apoyo-al-sector-de-artes-escenicas\/","robots":"max-image-preview:large","keywords":"actualidad","webmasterTools":{"google-site-verification":"UA-38556648-1","msvalidate.01":"7dfe9f3f1b24437ab69f4f2559babe99","miscellaneous":""},"schema":{"@context":"https:\/\/schema.org","@graph":[{"@type":"BlogPosting","@id":"https:\/\/www.eldigitaldeasturias.com\/noticias\/lamban-muestra-su-apoyo-al-sector-de-artes-escenicas\/#blogposting","name":"Lamb\u00e1n muestra su apoyo al sector de artes esc\u00e9nicas - El Digital de Asturias","headline":"Lamb\u00e1n muestra su apoyo al sector de artes esc\u00e9nicas","author":{"@id":"https:\/\/www.eldigitaldeasturias.com\/noticias\/author\/admin\/#author"},"publisher":{"@id":"https:\/\/www.eldigitaldeasturias.com\/noticias\/#organization"},"image":{"@type":"ImageObject","url":966856},"datePublished":"2018-01-23T15:04:52+01:00","dateModified":"2018-01-23T15:04:52+01:00","inLanguage":"es-ES","mainEntityOfPage":{"@id":"https:\/\/www.eldigitaldeasturias.com\/noticias\/lamban-muestra-su-apoyo-al-sector-de-artes-escenicas\/#webpage"},"isPartOf":{"@id":"https:\/\/www.eldigitaldeasturias.com\/noticias\/lamban-muestra-su-apoyo-al-sector-de-artes-escenicas\/#webpage"},"articleSection":"Actualidad"},{"@type":"BreadcrumbList","@id":"https:\/\/www.eldigitaldeasturias.com\/noticias\/lamban-muestra-su-apoyo-al-sector-de-artes-escenicas\/#breadcrumblist","itemListElement":[{"@type":"ListItem","@id":"https:\/\/www.eldigitaldeasturias.com\/noticias#listItem","position":1,"name":"Home","item":"https:\/\/www.eldigitaldeasturias.com\/noticias","nextItem":{"@type":"ListItem","@id":"https:\/\/www.eldigitaldeasturias.com\/noticias\/category\/actualidad\/#listItem","name":"Actualidad"}},{"@type":"ListItem","@id":"https:\/\/www.eldigitaldeasturias.com\/noticias\/category\/actualidad\/#listItem","position":2,"name":"Actualidad","item":"https:\/\/www.eldigitaldeasturias.com\/noticias\/category\/actualidad\/","nextItem":{"@type":"ListItem","@id":"https:\/\/www.eldigitaldeasturias.com\/noticias\/lamban-muestra-su-apoyo-al-sector-de-artes-escenicas\/#listItem","name":"Lamb\u00e1n muestra su apoyo al sector de artes esc\u00e9nicas"},"previousItem":{"@type":"ListItem","@id":"https:\/\/www.eldigitaldeasturias.com\/noticias#listItem","name":"Home"}},{"@type":"ListItem","@id":"https:\/\/www.eldigitaldeasturias.com\/noticias\/lamban-muestra-su-apoyo-al-sector-de-artes-escenicas\/#listItem","position":3,"name":"Lamb\u00e1n muestra su apoyo al sector de artes esc\u00e9nicas","previousItem":{"@type":"ListItem","@id":"https:\/\/www.eldigitaldeasturias.com\/noticias\/category\/actualidad\/#listItem","name":"Actualidad"}}]},{"@type":"Organization","@id":"https:\/\/www.eldigitaldeasturias.com\/noticias\/#organization","name":"El Digital de Asturias","description":"Hemeroteca","url":"https:\/\/www.eldigitaldeasturias.com\/noticias\/","email":"info@eldigitaldeasturias.com","telephone":"+34652131393","logo":{"@type":"ImageObject","url":"https:\/\/www.eldigitaldeasturias.com\/noticias\/wp-content\/uploads\/2020\/12\/EDA.jpg","@id":"https:\/\/www.eldigitaldeasturias.com\/noticias\/lamban-muestra-su-apoyo-al-sector-de-artes-escenicas\/#organizationLogo"},"image":{"@id":"https:\/\/www.eldigitaldeasturias.com\/noticias\/lamban-muestra-su-apoyo-al-sector-de-artes-escenicas\/#organizationLogo"},"sameAs":["https:\/\/facebook.com\/eldigitaldeasturias","https:\/\/www.youtube.com\/channel\/UCZP-2wLEB9Rv6erhFmqVnvg"],"address":{"@id":"https:\/\/www.eldigitaldeasturias.com\/noticias\/#postaladdress","@type":"PostalAddress","streetAddress":"san antonio 4","postalCode":"33430","addressLocality":"Cand\u00e1s","addressRegion":"Asturias","addressCountry":"ES"}},{"@type":"Person","@id":"https:\/\/www.eldigitaldeasturias.com\/noticias\/author\/admin\/#author","url":"https:\/\/www.eldigitaldeasturias.com\/noticias\/author\/admin\/","name":"El Digital de Asturias","image":{"@type":"ImageObject","@id":"https:\/\/www.eldigitaldeasturias.com\/noticias\/lamban-muestra-su-apoyo-al-sector-de-artes-escenicas\/#authorImage","url":"https:\/\/secure.gravatar.com\/avatar\/df2aeffc32bcd13f8d26072ef8a91b623d677766deac7f97ca815868cd41bf5e?s=96&d=mm&r=g","width":96,"height":96,"caption":"El Digital de Asturias"}},{"@type":"WebPage","@id":"https:\/\/www.eldigitaldeasturias.com\/noticias\/lamban-muestra-su-apoyo-al-sector-de-artes-escenicas\/#webpage","url":"https:\/\/www.eldigitaldeasturias.com\/noticias\/lamban-muestra-su-apoyo-al-sector-de-artes-escenicas\/","name":"Lamb\u00e1n muestra su apoyo al sector de artes esc\u00e9nicas - El Digital de Asturias","description":"El Presidente de Arag\u00f3n, Javier Lamb\u00e1n, ha visitado hoy \u2013junto con la consejera de Educaci\u00f3n, Cultura y Deporte, Mayte P\u00e9rez-, la exposici\u00f3n que conmemora el 30 aniversario de Tranv\u00eda Teatro en el IAACC Pablo Serrano, para la que se ha instalado un teatro de 200 localidades en el propio museo done se desarrollan diversas actividades","inLanguage":"es-ES","isPartOf":{"@id":"https:\/\/www.eldigitaldeasturias.com\/noticias\/#website"},"breadcrumb":{"@id":"https:\/\/www.eldigitaldeasturias.com\/noticias\/lamban-muestra-su-apoyo-al-sector-de-artes-escenicas\/#breadcrumblist"},"author":{"@id":"https:\/\/www.eldigitaldeasturias.com\/noticias\/author\/admin\/#author"},"creator":{"@id":"https:\/\/www.eldigitaldeasturias.com\/noticias\/author\/admin\/#author"},"image":{"@type":"ImageObject","url":966856,"@id":"https:\/\/www.eldigitaldeasturias.com\/noticias\/lamban-muestra-su-apoyo-al-sector-de-artes-escenicas\/#mainImage"},"primaryImageOfPage":{"@id":"https:\/\/www.eldigitaldeasturias.com\/noticias\/lamban-muestra-su-apoyo-al-sector-de-artes-escenicas\/#mainImage"},"datePublished":"2018-01-23T15:04:52+01:00","dateModified":"2018-01-23T15:04:52+01:00"},{"@type":"WebSite","@id":"https:\/\/www.eldigitaldeasturias.com\/noticias\/#website","url":"https:\/\/www.eldigitaldeasturias.com\/noticias\/","name":"El Digital de Asturias - Diario de actualidad y noticias","alternateName":"El Digital de Asturias - Diario de actualidad y noticias","description":"Hemeroteca","inLanguage":"es-ES","publisher":{"@id":"https:\/\/www.eldigitaldeasturias.com\/noticias\/#organization"}}]},"og:locale":"es_ES","og:site_name":"El Digital de Asturias","og:type":"article","og:title":"Lamb\u00e1n muestra su apoyo al sector de artes esc\u00e9nicas - El Digital de Asturias","og:description":"El Presidente de Arag\u00f3n, Javier Lamb\u00e1n, ha visitado hoy \u2013junto con la consejera de Educaci\u00f3n, Cultura y Deporte, Mayte P\u00e9rez-, la exposici\u00f3n que conmemora el 30 aniversario de Tranv\u00eda Teatro en el IAACC Pablo Serrano, para la que se ha instalado un teatro de 200 localidades en el propio museo done se desarrollan diversas actividades","og:url":"https:\/\/www.eldigitaldeasturias.com\/noticias\/lamban-muestra-su-apoyo-al-sector-de-artes-escenicas\/","article:tag":["actualidad"],"article:published_time":"2018-01-23T15:04:52+00:00","article:modified_time":"2018-01-23T15:04:52+00:00","article:publisher":"https:\/\/facebook.com\/eldigitaldeasturias","twitter:card":"summary_large_image","twitter:title":"Lamb\u00e1n muestra su apoyo al sector de artes esc\u00e9nicas - El Digital de Asturias","twitter:description":"El Presidente de Arag\u00f3n, Javier Lamb\u00e1n, ha visitado hoy \u2013junto con la consejera de Educaci\u00f3n, Cultura y Deporte, Mayte P\u00e9rez-, la exposici\u00f3n que conmemora el 30 aniversario de Tranv\u00eda Teatro en el IAACC Pablo Serrano, para la que se ha instalado un teatro de 200 localidades en el propio museo done se desarrollan diversas actividades","twitter:image":"https:\/\/www.eldigitaldeasturias.com\/noticias\/wp-content\/uploads\/2020\/12\/EDA-1.jpg","twitter:label1":"Escrito por","twitter:data1":"El Digital de Asturias","twitter:label2":"Tiempo de lectura estimado","twitter:data2":"5 minutos"},"aioseo_meta_data":{"post_id":"966855","title":null,"description":null,"keywords":null,"keyphrases":null,"primary_term":null,"canonical_url":null,"og_title":null,"og_description":null,"og_object_type":"default","og_image_type":"default","og_image_url":null,"og_image_width":null,"og_image_height":null,"og_image_custom_url":null,"og_image_custom_fields":null,"og_video":null,"og_custom_url":null,"og_article_section":null,"og_article_tags":null,"twitter_use_og":false,"twitter_card":"default","twitter_image_type":"default","twitter_image_url":null,"twitter_image_custom_url":null,"twitter_image_custom_fields":null,"twitter_title":null,"twitter_description":null,"schema":{"blockGraphs":[],"customGraphs":[],"default":{"data":{"Article":[],"Course":[],"Dataset":[],"FAQPage":[],"Movie":[],"Person":[],"Product":[],"ProductReview":[],"Car":[],"Recipe":[],"Service":[],"SoftwareApplication":[],"WebPage":[]},"graphName":"","isEnabled":true},"graphs":[],"defaultGraph":"","defaultPostTypeGraph":""},"schema_type":null,"schema_type_options":null,"pillar_content":false,"robots_default":true,"robots_noindex":false,"robots_noarchive":false,"robots_nosnippet":false,"robots_nofollow":false,"robots_noimageindex":false,"robots_noodp":false,"robots_notranslate":false,"robots_max_snippet":null,"robots_max_videopreview":null,"robots_max_imagepreview":"large","priority":null,"frequency":null,"local_seo":null,"seo_analyzer_scan_date":"2025-10-06 17:03:12","breadcrumb_settings":null,"limit_modified_date":false,"open_ai":null,"ai":null,"created":"2020-12-21 12:34:37","updated":"2025-10-06 17:03:12","focus_keyword":null,"additional_keywords":null,"truseo_locale":null},"aioseo_breadcrumb":"<div class=\"aioseo-breadcrumbs\"><span class=\"aioseo-breadcrumb\">\n\t<a href=\"https:\/\/www.eldigitaldeasturias.com\/noticias\" title=\"Home\">Home<\/a>\n<\/span><span class=\"aioseo-breadcrumb-separator\">\u2013<\/span><span class=\"aioseo-breadcrumb\">\n\t<a href=\"https:\/\/www.eldigitaldeasturias.com\/noticias\/category\/actualidad\/\" title=\"Actualidad\">Actualidad<\/a>\n<\/span><span class=\"aioseo-breadcrumb-separator\">\u2013<\/span><span class=\"aioseo-breadcrumb\">\n\t<a href=\"https:\/\/www.eldigitaldeasturias.com\/noticias\/lamban-muestra-su-apoyo-al-sector-de-artes-escenicas\/\" title=\"Lamb\u00e1n muestra su apoyo al sector de artes esc\u00e9nicas\">Lamb\u00e1n muestra su apoyo al sector de artes esc\u00e9nicas<\/a>\n<\/span><\/div>","aioseo_breadcrumb_json":[{"label":"Home","link":"https:\/\/www.eldigitaldeasturias.com\/noticias"},{"label":"Actualidad","link":"https:\/\/www.eldigitaldeasturias.com\/noticias\/category\/actualidad\/"},{"label":"Lamb\u00e1n muestra su apoyo al sector de artes esc\u00e9nicas","link":"https:\/\/www.eldigitaldeasturias.com\/noticias\/lamban-muestra-su-apoyo-al-sector-de-artes-escenicas\/"}],"_links":{"self":[{"href":"https:\/\/www.eldigitaldeasturias.com\/noticias\/wp-json\/wp\/v2\/posts\/966855","targetHints":{"allow":["GET"]}}],"collection":[{"href":"https:\/\/www.eldigitaldeasturias.com\/noticias\/wp-json\/wp\/v2\/posts"}],"about":[{"href":"https:\/\/www.eldigitaldeasturias.com\/noticias\/wp-json\/wp\/v2\/types\/post"}],"author":[{"embeddable":true,"href":"https:\/\/www.eldigitaldeasturias.com\/noticias\/wp-json\/wp\/v2\/users\/1"}],"replies":[{"embeddable":true,"href":"https:\/\/www.eldigitaldeasturias.com\/noticias\/wp-json\/wp\/v2\/comments?post=966855"}],"version-history":[{"count":0,"href":"https:\/\/www.eldigitaldeasturias.com\/noticias\/wp-json\/wp\/v2\/posts\/966855\/revisions"}],"wp:attachment":[{"href":"https:\/\/www.eldigitaldeasturias.com\/noticias\/wp-json\/wp\/v2\/media?parent=966855"}],"wp:term":[{"taxonomy":"category","embeddable":true,"href":"https:\/\/www.eldigitaldeasturias.com\/noticias\/wp-json\/wp\/v2\/categories?post=966855"},{"taxonomy":"post_tag","embeddable":true,"href":"https:\/\/www.eldigitaldeasturias.com\/noticias\/wp-json\/wp\/v2\/tags?post=966855"}],"curies":[{"name":"wp","href":"https:\/\/api.w.org\/{rel}","templated":true}]}}