{"id":966616,"date":"2018-01-20T14:10:23","date_gmt":"2018-01-20T14:10:23","guid":{"rendered":"http:\/\/www.eldigitaldeasturias.com\/noticias\/?p=966616"},"modified":"2018-01-20T14:10:23","modified_gmt":"2018-01-20T14:10:23","slug":"alcorisa-inaugura-la-casa-de-la-villa","status":"publish","type":"post","link":"https:\/\/www.eldigitaldeasturias.com\/noticias\/alcorisa-inaugura-la-casa-de-la-villa\/","title":{"rendered":"Alcorisa inaugura la Casa de la Villa"},"content":{"rendered":"<p><img loading=\"lazy\" decoding=\"async\" class=\"alignleft size-medium wp-image-966617\" src=\"https:\/\/www.eldigitaldeasturias.com\/noticias\/wp-content\/uploads\/2018\/01\/161134691fb9e3606323-360x159.jpeg\" alt=\"\" width=\"360\" height=\"159\" \/>Alcorisa ha celebrado que cuenta ya con su Casa de la Villa, tras la finalizaci\u00f3n de las obras y de su equipamiento y en dicho acto ha participado el Presidente de Arag\u00f3n, Javier Lamb\u00e1n, como reconocimiento a la labor de un ayuntamiento que, a su juicio, demuestra cada d\u00eda su vocaci\u00f3n de servicio p\u00fablico.<\/p>\n<p>En este sentido, ha reivindicado la labor callada de los ayuntamientos aragoneses, especialmente los m\u00e1s peque\u00f1os y alejados de las ciudades, y asegura que su ejecutivo ha querido reconocer su esfuerzo en el proyecto de presupuesto de 2018, donde se apuesta por actuaciones encaminadas a corregir desigualdades territoriales, as\u00ed como a una mejor vertebraci\u00f3n del territorio, posibilitando con ello el desarrollo socio-econ\u00f3mico sostenible de la Comunidad Aut\u00f3noma.<\/p>\n<p>Para ello, el Fondo de cooperaci\u00f3n municipal se incrementa este a\u00f1o en 2,7 millones hasta llegar a 20,7 millones de euros, m\u00e1s del doble desde el comienzo de la legislatura. Pero si a este fondo se suman las partidas para mancomunidades, para convenios con las capitales de Huesca y Teruel y para la capitalidad de Zaragoza, las aportaciones directas a los ayuntamientos aragoneses llegar\u00edan a triplicarse, pasando de 11,1 M\u20ac en 2011 a los 30,2 que percibir\u00e1n durante este a\u00f1o.<\/p>\n<p>Adem\u00e1s, la creaci\u00f3n del Fondo de Cohesi\u00f3n Territorial contar\u00e1 con dos millones y medio de euros, que se destinar\u00e1 a la puesta en marcha de medidas para cumplir los objetivos de la Directriz de Pol\u00edtica Demogr\u00e1fica y contra la Despoblaci\u00f3n.<\/p>\n<p>Lamb\u00e1n tambi\u00e9n ha recordado que para mantener en 2018 el esfuerzo presupuestario que garantice la financiaci\u00f3n de los servicios que p\u00fablicos que prestan estas administraciones, tambi\u00e9n la dotaci\u00f3n total para las comarcas en el proyecto de Presupuestos para el pr\u00f3ximo a\u00f1o ser\u00e1 de 66,3 millones de euros, incluyendo el helic\u00f3ptero del 112.<\/p>\n<p>El Fondo Local, que agrupa todas estas actuaciones en los municipios, junto a las del resto de departamentos y organismos p\u00fablicos, registra un incremento del 10,63%, llegando a los 183,3 millones. En lo que va de legislatura, el Fondo Local ha subido casi un 50%, respecto a los 123,1 de 2015. Y la autonom\u00eda municipal, seg\u00fan ha insistido Javier Lamb\u00e1n, \u201ca\u00fan se reforzar\u00e1 m\u00e1s\u201d con la ley que se espera poner en marcha este a\u00f1o para regular la participaci\u00f3n de los entes locales en los ingresos de la CCAA, conocida como PICA.<\/p>\n<p>\u201cEste a\u00f1o va a ser decisivo en Arag\u00f3n para la extensi\u00f3n de la banda ancha\u201d, ha subrayado Lamb\u00e1n. Por un lado, porque finaliza el Plan ConectArag\u00f3n, y por otro, porque se inician los trabajos de puesta en marcha del Plan TODOS Banda Ancha. \u201cCon la finalizaci\u00f3n de estos proyectos y sumado a los planes de las operadoras, Arag\u00f3n ser\u00e1 pionera en Europa en contar con el 100% de su poblaci\u00f3n y municipios conectados a banda ancha para finales de 2019, adelant\u00e1ndose a la fecha dada por la Comisi\u00f3n Europea que establece alcanzar este objetivo en 2020\u201d. El acceso a Internet de alta velocidad es uno de los objetivos prioritarios del Gobierno de Arag\u00f3n para hacer frente a la despoblaci\u00f3n del territorio.<\/p>\n<p>\u201cSeguimos fieles a nuestro compromiso con los principales actores de la vertebraci\u00f3n del territorio, que son los sufridos ayuntamientos y trabajamos para llevar, de una vez por todas, la banda ancha hasta el rinc\u00f3n m\u00e1s peque\u00f1o y remoto de la Comunidad. Confiamos en esta medida contribuya, en combinaci\u00f3n con otras, al asentamiento de la poblaci\u00f3n y a garantizar la viabilidad e implantaci\u00f3n de las empresas\u201d, ha manifestado el Presidente de Arag\u00f3n.<\/p>\n<p><strong>Una Casa para todos<\/strong><\/p>\n<p>La alcaldesa de Alcorisa, Julia Vicente, ha detallado los pormenores del proyecto en el que han trabajado varias corporaciones desde su inicio hace 15 a\u00f1os. Tras el proyecto redactado en 2004, este ha debido adaptarse a los cambios surgidos en las diferentes fases de ejecuci\u00f3n y que en conjunto ha supuesto una inversi\u00f3n de 1.800.000 euros. En esta cantidad est\u00e1n incluidos dos talleres de empleo que tuvieron lugar entre los a\u00f1os 2004 y 2006.<\/p>\n<p>Entre 2003 y 2007 se desarroll\u00f3 el vaciado y demolici\u00f3n de dos viviendas y se llev\u00f3 a cabo la estructura y cerramiento del edificio. Tras el par\u00f3n entre 2011 y 2015, en esta legislatura se ha vuelto a contar con el apoyo del Gobierno de Arag\u00f3n, que ha colaborado con varias l\u00edneas del Fondo de Inversiones de Teruel, a trav\u00e9s del Instituto Aragon\u00e9s de Fomento y del Departamento de Presidencia, con las que se pudo finalizar las obras pendientes.<\/p>\n<p>Con la Casa de la Villa finalizada se proceder\u00e1 al traslado de los dos centros de atenci\u00f3n al p\u00fablico en los que trabaja el personal administrativo, centralizando en este edificio todos los servicios que se prestan al ciudadano.<\/p>\n<p>El edificio, un espacio sin barreras arquitect\u00f3nicas para personas con movilidad reducida, dispone de nuevos espacios, como un sal\u00f3n de actos para celebrar diversos acontecimientos, bodas civiles recepciones, exposiciones, conferencias, etc. El Juzgado de Paz se ubica en la planta calle, facilitando el acceso y agilizando las gestiones de los usuarios. Las nuevas instalaciones municipales permitir\u00e1n avanzar en la implantaci\u00f3n de la administraci\u00f3n electr\u00f3nica y las nuevas herramientas.<\/p>\n","protected":false},"excerpt":{"rendered":"<p>Alcorisa ha celebrado que cuenta ya con su Casa de la Villa, tras la finalizaci\u00f3n de las obras y de su equipamiento y en dicho acto ha participado el Presidente de Arag\u00f3n, Javier Lamb\u00e1n, como reconocimiento a la labor de un ayuntamiento que, a su juicio, demuestra cada d\u00eda su vocaci\u00f3n de servicio p\u00fablico. En [&hellip;]<\/p>\n","protected":false},"author":1,"featured_media":966617,"comment_status":"closed","ping_status":"closed","sticky":false,"template":"","format":"standard","meta":{"footnotes":""},"categories":[1],"tags":[],"class_list":["post-966616","post","type-post","status-publish","format-standard","has-post-thumbnail","hentry","category-actualidad"],"aioseo_notices":[],"aioseo_head":"\n\t\t<!-- All in One SEO Pro 5.0.1 - aioseo.com -->\n\t<meta name=\"description\" content=\"Alcorisa ha celebrado que cuenta ya con su Casa de la Villa, tras la finalizaci\u00f3n de las obras y de su equipamiento y en dicho acto ha participado el Presidente de Arag\u00f3n, Javier Lamb\u00e1n, como reconocimiento a la labor de un ayuntamiento que, a su juicio, demuestra cada d\u00eda su vocaci\u00f3n de servicio p\u00fablico. En\" \/>\n\t<meta name=\"robots\" content=\"max-image-preview:large\" \/>\n\t<meta name=\"author\" content=\"El Digital de Asturias\"\/>\n\t<meta name=\"google-site-verification\" content=\"UA-38556648-1\" \/>\n\t<meta name=\"msvalidate.01\" content=\"7dfe9f3f1b24437ab69f4f2559babe99\" \/>\n\t<meta name=\"keywords\" content=\"actualidad\" \/>\n\t<link rel=\"canonical\" href=\"https:\/\/www.eldigitaldeasturias.com\/noticias\/alcorisa-inaugura-la-casa-de-la-villa\/\" \/>\n\t<meta name=\"generator\" content=\"All in One SEO Pro (AIOSEO) 5.0.1\" \/>\n\t\t<meta property=\"og:locale\" content=\"es_ES\" \/>\n\t\t<meta property=\"og:site_name\" content=\"El Digital de Asturias\" \/>\n\t\t<meta property=\"og:type\" content=\"article\" \/>\n\t\t<meta property=\"og:title\" content=\"Alcorisa inaugura la Casa de la Villa - El Digital de Asturias\" \/>\n\t\t<meta property=\"og:description\" content=\"Alcorisa ha celebrado que cuenta ya con su Casa de la Villa, tras la finalizaci\u00f3n de las obras y de su equipamiento y en dicho acto ha participado el Presidente de Arag\u00f3n, Javier Lamb\u00e1n, como reconocimiento a la labor de un ayuntamiento que, a su juicio, demuestra cada d\u00eda su vocaci\u00f3n de servicio p\u00fablico. En\" \/>\n\t\t<meta property=\"og:url\" content=\"https:\/\/www.eldigitaldeasturias.com\/noticias\/alcorisa-inaugura-la-casa-de-la-villa\/\" \/>\n\t\t<meta property=\"article:tag\" content=\"actualidad\" \/>\n\t\t<meta property=\"article:published_time\" content=\"2018-01-20T14:10:23+00:00\" \/>\n\t\t<meta property=\"article:modified_time\" content=\"2018-01-20T14:10:23+00:00\" \/>\n\t\t<meta property=\"article:publisher\" content=\"https:\/\/facebook.com\/eldigitaldeasturias\" \/>\n\t\t<meta name=\"twitter:card\" content=\"summary_large_image\" \/>\n\t\t<meta name=\"twitter:title\" content=\"Alcorisa inaugura la Casa de la Villa - El Digital de Asturias\" \/>\n\t\t<meta name=\"twitter:description\" content=\"Alcorisa ha celebrado que cuenta ya con su Casa de la Villa, tras la finalizaci\u00f3n de las obras y de su equipamiento y en dicho acto ha participado el Presidente de Arag\u00f3n, Javier Lamb\u00e1n, como reconocimiento a la labor de un ayuntamiento que, a su juicio, demuestra cada d\u00eda su vocaci\u00f3n de servicio p\u00fablico. En\" \/>\n\t\t<meta name=\"twitter:image\" content=\"https:\/\/www.eldigitaldeasturias.com\/noticias\/wp-content\/uploads\/2020\/12\/EDA-1.jpg\" \/>\n\t\t<meta name=\"twitter:label1\" content=\"Escrito por\" \/>\n\t\t<meta name=\"twitter:data1\" content=\"El Digital de Asturias\" \/>\n\t\t<meta name=\"twitter:label2\" content=\"Tiempo de lectura estimado\" \/>\n\t\t<meta name=\"twitter:data2\" content=\"4 minutos\" \/>\n\t\t<script type=\"application\/ld+json\" class=\"aioseo-schema\">\n\t\t\t{\"@context\":\"https:\\\/\\\/schema.org\",\"@graph\":[{\"@type\":\"BlogPosting\",\"@id\":\"https:\\\/\\\/www.eldigitaldeasturias.com\\\/noticias\\\/alcorisa-inaugura-la-casa-de-la-villa\\\/#blogposting\",\"name\":\"Alcorisa inaugura la Casa de la Villa - El Digital de Asturias\",\"headline\":\"Alcorisa inaugura la Casa de la Villa\",\"author\":{\"@id\":\"https:\\\/\\\/www.eldigitaldeasturias.com\\\/noticias\\\/author\\\/admin\\\/#author\"},\"publisher\":{\"@id\":\"https:\\\/\\\/www.eldigitaldeasturias.com\\\/noticias\\\/#organization\"},\"image\":{\"@type\":\"ImageObject\",\"url\":966617},\"datePublished\":\"2018-01-20T14:10:23+01:00\",\"dateModified\":\"2018-01-20T14:10:23+01:00\",\"inLanguage\":\"es-ES\",\"mainEntityOfPage\":{\"@id\":\"https:\\\/\\\/www.eldigitaldeasturias.com\\\/noticias\\\/alcorisa-inaugura-la-casa-de-la-villa\\\/#webpage\"},\"isPartOf\":{\"@id\":\"https:\\\/\\\/www.eldigitaldeasturias.com\\\/noticias\\\/alcorisa-inaugura-la-casa-de-la-villa\\\/#webpage\"},\"articleSection\":\"Actualidad\"},{\"@type\":\"BreadcrumbList\",\"@id\":\"https:\\\/\\\/www.eldigitaldeasturias.com\\\/noticias\\\/alcorisa-inaugura-la-casa-de-la-villa\\\/#breadcrumblist\",\"itemListElement\":[{\"@type\":\"ListItem\",\"@id\":\"https:\\\/\\\/www.eldigitaldeasturias.com\\\/noticias#listItem\",\"position\":1,\"name\":\"Home\",\"item\":\"https:\\\/\\\/www.eldigitaldeasturias.com\\\/noticias\",\"nextItem\":{\"@type\":\"ListItem\",\"@id\":\"https:\\\/\\\/www.eldigitaldeasturias.com\\\/noticias\\\/category\\\/actualidad\\\/#listItem\",\"name\":\"Actualidad\"}},{\"@type\":\"ListItem\",\"@id\":\"https:\\\/\\\/www.eldigitaldeasturias.com\\\/noticias\\\/category\\\/actualidad\\\/#listItem\",\"position\":2,\"name\":\"Actualidad\",\"item\":\"https:\\\/\\\/www.eldigitaldeasturias.com\\\/noticias\\\/category\\\/actualidad\\\/\",\"nextItem\":{\"@type\":\"ListItem\",\"@id\":\"https:\\\/\\\/www.eldigitaldeasturias.com\\\/noticias\\\/alcorisa-inaugura-la-casa-de-la-villa\\\/#listItem\",\"name\":\"Alcorisa inaugura la Casa de la Villa\"},\"previousItem\":{\"@type\":\"ListItem\",\"@id\":\"https:\\\/\\\/www.eldigitaldeasturias.com\\\/noticias#listItem\",\"name\":\"Home\"}},{\"@type\":\"ListItem\",\"@id\":\"https:\\\/\\\/www.eldigitaldeasturias.com\\\/noticias\\\/alcorisa-inaugura-la-casa-de-la-villa\\\/#listItem\",\"position\":3,\"name\":\"Alcorisa inaugura la Casa de la Villa\",\"previousItem\":{\"@type\":\"ListItem\",\"@id\":\"https:\\\/\\\/www.eldigitaldeasturias.com\\\/noticias\\\/category\\\/actualidad\\\/#listItem\",\"name\":\"Actualidad\"}}]},{\"@type\":\"Organization\",\"@id\":\"https:\\\/\\\/www.eldigitaldeasturias.com\\\/noticias\\\/#organization\",\"name\":\"El Digital de Asturias\",\"description\":\"Hemeroteca\",\"url\":\"https:\\\/\\\/www.eldigitaldeasturias.com\\\/noticias\\\/\",\"email\":\"info@eldigitaldeasturias.com\",\"telephone\":\"+34652131393\",\"logo\":{\"@type\":\"ImageObject\",\"url\":\"https:\\\/\\\/www.eldigitaldeasturias.com\\\/noticias\\\/wp-content\\\/uploads\\\/2020\\\/12\\\/EDA.jpg\",\"@id\":\"https:\\\/\\\/www.eldigitaldeasturias.com\\\/noticias\\\/alcorisa-inaugura-la-casa-de-la-villa\\\/#organizationLogo\"},\"image\":{\"@id\":\"https:\\\/\\\/www.eldigitaldeasturias.com\\\/noticias\\\/alcorisa-inaugura-la-casa-de-la-villa\\\/#organizationLogo\"},\"sameAs\":[\"https:\\\/\\\/facebook.com\\\/eldigitaldeasturias\",\"https:\\\/\\\/www.youtube.com\\\/channel\\\/UCZP-2wLEB9Rv6erhFmqVnvg\"],\"address\":{\"@id\":\"https:\\\/\\\/www.eldigitaldeasturias.com\\\/noticias\\\/#postaladdress\",\"@type\":\"PostalAddress\",\"streetAddress\":\"san antonio 4\",\"postalCode\":\"33430\",\"addressLocality\":\"Cand\\u00e1s\",\"addressRegion\":\"Asturias\",\"addressCountry\":\"ES\"}},{\"@type\":\"Person\",\"@id\":\"https:\\\/\\\/www.eldigitaldeasturias.com\\\/noticias\\\/author\\\/admin\\\/#author\",\"url\":\"https:\\\/\\\/www.eldigitaldeasturias.com\\\/noticias\\\/author\\\/admin\\\/\",\"name\":\"El Digital de Asturias\",\"image\":{\"@type\":\"ImageObject\",\"@id\":\"https:\\\/\\\/www.eldigitaldeasturias.com\\\/noticias\\\/alcorisa-inaugura-la-casa-de-la-villa\\\/#authorImage\",\"url\":\"https:\\\/\\\/secure.gravatar.com\\\/avatar\\\/df2aeffc32bcd13f8d26072ef8a91b623d677766deac7f97ca815868cd41bf5e?s=96&d=mm&r=g\",\"width\":96,\"height\":96,\"caption\":\"El Digital de Asturias\"}},{\"@type\":\"WebPage\",\"@id\":\"https:\\\/\\\/www.eldigitaldeasturias.com\\\/noticias\\\/alcorisa-inaugura-la-casa-de-la-villa\\\/#webpage\",\"url\":\"https:\\\/\\\/www.eldigitaldeasturias.com\\\/noticias\\\/alcorisa-inaugura-la-casa-de-la-villa\\\/\",\"name\":\"Alcorisa inaugura la Casa de la Villa - El Digital de Asturias\",\"description\":\"Alcorisa ha celebrado que cuenta ya con su Casa de la Villa, tras la finalizaci\\u00f3n de las obras y de su equipamiento y en dicho acto ha participado el Presidente de Arag\\u00f3n, Javier Lamb\\u00e1n, como reconocimiento a la labor de un ayuntamiento que, a su juicio, demuestra cada d\\u00eda su vocaci\\u00f3n de servicio p\\u00fablico. En\",\"inLanguage\":\"es-ES\",\"isPartOf\":{\"@id\":\"https:\\\/\\\/www.eldigitaldeasturias.com\\\/noticias\\\/#website\"},\"breadcrumb\":{\"@id\":\"https:\\\/\\\/www.eldigitaldeasturias.com\\\/noticias\\\/alcorisa-inaugura-la-casa-de-la-villa\\\/#breadcrumblist\"},\"author\":{\"@id\":\"https:\\\/\\\/www.eldigitaldeasturias.com\\\/noticias\\\/author\\\/admin\\\/#author\"},\"creator\":{\"@id\":\"https:\\\/\\\/www.eldigitaldeasturias.com\\\/noticias\\\/author\\\/admin\\\/#author\"},\"image\":{\"@type\":\"ImageObject\",\"url\":966617,\"@id\":\"https:\\\/\\\/www.eldigitaldeasturias.com\\\/noticias\\\/alcorisa-inaugura-la-casa-de-la-villa\\\/#mainImage\"},\"primaryImageOfPage\":{\"@id\":\"https:\\\/\\\/www.eldigitaldeasturias.com\\\/noticias\\\/alcorisa-inaugura-la-casa-de-la-villa\\\/#mainImage\"},\"datePublished\":\"2018-01-20T14:10:23+01:00\",\"dateModified\":\"2018-01-20T14:10:23+01:00\"},{\"@type\":\"WebSite\",\"@id\":\"https:\\\/\\\/www.eldigitaldeasturias.com\\\/noticias\\\/#website\",\"url\":\"https:\\\/\\\/www.eldigitaldeasturias.com\\\/noticias\\\/\",\"name\":\"El Digital de Asturias - Diario de actualidad y noticias\",\"alternateName\":\"El Digital de Asturias - Diario de actualidad y noticias\",\"description\":\"Hemeroteca\",\"inLanguage\":\"es-ES\",\"publisher\":{\"@id\":\"https:\\\/\\\/www.eldigitaldeasturias.com\\\/noticias\\\/#organization\"}}]}\n\t\t<\/script>\n\t\t<!-- All in One SEO Pro -->\r\n\t\t<title>Alcorisa inaugura la Casa de la Villa - El Digital de Asturias<\/title>\n\n","aioseo_head_json":{"title":"Alcorisa inaugura la Casa de la Villa - El Digital de Asturias","description":"Alcorisa ha celebrado que cuenta ya con su Casa de la Villa, tras la finalizaci\u00f3n de las obras y de su equipamiento y en dicho acto ha participado el Presidente de Arag\u00f3n, Javier Lamb\u00e1n, como reconocimiento a la labor de un ayuntamiento que, a su juicio, demuestra cada d\u00eda su vocaci\u00f3n de servicio p\u00fablico. En","canonical_url":"https:\/\/www.eldigitaldeasturias.com\/noticias\/alcorisa-inaugura-la-casa-de-la-villa\/","robots":"max-image-preview:large","keywords":"actualidad","webmasterTools":{"google-site-verification":"UA-38556648-1","msvalidate.01":"7dfe9f3f1b24437ab69f4f2559babe99","miscellaneous":""},"schema":{"@context":"https:\/\/schema.org","@graph":[{"@type":"BlogPosting","@id":"https:\/\/www.eldigitaldeasturias.com\/noticias\/alcorisa-inaugura-la-casa-de-la-villa\/#blogposting","name":"Alcorisa inaugura la Casa de la Villa - El Digital de Asturias","headline":"Alcorisa inaugura la Casa de la Villa","author":{"@id":"https:\/\/www.eldigitaldeasturias.com\/noticias\/author\/admin\/#author"},"publisher":{"@id":"https:\/\/www.eldigitaldeasturias.com\/noticias\/#organization"},"image":{"@type":"ImageObject","url":966617},"datePublished":"2018-01-20T14:10:23+01:00","dateModified":"2018-01-20T14:10:23+01:00","inLanguage":"es-ES","mainEntityOfPage":{"@id":"https:\/\/www.eldigitaldeasturias.com\/noticias\/alcorisa-inaugura-la-casa-de-la-villa\/#webpage"},"isPartOf":{"@id":"https:\/\/www.eldigitaldeasturias.com\/noticias\/alcorisa-inaugura-la-casa-de-la-villa\/#webpage"},"articleSection":"Actualidad"},{"@type":"BreadcrumbList","@id":"https:\/\/www.eldigitaldeasturias.com\/noticias\/alcorisa-inaugura-la-casa-de-la-villa\/#breadcrumblist","itemListElement":[{"@type":"ListItem","@id":"https:\/\/www.eldigitaldeasturias.com\/noticias#listItem","position":1,"name":"Home","item":"https:\/\/www.eldigitaldeasturias.com\/noticias","nextItem":{"@type":"ListItem","@id":"https:\/\/www.eldigitaldeasturias.com\/noticias\/category\/actualidad\/#listItem","name":"Actualidad"}},{"@type":"ListItem","@id":"https:\/\/www.eldigitaldeasturias.com\/noticias\/category\/actualidad\/#listItem","position":2,"name":"Actualidad","item":"https:\/\/www.eldigitaldeasturias.com\/noticias\/category\/actualidad\/","nextItem":{"@type":"ListItem","@id":"https:\/\/www.eldigitaldeasturias.com\/noticias\/alcorisa-inaugura-la-casa-de-la-villa\/#listItem","name":"Alcorisa inaugura la Casa de la Villa"},"previousItem":{"@type":"ListItem","@id":"https:\/\/www.eldigitaldeasturias.com\/noticias#listItem","name":"Home"}},{"@type":"ListItem","@id":"https:\/\/www.eldigitaldeasturias.com\/noticias\/alcorisa-inaugura-la-casa-de-la-villa\/#listItem","position":3,"name":"Alcorisa inaugura la Casa de la Villa","previousItem":{"@type":"ListItem","@id":"https:\/\/www.eldigitaldeasturias.com\/noticias\/category\/actualidad\/#listItem","name":"Actualidad"}}]},{"@type":"Organization","@id":"https:\/\/www.eldigitaldeasturias.com\/noticias\/#organization","name":"El Digital de Asturias","description":"Hemeroteca","url":"https:\/\/www.eldigitaldeasturias.com\/noticias\/","email":"info@eldigitaldeasturias.com","telephone":"+34652131393","logo":{"@type":"ImageObject","url":"https:\/\/www.eldigitaldeasturias.com\/noticias\/wp-content\/uploads\/2020\/12\/EDA.jpg","@id":"https:\/\/www.eldigitaldeasturias.com\/noticias\/alcorisa-inaugura-la-casa-de-la-villa\/#organizationLogo"},"image":{"@id":"https:\/\/www.eldigitaldeasturias.com\/noticias\/alcorisa-inaugura-la-casa-de-la-villa\/#organizationLogo"},"sameAs":["https:\/\/facebook.com\/eldigitaldeasturias","https:\/\/www.youtube.com\/channel\/UCZP-2wLEB9Rv6erhFmqVnvg"],"address":{"@id":"https:\/\/www.eldigitaldeasturias.com\/noticias\/#postaladdress","@type":"PostalAddress","streetAddress":"san antonio 4","postalCode":"33430","addressLocality":"Cand\u00e1s","addressRegion":"Asturias","addressCountry":"ES"}},{"@type":"Person","@id":"https:\/\/www.eldigitaldeasturias.com\/noticias\/author\/admin\/#author","url":"https:\/\/www.eldigitaldeasturias.com\/noticias\/author\/admin\/","name":"El Digital de Asturias","image":{"@type":"ImageObject","@id":"https:\/\/www.eldigitaldeasturias.com\/noticias\/alcorisa-inaugura-la-casa-de-la-villa\/#authorImage","url":"https:\/\/secure.gravatar.com\/avatar\/df2aeffc32bcd13f8d26072ef8a91b623d677766deac7f97ca815868cd41bf5e?s=96&d=mm&r=g","width":96,"height":96,"caption":"El Digital de Asturias"}},{"@type":"WebPage","@id":"https:\/\/www.eldigitaldeasturias.com\/noticias\/alcorisa-inaugura-la-casa-de-la-villa\/#webpage","url":"https:\/\/www.eldigitaldeasturias.com\/noticias\/alcorisa-inaugura-la-casa-de-la-villa\/","name":"Alcorisa inaugura la Casa de la Villa - El Digital de Asturias","description":"Alcorisa ha celebrado que cuenta ya con su Casa de la Villa, tras la finalizaci\u00f3n de las obras y de su equipamiento y en dicho acto ha participado el Presidente de Arag\u00f3n, Javier Lamb\u00e1n, como reconocimiento a la labor de un ayuntamiento que, a su juicio, demuestra cada d\u00eda su vocaci\u00f3n de servicio p\u00fablico. En","inLanguage":"es-ES","isPartOf":{"@id":"https:\/\/www.eldigitaldeasturias.com\/noticias\/#website"},"breadcrumb":{"@id":"https:\/\/www.eldigitaldeasturias.com\/noticias\/alcorisa-inaugura-la-casa-de-la-villa\/#breadcrumblist"},"author":{"@id":"https:\/\/www.eldigitaldeasturias.com\/noticias\/author\/admin\/#author"},"creator":{"@id":"https:\/\/www.eldigitaldeasturias.com\/noticias\/author\/admin\/#author"},"image":{"@type":"ImageObject","url":966617,"@id":"https:\/\/www.eldigitaldeasturias.com\/noticias\/alcorisa-inaugura-la-casa-de-la-villa\/#mainImage"},"primaryImageOfPage":{"@id":"https:\/\/www.eldigitaldeasturias.com\/noticias\/alcorisa-inaugura-la-casa-de-la-villa\/#mainImage"},"datePublished":"2018-01-20T14:10:23+01:00","dateModified":"2018-01-20T14:10:23+01:00"},{"@type":"WebSite","@id":"https:\/\/www.eldigitaldeasturias.com\/noticias\/#website","url":"https:\/\/www.eldigitaldeasturias.com\/noticias\/","name":"El Digital de Asturias - Diario de actualidad y noticias","alternateName":"El Digital de Asturias - Diario de actualidad y noticias","description":"Hemeroteca","inLanguage":"es-ES","publisher":{"@id":"https:\/\/www.eldigitaldeasturias.com\/noticias\/#organization"}}]},"og:locale":"es_ES","og:site_name":"El Digital de Asturias","og:type":"article","og:title":"Alcorisa inaugura la Casa de la Villa - El Digital de Asturias","og:description":"Alcorisa ha celebrado que cuenta ya con su Casa de la Villa, tras la finalizaci\u00f3n de las obras y de su equipamiento y en dicho acto ha participado el Presidente de Arag\u00f3n, Javier Lamb\u00e1n, como reconocimiento a la labor de un ayuntamiento que, a su juicio, demuestra cada d\u00eda su vocaci\u00f3n de servicio p\u00fablico. En","og:url":"https:\/\/www.eldigitaldeasturias.com\/noticias\/alcorisa-inaugura-la-casa-de-la-villa\/","article:tag":["actualidad"],"article:published_time":"2018-01-20T14:10:23+00:00","article:modified_time":"2018-01-20T14:10:23+00:00","article:publisher":"https:\/\/facebook.com\/eldigitaldeasturias","twitter:card":"summary_large_image","twitter:title":"Alcorisa inaugura la Casa de la Villa - El Digital de Asturias","twitter:description":"Alcorisa ha celebrado que cuenta ya con su Casa de la Villa, tras la finalizaci\u00f3n de las obras y de su equipamiento y en dicho acto ha participado el Presidente de Arag\u00f3n, Javier Lamb\u00e1n, como reconocimiento a la labor de un ayuntamiento que, a su juicio, demuestra cada d\u00eda su vocaci\u00f3n de servicio p\u00fablico. En","twitter:image":"https:\/\/www.eldigitaldeasturias.com\/noticias\/wp-content\/uploads\/2020\/12\/EDA-1.jpg","twitter:label1":"Escrito por","twitter:data1":"El Digital de Asturias","twitter:label2":"Tiempo de lectura estimado","twitter:data2":"4 minutos"},"aioseo_meta_data":{"post_id":"966616","title":null,"description":null,"keywords":null,"keyphrases":null,"primary_term":null,"canonical_url":null,"og_title":null,"og_description":null,"og_object_type":"default","og_image_type":"default","og_image_url":null,"og_image_width":null,"og_image_height":null,"og_image_custom_url":null,"og_image_custom_fields":null,"og_video":null,"og_custom_url":null,"og_article_section":null,"og_article_tags":null,"twitter_use_og":false,"twitter_card":"default","twitter_image_type":"default","twitter_image_url":null,"twitter_image_custom_url":null,"twitter_image_custom_fields":null,"twitter_title":null,"twitter_description":null,"schema":{"blockGraphs":[],"customGraphs":[],"default":{"data":{"Article":[],"Course":[],"Dataset":[],"FAQPage":[],"Movie":[],"Person":[],"Product":[],"ProductReview":[],"Car":[],"Recipe":[],"Service":[],"SoftwareApplication":[],"WebPage":[]},"graphName":"","isEnabled":true},"graphs":[],"defaultGraph":"","defaultPostTypeGraph":""},"schema_type":null,"schema_type_options":null,"pillar_content":false,"robots_default":true,"robots_noindex":false,"robots_noarchive":false,"robots_nosnippet":false,"robots_nofollow":false,"robots_noimageindex":false,"robots_noodp":false,"robots_notranslate":false,"robots_max_snippet":null,"robots_max_videopreview":null,"robots_max_imagepreview":"large","priority":null,"frequency":null,"local_seo":null,"seo_analyzer_scan_date":"2025-10-06 16:07:10","breadcrumb_settings":null,"limit_modified_date":false,"open_ai":null,"ai":null,"created":"2020-12-21 12:34:38","updated":"2025-10-06 16:07:10","focus_keyword":null,"additional_keywords":null,"truseo_locale":null},"aioseo_breadcrumb":"<div class=\"aioseo-breadcrumbs\"><span class=\"aioseo-breadcrumb\">\n\t<a href=\"https:\/\/www.eldigitaldeasturias.com\/noticias\" title=\"Home\">Home<\/a>\n<\/span><span class=\"aioseo-breadcrumb-separator\">\u2013<\/span><span class=\"aioseo-breadcrumb\">\n\t<a href=\"https:\/\/www.eldigitaldeasturias.com\/noticias\/category\/actualidad\/\" title=\"Actualidad\">Actualidad<\/a>\n<\/span><span class=\"aioseo-breadcrumb-separator\">\u2013<\/span><span class=\"aioseo-breadcrumb\">\n\t<a href=\"https:\/\/www.eldigitaldeasturias.com\/noticias\/alcorisa-inaugura-la-casa-de-la-villa\/\" title=\"Alcorisa inaugura la Casa de la Villa\">Alcorisa inaugura la Casa de la Villa<\/a>\n<\/span><\/div>","aioseo_breadcrumb_json":[{"label":"Home","link":"https:\/\/www.eldigitaldeasturias.com\/noticias"},{"label":"Actualidad","link":"https:\/\/www.eldigitaldeasturias.com\/noticias\/category\/actualidad\/"},{"label":"Alcorisa inaugura la Casa de la Villa","link":"https:\/\/www.eldigitaldeasturias.com\/noticias\/alcorisa-inaugura-la-casa-de-la-villa\/"}],"_links":{"self":[{"href":"https:\/\/www.eldigitaldeasturias.com\/noticias\/wp-json\/wp\/v2\/posts\/966616","targetHints":{"allow":["GET"]}}],"collection":[{"href":"https:\/\/www.eldigitaldeasturias.com\/noticias\/wp-json\/wp\/v2\/posts"}],"about":[{"href":"https:\/\/www.eldigitaldeasturias.com\/noticias\/wp-json\/wp\/v2\/types\/post"}],"author":[{"embeddable":true,"href":"https:\/\/www.eldigitaldeasturias.com\/noticias\/wp-json\/wp\/v2\/users\/1"}],"replies":[{"embeddable":true,"href":"https:\/\/www.eldigitaldeasturias.com\/noticias\/wp-json\/wp\/v2\/comments?post=966616"}],"version-history":[{"count":0,"href":"https:\/\/www.eldigitaldeasturias.com\/noticias\/wp-json\/wp\/v2\/posts\/966616\/revisions"}],"wp:attachment":[{"href":"https:\/\/www.eldigitaldeasturias.com\/noticias\/wp-json\/wp\/v2\/media?parent=966616"}],"wp:term":[{"taxonomy":"category","embeddable":true,"href":"https:\/\/www.eldigitaldeasturias.com\/noticias\/wp-json\/wp\/v2\/categories?post=966616"},{"taxonomy":"post_tag","embeddable":true,"href":"https:\/\/www.eldigitaldeasturias.com\/noticias\/wp-json\/wp\/v2\/tags?post=966616"}],"curies":[{"name":"wp","href":"https:\/\/api.w.org\/{rel}","templated":true}]}}