{"id":966512,"date":"2018-01-18T18:21:04","date_gmt":"2018-01-18T18:21:04","guid":{"rendered":"http:\/\/www.eldigitaldeasturias.com\/noticias\/?p=966512"},"modified":"2018-01-18T18:21:04","modified_gmt":"2018-01-18T18:21:04","slug":"mendez-de-vigo-destaca-la-capacidad-de-trabajo-de-emilio-lora-tamayo-para-dotar-de-riqueza-a-la-uimp","status":"publish","type":"post","link":"https:\/\/www.eldigitaldeasturias.com\/noticias\/mendez-de-vigo-destaca-la-capacidad-de-trabajo-de-emilio-lora-tamayo-para-dotar-de-riqueza-a-la-uimp\/","title":{"rendered":"M\u00e9ndez de Vigo destaca la \u00abcapacidad de trabajo\u00bb de Emilio Lora Tamayo para dotar de \u00abriqueza\u00bb a la UIMP"},"content":{"rendered":"<p><img loading=\"lazy\" decoding=\"async\" class=\"alignleft size-medium wp-image-966513\" src=\"https:\/\/www.eldigitaldeasturias.com\/noticias\/wp-content\/uploads\/2018\/01\/180118UIMP-360x239.jpg\" alt=\"\" width=\"360\" height=\"239\" \/>El ministro de Educaci\u00f3n, Cultura y Deporte, \u00cd\u00f1igo M\u00e9ndez de Vigo, ha resaltado \u00abla capacidad de trabajo y su gran labor como gestor\u00bb de Emilio Lora Tamayo, nuevo rector de la Universidad Internacional Men\u00e9ndez Pelayo (UIMP), cuya toma de posesi\u00f3n ha tenido lugar esta ma\u00f1ana.<\/p>\n<p>\u200bUnas cualidades -ha dicho- que son \u00absuficiente aval para liderar un proyecto de futuro para este centro de excelencia\u00bb y que \u00abson una muestra de la riqueza que va a aportar a la UIMP\u00bb.<\/p>\n<p>Durante su discurso, M\u00e9ndez de Vigo ha insistido en que la Universidad tiene que ser \u00abun referente nacional en divulgaci\u00f3n de la ciencia y la cultura en nuestro pa\u00eds y en el mundo\u00bb, y ha destacado que la Universidad Internacional Men\u00e9ndez Pelayo \u00abse ha consolidado desde su creaci\u00f3n en 1932 en ese referente de excelencia, pensamiento y esp\u00edritu cr\u00edtico\u00bb.<\/p>\n<p>En este sentido, ha destacado \u00abel gran trabajo realizado\u00bb que se ha traducido en un importante incremento de la actividad en estos \u00faltimos a\u00f1os, como el aumento en un 66,7% del n\u00famero de los programas de postgrado, en un 42,5% del n\u00famero de alumnos participantes en cursos avanzados, en un 87,2% del n\u00famero de alumnos de espa\u00f1ol y el 23% de incremento en n\u00famero de profesores y conferenciantes.<\/p>\n<p><strong>Emilio Lora Tamayo<\/strong><\/p>\n<p>Don Emilio Lora-Tamayo ha presidido el Consejo Superior de Investigaciones Cient\u00edficas (CSIC) los \u00faltimos cinco a\u00f1os (desde 2012).<\/p>\n<p>Catedr\u00e1tico de Electr\u00f3nica de la Universidad Aut\u00f3noma de Barcelona desde abril de 1989, es Licenciado en Ciencias F\u00edsicas por la Universidad Complutense de Madrid. Posteriormente, realiz\u00f3 estudios de postgrado en la Universit\u00e9 Paul Sabatier, de Toulouse, doctor\u00e1ndose en Ciencias F\u00edsicas por la Universidad Complutense de Madrid en 1977.<\/p>\n<p>Desde entonces ha desempe\u00f1ado su actividad fundamentalmente en el CSIC, del que ya hab\u00eda sido ya presidente en el a\u00f1o 2003, y en la Universidad Aut\u00f3noma de Barcelona, en la que es catedr\u00e1tico desde 1989, compagin\u00e1ndolo como profesor e investigador de otras universidades europeas y estadounidenses, como la de Grenoble o Berkeley.<\/p>\n<p>Ha participado en m\u00e1s de 40 contratos industriales y proyectos nacionales o internacionales de I+D, incluyendo el de creaci\u00f3n del Centro Nacional de Microelectr\u00f3nica (CNM-CSIC) en Bellaterra, con su Sala Blanca para circuitos integrados. Es autor de un centenar de art\u00edculos publicados en revistas especializadas, de m\u00e1s de 150 comunicaciones a congresos nacionales e internacionales, as\u00ed como coautor de 7 patentes.<\/p>\n<p><strong>C\u00e9sar Nombela, clave en la consolidaci\u00f3n de la UIMP<\/strong><\/p>\n<p>\u00cd\u00f1igo M\u00e9ndez de Vigo ha agradecido y destacado el \u00abestupendo trabajo\u00bb del rector saliente, C\u00e9sar Nombela, del que ha resaltado que ha conseguido \u00abconsolidar el desarrollo de la Universidad Internacional Men\u00e9ndez Pelayo como una gran universidad p\u00fablica, plural y abierta\u00bb.<\/p>\n<p>\u00abEs justo destacar que ha consolidado la actividad universitaria en todas sus \u00e1reas y ha potenciado las colaboraciones de la UIMP con el resto de universidades p\u00fablicas, y con otras instituciones p\u00fablicas o privadas, consolid\u00e1ndola como una verdadera universidad de universidades\u00bb, ha dicho.<\/p>\n","protected":false},"excerpt":{"rendered":"<p>El ministro de Educaci\u00f3n, Cultura y Deporte, \u00cd\u00f1igo M\u00e9ndez de Vigo, ha resaltado \u00abla capacidad de trabajo y su gran labor como gestor\u00bb de Emilio Lora Tamayo, nuevo rector de la Universidad Internacional Men\u00e9ndez Pelayo (UIMP), cuya toma de posesi\u00f3n ha tenido lugar esta ma\u00f1ana. \u200bUnas cualidades -ha dicho- que son \u00absuficiente aval para liderar [&hellip;]<\/p>\n","protected":false},"author":1,"featured_media":966513,"comment_status":"closed","ping_status":"closed","sticky":false,"template":"","format":"standard","meta":{"footnotes":""},"categories":[1],"tags":[],"class_list":["post-966512","post","type-post","status-publish","format-standard","has-post-thumbnail","hentry","category-actualidad"],"aioseo_notices":[],"aioseo_head":"\n\t\t<!-- All in One SEO Pro 5.0.1 - aioseo.com -->\n\t<meta name=\"description\" content=\"El ministro de Educaci\u00f3n, Cultura y Deporte, \u00cd\u00f1igo M\u00e9ndez de Vigo, ha resaltado &quot;la capacidad de trabajo y su gran labor como gestor&quot; de Emilio Lora Tamayo, nuevo rector de la Universidad Internacional Men\u00e9ndez Pelayo (UIMP), cuya toma de posesi\u00f3n ha tenido lugar esta ma\u00f1ana. \u200bUnas cualidades -ha dicho- que son &quot;suficiente aval para liderar\" \/>\n\t<meta name=\"robots\" content=\"max-image-preview:large\" \/>\n\t<meta name=\"author\" content=\"El Digital de Asturias\"\/>\n\t<meta name=\"google-site-verification\" content=\"UA-38556648-1\" \/>\n\t<meta name=\"msvalidate.01\" content=\"7dfe9f3f1b24437ab69f4f2559babe99\" \/>\n\t<meta name=\"keywords\" content=\"actualidad\" \/>\n\t<link rel=\"canonical\" href=\"https:\/\/www.eldigitaldeasturias.com\/noticias\/mendez-de-vigo-destaca-la-capacidad-de-trabajo-de-emilio-lora-tamayo-para-dotar-de-riqueza-a-la-uimp\/\" \/>\n\t<meta name=\"generator\" content=\"All in One SEO Pro (AIOSEO) 5.0.1\" \/>\n\t\t<meta property=\"og:locale\" content=\"es_ES\" \/>\n\t\t<meta property=\"og:site_name\" content=\"El Digital de Asturias\" \/>\n\t\t<meta property=\"og:type\" content=\"article\" \/>\n\t\t<meta property=\"og:title\" content=\"M\u00e9ndez de Vigo destaca la \u00abcapacidad de trabajo\u00bb de Emilio Lora Tamayo para dotar de \u00abriqueza\u00bb a la UIMP - El Digital de Asturias\" \/>\n\t\t<meta property=\"og:description\" content=\"El ministro de Educaci\u00f3n, Cultura y Deporte, \u00cd\u00f1igo M\u00e9ndez de Vigo, ha resaltado &quot;la capacidad de trabajo y su gran labor como gestor&quot; de Emilio Lora Tamayo, nuevo rector de la Universidad Internacional Men\u00e9ndez Pelayo (UIMP), cuya toma de posesi\u00f3n ha tenido lugar esta ma\u00f1ana. \u200bUnas cualidades -ha dicho- que son &quot;suficiente aval para liderar\" \/>\n\t\t<meta property=\"og:url\" content=\"https:\/\/www.eldigitaldeasturias.com\/noticias\/mendez-de-vigo-destaca-la-capacidad-de-trabajo-de-emilio-lora-tamayo-para-dotar-de-riqueza-a-la-uimp\/\" \/>\n\t\t<meta property=\"article:tag\" content=\"actualidad\" \/>\n\t\t<meta property=\"article:published_time\" content=\"2018-01-18T18:21:04+00:00\" \/>\n\t\t<meta property=\"article:modified_time\" content=\"2018-01-18T18:21:04+00:00\" \/>\n\t\t<meta property=\"article:publisher\" content=\"https:\/\/facebook.com\/eldigitaldeasturias\" \/>\n\t\t<meta name=\"twitter:card\" content=\"summary_large_image\" \/>\n\t\t<meta name=\"twitter:title\" content=\"M\u00e9ndez de Vigo destaca la \u00abcapacidad de trabajo\u00bb de Emilio Lora Tamayo para dotar de \u00abriqueza\u00bb a la UIMP - El Digital de Asturias\" \/>\n\t\t<meta name=\"twitter:description\" content=\"El ministro de Educaci\u00f3n, Cultura y Deporte, \u00cd\u00f1igo M\u00e9ndez de Vigo, ha resaltado &quot;la capacidad de trabajo y su gran labor como gestor&quot; de Emilio Lora Tamayo, nuevo rector de la Universidad Internacional Men\u00e9ndez Pelayo (UIMP), cuya toma de posesi\u00f3n ha tenido lugar esta ma\u00f1ana. \u200bUnas cualidades -ha dicho- que son &quot;suficiente aval para liderar\" \/>\n\t\t<meta name=\"twitter:image\" content=\"https:\/\/www.eldigitaldeasturias.com\/noticias\/wp-content\/uploads\/2020\/12\/EDA-1.jpg\" \/>\n\t\t<meta name=\"twitter:label1\" content=\"Escrito por\" \/>\n\t\t<meta name=\"twitter:data1\" content=\"El Digital de Asturias\" \/>\n\t\t<meta name=\"twitter:label2\" content=\"Tiempo de lectura estimado\" \/>\n\t\t<meta name=\"twitter:data2\" content=\"3 minutos\" \/>\n\t\t<script type=\"application\/ld+json\" class=\"aioseo-schema\">\n\t\t\t{\"@context\":\"https:\\\/\\\/schema.org\",\"@graph\":[{\"@type\":\"BlogPosting\",\"@id\":\"https:\\\/\\\/www.eldigitaldeasturias.com\\\/noticias\\\/mendez-de-vigo-destaca-la-capacidad-de-trabajo-de-emilio-lora-tamayo-para-dotar-de-riqueza-a-la-uimp\\\/#blogposting\",\"name\":\"M\\u00e9ndez de Vigo destaca la \\u00abcapacidad de trabajo\\u00bb de Emilio Lora Tamayo para dotar de \\u00abriqueza\\u00bb a la UIMP - El Digital de Asturias\",\"headline\":\"M\\u00e9ndez de Vigo destaca la \\u00abcapacidad de trabajo\\u00bb de Emilio Lora Tamayo para dotar de \\u00abriqueza\\u00bb a la UIMP\",\"author\":{\"@id\":\"https:\\\/\\\/www.eldigitaldeasturias.com\\\/noticias\\\/author\\\/admin\\\/#author\"},\"publisher\":{\"@id\":\"https:\\\/\\\/www.eldigitaldeasturias.com\\\/noticias\\\/#organization\"},\"image\":{\"@type\":\"ImageObject\",\"url\":966513},\"datePublished\":\"2018-01-18T18:21:04+01:00\",\"dateModified\":\"2018-01-18T18:21:04+01:00\",\"inLanguage\":\"es-ES\",\"mainEntityOfPage\":{\"@id\":\"https:\\\/\\\/www.eldigitaldeasturias.com\\\/noticias\\\/mendez-de-vigo-destaca-la-capacidad-de-trabajo-de-emilio-lora-tamayo-para-dotar-de-riqueza-a-la-uimp\\\/#webpage\"},\"isPartOf\":{\"@id\":\"https:\\\/\\\/www.eldigitaldeasturias.com\\\/noticias\\\/mendez-de-vigo-destaca-la-capacidad-de-trabajo-de-emilio-lora-tamayo-para-dotar-de-riqueza-a-la-uimp\\\/#webpage\"},\"articleSection\":\"Actualidad\"},{\"@type\":\"BreadcrumbList\",\"@id\":\"https:\\\/\\\/www.eldigitaldeasturias.com\\\/noticias\\\/mendez-de-vigo-destaca-la-capacidad-de-trabajo-de-emilio-lora-tamayo-para-dotar-de-riqueza-a-la-uimp\\\/#breadcrumblist\",\"itemListElement\":[{\"@type\":\"ListItem\",\"@id\":\"https:\\\/\\\/www.eldigitaldeasturias.com\\\/noticias#listItem\",\"position\":1,\"name\":\"Home\",\"item\":\"https:\\\/\\\/www.eldigitaldeasturias.com\\\/noticias\",\"nextItem\":{\"@type\":\"ListItem\",\"@id\":\"https:\\\/\\\/www.eldigitaldeasturias.com\\\/noticias\\\/category\\\/actualidad\\\/#listItem\",\"name\":\"Actualidad\"}},{\"@type\":\"ListItem\",\"@id\":\"https:\\\/\\\/www.eldigitaldeasturias.com\\\/noticias\\\/category\\\/actualidad\\\/#listItem\",\"position\":2,\"name\":\"Actualidad\",\"item\":\"https:\\\/\\\/www.eldigitaldeasturias.com\\\/noticias\\\/category\\\/actualidad\\\/\",\"nextItem\":{\"@type\":\"ListItem\",\"@id\":\"https:\\\/\\\/www.eldigitaldeasturias.com\\\/noticias\\\/mendez-de-vigo-destaca-la-capacidad-de-trabajo-de-emilio-lora-tamayo-para-dotar-de-riqueza-a-la-uimp\\\/#listItem\",\"name\":\"M\\u00e9ndez de Vigo destaca la \\u00abcapacidad de trabajo\\u00bb de Emilio Lora Tamayo para dotar de \\u00abriqueza\\u00bb a la UIMP\"},\"previousItem\":{\"@type\":\"ListItem\",\"@id\":\"https:\\\/\\\/www.eldigitaldeasturias.com\\\/noticias#listItem\",\"name\":\"Home\"}},{\"@type\":\"ListItem\",\"@id\":\"https:\\\/\\\/www.eldigitaldeasturias.com\\\/noticias\\\/mendez-de-vigo-destaca-la-capacidad-de-trabajo-de-emilio-lora-tamayo-para-dotar-de-riqueza-a-la-uimp\\\/#listItem\",\"position\":3,\"name\":\"M\\u00e9ndez de Vigo destaca la \\u00abcapacidad de trabajo\\u00bb de Emilio Lora Tamayo para dotar de \\u00abriqueza\\u00bb a la UIMP\",\"previousItem\":{\"@type\":\"ListItem\",\"@id\":\"https:\\\/\\\/www.eldigitaldeasturias.com\\\/noticias\\\/category\\\/actualidad\\\/#listItem\",\"name\":\"Actualidad\"}}]},{\"@type\":\"Organization\",\"@id\":\"https:\\\/\\\/www.eldigitaldeasturias.com\\\/noticias\\\/#organization\",\"name\":\"El Digital de Asturias\",\"description\":\"Hemeroteca\",\"url\":\"https:\\\/\\\/www.eldigitaldeasturias.com\\\/noticias\\\/\",\"email\":\"info@eldigitaldeasturias.com\",\"telephone\":\"+34652131393\",\"logo\":{\"@type\":\"ImageObject\",\"url\":\"https:\\\/\\\/www.eldigitaldeasturias.com\\\/noticias\\\/wp-content\\\/uploads\\\/2020\\\/12\\\/EDA.jpg\",\"@id\":\"https:\\\/\\\/www.eldigitaldeasturias.com\\\/noticias\\\/mendez-de-vigo-destaca-la-capacidad-de-trabajo-de-emilio-lora-tamayo-para-dotar-de-riqueza-a-la-uimp\\\/#organizationLogo\"},\"image\":{\"@id\":\"https:\\\/\\\/www.eldigitaldeasturias.com\\\/noticias\\\/mendez-de-vigo-destaca-la-capacidad-de-trabajo-de-emilio-lora-tamayo-para-dotar-de-riqueza-a-la-uimp\\\/#organizationLogo\"},\"sameAs\":[\"https:\\\/\\\/facebook.com\\\/eldigitaldeasturias\",\"https:\\\/\\\/www.youtube.com\\\/channel\\\/UCZP-2wLEB9Rv6erhFmqVnvg\"],\"address\":{\"@id\":\"https:\\\/\\\/www.eldigitaldeasturias.com\\\/noticias\\\/#postaladdress\",\"@type\":\"PostalAddress\",\"streetAddress\":\"san antonio 4\",\"postalCode\":\"33430\",\"addressLocality\":\"Cand\\u00e1s\",\"addressRegion\":\"Asturias\",\"addressCountry\":\"ES\"}},{\"@type\":\"Person\",\"@id\":\"https:\\\/\\\/www.eldigitaldeasturias.com\\\/noticias\\\/author\\\/admin\\\/#author\",\"url\":\"https:\\\/\\\/www.eldigitaldeasturias.com\\\/noticias\\\/author\\\/admin\\\/\",\"name\":\"El Digital de Asturias\",\"image\":{\"@type\":\"ImageObject\",\"@id\":\"https:\\\/\\\/www.eldigitaldeasturias.com\\\/noticias\\\/mendez-de-vigo-destaca-la-capacidad-de-trabajo-de-emilio-lora-tamayo-para-dotar-de-riqueza-a-la-uimp\\\/#authorImage\",\"url\":\"https:\\\/\\\/secure.gravatar.com\\\/avatar\\\/df2aeffc32bcd13f8d26072ef8a91b623d677766deac7f97ca815868cd41bf5e?s=96&d=mm&r=g\",\"width\":96,\"height\":96,\"caption\":\"El Digital de Asturias\"}},{\"@type\":\"WebPage\",\"@id\":\"https:\\\/\\\/www.eldigitaldeasturias.com\\\/noticias\\\/mendez-de-vigo-destaca-la-capacidad-de-trabajo-de-emilio-lora-tamayo-para-dotar-de-riqueza-a-la-uimp\\\/#webpage\",\"url\":\"https:\\\/\\\/www.eldigitaldeasturias.com\\\/noticias\\\/mendez-de-vigo-destaca-la-capacidad-de-trabajo-de-emilio-lora-tamayo-para-dotar-de-riqueza-a-la-uimp\\\/\",\"name\":\"M\\u00e9ndez de Vigo destaca la \\u00abcapacidad de trabajo\\u00bb de Emilio Lora Tamayo para dotar de \\u00abriqueza\\u00bb a la UIMP - El Digital de Asturias\",\"description\":\"El ministro de Educaci\\u00f3n, Cultura y Deporte, \\u00cd\\u00f1igo M\\u00e9ndez de Vigo, ha resaltado \\\"la capacidad de trabajo y su gran labor como gestor\\\" de Emilio Lora Tamayo, nuevo rector de la Universidad Internacional Men\\u00e9ndez Pelayo (UIMP), cuya toma de posesi\\u00f3n ha tenido lugar esta ma\\u00f1ana. \\u200bUnas cualidades -ha dicho- que son \\\"suficiente aval para liderar\",\"inLanguage\":\"es-ES\",\"isPartOf\":{\"@id\":\"https:\\\/\\\/www.eldigitaldeasturias.com\\\/noticias\\\/#website\"},\"breadcrumb\":{\"@id\":\"https:\\\/\\\/www.eldigitaldeasturias.com\\\/noticias\\\/mendez-de-vigo-destaca-la-capacidad-de-trabajo-de-emilio-lora-tamayo-para-dotar-de-riqueza-a-la-uimp\\\/#breadcrumblist\"},\"author\":{\"@id\":\"https:\\\/\\\/www.eldigitaldeasturias.com\\\/noticias\\\/author\\\/admin\\\/#author\"},\"creator\":{\"@id\":\"https:\\\/\\\/www.eldigitaldeasturias.com\\\/noticias\\\/author\\\/admin\\\/#author\"},\"image\":{\"@type\":\"ImageObject\",\"url\":966513,\"@id\":\"https:\\\/\\\/www.eldigitaldeasturias.com\\\/noticias\\\/mendez-de-vigo-destaca-la-capacidad-de-trabajo-de-emilio-lora-tamayo-para-dotar-de-riqueza-a-la-uimp\\\/#mainImage\"},\"primaryImageOfPage\":{\"@id\":\"https:\\\/\\\/www.eldigitaldeasturias.com\\\/noticias\\\/mendez-de-vigo-destaca-la-capacidad-de-trabajo-de-emilio-lora-tamayo-para-dotar-de-riqueza-a-la-uimp\\\/#mainImage\"},\"datePublished\":\"2018-01-18T18:21:04+01:00\",\"dateModified\":\"2018-01-18T18:21:04+01:00\"},{\"@type\":\"WebSite\",\"@id\":\"https:\\\/\\\/www.eldigitaldeasturias.com\\\/noticias\\\/#website\",\"url\":\"https:\\\/\\\/www.eldigitaldeasturias.com\\\/noticias\\\/\",\"name\":\"El Digital de Asturias - Diario de actualidad y noticias\",\"alternateName\":\"El Digital de Asturias - Diario de actualidad y noticias\",\"description\":\"Hemeroteca\",\"inLanguage\":\"es-ES\",\"publisher\":{\"@id\":\"https:\\\/\\\/www.eldigitaldeasturias.com\\\/noticias\\\/#organization\"}}]}\n\t\t<\/script>\n\t\t<!-- All in One SEO Pro -->\r\n\t\t<title>M\u00e9ndez de Vigo destaca la \u00abcapacidad de trabajo\u00bb de Emilio Lora Tamayo para dotar de \u00abriqueza\u00bb a la UIMP - El Digital de Asturias<\/title>\n\n","aioseo_head_json":{"title":"M\u00e9ndez de Vigo destaca la \u00abcapacidad de trabajo\u00bb de Emilio Lora Tamayo para dotar de \u00abriqueza\u00bb a la UIMP - El Digital de Asturias","description":"El ministro de Educaci\u00f3n, Cultura y Deporte, \u00cd\u00f1igo M\u00e9ndez de Vigo, ha resaltado \"la capacidad de trabajo y su gran labor como gestor\" de Emilio Lora Tamayo, nuevo rector de la Universidad Internacional Men\u00e9ndez Pelayo (UIMP), cuya toma de posesi\u00f3n ha tenido lugar esta ma\u00f1ana. \u200bUnas cualidades -ha dicho- que son \"suficiente aval para liderar","canonical_url":"https:\/\/www.eldigitaldeasturias.com\/noticias\/mendez-de-vigo-destaca-la-capacidad-de-trabajo-de-emilio-lora-tamayo-para-dotar-de-riqueza-a-la-uimp\/","robots":"max-image-preview:large","keywords":"actualidad","webmasterTools":{"google-site-verification":"UA-38556648-1","msvalidate.01":"7dfe9f3f1b24437ab69f4f2559babe99","miscellaneous":""},"schema":{"@context":"https:\/\/schema.org","@graph":[{"@type":"BlogPosting","@id":"https:\/\/www.eldigitaldeasturias.com\/noticias\/mendez-de-vigo-destaca-la-capacidad-de-trabajo-de-emilio-lora-tamayo-para-dotar-de-riqueza-a-la-uimp\/#blogposting","name":"M\u00e9ndez de Vigo destaca la \u00abcapacidad de trabajo\u00bb de Emilio Lora Tamayo para dotar de \u00abriqueza\u00bb a la UIMP - El Digital de Asturias","headline":"M\u00e9ndez de Vigo destaca la \u00abcapacidad de trabajo\u00bb de Emilio Lora Tamayo para dotar de \u00abriqueza\u00bb a la UIMP","author":{"@id":"https:\/\/www.eldigitaldeasturias.com\/noticias\/author\/admin\/#author"},"publisher":{"@id":"https:\/\/www.eldigitaldeasturias.com\/noticias\/#organization"},"image":{"@type":"ImageObject","url":966513},"datePublished":"2018-01-18T18:21:04+01:00","dateModified":"2018-01-18T18:21:04+01:00","inLanguage":"es-ES","mainEntityOfPage":{"@id":"https:\/\/www.eldigitaldeasturias.com\/noticias\/mendez-de-vigo-destaca-la-capacidad-de-trabajo-de-emilio-lora-tamayo-para-dotar-de-riqueza-a-la-uimp\/#webpage"},"isPartOf":{"@id":"https:\/\/www.eldigitaldeasturias.com\/noticias\/mendez-de-vigo-destaca-la-capacidad-de-trabajo-de-emilio-lora-tamayo-para-dotar-de-riqueza-a-la-uimp\/#webpage"},"articleSection":"Actualidad"},{"@type":"BreadcrumbList","@id":"https:\/\/www.eldigitaldeasturias.com\/noticias\/mendez-de-vigo-destaca-la-capacidad-de-trabajo-de-emilio-lora-tamayo-para-dotar-de-riqueza-a-la-uimp\/#breadcrumblist","itemListElement":[{"@type":"ListItem","@id":"https:\/\/www.eldigitaldeasturias.com\/noticias#listItem","position":1,"name":"Home","item":"https:\/\/www.eldigitaldeasturias.com\/noticias","nextItem":{"@type":"ListItem","@id":"https:\/\/www.eldigitaldeasturias.com\/noticias\/category\/actualidad\/#listItem","name":"Actualidad"}},{"@type":"ListItem","@id":"https:\/\/www.eldigitaldeasturias.com\/noticias\/category\/actualidad\/#listItem","position":2,"name":"Actualidad","item":"https:\/\/www.eldigitaldeasturias.com\/noticias\/category\/actualidad\/","nextItem":{"@type":"ListItem","@id":"https:\/\/www.eldigitaldeasturias.com\/noticias\/mendez-de-vigo-destaca-la-capacidad-de-trabajo-de-emilio-lora-tamayo-para-dotar-de-riqueza-a-la-uimp\/#listItem","name":"M\u00e9ndez de Vigo destaca la \u00abcapacidad de trabajo\u00bb de Emilio Lora Tamayo para dotar de \u00abriqueza\u00bb a la UIMP"},"previousItem":{"@type":"ListItem","@id":"https:\/\/www.eldigitaldeasturias.com\/noticias#listItem","name":"Home"}},{"@type":"ListItem","@id":"https:\/\/www.eldigitaldeasturias.com\/noticias\/mendez-de-vigo-destaca-la-capacidad-de-trabajo-de-emilio-lora-tamayo-para-dotar-de-riqueza-a-la-uimp\/#listItem","position":3,"name":"M\u00e9ndez de Vigo destaca la \u00abcapacidad de trabajo\u00bb de Emilio Lora Tamayo para dotar de \u00abriqueza\u00bb a la UIMP","previousItem":{"@type":"ListItem","@id":"https:\/\/www.eldigitaldeasturias.com\/noticias\/category\/actualidad\/#listItem","name":"Actualidad"}}]},{"@type":"Organization","@id":"https:\/\/www.eldigitaldeasturias.com\/noticias\/#organization","name":"El Digital de Asturias","description":"Hemeroteca","url":"https:\/\/www.eldigitaldeasturias.com\/noticias\/","email":"info@eldigitaldeasturias.com","telephone":"+34652131393","logo":{"@type":"ImageObject","url":"https:\/\/www.eldigitaldeasturias.com\/noticias\/wp-content\/uploads\/2020\/12\/EDA.jpg","@id":"https:\/\/www.eldigitaldeasturias.com\/noticias\/mendez-de-vigo-destaca-la-capacidad-de-trabajo-de-emilio-lora-tamayo-para-dotar-de-riqueza-a-la-uimp\/#organizationLogo"},"image":{"@id":"https:\/\/www.eldigitaldeasturias.com\/noticias\/mendez-de-vigo-destaca-la-capacidad-de-trabajo-de-emilio-lora-tamayo-para-dotar-de-riqueza-a-la-uimp\/#organizationLogo"},"sameAs":["https:\/\/facebook.com\/eldigitaldeasturias","https:\/\/www.youtube.com\/channel\/UCZP-2wLEB9Rv6erhFmqVnvg"],"address":{"@id":"https:\/\/www.eldigitaldeasturias.com\/noticias\/#postaladdress","@type":"PostalAddress","streetAddress":"san antonio 4","postalCode":"33430","addressLocality":"Cand\u00e1s","addressRegion":"Asturias","addressCountry":"ES"}},{"@type":"Person","@id":"https:\/\/www.eldigitaldeasturias.com\/noticias\/author\/admin\/#author","url":"https:\/\/www.eldigitaldeasturias.com\/noticias\/author\/admin\/","name":"El Digital de Asturias","image":{"@type":"ImageObject","@id":"https:\/\/www.eldigitaldeasturias.com\/noticias\/mendez-de-vigo-destaca-la-capacidad-de-trabajo-de-emilio-lora-tamayo-para-dotar-de-riqueza-a-la-uimp\/#authorImage","url":"https:\/\/secure.gravatar.com\/avatar\/df2aeffc32bcd13f8d26072ef8a91b623d677766deac7f97ca815868cd41bf5e?s=96&d=mm&r=g","width":96,"height":96,"caption":"El Digital de Asturias"}},{"@type":"WebPage","@id":"https:\/\/www.eldigitaldeasturias.com\/noticias\/mendez-de-vigo-destaca-la-capacidad-de-trabajo-de-emilio-lora-tamayo-para-dotar-de-riqueza-a-la-uimp\/#webpage","url":"https:\/\/www.eldigitaldeasturias.com\/noticias\/mendez-de-vigo-destaca-la-capacidad-de-trabajo-de-emilio-lora-tamayo-para-dotar-de-riqueza-a-la-uimp\/","name":"M\u00e9ndez de Vigo destaca la \u00abcapacidad de trabajo\u00bb de Emilio Lora Tamayo para dotar de \u00abriqueza\u00bb a la UIMP - El Digital de Asturias","description":"El ministro de Educaci\u00f3n, Cultura y Deporte, \u00cd\u00f1igo M\u00e9ndez de Vigo, ha resaltado \"la capacidad de trabajo y su gran labor como gestor\" de Emilio Lora Tamayo, nuevo rector de la Universidad Internacional Men\u00e9ndez Pelayo (UIMP), cuya toma de posesi\u00f3n ha tenido lugar esta ma\u00f1ana. \u200bUnas cualidades -ha dicho- que son \"suficiente aval para liderar","inLanguage":"es-ES","isPartOf":{"@id":"https:\/\/www.eldigitaldeasturias.com\/noticias\/#website"},"breadcrumb":{"@id":"https:\/\/www.eldigitaldeasturias.com\/noticias\/mendez-de-vigo-destaca-la-capacidad-de-trabajo-de-emilio-lora-tamayo-para-dotar-de-riqueza-a-la-uimp\/#breadcrumblist"},"author":{"@id":"https:\/\/www.eldigitaldeasturias.com\/noticias\/author\/admin\/#author"},"creator":{"@id":"https:\/\/www.eldigitaldeasturias.com\/noticias\/author\/admin\/#author"},"image":{"@type":"ImageObject","url":966513,"@id":"https:\/\/www.eldigitaldeasturias.com\/noticias\/mendez-de-vigo-destaca-la-capacidad-de-trabajo-de-emilio-lora-tamayo-para-dotar-de-riqueza-a-la-uimp\/#mainImage"},"primaryImageOfPage":{"@id":"https:\/\/www.eldigitaldeasturias.com\/noticias\/mendez-de-vigo-destaca-la-capacidad-de-trabajo-de-emilio-lora-tamayo-para-dotar-de-riqueza-a-la-uimp\/#mainImage"},"datePublished":"2018-01-18T18:21:04+01:00","dateModified":"2018-01-18T18:21:04+01:00"},{"@type":"WebSite","@id":"https:\/\/www.eldigitaldeasturias.com\/noticias\/#website","url":"https:\/\/www.eldigitaldeasturias.com\/noticias\/","name":"El Digital de Asturias - Diario de actualidad y noticias","alternateName":"El Digital de Asturias - Diario de actualidad y noticias","description":"Hemeroteca","inLanguage":"es-ES","publisher":{"@id":"https:\/\/www.eldigitaldeasturias.com\/noticias\/#organization"}}]},"og:locale":"es_ES","og:site_name":"El Digital de Asturias","og:type":"article","og:title":"M\u00e9ndez de Vigo destaca la \u00abcapacidad de trabajo\u00bb de Emilio Lora Tamayo para dotar de \u00abriqueza\u00bb a la UIMP - El Digital de Asturias","og:description":"El ministro de Educaci\u00f3n, Cultura y Deporte, \u00cd\u00f1igo M\u00e9ndez de Vigo, ha resaltado &quot;la capacidad de trabajo y su gran labor como gestor&quot; de Emilio Lora Tamayo, nuevo rector de la Universidad Internacional Men\u00e9ndez Pelayo (UIMP), cuya toma de posesi\u00f3n ha tenido lugar esta ma\u00f1ana. \u200bUnas cualidades -ha dicho- que son &quot;suficiente aval para liderar","og:url":"https:\/\/www.eldigitaldeasturias.com\/noticias\/mendez-de-vigo-destaca-la-capacidad-de-trabajo-de-emilio-lora-tamayo-para-dotar-de-riqueza-a-la-uimp\/","article:tag":["actualidad"],"article:published_time":"2018-01-18T18:21:04+00:00","article:modified_time":"2018-01-18T18:21:04+00:00","article:publisher":"https:\/\/facebook.com\/eldigitaldeasturias","twitter:card":"summary_large_image","twitter:title":"M\u00e9ndez de Vigo destaca la \u00abcapacidad de trabajo\u00bb de Emilio Lora Tamayo para dotar de \u00abriqueza\u00bb a la UIMP - El Digital de Asturias","twitter:description":"El ministro de Educaci\u00f3n, Cultura y Deporte, \u00cd\u00f1igo M\u00e9ndez de Vigo, ha resaltado &quot;la capacidad de trabajo y su gran labor como gestor&quot; de Emilio Lora Tamayo, nuevo rector de la Universidad Internacional Men\u00e9ndez Pelayo (UIMP), cuya toma de posesi\u00f3n ha tenido lugar esta ma\u00f1ana. \u200bUnas cualidades -ha dicho- que son &quot;suficiente aval para liderar","twitter:image":"https:\/\/www.eldigitaldeasturias.com\/noticias\/wp-content\/uploads\/2020\/12\/EDA-1.jpg","twitter:label1":"Escrito por","twitter:data1":"El Digital de Asturias","twitter:label2":"Tiempo de lectura estimado","twitter:data2":"3 minutos"},"aioseo_meta_data":{"post_id":"966512","title":null,"description":null,"keywords":null,"keyphrases":null,"primary_term":null,"canonical_url":null,"og_title":null,"og_description":null,"og_object_type":"default","og_image_type":"default","og_image_url":null,"og_image_width":null,"og_image_height":null,"og_image_custom_url":null,"og_image_custom_fields":null,"og_video":null,"og_custom_url":null,"og_article_section":null,"og_article_tags":null,"twitter_use_og":false,"twitter_card":"default","twitter_image_type":"default","twitter_image_url":null,"twitter_image_custom_url":null,"twitter_image_custom_fields":null,"twitter_title":null,"twitter_description":null,"schema":{"blockGraphs":[],"customGraphs":[],"default":{"data":{"Article":[],"Course":[],"Dataset":[],"FAQPage":[],"Movie":[],"Person":[],"Product":[],"ProductReview":[],"Car":[],"Recipe":[],"Service":[],"SoftwareApplication":[],"WebPage":[]},"graphName":"","isEnabled":true},"graphs":[],"defaultGraph":"","defaultPostTypeGraph":""},"schema_type":null,"schema_type_options":null,"pillar_content":false,"robots_default":true,"robots_noindex":false,"robots_noarchive":false,"robots_nosnippet":false,"robots_nofollow":false,"robots_noimageindex":false,"robots_noodp":false,"robots_notranslate":false,"robots_max_snippet":null,"robots_max_videopreview":null,"robots_max_imagepreview":"large","priority":null,"frequency":null,"local_seo":null,"seo_analyzer_scan_date":"2025-10-06 15:48:10","breadcrumb_settings":null,"limit_modified_date":false,"open_ai":null,"ai":null,"created":"2020-12-21 12:35:36","updated":"2025-10-06 15:48:10","focus_keyword":null,"additional_keywords":null,"truseo_locale":null},"aioseo_breadcrumb":"<div class=\"aioseo-breadcrumbs\"><span class=\"aioseo-breadcrumb\">\n\t<a href=\"https:\/\/www.eldigitaldeasturias.com\/noticias\" title=\"Home\">Home<\/a>\n<\/span><span class=\"aioseo-breadcrumb-separator\">\u2013<\/span><span class=\"aioseo-breadcrumb\">\n\t<a href=\"https:\/\/www.eldigitaldeasturias.com\/noticias\/category\/actualidad\/\" title=\"Actualidad\">Actualidad<\/a>\n<\/span><span class=\"aioseo-breadcrumb-separator\">\u2013<\/span><span class=\"aioseo-breadcrumb\">\n\t<a href=\"https:\/\/www.eldigitaldeasturias.com\/noticias\/mendez-de-vigo-destaca-la-capacidad-de-trabajo-de-emilio-lora-tamayo-para-dotar-de-riqueza-a-la-uimp\/\" title=\"M\u00e9ndez de Vigo destaca la \u00abcapacidad de trabajo\u00bb de Emilio Lora Tamayo para dotar de \u00abriqueza\u00bb a la UIMP\">M\u00e9ndez de Vigo destaca la \u00abcapacidad de trabajo\u00bb de Emilio Lora Tamayo para dotar de \u00abriqueza\u00bb a la UIMP<\/a>\n<\/span><\/div>","aioseo_breadcrumb_json":[{"label":"Home","link":"https:\/\/www.eldigitaldeasturias.com\/noticias"},{"label":"Actualidad","link":"https:\/\/www.eldigitaldeasturias.com\/noticias\/category\/actualidad\/"},{"label":"M\u00e9ndez de Vigo destaca la \u00abcapacidad de trabajo\u00bb de Emilio Lora Tamayo para dotar de \u00abriqueza\u00bb a la UIMP","link":"https:\/\/www.eldigitaldeasturias.com\/noticias\/mendez-de-vigo-destaca-la-capacidad-de-trabajo-de-emilio-lora-tamayo-para-dotar-de-riqueza-a-la-uimp\/"}],"_links":{"self":[{"href":"https:\/\/www.eldigitaldeasturias.com\/noticias\/wp-json\/wp\/v2\/posts\/966512","targetHints":{"allow":["GET"]}}],"collection":[{"href":"https:\/\/www.eldigitaldeasturias.com\/noticias\/wp-json\/wp\/v2\/posts"}],"about":[{"href":"https:\/\/www.eldigitaldeasturias.com\/noticias\/wp-json\/wp\/v2\/types\/post"}],"author":[{"embeddable":true,"href":"https:\/\/www.eldigitaldeasturias.com\/noticias\/wp-json\/wp\/v2\/users\/1"}],"replies":[{"embeddable":true,"href":"https:\/\/www.eldigitaldeasturias.com\/noticias\/wp-json\/wp\/v2\/comments?post=966512"}],"version-history":[{"count":0,"href":"https:\/\/www.eldigitaldeasturias.com\/noticias\/wp-json\/wp\/v2\/posts\/966512\/revisions"}],"wp:attachment":[{"href":"https:\/\/www.eldigitaldeasturias.com\/noticias\/wp-json\/wp\/v2\/media?parent=966512"}],"wp:term":[{"taxonomy":"category","embeddable":true,"href":"https:\/\/www.eldigitaldeasturias.com\/noticias\/wp-json\/wp\/v2\/categories?post=966512"},{"taxonomy":"post_tag","embeddable":true,"href":"https:\/\/www.eldigitaldeasturias.com\/noticias\/wp-json\/wp\/v2\/tags?post=966512"}],"curies":[{"name":"wp","href":"https:\/\/api.w.org\/{rel}","templated":true}]}}