{"id":966458,"date":"2018-01-18T13:12:49","date_gmt":"2018-01-18T13:12:49","guid":{"rendered":"http:\/\/www.eldigitaldeasturias.com\/noticias\/?p=966458"},"modified":"2018-01-18T13:12:49","modified_gmt":"2018-01-18T13:12:49","slug":"mendez-de-vigo-anima-a-compartir-la-riqueza-cultural-de-espana-en-el-ano-europeo-del-patrimonio","status":"publish","type":"post","link":"https:\/\/www.eldigitaldeasturias.com\/noticias\/mendez-de-vigo-anima-a-compartir-la-riqueza-cultural-de-espana-en-el-ano-europeo-del-patrimonio\/","title":{"rendered":"M\u00e9ndez de Vigo anima a compartir la riqueza cultural de Espa\u00f1a en el A\u00f1o Europeo del Patrimonio"},"content":{"rendered":"<p><img loading=\"lazy\" decoding=\"async\" class=\"alignleft size-medium wp-image-966459\" src=\"https:\/\/www.eldigitaldeasturias.com\/noticias\/wp-content\/uploads\/2018\/01\/170118-Vigo-360x239.jpg\" alt=\"\" width=\"360\" height=\"239\" \/>El ministro de Educaci\u00f3n, Cultura y Deporte, \u00cd\u00f1igo M\u00e9ndez de Vigo, ha anunciado en el stand de Palencia en la Feria Internacional de Turismo FITUR que esa ciudad acoger\u00e1 el pr\u00f3ximo 13 de febrero la presentaci\u00f3n de la programaci\u00f3n con la que Espa\u00f1a celebrar\u00e1 el A\u00f1o Europeo del Patrimonio. Esta presentaci\u00f3n contar\u00e1 con la presencia del Comisario Europeo de Educaci\u00f3n, Cultura, Juventud y Deporte, Tibor Navracsics.<\/p>\n<p>El ministro ha afirmado que, con esta conmemoraci\u00f3n, \u00abla Uni\u00f3n Europea quiere a lo largo de 2018 fomentar la riqueza cultural que compartimos -como nexo de identidad, historia y valores- y su gran contribuci\u00f3n al desarrollo econ\u00f3mico, particularmente a trav\u00e9s del turismo\u00bb.<\/p>\n<p>Para M\u00e9ndez de Vigo, la celebraci\u00f3n del A\u00f1o Europeo del Patrimonio \u00abser\u00e1 una buena ocasi\u00f3n para volver la mirada sobre el tesoro patrimonial que acumula la provincia de Palencia, que es una buena muestra del que se extiende por toda Espa\u00f1a\u00bb, aludiendo a que Espa\u00f1a cuenta con 46 bienes inscritos en la Lista del Patrimonio Mundial y que es el tercer pa\u00eds con mayor n\u00famero de bienes declarados en el mundo, solo por detr\u00e1s de Italia y China.<\/p>\n<p>De igual modo, el ministro ha resaltado \u00abel gran trabajo ejemplar y eficaz\u00bb de esta provincia para hacer frente al lastre de la despoblaci\u00f3n \u00abutilizando la fuerza de sus propios recursos, con su gran riqueza patrimonial a la cabeza, y sus modernas comunicaciones que desde 2015, con la llegada del AVE, suponen un importante potencial tur\u00edstico\u00bb.<\/p>\n<p>M\u00e9ndez de Vigo ha insistido en que Palencia tiene un \u00abreclamo monumental e hist\u00f3rico\u00bb para los visitantes de toda Europa, y ha destacado el reclamo tur\u00edstico que tambi\u00e9n tiene la monta\u00f1a palentina, \u00abconvirtiendo todo en una provincia pr\u00f3spera, hist\u00f3rica y moderna, siempre en crecimiento\u00bb.<\/p>\n<p>El ministro de Educaci\u00f3n, Cultura y Deporte ha indicado tambi\u00e9n que el lunes entregar\u00e1 en Palencia el I Premio Internacional de Poes\u00eda Jorge Manrique.<\/p>\n","protected":false},"excerpt":{"rendered":"<p>El ministro de Educaci\u00f3n, Cultura y Deporte, \u00cd\u00f1igo M\u00e9ndez de Vigo, ha anunciado en el stand de Palencia en la Feria Internacional de Turismo FITUR que esa ciudad acoger\u00e1 el pr\u00f3ximo 13 de febrero la presentaci\u00f3n de la programaci\u00f3n con la que Espa\u00f1a celebrar\u00e1 el A\u00f1o Europeo del Patrimonio. Esta presentaci\u00f3n contar\u00e1 con la presencia [&hellip;]<\/p>\n","protected":false},"author":1,"featured_media":966459,"comment_status":"closed","ping_status":"closed","sticky":false,"template":"","format":"standard","meta":{"footnotes":""},"categories":[1],"tags":[],"class_list":["post-966458","post","type-post","status-publish","format-standard","has-post-thumbnail","hentry","category-actualidad"],"aioseo_notices":[],"aioseo_head":"\n\t\t<!-- All in One SEO Pro 5.0.1 - aioseo.com -->\n\t<meta name=\"description\" content=\"El ministro de Educaci\u00f3n, Cultura y Deporte, \u00cd\u00f1igo M\u00e9ndez de Vigo, ha anunciado en el stand de Palencia en la Feria Internacional de Turismo FITUR que esa ciudad acoger\u00e1 el pr\u00f3ximo 13 de febrero la presentaci\u00f3n de la programaci\u00f3n con la que Espa\u00f1a celebrar\u00e1 el A\u00f1o Europeo del Patrimonio. Esta presentaci\u00f3n contar\u00e1 con la presencia\" \/>\n\t<meta name=\"robots\" content=\"max-image-preview:large\" \/>\n\t<meta name=\"author\" content=\"El Digital de Asturias\"\/>\n\t<meta name=\"google-site-verification\" content=\"UA-38556648-1\" \/>\n\t<meta name=\"msvalidate.01\" content=\"7dfe9f3f1b24437ab69f4f2559babe99\" \/>\n\t<meta name=\"keywords\" content=\"actualidad\" \/>\n\t<link rel=\"canonical\" href=\"https:\/\/www.eldigitaldeasturias.com\/noticias\/mendez-de-vigo-anima-a-compartir-la-riqueza-cultural-de-espana-en-el-ano-europeo-del-patrimonio\/\" \/>\n\t<meta name=\"generator\" content=\"All in One SEO Pro (AIOSEO) 5.0.1\" \/>\n\t\t<meta property=\"og:locale\" content=\"es_ES\" \/>\n\t\t<meta property=\"og:site_name\" content=\"El Digital de Asturias\" \/>\n\t\t<meta property=\"og:type\" content=\"article\" \/>\n\t\t<meta property=\"og:title\" content=\"M\u00e9ndez de Vigo anima a compartir la riqueza cultural de Espa\u00f1a en el A\u00f1o Europeo del Patrimonio - El Digital de Asturias\" \/>\n\t\t<meta property=\"og:description\" content=\"El ministro de Educaci\u00f3n, Cultura y Deporte, \u00cd\u00f1igo M\u00e9ndez de Vigo, ha anunciado en el stand de Palencia en la Feria Internacional de Turismo FITUR que esa ciudad acoger\u00e1 el pr\u00f3ximo 13 de febrero la presentaci\u00f3n de la programaci\u00f3n con la que Espa\u00f1a celebrar\u00e1 el A\u00f1o Europeo del Patrimonio. Esta presentaci\u00f3n contar\u00e1 con la presencia\" \/>\n\t\t<meta property=\"og:url\" content=\"https:\/\/www.eldigitaldeasturias.com\/noticias\/mendez-de-vigo-anima-a-compartir-la-riqueza-cultural-de-espana-en-el-ano-europeo-del-patrimonio\/\" \/>\n\t\t<meta property=\"article:tag\" content=\"actualidad\" \/>\n\t\t<meta property=\"article:published_time\" content=\"2018-01-18T13:12:49+00:00\" \/>\n\t\t<meta property=\"article:modified_time\" content=\"2018-01-18T13:12:49+00:00\" \/>\n\t\t<meta property=\"article:publisher\" content=\"https:\/\/facebook.com\/eldigitaldeasturias\" \/>\n\t\t<meta name=\"twitter:card\" content=\"summary_large_image\" \/>\n\t\t<meta name=\"twitter:title\" content=\"M\u00e9ndez de Vigo anima a compartir la riqueza cultural de Espa\u00f1a en el A\u00f1o Europeo del Patrimonio - El Digital de Asturias\" \/>\n\t\t<meta name=\"twitter:description\" content=\"El ministro de Educaci\u00f3n, Cultura y Deporte, \u00cd\u00f1igo M\u00e9ndez de Vigo, ha anunciado en el stand de Palencia en la Feria Internacional de Turismo FITUR que esa ciudad acoger\u00e1 el pr\u00f3ximo 13 de febrero la presentaci\u00f3n de la programaci\u00f3n con la que Espa\u00f1a celebrar\u00e1 el A\u00f1o Europeo del Patrimonio. Esta presentaci\u00f3n contar\u00e1 con la presencia\" \/>\n\t\t<meta name=\"twitter:image\" content=\"https:\/\/www.eldigitaldeasturias.com\/noticias\/wp-content\/uploads\/2020\/12\/EDA-1.jpg\" \/>\n\t\t<meta name=\"twitter:label1\" content=\"Escrito por\" \/>\n\t\t<meta name=\"twitter:data1\" content=\"El Digital de Asturias\" \/>\n\t\t<meta name=\"twitter:label2\" content=\"Tiempo de lectura estimado\" \/>\n\t\t<meta name=\"twitter:data2\" content=\"2 minutos\" \/>\n\t\t<script type=\"application\/ld+json\" class=\"aioseo-schema\">\n\t\t\t{\"@context\":\"https:\\\/\\\/schema.org\",\"@graph\":[{\"@type\":\"BlogPosting\",\"@id\":\"https:\\\/\\\/www.eldigitaldeasturias.com\\\/noticias\\\/mendez-de-vigo-anima-a-compartir-la-riqueza-cultural-de-espana-en-el-ano-europeo-del-patrimonio\\\/#blogposting\",\"name\":\"M\\u00e9ndez de Vigo anima a compartir la riqueza cultural de Espa\\u00f1a en el A\\u00f1o Europeo del Patrimonio - El Digital de Asturias\",\"headline\":\"M\\u00e9ndez de Vigo anima a compartir la riqueza cultural de Espa\\u00f1a en el A\\u00f1o Europeo del Patrimonio\",\"author\":{\"@id\":\"https:\\\/\\\/www.eldigitaldeasturias.com\\\/noticias\\\/author\\\/admin\\\/#author\"},\"publisher\":{\"@id\":\"https:\\\/\\\/www.eldigitaldeasturias.com\\\/noticias\\\/#organization\"},\"image\":{\"@type\":\"ImageObject\",\"url\":966459},\"datePublished\":\"2018-01-18T13:12:49+01:00\",\"dateModified\":\"2018-01-18T13:12:49+01:00\",\"inLanguage\":\"es-ES\",\"mainEntityOfPage\":{\"@id\":\"https:\\\/\\\/www.eldigitaldeasturias.com\\\/noticias\\\/mendez-de-vigo-anima-a-compartir-la-riqueza-cultural-de-espana-en-el-ano-europeo-del-patrimonio\\\/#webpage\"},\"isPartOf\":{\"@id\":\"https:\\\/\\\/www.eldigitaldeasturias.com\\\/noticias\\\/mendez-de-vigo-anima-a-compartir-la-riqueza-cultural-de-espana-en-el-ano-europeo-del-patrimonio\\\/#webpage\"},\"articleSection\":\"Actualidad\"},{\"@type\":\"BreadcrumbList\",\"@id\":\"https:\\\/\\\/www.eldigitaldeasturias.com\\\/noticias\\\/mendez-de-vigo-anima-a-compartir-la-riqueza-cultural-de-espana-en-el-ano-europeo-del-patrimonio\\\/#breadcrumblist\",\"itemListElement\":[{\"@type\":\"ListItem\",\"@id\":\"https:\\\/\\\/www.eldigitaldeasturias.com\\\/noticias#listItem\",\"position\":1,\"name\":\"Home\",\"item\":\"https:\\\/\\\/www.eldigitaldeasturias.com\\\/noticias\",\"nextItem\":{\"@type\":\"ListItem\",\"@id\":\"https:\\\/\\\/www.eldigitaldeasturias.com\\\/noticias\\\/category\\\/actualidad\\\/#listItem\",\"name\":\"Actualidad\"}},{\"@type\":\"ListItem\",\"@id\":\"https:\\\/\\\/www.eldigitaldeasturias.com\\\/noticias\\\/category\\\/actualidad\\\/#listItem\",\"position\":2,\"name\":\"Actualidad\",\"item\":\"https:\\\/\\\/www.eldigitaldeasturias.com\\\/noticias\\\/category\\\/actualidad\\\/\",\"nextItem\":{\"@type\":\"ListItem\",\"@id\":\"https:\\\/\\\/www.eldigitaldeasturias.com\\\/noticias\\\/mendez-de-vigo-anima-a-compartir-la-riqueza-cultural-de-espana-en-el-ano-europeo-del-patrimonio\\\/#listItem\",\"name\":\"M\\u00e9ndez de Vigo anima a compartir la riqueza cultural de Espa\\u00f1a en el A\\u00f1o Europeo del Patrimonio\"},\"previousItem\":{\"@type\":\"ListItem\",\"@id\":\"https:\\\/\\\/www.eldigitaldeasturias.com\\\/noticias#listItem\",\"name\":\"Home\"}},{\"@type\":\"ListItem\",\"@id\":\"https:\\\/\\\/www.eldigitaldeasturias.com\\\/noticias\\\/mendez-de-vigo-anima-a-compartir-la-riqueza-cultural-de-espana-en-el-ano-europeo-del-patrimonio\\\/#listItem\",\"position\":3,\"name\":\"M\\u00e9ndez de Vigo anima a compartir la riqueza cultural de Espa\\u00f1a en el A\\u00f1o Europeo del Patrimonio\",\"previousItem\":{\"@type\":\"ListItem\",\"@id\":\"https:\\\/\\\/www.eldigitaldeasturias.com\\\/noticias\\\/category\\\/actualidad\\\/#listItem\",\"name\":\"Actualidad\"}}]},{\"@type\":\"Organization\",\"@id\":\"https:\\\/\\\/www.eldigitaldeasturias.com\\\/noticias\\\/#organization\",\"name\":\"El Digital de Asturias\",\"description\":\"Hemeroteca\",\"url\":\"https:\\\/\\\/www.eldigitaldeasturias.com\\\/noticias\\\/\",\"email\":\"info@eldigitaldeasturias.com\",\"telephone\":\"+34652131393\",\"logo\":{\"@type\":\"ImageObject\",\"url\":\"https:\\\/\\\/www.eldigitaldeasturias.com\\\/noticias\\\/wp-content\\\/uploads\\\/2020\\\/12\\\/EDA.jpg\",\"@id\":\"https:\\\/\\\/www.eldigitaldeasturias.com\\\/noticias\\\/mendez-de-vigo-anima-a-compartir-la-riqueza-cultural-de-espana-en-el-ano-europeo-del-patrimonio\\\/#organizationLogo\"},\"image\":{\"@id\":\"https:\\\/\\\/www.eldigitaldeasturias.com\\\/noticias\\\/mendez-de-vigo-anima-a-compartir-la-riqueza-cultural-de-espana-en-el-ano-europeo-del-patrimonio\\\/#organizationLogo\"},\"sameAs\":[\"https:\\\/\\\/facebook.com\\\/eldigitaldeasturias\",\"https:\\\/\\\/www.youtube.com\\\/channel\\\/UCZP-2wLEB9Rv6erhFmqVnvg\"],\"address\":{\"@id\":\"https:\\\/\\\/www.eldigitaldeasturias.com\\\/noticias\\\/#postaladdress\",\"@type\":\"PostalAddress\",\"streetAddress\":\"san antonio 4\",\"postalCode\":\"33430\",\"addressLocality\":\"Cand\\u00e1s\",\"addressRegion\":\"Asturias\",\"addressCountry\":\"ES\"}},{\"@type\":\"Person\",\"@id\":\"https:\\\/\\\/www.eldigitaldeasturias.com\\\/noticias\\\/author\\\/admin\\\/#author\",\"url\":\"https:\\\/\\\/www.eldigitaldeasturias.com\\\/noticias\\\/author\\\/admin\\\/\",\"name\":\"El Digital de Asturias\",\"image\":{\"@type\":\"ImageObject\",\"@id\":\"https:\\\/\\\/www.eldigitaldeasturias.com\\\/noticias\\\/mendez-de-vigo-anima-a-compartir-la-riqueza-cultural-de-espana-en-el-ano-europeo-del-patrimonio\\\/#authorImage\",\"url\":\"https:\\\/\\\/secure.gravatar.com\\\/avatar\\\/df2aeffc32bcd13f8d26072ef8a91b623d677766deac7f97ca815868cd41bf5e?s=96&d=mm&r=g\",\"width\":96,\"height\":96,\"caption\":\"El Digital de Asturias\"}},{\"@type\":\"WebPage\",\"@id\":\"https:\\\/\\\/www.eldigitaldeasturias.com\\\/noticias\\\/mendez-de-vigo-anima-a-compartir-la-riqueza-cultural-de-espana-en-el-ano-europeo-del-patrimonio\\\/#webpage\",\"url\":\"https:\\\/\\\/www.eldigitaldeasturias.com\\\/noticias\\\/mendez-de-vigo-anima-a-compartir-la-riqueza-cultural-de-espana-en-el-ano-europeo-del-patrimonio\\\/\",\"name\":\"M\\u00e9ndez de Vigo anima a compartir la riqueza cultural de Espa\\u00f1a en el A\\u00f1o Europeo del Patrimonio - El Digital de Asturias\",\"description\":\"El ministro de Educaci\\u00f3n, Cultura y Deporte, \\u00cd\\u00f1igo M\\u00e9ndez de Vigo, ha anunciado en el stand de Palencia en la Feria Internacional de Turismo FITUR que esa ciudad acoger\\u00e1 el pr\\u00f3ximo 13 de febrero la presentaci\\u00f3n de la programaci\\u00f3n con la que Espa\\u00f1a celebrar\\u00e1 el A\\u00f1o Europeo del Patrimonio. Esta presentaci\\u00f3n contar\\u00e1 con la presencia\",\"inLanguage\":\"es-ES\",\"isPartOf\":{\"@id\":\"https:\\\/\\\/www.eldigitaldeasturias.com\\\/noticias\\\/#website\"},\"breadcrumb\":{\"@id\":\"https:\\\/\\\/www.eldigitaldeasturias.com\\\/noticias\\\/mendez-de-vigo-anima-a-compartir-la-riqueza-cultural-de-espana-en-el-ano-europeo-del-patrimonio\\\/#breadcrumblist\"},\"author\":{\"@id\":\"https:\\\/\\\/www.eldigitaldeasturias.com\\\/noticias\\\/author\\\/admin\\\/#author\"},\"creator\":{\"@id\":\"https:\\\/\\\/www.eldigitaldeasturias.com\\\/noticias\\\/author\\\/admin\\\/#author\"},\"image\":{\"@type\":\"ImageObject\",\"url\":966459,\"@id\":\"https:\\\/\\\/www.eldigitaldeasturias.com\\\/noticias\\\/mendez-de-vigo-anima-a-compartir-la-riqueza-cultural-de-espana-en-el-ano-europeo-del-patrimonio\\\/#mainImage\"},\"primaryImageOfPage\":{\"@id\":\"https:\\\/\\\/www.eldigitaldeasturias.com\\\/noticias\\\/mendez-de-vigo-anima-a-compartir-la-riqueza-cultural-de-espana-en-el-ano-europeo-del-patrimonio\\\/#mainImage\"},\"datePublished\":\"2018-01-18T13:12:49+01:00\",\"dateModified\":\"2018-01-18T13:12:49+01:00\"},{\"@type\":\"WebSite\",\"@id\":\"https:\\\/\\\/www.eldigitaldeasturias.com\\\/noticias\\\/#website\",\"url\":\"https:\\\/\\\/www.eldigitaldeasturias.com\\\/noticias\\\/\",\"name\":\"El Digital de Asturias - Diario de actualidad y noticias\",\"alternateName\":\"El Digital de Asturias - Diario de actualidad y noticias\",\"description\":\"Hemeroteca\",\"inLanguage\":\"es-ES\",\"publisher\":{\"@id\":\"https:\\\/\\\/www.eldigitaldeasturias.com\\\/noticias\\\/#organization\"}}]}\n\t\t<\/script>\n\t\t<!-- All in One SEO Pro -->\r\n\t\t<title>M\u00e9ndez de Vigo anima a compartir la riqueza cultural de Espa\u00f1a en el A\u00f1o Europeo del Patrimonio - El Digital de Asturias<\/title>\n\n","aioseo_head_json":{"title":"M\u00e9ndez de Vigo anima a compartir la riqueza cultural de Espa\u00f1a en el A\u00f1o Europeo del Patrimonio - El Digital de Asturias","description":"El ministro de Educaci\u00f3n, Cultura y Deporte, \u00cd\u00f1igo M\u00e9ndez de Vigo, ha anunciado en el stand de Palencia en la Feria Internacional de Turismo FITUR que esa ciudad acoger\u00e1 el pr\u00f3ximo 13 de febrero la presentaci\u00f3n de la programaci\u00f3n con la que Espa\u00f1a celebrar\u00e1 el A\u00f1o Europeo del Patrimonio. Esta presentaci\u00f3n contar\u00e1 con la presencia","canonical_url":"https:\/\/www.eldigitaldeasturias.com\/noticias\/mendez-de-vigo-anima-a-compartir-la-riqueza-cultural-de-espana-en-el-ano-europeo-del-patrimonio\/","robots":"max-image-preview:large","keywords":"actualidad","webmasterTools":{"google-site-verification":"UA-38556648-1","msvalidate.01":"7dfe9f3f1b24437ab69f4f2559babe99","miscellaneous":""},"schema":{"@context":"https:\/\/schema.org","@graph":[{"@type":"BlogPosting","@id":"https:\/\/www.eldigitaldeasturias.com\/noticias\/mendez-de-vigo-anima-a-compartir-la-riqueza-cultural-de-espana-en-el-ano-europeo-del-patrimonio\/#blogposting","name":"M\u00e9ndez de Vigo anima a compartir la riqueza cultural de Espa\u00f1a en el A\u00f1o Europeo del Patrimonio - El Digital de Asturias","headline":"M\u00e9ndez de Vigo anima a compartir la riqueza cultural de Espa\u00f1a en el A\u00f1o Europeo del Patrimonio","author":{"@id":"https:\/\/www.eldigitaldeasturias.com\/noticias\/author\/admin\/#author"},"publisher":{"@id":"https:\/\/www.eldigitaldeasturias.com\/noticias\/#organization"},"image":{"@type":"ImageObject","url":966459},"datePublished":"2018-01-18T13:12:49+01:00","dateModified":"2018-01-18T13:12:49+01:00","inLanguage":"es-ES","mainEntityOfPage":{"@id":"https:\/\/www.eldigitaldeasturias.com\/noticias\/mendez-de-vigo-anima-a-compartir-la-riqueza-cultural-de-espana-en-el-ano-europeo-del-patrimonio\/#webpage"},"isPartOf":{"@id":"https:\/\/www.eldigitaldeasturias.com\/noticias\/mendez-de-vigo-anima-a-compartir-la-riqueza-cultural-de-espana-en-el-ano-europeo-del-patrimonio\/#webpage"},"articleSection":"Actualidad"},{"@type":"BreadcrumbList","@id":"https:\/\/www.eldigitaldeasturias.com\/noticias\/mendez-de-vigo-anima-a-compartir-la-riqueza-cultural-de-espana-en-el-ano-europeo-del-patrimonio\/#breadcrumblist","itemListElement":[{"@type":"ListItem","@id":"https:\/\/www.eldigitaldeasturias.com\/noticias#listItem","position":1,"name":"Home","item":"https:\/\/www.eldigitaldeasturias.com\/noticias","nextItem":{"@type":"ListItem","@id":"https:\/\/www.eldigitaldeasturias.com\/noticias\/category\/actualidad\/#listItem","name":"Actualidad"}},{"@type":"ListItem","@id":"https:\/\/www.eldigitaldeasturias.com\/noticias\/category\/actualidad\/#listItem","position":2,"name":"Actualidad","item":"https:\/\/www.eldigitaldeasturias.com\/noticias\/category\/actualidad\/","nextItem":{"@type":"ListItem","@id":"https:\/\/www.eldigitaldeasturias.com\/noticias\/mendez-de-vigo-anima-a-compartir-la-riqueza-cultural-de-espana-en-el-ano-europeo-del-patrimonio\/#listItem","name":"M\u00e9ndez de Vigo anima a compartir la riqueza cultural de Espa\u00f1a en el A\u00f1o Europeo del Patrimonio"},"previousItem":{"@type":"ListItem","@id":"https:\/\/www.eldigitaldeasturias.com\/noticias#listItem","name":"Home"}},{"@type":"ListItem","@id":"https:\/\/www.eldigitaldeasturias.com\/noticias\/mendez-de-vigo-anima-a-compartir-la-riqueza-cultural-de-espana-en-el-ano-europeo-del-patrimonio\/#listItem","position":3,"name":"M\u00e9ndez de Vigo anima a compartir la riqueza cultural de Espa\u00f1a en el A\u00f1o Europeo del Patrimonio","previousItem":{"@type":"ListItem","@id":"https:\/\/www.eldigitaldeasturias.com\/noticias\/category\/actualidad\/#listItem","name":"Actualidad"}}]},{"@type":"Organization","@id":"https:\/\/www.eldigitaldeasturias.com\/noticias\/#organization","name":"El Digital de Asturias","description":"Hemeroteca","url":"https:\/\/www.eldigitaldeasturias.com\/noticias\/","email":"info@eldigitaldeasturias.com","telephone":"+34652131393","logo":{"@type":"ImageObject","url":"https:\/\/www.eldigitaldeasturias.com\/noticias\/wp-content\/uploads\/2020\/12\/EDA.jpg","@id":"https:\/\/www.eldigitaldeasturias.com\/noticias\/mendez-de-vigo-anima-a-compartir-la-riqueza-cultural-de-espana-en-el-ano-europeo-del-patrimonio\/#organizationLogo"},"image":{"@id":"https:\/\/www.eldigitaldeasturias.com\/noticias\/mendez-de-vigo-anima-a-compartir-la-riqueza-cultural-de-espana-en-el-ano-europeo-del-patrimonio\/#organizationLogo"},"sameAs":["https:\/\/facebook.com\/eldigitaldeasturias","https:\/\/www.youtube.com\/channel\/UCZP-2wLEB9Rv6erhFmqVnvg"],"address":{"@id":"https:\/\/www.eldigitaldeasturias.com\/noticias\/#postaladdress","@type":"PostalAddress","streetAddress":"san antonio 4","postalCode":"33430","addressLocality":"Cand\u00e1s","addressRegion":"Asturias","addressCountry":"ES"}},{"@type":"Person","@id":"https:\/\/www.eldigitaldeasturias.com\/noticias\/author\/admin\/#author","url":"https:\/\/www.eldigitaldeasturias.com\/noticias\/author\/admin\/","name":"El Digital de Asturias","image":{"@type":"ImageObject","@id":"https:\/\/www.eldigitaldeasturias.com\/noticias\/mendez-de-vigo-anima-a-compartir-la-riqueza-cultural-de-espana-en-el-ano-europeo-del-patrimonio\/#authorImage","url":"https:\/\/secure.gravatar.com\/avatar\/df2aeffc32bcd13f8d26072ef8a91b623d677766deac7f97ca815868cd41bf5e?s=96&d=mm&r=g","width":96,"height":96,"caption":"El Digital de Asturias"}},{"@type":"WebPage","@id":"https:\/\/www.eldigitaldeasturias.com\/noticias\/mendez-de-vigo-anima-a-compartir-la-riqueza-cultural-de-espana-en-el-ano-europeo-del-patrimonio\/#webpage","url":"https:\/\/www.eldigitaldeasturias.com\/noticias\/mendez-de-vigo-anima-a-compartir-la-riqueza-cultural-de-espana-en-el-ano-europeo-del-patrimonio\/","name":"M\u00e9ndez de Vigo anima a compartir la riqueza cultural de Espa\u00f1a en el A\u00f1o Europeo del Patrimonio - El Digital de Asturias","description":"El ministro de Educaci\u00f3n, Cultura y Deporte, \u00cd\u00f1igo M\u00e9ndez de Vigo, ha anunciado en el stand de Palencia en la Feria Internacional de Turismo FITUR que esa ciudad acoger\u00e1 el pr\u00f3ximo 13 de febrero la presentaci\u00f3n de la programaci\u00f3n con la que Espa\u00f1a celebrar\u00e1 el A\u00f1o Europeo del Patrimonio. Esta presentaci\u00f3n contar\u00e1 con la presencia","inLanguage":"es-ES","isPartOf":{"@id":"https:\/\/www.eldigitaldeasturias.com\/noticias\/#website"},"breadcrumb":{"@id":"https:\/\/www.eldigitaldeasturias.com\/noticias\/mendez-de-vigo-anima-a-compartir-la-riqueza-cultural-de-espana-en-el-ano-europeo-del-patrimonio\/#breadcrumblist"},"author":{"@id":"https:\/\/www.eldigitaldeasturias.com\/noticias\/author\/admin\/#author"},"creator":{"@id":"https:\/\/www.eldigitaldeasturias.com\/noticias\/author\/admin\/#author"},"image":{"@type":"ImageObject","url":966459,"@id":"https:\/\/www.eldigitaldeasturias.com\/noticias\/mendez-de-vigo-anima-a-compartir-la-riqueza-cultural-de-espana-en-el-ano-europeo-del-patrimonio\/#mainImage"},"primaryImageOfPage":{"@id":"https:\/\/www.eldigitaldeasturias.com\/noticias\/mendez-de-vigo-anima-a-compartir-la-riqueza-cultural-de-espana-en-el-ano-europeo-del-patrimonio\/#mainImage"},"datePublished":"2018-01-18T13:12:49+01:00","dateModified":"2018-01-18T13:12:49+01:00"},{"@type":"WebSite","@id":"https:\/\/www.eldigitaldeasturias.com\/noticias\/#website","url":"https:\/\/www.eldigitaldeasturias.com\/noticias\/","name":"El Digital de Asturias - Diario de actualidad y noticias","alternateName":"El Digital de Asturias - Diario de actualidad y noticias","description":"Hemeroteca","inLanguage":"es-ES","publisher":{"@id":"https:\/\/www.eldigitaldeasturias.com\/noticias\/#organization"}}]},"og:locale":"es_ES","og:site_name":"El Digital de Asturias","og:type":"article","og:title":"M\u00e9ndez de Vigo anima a compartir la riqueza cultural de Espa\u00f1a en el A\u00f1o Europeo del Patrimonio - El Digital de Asturias","og:description":"El ministro de Educaci\u00f3n, Cultura y Deporte, \u00cd\u00f1igo M\u00e9ndez de Vigo, ha anunciado en el stand de Palencia en la Feria Internacional de Turismo FITUR que esa ciudad acoger\u00e1 el pr\u00f3ximo 13 de febrero la presentaci\u00f3n de la programaci\u00f3n con la que Espa\u00f1a celebrar\u00e1 el A\u00f1o Europeo del Patrimonio. Esta presentaci\u00f3n contar\u00e1 con la presencia","og:url":"https:\/\/www.eldigitaldeasturias.com\/noticias\/mendez-de-vigo-anima-a-compartir-la-riqueza-cultural-de-espana-en-el-ano-europeo-del-patrimonio\/","article:tag":["actualidad"],"article:published_time":"2018-01-18T13:12:49+00:00","article:modified_time":"2018-01-18T13:12:49+00:00","article:publisher":"https:\/\/facebook.com\/eldigitaldeasturias","twitter:card":"summary_large_image","twitter:title":"M\u00e9ndez de Vigo anima a compartir la riqueza cultural de Espa\u00f1a en el A\u00f1o Europeo del Patrimonio - El Digital de Asturias","twitter:description":"El ministro de Educaci\u00f3n, Cultura y Deporte, \u00cd\u00f1igo M\u00e9ndez de Vigo, ha anunciado en el stand de Palencia en la Feria Internacional de Turismo FITUR que esa ciudad acoger\u00e1 el pr\u00f3ximo 13 de febrero la presentaci\u00f3n de la programaci\u00f3n con la que Espa\u00f1a celebrar\u00e1 el A\u00f1o Europeo del Patrimonio. Esta presentaci\u00f3n contar\u00e1 con la presencia","twitter:image":"https:\/\/www.eldigitaldeasturias.com\/noticias\/wp-content\/uploads\/2020\/12\/EDA-1.jpg","twitter:label1":"Escrito por","twitter:data1":"El Digital de Asturias","twitter:label2":"Tiempo de lectura estimado","twitter:data2":"2 minutos"},"aioseo_meta_data":{"post_id":"966458","title":null,"description":null,"keywords":null,"keyphrases":null,"primary_term":null,"canonical_url":null,"og_title":null,"og_description":null,"og_object_type":"default","og_image_type":"default","og_image_url":null,"og_image_width":null,"og_image_height":null,"og_image_custom_url":null,"og_image_custom_fields":null,"og_video":null,"og_custom_url":null,"og_article_section":null,"og_article_tags":null,"twitter_use_og":false,"twitter_card":"default","twitter_image_type":"default","twitter_image_url":null,"twitter_image_custom_url":null,"twitter_image_custom_fields":null,"twitter_title":null,"twitter_description":null,"schema":{"blockGraphs":[],"customGraphs":[],"default":{"data":{"Article":[],"Course":[],"Dataset":[],"FAQPage":[],"Movie":[],"Person":[],"Product":[],"ProductReview":[],"Car":[],"Recipe":[],"Service":[],"SoftwareApplication":[],"WebPage":[]},"graphName":"","isEnabled":true},"graphs":[],"defaultGraph":"","defaultPostTypeGraph":""},"schema_type":null,"schema_type_options":null,"pillar_content":false,"robots_default":true,"robots_noindex":false,"robots_noarchive":false,"robots_nosnippet":false,"robots_nofollow":false,"robots_noimageindex":false,"robots_noodp":false,"robots_notranslate":false,"robots_max_snippet":null,"robots_max_videopreview":null,"robots_max_imagepreview":"large","priority":null,"frequency":null,"local_seo":null,"seo_analyzer_scan_date":"2025-10-06 15:36:10","breadcrumb_settings":null,"limit_modified_date":false,"open_ai":null,"ai":null,"created":"2020-12-21 12:35:36","updated":"2025-10-06 15:36:10","focus_keyword":null,"additional_keywords":null,"truseo_locale":null},"aioseo_breadcrumb":"<div class=\"aioseo-breadcrumbs\"><span class=\"aioseo-breadcrumb\">\n\t<a href=\"https:\/\/www.eldigitaldeasturias.com\/noticias\" title=\"Home\">Home<\/a>\n<\/span><span class=\"aioseo-breadcrumb-separator\">\u2013<\/span><span class=\"aioseo-breadcrumb\">\n\t<a href=\"https:\/\/www.eldigitaldeasturias.com\/noticias\/category\/actualidad\/\" title=\"Actualidad\">Actualidad<\/a>\n<\/span><span class=\"aioseo-breadcrumb-separator\">\u2013<\/span><span class=\"aioseo-breadcrumb\">\n\t<a href=\"https:\/\/www.eldigitaldeasturias.com\/noticias\/mendez-de-vigo-anima-a-compartir-la-riqueza-cultural-de-espana-en-el-ano-europeo-del-patrimonio\/\" title=\"M\u00e9ndez de Vigo anima a compartir la riqueza cultural de Espa\u00f1a en el A\u00f1o Europeo del Patrimonio\">M\u00e9ndez de Vigo anima a compartir la riqueza cultural de Espa\u00f1a en el A\u00f1o Europeo del Patrimonio<\/a>\n<\/span><\/div>","aioseo_breadcrumb_json":[{"label":"Home","link":"https:\/\/www.eldigitaldeasturias.com\/noticias"},{"label":"Actualidad","link":"https:\/\/www.eldigitaldeasturias.com\/noticias\/category\/actualidad\/"},{"label":"M\u00e9ndez de Vigo anima a compartir la riqueza cultural de Espa\u00f1a en el A\u00f1o Europeo del Patrimonio","link":"https:\/\/www.eldigitaldeasturias.com\/noticias\/mendez-de-vigo-anima-a-compartir-la-riqueza-cultural-de-espana-en-el-ano-europeo-del-patrimonio\/"}],"_links":{"self":[{"href":"https:\/\/www.eldigitaldeasturias.com\/noticias\/wp-json\/wp\/v2\/posts\/966458","targetHints":{"allow":["GET"]}}],"collection":[{"href":"https:\/\/www.eldigitaldeasturias.com\/noticias\/wp-json\/wp\/v2\/posts"}],"about":[{"href":"https:\/\/www.eldigitaldeasturias.com\/noticias\/wp-json\/wp\/v2\/types\/post"}],"author":[{"embeddable":true,"href":"https:\/\/www.eldigitaldeasturias.com\/noticias\/wp-json\/wp\/v2\/users\/1"}],"replies":[{"embeddable":true,"href":"https:\/\/www.eldigitaldeasturias.com\/noticias\/wp-json\/wp\/v2\/comments?post=966458"}],"version-history":[{"count":0,"href":"https:\/\/www.eldigitaldeasturias.com\/noticias\/wp-json\/wp\/v2\/posts\/966458\/revisions"}],"wp:attachment":[{"href":"https:\/\/www.eldigitaldeasturias.com\/noticias\/wp-json\/wp\/v2\/media?parent=966458"}],"wp:term":[{"taxonomy":"category","embeddable":true,"href":"https:\/\/www.eldigitaldeasturias.com\/noticias\/wp-json\/wp\/v2\/categories?post=966458"},{"taxonomy":"post_tag","embeddable":true,"href":"https:\/\/www.eldigitaldeasturias.com\/noticias\/wp-json\/wp\/v2\/tags?post=966458"}],"curies":[{"name":"wp","href":"https:\/\/api.w.org\/{rel}","templated":true}]}}