{"id":966431,"date":"2018-01-18T11:30:39","date_gmt":"2018-01-18T11:30:39","guid":{"rendered":"http:\/\/www.eldigitaldeasturias.com\/noticias\/?p=966431"},"modified":"2018-01-18T11:30:39","modified_gmt":"2018-01-18T11:30:39","slug":"susana-diaz-solicita-la-convocatoria-del-pacto-de-toledo","status":"publish","type":"post","link":"https:\/\/www.eldigitaldeasturias.com\/noticias\/susana-diaz-solicita-la-convocatoria-del-pacto-de-toledo\/","title":{"rendered":"Susana D\u00edaz solicita la convocatoria del Pacto de Toledo"},"content":{"rendered":"<p><img loading=\"lazy\" decoding=\"async\" class=\"alignleft size-medium wp-image-952192\" src=\"https:\/\/www.eldigitaldeasturias.com\/noticias\/wp-content\/uploads\/2017\/09\/Susana-360x221.jpg\" alt=\"\" width=\"360\" height=\"221\" \/>La presidenta de la Junta, Susana D\u00edaz, ha urgido al Gobierno central la convocatoria del Pacto de Toledo para debatir sobre las medidas necesarias para la sostenibilidad del sistema de pensiones, un objetivo, ha dicho, \u00abque pasa por aumentar los salarios y mejorar las condiciones de los trabajadores\u00bb. Desde la Feria Internacional de Turismo (Fitur 2018), donde ha asistido a la inauguraci\u00f3n del Pabell\u00f3n de Andaluc\u00eda, D\u00edaz ha lamentado los \u00faltimos \u00abglobos sonda\u00bb lanzados por la ministra de Empleo y Seguridad Social, F\u00e1tima B\u00e1\u00f1ez, en relaci\u00f3n a los nuevos c\u00e1lculos de las pensiones. \u00abNo me parece serio\u00bb, ha dicho.<\/p>\n<p>La presidenta andaluza ha advertido que el Ejecutivo de Mariano Rajoy se ha dedicado los \u00faltimos cinco a\u00f1os a \u00abesquilmar\u00bb y \u00abusar con despilfarro\u00bb la caja de la Seguridad Social, haciendo \u00abpr\u00e1cticamente inviables\u00bb los dos objetivos con los que naci\u00f3 el Pacto de Toledo, la solidaridad interterritorial e integeneracional. Para D\u00edaz, \u00abdebatiendo con generosidad y demostrando a los espa\u00f1oles que la pol\u00edtica es la soluci\u00f3n a sus problemas y no el tap\u00f3n que no permite que estos se resuelvan\u00bb.<\/p>\n<p>A su juicio, frente a la actitud del Gobierno de Rajoy, que \u00abno solo est\u00e1 enfrentando territorios sino a j\u00f3venes que tienen dificultades para acceder a un empleo\u00bb, hay que actuar con responsabilidad. \u00abNo creo que tengamos que seguir escuchando globos sonda en los medios de comunicaci\u00f3n; cuando el Pacto de Toledo se firma en 1995 se hace por dos cosas, por compromiso y por responsabilidad con las futuras generaciones, por compromiso con el modelo de pensiones y con responsabilidad de hacerlo sostenible en el futuro\u00bb, ha remarcado.<\/p>\n<p><strong>Nuevo modelo financiaci\u00f3n<\/strong><\/p>\n<p>Preguntada sobre financiaci\u00f3n auton\u00f3mica, Susana D\u00edaz ha lamentado que Mariano Rajoy \u00abhaya pasado un a\u00f1o en blanco\u00bb e incumplido su palabra de presentar un nuevo modelo, tal y como se acord\u00f3 en la \u00faltima Conferencia de Presidentes, justo ahora, cuando se cumple el primer aniversario de la cita. \u00abQuiero que cada uno cumpla su palabra, que hace un a\u00f1o, aquel 17 de enero fijamos\u00bb, ha recordado la presidenta.<\/p>\n<p>D\u00edaz ha insistido en que el tema se debe resolver, de una vez por todas, por el inter\u00e9s de la ciudadan\u00eda. El objetivo es analizar, ha dicho, \u00abc\u00f3mo garantizamos una financiaci\u00f3n justa y adecuada para que haya igualdad en todos los territorios de Espa\u00f1a\u00bb y ah\u00ed, ha a\u00f1adido, \u00abnos tenemos que entender todos, tengamos la afiliaci\u00f3n pol\u00edtica que tengamos\u00bb. Seg\u00fan la presidenta, el Gobierno central debe abandonar \u00ablas excusas\u00bb y constituir, a la mayor brevedad, el Consejo de Pol\u00edtica Fiscal y Financiera para presentar el nuevo sistema \u00abque los ciudadanos necesitan y que seamos capaces de llegar a un acuerdo\u00bb.<\/p>\n","protected":false},"excerpt":{"rendered":"<p>La presidenta de la Junta, Susana D\u00edaz, ha urgido al Gobierno central la convocatoria del Pacto de Toledo para debatir sobre las medidas necesarias para la sostenibilidad del sistema de pensiones, un objetivo, ha dicho, \u00abque pasa por aumentar los salarios y mejorar las condiciones de los trabajadores\u00bb. Desde la Feria Internacional de Turismo (Fitur [&hellip;]<\/p>\n","protected":false},"author":1,"featured_media":952192,"comment_status":"closed","ping_status":"closed","sticky":false,"template":"","format":"standard","meta":{"footnotes":""},"categories":[1],"tags":[],"class_list":["post-966431","post","type-post","status-publish","format-standard","has-post-thumbnail","hentry","category-actualidad"],"aioseo_notices":[],"aioseo_head":"\n\t\t<!-- All in One SEO Pro 5.0.1 - aioseo.com -->\n\t<meta name=\"description\" content=\"La presidenta de la Junta, Susana D\u00edaz, ha urgido al Gobierno central la convocatoria del Pacto de Toledo para debatir sobre las medidas necesarias para la sostenibilidad del sistema de pensiones, un objetivo, ha dicho, &quot;que pasa por aumentar los salarios y mejorar las condiciones de los trabajadores&quot;. Desde la Feria Internacional de Turismo (Fitur\" \/>\n\t<meta name=\"robots\" content=\"max-image-preview:large\" \/>\n\t<meta name=\"author\" content=\"El Digital de Asturias\"\/>\n\t<meta name=\"google-site-verification\" content=\"UA-38556648-1\" \/>\n\t<meta name=\"msvalidate.01\" content=\"7dfe9f3f1b24437ab69f4f2559babe99\" \/>\n\t<meta name=\"keywords\" content=\"actualidad\" \/>\n\t<link rel=\"canonical\" href=\"https:\/\/www.eldigitaldeasturias.com\/noticias\/susana-diaz-solicita-la-convocatoria-del-pacto-de-toledo\/\" \/>\n\t<meta name=\"generator\" content=\"All in One SEO Pro (AIOSEO) 5.0.1\" \/>\n\t\t<meta property=\"og:locale\" content=\"es_ES\" \/>\n\t\t<meta property=\"og:site_name\" content=\"El Digital de Asturias\" \/>\n\t\t<meta property=\"og:type\" content=\"article\" \/>\n\t\t<meta property=\"og:title\" content=\"Susana D\u00edaz solicita la convocatoria del Pacto de Toledo - El Digital de Asturias\" \/>\n\t\t<meta property=\"og:description\" content=\"La presidenta de la Junta, Susana D\u00edaz, ha urgido al Gobierno central la convocatoria del Pacto de Toledo para debatir sobre las medidas necesarias para la sostenibilidad del sistema de pensiones, un objetivo, ha dicho, &quot;que pasa por aumentar los salarios y mejorar las condiciones de los trabajadores&quot;. Desde la Feria Internacional de Turismo (Fitur\" \/>\n\t\t<meta property=\"og:url\" content=\"https:\/\/www.eldigitaldeasturias.com\/noticias\/susana-diaz-solicita-la-convocatoria-del-pacto-de-toledo\/\" \/>\n\t\t<meta property=\"article:tag\" content=\"actualidad\" \/>\n\t\t<meta property=\"article:published_time\" content=\"2018-01-18T11:30:39+00:00\" \/>\n\t\t<meta property=\"article:modified_time\" content=\"2018-01-18T11:30:39+00:00\" \/>\n\t\t<meta property=\"article:publisher\" content=\"https:\/\/facebook.com\/eldigitaldeasturias\" \/>\n\t\t<meta name=\"twitter:card\" content=\"summary_large_image\" \/>\n\t\t<meta name=\"twitter:title\" content=\"Susana D\u00edaz solicita la convocatoria del Pacto de Toledo - El Digital de Asturias\" \/>\n\t\t<meta name=\"twitter:description\" content=\"La presidenta de la Junta, Susana D\u00edaz, ha urgido al Gobierno central la convocatoria del Pacto de Toledo para debatir sobre las medidas necesarias para la sostenibilidad del sistema de pensiones, un objetivo, ha dicho, &quot;que pasa por aumentar los salarios y mejorar las condiciones de los trabajadores&quot;. Desde la Feria Internacional de Turismo (Fitur\" \/>\n\t\t<meta name=\"twitter:image\" content=\"https:\/\/www.eldigitaldeasturias.com\/noticias\/wp-content\/uploads\/2020\/12\/EDA-1.jpg\" \/>\n\t\t<meta name=\"twitter:label1\" content=\"Escrito por\" \/>\n\t\t<meta name=\"twitter:data1\" content=\"El Digital de Asturias\" \/>\n\t\t<meta name=\"twitter:label2\" content=\"Tiempo de lectura estimado\" \/>\n\t\t<meta name=\"twitter:data2\" content=\"2 minutos\" \/>\n\t\t<script type=\"application\/ld+json\" class=\"aioseo-schema\">\n\t\t\t{\"@context\":\"https:\\\/\\\/schema.org\",\"@graph\":[{\"@type\":\"BlogPosting\",\"@id\":\"https:\\\/\\\/www.eldigitaldeasturias.com\\\/noticias\\\/susana-diaz-solicita-la-convocatoria-del-pacto-de-toledo\\\/#blogposting\",\"name\":\"Susana D\\u00edaz solicita la convocatoria del Pacto de Toledo - El Digital de Asturias\",\"headline\":\"Susana D\\u00edaz solicita la convocatoria del Pacto de Toledo\",\"author\":{\"@id\":\"https:\\\/\\\/www.eldigitaldeasturias.com\\\/noticias\\\/author\\\/admin\\\/#author\"},\"publisher\":{\"@id\":\"https:\\\/\\\/www.eldigitaldeasturias.com\\\/noticias\\\/#organization\"},\"image\":{\"@type\":\"ImageObject\",\"url\":952192},\"datePublished\":\"2018-01-18T11:30:39+01:00\",\"dateModified\":\"2018-01-18T11:30:39+01:00\",\"inLanguage\":\"es-ES\",\"mainEntityOfPage\":{\"@id\":\"https:\\\/\\\/www.eldigitaldeasturias.com\\\/noticias\\\/susana-diaz-solicita-la-convocatoria-del-pacto-de-toledo\\\/#webpage\"},\"isPartOf\":{\"@id\":\"https:\\\/\\\/www.eldigitaldeasturias.com\\\/noticias\\\/susana-diaz-solicita-la-convocatoria-del-pacto-de-toledo\\\/#webpage\"},\"articleSection\":\"Actualidad\"},{\"@type\":\"BreadcrumbList\",\"@id\":\"https:\\\/\\\/www.eldigitaldeasturias.com\\\/noticias\\\/susana-diaz-solicita-la-convocatoria-del-pacto-de-toledo\\\/#breadcrumblist\",\"itemListElement\":[{\"@type\":\"ListItem\",\"@id\":\"https:\\\/\\\/www.eldigitaldeasturias.com\\\/noticias#listItem\",\"position\":1,\"name\":\"Home\",\"item\":\"https:\\\/\\\/www.eldigitaldeasturias.com\\\/noticias\",\"nextItem\":{\"@type\":\"ListItem\",\"@id\":\"https:\\\/\\\/www.eldigitaldeasturias.com\\\/noticias\\\/category\\\/actualidad\\\/#listItem\",\"name\":\"Actualidad\"}},{\"@type\":\"ListItem\",\"@id\":\"https:\\\/\\\/www.eldigitaldeasturias.com\\\/noticias\\\/category\\\/actualidad\\\/#listItem\",\"position\":2,\"name\":\"Actualidad\",\"item\":\"https:\\\/\\\/www.eldigitaldeasturias.com\\\/noticias\\\/category\\\/actualidad\\\/\",\"nextItem\":{\"@type\":\"ListItem\",\"@id\":\"https:\\\/\\\/www.eldigitaldeasturias.com\\\/noticias\\\/susana-diaz-solicita-la-convocatoria-del-pacto-de-toledo\\\/#listItem\",\"name\":\"Susana D\\u00edaz solicita la convocatoria del Pacto de Toledo\"},\"previousItem\":{\"@type\":\"ListItem\",\"@id\":\"https:\\\/\\\/www.eldigitaldeasturias.com\\\/noticias#listItem\",\"name\":\"Home\"}},{\"@type\":\"ListItem\",\"@id\":\"https:\\\/\\\/www.eldigitaldeasturias.com\\\/noticias\\\/susana-diaz-solicita-la-convocatoria-del-pacto-de-toledo\\\/#listItem\",\"position\":3,\"name\":\"Susana D\\u00edaz solicita la convocatoria del Pacto de Toledo\",\"previousItem\":{\"@type\":\"ListItem\",\"@id\":\"https:\\\/\\\/www.eldigitaldeasturias.com\\\/noticias\\\/category\\\/actualidad\\\/#listItem\",\"name\":\"Actualidad\"}}]},{\"@type\":\"Organization\",\"@id\":\"https:\\\/\\\/www.eldigitaldeasturias.com\\\/noticias\\\/#organization\",\"name\":\"El Digital de Asturias\",\"description\":\"Hemeroteca\",\"url\":\"https:\\\/\\\/www.eldigitaldeasturias.com\\\/noticias\\\/\",\"email\":\"info@eldigitaldeasturias.com\",\"telephone\":\"+34652131393\",\"logo\":{\"@type\":\"ImageObject\",\"url\":\"https:\\\/\\\/www.eldigitaldeasturias.com\\\/noticias\\\/wp-content\\\/uploads\\\/2020\\\/12\\\/EDA.jpg\",\"@id\":\"https:\\\/\\\/www.eldigitaldeasturias.com\\\/noticias\\\/susana-diaz-solicita-la-convocatoria-del-pacto-de-toledo\\\/#organizationLogo\"},\"image\":{\"@id\":\"https:\\\/\\\/www.eldigitaldeasturias.com\\\/noticias\\\/susana-diaz-solicita-la-convocatoria-del-pacto-de-toledo\\\/#organizationLogo\"},\"sameAs\":[\"https:\\\/\\\/facebook.com\\\/eldigitaldeasturias\",\"https:\\\/\\\/www.youtube.com\\\/channel\\\/UCZP-2wLEB9Rv6erhFmqVnvg\"],\"address\":{\"@id\":\"https:\\\/\\\/www.eldigitaldeasturias.com\\\/noticias\\\/#postaladdress\",\"@type\":\"PostalAddress\",\"streetAddress\":\"san antonio 4\",\"postalCode\":\"33430\",\"addressLocality\":\"Cand\\u00e1s\",\"addressRegion\":\"Asturias\",\"addressCountry\":\"ES\"}},{\"@type\":\"Person\",\"@id\":\"https:\\\/\\\/www.eldigitaldeasturias.com\\\/noticias\\\/author\\\/admin\\\/#author\",\"url\":\"https:\\\/\\\/www.eldigitaldeasturias.com\\\/noticias\\\/author\\\/admin\\\/\",\"name\":\"El Digital de Asturias\",\"image\":{\"@type\":\"ImageObject\",\"@id\":\"https:\\\/\\\/www.eldigitaldeasturias.com\\\/noticias\\\/susana-diaz-solicita-la-convocatoria-del-pacto-de-toledo\\\/#authorImage\",\"url\":\"https:\\\/\\\/secure.gravatar.com\\\/avatar\\\/df2aeffc32bcd13f8d26072ef8a91b623d677766deac7f97ca815868cd41bf5e?s=96&d=mm&r=g\",\"width\":96,\"height\":96,\"caption\":\"El Digital de Asturias\"}},{\"@type\":\"WebPage\",\"@id\":\"https:\\\/\\\/www.eldigitaldeasturias.com\\\/noticias\\\/susana-diaz-solicita-la-convocatoria-del-pacto-de-toledo\\\/#webpage\",\"url\":\"https:\\\/\\\/www.eldigitaldeasturias.com\\\/noticias\\\/susana-diaz-solicita-la-convocatoria-del-pacto-de-toledo\\\/\",\"name\":\"Susana D\\u00edaz solicita la convocatoria del Pacto de Toledo - El Digital de Asturias\",\"description\":\"La presidenta de la Junta, Susana D\\u00edaz, ha urgido al Gobierno central la convocatoria del Pacto de Toledo para debatir sobre las medidas necesarias para la sostenibilidad del sistema de pensiones, un objetivo, ha dicho, \\\"que pasa por aumentar los salarios y mejorar las condiciones de los trabajadores\\\". Desde la Feria Internacional de Turismo (Fitur\",\"inLanguage\":\"es-ES\",\"isPartOf\":{\"@id\":\"https:\\\/\\\/www.eldigitaldeasturias.com\\\/noticias\\\/#website\"},\"breadcrumb\":{\"@id\":\"https:\\\/\\\/www.eldigitaldeasturias.com\\\/noticias\\\/susana-diaz-solicita-la-convocatoria-del-pacto-de-toledo\\\/#breadcrumblist\"},\"author\":{\"@id\":\"https:\\\/\\\/www.eldigitaldeasturias.com\\\/noticias\\\/author\\\/admin\\\/#author\"},\"creator\":{\"@id\":\"https:\\\/\\\/www.eldigitaldeasturias.com\\\/noticias\\\/author\\\/admin\\\/#author\"},\"image\":{\"@type\":\"ImageObject\",\"url\":952192,\"@id\":\"https:\\\/\\\/www.eldigitaldeasturias.com\\\/noticias\\\/susana-diaz-solicita-la-convocatoria-del-pacto-de-toledo\\\/#mainImage\"},\"primaryImageOfPage\":{\"@id\":\"https:\\\/\\\/www.eldigitaldeasturias.com\\\/noticias\\\/susana-diaz-solicita-la-convocatoria-del-pacto-de-toledo\\\/#mainImage\"},\"datePublished\":\"2018-01-18T11:30:39+01:00\",\"dateModified\":\"2018-01-18T11:30:39+01:00\"},{\"@type\":\"WebSite\",\"@id\":\"https:\\\/\\\/www.eldigitaldeasturias.com\\\/noticias\\\/#website\",\"url\":\"https:\\\/\\\/www.eldigitaldeasturias.com\\\/noticias\\\/\",\"name\":\"El Digital de Asturias - Diario de actualidad y noticias\",\"alternateName\":\"El Digital de Asturias - Diario de actualidad y noticias\",\"description\":\"Hemeroteca\",\"inLanguage\":\"es-ES\",\"publisher\":{\"@id\":\"https:\\\/\\\/www.eldigitaldeasturias.com\\\/noticias\\\/#organization\"}}]}\n\t\t<\/script>\n\t\t<!-- All in One SEO Pro -->\r\n\t\t<title>Susana D\u00edaz solicita la convocatoria del Pacto de Toledo - El Digital de Asturias<\/title>\n\n","aioseo_head_json":{"title":"Susana D\u00edaz solicita la convocatoria del Pacto de Toledo - El Digital de Asturias","description":"La presidenta de la Junta, Susana D\u00edaz, ha urgido al Gobierno central la convocatoria del Pacto de Toledo para debatir sobre las medidas necesarias para la sostenibilidad del sistema de pensiones, un objetivo, ha dicho, \"que pasa por aumentar los salarios y mejorar las condiciones de los trabajadores\". Desde la Feria Internacional de Turismo (Fitur","canonical_url":"https:\/\/www.eldigitaldeasturias.com\/noticias\/susana-diaz-solicita-la-convocatoria-del-pacto-de-toledo\/","robots":"max-image-preview:large","keywords":"actualidad","webmasterTools":{"google-site-verification":"UA-38556648-1","msvalidate.01":"7dfe9f3f1b24437ab69f4f2559babe99","miscellaneous":""},"schema":{"@context":"https:\/\/schema.org","@graph":[{"@type":"BlogPosting","@id":"https:\/\/www.eldigitaldeasturias.com\/noticias\/susana-diaz-solicita-la-convocatoria-del-pacto-de-toledo\/#blogposting","name":"Susana D\u00edaz solicita la convocatoria del Pacto de Toledo - El Digital de Asturias","headline":"Susana D\u00edaz solicita la convocatoria del Pacto de Toledo","author":{"@id":"https:\/\/www.eldigitaldeasturias.com\/noticias\/author\/admin\/#author"},"publisher":{"@id":"https:\/\/www.eldigitaldeasturias.com\/noticias\/#organization"},"image":{"@type":"ImageObject","url":952192},"datePublished":"2018-01-18T11:30:39+01:00","dateModified":"2018-01-18T11:30:39+01:00","inLanguage":"es-ES","mainEntityOfPage":{"@id":"https:\/\/www.eldigitaldeasturias.com\/noticias\/susana-diaz-solicita-la-convocatoria-del-pacto-de-toledo\/#webpage"},"isPartOf":{"@id":"https:\/\/www.eldigitaldeasturias.com\/noticias\/susana-diaz-solicita-la-convocatoria-del-pacto-de-toledo\/#webpage"},"articleSection":"Actualidad"},{"@type":"BreadcrumbList","@id":"https:\/\/www.eldigitaldeasturias.com\/noticias\/susana-diaz-solicita-la-convocatoria-del-pacto-de-toledo\/#breadcrumblist","itemListElement":[{"@type":"ListItem","@id":"https:\/\/www.eldigitaldeasturias.com\/noticias#listItem","position":1,"name":"Home","item":"https:\/\/www.eldigitaldeasturias.com\/noticias","nextItem":{"@type":"ListItem","@id":"https:\/\/www.eldigitaldeasturias.com\/noticias\/category\/actualidad\/#listItem","name":"Actualidad"}},{"@type":"ListItem","@id":"https:\/\/www.eldigitaldeasturias.com\/noticias\/category\/actualidad\/#listItem","position":2,"name":"Actualidad","item":"https:\/\/www.eldigitaldeasturias.com\/noticias\/category\/actualidad\/","nextItem":{"@type":"ListItem","@id":"https:\/\/www.eldigitaldeasturias.com\/noticias\/susana-diaz-solicita-la-convocatoria-del-pacto-de-toledo\/#listItem","name":"Susana D\u00edaz solicita la convocatoria del Pacto de Toledo"},"previousItem":{"@type":"ListItem","@id":"https:\/\/www.eldigitaldeasturias.com\/noticias#listItem","name":"Home"}},{"@type":"ListItem","@id":"https:\/\/www.eldigitaldeasturias.com\/noticias\/susana-diaz-solicita-la-convocatoria-del-pacto-de-toledo\/#listItem","position":3,"name":"Susana D\u00edaz solicita la convocatoria del Pacto de Toledo","previousItem":{"@type":"ListItem","@id":"https:\/\/www.eldigitaldeasturias.com\/noticias\/category\/actualidad\/#listItem","name":"Actualidad"}}]},{"@type":"Organization","@id":"https:\/\/www.eldigitaldeasturias.com\/noticias\/#organization","name":"El Digital de Asturias","description":"Hemeroteca","url":"https:\/\/www.eldigitaldeasturias.com\/noticias\/","email":"info@eldigitaldeasturias.com","telephone":"+34652131393","logo":{"@type":"ImageObject","url":"https:\/\/www.eldigitaldeasturias.com\/noticias\/wp-content\/uploads\/2020\/12\/EDA.jpg","@id":"https:\/\/www.eldigitaldeasturias.com\/noticias\/susana-diaz-solicita-la-convocatoria-del-pacto-de-toledo\/#organizationLogo"},"image":{"@id":"https:\/\/www.eldigitaldeasturias.com\/noticias\/susana-diaz-solicita-la-convocatoria-del-pacto-de-toledo\/#organizationLogo"},"sameAs":["https:\/\/facebook.com\/eldigitaldeasturias","https:\/\/www.youtube.com\/channel\/UCZP-2wLEB9Rv6erhFmqVnvg"],"address":{"@id":"https:\/\/www.eldigitaldeasturias.com\/noticias\/#postaladdress","@type":"PostalAddress","streetAddress":"san antonio 4","postalCode":"33430","addressLocality":"Cand\u00e1s","addressRegion":"Asturias","addressCountry":"ES"}},{"@type":"Person","@id":"https:\/\/www.eldigitaldeasturias.com\/noticias\/author\/admin\/#author","url":"https:\/\/www.eldigitaldeasturias.com\/noticias\/author\/admin\/","name":"El Digital de Asturias","image":{"@type":"ImageObject","@id":"https:\/\/www.eldigitaldeasturias.com\/noticias\/susana-diaz-solicita-la-convocatoria-del-pacto-de-toledo\/#authorImage","url":"https:\/\/secure.gravatar.com\/avatar\/df2aeffc32bcd13f8d26072ef8a91b623d677766deac7f97ca815868cd41bf5e?s=96&d=mm&r=g","width":96,"height":96,"caption":"El Digital de Asturias"}},{"@type":"WebPage","@id":"https:\/\/www.eldigitaldeasturias.com\/noticias\/susana-diaz-solicita-la-convocatoria-del-pacto-de-toledo\/#webpage","url":"https:\/\/www.eldigitaldeasturias.com\/noticias\/susana-diaz-solicita-la-convocatoria-del-pacto-de-toledo\/","name":"Susana D\u00edaz solicita la convocatoria del Pacto de Toledo - El Digital de Asturias","description":"La presidenta de la Junta, Susana D\u00edaz, ha urgido al Gobierno central la convocatoria del Pacto de Toledo para debatir sobre las medidas necesarias para la sostenibilidad del sistema de pensiones, un objetivo, ha dicho, \"que pasa por aumentar los salarios y mejorar las condiciones de los trabajadores\". Desde la Feria Internacional de Turismo (Fitur","inLanguage":"es-ES","isPartOf":{"@id":"https:\/\/www.eldigitaldeasturias.com\/noticias\/#website"},"breadcrumb":{"@id":"https:\/\/www.eldigitaldeasturias.com\/noticias\/susana-diaz-solicita-la-convocatoria-del-pacto-de-toledo\/#breadcrumblist"},"author":{"@id":"https:\/\/www.eldigitaldeasturias.com\/noticias\/author\/admin\/#author"},"creator":{"@id":"https:\/\/www.eldigitaldeasturias.com\/noticias\/author\/admin\/#author"},"image":{"@type":"ImageObject","url":952192,"@id":"https:\/\/www.eldigitaldeasturias.com\/noticias\/susana-diaz-solicita-la-convocatoria-del-pacto-de-toledo\/#mainImage"},"primaryImageOfPage":{"@id":"https:\/\/www.eldigitaldeasturias.com\/noticias\/susana-diaz-solicita-la-convocatoria-del-pacto-de-toledo\/#mainImage"},"datePublished":"2018-01-18T11:30:39+01:00","dateModified":"2018-01-18T11:30:39+01:00"},{"@type":"WebSite","@id":"https:\/\/www.eldigitaldeasturias.com\/noticias\/#website","url":"https:\/\/www.eldigitaldeasturias.com\/noticias\/","name":"El Digital de Asturias - Diario de actualidad y noticias","alternateName":"El Digital de Asturias - Diario de actualidad y noticias","description":"Hemeroteca","inLanguage":"es-ES","publisher":{"@id":"https:\/\/www.eldigitaldeasturias.com\/noticias\/#organization"}}]},"og:locale":"es_ES","og:site_name":"El Digital de Asturias","og:type":"article","og:title":"Susana D\u00edaz solicita la convocatoria del Pacto de Toledo - El Digital de Asturias","og:description":"La presidenta de la Junta, Susana D\u00edaz, ha urgido al Gobierno central la convocatoria del Pacto de Toledo para debatir sobre las medidas necesarias para la sostenibilidad del sistema de pensiones, un objetivo, ha dicho, &quot;que pasa por aumentar los salarios y mejorar las condiciones de los trabajadores&quot;. Desde la Feria Internacional de Turismo (Fitur","og:url":"https:\/\/www.eldigitaldeasturias.com\/noticias\/susana-diaz-solicita-la-convocatoria-del-pacto-de-toledo\/","article:tag":["actualidad"],"article:published_time":"2018-01-18T11:30:39+00:00","article:modified_time":"2018-01-18T11:30:39+00:00","article:publisher":"https:\/\/facebook.com\/eldigitaldeasturias","twitter:card":"summary_large_image","twitter:title":"Susana D\u00edaz solicita la convocatoria del Pacto de Toledo - El Digital de Asturias","twitter:description":"La presidenta de la Junta, Susana D\u00edaz, ha urgido al Gobierno central la convocatoria del Pacto de Toledo para debatir sobre las medidas necesarias para la sostenibilidad del sistema de pensiones, un objetivo, ha dicho, &quot;que pasa por aumentar los salarios y mejorar las condiciones de los trabajadores&quot;. Desde la Feria Internacional de Turismo (Fitur","twitter:image":"https:\/\/www.eldigitaldeasturias.com\/noticias\/wp-content\/uploads\/2020\/12\/EDA-1.jpg","twitter:label1":"Escrito por","twitter:data1":"El Digital de Asturias","twitter:label2":"Tiempo de lectura estimado","twitter:data2":"2 minutos"},"aioseo_meta_data":{"post_id":"966431","title":null,"description":null,"keywords":null,"keyphrases":null,"primary_term":null,"canonical_url":null,"og_title":null,"og_description":null,"og_object_type":"default","og_image_type":"default","og_image_url":null,"og_image_width":null,"og_image_height":null,"og_image_custom_url":null,"og_image_custom_fields":null,"og_video":null,"og_custom_url":null,"og_article_section":null,"og_article_tags":null,"twitter_use_og":false,"twitter_card":"default","twitter_image_type":"default","twitter_image_url":null,"twitter_image_custom_url":null,"twitter_image_custom_fields":null,"twitter_title":null,"twitter_description":null,"schema":{"blockGraphs":[],"customGraphs":[],"default":{"data":{"Article":[],"Course":[],"Dataset":[],"FAQPage":[],"Movie":[],"Person":[],"Product":[],"ProductReview":[],"Car":[],"Recipe":[],"Service":[],"SoftwareApplication":[],"WebPage":[]},"graphName":"","isEnabled":true},"graphs":[],"defaultGraph":"","defaultPostTypeGraph":""},"schema_type":null,"schema_type_options":null,"pillar_content":false,"robots_default":true,"robots_noindex":false,"robots_noarchive":false,"robots_nosnippet":false,"robots_nofollow":false,"robots_noimageindex":false,"robots_noodp":false,"robots_notranslate":false,"robots_max_snippet":null,"robots_max_videopreview":null,"robots_max_imagepreview":"large","priority":null,"frequency":null,"local_seo":null,"seo_analyzer_scan_date":"2025-10-06 15:30:42","breadcrumb_settings":null,"limit_modified_date":false,"open_ai":null,"ai":null,"created":"2020-12-21 12:35:36","updated":"2025-10-06 15:30:42","focus_keyword":null,"additional_keywords":null,"truseo_locale":null},"aioseo_breadcrumb":"<div class=\"aioseo-breadcrumbs\"><span class=\"aioseo-breadcrumb\">\n\t<a href=\"https:\/\/www.eldigitaldeasturias.com\/noticias\" title=\"Home\">Home<\/a>\n<\/span><span class=\"aioseo-breadcrumb-separator\">\u2013<\/span><span class=\"aioseo-breadcrumb\">\n\t<a href=\"https:\/\/www.eldigitaldeasturias.com\/noticias\/category\/actualidad\/\" title=\"Actualidad\">Actualidad<\/a>\n<\/span><span class=\"aioseo-breadcrumb-separator\">\u2013<\/span><span class=\"aioseo-breadcrumb\">\n\t<a href=\"https:\/\/www.eldigitaldeasturias.com\/noticias\/susana-diaz-solicita-la-convocatoria-del-pacto-de-toledo\/\" title=\"Susana D\u00edaz solicita la convocatoria del Pacto de Toledo\">Susana D\u00edaz solicita la convocatoria del Pacto de Toledo<\/a>\n<\/span><\/div>","aioseo_breadcrumb_json":[{"label":"Home","link":"https:\/\/www.eldigitaldeasturias.com\/noticias"},{"label":"Actualidad","link":"https:\/\/www.eldigitaldeasturias.com\/noticias\/category\/actualidad\/"},{"label":"Susana D\u00edaz solicita la convocatoria del Pacto de Toledo","link":"https:\/\/www.eldigitaldeasturias.com\/noticias\/susana-diaz-solicita-la-convocatoria-del-pacto-de-toledo\/"}],"_links":{"self":[{"href":"https:\/\/www.eldigitaldeasturias.com\/noticias\/wp-json\/wp\/v2\/posts\/966431","targetHints":{"allow":["GET"]}}],"collection":[{"href":"https:\/\/www.eldigitaldeasturias.com\/noticias\/wp-json\/wp\/v2\/posts"}],"about":[{"href":"https:\/\/www.eldigitaldeasturias.com\/noticias\/wp-json\/wp\/v2\/types\/post"}],"author":[{"embeddable":true,"href":"https:\/\/www.eldigitaldeasturias.com\/noticias\/wp-json\/wp\/v2\/users\/1"}],"replies":[{"embeddable":true,"href":"https:\/\/www.eldigitaldeasturias.com\/noticias\/wp-json\/wp\/v2\/comments?post=966431"}],"version-history":[{"count":0,"href":"https:\/\/www.eldigitaldeasturias.com\/noticias\/wp-json\/wp\/v2\/posts\/966431\/revisions"}],"wp:attachment":[{"href":"https:\/\/www.eldigitaldeasturias.com\/noticias\/wp-json\/wp\/v2\/media?parent=966431"}],"wp:term":[{"taxonomy":"category","embeddable":true,"href":"https:\/\/www.eldigitaldeasturias.com\/noticias\/wp-json\/wp\/v2\/categories?post=966431"},{"taxonomy":"post_tag","embeddable":true,"href":"https:\/\/www.eldigitaldeasturias.com\/noticias\/wp-json\/wp\/v2\/tags?post=966431"}],"curies":[{"name":"wp","href":"https:\/\/api.w.org\/{rel}","templated":true}]}}