{"id":966369,"date":"2018-01-17T15:47:10","date_gmt":"2018-01-17T15:47:10","guid":{"rendered":"http:\/\/www.eldigitaldeasturias.com\/noticias\/?p=966369"},"modified":"2018-01-17T15:47:10","modified_gmt":"2018-01-17T15:47:10","slug":"jose-antonio-nieto-la-labor-de-la-policia-nacional-es-un-referente-fuera-de-nuestras-fronteras","status":"publish","type":"post","link":"https:\/\/www.eldigitaldeasturias.com\/noticias\/jose-antonio-nieto-la-labor-de-la-policia-nacional-es-un-referente-fuera-de-nuestras-fronteras\/","title":{"rendered":"Jos\u00e9 Antonio Nieto: \u00abLa labor de la Polic\u00eda Nacional es un referente fuera de nuestras fronteras\u00bb"},"content":{"rendered":"<p><img loading=\"lazy\" decoding=\"async\" class=\"alignleft size-medium wp-image-966370\" src=\"https:\/\/www.eldigitaldeasturias.com\/noticias\/wp-content\/uploads\/2018\/01\/170118-Nieto-360x239.jpg\" alt=\"\" width=\"360\" height=\"239\" \/>El secretario de Estado de Seguridad, Jos\u00e9 Antonio Nieto, ha presidido en el Complejo Policial de Canillas los actos de conmemoraci\u00f3n del 194\u00ba aniversario de la creaci\u00f3n de la Polic\u00eda Nacional. Lo ha hecho acompa\u00f1ado por el director general de la Polic\u00eda, Germ\u00e1n L\u00f3pez, entre otras autoridades.<\/p>\n<p>Durante su intervenci\u00f3n, Nieto ha destacado que \u00abla labor de la Polic\u00eda Nacional es fundamental para contribuir al bienestar de los espa\u00f1oles y un ejemplo en materia de seguridad fuera de nuestras fronteras\u00bb. En este sentido, ha puesto de relieve los cambios realizados recientemente en la estructura policial, as\u00ed como la capacidad de la Polic\u00eda para adaptarse a los tiempos y anticiparse, hechos que seg\u00fan Nieto \u00abos permiten estar a\u00fan m\u00e1s cerca de los ciudadanos\u00bb.<\/p>\n<p>A rengl\u00f3n seguido, Nieto les ha trasladado a los agentes que se est\u00e1 llevando a cabo un \u00abtrabajo intenso para lograr entre todos una mejora de vuestras condiciones laborales porque sin duda os lo merec\u00e9is y porque llev\u00e1is mucho tiempo esper\u00e1ndolo\u00bb.<\/p>\n<p>Durante este acto se ha hecho entrega, entre otros reconocimientos, de la Cruz al M\u00e9rito Policial a los polic\u00edas nacionales que no pudieron conmemorar el patr\u00f3n por estar desplazados a Catalu\u00f1a y de la medalla de Plata al M\u00e9rito Policial al comisario principal Florentino Villabona.<\/p>\n<p>Igualmente, se ha concedido la Cruz al M\u00e9rito Policial con distintivo blanco al general jefe del Estado Mayor del Ej\u00e9rcito, \u00abpor su destacado trabajo de acercamiento entre dos instituciones como el Ej\u00e9rcito y la Polic\u00eda, claves en la seguridad de Espa\u00f1a\u00bb, ha dicho Nieto.<\/p>\n","protected":false},"excerpt":{"rendered":"<p>El secretario de Estado de Seguridad, Jos\u00e9 Antonio Nieto, ha presidido en el Complejo Policial de Canillas los actos de conmemoraci\u00f3n del 194\u00ba aniversario de la creaci\u00f3n de la Polic\u00eda Nacional. Lo ha hecho acompa\u00f1ado por el director general de la Polic\u00eda, Germ\u00e1n L\u00f3pez, entre otras autoridades. Durante su intervenci\u00f3n, Nieto ha destacado que \u00abla [&hellip;]<\/p>\n","protected":false},"author":1,"featured_media":966370,"comment_status":"closed","ping_status":"closed","sticky":false,"template":"","format":"standard","meta":{"footnotes":""},"categories":[1],"tags":[],"class_list":["post-966369","post","type-post","status-publish","format-standard","has-post-thumbnail","hentry","category-actualidad"],"aioseo_notices":[],"aioseo_head":"\n\t\t<!-- All in One SEO Pro 5.0.1 - aioseo.com -->\n\t<meta name=\"description\" content=\"El secretario de Estado de Seguridad, Jos\u00e9 Antonio Nieto, ha presidido en el Complejo Policial de Canillas los actos de conmemoraci\u00f3n del 194\u00ba aniversario de la creaci\u00f3n de la Polic\u00eda Nacional. Lo ha hecho acompa\u00f1ado por el director general de la Polic\u00eda, Germ\u00e1n L\u00f3pez, entre otras autoridades. Durante su intervenci\u00f3n, Nieto ha destacado que &quot;la\" \/>\n\t<meta name=\"robots\" content=\"max-image-preview:large\" \/>\n\t<meta name=\"author\" content=\"El Digital de Asturias\"\/>\n\t<meta name=\"google-site-verification\" content=\"UA-38556648-1\" \/>\n\t<meta name=\"msvalidate.01\" content=\"7dfe9f3f1b24437ab69f4f2559babe99\" \/>\n\t<meta name=\"keywords\" content=\"actualidad\" \/>\n\t<link rel=\"canonical\" href=\"https:\/\/www.eldigitaldeasturias.com\/noticias\/jose-antonio-nieto-la-labor-de-la-policia-nacional-es-un-referente-fuera-de-nuestras-fronteras\/\" \/>\n\t<meta name=\"generator\" content=\"All in One SEO Pro (AIOSEO) 5.0.1\" \/>\n\t\t<meta property=\"og:locale\" content=\"es_ES\" \/>\n\t\t<meta property=\"og:site_name\" content=\"El Digital de Asturias\" \/>\n\t\t<meta property=\"og:type\" content=\"article\" \/>\n\t\t<meta property=\"og:title\" content=\"Jos\u00e9 Antonio Nieto: \u00abLa labor de la Polic\u00eda Nacional es un referente fuera de nuestras fronteras\u00bb - El Digital de Asturias\" \/>\n\t\t<meta property=\"og:description\" content=\"El secretario de Estado de Seguridad, Jos\u00e9 Antonio Nieto, ha presidido en el Complejo Policial de Canillas los actos de conmemoraci\u00f3n del 194\u00ba aniversario de la creaci\u00f3n de la Polic\u00eda Nacional. Lo ha hecho acompa\u00f1ado por el director general de la Polic\u00eda, Germ\u00e1n L\u00f3pez, entre otras autoridades. Durante su intervenci\u00f3n, Nieto ha destacado que &quot;la\" \/>\n\t\t<meta property=\"og:url\" content=\"https:\/\/www.eldigitaldeasturias.com\/noticias\/jose-antonio-nieto-la-labor-de-la-policia-nacional-es-un-referente-fuera-de-nuestras-fronteras\/\" \/>\n\t\t<meta property=\"article:tag\" content=\"actualidad\" \/>\n\t\t<meta property=\"article:published_time\" content=\"2018-01-17T15:47:10+00:00\" \/>\n\t\t<meta property=\"article:modified_time\" content=\"2018-01-17T15:47:10+00:00\" \/>\n\t\t<meta property=\"article:publisher\" content=\"https:\/\/facebook.com\/eldigitaldeasturias\" \/>\n\t\t<meta name=\"twitter:card\" content=\"summary_large_image\" \/>\n\t\t<meta name=\"twitter:title\" content=\"Jos\u00e9 Antonio Nieto: \u00abLa labor de la Polic\u00eda Nacional es un referente fuera de nuestras fronteras\u00bb - El Digital de Asturias\" \/>\n\t\t<meta name=\"twitter:description\" content=\"El secretario de Estado de Seguridad, Jos\u00e9 Antonio Nieto, ha presidido en el Complejo Policial de Canillas los actos de conmemoraci\u00f3n del 194\u00ba aniversario de la creaci\u00f3n de la Polic\u00eda Nacional. Lo ha hecho acompa\u00f1ado por el director general de la Polic\u00eda, Germ\u00e1n L\u00f3pez, entre otras autoridades. Durante su intervenci\u00f3n, Nieto ha destacado que &quot;la\" \/>\n\t\t<meta name=\"twitter:image\" content=\"https:\/\/www.eldigitaldeasturias.com\/noticias\/wp-content\/uploads\/2020\/12\/EDA-1.jpg\" \/>\n\t\t<meta name=\"twitter:label1\" content=\"Escrito por\" \/>\n\t\t<meta name=\"twitter:data1\" content=\"El Digital de Asturias\" \/>\n\t\t<meta name=\"twitter:label2\" content=\"Tiempo de lectura estimado\" \/>\n\t\t<meta name=\"twitter:data2\" content=\"1 minuto\" \/>\n\t\t<script type=\"application\/ld+json\" class=\"aioseo-schema\">\n\t\t\t{\"@context\":\"https:\\\/\\\/schema.org\",\"@graph\":[{\"@type\":\"BlogPosting\",\"@id\":\"https:\\\/\\\/www.eldigitaldeasturias.com\\\/noticias\\\/jose-antonio-nieto-la-labor-de-la-policia-nacional-es-un-referente-fuera-de-nuestras-fronteras\\\/#blogposting\",\"name\":\"Jos\\u00e9 Antonio Nieto: \\u00abLa labor de la Polic\\u00eda Nacional es un referente fuera de nuestras fronteras\\u00bb - El Digital de Asturias\",\"headline\":\"Jos\\u00e9 Antonio Nieto: \\u00abLa labor de la Polic\\u00eda Nacional es un referente fuera de nuestras fronteras\\u00bb\",\"author\":{\"@id\":\"https:\\\/\\\/www.eldigitaldeasturias.com\\\/noticias\\\/author\\\/admin\\\/#author\"},\"publisher\":{\"@id\":\"https:\\\/\\\/www.eldigitaldeasturias.com\\\/noticias\\\/#organization\"},\"image\":{\"@type\":\"ImageObject\",\"url\":966370},\"datePublished\":\"2018-01-17T15:47:10+01:00\",\"dateModified\":\"2018-01-17T15:47:10+01:00\",\"inLanguage\":\"es-ES\",\"mainEntityOfPage\":{\"@id\":\"https:\\\/\\\/www.eldigitaldeasturias.com\\\/noticias\\\/jose-antonio-nieto-la-labor-de-la-policia-nacional-es-un-referente-fuera-de-nuestras-fronteras\\\/#webpage\"},\"isPartOf\":{\"@id\":\"https:\\\/\\\/www.eldigitaldeasturias.com\\\/noticias\\\/jose-antonio-nieto-la-labor-de-la-policia-nacional-es-un-referente-fuera-de-nuestras-fronteras\\\/#webpage\"},\"articleSection\":\"Actualidad\"},{\"@type\":\"BreadcrumbList\",\"@id\":\"https:\\\/\\\/www.eldigitaldeasturias.com\\\/noticias\\\/jose-antonio-nieto-la-labor-de-la-policia-nacional-es-un-referente-fuera-de-nuestras-fronteras\\\/#breadcrumblist\",\"itemListElement\":[{\"@type\":\"ListItem\",\"@id\":\"https:\\\/\\\/www.eldigitaldeasturias.com\\\/noticias#listItem\",\"position\":1,\"name\":\"Home\",\"item\":\"https:\\\/\\\/www.eldigitaldeasturias.com\\\/noticias\",\"nextItem\":{\"@type\":\"ListItem\",\"@id\":\"https:\\\/\\\/www.eldigitaldeasturias.com\\\/noticias\\\/category\\\/actualidad\\\/#listItem\",\"name\":\"Actualidad\"}},{\"@type\":\"ListItem\",\"@id\":\"https:\\\/\\\/www.eldigitaldeasturias.com\\\/noticias\\\/category\\\/actualidad\\\/#listItem\",\"position\":2,\"name\":\"Actualidad\",\"item\":\"https:\\\/\\\/www.eldigitaldeasturias.com\\\/noticias\\\/category\\\/actualidad\\\/\",\"nextItem\":{\"@type\":\"ListItem\",\"@id\":\"https:\\\/\\\/www.eldigitaldeasturias.com\\\/noticias\\\/jose-antonio-nieto-la-labor-de-la-policia-nacional-es-un-referente-fuera-de-nuestras-fronteras\\\/#listItem\",\"name\":\"Jos\\u00e9 Antonio Nieto: \\u00abLa labor de la Polic\\u00eda Nacional es un referente fuera de nuestras fronteras\\u00bb\"},\"previousItem\":{\"@type\":\"ListItem\",\"@id\":\"https:\\\/\\\/www.eldigitaldeasturias.com\\\/noticias#listItem\",\"name\":\"Home\"}},{\"@type\":\"ListItem\",\"@id\":\"https:\\\/\\\/www.eldigitaldeasturias.com\\\/noticias\\\/jose-antonio-nieto-la-labor-de-la-policia-nacional-es-un-referente-fuera-de-nuestras-fronteras\\\/#listItem\",\"position\":3,\"name\":\"Jos\\u00e9 Antonio Nieto: \\u00abLa labor de la Polic\\u00eda Nacional es un referente fuera de nuestras fronteras\\u00bb\",\"previousItem\":{\"@type\":\"ListItem\",\"@id\":\"https:\\\/\\\/www.eldigitaldeasturias.com\\\/noticias\\\/category\\\/actualidad\\\/#listItem\",\"name\":\"Actualidad\"}}]},{\"@type\":\"Organization\",\"@id\":\"https:\\\/\\\/www.eldigitaldeasturias.com\\\/noticias\\\/#organization\",\"name\":\"El Digital de Asturias\",\"description\":\"Hemeroteca\",\"url\":\"https:\\\/\\\/www.eldigitaldeasturias.com\\\/noticias\\\/\",\"email\":\"info@eldigitaldeasturias.com\",\"telephone\":\"+34652131393\",\"logo\":{\"@type\":\"ImageObject\",\"url\":\"https:\\\/\\\/www.eldigitaldeasturias.com\\\/noticias\\\/wp-content\\\/uploads\\\/2020\\\/12\\\/EDA.jpg\",\"@id\":\"https:\\\/\\\/www.eldigitaldeasturias.com\\\/noticias\\\/jose-antonio-nieto-la-labor-de-la-policia-nacional-es-un-referente-fuera-de-nuestras-fronteras\\\/#organizationLogo\"},\"image\":{\"@id\":\"https:\\\/\\\/www.eldigitaldeasturias.com\\\/noticias\\\/jose-antonio-nieto-la-labor-de-la-policia-nacional-es-un-referente-fuera-de-nuestras-fronteras\\\/#organizationLogo\"},\"sameAs\":[\"https:\\\/\\\/facebook.com\\\/eldigitaldeasturias\",\"https:\\\/\\\/www.youtube.com\\\/channel\\\/UCZP-2wLEB9Rv6erhFmqVnvg\"],\"address\":{\"@id\":\"https:\\\/\\\/www.eldigitaldeasturias.com\\\/noticias\\\/#postaladdress\",\"@type\":\"PostalAddress\",\"streetAddress\":\"san antonio 4\",\"postalCode\":\"33430\",\"addressLocality\":\"Cand\\u00e1s\",\"addressRegion\":\"Asturias\",\"addressCountry\":\"ES\"}},{\"@type\":\"Person\",\"@id\":\"https:\\\/\\\/www.eldigitaldeasturias.com\\\/noticias\\\/author\\\/admin\\\/#author\",\"url\":\"https:\\\/\\\/www.eldigitaldeasturias.com\\\/noticias\\\/author\\\/admin\\\/\",\"name\":\"El Digital de Asturias\",\"image\":{\"@type\":\"ImageObject\",\"@id\":\"https:\\\/\\\/www.eldigitaldeasturias.com\\\/noticias\\\/jose-antonio-nieto-la-labor-de-la-policia-nacional-es-un-referente-fuera-de-nuestras-fronteras\\\/#authorImage\",\"url\":\"https:\\\/\\\/secure.gravatar.com\\\/avatar\\\/df2aeffc32bcd13f8d26072ef8a91b623d677766deac7f97ca815868cd41bf5e?s=96&d=mm&r=g\",\"width\":96,\"height\":96,\"caption\":\"El Digital de Asturias\"}},{\"@type\":\"WebPage\",\"@id\":\"https:\\\/\\\/www.eldigitaldeasturias.com\\\/noticias\\\/jose-antonio-nieto-la-labor-de-la-policia-nacional-es-un-referente-fuera-de-nuestras-fronteras\\\/#webpage\",\"url\":\"https:\\\/\\\/www.eldigitaldeasturias.com\\\/noticias\\\/jose-antonio-nieto-la-labor-de-la-policia-nacional-es-un-referente-fuera-de-nuestras-fronteras\\\/\",\"name\":\"Jos\\u00e9 Antonio Nieto: \\u00abLa labor de la Polic\\u00eda Nacional es un referente fuera de nuestras fronteras\\u00bb - El Digital de Asturias\",\"description\":\"El secretario de Estado de Seguridad, Jos\\u00e9 Antonio Nieto, ha presidido en el Complejo Policial de Canillas los actos de conmemoraci\\u00f3n del 194\\u00ba aniversario de la creaci\\u00f3n de la Polic\\u00eda Nacional. Lo ha hecho acompa\\u00f1ado por el director general de la Polic\\u00eda, Germ\\u00e1n L\\u00f3pez, entre otras autoridades. Durante su intervenci\\u00f3n, Nieto ha destacado que \\\"la\",\"inLanguage\":\"es-ES\",\"isPartOf\":{\"@id\":\"https:\\\/\\\/www.eldigitaldeasturias.com\\\/noticias\\\/#website\"},\"breadcrumb\":{\"@id\":\"https:\\\/\\\/www.eldigitaldeasturias.com\\\/noticias\\\/jose-antonio-nieto-la-labor-de-la-policia-nacional-es-un-referente-fuera-de-nuestras-fronteras\\\/#breadcrumblist\"},\"author\":{\"@id\":\"https:\\\/\\\/www.eldigitaldeasturias.com\\\/noticias\\\/author\\\/admin\\\/#author\"},\"creator\":{\"@id\":\"https:\\\/\\\/www.eldigitaldeasturias.com\\\/noticias\\\/author\\\/admin\\\/#author\"},\"image\":{\"@type\":\"ImageObject\",\"url\":966370,\"@id\":\"https:\\\/\\\/www.eldigitaldeasturias.com\\\/noticias\\\/jose-antonio-nieto-la-labor-de-la-policia-nacional-es-un-referente-fuera-de-nuestras-fronteras\\\/#mainImage\"},\"primaryImageOfPage\":{\"@id\":\"https:\\\/\\\/www.eldigitaldeasturias.com\\\/noticias\\\/jose-antonio-nieto-la-labor-de-la-policia-nacional-es-un-referente-fuera-de-nuestras-fronteras\\\/#mainImage\"},\"datePublished\":\"2018-01-17T15:47:10+01:00\",\"dateModified\":\"2018-01-17T15:47:10+01:00\"},{\"@type\":\"WebSite\",\"@id\":\"https:\\\/\\\/www.eldigitaldeasturias.com\\\/noticias\\\/#website\",\"url\":\"https:\\\/\\\/www.eldigitaldeasturias.com\\\/noticias\\\/\",\"name\":\"El Digital de Asturias - Diario de actualidad y noticias\",\"alternateName\":\"El Digital de Asturias - Diario de actualidad y noticias\",\"description\":\"Hemeroteca\",\"inLanguage\":\"es-ES\",\"publisher\":{\"@id\":\"https:\\\/\\\/www.eldigitaldeasturias.com\\\/noticias\\\/#organization\"}}]}\n\t\t<\/script>\n\t\t<!-- All in One SEO Pro -->\r\n\t\t<title>Jos\u00e9 Antonio Nieto: \u00abLa labor de la Polic\u00eda Nacional es un referente fuera de nuestras fronteras\u00bb - El Digital de Asturias<\/title>\n\n","aioseo_head_json":{"title":"Jos\u00e9 Antonio Nieto: \u00abLa labor de la Polic\u00eda Nacional es un referente fuera de nuestras fronteras\u00bb - El Digital de Asturias","description":"El secretario de Estado de Seguridad, Jos\u00e9 Antonio Nieto, ha presidido en el Complejo Policial de Canillas los actos de conmemoraci\u00f3n del 194\u00ba aniversario de la creaci\u00f3n de la Polic\u00eda Nacional. Lo ha hecho acompa\u00f1ado por el director general de la Polic\u00eda, Germ\u00e1n L\u00f3pez, entre otras autoridades. Durante su intervenci\u00f3n, Nieto ha destacado que \"la","canonical_url":"https:\/\/www.eldigitaldeasturias.com\/noticias\/jose-antonio-nieto-la-labor-de-la-policia-nacional-es-un-referente-fuera-de-nuestras-fronteras\/","robots":"max-image-preview:large","keywords":"actualidad","webmasterTools":{"google-site-verification":"UA-38556648-1","msvalidate.01":"7dfe9f3f1b24437ab69f4f2559babe99","miscellaneous":""},"schema":{"@context":"https:\/\/schema.org","@graph":[{"@type":"BlogPosting","@id":"https:\/\/www.eldigitaldeasturias.com\/noticias\/jose-antonio-nieto-la-labor-de-la-policia-nacional-es-un-referente-fuera-de-nuestras-fronteras\/#blogposting","name":"Jos\u00e9 Antonio Nieto: \u00abLa labor de la Polic\u00eda Nacional es un referente fuera de nuestras fronteras\u00bb - El Digital de Asturias","headline":"Jos\u00e9 Antonio Nieto: \u00abLa labor de la Polic\u00eda Nacional es un referente fuera de nuestras fronteras\u00bb","author":{"@id":"https:\/\/www.eldigitaldeasturias.com\/noticias\/author\/admin\/#author"},"publisher":{"@id":"https:\/\/www.eldigitaldeasturias.com\/noticias\/#organization"},"image":{"@type":"ImageObject","url":966370},"datePublished":"2018-01-17T15:47:10+01:00","dateModified":"2018-01-17T15:47:10+01:00","inLanguage":"es-ES","mainEntityOfPage":{"@id":"https:\/\/www.eldigitaldeasturias.com\/noticias\/jose-antonio-nieto-la-labor-de-la-policia-nacional-es-un-referente-fuera-de-nuestras-fronteras\/#webpage"},"isPartOf":{"@id":"https:\/\/www.eldigitaldeasturias.com\/noticias\/jose-antonio-nieto-la-labor-de-la-policia-nacional-es-un-referente-fuera-de-nuestras-fronteras\/#webpage"},"articleSection":"Actualidad"},{"@type":"BreadcrumbList","@id":"https:\/\/www.eldigitaldeasturias.com\/noticias\/jose-antonio-nieto-la-labor-de-la-policia-nacional-es-un-referente-fuera-de-nuestras-fronteras\/#breadcrumblist","itemListElement":[{"@type":"ListItem","@id":"https:\/\/www.eldigitaldeasturias.com\/noticias#listItem","position":1,"name":"Home","item":"https:\/\/www.eldigitaldeasturias.com\/noticias","nextItem":{"@type":"ListItem","@id":"https:\/\/www.eldigitaldeasturias.com\/noticias\/category\/actualidad\/#listItem","name":"Actualidad"}},{"@type":"ListItem","@id":"https:\/\/www.eldigitaldeasturias.com\/noticias\/category\/actualidad\/#listItem","position":2,"name":"Actualidad","item":"https:\/\/www.eldigitaldeasturias.com\/noticias\/category\/actualidad\/","nextItem":{"@type":"ListItem","@id":"https:\/\/www.eldigitaldeasturias.com\/noticias\/jose-antonio-nieto-la-labor-de-la-policia-nacional-es-un-referente-fuera-de-nuestras-fronteras\/#listItem","name":"Jos\u00e9 Antonio Nieto: \u00abLa labor de la Polic\u00eda Nacional es un referente fuera de nuestras fronteras\u00bb"},"previousItem":{"@type":"ListItem","@id":"https:\/\/www.eldigitaldeasturias.com\/noticias#listItem","name":"Home"}},{"@type":"ListItem","@id":"https:\/\/www.eldigitaldeasturias.com\/noticias\/jose-antonio-nieto-la-labor-de-la-policia-nacional-es-un-referente-fuera-de-nuestras-fronteras\/#listItem","position":3,"name":"Jos\u00e9 Antonio Nieto: \u00abLa labor de la Polic\u00eda Nacional es un referente fuera de nuestras fronteras\u00bb","previousItem":{"@type":"ListItem","@id":"https:\/\/www.eldigitaldeasturias.com\/noticias\/category\/actualidad\/#listItem","name":"Actualidad"}}]},{"@type":"Organization","@id":"https:\/\/www.eldigitaldeasturias.com\/noticias\/#organization","name":"El Digital de Asturias","description":"Hemeroteca","url":"https:\/\/www.eldigitaldeasturias.com\/noticias\/","email":"info@eldigitaldeasturias.com","telephone":"+34652131393","logo":{"@type":"ImageObject","url":"https:\/\/www.eldigitaldeasturias.com\/noticias\/wp-content\/uploads\/2020\/12\/EDA.jpg","@id":"https:\/\/www.eldigitaldeasturias.com\/noticias\/jose-antonio-nieto-la-labor-de-la-policia-nacional-es-un-referente-fuera-de-nuestras-fronteras\/#organizationLogo"},"image":{"@id":"https:\/\/www.eldigitaldeasturias.com\/noticias\/jose-antonio-nieto-la-labor-de-la-policia-nacional-es-un-referente-fuera-de-nuestras-fronteras\/#organizationLogo"},"sameAs":["https:\/\/facebook.com\/eldigitaldeasturias","https:\/\/www.youtube.com\/channel\/UCZP-2wLEB9Rv6erhFmqVnvg"],"address":{"@id":"https:\/\/www.eldigitaldeasturias.com\/noticias\/#postaladdress","@type":"PostalAddress","streetAddress":"san antonio 4","postalCode":"33430","addressLocality":"Cand\u00e1s","addressRegion":"Asturias","addressCountry":"ES"}},{"@type":"Person","@id":"https:\/\/www.eldigitaldeasturias.com\/noticias\/author\/admin\/#author","url":"https:\/\/www.eldigitaldeasturias.com\/noticias\/author\/admin\/","name":"El Digital de Asturias","image":{"@type":"ImageObject","@id":"https:\/\/www.eldigitaldeasturias.com\/noticias\/jose-antonio-nieto-la-labor-de-la-policia-nacional-es-un-referente-fuera-de-nuestras-fronteras\/#authorImage","url":"https:\/\/secure.gravatar.com\/avatar\/df2aeffc32bcd13f8d26072ef8a91b623d677766deac7f97ca815868cd41bf5e?s=96&d=mm&r=g","width":96,"height":96,"caption":"El Digital de Asturias"}},{"@type":"WebPage","@id":"https:\/\/www.eldigitaldeasturias.com\/noticias\/jose-antonio-nieto-la-labor-de-la-policia-nacional-es-un-referente-fuera-de-nuestras-fronteras\/#webpage","url":"https:\/\/www.eldigitaldeasturias.com\/noticias\/jose-antonio-nieto-la-labor-de-la-policia-nacional-es-un-referente-fuera-de-nuestras-fronteras\/","name":"Jos\u00e9 Antonio Nieto: \u00abLa labor de la Polic\u00eda Nacional es un referente fuera de nuestras fronteras\u00bb - El Digital de Asturias","description":"El secretario de Estado de Seguridad, Jos\u00e9 Antonio Nieto, ha presidido en el Complejo Policial de Canillas los actos de conmemoraci\u00f3n del 194\u00ba aniversario de la creaci\u00f3n de la Polic\u00eda Nacional. Lo ha hecho acompa\u00f1ado por el director general de la Polic\u00eda, Germ\u00e1n L\u00f3pez, entre otras autoridades. Durante su intervenci\u00f3n, Nieto ha destacado que \"la","inLanguage":"es-ES","isPartOf":{"@id":"https:\/\/www.eldigitaldeasturias.com\/noticias\/#website"},"breadcrumb":{"@id":"https:\/\/www.eldigitaldeasturias.com\/noticias\/jose-antonio-nieto-la-labor-de-la-policia-nacional-es-un-referente-fuera-de-nuestras-fronteras\/#breadcrumblist"},"author":{"@id":"https:\/\/www.eldigitaldeasturias.com\/noticias\/author\/admin\/#author"},"creator":{"@id":"https:\/\/www.eldigitaldeasturias.com\/noticias\/author\/admin\/#author"},"image":{"@type":"ImageObject","url":966370,"@id":"https:\/\/www.eldigitaldeasturias.com\/noticias\/jose-antonio-nieto-la-labor-de-la-policia-nacional-es-un-referente-fuera-de-nuestras-fronteras\/#mainImage"},"primaryImageOfPage":{"@id":"https:\/\/www.eldigitaldeasturias.com\/noticias\/jose-antonio-nieto-la-labor-de-la-policia-nacional-es-un-referente-fuera-de-nuestras-fronteras\/#mainImage"},"datePublished":"2018-01-17T15:47:10+01:00","dateModified":"2018-01-17T15:47:10+01:00"},{"@type":"WebSite","@id":"https:\/\/www.eldigitaldeasturias.com\/noticias\/#website","url":"https:\/\/www.eldigitaldeasturias.com\/noticias\/","name":"El Digital de Asturias - Diario de actualidad y noticias","alternateName":"El Digital de Asturias - Diario de actualidad y noticias","description":"Hemeroteca","inLanguage":"es-ES","publisher":{"@id":"https:\/\/www.eldigitaldeasturias.com\/noticias\/#organization"}}]},"og:locale":"es_ES","og:site_name":"El Digital de Asturias","og:type":"article","og:title":"Jos\u00e9 Antonio Nieto: \u00abLa labor de la Polic\u00eda Nacional es un referente fuera de nuestras fronteras\u00bb - El Digital de Asturias","og:description":"El secretario de Estado de Seguridad, Jos\u00e9 Antonio Nieto, ha presidido en el Complejo Policial de Canillas los actos de conmemoraci\u00f3n del 194\u00ba aniversario de la creaci\u00f3n de la Polic\u00eda Nacional. Lo ha hecho acompa\u00f1ado por el director general de la Polic\u00eda, Germ\u00e1n L\u00f3pez, entre otras autoridades. Durante su intervenci\u00f3n, Nieto ha destacado que &quot;la","og:url":"https:\/\/www.eldigitaldeasturias.com\/noticias\/jose-antonio-nieto-la-labor-de-la-policia-nacional-es-un-referente-fuera-de-nuestras-fronteras\/","article:tag":["actualidad"],"article:published_time":"2018-01-17T15:47:10+00:00","article:modified_time":"2018-01-17T15:47:10+00:00","article:publisher":"https:\/\/facebook.com\/eldigitaldeasturias","twitter:card":"summary_large_image","twitter:title":"Jos\u00e9 Antonio Nieto: \u00abLa labor de la Polic\u00eda Nacional es un referente fuera de nuestras fronteras\u00bb - El Digital de Asturias","twitter:description":"El secretario de Estado de Seguridad, Jos\u00e9 Antonio Nieto, ha presidido en el Complejo Policial de Canillas los actos de conmemoraci\u00f3n del 194\u00ba aniversario de la creaci\u00f3n de la Polic\u00eda Nacional. Lo ha hecho acompa\u00f1ado por el director general de la Polic\u00eda, Germ\u00e1n L\u00f3pez, entre otras autoridades. Durante su intervenci\u00f3n, Nieto ha destacado que &quot;la","twitter:image":"https:\/\/www.eldigitaldeasturias.com\/noticias\/wp-content\/uploads\/2020\/12\/EDA-1.jpg","twitter:label1":"Escrito por","twitter:data1":"El Digital de Asturias","twitter:label2":"Tiempo de lectura estimado","twitter:data2":"1 minuto"},"aioseo_meta_data":{"post_id":"966369","title":null,"description":null,"keywords":null,"keyphrases":null,"primary_term":null,"canonical_url":null,"og_title":null,"og_description":null,"og_object_type":"default","og_image_type":"default","og_image_url":null,"og_image_width":null,"og_image_height":null,"og_image_custom_url":null,"og_image_custom_fields":null,"og_video":null,"og_custom_url":null,"og_article_section":null,"og_article_tags":null,"twitter_use_og":false,"twitter_card":"default","twitter_image_type":"default","twitter_image_url":null,"twitter_image_custom_url":null,"twitter_image_custom_fields":null,"twitter_title":null,"twitter_description":null,"schema":{"blockGraphs":[],"customGraphs":[],"default":{"data":{"Article":[],"Course":[],"Dataset":[],"FAQPage":[],"Movie":[],"Person":[],"Product":[],"ProductReview":[],"Car":[],"Recipe":[],"Service":[],"SoftwareApplication":[],"WebPage":[]},"graphName":"","isEnabled":true},"graphs":[],"defaultGraph":"","defaultPostTypeGraph":""},"schema_type":null,"schema_type_options":null,"pillar_content":false,"robots_default":true,"robots_noindex":false,"robots_noarchive":false,"robots_nosnippet":false,"robots_nofollow":false,"robots_noimageindex":false,"robots_noodp":false,"robots_notranslate":false,"robots_max_snippet":null,"robots_max_videopreview":null,"robots_max_imagepreview":"large","priority":null,"frequency":null,"local_seo":null,"seo_analyzer_scan_date":"2025-10-06 15:18:11","breadcrumb_settings":null,"limit_modified_date":false,"open_ai":null,"ai":null,"created":"2020-12-21 12:35:37","updated":"2025-10-06 15:18:11","focus_keyword":null,"additional_keywords":null,"truseo_locale":null},"aioseo_breadcrumb":"<div class=\"aioseo-breadcrumbs\"><span class=\"aioseo-breadcrumb\">\n\t<a href=\"https:\/\/www.eldigitaldeasturias.com\/noticias\" title=\"Home\">Home<\/a>\n<\/span><span class=\"aioseo-breadcrumb-separator\">\u2013<\/span><span class=\"aioseo-breadcrumb\">\n\t<a href=\"https:\/\/www.eldigitaldeasturias.com\/noticias\/category\/actualidad\/\" title=\"Actualidad\">Actualidad<\/a>\n<\/span><span class=\"aioseo-breadcrumb-separator\">\u2013<\/span><span class=\"aioseo-breadcrumb\">\n\t<a href=\"https:\/\/www.eldigitaldeasturias.com\/noticias\/jose-antonio-nieto-la-labor-de-la-policia-nacional-es-un-referente-fuera-de-nuestras-fronteras\/\" title=\"Jos\u00e9 Antonio Nieto: \u00abLa labor de la Polic\u00eda Nacional es un referente fuera de nuestras fronteras\u00bb\">Jos\u00e9 Antonio Nieto: \u00abLa labor de la Polic\u00eda Nacional es un referente fuera de nuestras fronteras\u00bb<\/a>\n<\/span><\/div>","aioseo_breadcrumb_json":[{"label":"Home","link":"https:\/\/www.eldigitaldeasturias.com\/noticias"},{"label":"Actualidad","link":"https:\/\/www.eldigitaldeasturias.com\/noticias\/category\/actualidad\/"},{"label":"Jos\u00e9 Antonio Nieto: \u00abLa labor de la Polic\u00eda Nacional es un referente fuera de nuestras fronteras\u00bb","link":"https:\/\/www.eldigitaldeasturias.com\/noticias\/jose-antonio-nieto-la-labor-de-la-policia-nacional-es-un-referente-fuera-de-nuestras-fronteras\/"}],"_links":{"self":[{"href":"https:\/\/www.eldigitaldeasturias.com\/noticias\/wp-json\/wp\/v2\/posts\/966369","targetHints":{"allow":["GET"]}}],"collection":[{"href":"https:\/\/www.eldigitaldeasturias.com\/noticias\/wp-json\/wp\/v2\/posts"}],"about":[{"href":"https:\/\/www.eldigitaldeasturias.com\/noticias\/wp-json\/wp\/v2\/types\/post"}],"author":[{"embeddable":true,"href":"https:\/\/www.eldigitaldeasturias.com\/noticias\/wp-json\/wp\/v2\/users\/1"}],"replies":[{"embeddable":true,"href":"https:\/\/www.eldigitaldeasturias.com\/noticias\/wp-json\/wp\/v2\/comments?post=966369"}],"version-history":[{"count":0,"href":"https:\/\/www.eldigitaldeasturias.com\/noticias\/wp-json\/wp\/v2\/posts\/966369\/revisions"}],"wp:attachment":[{"href":"https:\/\/www.eldigitaldeasturias.com\/noticias\/wp-json\/wp\/v2\/media?parent=966369"}],"wp:term":[{"taxonomy":"category","embeddable":true,"href":"https:\/\/www.eldigitaldeasturias.com\/noticias\/wp-json\/wp\/v2\/categories?post=966369"},{"taxonomy":"post_tag","embeddable":true,"href":"https:\/\/www.eldigitaldeasturias.com\/noticias\/wp-json\/wp\/v2\/tags?post=966369"}],"curies":[{"name":"wp","href":"https:\/\/api.w.org\/{rel}","templated":true}]}}