{"id":966353,"date":"2018-01-17T15:30:14","date_gmt":"2018-01-17T15:30:14","guid":{"rendered":"http:\/\/www.eldigitaldeasturias.com\/noticias\/?p=966353"},"modified":"2018-01-17T15:30:14","modified_gmt":"2018-01-17T15:30:14","slug":"espana-seguira-apostando-por-la-erradicacion-del-antisemitismo","status":"publish","type":"post","link":"https:\/\/www.eldigitaldeasturias.com\/noticias\/espana-seguira-apostando-por-la-erradicacion-del-antisemitismo\/","title":{"rendered":"Espa\u00f1a seguir\u00e1 apostando por la erradicaci\u00f3n del antisemitismo"},"content":{"rendered":"<p><img loading=\"lazy\" decoding=\"async\" class=\"alignleft size-medium wp-image-966354\" src=\"https:\/\/www.eldigitaldeasturias.com\/noticias\/wp-content\/uploads\/2018\/01\/170118Antisemitismo-360x239.jpg\" alt=\"\" width=\"360\" height=\"239\" \/>El Ministerio de Educaci\u00f3n, Cultura y Deporte va a suscribir pr\u00f3ximamente varios convenios con la Federaci\u00f3n de Comunidades Jud\u00edas de Espa\u00f1a, para la erradicaci\u00f3n del antisemitismo, con la Fundaci\u00f3n Ana Frank y con la Fundaci\u00f3n Yad Vashem de Jerusal\u00e9n.<\/p>\n<p>\u200bAs\u00ed lo ha dado a conocer el secretario de Estado de Educaci\u00f3n, Formaci\u00f3n Profesional y Universidades, Marcial Mar\u00edn, en la inauguraci\u00f3n del Seminario de Antisemitismo en Espa\u00f1a, Educar en valores, que se celebra en Madrid, organizado por el Centro Nacional de Innovaci\u00f3n e Investigaci\u00f3n Educativa.<\/p>\n<p>En la apertura de estas jornadas, con la presencia de varios embajadores, el secretario de Estado ha destacado la importancia de la Educaci\u00f3n como instrumento para el desarrollo personal y el protagonismo de los valores, ya que \u00abla formaci\u00f3n en tolerancia y respeto hacia las diferencias se hace imprescindible\u00bb.<\/p>\n<p>Por ello, ha hecho hincapi\u00e9 en que nuestro sistema educativo se fundamenta en los valores de la Constituci\u00f3n Espa\u00f1ola, \u00abconcediendo una especial importancia a la formaci\u00f3n para la paz, el respeto a los derechos humanos, la vida en com\u00fan, la cohesi\u00f3n social, la cooperaci\u00f3n y la solidaridad entre los pueblos\u00bb.<\/p>\n<p>Asimismo, ha resaltado c\u00f3mo en el \u00faltimo Consejo de Ministros de la UE el ministro de Educaci\u00f3n, Cultura y Deporte, \u00cd\u00f1igo M\u00e9ndez de Vigo, manifest\u00f3 que aspiramos a \u00abque los valores europeos que todos compartimos se trasladen a los pupitres, a nuestras aulas de estudio, como objeto de transmisi\u00f3n de saberes y vivencias\u00bb.<\/p>\n<p>Por todo ello, tras comprobar que el antisemitismo no ha sido erradicado de Europa e incluso ha cobrado una presencia preocupante en nuestro pa\u00eds, Marcial Mar\u00edn ha centrado en los actos del D\u00eda Oficial de la Memoria del Holocausto y la Prevenci\u00f3n de los Cr\u00edmenes contra la Humanidad, el 27 de enero, todo cuanto se est\u00e1 haciendo en los centros en este \u00e1mbito.<\/p>\n<p>De esta forma, ha considerado que los alumnos de toda Espa\u00f1a tienen acceso a una rica formaci\u00f3n, gracias al inter\u00e9s demostrado por los docentes, a la hora de inculcar la prevenci\u00f3n y resoluci\u00f3n pac\u00edfica de conflictos en todos los \u00e1mbitos de la vida personal, familiar y social, as\u00ed como de los valores que sustentan la democracia y los derechos humanos. En este campo, se ha dado especial relevancia a la prevenci\u00f3n de la violencia de g\u00e9nero y al estudio del Holocausto jud\u00edo.<\/p>\n","protected":false},"excerpt":{"rendered":"<p>El Ministerio de Educaci\u00f3n, Cultura y Deporte va a suscribir pr\u00f3ximamente varios convenios con la Federaci\u00f3n de Comunidades Jud\u00edas de Espa\u00f1a, para la erradicaci\u00f3n del antisemitismo, con la Fundaci\u00f3n Ana Frank y con la Fundaci\u00f3n Yad Vashem de Jerusal\u00e9n. \u200bAs\u00ed lo ha dado a conocer el secretario de Estado de Educaci\u00f3n, Formaci\u00f3n Profesional y Universidades, [&hellip;]<\/p>\n","protected":false},"author":1,"featured_media":966354,"comment_status":"closed","ping_status":"closed","sticky":false,"template":"","format":"standard","meta":{"footnotes":""},"categories":[1],"tags":[],"class_list":["post-966353","post","type-post","status-publish","format-standard","has-post-thumbnail","hentry","category-actualidad"],"aioseo_notices":[],"aioseo_head":"\n\t\t<!-- All in One SEO Pro 5.0.1 - aioseo.com -->\n\t<meta name=\"description\" content=\"El Ministerio de Educaci\u00f3n, Cultura y Deporte va a suscribir pr\u00f3ximamente varios convenios con la Federaci\u00f3n de Comunidades Jud\u00edas de Espa\u00f1a, para la erradicaci\u00f3n del antisemitismo, con la Fundaci\u00f3n Ana Frank y con la Fundaci\u00f3n Yad Vashem de Jerusal\u00e9n. \u200bAs\u00ed lo ha dado a conocer el secretario de Estado de Educaci\u00f3n, Formaci\u00f3n Profesional y Universidades,\" \/>\n\t<meta name=\"robots\" content=\"max-image-preview:large\" \/>\n\t<meta name=\"author\" content=\"El Digital de Asturias\"\/>\n\t<meta name=\"google-site-verification\" content=\"UA-38556648-1\" \/>\n\t<meta name=\"msvalidate.01\" content=\"7dfe9f3f1b24437ab69f4f2559babe99\" \/>\n\t<meta name=\"keywords\" content=\"actualidad\" \/>\n\t<link rel=\"canonical\" href=\"https:\/\/www.eldigitaldeasturias.com\/noticias\/espana-seguira-apostando-por-la-erradicacion-del-antisemitismo\/\" \/>\n\t<meta name=\"generator\" content=\"All in One SEO Pro (AIOSEO) 5.0.1\" \/>\n\t\t<meta property=\"og:locale\" content=\"es_ES\" \/>\n\t\t<meta property=\"og:site_name\" content=\"El Digital de Asturias\" \/>\n\t\t<meta property=\"og:type\" content=\"article\" \/>\n\t\t<meta property=\"og:title\" content=\"Espa\u00f1a seguir\u00e1 apostando por la erradicaci\u00f3n del antisemitismo - El Digital de Asturias\" \/>\n\t\t<meta property=\"og:description\" content=\"El Ministerio de Educaci\u00f3n, Cultura y Deporte va a suscribir pr\u00f3ximamente varios convenios con la Federaci\u00f3n de Comunidades Jud\u00edas de Espa\u00f1a, para la erradicaci\u00f3n del antisemitismo, con la Fundaci\u00f3n Ana Frank y con la Fundaci\u00f3n Yad Vashem de Jerusal\u00e9n. \u200bAs\u00ed lo ha dado a conocer el secretario de Estado de Educaci\u00f3n, Formaci\u00f3n Profesional y Universidades,\" \/>\n\t\t<meta property=\"og:url\" content=\"https:\/\/www.eldigitaldeasturias.com\/noticias\/espana-seguira-apostando-por-la-erradicacion-del-antisemitismo\/\" \/>\n\t\t<meta property=\"article:tag\" content=\"actualidad\" \/>\n\t\t<meta property=\"article:published_time\" content=\"2018-01-17T15:30:14+00:00\" \/>\n\t\t<meta property=\"article:modified_time\" content=\"2018-01-17T15:30:14+00:00\" \/>\n\t\t<meta property=\"article:publisher\" content=\"https:\/\/facebook.com\/eldigitaldeasturias\" \/>\n\t\t<meta name=\"twitter:card\" content=\"summary_large_image\" \/>\n\t\t<meta name=\"twitter:title\" content=\"Espa\u00f1a seguir\u00e1 apostando por la erradicaci\u00f3n del antisemitismo - El Digital de Asturias\" \/>\n\t\t<meta name=\"twitter:description\" content=\"El Ministerio de Educaci\u00f3n, Cultura y Deporte va a suscribir pr\u00f3ximamente varios convenios con la Federaci\u00f3n de Comunidades Jud\u00edas de Espa\u00f1a, para la erradicaci\u00f3n del antisemitismo, con la Fundaci\u00f3n Ana Frank y con la Fundaci\u00f3n Yad Vashem de Jerusal\u00e9n. \u200bAs\u00ed lo ha dado a conocer el secretario de Estado de Educaci\u00f3n, Formaci\u00f3n Profesional y Universidades,\" \/>\n\t\t<meta name=\"twitter:image\" content=\"https:\/\/www.eldigitaldeasturias.com\/noticias\/wp-content\/uploads\/2020\/12\/EDA-1.jpg\" \/>\n\t\t<meta name=\"twitter:label1\" content=\"Escrito por\" \/>\n\t\t<meta name=\"twitter:data1\" content=\"El Digital de Asturias\" \/>\n\t\t<meta name=\"twitter:label2\" content=\"Tiempo de lectura estimado\" \/>\n\t\t<meta name=\"twitter:data2\" content=\"2 minutos\" \/>\n\t\t<script type=\"application\/ld+json\" class=\"aioseo-schema\">\n\t\t\t{\"@context\":\"https:\\\/\\\/schema.org\",\"@graph\":[{\"@type\":\"BlogPosting\",\"@id\":\"https:\\\/\\\/www.eldigitaldeasturias.com\\\/noticias\\\/espana-seguira-apostando-por-la-erradicacion-del-antisemitismo\\\/#blogposting\",\"name\":\"Espa\\u00f1a seguir\\u00e1 apostando por la erradicaci\\u00f3n del antisemitismo - El Digital de Asturias\",\"headline\":\"Espa\\u00f1a seguir\\u00e1 apostando por la erradicaci\\u00f3n del antisemitismo\",\"author\":{\"@id\":\"https:\\\/\\\/www.eldigitaldeasturias.com\\\/noticias\\\/author\\\/admin\\\/#author\"},\"publisher\":{\"@id\":\"https:\\\/\\\/www.eldigitaldeasturias.com\\\/noticias\\\/#organization\"},\"image\":{\"@type\":\"ImageObject\",\"url\":966354},\"datePublished\":\"2018-01-17T15:30:14+01:00\",\"dateModified\":\"2018-01-17T15:30:14+01:00\",\"inLanguage\":\"es-ES\",\"mainEntityOfPage\":{\"@id\":\"https:\\\/\\\/www.eldigitaldeasturias.com\\\/noticias\\\/espana-seguira-apostando-por-la-erradicacion-del-antisemitismo\\\/#webpage\"},\"isPartOf\":{\"@id\":\"https:\\\/\\\/www.eldigitaldeasturias.com\\\/noticias\\\/espana-seguira-apostando-por-la-erradicacion-del-antisemitismo\\\/#webpage\"},\"articleSection\":\"Actualidad\"},{\"@type\":\"BreadcrumbList\",\"@id\":\"https:\\\/\\\/www.eldigitaldeasturias.com\\\/noticias\\\/espana-seguira-apostando-por-la-erradicacion-del-antisemitismo\\\/#breadcrumblist\",\"itemListElement\":[{\"@type\":\"ListItem\",\"@id\":\"https:\\\/\\\/www.eldigitaldeasturias.com\\\/noticias#listItem\",\"position\":1,\"name\":\"Home\",\"item\":\"https:\\\/\\\/www.eldigitaldeasturias.com\\\/noticias\",\"nextItem\":{\"@type\":\"ListItem\",\"@id\":\"https:\\\/\\\/www.eldigitaldeasturias.com\\\/noticias\\\/category\\\/actualidad\\\/#listItem\",\"name\":\"Actualidad\"}},{\"@type\":\"ListItem\",\"@id\":\"https:\\\/\\\/www.eldigitaldeasturias.com\\\/noticias\\\/category\\\/actualidad\\\/#listItem\",\"position\":2,\"name\":\"Actualidad\",\"item\":\"https:\\\/\\\/www.eldigitaldeasturias.com\\\/noticias\\\/category\\\/actualidad\\\/\",\"nextItem\":{\"@type\":\"ListItem\",\"@id\":\"https:\\\/\\\/www.eldigitaldeasturias.com\\\/noticias\\\/espana-seguira-apostando-por-la-erradicacion-del-antisemitismo\\\/#listItem\",\"name\":\"Espa\\u00f1a seguir\\u00e1 apostando por la erradicaci\\u00f3n del antisemitismo\"},\"previousItem\":{\"@type\":\"ListItem\",\"@id\":\"https:\\\/\\\/www.eldigitaldeasturias.com\\\/noticias#listItem\",\"name\":\"Home\"}},{\"@type\":\"ListItem\",\"@id\":\"https:\\\/\\\/www.eldigitaldeasturias.com\\\/noticias\\\/espana-seguira-apostando-por-la-erradicacion-del-antisemitismo\\\/#listItem\",\"position\":3,\"name\":\"Espa\\u00f1a seguir\\u00e1 apostando por la erradicaci\\u00f3n del antisemitismo\",\"previousItem\":{\"@type\":\"ListItem\",\"@id\":\"https:\\\/\\\/www.eldigitaldeasturias.com\\\/noticias\\\/category\\\/actualidad\\\/#listItem\",\"name\":\"Actualidad\"}}]},{\"@type\":\"Organization\",\"@id\":\"https:\\\/\\\/www.eldigitaldeasturias.com\\\/noticias\\\/#organization\",\"name\":\"El Digital de Asturias\",\"description\":\"Hemeroteca\",\"url\":\"https:\\\/\\\/www.eldigitaldeasturias.com\\\/noticias\\\/\",\"email\":\"info@eldigitaldeasturias.com\",\"telephone\":\"+34652131393\",\"logo\":{\"@type\":\"ImageObject\",\"url\":\"https:\\\/\\\/www.eldigitaldeasturias.com\\\/noticias\\\/wp-content\\\/uploads\\\/2020\\\/12\\\/EDA.jpg\",\"@id\":\"https:\\\/\\\/www.eldigitaldeasturias.com\\\/noticias\\\/espana-seguira-apostando-por-la-erradicacion-del-antisemitismo\\\/#organizationLogo\"},\"image\":{\"@id\":\"https:\\\/\\\/www.eldigitaldeasturias.com\\\/noticias\\\/espana-seguira-apostando-por-la-erradicacion-del-antisemitismo\\\/#organizationLogo\"},\"sameAs\":[\"https:\\\/\\\/facebook.com\\\/eldigitaldeasturias\",\"https:\\\/\\\/www.youtube.com\\\/channel\\\/UCZP-2wLEB9Rv6erhFmqVnvg\"],\"address\":{\"@id\":\"https:\\\/\\\/www.eldigitaldeasturias.com\\\/noticias\\\/#postaladdress\",\"@type\":\"PostalAddress\",\"streetAddress\":\"san antonio 4\",\"postalCode\":\"33430\",\"addressLocality\":\"Cand\\u00e1s\",\"addressRegion\":\"Asturias\",\"addressCountry\":\"ES\"}},{\"@type\":\"Person\",\"@id\":\"https:\\\/\\\/www.eldigitaldeasturias.com\\\/noticias\\\/author\\\/admin\\\/#author\",\"url\":\"https:\\\/\\\/www.eldigitaldeasturias.com\\\/noticias\\\/author\\\/admin\\\/\",\"name\":\"El Digital de Asturias\",\"image\":{\"@type\":\"ImageObject\",\"@id\":\"https:\\\/\\\/www.eldigitaldeasturias.com\\\/noticias\\\/espana-seguira-apostando-por-la-erradicacion-del-antisemitismo\\\/#authorImage\",\"url\":\"https:\\\/\\\/secure.gravatar.com\\\/avatar\\\/df2aeffc32bcd13f8d26072ef8a91b623d677766deac7f97ca815868cd41bf5e?s=96&d=mm&r=g\",\"width\":96,\"height\":96,\"caption\":\"El Digital de Asturias\"}},{\"@type\":\"WebPage\",\"@id\":\"https:\\\/\\\/www.eldigitaldeasturias.com\\\/noticias\\\/espana-seguira-apostando-por-la-erradicacion-del-antisemitismo\\\/#webpage\",\"url\":\"https:\\\/\\\/www.eldigitaldeasturias.com\\\/noticias\\\/espana-seguira-apostando-por-la-erradicacion-del-antisemitismo\\\/\",\"name\":\"Espa\\u00f1a seguir\\u00e1 apostando por la erradicaci\\u00f3n del antisemitismo - El Digital de Asturias\",\"description\":\"El Ministerio de Educaci\\u00f3n, Cultura y Deporte va a suscribir pr\\u00f3ximamente varios convenios con la Federaci\\u00f3n de Comunidades Jud\\u00edas de Espa\\u00f1a, para la erradicaci\\u00f3n del antisemitismo, con la Fundaci\\u00f3n Ana Frank y con la Fundaci\\u00f3n Yad Vashem de Jerusal\\u00e9n. \\u200bAs\\u00ed lo ha dado a conocer el secretario de Estado de Educaci\\u00f3n, Formaci\\u00f3n Profesional y Universidades,\",\"inLanguage\":\"es-ES\",\"isPartOf\":{\"@id\":\"https:\\\/\\\/www.eldigitaldeasturias.com\\\/noticias\\\/#website\"},\"breadcrumb\":{\"@id\":\"https:\\\/\\\/www.eldigitaldeasturias.com\\\/noticias\\\/espana-seguira-apostando-por-la-erradicacion-del-antisemitismo\\\/#breadcrumblist\"},\"author\":{\"@id\":\"https:\\\/\\\/www.eldigitaldeasturias.com\\\/noticias\\\/author\\\/admin\\\/#author\"},\"creator\":{\"@id\":\"https:\\\/\\\/www.eldigitaldeasturias.com\\\/noticias\\\/author\\\/admin\\\/#author\"},\"image\":{\"@type\":\"ImageObject\",\"url\":966354,\"@id\":\"https:\\\/\\\/www.eldigitaldeasturias.com\\\/noticias\\\/espana-seguira-apostando-por-la-erradicacion-del-antisemitismo\\\/#mainImage\"},\"primaryImageOfPage\":{\"@id\":\"https:\\\/\\\/www.eldigitaldeasturias.com\\\/noticias\\\/espana-seguira-apostando-por-la-erradicacion-del-antisemitismo\\\/#mainImage\"},\"datePublished\":\"2018-01-17T15:30:14+01:00\",\"dateModified\":\"2018-01-17T15:30:14+01:00\"},{\"@type\":\"WebSite\",\"@id\":\"https:\\\/\\\/www.eldigitaldeasturias.com\\\/noticias\\\/#website\",\"url\":\"https:\\\/\\\/www.eldigitaldeasturias.com\\\/noticias\\\/\",\"name\":\"El Digital de Asturias - Diario de actualidad y noticias\",\"alternateName\":\"El Digital de Asturias - Diario de actualidad y noticias\",\"description\":\"Hemeroteca\",\"inLanguage\":\"es-ES\",\"publisher\":{\"@id\":\"https:\\\/\\\/www.eldigitaldeasturias.com\\\/noticias\\\/#organization\"}}]}\n\t\t<\/script>\n\t\t<!-- All in One SEO Pro -->\r\n\t\t<title>Espa\u00f1a seguir\u00e1 apostando por la erradicaci\u00f3n del antisemitismo - El Digital de Asturias<\/title>\n\n","aioseo_head_json":{"title":"Espa\u00f1a seguir\u00e1 apostando por la erradicaci\u00f3n del antisemitismo - El Digital de Asturias","description":"El Ministerio de Educaci\u00f3n, Cultura y Deporte va a suscribir pr\u00f3ximamente varios convenios con la Federaci\u00f3n de Comunidades Jud\u00edas de Espa\u00f1a, para la erradicaci\u00f3n del antisemitismo, con la Fundaci\u00f3n Ana Frank y con la Fundaci\u00f3n Yad Vashem de Jerusal\u00e9n. \u200bAs\u00ed lo ha dado a conocer el secretario de Estado de Educaci\u00f3n, Formaci\u00f3n Profesional y Universidades,","canonical_url":"https:\/\/www.eldigitaldeasturias.com\/noticias\/espana-seguira-apostando-por-la-erradicacion-del-antisemitismo\/","robots":"max-image-preview:large","keywords":"actualidad","webmasterTools":{"google-site-verification":"UA-38556648-1","msvalidate.01":"7dfe9f3f1b24437ab69f4f2559babe99","miscellaneous":""},"schema":{"@context":"https:\/\/schema.org","@graph":[{"@type":"BlogPosting","@id":"https:\/\/www.eldigitaldeasturias.com\/noticias\/espana-seguira-apostando-por-la-erradicacion-del-antisemitismo\/#blogposting","name":"Espa\u00f1a seguir\u00e1 apostando por la erradicaci\u00f3n del antisemitismo - El Digital de Asturias","headline":"Espa\u00f1a seguir\u00e1 apostando por la erradicaci\u00f3n del antisemitismo","author":{"@id":"https:\/\/www.eldigitaldeasturias.com\/noticias\/author\/admin\/#author"},"publisher":{"@id":"https:\/\/www.eldigitaldeasturias.com\/noticias\/#organization"},"image":{"@type":"ImageObject","url":966354},"datePublished":"2018-01-17T15:30:14+01:00","dateModified":"2018-01-17T15:30:14+01:00","inLanguage":"es-ES","mainEntityOfPage":{"@id":"https:\/\/www.eldigitaldeasturias.com\/noticias\/espana-seguira-apostando-por-la-erradicacion-del-antisemitismo\/#webpage"},"isPartOf":{"@id":"https:\/\/www.eldigitaldeasturias.com\/noticias\/espana-seguira-apostando-por-la-erradicacion-del-antisemitismo\/#webpage"},"articleSection":"Actualidad"},{"@type":"BreadcrumbList","@id":"https:\/\/www.eldigitaldeasturias.com\/noticias\/espana-seguira-apostando-por-la-erradicacion-del-antisemitismo\/#breadcrumblist","itemListElement":[{"@type":"ListItem","@id":"https:\/\/www.eldigitaldeasturias.com\/noticias#listItem","position":1,"name":"Home","item":"https:\/\/www.eldigitaldeasturias.com\/noticias","nextItem":{"@type":"ListItem","@id":"https:\/\/www.eldigitaldeasturias.com\/noticias\/category\/actualidad\/#listItem","name":"Actualidad"}},{"@type":"ListItem","@id":"https:\/\/www.eldigitaldeasturias.com\/noticias\/category\/actualidad\/#listItem","position":2,"name":"Actualidad","item":"https:\/\/www.eldigitaldeasturias.com\/noticias\/category\/actualidad\/","nextItem":{"@type":"ListItem","@id":"https:\/\/www.eldigitaldeasturias.com\/noticias\/espana-seguira-apostando-por-la-erradicacion-del-antisemitismo\/#listItem","name":"Espa\u00f1a seguir\u00e1 apostando por la erradicaci\u00f3n del antisemitismo"},"previousItem":{"@type":"ListItem","@id":"https:\/\/www.eldigitaldeasturias.com\/noticias#listItem","name":"Home"}},{"@type":"ListItem","@id":"https:\/\/www.eldigitaldeasturias.com\/noticias\/espana-seguira-apostando-por-la-erradicacion-del-antisemitismo\/#listItem","position":3,"name":"Espa\u00f1a seguir\u00e1 apostando por la erradicaci\u00f3n del antisemitismo","previousItem":{"@type":"ListItem","@id":"https:\/\/www.eldigitaldeasturias.com\/noticias\/category\/actualidad\/#listItem","name":"Actualidad"}}]},{"@type":"Organization","@id":"https:\/\/www.eldigitaldeasturias.com\/noticias\/#organization","name":"El Digital de Asturias","description":"Hemeroteca","url":"https:\/\/www.eldigitaldeasturias.com\/noticias\/","email":"info@eldigitaldeasturias.com","telephone":"+34652131393","logo":{"@type":"ImageObject","url":"https:\/\/www.eldigitaldeasturias.com\/noticias\/wp-content\/uploads\/2020\/12\/EDA.jpg","@id":"https:\/\/www.eldigitaldeasturias.com\/noticias\/espana-seguira-apostando-por-la-erradicacion-del-antisemitismo\/#organizationLogo"},"image":{"@id":"https:\/\/www.eldigitaldeasturias.com\/noticias\/espana-seguira-apostando-por-la-erradicacion-del-antisemitismo\/#organizationLogo"},"sameAs":["https:\/\/facebook.com\/eldigitaldeasturias","https:\/\/www.youtube.com\/channel\/UCZP-2wLEB9Rv6erhFmqVnvg"],"address":{"@id":"https:\/\/www.eldigitaldeasturias.com\/noticias\/#postaladdress","@type":"PostalAddress","streetAddress":"san antonio 4","postalCode":"33430","addressLocality":"Cand\u00e1s","addressRegion":"Asturias","addressCountry":"ES"}},{"@type":"Person","@id":"https:\/\/www.eldigitaldeasturias.com\/noticias\/author\/admin\/#author","url":"https:\/\/www.eldigitaldeasturias.com\/noticias\/author\/admin\/","name":"El Digital de Asturias","image":{"@type":"ImageObject","@id":"https:\/\/www.eldigitaldeasturias.com\/noticias\/espana-seguira-apostando-por-la-erradicacion-del-antisemitismo\/#authorImage","url":"https:\/\/secure.gravatar.com\/avatar\/df2aeffc32bcd13f8d26072ef8a91b623d677766deac7f97ca815868cd41bf5e?s=96&d=mm&r=g","width":96,"height":96,"caption":"El Digital de Asturias"}},{"@type":"WebPage","@id":"https:\/\/www.eldigitaldeasturias.com\/noticias\/espana-seguira-apostando-por-la-erradicacion-del-antisemitismo\/#webpage","url":"https:\/\/www.eldigitaldeasturias.com\/noticias\/espana-seguira-apostando-por-la-erradicacion-del-antisemitismo\/","name":"Espa\u00f1a seguir\u00e1 apostando por la erradicaci\u00f3n del antisemitismo - El Digital de Asturias","description":"El Ministerio de Educaci\u00f3n, Cultura y Deporte va a suscribir pr\u00f3ximamente varios convenios con la Federaci\u00f3n de Comunidades Jud\u00edas de Espa\u00f1a, para la erradicaci\u00f3n del antisemitismo, con la Fundaci\u00f3n Ana Frank y con la Fundaci\u00f3n Yad Vashem de Jerusal\u00e9n. \u200bAs\u00ed lo ha dado a conocer el secretario de Estado de Educaci\u00f3n, Formaci\u00f3n Profesional y Universidades,","inLanguage":"es-ES","isPartOf":{"@id":"https:\/\/www.eldigitaldeasturias.com\/noticias\/#website"},"breadcrumb":{"@id":"https:\/\/www.eldigitaldeasturias.com\/noticias\/espana-seguira-apostando-por-la-erradicacion-del-antisemitismo\/#breadcrumblist"},"author":{"@id":"https:\/\/www.eldigitaldeasturias.com\/noticias\/author\/admin\/#author"},"creator":{"@id":"https:\/\/www.eldigitaldeasturias.com\/noticias\/author\/admin\/#author"},"image":{"@type":"ImageObject","url":966354,"@id":"https:\/\/www.eldigitaldeasturias.com\/noticias\/espana-seguira-apostando-por-la-erradicacion-del-antisemitismo\/#mainImage"},"primaryImageOfPage":{"@id":"https:\/\/www.eldigitaldeasturias.com\/noticias\/espana-seguira-apostando-por-la-erradicacion-del-antisemitismo\/#mainImage"},"datePublished":"2018-01-17T15:30:14+01:00","dateModified":"2018-01-17T15:30:14+01:00"},{"@type":"WebSite","@id":"https:\/\/www.eldigitaldeasturias.com\/noticias\/#website","url":"https:\/\/www.eldigitaldeasturias.com\/noticias\/","name":"El Digital de Asturias - Diario de actualidad y noticias","alternateName":"El Digital de Asturias - Diario de actualidad y noticias","description":"Hemeroteca","inLanguage":"es-ES","publisher":{"@id":"https:\/\/www.eldigitaldeasturias.com\/noticias\/#organization"}}]},"og:locale":"es_ES","og:site_name":"El Digital de Asturias","og:type":"article","og:title":"Espa\u00f1a seguir\u00e1 apostando por la erradicaci\u00f3n del antisemitismo - El Digital de Asturias","og:description":"El Ministerio de Educaci\u00f3n, Cultura y Deporte va a suscribir pr\u00f3ximamente varios convenios con la Federaci\u00f3n de Comunidades Jud\u00edas de Espa\u00f1a, para la erradicaci\u00f3n del antisemitismo, con la Fundaci\u00f3n Ana Frank y con la Fundaci\u00f3n Yad Vashem de Jerusal\u00e9n. \u200bAs\u00ed lo ha dado a conocer el secretario de Estado de Educaci\u00f3n, Formaci\u00f3n Profesional y Universidades,","og:url":"https:\/\/www.eldigitaldeasturias.com\/noticias\/espana-seguira-apostando-por-la-erradicacion-del-antisemitismo\/","article:tag":["actualidad"],"article:published_time":"2018-01-17T15:30:14+00:00","article:modified_time":"2018-01-17T15:30:14+00:00","article:publisher":"https:\/\/facebook.com\/eldigitaldeasturias","twitter:card":"summary_large_image","twitter:title":"Espa\u00f1a seguir\u00e1 apostando por la erradicaci\u00f3n del antisemitismo - El Digital de Asturias","twitter:description":"El Ministerio de Educaci\u00f3n, Cultura y Deporte va a suscribir pr\u00f3ximamente varios convenios con la Federaci\u00f3n de Comunidades Jud\u00edas de Espa\u00f1a, para la erradicaci\u00f3n del antisemitismo, con la Fundaci\u00f3n Ana Frank y con la Fundaci\u00f3n Yad Vashem de Jerusal\u00e9n. \u200bAs\u00ed lo ha dado a conocer el secretario de Estado de Educaci\u00f3n, Formaci\u00f3n Profesional y Universidades,","twitter:image":"https:\/\/www.eldigitaldeasturias.com\/noticias\/wp-content\/uploads\/2020\/12\/EDA-1.jpg","twitter:label1":"Escrito por","twitter:data1":"El Digital de Asturias","twitter:label2":"Tiempo de lectura estimado","twitter:data2":"2 minutos"},"aioseo_meta_data":{"post_id":"966353","title":null,"description":null,"keywords":null,"keyphrases":null,"primary_term":null,"canonical_url":null,"og_title":null,"og_description":null,"og_object_type":"default","og_image_type":"default","og_image_url":null,"og_image_width":null,"og_image_height":null,"og_image_custom_url":null,"og_image_custom_fields":null,"og_video":null,"og_custom_url":null,"og_article_section":null,"og_article_tags":null,"twitter_use_og":false,"twitter_card":"default","twitter_image_type":"default","twitter_image_url":null,"twitter_image_custom_url":null,"twitter_image_custom_fields":null,"twitter_title":null,"twitter_description":null,"schema":{"blockGraphs":[],"customGraphs":[],"default":{"data":{"Article":[],"Course":[],"Dataset":[],"FAQPage":[],"Movie":[],"Person":[],"Product":[],"ProductReview":[],"Car":[],"Recipe":[],"Service":[],"SoftwareApplication":[],"WebPage":[]},"graphName":"","isEnabled":true},"graphs":[],"defaultGraph":"","defaultPostTypeGraph":""},"schema_type":null,"schema_type_options":null,"pillar_content":false,"robots_default":true,"robots_noindex":false,"robots_noarchive":false,"robots_nosnippet":false,"robots_nofollow":false,"robots_noimageindex":false,"robots_noodp":false,"robots_notranslate":false,"robots_max_snippet":null,"robots_max_videopreview":null,"robots_max_imagepreview":"large","priority":null,"frequency":null,"local_seo":null,"seo_analyzer_scan_date":"2025-10-06 15:16:07","breadcrumb_settings":null,"limit_modified_date":false,"open_ai":null,"ai":null,"created":"2020-12-21 12:35:37","updated":"2025-10-06 15:16:07","focus_keyword":null,"additional_keywords":null,"truseo_locale":null},"aioseo_breadcrumb":"<div class=\"aioseo-breadcrumbs\"><span class=\"aioseo-breadcrumb\">\n\t<a href=\"https:\/\/www.eldigitaldeasturias.com\/noticias\" title=\"Home\">Home<\/a>\n<\/span><span class=\"aioseo-breadcrumb-separator\">\u2013<\/span><span class=\"aioseo-breadcrumb\">\n\t<a href=\"https:\/\/www.eldigitaldeasturias.com\/noticias\/category\/actualidad\/\" title=\"Actualidad\">Actualidad<\/a>\n<\/span><span class=\"aioseo-breadcrumb-separator\">\u2013<\/span><span class=\"aioseo-breadcrumb\">\n\t<a href=\"https:\/\/www.eldigitaldeasturias.com\/noticias\/espana-seguira-apostando-por-la-erradicacion-del-antisemitismo\/\" title=\"Espa\u00f1a seguir\u00e1 apostando por la erradicaci\u00f3n del antisemitismo\">Espa\u00f1a seguir\u00e1 apostando por la erradicaci\u00f3n del antisemitismo<\/a>\n<\/span><\/div>","aioseo_breadcrumb_json":[{"label":"Home","link":"https:\/\/www.eldigitaldeasturias.com\/noticias"},{"label":"Actualidad","link":"https:\/\/www.eldigitaldeasturias.com\/noticias\/category\/actualidad\/"},{"label":"Espa\u00f1a seguir\u00e1 apostando por la erradicaci\u00f3n del antisemitismo","link":"https:\/\/www.eldigitaldeasturias.com\/noticias\/espana-seguira-apostando-por-la-erradicacion-del-antisemitismo\/"}],"_links":{"self":[{"href":"https:\/\/www.eldigitaldeasturias.com\/noticias\/wp-json\/wp\/v2\/posts\/966353","targetHints":{"allow":["GET"]}}],"collection":[{"href":"https:\/\/www.eldigitaldeasturias.com\/noticias\/wp-json\/wp\/v2\/posts"}],"about":[{"href":"https:\/\/www.eldigitaldeasturias.com\/noticias\/wp-json\/wp\/v2\/types\/post"}],"author":[{"embeddable":true,"href":"https:\/\/www.eldigitaldeasturias.com\/noticias\/wp-json\/wp\/v2\/users\/1"}],"replies":[{"embeddable":true,"href":"https:\/\/www.eldigitaldeasturias.com\/noticias\/wp-json\/wp\/v2\/comments?post=966353"}],"version-history":[{"count":0,"href":"https:\/\/www.eldigitaldeasturias.com\/noticias\/wp-json\/wp\/v2\/posts\/966353\/revisions"}],"wp:attachment":[{"href":"https:\/\/www.eldigitaldeasturias.com\/noticias\/wp-json\/wp\/v2\/media?parent=966353"}],"wp:term":[{"taxonomy":"category","embeddable":true,"href":"https:\/\/www.eldigitaldeasturias.com\/noticias\/wp-json\/wp\/v2\/categories?post=966353"},{"taxonomy":"post_tag","embeddable":true,"href":"https:\/\/www.eldigitaldeasturias.com\/noticias\/wp-json\/wp\/v2\/tags?post=966353"}],"curies":[{"name":"wp","href":"https:\/\/api.w.org\/{rel}","templated":true}]}}