{"id":966262,"date":"2018-01-16T23:37:55","date_gmt":"2018-01-16T23:37:55","guid":{"rendered":"http:\/\/www.eldigitaldeasturias.com\/noticias\/?p=966262"},"modified":"2018-01-16T23:37:55","modified_gmt":"2018-01-16T23:37:55","slug":"recortes-cero-se-concentrara-frente-al-parlament-de-catalunya","status":"publish","type":"post","link":"https:\/\/www.eldigitaldeasturias.com\/noticias\/recortes-cero-se-concentrara-frente-al-parlament-de-catalunya\/","title":{"rendered":"Recortes Cero se concentrar\u00e1 frente al Parlament de Catalunya"},"content":{"rendered":"<p><img loading=\"lazy\" decoding=\"async\" class=\"alignleft size-medium wp-image-966263\" src=\"https:\/\/www.eldigitaldeasturias.com\/noticias\/wp-content\/uploads\/2018\/01\/No-volem-murs-360x203.jpg\" alt=\"\" width=\"360\" height=\"203\" \/>Ma\u00f1ana mi\u00e9rcoles, 17 de enero, el movimiento social, cultural y\u00a0pol\u00edtico, Recortes Cero, se concentrar\u00e1 frente a las puertas del\u00a0Parlament de Catalunya durante la sesi\u00f3n en la que se debe elegir la\u00a0Mesa del Parlament.<\/p>\n<p>Recortes Cero promovi\u00f3 antes de las elecciones cinco manifiestos que se\u00a0publicaron en tres peri\u00f3dicos diferentes con el apoyo de m\u00e1s de 5 mil\u00a0profesionales y activistas de la izquierda catalana. En ellos, se\u00a0denunciaba la \u201cEstafa Antidemocr\u00e1tica\u201d del 1-O y la \u201cImposici\u00f3n\u00a0Antidemocr\u00e1tica\u201d de la DUI, al mismo tiempo que se rechazaba la\u00a0actuaci\u00f3n del gobierno de Rajoy y la aplicaci\u00f3n del 155.<\/p>\n<p>En el \u00faltimo manifiesto, \u201cRetirar la DUI. Convocar elecciones\u201d, los\u00a0firmantes exig\u00edan la retirada de cualquier objetivo en la l\u00ednea de la\u00a0DUI, la convocatoria de elecciones y una legislatura sosegada, de debate\u00a0e intercambio en el que todas las opciones puedan exponerse en\u00a0condiciones en condiciones de igualdad, una legislatura para retomar la\u00a0lucha contra los recortes, la desigualdad, la violencia de g\u00e9nero y la\u00a0corrupci\u00f3n.<\/p>\n<p>Ma\u00f1ana, Recortes Cero acudir\u00e1 al Parlament a exigir que se den los pasos\u00a0necesarios para la formaci\u00f3n de un Govern que trabaje para el 90% de los\u00a0catalanes y no solo para una parte de ellos. Y que vuelva a poner encima\u00a0de la mesa la imperiosa necesidad de deshacer las pol\u00edticas de recortes,\u00a0de perseguir la corrupci\u00f3n con reformas estructurales y de poner fin a\u00a0la dram\u00e1tica situaci\u00f3n que viven miles de mujeres todos los d\u00edas.<\/p>\n","protected":false},"excerpt":{"rendered":"<p>Ma\u00f1ana mi\u00e9rcoles, 17 de enero, el movimiento social, cultural y\u00a0pol\u00edtico, Recortes Cero, se concentrar\u00e1 frente a las puertas del\u00a0Parlament de Catalunya durante la sesi\u00f3n en la que se debe elegir la\u00a0Mesa del Parlament. Recortes Cero promovi\u00f3 antes de las elecciones cinco manifiestos que se\u00a0publicaron en tres peri\u00f3dicos diferentes con el apoyo de m\u00e1s de 5 [&hellip;]<\/p>\n","protected":false},"author":1,"featured_media":966263,"comment_status":"closed","ping_status":"closed","sticky":false,"template":"","format":"standard","meta":{"footnotes":""},"categories":[1],"tags":[],"class_list":["post-966262","post","type-post","status-publish","format-standard","has-post-thumbnail","hentry","category-actualidad"],"aioseo_notices":[],"aioseo_head":"\n\t\t<!-- All in One SEO Pro 5.0.1 - aioseo.com -->\n\t<meta name=\"description\" content=\"Ma\u00f1ana mi\u00e9rcoles, 17 de enero, el movimiento social, cultural y pol\u00edtico, Recortes Cero, se concentrar\u00e1 frente a las puertas del Parlament de Catalunya durante la sesi\u00f3n en la que se debe elegir la Mesa del Parlament. Recortes Cero promovi\u00f3 antes de las elecciones cinco manifiestos que se publicaron en tres peri\u00f3dicos diferentes con el apoyo de m\u00e1s de 5\" \/>\n\t<meta name=\"robots\" content=\"max-image-preview:large\" \/>\n\t<meta name=\"author\" content=\"El Digital de Asturias\"\/>\n\t<meta name=\"google-site-verification\" content=\"UA-38556648-1\" \/>\n\t<meta name=\"msvalidate.01\" content=\"7dfe9f3f1b24437ab69f4f2559babe99\" \/>\n\t<meta name=\"keywords\" content=\"actualidad\" \/>\n\t<link rel=\"canonical\" href=\"https:\/\/www.eldigitaldeasturias.com\/noticias\/recortes-cero-se-concentrara-frente-al-parlament-de-catalunya\/\" \/>\n\t<meta name=\"generator\" content=\"All in One SEO Pro (AIOSEO) 5.0.1\" \/>\n\t\t<meta property=\"og:locale\" content=\"es_ES\" \/>\n\t\t<meta property=\"og:site_name\" content=\"El Digital de Asturias\" \/>\n\t\t<meta property=\"og:type\" content=\"article\" \/>\n\t\t<meta property=\"og:title\" content=\"Recortes Cero se concentrar\u00e1 frente al Parlament de Catalunya - El Digital de Asturias\" \/>\n\t\t<meta property=\"og:description\" content=\"Ma\u00f1ana mi\u00e9rcoles, 17 de enero, el movimiento social, cultural y pol\u00edtico, Recortes Cero, se concentrar\u00e1 frente a las puertas del Parlament de Catalunya durante la sesi\u00f3n en la que se debe elegir la Mesa del Parlament. Recortes Cero promovi\u00f3 antes de las elecciones cinco manifiestos que se publicaron en tres peri\u00f3dicos diferentes con el apoyo de m\u00e1s de 5\" \/>\n\t\t<meta property=\"og:url\" content=\"https:\/\/www.eldigitaldeasturias.com\/noticias\/recortes-cero-se-concentrara-frente-al-parlament-de-catalunya\/\" \/>\n\t\t<meta property=\"article:tag\" content=\"actualidad\" \/>\n\t\t<meta property=\"article:published_time\" content=\"2018-01-16T23:37:55+00:00\" \/>\n\t\t<meta property=\"article:modified_time\" content=\"2018-01-16T23:37:55+00:00\" \/>\n\t\t<meta property=\"article:publisher\" content=\"https:\/\/facebook.com\/eldigitaldeasturias\" \/>\n\t\t<meta name=\"twitter:card\" content=\"summary_large_image\" \/>\n\t\t<meta name=\"twitter:title\" content=\"Recortes Cero se concentrar\u00e1 frente al Parlament de Catalunya - El Digital de Asturias\" \/>\n\t\t<meta name=\"twitter:description\" content=\"Ma\u00f1ana mi\u00e9rcoles, 17 de enero, el movimiento social, cultural y pol\u00edtico, Recortes Cero, se concentrar\u00e1 frente a las puertas del Parlament de Catalunya durante la sesi\u00f3n en la que se debe elegir la Mesa del Parlament. Recortes Cero promovi\u00f3 antes de las elecciones cinco manifiestos que se publicaron en tres peri\u00f3dicos diferentes con el apoyo de m\u00e1s de 5\" \/>\n\t\t<meta name=\"twitter:image\" content=\"https:\/\/www.eldigitaldeasturias.com\/noticias\/wp-content\/uploads\/2020\/12\/EDA-1.jpg\" \/>\n\t\t<meta name=\"twitter:label1\" content=\"Escrito por\" \/>\n\t\t<meta name=\"twitter:data1\" content=\"El Digital de Asturias\" \/>\n\t\t<meta name=\"twitter:label2\" content=\"Tiempo de lectura estimado\" \/>\n\t\t<meta name=\"twitter:data2\" content=\"1 minuto\" \/>\n\t\t<script type=\"application\/ld+json\" class=\"aioseo-schema\">\n\t\t\t{\"@context\":\"https:\\\/\\\/schema.org\",\"@graph\":[{\"@type\":\"BlogPosting\",\"@id\":\"https:\\\/\\\/www.eldigitaldeasturias.com\\\/noticias\\\/recortes-cero-se-concentrara-frente-al-parlament-de-catalunya\\\/#blogposting\",\"name\":\"Recortes Cero se concentrar\\u00e1 frente al Parlament de Catalunya - El Digital de Asturias\",\"headline\":\"Recortes Cero se concentrar\\u00e1 frente al Parlament de Catalunya\",\"author\":{\"@id\":\"https:\\\/\\\/www.eldigitaldeasturias.com\\\/noticias\\\/author\\\/admin\\\/#author\"},\"publisher\":{\"@id\":\"https:\\\/\\\/www.eldigitaldeasturias.com\\\/noticias\\\/#organization\"},\"image\":{\"@type\":\"ImageObject\",\"url\":966263},\"datePublished\":\"2018-01-16T23:37:55+01:00\",\"dateModified\":\"2018-01-16T23:37:55+01:00\",\"inLanguage\":\"es-ES\",\"mainEntityOfPage\":{\"@id\":\"https:\\\/\\\/www.eldigitaldeasturias.com\\\/noticias\\\/recortes-cero-se-concentrara-frente-al-parlament-de-catalunya\\\/#webpage\"},\"isPartOf\":{\"@id\":\"https:\\\/\\\/www.eldigitaldeasturias.com\\\/noticias\\\/recortes-cero-se-concentrara-frente-al-parlament-de-catalunya\\\/#webpage\"},\"articleSection\":\"Actualidad\"},{\"@type\":\"BreadcrumbList\",\"@id\":\"https:\\\/\\\/www.eldigitaldeasturias.com\\\/noticias\\\/recortes-cero-se-concentrara-frente-al-parlament-de-catalunya\\\/#breadcrumblist\",\"itemListElement\":[{\"@type\":\"ListItem\",\"@id\":\"https:\\\/\\\/www.eldigitaldeasturias.com\\\/noticias#listItem\",\"position\":1,\"name\":\"Home\",\"item\":\"https:\\\/\\\/www.eldigitaldeasturias.com\\\/noticias\",\"nextItem\":{\"@type\":\"ListItem\",\"@id\":\"https:\\\/\\\/www.eldigitaldeasturias.com\\\/noticias\\\/category\\\/actualidad\\\/#listItem\",\"name\":\"Actualidad\"}},{\"@type\":\"ListItem\",\"@id\":\"https:\\\/\\\/www.eldigitaldeasturias.com\\\/noticias\\\/category\\\/actualidad\\\/#listItem\",\"position\":2,\"name\":\"Actualidad\",\"item\":\"https:\\\/\\\/www.eldigitaldeasturias.com\\\/noticias\\\/category\\\/actualidad\\\/\",\"nextItem\":{\"@type\":\"ListItem\",\"@id\":\"https:\\\/\\\/www.eldigitaldeasturias.com\\\/noticias\\\/recortes-cero-se-concentrara-frente-al-parlament-de-catalunya\\\/#listItem\",\"name\":\"Recortes Cero se concentrar\\u00e1 frente al Parlament de Catalunya\"},\"previousItem\":{\"@type\":\"ListItem\",\"@id\":\"https:\\\/\\\/www.eldigitaldeasturias.com\\\/noticias#listItem\",\"name\":\"Home\"}},{\"@type\":\"ListItem\",\"@id\":\"https:\\\/\\\/www.eldigitaldeasturias.com\\\/noticias\\\/recortes-cero-se-concentrara-frente-al-parlament-de-catalunya\\\/#listItem\",\"position\":3,\"name\":\"Recortes Cero se concentrar\\u00e1 frente al Parlament de Catalunya\",\"previousItem\":{\"@type\":\"ListItem\",\"@id\":\"https:\\\/\\\/www.eldigitaldeasturias.com\\\/noticias\\\/category\\\/actualidad\\\/#listItem\",\"name\":\"Actualidad\"}}]},{\"@type\":\"Organization\",\"@id\":\"https:\\\/\\\/www.eldigitaldeasturias.com\\\/noticias\\\/#organization\",\"name\":\"El Digital de Asturias\",\"description\":\"Hemeroteca\",\"url\":\"https:\\\/\\\/www.eldigitaldeasturias.com\\\/noticias\\\/\",\"email\":\"info@eldigitaldeasturias.com\",\"telephone\":\"+34652131393\",\"logo\":{\"@type\":\"ImageObject\",\"url\":\"https:\\\/\\\/www.eldigitaldeasturias.com\\\/noticias\\\/wp-content\\\/uploads\\\/2020\\\/12\\\/EDA.jpg\",\"@id\":\"https:\\\/\\\/www.eldigitaldeasturias.com\\\/noticias\\\/recortes-cero-se-concentrara-frente-al-parlament-de-catalunya\\\/#organizationLogo\"},\"image\":{\"@id\":\"https:\\\/\\\/www.eldigitaldeasturias.com\\\/noticias\\\/recortes-cero-se-concentrara-frente-al-parlament-de-catalunya\\\/#organizationLogo\"},\"sameAs\":[\"https:\\\/\\\/facebook.com\\\/eldigitaldeasturias\",\"https:\\\/\\\/www.youtube.com\\\/channel\\\/UCZP-2wLEB9Rv6erhFmqVnvg\"],\"address\":{\"@id\":\"https:\\\/\\\/www.eldigitaldeasturias.com\\\/noticias\\\/#postaladdress\",\"@type\":\"PostalAddress\",\"streetAddress\":\"san antonio 4\",\"postalCode\":\"33430\",\"addressLocality\":\"Cand\\u00e1s\",\"addressRegion\":\"Asturias\",\"addressCountry\":\"ES\"}},{\"@type\":\"Person\",\"@id\":\"https:\\\/\\\/www.eldigitaldeasturias.com\\\/noticias\\\/author\\\/admin\\\/#author\",\"url\":\"https:\\\/\\\/www.eldigitaldeasturias.com\\\/noticias\\\/author\\\/admin\\\/\",\"name\":\"El Digital de Asturias\",\"image\":{\"@type\":\"ImageObject\",\"@id\":\"https:\\\/\\\/www.eldigitaldeasturias.com\\\/noticias\\\/recortes-cero-se-concentrara-frente-al-parlament-de-catalunya\\\/#authorImage\",\"url\":\"https:\\\/\\\/secure.gravatar.com\\\/avatar\\\/df2aeffc32bcd13f8d26072ef8a91b623d677766deac7f97ca815868cd41bf5e?s=96&d=mm&r=g\",\"width\":96,\"height\":96,\"caption\":\"El Digital de Asturias\"}},{\"@type\":\"WebPage\",\"@id\":\"https:\\\/\\\/www.eldigitaldeasturias.com\\\/noticias\\\/recortes-cero-se-concentrara-frente-al-parlament-de-catalunya\\\/#webpage\",\"url\":\"https:\\\/\\\/www.eldigitaldeasturias.com\\\/noticias\\\/recortes-cero-se-concentrara-frente-al-parlament-de-catalunya\\\/\",\"name\":\"Recortes Cero se concentrar\\u00e1 frente al Parlament de Catalunya - El Digital de Asturias\",\"description\":\"Ma\\u00f1ana mi\\u00e9rcoles, 17 de enero, el movimiento social, cultural y pol\\u00edtico, Recortes Cero, se concentrar\\u00e1 frente a las puertas del Parlament de Catalunya durante la sesi\\u00f3n en la que se debe elegir la Mesa del Parlament. Recortes Cero promovi\\u00f3 antes de las elecciones cinco manifiestos que se publicaron en tres peri\\u00f3dicos diferentes con el apoyo de m\\u00e1s de 5\",\"inLanguage\":\"es-ES\",\"isPartOf\":{\"@id\":\"https:\\\/\\\/www.eldigitaldeasturias.com\\\/noticias\\\/#website\"},\"breadcrumb\":{\"@id\":\"https:\\\/\\\/www.eldigitaldeasturias.com\\\/noticias\\\/recortes-cero-se-concentrara-frente-al-parlament-de-catalunya\\\/#breadcrumblist\"},\"author\":{\"@id\":\"https:\\\/\\\/www.eldigitaldeasturias.com\\\/noticias\\\/author\\\/admin\\\/#author\"},\"creator\":{\"@id\":\"https:\\\/\\\/www.eldigitaldeasturias.com\\\/noticias\\\/author\\\/admin\\\/#author\"},\"image\":{\"@type\":\"ImageObject\",\"url\":966263,\"@id\":\"https:\\\/\\\/www.eldigitaldeasturias.com\\\/noticias\\\/recortes-cero-se-concentrara-frente-al-parlament-de-catalunya\\\/#mainImage\"},\"primaryImageOfPage\":{\"@id\":\"https:\\\/\\\/www.eldigitaldeasturias.com\\\/noticias\\\/recortes-cero-se-concentrara-frente-al-parlament-de-catalunya\\\/#mainImage\"},\"datePublished\":\"2018-01-16T23:37:55+01:00\",\"dateModified\":\"2018-01-16T23:37:55+01:00\"},{\"@type\":\"WebSite\",\"@id\":\"https:\\\/\\\/www.eldigitaldeasturias.com\\\/noticias\\\/#website\",\"url\":\"https:\\\/\\\/www.eldigitaldeasturias.com\\\/noticias\\\/\",\"name\":\"El Digital de Asturias - Diario de actualidad y noticias\",\"alternateName\":\"El Digital de Asturias - Diario de actualidad y noticias\",\"description\":\"Hemeroteca\",\"inLanguage\":\"es-ES\",\"publisher\":{\"@id\":\"https:\\\/\\\/www.eldigitaldeasturias.com\\\/noticias\\\/#organization\"}}]}\n\t\t<\/script>\n\t\t<!-- All in One SEO Pro -->\r\n\t\t<title>Recortes Cero se concentrar\u00e1 frente al Parlament de Catalunya - El Digital de Asturias<\/title>\n\n","aioseo_head_json":{"title":"Recortes Cero se concentrar\u00e1 frente al Parlament de Catalunya - El Digital de Asturias","description":"Ma\u00f1ana mi\u00e9rcoles, 17 de enero, el movimiento social, cultural y pol\u00edtico, Recortes Cero, se concentrar\u00e1 frente a las puertas del Parlament de Catalunya durante la sesi\u00f3n en la que se debe elegir la Mesa del Parlament. Recortes Cero promovi\u00f3 antes de las elecciones cinco manifiestos que se publicaron en tres peri\u00f3dicos diferentes con el apoyo de m\u00e1s de 5","canonical_url":"https:\/\/www.eldigitaldeasturias.com\/noticias\/recortes-cero-se-concentrara-frente-al-parlament-de-catalunya\/","robots":"max-image-preview:large","keywords":"actualidad","webmasterTools":{"google-site-verification":"UA-38556648-1","msvalidate.01":"7dfe9f3f1b24437ab69f4f2559babe99","miscellaneous":""},"schema":{"@context":"https:\/\/schema.org","@graph":[{"@type":"BlogPosting","@id":"https:\/\/www.eldigitaldeasturias.com\/noticias\/recortes-cero-se-concentrara-frente-al-parlament-de-catalunya\/#blogposting","name":"Recortes Cero se concentrar\u00e1 frente al Parlament de Catalunya - El Digital de Asturias","headline":"Recortes Cero se concentrar\u00e1 frente al Parlament de Catalunya","author":{"@id":"https:\/\/www.eldigitaldeasturias.com\/noticias\/author\/admin\/#author"},"publisher":{"@id":"https:\/\/www.eldigitaldeasturias.com\/noticias\/#organization"},"image":{"@type":"ImageObject","url":966263},"datePublished":"2018-01-16T23:37:55+01:00","dateModified":"2018-01-16T23:37:55+01:00","inLanguage":"es-ES","mainEntityOfPage":{"@id":"https:\/\/www.eldigitaldeasturias.com\/noticias\/recortes-cero-se-concentrara-frente-al-parlament-de-catalunya\/#webpage"},"isPartOf":{"@id":"https:\/\/www.eldigitaldeasturias.com\/noticias\/recortes-cero-se-concentrara-frente-al-parlament-de-catalunya\/#webpage"},"articleSection":"Actualidad"},{"@type":"BreadcrumbList","@id":"https:\/\/www.eldigitaldeasturias.com\/noticias\/recortes-cero-se-concentrara-frente-al-parlament-de-catalunya\/#breadcrumblist","itemListElement":[{"@type":"ListItem","@id":"https:\/\/www.eldigitaldeasturias.com\/noticias#listItem","position":1,"name":"Home","item":"https:\/\/www.eldigitaldeasturias.com\/noticias","nextItem":{"@type":"ListItem","@id":"https:\/\/www.eldigitaldeasturias.com\/noticias\/category\/actualidad\/#listItem","name":"Actualidad"}},{"@type":"ListItem","@id":"https:\/\/www.eldigitaldeasturias.com\/noticias\/category\/actualidad\/#listItem","position":2,"name":"Actualidad","item":"https:\/\/www.eldigitaldeasturias.com\/noticias\/category\/actualidad\/","nextItem":{"@type":"ListItem","@id":"https:\/\/www.eldigitaldeasturias.com\/noticias\/recortes-cero-se-concentrara-frente-al-parlament-de-catalunya\/#listItem","name":"Recortes Cero se concentrar\u00e1 frente al Parlament de Catalunya"},"previousItem":{"@type":"ListItem","@id":"https:\/\/www.eldigitaldeasturias.com\/noticias#listItem","name":"Home"}},{"@type":"ListItem","@id":"https:\/\/www.eldigitaldeasturias.com\/noticias\/recortes-cero-se-concentrara-frente-al-parlament-de-catalunya\/#listItem","position":3,"name":"Recortes Cero se concentrar\u00e1 frente al Parlament de Catalunya","previousItem":{"@type":"ListItem","@id":"https:\/\/www.eldigitaldeasturias.com\/noticias\/category\/actualidad\/#listItem","name":"Actualidad"}}]},{"@type":"Organization","@id":"https:\/\/www.eldigitaldeasturias.com\/noticias\/#organization","name":"El Digital de Asturias","description":"Hemeroteca","url":"https:\/\/www.eldigitaldeasturias.com\/noticias\/","email":"info@eldigitaldeasturias.com","telephone":"+34652131393","logo":{"@type":"ImageObject","url":"https:\/\/www.eldigitaldeasturias.com\/noticias\/wp-content\/uploads\/2020\/12\/EDA.jpg","@id":"https:\/\/www.eldigitaldeasturias.com\/noticias\/recortes-cero-se-concentrara-frente-al-parlament-de-catalunya\/#organizationLogo"},"image":{"@id":"https:\/\/www.eldigitaldeasturias.com\/noticias\/recortes-cero-se-concentrara-frente-al-parlament-de-catalunya\/#organizationLogo"},"sameAs":["https:\/\/facebook.com\/eldigitaldeasturias","https:\/\/www.youtube.com\/channel\/UCZP-2wLEB9Rv6erhFmqVnvg"],"address":{"@id":"https:\/\/www.eldigitaldeasturias.com\/noticias\/#postaladdress","@type":"PostalAddress","streetAddress":"san antonio 4","postalCode":"33430","addressLocality":"Cand\u00e1s","addressRegion":"Asturias","addressCountry":"ES"}},{"@type":"Person","@id":"https:\/\/www.eldigitaldeasturias.com\/noticias\/author\/admin\/#author","url":"https:\/\/www.eldigitaldeasturias.com\/noticias\/author\/admin\/","name":"El Digital de Asturias","image":{"@type":"ImageObject","@id":"https:\/\/www.eldigitaldeasturias.com\/noticias\/recortes-cero-se-concentrara-frente-al-parlament-de-catalunya\/#authorImage","url":"https:\/\/secure.gravatar.com\/avatar\/df2aeffc32bcd13f8d26072ef8a91b623d677766deac7f97ca815868cd41bf5e?s=96&d=mm&r=g","width":96,"height":96,"caption":"El Digital de Asturias"}},{"@type":"WebPage","@id":"https:\/\/www.eldigitaldeasturias.com\/noticias\/recortes-cero-se-concentrara-frente-al-parlament-de-catalunya\/#webpage","url":"https:\/\/www.eldigitaldeasturias.com\/noticias\/recortes-cero-se-concentrara-frente-al-parlament-de-catalunya\/","name":"Recortes Cero se concentrar\u00e1 frente al Parlament de Catalunya - El Digital de Asturias","description":"Ma\u00f1ana mi\u00e9rcoles, 17 de enero, el movimiento social, cultural y pol\u00edtico, Recortes Cero, se concentrar\u00e1 frente a las puertas del Parlament de Catalunya durante la sesi\u00f3n en la que se debe elegir la Mesa del Parlament. Recortes Cero promovi\u00f3 antes de las elecciones cinco manifiestos que se publicaron en tres peri\u00f3dicos diferentes con el apoyo de m\u00e1s de 5","inLanguage":"es-ES","isPartOf":{"@id":"https:\/\/www.eldigitaldeasturias.com\/noticias\/#website"},"breadcrumb":{"@id":"https:\/\/www.eldigitaldeasturias.com\/noticias\/recortes-cero-se-concentrara-frente-al-parlament-de-catalunya\/#breadcrumblist"},"author":{"@id":"https:\/\/www.eldigitaldeasturias.com\/noticias\/author\/admin\/#author"},"creator":{"@id":"https:\/\/www.eldigitaldeasturias.com\/noticias\/author\/admin\/#author"},"image":{"@type":"ImageObject","url":966263,"@id":"https:\/\/www.eldigitaldeasturias.com\/noticias\/recortes-cero-se-concentrara-frente-al-parlament-de-catalunya\/#mainImage"},"primaryImageOfPage":{"@id":"https:\/\/www.eldigitaldeasturias.com\/noticias\/recortes-cero-se-concentrara-frente-al-parlament-de-catalunya\/#mainImage"},"datePublished":"2018-01-16T23:37:55+01:00","dateModified":"2018-01-16T23:37:55+01:00"},{"@type":"WebSite","@id":"https:\/\/www.eldigitaldeasturias.com\/noticias\/#website","url":"https:\/\/www.eldigitaldeasturias.com\/noticias\/","name":"El Digital de Asturias - Diario de actualidad y noticias","alternateName":"El Digital de Asturias - Diario de actualidad y noticias","description":"Hemeroteca","inLanguage":"es-ES","publisher":{"@id":"https:\/\/www.eldigitaldeasturias.com\/noticias\/#organization"}}]},"og:locale":"es_ES","og:site_name":"El Digital de Asturias","og:type":"article","og:title":"Recortes Cero se concentrar\u00e1 frente al Parlament de Catalunya - El Digital de Asturias","og:description":"Ma\u00f1ana mi\u00e9rcoles, 17 de enero, el movimiento social, cultural y pol\u00edtico, Recortes Cero, se concentrar\u00e1 frente a las puertas del Parlament de Catalunya durante la sesi\u00f3n en la que se debe elegir la Mesa del Parlament. Recortes Cero promovi\u00f3 antes de las elecciones cinco manifiestos que se publicaron en tres peri\u00f3dicos diferentes con el apoyo de m\u00e1s de 5","og:url":"https:\/\/www.eldigitaldeasturias.com\/noticias\/recortes-cero-se-concentrara-frente-al-parlament-de-catalunya\/","article:tag":["actualidad"],"article:published_time":"2018-01-16T23:37:55+00:00","article:modified_time":"2018-01-16T23:37:55+00:00","article:publisher":"https:\/\/facebook.com\/eldigitaldeasturias","twitter:card":"summary_large_image","twitter:title":"Recortes Cero se concentrar\u00e1 frente al Parlament de Catalunya - El Digital de Asturias","twitter:description":"Ma\u00f1ana mi\u00e9rcoles, 17 de enero, el movimiento social, cultural y pol\u00edtico, Recortes Cero, se concentrar\u00e1 frente a las puertas del Parlament de Catalunya durante la sesi\u00f3n en la que se debe elegir la Mesa del Parlament. Recortes Cero promovi\u00f3 antes de las elecciones cinco manifiestos que se publicaron en tres peri\u00f3dicos diferentes con el apoyo de m\u00e1s de 5","twitter:image":"https:\/\/www.eldigitaldeasturias.com\/noticias\/wp-content\/uploads\/2020\/12\/EDA-1.jpg","twitter:label1":"Escrito por","twitter:data1":"El Digital de Asturias","twitter:label2":"Tiempo de lectura estimado","twitter:data2":"1 minuto"},"aioseo_meta_data":{"post_id":"966262","title":null,"description":null,"keywords":null,"keyphrases":null,"primary_term":null,"canonical_url":null,"og_title":null,"og_description":null,"og_object_type":"default","og_image_type":"default","og_image_url":null,"og_image_width":null,"og_image_height":null,"og_image_custom_url":null,"og_image_custom_fields":null,"og_video":null,"og_custom_url":null,"og_article_section":null,"og_article_tags":null,"twitter_use_og":false,"twitter_card":"default","twitter_image_type":"default","twitter_image_url":null,"twitter_image_custom_url":null,"twitter_image_custom_fields":null,"twitter_title":null,"twitter_description":null,"schema":{"blockGraphs":[],"customGraphs":[],"default":{"data":{"Article":[],"Course":[],"Dataset":[],"FAQPage":[],"Movie":[],"Person":[],"Product":[],"ProductReview":[],"Car":[],"Recipe":[],"Service":[],"SoftwareApplication":[],"WebPage":[]},"graphName":"","isEnabled":true},"graphs":[],"defaultGraph":"","defaultPostTypeGraph":""},"schema_type":null,"schema_type_options":null,"pillar_content":false,"robots_default":true,"robots_noindex":false,"robots_noarchive":false,"robots_nosnippet":false,"robots_nofollow":false,"robots_noimageindex":false,"robots_noodp":false,"robots_notranslate":false,"robots_max_snippet":null,"robots_max_videopreview":null,"robots_max_imagepreview":"large","priority":null,"frequency":null,"local_seo":null,"seo_analyzer_scan_date":"2025-10-06 15:00:13","breadcrumb_settings":null,"limit_modified_date":false,"open_ai":null,"ai":null,"created":"2020-12-21 12:35:38","updated":"2025-10-06 15:00:13","focus_keyword":null,"additional_keywords":null,"truseo_locale":null},"aioseo_breadcrumb":"<div class=\"aioseo-breadcrumbs\"><span class=\"aioseo-breadcrumb\">\n\t<a href=\"https:\/\/www.eldigitaldeasturias.com\/noticias\" title=\"Home\">Home<\/a>\n<\/span><span class=\"aioseo-breadcrumb-separator\">\u2013<\/span><span class=\"aioseo-breadcrumb\">\n\t<a href=\"https:\/\/www.eldigitaldeasturias.com\/noticias\/category\/actualidad\/\" title=\"Actualidad\">Actualidad<\/a>\n<\/span><span class=\"aioseo-breadcrumb-separator\">\u2013<\/span><span class=\"aioseo-breadcrumb\">\n\t<a href=\"https:\/\/www.eldigitaldeasturias.com\/noticias\/recortes-cero-se-concentrara-frente-al-parlament-de-catalunya\/\" title=\"Recortes Cero se concentrar\u00e1 frente al Parlament de Catalunya\">Recortes Cero se concentrar\u00e1 frente al Parlament de Catalunya<\/a>\n<\/span><\/div>","aioseo_breadcrumb_json":[{"label":"Home","link":"https:\/\/www.eldigitaldeasturias.com\/noticias"},{"label":"Actualidad","link":"https:\/\/www.eldigitaldeasturias.com\/noticias\/category\/actualidad\/"},{"label":"Recortes Cero se concentrar\u00e1 frente al Parlament de Catalunya","link":"https:\/\/www.eldigitaldeasturias.com\/noticias\/recortes-cero-se-concentrara-frente-al-parlament-de-catalunya\/"}],"_links":{"self":[{"href":"https:\/\/www.eldigitaldeasturias.com\/noticias\/wp-json\/wp\/v2\/posts\/966262","targetHints":{"allow":["GET"]}}],"collection":[{"href":"https:\/\/www.eldigitaldeasturias.com\/noticias\/wp-json\/wp\/v2\/posts"}],"about":[{"href":"https:\/\/www.eldigitaldeasturias.com\/noticias\/wp-json\/wp\/v2\/types\/post"}],"author":[{"embeddable":true,"href":"https:\/\/www.eldigitaldeasturias.com\/noticias\/wp-json\/wp\/v2\/users\/1"}],"replies":[{"embeddable":true,"href":"https:\/\/www.eldigitaldeasturias.com\/noticias\/wp-json\/wp\/v2\/comments?post=966262"}],"version-history":[{"count":0,"href":"https:\/\/www.eldigitaldeasturias.com\/noticias\/wp-json\/wp\/v2\/posts\/966262\/revisions"}],"wp:attachment":[{"href":"https:\/\/www.eldigitaldeasturias.com\/noticias\/wp-json\/wp\/v2\/media?parent=966262"}],"wp:term":[{"taxonomy":"category","embeddable":true,"href":"https:\/\/www.eldigitaldeasturias.com\/noticias\/wp-json\/wp\/v2\/categories?post=966262"},{"taxonomy":"post_tag","embeddable":true,"href":"https:\/\/www.eldigitaldeasturias.com\/noticias\/wp-json\/wp\/v2\/tags?post=966262"}],"curies":[{"name":"wp","href":"https:\/\/api.w.org\/{rel}","templated":true}]}}