{"id":966200,"date":"2018-01-16T13:46:44","date_gmt":"2018-01-16T13:46:44","guid":{"rendered":"http:\/\/www.eldigitaldeasturias.com\/noticias\/?p=966200"},"modified":"2018-01-16T13:46:44","modified_gmt":"2018-01-16T13:46:44","slug":"exteriores-presenta-el-balance-de-la-actividad-consular-en-2017","status":"publish","type":"post","link":"https:\/\/www.eldigitaldeasturias.com\/noticias\/exteriores-presenta-el-balance-de-la-actividad-consular-en-2017\/","title":{"rendered":"Exteriores presenta el balance de la actividad consular en 2017"},"content":{"rendered":"<p>El ministro de Asuntos Exteriores y de Cooperaci\u00f3n, Alfonso Dastis, ha presentado el balance de la actividad consular del Ministerio en 2017. El ministro ha explicado la actividad desarrollada a lo largo del a\u00f1o recientemente finalizado desde embajadas y consulados y desde la sede central en la promoci\u00f3n y defensa de los intereses de los espa\u00f1oles en el exterior.<\/p>\n<p>Millones de espa\u00f1oles viajan cada a\u00f1o al exterior por motivos de turismo, trabajo o negocios. M\u00e1s de dos millones residen fuera de nuestras fronteras. La atenci\u00f3n al importante reto que supone las posibles necesidades de nuestros conciudadanos en el extranjero hace que la acci\u00f3n consular y el servicio al ciudadano cuando se encuentra fuera de Espa\u00f1a sea un objetivo fundamental de la pol\u00edtica exterior del Gobierno.<\/p>\n<p>Para dar respuesta a este objetivo, Espa\u00f1a cuenta con una de las redes consulares m\u00e1s extensas entre los Estados miembros de la Uni\u00f3n Europea con 88 consulados generales, 2 consulados, 91 secciones consulares en embajadas y 477 consulados y viceconsulados honorarios.<\/p>\n<p>El ministro se ha referido en el curso de la presentaci\u00f3n a la labor desarrollada por las oficinas consulares en aspectos tales como las tramitaciones relativas a Registro Civil consular (expedientes de nacionalidad, inscripci\u00f3n de nacimientos, defunciones y matrimonios), la expedici\u00f3n de documentaci\u00f3n para los ciudadanos espa\u00f1oles (pasaportes, salvoconductos), as\u00ed como la tramitaci\u00f3n de m\u00e1s de 1.700.000 solicitudes de visados para los ciudadanos de otros pa\u00edses que desean viajar a Espa\u00f1a o la labor encaminada al ejercicio del derecho de sufragio por aquellos ciudadanos que se encuentran en el exterior.<\/p>\n<p>El ministro Dastis ha hecho especial hincapi\u00e9 en el trabajo de embajadas y consulados en materia de asistencia y protecci\u00f3n de espa\u00f1oles, especialmente aquellos que se encuentran en situaci\u00f3n de mayor vulnerabilidad y en situaciones de emergencia. En este sentido, ha destacado las 43 repatriaciones a Espa\u00f1a de ciudadanos que se encontraban en mayores dificultades de subsistencia, a los que se han sumado otros 53 procedentes de Per\u00fa en dos vuelos organizados en mayo y septiembre que tambi\u00e9n trasladaban a Espa\u00f1a a 62 ciudadanos que cumpl\u00edan condena en ese pa\u00eds.<\/p>\n<p><img loading=\"lazy\" decoding=\"async\" class=\"alignleft size-medium wp-image-966201\" src=\"https:\/\/www.eldigitaldeasturias.com\/noticias\/wp-content\/uploads\/2018\/01\/150118Dastis-360x239.jpg\" alt=\"\" width=\"360\" height=\"239\" \/>La atenci\u00f3n a las v\u00edctimas de violencia de g\u00e9nero constituye un aspecto de la protecci\u00f3n consular que merece especial atenci\u00f3n por parte del Ministerio: en 2017 el Protocolo de Actuaci\u00f3n contra la violencia de g\u00e9nero ha permitido la repatriaci\u00f3n a Espa\u00f1a de nueve mujeres y sus hijos, as\u00ed como el asesoramiento y acompa\u00f1amiento a las ciudadanas espa\u00f1olas que han solicitado su intervenci\u00f3n.<\/p>\n<p>La atenci\u00f3n a los espa\u00f1oles que se encuentran detenidos en centros penitenciarios en el exterior es tambi\u00e9n objeto de particular empe\u00f1o para embajadas y consulados. El n\u00famero de espa\u00f1oles que se encuentra en esta situaci\u00f3n ha venido experimentando un paulatino descenso en los \u00faltimos a\u00f1os, pasando de los 1.534 en 2015 a los 1.098 en 2017 debido a los traslados a Espa\u00f1a llevados a cabo, las gestiones realizadas por las oficinas consulares para lograr indultos o gracias presidenciales y la disminuci\u00f3n del n\u00famero de detenciones. En 2017 han tenido lugar 174 traslados de espa\u00f1oles que se encontraban cumpliendo condena de los que 62 proced\u00edan de Per\u00fa y que pudieron ser trasladados a Espa\u00f1a en los vuelos organizados en mayo y septiembre a los que se hace referencia m\u00e1s arriba.<\/p>\n<p>El ministro de Asuntos Exteriores y de Cooperaci\u00f3n ha mencionado tambi\u00e9n el despliegue de esfuerzos y la activaci\u00f3n de los protocolos de emergencia en los casos de cat\u00e1strofes naturales en las que ciudadanos espa\u00f1oles se han visto afectados, tales como el hurac\u00e1n \u00abIrma\u00bb -recordando la organizaci\u00f3n del traslado a Espa\u00f1a de un grupo de ciudadanos espa\u00f1oles, de la UE y de otros pa\u00edses que hab\u00edan quedado aislados tras el hurac\u00e1n- o los terremotos en M\u00e9xico, los accidentes de carretera en India o en Namibia y los atentados terroristas en Londres o en Manchester.<\/p>\n<p>En este \u00e1mbito y en los anteriores, la comunicaci\u00f3n a trav\u00e9s de Internet y de las redes sociales se ha convertido en una importante herramienta de transmisi\u00f3n de informaci\u00f3n y de prestaci\u00f3n de servicios, por lo que el Ministerio est\u00e1 trabajando en un reforzamiento de este tipo de instrumentos.<\/p>\n","protected":false},"excerpt":{"rendered":"<p>El ministro de Asuntos Exteriores y de Cooperaci\u00f3n, Alfonso Dastis, ha presentado el balance de la actividad consular del Ministerio en 2017. El ministro ha explicado la actividad desarrollada a lo largo del a\u00f1o recientemente finalizado desde embajadas y consulados y desde la sede central en la promoci\u00f3n y defensa de los intereses de los [&hellip;]<\/p>\n","protected":false},"author":1,"featured_media":966201,"comment_status":"closed","ping_status":"closed","sticky":false,"template":"","format":"standard","meta":{"footnotes":""},"categories":[1],"tags":[],"class_list":["post-966200","post","type-post","status-publish","format-standard","has-post-thumbnail","hentry","category-actualidad"],"aioseo_notices":[],"aioseo_head":"\n\t\t<!-- All in One SEO Pro 5.0.1 - aioseo.com -->\n\t<meta name=\"description\" content=\"El ministro de Asuntos Exteriores y de Cooperaci\u00f3n, Alfonso Dastis, ha presentado el balance de la actividad consular del Ministerio en 2017. El ministro ha explicado la actividad desarrollada a lo largo del a\u00f1o recientemente finalizado desde embajadas y consulados y desde la sede central en la promoci\u00f3n y defensa de los intereses de los\" \/>\n\t<meta name=\"robots\" content=\"max-image-preview:large\" \/>\n\t<meta name=\"author\" content=\"El Digital de Asturias\"\/>\n\t<meta name=\"google-site-verification\" content=\"UA-38556648-1\" \/>\n\t<meta name=\"msvalidate.01\" content=\"7dfe9f3f1b24437ab69f4f2559babe99\" \/>\n\t<meta name=\"keywords\" content=\"actualidad\" \/>\n\t<link rel=\"canonical\" href=\"https:\/\/www.eldigitaldeasturias.com\/noticias\/exteriores-presenta-el-balance-de-la-actividad-consular-en-2017\/\" \/>\n\t<meta name=\"generator\" content=\"All in One SEO Pro (AIOSEO) 5.0.1\" \/>\n\t\t<meta property=\"og:locale\" content=\"es_ES\" \/>\n\t\t<meta property=\"og:site_name\" content=\"El Digital de Asturias\" \/>\n\t\t<meta property=\"og:type\" content=\"article\" \/>\n\t\t<meta property=\"og:title\" content=\"Exteriores presenta el balance de la actividad consular en 2017 - El Digital de Asturias\" \/>\n\t\t<meta property=\"og:description\" content=\"El ministro de Asuntos Exteriores y de Cooperaci\u00f3n, Alfonso Dastis, ha presentado el balance de la actividad consular del Ministerio en 2017. El ministro ha explicado la actividad desarrollada a lo largo del a\u00f1o recientemente finalizado desde embajadas y consulados y desde la sede central en la promoci\u00f3n y defensa de los intereses de los\" \/>\n\t\t<meta property=\"og:url\" content=\"https:\/\/www.eldigitaldeasturias.com\/noticias\/exteriores-presenta-el-balance-de-la-actividad-consular-en-2017\/\" \/>\n\t\t<meta property=\"article:tag\" content=\"actualidad\" \/>\n\t\t<meta property=\"article:published_time\" content=\"2018-01-16T13:46:44+00:00\" \/>\n\t\t<meta property=\"article:modified_time\" content=\"2018-01-16T13:46:44+00:00\" \/>\n\t\t<meta property=\"article:publisher\" content=\"https:\/\/facebook.com\/eldigitaldeasturias\" \/>\n\t\t<meta name=\"twitter:card\" content=\"summary_large_image\" \/>\n\t\t<meta name=\"twitter:title\" content=\"Exteriores presenta el balance de la actividad consular en 2017 - El Digital de Asturias\" \/>\n\t\t<meta name=\"twitter:description\" content=\"El ministro de Asuntos Exteriores y de Cooperaci\u00f3n, Alfonso Dastis, ha presentado el balance de la actividad consular del Ministerio en 2017. El ministro ha explicado la actividad desarrollada a lo largo del a\u00f1o recientemente finalizado desde embajadas y consulados y desde la sede central en la promoci\u00f3n y defensa de los intereses de los\" \/>\n\t\t<meta name=\"twitter:image\" content=\"https:\/\/www.eldigitaldeasturias.com\/noticias\/wp-content\/uploads\/2020\/12\/EDA-1.jpg\" \/>\n\t\t<meta name=\"twitter:label1\" content=\"Escrito por\" \/>\n\t\t<meta name=\"twitter:data1\" content=\"El Digital de Asturias\" \/>\n\t\t<meta name=\"twitter:label2\" content=\"Tiempo de lectura estimado\" \/>\n\t\t<meta name=\"twitter:data2\" content=\"4 minutos\" \/>\n\t\t<script type=\"application\/ld+json\" class=\"aioseo-schema\">\n\t\t\t{\"@context\":\"https:\\\/\\\/schema.org\",\"@graph\":[{\"@type\":\"BlogPosting\",\"@id\":\"https:\\\/\\\/www.eldigitaldeasturias.com\\\/noticias\\\/exteriores-presenta-el-balance-de-la-actividad-consular-en-2017\\\/#blogposting\",\"name\":\"Exteriores presenta el balance de la actividad consular en 2017 - El Digital de Asturias\",\"headline\":\"Exteriores presenta el balance de la actividad consular en 2017\",\"author\":{\"@id\":\"https:\\\/\\\/www.eldigitaldeasturias.com\\\/noticias\\\/author\\\/admin\\\/#author\"},\"publisher\":{\"@id\":\"https:\\\/\\\/www.eldigitaldeasturias.com\\\/noticias\\\/#organization\"},\"image\":{\"@type\":\"ImageObject\",\"url\":966201},\"datePublished\":\"2018-01-16T13:46:44+01:00\",\"dateModified\":\"2018-01-16T13:46:44+01:00\",\"inLanguage\":\"es-ES\",\"mainEntityOfPage\":{\"@id\":\"https:\\\/\\\/www.eldigitaldeasturias.com\\\/noticias\\\/exteriores-presenta-el-balance-de-la-actividad-consular-en-2017\\\/#webpage\"},\"isPartOf\":{\"@id\":\"https:\\\/\\\/www.eldigitaldeasturias.com\\\/noticias\\\/exteriores-presenta-el-balance-de-la-actividad-consular-en-2017\\\/#webpage\"},\"articleSection\":\"Actualidad\"},{\"@type\":\"BreadcrumbList\",\"@id\":\"https:\\\/\\\/www.eldigitaldeasturias.com\\\/noticias\\\/exteriores-presenta-el-balance-de-la-actividad-consular-en-2017\\\/#breadcrumblist\",\"itemListElement\":[{\"@type\":\"ListItem\",\"@id\":\"https:\\\/\\\/www.eldigitaldeasturias.com\\\/noticias#listItem\",\"position\":1,\"name\":\"Home\",\"item\":\"https:\\\/\\\/www.eldigitaldeasturias.com\\\/noticias\",\"nextItem\":{\"@type\":\"ListItem\",\"@id\":\"https:\\\/\\\/www.eldigitaldeasturias.com\\\/noticias\\\/category\\\/actualidad\\\/#listItem\",\"name\":\"Actualidad\"}},{\"@type\":\"ListItem\",\"@id\":\"https:\\\/\\\/www.eldigitaldeasturias.com\\\/noticias\\\/category\\\/actualidad\\\/#listItem\",\"position\":2,\"name\":\"Actualidad\",\"item\":\"https:\\\/\\\/www.eldigitaldeasturias.com\\\/noticias\\\/category\\\/actualidad\\\/\",\"nextItem\":{\"@type\":\"ListItem\",\"@id\":\"https:\\\/\\\/www.eldigitaldeasturias.com\\\/noticias\\\/exteriores-presenta-el-balance-de-la-actividad-consular-en-2017\\\/#listItem\",\"name\":\"Exteriores presenta el balance de la actividad consular en 2017\"},\"previousItem\":{\"@type\":\"ListItem\",\"@id\":\"https:\\\/\\\/www.eldigitaldeasturias.com\\\/noticias#listItem\",\"name\":\"Home\"}},{\"@type\":\"ListItem\",\"@id\":\"https:\\\/\\\/www.eldigitaldeasturias.com\\\/noticias\\\/exteriores-presenta-el-balance-de-la-actividad-consular-en-2017\\\/#listItem\",\"position\":3,\"name\":\"Exteriores presenta el balance de la actividad consular en 2017\",\"previousItem\":{\"@type\":\"ListItem\",\"@id\":\"https:\\\/\\\/www.eldigitaldeasturias.com\\\/noticias\\\/category\\\/actualidad\\\/#listItem\",\"name\":\"Actualidad\"}}]},{\"@type\":\"Organization\",\"@id\":\"https:\\\/\\\/www.eldigitaldeasturias.com\\\/noticias\\\/#organization\",\"name\":\"El Digital de Asturias\",\"description\":\"Hemeroteca\",\"url\":\"https:\\\/\\\/www.eldigitaldeasturias.com\\\/noticias\\\/\",\"email\":\"info@eldigitaldeasturias.com\",\"telephone\":\"+34652131393\",\"logo\":{\"@type\":\"ImageObject\",\"url\":\"https:\\\/\\\/www.eldigitaldeasturias.com\\\/noticias\\\/wp-content\\\/uploads\\\/2020\\\/12\\\/EDA.jpg\",\"@id\":\"https:\\\/\\\/www.eldigitaldeasturias.com\\\/noticias\\\/exteriores-presenta-el-balance-de-la-actividad-consular-en-2017\\\/#organizationLogo\"},\"image\":{\"@id\":\"https:\\\/\\\/www.eldigitaldeasturias.com\\\/noticias\\\/exteriores-presenta-el-balance-de-la-actividad-consular-en-2017\\\/#organizationLogo\"},\"sameAs\":[\"https:\\\/\\\/facebook.com\\\/eldigitaldeasturias\",\"https:\\\/\\\/www.youtube.com\\\/channel\\\/UCZP-2wLEB9Rv6erhFmqVnvg\"],\"address\":{\"@id\":\"https:\\\/\\\/www.eldigitaldeasturias.com\\\/noticias\\\/#postaladdress\",\"@type\":\"PostalAddress\",\"streetAddress\":\"san antonio 4\",\"postalCode\":\"33430\",\"addressLocality\":\"Cand\\u00e1s\",\"addressRegion\":\"Asturias\",\"addressCountry\":\"ES\"}},{\"@type\":\"Person\",\"@id\":\"https:\\\/\\\/www.eldigitaldeasturias.com\\\/noticias\\\/author\\\/admin\\\/#author\",\"url\":\"https:\\\/\\\/www.eldigitaldeasturias.com\\\/noticias\\\/author\\\/admin\\\/\",\"name\":\"El Digital de Asturias\",\"image\":{\"@type\":\"ImageObject\",\"@id\":\"https:\\\/\\\/www.eldigitaldeasturias.com\\\/noticias\\\/exteriores-presenta-el-balance-de-la-actividad-consular-en-2017\\\/#authorImage\",\"url\":\"https:\\\/\\\/secure.gravatar.com\\\/avatar\\\/df2aeffc32bcd13f8d26072ef8a91b623d677766deac7f97ca815868cd41bf5e?s=96&d=mm&r=g\",\"width\":96,\"height\":96,\"caption\":\"El Digital de Asturias\"}},{\"@type\":\"WebPage\",\"@id\":\"https:\\\/\\\/www.eldigitaldeasturias.com\\\/noticias\\\/exteriores-presenta-el-balance-de-la-actividad-consular-en-2017\\\/#webpage\",\"url\":\"https:\\\/\\\/www.eldigitaldeasturias.com\\\/noticias\\\/exteriores-presenta-el-balance-de-la-actividad-consular-en-2017\\\/\",\"name\":\"Exteriores presenta el balance de la actividad consular en 2017 - El Digital de Asturias\",\"description\":\"El ministro de Asuntos Exteriores y de Cooperaci\\u00f3n, Alfonso Dastis, ha presentado el balance de la actividad consular del Ministerio en 2017. El ministro ha explicado la actividad desarrollada a lo largo del a\\u00f1o recientemente finalizado desde embajadas y consulados y desde la sede central en la promoci\\u00f3n y defensa de los intereses de los\",\"inLanguage\":\"es-ES\",\"isPartOf\":{\"@id\":\"https:\\\/\\\/www.eldigitaldeasturias.com\\\/noticias\\\/#website\"},\"breadcrumb\":{\"@id\":\"https:\\\/\\\/www.eldigitaldeasturias.com\\\/noticias\\\/exteriores-presenta-el-balance-de-la-actividad-consular-en-2017\\\/#breadcrumblist\"},\"author\":{\"@id\":\"https:\\\/\\\/www.eldigitaldeasturias.com\\\/noticias\\\/author\\\/admin\\\/#author\"},\"creator\":{\"@id\":\"https:\\\/\\\/www.eldigitaldeasturias.com\\\/noticias\\\/author\\\/admin\\\/#author\"},\"image\":{\"@type\":\"ImageObject\",\"url\":966201,\"@id\":\"https:\\\/\\\/www.eldigitaldeasturias.com\\\/noticias\\\/exteriores-presenta-el-balance-de-la-actividad-consular-en-2017\\\/#mainImage\"},\"primaryImageOfPage\":{\"@id\":\"https:\\\/\\\/www.eldigitaldeasturias.com\\\/noticias\\\/exteriores-presenta-el-balance-de-la-actividad-consular-en-2017\\\/#mainImage\"},\"datePublished\":\"2018-01-16T13:46:44+01:00\",\"dateModified\":\"2018-01-16T13:46:44+01:00\"},{\"@type\":\"WebSite\",\"@id\":\"https:\\\/\\\/www.eldigitaldeasturias.com\\\/noticias\\\/#website\",\"url\":\"https:\\\/\\\/www.eldigitaldeasturias.com\\\/noticias\\\/\",\"name\":\"El Digital de Asturias - Diario de actualidad y noticias\",\"alternateName\":\"El Digital de Asturias - Diario de actualidad y noticias\",\"description\":\"Hemeroteca\",\"inLanguage\":\"es-ES\",\"publisher\":{\"@id\":\"https:\\\/\\\/www.eldigitaldeasturias.com\\\/noticias\\\/#organization\"}}]}\n\t\t<\/script>\n\t\t<!-- All in One SEO Pro -->\r\n\t\t<title>Exteriores presenta el balance de la actividad consular en 2017 - El Digital de Asturias<\/title>\n\n","aioseo_head_json":{"title":"Exteriores presenta el balance de la actividad consular en 2017 - El Digital de Asturias","description":"El ministro de Asuntos Exteriores y de Cooperaci\u00f3n, Alfonso Dastis, ha presentado el balance de la actividad consular del Ministerio en 2017. El ministro ha explicado la actividad desarrollada a lo largo del a\u00f1o recientemente finalizado desde embajadas y consulados y desde la sede central en la promoci\u00f3n y defensa de los intereses de los","canonical_url":"https:\/\/www.eldigitaldeasturias.com\/noticias\/exteriores-presenta-el-balance-de-la-actividad-consular-en-2017\/","robots":"max-image-preview:large","keywords":"actualidad","webmasterTools":{"google-site-verification":"UA-38556648-1","msvalidate.01":"7dfe9f3f1b24437ab69f4f2559babe99","miscellaneous":""},"schema":{"@context":"https:\/\/schema.org","@graph":[{"@type":"BlogPosting","@id":"https:\/\/www.eldigitaldeasturias.com\/noticias\/exteriores-presenta-el-balance-de-la-actividad-consular-en-2017\/#blogposting","name":"Exteriores presenta el balance de la actividad consular en 2017 - El Digital de Asturias","headline":"Exteriores presenta el balance de la actividad consular en 2017","author":{"@id":"https:\/\/www.eldigitaldeasturias.com\/noticias\/author\/admin\/#author"},"publisher":{"@id":"https:\/\/www.eldigitaldeasturias.com\/noticias\/#organization"},"image":{"@type":"ImageObject","url":966201},"datePublished":"2018-01-16T13:46:44+01:00","dateModified":"2018-01-16T13:46:44+01:00","inLanguage":"es-ES","mainEntityOfPage":{"@id":"https:\/\/www.eldigitaldeasturias.com\/noticias\/exteriores-presenta-el-balance-de-la-actividad-consular-en-2017\/#webpage"},"isPartOf":{"@id":"https:\/\/www.eldigitaldeasturias.com\/noticias\/exteriores-presenta-el-balance-de-la-actividad-consular-en-2017\/#webpage"},"articleSection":"Actualidad"},{"@type":"BreadcrumbList","@id":"https:\/\/www.eldigitaldeasturias.com\/noticias\/exteriores-presenta-el-balance-de-la-actividad-consular-en-2017\/#breadcrumblist","itemListElement":[{"@type":"ListItem","@id":"https:\/\/www.eldigitaldeasturias.com\/noticias#listItem","position":1,"name":"Home","item":"https:\/\/www.eldigitaldeasturias.com\/noticias","nextItem":{"@type":"ListItem","@id":"https:\/\/www.eldigitaldeasturias.com\/noticias\/category\/actualidad\/#listItem","name":"Actualidad"}},{"@type":"ListItem","@id":"https:\/\/www.eldigitaldeasturias.com\/noticias\/category\/actualidad\/#listItem","position":2,"name":"Actualidad","item":"https:\/\/www.eldigitaldeasturias.com\/noticias\/category\/actualidad\/","nextItem":{"@type":"ListItem","@id":"https:\/\/www.eldigitaldeasturias.com\/noticias\/exteriores-presenta-el-balance-de-la-actividad-consular-en-2017\/#listItem","name":"Exteriores presenta el balance de la actividad consular en 2017"},"previousItem":{"@type":"ListItem","@id":"https:\/\/www.eldigitaldeasturias.com\/noticias#listItem","name":"Home"}},{"@type":"ListItem","@id":"https:\/\/www.eldigitaldeasturias.com\/noticias\/exteriores-presenta-el-balance-de-la-actividad-consular-en-2017\/#listItem","position":3,"name":"Exteriores presenta el balance de la actividad consular en 2017","previousItem":{"@type":"ListItem","@id":"https:\/\/www.eldigitaldeasturias.com\/noticias\/category\/actualidad\/#listItem","name":"Actualidad"}}]},{"@type":"Organization","@id":"https:\/\/www.eldigitaldeasturias.com\/noticias\/#organization","name":"El Digital de Asturias","description":"Hemeroteca","url":"https:\/\/www.eldigitaldeasturias.com\/noticias\/","email":"info@eldigitaldeasturias.com","telephone":"+34652131393","logo":{"@type":"ImageObject","url":"https:\/\/www.eldigitaldeasturias.com\/noticias\/wp-content\/uploads\/2020\/12\/EDA.jpg","@id":"https:\/\/www.eldigitaldeasturias.com\/noticias\/exteriores-presenta-el-balance-de-la-actividad-consular-en-2017\/#organizationLogo"},"image":{"@id":"https:\/\/www.eldigitaldeasturias.com\/noticias\/exteriores-presenta-el-balance-de-la-actividad-consular-en-2017\/#organizationLogo"},"sameAs":["https:\/\/facebook.com\/eldigitaldeasturias","https:\/\/www.youtube.com\/channel\/UCZP-2wLEB9Rv6erhFmqVnvg"],"address":{"@id":"https:\/\/www.eldigitaldeasturias.com\/noticias\/#postaladdress","@type":"PostalAddress","streetAddress":"san antonio 4","postalCode":"33430","addressLocality":"Cand\u00e1s","addressRegion":"Asturias","addressCountry":"ES"}},{"@type":"Person","@id":"https:\/\/www.eldigitaldeasturias.com\/noticias\/author\/admin\/#author","url":"https:\/\/www.eldigitaldeasturias.com\/noticias\/author\/admin\/","name":"El Digital de Asturias","image":{"@type":"ImageObject","@id":"https:\/\/www.eldigitaldeasturias.com\/noticias\/exteriores-presenta-el-balance-de-la-actividad-consular-en-2017\/#authorImage","url":"https:\/\/secure.gravatar.com\/avatar\/df2aeffc32bcd13f8d26072ef8a91b623d677766deac7f97ca815868cd41bf5e?s=96&d=mm&r=g","width":96,"height":96,"caption":"El Digital de Asturias"}},{"@type":"WebPage","@id":"https:\/\/www.eldigitaldeasturias.com\/noticias\/exteriores-presenta-el-balance-de-la-actividad-consular-en-2017\/#webpage","url":"https:\/\/www.eldigitaldeasturias.com\/noticias\/exteriores-presenta-el-balance-de-la-actividad-consular-en-2017\/","name":"Exteriores presenta el balance de la actividad consular en 2017 - El Digital de Asturias","description":"El ministro de Asuntos Exteriores y de Cooperaci\u00f3n, Alfonso Dastis, ha presentado el balance de la actividad consular del Ministerio en 2017. El ministro ha explicado la actividad desarrollada a lo largo del a\u00f1o recientemente finalizado desde embajadas y consulados y desde la sede central en la promoci\u00f3n y defensa de los intereses de los","inLanguage":"es-ES","isPartOf":{"@id":"https:\/\/www.eldigitaldeasturias.com\/noticias\/#website"},"breadcrumb":{"@id":"https:\/\/www.eldigitaldeasturias.com\/noticias\/exteriores-presenta-el-balance-de-la-actividad-consular-en-2017\/#breadcrumblist"},"author":{"@id":"https:\/\/www.eldigitaldeasturias.com\/noticias\/author\/admin\/#author"},"creator":{"@id":"https:\/\/www.eldigitaldeasturias.com\/noticias\/author\/admin\/#author"},"image":{"@type":"ImageObject","url":966201,"@id":"https:\/\/www.eldigitaldeasturias.com\/noticias\/exteriores-presenta-el-balance-de-la-actividad-consular-en-2017\/#mainImage"},"primaryImageOfPage":{"@id":"https:\/\/www.eldigitaldeasturias.com\/noticias\/exteriores-presenta-el-balance-de-la-actividad-consular-en-2017\/#mainImage"},"datePublished":"2018-01-16T13:46:44+01:00","dateModified":"2018-01-16T13:46:44+01:00"},{"@type":"WebSite","@id":"https:\/\/www.eldigitaldeasturias.com\/noticias\/#website","url":"https:\/\/www.eldigitaldeasturias.com\/noticias\/","name":"El Digital de Asturias - Diario de actualidad y noticias","alternateName":"El Digital de Asturias - Diario de actualidad y noticias","description":"Hemeroteca","inLanguage":"es-ES","publisher":{"@id":"https:\/\/www.eldigitaldeasturias.com\/noticias\/#organization"}}]},"og:locale":"es_ES","og:site_name":"El Digital de Asturias","og:type":"article","og:title":"Exteriores presenta el balance de la actividad consular en 2017 - El Digital de Asturias","og:description":"El ministro de Asuntos Exteriores y de Cooperaci\u00f3n, Alfonso Dastis, ha presentado el balance de la actividad consular del Ministerio en 2017. El ministro ha explicado la actividad desarrollada a lo largo del a\u00f1o recientemente finalizado desde embajadas y consulados y desde la sede central en la promoci\u00f3n y defensa de los intereses de los","og:url":"https:\/\/www.eldigitaldeasturias.com\/noticias\/exteriores-presenta-el-balance-de-la-actividad-consular-en-2017\/","article:tag":["actualidad"],"article:published_time":"2018-01-16T13:46:44+00:00","article:modified_time":"2018-01-16T13:46:44+00:00","article:publisher":"https:\/\/facebook.com\/eldigitaldeasturias","twitter:card":"summary_large_image","twitter:title":"Exteriores presenta el balance de la actividad consular en 2017 - El Digital de Asturias","twitter:description":"El ministro de Asuntos Exteriores y de Cooperaci\u00f3n, Alfonso Dastis, ha presentado el balance de la actividad consular del Ministerio en 2017. El ministro ha explicado la actividad desarrollada a lo largo del a\u00f1o recientemente finalizado desde embajadas y consulados y desde la sede central en la promoci\u00f3n y defensa de los intereses de los","twitter:image":"https:\/\/www.eldigitaldeasturias.com\/noticias\/wp-content\/uploads\/2020\/12\/EDA-1.jpg","twitter:label1":"Escrito por","twitter:data1":"El Digital de Asturias","twitter:label2":"Tiempo de lectura estimado","twitter:data2":"4 minutos"},"aioseo_meta_data":{"post_id":"966200","title":null,"description":null,"keywords":null,"keyphrases":null,"primary_term":null,"canonical_url":null,"og_title":null,"og_description":null,"og_object_type":"default","og_image_type":"default","og_image_url":null,"og_image_width":null,"og_image_height":null,"og_image_custom_url":null,"og_image_custom_fields":null,"og_video":null,"og_custom_url":null,"og_article_section":null,"og_article_tags":null,"twitter_use_og":false,"twitter_card":"default","twitter_image_type":"default","twitter_image_url":null,"twitter_image_custom_url":null,"twitter_image_custom_fields":null,"twitter_title":null,"twitter_description":null,"schema":{"blockGraphs":[],"customGraphs":[],"default":{"data":{"Article":[],"Course":[],"Dataset":[],"FAQPage":[],"Movie":[],"Person":[],"Product":[],"ProductReview":[],"Car":[],"Recipe":[],"Service":[],"SoftwareApplication":[],"WebPage":[]},"graphName":"","isEnabled":true},"graphs":[],"defaultGraph":"","defaultPostTypeGraph":""},"schema_type":null,"schema_type_options":null,"pillar_content":false,"robots_default":true,"robots_noindex":false,"robots_noarchive":false,"robots_nosnippet":false,"robots_nofollow":false,"robots_noimageindex":false,"robots_noodp":false,"robots_notranslate":false,"robots_max_snippet":null,"robots_max_videopreview":null,"robots_max_imagepreview":"large","priority":null,"frequency":null,"local_seo":null,"seo_analyzer_scan_date":"2025-10-06 14:47:05","breadcrumb_settings":null,"limit_modified_date":false,"open_ai":null,"ai":null,"created":"2020-12-21 12:36:38","updated":"2025-10-06 14:47:05","focus_keyword":null,"additional_keywords":null,"truseo_locale":null},"aioseo_breadcrumb":"<div class=\"aioseo-breadcrumbs\"><span class=\"aioseo-breadcrumb\">\n\t<a href=\"https:\/\/www.eldigitaldeasturias.com\/noticias\" title=\"Home\">Home<\/a>\n<\/span><span class=\"aioseo-breadcrumb-separator\">\u2013<\/span><span class=\"aioseo-breadcrumb\">\n\t<a href=\"https:\/\/www.eldigitaldeasturias.com\/noticias\/category\/actualidad\/\" title=\"Actualidad\">Actualidad<\/a>\n<\/span><span class=\"aioseo-breadcrumb-separator\">\u2013<\/span><span class=\"aioseo-breadcrumb\">\n\t<a href=\"https:\/\/www.eldigitaldeasturias.com\/noticias\/exteriores-presenta-el-balance-de-la-actividad-consular-en-2017\/\" title=\"Exteriores presenta el balance de la actividad consular en 2017\">Exteriores presenta el balance de la actividad consular en 2017<\/a>\n<\/span><\/div>","aioseo_breadcrumb_json":[{"label":"Home","link":"https:\/\/www.eldigitaldeasturias.com\/noticias"},{"label":"Actualidad","link":"https:\/\/www.eldigitaldeasturias.com\/noticias\/category\/actualidad\/"},{"label":"Exteriores presenta el balance de la actividad consular en 2017","link":"https:\/\/www.eldigitaldeasturias.com\/noticias\/exteriores-presenta-el-balance-de-la-actividad-consular-en-2017\/"}],"_links":{"self":[{"href":"https:\/\/www.eldigitaldeasturias.com\/noticias\/wp-json\/wp\/v2\/posts\/966200","targetHints":{"allow":["GET"]}}],"collection":[{"href":"https:\/\/www.eldigitaldeasturias.com\/noticias\/wp-json\/wp\/v2\/posts"}],"about":[{"href":"https:\/\/www.eldigitaldeasturias.com\/noticias\/wp-json\/wp\/v2\/types\/post"}],"author":[{"embeddable":true,"href":"https:\/\/www.eldigitaldeasturias.com\/noticias\/wp-json\/wp\/v2\/users\/1"}],"replies":[{"embeddable":true,"href":"https:\/\/www.eldigitaldeasturias.com\/noticias\/wp-json\/wp\/v2\/comments?post=966200"}],"version-history":[{"count":0,"href":"https:\/\/www.eldigitaldeasturias.com\/noticias\/wp-json\/wp\/v2\/posts\/966200\/revisions"}],"wp:attachment":[{"href":"https:\/\/www.eldigitaldeasturias.com\/noticias\/wp-json\/wp\/v2\/media?parent=966200"}],"wp:term":[{"taxonomy":"category","embeddable":true,"href":"https:\/\/www.eldigitaldeasturias.com\/noticias\/wp-json\/wp\/v2\/categories?post=966200"},{"taxonomy":"post_tag","embeddable":true,"href":"https:\/\/www.eldigitaldeasturias.com\/noticias\/wp-json\/wp\/v2\/tags?post=966200"}],"curies":[{"name":"wp","href":"https:\/\/api.w.org\/{rel}","templated":true}]}}