{"id":966081,"date":"2018-01-14T15:11:12","date_gmt":"2018-01-14T15:11:12","guid":{"rendered":"http:\/\/www.eldigitaldeasturias.com\/noticias\/?p=966081"},"modified":"2018-01-14T15:11:12","modified_gmt":"2018-01-14T15:11:12","slug":"maria-victoria-broto-clausura-la-jornada-coeducacion-un-reto-a-conseguir","status":"publish","type":"post","link":"https:\/\/www.eldigitaldeasturias.com\/noticias\/maria-victoria-broto-clausura-la-jornada-coeducacion-un-reto-a-conseguir\/","title":{"rendered":"Mar\u00eda Victoria Broto clausura la jornada \u201cCoeducaci\u00f3n: un reto a conseguir\u201d"},"content":{"rendered":"<p><img loading=\"lazy\" decoding=\"async\" class=\"alignleft size-medium wp-image-966082\" src=\"https:\/\/www.eldigitaldeasturias.com\/noticias\/wp-content\/uploads\/2018\/01\/imagenes_sabi3_27d7d139-360x159.jpg\" alt=\"\" width=\"360\" height=\"159\" \/>La consejera de Ciudadan\u00eda y Derechos Sociales, Mar\u00eda Victoria Broto, ha destacado hoy la apuesta del Gobierno por \u201ceducar en igualdad en las aulas\u201d porque, ha dicho, \u201cacabar con la desigualdad entre hombres y mujeres supone acabar con la violencia de g\u00e9nero\u00bb.<\/p>\n<p>Broto ha dicho estas palabras en el transcurso del acto de clausura de la jornada \u201cCoeducaci\u00f3n: un reto a conseguir\u201d, organizada por el Centro de Innovaci\u00f3n y Formaci\u00f3n Educativa (CIFE) de Sabi\u00f1\u00e1nigo en colaboraci\u00f3n con la Direcci\u00f3n General de Personal y Formaci\u00f3n del Profesorado del Departamento de Educaci\u00f3n, Cultura y Deporte del Gobierno de Arag\u00f3n y el Ayuntamiento de Sabi\u00f1\u00e1nigo.<\/p>\n<p>La consejera ha estado acompa\u00f1ada en este acto de clausura por la directora del Instituto Aragon\u00e9s de la Mujer, Natalia Salvo. Por su parte, la directora provincial de Educaci\u00f3n en Huesca, Olga Alastruey, ha sido la encargada de inaugurar esta jornada por la ma\u00f1ana.<\/p>\n<p>Mar\u00eda Victoria Broto ha insistido en que \u201cdesde el primer momento, tuvimos claro que lograr esa igualdad pasa por la educaci\u00f3n y por ello una de las primeras actuaciones de este Gobierno fue la firma de un protocolo entre el instituto Aragon\u00e9s de la Mujer y Educaci\u00f3n al respecto\u201d. \u201cPara lograr la igualdad entre hombres y mujeres hay que comenzar a educar a los ni\u00f1os desde muy peque\u00f1os\u201d, ha apuntado.<\/p>\n<p>Tambi\u00e9n ha querido destacar el hecho de que esta jornada se celebre en Sabi\u00f1\u00e1nigo, una localidad en la que todas las actividades organizadas por el Ayuntamiento en 2017 giraron en torno a la mujer y al protagonismo que debe alcanzar en la sociedad.<\/p>\n<p>El objetivo de esta jornada ha sido reflexionar sobre la necesidad de educar a todos los alumnos y a todas las alumnas en igualdad, un objetivo que incumbe a toda la sociedad. Por ello, el programa de esta jornada ha estado dirigido al profesorado de todas las etapas educativas, pero tambi\u00e9n a asociaciones, familias y alumnado.<\/p>\n<p>Las charlas y coloquios han tenido lugar en el centro cultural \u201cMolino Periel\u201d de Sabi\u00f1anigo. El programa lo ha abierto la ponencia titulada \u201cCambiar la mirada. La identidad en espacios educativos\u201d a cargo de M\u00aa Jos\u00e9 Gal\u00e9, doctora en Filosof\u00eda por la Universidad de Zaragoza, autora del libro \u201cMujeres barbudas. Cuerpos singulares\u201d, y asesora de formaci\u00f3n del profesorado en el CIFE Mar\u00eda de \u00c1vila de Zaragoza.<\/p>\n<p>A continuaci\u00f3n, Charo Ochoa Fern\u00e1ndez, profesora de Filosof\u00eda en el IES Pir\u00e1mide de Huesca ha hablado sobre \u201cLa coeducaci\u00f3n en un centro de secundaria: 28 a\u00f1os despu\u00e9s\u201d. Carmela Sauras Sarria, maestra de Educaci\u00f3n Infantil y Primaria y directora del IES Guillermo Fat\u00e1s de Zaragoza, ha explicado la experiencia pr\u00e1ctica de su centro con la ponencia \u201cSembrando igualdad. Plan de igualdad Escolar\u201d.<\/p>\n<p>La sesi\u00f3n matinal se ha cerrado con la presentaci\u00f3n del libro \u201cRemontada\u201d de Ana Rosa Maza, cofundadora de Detac\u00f3n, asociaci\u00f3n sin \u00e1nimo de lucro que trabaja por visibilizar, reforzar e impulsar el liderazgo de las mujeres en todos los \u00e1mbitos del f\u00fatbol.<\/p>\n<p>Natalia Avent\u00edn Ballar\u00edn ha abierto la sesi\u00f3n de la tarde hablando sobre la Asociaci\u00f3n de Familias de Menores Transexuales Chrysallis de la que es presidenta. La jornada ha finalizado con un coloquio entre algunas alumnas del IES F\u00e9lix de Azara de Zaragoza, el IES Biello de Arag\u00f3n y el IES San Alberto Magno, estos dos \u00faltimos de Sabi\u00f1\u00e1nigo, y el visionado del videoclip sobre la mujer \u201cDepende de los 2\u201d realizado por alumnos y alumnas de Educaci\u00f3n Infantil y Primaria del colegio Puente Sardas de Sabi\u00f1\u00e1nigo, el CRA Alto G\u00e1llego de Biescas y el colegio Miguel Servet de Seneg\u00fc\u00e9.<\/p>\n<p>Broto ha destacado que este videoclip \u201cde gran calidad\u201d servir\u00e1 de referente para la organizaci\u00f3n de diferentes actividades de sensibilizaci\u00f3n sobre la igualdad en los centros educativos.<\/p>\n","protected":false},"excerpt":{"rendered":"<p>La consejera de Ciudadan\u00eda y Derechos Sociales, Mar\u00eda Victoria Broto, ha destacado hoy la apuesta del Gobierno por \u201ceducar en igualdad en las aulas\u201d porque, ha dicho, \u201cacabar con la desigualdad entre hombres y mujeres supone acabar con la violencia de g\u00e9nero\u00bb. Broto ha dicho estas palabras en el transcurso del acto de clausura de [&hellip;]<\/p>\n","protected":false},"author":1,"featured_media":966082,"comment_status":"closed","ping_status":"closed","sticky":false,"template":"","format":"standard","meta":{"footnotes":""},"categories":[1],"tags":[],"class_list":["post-966081","post","type-post","status-publish","format-standard","has-post-thumbnail","hentry","category-actualidad"],"aioseo_notices":[],"aioseo_head":"\n\t\t<!-- All in One SEO Pro 5.0.1 - aioseo.com -->\n\t<meta name=\"description\" content=\"La consejera de Ciudadan\u00eda y Derechos Sociales, Mar\u00eda Victoria Broto, ha destacado hoy la apuesta del Gobierno por \u201ceducar en igualdad en las aulas\u201d porque, ha dicho, \u201cacabar con la desigualdad entre hombres y mujeres supone acabar con la violencia de g\u00e9nero&quot;. Broto ha dicho estas palabras en el transcurso del acto de clausura de\" \/>\n\t<meta name=\"robots\" content=\"max-image-preview:large\" \/>\n\t<meta name=\"author\" content=\"El Digital de Asturias\"\/>\n\t<meta name=\"google-site-verification\" content=\"UA-38556648-1\" \/>\n\t<meta name=\"msvalidate.01\" content=\"7dfe9f3f1b24437ab69f4f2559babe99\" \/>\n\t<meta name=\"keywords\" content=\"actualidad\" \/>\n\t<link rel=\"canonical\" href=\"https:\/\/www.eldigitaldeasturias.com\/noticias\/maria-victoria-broto-clausura-la-jornada-coeducacion-un-reto-a-conseguir\/\" \/>\n\t<meta name=\"generator\" content=\"All in One SEO Pro (AIOSEO) 5.0.1\" \/>\n\t\t<meta property=\"og:locale\" content=\"es_ES\" \/>\n\t\t<meta property=\"og:site_name\" content=\"El Digital de Asturias\" \/>\n\t\t<meta property=\"og:type\" content=\"article\" \/>\n\t\t<meta property=\"og:title\" content=\"Mar\u00eda Victoria Broto clausura la jornada \u201cCoeducaci\u00f3n: un reto a conseguir\u201d - El Digital de Asturias\" \/>\n\t\t<meta property=\"og:description\" content=\"La consejera de Ciudadan\u00eda y Derechos Sociales, Mar\u00eda Victoria Broto, ha destacado hoy la apuesta del Gobierno por \u201ceducar en igualdad en las aulas\u201d porque, ha dicho, \u201cacabar con la desigualdad entre hombres y mujeres supone acabar con la violencia de g\u00e9nero&quot;. Broto ha dicho estas palabras en el transcurso del acto de clausura de\" \/>\n\t\t<meta property=\"og:url\" content=\"https:\/\/www.eldigitaldeasturias.com\/noticias\/maria-victoria-broto-clausura-la-jornada-coeducacion-un-reto-a-conseguir\/\" \/>\n\t\t<meta property=\"article:tag\" content=\"actualidad\" \/>\n\t\t<meta property=\"article:published_time\" content=\"2018-01-14T15:11:12+00:00\" \/>\n\t\t<meta property=\"article:modified_time\" content=\"2018-01-14T15:11:12+00:00\" \/>\n\t\t<meta property=\"article:publisher\" content=\"https:\/\/facebook.com\/eldigitaldeasturias\" \/>\n\t\t<meta name=\"twitter:card\" content=\"summary_large_image\" \/>\n\t\t<meta name=\"twitter:title\" content=\"Mar\u00eda Victoria Broto clausura la jornada \u201cCoeducaci\u00f3n: un reto a conseguir\u201d - El Digital de Asturias\" \/>\n\t\t<meta name=\"twitter:description\" content=\"La consejera de Ciudadan\u00eda y Derechos Sociales, Mar\u00eda Victoria Broto, ha destacado hoy la apuesta del Gobierno por \u201ceducar en igualdad en las aulas\u201d porque, ha dicho, \u201cacabar con la desigualdad entre hombres y mujeres supone acabar con la violencia de g\u00e9nero&quot;. Broto ha dicho estas palabras en el transcurso del acto de clausura de\" \/>\n\t\t<meta name=\"twitter:image\" content=\"https:\/\/www.eldigitaldeasturias.com\/noticias\/wp-content\/uploads\/2020\/12\/EDA-1.jpg\" \/>\n\t\t<meta name=\"twitter:label1\" content=\"Escrito por\" \/>\n\t\t<meta name=\"twitter:data1\" content=\"El Digital de Asturias\" \/>\n\t\t<meta name=\"twitter:label2\" content=\"Tiempo de lectura estimado\" \/>\n\t\t<meta name=\"twitter:data2\" content=\"3 minutos\" \/>\n\t\t<script type=\"application\/ld+json\" class=\"aioseo-schema\">\n\t\t\t{\"@context\":\"https:\\\/\\\/schema.org\",\"@graph\":[{\"@type\":\"BlogPosting\",\"@id\":\"https:\\\/\\\/www.eldigitaldeasturias.com\\\/noticias\\\/maria-victoria-broto-clausura-la-jornada-coeducacion-un-reto-a-conseguir\\\/#blogposting\",\"name\":\"Mar\\u00eda Victoria Broto clausura la jornada \\u201cCoeducaci\\u00f3n: un reto a conseguir\\u201d - El Digital de Asturias\",\"headline\":\"Mar\\u00eda Victoria Broto clausura la jornada \\u201cCoeducaci\\u00f3n: un reto a conseguir\\u201d\",\"author\":{\"@id\":\"https:\\\/\\\/www.eldigitaldeasturias.com\\\/noticias\\\/author\\\/admin\\\/#author\"},\"publisher\":{\"@id\":\"https:\\\/\\\/www.eldigitaldeasturias.com\\\/noticias\\\/#organization\"},\"image\":{\"@type\":\"ImageObject\",\"url\":966082},\"datePublished\":\"2018-01-14T15:11:12+01:00\",\"dateModified\":\"2018-01-14T15:11:12+01:00\",\"inLanguage\":\"es-ES\",\"mainEntityOfPage\":{\"@id\":\"https:\\\/\\\/www.eldigitaldeasturias.com\\\/noticias\\\/maria-victoria-broto-clausura-la-jornada-coeducacion-un-reto-a-conseguir\\\/#webpage\"},\"isPartOf\":{\"@id\":\"https:\\\/\\\/www.eldigitaldeasturias.com\\\/noticias\\\/maria-victoria-broto-clausura-la-jornada-coeducacion-un-reto-a-conseguir\\\/#webpage\"},\"articleSection\":\"Actualidad\"},{\"@type\":\"BreadcrumbList\",\"@id\":\"https:\\\/\\\/www.eldigitaldeasturias.com\\\/noticias\\\/maria-victoria-broto-clausura-la-jornada-coeducacion-un-reto-a-conseguir\\\/#breadcrumblist\",\"itemListElement\":[{\"@type\":\"ListItem\",\"@id\":\"https:\\\/\\\/www.eldigitaldeasturias.com\\\/noticias#listItem\",\"position\":1,\"name\":\"Home\",\"item\":\"https:\\\/\\\/www.eldigitaldeasturias.com\\\/noticias\",\"nextItem\":{\"@type\":\"ListItem\",\"@id\":\"https:\\\/\\\/www.eldigitaldeasturias.com\\\/noticias\\\/category\\\/actualidad\\\/#listItem\",\"name\":\"Actualidad\"}},{\"@type\":\"ListItem\",\"@id\":\"https:\\\/\\\/www.eldigitaldeasturias.com\\\/noticias\\\/category\\\/actualidad\\\/#listItem\",\"position\":2,\"name\":\"Actualidad\",\"item\":\"https:\\\/\\\/www.eldigitaldeasturias.com\\\/noticias\\\/category\\\/actualidad\\\/\",\"nextItem\":{\"@type\":\"ListItem\",\"@id\":\"https:\\\/\\\/www.eldigitaldeasturias.com\\\/noticias\\\/maria-victoria-broto-clausura-la-jornada-coeducacion-un-reto-a-conseguir\\\/#listItem\",\"name\":\"Mar\\u00eda Victoria Broto clausura la jornada \\u201cCoeducaci\\u00f3n: un reto a conseguir\\u201d\"},\"previousItem\":{\"@type\":\"ListItem\",\"@id\":\"https:\\\/\\\/www.eldigitaldeasturias.com\\\/noticias#listItem\",\"name\":\"Home\"}},{\"@type\":\"ListItem\",\"@id\":\"https:\\\/\\\/www.eldigitaldeasturias.com\\\/noticias\\\/maria-victoria-broto-clausura-la-jornada-coeducacion-un-reto-a-conseguir\\\/#listItem\",\"position\":3,\"name\":\"Mar\\u00eda Victoria Broto clausura la jornada \\u201cCoeducaci\\u00f3n: un reto a conseguir\\u201d\",\"previousItem\":{\"@type\":\"ListItem\",\"@id\":\"https:\\\/\\\/www.eldigitaldeasturias.com\\\/noticias\\\/category\\\/actualidad\\\/#listItem\",\"name\":\"Actualidad\"}}]},{\"@type\":\"Organization\",\"@id\":\"https:\\\/\\\/www.eldigitaldeasturias.com\\\/noticias\\\/#organization\",\"name\":\"El Digital de Asturias\",\"description\":\"Hemeroteca\",\"url\":\"https:\\\/\\\/www.eldigitaldeasturias.com\\\/noticias\\\/\",\"email\":\"info@eldigitaldeasturias.com\",\"telephone\":\"+34652131393\",\"logo\":{\"@type\":\"ImageObject\",\"url\":\"https:\\\/\\\/www.eldigitaldeasturias.com\\\/noticias\\\/wp-content\\\/uploads\\\/2020\\\/12\\\/EDA.jpg\",\"@id\":\"https:\\\/\\\/www.eldigitaldeasturias.com\\\/noticias\\\/maria-victoria-broto-clausura-la-jornada-coeducacion-un-reto-a-conseguir\\\/#organizationLogo\"},\"image\":{\"@id\":\"https:\\\/\\\/www.eldigitaldeasturias.com\\\/noticias\\\/maria-victoria-broto-clausura-la-jornada-coeducacion-un-reto-a-conseguir\\\/#organizationLogo\"},\"sameAs\":[\"https:\\\/\\\/facebook.com\\\/eldigitaldeasturias\",\"https:\\\/\\\/www.youtube.com\\\/channel\\\/UCZP-2wLEB9Rv6erhFmqVnvg\"],\"address\":{\"@id\":\"https:\\\/\\\/www.eldigitaldeasturias.com\\\/noticias\\\/#postaladdress\",\"@type\":\"PostalAddress\",\"streetAddress\":\"san antonio 4\",\"postalCode\":\"33430\",\"addressLocality\":\"Cand\\u00e1s\",\"addressRegion\":\"Asturias\",\"addressCountry\":\"ES\"}},{\"@type\":\"Person\",\"@id\":\"https:\\\/\\\/www.eldigitaldeasturias.com\\\/noticias\\\/author\\\/admin\\\/#author\",\"url\":\"https:\\\/\\\/www.eldigitaldeasturias.com\\\/noticias\\\/author\\\/admin\\\/\",\"name\":\"El Digital de Asturias\",\"image\":{\"@type\":\"ImageObject\",\"@id\":\"https:\\\/\\\/www.eldigitaldeasturias.com\\\/noticias\\\/maria-victoria-broto-clausura-la-jornada-coeducacion-un-reto-a-conseguir\\\/#authorImage\",\"url\":\"https:\\\/\\\/secure.gravatar.com\\\/avatar\\\/df2aeffc32bcd13f8d26072ef8a91b623d677766deac7f97ca815868cd41bf5e?s=96&d=mm&r=g\",\"width\":96,\"height\":96,\"caption\":\"El Digital de Asturias\"}},{\"@type\":\"WebPage\",\"@id\":\"https:\\\/\\\/www.eldigitaldeasturias.com\\\/noticias\\\/maria-victoria-broto-clausura-la-jornada-coeducacion-un-reto-a-conseguir\\\/#webpage\",\"url\":\"https:\\\/\\\/www.eldigitaldeasturias.com\\\/noticias\\\/maria-victoria-broto-clausura-la-jornada-coeducacion-un-reto-a-conseguir\\\/\",\"name\":\"Mar\\u00eda Victoria Broto clausura la jornada \\u201cCoeducaci\\u00f3n: un reto a conseguir\\u201d - El Digital de Asturias\",\"description\":\"La consejera de Ciudadan\\u00eda y Derechos Sociales, Mar\\u00eda Victoria Broto, ha destacado hoy la apuesta del Gobierno por \\u201ceducar en igualdad en las aulas\\u201d porque, ha dicho, \\u201cacabar con la desigualdad entre hombres y mujeres supone acabar con la violencia de g\\u00e9nero\\\". Broto ha dicho estas palabras en el transcurso del acto de clausura de\",\"inLanguage\":\"es-ES\",\"isPartOf\":{\"@id\":\"https:\\\/\\\/www.eldigitaldeasturias.com\\\/noticias\\\/#website\"},\"breadcrumb\":{\"@id\":\"https:\\\/\\\/www.eldigitaldeasturias.com\\\/noticias\\\/maria-victoria-broto-clausura-la-jornada-coeducacion-un-reto-a-conseguir\\\/#breadcrumblist\"},\"author\":{\"@id\":\"https:\\\/\\\/www.eldigitaldeasturias.com\\\/noticias\\\/author\\\/admin\\\/#author\"},\"creator\":{\"@id\":\"https:\\\/\\\/www.eldigitaldeasturias.com\\\/noticias\\\/author\\\/admin\\\/#author\"},\"image\":{\"@type\":\"ImageObject\",\"url\":966082,\"@id\":\"https:\\\/\\\/www.eldigitaldeasturias.com\\\/noticias\\\/maria-victoria-broto-clausura-la-jornada-coeducacion-un-reto-a-conseguir\\\/#mainImage\"},\"primaryImageOfPage\":{\"@id\":\"https:\\\/\\\/www.eldigitaldeasturias.com\\\/noticias\\\/maria-victoria-broto-clausura-la-jornada-coeducacion-un-reto-a-conseguir\\\/#mainImage\"},\"datePublished\":\"2018-01-14T15:11:12+01:00\",\"dateModified\":\"2018-01-14T15:11:12+01:00\"},{\"@type\":\"WebSite\",\"@id\":\"https:\\\/\\\/www.eldigitaldeasturias.com\\\/noticias\\\/#website\",\"url\":\"https:\\\/\\\/www.eldigitaldeasturias.com\\\/noticias\\\/\",\"name\":\"El Digital de Asturias - Diario de actualidad y noticias\",\"alternateName\":\"El Digital de Asturias - Diario de actualidad y noticias\",\"description\":\"Hemeroteca\",\"inLanguage\":\"es-ES\",\"publisher\":{\"@id\":\"https:\\\/\\\/www.eldigitaldeasturias.com\\\/noticias\\\/#organization\"}}]}\n\t\t<\/script>\n\t\t<!-- All in One SEO Pro -->\r\n\t\t<title>Mar\u00eda Victoria Broto clausura la jornada \u201cCoeducaci\u00f3n: un reto a conseguir\u201d - El Digital de Asturias<\/title>\n\n","aioseo_head_json":{"title":"Mar\u00eda Victoria Broto clausura la jornada \u201cCoeducaci\u00f3n: un reto a conseguir\u201d - El Digital de Asturias","description":"La consejera de Ciudadan\u00eda y Derechos Sociales, Mar\u00eda Victoria Broto, ha destacado hoy la apuesta del Gobierno por \u201ceducar en igualdad en las aulas\u201d porque, ha dicho, \u201cacabar con la desigualdad entre hombres y mujeres supone acabar con la violencia de g\u00e9nero\". Broto ha dicho estas palabras en el transcurso del acto de clausura de","canonical_url":"https:\/\/www.eldigitaldeasturias.com\/noticias\/maria-victoria-broto-clausura-la-jornada-coeducacion-un-reto-a-conseguir\/","robots":"max-image-preview:large","keywords":"actualidad","webmasterTools":{"google-site-verification":"UA-38556648-1","msvalidate.01":"7dfe9f3f1b24437ab69f4f2559babe99","miscellaneous":""},"schema":{"@context":"https:\/\/schema.org","@graph":[{"@type":"BlogPosting","@id":"https:\/\/www.eldigitaldeasturias.com\/noticias\/maria-victoria-broto-clausura-la-jornada-coeducacion-un-reto-a-conseguir\/#blogposting","name":"Mar\u00eda Victoria Broto clausura la jornada \u201cCoeducaci\u00f3n: un reto a conseguir\u201d - El Digital de Asturias","headline":"Mar\u00eda Victoria Broto clausura la jornada \u201cCoeducaci\u00f3n: un reto a conseguir\u201d","author":{"@id":"https:\/\/www.eldigitaldeasturias.com\/noticias\/author\/admin\/#author"},"publisher":{"@id":"https:\/\/www.eldigitaldeasturias.com\/noticias\/#organization"},"image":{"@type":"ImageObject","url":966082},"datePublished":"2018-01-14T15:11:12+01:00","dateModified":"2018-01-14T15:11:12+01:00","inLanguage":"es-ES","mainEntityOfPage":{"@id":"https:\/\/www.eldigitaldeasturias.com\/noticias\/maria-victoria-broto-clausura-la-jornada-coeducacion-un-reto-a-conseguir\/#webpage"},"isPartOf":{"@id":"https:\/\/www.eldigitaldeasturias.com\/noticias\/maria-victoria-broto-clausura-la-jornada-coeducacion-un-reto-a-conseguir\/#webpage"},"articleSection":"Actualidad"},{"@type":"BreadcrumbList","@id":"https:\/\/www.eldigitaldeasturias.com\/noticias\/maria-victoria-broto-clausura-la-jornada-coeducacion-un-reto-a-conseguir\/#breadcrumblist","itemListElement":[{"@type":"ListItem","@id":"https:\/\/www.eldigitaldeasturias.com\/noticias#listItem","position":1,"name":"Home","item":"https:\/\/www.eldigitaldeasturias.com\/noticias","nextItem":{"@type":"ListItem","@id":"https:\/\/www.eldigitaldeasturias.com\/noticias\/category\/actualidad\/#listItem","name":"Actualidad"}},{"@type":"ListItem","@id":"https:\/\/www.eldigitaldeasturias.com\/noticias\/category\/actualidad\/#listItem","position":2,"name":"Actualidad","item":"https:\/\/www.eldigitaldeasturias.com\/noticias\/category\/actualidad\/","nextItem":{"@type":"ListItem","@id":"https:\/\/www.eldigitaldeasturias.com\/noticias\/maria-victoria-broto-clausura-la-jornada-coeducacion-un-reto-a-conseguir\/#listItem","name":"Mar\u00eda Victoria Broto clausura la jornada \u201cCoeducaci\u00f3n: un reto a conseguir\u201d"},"previousItem":{"@type":"ListItem","@id":"https:\/\/www.eldigitaldeasturias.com\/noticias#listItem","name":"Home"}},{"@type":"ListItem","@id":"https:\/\/www.eldigitaldeasturias.com\/noticias\/maria-victoria-broto-clausura-la-jornada-coeducacion-un-reto-a-conseguir\/#listItem","position":3,"name":"Mar\u00eda Victoria Broto clausura la jornada \u201cCoeducaci\u00f3n: un reto a conseguir\u201d","previousItem":{"@type":"ListItem","@id":"https:\/\/www.eldigitaldeasturias.com\/noticias\/category\/actualidad\/#listItem","name":"Actualidad"}}]},{"@type":"Organization","@id":"https:\/\/www.eldigitaldeasturias.com\/noticias\/#organization","name":"El Digital de Asturias","description":"Hemeroteca","url":"https:\/\/www.eldigitaldeasturias.com\/noticias\/","email":"info@eldigitaldeasturias.com","telephone":"+34652131393","logo":{"@type":"ImageObject","url":"https:\/\/www.eldigitaldeasturias.com\/noticias\/wp-content\/uploads\/2020\/12\/EDA.jpg","@id":"https:\/\/www.eldigitaldeasturias.com\/noticias\/maria-victoria-broto-clausura-la-jornada-coeducacion-un-reto-a-conseguir\/#organizationLogo"},"image":{"@id":"https:\/\/www.eldigitaldeasturias.com\/noticias\/maria-victoria-broto-clausura-la-jornada-coeducacion-un-reto-a-conseguir\/#organizationLogo"},"sameAs":["https:\/\/facebook.com\/eldigitaldeasturias","https:\/\/www.youtube.com\/channel\/UCZP-2wLEB9Rv6erhFmqVnvg"],"address":{"@id":"https:\/\/www.eldigitaldeasturias.com\/noticias\/#postaladdress","@type":"PostalAddress","streetAddress":"san antonio 4","postalCode":"33430","addressLocality":"Cand\u00e1s","addressRegion":"Asturias","addressCountry":"ES"}},{"@type":"Person","@id":"https:\/\/www.eldigitaldeasturias.com\/noticias\/author\/admin\/#author","url":"https:\/\/www.eldigitaldeasturias.com\/noticias\/author\/admin\/","name":"El Digital de Asturias","image":{"@type":"ImageObject","@id":"https:\/\/www.eldigitaldeasturias.com\/noticias\/maria-victoria-broto-clausura-la-jornada-coeducacion-un-reto-a-conseguir\/#authorImage","url":"https:\/\/secure.gravatar.com\/avatar\/df2aeffc32bcd13f8d26072ef8a91b623d677766deac7f97ca815868cd41bf5e?s=96&d=mm&r=g","width":96,"height":96,"caption":"El Digital de Asturias"}},{"@type":"WebPage","@id":"https:\/\/www.eldigitaldeasturias.com\/noticias\/maria-victoria-broto-clausura-la-jornada-coeducacion-un-reto-a-conseguir\/#webpage","url":"https:\/\/www.eldigitaldeasturias.com\/noticias\/maria-victoria-broto-clausura-la-jornada-coeducacion-un-reto-a-conseguir\/","name":"Mar\u00eda Victoria Broto clausura la jornada \u201cCoeducaci\u00f3n: un reto a conseguir\u201d - El Digital de Asturias","description":"La consejera de Ciudadan\u00eda y Derechos Sociales, Mar\u00eda Victoria Broto, ha destacado hoy la apuesta del Gobierno por \u201ceducar en igualdad en las aulas\u201d porque, ha dicho, \u201cacabar con la desigualdad entre hombres y mujeres supone acabar con la violencia de g\u00e9nero\". Broto ha dicho estas palabras en el transcurso del acto de clausura de","inLanguage":"es-ES","isPartOf":{"@id":"https:\/\/www.eldigitaldeasturias.com\/noticias\/#website"},"breadcrumb":{"@id":"https:\/\/www.eldigitaldeasturias.com\/noticias\/maria-victoria-broto-clausura-la-jornada-coeducacion-un-reto-a-conseguir\/#breadcrumblist"},"author":{"@id":"https:\/\/www.eldigitaldeasturias.com\/noticias\/author\/admin\/#author"},"creator":{"@id":"https:\/\/www.eldigitaldeasturias.com\/noticias\/author\/admin\/#author"},"image":{"@type":"ImageObject","url":966082,"@id":"https:\/\/www.eldigitaldeasturias.com\/noticias\/maria-victoria-broto-clausura-la-jornada-coeducacion-un-reto-a-conseguir\/#mainImage"},"primaryImageOfPage":{"@id":"https:\/\/www.eldigitaldeasturias.com\/noticias\/maria-victoria-broto-clausura-la-jornada-coeducacion-un-reto-a-conseguir\/#mainImage"},"datePublished":"2018-01-14T15:11:12+01:00","dateModified":"2018-01-14T15:11:12+01:00"},{"@type":"WebSite","@id":"https:\/\/www.eldigitaldeasturias.com\/noticias\/#website","url":"https:\/\/www.eldigitaldeasturias.com\/noticias\/","name":"El Digital de Asturias - Diario de actualidad y noticias","alternateName":"El Digital de Asturias - Diario de actualidad y noticias","description":"Hemeroteca","inLanguage":"es-ES","publisher":{"@id":"https:\/\/www.eldigitaldeasturias.com\/noticias\/#organization"}}]},"og:locale":"es_ES","og:site_name":"El Digital de Asturias","og:type":"article","og:title":"Mar\u00eda Victoria Broto clausura la jornada \u201cCoeducaci\u00f3n: un reto a conseguir\u201d - El Digital de Asturias","og:description":"La consejera de Ciudadan\u00eda y Derechos Sociales, Mar\u00eda Victoria Broto, ha destacado hoy la apuesta del Gobierno por \u201ceducar en igualdad en las aulas\u201d porque, ha dicho, \u201cacabar con la desigualdad entre hombres y mujeres supone acabar con la violencia de g\u00e9nero&quot;. Broto ha dicho estas palabras en el transcurso del acto de clausura de","og:url":"https:\/\/www.eldigitaldeasturias.com\/noticias\/maria-victoria-broto-clausura-la-jornada-coeducacion-un-reto-a-conseguir\/","article:tag":["actualidad"],"article:published_time":"2018-01-14T15:11:12+00:00","article:modified_time":"2018-01-14T15:11:12+00:00","article:publisher":"https:\/\/facebook.com\/eldigitaldeasturias","twitter:card":"summary_large_image","twitter:title":"Mar\u00eda Victoria Broto clausura la jornada \u201cCoeducaci\u00f3n: un reto a conseguir\u201d - El Digital de Asturias","twitter:description":"La consejera de Ciudadan\u00eda y Derechos Sociales, Mar\u00eda Victoria Broto, ha destacado hoy la apuesta del Gobierno por \u201ceducar en igualdad en las aulas\u201d porque, ha dicho, \u201cacabar con la desigualdad entre hombres y mujeres supone acabar con la violencia de g\u00e9nero&quot;. Broto ha dicho estas palabras en el transcurso del acto de clausura de","twitter:image":"https:\/\/www.eldigitaldeasturias.com\/noticias\/wp-content\/uploads\/2020\/12\/EDA-1.jpg","twitter:label1":"Escrito por","twitter:data1":"El Digital de Asturias","twitter:label2":"Tiempo de lectura estimado","twitter:data2":"3 minutos"},"aioseo_meta_data":{"post_id":"966081","title":null,"description":null,"keywords":null,"keyphrases":null,"primary_term":null,"canonical_url":null,"og_title":null,"og_description":null,"og_object_type":"default","og_image_type":"default","og_image_url":null,"og_image_width":null,"og_image_height":null,"og_image_custom_url":null,"og_image_custom_fields":null,"og_video":null,"og_custom_url":null,"og_article_section":null,"og_article_tags":null,"twitter_use_og":false,"twitter_card":"default","twitter_image_type":"default","twitter_image_url":null,"twitter_image_custom_url":null,"twitter_image_custom_fields":null,"twitter_title":null,"twitter_description":null,"schema":{"blockGraphs":[],"customGraphs":[],"default":{"data":{"Article":[],"Course":[],"Dataset":[],"FAQPage":[],"Movie":[],"Person":[],"Product":[],"ProductReview":[],"Car":[],"Recipe":[],"Service":[],"SoftwareApplication":[],"WebPage":[]},"graphName":"","isEnabled":true},"graphs":[],"defaultGraph":"","defaultPostTypeGraph":""},"schema_type":null,"schema_type_options":null,"pillar_content":false,"robots_default":true,"robots_noindex":false,"robots_noarchive":false,"robots_nosnippet":false,"robots_nofollow":false,"robots_noimageindex":false,"robots_noodp":false,"robots_notranslate":false,"robots_max_snippet":null,"robots_max_videopreview":null,"robots_max_imagepreview":"large","priority":null,"frequency":null,"local_seo":null,"seo_analyzer_scan_date":"2025-10-06 14:21:42","breadcrumb_settings":null,"limit_modified_date":false,"open_ai":null,"ai":null,"created":"2020-12-21 12:36:39","updated":"2025-10-06 14:21:42","focus_keyword":null,"additional_keywords":null,"truseo_locale":null},"aioseo_breadcrumb":"<div class=\"aioseo-breadcrumbs\"><span class=\"aioseo-breadcrumb\">\n\t<a href=\"https:\/\/www.eldigitaldeasturias.com\/noticias\" title=\"Home\">Home<\/a>\n<\/span><span class=\"aioseo-breadcrumb-separator\">\u2013<\/span><span class=\"aioseo-breadcrumb\">\n\t<a href=\"https:\/\/www.eldigitaldeasturias.com\/noticias\/category\/actualidad\/\" title=\"Actualidad\">Actualidad<\/a>\n<\/span><span class=\"aioseo-breadcrumb-separator\">\u2013<\/span><span class=\"aioseo-breadcrumb\">\n\t<a href=\"https:\/\/www.eldigitaldeasturias.com\/noticias\/maria-victoria-broto-clausura-la-jornada-coeducacion-un-reto-a-conseguir\/\" title=\"Mar\u00eda Victoria Broto clausura la jornada \u201cCoeducaci\u00f3n: un reto a conseguir\u201d\">Mar\u00eda Victoria Broto clausura la jornada \u201cCoeducaci\u00f3n: un reto a conseguir\u201d<\/a>\n<\/span><\/div>","aioseo_breadcrumb_json":[{"label":"Home","link":"https:\/\/www.eldigitaldeasturias.com\/noticias"},{"label":"Actualidad","link":"https:\/\/www.eldigitaldeasturias.com\/noticias\/category\/actualidad\/"},{"label":"Mar\u00eda Victoria Broto clausura la jornada \u201cCoeducaci\u00f3n: un reto a conseguir\u201d","link":"https:\/\/www.eldigitaldeasturias.com\/noticias\/maria-victoria-broto-clausura-la-jornada-coeducacion-un-reto-a-conseguir\/"}],"_links":{"self":[{"href":"https:\/\/www.eldigitaldeasturias.com\/noticias\/wp-json\/wp\/v2\/posts\/966081","targetHints":{"allow":["GET"]}}],"collection":[{"href":"https:\/\/www.eldigitaldeasturias.com\/noticias\/wp-json\/wp\/v2\/posts"}],"about":[{"href":"https:\/\/www.eldigitaldeasturias.com\/noticias\/wp-json\/wp\/v2\/types\/post"}],"author":[{"embeddable":true,"href":"https:\/\/www.eldigitaldeasturias.com\/noticias\/wp-json\/wp\/v2\/users\/1"}],"replies":[{"embeddable":true,"href":"https:\/\/www.eldigitaldeasturias.com\/noticias\/wp-json\/wp\/v2\/comments?post=966081"}],"version-history":[{"count":0,"href":"https:\/\/www.eldigitaldeasturias.com\/noticias\/wp-json\/wp\/v2\/posts\/966081\/revisions"}],"wp:attachment":[{"href":"https:\/\/www.eldigitaldeasturias.com\/noticias\/wp-json\/wp\/v2\/media?parent=966081"}],"wp:term":[{"taxonomy":"category","embeddable":true,"href":"https:\/\/www.eldigitaldeasturias.com\/noticias\/wp-json\/wp\/v2\/categories?post=966081"},{"taxonomy":"post_tag","embeddable":true,"href":"https:\/\/www.eldigitaldeasturias.com\/noticias\/wp-json\/wp\/v2\/tags?post=966081"}],"curies":[{"name":"wp","href":"https:\/\/api.w.org\/{rel}","templated":true}]}}