{"id":966049,"date":"2018-01-14T14:34:30","date_gmt":"2018-01-14T14:34:30","guid":{"rendered":"http:\/\/www.eldigitaldeasturias.com\/noticias\/?p=966049"},"modified":"2018-01-14T14:34:30","modified_gmt":"2018-01-14T14:34:30","slug":"30-productores-se-han-reunido-en-el-iaacc-pablo-serrano-de-zaragoza","status":"publish","type":"post","link":"https:\/\/www.eldigitaldeasturias.com\/noticias\/30-productores-se-han-reunido-en-el-iaacc-pablo-serrano-de-zaragoza\/","title":{"rendered":"30 productores se han reunido en el IAACC Pablo Serrano de Zaragoza"},"content":{"rendered":"<p><img loading=\"lazy\" decoding=\"async\" class=\"alignleft size-medium wp-image-966050\" src=\"https:\/\/www.eldigitaldeasturias.com\/noticias\/wp-content\/uploads\/2018\/01\/Forque_3_3dd1188a-360x159.jpg\" alt=\"\" width=\"360\" height=\"159\" \/>M\u00e1s de 30 productores de 24 asociaciones espa\u00f1olas se han dado cita en el IAACC Pablo Serrano para analizar la realidad del sector y debatir sobre el modelo de financiaci\u00f3n audiovisual. El encuentro, coincidente con la gala de los Premios Forqu\u00e9 en Zaragoza, ha vuelto a poner de manifiesto el atractivo de Arag\u00f3n y su implicaci\u00f3n con el mundo del cine. En la jornada han estado presentes 24 asociaciones de 13 comunidades aut\u00f3nomas, que tomaron la decisi\u00f3n de reunirse en Zaragoza tras una primera reuni\u00f3n que tuvo lugar en Sitges en noviembre de 2017 para tratar intereses comunes, y a propuesta de la Asociaci\u00f3n de Productores Independientes Audiovisuales de Arag\u00f3n (APROAR). En concreto, estas asociaciones, que acogen a casi 500 empresas en su seno, se encuentran inmersas en un debate sobre el modelo de financiaci\u00f3n del audiovisual.<\/p>\n<p>Durante dicha reuni\u00f3n se plante\u00f3 la necesidad de seguir trabajando en una l\u00ednea com\u00fan buscando el bien del sector audiovisual. Adem\u00e1s de permitir un nuevo encuentro entre los productores en el mismo d\u00eda de la gala de los Premios Forqu\u00e9, estos profesionales han tenido la oportunidad en Zaragoza de conocer de primera mano el trabajo de la Arag\u00f3n Film Comisi\u00f3n, que ha facilitado el rodaje en la Comunidad de m\u00e1s de 50 trabajos (largometrajes, cortos, documentales, v\u00eddeos\u2026) y reivindicar el territorio aragon\u00e9s para que sea tenido en cuenta en el momento de plantear coproducciones auton\u00f3micas.<\/p>\n<p>Durante la reuni\u00f3n en el IAACC Pablo Serrano, los productores han insistido en su propuesta de creaci\u00f3n del Fondo Nacional P\u00fablico de Apoyo al Sector Audiovisual (FASA), que incluya adem\u00e1s de subvenciones y ayudas directas impuestos que revierten directamente en el sector, como gravar la distribuci\u00f3n y exhibici\u00f3n de pel\u00edculas.<\/p>\n<p>En este segundo encuentro, adem\u00e1s de presentar esta proposici\u00f3n a los asociados que no estuvieron representados en Sitges, se han sentado las bases para extender el plan y han tenido la ocasi\u00f3n de plante\u00e1rselo al director general del ICAA del Ministerio de Cultura, \u00d3scar Graefenhain, que se ha encargado de clausurar la jornada junto al director general de Cultura y Patrimonio del Gobierno de Arag\u00f3n, Nacho Escu\u00edn.<\/p>\n<p>Escu\u00edn ha agradecido a los presentes que eligieran Arag\u00f3n para esta sesi\u00f3n y ha resaltado su importancia como tierra de cine, no solo como un plat\u00f3, sino \u201ccomo un espacio donde los profesionales encuentran cabida\u201d. \u201cEl audiovisual es fundamental y ahora mismo podemos competir con cualquier Comunidad para traer rodajes importantes\u201d, ha manifestado Escu\u00edn, quien ha recordado que en poco tiempo la Aragon Film Comission ha conseguido traer muchos rodajes, la propia gala de los Forqu\u00e9, el encuentro de los productores espa\u00f1oles y, en general, ha hecho que \u201cse sienta que en Zaragoza y en todo Arag\u00f3n est\u00e1 pasando algo en el sector audiovisual\u201d.<\/p>\n","protected":false},"excerpt":{"rendered":"<p>M\u00e1s de 30 productores de 24 asociaciones espa\u00f1olas se han dado cita en el IAACC Pablo Serrano para analizar la realidad del sector y debatir sobre el modelo de financiaci\u00f3n audiovisual. El encuentro, coincidente con la gala de los Premios Forqu\u00e9 en Zaragoza, ha vuelto a poner de manifiesto el atractivo de Arag\u00f3n y su [&hellip;]<\/p>\n","protected":false},"author":1,"featured_media":966050,"comment_status":"closed","ping_status":"closed","sticky":false,"template":"","format":"standard","meta":{"footnotes":""},"categories":[1],"tags":[],"class_list":["post-966049","post","type-post","status-publish","format-standard","has-post-thumbnail","hentry","category-actualidad"],"aioseo_notices":[],"aioseo_head":"\n\t\t<!-- All in One SEO Pro 5.0.1 - aioseo.com -->\n\t<meta name=\"description\" content=\"M\u00e1s de 30 productores de 24 asociaciones espa\u00f1olas se han dado cita en el IAACC Pablo Serrano para analizar la realidad del sector y debatir sobre el modelo de financiaci\u00f3n audiovisual. El encuentro, coincidente con la gala de los Premios Forqu\u00e9 en Zaragoza, ha vuelto a poner de manifiesto el atractivo de Arag\u00f3n y su\" \/>\n\t<meta name=\"robots\" content=\"max-image-preview:large\" \/>\n\t<meta name=\"author\" content=\"El Digital de Asturias\"\/>\n\t<meta name=\"google-site-verification\" content=\"UA-38556648-1\" \/>\n\t<meta name=\"msvalidate.01\" content=\"7dfe9f3f1b24437ab69f4f2559babe99\" \/>\n\t<meta name=\"keywords\" content=\"actualidad\" \/>\n\t<link rel=\"canonical\" href=\"https:\/\/www.eldigitaldeasturias.com\/noticias\/30-productores-se-han-reunido-en-el-iaacc-pablo-serrano-de-zaragoza\/\" \/>\n\t<meta name=\"generator\" content=\"All in One SEO Pro (AIOSEO) 5.0.1\" \/>\n\t\t<meta property=\"og:locale\" content=\"es_ES\" \/>\n\t\t<meta property=\"og:site_name\" content=\"El Digital de Asturias\" \/>\n\t\t<meta property=\"og:type\" content=\"article\" \/>\n\t\t<meta property=\"og:title\" content=\"30 productores se han reunido en el IAACC Pablo Serrano de Zaragoza - El Digital de Asturias\" \/>\n\t\t<meta property=\"og:description\" content=\"M\u00e1s de 30 productores de 24 asociaciones espa\u00f1olas se han dado cita en el IAACC Pablo Serrano para analizar la realidad del sector y debatir sobre el modelo de financiaci\u00f3n audiovisual. El encuentro, coincidente con la gala de los Premios Forqu\u00e9 en Zaragoza, ha vuelto a poner de manifiesto el atractivo de Arag\u00f3n y su\" \/>\n\t\t<meta property=\"og:url\" content=\"https:\/\/www.eldigitaldeasturias.com\/noticias\/30-productores-se-han-reunido-en-el-iaacc-pablo-serrano-de-zaragoza\/\" \/>\n\t\t<meta property=\"article:tag\" content=\"actualidad\" \/>\n\t\t<meta property=\"article:published_time\" content=\"2018-01-14T14:34:30+00:00\" \/>\n\t\t<meta property=\"article:modified_time\" content=\"2018-01-14T14:34:30+00:00\" \/>\n\t\t<meta property=\"article:publisher\" content=\"https:\/\/facebook.com\/eldigitaldeasturias\" \/>\n\t\t<meta name=\"twitter:card\" content=\"summary_large_image\" \/>\n\t\t<meta name=\"twitter:title\" content=\"30 productores se han reunido en el IAACC Pablo Serrano de Zaragoza - El Digital de Asturias\" \/>\n\t\t<meta name=\"twitter:description\" content=\"M\u00e1s de 30 productores de 24 asociaciones espa\u00f1olas se han dado cita en el IAACC Pablo Serrano para analizar la realidad del sector y debatir sobre el modelo de financiaci\u00f3n audiovisual. El encuentro, coincidente con la gala de los Premios Forqu\u00e9 en Zaragoza, ha vuelto a poner de manifiesto el atractivo de Arag\u00f3n y su\" \/>\n\t\t<meta name=\"twitter:image\" content=\"https:\/\/www.eldigitaldeasturias.com\/noticias\/wp-content\/uploads\/2020\/12\/EDA-1.jpg\" \/>\n\t\t<meta name=\"twitter:label1\" content=\"Escrito por\" \/>\n\t\t<meta name=\"twitter:data1\" content=\"El Digital de Asturias\" \/>\n\t\t<meta name=\"twitter:label2\" content=\"Tiempo de lectura estimado\" \/>\n\t\t<meta name=\"twitter:data2\" content=\"2 minutos\" \/>\n\t\t<script type=\"application\/ld+json\" class=\"aioseo-schema\">\n\t\t\t{\"@context\":\"https:\\\/\\\/schema.org\",\"@graph\":[{\"@type\":\"BlogPosting\",\"@id\":\"https:\\\/\\\/www.eldigitaldeasturias.com\\\/noticias\\\/30-productores-se-han-reunido-en-el-iaacc-pablo-serrano-de-zaragoza\\\/#blogposting\",\"name\":\"30 productores se han reunido en el IAACC Pablo Serrano de Zaragoza - El Digital de Asturias\",\"headline\":\"30 productores se han reunido en el IAACC Pablo Serrano de Zaragoza\",\"author\":{\"@id\":\"https:\\\/\\\/www.eldigitaldeasturias.com\\\/noticias\\\/author\\\/admin\\\/#author\"},\"publisher\":{\"@id\":\"https:\\\/\\\/www.eldigitaldeasturias.com\\\/noticias\\\/#organization\"},\"image\":{\"@type\":\"ImageObject\",\"url\":966050},\"datePublished\":\"2018-01-14T14:34:30+01:00\",\"dateModified\":\"2018-01-14T14:34:30+01:00\",\"inLanguage\":\"es-ES\",\"mainEntityOfPage\":{\"@id\":\"https:\\\/\\\/www.eldigitaldeasturias.com\\\/noticias\\\/30-productores-se-han-reunido-en-el-iaacc-pablo-serrano-de-zaragoza\\\/#webpage\"},\"isPartOf\":{\"@id\":\"https:\\\/\\\/www.eldigitaldeasturias.com\\\/noticias\\\/30-productores-se-han-reunido-en-el-iaacc-pablo-serrano-de-zaragoza\\\/#webpage\"},\"articleSection\":\"Actualidad\"},{\"@type\":\"BreadcrumbList\",\"@id\":\"https:\\\/\\\/www.eldigitaldeasturias.com\\\/noticias\\\/30-productores-se-han-reunido-en-el-iaacc-pablo-serrano-de-zaragoza\\\/#breadcrumblist\",\"itemListElement\":[{\"@type\":\"ListItem\",\"@id\":\"https:\\\/\\\/www.eldigitaldeasturias.com\\\/noticias#listItem\",\"position\":1,\"name\":\"Home\",\"item\":\"https:\\\/\\\/www.eldigitaldeasturias.com\\\/noticias\",\"nextItem\":{\"@type\":\"ListItem\",\"@id\":\"https:\\\/\\\/www.eldigitaldeasturias.com\\\/noticias\\\/category\\\/actualidad\\\/#listItem\",\"name\":\"Actualidad\"}},{\"@type\":\"ListItem\",\"@id\":\"https:\\\/\\\/www.eldigitaldeasturias.com\\\/noticias\\\/category\\\/actualidad\\\/#listItem\",\"position\":2,\"name\":\"Actualidad\",\"item\":\"https:\\\/\\\/www.eldigitaldeasturias.com\\\/noticias\\\/category\\\/actualidad\\\/\",\"nextItem\":{\"@type\":\"ListItem\",\"@id\":\"https:\\\/\\\/www.eldigitaldeasturias.com\\\/noticias\\\/30-productores-se-han-reunido-en-el-iaacc-pablo-serrano-de-zaragoza\\\/#listItem\",\"name\":\"30 productores se han reunido en el IAACC Pablo Serrano de Zaragoza\"},\"previousItem\":{\"@type\":\"ListItem\",\"@id\":\"https:\\\/\\\/www.eldigitaldeasturias.com\\\/noticias#listItem\",\"name\":\"Home\"}},{\"@type\":\"ListItem\",\"@id\":\"https:\\\/\\\/www.eldigitaldeasturias.com\\\/noticias\\\/30-productores-se-han-reunido-en-el-iaacc-pablo-serrano-de-zaragoza\\\/#listItem\",\"position\":3,\"name\":\"30 productores se han reunido en el IAACC Pablo Serrano de Zaragoza\",\"previousItem\":{\"@type\":\"ListItem\",\"@id\":\"https:\\\/\\\/www.eldigitaldeasturias.com\\\/noticias\\\/category\\\/actualidad\\\/#listItem\",\"name\":\"Actualidad\"}}]},{\"@type\":\"Organization\",\"@id\":\"https:\\\/\\\/www.eldigitaldeasturias.com\\\/noticias\\\/#organization\",\"name\":\"El Digital de Asturias\",\"description\":\"Hemeroteca\",\"url\":\"https:\\\/\\\/www.eldigitaldeasturias.com\\\/noticias\\\/\",\"email\":\"info@eldigitaldeasturias.com\",\"telephone\":\"+34652131393\",\"logo\":{\"@type\":\"ImageObject\",\"url\":\"https:\\\/\\\/www.eldigitaldeasturias.com\\\/noticias\\\/wp-content\\\/uploads\\\/2020\\\/12\\\/EDA.jpg\",\"@id\":\"https:\\\/\\\/www.eldigitaldeasturias.com\\\/noticias\\\/30-productores-se-han-reunido-en-el-iaacc-pablo-serrano-de-zaragoza\\\/#organizationLogo\"},\"image\":{\"@id\":\"https:\\\/\\\/www.eldigitaldeasturias.com\\\/noticias\\\/30-productores-se-han-reunido-en-el-iaacc-pablo-serrano-de-zaragoza\\\/#organizationLogo\"},\"sameAs\":[\"https:\\\/\\\/facebook.com\\\/eldigitaldeasturias\",\"https:\\\/\\\/www.youtube.com\\\/channel\\\/UCZP-2wLEB9Rv6erhFmqVnvg\"],\"address\":{\"@id\":\"https:\\\/\\\/www.eldigitaldeasturias.com\\\/noticias\\\/#postaladdress\",\"@type\":\"PostalAddress\",\"streetAddress\":\"san antonio 4\",\"postalCode\":\"33430\",\"addressLocality\":\"Cand\\u00e1s\",\"addressRegion\":\"Asturias\",\"addressCountry\":\"ES\"}},{\"@type\":\"Person\",\"@id\":\"https:\\\/\\\/www.eldigitaldeasturias.com\\\/noticias\\\/author\\\/admin\\\/#author\",\"url\":\"https:\\\/\\\/www.eldigitaldeasturias.com\\\/noticias\\\/author\\\/admin\\\/\",\"name\":\"El Digital de Asturias\",\"image\":{\"@type\":\"ImageObject\",\"@id\":\"https:\\\/\\\/www.eldigitaldeasturias.com\\\/noticias\\\/30-productores-se-han-reunido-en-el-iaacc-pablo-serrano-de-zaragoza\\\/#authorImage\",\"url\":\"https:\\\/\\\/secure.gravatar.com\\\/avatar\\\/df2aeffc32bcd13f8d26072ef8a91b623d677766deac7f97ca815868cd41bf5e?s=96&d=mm&r=g\",\"width\":96,\"height\":96,\"caption\":\"El Digital de Asturias\"}},{\"@type\":\"WebPage\",\"@id\":\"https:\\\/\\\/www.eldigitaldeasturias.com\\\/noticias\\\/30-productores-se-han-reunido-en-el-iaacc-pablo-serrano-de-zaragoza\\\/#webpage\",\"url\":\"https:\\\/\\\/www.eldigitaldeasturias.com\\\/noticias\\\/30-productores-se-han-reunido-en-el-iaacc-pablo-serrano-de-zaragoza\\\/\",\"name\":\"30 productores se han reunido en el IAACC Pablo Serrano de Zaragoza - El Digital de Asturias\",\"description\":\"M\\u00e1s de 30 productores de 24 asociaciones espa\\u00f1olas se han dado cita en el IAACC Pablo Serrano para analizar la realidad del sector y debatir sobre el modelo de financiaci\\u00f3n audiovisual. El encuentro, coincidente con la gala de los Premios Forqu\\u00e9 en Zaragoza, ha vuelto a poner de manifiesto el atractivo de Arag\\u00f3n y su\",\"inLanguage\":\"es-ES\",\"isPartOf\":{\"@id\":\"https:\\\/\\\/www.eldigitaldeasturias.com\\\/noticias\\\/#website\"},\"breadcrumb\":{\"@id\":\"https:\\\/\\\/www.eldigitaldeasturias.com\\\/noticias\\\/30-productores-se-han-reunido-en-el-iaacc-pablo-serrano-de-zaragoza\\\/#breadcrumblist\"},\"author\":{\"@id\":\"https:\\\/\\\/www.eldigitaldeasturias.com\\\/noticias\\\/author\\\/admin\\\/#author\"},\"creator\":{\"@id\":\"https:\\\/\\\/www.eldigitaldeasturias.com\\\/noticias\\\/author\\\/admin\\\/#author\"},\"image\":{\"@type\":\"ImageObject\",\"url\":966050,\"@id\":\"https:\\\/\\\/www.eldigitaldeasturias.com\\\/noticias\\\/30-productores-se-han-reunido-en-el-iaacc-pablo-serrano-de-zaragoza\\\/#mainImage\"},\"primaryImageOfPage\":{\"@id\":\"https:\\\/\\\/www.eldigitaldeasturias.com\\\/noticias\\\/30-productores-se-han-reunido-en-el-iaacc-pablo-serrano-de-zaragoza\\\/#mainImage\"},\"datePublished\":\"2018-01-14T14:34:30+01:00\",\"dateModified\":\"2018-01-14T14:34:30+01:00\"},{\"@type\":\"WebSite\",\"@id\":\"https:\\\/\\\/www.eldigitaldeasturias.com\\\/noticias\\\/#website\",\"url\":\"https:\\\/\\\/www.eldigitaldeasturias.com\\\/noticias\\\/\",\"name\":\"El Digital de Asturias - Diario de actualidad y noticias\",\"alternateName\":\"El Digital de Asturias - Diario de actualidad y noticias\",\"description\":\"Hemeroteca\",\"inLanguage\":\"es-ES\",\"publisher\":{\"@id\":\"https:\\\/\\\/www.eldigitaldeasturias.com\\\/noticias\\\/#organization\"}}]}\n\t\t<\/script>\n\t\t<!-- All in One SEO Pro -->\r\n\t\t<title>30 productores se han reunido en el IAACC Pablo Serrano de Zaragoza - El Digital de Asturias<\/title>\n\n","aioseo_head_json":{"title":"30 productores se han reunido en el IAACC Pablo Serrano de Zaragoza - El Digital de Asturias","description":"M\u00e1s de 30 productores de 24 asociaciones espa\u00f1olas se han dado cita en el IAACC Pablo Serrano para analizar la realidad del sector y debatir sobre el modelo de financiaci\u00f3n audiovisual. El encuentro, coincidente con la gala de los Premios Forqu\u00e9 en Zaragoza, ha vuelto a poner de manifiesto el atractivo de Arag\u00f3n y su","canonical_url":"https:\/\/www.eldigitaldeasturias.com\/noticias\/30-productores-se-han-reunido-en-el-iaacc-pablo-serrano-de-zaragoza\/","robots":"max-image-preview:large","keywords":"actualidad","webmasterTools":{"google-site-verification":"UA-38556648-1","msvalidate.01":"7dfe9f3f1b24437ab69f4f2559babe99","miscellaneous":""},"schema":{"@context":"https:\/\/schema.org","@graph":[{"@type":"BlogPosting","@id":"https:\/\/www.eldigitaldeasturias.com\/noticias\/30-productores-se-han-reunido-en-el-iaacc-pablo-serrano-de-zaragoza\/#blogposting","name":"30 productores se han reunido en el IAACC Pablo Serrano de Zaragoza - El Digital de Asturias","headline":"30 productores se han reunido en el IAACC Pablo Serrano de Zaragoza","author":{"@id":"https:\/\/www.eldigitaldeasturias.com\/noticias\/author\/admin\/#author"},"publisher":{"@id":"https:\/\/www.eldigitaldeasturias.com\/noticias\/#organization"},"image":{"@type":"ImageObject","url":966050},"datePublished":"2018-01-14T14:34:30+01:00","dateModified":"2018-01-14T14:34:30+01:00","inLanguage":"es-ES","mainEntityOfPage":{"@id":"https:\/\/www.eldigitaldeasturias.com\/noticias\/30-productores-se-han-reunido-en-el-iaacc-pablo-serrano-de-zaragoza\/#webpage"},"isPartOf":{"@id":"https:\/\/www.eldigitaldeasturias.com\/noticias\/30-productores-se-han-reunido-en-el-iaacc-pablo-serrano-de-zaragoza\/#webpage"},"articleSection":"Actualidad"},{"@type":"BreadcrumbList","@id":"https:\/\/www.eldigitaldeasturias.com\/noticias\/30-productores-se-han-reunido-en-el-iaacc-pablo-serrano-de-zaragoza\/#breadcrumblist","itemListElement":[{"@type":"ListItem","@id":"https:\/\/www.eldigitaldeasturias.com\/noticias#listItem","position":1,"name":"Home","item":"https:\/\/www.eldigitaldeasturias.com\/noticias","nextItem":{"@type":"ListItem","@id":"https:\/\/www.eldigitaldeasturias.com\/noticias\/category\/actualidad\/#listItem","name":"Actualidad"}},{"@type":"ListItem","@id":"https:\/\/www.eldigitaldeasturias.com\/noticias\/category\/actualidad\/#listItem","position":2,"name":"Actualidad","item":"https:\/\/www.eldigitaldeasturias.com\/noticias\/category\/actualidad\/","nextItem":{"@type":"ListItem","@id":"https:\/\/www.eldigitaldeasturias.com\/noticias\/30-productores-se-han-reunido-en-el-iaacc-pablo-serrano-de-zaragoza\/#listItem","name":"30 productores se han reunido en el IAACC Pablo Serrano de Zaragoza"},"previousItem":{"@type":"ListItem","@id":"https:\/\/www.eldigitaldeasturias.com\/noticias#listItem","name":"Home"}},{"@type":"ListItem","@id":"https:\/\/www.eldigitaldeasturias.com\/noticias\/30-productores-se-han-reunido-en-el-iaacc-pablo-serrano-de-zaragoza\/#listItem","position":3,"name":"30 productores se han reunido en el IAACC Pablo Serrano de Zaragoza","previousItem":{"@type":"ListItem","@id":"https:\/\/www.eldigitaldeasturias.com\/noticias\/category\/actualidad\/#listItem","name":"Actualidad"}}]},{"@type":"Organization","@id":"https:\/\/www.eldigitaldeasturias.com\/noticias\/#organization","name":"El Digital de Asturias","description":"Hemeroteca","url":"https:\/\/www.eldigitaldeasturias.com\/noticias\/","email":"info@eldigitaldeasturias.com","telephone":"+34652131393","logo":{"@type":"ImageObject","url":"https:\/\/www.eldigitaldeasturias.com\/noticias\/wp-content\/uploads\/2020\/12\/EDA.jpg","@id":"https:\/\/www.eldigitaldeasturias.com\/noticias\/30-productores-se-han-reunido-en-el-iaacc-pablo-serrano-de-zaragoza\/#organizationLogo"},"image":{"@id":"https:\/\/www.eldigitaldeasturias.com\/noticias\/30-productores-se-han-reunido-en-el-iaacc-pablo-serrano-de-zaragoza\/#organizationLogo"},"sameAs":["https:\/\/facebook.com\/eldigitaldeasturias","https:\/\/www.youtube.com\/channel\/UCZP-2wLEB9Rv6erhFmqVnvg"],"address":{"@id":"https:\/\/www.eldigitaldeasturias.com\/noticias\/#postaladdress","@type":"PostalAddress","streetAddress":"san antonio 4","postalCode":"33430","addressLocality":"Cand\u00e1s","addressRegion":"Asturias","addressCountry":"ES"}},{"@type":"Person","@id":"https:\/\/www.eldigitaldeasturias.com\/noticias\/author\/admin\/#author","url":"https:\/\/www.eldigitaldeasturias.com\/noticias\/author\/admin\/","name":"El Digital de Asturias","image":{"@type":"ImageObject","@id":"https:\/\/www.eldigitaldeasturias.com\/noticias\/30-productores-se-han-reunido-en-el-iaacc-pablo-serrano-de-zaragoza\/#authorImage","url":"https:\/\/secure.gravatar.com\/avatar\/df2aeffc32bcd13f8d26072ef8a91b623d677766deac7f97ca815868cd41bf5e?s=96&d=mm&r=g","width":96,"height":96,"caption":"El Digital de Asturias"}},{"@type":"WebPage","@id":"https:\/\/www.eldigitaldeasturias.com\/noticias\/30-productores-se-han-reunido-en-el-iaacc-pablo-serrano-de-zaragoza\/#webpage","url":"https:\/\/www.eldigitaldeasturias.com\/noticias\/30-productores-se-han-reunido-en-el-iaacc-pablo-serrano-de-zaragoza\/","name":"30 productores se han reunido en el IAACC Pablo Serrano de Zaragoza - El Digital de Asturias","description":"M\u00e1s de 30 productores de 24 asociaciones espa\u00f1olas se han dado cita en el IAACC Pablo Serrano para analizar la realidad del sector y debatir sobre el modelo de financiaci\u00f3n audiovisual. El encuentro, coincidente con la gala de los Premios Forqu\u00e9 en Zaragoza, ha vuelto a poner de manifiesto el atractivo de Arag\u00f3n y su","inLanguage":"es-ES","isPartOf":{"@id":"https:\/\/www.eldigitaldeasturias.com\/noticias\/#website"},"breadcrumb":{"@id":"https:\/\/www.eldigitaldeasturias.com\/noticias\/30-productores-se-han-reunido-en-el-iaacc-pablo-serrano-de-zaragoza\/#breadcrumblist"},"author":{"@id":"https:\/\/www.eldigitaldeasturias.com\/noticias\/author\/admin\/#author"},"creator":{"@id":"https:\/\/www.eldigitaldeasturias.com\/noticias\/author\/admin\/#author"},"image":{"@type":"ImageObject","url":966050,"@id":"https:\/\/www.eldigitaldeasturias.com\/noticias\/30-productores-se-han-reunido-en-el-iaacc-pablo-serrano-de-zaragoza\/#mainImage"},"primaryImageOfPage":{"@id":"https:\/\/www.eldigitaldeasturias.com\/noticias\/30-productores-se-han-reunido-en-el-iaacc-pablo-serrano-de-zaragoza\/#mainImage"},"datePublished":"2018-01-14T14:34:30+01:00","dateModified":"2018-01-14T14:34:30+01:00"},{"@type":"WebSite","@id":"https:\/\/www.eldigitaldeasturias.com\/noticias\/#website","url":"https:\/\/www.eldigitaldeasturias.com\/noticias\/","name":"El Digital de Asturias - Diario de actualidad y noticias","alternateName":"El Digital de Asturias - Diario de actualidad y noticias","description":"Hemeroteca","inLanguage":"es-ES","publisher":{"@id":"https:\/\/www.eldigitaldeasturias.com\/noticias\/#organization"}}]},"og:locale":"es_ES","og:site_name":"El Digital de Asturias","og:type":"article","og:title":"30 productores se han reunido en el IAACC Pablo Serrano de Zaragoza - El Digital de Asturias","og:description":"M\u00e1s de 30 productores de 24 asociaciones espa\u00f1olas se han dado cita en el IAACC Pablo Serrano para analizar la realidad del sector y debatir sobre el modelo de financiaci\u00f3n audiovisual. El encuentro, coincidente con la gala de los Premios Forqu\u00e9 en Zaragoza, ha vuelto a poner de manifiesto el atractivo de Arag\u00f3n y su","og:url":"https:\/\/www.eldigitaldeasturias.com\/noticias\/30-productores-se-han-reunido-en-el-iaacc-pablo-serrano-de-zaragoza\/","article:tag":["actualidad"],"article:published_time":"2018-01-14T14:34:30+00:00","article:modified_time":"2018-01-14T14:34:30+00:00","article:publisher":"https:\/\/facebook.com\/eldigitaldeasturias","twitter:card":"summary_large_image","twitter:title":"30 productores se han reunido en el IAACC Pablo Serrano de Zaragoza - El Digital de Asturias","twitter:description":"M\u00e1s de 30 productores de 24 asociaciones espa\u00f1olas se han dado cita en el IAACC Pablo Serrano para analizar la realidad del sector y debatir sobre el modelo de financiaci\u00f3n audiovisual. El encuentro, coincidente con la gala de los Premios Forqu\u00e9 en Zaragoza, ha vuelto a poner de manifiesto el atractivo de Arag\u00f3n y su","twitter:image":"https:\/\/www.eldigitaldeasturias.com\/noticias\/wp-content\/uploads\/2020\/12\/EDA-1.jpg","twitter:label1":"Escrito por","twitter:data1":"El Digital de Asturias","twitter:label2":"Tiempo de lectura estimado","twitter:data2":"2 minutos"},"aioseo_meta_data":{"post_id":"966049","title":null,"description":null,"keywords":null,"keyphrases":null,"primary_term":null,"canonical_url":null,"og_title":null,"og_description":null,"og_object_type":"default","og_image_type":"default","og_image_url":null,"og_image_width":null,"og_image_height":null,"og_image_custom_url":null,"og_image_custom_fields":null,"og_video":null,"og_custom_url":null,"og_article_section":null,"og_article_tags":null,"twitter_use_og":false,"twitter_card":"default","twitter_image_type":"default","twitter_image_url":null,"twitter_image_custom_url":null,"twitter_image_custom_fields":null,"twitter_title":null,"twitter_description":null,"schema":{"blockGraphs":[],"customGraphs":[],"default":{"data":{"Article":[],"Course":[],"Dataset":[],"FAQPage":[],"Movie":[],"Person":[],"Product":[],"ProductReview":[],"Car":[],"Recipe":[],"Service":[],"SoftwareApplication":[],"WebPage":[]},"graphName":"","isEnabled":true},"graphs":[],"defaultGraph":"","defaultPostTypeGraph":""},"schema_type":null,"schema_type_options":null,"pillar_content":false,"robots_default":true,"robots_noindex":false,"robots_noarchive":false,"robots_nosnippet":false,"robots_nofollow":false,"robots_noimageindex":false,"robots_noodp":false,"robots_notranslate":false,"robots_max_snippet":null,"robots_max_videopreview":null,"robots_max_imagepreview":"large","priority":null,"frequency":null,"local_seo":null,"seo_analyzer_scan_date":"2025-10-06 14:15:08","breadcrumb_settings":null,"limit_modified_date":false,"open_ai":null,"ai":null,"created":"2020-12-21 12:36:39","updated":"2025-10-06 14:15:08","focus_keyword":null,"additional_keywords":null,"truseo_locale":null},"aioseo_breadcrumb":"<div class=\"aioseo-breadcrumbs\"><span class=\"aioseo-breadcrumb\">\n\t<a href=\"https:\/\/www.eldigitaldeasturias.com\/noticias\" title=\"Home\">Home<\/a>\n<\/span><span class=\"aioseo-breadcrumb-separator\">\u2013<\/span><span class=\"aioseo-breadcrumb\">\n\t<a href=\"https:\/\/www.eldigitaldeasturias.com\/noticias\/category\/actualidad\/\" title=\"Actualidad\">Actualidad<\/a>\n<\/span><span class=\"aioseo-breadcrumb-separator\">\u2013<\/span><span class=\"aioseo-breadcrumb\">\n\t<a href=\"https:\/\/www.eldigitaldeasturias.com\/noticias\/30-productores-se-han-reunido-en-el-iaacc-pablo-serrano-de-zaragoza\/\" title=\"30 productores se han reunido en el IAACC Pablo Serrano de Zaragoza\">30 productores se han reunido en el IAACC Pablo Serrano de Zaragoza<\/a>\n<\/span><\/div>","aioseo_breadcrumb_json":[{"label":"Home","link":"https:\/\/www.eldigitaldeasturias.com\/noticias"},{"label":"Actualidad","link":"https:\/\/www.eldigitaldeasturias.com\/noticias\/category\/actualidad\/"},{"label":"30 productores se han reunido en el IAACC Pablo Serrano de Zaragoza","link":"https:\/\/www.eldigitaldeasturias.com\/noticias\/30-productores-se-han-reunido-en-el-iaacc-pablo-serrano-de-zaragoza\/"}],"_links":{"self":[{"href":"https:\/\/www.eldigitaldeasturias.com\/noticias\/wp-json\/wp\/v2\/posts\/966049","targetHints":{"allow":["GET"]}}],"collection":[{"href":"https:\/\/www.eldigitaldeasturias.com\/noticias\/wp-json\/wp\/v2\/posts"}],"about":[{"href":"https:\/\/www.eldigitaldeasturias.com\/noticias\/wp-json\/wp\/v2\/types\/post"}],"author":[{"embeddable":true,"href":"https:\/\/www.eldigitaldeasturias.com\/noticias\/wp-json\/wp\/v2\/users\/1"}],"replies":[{"embeddable":true,"href":"https:\/\/www.eldigitaldeasturias.com\/noticias\/wp-json\/wp\/v2\/comments?post=966049"}],"version-history":[{"count":0,"href":"https:\/\/www.eldigitaldeasturias.com\/noticias\/wp-json\/wp\/v2\/posts\/966049\/revisions"}],"wp:attachment":[{"href":"https:\/\/www.eldigitaldeasturias.com\/noticias\/wp-json\/wp\/v2\/media?parent=966049"}],"wp:term":[{"taxonomy":"category","embeddable":true,"href":"https:\/\/www.eldigitaldeasturias.com\/noticias\/wp-json\/wp\/v2\/categories?post=966049"},{"taxonomy":"post_tag","embeddable":true,"href":"https:\/\/www.eldigitaldeasturias.com\/noticias\/wp-json\/wp\/v2\/tags?post=966049"}],"curies":[{"name":"wp","href":"https:\/\/api.w.org\/{rel}","templated":true}]}}