{"id":965792,"date":"2018-01-09T21:23:00","date_gmt":"2018-01-09T21:23:00","guid":{"rendered":"http:\/\/www.eldigitaldeasturias.com\/noticias\/?p=965792"},"modified":"2018-01-09T21:23:00","modified_gmt":"2018-01-09T21:23:00","slug":"interior-cierra-el-ano-con-cifra-record-de-droga-incautada","status":"publish","type":"post","link":"https:\/\/www.eldigitaldeasturias.com\/noticias\/interior-cierra-el-ano-con-cifra-record-de-droga-incautada\/","title":{"rendered":"Interior cierra el a\u00f1o con cifra r\u00e9cord de droga incautada"},"content":{"rendered":"<p><img loading=\"lazy\" decoding=\"async\" class=\"alignleft size-medium wp-image-965793\" src=\"https:\/\/www.eldigitaldeasturias.com\/noticias\/wp-content\/uploads\/2018\/01\/090118-zoido-360x239.jpg\" alt=\"\" width=\"360\" height=\"239\" \/>El Ministerio del Interior ha cerrado el a\u00f1o con una cifra r\u00e9cord de m\u00e1s de 477 toneladas de droga destruida, la detenci\u00f3n de 75 presuntos yihadistas detenidos en 52 operaciones antiterroristas por parte de las Fuerzas y Cuerpos de Seguridad del Estado y triplicando el n\u00famero de inmigrantes rescatados en patera con la ayuda de los servicios de emergencia.<\/p>\n<p>El ministro del Interior, Juan Ignacio Zoido, que hoy reuni\u00f3 a su Consejo de Direcci\u00f3n, integrado por los altos cargos de su departamento, les encomend\u00f3 la tarea de seguir trabajando al 200% para, entre otros objetivos de 2018, equiparar los sueldos de polic\u00edas y guardias civiles con otros cuerpos policiales que operan en Espa\u00f1a, reforzar el Pacto Antiyihadista, conseguir la disoluci\u00f3n definitiva de ETA y luchar contra la ciberdelincuencia en internet.<\/p>\n<p>Tambi\u00e9n a lo largo de 2018 se dise\u00f1ar\u00e1 un nuevo modelo arquitect\u00f3nico de Centro de Internamiento de Inmigrantes (CIE) sobre edificaciones nuevas y no construidos sobre inmuebles destinados como hasta ahora a otros usos como antiguas c\u00e1rceles o comisar\u00edas. Zoido, asimismo, quiere que su departamento elabore, entre otros, planes b\u00e1sicos de emergencia nuclear, un plan especial de maremotos y otro estatal de transporte de mercanc\u00edas peligrosas.<\/p>\n<p>En esa reuni\u00f3n, en la que Zoido estuvo acompa\u00f1ado por Jos\u00e9 Antonio Nieto, secretario de Estado de Seguridad; Luis Aguilera Ruiz, subsecretario del Ministerio del Interior; Germ\u00e1n L\u00f3pez Iglesias, director general de la Polic\u00eda; Jos\u00e9 Manuel Holgado Merino, director general de la Guardia Civil; \u00c1ngel Yuste, secretario general de Instituciones Penitenciarias; Francisco Luis P\u00e9rez Guerrero, director general del Gabinete del Ministro; Elena Garz\u00f3n Otamendi, directora general de Relaciones Internacionales y Extranjer\u00eda; Cristina D\u00edaz M\u00e1rquez, directora general de Pol\u00edtica Interior; Gregorio Serrano L\u00f3pez, director general de Tr\u00e1fico; Juan Antonio D\u00edaz Cruz, director general de Protecci\u00f3n Civil y Emergencias, y Sonia Ramos Pi\u00f1eiro, directora general de Apoyo a Victimas del Terrorismo, se hizo un repaso intensivo de los \u00abhitos\u00bb del a\u00f1o 2017 y se marc\u00f3 las grandes l\u00edneas de actuaci\u00f3n para este reci\u00e9n estrenado 2018.<\/p>\n<p><strong>La mayor oferta de Empleo P\u00fablico desde 2008 y equiparaci\u00f3n salarial<\/strong><\/p>\n<p>El ministro destac\u00f3 que durante 2017 se hab\u00edan ofertado casi 5.200 nuevas plazas de Polic\u00eda y Guardia Civil para ir recuperando las plantillas \u00abcon la mayor Oferta de Empleo P\u00fablico de las Fuerzas y Cuerpos de Seguridad del Estado desde 2008\u00bb. Uno de los grandes objetivos del ministro pasa por lograr la equiparaci\u00f3n salarial de polic\u00edas y guardias civiles con otros cuerpos policiales de Espa\u00f1a en una reuni\u00f3n que celebraran el pr\u00f3ximo d\u00eda 16 el Consejo de la Polic\u00eda Nacional y de la Guardia Civil, m\u00e1ximos \u00f3rganos colegiados de ambos cuerpos.<\/p>\n<p>En este sentido, Zoido alab\u00f3 el trabajo de los agentes policiales en la detenci\u00f3n de 75 presuntos terroristas yihadistas en las 52 operaciones antiterroristas practicadas en ese a\u00f1o, y su comportamiento y buen hacer profesional con motivo del despliegue policial efectuado en Catalu\u00f1a para hacer frente al desaf\u00edo independentista y defender el orden constitucional.<\/p>\n<p><strong>R\u00e9cord hist\u00f3rico de destrucci\u00f3n de droga<\/strong><\/p>\n<p>El titular de Interior destac\u00f3 las 477 toneladas de droga destruidas el a\u00f1o pasado, \u00abun r\u00e9cord hist\u00f3rico\u00bb que ha supuesto un incremento interanual de un 30,73%. Hasta la fecha el mejor dato hist\u00f3rico era de 454 toneladas en 2013. En este sentido, subray\u00f3 la incautaci\u00f3n de 30.890 kilos de coca\u00edna (un 104,22% m\u00e1s que en 2016), los 440 kilos de hero\u00edna (un 88,8% m\u00e1s), los 16.531 de marihuana (un 57,71% m\u00e1s) y las 815.924 plantas de cannabis (un 49,43% m\u00e1s).<\/p>\n<p>Ante los altos cargos del ministerio, Zoido se\u00f1al\u00f3 que la lucha contra la discriminaci\u00f3n por delitos de odio es una prioridad de su departamento y que por ese motivo se hab\u00eda creado un gabinete jur\u00eddico espec\u00edfico para centralizar y canalizar todas las denuncias de acoso que puedan sufrir tanto los agentes de la Guardia Civil y Polic\u00eda como sus familias. Tambi\u00e9n record\u00f3 la creaci\u00f3n del nuevo portal estad\u00edstico de criminalidad y del Centro Nacional de Desaparecidos, la incorporaci\u00f3n de 87 nuevos ayuntamientos al sistema VioG\u00e9n de atenci\u00f3n a las v\u00edctimas de violencia de g\u00e9nero y el incremento de seguridad en el turismo, con atenci\u00f3n a turistas en un centenar de idiomas.<\/p>\n<p><strong>Objetivos<\/strong><\/p>\n<p>Juan Ignacio Zoido, no obstante, quiso poner el acento en los objetivos que tiene marcados su departamento durante este 2018, que pasan fundamentalmente por fortalecer el Pacto Antiyihadista, cuya \u00faltima reuni\u00f3n se celebr\u00f3 el pasado 27 de diciembre con la aprobaci\u00f3n de un paquete de medidas e iniciativas para la mejora de la seguridad y el fortalecimiento de la lucha contra ese tipo de terrorismo, \u00abuna de las m\u00e1ximas prioridades para el Gobierno\u00bb. Para ello, adem\u00e1s, el ministro quiere profundizar e intensificar la colaboraci\u00f3n con las consejer\u00edas de Interior de las comunidades aut\u00f3nomas<\/p>\n<p>En este contexto, el departamento de Zoido trabajar\u00e1 para la \u00abcompleta desaparici\u00f3n de ETA, su disoluci\u00f3n definitiva, la entrega de las armas, el perd\u00f3n a las v\u00edctimas y el arrepentimiento de todo el sufrimiento causado\u00bb despu\u00e9s de la derrota policial que han sufrido los terroristas que ha sido posible \u00abgracias al ejemplo y testimonio de las v\u00edctimas, al compromiso de los jueces y fiscales, la cooperaci\u00f3n internacional y la dedicaci\u00f3n y entrega de las Fuerzas y Cuerpos de Seguridad del Estado\u00bb.<\/p>\n<p>Espa\u00f1a, seg\u00fan afirm\u00f3 el ministro, va a seguir impulsando ante la Uni\u00f3n Europea la adopci\u00f3n de una Carta Europea de Derecho de las V\u00edctimas de Terrorismo en la que todos los Estados miembros se comprometan a que se eliminen las cargas administrativas y judiciales, y se les brinde una asistencia y protecci\u00f3n integrales.<\/p>\n<p>Uno de los grandes objetivos para este a\u00f1o, seg\u00fan confes\u00f3 el ministro a sus altos cargos, ser\u00e1 intensificar la lucha contra la ciberdelincuencia \u00abpotenciando los medios materiales y humanos\u00bb. Ya se encuentra en fase de estudio la creaci\u00f3n de un servicio de coordinaci\u00f3n de todas las actividades de la Guardia Civil. En la Polic\u00eda es su Unidad de Investigaci\u00f3n, Informaci\u00f3n y Ciberdelincuencia (UIT) la que supervisar\u00e1 las transacciones online realizadas con criptomonedas, como el bitcoin, muy utilizadas como medio de pago en redes de delincuencia y en la financiaci\u00f3n de delitos.<\/p>\n<p><strong>17.500 inmigrantes irregulares rescatados<\/strong><\/p>\n<p>Zoido dedic\u00f3 durante la reuni\u00f3n un papel relevante a los datos sobre inmigrantes irregulares rescatados en pateras durante el a\u00f1o que acaba de terminar: 17.500 personas en 1.000 pateras, casi el triple que en 2016, gracias al \u00abmagn\u00edfico trabajo\u00bb desempe\u00f1ado a diario por Salvamento Mar\u00edtimo, Cruz Roja, Guardia Civil y Polic\u00eda Nacional.<\/p>\n<p>En este sentido, el ministro destac\u00f3 la consolidaci\u00f3n de las relaciones en la vigilancia de fronteras y las patrullas transfronterizas con pa\u00edses africanos, fundamentalmente con Mauritania, Mali, Senegal, Cabo Verde, Gambia, Guinea Bissau y Guinea Conakry. Zoido intensificar\u00e1 la colaboraci\u00f3n con los pa\u00edses del norte de \u00c1frica y del Sahel para frenar en origen la inmigraci\u00f3n y trabajar\u00e1 en el desarrollo de proyectos de seguridad y formaci\u00f3n en esos pa\u00edses.<\/p>\n<p><strong>Nuevo modelo de CIE<\/strong><\/p>\n<p>En este apartado, otro de sus objetivos para este a\u00f1o ser\u00e1 la creaci\u00f3n de un nuevo modelo de los Centros de Internamiento de Extranjeros (CIEs), que responder\u00e1n a una construcci\u00f3n de nueva planta, con edificaciones dise\u00f1adas para su funci\u00f3n a diferencia de los que est\u00e1n actualmente en funcionamiento que se crearon sobre inmuebles destinados para otros usos, como antiguas c\u00e1rceles o comisar\u00edas.<\/p>\n<p>Este nuevo modelo permitir\u00e1 que los inmigrantes se distribuyan por sexo, procedencia y nacionalidad, y que cuente con todos los servicios asistenciales, desde Enfermer\u00eda a espacios para abogados y ONG. El ministro, adem\u00e1s, quiere que se trabaje en la creaci\u00f3n de un nuevo cuerpo civil de funcionarios que sustituya las funciones que actualmente realiza la Polic\u00eda.<\/p>\n<p>En este apartado, Zoido afirm\u00f3 que Espa\u00f1a hab\u00eda cumplido los objetivos de reasentamiento de refugiados acordados con la UE para 2017 con la llegada de 1.360 personas estando previsto alcanzar la cifra de 1.449 refugiados comprometidos.<\/p>\n<p><strong>Planes estatales de Emergencia Nuclear<\/strong><\/p>\n<p>En lo referente a Protecci\u00f3n Civil, el Ministerio elaborar\u00e1 planes estatales en Emergencia Nuclear, maremotos y transporte de mercanc\u00edas peligrosas con inclusi\u00f3n de Mapas de Flujo de Transporte de Mercanc\u00edas por carretera y ferrocarril. Tambi\u00e9n se est\u00e1 dise\u00f1ando una directriz b\u00e1sica de Planificaci\u00f3n de Protecci\u00f3n Civil ante accidentes de aviaci\u00f3n civil.<\/p>\n<p>El ministro record\u00f3 la puesta en funcionamiento del Consejo Nacional de Protecci\u00f3n Civil que tiene como finalidad contribuir a una actuaci\u00f3n eficaz frente a las emergencias y destac\u00f3 el papel de nuestro pa\u00eds en materia de cooperaci\u00f3n internacional con ayudas prestadas, por ejemplo, a Chile y Portugal ante los graves incendios forestales sufridos por estos dos pa\u00edses en febrero y junio de 2017, respectivamente.<\/p>\n<p><strong>M\u00e1s reformas y m\u00e1s control<\/strong><\/p>\n<p>Finalmente, en materia de Tr\u00e1fico las actuaciones del Ministerio se centrar\u00e1n en la protecci\u00f3n de los m\u00e1s d\u00e9biles, como peatones y ciclistas, y se continuar\u00e1 trabajando en la prevenci\u00f3n y erradicaci\u00f3n en la conducci\u00f3n bajo los efectos del alcohol y otras drogas. Los proyectos para 2018 se concentran en varios bloques: m\u00e1s reformas, m\u00e1s control; m\u00e1s educaci\u00f3n\/formaci\u00f3n y comunicaci\u00f3n, m\u00e1s investigaci\u00f3n y m\u00e1s compromisos entre administraciones y sector privado.<\/p>\n<p>Durante 2017 la DGT ha seguido actuando con diferentes medidas en los cuatro factores m\u00e1s importantes que concurren en la accidentalidad: velocidad inadecuada, distracciones, en especial el uso del m\u00f3vil al volante, velocidad inadecuada y el no uso de los dispositivos de retenci\u00f3n.<\/p>\n<p>Adem\u00e1s se han aprobado nuevas instrucciones de medidas especiales de regulaci\u00f3n de tr\u00e1fico de mercanc\u00edas y sobre el consumo de drogas en la conducci\u00f3n, entre otras. Se han realizado importante inversiones como la adquisici\u00f3n de 300 nuevas motocicletas para la ATGC, 156 nuevas furgonetas con equipos de alcohol y drogas para la ATGC as\u00ed como la compra de 746 etil\u00f3metros integrados y 500 lectores de drogas.<\/p>\n<p>Se ha aprobado tambi\u00e9n el Plan b\u00e1sico de Educaci\u00f3n Vial y de las Comisiones Provinciales de Educaci\u00f3n vial, que ya est\u00e1n en marcha. Los usuarios vulnerables han sido tambi\u00e9n uno de los colectivos con los que m\u00e1s se ha trabajado, en especial con los ciclistas.<\/p>\n<p>Adem\u00e1s de todas estas acciones, durante 2017, los 52 grupos de trabajo creados en el seno de del Consejo Superior de Tr\u00e1fico y Seguridad Vial se han reunido para debatir sobre los cambios y mejoras que se puede realizar en la Ley de Seguridad Vial para posteriormente la DGT desarrollar la nueva Ley que Tr\u00e1fico.<\/p>\n","protected":false},"excerpt":{"rendered":"<p>El Ministerio del Interior ha cerrado el a\u00f1o con una cifra r\u00e9cord de m\u00e1s de 477 toneladas de droga destruida, la detenci\u00f3n de 75 presuntos yihadistas detenidos en 52 operaciones antiterroristas por parte de las Fuerzas y Cuerpos de Seguridad del Estado y triplicando el n\u00famero de inmigrantes rescatados en patera con la ayuda de [&hellip;]<\/p>\n","protected":false},"author":1,"featured_media":965793,"comment_status":"closed","ping_status":"closed","sticky":false,"template":"","format":"standard","meta":{"footnotes":""},"categories":[1,5],"tags":[],"class_list":["post-965792","post","type-post","status-publish","format-standard","has-post-thumbnail","hentry","category-actualidad","category-sucesos"],"aioseo_notices":[],"aioseo_head":"\n\t\t<!-- All in One SEO Pro 5.0.1 - aioseo.com -->\n\t<meta name=\"description\" content=\"El Ministerio del Interior ha cerrado el a\u00f1o con una cifra r\u00e9cord de m\u00e1s de 477 toneladas de droga destruida, la detenci\u00f3n de 75 presuntos yihadistas detenidos en 52 operaciones antiterroristas por parte de las Fuerzas y Cuerpos de Seguridad del Estado y triplicando el n\u00famero de inmigrantes rescatados en patera con la ayuda de\" \/>\n\t<meta name=\"robots\" content=\"max-image-preview:large\" \/>\n\t<meta name=\"author\" content=\"El Digital de Asturias\"\/>\n\t<meta name=\"google-site-verification\" content=\"UA-38556648-1\" \/>\n\t<meta name=\"msvalidate.01\" content=\"7dfe9f3f1b24437ab69f4f2559babe99\" \/>\n\t<meta name=\"keywords\" content=\"actualidad,sucesos\" \/>\n\t<link rel=\"canonical\" href=\"https:\/\/www.eldigitaldeasturias.com\/noticias\/interior-cierra-el-ano-con-cifra-record-de-droga-incautada\/\" \/>\n\t<meta name=\"generator\" content=\"All in One SEO Pro (AIOSEO) 5.0.1\" \/>\n\t\t<meta property=\"og:locale\" content=\"es_ES\" \/>\n\t\t<meta property=\"og:site_name\" content=\"El Digital de Asturias\" \/>\n\t\t<meta property=\"og:type\" content=\"article\" \/>\n\t\t<meta property=\"og:title\" content=\"Interior cierra el a\u00f1o con cifra r\u00e9cord de droga incautada - El Digital de Asturias\" \/>\n\t\t<meta property=\"og:description\" content=\"El Ministerio del Interior ha cerrado el a\u00f1o con una cifra r\u00e9cord de m\u00e1s de 477 toneladas de droga destruida, la detenci\u00f3n de 75 presuntos yihadistas detenidos en 52 operaciones antiterroristas por parte de las Fuerzas y Cuerpos de Seguridad del Estado y triplicando el n\u00famero de inmigrantes rescatados en patera con la ayuda de\" \/>\n\t\t<meta property=\"og:url\" content=\"https:\/\/www.eldigitaldeasturias.com\/noticias\/interior-cierra-el-ano-con-cifra-record-de-droga-incautada\/\" \/>\n\t\t<meta property=\"article:tag\" content=\"actualidad\" \/>\n\t\t<meta property=\"article:tag\" content=\"sucesos\" \/>\n\t\t<meta property=\"article:published_time\" content=\"2018-01-09T21:23:00+00:00\" \/>\n\t\t<meta property=\"article:modified_time\" content=\"2018-01-09T21:23:00+00:00\" \/>\n\t\t<meta property=\"article:publisher\" content=\"https:\/\/facebook.com\/eldigitaldeasturias\" \/>\n\t\t<meta name=\"twitter:card\" content=\"summary_large_image\" \/>\n\t\t<meta name=\"twitter:title\" content=\"Interior cierra el a\u00f1o con cifra r\u00e9cord de droga incautada - El Digital de Asturias\" \/>\n\t\t<meta name=\"twitter:description\" content=\"El Ministerio del Interior ha cerrado el a\u00f1o con una cifra r\u00e9cord de m\u00e1s de 477 toneladas de droga destruida, la detenci\u00f3n de 75 presuntos yihadistas detenidos en 52 operaciones antiterroristas por parte de las Fuerzas y Cuerpos de Seguridad del Estado y triplicando el n\u00famero de inmigrantes rescatados en patera con la ayuda de\" \/>\n\t\t<meta name=\"twitter:image\" content=\"https:\/\/www.eldigitaldeasturias.com\/noticias\/wp-content\/uploads\/2020\/12\/EDA-1.jpg\" \/>\n\t\t<meta name=\"twitter:label1\" content=\"Escrito por\" \/>\n\t\t<meta name=\"twitter:data1\" content=\"El Digital de Asturias\" \/>\n\t\t<meta name=\"twitter:label2\" content=\"Tiempo de lectura estimado\" \/>\n\t\t<meta name=\"twitter:data2\" content=\"9 minutos\" \/>\n\t\t<script type=\"application\/ld+json\" class=\"aioseo-schema\">\n\t\t\t{\"@context\":\"https:\\\/\\\/schema.org\",\"@graph\":[{\"@type\":\"BlogPosting\",\"@id\":\"https:\\\/\\\/www.eldigitaldeasturias.com\\\/noticias\\\/interior-cierra-el-ano-con-cifra-record-de-droga-incautada\\\/#blogposting\",\"name\":\"Interior cierra el a\\u00f1o con cifra r\\u00e9cord de droga incautada - El Digital de Asturias\",\"headline\":\"Interior cierra el a\\u00f1o con cifra r\\u00e9cord de droga incautada\",\"author\":{\"@id\":\"https:\\\/\\\/www.eldigitaldeasturias.com\\\/noticias\\\/author\\\/admin\\\/#author\"},\"publisher\":{\"@id\":\"https:\\\/\\\/www.eldigitaldeasturias.com\\\/noticias\\\/#organization\"},\"image\":{\"@type\":\"ImageObject\",\"url\":965793},\"datePublished\":\"2018-01-09T21:23:00+01:00\",\"dateModified\":\"2018-01-09T21:23:00+01:00\",\"inLanguage\":\"es-ES\",\"mainEntityOfPage\":{\"@id\":\"https:\\\/\\\/www.eldigitaldeasturias.com\\\/noticias\\\/interior-cierra-el-ano-con-cifra-record-de-droga-incautada\\\/#webpage\"},\"isPartOf\":{\"@id\":\"https:\\\/\\\/www.eldigitaldeasturias.com\\\/noticias\\\/interior-cierra-el-ano-con-cifra-record-de-droga-incautada\\\/#webpage\"},\"articleSection\":\"Actualidad, Sucesos\"},{\"@type\":\"BreadcrumbList\",\"@id\":\"https:\\\/\\\/www.eldigitaldeasturias.com\\\/noticias\\\/interior-cierra-el-ano-con-cifra-record-de-droga-incautada\\\/#breadcrumblist\",\"itemListElement\":[{\"@type\":\"ListItem\",\"@id\":\"https:\\\/\\\/www.eldigitaldeasturias.com\\\/noticias#listItem\",\"position\":1,\"name\":\"Home\",\"item\":\"https:\\\/\\\/www.eldigitaldeasturias.com\\\/noticias\",\"nextItem\":{\"@type\":\"ListItem\",\"@id\":\"https:\\\/\\\/www.eldigitaldeasturias.com\\\/noticias\\\/category\\\/actualidad\\\/#listItem\",\"name\":\"Actualidad\"}},{\"@type\":\"ListItem\",\"@id\":\"https:\\\/\\\/www.eldigitaldeasturias.com\\\/noticias\\\/category\\\/actualidad\\\/#listItem\",\"position\":2,\"name\":\"Actualidad\",\"item\":\"https:\\\/\\\/www.eldigitaldeasturias.com\\\/noticias\\\/category\\\/actualidad\\\/\",\"nextItem\":{\"@type\":\"ListItem\",\"@id\":\"https:\\\/\\\/www.eldigitaldeasturias.com\\\/noticias\\\/interior-cierra-el-ano-con-cifra-record-de-droga-incautada\\\/#listItem\",\"name\":\"Interior cierra el a\\u00f1o con cifra r\\u00e9cord de droga incautada\"},\"previousItem\":{\"@type\":\"ListItem\",\"@id\":\"https:\\\/\\\/www.eldigitaldeasturias.com\\\/noticias#listItem\",\"name\":\"Home\"}},{\"@type\":\"ListItem\",\"@id\":\"https:\\\/\\\/www.eldigitaldeasturias.com\\\/noticias\\\/interior-cierra-el-ano-con-cifra-record-de-droga-incautada\\\/#listItem\",\"position\":3,\"name\":\"Interior cierra el a\\u00f1o con cifra r\\u00e9cord de droga incautada\",\"previousItem\":{\"@type\":\"ListItem\",\"@id\":\"https:\\\/\\\/www.eldigitaldeasturias.com\\\/noticias\\\/category\\\/actualidad\\\/#listItem\",\"name\":\"Actualidad\"}}]},{\"@type\":\"Organization\",\"@id\":\"https:\\\/\\\/www.eldigitaldeasturias.com\\\/noticias\\\/#organization\",\"name\":\"El Digital de Asturias\",\"description\":\"Hemeroteca\",\"url\":\"https:\\\/\\\/www.eldigitaldeasturias.com\\\/noticias\\\/\",\"email\":\"info@eldigitaldeasturias.com\",\"telephone\":\"+34652131393\",\"logo\":{\"@type\":\"ImageObject\",\"url\":\"https:\\\/\\\/www.eldigitaldeasturias.com\\\/noticias\\\/wp-content\\\/uploads\\\/2020\\\/12\\\/EDA.jpg\",\"@id\":\"https:\\\/\\\/www.eldigitaldeasturias.com\\\/noticias\\\/interior-cierra-el-ano-con-cifra-record-de-droga-incautada\\\/#organizationLogo\"},\"image\":{\"@id\":\"https:\\\/\\\/www.eldigitaldeasturias.com\\\/noticias\\\/interior-cierra-el-ano-con-cifra-record-de-droga-incautada\\\/#organizationLogo\"},\"sameAs\":[\"https:\\\/\\\/facebook.com\\\/eldigitaldeasturias\",\"https:\\\/\\\/www.youtube.com\\\/channel\\\/UCZP-2wLEB9Rv6erhFmqVnvg\"],\"address\":{\"@id\":\"https:\\\/\\\/www.eldigitaldeasturias.com\\\/noticias\\\/#postaladdress\",\"@type\":\"PostalAddress\",\"streetAddress\":\"san antonio 4\",\"postalCode\":\"33430\",\"addressLocality\":\"Cand\\u00e1s\",\"addressRegion\":\"Asturias\",\"addressCountry\":\"ES\"}},{\"@type\":\"Person\",\"@id\":\"https:\\\/\\\/www.eldigitaldeasturias.com\\\/noticias\\\/author\\\/admin\\\/#author\",\"url\":\"https:\\\/\\\/www.eldigitaldeasturias.com\\\/noticias\\\/author\\\/admin\\\/\",\"name\":\"El Digital de Asturias\",\"image\":{\"@type\":\"ImageObject\",\"@id\":\"https:\\\/\\\/www.eldigitaldeasturias.com\\\/noticias\\\/interior-cierra-el-ano-con-cifra-record-de-droga-incautada\\\/#authorImage\",\"url\":\"https:\\\/\\\/secure.gravatar.com\\\/avatar\\\/df2aeffc32bcd13f8d26072ef8a91b623d677766deac7f97ca815868cd41bf5e?s=96&d=mm&r=g\",\"width\":96,\"height\":96,\"caption\":\"El Digital de Asturias\"}},{\"@type\":\"WebPage\",\"@id\":\"https:\\\/\\\/www.eldigitaldeasturias.com\\\/noticias\\\/interior-cierra-el-ano-con-cifra-record-de-droga-incautada\\\/#webpage\",\"url\":\"https:\\\/\\\/www.eldigitaldeasturias.com\\\/noticias\\\/interior-cierra-el-ano-con-cifra-record-de-droga-incautada\\\/\",\"name\":\"Interior cierra el a\\u00f1o con cifra r\\u00e9cord de droga incautada - El Digital de Asturias\",\"description\":\"El Ministerio del Interior ha cerrado el a\\u00f1o con una cifra r\\u00e9cord de m\\u00e1s de 477 toneladas de droga destruida, la detenci\\u00f3n de 75 presuntos yihadistas detenidos en 52 operaciones antiterroristas por parte de las Fuerzas y Cuerpos de Seguridad del Estado y triplicando el n\\u00famero de inmigrantes rescatados en patera con la ayuda de\",\"inLanguage\":\"es-ES\",\"isPartOf\":{\"@id\":\"https:\\\/\\\/www.eldigitaldeasturias.com\\\/noticias\\\/#website\"},\"breadcrumb\":{\"@id\":\"https:\\\/\\\/www.eldigitaldeasturias.com\\\/noticias\\\/interior-cierra-el-ano-con-cifra-record-de-droga-incautada\\\/#breadcrumblist\"},\"author\":{\"@id\":\"https:\\\/\\\/www.eldigitaldeasturias.com\\\/noticias\\\/author\\\/admin\\\/#author\"},\"creator\":{\"@id\":\"https:\\\/\\\/www.eldigitaldeasturias.com\\\/noticias\\\/author\\\/admin\\\/#author\"},\"image\":{\"@type\":\"ImageObject\",\"url\":965793,\"@id\":\"https:\\\/\\\/www.eldigitaldeasturias.com\\\/noticias\\\/interior-cierra-el-ano-con-cifra-record-de-droga-incautada\\\/#mainImage\"},\"primaryImageOfPage\":{\"@id\":\"https:\\\/\\\/www.eldigitaldeasturias.com\\\/noticias\\\/interior-cierra-el-ano-con-cifra-record-de-droga-incautada\\\/#mainImage\"},\"datePublished\":\"2018-01-09T21:23:00+01:00\",\"dateModified\":\"2018-01-09T21:23:00+01:00\"},{\"@type\":\"WebSite\",\"@id\":\"https:\\\/\\\/www.eldigitaldeasturias.com\\\/noticias\\\/#website\",\"url\":\"https:\\\/\\\/www.eldigitaldeasturias.com\\\/noticias\\\/\",\"name\":\"El Digital de Asturias - Diario de actualidad y noticias\",\"alternateName\":\"El Digital de Asturias - Diario de actualidad y noticias\",\"description\":\"Hemeroteca\",\"inLanguage\":\"es-ES\",\"publisher\":{\"@id\":\"https:\\\/\\\/www.eldigitaldeasturias.com\\\/noticias\\\/#organization\"}}]}\n\t\t<\/script>\n\t\t<!-- All in One SEO Pro -->\r\n\t\t<title>Interior cierra el a\u00f1o con cifra r\u00e9cord de droga incautada - El Digital de Asturias<\/title>\n\n","aioseo_head_json":{"title":"Interior cierra el a\u00f1o con cifra r\u00e9cord de droga incautada - El Digital de Asturias","description":"El Ministerio del Interior ha cerrado el a\u00f1o con una cifra r\u00e9cord de m\u00e1s de 477 toneladas de droga destruida, la detenci\u00f3n de 75 presuntos yihadistas detenidos en 52 operaciones antiterroristas por parte de las Fuerzas y Cuerpos de Seguridad del Estado y triplicando el n\u00famero de inmigrantes rescatados en patera con la ayuda de","canonical_url":"https:\/\/www.eldigitaldeasturias.com\/noticias\/interior-cierra-el-ano-con-cifra-record-de-droga-incautada\/","robots":"max-image-preview:large","keywords":"actualidad,sucesos","webmasterTools":{"google-site-verification":"UA-38556648-1","msvalidate.01":"7dfe9f3f1b24437ab69f4f2559babe99","miscellaneous":""},"schema":{"@context":"https:\/\/schema.org","@graph":[{"@type":"BlogPosting","@id":"https:\/\/www.eldigitaldeasturias.com\/noticias\/interior-cierra-el-ano-con-cifra-record-de-droga-incautada\/#blogposting","name":"Interior cierra el a\u00f1o con cifra r\u00e9cord de droga incautada - El Digital de Asturias","headline":"Interior cierra el a\u00f1o con cifra r\u00e9cord de droga incautada","author":{"@id":"https:\/\/www.eldigitaldeasturias.com\/noticias\/author\/admin\/#author"},"publisher":{"@id":"https:\/\/www.eldigitaldeasturias.com\/noticias\/#organization"},"image":{"@type":"ImageObject","url":965793},"datePublished":"2018-01-09T21:23:00+01:00","dateModified":"2018-01-09T21:23:00+01:00","inLanguage":"es-ES","mainEntityOfPage":{"@id":"https:\/\/www.eldigitaldeasturias.com\/noticias\/interior-cierra-el-ano-con-cifra-record-de-droga-incautada\/#webpage"},"isPartOf":{"@id":"https:\/\/www.eldigitaldeasturias.com\/noticias\/interior-cierra-el-ano-con-cifra-record-de-droga-incautada\/#webpage"},"articleSection":"Actualidad, Sucesos"},{"@type":"BreadcrumbList","@id":"https:\/\/www.eldigitaldeasturias.com\/noticias\/interior-cierra-el-ano-con-cifra-record-de-droga-incautada\/#breadcrumblist","itemListElement":[{"@type":"ListItem","@id":"https:\/\/www.eldigitaldeasturias.com\/noticias#listItem","position":1,"name":"Home","item":"https:\/\/www.eldigitaldeasturias.com\/noticias","nextItem":{"@type":"ListItem","@id":"https:\/\/www.eldigitaldeasturias.com\/noticias\/category\/actualidad\/#listItem","name":"Actualidad"}},{"@type":"ListItem","@id":"https:\/\/www.eldigitaldeasturias.com\/noticias\/category\/actualidad\/#listItem","position":2,"name":"Actualidad","item":"https:\/\/www.eldigitaldeasturias.com\/noticias\/category\/actualidad\/","nextItem":{"@type":"ListItem","@id":"https:\/\/www.eldigitaldeasturias.com\/noticias\/interior-cierra-el-ano-con-cifra-record-de-droga-incautada\/#listItem","name":"Interior cierra el a\u00f1o con cifra r\u00e9cord de droga incautada"},"previousItem":{"@type":"ListItem","@id":"https:\/\/www.eldigitaldeasturias.com\/noticias#listItem","name":"Home"}},{"@type":"ListItem","@id":"https:\/\/www.eldigitaldeasturias.com\/noticias\/interior-cierra-el-ano-con-cifra-record-de-droga-incautada\/#listItem","position":3,"name":"Interior cierra el a\u00f1o con cifra r\u00e9cord de droga incautada","previousItem":{"@type":"ListItem","@id":"https:\/\/www.eldigitaldeasturias.com\/noticias\/category\/actualidad\/#listItem","name":"Actualidad"}}]},{"@type":"Organization","@id":"https:\/\/www.eldigitaldeasturias.com\/noticias\/#organization","name":"El Digital de Asturias","description":"Hemeroteca","url":"https:\/\/www.eldigitaldeasturias.com\/noticias\/","email":"info@eldigitaldeasturias.com","telephone":"+34652131393","logo":{"@type":"ImageObject","url":"https:\/\/www.eldigitaldeasturias.com\/noticias\/wp-content\/uploads\/2020\/12\/EDA.jpg","@id":"https:\/\/www.eldigitaldeasturias.com\/noticias\/interior-cierra-el-ano-con-cifra-record-de-droga-incautada\/#organizationLogo"},"image":{"@id":"https:\/\/www.eldigitaldeasturias.com\/noticias\/interior-cierra-el-ano-con-cifra-record-de-droga-incautada\/#organizationLogo"},"sameAs":["https:\/\/facebook.com\/eldigitaldeasturias","https:\/\/www.youtube.com\/channel\/UCZP-2wLEB9Rv6erhFmqVnvg"],"address":{"@id":"https:\/\/www.eldigitaldeasturias.com\/noticias\/#postaladdress","@type":"PostalAddress","streetAddress":"san antonio 4","postalCode":"33430","addressLocality":"Cand\u00e1s","addressRegion":"Asturias","addressCountry":"ES"}},{"@type":"Person","@id":"https:\/\/www.eldigitaldeasturias.com\/noticias\/author\/admin\/#author","url":"https:\/\/www.eldigitaldeasturias.com\/noticias\/author\/admin\/","name":"El Digital de Asturias","image":{"@type":"ImageObject","@id":"https:\/\/www.eldigitaldeasturias.com\/noticias\/interior-cierra-el-ano-con-cifra-record-de-droga-incautada\/#authorImage","url":"https:\/\/secure.gravatar.com\/avatar\/df2aeffc32bcd13f8d26072ef8a91b623d677766deac7f97ca815868cd41bf5e?s=96&d=mm&r=g","width":96,"height":96,"caption":"El Digital de Asturias"}},{"@type":"WebPage","@id":"https:\/\/www.eldigitaldeasturias.com\/noticias\/interior-cierra-el-ano-con-cifra-record-de-droga-incautada\/#webpage","url":"https:\/\/www.eldigitaldeasturias.com\/noticias\/interior-cierra-el-ano-con-cifra-record-de-droga-incautada\/","name":"Interior cierra el a\u00f1o con cifra r\u00e9cord de droga incautada - El Digital de Asturias","description":"El Ministerio del Interior ha cerrado el a\u00f1o con una cifra r\u00e9cord de m\u00e1s de 477 toneladas de droga destruida, la detenci\u00f3n de 75 presuntos yihadistas detenidos en 52 operaciones antiterroristas por parte de las Fuerzas y Cuerpos de Seguridad del Estado y triplicando el n\u00famero de inmigrantes rescatados en patera con la ayuda de","inLanguage":"es-ES","isPartOf":{"@id":"https:\/\/www.eldigitaldeasturias.com\/noticias\/#website"},"breadcrumb":{"@id":"https:\/\/www.eldigitaldeasturias.com\/noticias\/interior-cierra-el-ano-con-cifra-record-de-droga-incautada\/#breadcrumblist"},"author":{"@id":"https:\/\/www.eldigitaldeasturias.com\/noticias\/author\/admin\/#author"},"creator":{"@id":"https:\/\/www.eldigitaldeasturias.com\/noticias\/author\/admin\/#author"},"image":{"@type":"ImageObject","url":965793,"@id":"https:\/\/www.eldigitaldeasturias.com\/noticias\/interior-cierra-el-ano-con-cifra-record-de-droga-incautada\/#mainImage"},"primaryImageOfPage":{"@id":"https:\/\/www.eldigitaldeasturias.com\/noticias\/interior-cierra-el-ano-con-cifra-record-de-droga-incautada\/#mainImage"},"datePublished":"2018-01-09T21:23:00+01:00","dateModified":"2018-01-09T21:23:00+01:00"},{"@type":"WebSite","@id":"https:\/\/www.eldigitaldeasturias.com\/noticias\/#website","url":"https:\/\/www.eldigitaldeasturias.com\/noticias\/","name":"El Digital de Asturias - Diario de actualidad y noticias","alternateName":"El Digital de Asturias - Diario de actualidad y noticias","description":"Hemeroteca","inLanguage":"es-ES","publisher":{"@id":"https:\/\/www.eldigitaldeasturias.com\/noticias\/#organization"}}]},"og:locale":"es_ES","og:site_name":"El Digital de Asturias","og:type":"article","og:title":"Interior cierra el a\u00f1o con cifra r\u00e9cord de droga incautada - El Digital de Asturias","og:description":"El Ministerio del Interior ha cerrado el a\u00f1o con una cifra r\u00e9cord de m\u00e1s de 477 toneladas de droga destruida, la detenci\u00f3n de 75 presuntos yihadistas detenidos en 52 operaciones antiterroristas por parte de las Fuerzas y Cuerpos de Seguridad del Estado y triplicando el n\u00famero de inmigrantes rescatados en patera con la ayuda de","og:url":"https:\/\/www.eldigitaldeasturias.com\/noticias\/interior-cierra-el-ano-con-cifra-record-de-droga-incautada\/","article:tag":["actualidad","sucesos"],"article:published_time":"2018-01-09T21:23:00+00:00","article:modified_time":"2018-01-09T21:23:00+00:00","article:publisher":"https:\/\/facebook.com\/eldigitaldeasturias","twitter:card":"summary_large_image","twitter:title":"Interior cierra el a\u00f1o con cifra r\u00e9cord de droga incautada - El Digital de Asturias","twitter:description":"El Ministerio del Interior ha cerrado el a\u00f1o con una cifra r\u00e9cord de m\u00e1s de 477 toneladas de droga destruida, la detenci\u00f3n de 75 presuntos yihadistas detenidos en 52 operaciones antiterroristas por parte de las Fuerzas y Cuerpos de Seguridad del Estado y triplicando el n\u00famero de inmigrantes rescatados en patera con la ayuda de","twitter:image":"https:\/\/www.eldigitaldeasturias.com\/noticias\/wp-content\/uploads\/2020\/12\/EDA-1.jpg","twitter:label1":"Escrito por","twitter:data1":"El Digital de Asturias","twitter:label2":"Tiempo de lectura estimado","twitter:data2":"9 minutos"},"aioseo_meta_data":{"post_id":"965792","title":null,"description":null,"keywords":null,"keyphrases":null,"primary_term":null,"canonical_url":null,"og_title":null,"og_description":null,"og_object_type":"default","og_image_type":"default","og_image_url":null,"og_image_width":null,"og_image_height":null,"og_image_custom_url":null,"og_image_custom_fields":null,"og_video":null,"og_custom_url":null,"og_article_section":null,"og_article_tags":null,"twitter_use_og":false,"twitter_card":"default","twitter_image_type":"default","twitter_image_url":null,"twitter_image_custom_url":null,"twitter_image_custom_fields":null,"twitter_title":null,"twitter_description":null,"schema":{"blockGraphs":[],"customGraphs":[],"default":{"data":{"Article":[],"Course":[],"Dataset":[],"FAQPage":[],"Movie":[],"Person":[],"Product":[],"ProductReview":[],"Car":[],"Recipe":[],"Service":[],"SoftwareApplication":[],"WebPage":[]},"graphName":"","isEnabled":true},"graphs":[],"defaultGraph":"","defaultPostTypeGraph":""},"schema_type":null,"schema_type_options":null,"pillar_content":false,"robots_default":true,"robots_noindex":false,"robots_noarchive":false,"robots_nosnippet":false,"robots_nofollow":false,"robots_noimageindex":false,"robots_noodp":false,"robots_notranslate":false,"robots_max_snippet":null,"robots_max_videopreview":null,"robots_max_imagepreview":"large","priority":null,"frequency":null,"local_seo":null,"seo_analyzer_scan_date":"2025-10-06 13:21:02","breadcrumb_settings":null,"limit_modified_date":false,"open_ai":null,"ai":null,"created":"2020-12-21 12:37:37","updated":"2025-10-06 13:21:02","focus_keyword":null,"additional_keywords":null,"truseo_locale":null},"aioseo_breadcrumb":"<div class=\"aioseo-breadcrumbs\"><span class=\"aioseo-breadcrumb\">\n\t<a href=\"https:\/\/www.eldigitaldeasturias.com\/noticias\" title=\"Home\">Home<\/a>\n<\/span><span class=\"aioseo-breadcrumb-separator\">\u2013<\/span><span class=\"aioseo-breadcrumb\">\n\t<a href=\"https:\/\/www.eldigitaldeasturias.com\/noticias\/category\/actualidad\/\" title=\"Actualidad\">Actualidad<\/a>\n<\/span><span class=\"aioseo-breadcrumb-separator\">\u2013<\/span><span class=\"aioseo-breadcrumb\">\n\t<a href=\"https:\/\/www.eldigitaldeasturias.com\/noticias\/interior-cierra-el-ano-con-cifra-record-de-droga-incautada\/\" title=\"Interior cierra el a\u00f1o con cifra r\u00e9cord de droga incautada\">Interior cierra el a\u00f1o con cifra r\u00e9cord de droga incautada<\/a>\n<\/span><\/div>","aioseo_breadcrumb_json":[{"label":"Home","link":"https:\/\/www.eldigitaldeasturias.com\/noticias"},{"label":"Actualidad","link":"https:\/\/www.eldigitaldeasturias.com\/noticias\/category\/actualidad\/"},{"label":"Interior cierra el a\u00f1o con cifra r\u00e9cord de droga incautada","link":"https:\/\/www.eldigitaldeasturias.com\/noticias\/interior-cierra-el-ano-con-cifra-record-de-droga-incautada\/"}],"_links":{"self":[{"href":"https:\/\/www.eldigitaldeasturias.com\/noticias\/wp-json\/wp\/v2\/posts\/965792","targetHints":{"allow":["GET"]}}],"collection":[{"href":"https:\/\/www.eldigitaldeasturias.com\/noticias\/wp-json\/wp\/v2\/posts"}],"about":[{"href":"https:\/\/www.eldigitaldeasturias.com\/noticias\/wp-json\/wp\/v2\/types\/post"}],"author":[{"embeddable":true,"href":"https:\/\/www.eldigitaldeasturias.com\/noticias\/wp-json\/wp\/v2\/users\/1"}],"replies":[{"embeddable":true,"href":"https:\/\/www.eldigitaldeasturias.com\/noticias\/wp-json\/wp\/v2\/comments?post=965792"}],"version-history":[{"count":0,"href":"https:\/\/www.eldigitaldeasturias.com\/noticias\/wp-json\/wp\/v2\/posts\/965792\/revisions"}],"wp:attachment":[{"href":"https:\/\/www.eldigitaldeasturias.com\/noticias\/wp-json\/wp\/v2\/media?parent=965792"}],"wp:term":[{"taxonomy":"category","embeddable":true,"href":"https:\/\/www.eldigitaldeasturias.com\/noticias\/wp-json\/wp\/v2\/categories?post=965792"},{"taxonomy":"post_tag","embeddable":true,"href":"https:\/\/www.eldigitaldeasturias.com\/noticias\/wp-json\/wp\/v2\/tags?post=965792"}],"curies":[{"name":"wp","href":"https:\/\/api.w.org\/{rel}","templated":true}]}}