{"id":965787,"date":"2018-01-09T20:51:30","date_gmt":"2018-01-09T20:51:30","guid":{"rendered":"http:\/\/www.eldigitaldeasturias.com\/noticias\/?p=965787"},"modified":"2018-01-09T20:51:30","modified_gmt":"2018-01-09T20:51:30","slug":"fomento-solicita-a-la-concesionaria-de-la-ap-6-que-le-remita-todas-las-reclamaciones-que-reciba-sobre-la-nevada-del-6-y-el-7-de-enero","status":"publish","type":"post","link":"https:\/\/www.eldigitaldeasturias.com\/noticias\/fomento-solicita-a-la-concesionaria-de-la-ap-6-que-le-remita-todas-las-reclamaciones-que-reciba-sobre-la-nevada-del-6-y-el-7-de-enero\/","title":{"rendered":"Fomento solicita a la concesionaria de la AP-6 que le remita todas las reclamaciones que reciba sobre la nevada del 6 y el 7 de enero"},"content":{"rendered":"<p><img loading=\"lazy\" decoding=\"async\" class=\"alignleft size-medium wp-image-965788\" src=\"https:\/\/www.eldigitaldeasturias.com\/noticias\/wp-content\/uploads\/2018\/01\/28112016_DelaSerna-360x239.jpg\" alt=\"\" width=\"360\" height=\"239\" \/>El ministro de Fomento, \u00cd\u00f1igo de la Serna, ha dado orden a la Delegaci\u00f3n del Gobierno de las Sociedades Concesionarias de Autopistas Nacionales de Peaje para que solicite a Iberpistas (Grupo Abertis) que se ponga inmediatamente en su conocimiento cualquier reclamaci\u00f3n de usuarios relacionada con los sucesos de los pasados d\u00edas 6 y 7 de enero.<\/p>\n<p>\u200bEsta medida se une al expediente informativo abierto el pasado 7 de enero a la citada concesionaria, con el objeto de determinar si existen motivos para la apertura de un expediente de penalizaciones en virtud de lo establecido en la Ley de Autopistas.<\/p>\n<p>Asimismo, el Ministerio de Fomento ha iniciado una valoraci\u00f3n de los gastos en los que ha podido incurrir la Administraci\u00f3n General del Estado derivados de las medidas de emergencia adoptadas para hacer frente a la situaci\u00f3n ocasionada por el colapso de veh\u00edculos en la AP-6 que tuvo lugar entre el 6 y el 7 de enero.<\/p>\n<p>Para realizar dicha valoraci\u00f3n, el Ministerio de Fomento se pondr\u00e1 en contacto con el resto de departamentos implicados (Ministerio de Interior y Defensa, principalmente) para que determinen la cuant\u00eda de los gastos asumidos, que se a\u00f1adir\u00e1n a los generados por los medios dispuestos del propio Ministerio.<\/p>\n","protected":false},"excerpt":{"rendered":"<p>El ministro de Fomento, \u00cd\u00f1igo de la Serna, ha dado orden a la Delegaci\u00f3n del Gobierno de las Sociedades Concesionarias de Autopistas Nacionales de Peaje para que solicite a Iberpistas (Grupo Abertis) que se ponga inmediatamente en su conocimiento cualquier reclamaci\u00f3n de usuarios relacionada con los sucesos de los pasados d\u00edas 6 y 7 de [&hellip;]<\/p>\n","protected":false},"author":1,"featured_media":965788,"comment_status":"closed","ping_status":"closed","sticky":false,"template":"","format":"standard","meta":{"footnotes":""},"categories":[1],"tags":[],"class_list":["post-965787","post","type-post","status-publish","format-standard","has-post-thumbnail","hentry","category-actualidad"],"aioseo_notices":[],"aioseo_head":"\n\t\t<!-- All in One SEO Pro 5.0.1 - aioseo.com -->\n\t<meta name=\"description\" content=\"El ministro de Fomento, \u00cd\u00f1igo de la Serna, ha dado orden a la Delegaci\u00f3n del Gobierno de las Sociedades Concesionarias de Autopistas Nacionales de Peaje para que solicite a Iberpistas (Grupo Abertis) que se ponga inmediatamente en su conocimiento cualquier reclamaci\u00f3n de usuarios relacionada con los sucesos de los pasados d\u00edas 6 y 7 de\" \/>\n\t<meta name=\"robots\" content=\"max-image-preview:large\" \/>\n\t<meta name=\"author\" content=\"El Digital de Asturias\"\/>\n\t<meta name=\"google-site-verification\" content=\"UA-38556648-1\" \/>\n\t<meta name=\"msvalidate.01\" content=\"7dfe9f3f1b24437ab69f4f2559babe99\" \/>\n\t<meta name=\"keywords\" content=\"actualidad\" \/>\n\t<link rel=\"canonical\" href=\"https:\/\/www.eldigitaldeasturias.com\/noticias\/fomento-solicita-a-la-concesionaria-de-la-ap-6-que-le-remita-todas-las-reclamaciones-que-reciba-sobre-la-nevada-del-6-y-el-7-de-enero\/\" \/>\n\t<meta name=\"generator\" content=\"All in One SEO Pro (AIOSEO) 5.0.1\" \/>\n\t\t<meta property=\"og:locale\" content=\"es_ES\" \/>\n\t\t<meta property=\"og:site_name\" content=\"El Digital de Asturias\" \/>\n\t\t<meta property=\"og:type\" content=\"article\" \/>\n\t\t<meta property=\"og:title\" content=\"Fomento solicita a la concesionaria de la AP-6 que le remita todas las reclamaciones que reciba sobre la nevada del 6 y el 7 de enero - El Digital de Asturias\" \/>\n\t\t<meta property=\"og:description\" content=\"El ministro de Fomento, \u00cd\u00f1igo de la Serna, ha dado orden a la Delegaci\u00f3n del Gobierno de las Sociedades Concesionarias de Autopistas Nacionales de Peaje para que solicite a Iberpistas (Grupo Abertis) que se ponga inmediatamente en su conocimiento cualquier reclamaci\u00f3n de usuarios relacionada con los sucesos de los pasados d\u00edas 6 y 7 de\" \/>\n\t\t<meta property=\"og:url\" content=\"https:\/\/www.eldigitaldeasturias.com\/noticias\/fomento-solicita-a-la-concesionaria-de-la-ap-6-que-le-remita-todas-las-reclamaciones-que-reciba-sobre-la-nevada-del-6-y-el-7-de-enero\/\" \/>\n\t\t<meta property=\"article:tag\" content=\"actualidad\" \/>\n\t\t<meta property=\"article:published_time\" content=\"2018-01-09T20:51:30+00:00\" \/>\n\t\t<meta property=\"article:modified_time\" content=\"2018-01-09T20:51:30+00:00\" \/>\n\t\t<meta property=\"article:publisher\" content=\"https:\/\/facebook.com\/eldigitaldeasturias\" \/>\n\t\t<meta name=\"twitter:card\" content=\"summary_large_image\" \/>\n\t\t<meta name=\"twitter:title\" content=\"Fomento solicita a la concesionaria de la AP-6 que le remita todas las reclamaciones que reciba sobre la nevada del 6 y el 7 de enero - El Digital de Asturias\" \/>\n\t\t<meta name=\"twitter:description\" content=\"El ministro de Fomento, \u00cd\u00f1igo de la Serna, ha dado orden a la Delegaci\u00f3n del Gobierno de las Sociedades Concesionarias de Autopistas Nacionales de Peaje para que solicite a Iberpistas (Grupo Abertis) que se ponga inmediatamente en su conocimiento cualquier reclamaci\u00f3n de usuarios relacionada con los sucesos de los pasados d\u00edas 6 y 7 de\" \/>\n\t\t<meta name=\"twitter:image\" content=\"https:\/\/www.eldigitaldeasturias.com\/noticias\/wp-content\/uploads\/2020\/12\/EDA-1.jpg\" \/>\n\t\t<meta name=\"twitter:label1\" content=\"Escrito por\" \/>\n\t\t<meta name=\"twitter:data1\" content=\"El Digital de Asturias\" \/>\n\t\t<meta name=\"twitter:label2\" content=\"Tiempo de lectura estimado\" \/>\n\t\t<meta name=\"twitter:data2\" content=\"1 minuto\" \/>\n\t\t<script type=\"application\/ld+json\" class=\"aioseo-schema\">\n\t\t\t{\"@context\":\"https:\\\/\\\/schema.org\",\"@graph\":[{\"@type\":\"BlogPosting\",\"@id\":\"https:\\\/\\\/www.eldigitaldeasturias.com\\\/noticias\\\/fomento-solicita-a-la-concesionaria-de-la-ap-6-que-le-remita-todas-las-reclamaciones-que-reciba-sobre-la-nevada-del-6-y-el-7-de-enero\\\/#blogposting\",\"name\":\"Fomento solicita a la concesionaria de la AP-6 que le remita todas las reclamaciones que reciba sobre la nevada del 6 y el 7 de enero - El Digital de Asturias\",\"headline\":\"Fomento solicita a la concesionaria de la AP-6 que le remita todas las reclamaciones que reciba sobre la nevada del 6 y el 7 de enero\",\"author\":{\"@id\":\"https:\\\/\\\/www.eldigitaldeasturias.com\\\/noticias\\\/author\\\/admin\\\/#author\"},\"publisher\":{\"@id\":\"https:\\\/\\\/www.eldigitaldeasturias.com\\\/noticias\\\/#organization\"},\"image\":{\"@type\":\"ImageObject\",\"url\":965788},\"datePublished\":\"2018-01-09T20:51:30+01:00\",\"dateModified\":\"2018-01-09T20:51:30+01:00\",\"inLanguage\":\"es-ES\",\"mainEntityOfPage\":{\"@id\":\"https:\\\/\\\/www.eldigitaldeasturias.com\\\/noticias\\\/fomento-solicita-a-la-concesionaria-de-la-ap-6-que-le-remita-todas-las-reclamaciones-que-reciba-sobre-la-nevada-del-6-y-el-7-de-enero\\\/#webpage\"},\"isPartOf\":{\"@id\":\"https:\\\/\\\/www.eldigitaldeasturias.com\\\/noticias\\\/fomento-solicita-a-la-concesionaria-de-la-ap-6-que-le-remita-todas-las-reclamaciones-que-reciba-sobre-la-nevada-del-6-y-el-7-de-enero\\\/#webpage\"},\"articleSection\":\"Actualidad\"},{\"@type\":\"BreadcrumbList\",\"@id\":\"https:\\\/\\\/www.eldigitaldeasturias.com\\\/noticias\\\/fomento-solicita-a-la-concesionaria-de-la-ap-6-que-le-remita-todas-las-reclamaciones-que-reciba-sobre-la-nevada-del-6-y-el-7-de-enero\\\/#breadcrumblist\",\"itemListElement\":[{\"@type\":\"ListItem\",\"@id\":\"https:\\\/\\\/www.eldigitaldeasturias.com\\\/noticias#listItem\",\"position\":1,\"name\":\"Home\",\"item\":\"https:\\\/\\\/www.eldigitaldeasturias.com\\\/noticias\",\"nextItem\":{\"@type\":\"ListItem\",\"@id\":\"https:\\\/\\\/www.eldigitaldeasturias.com\\\/noticias\\\/category\\\/actualidad\\\/#listItem\",\"name\":\"Actualidad\"}},{\"@type\":\"ListItem\",\"@id\":\"https:\\\/\\\/www.eldigitaldeasturias.com\\\/noticias\\\/category\\\/actualidad\\\/#listItem\",\"position\":2,\"name\":\"Actualidad\",\"item\":\"https:\\\/\\\/www.eldigitaldeasturias.com\\\/noticias\\\/category\\\/actualidad\\\/\",\"nextItem\":{\"@type\":\"ListItem\",\"@id\":\"https:\\\/\\\/www.eldigitaldeasturias.com\\\/noticias\\\/fomento-solicita-a-la-concesionaria-de-la-ap-6-que-le-remita-todas-las-reclamaciones-que-reciba-sobre-la-nevada-del-6-y-el-7-de-enero\\\/#listItem\",\"name\":\"Fomento solicita a la concesionaria de la AP-6 que le remita todas las reclamaciones que reciba sobre la nevada del 6 y el 7 de enero\"},\"previousItem\":{\"@type\":\"ListItem\",\"@id\":\"https:\\\/\\\/www.eldigitaldeasturias.com\\\/noticias#listItem\",\"name\":\"Home\"}},{\"@type\":\"ListItem\",\"@id\":\"https:\\\/\\\/www.eldigitaldeasturias.com\\\/noticias\\\/fomento-solicita-a-la-concesionaria-de-la-ap-6-que-le-remita-todas-las-reclamaciones-que-reciba-sobre-la-nevada-del-6-y-el-7-de-enero\\\/#listItem\",\"position\":3,\"name\":\"Fomento solicita a la concesionaria de la AP-6 que le remita todas las reclamaciones que reciba sobre la nevada del 6 y el 7 de enero\",\"previousItem\":{\"@type\":\"ListItem\",\"@id\":\"https:\\\/\\\/www.eldigitaldeasturias.com\\\/noticias\\\/category\\\/actualidad\\\/#listItem\",\"name\":\"Actualidad\"}}]},{\"@type\":\"Organization\",\"@id\":\"https:\\\/\\\/www.eldigitaldeasturias.com\\\/noticias\\\/#organization\",\"name\":\"El Digital de Asturias\",\"description\":\"Hemeroteca\",\"url\":\"https:\\\/\\\/www.eldigitaldeasturias.com\\\/noticias\\\/\",\"email\":\"info@eldigitaldeasturias.com\",\"telephone\":\"+34652131393\",\"logo\":{\"@type\":\"ImageObject\",\"url\":\"https:\\\/\\\/www.eldigitaldeasturias.com\\\/noticias\\\/wp-content\\\/uploads\\\/2020\\\/12\\\/EDA.jpg\",\"@id\":\"https:\\\/\\\/www.eldigitaldeasturias.com\\\/noticias\\\/fomento-solicita-a-la-concesionaria-de-la-ap-6-que-le-remita-todas-las-reclamaciones-que-reciba-sobre-la-nevada-del-6-y-el-7-de-enero\\\/#organizationLogo\"},\"image\":{\"@id\":\"https:\\\/\\\/www.eldigitaldeasturias.com\\\/noticias\\\/fomento-solicita-a-la-concesionaria-de-la-ap-6-que-le-remita-todas-las-reclamaciones-que-reciba-sobre-la-nevada-del-6-y-el-7-de-enero\\\/#organizationLogo\"},\"sameAs\":[\"https:\\\/\\\/facebook.com\\\/eldigitaldeasturias\",\"https:\\\/\\\/www.youtube.com\\\/channel\\\/UCZP-2wLEB9Rv6erhFmqVnvg\"],\"address\":{\"@id\":\"https:\\\/\\\/www.eldigitaldeasturias.com\\\/noticias\\\/#postaladdress\",\"@type\":\"PostalAddress\",\"streetAddress\":\"san antonio 4\",\"postalCode\":\"33430\",\"addressLocality\":\"Cand\\u00e1s\",\"addressRegion\":\"Asturias\",\"addressCountry\":\"ES\"}},{\"@type\":\"Person\",\"@id\":\"https:\\\/\\\/www.eldigitaldeasturias.com\\\/noticias\\\/author\\\/admin\\\/#author\",\"url\":\"https:\\\/\\\/www.eldigitaldeasturias.com\\\/noticias\\\/author\\\/admin\\\/\",\"name\":\"El Digital de Asturias\",\"image\":{\"@type\":\"ImageObject\",\"@id\":\"https:\\\/\\\/www.eldigitaldeasturias.com\\\/noticias\\\/fomento-solicita-a-la-concesionaria-de-la-ap-6-que-le-remita-todas-las-reclamaciones-que-reciba-sobre-la-nevada-del-6-y-el-7-de-enero\\\/#authorImage\",\"url\":\"https:\\\/\\\/secure.gravatar.com\\\/avatar\\\/df2aeffc32bcd13f8d26072ef8a91b623d677766deac7f97ca815868cd41bf5e?s=96&d=mm&r=g\",\"width\":96,\"height\":96,\"caption\":\"El Digital de Asturias\"}},{\"@type\":\"WebPage\",\"@id\":\"https:\\\/\\\/www.eldigitaldeasturias.com\\\/noticias\\\/fomento-solicita-a-la-concesionaria-de-la-ap-6-que-le-remita-todas-las-reclamaciones-que-reciba-sobre-la-nevada-del-6-y-el-7-de-enero\\\/#webpage\",\"url\":\"https:\\\/\\\/www.eldigitaldeasturias.com\\\/noticias\\\/fomento-solicita-a-la-concesionaria-de-la-ap-6-que-le-remita-todas-las-reclamaciones-que-reciba-sobre-la-nevada-del-6-y-el-7-de-enero\\\/\",\"name\":\"Fomento solicita a la concesionaria de la AP-6 que le remita todas las reclamaciones que reciba sobre la nevada del 6 y el 7 de enero - El Digital de Asturias\",\"description\":\"El ministro de Fomento, \\u00cd\\u00f1igo de la Serna, ha dado orden a la Delegaci\\u00f3n del Gobierno de las Sociedades Concesionarias de Autopistas Nacionales de Peaje para que solicite a Iberpistas (Grupo Abertis) que se ponga inmediatamente en su conocimiento cualquier reclamaci\\u00f3n de usuarios relacionada con los sucesos de los pasados d\\u00edas 6 y 7 de\",\"inLanguage\":\"es-ES\",\"isPartOf\":{\"@id\":\"https:\\\/\\\/www.eldigitaldeasturias.com\\\/noticias\\\/#website\"},\"breadcrumb\":{\"@id\":\"https:\\\/\\\/www.eldigitaldeasturias.com\\\/noticias\\\/fomento-solicita-a-la-concesionaria-de-la-ap-6-que-le-remita-todas-las-reclamaciones-que-reciba-sobre-la-nevada-del-6-y-el-7-de-enero\\\/#breadcrumblist\"},\"author\":{\"@id\":\"https:\\\/\\\/www.eldigitaldeasturias.com\\\/noticias\\\/author\\\/admin\\\/#author\"},\"creator\":{\"@id\":\"https:\\\/\\\/www.eldigitaldeasturias.com\\\/noticias\\\/author\\\/admin\\\/#author\"},\"image\":{\"@type\":\"ImageObject\",\"url\":965788,\"@id\":\"https:\\\/\\\/www.eldigitaldeasturias.com\\\/noticias\\\/fomento-solicita-a-la-concesionaria-de-la-ap-6-que-le-remita-todas-las-reclamaciones-que-reciba-sobre-la-nevada-del-6-y-el-7-de-enero\\\/#mainImage\"},\"primaryImageOfPage\":{\"@id\":\"https:\\\/\\\/www.eldigitaldeasturias.com\\\/noticias\\\/fomento-solicita-a-la-concesionaria-de-la-ap-6-que-le-remita-todas-las-reclamaciones-que-reciba-sobre-la-nevada-del-6-y-el-7-de-enero\\\/#mainImage\"},\"datePublished\":\"2018-01-09T20:51:30+01:00\",\"dateModified\":\"2018-01-09T20:51:30+01:00\"},{\"@type\":\"WebSite\",\"@id\":\"https:\\\/\\\/www.eldigitaldeasturias.com\\\/noticias\\\/#website\",\"url\":\"https:\\\/\\\/www.eldigitaldeasturias.com\\\/noticias\\\/\",\"name\":\"El Digital de Asturias - Diario de actualidad y noticias\",\"alternateName\":\"El Digital de Asturias - Diario de actualidad y noticias\",\"description\":\"Hemeroteca\",\"inLanguage\":\"es-ES\",\"publisher\":{\"@id\":\"https:\\\/\\\/www.eldigitaldeasturias.com\\\/noticias\\\/#organization\"}}]}\n\t\t<\/script>\n\t\t<!-- All in One SEO Pro -->\r\n\t\t<title>Fomento solicita a la concesionaria de la AP-6 que le remita todas las reclamaciones que reciba sobre la nevada del 6 y el 7 de enero - El Digital de Asturias<\/title>\n\n","aioseo_head_json":{"title":"Fomento solicita a la concesionaria de la AP-6 que le remita todas las reclamaciones que reciba sobre la nevada del 6 y el 7 de enero - El Digital de Asturias","description":"El ministro de Fomento, \u00cd\u00f1igo de la Serna, ha dado orden a la Delegaci\u00f3n del Gobierno de las Sociedades Concesionarias de Autopistas Nacionales de Peaje para que solicite a Iberpistas (Grupo Abertis) que se ponga inmediatamente en su conocimiento cualquier reclamaci\u00f3n de usuarios relacionada con los sucesos de los pasados d\u00edas 6 y 7 de","canonical_url":"https:\/\/www.eldigitaldeasturias.com\/noticias\/fomento-solicita-a-la-concesionaria-de-la-ap-6-que-le-remita-todas-las-reclamaciones-que-reciba-sobre-la-nevada-del-6-y-el-7-de-enero\/","robots":"max-image-preview:large","keywords":"actualidad","webmasterTools":{"google-site-verification":"UA-38556648-1","msvalidate.01":"7dfe9f3f1b24437ab69f4f2559babe99","miscellaneous":""},"schema":{"@context":"https:\/\/schema.org","@graph":[{"@type":"BlogPosting","@id":"https:\/\/www.eldigitaldeasturias.com\/noticias\/fomento-solicita-a-la-concesionaria-de-la-ap-6-que-le-remita-todas-las-reclamaciones-que-reciba-sobre-la-nevada-del-6-y-el-7-de-enero\/#blogposting","name":"Fomento solicita a la concesionaria de la AP-6 que le remita todas las reclamaciones que reciba sobre la nevada del 6 y el 7 de enero - El Digital de Asturias","headline":"Fomento solicita a la concesionaria de la AP-6 que le remita todas las reclamaciones que reciba sobre la nevada del 6 y el 7 de enero","author":{"@id":"https:\/\/www.eldigitaldeasturias.com\/noticias\/author\/admin\/#author"},"publisher":{"@id":"https:\/\/www.eldigitaldeasturias.com\/noticias\/#organization"},"image":{"@type":"ImageObject","url":965788},"datePublished":"2018-01-09T20:51:30+01:00","dateModified":"2018-01-09T20:51:30+01:00","inLanguage":"es-ES","mainEntityOfPage":{"@id":"https:\/\/www.eldigitaldeasturias.com\/noticias\/fomento-solicita-a-la-concesionaria-de-la-ap-6-que-le-remita-todas-las-reclamaciones-que-reciba-sobre-la-nevada-del-6-y-el-7-de-enero\/#webpage"},"isPartOf":{"@id":"https:\/\/www.eldigitaldeasturias.com\/noticias\/fomento-solicita-a-la-concesionaria-de-la-ap-6-que-le-remita-todas-las-reclamaciones-que-reciba-sobre-la-nevada-del-6-y-el-7-de-enero\/#webpage"},"articleSection":"Actualidad"},{"@type":"BreadcrumbList","@id":"https:\/\/www.eldigitaldeasturias.com\/noticias\/fomento-solicita-a-la-concesionaria-de-la-ap-6-que-le-remita-todas-las-reclamaciones-que-reciba-sobre-la-nevada-del-6-y-el-7-de-enero\/#breadcrumblist","itemListElement":[{"@type":"ListItem","@id":"https:\/\/www.eldigitaldeasturias.com\/noticias#listItem","position":1,"name":"Home","item":"https:\/\/www.eldigitaldeasturias.com\/noticias","nextItem":{"@type":"ListItem","@id":"https:\/\/www.eldigitaldeasturias.com\/noticias\/category\/actualidad\/#listItem","name":"Actualidad"}},{"@type":"ListItem","@id":"https:\/\/www.eldigitaldeasturias.com\/noticias\/category\/actualidad\/#listItem","position":2,"name":"Actualidad","item":"https:\/\/www.eldigitaldeasturias.com\/noticias\/category\/actualidad\/","nextItem":{"@type":"ListItem","@id":"https:\/\/www.eldigitaldeasturias.com\/noticias\/fomento-solicita-a-la-concesionaria-de-la-ap-6-que-le-remita-todas-las-reclamaciones-que-reciba-sobre-la-nevada-del-6-y-el-7-de-enero\/#listItem","name":"Fomento solicita a la concesionaria de la AP-6 que le remita todas las reclamaciones que reciba sobre la nevada del 6 y el 7 de enero"},"previousItem":{"@type":"ListItem","@id":"https:\/\/www.eldigitaldeasturias.com\/noticias#listItem","name":"Home"}},{"@type":"ListItem","@id":"https:\/\/www.eldigitaldeasturias.com\/noticias\/fomento-solicita-a-la-concesionaria-de-la-ap-6-que-le-remita-todas-las-reclamaciones-que-reciba-sobre-la-nevada-del-6-y-el-7-de-enero\/#listItem","position":3,"name":"Fomento solicita a la concesionaria de la AP-6 que le remita todas las reclamaciones que reciba sobre la nevada del 6 y el 7 de enero","previousItem":{"@type":"ListItem","@id":"https:\/\/www.eldigitaldeasturias.com\/noticias\/category\/actualidad\/#listItem","name":"Actualidad"}}]},{"@type":"Organization","@id":"https:\/\/www.eldigitaldeasturias.com\/noticias\/#organization","name":"El Digital de Asturias","description":"Hemeroteca","url":"https:\/\/www.eldigitaldeasturias.com\/noticias\/","email":"info@eldigitaldeasturias.com","telephone":"+34652131393","logo":{"@type":"ImageObject","url":"https:\/\/www.eldigitaldeasturias.com\/noticias\/wp-content\/uploads\/2020\/12\/EDA.jpg","@id":"https:\/\/www.eldigitaldeasturias.com\/noticias\/fomento-solicita-a-la-concesionaria-de-la-ap-6-que-le-remita-todas-las-reclamaciones-que-reciba-sobre-la-nevada-del-6-y-el-7-de-enero\/#organizationLogo"},"image":{"@id":"https:\/\/www.eldigitaldeasturias.com\/noticias\/fomento-solicita-a-la-concesionaria-de-la-ap-6-que-le-remita-todas-las-reclamaciones-que-reciba-sobre-la-nevada-del-6-y-el-7-de-enero\/#organizationLogo"},"sameAs":["https:\/\/facebook.com\/eldigitaldeasturias","https:\/\/www.youtube.com\/channel\/UCZP-2wLEB9Rv6erhFmqVnvg"],"address":{"@id":"https:\/\/www.eldigitaldeasturias.com\/noticias\/#postaladdress","@type":"PostalAddress","streetAddress":"san antonio 4","postalCode":"33430","addressLocality":"Cand\u00e1s","addressRegion":"Asturias","addressCountry":"ES"}},{"@type":"Person","@id":"https:\/\/www.eldigitaldeasturias.com\/noticias\/author\/admin\/#author","url":"https:\/\/www.eldigitaldeasturias.com\/noticias\/author\/admin\/","name":"El Digital de Asturias","image":{"@type":"ImageObject","@id":"https:\/\/www.eldigitaldeasturias.com\/noticias\/fomento-solicita-a-la-concesionaria-de-la-ap-6-que-le-remita-todas-las-reclamaciones-que-reciba-sobre-la-nevada-del-6-y-el-7-de-enero\/#authorImage","url":"https:\/\/secure.gravatar.com\/avatar\/df2aeffc32bcd13f8d26072ef8a91b623d677766deac7f97ca815868cd41bf5e?s=96&d=mm&r=g","width":96,"height":96,"caption":"El Digital de Asturias"}},{"@type":"WebPage","@id":"https:\/\/www.eldigitaldeasturias.com\/noticias\/fomento-solicita-a-la-concesionaria-de-la-ap-6-que-le-remita-todas-las-reclamaciones-que-reciba-sobre-la-nevada-del-6-y-el-7-de-enero\/#webpage","url":"https:\/\/www.eldigitaldeasturias.com\/noticias\/fomento-solicita-a-la-concesionaria-de-la-ap-6-que-le-remita-todas-las-reclamaciones-que-reciba-sobre-la-nevada-del-6-y-el-7-de-enero\/","name":"Fomento solicita a la concesionaria de la AP-6 que le remita todas las reclamaciones que reciba sobre la nevada del 6 y el 7 de enero - El Digital de Asturias","description":"El ministro de Fomento, \u00cd\u00f1igo de la Serna, ha dado orden a la Delegaci\u00f3n del Gobierno de las Sociedades Concesionarias de Autopistas Nacionales de Peaje para que solicite a Iberpistas (Grupo Abertis) que se ponga inmediatamente en su conocimiento cualquier reclamaci\u00f3n de usuarios relacionada con los sucesos de los pasados d\u00edas 6 y 7 de","inLanguage":"es-ES","isPartOf":{"@id":"https:\/\/www.eldigitaldeasturias.com\/noticias\/#website"},"breadcrumb":{"@id":"https:\/\/www.eldigitaldeasturias.com\/noticias\/fomento-solicita-a-la-concesionaria-de-la-ap-6-que-le-remita-todas-las-reclamaciones-que-reciba-sobre-la-nevada-del-6-y-el-7-de-enero\/#breadcrumblist"},"author":{"@id":"https:\/\/www.eldigitaldeasturias.com\/noticias\/author\/admin\/#author"},"creator":{"@id":"https:\/\/www.eldigitaldeasturias.com\/noticias\/author\/admin\/#author"},"image":{"@type":"ImageObject","url":965788,"@id":"https:\/\/www.eldigitaldeasturias.com\/noticias\/fomento-solicita-a-la-concesionaria-de-la-ap-6-que-le-remita-todas-las-reclamaciones-que-reciba-sobre-la-nevada-del-6-y-el-7-de-enero\/#mainImage"},"primaryImageOfPage":{"@id":"https:\/\/www.eldigitaldeasturias.com\/noticias\/fomento-solicita-a-la-concesionaria-de-la-ap-6-que-le-remita-todas-las-reclamaciones-que-reciba-sobre-la-nevada-del-6-y-el-7-de-enero\/#mainImage"},"datePublished":"2018-01-09T20:51:30+01:00","dateModified":"2018-01-09T20:51:30+01:00"},{"@type":"WebSite","@id":"https:\/\/www.eldigitaldeasturias.com\/noticias\/#website","url":"https:\/\/www.eldigitaldeasturias.com\/noticias\/","name":"El Digital de Asturias - Diario de actualidad y noticias","alternateName":"El Digital de Asturias - Diario de actualidad y noticias","description":"Hemeroteca","inLanguage":"es-ES","publisher":{"@id":"https:\/\/www.eldigitaldeasturias.com\/noticias\/#organization"}}]},"og:locale":"es_ES","og:site_name":"El Digital de Asturias","og:type":"article","og:title":"Fomento solicita a la concesionaria de la AP-6 que le remita todas las reclamaciones que reciba sobre la nevada del 6 y el 7 de enero - El Digital de Asturias","og:description":"El ministro de Fomento, \u00cd\u00f1igo de la Serna, ha dado orden a la Delegaci\u00f3n del Gobierno de las Sociedades Concesionarias de Autopistas Nacionales de Peaje para que solicite a Iberpistas (Grupo Abertis) que se ponga inmediatamente en su conocimiento cualquier reclamaci\u00f3n de usuarios relacionada con los sucesos de los pasados d\u00edas 6 y 7 de","og:url":"https:\/\/www.eldigitaldeasturias.com\/noticias\/fomento-solicita-a-la-concesionaria-de-la-ap-6-que-le-remita-todas-las-reclamaciones-que-reciba-sobre-la-nevada-del-6-y-el-7-de-enero\/","article:tag":["actualidad"],"article:published_time":"2018-01-09T20:51:30+00:00","article:modified_time":"2018-01-09T20:51:30+00:00","article:publisher":"https:\/\/facebook.com\/eldigitaldeasturias","twitter:card":"summary_large_image","twitter:title":"Fomento solicita a la concesionaria de la AP-6 que le remita todas las reclamaciones que reciba sobre la nevada del 6 y el 7 de enero - El Digital de Asturias","twitter:description":"El ministro de Fomento, \u00cd\u00f1igo de la Serna, ha dado orden a la Delegaci\u00f3n del Gobierno de las Sociedades Concesionarias de Autopistas Nacionales de Peaje para que solicite a Iberpistas (Grupo Abertis) que se ponga inmediatamente en su conocimiento cualquier reclamaci\u00f3n de usuarios relacionada con los sucesos de los pasados d\u00edas 6 y 7 de","twitter:image":"https:\/\/www.eldigitaldeasturias.com\/noticias\/wp-content\/uploads\/2020\/12\/EDA-1.jpg","twitter:label1":"Escrito por","twitter:data1":"El Digital de Asturias","twitter:label2":"Tiempo de lectura estimado","twitter:data2":"1 minuto"},"aioseo_meta_data":{"post_id":"965787","title":null,"description":null,"keywords":null,"keyphrases":null,"primary_term":null,"canonical_url":null,"og_title":null,"og_description":null,"og_object_type":"default","og_image_type":"default","og_image_url":null,"og_image_width":null,"og_image_height":null,"og_image_custom_url":null,"og_image_custom_fields":null,"og_video":null,"og_custom_url":null,"og_article_section":null,"og_article_tags":null,"twitter_use_og":false,"twitter_card":"default","twitter_image_type":"default","twitter_image_url":null,"twitter_image_custom_url":null,"twitter_image_custom_fields":null,"twitter_title":null,"twitter_description":null,"schema":{"blockGraphs":[],"customGraphs":[],"default":{"data":{"Article":[],"Course":[],"Dataset":[],"FAQPage":[],"Movie":[],"Person":[],"Product":[],"ProductReview":[],"Car":[],"Recipe":[],"Service":[],"SoftwareApplication":[],"WebPage":[]},"graphName":"","isEnabled":true},"graphs":[],"defaultGraph":"","defaultPostTypeGraph":""},"schema_type":null,"schema_type_options":null,"pillar_content":false,"robots_default":true,"robots_noindex":false,"robots_noarchive":false,"robots_nosnippet":false,"robots_nofollow":false,"robots_noimageindex":false,"robots_noodp":false,"robots_notranslate":false,"robots_max_snippet":null,"robots_max_videopreview":null,"robots_max_imagepreview":"large","priority":null,"frequency":null,"local_seo":null,"seo_analyzer_scan_date":"2025-10-06 13:19:06","breadcrumb_settings":null,"limit_modified_date":false,"open_ai":null,"ai":null,"created":"2020-12-21 12:37:37","updated":"2025-10-06 13:19:06","focus_keyword":null,"additional_keywords":null,"truseo_locale":null},"aioseo_breadcrumb":"<div class=\"aioseo-breadcrumbs\"><span class=\"aioseo-breadcrumb\">\n\t<a href=\"https:\/\/www.eldigitaldeasturias.com\/noticias\" title=\"Home\">Home<\/a>\n<\/span><span class=\"aioseo-breadcrumb-separator\">\u2013<\/span><span class=\"aioseo-breadcrumb\">\n\t<a href=\"https:\/\/www.eldigitaldeasturias.com\/noticias\/category\/actualidad\/\" title=\"Actualidad\">Actualidad<\/a>\n<\/span><span class=\"aioseo-breadcrumb-separator\">\u2013<\/span><span class=\"aioseo-breadcrumb\">\n\t<a href=\"https:\/\/www.eldigitaldeasturias.com\/noticias\/fomento-solicita-a-la-concesionaria-de-la-ap-6-que-le-remita-todas-las-reclamaciones-que-reciba-sobre-la-nevada-del-6-y-el-7-de-enero\/\" title=\"Fomento solicita a la concesionaria de la AP-6 que le remita todas las reclamaciones que reciba sobre la nevada del 6 y el 7 de enero\">Fomento solicita a la concesionaria de la AP-6 que le remita todas las reclamaciones que reciba sobre la nevada del 6 y el 7 de enero<\/a>\n<\/span><\/div>","aioseo_breadcrumb_json":[{"label":"Home","link":"https:\/\/www.eldigitaldeasturias.com\/noticias"},{"label":"Actualidad","link":"https:\/\/www.eldigitaldeasturias.com\/noticias\/category\/actualidad\/"},{"label":"Fomento solicita a la concesionaria de la AP-6 que le remita todas las reclamaciones que reciba sobre la nevada del 6 y el 7 de enero","link":"https:\/\/www.eldigitaldeasturias.com\/noticias\/fomento-solicita-a-la-concesionaria-de-la-ap-6-que-le-remita-todas-las-reclamaciones-que-reciba-sobre-la-nevada-del-6-y-el-7-de-enero\/"}],"_links":{"self":[{"href":"https:\/\/www.eldigitaldeasturias.com\/noticias\/wp-json\/wp\/v2\/posts\/965787","targetHints":{"allow":["GET"]}}],"collection":[{"href":"https:\/\/www.eldigitaldeasturias.com\/noticias\/wp-json\/wp\/v2\/posts"}],"about":[{"href":"https:\/\/www.eldigitaldeasturias.com\/noticias\/wp-json\/wp\/v2\/types\/post"}],"author":[{"embeddable":true,"href":"https:\/\/www.eldigitaldeasturias.com\/noticias\/wp-json\/wp\/v2\/users\/1"}],"replies":[{"embeddable":true,"href":"https:\/\/www.eldigitaldeasturias.com\/noticias\/wp-json\/wp\/v2\/comments?post=965787"}],"version-history":[{"count":0,"href":"https:\/\/www.eldigitaldeasturias.com\/noticias\/wp-json\/wp\/v2\/posts\/965787\/revisions"}],"wp:attachment":[{"href":"https:\/\/www.eldigitaldeasturias.com\/noticias\/wp-json\/wp\/v2\/media?parent=965787"}],"wp:term":[{"taxonomy":"category","embeddable":true,"href":"https:\/\/www.eldigitaldeasturias.com\/noticias\/wp-json\/wp\/v2\/categories?post=965787"},{"taxonomy":"post_tag","embeddable":true,"href":"https:\/\/www.eldigitaldeasturias.com\/noticias\/wp-json\/wp\/v2\/tags?post=965787"}],"curies":[{"name":"wp","href":"https:\/\/api.w.org\/{rel}","templated":true}]}}