{"id":965742,"date":"2018-01-09T15:33:51","date_gmt":"2018-01-09T15:33:51","guid":{"rendered":"http:\/\/www.eldigitaldeasturias.com\/noticias\/?p=965742"},"modified":"2018-01-09T15:33:51","modified_gmt":"2018-01-09T15:33:51","slug":"mas-de-12-000-firmas-piden-que-se-apruebe-la-letra-del-himno-de-espana-escrita-por-el-cantautor-victor-lago","status":"publish","type":"post","link":"https:\/\/www.eldigitaldeasturias.com\/noticias\/mas-de-12-000-firmas-piden-que-se-apruebe-la-letra-del-himno-de-espana-escrita-por-el-cantautor-victor-lago\/","title":{"rendered":"M\u00e1s de 12.000 firmas piden que se apruebe la letra del himno de Espa\u00f1a escrita por el cantautor V\u00edctor Lago"},"content":{"rendered":"<p><img loading=\"lazy\" decoding=\"async\" class=\"alignleft size-medium wp-image-954143\" src=\"https:\/\/www.eldigitaldeasturias.com\/noticias\/wp-content\/uploads\/2017\/09\/spain-379535_960_720-360x270.jpg\" alt=\"\" width=\"360\" height=\"270\" \/>El pr\u00f3ximo viernes 12 de enero, V\u00edctor Lago volver\u00e1 a personarse, por tercera vez en dos a\u00f1os, en el Congreso de los Diputados, mediante un escrito remitido a la Mesa del Congreso de los Diputados y a la Comisi\u00f3n Constitucional del mismo.<\/p>\n<p>Fue en octubre de 2015 cuando el autor present\u00f3 por primera vez al Congreso su propuesta de letra para el himno espa\u00f1ol.\u00a0<strong>M\u00e1s de 200 medios de comunicaci\u00f3n<\/strong>\u00a0de todo el mundo se hicieron eco de la noticia, desde el New York Times hasta la mayor\u00eda de medios nacionales, manteniendo docenas de entrevistas relativas al asunto en prensa, radio y televisi\u00f3n.<\/p>\n<p><iframe loading=\"lazy\" src=\"https:\/\/www.youtube.com\/embed\/4RtqhRk0QtI\" width=\"650\" height=\"472\" frameborder=\"0\" allowfullscreen=\"allowfullscreen\"><span data-mce-type=\"bookmark\" style=\"display: inline-block; width: 0px; overflow: hidden; line-height: 0;\" class=\"mce_SELRES_start\">\ufeff<\/span><\/iframe><\/p>\n<p>Inicialmente, la letra del cantautor madrile\u00f1o tuvo muy buena acogida por su car\u00e1cter neutral y su ausencia de connotaciones pol\u00edticas, enfoc\u00e1ndose en la idea de unidad y reforzando los valores que, a su juicio, deben imperar \u00aben una naci\u00f3n como la nuestra, una de las m\u00e1s antiguas de Europa, como son el valor, la uni\u00f3n, la hermandad, etc, pero sin dejar de lado rasgos caracter\u00edsticos de nuestra gran historia, acerbo y riqueza cultural\u00bb.<\/p>\n<p>Al no obtener ning\u00fan tipo de respuesta, al a\u00f1o siguiente, concretamente el 25 de Noviembre del 2016, el autor realiz\u00f3 la\u00a0<strong>entrega de 11.500 firmas<\/strong>\u00a0en el Congreso de los Diputados, junto con los cientos de comentarios recibidos, reunidos en\u00a0<strong>m\u00e1s de 400 folios<\/strong>, en apoyo de su propuesta. Dicho escrito fue igualmente admitido por el Congreso y remitido de nuevo a la Comisi\u00f3n Constitucional para su valoraci\u00f3n.<\/p>\n<p>V\u00edctor Lago afirma que presenta de nuevo \u00e9sta solicitud ante las instituciones para que quede constancia \u00abde que no estoy solo, de que no soy el \u00fanico espa\u00f1ol que sue\u00f1a con escuchar su himno completo y poder as\u00ed cantarlo con su correspondiente letra y sin complejos de ning\u00fan tipo, como sucede en la mayor\u00eda de pa\u00edses del mundo\u00bb. Conviene recordar que Espa\u00f1a es uno de los tres pa\u00edses del mundo cuyo himno est\u00e1 hu\u00e9rfano de letra, lo cual muchos consideran a d\u00eda de hoy un anacronismo. \u00abLos versos que propongo para el himno espa\u00f1ol, ya no son s\u00f3lo m\u00edos, son de todos los que ya los comparten y cantan con emoci\u00f3n y sentimiento, por encima de todo, realizo \u00e9sta nueva solicitud para que los organismos pertinentes me comuniquen en qu\u00e9 estado o instancia se encuentra mi petici\u00f3n\u00bb.<\/p>\n<p>El autor considera que durante los \u00faltimos meses \u00abpocas veces ha habido en Espa\u00f1a un ambiente y un entorno m\u00e1s favorable a los sentimientos patrios como el que vivimos en estos momentos, por lo que puede ser una magn\u00edfica oportunidad para completar, por fin, nuestro himno con una letra acorde a lo que la m\u00fasica representa\u00bb. Aunque el compositor madrile\u00f1o es \u00abplenamente consciente de que hay temas m\u00e1s prioritarios en la agenda pol\u00edtica del Parlamento\u00bb, cree que se puede llegar a alcanzar un consenso mayoritario entre los diferentes partidos pol\u00edticos. \u00abExiste la necesidad de abrir el debate en nuestra sociedad, seg\u00fan constato con los miles de votantes de mi propuesta, las decenas de miles de reproducciones y los cientos de comentarios y valoraciones positivas recibidas. No puede ser que las Comunidades Aut\u00f3nomas tengan su propio himno, con su correspondiente letra y que el himno de todos, el nacional, no la tenga\u00bb, afirma el autor.<\/p>\n<p>Si el himno espa\u00f1ol adoptase finalmente la letra del autor madrile\u00f1o, \u00e9ste podr\u00eda constituirse como un s\u00edmbolo que generase m\u00e1s uni\u00f3n y cohesi\u00f3n territorial entre todas las provincias de Espa\u00f1a, no solo en eventos deportivos, sino en actos oficiales y celebraciones de toda \u00edndole. El presente 2018 ser\u00eda un buen a\u00f1o para su valoraci\u00f3n, ya que coinciden dos efem\u00e9rides importantes: el 40\u00ba aniversario de la Constituci\u00f3n Espa\u00f1ola y el Mundial de F\u00fatbol.<\/p>\n<p>La mayor\u00eda de dirigentes de los diferentes partidos pol\u00edticos, as\u00ed como numerosas personalidades, Casa Real, Comit\u00e9 Ol\u00edmpico Espa\u00f1ol, Real Federaci\u00f3n de F\u00fatbol Espa\u00f1ol, etc., son las que a lo largo de estos \u00faltimos meses han tenido conocimiento de su propuesta y quienes han respondido personalmente de una forma muy positiva a la iniciativa.<\/p>\n","protected":false},"excerpt":{"rendered":"<p>El pr\u00f3ximo viernes 12 de enero, V\u00edctor Lago volver\u00e1 a personarse, por tercera vez en dos a\u00f1os, en el Congreso de los Diputados, mediante un escrito remitido a la Mesa del Congreso de los Diputados y a la Comisi\u00f3n Constitucional del mismo. Fue en octubre de 2015 cuando el autor present\u00f3 por primera vez al [&hellip;]<\/p>\n","protected":false},"author":1,"featured_media":954143,"comment_status":"closed","ping_status":"closed","sticky":false,"template":"","format":"standard","meta":{"footnotes":""},"categories":[1],"tags":[],"class_list":["post-965742","post","type-post","status-publish","format-standard","has-post-thumbnail","hentry","category-actualidad"],"aioseo_notices":[],"aioseo_head":"\n\t\t<!-- All in One SEO Pro 5.0.1 - aioseo.com -->\n\t<meta name=\"description\" content=\"El pr\u00f3ximo viernes 12 de enero, V\u00edctor Lago volver\u00e1 a personarse, por tercera vez en dos a\u00f1os, en el Congreso de los Diputados, mediante un escrito remitido a la Mesa del Congreso de los Diputados y a la Comisi\u00f3n Constitucional del mismo. Fue en octubre de 2015 cuando el autor present\u00f3 por primera vez al\" \/>\n\t<meta name=\"robots\" content=\"max-image-preview:large\" \/>\n\t<meta name=\"author\" content=\"El Digital de Asturias\"\/>\n\t<meta name=\"google-site-verification\" content=\"UA-38556648-1\" \/>\n\t<meta name=\"msvalidate.01\" content=\"7dfe9f3f1b24437ab69f4f2559babe99\" \/>\n\t<meta name=\"keywords\" content=\"actualidad\" \/>\n\t<link rel=\"canonical\" href=\"https:\/\/www.eldigitaldeasturias.com\/noticias\/mas-de-12-000-firmas-piden-que-se-apruebe-la-letra-del-himno-de-espana-escrita-por-el-cantautor-victor-lago\/\" \/>\n\t<meta name=\"generator\" content=\"All in One SEO Pro (AIOSEO) 5.0.1\" \/>\n\t\t<meta property=\"og:locale\" content=\"es_ES\" \/>\n\t\t<meta property=\"og:site_name\" content=\"El Digital de Asturias\" \/>\n\t\t<meta property=\"og:type\" content=\"article\" \/>\n\t\t<meta property=\"og:title\" content=\"M\u00e1s de 12.000 firmas piden que se apruebe la letra del himno de Espa\u00f1a escrita por el cantautor V\u00edctor Lago - El Digital de Asturias\" \/>\n\t\t<meta property=\"og:description\" content=\"El pr\u00f3ximo viernes 12 de enero, V\u00edctor Lago volver\u00e1 a personarse, por tercera vez en dos a\u00f1os, en el Congreso de los Diputados, mediante un escrito remitido a la Mesa del Congreso de los Diputados y a la Comisi\u00f3n Constitucional del mismo. Fue en octubre de 2015 cuando el autor present\u00f3 por primera vez al\" \/>\n\t\t<meta property=\"og:url\" content=\"https:\/\/www.eldigitaldeasturias.com\/noticias\/mas-de-12-000-firmas-piden-que-se-apruebe-la-letra-del-himno-de-espana-escrita-por-el-cantautor-victor-lago\/\" \/>\n\t\t<meta property=\"article:tag\" content=\"actualidad\" \/>\n\t\t<meta property=\"article:published_time\" content=\"2018-01-09T15:33:51+00:00\" \/>\n\t\t<meta property=\"article:modified_time\" content=\"2018-01-09T15:33:51+00:00\" \/>\n\t\t<meta property=\"article:publisher\" content=\"https:\/\/facebook.com\/eldigitaldeasturias\" \/>\n\t\t<meta name=\"twitter:card\" content=\"summary_large_image\" \/>\n\t\t<meta name=\"twitter:title\" content=\"M\u00e1s de 12.000 firmas piden que se apruebe la letra del himno de Espa\u00f1a escrita por el cantautor V\u00edctor Lago - El Digital de Asturias\" \/>\n\t\t<meta name=\"twitter:description\" content=\"El pr\u00f3ximo viernes 12 de enero, V\u00edctor Lago volver\u00e1 a personarse, por tercera vez en dos a\u00f1os, en el Congreso de los Diputados, mediante un escrito remitido a la Mesa del Congreso de los Diputados y a la Comisi\u00f3n Constitucional del mismo. Fue en octubre de 2015 cuando el autor present\u00f3 por primera vez al\" \/>\n\t\t<meta name=\"twitter:image\" content=\"https:\/\/www.eldigitaldeasturias.com\/noticias\/wp-content\/uploads\/2020\/12\/EDA-1.jpg\" \/>\n\t\t<meta name=\"twitter:label1\" content=\"Escrito por\" \/>\n\t\t<meta name=\"twitter:data1\" content=\"El Digital de Asturias\" \/>\n\t\t<meta name=\"twitter:label2\" content=\"Tiempo de lectura estimado\" \/>\n\t\t<meta name=\"twitter:data2\" content=\"4 minutos\" \/>\n\t\t<script type=\"application\/ld+json\" class=\"aioseo-schema\">\n\t\t\t{\"@context\":\"https:\\\/\\\/schema.org\",\"@graph\":[{\"@type\":\"BlogPosting\",\"@id\":\"https:\\\/\\\/www.eldigitaldeasturias.com\\\/noticias\\\/mas-de-12-000-firmas-piden-que-se-apruebe-la-letra-del-himno-de-espana-escrita-por-el-cantautor-victor-lago\\\/#blogposting\",\"name\":\"M\\u00e1s de 12.000 firmas piden que se apruebe la letra del himno de Espa\\u00f1a escrita por el cantautor V\\u00edctor Lago - El Digital de Asturias\",\"headline\":\"M\\u00e1s de 12.000 firmas piden que se apruebe la letra del himno de Espa\\u00f1a escrita por el cantautor V\\u00edctor Lago\",\"author\":{\"@id\":\"https:\\\/\\\/www.eldigitaldeasturias.com\\\/noticias\\\/author\\\/admin\\\/#author\"},\"publisher\":{\"@id\":\"https:\\\/\\\/www.eldigitaldeasturias.com\\\/noticias\\\/#organization\"},\"image\":{\"@type\":\"ImageObject\",\"url\":954143},\"datePublished\":\"2018-01-09T15:33:51+01:00\",\"dateModified\":\"2018-01-09T15:33:51+01:00\",\"inLanguage\":\"es-ES\",\"mainEntityOfPage\":{\"@id\":\"https:\\\/\\\/www.eldigitaldeasturias.com\\\/noticias\\\/mas-de-12-000-firmas-piden-que-se-apruebe-la-letra-del-himno-de-espana-escrita-por-el-cantautor-victor-lago\\\/#webpage\"},\"isPartOf\":{\"@id\":\"https:\\\/\\\/www.eldigitaldeasturias.com\\\/noticias\\\/mas-de-12-000-firmas-piden-que-se-apruebe-la-letra-del-himno-de-espana-escrita-por-el-cantautor-victor-lago\\\/#webpage\"},\"articleSection\":\"Actualidad\"},{\"@type\":\"BreadcrumbList\",\"@id\":\"https:\\\/\\\/www.eldigitaldeasturias.com\\\/noticias\\\/mas-de-12-000-firmas-piden-que-se-apruebe-la-letra-del-himno-de-espana-escrita-por-el-cantautor-victor-lago\\\/#breadcrumblist\",\"itemListElement\":[{\"@type\":\"ListItem\",\"@id\":\"https:\\\/\\\/www.eldigitaldeasturias.com\\\/noticias#listItem\",\"position\":1,\"name\":\"Home\",\"item\":\"https:\\\/\\\/www.eldigitaldeasturias.com\\\/noticias\",\"nextItem\":{\"@type\":\"ListItem\",\"@id\":\"https:\\\/\\\/www.eldigitaldeasturias.com\\\/noticias\\\/category\\\/actualidad\\\/#listItem\",\"name\":\"Actualidad\"}},{\"@type\":\"ListItem\",\"@id\":\"https:\\\/\\\/www.eldigitaldeasturias.com\\\/noticias\\\/category\\\/actualidad\\\/#listItem\",\"position\":2,\"name\":\"Actualidad\",\"item\":\"https:\\\/\\\/www.eldigitaldeasturias.com\\\/noticias\\\/category\\\/actualidad\\\/\",\"nextItem\":{\"@type\":\"ListItem\",\"@id\":\"https:\\\/\\\/www.eldigitaldeasturias.com\\\/noticias\\\/mas-de-12-000-firmas-piden-que-se-apruebe-la-letra-del-himno-de-espana-escrita-por-el-cantautor-victor-lago\\\/#listItem\",\"name\":\"M\\u00e1s de 12.000 firmas piden que se apruebe la letra del himno de Espa\\u00f1a escrita por el cantautor V\\u00edctor Lago\"},\"previousItem\":{\"@type\":\"ListItem\",\"@id\":\"https:\\\/\\\/www.eldigitaldeasturias.com\\\/noticias#listItem\",\"name\":\"Home\"}},{\"@type\":\"ListItem\",\"@id\":\"https:\\\/\\\/www.eldigitaldeasturias.com\\\/noticias\\\/mas-de-12-000-firmas-piden-que-se-apruebe-la-letra-del-himno-de-espana-escrita-por-el-cantautor-victor-lago\\\/#listItem\",\"position\":3,\"name\":\"M\\u00e1s de 12.000 firmas piden que se apruebe la letra del himno de Espa\\u00f1a escrita por el cantautor V\\u00edctor Lago\",\"previousItem\":{\"@type\":\"ListItem\",\"@id\":\"https:\\\/\\\/www.eldigitaldeasturias.com\\\/noticias\\\/category\\\/actualidad\\\/#listItem\",\"name\":\"Actualidad\"}}]},{\"@type\":\"Organization\",\"@id\":\"https:\\\/\\\/www.eldigitaldeasturias.com\\\/noticias\\\/#organization\",\"name\":\"El Digital de Asturias\",\"description\":\"Hemeroteca\",\"url\":\"https:\\\/\\\/www.eldigitaldeasturias.com\\\/noticias\\\/\",\"email\":\"info@eldigitaldeasturias.com\",\"telephone\":\"+34652131393\",\"logo\":{\"@type\":\"ImageObject\",\"url\":\"https:\\\/\\\/www.eldigitaldeasturias.com\\\/noticias\\\/wp-content\\\/uploads\\\/2020\\\/12\\\/EDA.jpg\",\"@id\":\"https:\\\/\\\/www.eldigitaldeasturias.com\\\/noticias\\\/mas-de-12-000-firmas-piden-que-se-apruebe-la-letra-del-himno-de-espana-escrita-por-el-cantautor-victor-lago\\\/#organizationLogo\"},\"image\":{\"@id\":\"https:\\\/\\\/www.eldigitaldeasturias.com\\\/noticias\\\/mas-de-12-000-firmas-piden-que-se-apruebe-la-letra-del-himno-de-espana-escrita-por-el-cantautor-victor-lago\\\/#organizationLogo\"},\"sameAs\":[\"https:\\\/\\\/facebook.com\\\/eldigitaldeasturias\",\"https:\\\/\\\/www.youtube.com\\\/channel\\\/UCZP-2wLEB9Rv6erhFmqVnvg\"],\"address\":{\"@id\":\"https:\\\/\\\/www.eldigitaldeasturias.com\\\/noticias\\\/#postaladdress\",\"@type\":\"PostalAddress\",\"streetAddress\":\"san antonio 4\",\"postalCode\":\"33430\",\"addressLocality\":\"Cand\\u00e1s\",\"addressRegion\":\"Asturias\",\"addressCountry\":\"ES\"}},{\"@type\":\"Person\",\"@id\":\"https:\\\/\\\/www.eldigitaldeasturias.com\\\/noticias\\\/author\\\/admin\\\/#author\",\"url\":\"https:\\\/\\\/www.eldigitaldeasturias.com\\\/noticias\\\/author\\\/admin\\\/\",\"name\":\"El Digital de Asturias\",\"image\":{\"@type\":\"ImageObject\",\"@id\":\"https:\\\/\\\/www.eldigitaldeasturias.com\\\/noticias\\\/mas-de-12-000-firmas-piden-que-se-apruebe-la-letra-del-himno-de-espana-escrita-por-el-cantautor-victor-lago\\\/#authorImage\",\"url\":\"https:\\\/\\\/secure.gravatar.com\\\/avatar\\\/df2aeffc32bcd13f8d26072ef8a91b623d677766deac7f97ca815868cd41bf5e?s=96&d=mm&r=g\",\"width\":96,\"height\":96,\"caption\":\"El Digital de Asturias\"}},{\"@type\":\"WebPage\",\"@id\":\"https:\\\/\\\/www.eldigitaldeasturias.com\\\/noticias\\\/mas-de-12-000-firmas-piden-que-se-apruebe-la-letra-del-himno-de-espana-escrita-por-el-cantautor-victor-lago\\\/#webpage\",\"url\":\"https:\\\/\\\/www.eldigitaldeasturias.com\\\/noticias\\\/mas-de-12-000-firmas-piden-que-se-apruebe-la-letra-del-himno-de-espana-escrita-por-el-cantautor-victor-lago\\\/\",\"name\":\"M\\u00e1s de 12.000 firmas piden que se apruebe la letra del himno de Espa\\u00f1a escrita por el cantautor V\\u00edctor Lago - El Digital de Asturias\",\"description\":\"El pr\\u00f3ximo viernes 12 de enero, V\\u00edctor Lago volver\\u00e1 a personarse, por tercera vez en dos a\\u00f1os, en el Congreso de los Diputados, mediante un escrito remitido a la Mesa del Congreso de los Diputados y a la Comisi\\u00f3n Constitucional del mismo. Fue en octubre de 2015 cuando el autor present\\u00f3 por primera vez al\",\"inLanguage\":\"es-ES\",\"isPartOf\":{\"@id\":\"https:\\\/\\\/www.eldigitaldeasturias.com\\\/noticias\\\/#website\"},\"breadcrumb\":{\"@id\":\"https:\\\/\\\/www.eldigitaldeasturias.com\\\/noticias\\\/mas-de-12-000-firmas-piden-que-se-apruebe-la-letra-del-himno-de-espana-escrita-por-el-cantautor-victor-lago\\\/#breadcrumblist\"},\"author\":{\"@id\":\"https:\\\/\\\/www.eldigitaldeasturias.com\\\/noticias\\\/author\\\/admin\\\/#author\"},\"creator\":{\"@id\":\"https:\\\/\\\/www.eldigitaldeasturias.com\\\/noticias\\\/author\\\/admin\\\/#author\"},\"image\":{\"@type\":\"ImageObject\",\"url\":954143,\"@id\":\"https:\\\/\\\/www.eldigitaldeasturias.com\\\/noticias\\\/mas-de-12-000-firmas-piden-que-se-apruebe-la-letra-del-himno-de-espana-escrita-por-el-cantautor-victor-lago\\\/#mainImage\"},\"primaryImageOfPage\":{\"@id\":\"https:\\\/\\\/www.eldigitaldeasturias.com\\\/noticias\\\/mas-de-12-000-firmas-piden-que-se-apruebe-la-letra-del-himno-de-espana-escrita-por-el-cantautor-victor-lago\\\/#mainImage\"},\"datePublished\":\"2018-01-09T15:33:51+01:00\",\"dateModified\":\"2018-01-09T15:33:51+01:00\"},{\"@type\":\"WebSite\",\"@id\":\"https:\\\/\\\/www.eldigitaldeasturias.com\\\/noticias\\\/#website\",\"url\":\"https:\\\/\\\/www.eldigitaldeasturias.com\\\/noticias\\\/\",\"name\":\"El Digital de Asturias - Diario de actualidad y noticias\",\"alternateName\":\"El Digital de Asturias - Diario de actualidad y noticias\",\"description\":\"Hemeroteca\",\"inLanguage\":\"es-ES\",\"publisher\":{\"@id\":\"https:\\\/\\\/www.eldigitaldeasturias.com\\\/noticias\\\/#organization\"}}]}\n\t\t<\/script>\n\t\t<!-- All in One SEO Pro -->\r\n\t\t<title>M\u00e1s de 12.000 firmas piden que se apruebe la letra del himno de Espa\u00f1a escrita por el cantautor V\u00edctor Lago - El Digital de Asturias<\/title>\n\n","aioseo_head_json":{"title":"M\u00e1s de 12.000 firmas piden que se apruebe la letra del himno de Espa\u00f1a escrita por el cantautor V\u00edctor Lago - El Digital de Asturias","description":"El pr\u00f3ximo viernes 12 de enero, V\u00edctor Lago volver\u00e1 a personarse, por tercera vez en dos a\u00f1os, en el Congreso de los Diputados, mediante un escrito remitido a la Mesa del Congreso de los Diputados y a la Comisi\u00f3n Constitucional del mismo. Fue en octubre de 2015 cuando el autor present\u00f3 por primera vez al","canonical_url":"https:\/\/www.eldigitaldeasturias.com\/noticias\/mas-de-12-000-firmas-piden-que-se-apruebe-la-letra-del-himno-de-espana-escrita-por-el-cantautor-victor-lago\/","robots":"max-image-preview:large","keywords":"actualidad","webmasterTools":{"google-site-verification":"UA-38556648-1","msvalidate.01":"7dfe9f3f1b24437ab69f4f2559babe99","miscellaneous":""},"schema":{"@context":"https:\/\/schema.org","@graph":[{"@type":"BlogPosting","@id":"https:\/\/www.eldigitaldeasturias.com\/noticias\/mas-de-12-000-firmas-piden-que-se-apruebe-la-letra-del-himno-de-espana-escrita-por-el-cantautor-victor-lago\/#blogposting","name":"M\u00e1s de 12.000 firmas piden que se apruebe la letra del himno de Espa\u00f1a escrita por el cantautor V\u00edctor Lago - El Digital de Asturias","headline":"M\u00e1s de 12.000 firmas piden que se apruebe la letra del himno de Espa\u00f1a escrita por el cantautor V\u00edctor Lago","author":{"@id":"https:\/\/www.eldigitaldeasturias.com\/noticias\/author\/admin\/#author"},"publisher":{"@id":"https:\/\/www.eldigitaldeasturias.com\/noticias\/#organization"},"image":{"@type":"ImageObject","url":954143},"datePublished":"2018-01-09T15:33:51+01:00","dateModified":"2018-01-09T15:33:51+01:00","inLanguage":"es-ES","mainEntityOfPage":{"@id":"https:\/\/www.eldigitaldeasturias.com\/noticias\/mas-de-12-000-firmas-piden-que-se-apruebe-la-letra-del-himno-de-espana-escrita-por-el-cantautor-victor-lago\/#webpage"},"isPartOf":{"@id":"https:\/\/www.eldigitaldeasturias.com\/noticias\/mas-de-12-000-firmas-piden-que-se-apruebe-la-letra-del-himno-de-espana-escrita-por-el-cantautor-victor-lago\/#webpage"},"articleSection":"Actualidad"},{"@type":"BreadcrumbList","@id":"https:\/\/www.eldigitaldeasturias.com\/noticias\/mas-de-12-000-firmas-piden-que-se-apruebe-la-letra-del-himno-de-espana-escrita-por-el-cantautor-victor-lago\/#breadcrumblist","itemListElement":[{"@type":"ListItem","@id":"https:\/\/www.eldigitaldeasturias.com\/noticias#listItem","position":1,"name":"Home","item":"https:\/\/www.eldigitaldeasturias.com\/noticias","nextItem":{"@type":"ListItem","@id":"https:\/\/www.eldigitaldeasturias.com\/noticias\/category\/actualidad\/#listItem","name":"Actualidad"}},{"@type":"ListItem","@id":"https:\/\/www.eldigitaldeasturias.com\/noticias\/category\/actualidad\/#listItem","position":2,"name":"Actualidad","item":"https:\/\/www.eldigitaldeasturias.com\/noticias\/category\/actualidad\/","nextItem":{"@type":"ListItem","@id":"https:\/\/www.eldigitaldeasturias.com\/noticias\/mas-de-12-000-firmas-piden-que-se-apruebe-la-letra-del-himno-de-espana-escrita-por-el-cantautor-victor-lago\/#listItem","name":"M\u00e1s de 12.000 firmas piden que se apruebe la letra del himno de Espa\u00f1a escrita por el cantautor V\u00edctor Lago"},"previousItem":{"@type":"ListItem","@id":"https:\/\/www.eldigitaldeasturias.com\/noticias#listItem","name":"Home"}},{"@type":"ListItem","@id":"https:\/\/www.eldigitaldeasturias.com\/noticias\/mas-de-12-000-firmas-piden-que-se-apruebe-la-letra-del-himno-de-espana-escrita-por-el-cantautor-victor-lago\/#listItem","position":3,"name":"M\u00e1s de 12.000 firmas piden que se apruebe la letra del himno de Espa\u00f1a escrita por el cantautor V\u00edctor Lago","previousItem":{"@type":"ListItem","@id":"https:\/\/www.eldigitaldeasturias.com\/noticias\/category\/actualidad\/#listItem","name":"Actualidad"}}]},{"@type":"Organization","@id":"https:\/\/www.eldigitaldeasturias.com\/noticias\/#organization","name":"El Digital de Asturias","description":"Hemeroteca","url":"https:\/\/www.eldigitaldeasturias.com\/noticias\/","email":"info@eldigitaldeasturias.com","telephone":"+34652131393","logo":{"@type":"ImageObject","url":"https:\/\/www.eldigitaldeasturias.com\/noticias\/wp-content\/uploads\/2020\/12\/EDA.jpg","@id":"https:\/\/www.eldigitaldeasturias.com\/noticias\/mas-de-12-000-firmas-piden-que-se-apruebe-la-letra-del-himno-de-espana-escrita-por-el-cantautor-victor-lago\/#organizationLogo"},"image":{"@id":"https:\/\/www.eldigitaldeasturias.com\/noticias\/mas-de-12-000-firmas-piden-que-se-apruebe-la-letra-del-himno-de-espana-escrita-por-el-cantautor-victor-lago\/#organizationLogo"},"sameAs":["https:\/\/facebook.com\/eldigitaldeasturias","https:\/\/www.youtube.com\/channel\/UCZP-2wLEB9Rv6erhFmqVnvg"],"address":{"@id":"https:\/\/www.eldigitaldeasturias.com\/noticias\/#postaladdress","@type":"PostalAddress","streetAddress":"san antonio 4","postalCode":"33430","addressLocality":"Cand\u00e1s","addressRegion":"Asturias","addressCountry":"ES"}},{"@type":"Person","@id":"https:\/\/www.eldigitaldeasturias.com\/noticias\/author\/admin\/#author","url":"https:\/\/www.eldigitaldeasturias.com\/noticias\/author\/admin\/","name":"El Digital de Asturias","image":{"@type":"ImageObject","@id":"https:\/\/www.eldigitaldeasturias.com\/noticias\/mas-de-12-000-firmas-piden-que-se-apruebe-la-letra-del-himno-de-espana-escrita-por-el-cantautor-victor-lago\/#authorImage","url":"https:\/\/secure.gravatar.com\/avatar\/df2aeffc32bcd13f8d26072ef8a91b623d677766deac7f97ca815868cd41bf5e?s=96&d=mm&r=g","width":96,"height":96,"caption":"El Digital de Asturias"}},{"@type":"WebPage","@id":"https:\/\/www.eldigitaldeasturias.com\/noticias\/mas-de-12-000-firmas-piden-que-se-apruebe-la-letra-del-himno-de-espana-escrita-por-el-cantautor-victor-lago\/#webpage","url":"https:\/\/www.eldigitaldeasturias.com\/noticias\/mas-de-12-000-firmas-piden-que-se-apruebe-la-letra-del-himno-de-espana-escrita-por-el-cantautor-victor-lago\/","name":"M\u00e1s de 12.000 firmas piden que se apruebe la letra del himno de Espa\u00f1a escrita por el cantautor V\u00edctor Lago - El Digital de Asturias","description":"El pr\u00f3ximo viernes 12 de enero, V\u00edctor Lago volver\u00e1 a personarse, por tercera vez en dos a\u00f1os, en el Congreso de los Diputados, mediante un escrito remitido a la Mesa del Congreso de los Diputados y a la Comisi\u00f3n Constitucional del mismo. Fue en octubre de 2015 cuando el autor present\u00f3 por primera vez al","inLanguage":"es-ES","isPartOf":{"@id":"https:\/\/www.eldigitaldeasturias.com\/noticias\/#website"},"breadcrumb":{"@id":"https:\/\/www.eldigitaldeasturias.com\/noticias\/mas-de-12-000-firmas-piden-que-se-apruebe-la-letra-del-himno-de-espana-escrita-por-el-cantautor-victor-lago\/#breadcrumblist"},"author":{"@id":"https:\/\/www.eldigitaldeasturias.com\/noticias\/author\/admin\/#author"},"creator":{"@id":"https:\/\/www.eldigitaldeasturias.com\/noticias\/author\/admin\/#author"},"image":{"@type":"ImageObject","url":954143,"@id":"https:\/\/www.eldigitaldeasturias.com\/noticias\/mas-de-12-000-firmas-piden-que-se-apruebe-la-letra-del-himno-de-espana-escrita-por-el-cantautor-victor-lago\/#mainImage"},"primaryImageOfPage":{"@id":"https:\/\/www.eldigitaldeasturias.com\/noticias\/mas-de-12-000-firmas-piden-que-se-apruebe-la-letra-del-himno-de-espana-escrita-por-el-cantautor-victor-lago\/#mainImage"},"datePublished":"2018-01-09T15:33:51+01:00","dateModified":"2018-01-09T15:33:51+01:00"},{"@type":"WebSite","@id":"https:\/\/www.eldigitaldeasturias.com\/noticias\/#website","url":"https:\/\/www.eldigitaldeasturias.com\/noticias\/","name":"El Digital de Asturias - Diario de actualidad y noticias","alternateName":"El Digital de Asturias - Diario de actualidad y noticias","description":"Hemeroteca","inLanguage":"es-ES","publisher":{"@id":"https:\/\/www.eldigitaldeasturias.com\/noticias\/#organization"}}]},"og:locale":"es_ES","og:site_name":"El Digital de Asturias","og:type":"article","og:title":"M\u00e1s de 12.000 firmas piden que se apruebe la letra del himno de Espa\u00f1a escrita por el cantautor V\u00edctor Lago - El Digital de Asturias","og:description":"El pr\u00f3ximo viernes 12 de enero, V\u00edctor Lago volver\u00e1 a personarse, por tercera vez en dos a\u00f1os, en el Congreso de los Diputados, mediante un escrito remitido a la Mesa del Congreso de los Diputados y a la Comisi\u00f3n Constitucional del mismo. Fue en octubre de 2015 cuando el autor present\u00f3 por primera vez al","og:url":"https:\/\/www.eldigitaldeasturias.com\/noticias\/mas-de-12-000-firmas-piden-que-se-apruebe-la-letra-del-himno-de-espana-escrita-por-el-cantautor-victor-lago\/","article:tag":["actualidad"],"article:published_time":"2018-01-09T15:33:51+00:00","article:modified_time":"2018-01-09T15:33:51+00:00","article:publisher":"https:\/\/facebook.com\/eldigitaldeasturias","twitter:card":"summary_large_image","twitter:title":"M\u00e1s de 12.000 firmas piden que se apruebe la letra del himno de Espa\u00f1a escrita por el cantautor V\u00edctor Lago - El Digital de Asturias","twitter:description":"El pr\u00f3ximo viernes 12 de enero, V\u00edctor Lago volver\u00e1 a personarse, por tercera vez en dos a\u00f1os, en el Congreso de los Diputados, mediante un escrito remitido a la Mesa del Congreso de los Diputados y a la Comisi\u00f3n Constitucional del mismo. Fue en octubre de 2015 cuando el autor present\u00f3 por primera vez al","twitter:image":"https:\/\/www.eldigitaldeasturias.com\/noticias\/wp-content\/uploads\/2020\/12\/EDA-1.jpg","twitter:label1":"Escrito por","twitter:data1":"El Digital de Asturias","twitter:label2":"Tiempo de lectura estimado","twitter:data2":"4 minutos"},"aioseo_meta_data":{"post_id":"965742","title":null,"description":null,"keywords":null,"keyphrases":null,"primary_term":null,"canonical_url":null,"og_title":null,"og_description":null,"og_object_type":"default","og_image_type":"default","og_image_url":null,"og_image_width":null,"og_image_height":null,"og_image_custom_url":null,"og_image_custom_fields":null,"og_video":null,"og_custom_url":null,"og_article_section":null,"og_article_tags":null,"twitter_use_og":false,"twitter_card":"default","twitter_image_type":"default","twitter_image_url":null,"twitter_image_custom_url":null,"twitter_image_custom_fields":null,"twitter_title":null,"twitter_description":null,"schema":{"blockGraphs":[],"customGraphs":[],"default":{"data":{"Article":[],"Course":[],"Dataset":[],"FAQPage":[],"Movie":[],"Person":[],"Product":[],"ProductReview":[],"Car":[],"Recipe":[],"Service":[],"SoftwareApplication":[],"WebPage":[]},"graphName":"","isEnabled":true},"graphs":[],"defaultGraph":"","defaultPostTypeGraph":""},"schema_type":null,"schema_type_options":null,"pillar_content":false,"robots_default":true,"robots_noindex":false,"robots_noarchive":false,"robots_nosnippet":false,"robots_nofollow":false,"robots_noimageindex":false,"robots_noodp":false,"robots_notranslate":false,"robots_max_snippet":null,"robots_max_videopreview":null,"robots_max_imagepreview":"large","priority":null,"frequency":null,"local_seo":null,"seo_analyzer_scan_date":"2025-10-06 13:11:02","breadcrumb_settings":null,"limit_modified_date":false,"open_ai":null,"ai":null,"created":"2020-12-21 12:37:37","updated":"2025-10-06 13:11:02","focus_keyword":null,"additional_keywords":null,"truseo_locale":null},"aioseo_breadcrumb":"<div class=\"aioseo-breadcrumbs\"><span class=\"aioseo-breadcrumb\">\n\t<a href=\"https:\/\/www.eldigitaldeasturias.com\/noticias\" title=\"Home\">Home<\/a>\n<\/span><span class=\"aioseo-breadcrumb-separator\">\u2013<\/span><span class=\"aioseo-breadcrumb\">\n\t<a href=\"https:\/\/www.eldigitaldeasturias.com\/noticias\/category\/actualidad\/\" title=\"Actualidad\">Actualidad<\/a>\n<\/span><span class=\"aioseo-breadcrumb-separator\">\u2013<\/span><span class=\"aioseo-breadcrumb\">\n\t<a href=\"https:\/\/www.eldigitaldeasturias.com\/noticias\/mas-de-12-000-firmas-piden-que-se-apruebe-la-letra-del-himno-de-espana-escrita-por-el-cantautor-victor-lago\/\" title=\"M\u00e1s de 12.000 firmas piden que se apruebe la letra del himno de Espa\u00f1a escrita por el cantautor V\u00edctor Lago\">M\u00e1s de 12.000 firmas piden que se apruebe la letra del himno de Espa\u00f1a escrita por el cantautor V\u00edctor Lago<\/a>\n<\/span><\/div>","aioseo_breadcrumb_json":[{"label":"Home","link":"https:\/\/www.eldigitaldeasturias.com\/noticias"},{"label":"Actualidad","link":"https:\/\/www.eldigitaldeasturias.com\/noticias\/category\/actualidad\/"},{"label":"M\u00e1s de 12.000 firmas piden que se apruebe la letra del himno de Espa\u00f1a escrita por el cantautor V\u00edctor Lago","link":"https:\/\/www.eldigitaldeasturias.com\/noticias\/mas-de-12-000-firmas-piden-que-se-apruebe-la-letra-del-himno-de-espana-escrita-por-el-cantautor-victor-lago\/"}],"_links":{"self":[{"href":"https:\/\/www.eldigitaldeasturias.com\/noticias\/wp-json\/wp\/v2\/posts\/965742","targetHints":{"allow":["GET"]}}],"collection":[{"href":"https:\/\/www.eldigitaldeasturias.com\/noticias\/wp-json\/wp\/v2\/posts"}],"about":[{"href":"https:\/\/www.eldigitaldeasturias.com\/noticias\/wp-json\/wp\/v2\/types\/post"}],"author":[{"embeddable":true,"href":"https:\/\/www.eldigitaldeasturias.com\/noticias\/wp-json\/wp\/v2\/users\/1"}],"replies":[{"embeddable":true,"href":"https:\/\/www.eldigitaldeasturias.com\/noticias\/wp-json\/wp\/v2\/comments?post=965742"}],"version-history":[{"count":0,"href":"https:\/\/www.eldigitaldeasturias.com\/noticias\/wp-json\/wp\/v2\/posts\/965742\/revisions"}],"wp:attachment":[{"href":"https:\/\/www.eldigitaldeasturias.com\/noticias\/wp-json\/wp\/v2\/media?parent=965742"}],"wp:term":[{"taxonomy":"category","embeddable":true,"href":"https:\/\/www.eldigitaldeasturias.com\/noticias\/wp-json\/wp\/v2\/categories?post=965742"},{"taxonomy":"post_tag","embeddable":true,"href":"https:\/\/www.eldigitaldeasturias.com\/noticias\/wp-json\/wp\/v2\/tags?post=965742"}],"curies":[{"name":"wp","href":"https:\/\/api.w.org\/{rel}","templated":true}]}}