{"id":965730,"date":"2018-01-09T14:44:31","date_gmt":"2018-01-09T14:44:31","guid":{"rendered":"http:\/\/www.eldigitaldeasturias.com\/noticias\/?p=965730"},"modified":"2018-01-09T14:44:31","modified_gmt":"2018-01-09T14:44:31","slug":"susana-diaz-pide-que-se-convoque-la-conferencia-de-presidentes","status":"publish","type":"post","link":"https:\/\/www.eldigitaldeasturias.com\/noticias\/susana-diaz-pide-que-se-convoque-la-conferencia-de-presidentes\/","title":{"rendered":"Susana D\u00edaz pide que se convoque la Conferencia de Presidentes"},"content":{"rendered":"<p><img loading=\"lazy\" decoding=\"async\" class=\"alignleft size-medium wp-image-952192\" src=\"https:\/\/www.eldigitaldeasturias.com\/noticias\/wp-content\/uploads\/2017\/09\/Susana-360x221.jpg\" alt=\"\" width=\"360\" height=\"221\" \/>La presidenta de la Junta, Susana D\u00edaz, reclama al presidente del Gobierno que convoque la Conferencia de Presidentes auton\u00f3micos \u00aba la mayor brevedad\u00bb, y que se ponga encima de la mesa, tanto en el Consejo de Pol\u00edtica Fiscal y Financiera como en las Cortes, el nuevo modelo de financiaci\u00f3n \u00abque garantice la educaci\u00f3n, la sanidad, la dependencia y todos los servicios p\u00fablicos en igualdad de condiciones se viva donde se viva\u00bb. D\u00edaz ha incidido en que el Gobierno debe actuar con \u00abseriedad y rigor\u00bb y que se comprometa porque se cumple un a\u00f1o desde la \u00faltima Conferencia de Presidentes, el 17 de enero. \u00abLamento que al final el tiempo me est\u00e1 dando la raz\u00f3n: que el Gobierno no ten\u00eda ninguna intenci\u00f3n de aprobar el modelo de financiaci\u00f3n\u00bb, apostill\u00f3.<\/p>\n<p>Susana D\u00edaz ha puesto de manifiesto el incumplimiento del Gobierno, quien se comprometi\u00f3 a dise\u00f1ar un modelo de financiaci\u00f3n en 2017, modelo que ahora vincula a que haya gobierno en Catalu\u00f1a. En este sentido, la presidenta ha vuelto a insistir en la urgencia de la financiaci\u00f3n porque \u00abestamos hablando de abrir hospitales, centros de salud, contratar a profesionales sanitarios, a docentes, de garantizar la educaci\u00f3n p\u00fablica o atender a nuestros dependientes. Y eso no puede esperar\u00bb.<\/p>\n<p>A preguntas de los periodistas en Albaida del Aljarafe (Sevilla), D\u00edaz ha exigido al Gobierno \u00abponerse a trabajar, no buscar m\u00e1s excusas, ni hacer m\u00e1s tacticismo\u00bb. No solo lo establece la ley, sino que \u00abes un compromiso que adoptaron y firmaron con todos los presidentes que asistimos a la Conferencia de Presidentes el 17 de enero del a\u00f1o pasado\u00bb.<\/p>\n<p>Asimismo, Susana D\u00edaz ha animado al Gobierno a aprobar el Presupuesto General del Estado, como hemos hecho en Andaluc\u00eda, y \u00abdejar de chantajearnos\u00bb. \u00ab\u00c9sa es la obligaci\u00f3n de un Gobierno que act\u00faa con rigor y con seriedad\u00bb, indic\u00f3.<\/p>\n<p>Jornada laboral empleados p\u00fablicos<\/p>\n<p>Por otra parte, la presidenta se ha pronunciado sobre el cumplimiento de la sentencia del Tribunal Constitucional sobre la jornada laboral para los empleados p\u00fablicos de Andaluc\u00eda que anula el decreto de 35 horas semanales, y ha establecido una jornada de 37,5 horas. \u00abAcatar y cumplir la sentencia se puede hacer en el \u00e1mbito de nuestra autonom\u00eda para organizar los servicios p\u00fablicos mejorando plantillas, ampliando el n\u00famero de profesionales, de docentes y sanitarios, y mejorando los servicios p\u00fablicos tal y como esperan los ciudadanos\u00bb, apunt\u00f3.<\/p>\n<p>D\u00edaz se\u00f1al\u00f3 que el presidente Mariano Rajoy debe gestionar despu\u00e9s de la crisis \u00abrecuperando derechos y ampli\u00e1ndolos\u00bb, por lo que \u00abconf\u00edo, espero y deseo que no siga boicoteando al Gobierno de Andaluc\u00eda en la recuperaci\u00f3n y ampliaci\u00f3n de esos derechos\u00bb de los empleados p\u00fablicos. La presidenta ha recordado que \u00abiniciamos un ciclo econ\u00f3mico distinto y estamos creciendo. Los ciudadanos no entender\u00edan que no mejoren las cosas\u00bb, concluy\u00f3.<\/p>\n","protected":false},"excerpt":{"rendered":"<p>La presidenta de la Junta, Susana D\u00edaz, reclama al presidente del Gobierno que convoque la Conferencia de Presidentes auton\u00f3micos \u00aba la mayor brevedad\u00bb, y que se ponga encima de la mesa, tanto en el Consejo de Pol\u00edtica Fiscal y Financiera como en las Cortes, el nuevo modelo de financiaci\u00f3n \u00abque garantice la educaci\u00f3n, la sanidad, [&hellip;]<\/p>\n","protected":false},"author":1,"featured_media":952192,"comment_status":"closed","ping_status":"closed","sticky":false,"template":"","format":"standard","meta":{"footnotes":""},"categories":[1],"tags":[],"class_list":["post-965730","post","type-post","status-publish","format-standard","has-post-thumbnail","hentry","category-actualidad"],"aioseo_notices":[],"aioseo_head":"\n\t\t<!-- All in One SEO Pro 5.0.1 - aioseo.com -->\n\t<meta name=\"description\" content=\"La presidenta de la Junta, Susana D\u00edaz, reclama al presidente del Gobierno que convoque la Conferencia de Presidentes auton\u00f3micos &quot;a la mayor brevedad&quot;, y que se ponga encima de la mesa, tanto en el Consejo de Pol\u00edtica Fiscal y Financiera como en las Cortes, el nuevo modelo de financiaci\u00f3n &quot;que garantice la educaci\u00f3n, la sanidad,\" \/>\n\t<meta name=\"robots\" content=\"max-image-preview:large\" \/>\n\t<meta name=\"author\" content=\"El Digital de Asturias\"\/>\n\t<meta name=\"google-site-verification\" content=\"UA-38556648-1\" \/>\n\t<meta name=\"msvalidate.01\" content=\"7dfe9f3f1b24437ab69f4f2559babe99\" \/>\n\t<meta name=\"keywords\" content=\"actualidad\" \/>\n\t<link rel=\"canonical\" href=\"https:\/\/www.eldigitaldeasturias.com\/noticias\/susana-diaz-pide-que-se-convoque-la-conferencia-de-presidentes\/\" \/>\n\t<meta name=\"generator\" content=\"All in One SEO Pro (AIOSEO) 5.0.1\" \/>\n\t\t<meta property=\"og:locale\" content=\"es_ES\" \/>\n\t\t<meta property=\"og:site_name\" content=\"El Digital de Asturias\" \/>\n\t\t<meta property=\"og:type\" content=\"article\" \/>\n\t\t<meta property=\"og:title\" content=\"Susana D\u00edaz pide que se convoque la Conferencia de Presidentes - El Digital de Asturias\" \/>\n\t\t<meta property=\"og:description\" content=\"La presidenta de la Junta, Susana D\u00edaz, reclama al presidente del Gobierno que convoque la Conferencia de Presidentes auton\u00f3micos &quot;a la mayor brevedad&quot;, y que se ponga encima de la mesa, tanto en el Consejo de Pol\u00edtica Fiscal y Financiera como en las Cortes, el nuevo modelo de financiaci\u00f3n &quot;que garantice la educaci\u00f3n, la sanidad,\" \/>\n\t\t<meta property=\"og:url\" content=\"https:\/\/www.eldigitaldeasturias.com\/noticias\/susana-diaz-pide-que-se-convoque-la-conferencia-de-presidentes\/\" \/>\n\t\t<meta property=\"article:tag\" content=\"actualidad\" \/>\n\t\t<meta property=\"article:published_time\" content=\"2018-01-09T14:44:31+00:00\" \/>\n\t\t<meta property=\"article:modified_time\" content=\"2018-01-09T14:44:31+00:00\" \/>\n\t\t<meta property=\"article:publisher\" content=\"https:\/\/facebook.com\/eldigitaldeasturias\" \/>\n\t\t<meta name=\"twitter:card\" content=\"summary_large_image\" \/>\n\t\t<meta name=\"twitter:title\" content=\"Susana D\u00edaz pide que se convoque la Conferencia de Presidentes - El Digital de Asturias\" \/>\n\t\t<meta name=\"twitter:description\" content=\"La presidenta de la Junta, Susana D\u00edaz, reclama al presidente del Gobierno que convoque la Conferencia de Presidentes auton\u00f3micos &quot;a la mayor brevedad&quot;, y que se ponga encima de la mesa, tanto en el Consejo de Pol\u00edtica Fiscal y Financiera como en las Cortes, el nuevo modelo de financiaci\u00f3n &quot;que garantice la educaci\u00f3n, la sanidad,\" \/>\n\t\t<meta name=\"twitter:image\" content=\"https:\/\/www.eldigitaldeasturias.com\/noticias\/wp-content\/uploads\/2020\/12\/EDA-1.jpg\" \/>\n\t\t<meta name=\"twitter:label1\" content=\"Escrito por\" \/>\n\t\t<meta name=\"twitter:data1\" content=\"El Digital de Asturias\" \/>\n\t\t<meta name=\"twitter:label2\" content=\"Tiempo de lectura estimado\" \/>\n\t\t<meta name=\"twitter:data2\" content=\"2 minutos\" \/>\n\t\t<script type=\"application\/ld+json\" class=\"aioseo-schema\">\n\t\t\t{\"@context\":\"https:\\\/\\\/schema.org\",\"@graph\":[{\"@type\":\"BlogPosting\",\"@id\":\"https:\\\/\\\/www.eldigitaldeasturias.com\\\/noticias\\\/susana-diaz-pide-que-se-convoque-la-conferencia-de-presidentes\\\/#blogposting\",\"name\":\"Susana D\\u00edaz pide que se convoque la Conferencia de Presidentes - El Digital de Asturias\",\"headline\":\"Susana D\\u00edaz pide que se convoque la Conferencia de Presidentes\",\"author\":{\"@id\":\"https:\\\/\\\/www.eldigitaldeasturias.com\\\/noticias\\\/author\\\/admin\\\/#author\"},\"publisher\":{\"@id\":\"https:\\\/\\\/www.eldigitaldeasturias.com\\\/noticias\\\/#organization\"},\"image\":{\"@type\":\"ImageObject\",\"url\":952192},\"datePublished\":\"2018-01-09T14:44:31+01:00\",\"dateModified\":\"2018-01-09T14:44:31+01:00\",\"inLanguage\":\"es-ES\",\"mainEntityOfPage\":{\"@id\":\"https:\\\/\\\/www.eldigitaldeasturias.com\\\/noticias\\\/susana-diaz-pide-que-se-convoque-la-conferencia-de-presidentes\\\/#webpage\"},\"isPartOf\":{\"@id\":\"https:\\\/\\\/www.eldigitaldeasturias.com\\\/noticias\\\/susana-diaz-pide-que-se-convoque-la-conferencia-de-presidentes\\\/#webpage\"},\"articleSection\":\"Actualidad\"},{\"@type\":\"BreadcrumbList\",\"@id\":\"https:\\\/\\\/www.eldigitaldeasturias.com\\\/noticias\\\/susana-diaz-pide-que-se-convoque-la-conferencia-de-presidentes\\\/#breadcrumblist\",\"itemListElement\":[{\"@type\":\"ListItem\",\"@id\":\"https:\\\/\\\/www.eldigitaldeasturias.com\\\/noticias#listItem\",\"position\":1,\"name\":\"Home\",\"item\":\"https:\\\/\\\/www.eldigitaldeasturias.com\\\/noticias\",\"nextItem\":{\"@type\":\"ListItem\",\"@id\":\"https:\\\/\\\/www.eldigitaldeasturias.com\\\/noticias\\\/category\\\/actualidad\\\/#listItem\",\"name\":\"Actualidad\"}},{\"@type\":\"ListItem\",\"@id\":\"https:\\\/\\\/www.eldigitaldeasturias.com\\\/noticias\\\/category\\\/actualidad\\\/#listItem\",\"position\":2,\"name\":\"Actualidad\",\"item\":\"https:\\\/\\\/www.eldigitaldeasturias.com\\\/noticias\\\/category\\\/actualidad\\\/\",\"nextItem\":{\"@type\":\"ListItem\",\"@id\":\"https:\\\/\\\/www.eldigitaldeasturias.com\\\/noticias\\\/susana-diaz-pide-que-se-convoque-la-conferencia-de-presidentes\\\/#listItem\",\"name\":\"Susana D\\u00edaz pide que se convoque la Conferencia de Presidentes\"},\"previousItem\":{\"@type\":\"ListItem\",\"@id\":\"https:\\\/\\\/www.eldigitaldeasturias.com\\\/noticias#listItem\",\"name\":\"Home\"}},{\"@type\":\"ListItem\",\"@id\":\"https:\\\/\\\/www.eldigitaldeasturias.com\\\/noticias\\\/susana-diaz-pide-que-se-convoque-la-conferencia-de-presidentes\\\/#listItem\",\"position\":3,\"name\":\"Susana D\\u00edaz pide que se convoque la Conferencia de Presidentes\",\"previousItem\":{\"@type\":\"ListItem\",\"@id\":\"https:\\\/\\\/www.eldigitaldeasturias.com\\\/noticias\\\/category\\\/actualidad\\\/#listItem\",\"name\":\"Actualidad\"}}]},{\"@type\":\"Organization\",\"@id\":\"https:\\\/\\\/www.eldigitaldeasturias.com\\\/noticias\\\/#organization\",\"name\":\"El Digital de Asturias\",\"description\":\"Hemeroteca\",\"url\":\"https:\\\/\\\/www.eldigitaldeasturias.com\\\/noticias\\\/\",\"email\":\"info@eldigitaldeasturias.com\",\"telephone\":\"+34652131393\",\"logo\":{\"@type\":\"ImageObject\",\"url\":\"https:\\\/\\\/www.eldigitaldeasturias.com\\\/noticias\\\/wp-content\\\/uploads\\\/2020\\\/12\\\/EDA.jpg\",\"@id\":\"https:\\\/\\\/www.eldigitaldeasturias.com\\\/noticias\\\/susana-diaz-pide-que-se-convoque-la-conferencia-de-presidentes\\\/#organizationLogo\"},\"image\":{\"@id\":\"https:\\\/\\\/www.eldigitaldeasturias.com\\\/noticias\\\/susana-diaz-pide-que-se-convoque-la-conferencia-de-presidentes\\\/#organizationLogo\"},\"sameAs\":[\"https:\\\/\\\/facebook.com\\\/eldigitaldeasturias\",\"https:\\\/\\\/www.youtube.com\\\/channel\\\/UCZP-2wLEB9Rv6erhFmqVnvg\"],\"address\":{\"@id\":\"https:\\\/\\\/www.eldigitaldeasturias.com\\\/noticias\\\/#postaladdress\",\"@type\":\"PostalAddress\",\"streetAddress\":\"san antonio 4\",\"postalCode\":\"33430\",\"addressLocality\":\"Cand\\u00e1s\",\"addressRegion\":\"Asturias\",\"addressCountry\":\"ES\"}},{\"@type\":\"Person\",\"@id\":\"https:\\\/\\\/www.eldigitaldeasturias.com\\\/noticias\\\/author\\\/admin\\\/#author\",\"url\":\"https:\\\/\\\/www.eldigitaldeasturias.com\\\/noticias\\\/author\\\/admin\\\/\",\"name\":\"El Digital de Asturias\",\"image\":{\"@type\":\"ImageObject\",\"@id\":\"https:\\\/\\\/www.eldigitaldeasturias.com\\\/noticias\\\/susana-diaz-pide-que-se-convoque-la-conferencia-de-presidentes\\\/#authorImage\",\"url\":\"https:\\\/\\\/secure.gravatar.com\\\/avatar\\\/df2aeffc32bcd13f8d26072ef8a91b623d677766deac7f97ca815868cd41bf5e?s=96&d=mm&r=g\",\"width\":96,\"height\":96,\"caption\":\"El Digital de Asturias\"}},{\"@type\":\"WebPage\",\"@id\":\"https:\\\/\\\/www.eldigitaldeasturias.com\\\/noticias\\\/susana-diaz-pide-que-se-convoque-la-conferencia-de-presidentes\\\/#webpage\",\"url\":\"https:\\\/\\\/www.eldigitaldeasturias.com\\\/noticias\\\/susana-diaz-pide-que-se-convoque-la-conferencia-de-presidentes\\\/\",\"name\":\"Susana D\\u00edaz pide que se convoque la Conferencia de Presidentes - El Digital de Asturias\",\"description\":\"La presidenta de la Junta, Susana D\\u00edaz, reclama al presidente del Gobierno que convoque la Conferencia de Presidentes auton\\u00f3micos \\\"a la mayor brevedad\\\", y que se ponga encima de la mesa, tanto en el Consejo de Pol\\u00edtica Fiscal y Financiera como en las Cortes, el nuevo modelo de financiaci\\u00f3n \\\"que garantice la educaci\\u00f3n, la sanidad,\",\"inLanguage\":\"es-ES\",\"isPartOf\":{\"@id\":\"https:\\\/\\\/www.eldigitaldeasturias.com\\\/noticias\\\/#website\"},\"breadcrumb\":{\"@id\":\"https:\\\/\\\/www.eldigitaldeasturias.com\\\/noticias\\\/susana-diaz-pide-que-se-convoque-la-conferencia-de-presidentes\\\/#breadcrumblist\"},\"author\":{\"@id\":\"https:\\\/\\\/www.eldigitaldeasturias.com\\\/noticias\\\/author\\\/admin\\\/#author\"},\"creator\":{\"@id\":\"https:\\\/\\\/www.eldigitaldeasturias.com\\\/noticias\\\/author\\\/admin\\\/#author\"},\"image\":{\"@type\":\"ImageObject\",\"url\":952192,\"@id\":\"https:\\\/\\\/www.eldigitaldeasturias.com\\\/noticias\\\/susana-diaz-pide-que-se-convoque-la-conferencia-de-presidentes\\\/#mainImage\"},\"primaryImageOfPage\":{\"@id\":\"https:\\\/\\\/www.eldigitaldeasturias.com\\\/noticias\\\/susana-diaz-pide-que-se-convoque-la-conferencia-de-presidentes\\\/#mainImage\"},\"datePublished\":\"2018-01-09T14:44:31+01:00\",\"dateModified\":\"2018-01-09T14:44:31+01:00\"},{\"@type\":\"WebSite\",\"@id\":\"https:\\\/\\\/www.eldigitaldeasturias.com\\\/noticias\\\/#website\",\"url\":\"https:\\\/\\\/www.eldigitaldeasturias.com\\\/noticias\\\/\",\"name\":\"El Digital de Asturias - Diario de actualidad y noticias\",\"alternateName\":\"El Digital de Asturias - Diario de actualidad y noticias\",\"description\":\"Hemeroteca\",\"inLanguage\":\"es-ES\",\"publisher\":{\"@id\":\"https:\\\/\\\/www.eldigitaldeasturias.com\\\/noticias\\\/#organization\"}}]}\n\t\t<\/script>\n\t\t<!-- All in One SEO Pro -->\r\n\t\t<title>Susana D\u00edaz pide que se convoque la Conferencia de Presidentes - El Digital de Asturias<\/title>\n\n","aioseo_head_json":{"title":"Susana D\u00edaz pide que se convoque la Conferencia de Presidentes - El Digital de Asturias","description":"La presidenta de la Junta, Susana D\u00edaz, reclama al presidente del Gobierno que convoque la Conferencia de Presidentes auton\u00f3micos \"a la mayor brevedad\", y que se ponga encima de la mesa, tanto en el Consejo de Pol\u00edtica Fiscal y Financiera como en las Cortes, el nuevo modelo de financiaci\u00f3n \"que garantice la educaci\u00f3n, la sanidad,","canonical_url":"https:\/\/www.eldigitaldeasturias.com\/noticias\/susana-diaz-pide-que-se-convoque-la-conferencia-de-presidentes\/","robots":"max-image-preview:large","keywords":"actualidad","webmasterTools":{"google-site-verification":"UA-38556648-1","msvalidate.01":"7dfe9f3f1b24437ab69f4f2559babe99","miscellaneous":""},"schema":{"@context":"https:\/\/schema.org","@graph":[{"@type":"BlogPosting","@id":"https:\/\/www.eldigitaldeasturias.com\/noticias\/susana-diaz-pide-que-se-convoque-la-conferencia-de-presidentes\/#blogposting","name":"Susana D\u00edaz pide que se convoque la Conferencia de Presidentes - El Digital de Asturias","headline":"Susana D\u00edaz pide que se convoque la Conferencia de Presidentes","author":{"@id":"https:\/\/www.eldigitaldeasturias.com\/noticias\/author\/admin\/#author"},"publisher":{"@id":"https:\/\/www.eldigitaldeasturias.com\/noticias\/#organization"},"image":{"@type":"ImageObject","url":952192},"datePublished":"2018-01-09T14:44:31+01:00","dateModified":"2018-01-09T14:44:31+01:00","inLanguage":"es-ES","mainEntityOfPage":{"@id":"https:\/\/www.eldigitaldeasturias.com\/noticias\/susana-diaz-pide-que-se-convoque-la-conferencia-de-presidentes\/#webpage"},"isPartOf":{"@id":"https:\/\/www.eldigitaldeasturias.com\/noticias\/susana-diaz-pide-que-se-convoque-la-conferencia-de-presidentes\/#webpage"},"articleSection":"Actualidad"},{"@type":"BreadcrumbList","@id":"https:\/\/www.eldigitaldeasturias.com\/noticias\/susana-diaz-pide-que-se-convoque-la-conferencia-de-presidentes\/#breadcrumblist","itemListElement":[{"@type":"ListItem","@id":"https:\/\/www.eldigitaldeasturias.com\/noticias#listItem","position":1,"name":"Home","item":"https:\/\/www.eldigitaldeasturias.com\/noticias","nextItem":{"@type":"ListItem","@id":"https:\/\/www.eldigitaldeasturias.com\/noticias\/category\/actualidad\/#listItem","name":"Actualidad"}},{"@type":"ListItem","@id":"https:\/\/www.eldigitaldeasturias.com\/noticias\/category\/actualidad\/#listItem","position":2,"name":"Actualidad","item":"https:\/\/www.eldigitaldeasturias.com\/noticias\/category\/actualidad\/","nextItem":{"@type":"ListItem","@id":"https:\/\/www.eldigitaldeasturias.com\/noticias\/susana-diaz-pide-que-se-convoque-la-conferencia-de-presidentes\/#listItem","name":"Susana D\u00edaz pide que se convoque la Conferencia de Presidentes"},"previousItem":{"@type":"ListItem","@id":"https:\/\/www.eldigitaldeasturias.com\/noticias#listItem","name":"Home"}},{"@type":"ListItem","@id":"https:\/\/www.eldigitaldeasturias.com\/noticias\/susana-diaz-pide-que-se-convoque-la-conferencia-de-presidentes\/#listItem","position":3,"name":"Susana D\u00edaz pide que se convoque la Conferencia de Presidentes","previousItem":{"@type":"ListItem","@id":"https:\/\/www.eldigitaldeasturias.com\/noticias\/category\/actualidad\/#listItem","name":"Actualidad"}}]},{"@type":"Organization","@id":"https:\/\/www.eldigitaldeasturias.com\/noticias\/#organization","name":"El Digital de Asturias","description":"Hemeroteca","url":"https:\/\/www.eldigitaldeasturias.com\/noticias\/","email":"info@eldigitaldeasturias.com","telephone":"+34652131393","logo":{"@type":"ImageObject","url":"https:\/\/www.eldigitaldeasturias.com\/noticias\/wp-content\/uploads\/2020\/12\/EDA.jpg","@id":"https:\/\/www.eldigitaldeasturias.com\/noticias\/susana-diaz-pide-que-se-convoque-la-conferencia-de-presidentes\/#organizationLogo"},"image":{"@id":"https:\/\/www.eldigitaldeasturias.com\/noticias\/susana-diaz-pide-que-se-convoque-la-conferencia-de-presidentes\/#organizationLogo"},"sameAs":["https:\/\/facebook.com\/eldigitaldeasturias","https:\/\/www.youtube.com\/channel\/UCZP-2wLEB9Rv6erhFmqVnvg"],"address":{"@id":"https:\/\/www.eldigitaldeasturias.com\/noticias\/#postaladdress","@type":"PostalAddress","streetAddress":"san antonio 4","postalCode":"33430","addressLocality":"Cand\u00e1s","addressRegion":"Asturias","addressCountry":"ES"}},{"@type":"Person","@id":"https:\/\/www.eldigitaldeasturias.com\/noticias\/author\/admin\/#author","url":"https:\/\/www.eldigitaldeasturias.com\/noticias\/author\/admin\/","name":"El Digital de Asturias","image":{"@type":"ImageObject","@id":"https:\/\/www.eldigitaldeasturias.com\/noticias\/susana-diaz-pide-que-se-convoque-la-conferencia-de-presidentes\/#authorImage","url":"https:\/\/secure.gravatar.com\/avatar\/df2aeffc32bcd13f8d26072ef8a91b623d677766deac7f97ca815868cd41bf5e?s=96&d=mm&r=g","width":96,"height":96,"caption":"El Digital de Asturias"}},{"@type":"WebPage","@id":"https:\/\/www.eldigitaldeasturias.com\/noticias\/susana-diaz-pide-que-se-convoque-la-conferencia-de-presidentes\/#webpage","url":"https:\/\/www.eldigitaldeasturias.com\/noticias\/susana-diaz-pide-que-se-convoque-la-conferencia-de-presidentes\/","name":"Susana D\u00edaz pide que se convoque la Conferencia de Presidentes - El Digital de Asturias","description":"La presidenta de la Junta, Susana D\u00edaz, reclama al presidente del Gobierno que convoque la Conferencia de Presidentes auton\u00f3micos \"a la mayor brevedad\", y que se ponga encima de la mesa, tanto en el Consejo de Pol\u00edtica Fiscal y Financiera como en las Cortes, el nuevo modelo de financiaci\u00f3n \"que garantice la educaci\u00f3n, la sanidad,","inLanguage":"es-ES","isPartOf":{"@id":"https:\/\/www.eldigitaldeasturias.com\/noticias\/#website"},"breadcrumb":{"@id":"https:\/\/www.eldigitaldeasturias.com\/noticias\/susana-diaz-pide-que-se-convoque-la-conferencia-de-presidentes\/#breadcrumblist"},"author":{"@id":"https:\/\/www.eldigitaldeasturias.com\/noticias\/author\/admin\/#author"},"creator":{"@id":"https:\/\/www.eldigitaldeasturias.com\/noticias\/author\/admin\/#author"},"image":{"@type":"ImageObject","url":952192,"@id":"https:\/\/www.eldigitaldeasturias.com\/noticias\/susana-diaz-pide-que-se-convoque-la-conferencia-de-presidentes\/#mainImage"},"primaryImageOfPage":{"@id":"https:\/\/www.eldigitaldeasturias.com\/noticias\/susana-diaz-pide-que-se-convoque-la-conferencia-de-presidentes\/#mainImage"},"datePublished":"2018-01-09T14:44:31+01:00","dateModified":"2018-01-09T14:44:31+01:00"},{"@type":"WebSite","@id":"https:\/\/www.eldigitaldeasturias.com\/noticias\/#website","url":"https:\/\/www.eldigitaldeasturias.com\/noticias\/","name":"El Digital de Asturias - Diario de actualidad y noticias","alternateName":"El Digital de Asturias - Diario de actualidad y noticias","description":"Hemeroteca","inLanguage":"es-ES","publisher":{"@id":"https:\/\/www.eldigitaldeasturias.com\/noticias\/#organization"}}]},"og:locale":"es_ES","og:site_name":"El Digital de Asturias","og:type":"article","og:title":"Susana D\u00edaz pide que se convoque la Conferencia de Presidentes - El Digital de Asturias","og:description":"La presidenta de la Junta, Susana D\u00edaz, reclama al presidente del Gobierno que convoque la Conferencia de Presidentes auton\u00f3micos &quot;a la mayor brevedad&quot;, y que se ponga encima de la mesa, tanto en el Consejo de Pol\u00edtica Fiscal y Financiera como en las Cortes, el nuevo modelo de financiaci\u00f3n &quot;que garantice la educaci\u00f3n, la sanidad,","og:url":"https:\/\/www.eldigitaldeasturias.com\/noticias\/susana-diaz-pide-que-se-convoque-la-conferencia-de-presidentes\/","article:tag":["actualidad"],"article:published_time":"2018-01-09T14:44:31+00:00","article:modified_time":"2018-01-09T14:44:31+00:00","article:publisher":"https:\/\/facebook.com\/eldigitaldeasturias","twitter:card":"summary_large_image","twitter:title":"Susana D\u00edaz pide que se convoque la Conferencia de Presidentes - El Digital de Asturias","twitter:description":"La presidenta de la Junta, Susana D\u00edaz, reclama al presidente del Gobierno que convoque la Conferencia de Presidentes auton\u00f3micos &quot;a la mayor brevedad&quot;, y que se ponga encima de la mesa, tanto en el Consejo de Pol\u00edtica Fiscal y Financiera como en las Cortes, el nuevo modelo de financiaci\u00f3n &quot;que garantice la educaci\u00f3n, la sanidad,","twitter:image":"https:\/\/www.eldigitaldeasturias.com\/noticias\/wp-content\/uploads\/2020\/12\/EDA-1.jpg","twitter:label1":"Escrito por","twitter:data1":"El Digital de Asturias","twitter:label2":"Tiempo de lectura estimado","twitter:data2":"2 minutos"},"aioseo_meta_data":{"post_id":"965730","title":null,"description":null,"keywords":null,"keyphrases":null,"primary_term":null,"canonical_url":null,"og_title":null,"og_description":null,"og_object_type":"default","og_image_type":"default","og_image_url":null,"og_image_width":null,"og_image_height":null,"og_image_custom_url":null,"og_image_custom_fields":null,"og_video":null,"og_custom_url":null,"og_article_section":null,"og_article_tags":null,"twitter_use_og":false,"twitter_card":"default","twitter_image_type":"default","twitter_image_url":null,"twitter_image_custom_url":null,"twitter_image_custom_fields":null,"twitter_title":null,"twitter_description":null,"schema":{"blockGraphs":[],"customGraphs":[],"default":{"data":{"Article":[],"Course":[],"Dataset":[],"FAQPage":[],"Movie":[],"Person":[],"Product":[],"ProductReview":[],"Car":[],"Recipe":[],"Service":[],"SoftwareApplication":[],"WebPage":[]},"graphName":"","isEnabled":true},"graphs":[],"defaultGraph":"","defaultPostTypeGraph":""},"schema_type":null,"schema_type_options":null,"pillar_content":false,"robots_default":true,"robots_noindex":false,"robots_noarchive":false,"robots_nosnippet":false,"robots_nofollow":false,"robots_noimageindex":false,"robots_noodp":false,"robots_notranslate":false,"robots_max_snippet":null,"robots_max_videopreview":null,"robots_max_imagepreview":"large","priority":null,"frequency":null,"local_seo":null,"seo_analyzer_scan_date":"2025-10-06 13:07:06","breadcrumb_settings":null,"limit_modified_date":false,"open_ai":null,"ai":null,"created":"2020-12-21 12:37:37","updated":"2025-10-06 13:07:06","focus_keyword":null,"additional_keywords":null,"truseo_locale":null},"aioseo_breadcrumb":"<div class=\"aioseo-breadcrumbs\"><span class=\"aioseo-breadcrumb\">\n\t<a href=\"https:\/\/www.eldigitaldeasturias.com\/noticias\" title=\"Home\">Home<\/a>\n<\/span><span class=\"aioseo-breadcrumb-separator\">\u2013<\/span><span class=\"aioseo-breadcrumb\">\n\t<a href=\"https:\/\/www.eldigitaldeasturias.com\/noticias\/category\/actualidad\/\" title=\"Actualidad\">Actualidad<\/a>\n<\/span><span class=\"aioseo-breadcrumb-separator\">\u2013<\/span><span class=\"aioseo-breadcrumb\">\n\t<a href=\"https:\/\/www.eldigitaldeasturias.com\/noticias\/susana-diaz-pide-que-se-convoque-la-conferencia-de-presidentes\/\" title=\"Susana D\u00edaz pide que se convoque la Conferencia de Presidentes\">Susana D\u00edaz pide que se convoque la Conferencia de Presidentes<\/a>\n<\/span><\/div>","aioseo_breadcrumb_json":[{"label":"Home","link":"https:\/\/www.eldigitaldeasturias.com\/noticias"},{"label":"Actualidad","link":"https:\/\/www.eldigitaldeasturias.com\/noticias\/category\/actualidad\/"},{"label":"Susana D\u00edaz pide que se convoque la Conferencia de Presidentes","link":"https:\/\/www.eldigitaldeasturias.com\/noticias\/susana-diaz-pide-que-se-convoque-la-conferencia-de-presidentes\/"}],"_links":{"self":[{"href":"https:\/\/www.eldigitaldeasturias.com\/noticias\/wp-json\/wp\/v2\/posts\/965730","targetHints":{"allow":["GET"]}}],"collection":[{"href":"https:\/\/www.eldigitaldeasturias.com\/noticias\/wp-json\/wp\/v2\/posts"}],"about":[{"href":"https:\/\/www.eldigitaldeasturias.com\/noticias\/wp-json\/wp\/v2\/types\/post"}],"author":[{"embeddable":true,"href":"https:\/\/www.eldigitaldeasturias.com\/noticias\/wp-json\/wp\/v2\/users\/1"}],"replies":[{"embeddable":true,"href":"https:\/\/www.eldigitaldeasturias.com\/noticias\/wp-json\/wp\/v2\/comments?post=965730"}],"version-history":[{"count":0,"href":"https:\/\/www.eldigitaldeasturias.com\/noticias\/wp-json\/wp\/v2\/posts\/965730\/revisions"}],"wp:attachment":[{"href":"https:\/\/www.eldigitaldeasturias.com\/noticias\/wp-json\/wp\/v2\/media?parent=965730"}],"wp:term":[{"taxonomy":"category","embeddable":true,"href":"https:\/\/www.eldigitaldeasturias.com\/noticias\/wp-json\/wp\/v2\/categories?post=965730"},{"taxonomy":"post_tag","embeddable":true,"href":"https:\/\/www.eldigitaldeasturias.com\/noticias\/wp-json\/wp\/v2\/tags?post=965730"}],"curies":[{"name":"wp","href":"https:\/\/api.w.org\/{rel}","templated":true}]}}