{"id":965718,"date":"2018-01-08T23:16:27","date_gmt":"2018-01-08T23:16:27","guid":{"rendered":"http:\/\/www.eldigitaldeasturias.com\/noticias\/?p=965718"},"modified":"2018-01-08T23:16:27","modified_gmt":"2018-01-08T23:16:27","slug":"martinez-maillo-espana-no-puede-estar-de-eleccion-en-eleccion-cada-poco","status":"publish","type":"post","link":"https:\/\/www.eldigitaldeasturias.com\/noticias\/martinez-maillo-espana-no-puede-estar-de-eleccion-en-eleccion-cada-poco\/","title":{"rendered":"Mart\u00ednez-Ma\u00edllo: \u00abEspa\u00f1a no puede estar de elecci\u00f3n en elecci\u00f3n cada poco\u00bb"},"content":{"rendered":"<p><img loading=\"lazy\" decoding=\"async\" class=\"alignleft size-medium wp-image-921564\" src=\"https:\/\/www.eldigitaldeasturias.com\/noticias\/wp-content\/uploads\/2017\/01\/maillo-360x163.jpg\" alt=\"\" width=\"360\" height=\"163\" \/>El coordinador general del Partido Popular, <strong>Fernando Mart\u00ednez-Ma\u00edllo<\/strong>, ha asegurado hoy que Espa\u00f1a \u201cno puede estar de elecci\u00f3n en elecci\u00f3n cada poco, en funci\u00f3n de los intereses de algunos, que est\u00e1n m\u00e1s preocupados por las encuestas que por el inter\u00e9s general de los espa\u00f1oles\u201d. \u201cLo importante ahora mismo es mirar el inter\u00e9s general y no otras cuestiones\u201d, ha reclamado tras defender la iniciativa pol\u00edtica del PP, frente a la estrategia \u00abdel viento\u00bb que sigue Ciudadanos.<\/p>\n<p>En rueda de prensa, tras la reuni\u00f3n del Comit\u00e9 de Direcci\u00f3n del PP, Ma\u00edllo se ha referido a las \u00faltimas encuestas publicadas en distintos medios de comunicaci\u00f3n y ha recordado que \u201cla \u00faltima vez que hablaron los espa\u00f1oles para expresarse en las urnas lo hicieron, por segunda vez, dando una mayor\u00eda al PP, aunque no absoluta, para gobernar el pa\u00eds durante 4 a\u00f1os\u201d. As\u00ed, ha afirmado que ese es el objetivo del PP y del Gobierno, agotar esta legislatura \u201cporque hay muchas tareas pendientes\u201d.<\/p>\n<p>Maillo tambi\u00e9n ha respondido a la exigencia de Ciudadanos de que la senadora Pilar Barreiro dimita para poder apoyar los PGE y la ha calificado de \u201cdesproporcionada\u201d, ya que el acuerdo de investidura con esta formaci\u00f3n impondr\u00eda dicha dimisi\u00f3n, cuando su imputaci\u00f3n sea formal, o cuando sea procesada. As\u00ed, ha ironizado sobre el cumplimiento de dicho acuerdo y ha recordado que el Tribunal de Cuentas no ha aprobado los n\u00fameros de la formaci\u00f3n naranja respecto al a\u00f1o 2015, \u201ccuando en el acuerdo se habla 100 veces de transparencia\u201d.<\/p>\n<p><strong>AGENDA POL\u00cdTICA<\/strong><\/p>\n<p>El coordinador general ha explicado que durante la reuni\u00f3n se ha tratado el curso pol\u00edtico durante el a\u00f1o 2018, que comenzar\u00e1 con la convocatoria de una Junta Directiva Nacional, para el pr\u00f3ximo 15 de enero, en la que se analizar\u00e1 la situaci\u00f3n pol\u00edtica y se establecer\u00e1 un calendario de actividades pol\u00edtica \u201cmuy intenso\u201d para los pr\u00f3ximos meses. De esta manera, ha anunciado que, aunque la actualidad seguir\u00e1 estando marcada por la situaci\u00f3n en Catalu\u00f1a, el Partido Popular va a marcar su propia agenda y establecer\u00e1 una actividad pol\u00edtica muy intensa y muy cercana al conjunto de los ciudadanos.<\/p>\n<p>Ma\u00edllo ha recordado que estamos en el a\u00f1o previo a las elecciones municipales y auton\u00f3micas y su preparaci\u00f3n \u201cser\u00e1 uno de los objetivos prioritarios\u201d del PP, que es \u201cel partido con m\u00e1s concejales, alcaldes y mayor representaci\u00f3n en todas la administraciones\u201d. Por esto, entiende que el PP tiene la responsabilidad de ofrecer a los ciudadanos \u201clos mejores candidatos en cada sitio, cuando llegue el momento\u201d.<\/p>\n<p><strong>PGE 2018<\/strong><\/p>\n<p>Tambi\u00e9n ha destacado la importancia que da el partido, en su labor de apoyo al Gobierno, para conseguir la aprobaci\u00f3n de los Presupuestos Generales del Estado, y ha explicado que Mariano Rajoy ha manifestado \u201csu voluntad de continuar, de manera constructiva, el proceso de dialogo con el resto de grupos parlamentarios que quedan, para conseguir la aprobaci\u00f3n de los mismos\u201d.<\/p>\n<p>Para el coordinador general, este hecho lanzar\u00eda un mensaje muy potente al conjunto de los ciudadanos y a la comunidad internacional, de que hay estabilidad en Espa\u00f1a y que se sigue adelante con las reformas que nos han llevado a crecer econ\u00f3micamente; un mensaje \u201cde estabilidad, confianza y garant\u00eda de cara al futuro y que nos preocupamos del conjunto de los ciudadanos y de las grandes reformas pendientes\u201d. Entre estas \u00faltimas, ha destacado la fiscal, la equiparaci\u00f3n del sueldo de los Cuerpos y Fuerzas de Seguridad del Estado -con polic\u00edas y polic\u00edas auton\u00f3micas-, o las grandes inversiones en materia de infraestructuras.<\/p>\n<p>En este punto, ha recordado la creciente recuperaci\u00f3n econ\u00f3mica de nuestro pa\u00eds, aunque esta no haya llegado todav\u00eda a todo el mundo, que nos ha llevado al objetivo de crecer econ\u00f3micamente este a\u00f1o en el 3% y conseguir los 600.000 puestos de trabajo en el 2018, lo que podr\u00eda llevarnos a alcanzar los 20 millones de personas trabajando antes del a\u00f1o 2020, con un empleo de mayor calidad y estabilidad.<\/p>\n<p><strong>GRANDES REFORMAS<\/strong><\/p>\n<p>En segundo lugar, el dirigente popular ha querido insistir en las reformas que en la anterior legislatura se hicieron en materia econ\u00f3mica, y este a\u00f1o deben ser las grandes reformas pendientes en nuestro pa\u00eds, como Educaci\u00f3n, pensiones o financiaci\u00f3n auton\u00f3mica entre otras, para lo que ha apelado a la responsabilidad de los otros partidos, especialmente del PSOE, \u201cel principal partido de la oposici\u00f3n\u201d, porque ha recordado que el PP no puede hacerlo solo.<\/p>\n<p>El coordinador general ha reclamado a la formaci\u00f3n de S\u00e1nchez que no paralice \u201cni boicotee por intereses partidistas estas reformas, ya que 137 esca\u00f1os son suficientes para gobernar, pero no son suficientes para tomar decisiones potentes\u201d ha afirmado, y ha puesto como ejemplo la reforma de las pensiones, \u201cpara garantizar estas de manera sostenible en el futuro\u201d; un pacto en Educaci\u00f3n que mejore la calidad de la misma o un pacto en materia de financiaci\u00f3n auton\u00f3mica y local.<\/p>\n<p>En este punto, ha insistido en la voluntad de acuerdo del PP y del Gobierno, \u201ca consenso y a acuerdo no nos gana nadie\u201d, ha afirmado antes de recordar que en esta legislatura se firm\u00f3 un pacto de investidura con Ciudadanos y que \u201cestamos dispuestos a seguir avanzando en acuerdos que reformen este pa\u00eds, no s\u00f3lo para el presente, sino para el futuro\u201d. Para ello, ha llamado al resto de partidos a que tengan la misma vocaci\u00f3n -\u201cque entendemos que hay tarea de oposici\u00f3n leg\u00edtima y entendible que tienen que ejercer\u201d-, ya que en la situaci\u00f3n pol\u00edtica actual entiende que debe haber partidos y pol\u00edticos \u201cque miren m\u00e1s all\u00e1 del corto plazo y trabajen con el Gobierno para intentar llegar a esos acuerdos en pensiones, educaci\u00f3n o financiaci\u00f3n auton\u00f3mica y local. Se puede ir a las manifestaciones reclamando mejor financiaci\u00f3n local, pero hay que sentarse a negociar con el Gobierno\u201d, ha ironizado.<\/p>\n<p><strong>PRISI\u00d3N PERMANENTE REVISABLE<\/strong><\/p>\n<p>Mart\u00ednez-Ma\u00edllo se ha referido tambi\u00e9n a otro de los temas que se han tratado durante el Comit\u00e9 de Direcci\u00f3n, que ha sido la pretensi\u00f3n de algunos partidos de derogar la prisi\u00f3n permanente revisable, algo que ha calificado como un error, porque ha recordado que el PP, en este punto, es el \u00fanico partido que est\u00e1 al lado del sentir del conjunto de los espa\u00f1oles. As\u00ed, ha insistido en que se trata de aplicar esta pena a los casos m\u00e1s graves, como pederastas, asesinos con agresiones sexuales o terroristas. As\u00ed, ha defendido la constitucionalidad de la misma, que ya se aplica en otras democracias europeas y ha sido avalada por el Consejo de Estado.<\/p>\n<p>Tras negar que se est\u00e9 legislando en caliente, porque esta reforma fue aprobada en el 2015, ha calificado de \u201cerror\u201d la pretensi\u00f3n de los otros grupos de derogarla \u201cen caliente\u201d y ha hecho un llamamiento para que los partidos hagan una reflexi\u00f3n y se sit\u00faen del lado de los ciudadanos.<\/p>\n<p><strong>CATALU\u00d1A<\/strong><\/p>\n<p>Tras valorar positivamente la victoria de Ciudadanos, como una victoria del constitucionalismo, ha lamentado su falta de iniciativa pol\u00edtica ya que, a su entender, \u201cno es suficiente con haber ganado las elecciones\u201d, sino que \u201ctienen que mover ficha, ojal\u00e1 rectifiquen y hagan lo mismo que hizo Mariano Rajoy\u201d. En este sentido, ha recordado que el presidente del Gobierno lider\u00f3 el ejercicio de su victoria electoral, comenz\u00f3 a hablar con el resto de fuerzas, hizo una propuesta de acuerdo, present\u00f3 un documento y, gracias a ello, se constituy\u00f3 la Mesa del Congreso.<\/p>\n<p>\u201cSi no lidera este proceso no se comporta como partido de gobierno y parecer\u00eda que tiene alergia a asumir responsabilidades, a gobernar y esto genera mucha frustraci\u00f3n en sus votantes y en el resto de fuerzas\u201d, ha lamentado en relaci\u00f3n a la postura de In\u00e9s Arrimadas. Adem\u00e1s, ha recordado que hay ocho personas que est\u00e1n en la c\u00e1rcel o fugados y que no se sabe lo que van a hacer, por lo que \u201chay alternativa y posibilidades y hay que intentar agotarlas\u201d, ha defendido antes de ofrecer el apoyo del PP al constitucionalismo.<\/p>\n<p><strong>CIERRE AP-6<\/strong><\/p>\n<p>Por \u00faltimo, ha expresado la solidaridad del PP con las personas que estuvieron retenidas durante horas, como consecuencia del cierre de la autopista AP-6 la noche del 6 de enero, una situaci\u00f3n \u201cmuy complicada y no agradable\u201d, al tiempo que se ha puesto en su lugar, porque le pod\u00eda haber pasado a cualquiera. \u201cComprendemos su enfado\u201d, ha se\u00f1alado, al tiempo que ha anunciado la apertura de un expediente a la empresa concesionaria, que ser\u00e1 el que determine el grado de responsabilidad de la misma y muestre los fallos que hubo en el operativo, de los que se puede aprender para mejorar.<\/p>\n<p>\u201cEl Gobierno ha actuado con agilidad, transparencia, prontitud y se estuvo al pie del ca\u00f1\u00f3n\u201d, ha defendido antes de diferenciar entre las autopistas cuya gesti\u00f3n depende de las empresas concesionarias; y las autov\u00edas, que dependen del Estado. As\u00ed, ha recordado que los ciudadanos al acceder a una autopista, pagan un servicio a una empresa privada que tiene una concesi\u00f3n, y es esta la que debe garantizar y velar que el transcurso por esa carretera sea seguro. \u201cEn el resto de carreteras dependientes del Estado no pas\u00f3 esto y en esta que es una concesi\u00f3n si pas\u00f3\u201d, ha finalizado.<\/p>\n","protected":false},"excerpt":{"rendered":"<p>El coordinador general del Partido Popular, Fernando Mart\u00ednez-Ma\u00edllo, ha asegurado hoy que Espa\u00f1a \u201cno puede estar de elecci\u00f3n en elecci\u00f3n cada poco, en funci\u00f3n de los intereses de algunos, que est\u00e1n m\u00e1s preocupados por las encuestas que por el inter\u00e9s general de los espa\u00f1oles\u201d. \u201cLo importante ahora mismo es mirar el inter\u00e9s general y no [&hellip;]<\/p>\n","protected":false},"author":1,"featured_media":927609,"comment_status":"closed","ping_status":"closed","sticky":false,"template":"","format":"standard","meta":{"footnotes":""},"categories":[1],"tags":[],"class_list":["post-965718","post","type-post","status-publish","format-standard","has-post-thumbnail","hentry","category-actualidad"],"aioseo_notices":[],"aioseo_head":"\n\t\t<!-- All in One SEO Pro 5.0.1 - aioseo.com -->\n\t<meta name=\"description\" content=\"El coordinador general del Partido Popular, Fernando Mart\u00ednez-Ma\u00edllo, ha asegurado hoy que Espa\u00f1a \u201cno puede estar de elecci\u00f3n en elecci\u00f3n cada poco, en funci\u00f3n de los intereses de algunos, que est\u00e1n m\u00e1s preocupados por las encuestas que por el inter\u00e9s general de los espa\u00f1oles\u201d. \u201cLo importante ahora mismo es mirar el inter\u00e9s general y no\" \/>\n\t<meta name=\"robots\" content=\"max-image-preview:large\" \/>\n\t<meta name=\"author\" content=\"El Digital de Asturias\"\/>\n\t<meta name=\"google-site-verification\" content=\"UA-38556648-1\" \/>\n\t<meta name=\"msvalidate.01\" content=\"7dfe9f3f1b24437ab69f4f2559babe99\" \/>\n\t<meta name=\"keywords\" content=\"actualidad\" \/>\n\t<link rel=\"canonical\" href=\"https:\/\/www.eldigitaldeasturias.com\/noticias\/martinez-maillo-espana-no-puede-estar-de-eleccion-en-eleccion-cada-poco\/\" \/>\n\t<meta name=\"generator\" content=\"All in One SEO Pro (AIOSEO) 5.0.1\" \/>\n\t\t<meta property=\"og:locale\" content=\"es_ES\" \/>\n\t\t<meta property=\"og:site_name\" content=\"El Digital de Asturias\" \/>\n\t\t<meta property=\"og:type\" content=\"article\" \/>\n\t\t<meta property=\"og:title\" content=\"Mart\u00ednez-Ma\u00edllo: \u00abEspa\u00f1a no puede estar de elecci\u00f3n en elecci\u00f3n cada poco\u00bb - El Digital de Asturias\" \/>\n\t\t<meta property=\"og:description\" content=\"El coordinador general del Partido Popular, Fernando Mart\u00ednez-Ma\u00edllo, ha asegurado hoy que Espa\u00f1a \u201cno puede estar de elecci\u00f3n en elecci\u00f3n cada poco, en funci\u00f3n de los intereses de algunos, que est\u00e1n m\u00e1s preocupados por las encuestas que por el inter\u00e9s general de los espa\u00f1oles\u201d. \u201cLo importante ahora mismo es mirar el inter\u00e9s general y no\" \/>\n\t\t<meta property=\"og:url\" content=\"https:\/\/www.eldigitaldeasturias.com\/noticias\/martinez-maillo-espana-no-puede-estar-de-eleccion-en-eleccion-cada-poco\/\" \/>\n\t\t<meta property=\"article:tag\" content=\"actualidad\" \/>\n\t\t<meta property=\"article:published_time\" content=\"2018-01-08T23:16:27+00:00\" \/>\n\t\t<meta property=\"article:modified_time\" content=\"2018-01-08T23:16:27+00:00\" \/>\n\t\t<meta property=\"article:publisher\" content=\"https:\/\/facebook.com\/eldigitaldeasturias\" \/>\n\t\t<meta name=\"twitter:card\" content=\"summary_large_image\" \/>\n\t\t<meta name=\"twitter:title\" content=\"Mart\u00ednez-Ma\u00edllo: \u00abEspa\u00f1a no puede estar de elecci\u00f3n en elecci\u00f3n cada poco\u00bb - El Digital de Asturias\" \/>\n\t\t<meta name=\"twitter:description\" content=\"El coordinador general del Partido Popular, Fernando Mart\u00ednez-Ma\u00edllo, ha asegurado hoy que Espa\u00f1a \u201cno puede estar de elecci\u00f3n en elecci\u00f3n cada poco, en funci\u00f3n de los intereses de algunos, que est\u00e1n m\u00e1s preocupados por las encuestas que por el inter\u00e9s general de los espa\u00f1oles\u201d. \u201cLo importante ahora mismo es mirar el inter\u00e9s general y no\" \/>\n\t\t<meta name=\"twitter:image\" content=\"https:\/\/www.eldigitaldeasturias.com\/noticias\/wp-content\/uploads\/2020\/12\/EDA-1.jpg\" \/>\n\t\t<meta name=\"twitter:label1\" content=\"Escrito por\" \/>\n\t\t<meta name=\"twitter:data1\" content=\"El Digital de Asturias\" \/>\n\t\t<meta name=\"twitter:label2\" content=\"Tiempo de lectura estimado\" \/>\n\t\t<meta name=\"twitter:data2\" content=\"8 minutos\" \/>\n\t\t<script type=\"application\/ld+json\" class=\"aioseo-schema\">\n\t\t\t{\"@context\":\"https:\\\/\\\/schema.org\",\"@graph\":[{\"@type\":\"BlogPosting\",\"@id\":\"https:\\\/\\\/www.eldigitaldeasturias.com\\\/noticias\\\/martinez-maillo-espana-no-puede-estar-de-eleccion-en-eleccion-cada-poco\\\/#blogposting\",\"name\":\"Mart\\u00ednez-Ma\\u00edllo: \\u00abEspa\\u00f1a no puede estar de elecci\\u00f3n en elecci\\u00f3n cada poco\\u00bb - El Digital de Asturias\",\"headline\":\"Mart\\u00ednez-Ma\\u00edllo: \\u00abEspa\\u00f1a no puede estar de elecci\\u00f3n en elecci\\u00f3n cada poco\\u00bb\",\"author\":{\"@id\":\"https:\\\/\\\/www.eldigitaldeasturias.com\\\/noticias\\\/author\\\/admin\\\/#author\"},\"publisher\":{\"@id\":\"https:\\\/\\\/www.eldigitaldeasturias.com\\\/noticias\\\/#organization\"},\"image\":{\"@type\":\"ImageObject\",\"url\":927609},\"datePublished\":\"2018-01-08T23:16:27+01:00\",\"dateModified\":\"2018-01-08T23:16:27+01:00\",\"inLanguage\":\"es-ES\",\"mainEntityOfPage\":{\"@id\":\"https:\\\/\\\/www.eldigitaldeasturias.com\\\/noticias\\\/martinez-maillo-espana-no-puede-estar-de-eleccion-en-eleccion-cada-poco\\\/#webpage\"},\"isPartOf\":{\"@id\":\"https:\\\/\\\/www.eldigitaldeasturias.com\\\/noticias\\\/martinez-maillo-espana-no-puede-estar-de-eleccion-en-eleccion-cada-poco\\\/#webpage\"},\"articleSection\":\"Actualidad\"},{\"@type\":\"BreadcrumbList\",\"@id\":\"https:\\\/\\\/www.eldigitaldeasturias.com\\\/noticias\\\/martinez-maillo-espana-no-puede-estar-de-eleccion-en-eleccion-cada-poco\\\/#breadcrumblist\",\"itemListElement\":[{\"@type\":\"ListItem\",\"@id\":\"https:\\\/\\\/www.eldigitaldeasturias.com\\\/noticias#listItem\",\"position\":1,\"name\":\"Home\",\"item\":\"https:\\\/\\\/www.eldigitaldeasturias.com\\\/noticias\",\"nextItem\":{\"@type\":\"ListItem\",\"@id\":\"https:\\\/\\\/www.eldigitaldeasturias.com\\\/noticias\\\/category\\\/actualidad\\\/#listItem\",\"name\":\"Actualidad\"}},{\"@type\":\"ListItem\",\"@id\":\"https:\\\/\\\/www.eldigitaldeasturias.com\\\/noticias\\\/category\\\/actualidad\\\/#listItem\",\"position\":2,\"name\":\"Actualidad\",\"item\":\"https:\\\/\\\/www.eldigitaldeasturias.com\\\/noticias\\\/category\\\/actualidad\\\/\",\"nextItem\":{\"@type\":\"ListItem\",\"@id\":\"https:\\\/\\\/www.eldigitaldeasturias.com\\\/noticias\\\/martinez-maillo-espana-no-puede-estar-de-eleccion-en-eleccion-cada-poco\\\/#listItem\",\"name\":\"Mart\\u00ednez-Ma\\u00edllo: \\u00abEspa\\u00f1a no puede estar de elecci\\u00f3n en elecci\\u00f3n cada poco\\u00bb\"},\"previousItem\":{\"@type\":\"ListItem\",\"@id\":\"https:\\\/\\\/www.eldigitaldeasturias.com\\\/noticias#listItem\",\"name\":\"Home\"}},{\"@type\":\"ListItem\",\"@id\":\"https:\\\/\\\/www.eldigitaldeasturias.com\\\/noticias\\\/martinez-maillo-espana-no-puede-estar-de-eleccion-en-eleccion-cada-poco\\\/#listItem\",\"position\":3,\"name\":\"Mart\\u00ednez-Ma\\u00edllo: \\u00abEspa\\u00f1a no puede estar de elecci\\u00f3n en elecci\\u00f3n cada poco\\u00bb\",\"previousItem\":{\"@type\":\"ListItem\",\"@id\":\"https:\\\/\\\/www.eldigitaldeasturias.com\\\/noticias\\\/category\\\/actualidad\\\/#listItem\",\"name\":\"Actualidad\"}}]},{\"@type\":\"Organization\",\"@id\":\"https:\\\/\\\/www.eldigitaldeasturias.com\\\/noticias\\\/#organization\",\"name\":\"El Digital de Asturias\",\"description\":\"Hemeroteca\",\"url\":\"https:\\\/\\\/www.eldigitaldeasturias.com\\\/noticias\\\/\",\"email\":\"info@eldigitaldeasturias.com\",\"telephone\":\"+34652131393\",\"logo\":{\"@type\":\"ImageObject\",\"url\":\"https:\\\/\\\/www.eldigitaldeasturias.com\\\/noticias\\\/wp-content\\\/uploads\\\/2020\\\/12\\\/EDA.jpg\",\"@id\":\"https:\\\/\\\/www.eldigitaldeasturias.com\\\/noticias\\\/martinez-maillo-espana-no-puede-estar-de-eleccion-en-eleccion-cada-poco\\\/#organizationLogo\"},\"image\":{\"@id\":\"https:\\\/\\\/www.eldigitaldeasturias.com\\\/noticias\\\/martinez-maillo-espana-no-puede-estar-de-eleccion-en-eleccion-cada-poco\\\/#organizationLogo\"},\"sameAs\":[\"https:\\\/\\\/facebook.com\\\/eldigitaldeasturias\",\"https:\\\/\\\/www.youtube.com\\\/channel\\\/UCZP-2wLEB9Rv6erhFmqVnvg\"],\"address\":{\"@id\":\"https:\\\/\\\/www.eldigitaldeasturias.com\\\/noticias\\\/#postaladdress\",\"@type\":\"PostalAddress\",\"streetAddress\":\"san antonio 4\",\"postalCode\":\"33430\",\"addressLocality\":\"Cand\\u00e1s\",\"addressRegion\":\"Asturias\",\"addressCountry\":\"ES\"}},{\"@type\":\"Person\",\"@id\":\"https:\\\/\\\/www.eldigitaldeasturias.com\\\/noticias\\\/author\\\/admin\\\/#author\",\"url\":\"https:\\\/\\\/www.eldigitaldeasturias.com\\\/noticias\\\/author\\\/admin\\\/\",\"name\":\"El Digital de Asturias\",\"image\":{\"@type\":\"ImageObject\",\"@id\":\"https:\\\/\\\/www.eldigitaldeasturias.com\\\/noticias\\\/martinez-maillo-espana-no-puede-estar-de-eleccion-en-eleccion-cada-poco\\\/#authorImage\",\"url\":\"https:\\\/\\\/secure.gravatar.com\\\/avatar\\\/df2aeffc32bcd13f8d26072ef8a91b623d677766deac7f97ca815868cd41bf5e?s=96&d=mm&r=g\",\"width\":96,\"height\":96,\"caption\":\"El Digital de Asturias\"}},{\"@type\":\"WebPage\",\"@id\":\"https:\\\/\\\/www.eldigitaldeasturias.com\\\/noticias\\\/martinez-maillo-espana-no-puede-estar-de-eleccion-en-eleccion-cada-poco\\\/#webpage\",\"url\":\"https:\\\/\\\/www.eldigitaldeasturias.com\\\/noticias\\\/martinez-maillo-espana-no-puede-estar-de-eleccion-en-eleccion-cada-poco\\\/\",\"name\":\"Mart\\u00ednez-Ma\\u00edllo: \\u00abEspa\\u00f1a no puede estar de elecci\\u00f3n en elecci\\u00f3n cada poco\\u00bb - El Digital de Asturias\",\"description\":\"El coordinador general del Partido Popular, Fernando Mart\\u00ednez-Ma\\u00edllo, ha asegurado hoy que Espa\\u00f1a \\u201cno puede estar de elecci\\u00f3n en elecci\\u00f3n cada poco, en funci\\u00f3n de los intereses de algunos, que est\\u00e1n m\\u00e1s preocupados por las encuestas que por el inter\\u00e9s general de los espa\\u00f1oles\\u201d. \\u201cLo importante ahora mismo es mirar el inter\\u00e9s general y no\",\"inLanguage\":\"es-ES\",\"isPartOf\":{\"@id\":\"https:\\\/\\\/www.eldigitaldeasturias.com\\\/noticias\\\/#website\"},\"breadcrumb\":{\"@id\":\"https:\\\/\\\/www.eldigitaldeasturias.com\\\/noticias\\\/martinez-maillo-espana-no-puede-estar-de-eleccion-en-eleccion-cada-poco\\\/#breadcrumblist\"},\"author\":{\"@id\":\"https:\\\/\\\/www.eldigitaldeasturias.com\\\/noticias\\\/author\\\/admin\\\/#author\"},\"creator\":{\"@id\":\"https:\\\/\\\/www.eldigitaldeasturias.com\\\/noticias\\\/author\\\/admin\\\/#author\"},\"image\":{\"@type\":\"ImageObject\",\"url\":927609,\"@id\":\"https:\\\/\\\/www.eldigitaldeasturias.com\\\/noticias\\\/martinez-maillo-espana-no-puede-estar-de-eleccion-en-eleccion-cada-poco\\\/#mainImage\"},\"primaryImageOfPage\":{\"@id\":\"https:\\\/\\\/www.eldigitaldeasturias.com\\\/noticias\\\/martinez-maillo-espana-no-puede-estar-de-eleccion-en-eleccion-cada-poco\\\/#mainImage\"},\"datePublished\":\"2018-01-08T23:16:27+01:00\",\"dateModified\":\"2018-01-08T23:16:27+01:00\"},{\"@type\":\"WebSite\",\"@id\":\"https:\\\/\\\/www.eldigitaldeasturias.com\\\/noticias\\\/#website\",\"url\":\"https:\\\/\\\/www.eldigitaldeasturias.com\\\/noticias\\\/\",\"name\":\"El Digital de Asturias - Diario de actualidad y noticias\",\"alternateName\":\"El Digital de Asturias - Diario de actualidad y noticias\",\"description\":\"Hemeroteca\",\"inLanguage\":\"es-ES\",\"publisher\":{\"@id\":\"https:\\\/\\\/www.eldigitaldeasturias.com\\\/noticias\\\/#organization\"}}]}\n\t\t<\/script>\n\t\t<!-- All in One SEO Pro -->\r\n\t\t<title>Mart\u00ednez-Ma\u00edllo: \u00abEspa\u00f1a no puede estar de elecci\u00f3n en elecci\u00f3n cada poco\u00bb - El Digital de Asturias<\/title>\n\n","aioseo_head_json":{"title":"Mart\u00ednez-Ma\u00edllo: \u00abEspa\u00f1a no puede estar de elecci\u00f3n en elecci\u00f3n cada poco\u00bb - El Digital de Asturias","description":"El coordinador general del Partido Popular, Fernando Mart\u00ednez-Ma\u00edllo, ha asegurado hoy que Espa\u00f1a \u201cno puede estar de elecci\u00f3n en elecci\u00f3n cada poco, en funci\u00f3n de los intereses de algunos, que est\u00e1n m\u00e1s preocupados por las encuestas que por el inter\u00e9s general de los espa\u00f1oles\u201d. \u201cLo importante ahora mismo es mirar el inter\u00e9s general y no","canonical_url":"https:\/\/www.eldigitaldeasturias.com\/noticias\/martinez-maillo-espana-no-puede-estar-de-eleccion-en-eleccion-cada-poco\/","robots":"max-image-preview:large","keywords":"actualidad","webmasterTools":{"google-site-verification":"UA-38556648-1","msvalidate.01":"7dfe9f3f1b24437ab69f4f2559babe99","miscellaneous":""},"schema":{"@context":"https:\/\/schema.org","@graph":[{"@type":"BlogPosting","@id":"https:\/\/www.eldigitaldeasturias.com\/noticias\/martinez-maillo-espana-no-puede-estar-de-eleccion-en-eleccion-cada-poco\/#blogposting","name":"Mart\u00ednez-Ma\u00edllo: \u00abEspa\u00f1a no puede estar de elecci\u00f3n en elecci\u00f3n cada poco\u00bb - El Digital de Asturias","headline":"Mart\u00ednez-Ma\u00edllo: \u00abEspa\u00f1a no puede estar de elecci\u00f3n en elecci\u00f3n cada poco\u00bb","author":{"@id":"https:\/\/www.eldigitaldeasturias.com\/noticias\/author\/admin\/#author"},"publisher":{"@id":"https:\/\/www.eldigitaldeasturias.com\/noticias\/#organization"},"image":{"@type":"ImageObject","url":927609},"datePublished":"2018-01-08T23:16:27+01:00","dateModified":"2018-01-08T23:16:27+01:00","inLanguage":"es-ES","mainEntityOfPage":{"@id":"https:\/\/www.eldigitaldeasturias.com\/noticias\/martinez-maillo-espana-no-puede-estar-de-eleccion-en-eleccion-cada-poco\/#webpage"},"isPartOf":{"@id":"https:\/\/www.eldigitaldeasturias.com\/noticias\/martinez-maillo-espana-no-puede-estar-de-eleccion-en-eleccion-cada-poco\/#webpage"},"articleSection":"Actualidad"},{"@type":"BreadcrumbList","@id":"https:\/\/www.eldigitaldeasturias.com\/noticias\/martinez-maillo-espana-no-puede-estar-de-eleccion-en-eleccion-cada-poco\/#breadcrumblist","itemListElement":[{"@type":"ListItem","@id":"https:\/\/www.eldigitaldeasturias.com\/noticias#listItem","position":1,"name":"Home","item":"https:\/\/www.eldigitaldeasturias.com\/noticias","nextItem":{"@type":"ListItem","@id":"https:\/\/www.eldigitaldeasturias.com\/noticias\/category\/actualidad\/#listItem","name":"Actualidad"}},{"@type":"ListItem","@id":"https:\/\/www.eldigitaldeasturias.com\/noticias\/category\/actualidad\/#listItem","position":2,"name":"Actualidad","item":"https:\/\/www.eldigitaldeasturias.com\/noticias\/category\/actualidad\/","nextItem":{"@type":"ListItem","@id":"https:\/\/www.eldigitaldeasturias.com\/noticias\/martinez-maillo-espana-no-puede-estar-de-eleccion-en-eleccion-cada-poco\/#listItem","name":"Mart\u00ednez-Ma\u00edllo: \u00abEspa\u00f1a no puede estar de elecci\u00f3n en elecci\u00f3n cada poco\u00bb"},"previousItem":{"@type":"ListItem","@id":"https:\/\/www.eldigitaldeasturias.com\/noticias#listItem","name":"Home"}},{"@type":"ListItem","@id":"https:\/\/www.eldigitaldeasturias.com\/noticias\/martinez-maillo-espana-no-puede-estar-de-eleccion-en-eleccion-cada-poco\/#listItem","position":3,"name":"Mart\u00ednez-Ma\u00edllo: \u00abEspa\u00f1a no puede estar de elecci\u00f3n en elecci\u00f3n cada poco\u00bb","previousItem":{"@type":"ListItem","@id":"https:\/\/www.eldigitaldeasturias.com\/noticias\/category\/actualidad\/#listItem","name":"Actualidad"}}]},{"@type":"Organization","@id":"https:\/\/www.eldigitaldeasturias.com\/noticias\/#organization","name":"El Digital de Asturias","description":"Hemeroteca","url":"https:\/\/www.eldigitaldeasturias.com\/noticias\/","email":"info@eldigitaldeasturias.com","telephone":"+34652131393","logo":{"@type":"ImageObject","url":"https:\/\/www.eldigitaldeasturias.com\/noticias\/wp-content\/uploads\/2020\/12\/EDA.jpg","@id":"https:\/\/www.eldigitaldeasturias.com\/noticias\/martinez-maillo-espana-no-puede-estar-de-eleccion-en-eleccion-cada-poco\/#organizationLogo"},"image":{"@id":"https:\/\/www.eldigitaldeasturias.com\/noticias\/martinez-maillo-espana-no-puede-estar-de-eleccion-en-eleccion-cada-poco\/#organizationLogo"},"sameAs":["https:\/\/facebook.com\/eldigitaldeasturias","https:\/\/www.youtube.com\/channel\/UCZP-2wLEB9Rv6erhFmqVnvg"],"address":{"@id":"https:\/\/www.eldigitaldeasturias.com\/noticias\/#postaladdress","@type":"PostalAddress","streetAddress":"san antonio 4","postalCode":"33430","addressLocality":"Cand\u00e1s","addressRegion":"Asturias","addressCountry":"ES"}},{"@type":"Person","@id":"https:\/\/www.eldigitaldeasturias.com\/noticias\/author\/admin\/#author","url":"https:\/\/www.eldigitaldeasturias.com\/noticias\/author\/admin\/","name":"El Digital de Asturias","image":{"@type":"ImageObject","@id":"https:\/\/www.eldigitaldeasturias.com\/noticias\/martinez-maillo-espana-no-puede-estar-de-eleccion-en-eleccion-cada-poco\/#authorImage","url":"https:\/\/secure.gravatar.com\/avatar\/df2aeffc32bcd13f8d26072ef8a91b623d677766deac7f97ca815868cd41bf5e?s=96&d=mm&r=g","width":96,"height":96,"caption":"El Digital de Asturias"}},{"@type":"WebPage","@id":"https:\/\/www.eldigitaldeasturias.com\/noticias\/martinez-maillo-espana-no-puede-estar-de-eleccion-en-eleccion-cada-poco\/#webpage","url":"https:\/\/www.eldigitaldeasturias.com\/noticias\/martinez-maillo-espana-no-puede-estar-de-eleccion-en-eleccion-cada-poco\/","name":"Mart\u00ednez-Ma\u00edllo: \u00abEspa\u00f1a no puede estar de elecci\u00f3n en elecci\u00f3n cada poco\u00bb - El Digital de Asturias","description":"El coordinador general del Partido Popular, Fernando Mart\u00ednez-Ma\u00edllo, ha asegurado hoy que Espa\u00f1a \u201cno puede estar de elecci\u00f3n en elecci\u00f3n cada poco, en funci\u00f3n de los intereses de algunos, que est\u00e1n m\u00e1s preocupados por las encuestas que por el inter\u00e9s general de los espa\u00f1oles\u201d. \u201cLo importante ahora mismo es mirar el inter\u00e9s general y no","inLanguage":"es-ES","isPartOf":{"@id":"https:\/\/www.eldigitaldeasturias.com\/noticias\/#website"},"breadcrumb":{"@id":"https:\/\/www.eldigitaldeasturias.com\/noticias\/martinez-maillo-espana-no-puede-estar-de-eleccion-en-eleccion-cada-poco\/#breadcrumblist"},"author":{"@id":"https:\/\/www.eldigitaldeasturias.com\/noticias\/author\/admin\/#author"},"creator":{"@id":"https:\/\/www.eldigitaldeasturias.com\/noticias\/author\/admin\/#author"},"image":{"@type":"ImageObject","url":927609,"@id":"https:\/\/www.eldigitaldeasturias.com\/noticias\/martinez-maillo-espana-no-puede-estar-de-eleccion-en-eleccion-cada-poco\/#mainImage"},"primaryImageOfPage":{"@id":"https:\/\/www.eldigitaldeasturias.com\/noticias\/martinez-maillo-espana-no-puede-estar-de-eleccion-en-eleccion-cada-poco\/#mainImage"},"datePublished":"2018-01-08T23:16:27+01:00","dateModified":"2018-01-08T23:16:27+01:00"},{"@type":"WebSite","@id":"https:\/\/www.eldigitaldeasturias.com\/noticias\/#website","url":"https:\/\/www.eldigitaldeasturias.com\/noticias\/","name":"El Digital de Asturias - Diario de actualidad y noticias","alternateName":"El Digital de Asturias - Diario de actualidad y noticias","description":"Hemeroteca","inLanguage":"es-ES","publisher":{"@id":"https:\/\/www.eldigitaldeasturias.com\/noticias\/#organization"}}]},"og:locale":"es_ES","og:site_name":"El Digital de Asturias","og:type":"article","og:title":"Mart\u00ednez-Ma\u00edllo: \u00abEspa\u00f1a no puede estar de elecci\u00f3n en elecci\u00f3n cada poco\u00bb - El Digital de Asturias","og:description":"El coordinador general del Partido Popular, Fernando Mart\u00ednez-Ma\u00edllo, ha asegurado hoy que Espa\u00f1a \u201cno puede estar de elecci\u00f3n en elecci\u00f3n cada poco, en funci\u00f3n de los intereses de algunos, que est\u00e1n m\u00e1s preocupados por las encuestas que por el inter\u00e9s general de los espa\u00f1oles\u201d. \u201cLo importante ahora mismo es mirar el inter\u00e9s general y no","og:url":"https:\/\/www.eldigitaldeasturias.com\/noticias\/martinez-maillo-espana-no-puede-estar-de-eleccion-en-eleccion-cada-poco\/","article:tag":["actualidad"],"article:published_time":"2018-01-08T23:16:27+00:00","article:modified_time":"2018-01-08T23:16:27+00:00","article:publisher":"https:\/\/facebook.com\/eldigitaldeasturias","twitter:card":"summary_large_image","twitter:title":"Mart\u00ednez-Ma\u00edllo: \u00abEspa\u00f1a no puede estar de elecci\u00f3n en elecci\u00f3n cada poco\u00bb - El Digital de Asturias","twitter:description":"El coordinador general del Partido Popular, Fernando Mart\u00ednez-Ma\u00edllo, ha asegurado hoy que Espa\u00f1a \u201cno puede estar de elecci\u00f3n en elecci\u00f3n cada poco, en funci\u00f3n de los intereses de algunos, que est\u00e1n m\u00e1s preocupados por las encuestas que por el inter\u00e9s general de los espa\u00f1oles\u201d. \u201cLo importante ahora mismo es mirar el inter\u00e9s general y no","twitter:image":"https:\/\/www.eldigitaldeasturias.com\/noticias\/wp-content\/uploads\/2020\/12\/EDA-1.jpg","twitter:label1":"Escrito por","twitter:data1":"El Digital de Asturias","twitter:label2":"Tiempo de lectura estimado","twitter:data2":"8 minutos"},"aioseo_meta_data":{"post_id":"965718","title":null,"description":null,"keywords":null,"keyphrases":null,"primary_term":null,"canonical_url":null,"og_title":null,"og_description":null,"og_object_type":"default","og_image_type":"default","og_image_url":null,"og_image_width":null,"og_image_height":null,"og_image_custom_url":null,"og_image_custom_fields":null,"og_video":null,"og_custom_url":null,"og_article_section":null,"og_article_tags":null,"twitter_use_og":false,"twitter_card":"default","twitter_image_type":"default","twitter_image_url":null,"twitter_image_custom_url":null,"twitter_image_custom_fields":null,"twitter_title":null,"twitter_description":null,"schema":{"blockGraphs":[],"customGraphs":[],"default":{"data":{"Article":[],"Course":[],"Dataset":[],"FAQPage":[],"Movie":[],"Person":[],"Product":[],"ProductReview":[],"Car":[],"Recipe":[],"Service":[],"SoftwareApplication":[],"WebPage":[]},"graphName":"","isEnabled":true},"graphs":[],"defaultGraph":"","defaultPostTypeGraph":""},"schema_type":null,"schema_type_options":null,"pillar_content":false,"robots_default":true,"robots_noindex":false,"robots_noarchive":false,"robots_nosnippet":false,"robots_nofollow":false,"robots_noimageindex":false,"robots_noodp":false,"robots_notranslate":false,"robots_max_snippet":null,"robots_max_videopreview":null,"robots_max_imagepreview":"large","priority":null,"frequency":null,"local_seo":null,"seo_analyzer_scan_date":"2025-10-06 13:05:15","breadcrumb_settings":null,"limit_modified_date":false,"open_ai":null,"ai":null,"created":"2020-12-21 12:37:37","updated":"2025-10-06 13:05:15","focus_keyword":null,"additional_keywords":null,"truseo_locale":null},"aioseo_breadcrumb":"<div class=\"aioseo-breadcrumbs\"><span class=\"aioseo-breadcrumb\">\n\t<a href=\"https:\/\/www.eldigitaldeasturias.com\/noticias\" title=\"Home\">Home<\/a>\n<\/span><span class=\"aioseo-breadcrumb-separator\">\u2013<\/span><span class=\"aioseo-breadcrumb\">\n\t<a href=\"https:\/\/www.eldigitaldeasturias.com\/noticias\/category\/actualidad\/\" title=\"Actualidad\">Actualidad<\/a>\n<\/span><span class=\"aioseo-breadcrumb-separator\">\u2013<\/span><span class=\"aioseo-breadcrumb\">\n\t<a href=\"https:\/\/www.eldigitaldeasturias.com\/noticias\/martinez-maillo-espana-no-puede-estar-de-eleccion-en-eleccion-cada-poco\/\" title=\"Mart\u00ednez-Ma\u00edllo: \u00abEspa\u00f1a no puede estar de elecci\u00f3n en elecci\u00f3n cada poco\u00bb\">Mart\u00ednez-Ma\u00edllo: \u00abEspa\u00f1a no puede estar de elecci\u00f3n en elecci\u00f3n cada poco\u00bb<\/a>\n<\/span><\/div>","aioseo_breadcrumb_json":[{"label":"Home","link":"https:\/\/www.eldigitaldeasturias.com\/noticias"},{"label":"Actualidad","link":"https:\/\/www.eldigitaldeasturias.com\/noticias\/category\/actualidad\/"},{"label":"Mart\u00ednez-Ma\u00edllo: \u00abEspa\u00f1a no puede estar de elecci\u00f3n en elecci\u00f3n cada poco\u00bb","link":"https:\/\/www.eldigitaldeasturias.com\/noticias\/martinez-maillo-espana-no-puede-estar-de-eleccion-en-eleccion-cada-poco\/"}],"_links":{"self":[{"href":"https:\/\/www.eldigitaldeasturias.com\/noticias\/wp-json\/wp\/v2\/posts\/965718","targetHints":{"allow":["GET"]}}],"collection":[{"href":"https:\/\/www.eldigitaldeasturias.com\/noticias\/wp-json\/wp\/v2\/posts"}],"about":[{"href":"https:\/\/www.eldigitaldeasturias.com\/noticias\/wp-json\/wp\/v2\/types\/post"}],"author":[{"embeddable":true,"href":"https:\/\/www.eldigitaldeasturias.com\/noticias\/wp-json\/wp\/v2\/users\/1"}],"replies":[{"embeddable":true,"href":"https:\/\/www.eldigitaldeasturias.com\/noticias\/wp-json\/wp\/v2\/comments?post=965718"}],"version-history":[{"count":0,"href":"https:\/\/www.eldigitaldeasturias.com\/noticias\/wp-json\/wp\/v2\/posts\/965718\/revisions"}],"wp:attachment":[{"href":"https:\/\/www.eldigitaldeasturias.com\/noticias\/wp-json\/wp\/v2\/media?parent=965718"}],"wp:term":[{"taxonomy":"category","embeddable":true,"href":"https:\/\/www.eldigitaldeasturias.com\/noticias\/wp-json\/wp\/v2\/categories?post=965718"},{"taxonomy":"post_tag","embeddable":true,"href":"https:\/\/www.eldigitaldeasturias.com\/noticias\/wp-json\/wp\/v2\/tags?post=965718"}],"curies":[{"name":"wp","href":"https:\/\/api.w.org\/{rel}","templated":true}]}}