{"id":965716,"date":"2018-01-08T23:12:36","date_gmt":"2018-01-08T23:12:36","guid":{"rendered":"http:\/\/www.eldigitaldeasturias.com\/noticias\/?p=965716"},"modified":"2018-01-08T23:12:36","modified_gmt":"2018-01-08T23:12:36","slug":"el-psoe-ha-presentado-su-propuesta-sobre-el-sistema-publico-de-pensiones","status":"publish","type":"post","link":"https:\/\/www.eldigitaldeasturias.com\/noticias\/el-psoe-ha-presentado-su-propuesta-sobre-el-sistema-publico-de-pensiones\/","title":{"rendered":"El PSOE ha presentado su propuesta sobre el Sistema P\u00fablico de Pensiones"},"content":{"rendered":"<p><img loading=\"lazy\" decoding=\"async\" class=\"alignleft size-medium wp-image-793321\" src=\"https:\/\/www.eldigitaldeasturias.com\/noticias\/wp-content\/uploads\/2015\/07\/pedro-sanchez-360x240.jpg\" alt=\"\" width=\"360\" height=\"240\" \/>El PSOE ha presentado su propuesta sobre el Sistema P\u00fablico de Pensiones, en la que apuestan por la \u201cfortaleza\u201d del sistema \u201ccomo elemento b\u00e1sico para la cohesi\u00f3n y la estabilidad social\u201d y para ello abogan por \u201crecuperar el di\u00e1logo social y el pacto de Toledo\u201d. El objetivo de los socialistas es conseguir que el Sistema P\u00fablico de Pensiones \u201cno solo sea sostenible financieramente\u201d, sino tambi\u00e9n \u201csostenible socialmente\u201d.<\/p>\n<p>El portavoz del PSOE, \u00d3scar Puente, y la secretaria de Seguridad Social y Pacto de Toledo, Magdalena Valerio, han sido los encargados de presentar en rueda de prensa este documento, bajo el t\u00edtulo La apuesta socialista por el sistema p\u00fablico de pensiones, despu\u00e9s de que fuera aprobado en la reuni\u00f3n de la Comisi\u00f3n Ejecutiva celebrada en la sede de Ferraz.<\/p>\n<p>Durante la comparecencia, Magdalena Valerio destac\u00f3 que el Sistema P\u00fablico de Pensiones es \u201cla pol\u00edtica p\u00fablica que mayor capacidad tiene de redistribuci\u00f3n y reducci\u00f3n de las desigualdades y uno de los pilares fundamentales del Estado del Bienestar en nuestro pa\u00eds\u201d y por eso es fundamental protegerlo. La responsable socialista denunci\u00f3 que las pol\u00edticas err\u00e1ticas y antisociales del PP han hecho que en los \u00faltimos tiempos \u201cempiece a calar en la ciudadan\u00eda la idea de que no existe futuro para el Sistema P\u00fablico de Pensiones\u201d y \u201cse est\u00e1n generando incertidumbres, dudas, desesperanza\u201d. \u201cEs obligaci\u00f3n del PSOE generar certidumbres, confianza y esperanza en el presente y futuro de nuestro Sistema P\u00fablico de Pensiones\u201d, remarc\u00f3.<\/p>\n<p>En este sentido, insisti\u00f3 en que la metodolog\u00eda que defiende el PSOE para abordar este asunto es \u201crecuperar el Pacto de Toledo y el di\u00e1logo social del Gobierno con los sindicatos y las organizaciones empresariales\u00bb y \u201capostar por la fortaleza de nuestro sistema p\u00fablico de pensiones, porque ha llegado a una situaci\u00f3n de desequilibrio financiero y de d\u00e9ficit estructural y creciente\u201d, como consecuencia de la crisis y de las pol\u00edticas del PP, tales como la reforma laboral, la reducci\u00f3n de la tasa de cobertura de desempleo, o la utilizaci\u00f3n de recursos econ\u00f3micos de cotizaciones para pagar gastos que no son prestaciones de la Seguridad Social o pensiones.<\/p>\n<p>Valerio denunci\u00f3 que, ante esta situaci\u00f3n de d\u00e9ficit, el PP se \u201cha fundido\u201d la hucha de las pensione, que \u201cse ha agotado 10 a\u00f1os antes de los previsto\u201d, ha utilizado fondos excedentes de las mutuas y ha pedido un pr\u00e9stamo de m\u00e1s de 10.000 millones de euros. \u201cEn definitiva, han ido utilizando recursos adicionales por importe de m\u00e1s de 93.000 millones de euros que han ido sacando para no hacer los deberes\u201d. Adem\u00e1s, el Ejecutivo hace subidas rid\u00edculas de las pensiones del 0,25% y recorta pensiones futuras, ya que a partir del 1 de enero de 2019 entrar\u00e1 en vigor el conocido como factor de sostenibilidad, que significa que se va a bajar la cuant\u00eda de la pensi\u00f3n desde el inicio en funci\u00f3n de la esperanza de vida de ese corte de edad.<\/p>\n<p><strong>Medidas que plantea el PSOE<\/strong><\/p>\n<p>Frente a esta situaci\u00f3n, el PSOE considera que no hay un problema de gastos excesivo, sino de ingresos y por ello plantea 4 medidas: la primera, garantizar unas pensiones adecuadas y suficientes revalorizadas seg\u00fan el IPC y que se suprima el factor de sostenibilidad que va a imponer el PP a partir del 1 de enero de 2019 y que puede implicar en el futuro una p\u00e9rdida de pensi\u00f3n de en torno al 30%; en segundo lugar, racionalizar los gastos del sistema, es decir, no tiene sentido que con el sistema en d\u00e9ficit sigamos pagando con dinero de cotizaciones reducciones de cuotas y tarifas planas y los gastos de gesti\u00f3n de la Seguridad Social. \u201cEso implicar\u00e1 que hay unos 4.300 millones de euros que se tendr\u00e1n que pagar con impuestos y no con cotizaciones\u201d, explic\u00f3.<\/p>\n<p>Como tercera medida, el PSOE apuesta por \u201cun incremento de ingresos con creaci\u00f3n de empleo de calidad, y en esa l\u00ednea va nuestro Pacto de Rentas\u201d. Sin embargo, explic\u00f3 Valerio, \u201cno vale con incrementar los ingresos ordinarios y en la propuesta socialista se incluye tambi\u00e9n apostar por ingresos extraordinarios\u201d, ya que las prestaciones b\u00e1sicamente se tiene que pagar con cotizaciones, pero no de manera exclusiva y \u201cse pueden inyectar ingresos v\u00eda Presupuestos Generales del Estado\u201d. As\u00ed, avanz\u00f3 que el PSOE plantea \u201cla creaci\u00f3n de una cesta de nuevos impuestos dirigidos de manera finalista y extraordinaria a aumentar los ingresos del sistema aproximadamente por importe de 2.750 millones de euros todos los a\u00f1os\u201d. Y en cuarto lugar, los socialistas abogan por \u201cintensificar la acci\u00f3n de la Inspecci\u00f3n General de Trabajo para controlar el fraude a la Seguridad Social y el empleo irregular\u201d.<\/p>\n<p>Adem\u00e1s, en el documento los socialistas dedican un apartado a las pensiones de viudedad y van a plantear a lo largo de estos meses diversas medidas que mejoren estas pensiones, \u201cporque hay un asignatura pendiente de este Gobierno con las viudas de este pa\u00eds\u201d, dijo Valerio.<\/p>\n<p>\u201cMerece la pena luchar por la supervivencia de nuestros sistema p\u00fablico de pensiones, que a lo largo de d\u00e9cadas ha demostrado que es un elemento b\u00e1sico para cohesi\u00f3n y la estabilidad social y hemos de hacerlo recuperando el di\u00e1logo social y recuperando el pacto de Toledo. Debemos hacerlo entre todos y todos debemos contribuir a preservarlo, a reforzarlo y a velar por su futuro\u201d, concluy\u00f3.<\/p>\n<p><strong>Primeras asambleas abiertas en Granada y Madrid<\/strong><\/p>\n<p>Precisamente el futuro de las pensiones y las propuestas socialistas para garantizar su sostenibilidad ser\u00e1n el elemento central de las 52 asambleas abiertas que, en una primera fase, va a celebrar el PSOE a principios de 2018, contando para ello con la participaci\u00f3n del secretario general, Pedro S\u00e1nchez, y de miembros de la direcci\u00f3n del PSOE y el Grupo Parlamentario.<\/p>\n<p>La primera de ellas tendr\u00e1 lugar el pr\u00f3ximo jueves, d\u00eda 11, en Granada y dos d\u00edas despu\u00e9s se celebrar\u00e1 otra en Madrid, ambas protagonizadas por Pedro S\u00e1nchez.<\/p>\n<p><strong>El PSOE exige a Zoido el cese del director general de la DGT<\/strong><\/p>\n<p>Por su parte, el portavoz de la Ejecutiva, \u00d3scar Puente, ha exigido en nombre de su partido que el ministro del Interior acuda a la comparecencia parlamentaria sobre la retenci\u00f3n de miles de conductores durante 20 horas en la AP-6 \u201ccon el cese del director general de Tr\u00e1fico debajo del brazo\u201d, si es que quiere acudir \u201ccon un m\u00ednimo de credibilidad\u201d. Una petici\u00f3n de dimisi\u00f3n que los socialistas no descartan elevar al propio Zoido y al ministro de Fomento, en funci\u00f3n de las aclaraciones que estos den en el Congreso.<\/p>\n<p>Como explic\u00f3 Puente, desde el PSOE consideran que la responsabilidad de lo ocurrido recae \u201cdesde el punto de vista civil en la concesionaria de la autopista y desde el punto de vista pol\u00edtico en los ministerios del Interior y de Fomento\u201d.<\/p>\n<p>Para el dirigente socialista, el director general de la DGT \u201cha demostrado un desconocimiento palmario de la normativa que deber\u00eda conocer, que es la que regula las obligaciones de las concesionarias de autopistas y la jurisprudencia que la desarrolla. Y ha llevado a cabo una gesti\u00f3n nefasta de la crisis, induciendo incluso a la confusi\u00f3n a los conductores\u201d con sus comentarios en las redes sociales, y que \u2013adem\u00e1s- no ha seguido \u201cal pi\u00e9 del ca\u00f1\u00f3n\u201d, sino desde Sevilla; \u201cno sabemos muy bien si desde el palco de S\u00e1nchez-Pizju\u00e1n, acompa\u00f1ando a su mentor el ministro del Interior\u201d.<\/p>\n<p>Puente ha recordado que una vez que se paga el peaje se crea una relaci\u00f3n contractual entre el concesionario y el usuario, seg\u00fan la cual el primero tiene la obligaci\u00f3n de garantizar la libre circulaci\u00f3n de los veh\u00edculos con independencia de las circunstancias que concurran, incluidas las meteorol\u00f3gicas; una responsabilidad que ha dejado clara el propio TC en varias sentencias.<\/p>\n<p>Pese a ello, \u201cla responsabilidad no puede quedar exclusivamente ah\u00ed porque la legislaci\u00f3n tambi\u00e9n obliga a la concesionaria y a las administraci\u00f3n competente, en este caso a los ministerios de Fomento e Interior y a la DGT a coordinarse para garantizar la libre circulaci\u00f3n de veh\u00edculos por las autopistas de peaje\u201d.<\/p>\n<p>Por lo tanto, \u201ces una obligaci\u00f3n en primer lugar directa de la concesionaria, pero tambi\u00e9n concurrente de las administraciones competentes\u201d y \u201clo primero que hay que dejar claro es que los conductores que se quedaron atrapados esa noche en esa autopista no son responsables de los hechos, lo dicen la ley y la jurisprudencia y esto es lo primero que deber\u00eda saber el director general de Tr\u00e1fico, antes de responsabilizar a los conductores\u201d.<\/p>\n<p>Adem\u00e1s, Puente ha subrayado que lo ocurrido era previsible, pues no es inhabitual en esa zona, y que esa nevada estaba avisada con una semana de antelaci\u00f3n. \u201cTanto la titular de la concesi\u00f3n, como la titular de la v\u00eda y la propia DGT ten\u00edan los elementos necesarios para haber previsto un dispositivo que garantizara la circulaci\u00f3n por ese tramo\u201d.<\/p>\n<p>Insisti\u00f3 en que \u201csi por la autopista no se puede pasar, se cierra como se hizo el domingo para evitar que ning\u00fan conductor quedara atrapada en ella, y si se permite el paso \u2013como dice la legislaci\u00f3n y la jurisprudencia- se asume la responsabilidad y las consecuencias por no haber habilitado el dispositivo necesario\u201d.<\/p>\n<p><strong>Catalu\u00f1a<\/strong><\/p>\n<p>Respecto a la posici\u00f3n y los movimientos que est\u00e1n llevando a cabo los socialistas en Catalu\u00f1a, \u00d3scar Puente confirm\u00f3 que \u201cel PSC ha iniciado contactos con todos los partidos\u201d y que \u201cest\u00e1 dispuesto a dar apoyo a una proposici\u00f3n de presidencia del Parlament del grupo mayoritario de la c\u00e1mara\u201d, que es Ciudadanos. El problema es que \u201cel apoyo del grupo socialista no es suficiente, y por tanto es responsabilidad del grupo que aspira a presidirla el conseguir los apoyos suficientes. Y esto mismo \u2013a\u00f1adi\u00f3- es aplicable para la presidencia de la Generalitat\u201d.<\/p>\n<p>En cualquier caso apunt\u00f3 que, \u201csi In\u00e9s Arrimadas quiere presidir el Parlament de Catalu\u00f1a y presidir la Generalitat, deber\u00eda no dedicarse a atacar sistem\u00e1ticamente a los \u00fanico apoyos que le pueden hacer alcanzar ambos objetivos\u201d, como es el caso del PSC; \u201cy si lo hace es quiz\u00e1 porque no tiene esa aspiraci\u00f3n o convicci\u00f3n, y lo que busca es otra cosa\u201d.<\/p>\n<p>Respecto a que Puigdemont pueda intentar llevar a cabo una \u2018investidura telem\u00e1tica\u2019 como dicen en su entorno, Puente se\u00f1al\u00f3 que es una propuesta \u201cabsolutamente estramb\u00f3tica\u201d y un \u201csinsentido\u201d fruto de unos dirigentes que \u201cno van en serio con su pa\u00eds\u201d. En su opini\u00f3n, \u201cCatalu\u00f1a necesita un gobierno, soluciones y necesidades que atender\u201d; pues \u201ces la \u00fanica parte del pa\u00eds en la que se ha frenado la incipiente recuperaci\u00f3n econ\u00f3mica\u201d y que \u201cest\u00e1 sufriendo la salida de empresas\u201d.<\/p>\n<p>&nbsp;<\/p>\n","protected":false},"excerpt":{"rendered":"<p>El PSOE ha presentado su propuesta sobre el Sistema P\u00fablico de Pensiones, en la que apuestan por la \u201cfortaleza\u201d del sistema \u201ccomo elemento b\u00e1sico para la cohesi\u00f3n y la estabilidad social\u201d y para ello abogan por \u201crecuperar el di\u00e1logo social y el pacto de Toledo\u201d. El objetivo de los socialistas es conseguir que el Sistema [&hellip;]<\/p>\n","protected":false},"author":1,"featured_media":793321,"comment_status":"closed","ping_status":"closed","sticky":false,"template":"","format":"standard","meta":{"footnotes":""},"categories":[1],"tags":[],"class_list":["post-965716","post","type-post","status-publish","format-standard","has-post-thumbnail","hentry","category-actualidad"],"aioseo_notices":[],"aioseo_head":"\n\t\t<!-- All in One SEO Pro 5.0.1 - aioseo.com -->\n\t<meta name=\"description\" content=\"El PSOE ha presentado su propuesta sobre el Sistema P\u00fablico de Pensiones, en la que apuestan por la \u201cfortaleza\u201d del sistema \u201ccomo elemento b\u00e1sico para la cohesi\u00f3n y la estabilidad social\u201d y para ello abogan por \u201crecuperar el di\u00e1logo social y el pacto de Toledo\u201d. El objetivo de los socialistas es conseguir que el Sistema\" \/>\n\t<meta name=\"robots\" content=\"max-image-preview:large\" \/>\n\t<meta name=\"author\" content=\"El Digital de Asturias\"\/>\n\t<meta name=\"google-site-verification\" content=\"UA-38556648-1\" \/>\n\t<meta name=\"msvalidate.01\" content=\"7dfe9f3f1b24437ab69f4f2559babe99\" \/>\n\t<meta name=\"keywords\" content=\"actualidad\" \/>\n\t<link rel=\"canonical\" href=\"https:\/\/www.eldigitaldeasturias.com\/noticias\/el-psoe-ha-presentado-su-propuesta-sobre-el-sistema-publico-de-pensiones\/\" \/>\n\t<meta name=\"generator\" content=\"All in One SEO Pro (AIOSEO) 5.0.1\" \/>\n\t\t<meta property=\"og:locale\" content=\"es_ES\" \/>\n\t\t<meta property=\"og:site_name\" content=\"El Digital de Asturias\" \/>\n\t\t<meta property=\"og:type\" content=\"article\" \/>\n\t\t<meta property=\"og:title\" content=\"El PSOE ha presentado su propuesta sobre el Sistema P\u00fablico de Pensiones - El Digital de Asturias\" \/>\n\t\t<meta property=\"og:description\" content=\"El PSOE ha presentado su propuesta sobre el Sistema P\u00fablico de Pensiones, en la que apuestan por la \u201cfortaleza\u201d del sistema \u201ccomo elemento b\u00e1sico para la cohesi\u00f3n y la estabilidad social\u201d y para ello abogan por \u201crecuperar el di\u00e1logo social y el pacto de Toledo\u201d. El objetivo de los socialistas es conseguir que el Sistema\" \/>\n\t\t<meta property=\"og:url\" content=\"https:\/\/www.eldigitaldeasturias.com\/noticias\/el-psoe-ha-presentado-su-propuesta-sobre-el-sistema-publico-de-pensiones\/\" \/>\n\t\t<meta property=\"article:tag\" content=\"actualidad\" \/>\n\t\t<meta property=\"article:published_time\" content=\"2018-01-08T23:12:36+00:00\" \/>\n\t\t<meta property=\"article:modified_time\" content=\"2018-01-08T23:12:36+00:00\" \/>\n\t\t<meta property=\"article:publisher\" content=\"https:\/\/facebook.com\/eldigitaldeasturias\" \/>\n\t\t<meta name=\"twitter:card\" content=\"summary_large_image\" \/>\n\t\t<meta name=\"twitter:title\" content=\"El PSOE ha presentado su propuesta sobre el Sistema P\u00fablico de Pensiones - El Digital de Asturias\" \/>\n\t\t<meta name=\"twitter:description\" content=\"El PSOE ha presentado su propuesta sobre el Sistema P\u00fablico de Pensiones, en la que apuestan por la \u201cfortaleza\u201d del sistema \u201ccomo elemento b\u00e1sico para la cohesi\u00f3n y la estabilidad social\u201d y para ello abogan por \u201crecuperar el di\u00e1logo social y el pacto de Toledo\u201d. El objetivo de los socialistas es conseguir que el Sistema\" \/>\n\t\t<meta name=\"twitter:image\" content=\"https:\/\/www.eldigitaldeasturias.com\/noticias\/wp-content\/uploads\/2020\/12\/EDA-1.jpg\" \/>\n\t\t<meta name=\"twitter:label1\" content=\"Escrito por\" \/>\n\t\t<meta name=\"twitter:data1\" content=\"El Digital de Asturias\" \/>\n\t\t<meta name=\"twitter:label2\" content=\"Tiempo de lectura estimado\" \/>\n\t\t<meta name=\"twitter:data2\" content=\"9 minutos\" \/>\n\t\t<script type=\"application\/ld+json\" class=\"aioseo-schema\">\n\t\t\t{\"@context\":\"https:\\\/\\\/schema.org\",\"@graph\":[{\"@type\":\"BlogPosting\",\"@id\":\"https:\\\/\\\/www.eldigitaldeasturias.com\\\/noticias\\\/el-psoe-ha-presentado-su-propuesta-sobre-el-sistema-publico-de-pensiones\\\/#blogposting\",\"name\":\"El PSOE ha presentado su propuesta sobre el Sistema P\\u00fablico de Pensiones - El Digital de Asturias\",\"headline\":\"El PSOE ha presentado su propuesta sobre el Sistema P\\u00fablico de Pensiones\",\"author\":{\"@id\":\"https:\\\/\\\/www.eldigitaldeasturias.com\\\/noticias\\\/author\\\/admin\\\/#author\"},\"publisher\":{\"@id\":\"https:\\\/\\\/www.eldigitaldeasturias.com\\\/noticias\\\/#organization\"},\"image\":{\"@type\":\"ImageObject\",\"url\":793321},\"datePublished\":\"2018-01-08T23:12:36+01:00\",\"dateModified\":\"2018-01-08T23:12:36+01:00\",\"inLanguage\":\"es-ES\",\"mainEntityOfPage\":{\"@id\":\"https:\\\/\\\/www.eldigitaldeasturias.com\\\/noticias\\\/el-psoe-ha-presentado-su-propuesta-sobre-el-sistema-publico-de-pensiones\\\/#webpage\"},\"isPartOf\":{\"@id\":\"https:\\\/\\\/www.eldigitaldeasturias.com\\\/noticias\\\/el-psoe-ha-presentado-su-propuesta-sobre-el-sistema-publico-de-pensiones\\\/#webpage\"},\"articleSection\":\"Actualidad\"},{\"@type\":\"BreadcrumbList\",\"@id\":\"https:\\\/\\\/www.eldigitaldeasturias.com\\\/noticias\\\/el-psoe-ha-presentado-su-propuesta-sobre-el-sistema-publico-de-pensiones\\\/#breadcrumblist\",\"itemListElement\":[{\"@type\":\"ListItem\",\"@id\":\"https:\\\/\\\/www.eldigitaldeasturias.com\\\/noticias#listItem\",\"position\":1,\"name\":\"Home\",\"item\":\"https:\\\/\\\/www.eldigitaldeasturias.com\\\/noticias\",\"nextItem\":{\"@type\":\"ListItem\",\"@id\":\"https:\\\/\\\/www.eldigitaldeasturias.com\\\/noticias\\\/category\\\/actualidad\\\/#listItem\",\"name\":\"Actualidad\"}},{\"@type\":\"ListItem\",\"@id\":\"https:\\\/\\\/www.eldigitaldeasturias.com\\\/noticias\\\/category\\\/actualidad\\\/#listItem\",\"position\":2,\"name\":\"Actualidad\",\"item\":\"https:\\\/\\\/www.eldigitaldeasturias.com\\\/noticias\\\/category\\\/actualidad\\\/\",\"nextItem\":{\"@type\":\"ListItem\",\"@id\":\"https:\\\/\\\/www.eldigitaldeasturias.com\\\/noticias\\\/el-psoe-ha-presentado-su-propuesta-sobre-el-sistema-publico-de-pensiones\\\/#listItem\",\"name\":\"El PSOE ha presentado su propuesta sobre el Sistema P\\u00fablico de Pensiones\"},\"previousItem\":{\"@type\":\"ListItem\",\"@id\":\"https:\\\/\\\/www.eldigitaldeasturias.com\\\/noticias#listItem\",\"name\":\"Home\"}},{\"@type\":\"ListItem\",\"@id\":\"https:\\\/\\\/www.eldigitaldeasturias.com\\\/noticias\\\/el-psoe-ha-presentado-su-propuesta-sobre-el-sistema-publico-de-pensiones\\\/#listItem\",\"position\":3,\"name\":\"El PSOE ha presentado su propuesta sobre el Sistema P\\u00fablico de Pensiones\",\"previousItem\":{\"@type\":\"ListItem\",\"@id\":\"https:\\\/\\\/www.eldigitaldeasturias.com\\\/noticias\\\/category\\\/actualidad\\\/#listItem\",\"name\":\"Actualidad\"}}]},{\"@type\":\"Organization\",\"@id\":\"https:\\\/\\\/www.eldigitaldeasturias.com\\\/noticias\\\/#organization\",\"name\":\"El Digital de Asturias\",\"description\":\"Hemeroteca\",\"url\":\"https:\\\/\\\/www.eldigitaldeasturias.com\\\/noticias\\\/\",\"email\":\"info@eldigitaldeasturias.com\",\"telephone\":\"+34652131393\",\"logo\":{\"@type\":\"ImageObject\",\"url\":\"https:\\\/\\\/www.eldigitaldeasturias.com\\\/noticias\\\/wp-content\\\/uploads\\\/2020\\\/12\\\/EDA.jpg\",\"@id\":\"https:\\\/\\\/www.eldigitaldeasturias.com\\\/noticias\\\/el-psoe-ha-presentado-su-propuesta-sobre-el-sistema-publico-de-pensiones\\\/#organizationLogo\"},\"image\":{\"@id\":\"https:\\\/\\\/www.eldigitaldeasturias.com\\\/noticias\\\/el-psoe-ha-presentado-su-propuesta-sobre-el-sistema-publico-de-pensiones\\\/#organizationLogo\"},\"sameAs\":[\"https:\\\/\\\/facebook.com\\\/eldigitaldeasturias\",\"https:\\\/\\\/www.youtube.com\\\/channel\\\/UCZP-2wLEB9Rv6erhFmqVnvg\"],\"address\":{\"@id\":\"https:\\\/\\\/www.eldigitaldeasturias.com\\\/noticias\\\/#postaladdress\",\"@type\":\"PostalAddress\",\"streetAddress\":\"san antonio 4\",\"postalCode\":\"33430\",\"addressLocality\":\"Cand\\u00e1s\",\"addressRegion\":\"Asturias\",\"addressCountry\":\"ES\"}},{\"@type\":\"Person\",\"@id\":\"https:\\\/\\\/www.eldigitaldeasturias.com\\\/noticias\\\/author\\\/admin\\\/#author\",\"url\":\"https:\\\/\\\/www.eldigitaldeasturias.com\\\/noticias\\\/author\\\/admin\\\/\",\"name\":\"El Digital de Asturias\",\"image\":{\"@type\":\"ImageObject\",\"@id\":\"https:\\\/\\\/www.eldigitaldeasturias.com\\\/noticias\\\/el-psoe-ha-presentado-su-propuesta-sobre-el-sistema-publico-de-pensiones\\\/#authorImage\",\"url\":\"https:\\\/\\\/secure.gravatar.com\\\/avatar\\\/df2aeffc32bcd13f8d26072ef8a91b623d677766deac7f97ca815868cd41bf5e?s=96&d=mm&r=g\",\"width\":96,\"height\":96,\"caption\":\"El Digital de Asturias\"}},{\"@type\":\"WebPage\",\"@id\":\"https:\\\/\\\/www.eldigitaldeasturias.com\\\/noticias\\\/el-psoe-ha-presentado-su-propuesta-sobre-el-sistema-publico-de-pensiones\\\/#webpage\",\"url\":\"https:\\\/\\\/www.eldigitaldeasturias.com\\\/noticias\\\/el-psoe-ha-presentado-su-propuesta-sobre-el-sistema-publico-de-pensiones\\\/\",\"name\":\"El PSOE ha presentado su propuesta sobre el Sistema P\\u00fablico de Pensiones - El Digital de Asturias\",\"description\":\"El PSOE ha presentado su propuesta sobre el Sistema P\\u00fablico de Pensiones, en la que apuestan por la \\u201cfortaleza\\u201d del sistema \\u201ccomo elemento b\\u00e1sico para la cohesi\\u00f3n y la estabilidad social\\u201d y para ello abogan por \\u201crecuperar el di\\u00e1logo social y el pacto de Toledo\\u201d. El objetivo de los socialistas es conseguir que el Sistema\",\"inLanguage\":\"es-ES\",\"isPartOf\":{\"@id\":\"https:\\\/\\\/www.eldigitaldeasturias.com\\\/noticias\\\/#website\"},\"breadcrumb\":{\"@id\":\"https:\\\/\\\/www.eldigitaldeasturias.com\\\/noticias\\\/el-psoe-ha-presentado-su-propuesta-sobre-el-sistema-publico-de-pensiones\\\/#breadcrumblist\"},\"author\":{\"@id\":\"https:\\\/\\\/www.eldigitaldeasturias.com\\\/noticias\\\/author\\\/admin\\\/#author\"},\"creator\":{\"@id\":\"https:\\\/\\\/www.eldigitaldeasturias.com\\\/noticias\\\/author\\\/admin\\\/#author\"},\"image\":{\"@type\":\"ImageObject\",\"url\":793321,\"@id\":\"https:\\\/\\\/www.eldigitaldeasturias.com\\\/noticias\\\/el-psoe-ha-presentado-su-propuesta-sobre-el-sistema-publico-de-pensiones\\\/#mainImage\"},\"primaryImageOfPage\":{\"@id\":\"https:\\\/\\\/www.eldigitaldeasturias.com\\\/noticias\\\/el-psoe-ha-presentado-su-propuesta-sobre-el-sistema-publico-de-pensiones\\\/#mainImage\"},\"datePublished\":\"2018-01-08T23:12:36+01:00\",\"dateModified\":\"2018-01-08T23:12:36+01:00\"},{\"@type\":\"WebSite\",\"@id\":\"https:\\\/\\\/www.eldigitaldeasturias.com\\\/noticias\\\/#website\",\"url\":\"https:\\\/\\\/www.eldigitaldeasturias.com\\\/noticias\\\/\",\"name\":\"El Digital de Asturias - Diario de actualidad y noticias\",\"alternateName\":\"El Digital de Asturias - Diario de actualidad y noticias\",\"description\":\"Hemeroteca\",\"inLanguage\":\"es-ES\",\"publisher\":{\"@id\":\"https:\\\/\\\/www.eldigitaldeasturias.com\\\/noticias\\\/#organization\"}}]}\n\t\t<\/script>\n\t\t<!-- All in One SEO Pro -->\r\n\t\t<title>El PSOE ha presentado su propuesta sobre el Sistema P\u00fablico de Pensiones - El Digital de Asturias<\/title>\n\n","aioseo_head_json":{"title":"El PSOE ha presentado su propuesta sobre el Sistema P\u00fablico de Pensiones - El Digital de Asturias","description":"El PSOE ha presentado su propuesta sobre el Sistema P\u00fablico de Pensiones, en la que apuestan por la \u201cfortaleza\u201d del sistema \u201ccomo elemento b\u00e1sico para la cohesi\u00f3n y la estabilidad social\u201d y para ello abogan por \u201crecuperar el di\u00e1logo social y el pacto de Toledo\u201d. El objetivo de los socialistas es conseguir que el Sistema","canonical_url":"https:\/\/www.eldigitaldeasturias.com\/noticias\/el-psoe-ha-presentado-su-propuesta-sobre-el-sistema-publico-de-pensiones\/","robots":"max-image-preview:large","keywords":"actualidad","webmasterTools":{"google-site-verification":"UA-38556648-1","msvalidate.01":"7dfe9f3f1b24437ab69f4f2559babe99","miscellaneous":""},"schema":{"@context":"https:\/\/schema.org","@graph":[{"@type":"BlogPosting","@id":"https:\/\/www.eldigitaldeasturias.com\/noticias\/el-psoe-ha-presentado-su-propuesta-sobre-el-sistema-publico-de-pensiones\/#blogposting","name":"El PSOE ha presentado su propuesta sobre el Sistema P\u00fablico de Pensiones - El Digital de Asturias","headline":"El PSOE ha presentado su propuesta sobre el Sistema P\u00fablico de Pensiones","author":{"@id":"https:\/\/www.eldigitaldeasturias.com\/noticias\/author\/admin\/#author"},"publisher":{"@id":"https:\/\/www.eldigitaldeasturias.com\/noticias\/#organization"},"image":{"@type":"ImageObject","url":793321},"datePublished":"2018-01-08T23:12:36+01:00","dateModified":"2018-01-08T23:12:36+01:00","inLanguage":"es-ES","mainEntityOfPage":{"@id":"https:\/\/www.eldigitaldeasturias.com\/noticias\/el-psoe-ha-presentado-su-propuesta-sobre-el-sistema-publico-de-pensiones\/#webpage"},"isPartOf":{"@id":"https:\/\/www.eldigitaldeasturias.com\/noticias\/el-psoe-ha-presentado-su-propuesta-sobre-el-sistema-publico-de-pensiones\/#webpage"},"articleSection":"Actualidad"},{"@type":"BreadcrumbList","@id":"https:\/\/www.eldigitaldeasturias.com\/noticias\/el-psoe-ha-presentado-su-propuesta-sobre-el-sistema-publico-de-pensiones\/#breadcrumblist","itemListElement":[{"@type":"ListItem","@id":"https:\/\/www.eldigitaldeasturias.com\/noticias#listItem","position":1,"name":"Home","item":"https:\/\/www.eldigitaldeasturias.com\/noticias","nextItem":{"@type":"ListItem","@id":"https:\/\/www.eldigitaldeasturias.com\/noticias\/category\/actualidad\/#listItem","name":"Actualidad"}},{"@type":"ListItem","@id":"https:\/\/www.eldigitaldeasturias.com\/noticias\/category\/actualidad\/#listItem","position":2,"name":"Actualidad","item":"https:\/\/www.eldigitaldeasturias.com\/noticias\/category\/actualidad\/","nextItem":{"@type":"ListItem","@id":"https:\/\/www.eldigitaldeasturias.com\/noticias\/el-psoe-ha-presentado-su-propuesta-sobre-el-sistema-publico-de-pensiones\/#listItem","name":"El PSOE ha presentado su propuesta sobre el Sistema P\u00fablico de Pensiones"},"previousItem":{"@type":"ListItem","@id":"https:\/\/www.eldigitaldeasturias.com\/noticias#listItem","name":"Home"}},{"@type":"ListItem","@id":"https:\/\/www.eldigitaldeasturias.com\/noticias\/el-psoe-ha-presentado-su-propuesta-sobre-el-sistema-publico-de-pensiones\/#listItem","position":3,"name":"El PSOE ha presentado su propuesta sobre el Sistema P\u00fablico de Pensiones","previousItem":{"@type":"ListItem","@id":"https:\/\/www.eldigitaldeasturias.com\/noticias\/category\/actualidad\/#listItem","name":"Actualidad"}}]},{"@type":"Organization","@id":"https:\/\/www.eldigitaldeasturias.com\/noticias\/#organization","name":"El Digital de Asturias","description":"Hemeroteca","url":"https:\/\/www.eldigitaldeasturias.com\/noticias\/","email":"info@eldigitaldeasturias.com","telephone":"+34652131393","logo":{"@type":"ImageObject","url":"https:\/\/www.eldigitaldeasturias.com\/noticias\/wp-content\/uploads\/2020\/12\/EDA.jpg","@id":"https:\/\/www.eldigitaldeasturias.com\/noticias\/el-psoe-ha-presentado-su-propuesta-sobre-el-sistema-publico-de-pensiones\/#organizationLogo"},"image":{"@id":"https:\/\/www.eldigitaldeasturias.com\/noticias\/el-psoe-ha-presentado-su-propuesta-sobre-el-sistema-publico-de-pensiones\/#organizationLogo"},"sameAs":["https:\/\/facebook.com\/eldigitaldeasturias","https:\/\/www.youtube.com\/channel\/UCZP-2wLEB9Rv6erhFmqVnvg"],"address":{"@id":"https:\/\/www.eldigitaldeasturias.com\/noticias\/#postaladdress","@type":"PostalAddress","streetAddress":"san antonio 4","postalCode":"33430","addressLocality":"Cand\u00e1s","addressRegion":"Asturias","addressCountry":"ES"}},{"@type":"Person","@id":"https:\/\/www.eldigitaldeasturias.com\/noticias\/author\/admin\/#author","url":"https:\/\/www.eldigitaldeasturias.com\/noticias\/author\/admin\/","name":"El Digital de Asturias","image":{"@type":"ImageObject","@id":"https:\/\/www.eldigitaldeasturias.com\/noticias\/el-psoe-ha-presentado-su-propuesta-sobre-el-sistema-publico-de-pensiones\/#authorImage","url":"https:\/\/secure.gravatar.com\/avatar\/df2aeffc32bcd13f8d26072ef8a91b623d677766deac7f97ca815868cd41bf5e?s=96&d=mm&r=g","width":96,"height":96,"caption":"El Digital de Asturias"}},{"@type":"WebPage","@id":"https:\/\/www.eldigitaldeasturias.com\/noticias\/el-psoe-ha-presentado-su-propuesta-sobre-el-sistema-publico-de-pensiones\/#webpage","url":"https:\/\/www.eldigitaldeasturias.com\/noticias\/el-psoe-ha-presentado-su-propuesta-sobre-el-sistema-publico-de-pensiones\/","name":"El PSOE ha presentado su propuesta sobre el Sistema P\u00fablico de Pensiones - El Digital de Asturias","description":"El PSOE ha presentado su propuesta sobre el Sistema P\u00fablico de Pensiones, en la que apuestan por la \u201cfortaleza\u201d del sistema \u201ccomo elemento b\u00e1sico para la cohesi\u00f3n y la estabilidad social\u201d y para ello abogan por \u201crecuperar el di\u00e1logo social y el pacto de Toledo\u201d. El objetivo de los socialistas es conseguir que el Sistema","inLanguage":"es-ES","isPartOf":{"@id":"https:\/\/www.eldigitaldeasturias.com\/noticias\/#website"},"breadcrumb":{"@id":"https:\/\/www.eldigitaldeasturias.com\/noticias\/el-psoe-ha-presentado-su-propuesta-sobre-el-sistema-publico-de-pensiones\/#breadcrumblist"},"author":{"@id":"https:\/\/www.eldigitaldeasturias.com\/noticias\/author\/admin\/#author"},"creator":{"@id":"https:\/\/www.eldigitaldeasturias.com\/noticias\/author\/admin\/#author"},"image":{"@type":"ImageObject","url":793321,"@id":"https:\/\/www.eldigitaldeasturias.com\/noticias\/el-psoe-ha-presentado-su-propuesta-sobre-el-sistema-publico-de-pensiones\/#mainImage"},"primaryImageOfPage":{"@id":"https:\/\/www.eldigitaldeasturias.com\/noticias\/el-psoe-ha-presentado-su-propuesta-sobre-el-sistema-publico-de-pensiones\/#mainImage"},"datePublished":"2018-01-08T23:12:36+01:00","dateModified":"2018-01-08T23:12:36+01:00"},{"@type":"WebSite","@id":"https:\/\/www.eldigitaldeasturias.com\/noticias\/#website","url":"https:\/\/www.eldigitaldeasturias.com\/noticias\/","name":"El Digital de Asturias - Diario de actualidad y noticias","alternateName":"El Digital de Asturias - Diario de actualidad y noticias","description":"Hemeroteca","inLanguage":"es-ES","publisher":{"@id":"https:\/\/www.eldigitaldeasturias.com\/noticias\/#organization"}}]},"og:locale":"es_ES","og:site_name":"El Digital de Asturias","og:type":"article","og:title":"El PSOE ha presentado su propuesta sobre el Sistema P\u00fablico de Pensiones - El Digital de Asturias","og:description":"El PSOE ha presentado su propuesta sobre el Sistema P\u00fablico de Pensiones, en la que apuestan por la \u201cfortaleza\u201d del sistema \u201ccomo elemento b\u00e1sico para la cohesi\u00f3n y la estabilidad social\u201d y para ello abogan por \u201crecuperar el di\u00e1logo social y el pacto de Toledo\u201d. El objetivo de los socialistas es conseguir que el Sistema","og:url":"https:\/\/www.eldigitaldeasturias.com\/noticias\/el-psoe-ha-presentado-su-propuesta-sobre-el-sistema-publico-de-pensiones\/","article:tag":["actualidad"],"article:published_time":"2018-01-08T23:12:36+00:00","article:modified_time":"2018-01-08T23:12:36+00:00","article:publisher":"https:\/\/facebook.com\/eldigitaldeasturias","twitter:card":"summary_large_image","twitter:title":"El PSOE ha presentado su propuesta sobre el Sistema P\u00fablico de Pensiones - El Digital de Asturias","twitter:description":"El PSOE ha presentado su propuesta sobre el Sistema P\u00fablico de Pensiones, en la que apuestan por la \u201cfortaleza\u201d del sistema \u201ccomo elemento b\u00e1sico para la cohesi\u00f3n y la estabilidad social\u201d y para ello abogan por \u201crecuperar el di\u00e1logo social y el pacto de Toledo\u201d. El objetivo de los socialistas es conseguir que el Sistema","twitter:image":"https:\/\/www.eldigitaldeasturias.com\/noticias\/wp-content\/uploads\/2020\/12\/EDA-1.jpg","twitter:label1":"Escrito por","twitter:data1":"El Digital de Asturias","twitter:label2":"Tiempo de lectura estimado","twitter:data2":"9 minutos"},"aioseo_meta_data":{"post_id":"965716","title":null,"description":null,"keywords":null,"keyphrases":null,"primary_term":null,"canonical_url":null,"og_title":null,"og_description":null,"og_object_type":"default","og_image_type":"default","og_image_url":null,"og_image_width":null,"og_image_height":null,"og_image_custom_url":null,"og_image_custom_fields":null,"og_video":null,"og_custom_url":null,"og_article_section":null,"og_article_tags":null,"twitter_use_og":false,"twitter_card":"default","twitter_image_type":"default","twitter_image_url":null,"twitter_image_custom_url":null,"twitter_image_custom_fields":null,"twitter_title":null,"twitter_description":null,"schema":{"blockGraphs":[],"customGraphs":[],"default":{"data":{"Article":[],"Course":[],"Dataset":[],"FAQPage":[],"Movie":[],"Person":[],"Product":[],"ProductReview":[],"Car":[],"Recipe":[],"Service":[],"SoftwareApplication":[],"WebPage":[]},"graphName":"","isEnabled":true},"graphs":[],"defaultGraph":"","defaultPostTypeGraph":""},"schema_type":null,"schema_type_options":null,"pillar_content":false,"robots_default":true,"robots_noindex":false,"robots_noarchive":false,"robots_nosnippet":false,"robots_nofollow":false,"robots_noimageindex":false,"robots_noodp":false,"robots_notranslate":false,"robots_max_snippet":null,"robots_max_videopreview":null,"robots_max_imagepreview":"large","priority":null,"frequency":null,"local_seo":null,"seo_analyzer_scan_date":"2025-10-06 13:05:14","breadcrumb_settings":null,"limit_modified_date":false,"open_ai":null,"ai":null,"created":"2020-12-21 12:37:37","updated":"2025-10-06 13:05:14","focus_keyword":null,"additional_keywords":null,"truseo_locale":null},"aioseo_breadcrumb":"<div class=\"aioseo-breadcrumbs\"><span class=\"aioseo-breadcrumb\">\n\t<a href=\"https:\/\/www.eldigitaldeasturias.com\/noticias\" title=\"Home\">Home<\/a>\n<\/span><span class=\"aioseo-breadcrumb-separator\">\u2013<\/span><span class=\"aioseo-breadcrumb\">\n\t<a href=\"https:\/\/www.eldigitaldeasturias.com\/noticias\/category\/actualidad\/\" title=\"Actualidad\">Actualidad<\/a>\n<\/span><span class=\"aioseo-breadcrumb-separator\">\u2013<\/span><span class=\"aioseo-breadcrumb\">\n\t<a href=\"https:\/\/www.eldigitaldeasturias.com\/noticias\/el-psoe-ha-presentado-su-propuesta-sobre-el-sistema-publico-de-pensiones\/\" title=\"El PSOE ha presentado su propuesta sobre el Sistema P\u00fablico de Pensiones\">El PSOE ha presentado su propuesta sobre el Sistema P\u00fablico de Pensiones<\/a>\n<\/span><\/div>","aioseo_breadcrumb_json":[{"label":"Home","link":"https:\/\/www.eldigitaldeasturias.com\/noticias"},{"label":"Actualidad","link":"https:\/\/www.eldigitaldeasturias.com\/noticias\/category\/actualidad\/"},{"label":"El PSOE ha presentado su propuesta sobre el Sistema P\u00fablico de Pensiones","link":"https:\/\/www.eldigitaldeasturias.com\/noticias\/el-psoe-ha-presentado-su-propuesta-sobre-el-sistema-publico-de-pensiones\/"}],"_links":{"self":[{"href":"https:\/\/www.eldigitaldeasturias.com\/noticias\/wp-json\/wp\/v2\/posts\/965716","targetHints":{"allow":["GET"]}}],"collection":[{"href":"https:\/\/www.eldigitaldeasturias.com\/noticias\/wp-json\/wp\/v2\/posts"}],"about":[{"href":"https:\/\/www.eldigitaldeasturias.com\/noticias\/wp-json\/wp\/v2\/types\/post"}],"author":[{"embeddable":true,"href":"https:\/\/www.eldigitaldeasturias.com\/noticias\/wp-json\/wp\/v2\/users\/1"}],"replies":[{"embeddable":true,"href":"https:\/\/www.eldigitaldeasturias.com\/noticias\/wp-json\/wp\/v2\/comments?post=965716"}],"version-history":[{"count":0,"href":"https:\/\/www.eldigitaldeasturias.com\/noticias\/wp-json\/wp\/v2\/posts\/965716\/revisions"}],"wp:attachment":[{"href":"https:\/\/www.eldigitaldeasturias.com\/noticias\/wp-json\/wp\/v2\/media?parent=965716"}],"wp:term":[{"taxonomy":"category","embeddable":true,"href":"https:\/\/www.eldigitaldeasturias.com\/noticias\/wp-json\/wp\/v2\/categories?post=965716"},{"taxonomy":"post_tag","embeddable":true,"href":"https:\/\/www.eldigitaldeasturias.com\/noticias\/wp-json\/wp\/v2\/tags?post=965716"}],"curies":[{"name":"wp","href":"https:\/\/api.w.org\/{rel}","templated":true}]}}