{"id":965277,"date":"2018-01-03T09:48:49","date_gmt":"2018-01-03T09:48:49","guid":{"rendered":"http:\/\/www.eldigitaldeasturias.com\/noticias\/?p=965277"},"modified":"2018-01-03T09:48:49","modified_gmt":"2018-01-03T09:48:49","slug":"aragon-comenzara-en-2018-la-reconstruccion-volumetrica-del-yacimiento-de-la-malena-en-azuara","status":"publish","type":"post","link":"https:\/\/www.eldigitaldeasturias.com\/noticias\/aragon-comenzara-en-2018-la-reconstruccion-volumetrica-del-yacimiento-de-la-malena-en-azuara\/","title":{"rendered":"Arag\u00f3n comenzar\u00e1 en 2018 la reconstrucci\u00f3n volum\u00e9trica del yacimiento de la Malena en Azuara"},"content":{"rendered":"<p><img loading=\"lazy\" decoding=\"async\" class=\"alignleft size-medium wp-image-965278\" src=\"https:\/\/www.eldigitaldeasturias.com\/noticias\/wp-content\/uploads\/2018\/01\/fotomontaje_7de73b5b-360x159.jpg\" alt=\"\" width=\"360\" height=\"159\" \/>El Gobierno de Arag\u00f3n comenzar\u00e1 en 2018 la reconstrucci\u00f3n volum\u00e9trica del yacimiento de la Malena en Azuara (Zaragoza), una soluci\u00f3n para conservar y proteger este bien patrimonial que permitir\u00e1 su apertura al p\u00fablico para facilitar la comprensi\u00f3n cultural del fen\u00f3meno de las villas romanas en la comunidad. El anteproyecto de actuaciones para la protecci\u00f3n de la villa ha sido aprobado en Comisi\u00f3n de Patrimonio de Zaragoza. Durante el 2017, se ha realizado el proyecto de recuperaci\u00f3n de una de las estancias de la Villa Romana, que se ha apoyado con labores de mantenimiento y limpieza en el yacimiento en colaboraci\u00f3n con el Ayuntamiento de Azuara y con los vecinos de la localidad.<\/p>\n<p>Ahora, con este proyecto global, que contempla la ejecuci\u00f3n temporal por fases, se quiere conseguir la conservaci\u00f3n de un bien patrimonial b\u00e1sico y de los numerosos e importantes mosaicos, pavimentos y restos de pintura mural que lleva asociados. Se trata de notables elementos que, junto a los restos arqueol\u00f3gicos murarios y de antiguas infraestructuras de la villa, se desarrollaron en un contexto arquitect\u00f3nico, en gran parte desaparecido, y que se pretende recuperar volum\u00e9tricamente. Esta tarea de conservaci\u00f3n debe completarse con delicadas labores de restauraci\u00f3n de los mosaicos de las distintas dependencias y con la instalaci\u00f3n de un recorrido para su observaci\u00f3n y entendimiento, con las medidas de seguridad precisas para su protecci\u00f3n.<\/p>\n<p>El programa de necesidades se ha centrado en plantear un sistema de cubierta y cerramiento lateral que garantice la protecci\u00f3n del yacimiento excavado, permitiendo la restauraci\u00f3n de los restos arqueol\u00f3gicos \u201cin situ\u201d. Se trata de un planteamiento innovador, una soluci\u00f3n singular que pocas veces se ha llevado a cabo, ya que en los ejemplos realizados la protecci\u00f3n se suele limitar a la cubierta del yacimiento sin cerramientos laterales, confiando con ello la seguridad del yacimiento al recinto externo.<\/p>\n<p>El desarrollo de las excavaciones a lo largo del periodo transcurrido desde el descubrimiento de la villa ha ido arrojando informaciones complementarias sobre sus caracter\u00edsticas arquitect\u00f3nicas, sobre todo del n\u00facleo central. Con lo recopilado, se ha conseguido informaci\u00f3n b\u00e1sica sobre los restos murarios que ha permitido realizar un planteamiento global que podr\u00e1 adaptarse a las novedades que se produzcan en los futuros trabajos. A trav\u00e9s de la informaci\u00f3n extra\u00edda, se ha establecido la propuesta de cubrimiento y protecci\u00f3n de la villa, que incluye recorridos para su futura visita, salvaguardando los espacios donde se ubica suelo de mosaico y creando plataformas de aproximaci\u00f3n desde las estancias que carecen del mismo, una instalaci\u00f3n que permite la observaci\u00f3n de pr\u00e1cticamente toda la villa.<\/p>\n<p><strong>Actuaciones para el entorno e integraci\u00f3n de los restos no excavados<\/strong><\/p>\n<p>El Departamento de Educaci\u00f3n, Cultura y Deporte del Gobierno de Arag\u00f3n pretende con este proyecto facilitar la comprensi\u00f3n cultural del fen\u00f3meno que las villas romanas supusieron en la colonizaci\u00f3n del territorio durante varios siglos de la historia de la comunidad. Para ello, adecuar\u00e1 un espacio de servicios para acoger a los visitantes y que dar\u00e1 acceso al yacimiento, as\u00ed como un aparcamiento de veh\u00edculos en la zona sureste de la villa. Adem\u00e1s, se prev\u00e9 que la zona m\u00e1s pr\u00f3xima al r\u00edo C\u00e1maras pueda ser utilizada como \u00e1rea de recreo externa al recinto arqueol\u00f3gico para los visitantes de la villa, debido al atractivo natural, pudiendo dotarse de \u00e1reas de picnic, etc.<\/p>\n<p><strong>Bien de Inter\u00e9s Cultural<\/strong><\/p>\n<p>El yacimiento de La Malena, declarado Bien de Inter\u00e9s Cultural bajo la categor\u00eda de Zona de Inter\u00e9s Arqueol\u00f3gico, fue descubierto en 1988 y hasta el momento han sido varios los trabajos de car\u00e1cter cient\u00edfico, t\u00e9cnico y administrativo que se han desarrollado en \u00e9l. Los resultados arqueol\u00f3gicos determinaron la existencia de una Villa Romana del siglo IV que presentaba en la mayor\u00eda de sus estancias mosaicos y mosaicos parietales, pavimentos de tierra y pavimentos de mortero. Desde el inicio se determin\u00f3 la importancia del yacimiento por sus mosaicos de teselas y, en concreto, por el mosaico de Las Bodas de Cadmio y Harmon\u00eda, considerado una obra cumbre de la musivaria romana en Hispania.<\/p>\n","protected":false},"excerpt":{"rendered":"<p>El Gobierno de Arag\u00f3n comenzar\u00e1 en 2018 la reconstrucci\u00f3n volum\u00e9trica del yacimiento de la Malena en Azuara (Zaragoza), una soluci\u00f3n para conservar y proteger este bien patrimonial que permitir\u00e1 su apertura al p\u00fablico para facilitar la comprensi\u00f3n cultural del fen\u00f3meno de las villas romanas en la comunidad. El anteproyecto de actuaciones para la protecci\u00f3n de [&hellip;]<\/p>\n","protected":false},"author":1,"featured_media":965278,"comment_status":"closed","ping_status":"closed","sticky":false,"template":"","format":"standard","meta":{"footnotes":""},"categories":[1],"tags":[],"class_list":["post-965277","post","type-post","status-publish","format-standard","has-post-thumbnail","hentry","category-actualidad"],"aioseo_notices":[],"aioseo_head":"\n\t\t<!-- All in One SEO Pro 5.0.1 - aioseo.com -->\n\t<meta name=\"description\" content=\"El Gobierno de Arag\u00f3n comenzar\u00e1 en 2018 la reconstrucci\u00f3n volum\u00e9trica del yacimiento de la Malena en Azuara (Zaragoza), una soluci\u00f3n para conservar y proteger este bien patrimonial que permitir\u00e1 su apertura al p\u00fablico para facilitar la comprensi\u00f3n cultural del fen\u00f3meno de las villas romanas en la comunidad. El anteproyecto de actuaciones para la protecci\u00f3n de\" \/>\n\t<meta name=\"robots\" content=\"max-image-preview:large\" \/>\n\t<meta name=\"author\" content=\"El Digital de Asturias\"\/>\n\t<meta name=\"google-site-verification\" content=\"UA-38556648-1\" \/>\n\t<meta name=\"msvalidate.01\" content=\"7dfe9f3f1b24437ab69f4f2559babe99\" \/>\n\t<meta name=\"keywords\" content=\"actualidad\" \/>\n\t<link rel=\"canonical\" href=\"https:\/\/www.eldigitaldeasturias.com\/noticias\/aragon-comenzara-en-2018-la-reconstruccion-volumetrica-del-yacimiento-de-la-malena-en-azuara\/\" \/>\n\t<meta name=\"generator\" content=\"All in One SEO Pro (AIOSEO) 5.0.1\" \/>\n\t\t<meta property=\"og:locale\" content=\"es_ES\" \/>\n\t\t<meta property=\"og:site_name\" content=\"El Digital de Asturias\" \/>\n\t\t<meta property=\"og:type\" content=\"article\" \/>\n\t\t<meta property=\"og:title\" content=\"Arag\u00f3n comenzar\u00e1 en 2018 la reconstrucci\u00f3n volum\u00e9trica del yacimiento de la Malena en Azuara - El Digital de Asturias\" \/>\n\t\t<meta property=\"og:description\" content=\"El Gobierno de Arag\u00f3n comenzar\u00e1 en 2018 la reconstrucci\u00f3n volum\u00e9trica del yacimiento de la Malena en Azuara (Zaragoza), una soluci\u00f3n para conservar y proteger este bien patrimonial que permitir\u00e1 su apertura al p\u00fablico para facilitar la comprensi\u00f3n cultural del fen\u00f3meno de las villas romanas en la comunidad. El anteproyecto de actuaciones para la protecci\u00f3n de\" \/>\n\t\t<meta property=\"og:url\" content=\"https:\/\/www.eldigitaldeasturias.com\/noticias\/aragon-comenzara-en-2018-la-reconstruccion-volumetrica-del-yacimiento-de-la-malena-en-azuara\/\" \/>\n\t\t<meta property=\"article:tag\" content=\"actualidad\" \/>\n\t\t<meta property=\"article:published_time\" content=\"2018-01-03T09:48:49+00:00\" \/>\n\t\t<meta property=\"article:modified_time\" content=\"2018-01-03T09:48:49+00:00\" \/>\n\t\t<meta property=\"article:publisher\" content=\"https:\/\/facebook.com\/eldigitaldeasturias\" \/>\n\t\t<meta name=\"twitter:card\" content=\"summary_large_image\" \/>\n\t\t<meta name=\"twitter:title\" content=\"Arag\u00f3n comenzar\u00e1 en 2018 la reconstrucci\u00f3n volum\u00e9trica del yacimiento de la Malena en Azuara - El Digital de Asturias\" \/>\n\t\t<meta name=\"twitter:description\" content=\"El Gobierno de Arag\u00f3n comenzar\u00e1 en 2018 la reconstrucci\u00f3n volum\u00e9trica del yacimiento de la Malena en Azuara (Zaragoza), una soluci\u00f3n para conservar y proteger este bien patrimonial que permitir\u00e1 su apertura al p\u00fablico para facilitar la comprensi\u00f3n cultural del fen\u00f3meno de las villas romanas en la comunidad. El anteproyecto de actuaciones para la protecci\u00f3n de\" \/>\n\t\t<meta name=\"twitter:image\" content=\"https:\/\/www.eldigitaldeasturias.com\/noticias\/wp-content\/uploads\/2020\/12\/EDA-1.jpg\" \/>\n\t\t<meta name=\"twitter:label1\" content=\"Escrito por\" \/>\n\t\t<meta name=\"twitter:data1\" content=\"El Digital de Asturias\" \/>\n\t\t<meta name=\"twitter:label2\" content=\"Tiempo de lectura estimado\" \/>\n\t\t<meta name=\"twitter:data2\" content=\"4 minutos\" \/>\n\t\t<script type=\"application\/ld+json\" class=\"aioseo-schema\">\n\t\t\t{\"@context\":\"https:\\\/\\\/schema.org\",\"@graph\":[{\"@type\":\"BlogPosting\",\"@id\":\"https:\\\/\\\/www.eldigitaldeasturias.com\\\/noticias\\\/aragon-comenzara-en-2018-la-reconstruccion-volumetrica-del-yacimiento-de-la-malena-en-azuara\\\/#blogposting\",\"name\":\"Arag\\u00f3n comenzar\\u00e1 en 2018 la reconstrucci\\u00f3n volum\\u00e9trica del yacimiento de la Malena en Azuara - El Digital de Asturias\",\"headline\":\"Arag\\u00f3n comenzar\\u00e1 en 2018 la reconstrucci\\u00f3n volum\\u00e9trica del yacimiento de la Malena en Azuara\",\"author\":{\"@id\":\"https:\\\/\\\/www.eldigitaldeasturias.com\\\/noticias\\\/author\\\/admin\\\/#author\"},\"publisher\":{\"@id\":\"https:\\\/\\\/www.eldigitaldeasturias.com\\\/noticias\\\/#organization\"},\"image\":{\"@type\":\"ImageObject\",\"url\":965278},\"datePublished\":\"2018-01-03T09:48:49+01:00\",\"dateModified\":\"2018-01-03T09:48:49+01:00\",\"inLanguage\":\"es-ES\",\"mainEntityOfPage\":{\"@id\":\"https:\\\/\\\/www.eldigitaldeasturias.com\\\/noticias\\\/aragon-comenzara-en-2018-la-reconstruccion-volumetrica-del-yacimiento-de-la-malena-en-azuara\\\/#webpage\"},\"isPartOf\":{\"@id\":\"https:\\\/\\\/www.eldigitaldeasturias.com\\\/noticias\\\/aragon-comenzara-en-2018-la-reconstruccion-volumetrica-del-yacimiento-de-la-malena-en-azuara\\\/#webpage\"},\"articleSection\":\"Actualidad\"},{\"@type\":\"BreadcrumbList\",\"@id\":\"https:\\\/\\\/www.eldigitaldeasturias.com\\\/noticias\\\/aragon-comenzara-en-2018-la-reconstruccion-volumetrica-del-yacimiento-de-la-malena-en-azuara\\\/#breadcrumblist\",\"itemListElement\":[{\"@type\":\"ListItem\",\"@id\":\"https:\\\/\\\/www.eldigitaldeasturias.com\\\/noticias#listItem\",\"position\":1,\"name\":\"Home\",\"item\":\"https:\\\/\\\/www.eldigitaldeasturias.com\\\/noticias\",\"nextItem\":{\"@type\":\"ListItem\",\"@id\":\"https:\\\/\\\/www.eldigitaldeasturias.com\\\/noticias\\\/category\\\/actualidad\\\/#listItem\",\"name\":\"Actualidad\"}},{\"@type\":\"ListItem\",\"@id\":\"https:\\\/\\\/www.eldigitaldeasturias.com\\\/noticias\\\/category\\\/actualidad\\\/#listItem\",\"position\":2,\"name\":\"Actualidad\",\"item\":\"https:\\\/\\\/www.eldigitaldeasturias.com\\\/noticias\\\/category\\\/actualidad\\\/\",\"nextItem\":{\"@type\":\"ListItem\",\"@id\":\"https:\\\/\\\/www.eldigitaldeasturias.com\\\/noticias\\\/aragon-comenzara-en-2018-la-reconstruccion-volumetrica-del-yacimiento-de-la-malena-en-azuara\\\/#listItem\",\"name\":\"Arag\\u00f3n comenzar\\u00e1 en 2018 la reconstrucci\\u00f3n volum\\u00e9trica del yacimiento de la Malena en Azuara\"},\"previousItem\":{\"@type\":\"ListItem\",\"@id\":\"https:\\\/\\\/www.eldigitaldeasturias.com\\\/noticias#listItem\",\"name\":\"Home\"}},{\"@type\":\"ListItem\",\"@id\":\"https:\\\/\\\/www.eldigitaldeasturias.com\\\/noticias\\\/aragon-comenzara-en-2018-la-reconstruccion-volumetrica-del-yacimiento-de-la-malena-en-azuara\\\/#listItem\",\"position\":3,\"name\":\"Arag\\u00f3n comenzar\\u00e1 en 2018 la reconstrucci\\u00f3n volum\\u00e9trica del yacimiento de la Malena en Azuara\",\"previousItem\":{\"@type\":\"ListItem\",\"@id\":\"https:\\\/\\\/www.eldigitaldeasturias.com\\\/noticias\\\/category\\\/actualidad\\\/#listItem\",\"name\":\"Actualidad\"}}]},{\"@type\":\"Organization\",\"@id\":\"https:\\\/\\\/www.eldigitaldeasturias.com\\\/noticias\\\/#organization\",\"name\":\"El Digital de Asturias\",\"description\":\"Hemeroteca\",\"url\":\"https:\\\/\\\/www.eldigitaldeasturias.com\\\/noticias\\\/\",\"email\":\"info@eldigitaldeasturias.com\",\"telephone\":\"+34652131393\",\"logo\":{\"@type\":\"ImageObject\",\"url\":\"https:\\\/\\\/www.eldigitaldeasturias.com\\\/noticias\\\/wp-content\\\/uploads\\\/2020\\\/12\\\/EDA.jpg\",\"@id\":\"https:\\\/\\\/www.eldigitaldeasturias.com\\\/noticias\\\/aragon-comenzara-en-2018-la-reconstruccion-volumetrica-del-yacimiento-de-la-malena-en-azuara\\\/#organizationLogo\"},\"image\":{\"@id\":\"https:\\\/\\\/www.eldigitaldeasturias.com\\\/noticias\\\/aragon-comenzara-en-2018-la-reconstruccion-volumetrica-del-yacimiento-de-la-malena-en-azuara\\\/#organizationLogo\"},\"sameAs\":[\"https:\\\/\\\/facebook.com\\\/eldigitaldeasturias\",\"https:\\\/\\\/www.youtube.com\\\/channel\\\/UCZP-2wLEB9Rv6erhFmqVnvg\"],\"address\":{\"@id\":\"https:\\\/\\\/www.eldigitaldeasturias.com\\\/noticias\\\/#postaladdress\",\"@type\":\"PostalAddress\",\"streetAddress\":\"san antonio 4\",\"postalCode\":\"33430\",\"addressLocality\":\"Cand\\u00e1s\",\"addressRegion\":\"Asturias\",\"addressCountry\":\"ES\"}},{\"@type\":\"Person\",\"@id\":\"https:\\\/\\\/www.eldigitaldeasturias.com\\\/noticias\\\/author\\\/admin\\\/#author\",\"url\":\"https:\\\/\\\/www.eldigitaldeasturias.com\\\/noticias\\\/author\\\/admin\\\/\",\"name\":\"El Digital de Asturias\",\"image\":{\"@type\":\"ImageObject\",\"@id\":\"https:\\\/\\\/www.eldigitaldeasturias.com\\\/noticias\\\/aragon-comenzara-en-2018-la-reconstruccion-volumetrica-del-yacimiento-de-la-malena-en-azuara\\\/#authorImage\",\"url\":\"https:\\\/\\\/secure.gravatar.com\\\/avatar\\\/df2aeffc32bcd13f8d26072ef8a91b623d677766deac7f97ca815868cd41bf5e?s=96&d=mm&r=g\",\"width\":96,\"height\":96,\"caption\":\"El Digital de Asturias\"}},{\"@type\":\"WebPage\",\"@id\":\"https:\\\/\\\/www.eldigitaldeasturias.com\\\/noticias\\\/aragon-comenzara-en-2018-la-reconstruccion-volumetrica-del-yacimiento-de-la-malena-en-azuara\\\/#webpage\",\"url\":\"https:\\\/\\\/www.eldigitaldeasturias.com\\\/noticias\\\/aragon-comenzara-en-2018-la-reconstruccion-volumetrica-del-yacimiento-de-la-malena-en-azuara\\\/\",\"name\":\"Arag\\u00f3n comenzar\\u00e1 en 2018 la reconstrucci\\u00f3n volum\\u00e9trica del yacimiento de la Malena en Azuara - El Digital de Asturias\",\"description\":\"El Gobierno de Arag\\u00f3n comenzar\\u00e1 en 2018 la reconstrucci\\u00f3n volum\\u00e9trica del yacimiento de la Malena en Azuara (Zaragoza), una soluci\\u00f3n para conservar y proteger este bien patrimonial que permitir\\u00e1 su apertura al p\\u00fablico para facilitar la comprensi\\u00f3n cultural del fen\\u00f3meno de las villas romanas en la comunidad. El anteproyecto de actuaciones para la protecci\\u00f3n de\",\"inLanguage\":\"es-ES\",\"isPartOf\":{\"@id\":\"https:\\\/\\\/www.eldigitaldeasturias.com\\\/noticias\\\/#website\"},\"breadcrumb\":{\"@id\":\"https:\\\/\\\/www.eldigitaldeasturias.com\\\/noticias\\\/aragon-comenzara-en-2018-la-reconstruccion-volumetrica-del-yacimiento-de-la-malena-en-azuara\\\/#breadcrumblist\"},\"author\":{\"@id\":\"https:\\\/\\\/www.eldigitaldeasturias.com\\\/noticias\\\/author\\\/admin\\\/#author\"},\"creator\":{\"@id\":\"https:\\\/\\\/www.eldigitaldeasturias.com\\\/noticias\\\/author\\\/admin\\\/#author\"},\"image\":{\"@type\":\"ImageObject\",\"url\":965278,\"@id\":\"https:\\\/\\\/www.eldigitaldeasturias.com\\\/noticias\\\/aragon-comenzara-en-2018-la-reconstruccion-volumetrica-del-yacimiento-de-la-malena-en-azuara\\\/#mainImage\"},\"primaryImageOfPage\":{\"@id\":\"https:\\\/\\\/www.eldigitaldeasturias.com\\\/noticias\\\/aragon-comenzara-en-2018-la-reconstruccion-volumetrica-del-yacimiento-de-la-malena-en-azuara\\\/#mainImage\"},\"datePublished\":\"2018-01-03T09:48:49+01:00\",\"dateModified\":\"2018-01-03T09:48:49+01:00\"},{\"@type\":\"WebSite\",\"@id\":\"https:\\\/\\\/www.eldigitaldeasturias.com\\\/noticias\\\/#website\",\"url\":\"https:\\\/\\\/www.eldigitaldeasturias.com\\\/noticias\\\/\",\"name\":\"El Digital de Asturias - Diario de actualidad y noticias\",\"alternateName\":\"El Digital de Asturias - Diario de actualidad y noticias\",\"description\":\"Hemeroteca\",\"inLanguage\":\"es-ES\",\"publisher\":{\"@id\":\"https:\\\/\\\/www.eldigitaldeasturias.com\\\/noticias\\\/#organization\"}}]}\n\t\t<\/script>\n\t\t<!-- All in One SEO Pro -->\r\n\t\t<title>Arag\u00f3n comenzar\u00e1 en 2018 la reconstrucci\u00f3n volum\u00e9trica del yacimiento de la Malena en Azuara - El Digital de Asturias<\/title>\n\n","aioseo_head_json":{"title":"Arag\u00f3n comenzar\u00e1 en 2018 la reconstrucci\u00f3n volum\u00e9trica del yacimiento de la Malena en Azuara - El Digital de Asturias","description":"El Gobierno de Arag\u00f3n comenzar\u00e1 en 2018 la reconstrucci\u00f3n volum\u00e9trica del yacimiento de la Malena en Azuara (Zaragoza), una soluci\u00f3n para conservar y proteger este bien patrimonial que permitir\u00e1 su apertura al p\u00fablico para facilitar la comprensi\u00f3n cultural del fen\u00f3meno de las villas romanas en la comunidad. El anteproyecto de actuaciones para la protecci\u00f3n de","canonical_url":"https:\/\/www.eldigitaldeasturias.com\/noticias\/aragon-comenzara-en-2018-la-reconstruccion-volumetrica-del-yacimiento-de-la-malena-en-azuara\/","robots":"max-image-preview:large","keywords":"actualidad","webmasterTools":{"google-site-verification":"UA-38556648-1","msvalidate.01":"7dfe9f3f1b24437ab69f4f2559babe99","miscellaneous":""},"schema":{"@context":"https:\/\/schema.org","@graph":[{"@type":"BlogPosting","@id":"https:\/\/www.eldigitaldeasturias.com\/noticias\/aragon-comenzara-en-2018-la-reconstruccion-volumetrica-del-yacimiento-de-la-malena-en-azuara\/#blogposting","name":"Arag\u00f3n comenzar\u00e1 en 2018 la reconstrucci\u00f3n volum\u00e9trica del yacimiento de la Malena en Azuara - El Digital de Asturias","headline":"Arag\u00f3n comenzar\u00e1 en 2018 la reconstrucci\u00f3n volum\u00e9trica del yacimiento de la Malena en Azuara","author":{"@id":"https:\/\/www.eldigitaldeasturias.com\/noticias\/author\/admin\/#author"},"publisher":{"@id":"https:\/\/www.eldigitaldeasturias.com\/noticias\/#organization"},"image":{"@type":"ImageObject","url":965278},"datePublished":"2018-01-03T09:48:49+01:00","dateModified":"2018-01-03T09:48:49+01:00","inLanguage":"es-ES","mainEntityOfPage":{"@id":"https:\/\/www.eldigitaldeasturias.com\/noticias\/aragon-comenzara-en-2018-la-reconstruccion-volumetrica-del-yacimiento-de-la-malena-en-azuara\/#webpage"},"isPartOf":{"@id":"https:\/\/www.eldigitaldeasturias.com\/noticias\/aragon-comenzara-en-2018-la-reconstruccion-volumetrica-del-yacimiento-de-la-malena-en-azuara\/#webpage"},"articleSection":"Actualidad"},{"@type":"BreadcrumbList","@id":"https:\/\/www.eldigitaldeasturias.com\/noticias\/aragon-comenzara-en-2018-la-reconstruccion-volumetrica-del-yacimiento-de-la-malena-en-azuara\/#breadcrumblist","itemListElement":[{"@type":"ListItem","@id":"https:\/\/www.eldigitaldeasturias.com\/noticias#listItem","position":1,"name":"Home","item":"https:\/\/www.eldigitaldeasturias.com\/noticias","nextItem":{"@type":"ListItem","@id":"https:\/\/www.eldigitaldeasturias.com\/noticias\/category\/actualidad\/#listItem","name":"Actualidad"}},{"@type":"ListItem","@id":"https:\/\/www.eldigitaldeasturias.com\/noticias\/category\/actualidad\/#listItem","position":2,"name":"Actualidad","item":"https:\/\/www.eldigitaldeasturias.com\/noticias\/category\/actualidad\/","nextItem":{"@type":"ListItem","@id":"https:\/\/www.eldigitaldeasturias.com\/noticias\/aragon-comenzara-en-2018-la-reconstruccion-volumetrica-del-yacimiento-de-la-malena-en-azuara\/#listItem","name":"Arag\u00f3n comenzar\u00e1 en 2018 la reconstrucci\u00f3n volum\u00e9trica del yacimiento de la Malena en Azuara"},"previousItem":{"@type":"ListItem","@id":"https:\/\/www.eldigitaldeasturias.com\/noticias#listItem","name":"Home"}},{"@type":"ListItem","@id":"https:\/\/www.eldigitaldeasturias.com\/noticias\/aragon-comenzara-en-2018-la-reconstruccion-volumetrica-del-yacimiento-de-la-malena-en-azuara\/#listItem","position":3,"name":"Arag\u00f3n comenzar\u00e1 en 2018 la reconstrucci\u00f3n volum\u00e9trica del yacimiento de la Malena en Azuara","previousItem":{"@type":"ListItem","@id":"https:\/\/www.eldigitaldeasturias.com\/noticias\/category\/actualidad\/#listItem","name":"Actualidad"}}]},{"@type":"Organization","@id":"https:\/\/www.eldigitaldeasturias.com\/noticias\/#organization","name":"El Digital de Asturias","description":"Hemeroteca","url":"https:\/\/www.eldigitaldeasturias.com\/noticias\/","email":"info@eldigitaldeasturias.com","telephone":"+34652131393","logo":{"@type":"ImageObject","url":"https:\/\/www.eldigitaldeasturias.com\/noticias\/wp-content\/uploads\/2020\/12\/EDA.jpg","@id":"https:\/\/www.eldigitaldeasturias.com\/noticias\/aragon-comenzara-en-2018-la-reconstruccion-volumetrica-del-yacimiento-de-la-malena-en-azuara\/#organizationLogo"},"image":{"@id":"https:\/\/www.eldigitaldeasturias.com\/noticias\/aragon-comenzara-en-2018-la-reconstruccion-volumetrica-del-yacimiento-de-la-malena-en-azuara\/#organizationLogo"},"sameAs":["https:\/\/facebook.com\/eldigitaldeasturias","https:\/\/www.youtube.com\/channel\/UCZP-2wLEB9Rv6erhFmqVnvg"],"address":{"@id":"https:\/\/www.eldigitaldeasturias.com\/noticias\/#postaladdress","@type":"PostalAddress","streetAddress":"san antonio 4","postalCode":"33430","addressLocality":"Cand\u00e1s","addressRegion":"Asturias","addressCountry":"ES"}},{"@type":"Person","@id":"https:\/\/www.eldigitaldeasturias.com\/noticias\/author\/admin\/#author","url":"https:\/\/www.eldigitaldeasturias.com\/noticias\/author\/admin\/","name":"El Digital de Asturias","image":{"@type":"ImageObject","@id":"https:\/\/www.eldigitaldeasturias.com\/noticias\/aragon-comenzara-en-2018-la-reconstruccion-volumetrica-del-yacimiento-de-la-malena-en-azuara\/#authorImage","url":"https:\/\/secure.gravatar.com\/avatar\/df2aeffc32bcd13f8d26072ef8a91b623d677766deac7f97ca815868cd41bf5e?s=96&d=mm&r=g","width":96,"height":96,"caption":"El Digital de Asturias"}},{"@type":"WebPage","@id":"https:\/\/www.eldigitaldeasturias.com\/noticias\/aragon-comenzara-en-2018-la-reconstruccion-volumetrica-del-yacimiento-de-la-malena-en-azuara\/#webpage","url":"https:\/\/www.eldigitaldeasturias.com\/noticias\/aragon-comenzara-en-2018-la-reconstruccion-volumetrica-del-yacimiento-de-la-malena-en-azuara\/","name":"Arag\u00f3n comenzar\u00e1 en 2018 la reconstrucci\u00f3n volum\u00e9trica del yacimiento de la Malena en Azuara - El Digital de Asturias","description":"El Gobierno de Arag\u00f3n comenzar\u00e1 en 2018 la reconstrucci\u00f3n volum\u00e9trica del yacimiento de la Malena en Azuara (Zaragoza), una soluci\u00f3n para conservar y proteger este bien patrimonial que permitir\u00e1 su apertura al p\u00fablico para facilitar la comprensi\u00f3n cultural del fen\u00f3meno de las villas romanas en la comunidad. El anteproyecto de actuaciones para la protecci\u00f3n de","inLanguage":"es-ES","isPartOf":{"@id":"https:\/\/www.eldigitaldeasturias.com\/noticias\/#website"},"breadcrumb":{"@id":"https:\/\/www.eldigitaldeasturias.com\/noticias\/aragon-comenzara-en-2018-la-reconstruccion-volumetrica-del-yacimiento-de-la-malena-en-azuara\/#breadcrumblist"},"author":{"@id":"https:\/\/www.eldigitaldeasturias.com\/noticias\/author\/admin\/#author"},"creator":{"@id":"https:\/\/www.eldigitaldeasturias.com\/noticias\/author\/admin\/#author"},"image":{"@type":"ImageObject","url":965278,"@id":"https:\/\/www.eldigitaldeasturias.com\/noticias\/aragon-comenzara-en-2018-la-reconstruccion-volumetrica-del-yacimiento-de-la-malena-en-azuara\/#mainImage"},"primaryImageOfPage":{"@id":"https:\/\/www.eldigitaldeasturias.com\/noticias\/aragon-comenzara-en-2018-la-reconstruccion-volumetrica-del-yacimiento-de-la-malena-en-azuara\/#mainImage"},"datePublished":"2018-01-03T09:48:49+01:00","dateModified":"2018-01-03T09:48:49+01:00"},{"@type":"WebSite","@id":"https:\/\/www.eldigitaldeasturias.com\/noticias\/#website","url":"https:\/\/www.eldigitaldeasturias.com\/noticias\/","name":"El Digital de Asturias - Diario de actualidad y noticias","alternateName":"El Digital de Asturias - Diario de actualidad y noticias","description":"Hemeroteca","inLanguage":"es-ES","publisher":{"@id":"https:\/\/www.eldigitaldeasturias.com\/noticias\/#organization"}}]},"og:locale":"es_ES","og:site_name":"El Digital de Asturias","og:type":"article","og:title":"Arag\u00f3n comenzar\u00e1 en 2018 la reconstrucci\u00f3n volum\u00e9trica del yacimiento de la Malena en Azuara - El Digital de Asturias","og:description":"El Gobierno de Arag\u00f3n comenzar\u00e1 en 2018 la reconstrucci\u00f3n volum\u00e9trica del yacimiento de la Malena en Azuara (Zaragoza), una soluci\u00f3n para conservar y proteger este bien patrimonial que permitir\u00e1 su apertura al p\u00fablico para facilitar la comprensi\u00f3n cultural del fen\u00f3meno de las villas romanas en la comunidad. El anteproyecto de actuaciones para la protecci\u00f3n de","og:url":"https:\/\/www.eldigitaldeasturias.com\/noticias\/aragon-comenzara-en-2018-la-reconstruccion-volumetrica-del-yacimiento-de-la-malena-en-azuara\/","article:tag":["actualidad"],"article:published_time":"2018-01-03T09:48:49+00:00","article:modified_time":"2018-01-03T09:48:49+00:00","article:publisher":"https:\/\/facebook.com\/eldigitaldeasturias","twitter:card":"summary_large_image","twitter:title":"Arag\u00f3n comenzar\u00e1 en 2018 la reconstrucci\u00f3n volum\u00e9trica del yacimiento de la Malena en Azuara - El Digital de Asturias","twitter:description":"El Gobierno de Arag\u00f3n comenzar\u00e1 en 2018 la reconstrucci\u00f3n volum\u00e9trica del yacimiento de la Malena en Azuara (Zaragoza), una soluci\u00f3n para conservar y proteger este bien patrimonial que permitir\u00e1 su apertura al p\u00fablico para facilitar la comprensi\u00f3n cultural del fen\u00f3meno de las villas romanas en la comunidad. El anteproyecto de actuaciones para la protecci\u00f3n de","twitter:image":"https:\/\/www.eldigitaldeasturias.com\/noticias\/wp-content\/uploads\/2020\/12\/EDA-1.jpg","twitter:label1":"Escrito por","twitter:data1":"El Digital de Asturias","twitter:label2":"Tiempo de lectura estimado","twitter:data2":"4 minutos"},"aioseo_meta_data":{"post_id":"965277","title":null,"description":null,"keywords":null,"keyphrases":null,"primary_term":null,"canonical_url":null,"og_title":null,"og_description":null,"og_object_type":"default","og_image_type":"default","og_image_url":null,"og_image_width":null,"og_image_height":null,"og_image_custom_url":null,"og_image_custom_fields":null,"og_video":null,"og_custom_url":null,"og_article_section":null,"og_article_tags":null,"twitter_use_og":false,"twitter_card":"default","twitter_image_type":"default","twitter_image_url":null,"twitter_image_custom_url":null,"twitter_image_custom_fields":null,"twitter_title":null,"twitter_description":null,"schema":{"blockGraphs":[],"customGraphs":[],"default":{"data":{"Article":[],"Course":[],"Dataset":[],"FAQPage":[],"Movie":[],"Person":[],"Product":[],"ProductReview":[],"Car":[],"Recipe":[],"Service":[],"SoftwareApplication":[],"WebPage":[]},"graphName":"","isEnabled":true},"graphs":[],"defaultGraph":"","defaultPostTypeGraph":""},"schema_type":null,"schema_type_options":null,"pillar_content":false,"robots_default":true,"robots_noindex":false,"robots_noarchive":false,"robots_nosnippet":false,"robots_nofollow":false,"robots_noimageindex":false,"robots_noodp":false,"robots_notranslate":false,"robots_max_snippet":null,"robots_max_videopreview":null,"robots_max_imagepreview":"large","priority":null,"frequency":null,"local_seo":null,"seo_analyzer_scan_date":"2025-12-07 22:53:07","breadcrumb_settings":null,"limit_modified_date":false,"open_ai":null,"ai":null,"created":"2020-12-21 12:38:37","updated":"2025-12-07 22:53:07","focus_keyword":null,"additional_keywords":null,"truseo_locale":null},"aioseo_breadcrumb":"<div class=\"aioseo-breadcrumbs\"><span class=\"aioseo-breadcrumb\">\n\t<a href=\"https:\/\/www.eldigitaldeasturias.com\/noticias\" title=\"Home\">Home<\/a>\n<\/span><span class=\"aioseo-breadcrumb-separator\">\u2013<\/span><span class=\"aioseo-breadcrumb\">\n\t<a href=\"https:\/\/www.eldigitaldeasturias.com\/noticias\/category\/actualidad\/\" title=\"Actualidad\">Actualidad<\/a>\n<\/span><span class=\"aioseo-breadcrumb-separator\">\u2013<\/span><span class=\"aioseo-breadcrumb\">\n\t<a href=\"https:\/\/www.eldigitaldeasturias.com\/noticias\/aragon-comenzara-en-2018-la-reconstruccion-volumetrica-del-yacimiento-de-la-malena-en-azuara\/\" title=\"Arag\u00f3n comenzar\u00e1 en 2018 la reconstrucci\u00f3n volum\u00e9trica del yacimiento de la Malena en Azuara\">Arag\u00f3n comenzar\u00e1 en 2018 la reconstrucci\u00f3n volum\u00e9trica del yacimiento de la Malena en Azuara<\/a>\n<\/span><\/div>","aioseo_breadcrumb_json":[{"label":"Home","link":"https:\/\/www.eldigitaldeasturias.com\/noticias"},{"label":"Actualidad","link":"https:\/\/www.eldigitaldeasturias.com\/noticias\/category\/actualidad\/"},{"label":"Arag\u00f3n comenzar\u00e1 en 2018 la reconstrucci\u00f3n volum\u00e9trica del yacimiento de la Malena en Azuara","link":"https:\/\/www.eldigitaldeasturias.com\/noticias\/aragon-comenzara-en-2018-la-reconstruccion-volumetrica-del-yacimiento-de-la-malena-en-azuara\/"}],"_links":{"self":[{"href":"https:\/\/www.eldigitaldeasturias.com\/noticias\/wp-json\/wp\/v2\/posts\/965277","targetHints":{"allow":["GET"]}}],"collection":[{"href":"https:\/\/www.eldigitaldeasturias.com\/noticias\/wp-json\/wp\/v2\/posts"}],"about":[{"href":"https:\/\/www.eldigitaldeasturias.com\/noticias\/wp-json\/wp\/v2\/types\/post"}],"author":[{"embeddable":true,"href":"https:\/\/www.eldigitaldeasturias.com\/noticias\/wp-json\/wp\/v2\/users\/1"}],"replies":[{"embeddable":true,"href":"https:\/\/www.eldigitaldeasturias.com\/noticias\/wp-json\/wp\/v2\/comments?post=965277"}],"version-history":[{"count":0,"href":"https:\/\/www.eldigitaldeasturias.com\/noticias\/wp-json\/wp\/v2\/posts\/965277\/revisions"}],"wp:attachment":[{"href":"https:\/\/www.eldigitaldeasturias.com\/noticias\/wp-json\/wp\/v2\/media?parent=965277"}],"wp:term":[{"taxonomy":"category","embeddable":true,"href":"https:\/\/www.eldigitaldeasturias.com\/noticias\/wp-json\/wp\/v2\/categories?post=965277"},{"taxonomy":"post_tag","embeddable":true,"href":"https:\/\/www.eldigitaldeasturias.com\/noticias\/wp-json\/wp\/v2\/tags?post=965277"}],"curies":[{"name":"wp","href":"https:\/\/api.w.org\/{rel}","templated":true}]}}