{"id":965046,"date":"2017-12-31T23:01:23","date_gmt":"2017-12-31T23:01:23","guid":{"rendered":"http:\/\/www.eldigitaldeasturias.com\/noticias\/?p=965046"},"modified":"2017-12-31T23:01:23","modified_gmt":"2017-12-31T23:01:23","slug":"mendez-de-vigo-lamenta-la-muerte-del-actor-pedro-osinaga","status":"publish","type":"post","link":"https:\/\/www.eldigitaldeasturias.com\/noticias\/mendez-de-vigo-lamenta-la-muerte-del-actor-pedro-osinaga\/","title":{"rendered":"M\u00e9ndez de Vigo lamenta la muerte del actor Pedro Osinaga"},"content":{"rendered":"<p><img loading=\"lazy\" decoding=\"async\" class=\"alignleft size-medium wp-image-965047\" src=\"https:\/\/www.eldigitaldeasturias.com\/noticias\/wp-content\/uploads\/2017\/12\/2301216-vigo-360x239.jpg\" alt=\"\" width=\"360\" height=\"239\" \/>Al conocer la muerte de Pedro Osinaga, el ministro de Educaci\u00f3n, Cultura y Deporte, \u00cd\u00f1igo M\u00e9ndez de Vigo, ha transmitido a la familia del actor sus condolencias por tan triste p\u00e9rdida.<\/p>\n<p>\u200bPara M\u00e9ndez de Vigo \u00abpensar en Osinaga es pensar en uno de los grandes actores populares de la escena espa\u00f1ola. Se lo gan\u00f3 a pulso por su dedicaci\u00f3n sobre los escenarios, particularmente en el Teatro Maravillas donde represent\u00f3 durante m\u00e1s de una d\u00e9cada la obra \u00abS\u00e9 infiel y no mires con qui\u00e9n\u00bb, bajo la direcci\u00f3n de V\u00edctor Andr\u00e9s Catena. Una obra que tuvo un gran \u00e9xito tambi\u00e9n en su gira por Espa\u00f1a, lo que contribuy\u00f3 a esparcir el talento de Osinaga\u00bb.<\/p>\n<p>\u00abAdem\u00e1s del teatro, el cine y la televisi\u00f3n consolidaron al actor navarro en las mentes de muchos espa\u00f1oles, -ha dicho el ministro-. En particular recuerdo su excelente trabajo en \u00abDoce hombres sin piedad\u00bb de Estudio 1, con los m\u00e1s importantes actores de la escena del momento; aunque realiz\u00f3 un amplio n\u00famero de trabajos que han dejado su impronta en nuestro pa\u00eds\u00bb.<\/p>\n<p>\u00abPor su buen hacer y su amor a la profesi\u00f3n le fue concedida en 1999 la Medalla de Oro de las Bellas Artes que otorga el Ministerio que hoy dirijo\u00bb, ha se\u00f1alado el ministro.<\/p>\n","protected":false},"excerpt":{"rendered":"<p>Al conocer la muerte de Pedro Osinaga, el ministro de Educaci\u00f3n, Cultura y Deporte, \u00cd\u00f1igo M\u00e9ndez de Vigo, ha transmitido a la familia del actor sus condolencias por tan triste p\u00e9rdida. \u200bPara M\u00e9ndez de Vigo \u00abpensar en Osinaga es pensar en uno de los grandes actores populares de la escena espa\u00f1ola. Se lo gan\u00f3 a [&hellip;]<\/p>\n","protected":false},"author":1,"featured_media":965047,"comment_status":"closed","ping_status":"closed","sticky":false,"template":"","format":"standard","meta":{"footnotes":""},"categories":[1],"tags":[],"class_list":["post-965046","post","type-post","status-publish","format-standard","has-post-thumbnail","hentry","category-actualidad"],"aioseo_notices":[],"aioseo_head":"\n\t\t<!-- All in One SEO Pro 5.0.1 - aioseo.com -->\n\t<meta name=\"description\" content=\"Al conocer la muerte de Pedro Osinaga, el ministro de Educaci\u00f3n, Cultura y Deporte, \u00cd\u00f1igo M\u00e9ndez de Vigo, ha transmitido a la familia del actor sus condolencias por tan triste p\u00e9rdida. \u200bPara M\u00e9ndez de Vigo &quot;pensar en Osinaga es pensar en uno de los grandes actores populares de la escena espa\u00f1ola. Se lo gan\u00f3 a\" \/>\n\t<meta name=\"robots\" content=\"max-image-preview:large\" \/>\n\t<meta name=\"author\" content=\"El Digital de Asturias\"\/>\n\t<meta name=\"google-site-verification\" content=\"UA-38556648-1\" \/>\n\t<meta name=\"msvalidate.01\" content=\"7dfe9f3f1b24437ab69f4f2559babe99\" \/>\n\t<meta name=\"keywords\" content=\"actualidad\" \/>\n\t<link rel=\"canonical\" href=\"https:\/\/www.eldigitaldeasturias.com\/noticias\/mendez-de-vigo-lamenta-la-muerte-del-actor-pedro-osinaga\/\" \/>\n\t<meta name=\"generator\" content=\"All in One SEO Pro (AIOSEO) 5.0.1\" \/>\n\t\t<meta property=\"og:locale\" content=\"es_ES\" \/>\n\t\t<meta property=\"og:site_name\" content=\"El Digital de Asturias\" \/>\n\t\t<meta property=\"og:type\" content=\"article\" \/>\n\t\t<meta property=\"og:title\" content=\"M\u00e9ndez de Vigo lamenta la muerte del actor Pedro Osinaga - El Digital de Asturias\" \/>\n\t\t<meta property=\"og:description\" content=\"Al conocer la muerte de Pedro Osinaga, el ministro de Educaci\u00f3n, Cultura y Deporte, \u00cd\u00f1igo M\u00e9ndez de Vigo, ha transmitido a la familia del actor sus condolencias por tan triste p\u00e9rdida. \u200bPara M\u00e9ndez de Vigo &quot;pensar en Osinaga es pensar en uno de los grandes actores populares de la escena espa\u00f1ola. Se lo gan\u00f3 a\" \/>\n\t\t<meta property=\"og:url\" content=\"https:\/\/www.eldigitaldeasturias.com\/noticias\/mendez-de-vigo-lamenta-la-muerte-del-actor-pedro-osinaga\/\" \/>\n\t\t<meta property=\"article:tag\" content=\"actualidad\" \/>\n\t\t<meta property=\"article:published_time\" content=\"2017-12-31T23:01:23+00:00\" \/>\n\t\t<meta property=\"article:modified_time\" content=\"2017-12-31T23:01:23+00:00\" \/>\n\t\t<meta property=\"article:publisher\" content=\"https:\/\/facebook.com\/eldigitaldeasturias\" \/>\n\t\t<meta name=\"twitter:card\" content=\"summary_large_image\" \/>\n\t\t<meta name=\"twitter:title\" content=\"M\u00e9ndez de Vigo lamenta la muerte del actor Pedro Osinaga - El Digital de Asturias\" \/>\n\t\t<meta name=\"twitter:description\" content=\"Al conocer la muerte de Pedro Osinaga, el ministro de Educaci\u00f3n, Cultura y Deporte, \u00cd\u00f1igo M\u00e9ndez de Vigo, ha transmitido a la familia del actor sus condolencias por tan triste p\u00e9rdida. \u200bPara M\u00e9ndez de Vigo &quot;pensar en Osinaga es pensar en uno de los grandes actores populares de la escena espa\u00f1ola. Se lo gan\u00f3 a\" \/>\n\t\t<meta name=\"twitter:image\" content=\"https:\/\/www.eldigitaldeasturias.com\/noticias\/wp-content\/uploads\/2020\/12\/EDA-1.jpg\" \/>\n\t\t<meta name=\"twitter:label1\" content=\"Escrito por\" \/>\n\t\t<meta name=\"twitter:data1\" content=\"El Digital de Asturias\" \/>\n\t\t<meta name=\"twitter:label2\" content=\"Tiempo de lectura estimado\" \/>\n\t\t<meta name=\"twitter:data2\" content=\"1 minuto\" \/>\n\t\t<script type=\"application\/ld+json\" class=\"aioseo-schema\">\n\t\t\t{\"@context\":\"https:\\\/\\\/schema.org\",\"@graph\":[{\"@type\":\"BlogPosting\",\"@id\":\"https:\\\/\\\/www.eldigitaldeasturias.com\\\/noticias\\\/mendez-de-vigo-lamenta-la-muerte-del-actor-pedro-osinaga\\\/#blogposting\",\"name\":\"M\\u00e9ndez de Vigo lamenta la muerte del actor Pedro Osinaga - El Digital de Asturias\",\"headline\":\"M\\u00e9ndez de Vigo lamenta la muerte del actor Pedro Osinaga\",\"author\":{\"@id\":\"https:\\\/\\\/www.eldigitaldeasturias.com\\\/noticias\\\/author\\\/admin\\\/#author\"},\"publisher\":{\"@id\":\"https:\\\/\\\/www.eldigitaldeasturias.com\\\/noticias\\\/#organization\"},\"image\":{\"@type\":\"ImageObject\",\"url\":965047},\"datePublished\":\"2017-12-31T23:01:23+01:00\",\"dateModified\":\"2017-12-31T23:01:23+01:00\",\"inLanguage\":\"es-ES\",\"mainEntityOfPage\":{\"@id\":\"https:\\\/\\\/www.eldigitaldeasturias.com\\\/noticias\\\/mendez-de-vigo-lamenta-la-muerte-del-actor-pedro-osinaga\\\/#webpage\"},\"isPartOf\":{\"@id\":\"https:\\\/\\\/www.eldigitaldeasturias.com\\\/noticias\\\/mendez-de-vigo-lamenta-la-muerte-del-actor-pedro-osinaga\\\/#webpage\"},\"articleSection\":\"Actualidad\"},{\"@type\":\"BreadcrumbList\",\"@id\":\"https:\\\/\\\/www.eldigitaldeasturias.com\\\/noticias\\\/mendez-de-vigo-lamenta-la-muerte-del-actor-pedro-osinaga\\\/#breadcrumblist\",\"itemListElement\":[{\"@type\":\"ListItem\",\"@id\":\"https:\\\/\\\/www.eldigitaldeasturias.com\\\/noticias#listItem\",\"position\":1,\"name\":\"Home\",\"item\":\"https:\\\/\\\/www.eldigitaldeasturias.com\\\/noticias\",\"nextItem\":{\"@type\":\"ListItem\",\"@id\":\"https:\\\/\\\/www.eldigitaldeasturias.com\\\/noticias\\\/category\\\/actualidad\\\/#listItem\",\"name\":\"Actualidad\"}},{\"@type\":\"ListItem\",\"@id\":\"https:\\\/\\\/www.eldigitaldeasturias.com\\\/noticias\\\/category\\\/actualidad\\\/#listItem\",\"position\":2,\"name\":\"Actualidad\",\"item\":\"https:\\\/\\\/www.eldigitaldeasturias.com\\\/noticias\\\/category\\\/actualidad\\\/\",\"nextItem\":{\"@type\":\"ListItem\",\"@id\":\"https:\\\/\\\/www.eldigitaldeasturias.com\\\/noticias\\\/mendez-de-vigo-lamenta-la-muerte-del-actor-pedro-osinaga\\\/#listItem\",\"name\":\"M\\u00e9ndez de Vigo lamenta la muerte del actor Pedro Osinaga\"},\"previousItem\":{\"@type\":\"ListItem\",\"@id\":\"https:\\\/\\\/www.eldigitaldeasturias.com\\\/noticias#listItem\",\"name\":\"Home\"}},{\"@type\":\"ListItem\",\"@id\":\"https:\\\/\\\/www.eldigitaldeasturias.com\\\/noticias\\\/mendez-de-vigo-lamenta-la-muerte-del-actor-pedro-osinaga\\\/#listItem\",\"position\":3,\"name\":\"M\\u00e9ndez de Vigo lamenta la muerte del actor Pedro Osinaga\",\"previousItem\":{\"@type\":\"ListItem\",\"@id\":\"https:\\\/\\\/www.eldigitaldeasturias.com\\\/noticias\\\/category\\\/actualidad\\\/#listItem\",\"name\":\"Actualidad\"}}]},{\"@type\":\"Organization\",\"@id\":\"https:\\\/\\\/www.eldigitaldeasturias.com\\\/noticias\\\/#organization\",\"name\":\"El Digital de Asturias\",\"description\":\"Hemeroteca\",\"url\":\"https:\\\/\\\/www.eldigitaldeasturias.com\\\/noticias\\\/\",\"email\":\"info@eldigitaldeasturias.com\",\"telephone\":\"+34652131393\",\"logo\":{\"@type\":\"ImageObject\",\"url\":\"https:\\\/\\\/www.eldigitaldeasturias.com\\\/noticias\\\/wp-content\\\/uploads\\\/2020\\\/12\\\/EDA.jpg\",\"@id\":\"https:\\\/\\\/www.eldigitaldeasturias.com\\\/noticias\\\/mendez-de-vigo-lamenta-la-muerte-del-actor-pedro-osinaga\\\/#organizationLogo\"},\"image\":{\"@id\":\"https:\\\/\\\/www.eldigitaldeasturias.com\\\/noticias\\\/mendez-de-vigo-lamenta-la-muerte-del-actor-pedro-osinaga\\\/#organizationLogo\"},\"sameAs\":[\"https:\\\/\\\/facebook.com\\\/eldigitaldeasturias\",\"https:\\\/\\\/www.youtube.com\\\/channel\\\/UCZP-2wLEB9Rv6erhFmqVnvg\"],\"address\":{\"@id\":\"https:\\\/\\\/www.eldigitaldeasturias.com\\\/noticias\\\/#postaladdress\",\"@type\":\"PostalAddress\",\"streetAddress\":\"san antonio 4\",\"postalCode\":\"33430\",\"addressLocality\":\"Cand\\u00e1s\",\"addressRegion\":\"Asturias\",\"addressCountry\":\"ES\"}},{\"@type\":\"Person\",\"@id\":\"https:\\\/\\\/www.eldigitaldeasturias.com\\\/noticias\\\/author\\\/admin\\\/#author\",\"url\":\"https:\\\/\\\/www.eldigitaldeasturias.com\\\/noticias\\\/author\\\/admin\\\/\",\"name\":\"El Digital de Asturias\",\"image\":{\"@type\":\"ImageObject\",\"@id\":\"https:\\\/\\\/www.eldigitaldeasturias.com\\\/noticias\\\/mendez-de-vigo-lamenta-la-muerte-del-actor-pedro-osinaga\\\/#authorImage\",\"url\":\"https:\\\/\\\/secure.gravatar.com\\\/avatar\\\/df2aeffc32bcd13f8d26072ef8a91b623d677766deac7f97ca815868cd41bf5e?s=96&d=mm&r=g\",\"width\":96,\"height\":96,\"caption\":\"El Digital de Asturias\"}},{\"@type\":\"WebPage\",\"@id\":\"https:\\\/\\\/www.eldigitaldeasturias.com\\\/noticias\\\/mendez-de-vigo-lamenta-la-muerte-del-actor-pedro-osinaga\\\/#webpage\",\"url\":\"https:\\\/\\\/www.eldigitaldeasturias.com\\\/noticias\\\/mendez-de-vigo-lamenta-la-muerte-del-actor-pedro-osinaga\\\/\",\"name\":\"M\\u00e9ndez de Vigo lamenta la muerte del actor Pedro Osinaga - El Digital de Asturias\",\"description\":\"Al conocer la muerte de Pedro Osinaga, el ministro de Educaci\\u00f3n, Cultura y Deporte, \\u00cd\\u00f1igo M\\u00e9ndez de Vigo, ha transmitido a la familia del actor sus condolencias por tan triste p\\u00e9rdida. \\u200bPara M\\u00e9ndez de Vigo \\\"pensar en Osinaga es pensar en uno de los grandes actores populares de la escena espa\\u00f1ola. Se lo gan\\u00f3 a\",\"inLanguage\":\"es-ES\",\"isPartOf\":{\"@id\":\"https:\\\/\\\/www.eldigitaldeasturias.com\\\/noticias\\\/#website\"},\"breadcrumb\":{\"@id\":\"https:\\\/\\\/www.eldigitaldeasturias.com\\\/noticias\\\/mendez-de-vigo-lamenta-la-muerte-del-actor-pedro-osinaga\\\/#breadcrumblist\"},\"author\":{\"@id\":\"https:\\\/\\\/www.eldigitaldeasturias.com\\\/noticias\\\/author\\\/admin\\\/#author\"},\"creator\":{\"@id\":\"https:\\\/\\\/www.eldigitaldeasturias.com\\\/noticias\\\/author\\\/admin\\\/#author\"},\"image\":{\"@type\":\"ImageObject\",\"url\":965047,\"@id\":\"https:\\\/\\\/www.eldigitaldeasturias.com\\\/noticias\\\/mendez-de-vigo-lamenta-la-muerte-del-actor-pedro-osinaga\\\/#mainImage\"},\"primaryImageOfPage\":{\"@id\":\"https:\\\/\\\/www.eldigitaldeasturias.com\\\/noticias\\\/mendez-de-vigo-lamenta-la-muerte-del-actor-pedro-osinaga\\\/#mainImage\"},\"datePublished\":\"2017-12-31T23:01:23+01:00\",\"dateModified\":\"2017-12-31T23:01:23+01:00\"},{\"@type\":\"WebSite\",\"@id\":\"https:\\\/\\\/www.eldigitaldeasturias.com\\\/noticias\\\/#website\",\"url\":\"https:\\\/\\\/www.eldigitaldeasturias.com\\\/noticias\\\/\",\"name\":\"El Digital de Asturias - Diario de actualidad y noticias\",\"alternateName\":\"El Digital de Asturias - Diario de actualidad y noticias\",\"description\":\"Hemeroteca\",\"inLanguage\":\"es-ES\",\"publisher\":{\"@id\":\"https:\\\/\\\/www.eldigitaldeasturias.com\\\/noticias\\\/#organization\"}}]}\n\t\t<\/script>\n\t\t<!-- All in One SEO Pro -->\r\n\t\t<title>M\u00e9ndez de Vigo lamenta la muerte del actor Pedro Osinaga - El Digital de Asturias<\/title>\n\n","aioseo_head_json":{"title":"M\u00e9ndez de Vigo lamenta la muerte del actor Pedro Osinaga - El Digital de Asturias","description":"Al conocer la muerte de Pedro Osinaga, el ministro de Educaci\u00f3n, Cultura y Deporte, \u00cd\u00f1igo M\u00e9ndez de Vigo, ha transmitido a la familia del actor sus condolencias por tan triste p\u00e9rdida. \u200bPara M\u00e9ndez de Vigo \"pensar en Osinaga es pensar en uno de los grandes actores populares de la escena espa\u00f1ola. Se lo gan\u00f3 a","canonical_url":"https:\/\/www.eldigitaldeasturias.com\/noticias\/mendez-de-vigo-lamenta-la-muerte-del-actor-pedro-osinaga\/","robots":"max-image-preview:large","keywords":"actualidad","webmasterTools":{"google-site-verification":"UA-38556648-1","msvalidate.01":"7dfe9f3f1b24437ab69f4f2559babe99","miscellaneous":""},"schema":{"@context":"https:\/\/schema.org","@graph":[{"@type":"BlogPosting","@id":"https:\/\/www.eldigitaldeasturias.com\/noticias\/mendez-de-vigo-lamenta-la-muerte-del-actor-pedro-osinaga\/#blogposting","name":"M\u00e9ndez de Vigo lamenta la muerte del actor Pedro Osinaga - El Digital de Asturias","headline":"M\u00e9ndez de Vigo lamenta la muerte del actor Pedro Osinaga","author":{"@id":"https:\/\/www.eldigitaldeasturias.com\/noticias\/author\/admin\/#author"},"publisher":{"@id":"https:\/\/www.eldigitaldeasturias.com\/noticias\/#organization"},"image":{"@type":"ImageObject","url":965047},"datePublished":"2017-12-31T23:01:23+01:00","dateModified":"2017-12-31T23:01:23+01:00","inLanguage":"es-ES","mainEntityOfPage":{"@id":"https:\/\/www.eldigitaldeasturias.com\/noticias\/mendez-de-vigo-lamenta-la-muerte-del-actor-pedro-osinaga\/#webpage"},"isPartOf":{"@id":"https:\/\/www.eldigitaldeasturias.com\/noticias\/mendez-de-vigo-lamenta-la-muerte-del-actor-pedro-osinaga\/#webpage"},"articleSection":"Actualidad"},{"@type":"BreadcrumbList","@id":"https:\/\/www.eldigitaldeasturias.com\/noticias\/mendez-de-vigo-lamenta-la-muerte-del-actor-pedro-osinaga\/#breadcrumblist","itemListElement":[{"@type":"ListItem","@id":"https:\/\/www.eldigitaldeasturias.com\/noticias#listItem","position":1,"name":"Home","item":"https:\/\/www.eldigitaldeasturias.com\/noticias","nextItem":{"@type":"ListItem","@id":"https:\/\/www.eldigitaldeasturias.com\/noticias\/category\/actualidad\/#listItem","name":"Actualidad"}},{"@type":"ListItem","@id":"https:\/\/www.eldigitaldeasturias.com\/noticias\/category\/actualidad\/#listItem","position":2,"name":"Actualidad","item":"https:\/\/www.eldigitaldeasturias.com\/noticias\/category\/actualidad\/","nextItem":{"@type":"ListItem","@id":"https:\/\/www.eldigitaldeasturias.com\/noticias\/mendez-de-vigo-lamenta-la-muerte-del-actor-pedro-osinaga\/#listItem","name":"M\u00e9ndez de Vigo lamenta la muerte del actor Pedro Osinaga"},"previousItem":{"@type":"ListItem","@id":"https:\/\/www.eldigitaldeasturias.com\/noticias#listItem","name":"Home"}},{"@type":"ListItem","@id":"https:\/\/www.eldigitaldeasturias.com\/noticias\/mendez-de-vigo-lamenta-la-muerte-del-actor-pedro-osinaga\/#listItem","position":3,"name":"M\u00e9ndez de Vigo lamenta la muerte del actor Pedro Osinaga","previousItem":{"@type":"ListItem","@id":"https:\/\/www.eldigitaldeasturias.com\/noticias\/category\/actualidad\/#listItem","name":"Actualidad"}}]},{"@type":"Organization","@id":"https:\/\/www.eldigitaldeasturias.com\/noticias\/#organization","name":"El Digital de Asturias","description":"Hemeroteca","url":"https:\/\/www.eldigitaldeasturias.com\/noticias\/","email":"info@eldigitaldeasturias.com","telephone":"+34652131393","logo":{"@type":"ImageObject","url":"https:\/\/www.eldigitaldeasturias.com\/noticias\/wp-content\/uploads\/2020\/12\/EDA.jpg","@id":"https:\/\/www.eldigitaldeasturias.com\/noticias\/mendez-de-vigo-lamenta-la-muerte-del-actor-pedro-osinaga\/#organizationLogo"},"image":{"@id":"https:\/\/www.eldigitaldeasturias.com\/noticias\/mendez-de-vigo-lamenta-la-muerte-del-actor-pedro-osinaga\/#organizationLogo"},"sameAs":["https:\/\/facebook.com\/eldigitaldeasturias","https:\/\/www.youtube.com\/channel\/UCZP-2wLEB9Rv6erhFmqVnvg"],"address":{"@id":"https:\/\/www.eldigitaldeasturias.com\/noticias\/#postaladdress","@type":"PostalAddress","streetAddress":"san antonio 4","postalCode":"33430","addressLocality":"Cand\u00e1s","addressRegion":"Asturias","addressCountry":"ES"}},{"@type":"Person","@id":"https:\/\/www.eldigitaldeasturias.com\/noticias\/author\/admin\/#author","url":"https:\/\/www.eldigitaldeasturias.com\/noticias\/author\/admin\/","name":"El Digital de Asturias","image":{"@type":"ImageObject","@id":"https:\/\/www.eldigitaldeasturias.com\/noticias\/mendez-de-vigo-lamenta-la-muerte-del-actor-pedro-osinaga\/#authorImage","url":"https:\/\/secure.gravatar.com\/avatar\/df2aeffc32bcd13f8d26072ef8a91b623d677766deac7f97ca815868cd41bf5e?s=96&d=mm&r=g","width":96,"height":96,"caption":"El Digital de Asturias"}},{"@type":"WebPage","@id":"https:\/\/www.eldigitaldeasturias.com\/noticias\/mendez-de-vigo-lamenta-la-muerte-del-actor-pedro-osinaga\/#webpage","url":"https:\/\/www.eldigitaldeasturias.com\/noticias\/mendez-de-vigo-lamenta-la-muerte-del-actor-pedro-osinaga\/","name":"M\u00e9ndez de Vigo lamenta la muerte del actor Pedro Osinaga - El Digital de Asturias","description":"Al conocer la muerte de Pedro Osinaga, el ministro de Educaci\u00f3n, Cultura y Deporte, \u00cd\u00f1igo M\u00e9ndez de Vigo, ha transmitido a la familia del actor sus condolencias por tan triste p\u00e9rdida. \u200bPara M\u00e9ndez de Vigo \"pensar en Osinaga es pensar en uno de los grandes actores populares de la escena espa\u00f1ola. Se lo gan\u00f3 a","inLanguage":"es-ES","isPartOf":{"@id":"https:\/\/www.eldigitaldeasturias.com\/noticias\/#website"},"breadcrumb":{"@id":"https:\/\/www.eldigitaldeasturias.com\/noticias\/mendez-de-vigo-lamenta-la-muerte-del-actor-pedro-osinaga\/#breadcrumblist"},"author":{"@id":"https:\/\/www.eldigitaldeasturias.com\/noticias\/author\/admin\/#author"},"creator":{"@id":"https:\/\/www.eldigitaldeasturias.com\/noticias\/author\/admin\/#author"},"image":{"@type":"ImageObject","url":965047,"@id":"https:\/\/www.eldigitaldeasturias.com\/noticias\/mendez-de-vigo-lamenta-la-muerte-del-actor-pedro-osinaga\/#mainImage"},"primaryImageOfPage":{"@id":"https:\/\/www.eldigitaldeasturias.com\/noticias\/mendez-de-vigo-lamenta-la-muerte-del-actor-pedro-osinaga\/#mainImage"},"datePublished":"2017-12-31T23:01:23+01:00","dateModified":"2017-12-31T23:01:23+01:00"},{"@type":"WebSite","@id":"https:\/\/www.eldigitaldeasturias.com\/noticias\/#website","url":"https:\/\/www.eldigitaldeasturias.com\/noticias\/","name":"El Digital de Asturias - Diario de actualidad y noticias","alternateName":"El Digital de Asturias - Diario de actualidad y noticias","description":"Hemeroteca","inLanguage":"es-ES","publisher":{"@id":"https:\/\/www.eldigitaldeasturias.com\/noticias\/#organization"}}]},"og:locale":"es_ES","og:site_name":"El Digital de Asturias","og:type":"article","og:title":"M\u00e9ndez de Vigo lamenta la muerte del actor Pedro Osinaga - El Digital de Asturias","og:description":"Al conocer la muerte de Pedro Osinaga, el ministro de Educaci\u00f3n, Cultura y Deporte, \u00cd\u00f1igo M\u00e9ndez de Vigo, ha transmitido a la familia del actor sus condolencias por tan triste p\u00e9rdida. \u200bPara M\u00e9ndez de Vigo &quot;pensar en Osinaga es pensar en uno de los grandes actores populares de la escena espa\u00f1ola. Se lo gan\u00f3 a","og:url":"https:\/\/www.eldigitaldeasturias.com\/noticias\/mendez-de-vigo-lamenta-la-muerte-del-actor-pedro-osinaga\/","article:tag":["actualidad"],"article:published_time":"2017-12-31T23:01:23+00:00","article:modified_time":"2017-12-31T23:01:23+00:00","article:publisher":"https:\/\/facebook.com\/eldigitaldeasturias","twitter:card":"summary_large_image","twitter:title":"M\u00e9ndez de Vigo lamenta la muerte del actor Pedro Osinaga - El Digital de Asturias","twitter:description":"Al conocer la muerte de Pedro Osinaga, el ministro de Educaci\u00f3n, Cultura y Deporte, \u00cd\u00f1igo M\u00e9ndez de Vigo, ha transmitido a la familia del actor sus condolencias por tan triste p\u00e9rdida. \u200bPara M\u00e9ndez de Vigo &quot;pensar en Osinaga es pensar en uno de los grandes actores populares de la escena espa\u00f1ola. Se lo gan\u00f3 a","twitter:image":"https:\/\/www.eldigitaldeasturias.com\/noticias\/wp-content\/uploads\/2020\/12\/EDA-1.jpg","twitter:label1":"Escrito por","twitter:data1":"El Digital de Asturias","twitter:label2":"Tiempo de lectura estimado","twitter:data2":"1 minuto"},"aioseo_meta_data":{"post_id":"965046","title":null,"description":null,"keywords":null,"keyphrases":null,"primary_term":null,"canonical_url":null,"og_title":null,"og_description":null,"og_object_type":"default","og_image_type":"default","og_image_url":null,"og_image_width":null,"og_image_height":null,"og_image_custom_url":null,"og_image_custom_fields":null,"og_video":null,"og_custom_url":null,"og_article_section":null,"og_article_tags":null,"twitter_use_og":false,"twitter_card":"default","twitter_image_type":"default","twitter_image_url":null,"twitter_image_custom_url":null,"twitter_image_custom_fields":null,"twitter_title":null,"twitter_description":null,"schema":{"blockGraphs":[],"customGraphs":[],"default":{"data":{"Article":[],"Course":[],"Dataset":[],"FAQPage":[],"Movie":[],"Person":[],"Product":[],"ProductReview":[],"Car":[],"Recipe":[],"Service":[],"SoftwareApplication":[],"WebPage":[]},"graphName":"","isEnabled":true},"graphs":[],"defaultGraph":"","defaultPostTypeGraph":""},"schema_type":null,"schema_type_options":null,"pillar_content":false,"robots_default":true,"robots_noindex":false,"robots_noarchive":false,"robots_nosnippet":false,"robots_nofollow":false,"robots_noimageindex":false,"robots_noodp":false,"robots_notranslate":false,"robots_max_snippet":null,"robots_max_videopreview":null,"robots_max_imagepreview":"large","priority":null,"frequency":null,"local_seo":null,"seo_analyzer_scan_date":"2025-12-07 22:09:10","breadcrumb_settings":null,"limit_modified_date":false,"open_ai":null,"ai":null,"created":"2020-12-21 12:39:37","updated":"2025-12-07 22:09:10","focus_keyword":null,"additional_keywords":null,"truseo_locale":null},"aioseo_breadcrumb":"<div class=\"aioseo-breadcrumbs\"><span class=\"aioseo-breadcrumb\">\n\t<a href=\"https:\/\/www.eldigitaldeasturias.com\/noticias\" title=\"Home\">Home<\/a>\n<\/span><span class=\"aioseo-breadcrumb-separator\">\u2013<\/span><span class=\"aioseo-breadcrumb\">\n\t<a href=\"https:\/\/www.eldigitaldeasturias.com\/noticias\/category\/actualidad\/\" title=\"Actualidad\">Actualidad<\/a>\n<\/span><span class=\"aioseo-breadcrumb-separator\">\u2013<\/span><span class=\"aioseo-breadcrumb\">\n\t<a href=\"https:\/\/www.eldigitaldeasturias.com\/noticias\/mendez-de-vigo-lamenta-la-muerte-del-actor-pedro-osinaga\/\" title=\"M\u00e9ndez de Vigo lamenta la muerte del actor Pedro Osinaga\">M\u00e9ndez de Vigo lamenta la muerte del actor Pedro Osinaga<\/a>\n<\/span><\/div>","aioseo_breadcrumb_json":[{"label":"Home","link":"https:\/\/www.eldigitaldeasturias.com\/noticias"},{"label":"Actualidad","link":"https:\/\/www.eldigitaldeasturias.com\/noticias\/category\/actualidad\/"},{"label":"M\u00e9ndez de Vigo lamenta la muerte del actor Pedro Osinaga","link":"https:\/\/www.eldigitaldeasturias.com\/noticias\/mendez-de-vigo-lamenta-la-muerte-del-actor-pedro-osinaga\/"}],"_links":{"self":[{"href":"https:\/\/www.eldigitaldeasturias.com\/noticias\/wp-json\/wp\/v2\/posts\/965046","targetHints":{"allow":["GET"]}}],"collection":[{"href":"https:\/\/www.eldigitaldeasturias.com\/noticias\/wp-json\/wp\/v2\/posts"}],"about":[{"href":"https:\/\/www.eldigitaldeasturias.com\/noticias\/wp-json\/wp\/v2\/types\/post"}],"author":[{"embeddable":true,"href":"https:\/\/www.eldigitaldeasturias.com\/noticias\/wp-json\/wp\/v2\/users\/1"}],"replies":[{"embeddable":true,"href":"https:\/\/www.eldigitaldeasturias.com\/noticias\/wp-json\/wp\/v2\/comments?post=965046"}],"version-history":[{"count":0,"href":"https:\/\/www.eldigitaldeasturias.com\/noticias\/wp-json\/wp\/v2\/posts\/965046\/revisions"}],"wp:attachment":[{"href":"https:\/\/www.eldigitaldeasturias.com\/noticias\/wp-json\/wp\/v2\/media?parent=965046"}],"wp:term":[{"taxonomy":"category","embeddable":true,"href":"https:\/\/www.eldigitaldeasturias.com\/noticias\/wp-json\/wp\/v2\/categories?post=965046"},{"taxonomy":"post_tag","embeddable":true,"href":"https:\/\/www.eldigitaldeasturias.com\/noticias\/wp-json\/wp\/v2\/tags?post=965046"}],"curies":[{"name":"wp","href":"https:\/\/api.w.org\/{rel}","templated":true}]}}