{"id":964041,"date":"2017-12-20T19:06:50","date_gmt":"2017-12-20T19:06:50","guid":{"rendered":"http:\/\/www.eldigitaldeasturias.com\/noticias\/?p=964041"},"modified":"2017-12-20T19:06:50","modified_gmt":"2017-12-20T19:06:50","slug":"jimenez-barrios-el-pp-andaluz-tiene-ahora-una-oportunidad-para-recapacitar","status":"publish","type":"post","link":"https:\/\/www.eldigitaldeasturias.com\/noticias\/jimenez-barrios-el-pp-andaluz-tiene-ahora-una-oportunidad-para-recapacitar\/","title":{"rendered":"Jim\u00e9nez Barrios: \u00abEl PP andaluz tiene ahora una oportunidad para recapacitar\u00bb"},"content":{"rendered":"<p><img loading=\"lazy\" decoding=\"async\" class=\"alignleft size-medium wp-image-964042\" src=\"https:\/\/www.eldigitaldeasturias.com\/noticias\/wp-content\/uploads\/2017\/12\/1513773389580Vice-360x239.png\" alt=\"\" width=\"360\" height=\"239\" \/>El vicepresidente de la Junta y consejero de la Presidencia, Administraci\u00f3n Local y Memoria Democr\u00e1tica, Manuel Jim\u00e9nez Barrios, ha denunciado el \u00abincumplimiento flagrante\u00bb del Gobierno central con el nuevo modelo de financiaci\u00f3n. Ante el pleno del Parlamento, el vicepresidente ha recordado que, tras la Conferencia de Presidentes, \u00abel presidente del Gobierno, la vicepresidenta y el ministro de Hacienda comprometieron su palabra y su acci\u00f3n pol\u00edtica para que, antes del 31 de diciembre, hubiese un proyecto de modelo de financiaci\u00f3n sobre el que discutieran las comunidades aut\u00f3nomas\u00bb. Sin embargo, ha lamentado que este compromiso no se haya cumplido y \u00abnadie ha dado una explicaci\u00f3n sensata y entendible sobre por qu\u00e9 no hay sobre la mesa una discusi\u00f3n tan esperada y deseada por las CCAA\u00bb. \u00abNo hay razones y tampoco hay voluntad pol\u00edtica\u00bb, ha apostillado.<\/p>\n<p>Por este motivo, ha pedido al PP-A y a su presidente, Juan Manuel Moreno Bonilla, que \u00abno sigan traicionando a Andaluc\u00eda\u00bb y que cada vez que ejerzan \u00abla reclamaci\u00f3n permanente, en el \u00e1mbito de su propia disposici\u00f3n opositora, la acompa\u00f1en de un compromiso pol\u00edtico\u00bb. \u00abSer\u00eda sensato que cada uno de los portavoces comenzara ofreciendo su responsabilidad pol\u00edtica al servicio de los andaluces, solicitando que haya un nuevo modelo y, a continuaci\u00f3n, pedir aquello que entienden que en su labor opositora tienen que plantear\u00bb.<\/p>\n<p>As\u00ed, ha indicado que el PP-A \u00abno tiene credibilidad en Andaluc\u00eda si no son conscientes de que han contra\u00eddo una enorme responsabilidad con los andaluces a la hora de demandar un nuevo modelo de financiaci\u00f3n, pues nadie discute a estas alturas que esta comunidad es una de las peor financiadas del Estado\u00bb. Jim\u00e9nez Barrios ha concluido asegurando que el PP andaluz tiene ahora \u00abuna oportunidad para recapacitar\u00bb y que \u00ablos andaluces esperan que, por una vez, acierte\u00bb.<\/p>\n","protected":false},"excerpt":{"rendered":"<p>El vicepresidente de la Junta y consejero de la Presidencia, Administraci\u00f3n Local y Memoria Democr\u00e1tica, Manuel Jim\u00e9nez Barrios, ha denunciado el \u00abincumplimiento flagrante\u00bb del Gobierno central con el nuevo modelo de financiaci\u00f3n. Ante el pleno del Parlamento, el vicepresidente ha recordado que, tras la Conferencia de Presidentes, \u00abel presidente del Gobierno, la vicepresidenta y el [&hellip;]<\/p>\n","protected":false},"author":1,"featured_media":964042,"comment_status":"closed","ping_status":"closed","sticky":false,"template":"","format":"standard","meta":{"footnotes":""},"categories":[1],"tags":[],"class_list":["post-964041","post","type-post","status-publish","format-standard","has-post-thumbnail","hentry","category-actualidad"],"aioseo_notices":[],"aioseo_head":"\n\t\t<!-- All in One SEO Pro 5.0.1 - aioseo.com -->\n\t<meta name=\"description\" content=\"El vicepresidente de la Junta y consejero de la Presidencia, Administraci\u00f3n Local y Memoria Democr\u00e1tica, Manuel Jim\u00e9nez Barrios, ha denunciado el &quot;incumplimiento flagrante&quot; del Gobierno central con el nuevo modelo de financiaci\u00f3n. Ante el pleno del Parlamento, el vicepresidente ha recordado que, tras la Conferencia de Presidentes, &quot;el presidente del Gobierno, la vicepresidenta y el\" \/>\n\t<meta name=\"robots\" content=\"max-image-preview:large\" \/>\n\t<meta name=\"author\" content=\"El Digital de Asturias\"\/>\n\t<meta name=\"google-site-verification\" content=\"UA-38556648-1\" \/>\n\t<meta name=\"msvalidate.01\" content=\"7dfe9f3f1b24437ab69f4f2559babe99\" \/>\n\t<meta name=\"keywords\" content=\"actualidad\" \/>\n\t<link rel=\"canonical\" href=\"https:\/\/www.eldigitaldeasturias.com\/noticias\/jimenez-barrios-el-pp-andaluz-tiene-ahora-una-oportunidad-para-recapacitar\/\" \/>\n\t<meta name=\"generator\" content=\"All in One SEO Pro (AIOSEO) 5.0.1\" \/>\n\t\t<meta property=\"og:locale\" content=\"es_ES\" \/>\n\t\t<meta property=\"og:site_name\" content=\"El Digital de Asturias\" \/>\n\t\t<meta property=\"og:type\" content=\"article\" \/>\n\t\t<meta property=\"og:title\" content=\"Jim\u00e9nez Barrios: \u00abEl PP andaluz tiene ahora una oportunidad para recapacitar\u00bb - El Digital de Asturias\" \/>\n\t\t<meta property=\"og:description\" content=\"El vicepresidente de la Junta y consejero de la Presidencia, Administraci\u00f3n Local y Memoria Democr\u00e1tica, Manuel Jim\u00e9nez Barrios, ha denunciado el &quot;incumplimiento flagrante&quot; del Gobierno central con el nuevo modelo de financiaci\u00f3n. Ante el pleno del Parlamento, el vicepresidente ha recordado que, tras la Conferencia de Presidentes, &quot;el presidente del Gobierno, la vicepresidenta y el\" \/>\n\t\t<meta property=\"og:url\" content=\"https:\/\/www.eldigitaldeasturias.com\/noticias\/jimenez-barrios-el-pp-andaluz-tiene-ahora-una-oportunidad-para-recapacitar\/\" \/>\n\t\t<meta property=\"article:tag\" content=\"actualidad\" \/>\n\t\t<meta property=\"article:published_time\" content=\"2017-12-20T19:06:50+00:00\" \/>\n\t\t<meta property=\"article:modified_time\" content=\"2017-12-20T19:06:50+00:00\" \/>\n\t\t<meta property=\"article:publisher\" content=\"https:\/\/facebook.com\/eldigitaldeasturias\" \/>\n\t\t<meta name=\"twitter:card\" content=\"summary_large_image\" \/>\n\t\t<meta name=\"twitter:title\" content=\"Jim\u00e9nez Barrios: \u00abEl PP andaluz tiene ahora una oportunidad para recapacitar\u00bb - El Digital de Asturias\" \/>\n\t\t<meta name=\"twitter:description\" content=\"El vicepresidente de la Junta y consejero de la Presidencia, Administraci\u00f3n Local y Memoria Democr\u00e1tica, Manuel Jim\u00e9nez Barrios, ha denunciado el &quot;incumplimiento flagrante&quot; del Gobierno central con el nuevo modelo de financiaci\u00f3n. Ante el pleno del Parlamento, el vicepresidente ha recordado que, tras la Conferencia de Presidentes, &quot;el presidente del Gobierno, la vicepresidenta y el\" \/>\n\t\t<meta name=\"twitter:image\" content=\"https:\/\/www.eldigitaldeasturias.com\/noticias\/wp-content\/uploads\/2020\/12\/EDA-1.jpg\" \/>\n\t\t<meta name=\"twitter:label1\" content=\"Escrito por\" \/>\n\t\t<meta name=\"twitter:data1\" content=\"El Digital de Asturias\" \/>\n\t\t<meta name=\"twitter:label2\" content=\"Tiempo de lectura estimado\" \/>\n\t\t<meta name=\"twitter:data2\" content=\"2 minutos\" \/>\n\t\t<script type=\"application\/ld+json\" class=\"aioseo-schema\">\n\t\t\t{\"@context\":\"https:\\\/\\\/schema.org\",\"@graph\":[{\"@type\":\"BlogPosting\",\"@id\":\"https:\\\/\\\/www.eldigitaldeasturias.com\\\/noticias\\\/jimenez-barrios-el-pp-andaluz-tiene-ahora-una-oportunidad-para-recapacitar\\\/#blogposting\",\"name\":\"Jim\\u00e9nez Barrios: \\u00abEl PP andaluz tiene ahora una oportunidad para recapacitar\\u00bb - El Digital de Asturias\",\"headline\":\"Jim\\u00e9nez Barrios: \\u00abEl PP andaluz tiene ahora una oportunidad para recapacitar\\u00bb\",\"author\":{\"@id\":\"https:\\\/\\\/www.eldigitaldeasturias.com\\\/noticias\\\/author\\\/admin\\\/#author\"},\"publisher\":{\"@id\":\"https:\\\/\\\/www.eldigitaldeasturias.com\\\/noticias\\\/#organization\"},\"image\":{\"@type\":\"ImageObject\",\"url\":964042},\"datePublished\":\"2017-12-20T19:06:50+01:00\",\"dateModified\":\"2017-12-20T19:06:50+01:00\",\"inLanguage\":\"es-ES\",\"mainEntityOfPage\":{\"@id\":\"https:\\\/\\\/www.eldigitaldeasturias.com\\\/noticias\\\/jimenez-barrios-el-pp-andaluz-tiene-ahora-una-oportunidad-para-recapacitar\\\/#webpage\"},\"isPartOf\":{\"@id\":\"https:\\\/\\\/www.eldigitaldeasturias.com\\\/noticias\\\/jimenez-barrios-el-pp-andaluz-tiene-ahora-una-oportunidad-para-recapacitar\\\/#webpage\"},\"articleSection\":\"Actualidad\"},{\"@type\":\"BreadcrumbList\",\"@id\":\"https:\\\/\\\/www.eldigitaldeasturias.com\\\/noticias\\\/jimenez-barrios-el-pp-andaluz-tiene-ahora-una-oportunidad-para-recapacitar\\\/#breadcrumblist\",\"itemListElement\":[{\"@type\":\"ListItem\",\"@id\":\"https:\\\/\\\/www.eldigitaldeasturias.com\\\/noticias#listItem\",\"position\":1,\"name\":\"Home\",\"item\":\"https:\\\/\\\/www.eldigitaldeasturias.com\\\/noticias\",\"nextItem\":{\"@type\":\"ListItem\",\"@id\":\"https:\\\/\\\/www.eldigitaldeasturias.com\\\/noticias\\\/category\\\/actualidad\\\/#listItem\",\"name\":\"Actualidad\"}},{\"@type\":\"ListItem\",\"@id\":\"https:\\\/\\\/www.eldigitaldeasturias.com\\\/noticias\\\/category\\\/actualidad\\\/#listItem\",\"position\":2,\"name\":\"Actualidad\",\"item\":\"https:\\\/\\\/www.eldigitaldeasturias.com\\\/noticias\\\/category\\\/actualidad\\\/\",\"nextItem\":{\"@type\":\"ListItem\",\"@id\":\"https:\\\/\\\/www.eldigitaldeasturias.com\\\/noticias\\\/jimenez-barrios-el-pp-andaluz-tiene-ahora-una-oportunidad-para-recapacitar\\\/#listItem\",\"name\":\"Jim\\u00e9nez Barrios: \\u00abEl PP andaluz tiene ahora una oportunidad para recapacitar\\u00bb\"},\"previousItem\":{\"@type\":\"ListItem\",\"@id\":\"https:\\\/\\\/www.eldigitaldeasturias.com\\\/noticias#listItem\",\"name\":\"Home\"}},{\"@type\":\"ListItem\",\"@id\":\"https:\\\/\\\/www.eldigitaldeasturias.com\\\/noticias\\\/jimenez-barrios-el-pp-andaluz-tiene-ahora-una-oportunidad-para-recapacitar\\\/#listItem\",\"position\":3,\"name\":\"Jim\\u00e9nez Barrios: \\u00abEl PP andaluz tiene ahora una oportunidad para recapacitar\\u00bb\",\"previousItem\":{\"@type\":\"ListItem\",\"@id\":\"https:\\\/\\\/www.eldigitaldeasturias.com\\\/noticias\\\/category\\\/actualidad\\\/#listItem\",\"name\":\"Actualidad\"}}]},{\"@type\":\"Organization\",\"@id\":\"https:\\\/\\\/www.eldigitaldeasturias.com\\\/noticias\\\/#organization\",\"name\":\"El Digital de Asturias\",\"description\":\"Hemeroteca\",\"url\":\"https:\\\/\\\/www.eldigitaldeasturias.com\\\/noticias\\\/\",\"email\":\"info@eldigitaldeasturias.com\",\"telephone\":\"+34652131393\",\"logo\":{\"@type\":\"ImageObject\",\"url\":\"https:\\\/\\\/www.eldigitaldeasturias.com\\\/noticias\\\/wp-content\\\/uploads\\\/2020\\\/12\\\/EDA.jpg\",\"@id\":\"https:\\\/\\\/www.eldigitaldeasturias.com\\\/noticias\\\/jimenez-barrios-el-pp-andaluz-tiene-ahora-una-oportunidad-para-recapacitar\\\/#organizationLogo\"},\"image\":{\"@id\":\"https:\\\/\\\/www.eldigitaldeasturias.com\\\/noticias\\\/jimenez-barrios-el-pp-andaluz-tiene-ahora-una-oportunidad-para-recapacitar\\\/#organizationLogo\"},\"sameAs\":[\"https:\\\/\\\/facebook.com\\\/eldigitaldeasturias\",\"https:\\\/\\\/www.youtube.com\\\/channel\\\/UCZP-2wLEB9Rv6erhFmqVnvg\"],\"address\":{\"@id\":\"https:\\\/\\\/www.eldigitaldeasturias.com\\\/noticias\\\/#postaladdress\",\"@type\":\"PostalAddress\",\"streetAddress\":\"san antonio 4\",\"postalCode\":\"33430\",\"addressLocality\":\"Cand\\u00e1s\",\"addressRegion\":\"Asturias\",\"addressCountry\":\"ES\"}},{\"@type\":\"Person\",\"@id\":\"https:\\\/\\\/www.eldigitaldeasturias.com\\\/noticias\\\/author\\\/admin\\\/#author\",\"url\":\"https:\\\/\\\/www.eldigitaldeasturias.com\\\/noticias\\\/author\\\/admin\\\/\",\"name\":\"El Digital de Asturias\",\"image\":{\"@type\":\"ImageObject\",\"@id\":\"https:\\\/\\\/www.eldigitaldeasturias.com\\\/noticias\\\/jimenez-barrios-el-pp-andaluz-tiene-ahora-una-oportunidad-para-recapacitar\\\/#authorImage\",\"url\":\"https:\\\/\\\/secure.gravatar.com\\\/avatar\\\/df2aeffc32bcd13f8d26072ef8a91b623d677766deac7f97ca815868cd41bf5e?s=96&d=mm&r=g\",\"width\":96,\"height\":96,\"caption\":\"El Digital de Asturias\"}},{\"@type\":\"WebPage\",\"@id\":\"https:\\\/\\\/www.eldigitaldeasturias.com\\\/noticias\\\/jimenez-barrios-el-pp-andaluz-tiene-ahora-una-oportunidad-para-recapacitar\\\/#webpage\",\"url\":\"https:\\\/\\\/www.eldigitaldeasturias.com\\\/noticias\\\/jimenez-barrios-el-pp-andaluz-tiene-ahora-una-oportunidad-para-recapacitar\\\/\",\"name\":\"Jim\\u00e9nez Barrios: \\u00abEl PP andaluz tiene ahora una oportunidad para recapacitar\\u00bb - El Digital de Asturias\",\"description\":\"El vicepresidente de la Junta y consejero de la Presidencia, Administraci\\u00f3n Local y Memoria Democr\\u00e1tica, Manuel Jim\\u00e9nez Barrios, ha denunciado el \\\"incumplimiento flagrante\\\" del Gobierno central con el nuevo modelo de financiaci\\u00f3n. Ante el pleno del Parlamento, el vicepresidente ha recordado que, tras la Conferencia de Presidentes, \\\"el presidente del Gobierno, la vicepresidenta y el\",\"inLanguage\":\"es-ES\",\"isPartOf\":{\"@id\":\"https:\\\/\\\/www.eldigitaldeasturias.com\\\/noticias\\\/#website\"},\"breadcrumb\":{\"@id\":\"https:\\\/\\\/www.eldigitaldeasturias.com\\\/noticias\\\/jimenez-barrios-el-pp-andaluz-tiene-ahora-una-oportunidad-para-recapacitar\\\/#breadcrumblist\"},\"author\":{\"@id\":\"https:\\\/\\\/www.eldigitaldeasturias.com\\\/noticias\\\/author\\\/admin\\\/#author\"},\"creator\":{\"@id\":\"https:\\\/\\\/www.eldigitaldeasturias.com\\\/noticias\\\/author\\\/admin\\\/#author\"},\"image\":{\"@type\":\"ImageObject\",\"url\":964042,\"@id\":\"https:\\\/\\\/www.eldigitaldeasturias.com\\\/noticias\\\/jimenez-barrios-el-pp-andaluz-tiene-ahora-una-oportunidad-para-recapacitar\\\/#mainImage\"},\"primaryImageOfPage\":{\"@id\":\"https:\\\/\\\/www.eldigitaldeasturias.com\\\/noticias\\\/jimenez-barrios-el-pp-andaluz-tiene-ahora-una-oportunidad-para-recapacitar\\\/#mainImage\"},\"datePublished\":\"2017-12-20T19:06:50+01:00\",\"dateModified\":\"2017-12-20T19:06:50+01:00\"},{\"@type\":\"WebSite\",\"@id\":\"https:\\\/\\\/www.eldigitaldeasturias.com\\\/noticias\\\/#website\",\"url\":\"https:\\\/\\\/www.eldigitaldeasturias.com\\\/noticias\\\/\",\"name\":\"El Digital de Asturias - Diario de actualidad y noticias\",\"alternateName\":\"El Digital de Asturias - Diario de actualidad y noticias\",\"description\":\"Hemeroteca\",\"inLanguage\":\"es-ES\",\"publisher\":{\"@id\":\"https:\\\/\\\/www.eldigitaldeasturias.com\\\/noticias\\\/#organization\"}}]}\n\t\t<\/script>\n\t\t<!-- All in One SEO Pro -->\r\n\t\t<title>Jim\u00e9nez Barrios: \u00abEl PP andaluz tiene ahora una oportunidad para recapacitar\u00bb - El Digital de Asturias<\/title>\n\n","aioseo_head_json":{"title":"Jim\u00e9nez Barrios: \u00abEl PP andaluz tiene ahora una oportunidad para recapacitar\u00bb - El Digital de Asturias","description":"El vicepresidente de la Junta y consejero de la Presidencia, Administraci\u00f3n Local y Memoria Democr\u00e1tica, Manuel Jim\u00e9nez Barrios, ha denunciado el \"incumplimiento flagrante\" del Gobierno central con el nuevo modelo de financiaci\u00f3n. Ante el pleno del Parlamento, el vicepresidente ha recordado que, tras la Conferencia de Presidentes, \"el presidente del Gobierno, la vicepresidenta y el","canonical_url":"https:\/\/www.eldigitaldeasturias.com\/noticias\/jimenez-barrios-el-pp-andaluz-tiene-ahora-una-oportunidad-para-recapacitar\/","robots":"max-image-preview:large","keywords":"actualidad","webmasterTools":{"google-site-verification":"UA-38556648-1","msvalidate.01":"7dfe9f3f1b24437ab69f4f2559babe99","miscellaneous":""},"schema":{"@context":"https:\/\/schema.org","@graph":[{"@type":"BlogPosting","@id":"https:\/\/www.eldigitaldeasturias.com\/noticias\/jimenez-barrios-el-pp-andaluz-tiene-ahora-una-oportunidad-para-recapacitar\/#blogposting","name":"Jim\u00e9nez Barrios: \u00abEl PP andaluz tiene ahora una oportunidad para recapacitar\u00bb - El Digital de Asturias","headline":"Jim\u00e9nez Barrios: \u00abEl PP andaluz tiene ahora una oportunidad para recapacitar\u00bb","author":{"@id":"https:\/\/www.eldigitaldeasturias.com\/noticias\/author\/admin\/#author"},"publisher":{"@id":"https:\/\/www.eldigitaldeasturias.com\/noticias\/#organization"},"image":{"@type":"ImageObject","url":964042},"datePublished":"2017-12-20T19:06:50+01:00","dateModified":"2017-12-20T19:06:50+01:00","inLanguage":"es-ES","mainEntityOfPage":{"@id":"https:\/\/www.eldigitaldeasturias.com\/noticias\/jimenez-barrios-el-pp-andaluz-tiene-ahora-una-oportunidad-para-recapacitar\/#webpage"},"isPartOf":{"@id":"https:\/\/www.eldigitaldeasturias.com\/noticias\/jimenez-barrios-el-pp-andaluz-tiene-ahora-una-oportunidad-para-recapacitar\/#webpage"},"articleSection":"Actualidad"},{"@type":"BreadcrumbList","@id":"https:\/\/www.eldigitaldeasturias.com\/noticias\/jimenez-barrios-el-pp-andaluz-tiene-ahora-una-oportunidad-para-recapacitar\/#breadcrumblist","itemListElement":[{"@type":"ListItem","@id":"https:\/\/www.eldigitaldeasturias.com\/noticias#listItem","position":1,"name":"Home","item":"https:\/\/www.eldigitaldeasturias.com\/noticias","nextItem":{"@type":"ListItem","@id":"https:\/\/www.eldigitaldeasturias.com\/noticias\/category\/actualidad\/#listItem","name":"Actualidad"}},{"@type":"ListItem","@id":"https:\/\/www.eldigitaldeasturias.com\/noticias\/category\/actualidad\/#listItem","position":2,"name":"Actualidad","item":"https:\/\/www.eldigitaldeasturias.com\/noticias\/category\/actualidad\/","nextItem":{"@type":"ListItem","@id":"https:\/\/www.eldigitaldeasturias.com\/noticias\/jimenez-barrios-el-pp-andaluz-tiene-ahora-una-oportunidad-para-recapacitar\/#listItem","name":"Jim\u00e9nez Barrios: \u00abEl PP andaluz tiene ahora una oportunidad para recapacitar\u00bb"},"previousItem":{"@type":"ListItem","@id":"https:\/\/www.eldigitaldeasturias.com\/noticias#listItem","name":"Home"}},{"@type":"ListItem","@id":"https:\/\/www.eldigitaldeasturias.com\/noticias\/jimenez-barrios-el-pp-andaluz-tiene-ahora-una-oportunidad-para-recapacitar\/#listItem","position":3,"name":"Jim\u00e9nez Barrios: \u00abEl PP andaluz tiene ahora una oportunidad para recapacitar\u00bb","previousItem":{"@type":"ListItem","@id":"https:\/\/www.eldigitaldeasturias.com\/noticias\/category\/actualidad\/#listItem","name":"Actualidad"}}]},{"@type":"Organization","@id":"https:\/\/www.eldigitaldeasturias.com\/noticias\/#organization","name":"El Digital de Asturias","description":"Hemeroteca","url":"https:\/\/www.eldigitaldeasturias.com\/noticias\/","email":"info@eldigitaldeasturias.com","telephone":"+34652131393","logo":{"@type":"ImageObject","url":"https:\/\/www.eldigitaldeasturias.com\/noticias\/wp-content\/uploads\/2020\/12\/EDA.jpg","@id":"https:\/\/www.eldigitaldeasturias.com\/noticias\/jimenez-barrios-el-pp-andaluz-tiene-ahora-una-oportunidad-para-recapacitar\/#organizationLogo"},"image":{"@id":"https:\/\/www.eldigitaldeasturias.com\/noticias\/jimenez-barrios-el-pp-andaluz-tiene-ahora-una-oportunidad-para-recapacitar\/#organizationLogo"},"sameAs":["https:\/\/facebook.com\/eldigitaldeasturias","https:\/\/www.youtube.com\/channel\/UCZP-2wLEB9Rv6erhFmqVnvg"],"address":{"@id":"https:\/\/www.eldigitaldeasturias.com\/noticias\/#postaladdress","@type":"PostalAddress","streetAddress":"san antonio 4","postalCode":"33430","addressLocality":"Cand\u00e1s","addressRegion":"Asturias","addressCountry":"ES"}},{"@type":"Person","@id":"https:\/\/www.eldigitaldeasturias.com\/noticias\/author\/admin\/#author","url":"https:\/\/www.eldigitaldeasturias.com\/noticias\/author\/admin\/","name":"El Digital de Asturias","image":{"@type":"ImageObject","@id":"https:\/\/www.eldigitaldeasturias.com\/noticias\/jimenez-barrios-el-pp-andaluz-tiene-ahora-una-oportunidad-para-recapacitar\/#authorImage","url":"https:\/\/secure.gravatar.com\/avatar\/df2aeffc32bcd13f8d26072ef8a91b623d677766deac7f97ca815868cd41bf5e?s=96&d=mm&r=g","width":96,"height":96,"caption":"El Digital de Asturias"}},{"@type":"WebPage","@id":"https:\/\/www.eldigitaldeasturias.com\/noticias\/jimenez-barrios-el-pp-andaluz-tiene-ahora-una-oportunidad-para-recapacitar\/#webpage","url":"https:\/\/www.eldigitaldeasturias.com\/noticias\/jimenez-barrios-el-pp-andaluz-tiene-ahora-una-oportunidad-para-recapacitar\/","name":"Jim\u00e9nez Barrios: \u00abEl PP andaluz tiene ahora una oportunidad para recapacitar\u00bb - El Digital de Asturias","description":"El vicepresidente de la Junta y consejero de la Presidencia, Administraci\u00f3n Local y Memoria Democr\u00e1tica, Manuel Jim\u00e9nez Barrios, ha denunciado el \"incumplimiento flagrante\" del Gobierno central con el nuevo modelo de financiaci\u00f3n. Ante el pleno del Parlamento, el vicepresidente ha recordado que, tras la Conferencia de Presidentes, \"el presidente del Gobierno, la vicepresidenta y el","inLanguage":"es-ES","isPartOf":{"@id":"https:\/\/www.eldigitaldeasturias.com\/noticias\/#website"},"breadcrumb":{"@id":"https:\/\/www.eldigitaldeasturias.com\/noticias\/jimenez-barrios-el-pp-andaluz-tiene-ahora-una-oportunidad-para-recapacitar\/#breadcrumblist"},"author":{"@id":"https:\/\/www.eldigitaldeasturias.com\/noticias\/author\/admin\/#author"},"creator":{"@id":"https:\/\/www.eldigitaldeasturias.com\/noticias\/author\/admin\/#author"},"image":{"@type":"ImageObject","url":964042,"@id":"https:\/\/www.eldigitaldeasturias.com\/noticias\/jimenez-barrios-el-pp-andaluz-tiene-ahora-una-oportunidad-para-recapacitar\/#mainImage"},"primaryImageOfPage":{"@id":"https:\/\/www.eldigitaldeasturias.com\/noticias\/jimenez-barrios-el-pp-andaluz-tiene-ahora-una-oportunidad-para-recapacitar\/#mainImage"},"datePublished":"2017-12-20T19:06:50+01:00","dateModified":"2017-12-20T19:06:50+01:00"},{"@type":"WebSite","@id":"https:\/\/www.eldigitaldeasturias.com\/noticias\/#website","url":"https:\/\/www.eldigitaldeasturias.com\/noticias\/","name":"El Digital de Asturias - Diario de actualidad y noticias","alternateName":"El Digital de Asturias - Diario de actualidad y noticias","description":"Hemeroteca","inLanguage":"es-ES","publisher":{"@id":"https:\/\/www.eldigitaldeasturias.com\/noticias\/#organization"}}]},"og:locale":"es_ES","og:site_name":"El Digital de Asturias","og:type":"article","og:title":"Jim\u00e9nez Barrios: \u00abEl PP andaluz tiene ahora una oportunidad para recapacitar\u00bb - El Digital de Asturias","og:description":"El vicepresidente de la Junta y consejero de la Presidencia, Administraci\u00f3n Local y Memoria Democr\u00e1tica, Manuel Jim\u00e9nez Barrios, ha denunciado el &quot;incumplimiento flagrante&quot; del Gobierno central con el nuevo modelo de financiaci\u00f3n. Ante el pleno del Parlamento, el vicepresidente ha recordado que, tras la Conferencia de Presidentes, &quot;el presidente del Gobierno, la vicepresidenta y el","og:url":"https:\/\/www.eldigitaldeasturias.com\/noticias\/jimenez-barrios-el-pp-andaluz-tiene-ahora-una-oportunidad-para-recapacitar\/","article:tag":["actualidad"],"article:published_time":"2017-12-20T19:06:50+00:00","article:modified_time":"2017-12-20T19:06:50+00:00","article:publisher":"https:\/\/facebook.com\/eldigitaldeasturias","twitter:card":"summary_large_image","twitter:title":"Jim\u00e9nez Barrios: \u00abEl PP andaluz tiene ahora una oportunidad para recapacitar\u00bb - El Digital de Asturias","twitter:description":"El vicepresidente de la Junta y consejero de la Presidencia, Administraci\u00f3n Local y Memoria Democr\u00e1tica, Manuel Jim\u00e9nez Barrios, ha denunciado el &quot;incumplimiento flagrante&quot; del Gobierno central con el nuevo modelo de financiaci\u00f3n. Ante el pleno del Parlamento, el vicepresidente ha recordado que, tras la Conferencia de Presidentes, &quot;el presidente del Gobierno, la vicepresidenta y el","twitter:image":"https:\/\/www.eldigitaldeasturias.com\/noticias\/wp-content\/uploads\/2020\/12\/EDA-1.jpg","twitter:label1":"Escrito por","twitter:data1":"El Digital de Asturias","twitter:label2":"Tiempo de lectura estimado","twitter:data2":"2 minutos"},"aioseo_meta_data":{"post_id":"964041","title":null,"description":null,"keywords":null,"keyphrases":null,"primary_term":null,"canonical_url":null,"og_title":null,"og_description":null,"og_object_type":"default","og_image_type":"default","og_image_url":null,"og_image_width":null,"og_image_height":null,"og_image_custom_url":null,"og_image_custom_fields":null,"og_video":null,"og_custom_url":null,"og_article_section":null,"og_article_tags":null,"twitter_use_og":false,"twitter_card":"default","twitter_image_type":"default","twitter_image_url":null,"twitter_image_custom_url":null,"twitter_image_custom_fields":null,"twitter_title":null,"twitter_description":null,"schema":{"blockGraphs":[],"customGraphs":[],"default":{"data":{"Article":[],"Course":[],"Dataset":[],"FAQPage":[],"Movie":[],"Person":[],"Product":[],"ProductReview":[],"Car":[],"Recipe":[],"Service":[],"SoftwareApplication":[],"WebPage":[]},"graphName":"","isEnabled":true},"graphs":[],"defaultGraph":"","defaultPostTypeGraph":""},"schema_type":null,"schema_type_options":null,"pillar_content":false,"robots_default":true,"robots_noindex":false,"robots_noarchive":false,"robots_nosnippet":false,"robots_nofollow":false,"robots_noimageindex":false,"robots_noodp":false,"robots_notranslate":false,"robots_max_snippet":null,"robots_max_videopreview":null,"robots_max_imagepreview":"large","priority":null,"frequency":null,"local_seo":null,"seo_analyzer_scan_date":"2025-12-07 18:27:20","breadcrumb_settings":null,"limit_modified_date":false,"open_ai":null,"ai":null,"created":"2020-12-21 12:41:36","updated":"2025-12-07 18:27:20","focus_keyword":null,"additional_keywords":null,"truseo_locale":null},"aioseo_breadcrumb":"<div class=\"aioseo-breadcrumbs\"><span class=\"aioseo-breadcrumb\">\n\t<a href=\"https:\/\/www.eldigitaldeasturias.com\/noticias\" title=\"Home\">Home<\/a>\n<\/span><span class=\"aioseo-breadcrumb-separator\">\u2013<\/span><span class=\"aioseo-breadcrumb\">\n\t<a href=\"https:\/\/www.eldigitaldeasturias.com\/noticias\/category\/actualidad\/\" title=\"Actualidad\">Actualidad<\/a>\n<\/span><span class=\"aioseo-breadcrumb-separator\">\u2013<\/span><span class=\"aioseo-breadcrumb\">\n\t<a href=\"https:\/\/www.eldigitaldeasturias.com\/noticias\/jimenez-barrios-el-pp-andaluz-tiene-ahora-una-oportunidad-para-recapacitar\/\" title=\"Jim\u00e9nez Barrios: \u00abEl PP andaluz tiene ahora una oportunidad para recapacitar\u00bb\">Jim\u00e9nez Barrios: \u00abEl PP andaluz tiene ahora una oportunidad para recapacitar\u00bb<\/a>\n<\/span><\/div>","aioseo_breadcrumb_json":[{"label":"Home","link":"https:\/\/www.eldigitaldeasturias.com\/noticias"},{"label":"Actualidad","link":"https:\/\/www.eldigitaldeasturias.com\/noticias\/category\/actualidad\/"},{"label":"Jim\u00e9nez Barrios: \u00abEl PP andaluz tiene ahora una oportunidad para recapacitar\u00bb","link":"https:\/\/www.eldigitaldeasturias.com\/noticias\/jimenez-barrios-el-pp-andaluz-tiene-ahora-una-oportunidad-para-recapacitar\/"}],"_links":{"self":[{"href":"https:\/\/www.eldigitaldeasturias.com\/noticias\/wp-json\/wp\/v2\/posts\/964041","targetHints":{"allow":["GET"]}}],"collection":[{"href":"https:\/\/www.eldigitaldeasturias.com\/noticias\/wp-json\/wp\/v2\/posts"}],"about":[{"href":"https:\/\/www.eldigitaldeasturias.com\/noticias\/wp-json\/wp\/v2\/types\/post"}],"author":[{"embeddable":true,"href":"https:\/\/www.eldigitaldeasturias.com\/noticias\/wp-json\/wp\/v2\/users\/1"}],"replies":[{"embeddable":true,"href":"https:\/\/www.eldigitaldeasturias.com\/noticias\/wp-json\/wp\/v2\/comments?post=964041"}],"version-history":[{"count":0,"href":"https:\/\/www.eldigitaldeasturias.com\/noticias\/wp-json\/wp\/v2\/posts\/964041\/revisions"}],"wp:attachment":[{"href":"https:\/\/www.eldigitaldeasturias.com\/noticias\/wp-json\/wp\/v2\/media?parent=964041"}],"wp:term":[{"taxonomy":"category","embeddable":true,"href":"https:\/\/www.eldigitaldeasturias.com\/noticias\/wp-json\/wp\/v2\/categories?post=964041"},{"taxonomy":"post_tag","embeddable":true,"href":"https:\/\/www.eldigitaldeasturias.com\/noticias\/wp-json\/wp\/v2\/tags?post=964041"}],"curies":[{"name":"wp","href":"https:\/\/api.w.org\/{rel}","templated":true}]}}