{"id":964039,"date":"2017-12-20T19:04:01","date_gmt":"2017-12-20T19:04:01","guid":{"rendered":"http:\/\/www.eldigitaldeasturias.com\/noticias\/?p=964039"},"modified":"2017-12-20T19:04:01","modified_gmt":"2017-12-20T19:04:01","slug":"susana-diaz-las-35-horas-seran-una-realidad-en-el-marco-de-la-sentencia-del-tc","status":"publish","type":"post","link":"https:\/\/www.eldigitaldeasturias.com\/noticias\/susana-diaz-las-35-horas-seran-una-realidad-en-el-marco-de-la-sentencia-del-tc\/","title":{"rendered":"Susana D\u00edaz: \u00abLas 35 horas ser\u00e1n una realidad en el marco de la sentencia del TC\u00bb"},"content":{"rendered":"<p><img loading=\"lazy\" decoding=\"async\" class=\"alignleft size-medium wp-image-964037\" src=\"https:\/\/www.eldigitaldeasturias.com\/noticias\/wp-content\/uploads\/2017\/12\/1513778341198-360x238.png\" alt=\"\" width=\"360\" height=\"238\" \/>La presidenta de la Junta, Susana D\u00edaz, ha explicado que el Gobierno de Andaluc\u00eda siempre \u00abacata y ejecuta todas las sentencias de los tribunales\u00bb y \u00abcumple con la ley\u00bb. En relaci\u00f3n al fallo del Tribunal Constitucional sobre el decreto de las 35 horas laborales semanales de los empleados p\u00fablicos, D\u00edaz ha puesto en valor el acuerdo alcanzado con los sindicatos \u00abpara proteger el empleo, que es lo principal que pretende las 35 horas, y proteger a 8.000 trabajadores que no van a ir a la calle\u00bb.<\/p>\n<p>La presidenta ha lanzado un mensaje de tranquilidad a la funci\u00f3n p\u00fablica y ha reiterado que \u00aba pesar de Rajoy, a pesar de Montoro y a pesar de Moreno \u2013en relaci\u00f3n al l\u00edder del PP-A\u2013 las 35 horas en Andaluc\u00eda ser\u00e1n una apuesta del Gobierno andaluz en el marco del cumplimiento de las 37,5 horas que marca el TC\u00bb. D\u00edaz ha subrayado que su Ejecutivo gobierna \u00abcon responsabilidad y en di\u00e1logo con los sindicatos\u00bb.<\/p>\n<p>La presidenta ha denunciado que mientras \u00abla consejera de Hacienda, el Gobierno en su conjunto, las centrales sindicales, los empleados p\u00fablicos quer\u00edamos mejorar nuestros servicios, ampliar derechos y plantilla\u00bb, el Ejecutivo central y el Partido Popular \u00abquer\u00edan impedirlo en Andaluc\u00eda para no hacerlo en el resto de Espa\u00f1a\u00bb. En este sentido, ha alertado, \u00abnos han querido situar fuera de la ley, y no lo van a conseguir\u00bb. D\u00edaz, que ha recordado las palabras del ministro Rafael Catal\u00e1, ha se\u00f1alado que la Junta intervendr\u00e1 \u00aben la autonom\u00eda de nuestra organizaci\u00f3n de servicio\u00bb y \u00abpensando que Andaluc\u00eda es siempre lo primero\u00bb.<\/p>\n<p>Contratos con cl\u00e1usulas sociales<\/p>\n<p>La presidenta de la Junta ha avanzado que en lo que va de a\u00f1o se han adjudicado 4.391 contratos con cl\u00e1usulas sociales y medioambientales obligatorias, lo que supone entre un 70 y 75% del volumen de recursos que se destinan a contrataci\u00f3n. A estos se suman, ha dicho en sede parlamentaria, 1.148 contratos m\u00e1s que las incluyen aunque no tengan obligaci\u00f3n de ello.<\/p>\n<p>La presidenta, que ha calificado de positivo el balance de esta iniciativa, ha se\u00f1alado que \u00abest\u00e1n jugando un papel ejemplar dentro de la pol\u00edtica \u00fatil que defendemos\u00bb. Las cl\u00e1usulas establecen que las empresas que contraten con la Junta, por ejemplo, deben respetar los convenios sectoriales, subrogar a los trabajadores con las mismas condiciones laborales o cumplir la legislaci\u00f3n medioambiental. De este modo se rescinden contratos a empresas que durante dos meses consecutivos no abonen los salarios a sus trabajadores, algo fundamental en casos en los que se externaliza una actividad no esencial de la prestaci\u00f3n de un servicio p\u00fablico.<\/p>\n<p>En este sentido, se est\u00e1 elaborando un informe sobre la aplicaci\u00f3n de las cl\u00e1usulas sociales y ambientales en los contratos de la Junta. La previsi\u00f3n es que el documento est\u00e9 listo este mismo mes de diciembre, seg\u00fan ha informado D\u00edaz.<\/p>\n<p>Las cl\u00e1usulas sociales, vigentes desde 2016, \u00abson un instrumento positivo\u00bb y, para la presidenta, \u00abest\u00e1n marcando una manera distinta de contratar con el sector privado, facilitando la econom\u00eda social o sectores en riesgo de exclusi\u00f3n\u00bb. Adem\u00e1s, ya se han admitido y rescindido contratos en funci\u00f3n de estas.<\/p>\n<p>Una Comisi\u00f3n de Seguimiento, formada por representantes de los agentes socioecon\u00f3micos de Andaluc\u00eda y representantes de la Junta y que ya se ha reunido en tres ocasiones, es la encargada de la correcta aplicaci\u00f3n del contenido de estas cl\u00e1usulas.<\/p>\n","protected":false},"excerpt":{"rendered":"<p>La presidenta de la Junta, Susana D\u00edaz, ha explicado que el Gobierno de Andaluc\u00eda siempre \u00abacata y ejecuta todas las sentencias de los tribunales\u00bb y \u00abcumple con la ley\u00bb. En relaci\u00f3n al fallo del Tribunal Constitucional sobre el decreto de las 35 horas laborales semanales de los empleados p\u00fablicos, D\u00edaz ha puesto en valor el [&hellip;]<\/p>\n","protected":false},"author":1,"featured_media":964037,"comment_status":"closed","ping_status":"closed","sticky":false,"template":"","format":"standard","meta":{"footnotes":""},"categories":[1],"tags":[],"class_list":["post-964039","post","type-post","status-publish","format-standard","has-post-thumbnail","hentry","category-actualidad"],"aioseo_notices":[],"aioseo_head":"\n\t\t<!-- All in One SEO Pro 5.0.1 - aioseo.com -->\n\t<meta name=\"description\" content=\"La presidenta de la Junta, Susana D\u00edaz, ha explicado que el Gobierno de Andaluc\u00eda siempre &quot;acata y ejecuta todas las sentencias de los tribunales&quot; y &quot;cumple con la ley&quot;. En relaci\u00f3n al fallo del Tribunal Constitucional sobre el decreto de las 35 horas laborales semanales de los empleados p\u00fablicos, D\u00edaz ha puesto en valor el\" \/>\n\t<meta name=\"robots\" content=\"max-image-preview:large\" \/>\n\t<meta name=\"author\" content=\"El Digital de Asturias\"\/>\n\t<meta name=\"google-site-verification\" content=\"UA-38556648-1\" \/>\n\t<meta name=\"msvalidate.01\" content=\"7dfe9f3f1b24437ab69f4f2559babe99\" \/>\n\t<meta name=\"keywords\" content=\"actualidad\" \/>\n\t<link rel=\"canonical\" href=\"https:\/\/www.eldigitaldeasturias.com\/noticias\/susana-diaz-las-35-horas-seran-una-realidad-en-el-marco-de-la-sentencia-del-tc\/\" \/>\n\t<meta name=\"generator\" content=\"All in One SEO Pro (AIOSEO) 5.0.1\" \/>\n\t\t<meta property=\"og:locale\" content=\"es_ES\" \/>\n\t\t<meta property=\"og:site_name\" content=\"El Digital de Asturias\" \/>\n\t\t<meta property=\"og:type\" content=\"article\" \/>\n\t\t<meta property=\"og:title\" content=\"Susana D\u00edaz: \u00abLas 35 horas ser\u00e1n una realidad en el marco de la sentencia del TC\u00bb - El Digital de Asturias\" \/>\n\t\t<meta property=\"og:description\" content=\"La presidenta de la Junta, Susana D\u00edaz, ha explicado que el Gobierno de Andaluc\u00eda siempre &quot;acata y ejecuta todas las sentencias de los tribunales&quot; y &quot;cumple con la ley&quot;. En relaci\u00f3n al fallo del Tribunal Constitucional sobre el decreto de las 35 horas laborales semanales de los empleados p\u00fablicos, D\u00edaz ha puesto en valor el\" \/>\n\t\t<meta property=\"og:url\" content=\"https:\/\/www.eldigitaldeasturias.com\/noticias\/susana-diaz-las-35-horas-seran-una-realidad-en-el-marco-de-la-sentencia-del-tc\/\" \/>\n\t\t<meta property=\"article:tag\" content=\"actualidad\" \/>\n\t\t<meta property=\"article:published_time\" content=\"2017-12-20T19:04:01+00:00\" \/>\n\t\t<meta property=\"article:modified_time\" content=\"2017-12-20T19:04:01+00:00\" \/>\n\t\t<meta property=\"article:publisher\" content=\"https:\/\/facebook.com\/eldigitaldeasturias\" \/>\n\t\t<meta name=\"twitter:card\" content=\"summary_large_image\" \/>\n\t\t<meta name=\"twitter:title\" content=\"Susana D\u00edaz: \u00abLas 35 horas ser\u00e1n una realidad en el marco de la sentencia del TC\u00bb - El Digital de Asturias\" \/>\n\t\t<meta name=\"twitter:description\" content=\"La presidenta de la Junta, Susana D\u00edaz, ha explicado que el Gobierno de Andaluc\u00eda siempre &quot;acata y ejecuta todas las sentencias de los tribunales&quot; y &quot;cumple con la ley&quot;. En relaci\u00f3n al fallo del Tribunal Constitucional sobre el decreto de las 35 horas laborales semanales de los empleados p\u00fablicos, D\u00edaz ha puesto en valor el\" \/>\n\t\t<meta name=\"twitter:image\" content=\"https:\/\/www.eldigitaldeasturias.com\/noticias\/wp-content\/uploads\/2020\/12\/EDA-1.jpg\" \/>\n\t\t<meta name=\"twitter:label1\" content=\"Escrito por\" \/>\n\t\t<meta name=\"twitter:data1\" content=\"El Digital de Asturias\" \/>\n\t\t<meta name=\"twitter:label2\" content=\"Tiempo de lectura estimado\" \/>\n\t\t<meta name=\"twitter:data2\" content=\"3 minutos\" \/>\n\t\t<script type=\"application\/ld+json\" class=\"aioseo-schema\">\n\t\t\t{\"@context\":\"https:\\\/\\\/schema.org\",\"@graph\":[{\"@type\":\"BlogPosting\",\"@id\":\"https:\\\/\\\/www.eldigitaldeasturias.com\\\/noticias\\\/susana-diaz-las-35-horas-seran-una-realidad-en-el-marco-de-la-sentencia-del-tc\\\/#blogposting\",\"name\":\"Susana D\\u00edaz: \\u00abLas 35 horas ser\\u00e1n una realidad en el marco de la sentencia del TC\\u00bb - El Digital de Asturias\",\"headline\":\"Susana D\\u00edaz: \\u00abLas 35 horas ser\\u00e1n una realidad en el marco de la sentencia del TC\\u00bb\",\"author\":{\"@id\":\"https:\\\/\\\/www.eldigitaldeasturias.com\\\/noticias\\\/author\\\/admin\\\/#author\"},\"publisher\":{\"@id\":\"https:\\\/\\\/www.eldigitaldeasturias.com\\\/noticias\\\/#organization\"},\"image\":{\"@type\":\"ImageObject\",\"url\":964037},\"datePublished\":\"2017-12-20T19:04:01+01:00\",\"dateModified\":\"2017-12-20T19:04:01+01:00\",\"inLanguage\":\"es-ES\",\"mainEntityOfPage\":{\"@id\":\"https:\\\/\\\/www.eldigitaldeasturias.com\\\/noticias\\\/susana-diaz-las-35-horas-seran-una-realidad-en-el-marco-de-la-sentencia-del-tc\\\/#webpage\"},\"isPartOf\":{\"@id\":\"https:\\\/\\\/www.eldigitaldeasturias.com\\\/noticias\\\/susana-diaz-las-35-horas-seran-una-realidad-en-el-marco-de-la-sentencia-del-tc\\\/#webpage\"},\"articleSection\":\"Actualidad\"},{\"@type\":\"BreadcrumbList\",\"@id\":\"https:\\\/\\\/www.eldigitaldeasturias.com\\\/noticias\\\/susana-diaz-las-35-horas-seran-una-realidad-en-el-marco-de-la-sentencia-del-tc\\\/#breadcrumblist\",\"itemListElement\":[{\"@type\":\"ListItem\",\"@id\":\"https:\\\/\\\/www.eldigitaldeasturias.com\\\/noticias#listItem\",\"position\":1,\"name\":\"Home\",\"item\":\"https:\\\/\\\/www.eldigitaldeasturias.com\\\/noticias\",\"nextItem\":{\"@type\":\"ListItem\",\"@id\":\"https:\\\/\\\/www.eldigitaldeasturias.com\\\/noticias\\\/category\\\/actualidad\\\/#listItem\",\"name\":\"Actualidad\"}},{\"@type\":\"ListItem\",\"@id\":\"https:\\\/\\\/www.eldigitaldeasturias.com\\\/noticias\\\/category\\\/actualidad\\\/#listItem\",\"position\":2,\"name\":\"Actualidad\",\"item\":\"https:\\\/\\\/www.eldigitaldeasturias.com\\\/noticias\\\/category\\\/actualidad\\\/\",\"nextItem\":{\"@type\":\"ListItem\",\"@id\":\"https:\\\/\\\/www.eldigitaldeasturias.com\\\/noticias\\\/susana-diaz-las-35-horas-seran-una-realidad-en-el-marco-de-la-sentencia-del-tc\\\/#listItem\",\"name\":\"Susana D\\u00edaz: \\u00abLas 35 horas ser\\u00e1n una realidad en el marco de la sentencia del TC\\u00bb\"},\"previousItem\":{\"@type\":\"ListItem\",\"@id\":\"https:\\\/\\\/www.eldigitaldeasturias.com\\\/noticias#listItem\",\"name\":\"Home\"}},{\"@type\":\"ListItem\",\"@id\":\"https:\\\/\\\/www.eldigitaldeasturias.com\\\/noticias\\\/susana-diaz-las-35-horas-seran-una-realidad-en-el-marco-de-la-sentencia-del-tc\\\/#listItem\",\"position\":3,\"name\":\"Susana D\\u00edaz: \\u00abLas 35 horas ser\\u00e1n una realidad en el marco de la sentencia del TC\\u00bb\",\"previousItem\":{\"@type\":\"ListItem\",\"@id\":\"https:\\\/\\\/www.eldigitaldeasturias.com\\\/noticias\\\/category\\\/actualidad\\\/#listItem\",\"name\":\"Actualidad\"}}]},{\"@type\":\"Organization\",\"@id\":\"https:\\\/\\\/www.eldigitaldeasturias.com\\\/noticias\\\/#organization\",\"name\":\"El Digital de Asturias\",\"description\":\"Hemeroteca\",\"url\":\"https:\\\/\\\/www.eldigitaldeasturias.com\\\/noticias\\\/\",\"email\":\"info@eldigitaldeasturias.com\",\"telephone\":\"+34652131393\",\"logo\":{\"@type\":\"ImageObject\",\"url\":\"https:\\\/\\\/www.eldigitaldeasturias.com\\\/noticias\\\/wp-content\\\/uploads\\\/2020\\\/12\\\/EDA.jpg\",\"@id\":\"https:\\\/\\\/www.eldigitaldeasturias.com\\\/noticias\\\/susana-diaz-las-35-horas-seran-una-realidad-en-el-marco-de-la-sentencia-del-tc\\\/#organizationLogo\"},\"image\":{\"@id\":\"https:\\\/\\\/www.eldigitaldeasturias.com\\\/noticias\\\/susana-diaz-las-35-horas-seran-una-realidad-en-el-marco-de-la-sentencia-del-tc\\\/#organizationLogo\"},\"sameAs\":[\"https:\\\/\\\/facebook.com\\\/eldigitaldeasturias\",\"https:\\\/\\\/www.youtube.com\\\/channel\\\/UCZP-2wLEB9Rv6erhFmqVnvg\"],\"address\":{\"@id\":\"https:\\\/\\\/www.eldigitaldeasturias.com\\\/noticias\\\/#postaladdress\",\"@type\":\"PostalAddress\",\"streetAddress\":\"san antonio 4\",\"postalCode\":\"33430\",\"addressLocality\":\"Cand\\u00e1s\",\"addressRegion\":\"Asturias\",\"addressCountry\":\"ES\"}},{\"@type\":\"Person\",\"@id\":\"https:\\\/\\\/www.eldigitaldeasturias.com\\\/noticias\\\/author\\\/admin\\\/#author\",\"url\":\"https:\\\/\\\/www.eldigitaldeasturias.com\\\/noticias\\\/author\\\/admin\\\/\",\"name\":\"El Digital de Asturias\",\"image\":{\"@type\":\"ImageObject\",\"@id\":\"https:\\\/\\\/www.eldigitaldeasturias.com\\\/noticias\\\/susana-diaz-las-35-horas-seran-una-realidad-en-el-marco-de-la-sentencia-del-tc\\\/#authorImage\",\"url\":\"https:\\\/\\\/secure.gravatar.com\\\/avatar\\\/df2aeffc32bcd13f8d26072ef8a91b623d677766deac7f97ca815868cd41bf5e?s=96&d=mm&r=g\",\"width\":96,\"height\":96,\"caption\":\"El Digital de Asturias\"}},{\"@type\":\"WebPage\",\"@id\":\"https:\\\/\\\/www.eldigitaldeasturias.com\\\/noticias\\\/susana-diaz-las-35-horas-seran-una-realidad-en-el-marco-de-la-sentencia-del-tc\\\/#webpage\",\"url\":\"https:\\\/\\\/www.eldigitaldeasturias.com\\\/noticias\\\/susana-diaz-las-35-horas-seran-una-realidad-en-el-marco-de-la-sentencia-del-tc\\\/\",\"name\":\"Susana D\\u00edaz: \\u00abLas 35 horas ser\\u00e1n una realidad en el marco de la sentencia del TC\\u00bb - El Digital de Asturias\",\"description\":\"La presidenta de la Junta, Susana D\\u00edaz, ha explicado que el Gobierno de Andaluc\\u00eda siempre \\\"acata y ejecuta todas las sentencias de los tribunales\\\" y \\\"cumple con la ley\\\". En relaci\\u00f3n al fallo del Tribunal Constitucional sobre el decreto de las 35 horas laborales semanales de los empleados p\\u00fablicos, D\\u00edaz ha puesto en valor el\",\"inLanguage\":\"es-ES\",\"isPartOf\":{\"@id\":\"https:\\\/\\\/www.eldigitaldeasturias.com\\\/noticias\\\/#website\"},\"breadcrumb\":{\"@id\":\"https:\\\/\\\/www.eldigitaldeasturias.com\\\/noticias\\\/susana-diaz-las-35-horas-seran-una-realidad-en-el-marco-de-la-sentencia-del-tc\\\/#breadcrumblist\"},\"author\":{\"@id\":\"https:\\\/\\\/www.eldigitaldeasturias.com\\\/noticias\\\/author\\\/admin\\\/#author\"},\"creator\":{\"@id\":\"https:\\\/\\\/www.eldigitaldeasturias.com\\\/noticias\\\/author\\\/admin\\\/#author\"},\"image\":{\"@type\":\"ImageObject\",\"url\":964037,\"@id\":\"https:\\\/\\\/www.eldigitaldeasturias.com\\\/noticias\\\/susana-diaz-las-35-horas-seran-una-realidad-en-el-marco-de-la-sentencia-del-tc\\\/#mainImage\"},\"primaryImageOfPage\":{\"@id\":\"https:\\\/\\\/www.eldigitaldeasturias.com\\\/noticias\\\/susana-diaz-las-35-horas-seran-una-realidad-en-el-marco-de-la-sentencia-del-tc\\\/#mainImage\"},\"datePublished\":\"2017-12-20T19:04:01+01:00\",\"dateModified\":\"2017-12-20T19:04:01+01:00\"},{\"@type\":\"WebSite\",\"@id\":\"https:\\\/\\\/www.eldigitaldeasturias.com\\\/noticias\\\/#website\",\"url\":\"https:\\\/\\\/www.eldigitaldeasturias.com\\\/noticias\\\/\",\"name\":\"El Digital de Asturias - Diario de actualidad y noticias\",\"alternateName\":\"El Digital de Asturias - Diario de actualidad y noticias\",\"description\":\"Hemeroteca\",\"inLanguage\":\"es-ES\",\"publisher\":{\"@id\":\"https:\\\/\\\/www.eldigitaldeasturias.com\\\/noticias\\\/#organization\"}}]}\n\t\t<\/script>\n\t\t<!-- All in One SEO Pro -->\r\n\t\t<title>Susana D\u00edaz: \u00abLas 35 horas ser\u00e1n una realidad en el marco de la sentencia del TC\u00bb - El Digital de Asturias<\/title>\n\n","aioseo_head_json":{"title":"Susana D\u00edaz: \u00abLas 35 horas ser\u00e1n una realidad en el marco de la sentencia del TC\u00bb - El Digital de Asturias","description":"La presidenta de la Junta, Susana D\u00edaz, ha explicado que el Gobierno de Andaluc\u00eda siempre \"acata y ejecuta todas las sentencias de los tribunales\" y \"cumple con la ley\". En relaci\u00f3n al fallo del Tribunal Constitucional sobre el decreto de las 35 horas laborales semanales de los empleados p\u00fablicos, D\u00edaz ha puesto en valor el","canonical_url":"https:\/\/www.eldigitaldeasturias.com\/noticias\/susana-diaz-las-35-horas-seran-una-realidad-en-el-marco-de-la-sentencia-del-tc\/","robots":"max-image-preview:large","keywords":"actualidad","webmasterTools":{"google-site-verification":"UA-38556648-1","msvalidate.01":"7dfe9f3f1b24437ab69f4f2559babe99","miscellaneous":""},"schema":{"@context":"https:\/\/schema.org","@graph":[{"@type":"BlogPosting","@id":"https:\/\/www.eldigitaldeasturias.com\/noticias\/susana-diaz-las-35-horas-seran-una-realidad-en-el-marco-de-la-sentencia-del-tc\/#blogposting","name":"Susana D\u00edaz: \u00abLas 35 horas ser\u00e1n una realidad en el marco de la sentencia del TC\u00bb - El Digital de Asturias","headline":"Susana D\u00edaz: \u00abLas 35 horas ser\u00e1n una realidad en el marco de la sentencia del TC\u00bb","author":{"@id":"https:\/\/www.eldigitaldeasturias.com\/noticias\/author\/admin\/#author"},"publisher":{"@id":"https:\/\/www.eldigitaldeasturias.com\/noticias\/#organization"},"image":{"@type":"ImageObject","url":964037},"datePublished":"2017-12-20T19:04:01+01:00","dateModified":"2017-12-20T19:04:01+01:00","inLanguage":"es-ES","mainEntityOfPage":{"@id":"https:\/\/www.eldigitaldeasturias.com\/noticias\/susana-diaz-las-35-horas-seran-una-realidad-en-el-marco-de-la-sentencia-del-tc\/#webpage"},"isPartOf":{"@id":"https:\/\/www.eldigitaldeasturias.com\/noticias\/susana-diaz-las-35-horas-seran-una-realidad-en-el-marco-de-la-sentencia-del-tc\/#webpage"},"articleSection":"Actualidad"},{"@type":"BreadcrumbList","@id":"https:\/\/www.eldigitaldeasturias.com\/noticias\/susana-diaz-las-35-horas-seran-una-realidad-en-el-marco-de-la-sentencia-del-tc\/#breadcrumblist","itemListElement":[{"@type":"ListItem","@id":"https:\/\/www.eldigitaldeasturias.com\/noticias#listItem","position":1,"name":"Home","item":"https:\/\/www.eldigitaldeasturias.com\/noticias","nextItem":{"@type":"ListItem","@id":"https:\/\/www.eldigitaldeasturias.com\/noticias\/category\/actualidad\/#listItem","name":"Actualidad"}},{"@type":"ListItem","@id":"https:\/\/www.eldigitaldeasturias.com\/noticias\/category\/actualidad\/#listItem","position":2,"name":"Actualidad","item":"https:\/\/www.eldigitaldeasturias.com\/noticias\/category\/actualidad\/","nextItem":{"@type":"ListItem","@id":"https:\/\/www.eldigitaldeasturias.com\/noticias\/susana-diaz-las-35-horas-seran-una-realidad-en-el-marco-de-la-sentencia-del-tc\/#listItem","name":"Susana D\u00edaz: \u00abLas 35 horas ser\u00e1n una realidad en el marco de la sentencia del TC\u00bb"},"previousItem":{"@type":"ListItem","@id":"https:\/\/www.eldigitaldeasturias.com\/noticias#listItem","name":"Home"}},{"@type":"ListItem","@id":"https:\/\/www.eldigitaldeasturias.com\/noticias\/susana-diaz-las-35-horas-seran-una-realidad-en-el-marco-de-la-sentencia-del-tc\/#listItem","position":3,"name":"Susana D\u00edaz: \u00abLas 35 horas ser\u00e1n una realidad en el marco de la sentencia del TC\u00bb","previousItem":{"@type":"ListItem","@id":"https:\/\/www.eldigitaldeasturias.com\/noticias\/category\/actualidad\/#listItem","name":"Actualidad"}}]},{"@type":"Organization","@id":"https:\/\/www.eldigitaldeasturias.com\/noticias\/#organization","name":"El Digital de Asturias","description":"Hemeroteca","url":"https:\/\/www.eldigitaldeasturias.com\/noticias\/","email":"info@eldigitaldeasturias.com","telephone":"+34652131393","logo":{"@type":"ImageObject","url":"https:\/\/www.eldigitaldeasturias.com\/noticias\/wp-content\/uploads\/2020\/12\/EDA.jpg","@id":"https:\/\/www.eldigitaldeasturias.com\/noticias\/susana-diaz-las-35-horas-seran-una-realidad-en-el-marco-de-la-sentencia-del-tc\/#organizationLogo"},"image":{"@id":"https:\/\/www.eldigitaldeasturias.com\/noticias\/susana-diaz-las-35-horas-seran-una-realidad-en-el-marco-de-la-sentencia-del-tc\/#organizationLogo"},"sameAs":["https:\/\/facebook.com\/eldigitaldeasturias","https:\/\/www.youtube.com\/channel\/UCZP-2wLEB9Rv6erhFmqVnvg"],"address":{"@id":"https:\/\/www.eldigitaldeasturias.com\/noticias\/#postaladdress","@type":"PostalAddress","streetAddress":"san antonio 4","postalCode":"33430","addressLocality":"Cand\u00e1s","addressRegion":"Asturias","addressCountry":"ES"}},{"@type":"Person","@id":"https:\/\/www.eldigitaldeasturias.com\/noticias\/author\/admin\/#author","url":"https:\/\/www.eldigitaldeasturias.com\/noticias\/author\/admin\/","name":"El Digital de Asturias","image":{"@type":"ImageObject","@id":"https:\/\/www.eldigitaldeasturias.com\/noticias\/susana-diaz-las-35-horas-seran-una-realidad-en-el-marco-de-la-sentencia-del-tc\/#authorImage","url":"https:\/\/secure.gravatar.com\/avatar\/df2aeffc32bcd13f8d26072ef8a91b623d677766deac7f97ca815868cd41bf5e?s=96&d=mm&r=g","width":96,"height":96,"caption":"El Digital de Asturias"}},{"@type":"WebPage","@id":"https:\/\/www.eldigitaldeasturias.com\/noticias\/susana-diaz-las-35-horas-seran-una-realidad-en-el-marco-de-la-sentencia-del-tc\/#webpage","url":"https:\/\/www.eldigitaldeasturias.com\/noticias\/susana-diaz-las-35-horas-seran-una-realidad-en-el-marco-de-la-sentencia-del-tc\/","name":"Susana D\u00edaz: \u00abLas 35 horas ser\u00e1n una realidad en el marco de la sentencia del TC\u00bb - El Digital de Asturias","description":"La presidenta de la Junta, Susana D\u00edaz, ha explicado que el Gobierno de Andaluc\u00eda siempre \"acata y ejecuta todas las sentencias de los tribunales\" y \"cumple con la ley\". En relaci\u00f3n al fallo del Tribunal Constitucional sobre el decreto de las 35 horas laborales semanales de los empleados p\u00fablicos, D\u00edaz ha puesto en valor el","inLanguage":"es-ES","isPartOf":{"@id":"https:\/\/www.eldigitaldeasturias.com\/noticias\/#website"},"breadcrumb":{"@id":"https:\/\/www.eldigitaldeasturias.com\/noticias\/susana-diaz-las-35-horas-seran-una-realidad-en-el-marco-de-la-sentencia-del-tc\/#breadcrumblist"},"author":{"@id":"https:\/\/www.eldigitaldeasturias.com\/noticias\/author\/admin\/#author"},"creator":{"@id":"https:\/\/www.eldigitaldeasturias.com\/noticias\/author\/admin\/#author"},"image":{"@type":"ImageObject","url":964037,"@id":"https:\/\/www.eldigitaldeasturias.com\/noticias\/susana-diaz-las-35-horas-seran-una-realidad-en-el-marco-de-la-sentencia-del-tc\/#mainImage"},"primaryImageOfPage":{"@id":"https:\/\/www.eldigitaldeasturias.com\/noticias\/susana-diaz-las-35-horas-seran-una-realidad-en-el-marco-de-la-sentencia-del-tc\/#mainImage"},"datePublished":"2017-12-20T19:04:01+01:00","dateModified":"2017-12-20T19:04:01+01:00"},{"@type":"WebSite","@id":"https:\/\/www.eldigitaldeasturias.com\/noticias\/#website","url":"https:\/\/www.eldigitaldeasturias.com\/noticias\/","name":"El Digital de Asturias - Diario de actualidad y noticias","alternateName":"El Digital de Asturias - Diario de actualidad y noticias","description":"Hemeroteca","inLanguage":"es-ES","publisher":{"@id":"https:\/\/www.eldigitaldeasturias.com\/noticias\/#organization"}}]},"og:locale":"es_ES","og:site_name":"El Digital de Asturias","og:type":"article","og:title":"Susana D\u00edaz: \u00abLas 35 horas ser\u00e1n una realidad en el marco de la sentencia del TC\u00bb - El Digital de Asturias","og:description":"La presidenta de la Junta, Susana D\u00edaz, ha explicado que el Gobierno de Andaluc\u00eda siempre &quot;acata y ejecuta todas las sentencias de los tribunales&quot; y &quot;cumple con la ley&quot;. En relaci\u00f3n al fallo del Tribunal Constitucional sobre el decreto de las 35 horas laborales semanales de los empleados p\u00fablicos, D\u00edaz ha puesto en valor el","og:url":"https:\/\/www.eldigitaldeasturias.com\/noticias\/susana-diaz-las-35-horas-seran-una-realidad-en-el-marco-de-la-sentencia-del-tc\/","article:tag":["actualidad"],"article:published_time":"2017-12-20T19:04:01+00:00","article:modified_time":"2017-12-20T19:04:01+00:00","article:publisher":"https:\/\/facebook.com\/eldigitaldeasturias","twitter:card":"summary_large_image","twitter:title":"Susana D\u00edaz: \u00abLas 35 horas ser\u00e1n una realidad en el marco de la sentencia del TC\u00bb - El Digital de Asturias","twitter:description":"La presidenta de la Junta, Susana D\u00edaz, ha explicado que el Gobierno de Andaluc\u00eda siempre &quot;acata y ejecuta todas las sentencias de los tribunales&quot; y &quot;cumple con la ley&quot;. En relaci\u00f3n al fallo del Tribunal Constitucional sobre el decreto de las 35 horas laborales semanales de los empleados p\u00fablicos, D\u00edaz ha puesto en valor el","twitter:image":"https:\/\/www.eldigitaldeasturias.com\/noticias\/wp-content\/uploads\/2020\/12\/EDA-1.jpg","twitter:label1":"Escrito por","twitter:data1":"El Digital de Asturias","twitter:label2":"Tiempo de lectura estimado","twitter:data2":"3 minutos"},"aioseo_meta_data":{"post_id":"964039","title":null,"description":null,"keywords":null,"keyphrases":null,"primary_term":null,"canonical_url":null,"og_title":null,"og_description":null,"og_object_type":"default","og_image_type":"default","og_image_url":null,"og_image_width":null,"og_image_height":null,"og_image_custom_url":null,"og_image_custom_fields":null,"og_video":null,"og_custom_url":null,"og_article_section":null,"og_article_tags":null,"twitter_use_og":false,"twitter_card":"default","twitter_image_type":"default","twitter_image_url":null,"twitter_image_custom_url":null,"twitter_image_custom_fields":null,"twitter_title":null,"twitter_description":null,"schema":{"blockGraphs":[],"customGraphs":[],"default":{"data":{"Article":[],"Course":[],"Dataset":[],"FAQPage":[],"Movie":[],"Person":[],"Product":[],"ProductReview":[],"Car":[],"Recipe":[],"Service":[],"SoftwareApplication":[],"WebPage":[]},"graphName":"","isEnabled":true},"graphs":[],"defaultGraph":"","defaultPostTypeGraph":""},"schema_type":null,"schema_type_options":null,"pillar_content":false,"robots_default":true,"robots_noindex":false,"robots_noarchive":false,"robots_nosnippet":false,"robots_nofollow":false,"robots_noimageindex":false,"robots_noodp":false,"robots_notranslate":false,"robots_max_snippet":null,"robots_max_videopreview":null,"robots_max_imagepreview":"large","priority":null,"frequency":null,"local_seo":null,"seo_analyzer_scan_date":"2025-12-07 18:25:36","breadcrumb_settings":null,"limit_modified_date":false,"open_ai":null,"ai":null,"created":"2020-12-21 12:41:36","updated":"2025-12-07 18:25:36","focus_keyword":null,"additional_keywords":null,"truseo_locale":null},"aioseo_breadcrumb":"<div class=\"aioseo-breadcrumbs\"><span class=\"aioseo-breadcrumb\">\n\t<a href=\"https:\/\/www.eldigitaldeasturias.com\/noticias\" title=\"Home\">Home<\/a>\n<\/span><span class=\"aioseo-breadcrumb-separator\">\u2013<\/span><span class=\"aioseo-breadcrumb\">\n\t<a href=\"https:\/\/www.eldigitaldeasturias.com\/noticias\/category\/actualidad\/\" title=\"Actualidad\">Actualidad<\/a>\n<\/span><span class=\"aioseo-breadcrumb-separator\">\u2013<\/span><span class=\"aioseo-breadcrumb\">\n\t<a href=\"https:\/\/www.eldigitaldeasturias.com\/noticias\/susana-diaz-las-35-horas-seran-una-realidad-en-el-marco-de-la-sentencia-del-tc\/\" title=\"Susana D\u00edaz: \u00abLas 35 horas ser\u00e1n una realidad en el marco de la sentencia del TC\u00bb\">Susana D\u00edaz: \u00abLas 35 horas ser\u00e1n una realidad en el marco de la sentencia del TC\u00bb<\/a>\n<\/span><\/div>","aioseo_breadcrumb_json":[{"label":"Home","link":"https:\/\/www.eldigitaldeasturias.com\/noticias"},{"label":"Actualidad","link":"https:\/\/www.eldigitaldeasturias.com\/noticias\/category\/actualidad\/"},{"label":"Susana D\u00edaz: \u00abLas 35 horas ser\u00e1n una realidad en el marco de la sentencia del TC\u00bb","link":"https:\/\/www.eldigitaldeasturias.com\/noticias\/susana-diaz-las-35-horas-seran-una-realidad-en-el-marco-de-la-sentencia-del-tc\/"}],"_links":{"self":[{"href":"https:\/\/www.eldigitaldeasturias.com\/noticias\/wp-json\/wp\/v2\/posts\/964039","targetHints":{"allow":["GET"]}}],"collection":[{"href":"https:\/\/www.eldigitaldeasturias.com\/noticias\/wp-json\/wp\/v2\/posts"}],"about":[{"href":"https:\/\/www.eldigitaldeasturias.com\/noticias\/wp-json\/wp\/v2\/types\/post"}],"author":[{"embeddable":true,"href":"https:\/\/www.eldigitaldeasturias.com\/noticias\/wp-json\/wp\/v2\/users\/1"}],"replies":[{"embeddable":true,"href":"https:\/\/www.eldigitaldeasturias.com\/noticias\/wp-json\/wp\/v2\/comments?post=964039"}],"version-history":[{"count":0,"href":"https:\/\/www.eldigitaldeasturias.com\/noticias\/wp-json\/wp\/v2\/posts\/964039\/revisions"}],"wp:attachment":[{"href":"https:\/\/www.eldigitaldeasturias.com\/noticias\/wp-json\/wp\/v2\/media?parent=964039"}],"wp:term":[{"taxonomy":"category","embeddable":true,"href":"https:\/\/www.eldigitaldeasturias.com\/noticias\/wp-json\/wp\/v2\/categories?post=964039"},{"taxonomy":"post_tag","embeddable":true,"href":"https:\/\/www.eldigitaldeasturias.com\/noticias\/wp-json\/wp\/v2\/tags?post=964039"}],"curies":[{"name":"wp","href":"https:\/\/api.w.org\/{rel}","templated":true}]}}