{"id":963984,"date":"2017-12-20T13:50:58","date_gmt":"2017-12-20T13:50:58","guid":{"rendered":"http:\/\/www.eldigitaldeasturias.com\/noticias\/?p=963984"},"modified":"2017-12-20T13:50:58","modified_gmt":"2017-12-20T13:50:58","slug":"cospedal-visita-al-contingente-espanol-desplegado-en-letonia","status":"publish","type":"post","link":"https:\/\/www.eldigitaldeasturias.com\/noticias\/cospedal-visita-al-contingente-espanol-desplegado-en-letonia\/","title":{"rendered":"Cospedal visita al contingente espa\u00f1ol desplegado en Letonia"},"content":{"rendered":"<p><img loading=\"lazy\" decoding=\"async\" class=\"alignleft size-medium wp-image-963985\" src=\"https:\/\/www.eldigitaldeasturias.com\/noticias\/wp-content\/uploads\/2017\/12\/cospedal-360x239.jpg\" alt=\"\" width=\"360\" height=\"239\" \/>\u00abDesde aqu\u00ed, en Letonia, se defienden tambi\u00e9n la seguridad y protecci\u00f3n de las familias espa\u00f1olas. Por eso, necesitamos unas Fuerzas Armadas y un Ej\u00e9rcito de Tierra bien preparados y equipados\u00bb. Con estas palabras, la ministra de Defensa, Mar\u00eda Dolores de Cospedal, ha destacado la importancia que tiene para Espa\u00f1a su participaci\u00f3n en la Presencia Avanzada Reforzada (eFP, de sus siglas en ingl\u00e9s) de la OTAN durante su visita al contingente espa\u00f1ol desplegado en la base militar de Adazi, en Letonia.<\/p>\n<p>Cospedal ha se\u00f1alado la importante aportaci\u00f3n y demostraci\u00f3n de capacidades del Ej\u00e9rcito de Tierra dentro de la eFP, siendo reconocidas diariamente al Gobierno espa\u00f1ol.<\/p>\n<p>As\u00ed, en su alocuci\u00f3n al contingente espa\u00f1ol, la ministra ha subrayado el orgullo que supone ser el primer contingente espa\u00f1ol en la historia que despliega en una misi\u00f3n en el exterior con carros y veh\u00edculos de combate -en referencia a los &#8216;Leopardo 2E&#8217; y &#8216;Pizarro&#8217;- y ha enfatizado la importancia de su labor, profesionalidad, compa\u00f1erismo y vocaci\u00f3n de servicio.<\/p>\n<p>Mar\u00eda Dolores de Cospedal ha subrayado la necesidad de pertenecer a organizaciones internacionales para defenderse de las amenazas globales. En este contexto, la ministra ha destacado el compromiso de Espa\u00f1a con la OTAN para proteger los valores aliados y garantizar la seguridad de sus ciudadanos y ha afirmado que \u00abla solidaridad del pueblo espa\u00f1ol, de Espa\u00f1a y de las Fuerzas Armadas con nuestros aliados del B\u00e1ltico se manifiesta de manera gr\u00e1fica aqu\u00ed\u00bb. Adem\u00e1s, las Fuerzas Armadas espa\u00f1olas tambi\u00e9n contribuyen a la Polic\u00eda A\u00e9rea del B\u00e1ltico y a las Agrupaciones Navales de la Alianza, m\u00e1s all\u00e1 de la participaci\u00f3n terrestre en la eFP.<\/p>\n<p>Dada la proximidad de la Navidad, la ministra ha tenido un especial recuerdo para las familias de los militares desplegados en Letonia, a quienes les ha agradecido \u00abel esfuerzo que supone estar aqu\u00ed. Uno elige ser militar y la familia no necesariamente. Darles las gracias por el enorme esfuerzo que realizan porque un militar necesita un soporte fundamental y el primero, el previo, es el de las familias\u00bb.<\/p>\n<p>Durante su visita, la ministra ha podido comprobar de primera mano el alto grado de preparaci\u00f3n, el excelente material y las tareas que realizan los militares espa\u00f1oles durante el ejercicio misil contracarro &#8216;Spike&#8217;. A continuaci\u00f3n, el jefe del contingente, teniente coronel Juan Castroviejo Garc\u00eda, ha realizado una presentaci\u00f3n a la ministra sobre la situaci\u00f3n actual de la participaci\u00f3n de Espa\u00f1a en la eFP.<\/p>\n<p>Como muestra del compromiso adquirido por Espa\u00f1a con la Alianza, las Fuerzas Armadas contribuyen a la Presencia Avanzada Reforzada (eFP) de la OTAN con el despliegue de 331 efectivos y 170 veh\u00edculos en la base militar letona de Adazi, que se integran en el grupo t\u00e1ctico liderado por Canad\u00e1 y en el que tambi\u00e9n participan Albania, Eslovenia, Italia y Polonia.<\/p>\n<p>La participaci\u00f3n espa\u00f1ola en la eFP ha supuesto el primer despliegue en el exterior de medios mecanizados y acorazados de cadenas -seis carros de combate &#8216;Leopardo 2E&#8217;, dos carros &#8216;Leopardo 2ER&#8217; de recuperaci\u00f3n, 14 veh\u00edculos de combate de infanter\u00eda VCI &#8216;Pizarro&#8217; y 15 trasporte oruga acorazado (TOA).<\/p>\n<p>Asimismo, se ha desplegado por primera vez en operaciones el sistema de mando y control t\u00e1ctico espa\u00f1ol (BMS, Battlefield Management System), que ha suscitado gran inter\u00e9s por el resto de los contingentes que forman parte del grupo t\u00e1ctico, especialmente el canadiense.<\/p>\n<p>A mediados de enero del pr\u00f3ximo a\u00f1o, efectivos de la Brigada &#8216;Guzm\u00e1n el Bueno&#8217; X, con sede en la base militar de Cerro Muriano en C\u00f3rdoba, efectuar\u00e1n el primer relevo de la fuerza en Letonia, cuyo grueso forma parte de la brigada &#8216;Extremadura&#8217; XI, con sede en Botoa (Badajoz).<\/p>\n<p>Tras la Cumbre de Varsovia de 2016, la OTAN decidi\u00f3 reforzar el papel de la disuasi\u00f3n como herramienta fundamental para asegurar la defensa de los aliados. Para ello, se acord\u00f3 el despliegue de una fuerza orientada al flanco este de la Alianza, compuesta por una Presencia Avanzada \u00aba medida\u00bb (tFP, tailored Forward Presence) y una Presencia Avanzada Reforzada (eFP, enhanced Forward Presence), ambas de naturaleza defensiva, interoperables, basadas en aportaciones voluntarias y respetando el Acta Fundacional OTAN-Rusia.<\/p>\n","protected":false},"excerpt":{"rendered":"<p>\u00abDesde aqu\u00ed, en Letonia, se defienden tambi\u00e9n la seguridad y protecci\u00f3n de las familias espa\u00f1olas. Por eso, necesitamos unas Fuerzas Armadas y un Ej\u00e9rcito de Tierra bien preparados y equipados\u00bb. Con estas palabras, la ministra de Defensa, Mar\u00eda Dolores de Cospedal, ha destacado la importancia que tiene para Espa\u00f1a su participaci\u00f3n en la Presencia Avanzada [&hellip;]<\/p>\n","protected":false},"author":1,"featured_media":963985,"comment_status":"closed","ping_status":"closed","sticky":false,"template":"","format":"standard","meta":{"footnotes":""},"categories":[1],"tags":[],"class_list":["post-963984","post","type-post","status-publish","format-standard","has-post-thumbnail","hentry","category-actualidad"],"aioseo_notices":[],"aioseo_head":"\n\t\t<!-- All in One SEO Pro 5.0.1 - aioseo.com -->\n\t<meta name=\"description\" content=\"&quot;Desde aqu\u00ed, en Letonia, se defienden tambi\u00e9n la seguridad y protecci\u00f3n de las familias espa\u00f1olas. Por eso, necesitamos unas Fuerzas Armadas y un Ej\u00e9rcito de Tierra bien preparados y equipados&quot;. Con estas palabras, la ministra de Defensa, Mar\u00eda Dolores de Cospedal, ha destacado la importancia que tiene para Espa\u00f1a su participaci\u00f3n en la Presencia Avanzada\" \/>\n\t<meta name=\"robots\" content=\"max-image-preview:large\" \/>\n\t<meta name=\"author\" content=\"El Digital de Asturias\"\/>\n\t<meta name=\"google-site-verification\" content=\"UA-38556648-1\" \/>\n\t<meta name=\"msvalidate.01\" content=\"7dfe9f3f1b24437ab69f4f2559babe99\" \/>\n\t<meta name=\"keywords\" content=\"actualidad\" \/>\n\t<link rel=\"canonical\" href=\"https:\/\/www.eldigitaldeasturias.com\/noticias\/cospedal-visita-al-contingente-espanol-desplegado-en-letonia\/\" \/>\n\t<meta name=\"generator\" content=\"All in One SEO Pro (AIOSEO) 5.0.1\" \/>\n\t\t<meta property=\"og:locale\" content=\"es_ES\" \/>\n\t\t<meta property=\"og:site_name\" content=\"El Digital de Asturias\" \/>\n\t\t<meta property=\"og:type\" content=\"article\" \/>\n\t\t<meta property=\"og:title\" content=\"Cospedal visita al contingente espa\u00f1ol desplegado en Letonia - El Digital de Asturias\" \/>\n\t\t<meta property=\"og:description\" content=\"&quot;Desde aqu\u00ed, en Letonia, se defienden tambi\u00e9n la seguridad y protecci\u00f3n de las familias espa\u00f1olas. Por eso, necesitamos unas Fuerzas Armadas y un Ej\u00e9rcito de Tierra bien preparados y equipados&quot;. Con estas palabras, la ministra de Defensa, Mar\u00eda Dolores de Cospedal, ha destacado la importancia que tiene para Espa\u00f1a su participaci\u00f3n en la Presencia Avanzada\" \/>\n\t\t<meta property=\"og:url\" content=\"https:\/\/www.eldigitaldeasturias.com\/noticias\/cospedal-visita-al-contingente-espanol-desplegado-en-letonia\/\" \/>\n\t\t<meta property=\"article:tag\" content=\"actualidad\" \/>\n\t\t<meta property=\"article:published_time\" content=\"2017-12-20T13:50:58+00:00\" \/>\n\t\t<meta property=\"article:modified_time\" content=\"2017-12-20T13:50:58+00:00\" \/>\n\t\t<meta property=\"article:publisher\" content=\"https:\/\/facebook.com\/eldigitaldeasturias\" \/>\n\t\t<meta name=\"twitter:card\" content=\"summary_large_image\" \/>\n\t\t<meta name=\"twitter:title\" content=\"Cospedal visita al contingente espa\u00f1ol desplegado en Letonia - El Digital de Asturias\" \/>\n\t\t<meta name=\"twitter:description\" content=\"&quot;Desde aqu\u00ed, en Letonia, se defienden tambi\u00e9n la seguridad y protecci\u00f3n de las familias espa\u00f1olas. Por eso, necesitamos unas Fuerzas Armadas y un Ej\u00e9rcito de Tierra bien preparados y equipados&quot;. Con estas palabras, la ministra de Defensa, Mar\u00eda Dolores de Cospedal, ha destacado la importancia que tiene para Espa\u00f1a su participaci\u00f3n en la Presencia Avanzada\" \/>\n\t\t<meta name=\"twitter:image\" content=\"https:\/\/www.eldigitaldeasturias.com\/noticias\/wp-content\/uploads\/2020\/12\/EDA-1.jpg\" \/>\n\t\t<meta name=\"twitter:label1\" content=\"Escrito por\" \/>\n\t\t<meta name=\"twitter:data1\" content=\"El Digital de Asturias\" \/>\n\t\t<meta name=\"twitter:label2\" content=\"Tiempo de lectura estimado\" \/>\n\t\t<meta name=\"twitter:data2\" content=\"4 minutos\" \/>\n\t\t<script type=\"application\/ld+json\" class=\"aioseo-schema\">\n\t\t\t{\"@context\":\"https:\\\/\\\/schema.org\",\"@graph\":[{\"@type\":\"BlogPosting\",\"@id\":\"https:\\\/\\\/www.eldigitaldeasturias.com\\\/noticias\\\/cospedal-visita-al-contingente-espanol-desplegado-en-letonia\\\/#blogposting\",\"name\":\"Cospedal visita al contingente espa\\u00f1ol desplegado en Letonia - El Digital de Asturias\",\"headline\":\"Cospedal visita al contingente espa\\u00f1ol desplegado en Letonia\",\"author\":{\"@id\":\"https:\\\/\\\/www.eldigitaldeasturias.com\\\/noticias\\\/author\\\/admin\\\/#author\"},\"publisher\":{\"@id\":\"https:\\\/\\\/www.eldigitaldeasturias.com\\\/noticias\\\/#organization\"},\"image\":{\"@type\":\"ImageObject\",\"url\":963985},\"datePublished\":\"2017-12-20T13:50:58+01:00\",\"dateModified\":\"2017-12-20T13:50:58+01:00\",\"inLanguage\":\"es-ES\",\"mainEntityOfPage\":{\"@id\":\"https:\\\/\\\/www.eldigitaldeasturias.com\\\/noticias\\\/cospedal-visita-al-contingente-espanol-desplegado-en-letonia\\\/#webpage\"},\"isPartOf\":{\"@id\":\"https:\\\/\\\/www.eldigitaldeasturias.com\\\/noticias\\\/cospedal-visita-al-contingente-espanol-desplegado-en-letonia\\\/#webpage\"},\"articleSection\":\"Actualidad\"},{\"@type\":\"BreadcrumbList\",\"@id\":\"https:\\\/\\\/www.eldigitaldeasturias.com\\\/noticias\\\/cospedal-visita-al-contingente-espanol-desplegado-en-letonia\\\/#breadcrumblist\",\"itemListElement\":[{\"@type\":\"ListItem\",\"@id\":\"https:\\\/\\\/www.eldigitaldeasturias.com\\\/noticias#listItem\",\"position\":1,\"name\":\"Home\",\"item\":\"https:\\\/\\\/www.eldigitaldeasturias.com\\\/noticias\",\"nextItem\":{\"@type\":\"ListItem\",\"@id\":\"https:\\\/\\\/www.eldigitaldeasturias.com\\\/noticias\\\/category\\\/actualidad\\\/#listItem\",\"name\":\"Actualidad\"}},{\"@type\":\"ListItem\",\"@id\":\"https:\\\/\\\/www.eldigitaldeasturias.com\\\/noticias\\\/category\\\/actualidad\\\/#listItem\",\"position\":2,\"name\":\"Actualidad\",\"item\":\"https:\\\/\\\/www.eldigitaldeasturias.com\\\/noticias\\\/category\\\/actualidad\\\/\",\"nextItem\":{\"@type\":\"ListItem\",\"@id\":\"https:\\\/\\\/www.eldigitaldeasturias.com\\\/noticias\\\/cospedal-visita-al-contingente-espanol-desplegado-en-letonia\\\/#listItem\",\"name\":\"Cospedal visita al contingente espa\\u00f1ol desplegado en Letonia\"},\"previousItem\":{\"@type\":\"ListItem\",\"@id\":\"https:\\\/\\\/www.eldigitaldeasturias.com\\\/noticias#listItem\",\"name\":\"Home\"}},{\"@type\":\"ListItem\",\"@id\":\"https:\\\/\\\/www.eldigitaldeasturias.com\\\/noticias\\\/cospedal-visita-al-contingente-espanol-desplegado-en-letonia\\\/#listItem\",\"position\":3,\"name\":\"Cospedal visita al contingente espa\\u00f1ol desplegado en Letonia\",\"previousItem\":{\"@type\":\"ListItem\",\"@id\":\"https:\\\/\\\/www.eldigitaldeasturias.com\\\/noticias\\\/category\\\/actualidad\\\/#listItem\",\"name\":\"Actualidad\"}}]},{\"@type\":\"Organization\",\"@id\":\"https:\\\/\\\/www.eldigitaldeasturias.com\\\/noticias\\\/#organization\",\"name\":\"El Digital de Asturias\",\"description\":\"Hemeroteca\",\"url\":\"https:\\\/\\\/www.eldigitaldeasturias.com\\\/noticias\\\/\",\"email\":\"info@eldigitaldeasturias.com\",\"telephone\":\"+34652131393\",\"logo\":{\"@type\":\"ImageObject\",\"url\":\"https:\\\/\\\/www.eldigitaldeasturias.com\\\/noticias\\\/wp-content\\\/uploads\\\/2020\\\/12\\\/EDA.jpg\",\"@id\":\"https:\\\/\\\/www.eldigitaldeasturias.com\\\/noticias\\\/cospedal-visita-al-contingente-espanol-desplegado-en-letonia\\\/#organizationLogo\"},\"image\":{\"@id\":\"https:\\\/\\\/www.eldigitaldeasturias.com\\\/noticias\\\/cospedal-visita-al-contingente-espanol-desplegado-en-letonia\\\/#organizationLogo\"},\"sameAs\":[\"https:\\\/\\\/facebook.com\\\/eldigitaldeasturias\",\"https:\\\/\\\/www.youtube.com\\\/channel\\\/UCZP-2wLEB9Rv6erhFmqVnvg\"],\"address\":{\"@id\":\"https:\\\/\\\/www.eldigitaldeasturias.com\\\/noticias\\\/#postaladdress\",\"@type\":\"PostalAddress\",\"streetAddress\":\"san antonio 4\",\"postalCode\":\"33430\",\"addressLocality\":\"Cand\\u00e1s\",\"addressRegion\":\"Asturias\",\"addressCountry\":\"ES\"}},{\"@type\":\"Person\",\"@id\":\"https:\\\/\\\/www.eldigitaldeasturias.com\\\/noticias\\\/author\\\/admin\\\/#author\",\"url\":\"https:\\\/\\\/www.eldigitaldeasturias.com\\\/noticias\\\/author\\\/admin\\\/\",\"name\":\"El Digital de Asturias\",\"image\":{\"@type\":\"ImageObject\",\"@id\":\"https:\\\/\\\/www.eldigitaldeasturias.com\\\/noticias\\\/cospedal-visita-al-contingente-espanol-desplegado-en-letonia\\\/#authorImage\",\"url\":\"https:\\\/\\\/secure.gravatar.com\\\/avatar\\\/df2aeffc32bcd13f8d26072ef8a91b623d677766deac7f97ca815868cd41bf5e?s=96&d=mm&r=g\",\"width\":96,\"height\":96,\"caption\":\"El Digital de Asturias\"}},{\"@type\":\"WebPage\",\"@id\":\"https:\\\/\\\/www.eldigitaldeasturias.com\\\/noticias\\\/cospedal-visita-al-contingente-espanol-desplegado-en-letonia\\\/#webpage\",\"url\":\"https:\\\/\\\/www.eldigitaldeasturias.com\\\/noticias\\\/cospedal-visita-al-contingente-espanol-desplegado-en-letonia\\\/\",\"name\":\"Cospedal visita al contingente espa\\u00f1ol desplegado en Letonia - El Digital de Asturias\",\"description\":\"\\\"Desde aqu\\u00ed, en Letonia, se defienden tambi\\u00e9n la seguridad y protecci\\u00f3n de las familias espa\\u00f1olas. Por eso, necesitamos unas Fuerzas Armadas y un Ej\\u00e9rcito de Tierra bien preparados y equipados\\\". Con estas palabras, la ministra de Defensa, Mar\\u00eda Dolores de Cospedal, ha destacado la importancia que tiene para Espa\\u00f1a su participaci\\u00f3n en la Presencia Avanzada\",\"inLanguage\":\"es-ES\",\"isPartOf\":{\"@id\":\"https:\\\/\\\/www.eldigitaldeasturias.com\\\/noticias\\\/#website\"},\"breadcrumb\":{\"@id\":\"https:\\\/\\\/www.eldigitaldeasturias.com\\\/noticias\\\/cospedal-visita-al-contingente-espanol-desplegado-en-letonia\\\/#breadcrumblist\"},\"author\":{\"@id\":\"https:\\\/\\\/www.eldigitaldeasturias.com\\\/noticias\\\/author\\\/admin\\\/#author\"},\"creator\":{\"@id\":\"https:\\\/\\\/www.eldigitaldeasturias.com\\\/noticias\\\/author\\\/admin\\\/#author\"},\"image\":{\"@type\":\"ImageObject\",\"url\":963985,\"@id\":\"https:\\\/\\\/www.eldigitaldeasturias.com\\\/noticias\\\/cospedal-visita-al-contingente-espanol-desplegado-en-letonia\\\/#mainImage\"},\"primaryImageOfPage\":{\"@id\":\"https:\\\/\\\/www.eldigitaldeasturias.com\\\/noticias\\\/cospedal-visita-al-contingente-espanol-desplegado-en-letonia\\\/#mainImage\"},\"datePublished\":\"2017-12-20T13:50:58+01:00\",\"dateModified\":\"2017-12-20T13:50:58+01:00\"},{\"@type\":\"WebSite\",\"@id\":\"https:\\\/\\\/www.eldigitaldeasturias.com\\\/noticias\\\/#website\",\"url\":\"https:\\\/\\\/www.eldigitaldeasturias.com\\\/noticias\\\/\",\"name\":\"El Digital de Asturias - Diario de actualidad y noticias\",\"alternateName\":\"El Digital de Asturias - Diario de actualidad y noticias\",\"description\":\"Hemeroteca\",\"inLanguage\":\"es-ES\",\"publisher\":{\"@id\":\"https:\\\/\\\/www.eldigitaldeasturias.com\\\/noticias\\\/#organization\"}}]}\n\t\t<\/script>\n\t\t<!-- All in One SEO Pro -->\r\n\t\t<title>Cospedal visita al contingente espa\u00f1ol desplegado en Letonia - El Digital de Asturias<\/title>\n\n","aioseo_head_json":{"title":"Cospedal visita al contingente espa\u00f1ol desplegado en Letonia - El Digital de Asturias","description":"\"Desde aqu\u00ed, en Letonia, se defienden tambi\u00e9n la seguridad y protecci\u00f3n de las familias espa\u00f1olas. Por eso, necesitamos unas Fuerzas Armadas y un Ej\u00e9rcito de Tierra bien preparados y equipados\". Con estas palabras, la ministra de Defensa, Mar\u00eda Dolores de Cospedal, ha destacado la importancia que tiene para Espa\u00f1a su participaci\u00f3n en la Presencia Avanzada","canonical_url":"https:\/\/www.eldigitaldeasturias.com\/noticias\/cospedal-visita-al-contingente-espanol-desplegado-en-letonia\/","robots":"max-image-preview:large","keywords":"actualidad","webmasterTools":{"google-site-verification":"UA-38556648-1","msvalidate.01":"7dfe9f3f1b24437ab69f4f2559babe99","miscellaneous":""},"schema":{"@context":"https:\/\/schema.org","@graph":[{"@type":"BlogPosting","@id":"https:\/\/www.eldigitaldeasturias.com\/noticias\/cospedal-visita-al-contingente-espanol-desplegado-en-letonia\/#blogposting","name":"Cospedal visita al contingente espa\u00f1ol desplegado en Letonia - El Digital de Asturias","headline":"Cospedal visita al contingente espa\u00f1ol desplegado en Letonia","author":{"@id":"https:\/\/www.eldigitaldeasturias.com\/noticias\/author\/admin\/#author"},"publisher":{"@id":"https:\/\/www.eldigitaldeasturias.com\/noticias\/#organization"},"image":{"@type":"ImageObject","url":963985},"datePublished":"2017-12-20T13:50:58+01:00","dateModified":"2017-12-20T13:50:58+01:00","inLanguage":"es-ES","mainEntityOfPage":{"@id":"https:\/\/www.eldigitaldeasturias.com\/noticias\/cospedal-visita-al-contingente-espanol-desplegado-en-letonia\/#webpage"},"isPartOf":{"@id":"https:\/\/www.eldigitaldeasturias.com\/noticias\/cospedal-visita-al-contingente-espanol-desplegado-en-letonia\/#webpage"},"articleSection":"Actualidad"},{"@type":"BreadcrumbList","@id":"https:\/\/www.eldigitaldeasturias.com\/noticias\/cospedal-visita-al-contingente-espanol-desplegado-en-letonia\/#breadcrumblist","itemListElement":[{"@type":"ListItem","@id":"https:\/\/www.eldigitaldeasturias.com\/noticias#listItem","position":1,"name":"Home","item":"https:\/\/www.eldigitaldeasturias.com\/noticias","nextItem":{"@type":"ListItem","@id":"https:\/\/www.eldigitaldeasturias.com\/noticias\/category\/actualidad\/#listItem","name":"Actualidad"}},{"@type":"ListItem","@id":"https:\/\/www.eldigitaldeasturias.com\/noticias\/category\/actualidad\/#listItem","position":2,"name":"Actualidad","item":"https:\/\/www.eldigitaldeasturias.com\/noticias\/category\/actualidad\/","nextItem":{"@type":"ListItem","@id":"https:\/\/www.eldigitaldeasturias.com\/noticias\/cospedal-visita-al-contingente-espanol-desplegado-en-letonia\/#listItem","name":"Cospedal visita al contingente espa\u00f1ol desplegado en Letonia"},"previousItem":{"@type":"ListItem","@id":"https:\/\/www.eldigitaldeasturias.com\/noticias#listItem","name":"Home"}},{"@type":"ListItem","@id":"https:\/\/www.eldigitaldeasturias.com\/noticias\/cospedal-visita-al-contingente-espanol-desplegado-en-letonia\/#listItem","position":3,"name":"Cospedal visita al contingente espa\u00f1ol desplegado en Letonia","previousItem":{"@type":"ListItem","@id":"https:\/\/www.eldigitaldeasturias.com\/noticias\/category\/actualidad\/#listItem","name":"Actualidad"}}]},{"@type":"Organization","@id":"https:\/\/www.eldigitaldeasturias.com\/noticias\/#organization","name":"El Digital de Asturias","description":"Hemeroteca","url":"https:\/\/www.eldigitaldeasturias.com\/noticias\/","email":"info@eldigitaldeasturias.com","telephone":"+34652131393","logo":{"@type":"ImageObject","url":"https:\/\/www.eldigitaldeasturias.com\/noticias\/wp-content\/uploads\/2020\/12\/EDA.jpg","@id":"https:\/\/www.eldigitaldeasturias.com\/noticias\/cospedal-visita-al-contingente-espanol-desplegado-en-letonia\/#organizationLogo"},"image":{"@id":"https:\/\/www.eldigitaldeasturias.com\/noticias\/cospedal-visita-al-contingente-espanol-desplegado-en-letonia\/#organizationLogo"},"sameAs":["https:\/\/facebook.com\/eldigitaldeasturias","https:\/\/www.youtube.com\/channel\/UCZP-2wLEB9Rv6erhFmqVnvg"],"address":{"@id":"https:\/\/www.eldigitaldeasturias.com\/noticias\/#postaladdress","@type":"PostalAddress","streetAddress":"san antonio 4","postalCode":"33430","addressLocality":"Cand\u00e1s","addressRegion":"Asturias","addressCountry":"ES"}},{"@type":"Person","@id":"https:\/\/www.eldigitaldeasturias.com\/noticias\/author\/admin\/#author","url":"https:\/\/www.eldigitaldeasturias.com\/noticias\/author\/admin\/","name":"El Digital de Asturias","image":{"@type":"ImageObject","@id":"https:\/\/www.eldigitaldeasturias.com\/noticias\/cospedal-visita-al-contingente-espanol-desplegado-en-letonia\/#authorImage","url":"https:\/\/secure.gravatar.com\/avatar\/df2aeffc32bcd13f8d26072ef8a91b623d677766deac7f97ca815868cd41bf5e?s=96&d=mm&r=g","width":96,"height":96,"caption":"El Digital de Asturias"}},{"@type":"WebPage","@id":"https:\/\/www.eldigitaldeasturias.com\/noticias\/cospedal-visita-al-contingente-espanol-desplegado-en-letonia\/#webpage","url":"https:\/\/www.eldigitaldeasturias.com\/noticias\/cospedal-visita-al-contingente-espanol-desplegado-en-letonia\/","name":"Cospedal visita al contingente espa\u00f1ol desplegado en Letonia - El Digital de Asturias","description":"\"Desde aqu\u00ed, en Letonia, se defienden tambi\u00e9n la seguridad y protecci\u00f3n de las familias espa\u00f1olas. Por eso, necesitamos unas Fuerzas Armadas y un Ej\u00e9rcito de Tierra bien preparados y equipados\". Con estas palabras, la ministra de Defensa, Mar\u00eda Dolores de Cospedal, ha destacado la importancia que tiene para Espa\u00f1a su participaci\u00f3n en la Presencia Avanzada","inLanguage":"es-ES","isPartOf":{"@id":"https:\/\/www.eldigitaldeasturias.com\/noticias\/#website"},"breadcrumb":{"@id":"https:\/\/www.eldigitaldeasturias.com\/noticias\/cospedal-visita-al-contingente-espanol-desplegado-en-letonia\/#breadcrumblist"},"author":{"@id":"https:\/\/www.eldigitaldeasturias.com\/noticias\/author\/admin\/#author"},"creator":{"@id":"https:\/\/www.eldigitaldeasturias.com\/noticias\/author\/admin\/#author"},"image":{"@type":"ImageObject","url":963985,"@id":"https:\/\/www.eldigitaldeasturias.com\/noticias\/cospedal-visita-al-contingente-espanol-desplegado-en-letonia\/#mainImage"},"primaryImageOfPage":{"@id":"https:\/\/www.eldigitaldeasturias.com\/noticias\/cospedal-visita-al-contingente-espanol-desplegado-en-letonia\/#mainImage"},"datePublished":"2017-12-20T13:50:58+01:00","dateModified":"2017-12-20T13:50:58+01:00"},{"@type":"WebSite","@id":"https:\/\/www.eldigitaldeasturias.com\/noticias\/#website","url":"https:\/\/www.eldigitaldeasturias.com\/noticias\/","name":"El Digital de Asturias - Diario de actualidad y noticias","alternateName":"El Digital de Asturias - Diario de actualidad y noticias","description":"Hemeroteca","inLanguage":"es-ES","publisher":{"@id":"https:\/\/www.eldigitaldeasturias.com\/noticias\/#organization"}}]},"og:locale":"es_ES","og:site_name":"El Digital de Asturias","og:type":"article","og:title":"Cospedal visita al contingente espa\u00f1ol desplegado en Letonia - El Digital de Asturias","og:description":"&quot;Desde aqu\u00ed, en Letonia, se defienden tambi\u00e9n la seguridad y protecci\u00f3n de las familias espa\u00f1olas. Por eso, necesitamos unas Fuerzas Armadas y un Ej\u00e9rcito de Tierra bien preparados y equipados&quot;. Con estas palabras, la ministra de Defensa, Mar\u00eda Dolores de Cospedal, ha destacado la importancia que tiene para Espa\u00f1a su participaci\u00f3n en la Presencia Avanzada","og:url":"https:\/\/www.eldigitaldeasturias.com\/noticias\/cospedal-visita-al-contingente-espanol-desplegado-en-letonia\/","article:tag":["actualidad"],"article:published_time":"2017-12-20T13:50:58+00:00","article:modified_time":"2017-12-20T13:50:58+00:00","article:publisher":"https:\/\/facebook.com\/eldigitaldeasturias","twitter:card":"summary_large_image","twitter:title":"Cospedal visita al contingente espa\u00f1ol desplegado en Letonia - El Digital de Asturias","twitter:description":"&quot;Desde aqu\u00ed, en Letonia, se defienden tambi\u00e9n la seguridad y protecci\u00f3n de las familias espa\u00f1olas. Por eso, necesitamos unas Fuerzas Armadas y un Ej\u00e9rcito de Tierra bien preparados y equipados&quot;. Con estas palabras, la ministra de Defensa, Mar\u00eda Dolores de Cospedal, ha destacado la importancia que tiene para Espa\u00f1a su participaci\u00f3n en la Presencia Avanzada","twitter:image":"https:\/\/www.eldigitaldeasturias.com\/noticias\/wp-content\/uploads\/2020\/12\/EDA-1.jpg","twitter:label1":"Escrito por","twitter:data1":"El Digital de Asturias","twitter:label2":"Tiempo de lectura estimado","twitter:data2":"4 minutos"},"aioseo_meta_data":{"post_id":"963984","title":null,"description":null,"keywords":null,"keyphrases":null,"primary_term":null,"canonical_url":null,"og_title":null,"og_description":null,"og_object_type":"default","og_image_type":"default","og_image_url":null,"og_image_width":null,"og_image_height":null,"og_image_custom_url":null,"og_image_custom_fields":null,"og_video":null,"og_custom_url":null,"og_article_section":null,"og_article_tags":null,"twitter_use_og":false,"twitter_card":"default","twitter_image_type":"default","twitter_image_url":null,"twitter_image_custom_url":null,"twitter_image_custom_fields":null,"twitter_title":null,"twitter_description":null,"schema":{"blockGraphs":[],"customGraphs":[],"default":{"data":{"Article":[],"Course":[],"Dataset":[],"FAQPage":[],"Movie":[],"Person":[],"Product":[],"ProductReview":[],"Car":[],"Recipe":[],"Service":[],"SoftwareApplication":[],"WebPage":[]},"graphName":"","isEnabled":true},"graphs":[],"defaultGraph":"","defaultPostTypeGraph":""},"schema_type":null,"schema_type_options":null,"pillar_content":false,"robots_default":true,"robots_noindex":false,"robots_noarchive":false,"robots_nosnippet":false,"robots_nofollow":false,"robots_noimageindex":false,"robots_noodp":false,"robots_notranslate":false,"robots_max_snippet":null,"robots_max_videopreview":null,"robots_max_imagepreview":"large","priority":null,"frequency":null,"local_seo":null,"seo_analyzer_scan_date":"2025-12-07 18:12:11","breadcrumb_settings":null,"limit_modified_date":false,"open_ai":null,"ai":null,"created":"2020-12-21 12:41:37","updated":"2025-12-07 18:12:11","focus_keyword":null,"additional_keywords":null,"truseo_locale":null},"aioseo_breadcrumb":"<div class=\"aioseo-breadcrumbs\"><span class=\"aioseo-breadcrumb\">\n\t<a href=\"https:\/\/www.eldigitaldeasturias.com\/noticias\" title=\"Home\">Home<\/a>\n<\/span><span class=\"aioseo-breadcrumb-separator\">\u2013<\/span><span class=\"aioseo-breadcrumb\">\n\t<a href=\"https:\/\/www.eldigitaldeasturias.com\/noticias\/category\/actualidad\/\" title=\"Actualidad\">Actualidad<\/a>\n<\/span><span class=\"aioseo-breadcrumb-separator\">\u2013<\/span><span class=\"aioseo-breadcrumb\">\n\t<a href=\"https:\/\/www.eldigitaldeasturias.com\/noticias\/cospedal-visita-al-contingente-espanol-desplegado-en-letonia\/\" title=\"Cospedal visita al contingente espa\u00f1ol desplegado en Letonia\">Cospedal visita al contingente espa\u00f1ol desplegado en Letonia<\/a>\n<\/span><\/div>","aioseo_breadcrumb_json":[{"label":"Home","link":"https:\/\/www.eldigitaldeasturias.com\/noticias"},{"label":"Actualidad","link":"https:\/\/www.eldigitaldeasturias.com\/noticias\/category\/actualidad\/"},{"label":"Cospedal visita al contingente espa\u00f1ol desplegado en Letonia","link":"https:\/\/www.eldigitaldeasturias.com\/noticias\/cospedal-visita-al-contingente-espanol-desplegado-en-letonia\/"}],"_links":{"self":[{"href":"https:\/\/www.eldigitaldeasturias.com\/noticias\/wp-json\/wp\/v2\/posts\/963984","targetHints":{"allow":["GET"]}}],"collection":[{"href":"https:\/\/www.eldigitaldeasturias.com\/noticias\/wp-json\/wp\/v2\/posts"}],"about":[{"href":"https:\/\/www.eldigitaldeasturias.com\/noticias\/wp-json\/wp\/v2\/types\/post"}],"author":[{"embeddable":true,"href":"https:\/\/www.eldigitaldeasturias.com\/noticias\/wp-json\/wp\/v2\/users\/1"}],"replies":[{"embeddable":true,"href":"https:\/\/www.eldigitaldeasturias.com\/noticias\/wp-json\/wp\/v2\/comments?post=963984"}],"version-history":[{"count":0,"href":"https:\/\/www.eldigitaldeasturias.com\/noticias\/wp-json\/wp\/v2\/posts\/963984\/revisions"}],"wp:attachment":[{"href":"https:\/\/www.eldigitaldeasturias.com\/noticias\/wp-json\/wp\/v2\/media?parent=963984"}],"wp:term":[{"taxonomy":"category","embeddable":true,"href":"https:\/\/www.eldigitaldeasturias.com\/noticias\/wp-json\/wp\/v2\/categories?post=963984"},{"taxonomy":"post_tag","embeddable":true,"href":"https:\/\/www.eldigitaldeasturias.com\/noticias\/wp-json\/wp\/v2\/tags?post=963984"}],"curies":[{"name":"wp","href":"https:\/\/api.w.org\/{rel}","templated":true}]}}