{"id":963914,"date":"2017-12-19T23:51:32","date_gmt":"2017-12-19T23:51:32","guid":{"rendered":"http:\/\/www.eldigitaldeasturias.com\/noticias\/?p=963914"},"modified":"2017-12-19T23:51:32","modified_gmt":"2017-12-19T23:51:32","slug":"recortes-cero-no-queremos-los-muros-de-puigdemont","status":"publish","type":"post","link":"https:\/\/www.eldigitaldeasturias.com\/noticias\/recortes-cero-no-queremos-los-muros-de-puigdemont\/","title":{"rendered":"Recortes Cero: \u00abNo queremos los muros de Puigdemont\u00bb"},"content":{"rendered":"<p><img loading=\"lazy\" decoding=\"async\" class=\"alignleft size-medium wp-image-963915\" src=\"https:\/\/www.eldigitaldeasturias.com\/noticias\/wp-content\/uploads\/2017\/12\/FMuro3-360x270.jpg\" alt=\"\" width=\"360\" height=\"270\" \/>Recortes Cero-Grupo Verde cierra la campa\u00f1a electoral como comenz\u00f3 el a\u00f1o, rechazando los planes de Puigdemont y Junqueras y reclamando la\u00a0\u201cunidad del pueblo trabajador, \u201cQueremos denunciar las pol\u00edticas que\u00a0dividen y enfrentan a los pueblos\u201d. En la Rambla Just Oliveras de\u00a0L`Hospitalet de Llobregat un muro de 30 metros ha sido el s\u00edmbolo del NO\u00a0a la independencia y el NO a los recortes, que son pilares de su\u00a0programa. El mismo muro que montaron en la plaza Sant Jaume, ante el\u00a0Palau de la Generalitat, mientras se aprobaban las leyes de desconexi\u00f3n\u00a0y que, junto a las concentraciones, se\u00f1alan a Recortes Cero-Grupo Verde\u00a0como la \u00fanica formaci\u00f3n, y la \u00fanica fuerza de izquierdas que ha\u00a0denunciado a pie de calle la estafa del proc\u00e9s.<\/p>\n<p>Una vez m\u00e1s se ha levantado el muro, contando con la presencia de sus\u00a0tres candidatas -Nuria Su\u00e1rez, Arelis Guaramato y Eva Avenda\u00f1o-\u00a0acompa\u00f1adas por otros miembros de la formaci\u00f3n.<\/p>\n<p>La coalici\u00f3n, con su cabeza de lista Nuria Su\u00e1rez, ha querido celebrar el \u00faltimo acto de campa\u00f1a en L`Hospitalet de Llobregat, concluyendo la\u00a0gira que ha realizado por el cintur\u00f3n obrero de Barcelona, que le ha\u00a0llevado a El Prat, Santa Coloma, Hospitalet, Badalona, Terrassa, Nou\u00a0Barris&#8230;. Ha recorrido m\u00e1s de 20 poblaciones para conocer de cerca las\u00a0sensaciones de sus vecinos y vecinas, para decirles que \u201chagan sus\u00a0cuentas\u201d entreg\u00e1ndoles l\u00e1piz y papel y para devolver al debate pol\u00edtico\u00a0\u201clo nuestro\u201d, \u201clo que nos importa\u201d: el retroceso de las condiciones de\u00a0vida de catalanes y catalanas, que desde 2008 han sufrido, recortes de\u00a02.116 \u20ac por habitante, si hacemos la media del total de los 15.650\u00a0millones de euros de recortes que ha habido en Catalu\u00f1a en el periodo\u00a02008-2016.<\/p>\n<p>En su diario de campa\u00f1a, Nuria ha apuntado historias y nombres,\u00a0testimonios de los recortes que ha sufrido Catalu\u00f1a, del empeoramiento\u00a0de la atenci\u00f3n sanitaria, de la pobreza energ\u00e9tica provocada por los\u00a0abusos de las compa\u00f1\u00edas el\u00e9ctricas, del 14% de poblaci\u00f3n migrante que\u00a0sufre especialmente los recortes\u2026etc.<\/p>\n<p>El tercer eje de la campa\u00f1a que ha desarrollado Recortes Cero-Grupo\u00a0Verde, ha sido trabajar la unidad y el apoyo social con la publicaci\u00f3n\u00a0de dos manifiestos que han permitido cristalizar las alianzas y erigirse\u00a0en movimiento emergente como nueva alternativa de izquierdas, que dice\u00a0claramente No a la independencia y No a los recortes, y que en su\u00a0trayectoria ha sido capaz de unir a m\u00e1s de 5.000 personalidades y\u00a0profesionales, y m\u00e1s de 60 organizaciones de sensibilidades muy\u00a0diversas. Entre los firmantes, muchos nombres destacados que brindan su\u00a0apoyo a Recortes Cero-Grupo Verde; uno de los m\u00e1s significativos el de\u00a0Paco Frutos, exsecretario general del PCE, pidiendo el voto para la\u00a0coalici\u00f3n.<\/p>\n<p>Adem\u00e1s de apoyar, estas personalidades participan activamente en la\u00a0campa\u00f1a de diferentes formas. As\u00ed, su spot electoral lo ha realizado y\u00a0presentado a los medios el director Fernando Colomo, contando con la voz\u00a0de Mercedes Sampietro y la m\u00fasica de Fernando Furones; el dise\u00f1ador\u00a0Javier Mariscal ha realizado una ilustraci\u00f3n para la campa\u00f1a, y muchos\u00a0firmantes han participado en las dos Mesas de la Cultura que se han\u00a0organizado dentro del programa de la campa\u00f1a.<\/p>\n<p>Nuria Su\u00e1rez ha cerrado la campa\u00f1a con un llamamiento. \u201cQuiero hacer un\u00a0llamamiento a votar a Recortes Cero-Grupo Verde como el voto m\u00e1s \u00fatil.\u00a0El m\u00e1s decisivo, para que en el Parlament haya una mayor\u00eda clara que\u00a0diga No a la independencia y un giro a la izquierda, a la lucha contra\u00a0los recortes y para redistribuir la riqueza.\u201d<\/p>\n","protected":false},"excerpt":{"rendered":"<p>Recortes Cero-Grupo Verde cierra la campa\u00f1a electoral como comenz\u00f3 el a\u00f1o, rechazando los planes de Puigdemont y Junqueras y reclamando la\u00a0\u201cunidad del pueblo trabajador, \u201cQueremos denunciar las pol\u00edticas que\u00a0dividen y enfrentan a los pueblos\u201d. En la Rambla Just Oliveras de\u00a0L`Hospitalet de Llobregat un muro de 30 metros ha sido el s\u00edmbolo del NO\u00a0a la independencia [&hellip;]<\/p>\n","protected":false},"author":1,"featured_media":963915,"comment_status":"closed","ping_status":"closed","sticky":false,"template":"","format":"standard","meta":{"footnotes":""},"categories":[1],"tags":[],"class_list":["post-963914","post","type-post","status-publish","format-standard","has-post-thumbnail","hentry","category-actualidad"],"aioseo_notices":[],"aioseo_head":"\n\t\t<!-- All in One SEO Pro 5.0.1 - aioseo.com -->\n\t<meta name=\"description\" content=\"Recortes Cero-Grupo Verde cierra la campa\u00f1a electoral como comenz\u00f3 el a\u00f1o, rechazando los planes de Puigdemont y Junqueras y reclamando la \u201cunidad del pueblo trabajador, \u201cQueremos denunciar las pol\u00edticas que dividen y enfrentan a los pueblos\u201d. En la Rambla Just Oliveras de L`Hospitalet de Llobregat un muro de 30 metros ha sido el s\u00edmbolo del NO a la independencia\" \/>\n\t<meta name=\"robots\" content=\"max-image-preview:large\" \/>\n\t<meta name=\"author\" content=\"El Digital de Asturias\"\/>\n\t<meta name=\"google-site-verification\" content=\"UA-38556648-1\" \/>\n\t<meta name=\"msvalidate.01\" content=\"7dfe9f3f1b24437ab69f4f2559babe99\" \/>\n\t<meta name=\"keywords\" content=\"actualidad\" \/>\n\t<link rel=\"canonical\" href=\"https:\/\/www.eldigitaldeasturias.com\/noticias\/recortes-cero-no-queremos-los-muros-de-puigdemont\/\" \/>\n\t<meta name=\"generator\" content=\"All in One SEO Pro (AIOSEO) 5.0.1\" \/>\n\t\t<meta property=\"og:locale\" content=\"es_ES\" \/>\n\t\t<meta property=\"og:site_name\" content=\"El Digital de Asturias\" \/>\n\t\t<meta property=\"og:type\" content=\"article\" \/>\n\t\t<meta property=\"og:title\" content=\"Recortes Cero: \u00abNo queremos los muros de Puigdemont\u00bb - El Digital de Asturias\" \/>\n\t\t<meta property=\"og:description\" content=\"Recortes Cero-Grupo Verde cierra la campa\u00f1a electoral como comenz\u00f3 el a\u00f1o, rechazando los planes de Puigdemont y Junqueras y reclamando la \u201cunidad del pueblo trabajador, \u201cQueremos denunciar las pol\u00edticas que dividen y enfrentan a los pueblos\u201d. En la Rambla Just Oliveras de L`Hospitalet de Llobregat un muro de 30 metros ha sido el s\u00edmbolo del NO a la independencia\" \/>\n\t\t<meta property=\"og:url\" content=\"https:\/\/www.eldigitaldeasturias.com\/noticias\/recortes-cero-no-queremos-los-muros-de-puigdemont\/\" \/>\n\t\t<meta property=\"article:tag\" content=\"actualidad\" \/>\n\t\t<meta property=\"article:published_time\" content=\"2017-12-19T23:51:32+00:00\" \/>\n\t\t<meta property=\"article:modified_time\" content=\"2017-12-19T23:51:32+00:00\" \/>\n\t\t<meta property=\"article:publisher\" content=\"https:\/\/facebook.com\/eldigitaldeasturias\" \/>\n\t\t<meta name=\"twitter:card\" content=\"summary_large_image\" \/>\n\t\t<meta name=\"twitter:title\" content=\"Recortes Cero: \u00abNo queremos los muros de Puigdemont\u00bb - El Digital de Asturias\" \/>\n\t\t<meta name=\"twitter:description\" content=\"Recortes Cero-Grupo Verde cierra la campa\u00f1a electoral como comenz\u00f3 el a\u00f1o, rechazando los planes de Puigdemont y Junqueras y reclamando la \u201cunidad del pueblo trabajador, \u201cQueremos denunciar las pol\u00edticas que dividen y enfrentan a los pueblos\u201d. En la Rambla Just Oliveras de L`Hospitalet de Llobregat un muro de 30 metros ha sido el s\u00edmbolo del NO a la independencia\" \/>\n\t\t<meta name=\"twitter:image\" content=\"https:\/\/www.eldigitaldeasturias.com\/noticias\/wp-content\/uploads\/2020\/12\/EDA-1.jpg\" \/>\n\t\t<meta name=\"twitter:label1\" content=\"Escrito por\" \/>\n\t\t<meta name=\"twitter:data1\" content=\"El Digital de Asturias\" \/>\n\t\t<meta name=\"twitter:label2\" content=\"Tiempo de lectura estimado\" \/>\n\t\t<meta name=\"twitter:data2\" content=\"3 minutos\" \/>\n\t\t<script type=\"application\/ld+json\" class=\"aioseo-schema\">\n\t\t\t{\"@context\":\"https:\\\/\\\/schema.org\",\"@graph\":[{\"@type\":\"BlogPosting\",\"@id\":\"https:\\\/\\\/www.eldigitaldeasturias.com\\\/noticias\\\/recortes-cero-no-queremos-los-muros-de-puigdemont\\\/#blogposting\",\"name\":\"Recortes Cero: \\u00abNo queremos los muros de Puigdemont\\u00bb - El Digital de Asturias\",\"headline\":\"Recortes Cero: \\u00abNo queremos los muros de Puigdemont\\u00bb\",\"author\":{\"@id\":\"https:\\\/\\\/www.eldigitaldeasturias.com\\\/noticias\\\/author\\\/admin\\\/#author\"},\"publisher\":{\"@id\":\"https:\\\/\\\/www.eldigitaldeasturias.com\\\/noticias\\\/#organization\"},\"image\":{\"@type\":\"ImageObject\",\"url\":963915},\"datePublished\":\"2017-12-19T23:51:32+01:00\",\"dateModified\":\"2017-12-19T23:51:32+01:00\",\"inLanguage\":\"es-ES\",\"mainEntityOfPage\":{\"@id\":\"https:\\\/\\\/www.eldigitaldeasturias.com\\\/noticias\\\/recortes-cero-no-queremos-los-muros-de-puigdemont\\\/#webpage\"},\"isPartOf\":{\"@id\":\"https:\\\/\\\/www.eldigitaldeasturias.com\\\/noticias\\\/recortes-cero-no-queremos-los-muros-de-puigdemont\\\/#webpage\"},\"articleSection\":\"Actualidad\"},{\"@type\":\"BreadcrumbList\",\"@id\":\"https:\\\/\\\/www.eldigitaldeasturias.com\\\/noticias\\\/recortes-cero-no-queremos-los-muros-de-puigdemont\\\/#breadcrumblist\",\"itemListElement\":[{\"@type\":\"ListItem\",\"@id\":\"https:\\\/\\\/www.eldigitaldeasturias.com\\\/noticias#listItem\",\"position\":1,\"name\":\"Home\",\"item\":\"https:\\\/\\\/www.eldigitaldeasturias.com\\\/noticias\",\"nextItem\":{\"@type\":\"ListItem\",\"@id\":\"https:\\\/\\\/www.eldigitaldeasturias.com\\\/noticias\\\/category\\\/actualidad\\\/#listItem\",\"name\":\"Actualidad\"}},{\"@type\":\"ListItem\",\"@id\":\"https:\\\/\\\/www.eldigitaldeasturias.com\\\/noticias\\\/category\\\/actualidad\\\/#listItem\",\"position\":2,\"name\":\"Actualidad\",\"item\":\"https:\\\/\\\/www.eldigitaldeasturias.com\\\/noticias\\\/category\\\/actualidad\\\/\",\"nextItem\":{\"@type\":\"ListItem\",\"@id\":\"https:\\\/\\\/www.eldigitaldeasturias.com\\\/noticias\\\/recortes-cero-no-queremos-los-muros-de-puigdemont\\\/#listItem\",\"name\":\"Recortes Cero: \\u00abNo queremos los muros de Puigdemont\\u00bb\"},\"previousItem\":{\"@type\":\"ListItem\",\"@id\":\"https:\\\/\\\/www.eldigitaldeasturias.com\\\/noticias#listItem\",\"name\":\"Home\"}},{\"@type\":\"ListItem\",\"@id\":\"https:\\\/\\\/www.eldigitaldeasturias.com\\\/noticias\\\/recortes-cero-no-queremos-los-muros-de-puigdemont\\\/#listItem\",\"position\":3,\"name\":\"Recortes Cero: \\u00abNo queremos los muros de Puigdemont\\u00bb\",\"previousItem\":{\"@type\":\"ListItem\",\"@id\":\"https:\\\/\\\/www.eldigitaldeasturias.com\\\/noticias\\\/category\\\/actualidad\\\/#listItem\",\"name\":\"Actualidad\"}}]},{\"@type\":\"Organization\",\"@id\":\"https:\\\/\\\/www.eldigitaldeasturias.com\\\/noticias\\\/#organization\",\"name\":\"El Digital de Asturias\",\"description\":\"Hemeroteca\",\"url\":\"https:\\\/\\\/www.eldigitaldeasturias.com\\\/noticias\\\/\",\"email\":\"info@eldigitaldeasturias.com\",\"telephone\":\"+34652131393\",\"logo\":{\"@type\":\"ImageObject\",\"url\":\"https:\\\/\\\/www.eldigitaldeasturias.com\\\/noticias\\\/wp-content\\\/uploads\\\/2020\\\/12\\\/EDA.jpg\",\"@id\":\"https:\\\/\\\/www.eldigitaldeasturias.com\\\/noticias\\\/recortes-cero-no-queremos-los-muros-de-puigdemont\\\/#organizationLogo\"},\"image\":{\"@id\":\"https:\\\/\\\/www.eldigitaldeasturias.com\\\/noticias\\\/recortes-cero-no-queremos-los-muros-de-puigdemont\\\/#organizationLogo\"},\"sameAs\":[\"https:\\\/\\\/facebook.com\\\/eldigitaldeasturias\",\"https:\\\/\\\/www.youtube.com\\\/channel\\\/UCZP-2wLEB9Rv6erhFmqVnvg\"],\"address\":{\"@id\":\"https:\\\/\\\/www.eldigitaldeasturias.com\\\/noticias\\\/#postaladdress\",\"@type\":\"PostalAddress\",\"streetAddress\":\"san antonio 4\",\"postalCode\":\"33430\",\"addressLocality\":\"Cand\\u00e1s\",\"addressRegion\":\"Asturias\",\"addressCountry\":\"ES\"}},{\"@type\":\"Person\",\"@id\":\"https:\\\/\\\/www.eldigitaldeasturias.com\\\/noticias\\\/author\\\/admin\\\/#author\",\"url\":\"https:\\\/\\\/www.eldigitaldeasturias.com\\\/noticias\\\/author\\\/admin\\\/\",\"name\":\"El Digital de Asturias\",\"image\":{\"@type\":\"ImageObject\",\"@id\":\"https:\\\/\\\/www.eldigitaldeasturias.com\\\/noticias\\\/recortes-cero-no-queremos-los-muros-de-puigdemont\\\/#authorImage\",\"url\":\"https:\\\/\\\/secure.gravatar.com\\\/avatar\\\/df2aeffc32bcd13f8d26072ef8a91b623d677766deac7f97ca815868cd41bf5e?s=96&d=mm&r=g\",\"width\":96,\"height\":96,\"caption\":\"El Digital de Asturias\"}},{\"@type\":\"WebPage\",\"@id\":\"https:\\\/\\\/www.eldigitaldeasturias.com\\\/noticias\\\/recortes-cero-no-queremos-los-muros-de-puigdemont\\\/#webpage\",\"url\":\"https:\\\/\\\/www.eldigitaldeasturias.com\\\/noticias\\\/recortes-cero-no-queremos-los-muros-de-puigdemont\\\/\",\"name\":\"Recortes Cero: \\u00abNo queremos los muros de Puigdemont\\u00bb - El Digital de Asturias\",\"description\":\"Recortes Cero-Grupo Verde cierra la campa\\u00f1a electoral como comenz\\u00f3 el a\\u00f1o, rechazando los planes de Puigdemont y Junqueras y reclamando la \\u201cunidad del pueblo trabajador, \\u201cQueremos denunciar las pol\\u00edticas que dividen y enfrentan a los pueblos\\u201d. En la Rambla Just Oliveras de L`Hospitalet de Llobregat un muro de 30 metros ha sido el s\\u00edmbolo del NO a la independencia\",\"inLanguage\":\"es-ES\",\"isPartOf\":{\"@id\":\"https:\\\/\\\/www.eldigitaldeasturias.com\\\/noticias\\\/#website\"},\"breadcrumb\":{\"@id\":\"https:\\\/\\\/www.eldigitaldeasturias.com\\\/noticias\\\/recortes-cero-no-queremos-los-muros-de-puigdemont\\\/#breadcrumblist\"},\"author\":{\"@id\":\"https:\\\/\\\/www.eldigitaldeasturias.com\\\/noticias\\\/author\\\/admin\\\/#author\"},\"creator\":{\"@id\":\"https:\\\/\\\/www.eldigitaldeasturias.com\\\/noticias\\\/author\\\/admin\\\/#author\"},\"image\":{\"@type\":\"ImageObject\",\"url\":963915,\"@id\":\"https:\\\/\\\/www.eldigitaldeasturias.com\\\/noticias\\\/recortes-cero-no-queremos-los-muros-de-puigdemont\\\/#mainImage\"},\"primaryImageOfPage\":{\"@id\":\"https:\\\/\\\/www.eldigitaldeasturias.com\\\/noticias\\\/recortes-cero-no-queremos-los-muros-de-puigdemont\\\/#mainImage\"},\"datePublished\":\"2017-12-19T23:51:32+01:00\",\"dateModified\":\"2017-12-19T23:51:32+01:00\"},{\"@type\":\"WebSite\",\"@id\":\"https:\\\/\\\/www.eldigitaldeasturias.com\\\/noticias\\\/#website\",\"url\":\"https:\\\/\\\/www.eldigitaldeasturias.com\\\/noticias\\\/\",\"name\":\"El Digital de Asturias - Diario de actualidad y noticias\",\"alternateName\":\"El Digital de Asturias - Diario de actualidad y noticias\",\"description\":\"Hemeroteca\",\"inLanguage\":\"es-ES\",\"publisher\":{\"@id\":\"https:\\\/\\\/www.eldigitaldeasturias.com\\\/noticias\\\/#organization\"}}]}\n\t\t<\/script>\n\t\t<!-- All in One SEO Pro -->\r\n\t\t<title>Recortes Cero: \u00abNo queremos los muros de Puigdemont\u00bb - El Digital de Asturias<\/title>\n\n","aioseo_head_json":{"title":"Recortes Cero: \u00abNo queremos los muros de Puigdemont\u00bb - El Digital de Asturias","description":"Recortes Cero-Grupo Verde cierra la campa\u00f1a electoral como comenz\u00f3 el a\u00f1o, rechazando los planes de Puigdemont y Junqueras y reclamando la \u201cunidad del pueblo trabajador, \u201cQueremos denunciar las pol\u00edticas que dividen y enfrentan a los pueblos\u201d. En la Rambla Just Oliveras de L`Hospitalet de Llobregat un muro de 30 metros ha sido el s\u00edmbolo del NO a la independencia","canonical_url":"https:\/\/www.eldigitaldeasturias.com\/noticias\/recortes-cero-no-queremos-los-muros-de-puigdemont\/","robots":"max-image-preview:large","keywords":"actualidad","webmasterTools":{"google-site-verification":"UA-38556648-1","msvalidate.01":"7dfe9f3f1b24437ab69f4f2559babe99","miscellaneous":""},"schema":{"@context":"https:\/\/schema.org","@graph":[{"@type":"BlogPosting","@id":"https:\/\/www.eldigitaldeasturias.com\/noticias\/recortes-cero-no-queremos-los-muros-de-puigdemont\/#blogposting","name":"Recortes Cero: \u00abNo queremos los muros de Puigdemont\u00bb - El Digital de Asturias","headline":"Recortes Cero: \u00abNo queremos los muros de Puigdemont\u00bb","author":{"@id":"https:\/\/www.eldigitaldeasturias.com\/noticias\/author\/admin\/#author"},"publisher":{"@id":"https:\/\/www.eldigitaldeasturias.com\/noticias\/#organization"},"image":{"@type":"ImageObject","url":963915},"datePublished":"2017-12-19T23:51:32+01:00","dateModified":"2017-12-19T23:51:32+01:00","inLanguage":"es-ES","mainEntityOfPage":{"@id":"https:\/\/www.eldigitaldeasturias.com\/noticias\/recortes-cero-no-queremos-los-muros-de-puigdemont\/#webpage"},"isPartOf":{"@id":"https:\/\/www.eldigitaldeasturias.com\/noticias\/recortes-cero-no-queremos-los-muros-de-puigdemont\/#webpage"},"articleSection":"Actualidad"},{"@type":"BreadcrumbList","@id":"https:\/\/www.eldigitaldeasturias.com\/noticias\/recortes-cero-no-queremos-los-muros-de-puigdemont\/#breadcrumblist","itemListElement":[{"@type":"ListItem","@id":"https:\/\/www.eldigitaldeasturias.com\/noticias#listItem","position":1,"name":"Home","item":"https:\/\/www.eldigitaldeasturias.com\/noticias","nextItem":{"@type":"ListItem","@id":"https:\/\/www.eldigitaldeasturias.com\/noticias\/category\/actualidad\/#listItem","name":"Actualidad"}},{"@type":"ListItem","@id":"https:\/\/www.eldigitaldeasturias.com\/noticias\/category\/actualidad\/#listItem","position":2,"name":"Actualidad","item":"https:\/\/www.eldigitaldeasturias.com\/noticias\/category\/actualidad\/","nextItem":{"@type":"ListItem","@id":"https:\/\/www.eldigitaldeasturias.com\/noticias\/recortes-cero-no-queremos-los-muros-de-puigdemont\/#listItem","name":"Recortes Cero: \u00abNo queremos los muros de Puigdemont\u00bb"},"previousItem":{"@type":"ListItem","@id":"https:\/\/www.eldigitaldeasturias.com\/noticias#listItem","name":"Home"}},{"@type":"ListItem","@id":"https:\/\/www.eldigitaldeasturias.com\/noticias\/recortes-cero-no-queremos-los-muros-de-puigdemont\/#listItem","position":3,"name":"Recortes Cero: \u00abNo queremos los muros de Puigdemont\u00bb","previousItem":{"@type":"ListItem","@id":"https:\/\/www.eldigitaldeasturias.com\/noticias\/category\/actualidad\/#listItem","name":"Actualidad"}}]},{"@type":"Organization","@id":"https:\/\/www.eldigitaldeasturias.com\/noticias\/#organization","name":"El Digital de Asturias","description":"Hemeroteca","url":"https:\/\/www.eldigitaldeasturias.com\/noticias\/","email":"info@eldigitaldeasturias.com","telephone":"+34652131393","logo":{"@type":"ImageObject","url":"https:\/\/www.eldigitaldeasturias.com\/noticias\/wp-content\/uploads\/2020\/12\/EDA.jpg","@id":"https:\/\/www.eldigitaldeasturias.com\/noticias\/recortes-cero-no-queremos-los-muros-de-puigdemont\/#organizationLogo"},"image":{"@id":"https:\/\/www.eldigitaldeasturias.com\/noticias\/recortes-cero-no-queremos-los-muros-de-puigdemont\/#organizationLogo"},"sameAs":["https:\/\/facebook.com\/eldigitaldeasturias","https:\/\/www.youtube.com\/channel\/UCZP-2wLEB9Rv6erhFmqVnvg"],"address":{"@id":"https:\/\/www.eldigitaldeasturias.com\/noticias\/#postaladdress","@type":"PostalAddress","streetAddress":"san antonio 4","postalCode":"33430","addressLocality":"Cand\u00e1s","addressRegion":"Asturias","addressCountry":"ES"}},{"@type":"Person","@id":"https:\/\/www.eldigitaldeasturias.com\/noticias\/author\/admin\/#author","url":"https:\/\/www.eldigitaldeasturias.com\/noticias\/author\/admin\/","name":"El Digital de Asturias","image":{"@type":"ImageObject","@id":"https:\/\/www.eldigitaldeasturias.com\/noticias\/recortes-cero-no-queremos-los-muros-de-puigdemont\/#authorImage","url":"https:\/\/secure.gravatar.com\/avatar\/df2aeffc32bcd13f8d26072ef8a91b623d677766deac7f97ca815868cd41bf5e?s=96&d=mm&r=g","width":96,"height":96,"caption":"El Digital de Asturias"}},{"@type":"WebPage","@id":"https:\/\/www.eldigitaldeasturias.com\/noticias\/recortes-cero-no-queremos-los-muros-de-puigdemont\/#webpage","url":"https:\/\/www.eldigitaldeasturias.com\/noticias\/recortes-cero-no-queremos-los-muros-de-puigdemont\/","name":"Recortes Cero: \u00abNo queremos los muros de Puigdemont\u00bb - El Digital de Asturias","description":"Recortes Cero-Grupo Verde cierra la campa\u00f1a electoral como comenz\u00f3 el a\u00f1o, rechazando los planes de Puigdemont y Junqueras y reclamando la \u201cunidad del pueblo trabajador, \u201cQueremos denunciar las pol\u00edticas que dividen y enfrentan a los pueblos\u201d. En la Rambla Just Oliveras de L`Hospitalet de Llobregat un muro de 30 metros ha sido el s\u00edmbolo del NO a la independencia","inLanguage":"es-ES","isPartOf":{"@id":"https:\/\/www.eldigitaldeasturias.com\/noticias\/#website"},"breadcrumb":{"@id":"https:\/\/www.eldigitaldeasturias.com\/noticias\/recortes-cero-no-queremos-los-muros-de-puigdemont\/#breadcrumblist"},"author":{"@id":"https:\/\/www.eldigitaldeasturias.com\/noticias\/author\/admin\/#author"},"creator":{"@id":"https:\/\/www.eldigitaldeasturias.com\/noticias\/author\/admin\/#author"},"image":{"@type":"ImageObject","url":963915,"@id":"https:\/\/www.eldigitaldeasturias.com\/noticias\/recortes-cero-no-queremos-los-muros-de-puigdemont\/#mainImage"},"primaryImageOfPage":{"@id":"https:\/\/www.eldigitaldeasturias.com\/noticias\/recortes-cero-no-queremos-los-muros-de-puigdemont\/#mainImage"},"datePublished":"2017-12-19T23:51:32+01:00","dateModified":"2017-12-19T23:51:32+01:00"},{"@type":"WebSite","@id":"https:\/\/www.eldigitaldeasturias.com\/noticias\/#website","url":"https:\/\/www.eldigitaldeasturias.com\/noticias\/","name":"El Digital de Asturias - Diario de actualidad y noticias","alternateName":"El Digital de Asturias - Diario de actualidad y noticias","description":"Hemeroteca","inLanguage":"es-ES","publisher":{"@id":"https:\/\/www.eldigitaldeasturias.com\/noticias\/#organization"}}]},"og:locale":"es_ES","og:site_name":"El Digital de Asturias","og:type":"article","og:title":"Recortes Cero: \u00abNo queremos los muros de Puigdemont\u00bb - El Digital de Asturias","og:description":"Recortes Cero-Grupo Verde cierra la campa\u00f1a electoral como comenz\u00f3 el a\u00f1o, rechazando los planes de Puigdemont y Junqueras y reclamando la \u201cunidad del pueblo trabajador, \u201cQueremos denunciar las pol\u00edticas que dividen y enfrentan a los pueblos\u201d. En la Rambla Just Oliveras de L`Hospitalet de Llobregat un muro de 30 metros ha sido el s\u00edmbolo del NO a la independencia","og:url":"https:\/\/www.eldigitaldeasturias.com\/noticias\/recortes-cero-no-queremos-los-muros-de-puigdemont\/","article:tag":["actualidad"],"article:published_time":"2017-12-19T23:51:32+00:00","article:modified_time":"2017-12-19T23:51:32+00:00","article:publisher":"https:\/\/facebook.com\/eldigitaldeasturias","twitter:card":"summary_large_image","twitter:title":"Recortes Cero: \u00abNo queremos los muros de Puigdemont\u00bb - El Digital de Asturias","twitter:description":"Recortes Cero-Grupo Verde cierra la campa\u00f1a electoral como comenz\u00f3 el a\u00f1o, rechazando los planes de Puigdemont y Junqueras y reclamando la \u201cunidad del pueblo trabajador, \u201cQueremos denunciar las pol\u00edticas que dividen y enfrentan a los pueblos\u201d. En la Rambla Just Oliveras de L`Hospitalet de Llobregat un muro de 30 metros ha sido el s\u00edmbolo del NO a la independencia","twitter:image":"https:\/\/www.eldigitaldeasturias.com\/noticias\/wp-content\/uploads\/2020\/12\/EDA-1.jpg","twitter:label1":"Escrito por","twitter:data1":"El Digital de Asturias","twitter:label2":"Tiempo de lectura estimado","twitter:data2":"3 minutos"},"aioseo_meta_data":{"post_id":"963914","title":null,"description":null,"keywords":null,"keyphrases":null,"primary_term":null,"canonical_url":null,"og_title":null,"og_description":null,"og_object_type":"default","og_image_type":"default","og_image_url":null,"og_image_width":null,"og_image_height":null,"og_image_custom_url":null,"og_image_custom_fields":null,"og_video":null,"og_custom_url":null,"og_article_section":null,"og_article_tags":null,"twitter_use_og":false,"twitter_card":"default","twitter_image_type":"default","twitter_image_url":null,"twitter_image_custom_url":null,"twitter_image_custom_fields":null,"twitter_title":null,"twitter_description":null,"schema":{"blockGraphs":[],"customGraphs":[],"default":{"data":{"Article":[],"Course":[],"Dataset":[],"FAQPage":[],"Movie":[],"Person":[],"Product":[],"ProductReview":[],"Car":[],"Recipe":[],"Service":[],"SoftwareApplication":[],"WebPage":[]},"graphName":"","isEnabled":true},"graphs":[],"defaultGraph":"","defaultPostTypeGraph":""},"schema_type":null,"schema_type_options":null,"pillar_content":false,"robots_default":true,"robots_noindex":false,"robots_noarchive":false,"robots_nosnippet":false,"robots_nofollow":false,"robots_noimageindex":false,"robots_noodp":false,"robots_notranslate":false,"robots_max_snippet":null,"robots_max_videopreview":null,"robots_max_imagepreview":"large","priority":null,"frequency":null,"local_seo":null,"seo_analyzer_scan_date":"2025-12-07 18:00:12","breadcrumb_settings":null,"limit_modified_date":false,"open_ai":null,"ai":null,"created":"2020-12-21 12:42:37","updated":"2025-12-07 18:00:12","focus_keyword":null,"additional_keywords":null,"truseo_locale":null},"aioseo_breadcrumb":"<div class=\"aioseo-breadcrumbs\"><span class=\"aioseo-breadcrumb\">\n\t<a href=\"https:\/\/www.eldigitaldeasturias.com\/noticias\" title=\"Home\">Home<\/a>\n<\/span><span class=\"aioseo-breadcrumb-separator\">\u2013<\/span><span class=\"aioseo-breadcrumb\">\n\t<a href=\"https:\/\/www.eldigitaldeasturias.com\/noticias\/category\/actualidad\/\" title=\"Actualidad\">Actualidad<\/a>\n<\/span><span class=\"aioseo-breadcrumb-separator\">\u2013<\/span><span class=\"aioseo-breadcrumb\">\n\t<a href=\"https:\/\/www.eldigitaldeasturias.com\/noticias\/recortes-cero-no-queremos-los-muros-de-puigdemont\/\" title=\"Recortes Cero: \u00abNo queremos los muros de Puigdemont\u00bb\">Recortes Cero: \u00abNo queremos los muros de Puigdemont\u00bb<\/a>\n<\/span><\/div>","aioseo_breadcrumb_json":[{"label":"Home","link":"https:\/\/www.eldigitaldeasturias.com\/noticias"},{"label":"Actualidad","link":"https:\/\/www.eldigitaldeasturias.com\/noticias\/category\/actualidad\/"},{"label":"Recortes Cero: \u00abNo queremos los muros de Puigdemont\u00bb","link":"https:\/\/www.eldigitaldeasturias.com\/noticias\/recortes-cero-no-queremos-los-muros-de-puigdemont\/"}],"_links":{"self":[{"href":"https:\/\/www.eldigitaldeasturias.com\/noticias\/wp-json\/wp\/v2\/posts\/963914","targetHints":{"allow":["GET"]}}],"collection":[{"href":"https:\/\/www.eldigitaldeasturias.com\/noticias\/wp-json\/wp\/v2\/posts"}],"about":[{"href":"https:\/\/www.eldigitaldeasturias.com\/noticias\/wp-json\/wp\/v2\/types\/post"}],"author":[{"embeddable":true,"href":"https:\/\/www.eldigitaldeasturias.com\/noticias\/wp-json\/wp\/v2\/users\/1"}],"replies":[{"embeddable":true,"href":"https:\/\/www.eldigitaldeasturias.com\/noticias\/wp-json\/wp\/v2\/comments?post=963914"}],"version-history":[{"count":0,"href":"https:\/\/www.eldigitaldeasturias.com\/noticias\/wp-json\/wp\/v2\/posts\/963914\/revisions"}],"wp:attachment":[{"href":"https:\/\/www.eldigitaldeasturias.com\/noticias\/wp-json\/wp\/v2\/media?parent=963914"}],"wp:term":[{"taxonomy":"category","embeddable":true,"href":"https:\/\/www.eldigitaldeasturias.com\/noticias\/wp-json\/wp\/v2\/categories?post=963914"},{"taxonomy":"post_tag","embeddable":true,"href":"https:\/\/www.eldigitaldeasturias.com\/noticias\/wp-json\/wp\/v2\/tags?post=963914"}],"curies":[{"name":"wp","href":"https:\/\/api.w.org\/{rel}","templated":true}]}}