{"id":963895,"date":"2017-12-19T21:24:00","date_gmt":"2017-12-19T21:24:00","guid":{"rendered":"http:\/\/www.eldigitaldeasturias.com\/noticias\/?p=963895"},"modified":"2017-12-19T21:24:00","modified_gmt":"2017-12-19T21:24:00","slug":"aprobado-el-proyecto-de-ley-de-la-investigacion-e-innovacion-de-aragon","status":"publish","type":"post","link":"https:\/\/www.eldigitaldeasturias.com\/noticias\/aprobado-el-proyecto-de-ley-de-la-investigacion-e-innovacion-de-aragon\/","title":{"rendered":"Aprobado el proyecto de Ley de la Investigaci\u00f3n e Innovaci\u00f3n de Arag\u00f3n"},"content":{"rendered":"<p><img loading=\"lazy\" decoding=\"async\" class=\"alignleft size-medium wp-image-963896\" src=\"https:\/\/www.eldigitaldeasturias.com\/noticias\/wp-content\/uploads\/2017\/12\/IMG_3562_Foto_Luis_Correas_GA-360x159.jpg\" alt=\"\" width=\"360\" height=\"159\" \/>El Consejo de Gobierno ha aprobado el proyecto de Ley de la Investigaci\u00f3n e Innovaci\u00f3n de Arag\u00f3n para remitirlo a las Cortes de Arag\u00f3n. Un compromiso que el Gobierno de Arag\u00f3n alcanz\u00f3 en virtud del Pacto por la Ciencia de Arag\u00f3n, aprobado hace ahora un a\u00f1o. Se trata de una ley que actualiza la del a\u00f1o 2003 y que ha pasado ya por el proceso de participaci\u00f3n ciudadana, donde se han tenido en cuenta las aportaciones realizadas por los distintos colectivos del \u00e1mbito universitario y cient\u00edfico.<\/p>\n<p>El nuevo texto adapta la normativa aragonesa a las exigencias europeas y tambi\u00e9n a la ley de Ciencia del Gobierno central. Incluye la regulaci\u00f3n del marco europeo en investigaci\u00f3n (R1, R2, R3 y R4) y quiere dar estabilidad a las convocatorias para investigadores. Recoge, adem\u00e1s, el objetivo m\u00e1s importante, alcanzar una financiaci\u00f3n estable y no sometida a cambios coyunturales, junto con una planificaci\u00f3n estrat\u00e9gica de la investigaci\u00f3n. En este sentido, se recoge el compromiso de alcanzar progresivamente el 1\u00b43% del PIB regional para llegar a alcanzar despu\u00e9s la media europea.<\/p>\n<p>Adem\u00e1s, una de las medidas previstas en la nueva ley es la constituci\u00f3n del Fondo Aragon\u00e9s de I+D+i que estar\u00e1 integrado por la cuant\u00eda total destinada a la I+D+i que se fije en las correspondientes leyes de Presupuestos de la Comunidad Aut\u00f3noma de Arag\u00f3n para cada ejercicio; se promueve, asimismo, la figura del mecenazgo y la incorporaci\u00f3n de otros mecanismos y pr\u00e1cticas habituales del sector financiero como son el capital-riesgo social, la inversi\u00f3n de impacto, el crowdfunding o la inversi\u00f3n en empresa social.<\/p>\n","protected":false},"excerpt":{"rendered":"<p>El Consejo de Gobierno ha aprobado el proyecto de Ley de la Investigaci\u00f3n e Innovaci\u00f3n de Arag\u00f3n para remitirlo a las Cortes de Arag\u00f3n. Un compromiso que el Gobierno de Arag\u00f3n alcanz\u00f3 en virtud del Pacto por la Ciencia de Arag\u00f3n, aprobado hace ahora un a\u00f1o. Se trata de una ley que actualiza la del [&hellip;]<\/p>\n","protected":false},"author":1,"featured_media":963896,"comment_status":"closed","ping_status":"closed","sticky":false,"template":"","format":"standard","meta":{"footnotes":""},"categories":[1],"tags":[],"class_list":["post-963895","post","type-post","status-publish","format-standard","has-post-thumbnail","hentry","category-actualidad"],"aioseo_notices":[],"aioseo_head":"\n\t\t<!-- All in One SEO Pro 5.0.1 - aioseo.com -->\n\t<meta name=\"description\" content=\"El Consejo de Gobierno ha aprobado el proyecto de Ley de la Investigaci\u00f3n e Innovaci\u00f3n de Arag\u00f3n para remitirlo a las Cortes de Arag\u00f3n. Un compromiso que el Gobierno de Arag\u00f3n alcanz\u00f3 en virtud del Pacto por la Ciencia de Arag\u00f3n, aprobado hace ahora un a\u00f1o. Se trata de una ley que actualiza la del\" \/>\n\t<meta name=\"robots\" content=\"max-image-preview:large\" \/>\n\t<meta name=\"author\" content=\"El Digital de Asturias\"\/>\n\t<meta name=\"google-site-verification\" content=\"UA-38556648-1\" \/>\n\t<meta name=\"msvalidate.01\" content=\"7dfe9f3f1b24437ab69f4f2559babe99\" \/>\n\t<meta name=\"keywords\" content=\"actualidad\" \/>\n\t<link rel=\"canonical\" href=\"https:\/\/www.eldigitaldeasturias.com\/noticias\/aprobado-el-proyecto-de-ley-de-la-investigacion-e-innovacion-de-aragon\/\" \/>\n\t<meta name=\"generator\" content=\"All in One SEO Pro (AIOSEO) 5.0.1\" \/>\n\t\t<meta property=\"og:locale\" content=\"es_ES\" \/>\n\t\t<meta property=\"og:site_name\" content=\"El Digital de Asturias\" \/>\n\t\t<meta property=\"og:type\" content=\"article\" \/>\n\t\t<meta property=\"og:title\" content=\"Aprobado el proyecto de Ley de la Investigaci\u00f3n e Innovaci\u00f3n de Arag\u00f3n - El Digital de Asturias\" \/>\n\t\t<meta property=\"og:description\" content=\"El Consejo de Gobierno ha aprobado el proyecto de Ley de la Investigaci\u00f3n e Innovaci\u00f3n de Arag\u00f3n para remitirlo a las Cortes de Arag\u00f3n. Un compromiso que el Gobierno de Arag\u00f3n alcanz\u00f3 en virtud del Pacto por la Ciencia de Arag\u00f3n, aprobado hace ahora un a\u00f1o. Se trata de una ley que actualiza la del\" \/>\n\t\t<meta property=\"og:url\" content=\"https:\/\/www.eldigitaldeasturias.com\/noticias\/aprobado-el-proyecto-de-ley-de-la-investigacion-e-innovacion-de-aragon\/\" \/>\n\t\t<meta property=\"article:tag\" content=\"actualidad\" \/>\n\t\t<meta property=\"article:published_time\" content=\"2017-12-19T21:24:00+00:00\" \/>\n\t\t<meta property=\"article:modified_time\" content=\"2017-12-19T21:24:00+00:00\" \/>\n\t\t<meta property=\"article:publisher\" content=\"https:\/\/facebook.com\/eldigitaldeasturias\" \/>\n\t\t<meta name=\"twitter:card\" content=\"summary_large_image\" \/>\n\t\t<meta name=\"twitter:title\" content=\"Aprobado el proyecto de Ley de la Investigaci\u00f3n e Innovaci\u00f3n de Arag\u00f3n - El Digital de Asturias\" \/>\n\t\t<meta name=\"twitter:description\" content=\"El Consejo de Gobierno ha aprobado el proyecto de Ley de la Investigaci\u00f3n e Innovaci\u00f3n de Arag\u00f3n para remitirlo a las Cortes de Arag\u00f3n. Un compromiso que el Gobierno de Arag\u00f3n alcanz\u00f3 en virtud del Pacto por la Ciencia de Arag\u00f3n, aprobado hace ahora un a\u00f1o. Se trata de una ley que actualiza la del\" \/>\n\t\t<meta name=\"twitter:image\" content=\"https:\/\/www.eldigitaldeasturias.com\/noticias\/wp-content\/uploads\/2020\/12\/EDA-1.jpg\" \/>\n\t\t<meta name=\"twitter:label1\" content=\"Escrito por\" \/>\n\t\t<meta name=\"twitter:data1\" content=\"El Digital de Asturias\" \/>\n\t\t<meta name=\"twitter:label2\" content=\"Tiempo de lectura estimado\" \/>\n\t\t<meta name=\"twitter:data2\" content=\"1 minuto\" \/>\n\t\t<script type=\"application\/ld+json\" class=\"aioseo-schema\">\n\t\t\t{\"@context\":\"https:\\\/\\\/schema.org\",\"@graph\":[{\"@type\":\"BlogPosting\",\"@id\":\"https:\\\/\\\/www.eldigitaldeasturias.com\\\/noticias\\\/aprobado-el-proyecto-de-ley-de-la-investigacion-e-innovacion-de-aragon\\\/#blogposting\",\"name\":\"Aprobado el proyecto de Ley de la Investigaci\\u00f3n e Innovaci\\u00f3n de Arag\\u00f3n - El Digital de Asturias\",\"headline\":\"Aprobado el proyecto de Ley de la Investigaci\\u00f3n e Innovaci\\u00f3n de Arag\\u00f3n\",\"author\":{\"@id\":\"https:\\\/\\\/www.eldigitaldeasturias.com\\\/noticias\\\/author\\\/admin\\\/#author\"},\"publisher\":{\"@id\":\"https:\\\/\\\/www.eldigitaldeasturias.com\\\/noticias\\\/#organization\"},\"image\":{\"@type\":\"ImageObject\",\"url\":963896},\"datePublished\":\"2017-12-19T21:24:00+01:00\",\"dateModified\":\"2017-12-19T21:24:00+01:00\",\"inLanguage\":\"es-ES\",\"mainEntityOfPage\":{\"@id\":\"https:\\\/\\\/www.eldigitaldeasturias.com\\\/noticias\\\/aprobado-el-proyecto-de-ley-de-la-investigacion-e-innovacion-de-aragon\\\/#webpage\"},\"isPartOf\":{\"@id\":\"https:\\\/\\\/www.eldigitaldeasturias.com\\\/noticias\\\/aprobado-el-proyecto-de-ley-de-la-investigacion-e-innovacion-de-aragon\\\/#webpage\"},\"articleSection\":\"Actualidad\"},{\"@type\":\"BreadcrumbList\",\"@id\":\"https:\\\/\\\/www.eldigitaldeasturias.com\\\/noticias\\\/aprobado-el-proyecto-de-ley-de-la-investigacion-e-innovacion-de-aragon\\\/#breadcrumblist\",\"itemListElement\":[{\"@type\":\"ListItem\",\"@id\":\"https:\\\/\\\/www.eldigitaldeasturias.com\\\/noticias#listItem\",\"position\":1,\"name\":\"Home\",\"item\":\"https:\\\/\\\/www.eldigitaldeasturias.com\\\/noticias\",\"nextItem\":{\"@type\":\"ListItem\",\"@id\":\"https:\\\/\\\/www.eldigitaldeasturias.com\\\/noticias\\\/category\\\/actualidad\\\/#listItem\",\"name\":\"Actualidad\"}},{\"@type\":\"ListItem\",\"@id\":\"https:\\\/\\\/www.eldigitaldeasturias.com\\\/noticias\\\/category\\\/actualidad\\\/#listItem\",\"position\":2,\"name\":\"Actualidad\",\"item\":\"https:\\\/\\\/www.eldigitaldeasturias.com\\\/noticias\\\/category\\\/actualidad\\\/\",\"nextItem\":{\"@type\":\"ListItem\",\"@id\":\"https:\\\/\\\/www.eldigitaldeasturias.com\\\/noticias\\\/aprobado-el-proyecto-de-ley-de-la-investigacion-e-innovacion-de-aragon\\\/#listItem\",\"name\":\"Aprobado el proyecto de Ley de la Investigaci\\u00f3n e Innovaci\\u00f3n de Arag\\u00f3n\"},\"previousItem\":{\"@type\":\"ListItem\",\"@id\":\"https:\\\/\\\/www.eldigitaldeasturias.com\\\/noticias#listItem\",\"name\":\"Home\"}},{\"@type\":\"ListItem\",\"@id\":\"https:\\\/\\\/www.eldigitaldeasturias.com\\\/noticias\\\/aprobado-el-proyecto-de-ley-de-la-investigacion-e-innovacion-de-aragon\\\/#listItem\",\"position\":3,\"name\":\"Aprobado el proyecto de Ley de la Investigaci\\u00f3n e Innovaci\\u00f3n de Arag\\u00f3n\",\"previousItem\":{\"@type\":\"ListItem\",\"@id\":\"https:\\\/\\\/www.eldigitaldeasturias.com\\\/noticias\\\/category\\\/actualidad\\\/#listItem\",\"name\":\"Actualidad\"}}]},{\"@type\":\"Organization\",\"@id\":\"https:\\\/\\\/www.eldigitaldeasturias.com\\\/noticias\\\/#organization\",\"name\":\"El Digital de Asturias\",\"description\":\"Hemeroteca\",\"url\":\"https:\\\/\\\/www.eldigitaldeasturias.com\\\/noticias\\\/\",\"email\":\"info@eldigitaldeasturias.com\",\"telephone\":\"+34652131393\",\"logo\":{\"@type\":\"ImageObject\",\"url\":\"https:\\\/\\\/www.eldigitaldeasturias.com\\\/noticias\\\/wp-content\\\/uploads\\\/2020\\\/12\\\/EDA.jpg\",\"@id\":\"https:\\\/\\\/www.eldigitaldeasturias.com\\\/noticias\\\/aprobado-el-proyecto-de-ley-de-la-investigacion-e-innovacion-de-aragon\\\/#organizationLogo\"},\"image\":{\"@id\":\"https:\\\/\\\/www.eldigitaldeasturias.com\\\/noticias\\\/aprobado-el-proyecto-de-ley-de-la-investigacion-e-innovacion-de-aragon\\\/#organizationLogo\"},\"sameAs\":[\"https:\\\/\\\/facebook.com\\\/eldigitaldeasturias\",\"https:\\\/\\\/www.youtube.com\\\/channel\\\/UCZP-2wLEB9Rv6erhFmqVnvg\"],\"address\":{\"@id\":\"https:\\\/\\\/www.eldigitaldeasturias.com\\\/noticias\\\/#postaladdress\",\"@type\":\"PostalAddress\",\"streetAddress\":\"san antonio 4\",\"postalCode\":\"33430\",\"addressLocality\":\"Cand\\u00e1s\",\"addressRegion\":\"Asturias\",\"addressCountry\":\"ES\"}},{\"@type\":\"Person\",\"@id\":\"https:\\\/\\\/www.eldigitaldeasturias.com\\\/noticias\\\/author\\\/admin\\\/#author\",\"url\":\"https:\\\/\\\/www.eldigitaldeasturias.com\\\/noticias\\\/author\\\/admin\\\/\",\"name\":\"El Digital de Asturias\",\"image\":{\"@type\":\"ImageObject\",\"@id\":\"https:\\\/\\\/www.eldigitaldeasturias.com\\\/noticias\\\/aprobado-el-proyecto-de-ley-de-la-investigacion-e-innovacion-de-aragon\\\/#authorImage\",\"url\":\"https:\\\/\\\/secure.gravatar.com\\\/avatar\\\/df2aeffc32bcd13f8d26072ef8a91b623d677766deac7f97ca815868cd41bf5e?s=96&d=mm&r=g\",\"width\":96,\"height\":96,\"caption\":\"El Digital de Asturias\"}},{\"@type\":\"WebPage\",\"@id\":\"https:\\\/\\\/www.eldigitaldeasturias.com\\\/noticias\\\/aprobado-el-proyecto-de-ley-de-la-investigacion-e-innovacion-de-aragon\\\/#webpage\",\"url\":\"https:\\\/\\\/www.eldigitaldeasturias.com\\\/noticias\\\/aprobado-el-proyecto-de-ley-de-la-investigacion-e-innovacion-de-aragon\\\/\",\"name\":\"Aprobado el proyecto de Ley de la Investigaci\\u00f3n e Innovaci\\u00f3n de Arag\\u00f3n - El Digital de Asturias\",\"description\":\"El Consejo de Gobierno ha aprobado el proyecto de Ley de la Investigaci\\u00f3n e Innovaci\\u00f3n de Arag\\u00f3n para remitirlo a las Cortes de Arag\\u00f3n. Un compromiso que el Gobierno de Arag\\u00f3n alcanz\\u00f3 en virtud del Pacto por la Ciencia de Arag\\u00f3n, aprobado hace ahora un a\\u00f1o. Se trata de una ley que actualiza la del\",\"inLanguage\":\"es-ES\",\"isPartOf\":{\"@id\":\"https:\\\/\\\/www.eldigitaldeasturias.com\\\/noticias\\\/#website\"},\"breadcrumb\":{\"@id\":\"https:\\\/\\\/www.eldigitaldeasturias.com\\\/noticias\\\/aprobado-el-proyecto-de-ley-de-la-investigacion-e-innovacion-de-aragon\\\/#breadcrumblist\"},\"author\":{\"@id\":\"https:\\\/\\\/www.eldigitaldeasturias.com\\\/noticias\\\/author\\\/admin\\\/#author\"},\"creator\":{\"@id\":\"https:\\\/\\\/www.eldigitaldeasturias.com\\\/noticias\\\/author\\\/admin\\\/#author\"},\"image\":{\"@type\":\"ImageObject\",\"url\":963896,\"@id\":\"https:\\\/\\\/www.eldigitaldeasturias.com\\\/noticias\\\/aprobado-el-proyecto-de-ley-de-la-investigacion-e-innovacion-de-aragon\\\/#mainImage\"},\"primaryImageOfPage\":{\"@id\":\"https:\\\/\\\/www.eldigitaldeasturias.com\\\/noticias\\\/aprobado-el-proyecto-de-ley-de-la-investigacion-e-innovacion-de-aragon\\\/#mainImage\"},\"datePublished\":\"2017-12-19T21:24:00+01:00\",\"dateModified\":\"2017-12-19T21:24:00+01:00\"},{\"@type\":\"WebSite\",\"@id\":\"https:\\\/\\\/www.eldigitaldeasturias.com\\\/noticias\\\/#website\",\"url\":\"https:\\\/\\\/www.eldigitaldeasturias.com\\\/noticias\\\/\",\"name\":\"El Digital de Asturias - Diario de actualidad y noticias\",\"alternateName\":\"El Digital de Asturias - Diario de actualidad y noticias\",\"description\":\"Hemeroteca\",\"inLanguage\":\"es-ES\",\"publisher\":{\"@id\":\"https:\\\/\\\/www.eldigitaldeasturias.com\\\/noticias\\\/#organization\"}}]}\n\t\t<\/script>\n\t\t<!-- All in One SEO Pro -->\r\n\t\t<title>Aprobado el proyecto de Ley de la Investigaci\u00f3n e Innovaci\u00f3n de Arag\u00f3n - El Digital de Asturias<\/title>\n\n","aioseo_head_json":{"title":"Aprobado el proyecto de Ley de la Investigaci\u00f3n e Innovaci\u00f3n de Arag\u00f3n - El Digital de Asturias","description":"El Consejo de Gobierno ha aprobado el proyecto de Ley de la Investigaci\u00f3n e Innovaci\u00f3n de Arag\u00f3n para remitirlo a las Cortes de Arag\u00f3n. Un compromiso que el Gobierno de Arag\u00f3n alcanz\u00f3 en virtud del Pacto por la Ciencia de Arag\u00f3n, aprobado hace ahora un a\u00f1o. Se trata de una ley que actualiza la del","canonical_url":"https:\/\/www.eldigitaldeasturias.com\/noticias\/aprobado-el-proyecto-de-ley-de-la-investigacion-e-innovacion-de-aragon\/","robots":"max-image-preview:large","keywords":"actualidad","webmasterTools":{"google-site-verification":"UA-38556648-1","msvalidate.01":"7dfe9f3f1b24437ab69f4f2559babe99","miscellaneous":""},"schema":{"@context":"https:\/\/schema.org","@graph":[{"@type":"BlogPosting","@id":"https:\/\/www.eldigitaldeasturias.com\/noticias\/aprobado-el-proyecto-de-ley-de-la-investigacion-e-innovacion-de-aragon\/#blogposting","name":"Aprobado el proyecto de Ley de la Investigaci\u00f3n e Innovaci\u00f3n de Arag\u00f3n - El Digital de Asturias","headline":"Aprobado el proyecto de Ley de la Investigaci\u00f3n e Innovaci\u00f3n de Arag\u00f3n","author":{"@id":"https:\/\/www.eldigitaldeasturias.com\/noticias\/author\/admin\/#author"},"publisher":{"@id":"https:\/\/www.eldigitaldeasturias.com\/noticias\/#organization"},"image":{"@type":"ImageObject","url":963896},"datePublished":"2017-12-19T21:24:00+01:00","dateModified":"2017-12-19T21:24:00+01:00","inLanguage":"es-ES","mainEntityOfPage":{"@id":"https:\/\/www.eldigitaldeasturias.com\/noticias\/aprobado-el-proyecto-de-ley-de-la-investigacion-e-innovacion-de-aragon\/#webpage"},"isPartOf":{"@id":"https:\/\/www.eldigitaldeasturias.com\/noticias\/aprobado-el-proyecto-de-ley-de-la-investigacion-e-innovacion-de-aragon\/#webpage"},"articleSection":"Actualidad"},{"@type":"BreadcrumbList","@id":"https:\/\/www.eldigitaldeasturias.com\/noticias\/aprobado-el-proyecto-de-ley-de-la-investigacion-e-innovacion-de-aragon\/#breadcrumblist","itemListElement":[{"@type":"ListItem","@id":"https:\/\/www.eldigitaldeasturias.com\/noticias#listItem","position":1,"name":"Home","item":"https:\/\/www.eldigitaldeasturias.com\/noticias","nextItem":{"@type":"ListItem","@id":"https:\/\/www.eldigitaldeasturias.com\/noticias\/category\/actualidad\/#listItem","name":"Actualidad"}},{"@type":"ListItem","@id":"https:\/\/www.eldigitaldeasturias.com\/noticias\/category\/actualidad\/#listItem","position":2,"name":"Actualidad","item":"https:\/\/www.eldigitaldeasturias.com\/noticias\/category\/actualidad\/","nextItem":{"@type":"ListItem","@id":"https:\/\/www.eldigitaldeasturias.com\/noticias\/aprobado-el-proyecto-de-ley-de-la-investigacion-e-innovacion-de-aragon\/#listItem","name":"Aprobado el proyecto de Ley de la Investigaci\u00f3n e Innovaci\u00f3n de Arag\u00f3n"},"previousItem":{"@type":"ListItem","@id":"https:\/\/www.eldigitaldeasturias.com\/noticias#listItem","name":"Home"}},{"@type":"ListItem","@id":"https:\/\/www.eldigitaldeasturias.com\/noticias\/aprobado-el-proyecto-de-ley-de-la-investigacion-e-innovacion-de-aragon\/#listItem","position":3,"name":"Aprobado el proyecto de Ley de la Investigaci\u00f3n e Innovaci\u00f3n de Arag\u00f3n","previousItem":{"@type":"ListItem","@id":"https:\/\/www.eldigitaldeasturias.com\/noticias\/category\/actualidad\/#listItem","name":"Actualidad"}}]},{"@type":"Organization","@id":"https:\/\/www.eldigitaldeasturias.com\/noticias\/#organization","name":"El Digital de Asturias","description":"Hemeroteca","url":"https:\/\/www.eldigitaldeasturias.com\/noticias\/","email":"info@eldigitaldeasturias.com","telephone":"+34652131393","logo":{"@type":"ImageObject","url":"https:\/\/www.eldigitaldeasturias.com\/noticias\/wp-content\/uploads\/2020\/12\/EDA.jpg","@id":"https:\/\/www.eldigitaldeasturias.com\/noticias\/aprobado-el-proyecto-de-ley-de-la-investigacion-e-innovacion-de-aragon\/#organizationLogo"},"image":{"@id":"https:\/\/www.eldigitaldeasturias.com\/noticias\/aprobado-el-proyecto-de-ley-de-la-investigacion-e-innovacion-de-aragon\/#organizationLogo"},"sameAs":["https:\/\/facebook.com\/eldigitaldeasturias","https:\/\/www.youtube.com\/channel\/UCZP-2wLEB9Rv6erhFmqVnvg"],"address":{"@id":"https:\/\/www.eldigitaldeasturias.com\/noticias\/#postaladdress","@type":"PostalAddress","streetAddress":"san antonio 4","postalCode":"33430","addressLocality":"Cand\u00e1s","addressRegion":"Asturias","addressCountry":"ES"}},{"@type":"Person","@id":"https:\/\/www.eldigitaldeasturias.com\/noticias\/author\/admin\/#author","url":"https:\/\/www.eldigitaldeasturias.com\/noticias\/author\/admin\/","name":"El Digital de Asturias","image":{"@type":"ImageObject","@id":"https:\/\/www.eldigitaldeasturias.com\/noticias\/aprobado-el-proyecto-de-ley-de-la-investigacion-e-innovacion-de-aragon\/#authorImage","url":"https:\/\/secure.gravatar.com\/avatar\/df2aeffc32bcd13f8d26072ef8a91b623d677766deac7f97ca815868cd41bf5e?s=96&d=mm&r=g","width":96,"height":96,"caption":"El Digital de Asturias"}},{"@type":"WebPage","@id":"https:\/\/www.eldigitaldeasturias.com\/noticias\/aprobado-el-proyecto-de-ley-de-la-investigacion-e-innovacion-de-aragon\/#webpage","url":"https:\/\/www.eldigitaldeasturias.com\/noticias\/aprobado-el-proyecto-de-ley-de-la-investigacion-e-innovacion-de-aragon\/","name":"Aprobado el proyecto de Ley de la Investigaci\u00f3n e Innovaci\u00f3n de Arag\u00f3n - El Digital de Asturias","description":"El Consejo de Gobierno ha aprobado el proyecto de Ley de la Investigaci\u00f3n e Innovaci\u00f3n de Arag\u00f3n para remitirlo a las Cortes de Arag\u00f3n. Un compromiso que el Gobierno de Arag\u00f3n alcanz\u00f3 en virtud del Pacto por la Ciencia de Arag\u00f3n, aprobado hace ahora un a\u00f1o. Se trata de una ley que actualiza la del","inLanguage":"es-ES","isPartOf":{"@id":"https:\/\/www.eldigitaldeasturias.com\/noticias\/#website"},"breadcrumb":{"@id":"https:\/\/www.eldigitaldeasturias.com\/noticias\/aprobado-el-proyecto-de-ley-de-la-investigacion-e-innovacion-de-aragon\/#breadcrumblist"},"author":{"@id":"https:\/\/www.eldigitaldeasturias.com\/noticias\/author\/admin\/#author"},"creator":{"@id":"https:\/\/www.eldigitaldeasturias.com\/noticias\/author\/admin\/#author"},"image":{"@type":"ImageObject","url":963896,"@id":"https:\/\/www.eldigitaldeasturias.com\/noticias\/aprobado-el-proyecto-de-ley-de-la-investigacion-e-innovacion-de-aragon\/#mainImage"},"primaryImageOfPage":{"@id":"https:\/\/www.eldigitaldeasturias.com\/noticias\/aprobado-el-proyecto-de-ley-de-la-investigacion-e-innovacion-de-aragon\/#mainImage"},"datePublished":"2017-12-19T21:24:00+01:00","dateModified":"2017-12-19T21:24:00+01:00"},{"@type":"WebSite","@id":"https:\/\/www.eldigitaldeasturias.com\/noticias\/#website","url":"https:\/\/www.eldigitaldeasturias.com\/noticias\/","name":"El Digital de Asturias - Diario de actualidad y noticias","alternateName":"El Digital de Asturias - Diario de actualidad y noticias","description":"Hemeroteca","inLanguage":"es-ES","publisher":{"@id":"https:\/\/www.eldigitaldeasturias.com\/noticias\/#organization"}}]},"og:locale":"es_ES","og:site_name":"El Digital de Asturias","og:type":"article","og:title":"Aprobado el proyecto de Ley de la Investigaci\u00f3n e Innovaci\u00f3n de Arag\u00f3n - El Digital de Asturias","og:description":"El Consejo de Gobierno ha aprobado el proyecto de Ley de la Investigaci\u00f3n e Innovaci\u00f3n de Arag\u00f3n para remitirlo a las Cortes de Arag\u00f3n. Un compromiso que el Gobierno de Arag\u00f3n alcanz\u00f3 en virtud del Pacto por la Ciencia de Arag\u00f3n, aprobado hace ahora un a\u00f1o. Se trata de una ley que actualiza la del","og:url":"https:\/\/www.eldigitaldeasturias.com\/noticias\/aprobado-el-proyecto-de-ley-de-la-investigacion-e-innovacion-de-aragon\/","article:tag":["actualidad"],"article:published_time":"2017-12-19T21:24:00+00:00","article:modified_time":"2017-12-19T21:24:00+00:00","article:publisher":"https:\/\/facebook.com\/eldigitaldeasturias","twitter:card":"summary_large_image","twitter:title":"Aprobado el proyecto de Ley de la Investigaci\u00f3n e Innovaci\u00f3n de Arag\u00f3n - El Digital de Asturias","twitter:description":"El Consejo de Gobierno ha aprobado el proyecto de Ley de la Investigaci\u00f3n e Innovaci\u00f3n de Arag\u00f3n para remitirlo a las Cortes de Arag\u00f3n. Un compromiso que el Gobierno de Arag\u00f3n alcanz\u00f3 en virtud del Pacto por la Ciencia de Arag\u00f3n, aprobado hace ahora un a\u00f1o. Se trata de una ley que actualiza la del","twitter:image":"https:\/\/www.eldigitaldeasturias.com\/noticias\/wp-content\/uploads\/2020\/12\/EDA-1.jpg","twitter:label1":"Escrito por","twitter:data1":"El Digital de Asturias","twitter:label2":"Tiempo de lectura estimado","twitter:data2":"1 minuto"},"aioseo_meta_data":{"post_id":"963895","title":null,"description":null,"keywords":null,"keyphrases":null,"primary_term":null,"canonical_url":null,"og_title":null,"og_description":null,"og_object_type":"default","og_image_type":"default","og_image_url":null,"og_image_width":null,"og_image_height":null,"og_image_custom_url":null,"og_image_custom_fields":null,"og_video":null,"og_custom_url":null,"og_article_section":null,"og_article_tags":null,"twitter_use_og":false,"twitter_card":"default","twitter_image_type":"default","twitter_image_url":null,"twitter_image_custom_url":null,"twitter_image_custom_fields":null,"twitter_title":null,"twitter_description":null,"schema":{"blockGraphs":[],"customGraphs":[],"default":{"data":{"Article":[],"Course":[],"Dataset":[],"FAQPage":[],"Movie":[],"Person":[],"Product":[],"ProductReview":[],"Car":[],"Recipe":[],"Service":[],"SoftwareApplication":[],"WebPage":[]},"graphName":"","isEnabled":true},"graphs":[],"defaultGraph":"","defaultPostTypeGraph":""},"schema_type":null,"schema_type_options":null,"pillar_content":false,"robots_default":true,"robots_noindex":false,"robots_noarchive":false,"robots_nosnippet":false,"robots_nofollow":false,"robots_noimageindex":false,"robots_noodp":false,"robots_notranslate":false,"robots_max_snippet":null,"robots_max_videopreview":null,"robots_max_imagepreview":"large","priority":null,"frequency":null,"local_seo":null,"seo_analyzer_scan_date":"2025-12-07 17:56:12","breadcrumb_settings":null,"limit_modified_date":false,"open_ai":null,"ai":null,"created":"2020-12-21 12:42:37","updated":"2025-12-07 17:56:12","focus_keyword":null,"additional_keywords":null,"truseo_locale":null},"aioseo_breadcrumb":"<div class=\"aioseo-breadcrumbs\"><span class=\"aioseo-breadcrumb\">\n\t<a href=\"https:\/\/www.eldigitaldeasturias.com\/noticias\" title=\"Home\">Home<\/a>\n<\/span><span class=\"aioseo-breadcrumb-separator\">\u2013<\/span><span class=\"aioseo-breadcrumb\">\n\t<a href=\"https:\/\/www.eldigitaldeasturias.com\/noticias\/category\/actualidad\/\" title=\"Actualidad\">Actualidad<\/a>\n<\/span><span class=\"aioseo-breadcrumb-separator\">\u2013<\/span><span class=\"aioseo-breadcrumb\">\n\t<a href=\"https:\/\/www.eldigitaldeasturias.com\/noticias\/aprobado-el-proyecto-de-ley-de-la-investigacion-e-innovacion-de-aragon\/\" title=\"Aprobado el proyecto de Ley de la Investigaci\u00f3n e Innovaci\u00f3n de Arag\u00f3n\">Aprobado el proyecto de Ley de la Investigaci\u00f3n e Innovaci\u00f3n de Arag\u00f3n<\/a>\n<\/span><\/div>","aioseo_breadcrumb_json":[{"label":"Home","link":"https:\/\/www.eldigitaldeasturias.com\/noticias"},{"label":"Actualidad","link":"https:\/\/www.eldigitaldeasturias.com\/noticias\/category\/actualidad\/"},{"label":"Aprobado el proyecto de Ley de la Investigaci\u00f3n e Innovaci\u00f3n de Arag\u00f3n","link":"https:\/\/www.eldigitaldeasturias.com\/noticias\/aprobado-el-proyecto-de-ley-de-la-investigacion-e-innovacion-de-aragon\/"}],"_links":{"self":[{"href":"https:\/\/www.eldigitaldeasturias.com\/noticias\/wp-json\/wp\/v2\/posts\/963895","targetHints":{"allow":["GET"]}}],"collection":[{"href":"https:\/\/www.eldigitaldeasturias.com\/noticias\/wp-json\/wp\/v2\/posts"}],"about":[{"href":"https:\/\/www.eldigitaldeasturias.com\/noticias\/wp-json\/wp\/v2\/types\/post"}],"author":[{"embeddable":true,"href":"https:\/\/www.eldigitaldeasturias.com\/noticias\/wp-json\/wp\/v2\/users\/1"}],"replies":[{"embeddable":true,"href":"https:\/\/www.eldigitaldeasturias.com\/noticias\/wp-json\/wp\/v2\/comments?post=963895"}],"version-history":[{"count":0,"href":"https:\/\/www.eldigitaldeasturias.com\/noticias\/wp-json\/wp\/v2\/posts\/963895\/revisions"}],"wp:attachment":[{"href":"https:\/\/www.eldigitaldeasturias.com\/noticias\/wp-json\/wp\/v2\/media?parent=963895"}],"wp:term":[{"taxonomy":"category","embeddable":true,"href":"https:\/\/www.eldigitaldeasturias.com\/noticias\/wp-json\/wp\/v2\/categories?post=963895"},{"taxonomy":"post_tag","embeddable":true,"href":"https:\/\/www.eldigitaldeasturias.com\/noticias\/wp-json\/wp\/v2\/tags?post=963895"}],"curies":[{"name":"wp","href":"https:\/\/api.w.org\/{rel}","templated":true}]}}