{"id":963836,"date":"2017-12-19T11:48:57","date_gmt":"2017-12-19T11:48:57","guid":{"rendered":"http:\/\/www.eldigitaldeasturias.com\/noticias\/?p=963836"},"modified":"2017-12-19T11:48:57","modified_gmt":"2017-12-19T11:48:57","slug":"dastis-se-reune-con-la-ministra-de-relaciones-exteriores-y-movilidad-humana-de-ecuador","status":"publish","type":"post","link":"https:\/\/www.eldigitaldeasturias.com\/noticias\/dastis-se-reune-con-la-ministra-de-relaciones-exteriores-y-movilidad-humana-de-ecuador\/","title":{"rendered":"Dastis se re\u00fane con la Ministra de Relaciones Exteriores y Movilidad Humana de Ecuador"},"content":{"rendered":"<p><img loading=\"lazy\" decoding=\"async\" class=\"alignleft size-medium wp-image-963837\" src=\"https:\/\/www.eldigitaldeasturias.com\/noticias\/wp-content\/uploads\/2017\/12\/181217Dastis_Espinosa-360x239.jpg\" alt=\"\" width=\"360\" height=\"239\" \/>El Ministro de Asuntos Exteriores y de Cooperaci\u00f3n, Alfonso Dastis, ha mantenido un encuentro con la Ministra de Relaciones Exteriores y Movilidad Humana de Ecuador, Mar\u00eda Fernanda Espinosa. La reuni\u00f3n ha tenido lugar con ocasi\u00f3n de la primera visita oficial a Espa\u00f1a del Presidente de Ecuador, Len\u00edn Moreno.<\/p>\n<p>Ambos Ministros han confirmado el excelente momento que atraviesan las relaciones entre los dos pa\u00edses y han pasado revista a los distintos \u00e1mbitos de las relaciones bilaterales.<\/p>\n<p>El Ministro Dastis y la Canciller Espinosa han acordado la celebraci\u00f3n de consultas pol\u00edticas regulares a nivel de Secretarios de Estado\/Viceministros para potenciar a\u00fan m\u00e1s esta dimensi\u00f3n de la relaci\u00f3n bilateral. La primera edici\u00f3n de estas consultas tendr\u00eda lugar en el primer semestre de 2018.<\/p>\n<p>En materia econ\u00f3mica, han constatado el notable aumento, en los \u00faltimos tiempos, del n\u00famero de empresas espa\u00f1olas que operan en Ecuador. Igualmente han explorado la posibilidad de cooperar en materia tur\u00edstica, sector en el que Espa\u00f1a posee importantes fortalezas y que Ecuador desea potenciar.<\/p>\n<p>Asimismo han tratado el deseo de Ecuador de contar con el respaldo de Espa\u00f1a a su solicitud de exenci\u00f3n de visado Schengen para sus ciudadanos. Respecto de esta cuesti\u00f3n, el Ministro Dastis ha reiterado que Espa\u00f1a est\u00e1 dispuesta a trabajar para que dicha exenci\u00f3n llegue a concretarse.<\/p>\n<p>El Ministro Dastis ha recordado a la Canciller el inter\u00e9s de Espa\u00f1a en seguir siendo un socio preferente de Ecuador en su proceso de desarrollo, en el marco del pr\u00f3ximo Plan Director de la cooperaci\u00f3n espa\u00f1ola.<\/p>\n<p>M\u00e1s all\u00e1 de la dimensi\u00f3n bilateral de las relaciones hispanoecuatorianas, tambi\u00e9n fueron abordadas en la entrevista la agenda regional y global. Ambos Ministros coincidieron en la preocupaci\u00f3n por la situaci\u00f3n existente en Venezuela y repasaron posibles iniciativas de cooperaci\u00f3n en el \u00e1mbito multilateral (incluyendo el aprovechamiento de las lecciones aprendidas en el marco de la valiosa experiencia bilateral en materia de migraciones).<\/p>\n","protected":false},"excerpt":{"rendered":"<p>El Ministro de Asuntos Exteriores y de Cooperaci\u00f3n, Alfonso Dastis, ha mantenido un encuentro con la Ministra de Relaciones Exteriores y Movilidad Humana de Ecuador, Mar\u00eda Fernanda Espinosa. La reuni\u00f3n ha tenido lugar con ocasi\u00f3n de la primera visita oficial a Espa\u00f1a del Presidente de Ecuador, Len\u00edn Moreno. Ambos Ministros han confirmado el excelente momento [&hellip;]<\/p>\n","protected":false},"author":1,"featured_media":963837,"comment_status":"closed","ping_status":"closed","sticky":false,"template":"","format":"standard","meta":{"footnotes":""},"categories":[1],"tags":[],"class_list":["post-963836","post","type-post","status-publish","format-standard","has-post-thumbnail","hentry","category-actualidad"],"aioseo_notices":[],"aioseo_head":"\n\t\t<!-- All in One SEO Pro 5.0.1 - aioseo.com -->\n\t<meta name=\"description\" content=\"El Ministro de Asuntos Exteriores y de Cooperaci\u00f3n, Alfonso Dastis, ha mantenido un encuentro con la Ministra de Relaciones Exteriores y Movilidad Humana de Ecuador, Mar\u00eda Fernanda Espinosa. La reuni\u00f3n ha tenido lugar con ocasi\u00f3n de la primera visita oficial a Espa\u00f1a del Presidente de Ecuador, Len\u00edn Moreno. Ambos Ministros han confirmado el excelente momento\" \/>\n\t<meta name=\"robots\" content=\"max-image-preview:large\" \/>\n\t<meta name=\"author\" content=\"El Digital de Asturias\"\/>\n\t<meta name=\"google-site-verification\" content=\"UA-38556648-1\" \/>\n\t<meta name=\"msvalidate.01\" content=\"7dfe9f3f1b24437ab69f4f2559babe99\" \/>\n\t<meta name=\"keywords\" content=\"actualidad\" \/>\n\t<link rel=\"canonical\" href=\"https:\/\/www.eldigitaldeasturias.com\/noticias\/dastis-se-reune-con-la-ministra-de-relaciones-exteriores-y-movilidad-humana-de-ecuador\/\" \/>\n\t<meta name=\"generator\" content=\"All in One SEO Pro (AIOSEO) 5.0.1\" \/>\n\t\t<meta property=\"og:locale\" content=\"es_ES\" \/>\n\t\t<meta property=\"og:site_name\" content=\"El Digital de Asturias\" \/>\n\t\t<meta property=\"og:type\" content=\"article\" \/>\n\t\t<meta property=\"og:title\" content=\"Dastis se re\u00fane con la Ministra de Relaciones Exteriores y Movilidad Humana de Ecuador - El Digital de Asturias\" \/>\n\t\t<meta property=\"og:description\" content=\"El Ministro de Asuntos Exteriores y de Cooperaci\u00f3n, Alfonso Dastis, ha mantenido un encuentro con la Ministra de Relaciones Exteriores y Movilidad Humana de Ecuador, Mar\u00eda Fernanda Espinosa. La reuni\u00f3n ha tenido lugar con ocasi\u00f3n de la primera visita oficial a Espa\u00f1a del Presidente de Ecuador, Len\u00edn Moreno. Ambos Ministros han confirmado el excelente momento\" \/>\n\t\t<meta property=\"og:url\" content=\"https:\/\/www.eldigitaldeasturias.com\/noticias\/dastis-se-reune-con-la-ministra-de-relaciones-exteriores-y-movilidad-humana-de-ecuador\/\" \/>\n\t\t<meta property=\"article:tag\" content=\"actualidad\" \/>\n\t\t<meta property=\"article:published_time\" content=\"2017-12-19T11:48:57+00:00\" \/>\n\t\t<meta property=\"article:modified_time\" content=\"2017-12-19T11:48:57+00:00\" \/>\n\t\t<meta property=\"article:publisher\" content=\"https:\/\/facebook.com\/eldigitaldeasturias\" \/>\n\t\t<meta name=\"twitter:card\" content=\"summary_large_image\" \/>\n\t\t<meta name=\"twitter:title\" content=\"Dastis se re\u00fane con la Ministra de Relaciones Exteriores y Movilidad Humana de Ecuador - El Digital de Asturias\" \/>\n\t\t<meta name=\"twitter:description\" content=\"El Ministro de Asuntos Exteriores y de Cooperaci\u00f3n, Alfonso Dastis, ha mantenido un encuentro con la Ministra de Relaciones Exteriores y Movilidad Humana de Ecuador, Mar\u00eda Fernanda Espinosa. La reuni\u00f3n ha tenido lugar con ocasi\u00f3n de la primera visita oficial a Espa\u00f1a del Presidente de Ecuador, Len\u00edn Moreno. Ambos Ministros han confirmado el excelente momento\" \/>\n\t\t<meta name=\"twitter:image\" content=\"https:\/\/www.eldigitaldeasturias.com\/noticias\/wp-content\/uploads\/2020\/12\/EDA-1.jpg\" \/>\n\t\t<meta name=\"twitter:label1\" content=\"Escrito por\" \/>\n\t\t<meta name=\"twitter:data1\" content=\"El Digital de Asturias\" \/>\n\t\t<meta name=\"twitter:label2\" content=\"Tiempo de lectura estimado\" \/>\n\t\t<meta name=\"twitter:data2\" content=\"2 minutos\" \/>\n\t\t<script type=\"application\/ld+json\" class=\"aioseo-schema\">\n\t\t\t{\"@context\":\"https:\\\/\\\/schema.org\",\"@graph\":[{\"@type\":\"BlogPosting\",\"@id\":\"https:\\\/\\\/www.eldigitaldeasturias.com\\\/noticias\\\/dastis-se-reune-con-la-ministra-de-relaciones-exteriores-y-movilidad-humana-de-ecuador\\\/#blogposting\",\"name\":\"Dastis se re\\u00fane con la Ministra de Relaciones Exteriores y Movilidad Humana de Ecuador - El Digital de Asturias\",\"headline\":\"Dastis se re\\u00fane con la Ministra de Relaciones Exteriores y Movilidad Humana de Ecuador\",\"author\":{\"@id\":\"https:\\\/\\\/www.eldigitaldeasturias.com\\\/noticias\\\/author\\\/admin\\\/#author\"},\"publisher\":{\"@id\":\"https:\\\/\\\/www.eldigitaldeasturias.com\\\/noticias\\\/#organization\"},\"image\":{\"@type\":\"ImageObject\",\"url\":963837},\"datePublished\":\"2017-12-19T11:48:57+01:00\",\"dateModified\":\"2017-12-19T11:48:57+01:00\",\"inLanguage\":\"es-ES\",\"mainEntityOfPage\":{\"@id\":\"https:\\\/\\\/www.eldigitaldeasturias.com\\\/noticias\\\/dastis-se-reune-con-la-ministra-de-relaciones-exteriores-y-movilidad-humana-de-ecuador\\\/#webpage\"},\"isPartOf\":{\"@id\":\"https:\\\/\\\/www.eldigitaldeasturias.com\\\/noticias\\\/dastis-se-reune-con-la-ministra-de-relaciones-exteriores-y-movilidad-humana-de-ecuador\\\/#webpage\"},\"articleSection\":\"Actualidad\"},{\"@type\":\"BreadcrumbList\",\"@id\":\"https:\\\/\\\/www.eldigitaldeasturias.com\\\/noticias\\\/dastis-se-reune-con-la-ministra-de-relaciones-exteriores-y-movilidad-humana-de-ecuador\\\/#breadcrumblist\",\"itemListElement\":[{\"@type\":\"ListItem\",\"@id\":\"https:\\\/\\\/www.eldigitaldeasturias.com\\\/noticias#listItem\",\"position\":1,\"name\":\"Home\",\"item\":\"https:\\\/\\\/www.eldigitaldeasturias.com\\\/noticias\",\"nextItem\":{\"@type\":\"ListItem\",\"@id\":\"https:\\\/\\\/www.eldigitaldeasturias.com\\\/noticias\\\/category\\\/actualidad\\\/#listItem\",\"name\":\"Actualidad\"}},{\"@type\":\"ListItem\",\"@id\":\"https:\\\/\\\/www.eldigitaldeasturias.com\\\/noticias\\\/category\\\/actualidad\\\/#listItem\",\"position\":2,\"name\":\"Actualidad\",\"item\":\"https:\\\/\\\/www.eldigitaldeasturias.com\\\/noticias\\\/category\\\/actualidad\\\/\",\"nextItem\":{\"@type\":\"ListItem\",\"@id\":\"https:\\\/\\\/www.eldigitaldeasturias.com\\\/noticias\\\/dastis-se-reune-con-la-ministra-de-relaciones-exteriores-y-movilidad-humana-de-ecuador\\\/#listItem\",\"name\":\"Dastis se re\\u00fane con la Ministra de Relaciones Exteriores y Movilidad Humana de Ecuador\"},\"previousItem\":{\"@type\":\"ListItem\",\"@id\":\"https:\\\/\\\/www.eldigitaldeasturias.com\\\/noticias#listItem\",\"name\":\"Home\"}},{\"@type\":\"ListItem\",\"@id\":\"https:\\\/\\\/www.eldigitaldeasturias.com\\\/noticias\\\/dastis-se-reune-con-la-ministra-de-relaciones-exteriores-y-movilidad-humana-de-ecuador\\\/#listItem\",\"position\":3,\"name\":\"Dastis se re\\u00fane con la Ministra de Relaciones Exteriores y Movilidad Humana de Ecuador\",\"previousItem\":{\"@type\":\"ListItem\",\"@id\":\"https:\\\/\\\/www.eldigitaldeasturias.com\\\/noticias\\\/category\\\/actualidad\\\/#listItem\",\"name\":\"Actualidad\"}}]},{\"@type\":\"Organization\",\"@id\":\"https:\\\/\\\/www.eldigitaldeasturias.com\\\/noticias\\\/#organization\",\"name\":\"El Digital de Asturias\",\"description\":\"Hemeroteca\",\"url\":\"https:\\\/\\\/www.eldigitaldeasturias.com\\\/noticias\\\/\",\"email\":\"info@eldigitaldeasturias.com\",\"telephone\":\"+34652131393\",\"logo\":{\"@type\":\"ImageObject\",\"url\":\"https:\\\/\\\/www.eldigitaldeasturias.com\\\/noticias\\\/wp-content\\\/uploads\\\/2020\\\/12\\\/EDA.jpg\",\"@id\":\"https:\\\/\\\/www.eldigitaldeasturias.com\\\/noticias\\\/dastis-se-reune-con-la-ministra-de-relaciones-exteriores-y-movilidad-humana-de-ecuador\\\/#organizationLogo\"},\"image\":{\"@id\":\"https:\\\/\\\/www.eldigitaldeasturias.com\\\/noticias\\\/dastis-se-reune-con-la-ministra-de-relaciones-exteriores-y-movilidad-humana-de-ecuador\\\/#organizationLogo\"},\"sameAs\":[\"https:\\\/\\\/facebook.com\\\/eldigitaldeasturias\",\"https:\\\/\\\/www.youtube.com\\\/channel\\\/UCZP-2wLEB9Rv6erhFmqVnvg\"],\"address\":{\"@id\":\"https:\\\/\\\/www.eldigitaldeasturias.com\\\/noticias\\\/#postaladdress\",\"@type\":\"PostalAddress\",\"streetAddress\":\"san antonio 4\",\"postalCode\":\"33430\",\"addressLocality\":\"Cand\\u00e1s\",\"addressRegion\":\"Asturias\",\"addressCountry\":\"ES\"}},{\"@type\":\"Person\",\"@id\":\"https:\\\/\\\/www.eldigitaldeasturias.com\\\/noticias\\\/author\\\/admin\\\/#author\",\"url\":\"https:\\\/\\\/www.eldigitaldeasturias.com\\\/noticias\\\/author\\\/admin\\\/\",\"name\":\"El Digital de Asturias\",\"image\":{\"@type\":\"ImageObject\",\"@id\":\"https:\\\/\\\/www.eldigitaldeasturias.com\\\/noticias\\\/dastis-se-reune-con-la-ministra-de-relaciones-exteriores-y-movilidad-humana-de-ecuador\\\/#authorImage\",\"url\":\"https:\\\/\\\/secure.gravatar.com\\\/avatar\\\/df2aeffc32bcd13f8d26072ef8a91b623d677766deac7f97ca815868cd41bf5e?s=96&d=mm&r=g\",\"width\":96,\"height\":96,\"caption\":\"El Digital de Asturias\"}},{\"@type\":\"WebPage\",\"@id\":\"https:\\\/\\\/www.eldigitaldeasturias.com\\\/noticias\\\/dastis-se-reune-con-la-ministra-de-relaciones-exteriores-y-movilidad-humana-de-ecuador\\\/#webpage\",\"url\":\"https:\\\/\\\/www.eldigitaldeasturias.com\\\/noticias\\\/dastis-se-reune-con-la-ministra-de-relaciones-exteriores-y-movilidad-humana-de-ecuador\\\/\",\"name\":\"Dastis se re\\u00fane con la Ministra de Relaciones Exteriores y Movilidad Humana de Ecuador - El Digital de Asturias\",\"description\":\"El Ministro de Asuntos Exteriores y de Cooperaci\\u00f3n, Alfonso Dastis, ha mantenido un encuentro con la Ministra de Relaciones Exteriores y Movilidad Humana de Ecuador, Mar\\u00eda Fernanda Espinosa. La reuni\\u00f3n ha tenido lugar con ocasi\\u00f3n de la primera visita oficial a Espa\\u00f1a del Presidente de Ecuador, Len\\u00edn Moreno. Ambos Ministros han confirmado el excelente momento\",\"inLanguage\":\"es-ES\",\"isPartOf\":{\"@id\":\"https:\\\/\\\/www.eldigitaldeasturias.com\\\/noticias\\\/#website\"},\"breadcrumb\":{\"@id\":\"https:\\\/\\\/www.eldigitaldeasturias.com\\\/noticias\\\/dastis-se-reune-con-la-ministra-de-relaciones-exteriores-y-movilidad-humana-de-ecuador\\\/#breadcrumblist\"},\"author\":{\"@id\":\"https:\\\/\\\/www.eldigitaldeasturias.com\\\/noticias\\\/author\\\/admin\\\/#author\"},\"creator\":{\"@id\":\"https:\\\/\\\/www.eldigitaldeasturias.com\\\/noticias\\\/author\\\/admin\\\/#author\"},\"image\":{\"@type\":\"ImageObject\",\"url\":963837,\"@id\":\"https:\\\/\\\/www.eldigitaldeasturias.com\\\/noticias\\\/dastis-se-reune-con-la-ministra-de-relaciones-exteriores-y-movilidad-humana-de-ecuador\\\/#mainImage\"},\"primaryImageOfPage\":{\"@id\":\"https:\\\/\\\/www.eldigitaldeasturias.com\\\/noticias\\\/dastis-se-reune-con-la-ministra-de-relaciones-exteriores-y-movilidad-humana-de-ecuador\\\/#mainImage\"},\"datePublished\":\"2017-12-19T11:48:57+01:00\",\"dateModified\":\"2017-12-19T11:48:57+01:00\"},{\"@type\":\"WebSite\",\"@id\":\"https:\\\/\\\/www.eldigitaldeasturias.com\\\/noticias\\\/#website\",\"url\":\"https:\\\/\\\/www.eldigitaldeasturias.com\\\/noticias\\\/\",\"name\":\"El Digital de Asturias - Diario de actualidad y noticias\",\"alternateName\":\"El Digital de Asturias - Diario de actualidad y noticias\",\"description\":\"Hemeroteca\",\"inLanguage\":\"es-ES\",\"publisher\":{\"@id\":\"https:\\\/\\\/www.eldigitaldeasturias.com\\\/noticias\\\/#organization\"}}]}\n\t\t<\/script>\n\t\t<!-- All in One SEO Pro -->\r\n\t\t<title>Dastis se re\u00fane con la Ministra de Relaciones Exteriores y Movilidad Humana de Ecuador - El Digital de Asturias<\/title>\n\n","aioseo_head_json":{"title":"Dastis se re\u00fane con la Ministra de Relaciones Exteriores y Movilidad Humana de Ecuador - El Digital de Asturias","description":"El Ministro de Asuntos Exteriores y de Cooperaci\u00f3n, Alfonso Dastis, ha mantenido un encuentro con la Ministra de Relaciones Exteriores y Movilidad Humana de Ecuador, Mar\u00eda Fernanda Espinosa. La reuni\u00f3n ha tenido lugar con ocasi\u00f3n de la primera visita oficial a Espa\u00f1a del Presidente de Ecuador, Len\u00edn Moreno. Ambos Ministros han confirmado el excelente momento","canonical_url":"https:\/\/www.eldigitaldeasturias.com\/noticias\/dastis-se-reune-con-la-ministra-de-relaciones-exteriores-y-movilidad-humana-de-ecuador\/","robots":"max-image-preview:large","keywords":"actualidad","webmasterTools":{"google-site-verification":"UA-38556648-1","msvalidate.01":"7dfe9f3f1b24437ab69f4f2559babe99","miscellaneous":""},"schema":{"@context":"https:\/\/schema.org","@graph":[{"@type":"BlogPosting","@id":"https:\/\/www.eldigitaldeasturias.com\/noticias\/dastis-se-reune-con-la-ministra-de-relaciones-exteriores-y-movilidad-humana-de-ecuador\/#blogposting","name":"Dastis se re\u00fane con la Ministra de Relaciones Exteriores y Movilidad Humana de Ecuador - El Digital de Asturias","headline":"Dastis se re\u00fane con la Ministra de Relaciones Exteriores y Movilidad Humana de Ecuador","author":{"@id":"https:\/\/www.eldigitaldeasturias.com\/noticias\/author\/admin\/#author"},"publisher":{"@id":"https:\/\/www.eldigitaldeasturias.com\/noticias\/#organization"},"image":{"@type":"ImageObject","url":963837},"datePublished":"2017-12-19T11:48:57+01:00","dateModified":"2017-12-19T11:48:57+01:00","inLanguage":"es-ES","mainEntityOfPage":{"@id":"https:\/\/www.eldigitaldeasturias.com\/noticias\/dastis-se-reune-con-la-ministra-de-relaciones-exteriores-y-movilidad-humana-de-ecuador\/#webpage"},"isPartOf":{"@id":"https:\/\/www.eldigitaldeasturias.com\/noticias\/dastis-se-reune-con-la-ministra-de-relaciones-exteriores-y-movilidad-humana-de-ecuador\/#webpage"},"articleSection":"Actualidad"},{"@type":"BreadcrumbList","@id":"https:\/\/www.eldigitaldeasturias.com\/noticias\/dastis-se-reune-con-la-ministra-de-relaciones-exteriores-y-movilidad-humana-de-ecuador\/#breadcrumblist","itemListElement":[{"@type":"ListItem","@id":"https:\/\/www.eldigitaldeasturias.com\/noticias#listItem","position":1,"name":"Home","item":"https:\/\/www.eldigitaldeasturias.com\/noticias","nextItem":{"@type":"ListItem","@id":"https:\/\/www.eldigitaldeasturias.com\/noticias\/category\/actualidad\/#listItem","name":"Actualidad"}},{"@type":"ListItem","@id":"https:\/\/www.eldigitaldeasturias.com\/noticias\/category\/actualidad\/#listItem","position":2,"name":"Actualidad","item":"https:\/\/www.eldigitaldeasturias.com\/noticias\/category\/actualidad\/","nextItem":{"@type":"ListItem","@id":"https:\/\/www.eldigitaldeasturias.com\/noticias\/dastis-se-reune-con-la-ministra-de-relaciones-exteriores-y-movilidad-humana-de-ecuador\/#listItem","name":"Dastis se re\u00fane con la Ministra de Relaciones Exteriores y Movilidad Humana de Ecuador"},"previousItem":{"@type":"ListItem","@id":"https:\/\/www.eldigitaldeasturias.com\/noticias#listItem","name":"Home"}},{"@type":"ListItem","@id":"https:\/\/www.eldigitaldeasturias.com\/noticias\/dastis-se-reune-con-la-ministra-de-relaciones-exteriores-y-movilidad-humana-de-ecuador\/#listItem","position":3,"name":"Dastis se re\u00fane con la Ministra de Relaciones Exteriores y Movilidad Humana de Ecuador","previousItem":{"@type":"ListItem","@id":"https:\/\/www.eldigitaldeasturias.com\/noticias\/category\/actualidad\/#listItem","name":"Actualidad"}}]},{"@type":"Organization","@id":"https:\/\/www.eldigitaldeasturias.com\/noticias\/#organization","name":"El Digital de Asturias","description":"Hemeroteca","url":"https:\/\/www.eldigitaldeasturias.com\/noticias\/","email":"info@eldigitaldeasturias.com","telephone":"+34652131393","logo":{"@type":"ImageObject","url":"https:\/\/www.eldigitaldeasturias.com\/noticias\/wp-content\/uploads\/2020\/12\/EDA.jpg","@id":"https:\/\/www.eldigitaldeasturias.com\/noticias\/dastis-se-reune-con-la-ministra-de-relaciones-exteriores-y-movilidad-humana-de-ecuador\/#organizationLogo"},"image":{"@id":"https:\/\/www.eldigitaldeasturias.com\/noticias\/dastis-se-reune-con-la-ministra-de-relaciones-exteriores-y-movilidad-humana-de-ecuador\/#organizationLogo"},"sameAs":["https:\/\/facebook.com\/eldigitaldeasturias","https:\/\/www.youtube.com\/channel\/UCZP-2wLEB9Rv6erhFmqVnvg"],"address":{"@id":"https:\/\/www.eldigitaldeasturias.com\/noticias\/#postaladdress","@type":"PostalAddress","streetAddress":"san antonio 4","postalCode":"33430","addressLocality":"Cand\u00e1s","addressRegion":"Asturias","addressCountry":"ES"}},{"@type":"Person","@id":"https:\/\/www.eldigitaldeasturias.com\/noticias\/author\/admin\/#author","url":"https:\/\/www.eldigitaldeasturias.com\/noticias\/author\/admin\/","name":"El Digital de Asturias","image":{"@type":"ImageObject","@id":"https:\/\/www.eldigitaldeasturias.com\/noticias\/dastis-se-reune-con-la-ministra-de-relaciones-exteriores-y-movilidad-humana-de-ecuador\/#authorImage","url":"https:\/\/secure.gravatar.com\/avatar\/df2aeffc32bcd13f8d26072ef8a91b623d677766deac7f97ca815868cd41bf5e?s=96&d=mm&r=g","width":96,"height":96,"caption":"El Digital de Asturias"}},{"@type":"WebPage","@id":"https:\/\/www.eldigitaldeasturias.com\/noticias\/dastis-se-reune-con-la-ministra-de-relaciones-exteriores-y-movilidad-humana-de-ecuador\/#webpage","url":"https:\/\/www.eldigitaldeasturias.com\/noticias\/dastis-se-reune-con-la-ministra-de-relaciones-exteriores-y-movilidad-humana-de-ecuador\/","name":"Dastis se re\u00fane con la Ministra de Relaciones Exteriores y Movilidad Humana de Ecuador - El Digital de Asturias","description":"El Ministro de Asuntos Exteriores y de Cooperaci\u00f3n, Alfonso Dastis, ha mantenido un encuentro con la Ministra de Relaciones Exteriores y Movilidad Humana de Ecuador, Mar\u00eda Fernanda Espinosa. La reuni\u00f3n ha tenido lugar con ocasi\u00f3n de la primera visita oficial a Espa\u00f1a del Presidente de Ecuador, Len\u00edn Moreno. Ambos Ministros han confirmado el excelente momento","inLanguage":"es-ES","isPartOf":{"@id":"https:\/\/www.eldigitaldeasturias.com\/noticias\/#website"},"breadcrumb":{"@id":"https:\/\/www.eldigitaldeasturias.com\/noticias\/dastis-se-reune-con-la-ministra-de-relaciones-exteriores-y-movilidad-humana-de-ecuador\/#breadcrumblist"},"author":{"@id":"https:\/\/www.eldigitaldeasturias.com\/noticias\/author\/admin\/#author"},"creator":{"@id":"https:\/\/www.eldigitaldeasturias.com\/noticias\/author\/admin\/#author"},"image":{"@type":"ImageObject","url":963837,"@id":"https:\/\/www.eldigitaldeasturias.com\/noticias\/dastis-se-reune-con-la-ministra-de-relaciones-exteriores-y-movilidad-humana-de-ecuador\/#mainImage"},"primaryImageOfPage":{"@id":"https:\/\/www.eldigitaldeasturias.com\/noticias\/dastis-se-reune-con-la-ministra-de-relaciones-exteriores-y-movilidad-humana-de-ecuador\/#mainImage"},"datePublished":"2017-12-19T11:48:57+01:00","dateModified":"2017-12-19T11:48:57+01:00"},{"@type":"WebSite","@id":"https:\/\/www.eldigitaldeasturias.com\/noticias\/#website","url":"https:\/\/www.eldigitaldeasturias.com\/noticias\/","name":"El Digital de Asturias - Diario de actualidad y noticias","alternateName":"El Digital de Asturias - Diario de actualidad y noticias","description":"Hemeroteca","inLanguage":"es-ES","publisher":{"@id":"https:\/\/www.eldigitaldeasturias.com\/noticias\/#organization"}}]},"og:locale":"es_ES","og:site_name":"El Digital de Asturias","og:type":"article","og:title":"Dastis se re\u00fane con la Ministra de Relaciones Exteriores y Movilidad Humana de Ecuador - El Digital de Asturias","og:description":"El Ministro de Asuntos Exteriores y de Cooperaci\u00f3n, Alfonso Dastis, ha mantenido un encuentro con la Ministra de Relaciones Exteriores y Movilidad Humana de Ecuador, Mar\u00eda Fernanda Espinosa. La reuni\u00f3n ha tenido lugar con ocasi\u00f3n de la primera visita oficial a Espa\u00f1a del Presidente de Ecuador, Len\u00edn Moreno. Ambos Ministros han confirmado el excelente momento","og:url":"https:\/\/www.eldigitaldeasturias.com\/noticias\/dastis-se-reune-con-la-ministra-de-relaciones-exteriores-y-movilidad-humana-de-ecuador\/","article:tag":["actualidad"],"article:published_time":"2017-12-19T11:48:57+00:00","article:modified_time":"2017-12-19T11:48:57+00:00","article:publisher":"https:\/\/facebook.com\/eldigitaldeasturias","twitter:card":"summary_large_image","twitter:title":"Dastis se re\u00fane con la Ministra de Relaciones Exteriores y Movilidad Humana de Ecuador - El Digital de Asturias","twitter:description":"El Ministro de Asuntos Exteriores y de Cooperaci\u00f3n, Alfonso Dastis, ha mantenido un encuentro con la Ministra de Relaciones Exteriores y Movilidad Humana de Ecuador, Mar\u00eda Fernanda Espinosa. La reuni\u00f3n ha tenido lugar con ocasi\u00f3n de la primera visita oficial a Espa\u00f1a del Presidente de Ecuador, Len\u00edn Moreno. Ambos Ministros han confirmado el excelente momento","twitter:image":"https:\/\/www.eldigitaldeasturias.com\/noticias\/wp-content\/uploads\/2020\/12\/EDA-1.jpg","twitter:label1":"Escrito por","twitter:data1":"El Digital de Asturias","twitter:label2":"Tiempo de lectura estimado","twitter:data2":"2 minutos"},"aioseo_meta_data":{"post_id":"963836","title":null,"description":null,"keywords":null,"keyphrases":null,"primary_term":null,"canonical_url":null,"og_title":null,"og_description":null,"og_object_type":"default","og_image_type":"default","og_image_url":null,"og_image_width":null,"og_image_height":null,"og_image_custom_url":null,"og_image_custom_fields":null,"og_video":null,"og_custom_url":null,"og_article_section":null,"og_article_tags":null,"twitter_use_og":false,"twitter_card":"default","twitter_image_type":"default","twitter_image_url":null,"twitter_image_custom_url":null,"twitter_image_custom_fields":null,"twitter_title":null,"twitter_description":null,"schema":{"blockGraphs":[],"customGraphs":[],"default":{"data":{"Article":[],"Course":[],"Dataset":[],"FAQPage":[],"Movie":[],"Person":[],"Product":[],"ProductReview":[],"Car":[],"Recipe":[],"Service":[],"SoftwareApplication":[],"WebPage":[]},"graphName":"","isEnabled":true},"graphs":[],"defaultGraph":"","defaultPostTypeGraph":""},"schema_type":null,"schema_type_options":null,"pillar_content":false,"robots_default":true,"robots_noindex":false,"robots_noarchive":false,"robots_nosnippet":false,"robots_nofollow":false,"robots_noimageindex":false,"robots_noodp":false,"robots_notranslate":false,"robots_max_snippet":null,"robots_max_videopreview":null,"robots_max_imagepreview":"large","priority":null,"frequency":null,"local_seo":null,"seo_analyzer_scan_date":"2025-12-07 17:41:07","breadcrumb_settings":null,"limit_modified_date":false,"open_ai":null,"ai":null,"created":"2020-12-21 12:42:37","updated":"2025-12-07 17:41:07","focus_keyword":null,"additional_keywords":null,"truseo_locale":null},"aioseo_breadcrumb":"<div class=\"aioseo-breadcrumbs\"><span class=\"aioseo-breadcrumb\">\n\t<a href=\"https:\/\/www.eldigitaldeasturias.com\/noticias\" title=\"Home\">Home<\/a>\n<\/span><span class=\"aioseo-breadcrumb-separator\">\u2013<\/span><span class=\"aioseo-breadcrumb\">\n\t<a href=\"https:\/\/www.eldigitaldeasturias.com\/noticias\/category\/actualidad\/\" title=\"Actualidad\">Actualidad<\/a>\n<\/span><span class=\"aioseo-breadcrumb-separator\">\u2013<\/span><span class=\"aioseo-breadcrumb\">\n\t<a href=\"https:\/\/www.eldigitaldeasturias.com\/noticias\/dastis-se-reune-con-la-ministra-de-relaciones-exteriores-y-movilidad-humana-de-ecuador\/\" title=\"Dastis se re\u00fane con la Ministra de Relaciones Exteriores y Movilidad Humana de Ecuador\">Dastis se re\u00fane con la Ministra de Relaciones Exteriores y Movilidad Humana de Ecuador<\/a>\n<\/span><\/div>","aioseo_breadcrumb_json":[{"label":"Home","link":"https:\/\/www.eldigitaldeasturias.com\/noticias"},{"label":"Actualidad","link":"https:\/\/www.eldigitaldeasturias.com\/noticias\/category\/actualidad\/"},{"label":"Dastis se re\u00fane con la Ministra de Relaciones Exteriores y Movilidad Humana de Ecuador","link":"https:\/\/www.eldigitaldeasturias.com\/noticias\/dastis-se-reune-con-la-ministra-de-relaciones-exteriores-y-movilidad-humana-de-ecuador\/"}],"_links":{"self":[{"href":"https:\/\/www.eldigitaldeasturias.com\/noticias\/wp-json\/wp\/v2\/posts\/963836","targetHints":{"allow":["GET"]}}],"collection":[{"href":"https:\/\/www.eldigitaldeasturias.com\/noticias\/wp-json\/wp\/v2\/posts"}],"about":[{"href":"https:\/\/www.eldigitaldeasturias.com\/noticias\/wp-json\/wp\/v2\/types\/post"}],"author":[{"embeddable":true,"href":"https:\/\/www.eldigitaldeasturias.com\/noticias\/wp-json\/wp\/v2\/users\/1"}],"replies":[{"embeddable":true,"href":"https:\/\/www.eldigitaldeasturias.com\/noticias\/wp-json\/wp\/v2\/comments?post=963836"}],"version-history":[{"count":0,"href":"https:\/\/www.eldigitaldeasturias.com\/noticias\/wp-json\/wp\/v2\/posts\/963836\/revisions"}],"wp:attachment":[{"href":"https:\/\/www.eldigitaldeasturias.com\/noticias\/wp-json\/wp\/v2\/media?parent=963836"}],"wp:term":[{"taxonomy":"category","embeddable":true,"href":"https:\/\/www.eldigitaldeasturias.com\/noticias\/wp-json\/wp\/v2\/categories?post=963836"},{"taxonomy":"post_tag","embeddable":true,"href":"https:\/\/www.eldigitaldeasturias.com\/noticias\/wp-json\/wp\/v2\/tags?post=963836"}],"curies":[{"name":"wp","href":"https:\/\/api.w.org\/{rel}","templated":true}]}}